{"id":28456,"date":"2024-03-02T07:50:36","date_gmt":"2024-03-02T06:50:36","guid":{"rendered":"https:\/\/stuttgarti-katolikusok.de\/?p=28456"},"modified":"2024-03-02T07:50:36","modified_gmt":"2024-03-02T06:50:36","slug":"nagybojt-3-vasarnap-2","status":"publish","type":"post","link":"https:\/\/stuttgarti-katolikusok.de\/index.php\/nagybojt-3-vasarnap-2\/","title":{"rendered":"Nagyb\u00f6jt 3. vas\u00e1rnap"},"content":{"rendered":"<p><span style=\"color: #800080;\"><em>&#8211; Olvasm\u00e1ny:A t\u00edzparancsolat Isten atya sz\u00edv\u00e9nekaj\u00e1nd\u00e9ka. Mint sz\u00fcl\u0151 a gyermek\u00e9t, \u00fagy v\u00e9d benn\u00fcnket. Parancsainak tilalmaival seg\u00edt, hogy boldog legyen az \u00e9let\u00fcnk.<\/em><\/span><\/p>\n<p><span style=\"color: #800080;\"><em>&#8211; Szentlecke: Igaz, amit a k\u00f6zmond\u00e1s tart: &#8222;Isten sem tud mindenkinek a kedv\u00e9re tenni&#8221;. A zsid\u00f3k olyan Megv\u00e1lt\u00f3t v\u00e1rtak, aki hatalommal j\u00f6n el. A g\u00f6r\u00f6g\u00f6k pedig a tud\u00f3sok b\u00f6lcsess\u00e9g\u00e9t k\u00edv\u00e1nt\u00e1k t\u0151le. S ehelyett megjelent a keresztre fesz\u00edtett J\u00e9zus. Ismerj\u00fck fel keresztj\u00e9ben Isten b\u00f6lcsess\u00e9g\u00e9t \u00e9s hatalm\u00e1t!<\/em><\/span><\/p>\n<p><span style=\"color: #800080;\"><em>&#8211; Evang\u00e9lium: J\u00e9zus a jeruzs\u00e1lemi templomban kijelentette: test\u00e9nek lerombolt templom\u00e1t majd \u00fajra fel\u00e9p\u00edti. Az apostolok J\u00e9zus felt\u00e1mad\u00e1sa ut\u00e1n vissza is eml\u00e9keztek erre.<\/em><\/span><\/p>\n<p><span style=\"color: #800080;\"><strong>Kezd\u0151\u00e9nek:<\/strong><\/span><br \/>\nSzemeim mindenkor az \u00darra n\u00e9znek, mert \u0151 vonja ki l\u00e1bam a csapd\u00e1b\u00f3l. Tekints re\u00e1m \u00e9s k\u00f6ny\u00f6r\u00fclj rajtam, mert elhagyatott \u00e9s szeg\u00e9ny vagyok. (V\u00f6. Zsolt 24,15-16)<br \/>\n<span style=\"color: #800080;\"><em>Vagy<\/em><\/span><br \/>\nMid\u0151n megmutatom majd szents\u00e9gemet k\u00f6ztetek, \u00f6sszegy\u0171jtelek benneteket az eg\u00e9sz f\u00f6ldr\u0151l; tiszta vizet hintek r\u00e1tok, \u00e9s megtiszt\u00edtalak minden szennyt\u0151l: \u00faj lelket adok nektek &#8211; mondja az \u00dar. (V\u00f6. Ez 36,23-26)<\/p>\n<p><span style=\"color: #800080;\"><strong>K\u00f6ny\u00f6rg\u00e9s:<\/strong><\/span><br \/>\nIsten\u00fcnk, minden irgalom \u00e9s j\u00f3s\u00e1g forr\u00e1sa, te a b\u00f6jt, az im\u00e1ds\u00e1g \u00e9s az irgalmas szeretet gyakorl\u00e1sa \u00e1ltal gy\u00f3gyul\u00e1st adsz b\u0171neinkre. N\u00e9zd j\u00f3s\u00e1gosan \u0151szinte b\u0171nb\u00e1natunkat, \u00e9s amikor v\u00e9tkeinket beismerve meghajlunk el\u0151tted, emelj f\u00f6l minket sz\u00fcntelen irgalmaddal. A mi Urunk, J\u00e9zus Krisztus, a te Fiad \u00e1ltal, aki veled \u00e9l \u00e9s uralkodik a Szentl\u00e9lekkel egys\u00e9gben, Isten mind\u00f6r\u00f6kk\u00f6n \u00f6r\u00f6kk\u00e9.<\/p>\n<p><span style=\"color: #800080;\"><strong>OLVASM\u00c1NY M\u00f3zes m\u00e1sodik k\u00f6nyv\u00e9b\u0151l (Kiv 20,1-17)<\/strong><\/span><br \/>\n<em>Isten a S\u00ednai-hegyen kihirdeti a t\u00edzparancsolatot.<\/em><br \/>\nIsten a S\u00ednai-hegyn\u00e9l t\u00e1boroz\u00f3 n\u00e9pnek ezeket a parancsolatokat hirdette ki:<br \/>\n\u201e\u00c9n vagyok az \u00dar, a te Istened, \u00e9n hoztalak ki Egyiptom f\u00f6ldj\u00e9r\u0151l, a szolgas\u00e1g h\u00e1z\u00e1b\u00f3l.<br \/>\nNe legyen m\u00e1s Istened rajtam k\u00edv\u00fcl!<br \/>\nNe k\u00e9sz\u00edts magadnak faragott k\u00e9pet vagy hasonm\u00e1st arr\u00f3l, ami fent van az \u00e9gben, vagy lent van a f\u00f6ld\u00f6n, vagy a vizekben a f\u00f6ld alatt!<br \/>\nNe borulj le ilyen k\u00e9pek el\u0151tt \u00e9s ne tiszteld \u0151ket, mert \u00e9n, az \u00dar, a te Istened f\u00e9lt\u00e9keny Isten vagyok! Azoknak v\u00e9tk\u00e9t, akik gy\u0171l\u00f6lnek engem, megtorlom fiaikon, a harmadik \u00e9s a negyedik nemzed\u00e9ken. De ezred\u00edzig irgalmass\u00e1got gyakorlok azokkal, akik szeretnek engem \u00e9s megtartj\u00e1k parancsaimat.<br \/>\nUradnak, Istenednek nev\u00e9t ne vedd hi\u00e1ba, mert az \u00dar nem hagyja b\u00fcntetlen\u00fcl azt, aki az \u0151 nev\u00e9t hi\u00e1ba veszi!<br \/>\nEml\u00e9kezz\u00e9l meg a szombatr\u00f3l \u00e9s szenteld meg! Hat napig dolgozz\u00e1l \u00e9s v\u00e9gezd minden munk\u00e1dat. A hetedik nap azonban a nyugalom napja az \u00darnak, a te Istenednek. Ez\u00e9rt semmif\u00e9le munk\u00e1t nem szabad v\u00e9gezned ezen a napon, sem neked, sem fiadnak, sem l\u00e1nyodnak, sem szolg\u00e1dnak, sem szolg\u00e1l\u00f3l\u00e1nyodnak, sem \u00e1llatodnak, sem a kapuidon bel\u00fcl tart\u00f3zkod\u00f3 idegennek. Az \u00dar ugyanis hat nap alatt teremtette az eget \u00e9s a f\u00f6ldet, a tengert \u00e9s mindent, ami benn\u00fck van; a hetedik napot pedig meg\u00e1ldotta \u00e9s megszentelte.<br \/>\nTiszteld aty\u00e1dat \u00e9s any\u00e1dat, hogy sok\u00e1ig \u00e9lj azon a f\u00f6ld\u00f6n, amelyet az \u00dar, a te Istened ad neked!<br \/>\nNe \u00f6lj!<br \/>\nNe t\u00f6rj h\u00e1zass\u00e1got!<br \/>\nNe lopj!<br \/>\nNe t\u00e9gy hamis tan\u00fas\u00e1got felebar\u00e1tod ellen!<br \/>\nNe k\u00edv\u00e1nd el felebar\u00e1tod h\u00e1z\u00e1t, ne k\u00edv\u00e1nd el felebar\u00e1tod feles\u00e9g\u00e9t, sem szolg\u00e1j\u00e1t, sem szolg\u00e1l\u00f3l\u00e1ny\u00e1t, sem szarvasmarh\u00e1j\u00e1t, sem szamar\u00e1t, sem m\u00e1s egyebet, ami az \u00f6v\u00e9!\u201d<br \/>\nEz az Isten ig\u00e9je.<\/p>\n<p><span style=\"color: #800080;\"><em>vagy r\u00f6videbben:<\/em><\/span><\/p>\n<p><span style=\"color: #800080;\"><strong>OLVASM\u00c1NY M\u00f3zes m\u00e1sodik k\u00f6nyv\u00e9b\u0151l (Kiv 20,1-3.7-8.12-17)<\/strong><\/span><br \/>\n<em>Isten a S\u00ednai-hegyen kihirdeti a t\u00edzparancsolatot.<\/em><br \/>\nIsten a S\u00ednai-hegyn\u00e9l t\u00e1boroz\u00f3 n\u00e9pnek ezeket a parancsolatokat hirdette ki:<br \/>\n&#8222;\u00c9n vagyok az \u00dar, a te Istened, \u00e9n hoztalak ki Egyiptom f\u00f6ldj\u00e9r\u00f4l, a szolgas\u00e1g h\u00e1z\u00e1b\u00f3l.<br \/>\nNe legyen m\u00e1s Istened rajtam k\u00edv\u00fcl!<br \/>\nUradnak, Istenednek nev\u00e9t ne vedd hi\u00e1ba, mert az \u00dar nem hagyja b\u00fcntetlen\u00fcl azt, aki az \u00f4 nev\u00e9t hi\u00e1ba veszi!<br \/>\nEml\u00e9kezz\u00e9l meg a szombatr\u00f3l \u00e9s szenteld meg!<br \/>\nTiszteld aty\u00e1dat \u00e9s any\u00e1dat, hogy sok\u00e1ig \u00e9lj azon a f\u00f6ld\u00f6n, amelyet az \u00dar, a te Istened ad neked!<br \/>\nNe \u00f6lj!<br \/>\nNe t\u00f6rj h\u00e1zass\u00e1got!<br \/>\nNe lopj!<br \/>\nNe t\u00e9gy hamis tan\u00fas\u00e1got felebar\u00e1tod ellen!<br \/>\nNe k\u00edv\u00e1nd el felebar\u00e1tod h\u00e1z\u00e1t, ne k\u00edv\u00e1nd el felebar\u00e1tod feles\u00e9g\u00e9t, sem szolg\u00e1j\u00e1t, sem szolg\u00e1l\u00f3l\u00e1ny\u00e1t, sem szarvasmarh\u00e1j\u00e1t, sem szamar\u00e1t, sem m\u00e1s egyebet, ami az \u00f6v\u00e9!&#8221;<br \/>\nEz az Isten ig\u00e9je.<\/p>\n<p><span style=\"color: #800080;\"><strong>V\u00c1LASZOS ZSOLT\u00c1R (Zsolt 18,8.9.10.11)<\/strong><\/span><br \/>\nV\u00e1lasz:\u00a0<strong>Uram,\u00a0<u>Is<\/u>tenem, * \u00f6r\u00f6k \u00e9letet ad\u00f3 ig\u00e9<u>id<\/u>\u00a0vannak.<\/strong>\u00a0(2. t\u00f3nus.)<br \/>\nEl\u0151\u00e9nekes: T\u00f6k\u00e9letes az \u00dar\u00a0<u>t\u00f6r<\/u>v\u00e9nye, * meg\u00faj\u00edtja\u00a0<u>a<\/u>\u00a0lelket.<br \/>\nAz \u00dar tan\u00fas\u00e1g\u00e1ban\u00a0<u>b\u00edz<\/u>hatunk, * b\u00f6lcsess\u00e9get ad a ki<u>csi<\/u>nyeknek.<br \/>\nH\u00edvek:\u00a0<strong>Uram,\u00a0<u>Is<\/u>tenem, * \u00f6r\u00f6k \u00e9letet ad\u00f3 ig\u00e9<u>id<\/u>\u00a0vannak.<\/strong><br \/>\nE: Az \u00dar v\u00e9gz\u00e9se\u00a0<u>i<\/u>gaz, * megvid\u00e1m\u00edtja\u00a0<u>a<\/u>\u00a0sz\u00edvet.<br \/>\nAz \u00dar parancsa\u00a0<u>vi<\/u>l\u00e1gos, * f\u00e9nyt gy\u00fajt\u00a0<u>a<\/u>\u00a0szemnek.<br \/>\nH:\u00a0<strong>Uram,\u00a0<u>Is<\/u>tenem, * \u00f6r\u00f6k \u00e9letet ad\u00f3 ig\u00e9<u>id<\/u>\u00a0vannak.<\/strong><br \/>\nE: Az \u00dar f\u00e9lelme\u00a0<u>tisz<\/u>ta: * \u00f6r\u00f6k<u>k\u00e9<\/u>\u00a0megmarad.<br \/>\nAz \u00dar \u00edt\u00e9letei\u00a0<u>i<\/u>gazak, * \u00e9s mind egyar\u00e1nt jogosak.<br \/>\nH:\u00a0<strong>Uram,\u00a0<u>Is<\/u>tenem, * \u00f6r\u00f6k \u00e9letet ad\u00f3 ig\u00e9<u>id<\/u>\u00a0vannak.<\/strong><br \/>\nE: \u00c9rt\u00e9kesebb az\u00a0<u>a<\/u>ranyn\u00e1l, * \u00e9s a legdr\u00e1g\u00e1bb dr\u00e1<u>ga<\/u>k\u0151n\u00e9l.<br \/>\n\u00c9desebb a\u00a0<u>m\u00e9z<\/u>n\u00e9l, * a csordul\u00f3 l\u00e9<u>pes<\/u>\u00a0m\u00e9zn\u00e9l.<br \/>\nH:\u00a0<strong>Uram,\u00a0<u>Is<\/u>tenem, * \u00f6r\u00f6k \u00e9letet ad\u00f3 ig\u00e9<u>id<\/u>\u00a0vannak.<\/strong><\/p>\n<p><span style=\"color: #800080;\"><strong>SZENTLECKE Szent P\u00e1l apostolnak a korintusiakhoz \u00edrt els\u0151 level\u00e9b\u0151l (1Kor 1,22-25)<\/strong><\/span><br \/>\nTestv\u00e9reim! A zsid\u00f3k csodajeleket k\u00edv\u00e1nnak, a g\u00f6r\u00f6g\u00f6k b\u00f6lcsess\u00e9get k\u00f6vetelnek, mi azonban a megfesz\u00edtett Krisztust hirdetj\u00fck. \u0150 a zsid\u00f3knak ugyan botr\u00e1ny, a pog\u00e1nyoknak meg oktalans\u00e1g, a megh\u00edvottaknak azonban, ak\u00e1r zsid\u00f3k, ak\u00e1r g\u00f6r\u00f6g\u00f6k: Krisztus Isten ereje \u00e9s Isten b\u00f6lcsess\u00e9ge. Hiszen Istennek az \u201eoktalans\u00e1ga\u201d b\u00f6lcsebb az emberekn\u00e9l, \u00e9s Istennek a \u201egy\u00f6nges\u00e9ge\u201d er\u0151sebb az emberekn\u00e9l.<br \/>\nEz az Isten ig\u00e9je.<\/p>\n<p><strong><span style=\"color: #800080;\">EVANG\u00c9LIUM EL\u0150TTI VERS<\/span><\/strong><br \/>\nIsten \u00fagy szerette a vil\u00e1got, hogy egysz\u00fcl\u00f6tt Fi\u00e1t\u00a0<u>ad<\/u>ta \u00e9rte, * hogy \u00f6r\u00f6kk\u00e9 \u00e9ljen minden \u0151<u>ben<\/u>ne h\u00edv\u0151. (Jn 3,16 \u2013 1 D<sup><small>2<\/small><\/sup>\u00a0t\u00f3nus.)<\/p>\n<p><span style=\"color: #800080;\"><strong>\u2020 EVANG\u00c9LIUM Szent J\u00e1nos k\u00f6nyv\u00e9b\u0151l (Jn 2,13-25)<\/strong><\/span><br \/>\nAbban az id\u0151ben mivel k\u00f6zel volt a zsid\u00f3k h\u00fasv\u00e9tja, J\u00e9zus f\u00f6lment Jeruzs\u00e1lembe. A templomban \u00e1rusokat tal\u00e1lt, akik \u00f6kr\u00f6t, juhot \u00e9s galambot \u00e1rultak, valamint p\u00e9nzv\u00e1lt\u00f3kat, akik ott \u00fcltek. Ekkor k\u00f6telekb\u0151l ostort font, \u00e9s kikergette mindny\u00e1jukat a templomb\u00f3l, ugyan\u00edgy a juhokat \u00e9s az \u00f6kr\u00f6ket is, a p\u00e9nzv\u00e1lt\u00f3k p\u00e9nz\u00e9t pedig sz\u00e9tsz\u00f3rta. Az asztalokat felforgatta, a galamb\u00e1rusoknak meg azt mondta: \u201eVigy\u00e9tek inn\u00e9t ezeket, ne tegy\u00e9tek Aty\u00e1m h\u00e1z\u00e1t v\u00e1s\u00e1rcsarnokk\u00e1!\u201d Tan\u00edtv\u00e1nyainak esz\u00e9be jutott, hogy \u00edrva van: \u201eEm\u00e9szt a h\u00e1zad\u00e9rt val\u00f3 buzg\u00f3s\u00e1g.\u201d<br \/>\nA zsid\u00f3k erre \u00edgy sz\u00f3ltak: \u201eMif\u00e9le csodajelet mutatsz, hogy ezeket teszed?\u201d<br \/>\nJ\u00e9zus azt v\u00e1laszolta: \u201eRombolj\u00e1tok le ezt a templomot, \u00e9s \u00e9n h\u00e1rom nap alatt f\u00f6l\u00e9p\u00edtem!\u201d<br \/>\nA zsid\u00f3k azt felelt\u00e9k: \u201eNegyvenhat esztendeig \u00e9p\u00fclt ez a templom, \u00e9s te h\u00e1rom nap alatt f\u00f6l\u00e9p\u00edted azt?\u201d<br \/>\n\u0150 azonban test\u00e9nek templom\u00e1r\u00f3l besz\u00e9lt. Amikor f\u00f6lt\u00e1madt a hal\u00e1lb\u00f3l, tan\u00edtv\u00e1nyainak esz\u00e9be jutott, hogy ezt mondta, s hittek az \u00cdr\u00e1snak \u00e9s J\u00e9zus szavainak.<br \/>\n\u00c9s am\u00edg (J\u00e9zus) a h\u00fasv\u00e9t \u00fcnnep\u00e9n Jeruzs\u00e1lemben volt, sokan hittek az \u0151 nev\u00e9ben, mert l\u00e1tt\u00e1k csod\u00e1it, amelyeket tett. J\u00e9zus azonban nem b\u00edzott benn\u00fck, mert ismerte mindny\u00e1jukat, \u00e9s nem szorult r\u00e1, hogy b\u00e1rki is tan\u00faskodj\u00e9k el\u0151tte az emberr\u0151l. Tudta \u0151, hogy mi lakik az emberben.<br \/>\nEzek az evang\u00e9lium ig\u00e9i.<\/p>\n<p><span style=\"color: #800080;\"><strong>EGYETEMES K\u00d6NY\u00d6RG\u00c9SEK<\/strong><\/span><br \/>\nPap: K\u00e9rj\u00fck, testv\u00e9reim, mennyei Aty\u00e1nk kegyelm\u00e9t parancsainak h\u0171s\u00e9ges megtart\u00e1s\u00e1hoz!<br \/>\nLektor:<br \/>\n1. Urunk, ismerje fel az eg\u00e9sz vil\u00e1g, hogy parancsaid szeretetb\u0151l fakadnak, \u00e9s \u00fcdv\u00f6ss\u00e9gre vezetnek!<br \/>\nH\u00edvek: K\u00e9r\u00fcnk T\u00e9ged, hallgass meg minket!<br \/>\n2. Szentaty\u00e1nk, Ferenc p\u00e1pa \u00e9s p\u00fcsp\u00f6keink t\u00f6rv\u00e9nyeid \u00fatj\u00e1n vezess\u00e9k a gondjaikra b\u00edzottakat!<br \/>\nH\u00edvek: K\u00e9r\u00fcnk T\u00e9ged, hallgass meg minket!<br \/>\n3. A n\u00e9pek vezet\u0151i szent akaratod szerint b\u00e9k\u00e9ben \u00e9s egyet\u00e9rt\u00e9sben korm\u00e1nyozz\u00e1k a nemzeteket!<br \/>\nH\u00edvek: K\u00e9r\u00fcnk T\u00e9ged, hallgass meg minket!<br \/>\n4. Olt\u00e1rodn\u00e1l egybegy\u0171lt h\u00edveidet er\u0151s\u00edtsd meg a hitben \u00e9s az \u00e1ldozatos szeretet gyakorl\u00e1s\u00e1ban!<br \/>\nH\u00edvek: K\u00e9r\u00fcnk T\u00e9ged, hallgass meg minket!<br \/>\n5. Add, hogy parancsaid \u00fatj\u00e1n j\u00e1rva minden k\u00eds\u00e9rt\u00e9snek ellen\u00e1lljunk!<br \/>\nH\u00edvek: K\u00e9r\u00fcnk T\u00e9ged, hallgass meg minket!<br \/>\nPap: Urunk \u00e9s Isten\u00fcnk! Add, hogy parancsaid teljes\u00edt\u00e9s\u00e9vel j\u00e1rjuk az \u00fcdv\u00f6ss\u00e9g \u00fatj\u00e1t, \u00e9s eljussunk az \u00f6r\u00f6k boldogs\u00e1gra! Krisztus, a mi Urunk \u00e1ltal.<br \/>\nH\u00edvek: \u00c1men.<\/p>\n<p><span style=\"color: #800080;\"><strong>Felaj\u00e1nl\u00f3 k\u00f6ny\u00f6rg\u00e9s:<\/strong><\/span><br \/>\nUrunk, Isten\u00fcnk, engeszteljen meg ez az \u00e1ldozat. Hallgasd meg im\u00e1ds\u00e1gunkat, amikor b\u0171neink\u00e9rt bocs\u00e1natodat k\u00e9rj\u00fck, \u00e9s add, hogy mi is sz\u00edvb\u0151l megbocs\u00e1ssunk embert\u00e1rsainknak. Krisztus, a mi Urunk \u00e1ltal.<\/p>\n<p><span style=\"color: #800080;\"><strong>\u00c1ldoz\u00e1si \u00e9nek:<\/strong><\/span><br \/>\nA ver\u00e9b is otthont tal\u00e1l mag\u00e1nak, \u00e9s f\u00e9szket a gerle, ahov\u00e1 fiait helyezze: a te olt\u00e1rodn\u00e1l, seregek Ura, \u00e9n Kir\u00e1lyom \u00e9s Istenem! Boldogok, akik h\u00e1zadban laknak, \u00e9s t\u00e9ged \u00f6r\u00f6kk\u00e9 magasztalnak. (V\u00f6. Zsolt 83,4-5)<\/p>\n<p><span style=\"color: #800080;\"><strong>\u00c1ldoz\u00e1s ut\u00e1ni k\u00f6ny\u00f6rg\u00e9s:<\/strong><\/span><br \/>\nUrunk, Isten\u00fcnk, \u00fcdv\u00f6ss\u00e9g\u00fcnk z\u00e1log\u00e1t vett\u00fck magunkhoz, amikor itt a f\u00f6ld\u00f6n mennyei keny\u00e9rrel t\u00e1pl\u00e1lt\u00e1l minket. Al\u00e1zattal k\u00e9r\u00fcnk: mutatkozz\u00e9k meg tetteinkben is, hogy e szents\u00e9gben veled tal\u00e1lkoztunk. Krisztus, a mi Urunk \u00e1ltal.<\/p>\n<p><span style=\"color: #800080;\"><strong>K\u00f6ny\u00f6rg\u00e9s a n\u00e9p\u00e9rt:<\/strong><\/span><br \/>\nIsten\u00fcnk, vez\u00e9reld h\u00edveid sz\u00edv\u00e9t, \u00e9s add meg szolg\u00e1idnak azt a kegyelmet, hogy a szeretet kett\u0151s parancs\u00e1t megtartva mindenben teljes\u00edts\u00e9k t\u00f6rv\u00e9nyedet. Krisztus, a mi Urunk \u00e1ltal.<\/p>\n<p><em>(K\u00e9p forr\u00e1sa: Pixabay)<\/em><\/p>\n","protected":false},"excerpt":{"rendered":"<p>&#8211; Olvasm\u00e1ny:A t\u00edzparancsolat Isten atya sz\u00edv\u00e9nekaj\u00e1nd\u00e9ka. Mint sz\u00fcl\u0151 a gyermek\u00e9t, \u00fagy v\u00e9d benn\u00fcnket. Parancsainak tilalmaival seg\u00edt, hogy boldog legyen az \u00e9let\u00fcnk. &#8211; Szentlecke: Igaz, amit a k\u00f6zmond\u00e1s tart: &#8222;Isten sem tud mindenkinek a kedv\u00e9re tenni&#8221;. A zsid\u00f3k olyan Megv\u00e1lt\u00f3t v\u00e1rtak, aki hatalommal j\u00f6n el. A g\u00f6r\u00f6g\u00f6k pedig a tud\u00f3sok b\u00f6lcsess\u00e9g\u00e9t k\u00edv\u00e1nt\u00e1k t\u0151le. S ehelyett megjelent a keresztre fesz\u00edtett J\u00e9zus. Ismerj\u00fck fel keresztj\u00e9ben Isten b\u00f6lcsess\u00e9g\u00e9t \u00e9s hatalm\u00e1t! &#8211; Evang\u00e9lium: J\u00e9zus a jeruzs\u00e1lemi templomban kijelentette: test\u00e9nek lerombolt templom\u00e1t majd \u00fajra fel\u00e9p\u00edti. Az apostolok J\u00e9zus felt\u00e1mad\u00e1sa ut\u00e1n vissza is eml\u00e9keztek erre. Kezd\u0151\u00e9nek: Szemeim mindenkor az \u00darra n\u00e9znek, mert \u0151 vonja ki l\u00e1bam a csapd\u00e1b\u00f3l. Tekints re\u00e1m \u00e9s k\u00f6ny\u00f6r\u00fclj rajtam, mert elhagyatott \u00e9s szeg\u00e9ny vagyok. (V\u00f6. Zsolt 24,15-16) Vagy Mid\u0151n megmutatom majd szents\u00e9gemet k\u00f6ztetek, \u00f6sszegy\u0171jtelek benneteket az eg\u00e9sz f\u00f6ldr\u0151l; tiszta vizet hintek r\u00e1tok, \u00e9s megtiszt\u00edtalak minden szennyt\u0151l: \u00faj lelket adok nektek &#8211; mondja az \u00dar. (V\u00f6. Ez 36,23-26) K\u00f6ny\u00f6rg\u00e9s: Isten\u00fcnk, minden irgalom \u00e9s j\u00f3s\u00e1g forr\u00e1sa, te a b\u00f6jt, az im\u00e1ds\u00e1g \u00e9s az irgalmas szeretet gyakorl\u00e1sa \u00e1ltal gy\u00f3gyul\u00e1st adsz b\u0171neinkre. N\u00e9zd j\u00f3s\u00e1gosan \u0151szinte b\u0171nb\u00e1natunkat, \u00e9s amikor v\u00e9tkeinket beismerve meghajlunk el\u0151tted, emelj f\u00f6l minket sz\u00fcntelen irgalmaddal. A mi Urunk, J\u00e9zus Krisztus, a te Fiad \u00e1ltal, aki veled \u00e9l \u00e9s uralkodik a Szentl\u00e9lekkel egys\u00e9gben, Isten mind\u00f6r\u00f6kk\u00f6n \u00f6r\u00f6kk\u00e9. OLVASM\u00c1NY M\u00f3zes m\u00e1sodik k\u00f6nyv\u00e9b\u0151l (Kiv 20,1-17) Isten a S\u00ednai-hegyen kihirdeti a t\u00edzparancsolatot. Isten a S\u00ednai-hegyn\u00e9l t\u00e1boroz\u00f3 n\u00e9pnek ezeket a parancsolatokat hirdette ki: \u201e\u00c9n vagyok az \u00dar, a te Istened, \u00e9n hoztalak ki Egyiptom f\u00f6ldj\u00e9r\u0151l, a szolgas\u00e1g h\u00e1z\u00e1b\u00f3l. Ne legyen m\u00e1s Istened rajtam k\u00edv\u00fcl! Ne k\u00e9sz\u00edts magadnak faragott k\u00e9pet vagy hasonm\u00e1st arr\u00f3l, ami fent van az \u00e9gben, vagy lent van a f\u00f6ld\u00f6n, vagy a vizekben a f\u00f6ld alatt! Ne borulj le ilyen k\u00e9pek el\u0151tt \u00e9s ne tiszteld \u0151ket, mert \u00e9n, az \u00dar, a te Istened f\u00e9lt\u00e9keny Isten vagyok! Azoknak v\u00e9tk\u00e9t, akik gy\u0171l\u00f6lnek engem, megtorlom fiaikon, a harmadik \u00e9s a negyedik nemzed\u00e9ken&#8230;. <\/p>\n<p><a class=\"readmore\" href=\"https:\/\/stuttgarti-katolikusok.de\/index.php\/nagybojt-3-vasarnap-2\/\">R\u00e9szletek<\/a><\/p>\n","protected":false},"author":3,"featured_media":21305,"comment_status":"closed","ping_status":"closed","sticky":false,"template":"","format":"standard","meta":{"footnotes":""},"categories":[85,63],"tags":[],"class_list":["post-28456","post","type-post","status-publish","format-standard","has-post-thumbnail","hentry","category-a-liturgia-olvasmanyai","category-vasarnapi-gondolatok"],"yoast_head":"<!-- This site is optimized with the Yoast SEO plugin v27.3 - https:\/\/yoast.com\/product\/yoast-seo-wordpress\/ -->\n<title>Nagyb\u00f6jt 3. vas\u00e1rnap - Stuttgarti Katolikusok<\/title>\n<meta name=\"robots\" content=\"index, follow, max-snippet:-1, max-image-preview:large, max-video-preview:-1\" \/>\n<link rel=\"canonical\" href=\"https:\/\/stuttgarti-katolikusok.de\/index.php\/nagybojt-3-vasarnap-2\/\" \/>\n<meta property=\"og:locale\" content=\"hu_HU\" \/>\n<meta property=\"og:type\" content=\"article\" \/>\n<meta property=\"og:title\" content=\"Nagyb\u00f6jt 3. vas\u00e1rnap - Stuttgarti Katolikusok\" \/>\n<meta property=\"og:description\" content=\"&#8211; Olvasm\u00e1ny:A t\u00edzparancsolat Isten atya sz\u00edv\u00e9nekaj\u00e1nd\u00e9ka. Mint sz\u00fcl\u0151 a gyermek\u00e9t, \u00fagy v\u00e9d benn\u00fcnket. Parancsainak tilalmaival seg\u00edt, hogy boldog legyen az \u00e9let\u00fcnk. &#8211; Szentlecke: Igaz, amit a k\u00f6zmond\u00e1s tart: &#8222;Isten sem tud mindenkinek a kedv\u00e9re tenni&#8221;. A zsid\u00f3k olyan Megv\u00e1lt\u00f3t v\u00e1rtak, aki hatalommal j\u00f6n el. A g\u00f6r\u00f6g\u00f6k pedig a tud\u00f3sok b\u00f6lcsess\u00e9g\u00e9t k\u00edv\u00e1nt\u00e1k t\u0151le. S ehelyett megjelent a keresztre fesz\u00edtett J\u00e9zus. Ismerj\u00fck fel keresztj\u00e9ben Isten b\u00f6lcsess\u00e9g\u00e9t \u00e9s hatalm\u00e1t! &#8211; Evang\u00e9lium: J\u00e9zus a jeruzs\u00e1lemi templomban kijelentette: test\u00e9nek lerombolt templom\u00e1t majd \u00fajra fel\u00e9p\u00edti. Az apostolok J\u00e9zus felt\u00e1mad\u00e1sa ut\u00e1n vissza is eml\u00e9keztek erre. Kezd\u0151\u00e9nek: Szemeim mindenkor az \u00darra n\u00e9znek, mert \u0151 vonja ki l\u00e1bam a csapd\u00e1b\u00f3l. Tekints re\u00e1m \u00e9s k\u00f6ny\u00f6r\u00fclj rajtam, mert elhagyatott \u00e9s szeg\u00e9ny vagyok. (V\u00f6. Zsolt 24,15-16) Vagy Mid\u0151n megmutatom majd szents\u00e9gemet k\u00f6ztetek, \u00f6sszegy\u0171jtelek benneteket az eg\u00e9sz f\u00f6ldr\u0151l; tiszta vizet hintek r\u00e1tok, \u00e9s megtiszt\u00edtalak minden szennyt\u0151l: \u00faj lelket adok nektek &#8211; mondja az \u00dar. (V\u00f6. Ez 36,23-26) K\u00f6ny\u00f6rg\u00e9s: Isten\u00fcnk, minden irgalom \u00e9s j\u00f3s\u00e1g forr\u00e1sa, te a b\u00f6jt, az im\u00e1ds\u00e1g \u00e9s az irgalmas szeretet gyakorl\u00e1sa \u00e1ltal gy\u00f3gyul\u00e1st adsz b\u0171neinkre. N\u00e9zd j\u00f3s\u00e1gosan \u0151szinte b\u0171nb\u00e1natunkat, \u00e9s amikor v\u00e9tkeinket beismerve meghajlunk el\u0151tted, emelj f\u00f6l minket sz\u00fcntelen irgalmaddal. A mi Urunk, J\u00e9zus Krisztus, a te Fiad \u00e1ltal, aki veled \u00e9l \u00e9s uralkodik a Szentl\u00e9lekkel egys\u00e9gben, Isten mind\u00f6r\u00f6kk\u00f6n \u00f6r\u00f6kk\u00e9. OLVASM\u00c1NY M\u00f3zes m\u00e1sodik k\u00f6nyv\u00e9b\u0151l (Kiv 20,1-17) Isten a S\u00ednai-hegyen kihirdeti a t\u00edzparancsolatot. Isten a S\u00ednai-hegyn\u00e9l t\u00e1boroz\u00f3 n\u00e9pnek ezeket a parancsolatokat hirdette ki: \u201e\u00c9n vagyok az \u00dar, a te Istened, \u00e9n hoztalak ki Egyiptom f\u00f6ldj\u00e9r\u0151l, a szolgas\u00e1g h\u00e1z\u00e1b\u00f3l. Ne legyen m\u00e1s Istened rajtam k\u00edv\u00fcl! Ne k\u00e9sz\u00edts magadnak faragott k\u00e9pet vagy hasonm\u00e1st arr\u00f3l, ami fent van az \u00e9gben, vagy lent van a f\u00f6ld\u00f6n, vagy a vizekben a f\u00f6ld alatt! Ne borulj le ilyen k\u00e9pek el\u0151tt \u00e9s ne tiszteld \u0151ket, mert \u00e9n, az \u00dar, a te Istened f\u00e9lt\u00e9keny Isten vagyok! Azoknak v\u00e9tk\u00e9t, akik gy\u0171l\u00f6lnek engem, megtorlom fiaikon, a harmadik \u00e9s a negyedik nemzed\u00e9ken.... R\u00e9szletek\" \/>\n<meta property=\"og:url\" content=\"https:\/\/stuttgarti-katolikusok.de\/index.php\/nagybojt-3-vasarnap-2\/\" \/>\n<meta property=\"og:site_name\" content=\"Stuttgarti Katolikusok\" \/>\n<meta property=\"article:published_time\" content=\"2024-03-02T06:50:36+00:00\" \/>\n<meta property=\"og:image\" content=\"https:\/\/stuttgarti-katolikusok.de\/wp-content\/uploads\/2021\/03\/mozes.jpg\" \/>\n\t<meta property=\"og:image:width\" content=\"1280\" \/>\n\t<meta property=\"og:image:height\" content=\"853\" \/>\n\t<meta property=\"og:image:type\" content=\"image\/jpeg\" \/>\n<meta name=\"author\" content=\"Tibor atya\" \/>\n<meta name=\"twitter:card\" content=\"summary_large_image\" \/>\n<meta name=\"twitter:label1\" content=\"Szerz\u0151:\" \/>\n\t<meta name=\"twitter:data1\" content=\"Tibor atya\" \/>\n\t<meta name=\"twitter:label2\" content=\"Becs\u00fclt olvas\u00e1si id\u0151\" \/>\n\t<meta name=\"twitter:data2\" content=\"8 perc\" \/>\n<script type=\"application\/ld+json\" class=\"yoast-schema-graph\">{\"@context\":\"https:\\\/\\\/schema.org\",\"@graph\":[{\"@type\":\"Article\",\"@id\":\"https:\\\/\\\/stuttgarti-katolikusok.de\\\/index.php\\\/nagybojt-3-vasarnap-2\\\/#article\",\"isPartOf\":{\"@id\":\"https:\\\/\\\/stuttgarti-katolikusok.de\\\/index.php\\\/nagybojt-3-vasarnap-2\\\/\"},\"author\":{\"name\":\"Tibor atya\",\"@id\":\"https:\\\/\\\/stuttgarti-katolikusok.de\\\/#\\\/schema\\\/person\\\/75908d6f8fdc03a57889d27209df7795\"},\"headline\":\"Nagyb\u00f6jt 3. vas\u00e1rnap\",\"datePublished\":\"2024-03-02T06:50:36+00:00\",\"mainEntityOfPage\":{\"@id\":\"https:\\\/\\\/stuttgarti-katolikusok.de\\\/index.php\\\/nagybojt-3-vasarnap-2\\\/\"},\"wordCount\":1847,\"image\":{\"@id\":\"https:\\\/\\\/stuttgarti-katolikusok.de\\\/index.php\\\/nagybojt-3-vasarnap-2\\\/#primaryimage\"},\"thumbnailUrl\":\"https:\\\/\\\/stuttgarti-katolikusok.de\\\/wp-content\\\/uploads\\\/2021\\\/03\\\/mozes.jpg\",\"articleSection\":[\"A liturgia olvasm\u00e1nyai\",\"Vas\u00e1rnapi gondolatok\"],\"inLanguage\":\"hu\"},{\"@type\":\"WebPage\",\"@id\":\"https:\\\/\\\/stuttgarti-katolikusok.de\\\/index.php\\\/nagybojt-3-vasarnap-2\\\/\",\"url\":\"https:\\\/\\\/stuttgarti-katolikusok.de\\\/index.php\\\/nagybojt-3-vasarnap-2\\\/\",\"name\":\"Nagyb\u00f6jt 3. vas\u00e1rnap - Stuttgarti Katolikusok\",\"isPartOf\":{\"@id\":\"https:\\\/\\\/stuttgarti-katolikusok.de\\\/#website\"},\"primaryImageOfPage\":{\"@id\":\"https:\\\/\\\/stuttgarti-katolikusok.de\\\/index.php\\\/nagybojt-3-vasarnap-2\\\/#primaryimage\"},\"image\":{\"@id\":\"https:\\\/\\\/stuttgarti-katolikusok.de\\\/index.php\\\/nagybojt-3-vasarnap-2\\\/#primaryimage\"},\"thumbnailUrl\":\"https:\\\/\\\/stuttgarti-katolikusok.de\\\/wp-content\\\/uploads\\\/2021\\\/03\\\/mozes.jpg\",\"datePublished\":\"2024-03-02T06:50:36+00:00\",\"author\":{\"@id\":\"https:\\\/\\\/stuttgarti-katolikusok.de\\\/#\\\/schema\\\/person\\\/75908d6f8fdc03a57889d27209df7795\"},\"breadcrumb\":{\"@id\":\"https:\\\/\\\/stuttgarti-katolikusok.de\\\/index.php\\\/nagybojt-3-vasarnap-2\\\/#breadcrumb\"},\"inLanguage\":\"hu\",\"potentialAction\":[{\"@type\":\"ReadAction\",\"target\":[\"https:\\\/\\\/stuttgarti-katolikusok.de\\\/index.php\\\/nagybojt-3-vasarnap-2\\\/\"]}]},{\"@type\":\"ImageObject\",\"inLanguage\":\"hu\",\"@id\":\"https:\\\/\\\/stuttgarti-katolikusok.de\\\/index.php\\\/nagybojt-3-vasarnap-2\\\/#primaryimage\",\"url\":\"https:\\\/\\\/stuttgarti-katolikusok.de\\\/wp-content\\\/uploads\\\/2021\\\/03\\\/mozes.jpg\",\"contentUrl\":\"https:\\\/\\\/stuttgarti-katolikusok.de\\\/wp-content\\\/uploads\\\/2021\\\/03\\\/mozes.jpg\",\"width\":1280,\"height\":853},{\"@type\":\"BreadcrumbList\",\"@id\":\"https:\\\/\\\/stuttgarti-katolikusok.de\\\/index.php\\\/nagybojt-3-vasarnap-2\\\/#breadcrumb\",\"itemListElement\":[{\"@type\":\"ListItem\",\"position\":1,\"name\":\"Kezd\u0151lap\",\"item\":\"https:\\\/\\\/stuttgarti-katolikusok.de\\\/\"},{\"@type\":\"ListItem\",\"position\":2,\"name\":\"Nagyb\u00f6jt 3. vas\u00e1rnap\"}]},{\"@type\":\"WebSite\",\"@id\":\"https:\\\/\\\/stuttgarti-katolikusok.de\\\/#website\",\"url\":\"https:\\\/\\\/stuttgarti-katolikusok.de\\\/\",\"name\":\"Stuttgarti Katolikusok\",\"description\":\"\",\"potentialAction\":[{\"@type\":\"SearchAction\",\"target\":{\"@type\":\"EntryPoint\",\"urlTemplate\":\"https:\\\/\\\/stuttgarti-katolikusok.de\\\/?s={search_term_string}\"},\"query-input\":{\"@type\":\"PropertyValueSpecification\",\"valueRequired\":true,\"valueName\":\"search_term_string\"}}],\"inLanguage\":\"hu\"},{\"@type\":\"Person\",\"@id\":\"https:\\\/\\\/stuttgarti-katolikusok.de\\\/#\\\/schema\\\/person\\\/75908d6f8fdc03a57889d27209df7795\",\"name\":\"Tibor atya\",\"image\":{\"@type\":\"ImageObject\",\"inLanguage\":\"hu\",\"@id\":\"https:\\\/\\\/secure.gravatar.com\\\/avatar\\\/61d268e57d1f4525b111222e29d2d5a7f8c420fdbf231ba5566a8ceac74fa960?s=96&d=mm&r=g\",\"url\":\"https:\\\/\\\/secure.gravatar.com\\\/avatar\\\/61d268e57d1f4525b111222e29d2d5a7f8c420fdbf231ba5566a8ceac74fa960?s=96&d=mm&r=g\",\"contentUrl\":\"https:\\\/\\\/secure.gravatar.com\\\/avatar\\\/61d268e57d1f4525b111222e29d2d5a7f8c420fdbf231ba5566a8ceac74fa960?s=96&d=mm&r=g\",\"caption\":\"Tibor atya\"},\"url\":\"https:\\\/\\\/stuttgarti-katolikusok.de\\\/index.php\\\/author\\\/tibor-atya\\\/\"}]}<\/script>\n<!-- \/ Yoast SEO plugin. -->","yoast_head_json":{"title":"Nagyb\u00f6jt 3. vas\u00e1rnap - Stuttgarti Katolikusok","robots":{"index":"index","follow":"follow","max-snippet":"max-snippet:-1","max-image-preview":"max-image-preview:large","max-video-preview":"max-video-preview:-1"},"canonical":"https:\/\/stuttgarti-katolikusok.de\/index.php\/nagybojt-3-vasarnap-2\/","og_locale":"hu_HU","og_type":"article","og_title":"Nagyb\u00f6jt 3. vas\u00e1rnap - Stuttgarti Katolikusok","og_description":"&#8211; Olvasm\u00e1ny:A t\u00edzparancsolat Isten atya sz\u00edv\u00e9nekaj\u00e1nd\u00e9ka. Mint sz\u00fcl\u0151 a gyermek\u00e9t, \u00fagy v\u00e9d benn\u00fcnket. Parancsainak tilalmaival seg\u00edt, hogy boldog legyen az \u00e9let\u00fcnk. &#8211; Szentlecke: Igaz, amit a k\u00f6zmond\u00e1s tart: &#8222;Isten sem tud mindenkinek a kedv\u00e9re tenni&#8221;. A zsid\u00f3k olyan Megv\u00e1lt\u00f3t v\u00e1rtak, aki hatalommal j\u00f6n el. A g\u00f6r\u00f6g\u00f6k pedig a tud\u00f3sok b\u00f6lcsess\u00e9g\u00e9t k\u00edv\u00e1nt\u00e1k t\u0151le. S ehelyett megjelent a keresztre fesz\u00edtett J\u00e9zus. Ismerj\u00fck fel keresztj\u00e9ben Isten b\u00f6lcsess\u00e9g\u00e9t \u00e9s hatalm\u00e1t! &#8211; Evang\u00e9lium: J\u00e9zus a jeruzs\u00e1lemi templomban kijelentette: test\u00e9nek lerombolt templom\u00e1t majd \u00fajra fel\u00e9p\u00edti. Az apostolok J\u00e9zus felt\u00e1mad\u00e1sa ut\u00e1n vissza is eml\u00e9keztek erre. Kezd\u0151\u00e9nek: Szemeim mindenkor az \u00darra n\u00e9znek, mert \u0151 vonja ki l\u00e1bam a csapd\u00e1b\u00f3l. Tekints re\u00e1m \u00e9s k\u00f6ny\u00f6r\u00fclj rajtam, mert elhagyatott \u00e9s szeg\u00e9ny vagyok. (V\u00f6. Zsolt 24,15-16) Vagy Mid\u0151n megmutatom majd szents\u00e9gemet k\u00f6ztetek, \u00f6sszegy\u0171jtelek benneteket az eg\u00e9sz f\u00f6ldr\u0151l; tiszta vizet hintek r\u00e1tok, \u00e9s megtiszt\u00edtalak minden szennyt\u0151l: \u00faj lelket adok nektek &#8211; mondja az \u00dar. (V\u00f6. Ez 36,23-26) K\u00f6ny\u00f6rg\u00e9s: Isten\u00fcnk, minden irgalom \u00e9s j\u00f3s\u00e1g forr\u00e1sa, te a b\u00f6jt, az im\u00e1ds\u00e1g \u00e9s az irgalmas szeretet gyakorl\u00e1sa \u00e1ltal gy\u00f3gyul\u00e1st adsz b\u0171neinkre. N\u00e9zd j\u00f3s\u00e1gosan \u0151szinte b\u0171nb\u00e1natunkat, \u00e9s amikor v\u00e9tkeinket beismerve meghajlunk el\u0151tted, emelj f\u00f6l minket sz\u00fcntelen irgalmaddal. A mi Urunk, J\u00e9zus Krisztus, a te Fiad \u00e1ltal, aki veled \u00e9l \u00e9s uralkodik a Szentl\u00e9lekkel egys\u00e9gben, Isten mind\u00f6r\u00f6kk\u00f6n \u00f6r\u00f6kk\u00e9. OLVASM\u00c1NY M\u00f3zes m\u00e1sodik k\u00f6nyv\u00e9b\u0151l (Kiv 20,1-17) Isten a S\u00ednai-hegyen kihirdeti a t\u00edzparancsolatot. Isten a S\u00ednai-hegyn\u00e9l t\u00e1boroz\u00f3 n\u00e9pnek ezeket a parancsolatokat hirdette ki: \u201e\u00c9n vagyok az \u00dar, a te Istened, \u00e9n hoztalak ki Egyiptom f\u00f6ldj\u00e9r\u0151l, a szolgas\u00e1g h\u00e1z\u00e1b\u00f3l. Ne legyen m\u00e1s Istened rajtam k\u00edv\u00fcl! Ne k\u00e9sz\u00edts magadnak faragott k\u00e9pet vagy hasonm\u00e1st arr\u00f3l, ami fent van az \u00e9gben, vagy lent van a f\u00f6ld\u00f6n, vagy a vizekben a f\u00f6ld alatt! Ne borulj le ilyen k\u00e9pek el\u0151tt \u00e9s ne tiszteld \u0151ket, mert \u00e9n, az \u00dar, a te Istened f\u00e9lt\u00e9keny Isten vagyok! Azoknak v\u00e9tk\u00e9t, akik gy\u0171l\u00f6lnek engem, megtorlom fiaikon, a harmadik \u00e9s a negyedik nemzed\u00e9ken.... R\u00e9szletek","og_url":"https:\/\/stuttgarti-katolikusok.de\/index.php\/nagybojt-3-vasarnap-2\/","og_site_name":"Stuttgarti Katolikusok","article_published_time":"2024-03-02T06:50:36+00:00","og_image":[{"width":1280,"height":853,"url":"https:\/\/stuttgarti-katolikusok.de\/wp-content\/uploads\/2021\/03\/mozes.jpg","type":"image\/jpeg"}],"author":"Tibor atya","twitter_card":"summary_large_image","twitter_misc":{"Szerz\u0151:":"Tibor atya","Becs\u00fclt olvas\u00e1si id\u0151":"8 perc"},"schema":{"@context":"https:\/\/schema.org","@graph":[{"@type":"Article","@id":"https:\/\/stuttgarti-katolikusok.de\/index.php\/nagybojt-3-vasarnap-2\/#article","isPartOf":{"@id":"https:\/\/stuttgarti-katolikusok.de\/index.php\/nagybojt-3-vasarnap-2\/"},"author":{"name":"Tibor atya","@id":"https:\/\/stuttgarti-katolikusok.de\/#\/schema\/person\/75908d6f8fdc03a57889d27209df7795"},"headline":"Nagyb\u00f6jt 3. vas\u00e1rnap","datePublished":"2024-03-02T06:50:36+00:00","mainEntityOfPage":{"@id":"https:\/\/stuttgarti-katolikusok.de\/index.php\/nagybojt-3-vasarnap-2\/"},"wordCount":1847,"image":{"@id":"https:\/\/stuttgarti-katolikusok.de\/index.php\/nagybojt-3-vasarnap-2\/#primaryimage"},"thumbnailUrl":"https:\/\/stuttgarti-katolikusok.de\/wp-content\/uploads\/2021\/03\/mozes.jpg","articleSection":["A liturgia olvasm\u00e1nyai","Vas\u00e1rnapi gondolatok"],"inLanguage":"hu"},{"@type":"WebPage","@id":"https:\/\/stuttgarti-katolikusok.de\/index.php\/nagybojt-3-vasarnap-2\/","url":"https:\/\/stuttgarti-katolikusok.de\/index.php\/nagybojt-3-vasarnap-2\/","name":"Nagyb\u00f6jt 3. vas\u00e1rnap - Stuttgarti Katolikusok","isPartOf":{"@id":"https:\/\/stuttgarti-katolikusok.de\/#website"},"primaryImageOfPage":{"@id":"https:\/\/stuttgarti-katolikusok.de\/index.php\/nagybojt-3-vasarnap-2\/#primaryimage"},"image":{"@id":"https:\/\/stuttgarti-katolikusok.de\/index.php\/nagybojt-3-vasarnap-2\/#primaryimage"},"thumbnailUrl":"https:\/\/stuttgarti-katolikusok.de\/wp-content\/uploads\/2021\/03\/mozes.jpg","datePublished":"2024-03-02T06:50:36+00:00","author":{"@id":"https:\/\/stuttgarti-katolikusok.de\/#\/schema\/person\/75908d6f8fdc03a57889d27209df7795"},"breadcrumb":{"@id":"https:\/\/stuttgarti-katolikusok.de\/index.php\/nagybojt-3-vasarnap-2\/#breadcrumb"},"inLanguage":"hu","potentialAction":[{"@type":"ReadAction","target":["https:\/\/stuttgarti-katolikusok.de\/index.php\/nagybojt-3-vasarnap-2\/"]}]},{"@type":"ImageObject","inLanguage":"hu","@id":"https:\/\/stuttgarti-katolikusok.de\/index.php\/nagybojt-3-vasarnap-2\/#primaryimage","url":"https:\/\/stuttgarti-katolikusok.de\/wp-content\/uploads\/2021\/03\/mozes.jpg","contentUrl":"https:\/\/stuttgarti-katolikusok.de\/wp-content\/uploads\/2021\/03\/mozes.jpg","width":1280,"height":853},{"@type":"BreadcrumbList","@id":"https:\/\/stuttgarti-katolikusok.de\/index.php\/nagybojt-3-vasarnap-2\/#breadcrumb","itemListElement":[{"@type":"ListItem","position":1,"name":"Kezd\u0151lap","item":"https:\/\/stuttgarti-katolikusok.de\/"},{"@type":"ListItem","position":2,"name":"Nagyb\u00f6jt 3. vas\u00e1rnap"}]},{"@type":"WebSite","@id":"https:\/\/stuttgarti-katolikusok.de\/#website","url":"https:\/\/stuttgarti-katolikusok.de\/","name":"Stuttgarti Katolikusok","description":"","potentialAction":[{"@type":"SearchAction","target":{"@type":"EntryPoint","urlTemplate":"https:\/\/stuttgarti-katolikusok.de\/?s={search_term_string}"},"query-input":{"@type":"PropertyValueSpecification","valueRequired":true,"valueName":"search_term_string"}}],"inLanguage":"hu"},{"@type":"Person","@id":"https:\/\/stuttgarti-katolikusok.de\/#\/schema\/person\/75908d6f8fdc03a57889d27209df7795","name":"Tibor atya","image":{"@type":"ImageObject","inLanguage":"hu","@id":"https:\/\/secure.gravatar.com\/avatar\/61d268e57d1f4525b111222e29d2d5a7f8c420fdbf231ba5566a8ceac74fa960?s=96&d=mm&r=g","url":"https:\/\/secure.gravatar.com\/avatar\/61d268e57d1f4525b111222e29d2d5a7f8c420fdbf231ba5566a8ceac74fa960?s=96&d=mm&r=g","contentUrl":"https:\/\/secure.gravatar.com\/avatar\/61d268e57d1f4525b111222e29d2d5a7f8c420fdbf231ba5566a8ceac74fa960?s=96&d=mm&r=g","caption":"Tibor atya"},"url":"https:\/\/stuttgarti-katolikusok.de\/index.php\/author\/tibor-atya\/"}]}},"_links":{"self":[{"href":"https:\/\/stuttgarti-katolikusok.de\/index.php\/wp-json\/wp\/v2\/posts\/28456","targetHints":{"allow":["GET"]}}],"collection":[{"href":"https:\/\/stuttgarti-katolikusok.de\/index.php\/wp-json\/wp\/v2\/posts"}],"about":[{"href":"https:\/\/stuttgarti-katolikusok.de\/index.php\/wp-json\/wp\/v2\/types\/post"}],"author":[{"embeddable":true,"href":"https:\/\/stuttgarti-katolikusok.de\/index.php\/wp-json\/wp\/v2\/users\/3"}],"replies":[{"embeddable":true,"href":"https:\/\/stuttgarti-katolikusok.de\/index.php\/wp-json\/wp\/v2\/comments?post=28456"}],"version-history":[{"count":1,"href":"https:\/\/stuttgarti-katolikusok.de\/index.php\/wp-json\/wp\/v2\/posts\/28456\/revisions"}],"predecessor-version":[{"id":28457,"href":"https:\/\/stuttgarti-katolikusok.de\/index.php\/wp-json\/wp\/v2\/posts\/28456\/revisions\/28457"}],"wp:featuredmedia":[{"embeddable":true,"href":"https:\/\/stuttgarti-katolikusok.de\/index.php\/wp-json\/wp\/v2\/media\/21305"}],"wp:attachment":[{"href":"https:\/\/stuttgarti-katolikusok.de\/index.php\/wp-json\/wp\/v2\/media?parent=28456"}],"wp:term":[{"taxonomy":"category","embeddable":true,"href":"https:\/\/stuttgarti-katolikusok.de\/index.php\/wp-json\/wp\/v2\/categories?post=28456"},{"taxonomy":"post_tag","embeddable":true,"href":"https:\/\/stuttgarti-katolikusok.de\/index.php\/wp-json\/wp\/v2\/tags?post=28456"}],"curies":[{"name":"wp","href":"https:\/\/api.w.org\/{rel}","templated":true}]}}