{"id":28426,"date":"2024-02-26T21:50:27","date_gmt":"2024-02-26T20:50:27","guid":{"rendered":"https:\/\/stuttgarti-katolikusok.de\/?p=28426"},"modified":"2024-02-26T21:57:17","modified_gmt":"2024-02-26T20:57:17","slug":"stuttgarti-csendes-napok-2024-marcius-1-3","status":"publish","type":"post","link":"https:\/\/stuttgarti-katolikusok.de\/index.php\/stuttgarti-csendes-napok-2024-marcius-1-3\/","title":{"rendered":"Stuttgarti Csendes Napok &#8211; 2024. m\u00e1rcius 1 &#8211; 3."},"content":{"rendered":"<p><span style=\"color: #993366;\"><em><strong>&#8222;Uram, mutasd meg nekem \u00fatjaidat, tan\u00edts meg \u00f6sv\u00e9nyeidre!&#8221; (Zsolt 25,4)<\/strong><\/em><\/span><\/p>\n<p>2024. m\u00e1rcius 1 \u00e9s 3-a k\u00f6z\u00f6tt megtartjuk a hagyom\u00e1nyos <em><strong><span style=\"color: #993366;\">Stuttgarti Csendes Napok<\/span><\/strong><\/em>-at. Kiv\u00e1l\u00f3 alkalom ez a lelki elcsendes\u00fcl\u00e9sre, az elhangz\u00f3 gondolatok befogad\u00e1s\u00e1ra, a bels\u0151 szabads\u00e1g megtal\u00e1l\u00e1s\u00e1ra.<\/p>\n<p><em>A lelkigyakorlat moder\u00e1tora Solomayer S\u00e1ndor pl\u00e9b\u00e1nos atya<\/em> Nagyk\u00e1rolyb\u00f3l (Szatm\u00e1ri Egyh\u00e1zmegye). Am\u00fagy S\u00e1ndor atya ismer\u0151sk\u00e9nt t\u00e9r vissza hozz\u00e1nk. \u00a02002-2004 k\u00f6z\u00f6tt lelkigyakorlatos tov\u00e1bb\u00adk\u00e9pz\u0151n vett r\u00e9szt n\u00e9hai P. J\u00e1lics Ferenc SJ mellett a n\u00e9metorsz\u00e1gi Gries\u00adben.\u00a0Szem\u00e9ly szerint nagyon \u00f6r\u00fcl\u00f6k, hogy S\u00e1ndor atya elfogadta megh\u00edv\u00e1somat. Term\u00e9szetesen fogok majd sz\u00f3lni k\u00f6z\u00f6s utunkr\u00f3l is.<\/p>\n<p><em>Szombaton 9.00 &#8211; 10.00 \u00f3ra k\u00f6z\u00f6tt gy\u00fclekez\u0151.<\/em> Pereccel, vajjal \u00e9s te\u00e1val, k\u00e1v\u00e9val v\u00e1runk benneteket. Amennyiben s\u00fctem\u00e9nyt is hoztok magatokkal, \u00fagy azt \u00f6r\u00f6mmel fogadjuk. Az eb\u00e9det 10 Eur\u00f3 ellen\u00e9ben, a k\u00f6z\u00f6s eb\u00e9dhez t\u00f6rt\u00e9n\u0151 r\u00e9szbeni hozz\u00e1j\u00e1rul\u00e1s, mi biztos\u00edtjuk. Ugyan\u00fagy, mint a tavalyi esztend\u0151ben.<\/p>\n<p>Az elm\u00e9lked\u00e9sek k\u00f6z\u00f6tt lehet\u0151s\u00e9g lesz a szentgy\u00f3n\u00e1s elv\u00e9gz\u00e9s\u00e9re, moder\u00e1tor aty\u00e1val t\u00f6rt\u00e9n\u0151 szem\u00e9lyes besz\u00e9lget\u00e9sre.<\/p>\n<p>Szeretettel v\u00e1runk mind t\u00e9ged, mind bar\u00e1taidat, ismer\u0151seidet. Add tov\u00e1bb az \u00fczenetet, sz\u00f3l\u00edts meg m\u00e1sokat is.<\/p>\n<p><em>Egyben pedig ne feledj\u00e9tek jelezni r\u00e9szv\u00e9teli sz\u00e1nd\u00e9kotokat irod\u00e1nkon, hogy a r\u00e9sztvev\u0151k sz\u00e1m\u00e1nak ismeret\u00e9ben gondoskodhassunk az eb\u00e9dr\u0151l.<\/em><\/p>\n<p>Tedd szabadd\u00e1 magad \u00e9s tarts vel\u00fcnk!!!<\/p>\n<p><em>S\u00e1ndor atya \u00e9s Tibor atya<\/em><\/p>\n<p><a href=\"https:\/\/stuttgarti-katolikusok.de\/wp-content\/uploads\/2024\/02\/stuttgarti-csendes-napok-2024.jpg\"><img loading=\"lazy\" decoding=\"async\" class=\"alignnone size-full wp-image-28423\" src=\"https:\/\/stuttgarti-katolikusok.de\/wp-content\/uploads\/2024\/02\/stuttgarti-csendes-napok-2024.jpg\" alt=\"\" width=\"1600\" height=\"900\" srcset=\"https:\/\/stuttgarti-katolikusok.de\/wp-content\/uploads\/2024\/02\/stuttgarti-csendes-napok-2024.jpg 1600w, https:\/\/stuttgarti-katolikusok.de\/wp-content\/uploads\/2024\/02\/stuttgarti-csendes-napok-2024-300x169.jpg 300w, https:\/\/stuttgarti-katolikusok.de\/wp-content\/uploads\/2024\/02\/stuttgarti-csendes-napok-2024-1024x576.jpg 1024w, https:\/\/stuttgarti-katolikusok.de\/wp-content\/uploads\/2024\/02\/stuttgarti-csendes-napok-2024-1536x864.jpg 1536w\" sizes=\"auto, (max-width: 1600px) 100vw, 1600px\" \/><\/a><\/p>\n<p><em>(Nyit\u00f3k\u00e9p forr\u00e1sa: Pixabay)<\/em><\/p>\n","protected":false},"excerpt":{"rendered":"<p>&#8222;Uram, mutasd meg nekem \u00fatjaidat, tan\u00edts meg \u00f6sv\u00e9nyeidre!&#8221; (Zsolt 25,4) 2024. m\u00e1rcius 1 \u00e9s 3-a k\u00f6z\u00f6tt megtartjuk a hagyom\u00e1nyos Stuttgarti Csendes Napok-at. Kiv\u00e1l\u00f3 alkalom ez a lelki elcsendes\u00fcl\u00e9sre, az elhangz\u00f3 gondolatok befogad\u00e1s\u00e1ra, a bels\u0151 szabads\u00e1g megtal\u00e1l\u00e1s\u00e1ra. A lelkigyakorlat moder\u00e1tora Solomayer S\u00e1ndor pl\u00e9b\u00e1nos atya Nagyk\u00e1rolyb\u00f3l (Szatm\u00e1ri Egyh\u00e1zmegye). Am\u00fagy S\u00e1ndor atya ismer\u0151sk\u00e9nt t\u00e9r vissza hozz\u00e1nk. \u00a02002-2004 k\u00f6z\u00f6tt lelkigyakorlatos tov\u00e1bb\u00adk\u00e9pz\u0151n vett r\u00e9szt n\u00e9hai P. J\u00e1lics Ferenc SJ mellett a n\u00e9metorsz\u00e1gi Gries\u00adben.\u00a0Szem\u00e9ly szerint nagyon \u00f6r\u00fcl\u00f6k, hogy S\u00e1ndor atya elfogadta megh\u00edv\u00e1somat. Term\u00e9szetesen fogok majd sz\u00f3lni k\u00f6z\u00f6s utunkr\u00f3l is. Szombaton 9.00 &#8211; 10.00 \u00f3ra k\u00f6z\u00f6tt gy\u00fclekez\u0151. Pereccel, vajjal \u00e9s te\u00e1val, k\u00e1v\u00e9val v\u00e1runk benneteket. Amennyiben s\u00fctem\u00e9nyt is hoztok magatokkal, \u00fagy azt \u00f6r\u00f6mmel fogadjuk. Az eb\u00e9det 10 Eur\u00f3 ellen\u00e9ben, a k\u00f6z\u00f6s eb\u00e9dhez t\u00f6rt\u00e9n\u0151 r\u00e9szbeni hozz\u00e1j\u00e1rul\u00e1s, mi biztos\u00edtjuk. Ugyan\u00fagy, mint a tavalyi esztend\u0151ben. Az elm\u00e9lked\u00e9sek k\u00f6z\u00f6tt lehet\u0151s\u00e9g lesz a szentgy\u00f3n\u00e1s elv\u00e9gz\u00e9s\u00e9re, moder\u00e1tor aty\u00e1val t\u00f6rt\u00e9n\u0151 szem\u00e9lyes besz\u00e9lget\u00e9sre. Szeretettel v\u00e1runk mind t\u00e9ged, mind bar\u00e1taidat, ismer\u0151seidet. Add tov\u00e1bb az \u00fczenetet, sz\u00f3l\u00edts meg m\u00e1sokat is. Egyben pedig ne feledj\u00e9tek jelezni r\u00e9szv\u00e9teli sz\u00e1nd\u00e9kotokat irod\u00e1nkon, hogy a r\u00e9sztvev\u0151k sz\u00e1m\u00e1nak ismeret\u00e9ben gondoskodhassunk az eb\u00e9dr\u0151l. Tedd szabadd\u00e1 magad \u00e9s tarts vel\u00fcnk!!! S\u00e1ndor atya \u00e9s Tibor atya (Nyit\u00f3k\u00e9p forr\u00e1sa: Pixabay)<\/p>\n","protected":false},"author":3,"featured_media":28427,"comment_status":"closed","ping_status":"closed","sticky":false,"template":"","format":"standard","meta":{"footnotes":""},"categories":[90],"tags":[],"class_list":["post-28426","post","type-post","status-publish","format-standard","has-post-thumbnail","hentry","category-stuttgarti-csendes-napok"],"yoast_head":"<!-- This site is optimized with the Yoast SEO plugin v27.3 - https:\/\/yoast.com\/product\/yoast-seo-wordpress\/ -->\n<title>Stuttgarti Csendes Napok - 2024. m\u00e1rcius 1 - 3. - Stuttgarti Katolikusok<\/title>\n<meta name=\"robots\" content=\"index, follow, max-snippet:-1, max-image-preview:large, max-video-preview:-1\" \/>\n<link rel=\"canonical\" href=\"https:\/\/stuttgarti-katolikusok.de\/index.php\/stuttgarti-csendes-napok-2024-marcius-1-3\/\" \/>\n<meta property=\"og:locale\" content=\"hu_HU\" \/>\n<meta property=\"og:type\" content=\"article\" \/>\n<meta property=\"og:title\" content=\"Stuttgarti Csendes Napok - 2024. m\u00e1rcius 1 - 3. - Stuttgarti Katolikusok\" \/>\n<meta property=\"og:description\" content=\"&#8222;Uram, mutasd meg nekem \u00fatjaidat, tan\u00edts meg \u00f6sv\u00e9nyeidre!&#8221; (Zsolt 25,4) 2024. m\u00e1rcius 1 \u00e9s 3-a k\u00f6z\u00f6tt megtartjuk a hagyom\u00e1nyos Stuttgarti Csendes Napok-at. Kiv\u00e1l\u00f3 alkalom ez a lelki elcsendes\u00fcl\u00e9sre, az elhangz\u00f3 gondolatok befogad\u00e1s\u00e1ra, a bels\u0151 szabads\u00e1g megtal\u00e1l\u00e1s\u00e1ra. A lelkigyakorlat moder\u00e1tora Solomayer S\u00e1ndor pl\u00e9b\u00e1nos atya Nagyk\u00e1rolyb\u00f3l (Szatm\u00e1ri Egyh\u00e1zmegye). Am\u00fagy S\u00e1ndor atya ismer\u0151sk\u00e9nt t\u00e9r vissza hozz\u00e1nk. \u00a02002-2004 k\u00f6z\u00f6tt lelkigyakorlatos tov\u00e1bb\u00adk\u00e9pz\u0151n vett r\u00e9szt n\u00e9hai P. J\u00e1lics Ferenc SJ mellett a n\u00e9metorsz\u00e1gi Gries\u00adben.\u00a0Szem\u00e9ly szerint nagyon \u00f6r\u00fcl\u00f6k, hogy S\u00e1ndor atya elfogadta megh\u00edv\u00e1somat. Term\u00e9szetesen fogok majd sz\u00f3lni k\u00f6z\u00f6s utunkr\u00f3l is. Szombaton 9.00 &#8211; 10.00 \u00f3ra k\u00f6z\u00f6tt gy\u00fclekez\u0151. Pereccel, vajjal \u00e9s te\u00e1val, k\u00e1v\u00e9val v\u00e1runk benneteket. Amennyiben s\u00fctem\u00e9nyt is hoztok magatokkal, \u00fagy azt \u00f6r\u00f6mmel fogadjuk. Az eb\u00e9det 10 Eur\u00f3 ellen\u00e9ben, a k\u00f6z\u00f6s eb\u00e9dhez t\u00f6rt\u00e9n\u0151 r\u00e9szbeni hozz\u00e1j\u00e1rul\u00e1s, mi biztos\u00edtjuk. Ugyan\u00fagy, mint a tavalyi esztend\u0151ben. Az elm\u00e9lked\u00e9sek k\u00f6z\u00f6tt lehet\u0151s\u00e9g lesz a szentgy\u00f3n\u00e1s elv\u00e9gz\u00e9s\u00e9re, moder\u00e1tor aty\u00e1val t\u00f6rt\u00e9n\u0151 szem\u00e9lyes besz\u00e9lget\u00e9sre. Szeretettel v\u00e1runk mind t\u00e9ged, mind bar\u00e1taidat, ismer\u0151seidet. Add tov\u00e1bb az \u00fczenetet, sz\u00f3l\u00edts meg m\u00e1sokat is. Egyben pedig ne feledj\u00e9tek jelezni r\u00e9szv\u00e9teli sz\u00e1nd\u00e9kotokat irod\u00e1nkon, hogy a r\u00e9sztvev\u0151k sz\u00e1m\u00e1nak ismeret\u00e9ben gondoskodhassunk az eb\u00e9dr\u0151l. Tedd szabadd\u00e1 magad \u00e9s tarts vel\u00fcnk!!! S\u00e1ndor atya \u00e9s Tibor atya (Nyit\u00f3k\u00e9p forr\u00e1sa: Pixabay)\" \/>\n<meta property=\"og:url\" content=\"https:\/\/stuttgarti-katolikusok.de\/index.php\/stuttgarti-csendes-napok-2024-marcius-1-3\/\" \/>\n<meta property=\"og:site_name\" content=\"Stuttgarti Katolikusok\" \/>\n<meta property=\"article:published_time\" content=\"2024-02-26T20:50:27+00:00\" \/>\n<meta property=\"article:modified_time\" content=\"2024-02-26T20:57:17+00:00\" \/>\n<meta property=\"og:image\" content=\"https:\/\/stuttgarti-katolikusok.de\/wp-content\/uploads\/2024\/02\/man-5907625-1280.jpg\" \/>\n\t<meta property=\"og:image:width\" content=\"1280\" \/>\n\t<meta property=\"og:image:height\" content=\"545\" \/>\n\t<meta property=\"og:image:type\" content=\"image\/jpeg\" \/>\n<meta name=\"author\" content=\"Tibor atya\" \/>\n<meta name=\"twitter:card\" content=\"summary_large_image\" \/>\n<meta name=\"twitter:label1\" content=\"Szerz\u0151:\" \/>\n\t<meta name=\"twitter:data1\" content=\"Tibor atya\" \/>\n\t<meta name=\"twitter:label2\" content=\"Becs\u00fclt olvas\u00e1si id\u0151\" \/>\n\t<meta name=\"twitter:data2\" content=\"2 perc\" \/>\n<script type=\"application\/ld+json\" class=\"yoast-schema-graph\">{\"@context\":\"https:\\\/\\\/schema.org\",\"@graph\":[{\"@type\":\"Article\",\"@id\":\"https:\\\/\\\/stuttgarti-katolikusok.de\\\/index.php\\\/stuttgarti-csendes-napok-2024-marcius-1-3\\\/#article\",\"isPartOf\":{\"@id\":\"https:\\\/\\\/stuttgarti-katolikusok.de\\\/index.php\\\/stuttgarti-csendes-napok-2024-marcius-1-3\\\/\"},\"author\":{\"name\":\"Tibor atya\",\"@id\":\"https:\\\/\\\/stuttgarti-katolikusok.de\\\/#\\\/schema\\\/person\\\/75908d6f8fdc03a57889d27209df7795\"},\"headline\":\"Stuttgarti Csendes Napok &#8211; 2024. m\u00e1rcius 1 &#8211; 3.\",\"datePublished\":\"2024-02-26T20:50:27+00:00\",\"dateModified\":\"2024-02-26T20:57:17+00:00\",\"mainEntityOfPage\":{\"@id\":\"https:\\\/\\\/stuttgarti-katolikusok.de\\\/index.php\\\/stuttgarti-csendes-napok-2024-marcius-1-3\\\/\"},\"wordCount\":305,\"image\":{\"@id\":\"https:\\\/\\\/stuttgarti-katolikusok.de\\\/index.php\\\/stuttgarti-csendes-napok-2024-marcius-1-3\\\/#primaryimage\"},\"thumbnailUrl\":\"https:\\\/\\\/stuttgarti-katolikusok.de\\\/wp-content\\\/uploads\\\/2024\\\/02\\\/man-5907625-1280.jpg\",\"articleSection\":[\"Stuttgarti Csendes Napok\"],\"inLanguage\":\"hu\"},{\"@type\":\"WebPage\",\"@id\":\"https:\\\/\\\/stuttgarti-katolikusok.de\\\/index.php\\\/stuttgarti-csendes-napok-2024-marcius-1-3\\\/\",\"url\":\"https:\\\/\\\/stuttgarti-katolikusok.de\\\/index.php\\\/stuttgarti-csendes-napok-2024-marcius-1-3\\\/\",\"name\":\"Stuttgarti Csendes Napok - 2024. m\u00e1rcius 1 - 3. - Stuttgarti Katolikusok\",\"isPartOf\":{\"@id\":\"https:\\\/\\\/stuttgarti-katolikusok.de\\\/#website\"},\"primaryImageOfPage\":{\"@id\":\"https:\\\/\\\/stuttgarti-katolikusok.de\\\/index.php\\\/stuttgarti-csendes-napok-2024-marcius-1-3\\\/#primaryimage\"},\"image\":{\"@id\":\"https:\\\/\\\/stuttgarti-katolikusok.de\\\/index.php\\\/stuttgarti-csendes-napok-2024-marcius-1-3\\\/#primaryimage\"},\"thumbnailUrl\":\"https:\\\/\\\/stuttgarti-katolikusok.de\\\/wp-content\\\/uploads\\\/2024\\\/02\\\/man-5907625-1280.jpg\",\"datePublished\":\"2024-02-26T20:50:27+00:00\",\"dateModified\":\"2024-02-26T20:57:17+00:00\",\"author\":{\"@id\":\"https:\\\/\\\/stuttgarti-katolikusok.de\\\/#\\\/schema\\\/person\\\/75908d6f8fdc03a57889d27209df7795\"},\"breadcrumb\":{\"@id\":\"https:\\\/\\\/stuttgarti-katolikusok.de\\\/index.php\\\/stuttgarti-csendes-napok-2024-marcius-1-3\\\/#breadcrumb\"},\"inLanguage\":\"hu\",\"potentialAction\":[{\"@type\":\"ReadAction\",\"target\":[\"https:\\\/\\\/stuttgarti-katolikusok.de\\\/index.php\\\/stuttgarti-csendes-napok-2024-marcius-1-3\\\/\"]}]},{\"@type\":\"ImageObject\",\"inLanguage\":\"hu\",\"@id\":\"https:\\\/\\\/stuttgarti-katolikusok.de\\\/index.php\\\/stuttgarti-csendes-napok-2024-marcius-1-3\\\/#primaryimage\",\"url\":\"https:\\\/\\\/stuttgarti-katolikusok.de\\\/wp-content\\\/uploads\\\/2024\\\/02\\\/man-5907625-1280.jpg\",\"contentUrl\":\"https:\\\/\\\/stuttgarti-katolikusok.de\\\/wp-content\\\/uploads\\\/2024\\\/02\\\/man-5907625-1280.jpg\",\"width\":1280,\"height\":545},{\"@type\":\"BreadcrumbList\",\"@id\":\"https:\\\/\\\/stuttgarti-katolikusok.de\\\/index.php\\\/stuttgarti-csendes-napok-2024-marcius-1-3\\\/#breadcrumb\",\"itemListElement\":[{\"@type\":\"ListItem\",\"position\":1,\"name\":\"Kezd\u0151lap\",\"item\":\"https:\\\/\\\/stuttgarti-katolikusok.de\\\/\"},{\"@type\":\"ListItem\",\"position\":2,\"name\":\"Stuttgarti Csendes Napok &#8211; 2024. m\u00e1rcius 1 &#8211; 3.\"}]},{\"@type\":\"WebSite\",\"@id\":\"https:\\\/\\\/stuttgarti-katolikusok.de\\\/#website\",\"url\":\"https:\\\/\\\/stuttgarti-katolikusok.de\\\/\",\"name\":\"Stuttgarti Katolikusok\",\"description\":\"\",\"potentialAction\":[{\"@type\":\"SearchAction\",\"target\":{\"@type\":\"EntryPoint\",\"urlTemplate\":\"https:\\\/\\\/stuttgarti-katolikusok.de\\\/?s={search_term_string}\"},\"query-input\":{\"@type\":\"PropertyValueSpecification\",\"valueRequired\":true,\"valueName\":\"search_term_string\"}}],\"inLanguage\":\"hu\"},{\"@type\":\"Person\",\"@id\":\"https:\\\/\\\/stuttgarti-katolikusok.de\\\/#\\\/schema\\\/person\\\/75908d6f8fdc03a57889d27209df7795\",\"name\":\"Tibor atya\",\"image\":{\"@type\":\"ImageObject\",\"inLanguage\":\"hu\",\"@id\":\"https:\\\/\\\/secure.gravatar.com\\\/avatar\\\/61d268e57d1f4525b111222e29d2d5a7f8c420fdbf231ba5566a8ceac74fa960?s=96&d=mm&r=g\",\"url\":\"https:\\\/\\\/secure.gravatar.com\\\/avatar\\\/61d268e57d1f4525b111222e29d2d5a7f8c420fdbf231ba5566a8ceac74fa960?s=96&d=mm&r=g\",\"contentUrl\":\"https:\\\/\\\/secure.gravatar.com\\\/avatar\\\/61d268e57d1f4525b111222e29d2d5a7f8c420fdbf231ba5566a8ceac74fa960?s=96&d=mm&r=g\",\"caption\":\"Tibor atya\"},\"url\":\"https:\\\/\\\/stuttgarti-katolikusok.de\\\/index.php\\\/author\\\/tibor-atya\\\/\"}]}<\/script>\n<!-- \/ Yoast SEO plugin. -->","yoast_head_json":{"title":"Stuttgarti Csendes Napok - 2024. m\u00e1rcius 1 - 3. - Stuttgarti Katolikusok","robots":{"index":"index","follow":"follow","max-snippet":"max-snippet:-1","max-image-preview":"max-image-preview:large","max-video-preview":"max-video-preview:-1"},"canonical":"https:\/\/stuttgarti-katolikusok.de\/index.php\/stuttgarti-csendes-napok-2024-marcius-1-3\/","og_locale":"hu_HU","og_type":"article","og_title":"Stuttgarti Csendes Napok - 2024. m\u00e1rcius 1 - 3. - Stuttgarti Katolikusok","og_description":"&#8222;Uram, mutasd meg nekem \u00fatjaidat, tan\u00edts meg \u00f6sv\u00e9nyeidre!&#8221; (Zsolt 25,4) 2024. m\u00e1rcius 1 \u00e9s 3-a k\u00f6z\u00f6tt megtartjuk a hagyom\u00e1nyos Stuttgarti Csendes Napok-at. Kiv\u00e1l\u00f3 alkalom ez a lelki elcsendes\u00fcl\u00e9sre, az elhangz\u00f3 gondolatok befogad\u00e1s\u00e1ra, a bels\u0151 szabads\u00e1g megtal\u00e1l\u00e1s\u00e1ra. A lelkigyakorlat moder\u00e1tora Solomayer S\u00e1ndor pl\u00e9b\u00e1nos atya Nagyk\u00e1rolyb\u00f3l (Szatm\u00e1ri Egyh\u00e1zmegye). Am\u00fagy S\u00e1ndor atya ismer\u0151sk\u00e9nt t\u00e9r vissza hozz\u00e1nk. \u00a02002-2004 k\u00f6z\u00f6tt lelkigyakorlatos tov\u00e1bb\u00adk\u00e9pz\u0151n vett r\u00e9szt n\u00e9hai P. J\u00e1lics Ferenc SJ mellett a n\u00e9metorsz\u00e1gi Gries\u00adben.\u00a0Szem\u00e9ly szerint nagyon \u00f6r\u00fcl\u00f6k, hogy S\u00e1ndor atya elfogadta megh\u00edv\u00e1somat. Term\u00e9szetesen fogok majd sz\u00f3lni k\u00f6z\u00f6s utunkr\u00f3l is. Szombaton 9.00 &#8211; 10.00 \u00f3ra k\u00f6z\u00f6tt gy\u00fclekez\u0151. Pereccel, vajjal \u00e9s te\u00e1val, k\u00e1v\u00e9val v\u00e1runk benneteket. Amennyiben s\u00fctem\u00e9nyt is hoztok magatokkal, \u00fagy azt \u00f6r\u00f6mmel fogadjuk. Az eb\u00e9det 10 Eur\u00f3 ellen\u00e9ben, a k\u00f6z\u00f6s eb\u00e9dhez t\u00f6rt\u00e9n\u0151 r\u00e9szbeni hozz\u00e1j\u00e1rul\u00e1s, mi biztos\u00edtjuk. Ugyan\u00fagy, mint a tavalyi esztend\u0151ben. Az elm\u00e9lked\u00e9sek k\u00f6z\u00f6tt lehet\u0151s\u00e9g lesz a szentgy\u00f3n\u00e1s elv\u00e9gz\u00e9s\u00e9re, moder\u00e1tor aty\u00e1val t\u00f6rt\u00e9n\u0151 szem\u00e9lyes besz\u00e9lget\u00e9sre. Szeretettel v\u00e1runk mind t\u00e9ged, mind bar\u00e1taidat, ismer\u0151seidet. Add tov\u00e1bb az \u00fczenetet, sz\u00f3l\u00edts meg m\u00e1sokat is. Egyben pedig ne feledj\u00e9tek jelezni r\u00e9szv\u00e9teli sz\u00e1nd\u00e9kotokat irod\u00e1nkon, hogy a r\u00e9sztvev\u0151k sz\u00e1m\u00e1nak ismeret\u00e9ben gondoskodhassunk az eb\u00e9dr\u0151l. Tedd szabadd\u00e1 magad \u00e9s tarts vel\u00fcnk!!! S\u00e1ndor atya \u00e9s Tibor atya (Nyit\u00f3k\u00e9p forr\u00e1sa: Pixabay)","og_url":"https:\/\/stuttgarti-katolikusok.de\/index.php\/stuttgarti-csendes-napok-2024-marcius-1-3\/","og_site_name":"Stuttgarti Katolikusok","article_published_time":"2024-02-26T20:50:27+00:00","article_modified_time":"2024-02-26T20:57:17+00:00","og_image":[{"width":1280,"height":545,"url":"https:\/\/stuttgarti-katolikusok.de\/wp-content\/uploads\/2024\/02\/man-5907625-1280.jpg","type":"image\/jpeg"}],"author":"Tibor atya","twitter_card":"summary_large_image","twitter_misc":{"Szerz\u0151:":"Tibor atya","Becs\u00fclt olvas\u00e1si id\u0151":"2 perc"},"schema":{"@context":"https:\/\/schema.org","@graph":[{"@type":"Article","@id":"https:\/\/stuttgarti-katolikusok.de\/index.php\/stuttgarti-csendes-napok-2024-marcius-1-3\/#article","isPartOf":{"@id":"https:\/\/stuttgarti-katolikusok.de\/index.php\/stuttgarti-csendes-napok-2024-marcius-1-3\/"},"author":{"name":"Tibor atya","@id":"https:\/\/stuttgarti-katolikusok.de\/#\/schema\/person\/75908d6f8fdc03a57889d27209df7795"},"headline":"Stuttgarti Csendes Napok &#8211; 2024. m\u00e1rcius 1 &#8211; 3.","datePublished":"2024-02-26T20:50:27+00:00","dateModified":"2024-02-26T20:57:17+00:00","mainEntityOfPage":{"@id":"https:\/\/stuttgarti-katolikusok.de\/index.php\/stuttgarti-csendes-napok-2024-marcius-1-3\/"},"wordCount":305,"image":{"@id":"https:\/\/stuttgarti-katolikusok.de\/index.php\/stuttgarti-csendes-napok-2024-marcius-1-3\/#primaryimage"},"thumbnailUrl":"https:\/\/stuttgarti-katolikusok.de\/wp-content\/uploads\/2024\/02\/man-5907625-1280.jpg","articleSection":["Stuttgarti Csendes Napok"],"inLanguage":"hu"},{"@type":"WebPage","@id":"https:\/\/stuttgarti-katolikusok.de\/index.php\/stuttgarti-csendes-napok-2024-marcius-1-3\/","url":"https:\/\/stuttgarti-katolikusok.de\/index.php\/stuttgarti-csendes-napok-2024-marcius-1-3\/","name":"Stuttgarti Csendes Napok - 2024. m\u00e1rcius 1 - 3. - Stuttgarti Katolikusok","isPartOf":{"@id":"https:\/\/stuttgarti-katolikusok.de\/#website"},"primaryImageOfPage":{"@id":"https:\/\/stuttgarti-katolikusok.de\/index.php\/stuttgarti-csendes-napok-2024-marcius-1-3\/#primaryimage"},"image":{"@id":"https:\/\/stuttgarti-katolikusok.de\/index.php\/stuttgarti-csendes-napok-2024-marcius-1-3\/#primaryimage"},"thumbnailUrl":"https:\/\/stuttgarti-katolikusok.de\/wp-content\/uploads\/2024\/02\/man-5907625-1280.jpg","datePublished":"2024-02-26T20:50:27+00:00","dateModified":"2024-02-26T20:57:17+00:00","author":{"@id":"https:\/\/stuttgarti-katolikusok.de\/#\/schema\/person\/75908d6f8fdc03a57889d27209df7795"},"breadcrumb":{"@id":"https:\/\/stuttgarti-katolikusok.de\/index.php\/stuttgarti-csendes-napok-2024-marcius-1-3\/#breadcrumb"},"inLanguage":"hu","potentialAction":[{"@type":"ReadAction","target":["https:\/\/stuttgarti-katolikusok.de\/index.php\/stuttgarti-csendes-napok-2024-marcius-1-3\/"]}]},{"@type":"ImageObject","inLanguage":"hu","@id":"https:\/\/stuttgarti-katolikusok.de\/index.php\/stuttgarti-csendes-napok-2024-marcius-1-3\/#primaryimage","url":"https:\/\/stuttgarti-katolikusok.de\/wp-content\/uploads\/2024\/02\/man-5907625-1280.jpg","contentUrl":"https:\/\/stuttgarti-katolikusok.de\/wp-content\/uploads\/2024\/02\/man-5907625-1280.jpg","width":1280,"height":545},{"@type":"BreadcrumbList","@id":"https:\/\/stuttgarti-katolikusok.de\/index.php\/stuttgarti-csendes-napok-2024-marcius-1-3\/#breadcrumb","itemListElement":[{"@type":"ListItem","position":1,"name":"Kezd\u0151lap","item":"https:\/\/stuttgarti-katolikusok.de\/"},{"@type":"ListItem","position":2,"name":"Stuttgarti Csendes Napok &#8211; 2024. m\u00e1rcius 1 &#8211; 3."}]},{"@type":"WebSite","@id":"https:\/\/stuttgarti-katolikusok.de\/#website","url":"https:\/\/stuttgarti-katolikusok.de\/","name":"Stuttgarti Katolikusok","description":"","potentialAction":[{"@type":"SearchAction","target":{"@type":"EntryPoint","urlTemplate":"https:\/\/stuttgarti-katolikusok.de\/?s={search_term_string}"},"query-input":{"@type":"PropertyValueSpecification","valueRequired":true,"valueName":"search_term_string"}}],"inLanguage":"hu"},{"@type":"Person","@id":"https:\/\/stuttgarti-katolikusok.de\/#\/schema\/person\/75908d6f8fdc03a57889d27209df7795","name":"Tibor atya","image":{"@type":"ImageObject","inLanguage":"hu","@id":"https:\/\/secure.gravatar.com\/avatar\/61d268e57d1f4525b111222e29d2d5a7f8c420fdbf231ba5566a8ceac74fa960?s=96&d=mm&r=g","url":"https:\/\/secure.gravatar.com\/avatar\/61d268e57d1f4525b111222e29d2d5a7f8c420fdbf231ba5566a8ceac74fa960?s=96&d=mm&r=g","contentUrl":"https:\/\/secure.gravatar.com\/avatar\/61d268e57d1f4525b111222e29d2d5a7f8c420fdbf231ba5566a8ceac74fa960?s=96&d=mm&r=g","caption":"Tibor atya"},"url":"https:\/\/stuttgarti-katolikusok.de\/index.php\/author\/tibor-atya\/"}]}},"_links":{"self":[{"href":"https:\/\/stuttgarti-katolikusok.de\/index.php\/wp-json\/wp\/v2\/posts\/28426","targetHints":{"allow":["GET"]}}],"collection":[{"href":"https:\/\/stuttgarti-katolikusok.de\/index.php\/wp-json\/wp\/v2\/posts"}],"about":[{"href":"https:\/\/stuttgarti-katolikusok.de\/index.php\/wp-json\/wp\/v2\/types\/post"}],"author":[{"embeddable":true,"href":"https:\/\/stuttgarti-katolikusok.de\/index.php\/wp-json\/wp\/v2\/users\/3"}],"replies":[{"embeddable":true,"href":"https:\/\/stuttgarti-katolikusok.de\/index.php\/wp-json\/wp\/v2\/comments?post=28426"}],"version-history":[{"count":4,"href":"https:\/\/stuttgarti-katolikusok.de\/index.php\/wp-json\/wp\/v2\/posts\/28426\/revisions"}],"predecessor-version":[{"id":28431,"href":"https:\/\/stuttgarti-katolikusok.de\/index.php\/wp-json\/wp\/v2\/posts\/28426\/revisions\/28431"}],"wp:featuredmedia":[{"embeddable":true,"href":"https:\/\/stuttgarti-katolikusok.de\/index.php\/wp-json\/wp\/v2\/media\/28427"}],"wp:attachment":[{"href":"https:\/\/stuttgarti-katolikusok.de\/index.php\/wp-json\/wp\/v2\/media?parent=28426"}],"wp:term":[{"taxonomy":"category","embeddable":true,"href":"https:\/\/stuttgarti-katolikusok.de\/index.php\/wp-json\/wp\/v2\/categories?post=28426"},{"taxonomy":"post_tag","embeddable":true,"href":"https:\/\/stuttgarti-katolikusok.de\/index.php\/wp-json\/wp\/v2\/tags?post=28426"}],"curies":[{"name":"wp","href":"https:\/\/api.w.org\/{rel}","templated":true}]}}