{"id":28414,"date":"2024-02-24T10:33:50","date_gmt":"2024-02-24T09:33:50","guid":{"rendered":"https:\/\/stuttgarti-katolikusok.de\/?p=28414"},"modified":"2024-02-24T10:34:42","modified_gmt":"2024-02-24T09:34:42","slug":"nagybojt-2-vasarnap","status":"publish","type":"post","link":"https:\/\/stuttgarti-katolikusok.de\/index.php\/nagybojt-2-vasarnap\/","title":{"rendered":"Nagyb\u00f6jt 2. vas\u00e1rnap"},"content":{"rendered":"<p><span style=\"color: #993366;\"><em><strong>Isten\u00e9lm\u00e9nyeink<\/strong><\/em><\/span><\/p>\n<p><span style=\"color: #993366;\"><em>Az isten\u00e9lm\u00e9nyek, a jelen\u00e9sek nagy hat\u00e1ssal voltak az \u00d3sz\u00f6vets\u00e9g embereire, \u00c1brah\u00e1mra, M\u00f3zesre \u00e9s a pr\u00f3f\u00e9t\u00e1kra. A csod\u00e1latos sz\u00ednev\u00e1ltoz\u00e1s az apostolok lelk\u00e9ben er\u0151s\u00edtette meg a hitet. Ez a dics\u0151s\u00e9g v\u00e1r mindazokra, akik h\u0171s\u00e9gesek J\u00e9zushoz \u00e9s vele hordozz\u00e1k keresztj\u00fcket.\u00a0<\/em><\/span><\/p>\n<p><span style=\"color: #993366;\"><em>&#8211; Az olvasm\u00e1nyban \u00c1brah\u00e1m pr\u00f3bat\u00e9tel\u00e9r\u0151l olvashatunk. Igazi dr\u00e1ma, annak minden elem\u00e9vel! K\u00e9sz a legnagyobb \u00e1ldozatra is. Ez a fajta k\u00e9szs\u00e9g v\u00e9g\u00fcl gy\u00fcm\u00f6lcs\u00f6t terem sz\u00e1m\u00e1ra, hiszen neki az Isten akarata volt a d\u00f6nt\u0151.\u00a0<\/em><\/span><\/p>\n<p><span style=\"color: #993366;\"><em>&#8211; A szentlecke a nemzetek apostol\u00e1nak, Szent P\u00e1l apostolnak szem\u00e9lyes tan\u00fas\u00e1gt\u00e9tel\u00e9t tartalmazza. &#8222;Ha Isten vel\u00fcnk, ki ellen\u00fcnk?&#8221;. Egy\u00e9nileg mi is ebb\u0151l a szem\u00e9lyes tan\u00fas\u00e1gtev\u00e9sb\u0151l mer\u00edthet\u00fcnk er\u0151t megannyi, olykor rem\u00e9nytelennek t\u0171n\u0151 k\u00fczdelm\u00fcnkh\u00f6z. Az els\u0151 l\u00e9p\u00e9s mindig az Isten ir\u00e1nti bizalmunk meger\u0151s\u00edt\u00e9se.<\/em><\/span><\/p>\n<p><span style=\"color: #993366;\"><em>&#8211; A mai evang\u00e9liumi jelenet mindig visszat\u00e9r\u0151 tan\u00edt\u00e1s a nagyb\u00f6jt kegyelmi idej\u00e9ben. Itt most P\u00e9ter apostol vallom\u00e1s\u00e1t hallhatjuk: &#8222;Mester! Olyan j\u00f3 nek\u00fcnk itt lenn\u00fcnk!&#8221;. Aj\u00e1nd\u00e9k \u00e9s jutalom ez sz\u00e1mukra, hogy J\u00e9zussal v\u00e1llalt\u00e1k mag\u00e1t az utat, annak minden kih\u00edv\u00e1s\u00e1val. &#8211; Nincs ez m\u00e1sk\u00e9nt magunk \u00e9let\u00e9ben sem.\u00a0<\/em><\/span><\/p>\n<p><strong><span style=\"color: #993366;\">Kezd\u0151\u00e9nek:<\/span><\/strong><br \/>\nNeked mondta a sz\u00edvem: \u201ea te arcodat keresem, v\u00e1gyakozom a te arcod ut\u00e1n, Uram.\u201d Ne ford\u00edtsd el arcodat t\u0151lem! (V\u00f6. Zsolt 26,8-9)<br \/>\n<span style=\"color: #993366;\"><em>Vagy<\/em><\/span><br \/>\nEml\u00e9kezz\u00e9l meg, Urunk, k\u00f6ny\u00f6r\u00fcletedr\u0151l \u00e9s irgalmass\u00e1godr\u00f3l, mely \u00f6r\u00f6kt\u0151l val\u00f3! Ne uralkodjanak ellens\u00e9geink f\u00f6l\u00f6tt\u00fcnk; szabad\u00edts meg, Izrael Istene, minden szorongattat\u00e1sunkb\u00f3l! (V\u00f6. Zsolt 24.6.3.22)<\/p>\n<p><strong><span style=\"color: #993366;\">K\u00f6ny\u00f6rg\u00e9s:<\/span><\/strong><br \/>\nIsten\u00fcnk, te megparancsoltad nek\u00fcnk, hogy szeretett Fiadra hallgassunk. K\u00e9r\u00fcnk, t\u00e1pl\u00e1ld lelk\u00fcnket szent ig\u00e9ddel, hogy lelki \u00f6r\u00f6mmel szeml\u00e9lhess\u00fck dics\u0151s\u00e9gedet! A mi Urunk, J\u00e9zus Krisztus, a te Fiad \u00e1ltal, aki veled \u00e9l \u00e9s uralkodik a Szentl\u00e9lekkel egys\u00e9gben, Isten mind\u00f6r\u00f6kk\u00f6n \u00f6r\u00f6kk\u00e9.<\/p>\n<p align=\"justify\"><span style=\"color: #993366;\"><strong>OLVASM\u00c1NY M\u00f3zes els\u0151 k\u00f6nyv\u00e9b\u0151l (Ter 22,1-2.9a.10-13.15-18)<\/strong><\/span><br \/>\nIsten pr\u00f3b\u00e1ra tette \u00c1brah\u00e1mot \u00e9s \u00edgy sz\u00f3lt hozz\u00e1: \u201e\u00c1brah\u00e1m, \u00c1brah\u00e1m!\u201d \u201eItt vagyok\u201d \u2013 felelte. Akkor ezt mondta neki: \u201eVedd egyetlen fiadat, akit szeretsz, Izs\u00e1kot, menj Morija f\u00f6ldj\u00e9re, s ott mutasd be \u00e9g\u0151\u00e1ldozatul azon a helyen, amelyet majd mutatok neked.\u201d Amikor meg\u00e9rkeztek a helyre, amelyet Isten mondott neki, \u00c1brah\u00e1m meg\u00e9p\u00edtette az olt\u00e1rt, r\u00e1rakta a f\u00e1t, kiny\u00fajtotta kez\u00e9t, \u00e9s vette a k\u00e9st, hogy fel\u00e1ldozza a fi\u00e1t. De az \u00dar angyala r\u00e1sz\u00f3lt az \u00e9gb\u0151l, \u00e9s azt mondta: \u201e\u00c1brah\u00e1m, \u00c1brah\u00e1m!\u201d \u201eItt vagyok\u201d \u2013 felelte. Az angyal folytatta: \u201eNe ny\u00fajtsd ki kezedet a fi\u00fa fel\u00e9 \u00e9s ne \u00e1rts neki. Most m\u00e1r tudom, hogy f\u00e9led az Istent, \u00e9s egyetlen fiadat nem tagadtad meg t\u0151lem.\u201d Amikor \u00c1brah\u00e1m f\u00f6lemelte szem\u00e9t, l\u00e1tott egy kost, amely szarv\u00e1n\u00e1l fogva fennakadt a boz\u00f3tban. \u00c1brah\u00e1m odament, megfogta a kost \u00e9s fel\u00e1ldozta \u00e9g\u0151\u00e1ldozatul fia helyett.<br \/>\nAzut\u00e1n az \u00dar angyala az \u00e9gb\u0151l m\u00e1sodszor is sz\u00f3lt \u00c1brah\u00e1mhoz, \u00e9s mondta: \u201eMagamra esk\u00fcsz\u00f6m \u2013 ez az \u00dar szava \u2013, hogy mivel ezt tetted \u00e9s egyetlen fiadat nem tagadtad meg t\u0151lem, gazdagon meg\u00e1ldalak. Ut\u00f3daidat megsokas\u00edtom, mint az \u00e9g csillagait \u00e9s mint a tengerpart f\u00f6veny\u00e9t; ut\u00f3daid elfoglalj\u00e1k majd az ellens\u00e9g kapuj\u00e1t. Ut\u00f3daid \u00e1ltal nyer \u00e1ld\u00e1st a f\u00f6ld minden n\u00e9pe, mivel hallgatt\u00e1l a szavamra.\u201d<br \/>\nEz az Isten ig\u00e9je.<\/p>\n<p align=\"justify\"><span style=\"color: #993366;\"><strong>V\u00c1LASZOS ZSOLT\u00c1R (Zsolt 115,10 \u00e9s 15.16-17.18-19)<\/strong><\/span><br \/>\nV\u00e1lasz:\u00a0<strong>Az \u00dar sz\u00edne\u00a0<u>e<\/u>l\u0151tt j\u00e1rok, * az \u00e9l\u0151k f\u00f6ld<u>j\u00e9n<\/u>.<\/strong>\u00a0(4 G. t\u00f3nus.)<br \/>\nEl\u0151\u00e9nekes: Er\u0151s az \u00e9n hitem, b\u00e1r\u00a0<u>gyak<\/u>ran mondtam: * \u201eEngem nagyon megal\u00e1z<u>tak<\/u>.\u201d<br \/>\nDr\u00e1ga dolog az \u00dar\u00a0<u>sz\u00ed<\/u>ne el\u0151tt * szentjei dics\u0151 hal\u00e1<u>la<\/u>.<br \/>\nH\u00edvek:\u00a0<strong>Az \u00dar sz\u00edne\u00a0<u>e<\/u>l\u0151tt j\u00e1rok, * az \u00e9l\u0151k f\u00f6ld<u>j\u00e9n<\/u>.<\/strong><br \/>\nE: \u00d3, Uram, \u00e9n a te\u00a0<u>szol<\/u>g\u00e1d vagyok, * szolg\u00e1d vagyok \u00e9s szolg\u00e1l\u00f3d gyerme<u>ke<\/u>.<br \/>\nBilincseimet sz\u00e9jjelt\u00f6r<u>ted<\/u>, \u2020 bemutatom n\u00e9ked a dics\u00e9ret\u00a0<u>\u00e1l<\/u>dozat\u00e1t, * \u00e9s az \u00dar nev\u00e9t h\u00edvom seg\u00edts\u00e9<u>g\u00fcl<\/u>.<br \/>\nH:\u00a0<strong>Az \u00dar sz\u00edne\u00a0<u>e<\/u>l\u0151tt j\u00e1rok, * az \u00e9l\u0151k f\u00f6ld<u>j\u00e9n<\/u>.<\/strong><br \/>\nE: Megadom az \u00darnak,\u00a0<u>a<\/u>mit fogadtam, * eg\u00e9sz n\u00e9p\u00e9nek sz\u00edne e<u>l\u0151tt<\/u>.<br \/>\nAz \u00dar h\u00e1<u>z\u00e1<\/u>nak udvar\u00e1n, * a te falaid k\u00f6z\u00f6tt, Jeruzs\u00e1<u>lem<\/u>.<br \/>\nH:\u00a0<strong>Az \u00dar sz\u00edne\u00a0<u>e<\/u>l\u0151tt j\u00e1rok, * az \u00e9l\u0151k f\u00f6ld<u>j\u00e9n<\/u>.<\/strong><\/p>\n<p align=\"justify\"><span style=\"color: #993366;\"><strong>SZENTLECKE Szent P\u00e1l apostolnak a r\u00f3maiakhoz \u00edrt level\u00e9b\u0151l (R\u00f3m 8,31b-34)<\/strong><\/span><br \/>\nTestv\u00e9reim!<br \/>\nHa Isten vel\u00fcnk, ki ellen\u00fcnk? Aki nem k\u00edm\u00e9lte saj\u00e1t Fi\u00e1t, hanem mindny\u00e1junk\u00e9rt \u00e1ldozatul adta, hogyne aj\u00e1nd\u00e9kozna nek\u00fcnk vele egy\u00fctt mindent? Ki emel v\u00e1dat Isten v\u00e1lasztottai ellen? Isten, aki a megigazul\u00e1st adta? Ki \u00edt\u00e9l el? Krisztus J\u00e9zus, aki meghalt, s\u0151t fel is t\u00e1madt, \u00e9s az Isten jobbj\u00e1n k\u00f6zbenj\u00e1r \u00e9rt\u00fcnk?<br \/>\nEz az Isten ig\u00e9je.<\/p>\n<p align=\"justify\"><span style=\"color: #993366;\"><strong>EVANG\u00c9LIUM EL\u0150TTI VERS<\/strong><\/span><br \/>\nA f\u00e9nyes felh\u0151b\u0151l az Atya\u00a0<u>sz\u00f3<\/u>zata hallatszott: * \u201eEz az \u00e9n szeretett Fiam,\u00a0<u>\u0151t<\/u>\u00a0hallgass\u00e1tok!\u201d (Mt 17,5 \u2013 3a. t\u00f3nus.)<\/p>\n<p align=\"justify\"><span style=\"color: #993366;\"><strong>\u2020 EVANG\u00c9LIUM Szent M\u00e1rk k\u00f6nyv\u00e9b\u0151l (Mk 9,2-10)<\/strong><\/span><br \/>\nAbban az id\u0151ben: J\u00e9zus maga mell\u00e9 vette P\u00e9tert, Jakabot \u00e9s J\u00e1nost, \u00e9s egyed\u00fcl vel\u00fck f\u00f6lment egy magas hegyre. Ott elv\u00e1ltozott el\u0151tt\u00fck. Ruh\u00e1ja olyan ragyog\u00f3 feh\u00e9r lett, hogy a f\u00f6ld\u00f6n semmif\u00e9le kelmefest\u0151 nem k\u00e9pes \u00edgy a ruh\u00e1t kifeh\u00e9r\u00edteni. Egyszerre megjelent nekik Ill\u00e9s \u00e9s M\u00f3zes, \u00e9s besz\u00e9lgettek J\u00e9zussal.<br \/>\nP\u00e9ter ekkor ezt mondta J\u00e9zusnak: \u201eMester! Olyan j\u00f3 nek\u00fcnk itt lenn\u00fcnk! K\u00e9sz\u00edts\u00fcnk h\u00e1rom s\u00e1trat: neked egyet, M\u00f3zesnek egyet \u00e9s Ill\u00e9snek egyet!\u201d Nem is tudta, mit mond, annyira meg voltak ijedve.<br \/>\nEkkor felh\u0151 \u00e1rny\u00e9kolta be \u0151ket, \u00e9s a felh\u0151b\u0151l sz\u00f3zat hallatszott: \u201eEz az \u00e9n szeretett Fiam, \u0151t hallgass\u00e1tok!\u201d Mire k\u00f6r\u00fcln\u00e9ztek, m\u00e1r senkit sem l\u00e1ttak, csak J\u00e9zust egymag\u00e1t.<br \/>\nA hegyr\u0151l lej\u00f6vet megparancsolta nekik, hogy ne mondj\u00e1k el senkinek, amit l\u00e1ttak, am\u00edg az Emberfia fel nem t\u00e1mad a holtak k\u00f6z\u00fcl. A parancsot megtartott\u00e1k, de maguk k\u00f6z\u00f6tt megvitatt\u00e1k, hogy mit jelenthet az, hogy felt\u00e1mad a holtak k\u00f6z\u00fcl.<br \/>\nEzek az evang\u00e9lium ig\u00e9i.<\/p>\n<p><span style=\"color: #993366;\"><strong>EGYETEMES K\u00d6NY\u00d6RG\u00c9SEK<\/strong><\/span><br \/>\nPap: Im\u00e1dkozzunk, testv\u00e9reim, hogy megismerve Isten hat\u00e1rtalan szeretet\u00e9t igaz b\u0171nb\u00e1natra induljunk!<br \/>\nLektor:<br \/>\n1. Add, Urunk, hogy az eg\u00e9sz vil\u00e1g felismerje Krisztusban egysz\u00fcl\u00f6tt Fiadat, a vil\u00e1g \u00dcdv\u00f6z\u00edt\u0151j\u00e9t!<br \/>\nH\u00edvek: K\u00e9r\u00fcnk T\u00e9ged, hallgass meg minket!<br \/>\n2. Add, Urunk, hogy Egyh\u00e1zad a nagyb\u00f6jt idej\u00e9n b\u0171nb\u00e1natban meg\u00fajulva k\u00e9sz\u00fclj\u00f6n h\u00fasv\u00e9t \u00fcnnep\u00e9re!<br \/>\nH\u00edvek: K\u00e9r\u00fcnk T\u00e9ged, hallgass meg minket!<br \/>\n3. Add, hogy a n\u00e9pek \u00f6nzetlen\u00fcl t\u00e1mogass\u00e1k egym\u00e1st a nyomor megsz\u00fcntet\u00e9s\u00e9ben!<br \/>\nH\u00edvek: K\u00e9r\u00fcnk T\u00e9ged, hallgass meg minket!<br \/>\n4. Add, hogy a szentmise\u00e1ldozat kegyelmeib\u0151l er\u0151t mer\u00edtsenek szenved\u0151 \u00e9s gondokkal k\u00fczd\u0151 embert\u00e1rsaink!<br \/>\nH\u00edvek: K\u00e9r\u00fcnk T\u00e9ged, hallgass meg minket!<br \/>\n5. Add, hogy v\u00e9gs\u0151 \u00f3r\u00e1nk felk\u00e9sz\u00fclve b\u0171nb\u00e1natban tal\u00e1ljon benn\u00fcnket<br \/>\nH\u00edvek: K\u00e9r\u00fcnk T\u00e9ged, hallgass meg minket!<br \/>\nPap: Mindenhat\u00f3 Aty\u00e1nk! Te egysz\u00fcl\u00f6tt Fiadat adtad a vil\u00e1g \u00e9let\u00e9\u00e9rt. Seg\u00edts minket gyenges\u00e9g\u00fcnkben, hogy kegyelmedet vissza ne utas\u00edtsuk, \u00e9s \u00edgy elnyerj\u00fck a megv\u00e1lt\u00e1s gy\u00fcm\u00f6lcseit! Krisztus, a mi Urunk \u00e1ltal.<br \/>\nH\u00edvek: \u00c1men.<\/p>\n<p><span style=\"color: #993366;\"><strong>Felaj\u00e1nl\u00f3 k\u00f6ny\u00f6rg\u00e9s:<\/strong><\/span><br \/>\nK\u00e9r\u00fcnk, Isten\u00fcnk, ez az \u00e1ldozat tiszt\u00edtson meg v\u00e9tkeinkt\u0151l, szentelje meg szolg\u00e1id test\u00e9t \u00e9s lelk\u00e9t, hogy m\u00e9lt\u00f3 m\u00f3don \u00fclj\u00fck meg h\u00fasv\u00e9t \u00fcnnep\u00e9t. Krisztus, a mi Urunk \u00e1ltal.<\/p>\n<p><span style=\"color: #993366;\"><strong>Pref\u00e1ci\u00f3:<\/strong><\/span><br \/>\nAz \u00dar legyen veletek.<br \/>\nH.: \u00c9s a te lelkeddel.<br \/>\nEmelj\u00fck f\u00f6l sz\u00edv\u00fcnket.<br \/>\nH.: F\u00f6lemelt\u00fck az \u00darhoz.<br \/>\nAdjunk h\u00e1l\u00e1t Urunknak, Isten\u00fcnknek.<br \/>\nH.: M\u00e9lt\u00f3 \u00e9s igazs\u00e1gos.<br \/>\n(Mert) Val\u00f3ban m\u00e9lt\u00f3 \u00e9s igazs\u00e1gos, ill\u0151 \u00e9s \u00fcdv\u00f6s, hogy mindig \u00e9s minden\u00fctt h\u00e1l\u00e1t adjunk n\u00e9ked, mi Urunk, szents\u00e9ges Aty\u00e1nk, mindenhat\u00f3 \u00f6r\u00f6k Isten: \u2013 Krisztus, a mi Urunk \u00e1ltal.<br \/>\n\u0150 tan\u00edtv\u00e1nyainak saj\u00e1t hal\u00e1l\u00e1t el\u0151re megmondta, \u2013 a szent hegyen megmutatta n\u00e9kik dics\u0151s\u00e9g\u00e9nek f\u00e9ny\u00e9t.<br \/>\n\u00cdgy vil\u00e1goss\u00e1 tette sz\u00e1munkra, amit a t\u00f6rv\u00e9ny \u00e9s a pr\u00f3f\u00e9t\u00e1k tan\u00fas\u00e1ga hirdet, hogy szenved\u00e9s\u00e9re a felt\u00e1mad\u00e1s \u00f6r\u00f6k f\u00e9nye virrad.<br \/>\n(\u00c9s) Ez\u00e9rt a mennyei hatalmas angyalokkal egy\u00fctt a f\u00f6ld\u00f6n mi is sz\u00fcntelen\u00fcl magasztalunk t\u00e9ged, \u2013 f\u00f6ls\u00e9gedet dics\u00e9rj\u00fck, \u00e9s hangos sz\u00f3val v\u00e9g n\u00e9lk\u00fcl mondjuk (zengj\u00fck):<\/p>\n<p><span style=\"color: #993366;\"><strong>\u00c1ldoz\u00e1si \u00e9nek:<\/strong><\/span><br \/>\nEz az \u00e9n szeretett Fiam, akiben kedvem telik, \u0151t hallgass\u00e1tok! (Mt 17,5)<\/p>\n<p><span style=\"color: #993366;\"><strong>\u00c1ldoz\u00e1s ut\u00e1ni k\u00f6ny\u00f6rg\u00e9s:<\/strong><\/span><br \/>\nDics\u0151s\u00e9ges szent titkokat magunkhoz v\u00e9ve, h\u00e1l\u00e1t adunk neked, Urunk, mert m\u00e1r itt a f\u00f6ld\u00f6n mennyei aj\u00e1nd\u00e9kaidban r\u00e9szes\u00edtesz minket. Krisztus, a mi Urunk \u00e1ltal.<\/p>\n<p><span style=\"color: #993366;\"><em><strong>K\u00f6ny\u00f6rg\u00e9s a n\u00e9p\u00e9rt:<\/strong><\/em><\/span><br \/>\nIsten\u00fcnk, \u00f6r\u00f6k \u00e1ld\u00e1ssal \u00e1ldd meg h\u00edveidet, \u00e9s seg\u00edtsd \u00fagy ragaszkodni Egysz\u00fcl\u00f6tted evang\u00e9lium\u00e1hoz, hogy arra a dics\u0151s\u00e9gre v\u00e1gyakozzanak, amelyet apostolainak megmutatott, \u00e9s oda el is jussanak. Krisztus, a mi Urunk \u00e1ltal.<\/p>\n<p><em>(K\u00e9p forr\u00e1sa: Magyar Kur\u00edr)<\/em><\/p>\n","protected":false},"excerpt":{"rendered":"<p>Isten\u00e9lm\u00e9nyeink Az isten\u00e9lm\u00e9nyek, a jelen\u00e9sek nagy hat\u00e1ssal voltak az \u00d3sz\u00f6vets\u00e9g embereire, \u00c1brah\u00e1mra, M\u00f3zesre \u00e9s a pr\u00f3f\u00e9t\u00e1kra. A csod\u00e1latos sz\u00ednev\u00e1ltoz\u00e1s az apostolok lelk\u00e9ben er\u0151s\u00edtette meg a hitet. Ez a dics\u0151s\u00e9g v\u00e1r mindazokra, akik h\u0171s\u00e9gesek J\u00e9zushoz \u00e9s vele hordozz\u00e1k keresztj\u00fcket.\u00a0 &#8211; Az olvasm\u00e1nyban \u00c1brah\u00e1m pr\u00f3bat\u00e9tel\u00e9r\u0151l olvashatunk. Igazi dr\u00e1ma, annak minden elem\u00e9vel! K\u00e9sz a legnagyobb \u00e1ldozatra is. Ez a fajta k\u00e9szs\u00e9g v\u00e9g\u00fcl gy\u00fcm\u00f6lcs\u00f6t terem sz\u00e1m\u00e1ra, hiszen neki az Isten akarata volt a d\u00f6nt\u0151.\u00a0 &#8211; A szentlecke a nemzetek apostol\u00e1nak, Szent P\u00e1l apostolnak szem\u00e9lyes tan\u00fas\u00e1gt\u00e9tel\u00e9t tartalmazza. &#8222;Ha Isten vel\u00fcnk, ki ellen\u00fcnk?&#8221;. Egy\u00e9nileg mi is ebb\u0151l a szem\u00e9lyes tan\u00fas\u00e1gtev\u00e9sb\u0151l mer\u00edthet\u00fcnk er\u0151t megannyi, olykor rem\u00e9nytelennek t\u0171n\u0151 k\u00fczdelm\u00fcnkh\u00f6z. Az els\u0151 l\u00e9p\u00e9s mindig az Isten ir\u00e1nti bizalmunk meger\u0151s\u00edt\u00e9se. &#8211; A mai evang\u00e9liumi jelenet mindig visszat\u00e9r\u0151 tan\u00edt\u00e1s a nagyb\u00f6jt kegyelmi idej\u00e9ben. Itt most P\u00e9ter apostol vallom\u00e1s\u00e1t hallhatjuk: &#8222;Mester! Olyan j\u00f3 nek\u00fcnk itt lenn\u00fcnk!&#8221;. Aj\u00e1nd\u00e9k \u00e9s jutalom ez sz\u00e1mukra, hogy J\u00e9zussal v\u00e1llalt\u00e1k mag\u00e1t az utat, annak minden kih\u00edv\u00e1s\u00e1val. &#8211; Nincs ez m\u00e1sk\u00e9nt magunk \u00e9let\u00e9ben sem.\u00a0 Kezd\u0151\u00e9nek: Neked mondta a sz\u00edvem: \u201ea te arcodat keresem, v\u00e1gyakozom a te arcod ut\u00e1n, Uram.\u201d Ne ford\u00edtsd el arcodat t\u0151lem! (V\u00f6. Zsolt 26,8-9) Vagy Eml\u00e9kezz\u00e9l meg, Urunk, k\u00f6ny\u00f6r\u00fcletedr\u0151l \u00e9s irgalmass\u00e1godr\u00f3l, mely \u00f6r\u00f6kt\u0151l val\u00f3! Ne uralkodjanak ellens\u00e9geink f\u00f6l\u00f6tt\u00fcnk; szabad\u00edts meg, Izrael Istene, minden szorongattat\u00e1sunkb\u00f3l! (V\u00f6. Zsolt 24.6.3.22) K\u00f6ny\u00f6rg\u00e9s: Isten\u00fcnk, te megparancsoltad nek\u00fcnk, hogy szeretett Fiadra hallgassunk. K\u00e9r\u00fcnk, t\u00e1pl\u00e1ld lelk\u00fcnket szent ig\u00e9ddel, hogy lelki \u00f6r\u00f6mmel szeml\u00e9lhess\u00fck dics\u0151s\u00e9gedet! A mi Urunk, J\u00e9zus Krisztus, a te Fiad \u00e1ltal, aki veled \u00e9l \u00e9s uralkodik a Szentl\u00e9lekkel egys\u00e9gben, Isten mind\u00f6r\u00f6kk\u00f6n \u00f6r\u00f6kk\u00e9. OLVASM\u00c1NY M\u00f3zes els\u0151 k\u00f6nyv\u00e9b\u0151l (Ter 22,1-2.9a.10-13.15-18) Isten pr\u00f3b\u00e1ra tette \u00c1brah\u00e1mot \u00e9s \u00edgy sz\u00f3lt hozz\u00e1: \u201e\u00c1brah\u00e1m, \u00c1brah\u00e1m!\u201d \u201eItt vagyok\u201d \u2013 felelte. Akkor ezt mondta neki: \u201eVedd egyetlen fiadat, akit szeretsz, Izs\u00e1kot, menj Morija f\u00f6ldj\u00e9re, s ott mutasd be \u00e9g\u0151\u00e1ldozatul azon a helyen, amelyet majd mutatok neked.\u201d Amikor meg\u00e9rkeztek a helyre, amelyet Isten mondott neki, \u00c1brah\u00e1m meg\u00e9p\u00edtette az olt\u00e1rt, r\u00e1rakta a f\u00e1t,&#8230; <\/p>\n<p><a class=\"readmore\" href=\"https:\/\/stuttgarti-katolikusok.de\/index.php\/nagybojt-2-vasarnap\/\">R\u00e9szletek<\/a><\/p>\n","protected":false},"author":3,"featured_media":28416,"comment_status":"closed","ping_status":"closed","sticky":false,"template":"","format":"standard","meta":{"footnotes":""},"categories":[85,63],"tags":[],"class_list":["post-28414","post","type-post","status-publish","format-standard","has-post-thumbnail","hentry","category-a-liturgia-olvasmanyai","category-vasarnapi-gondolatok"],"yoast_head":"<!-- This site is optimized with the Yoast SEO plugin v27.3 - https:\/\/yoast.com\/product\/yoast-seo-wordpress\/ -->\n<title>Nagyb\u00f6jt 2. vas\u00e1rnap - Stuttgarti Katolikusok<\/title>\n<meta name=\"robots\" content=\"index, follow, max-snippet:-1, max-image-preview:large, max-video-preview:-1\" \/>\n<link rel=\"canonical\" href=\"https:\/\/stuttgarti-katolikusok.de\/index.php\/nagybojt-2-vasarnap\/\" \/>\n<meta property=\"og:locale\" content=\"hu_HU\" \/>\n<meta property=\"og:type\" content=\"article\" \/>\n<meta property=\"og:title\" content=\"Nagyb\u00f6jt 2. vas\u00e1rnap - Stuttgarti Katolikusok\" \/>\n<meta property=\"og:description\" content=\"Isten\u00e9lm\u00e9nyeink Az isten\u00e9lm\u00e9nyek, a jelen\u00e9sek nagy hat\u00e1ssal voltak az \u00d3sz\u00f6vets\u00e9g embereire, \u00c1brah\u00e1mra, M\u00f3zesre \u00e9s a pr\u00f3f\u00e9t\u00e1kra. A csod\u00e1latos sz\u00ednev\u00e1ltoz\u00e1s az apostolok lelk\u00e9ben er\u0151s\u00edtette meg a hitet. Ez a dics\u0151s\u00e9g v\u00e1r mindazokra, akik h\u0171s\u00e9gesek J\u00e9zushoz \u00e9s vele hordozz\u00e1k keresztj\u00fcket.\u00a0 &#8211; Az olvasm\u00e1nyban \u00c1brah\u00e1m pr\u00f3bat\u00e9tel\u00e9r\u0151l olvashatunk. Igazi dr\u00e1ma, annak minden elem\u00e9vel! K\u00e9sz a legnagyobb \u00e1ldozatra is. Ez a fajta k\u00e9szs\u00e9g v\u00e9g\u00fcl gy\u00fcm\u00f6lcs\u00f6t terem sz\u00e1m\u00e1ra, hiszen neki az Isten akarata volt a d\u00f6nt\u0151.\u00a0 &#8211; A szentlecke a nemzetek apostol\u00e1nak, Szent P\u00e1l apostolnak szem\u00e9lyes tan\u00fas\u00e1gt\u00e9tel\u00e9t tartalmazza. &#8222;Ha Isten vel\u00fcnk, ki ellen\u00fcnk?&#8221;. Egy\u00e9nileg mi is ebb\u0151l a szem\u00e9lyes tan\u00fas\u00e1gtev\u00e9sb\u0151l mer\u00edthet\u00fcnk er\u0151t megannyi, olykor rem\u00e9nytelennek t\u0171n\u0151 k\u00fczdelm\u00fcnkh\u00f6z. Az els\u0151 l\u00e9p\u00e9s mindig az Isten ir\u00e1nti bizalmunk meger\u0151s\u00edt\u00e9se. &#8211; A mai evang\u00e9liumi jelenet mindig visszat\u00e9r\u0151 tan\u00edt\u00e1s a nagyb\u00f6jt kegyelmi idej\u00e9ben. Itt most P\u00e9ter apostol vallom\u00e1s\u00e1t hallhatjuk: &#8222;Mester! Olyan j\u00f3 nek\u00fcnk itt lenn\u00fcnk!&#8221;. Aj\u00e1nd\u00e9k \u00e9s jutalom ez sz\u00e1mukra, hogy J\u00e9zussal v\u00e1llalt\u00e1k mag\u00e1t az utat, annak minden kih\u00edv\u00e1s\u00e1val. &#8211; Nincs ez m\u00e1sk\u00e9nt magunk \u00e9let\u00e9ben sem.\u00a0 Kezd\u0151\u00e9nek: Neked mondta a sz\u00edvem: \u201ea te arcodat keresem, v\u00e1gyakozom a te arcod ut\u00e1n, Uram.\u201d Ne ford\u00edtsd el arcodat t\u0151lem! (V\u00f6. Zsolt 26,8-9) Vagy Eml\u00e9kezz\u00e9l meg, Urunk, k\u00f6ny\u00f6r\u00fcletedr\u0151l \u00e9s irgalmass\u00e1godr\u00f3l, mely \u00f6r\u00f6kt\u0151l val\u00f3! Ne uralkodjanak ellens\u00e9geink f\u00f6l\u00f6tt\u00fcnk; szabad\u00edts meg, Izrael Istene, minden szorongattat\u00e1sunkb\u00f3l! (V\u00f6. Zsolt 24.6.3.22) K\u00f6ny\u00f6rg\u00e9s: Isten\u00fcnk, te megparancsoltad nek\u00fcnk, hogy szeretett Fiadra hallgassunk. K\u00e9r\u00fcnk, t\u00e1pl\u00e1ld lelk\u00fcnket szent ig\u00e9ddel, hogy lelki \u00f6r\u00f6mmel szeml\u00e9lhess\u00fck dics\u0151s\u00e9gedet! A mi Urunk, J\u00e9zus Krisztus, a te Fiad \u00e1ltal, aki veled \u00e9l \u00e9s uralkodik a Szentl\u00e9lekkel egys\u00e9gben, Isten mind\u00f6r\u00f6kk\u00f6n \u00f6r\u00f6kk\u00e9. OLVASM\u00c1NY M\u00f3zes els\u0151 k\u00f6nyv\u00e9b\u0151l (Ter 22,1-2.9a.10-13.15-18) Isten pr\u00f3b\u00e1ra tette \u00c1brah\u00e1mot \u00e9s \u00edgy sz\u00f3lt hozz\u00e1: \u201e\u00c1brah\u00e1m, \u00c1brah\u00e1m!\u201d \u201eItt vagyok\u201d \u2013 felelte. Akkor ezt mondta neki: \u201eVedd egyetlen fiadat, akit szeretsz, Izs\u00e1kot, menj Morija f\u00f6ldj\u00e9re, s ott mutasd be \u00e9g\u0151\u00e1ldozatul azon a helyen, amelyet majd mutatok neked.\u201d Amikor meg\u00e9rkeztek a helyre, amelyet Isten mondott neki, \u00c1brah\u00e1m meg\u00e9p\u00edtette az olt\u00e1rt, r\u00e1rakta a f\u00e1t,... R\u00e9szletek\" \/>\n<meta property=\"og:url\" content=\"https:\/\/stuttgarti-katolikusok.de\/index.php\/nagybojt-2-vasarnap\/\" \/>\n<meta property=\"og:site_name\" content=\"Stuttgarti Katolikusok\" \/>\n<meta property=\"article:published_time\" content=\"2024-02-24T09:33:50+00:00\" \/>\n<meta property=\"article:modified_time\" content=\"2024-02-24T09:34:42+00:00\" \/>\n<meta property=\"og:image\" content=\"https:\/\/stuttgarti-katolikusok.de\/wp-content\/uploads\/2024\/02\/tabor-hegye-magyar-kurir.jpg\" \/>\n\t<meta property=\"og:image:width\" content=\"1400\" \/>\n\t<meta property=\"og:image:height\" content=\"929\" \/>\n\t<meta property=\"og:image:type\" content=\"image\/jpeg\" \/>\n<meta name=\"author\" content=\"Tibor atya\" \/>\n<meta name=\"twitter:card\" content=\"summary_large_image\" \/>\n<meta name=\"twitter:label1\" content=\"Szerz\u0151:\" \/>\n\t<meta name=\"twitter:data1\" content=\"Tibor atya\" \/>\n\t<meta name=\"twitter:label2\" content=\"Becs\u00fclt olvas\u00e1si id\u0151\" \/>\n\t<meta name=\"twitter:data2\" content=\"7 perc\" \/>\n<script type=\"application\/ld+json\" class=\"yoast-schema-graph\">{\"@context\":\"https:\\\/\\\/schema.org\",\"@graph\":[{\"@type\":\"Article\",\"@id\":\"https:\\\/\\\/stuttgarti-katolikusok.de\\\/index.php\\\/nagybojt-2-vasarnap\\\/#article\",\"isPartOf\":{\"@id\":\"https:\\\/\\\/stuttgarti-katolikusok.de\\\/index.php\\\/nagybojt-2-vasarnap\\\/\"},\"author\":{\"name\":\"Tibor atya\",\"@id\":\"https:\\\/\\\/stuttgarti-katolikusok.de\\\/#\\\/schema\\\/person\\\/75908d6f8fdc03a57889d27209df7795\"},\"headline\":\"Nagyb\u00f6jt 2. vas\u00e1rnap\",\"datePublished\":\"2024-02-24T09:33:50+00:00\",\"dateModified\":\"2024-02-24T09:34:42+00:00\",\"mainEntityOfPage\":{\"@id\":\"https:\\\/\\\/stuttgarti-katolikusok.de\\\/index.php\\\/nagybojt-2-vasarnap\\\/\"},\"wordCount\":1720,\"image\":{\"@id\":\"https:\\\/\\\/stuttgarti-katolikusok.de\\\/index.php\\\/nagybojt-2-vasarnap\\\/#primaryimage\"},\"thumbnailUrl\":\"https:\\\/\\\/stuttgarti-katolikusok.de\\\/wp-content\\\/uploads\\\/2024\\\/02\\\/tabor-hegye-magyar-kurir.jpg\",\"articleSection\":[\"A liturgia olvasm\u00e1nyai\",\"Vas\u00e1rnapi gondolatok\"],\"inLanguage\":\"hu\"},{\"@type\":\"WebPage\",\"@id\":\"https:\\\/\\\/stuttgarti-katolikusok.de\\\/index.php\\\/nagybojt-2-vasarnap\\\/\",\"url\":\"https:\\\/\\\/stuttgarti-katolikusok.de\\\/index.php\\\/nagybojt-2-vasarnap\\\/\",\"name\":\"Nagyb\u00f6jt 2. vas\u00e1rnap - Stuttgarti Katolikusok\",\"isPartOf\":{\"@id\":\"https:\\\/\\\/stuttgarti-katolikusok.de\\\/#website\"},\"primaryImageOfPage\":{\"@id\":\"https:\\\/\\\/stuttgarti-katolikusok.de\\\/index.php\\\/nagybojt-2-vasarnap\\\/#primaryimage\"},\"image\":{\"@id\":\"https:\\\/\\\/stuttgarti-katolikusok.de\\\/index.php\\\/nagybojt-2-vasarnap\\\/#primaryimage\"},\"thumbnailUrl\":\"https:\\\/\\\/stuttgarti-katolikusok.de\\\/wp-content\\\/uploads\\\/2024\\\/02\\\/tabor-hegye-magyar-kurir.jpg\",\"datePublished\":\"2024-02-24T09:33:50+00:00\",\"dateModified\":\"2024-02-24T09:34:42+00:00\",\"author\":{\"@id\":\"https:\\\/\\\/stuttgarti-katolikusok.de\\\/#\\\/schema\\\/person\\\/75908d6f8fdc03a57889d27209df7795\"},\"breadcrumb\":{\"@id\":\"https:\\\/\\\/stuttgarti-katolikusok.de\\\/index.php\\\/nagybojt-2-vasarnap\\\/#breadcrumb\"},\"inLanguage\":\"hu\",\"potentialAction\":[{\"@type\":\"ReadAction\",\"target\":[\"https:\\\/\\\/stuttgarti-katolikusok.de\\\/index.php\\\/nagybojt-2-vasarnap\\\/\"]}]},{\"@type\":\"ImageObject\",\"inLanguage\":\"hu\",\"@id\":\"https:\\\/\\\/stuttgarti-katolikusok.de\\\/index.php\\\/nagybojt-2-vasarnap\\\/#primaryimage\",\"url\":\"https:\\\/\\\/stuttgarti-katolikusok.de\\\/wp-content\\\/uploads\\\/2024\\\/02\\\/tabor-hegye-magyar-kurir.jpg\",\"contentUrl\":\"https:\\\/\\\/stuttgarti-katolikusok.de\\\/wp-content\\\/uploads\\\/2024\\\/02\\\/tabor-hegye-magyar-kurir.jpg\",\"width\":1400,\"height\":929},{\"@type\":\"BreadcrumbList\",\"@id\":\"https:\\\/\\\/stuttgarti-katolikusok.de\\\/index.php\\\/nagybojt-2-vasarnap\\\/#breadcrumb\",\"itemListElement\":[{\"@type\":\"ListItem\",\"position\":1,\"name\":\"Kezd\u0151lap\",\"item\":\"https:\\\/\\\/stuttgarti-katolikusok.de\\\/\"},{\"@type\":\"ListItem\",\"position\":2,\"name\":\"Nagyb\u00f6jt 2. vas\u00e1rnap\"}]},{\"@type\":\"WebSite\",\"@id\":\"https:\\\/\\\/stuttgarti-katolikusok.de\\\/#website\",\"url\":\"https:\\\/\\\/stuttgarti-katolikusok.de\\\/\",\"name\":\"Stuttgarti Katolikusok\",\"description\":\"\",\"potentialAction\":[{\"@type\":\"SearchAction\",\"target\":{\"@type\":\"EntryPoint\",\"urlTemplate\":\"https:\\\/\\\/stuttgarti-katolikusok.de\\\/?s={search_term_string}\"},\"query-input\":{\"@type\":\"PropertyValueSpecification\",\"valueRequired\":true,\"valueName\":\"search_term_string\"}}],\"inLanguage\":\"hu\"},{\"@type\":\"Person\",\"@id\":\"https:\\\/\\\/stuttgarti-katolikusok.de\\\/#\\\/schema\\\/person\\\/75908d6f8fdc03a57889d27209df7795\",\"name\":\"Tibor atya\",\"image\":{\"@type\":\"ImageObject\",\"inLanguage\":\"hu\",\"@id\":\"https:\\\/\\\/secure.gravatar.com\\\/avatar\\\/61d268e57d1f4525b111222e29d2d5a7f8c420fdbf231ba5566a8ceac74fa960?s=96&d=mm&r=g\",\"url\":\"https:\\\/\\\/secure.gravatar.com\\\/avatar\\\/61d268e57d1f4525b111222e29d2d5a7f8c420fdbf231ba5566a8ceac74fa960?s=96&d=mm&r=g\",\"contentUrl\":\"https:\\\/\\\/secure.gravatar.com\\\/avatar\\\/61d268e57d1f4525b111222e29d2d5a7f8c420fdbf231ba5566a8ceac74fa960?s=96&d=mm&r=g\",\"caption\":\"Tibor atya\"},\"url\":\"https:\\\/\\\/stuttgarti-katolikusok.de\\\/index.php\\\/author\\\/tibor-atya\\\/\"}]}<\/script>\n<!-- \/ Yoast SEO plugin. -->","yoast_head_json":{"title":"Nagyb\u00f6jt 2. vas\u00e1rnap - Stuttgarti Katolikusok","robots":{"index":"index","follow":"follow","max-snippet":"max-snippet:-1","max-image-preview":"max-image-preview:large","max-video-preview":"max-video-preview:-1"},"canonical":"https:\/\/stuttgarti-katolikusok.de\/index.php\/nagybojt-2-vasarnap\/","og_locale":"hu_HU","og_type":"article","og_title":"Nagyb\u00f6jt 2. vas\u00e1rnap - Stuttgarti Katolikusok","og_description":"Isten\u00e9lm\u00e9nyeink Az isten\u00e9lm\u00e9nyek, a jelen\u00e9sek nagy hat\u00e1ssal voltak az \u00d3sz\u00f6vets\u00e9g embereire, \u00c1brah\u00e1mra, M\u00f3zesre \u00e9s a pr\u00f3f\u00e9t\u00e1kra. A csod\u00e1latos sz\u00ednev\u00e1ltoz\u00e1s az apostolok lelk\u00e9ben er\u0151s\u00edtette meg a hitet. Ez a dics\u0151s\u00e9g v\u00e1r mindazokra, akik h\u0171s\u00e9gesek J\u00e9zushoz \u00e9s vele hordozz\u00e1k keresztj\u00fcket.\u00a0 &#8211; Az olvasm\u00e1nyban \u00c1brah\u00e1m pr\u00f3bat\u00e9tel\u00e9r\u0151l olvashatunk. Igazi dr\u00e1ma, annak minden elem\u00e9vel! K\u00e9sz a legnagyobb \u00e1ldozatra is. Ez a fajta k\u00e9szs\u00e9g v\u00e9g\u00fcl gy\u00fcm\u00f6lcs\u00f6t terem sz\u00e1m\u00e1ra, hiszen neki az Isten akarata volt a d\u00f6nt\u0151.\u00a0 &#8211; A szentlecke a nemzetek apostol\u00e1nak, Szent P\u00e1l apostolnak szem\u00e9lyes tan\u00fas\u00e1gt\u00e9tel\u00e9t tartalmazza. &#8222;Ha Isten vel\u00fcnk, ki ellen\u00fcnk?&#8221;. Egy\u00e9nileg mi is ebb\u0151l a szem\u00e9lyes tan\u00fas\u00e1gtev\u00e9sb\u0151l mer\u00edthet\u00fcnk er\u0151t megannyi, olykor rem\u00e9nytelennek t\u0171n\u0151 k\u00fczdelm\u00fcnkh\u00f6z. Az els\u0151 l\u00e9p\u00e9s mindig az Isten ir\u00e1nti bizalmunk meger\u0151s\u00edt\u00e9se. &#8211; A mai evang\u00e9liumi jelenet mindig visszat\u00e9r\u0151 tan\u00edt\u00e1s a nagyb\u00f6jt kegyelmi idej\u00e9ben. Itt most P\u00e9ter apostol vallom\u00e1s\u00e1t hallhatjuk: &#8222;Mester! Olyan j\u00f3 nek\u00fcnk itt lenn\u00fcnk!&#8221;. Aj\u00e1nd\u00e9k \u00e9s jutalom ez sz\u00e1mukra, hogy J\u00e9zussal v\u00e1llalt\u00e1k mag\u00e1t az utat, annak minden kih\u00edv\u00e1s\u00e1val. &#8211; Nincs ez m\u00e1sk\u00e9nt magunk \u00e9let\u00e9ben sem.\u00a0 Kezd\u0151\u00e9nek: Neked mondta a sz\u00edvem: \u201ea te arcodat keresem, v\u00e1gyakozom a te arcod ut\u00e1n, Uram.\u201d Ne ford\u00edtsd el arcodat t\u0151lem! (V\u00f6. Zsolt 26,8-9) Vagy Eml\u00e9kezz\u00e9l meg, Urunk, k\u00f6ny\u00f6r\u00fcletedr\u0151l \u00e9s irgalmass\u00e1godr\u00f3l, mely \u00f6r\u00f6kt\u0151l val\u00f3! Ne uralkodjanak ellens\u00e9geink f\u00f6l\u00f6tt\u00fcnk; szabad\u00edts meg, Izrael Istene, minden szorongattat\u00e1sunkb\u00f3l! (V\u00f6. Zsolt 24.6.3.22) K\u00f6ny\u00f6rg\u00e9s: Isten\u00fcnk, te megparancsoltad nek\u00fcnk, hogy szeretett Fiadra hallgassunk. K\u00e9r\u00fcnk, t\u00e1pl\u00e1ld lelk\u00fcnket szent ig\u00e9ddel, hogy lelki \u00f6r\u00f6mmel szeml\u00e9lhess\u00fck dics\u0151s\u00e9gedet! A mi Urunk, J\u00e9zus Krisztus, a te Fiad \u00e1ltal, aki veled \u00e9l \u00e9s uralkodik a Szentl\u00e9lekkel egys\u00e9gben, Isten mind\u00f6r\u00f6kk\u00f6n \u00f6r\u00f6kk\u00e9. OLVASM\u00c1NY M\u00f3zes els\u0151 k\u00f6nyv\u00e9b\u0151l (Ter 22,1-2.9a.10-13.15-18) Isten pr\u00f3b\u00e1ra tette \u00c1brah\u00e1mot \u00e9s \u00edgy sz\u00f3lt hozz\u00e1: \u201e\u00c1brah\u00e1m, \u00c1brah\u00e1m!\u201d \u201eItt vagyok\u201d \u2013 felelte. Akkor ezt mondta neki: \u201eVedd egyetlen fiadat, akit szeretsz, Izs\u00e1kot, menj Morija f\u00f6ldj\u00e9re, s ott mutasd be \u00e9g\u0151\u00e1ldozatul azon a helyen, amelyet majd mutatok neked.\u201d Amikor meg\u00e9rkeztek a helyre, amelyet Isten mondott neki, \u00c1brah\u00e1m meg\u00e9p\u00edtette az olt\u00e1rt, r\u00e1rakta a f\u00e1t,... R\u00e9szletek","og_url":"https:\/\/stuttgarti-katolikusok.de\/index.php\/nagybojt-2-vasarnap\/","og_site_name":"Stuttgarti Katolikusok","article_published_time":"2024-02-24T09:33:50+00:00","article_modified_time":"2024-02-24T09:34:42+00:00","og_image":[{"width":1400,"height":929,"url":"https:\/\/stuttgarti-katolikusok.de\/wp-content\/uploads\/2024\/02\/tabor-hegye-magyar-kurir.jpg","type":"image\/jpeg"}],"author":"Tibor atya","twitter_card":"summary_large_image","twitter_misc":{"Szerz\u0151:":"Tibor atya","Becs\u00fclt olvas\u00e1si id\u0151":"7 perc"},"schema":{"@context":"https:\/\/schema.org","@graph":[{"@type":"Article","@id":"https:\/\/stuttgarti-katolikusok.de\/index.php\/nagybojt-2-vasarnap\/#article","isPartOf":{"@id":"https:\/\/stuttgarti-katolikusok.de\/index.php\/nagybojt-2-vasarnap\/"},"author":{"name":"Tibor atya","@id":"https:\/\/stuttgarti-katolikusok.de\/#\/schema\/person\/75908d6f8fdc03a57889d27209df7795"},"headline":"Nagyb\u00f6jt 2. vas\u00e1rnap","datePublished":"2024-02-24T09:33:50+00:00","dateModified":"2024-02-24T09:34:42+00:00","mainEntityOfPage":{"@id":"https:\/\/stuttgarti-katolikusok.de\/index.php\/nagybojt-2-vasarnap\/"},"wordCount":1720,"image":{"@id":"https:\/\/stuttgarti-katolikusok.de\/index.php\/nagybojt-2-vasarnap\/#primaryimage"},"thumbnailUrl":"https:\/\/stuttgarti-katolikusok.de\/wp-content\/uploads\/2024\/02\/tabor-hegye-magyar-kurir.jpg","articleSection":["A liturgia olvasm\u00e1nyai","Vas\u00e1rnapi gondolatok"],"inLanguage":"hu"},{"@type":"WebPage","@id":"https:\/\/stuttgarti-katolikusok.de\/index.php\/nagybojt-2-vasarnap\/","url":"https:\/\/stuttgarti-katolikusok.de\/index.php\/nagybojt-2-vasarnap\/","name":"Nagyb\u00f6jt 2. vas\u00e1rnap - Stuttgarti Katolikusok","isPartOf":{"@id":"https:\/\/stuttgarti-katolikusok.de\/#website"},"primaryImageOfPage":{"@id":"https:\/\/stuttgarti-katolikusok.de\/index.php\/nagybojt-2-vasarnap\/#primaryimage"},"image":{"@id":"https:\/\/stuttgarti-katolikusok.de\/index.php\/nagybojt-2-vasarnap\/#primaryimage"},"thumbnailUrl":"https:\/\/stuttgarti-katolikusok.de\/wp-content\/uploads\/2024\/02\/tabor-hegye-magyar-kurir.jpg","datePublished":"2024-02-24T09:33:50+00:00","dateModified":"2024-02-24T09:34:42+00:00","author":{"@id":"https:\/\/stuttgarti-katolikusok.de\/#\/schema\/person\/75908d6f8fdc03a57889d27209df7795"},"breadcrumb":{"@id":"https:\/\/stuttgarti-katolikusok.de\/index.php\/nagybojt-2-vasarnap\/#breadcrumb"},"inLanguage":"hu","potentialAction":[{"@type":"ReadAction","target":["https:\/\/stuttgarti-katolikusok.de\/index.php\/nagybojt-2-vasarnap\/"]}]},{"@type":"ImageObject","inLanguage":"hu","@id":"https:\/\/stuttgarti-katolikusok.de\/index.php\/nagybojt-2-vasarnap\/#primaryimage","url":"https:\/\/stuttgarti-katolikusok.de\/wp-content\/uploads\/2024\/02\/tabor-hegye-magyar-kurir.jpg","contentUrl":"https:\/\/stuttgarti-katolikusok.de\/wp-content\/uploads\/2024\/02\/tabor-hegye-magyar-kurir.jpg","width":1400,"height":929},{"@type":"BreadcrumbList","@id":"https:\/\/stuttgarti-katolikusok.de\/index.php\/nagybojt-2-vasarnap\/#breadcrumb","itemListElement":[{"@type":"ListItem","position":1,"name":"Kezd\u0151lap","item":"https:\/\/stuttgarti-katolikusok.de\/"},{"@type":"ListItem","position":2,"name":"Nagyb\u00f6jt 2. vas\u00e1rnap"}]},{"@type":"WebSite","@id":"https:\/\/stuttgarti-katolikusok.de\/#website","url":"https:\/\/stuttgarti-katolikusok.de\/","name":"Stuttgarti Katolikusok","description":"","potentialAction":[{"@type":"SearchAction","target":{"@type":"EntryPoint","urlTemplate":"https:\/\/stuttgarti-katolikusok.de\/?s={search_term_string}"},"query-input":{"@type":"PropertyValueSpecification","valueRequired":true,"valueName":"search_term_string"}}],"inLanguage":"hu"},{"@type":"Person","@id":"https:\/\/stuttgarti-katolikusok.de\/#\/schema\/person\/75908d6f8fdc03a57889d27209df7795","name":"Tibor atya","image":{"@type":"ImageObject","inLanguage":"hu","@id":"https:\/\/secure.gravatar.com\/avatar\/61d268e57d1f4525b111222e29d2d5a7f8c420fdbf231ba5566a8ceac74fa960?s=96&d=mm&r=g","url":"https:\/\/secure.gravatar.com\/avatar\/61d268e57d1f4525b111222e29d2d5a7f8c420fdbf231ba5566a8ceac74fa960?s=96&d=mm&r=g","contentUrl":"https:\/\/secure.gravatar.com\/avatar\/61d268e57d1f4525b111222e29d2d5a7f8c420fdbf231ba5566a8ceac74fa960?s=96&d=mm&r=g","caption":"Tibor atya"},"url":"https:\/\/stuttgarti-katolikusok.de\/index.php\/author\/tibor-atya\/"}]}},"_links":{"self":[{"href":"https:\/\/stuttgarti-katolikusok.de\/index.php\/wp-json\/wp\/v2\/posts\/28414","targetHints":{"allow":["GET"]}}],"collection":[{"href":"https:\/\/stuttgarti-katolikusok.de\/index.php\/wp-json\/wp\/v2\/posts"}],"about":[{"href":"https:\/\/stuttgarti-katolikusok.de\/index.php\/wp-json\/wp\/v2\/types\/post"}],"author":[{"embeddable":true,"href":"https:\/\/stuttgarti-katolikusok.de\/index.php\/wp-json\/wp\/v2\/users\/3"}],"replies":[{"embeddable":true,"href":"https:\/\/stuttgarti-katolikusok.de\/index.php\/wp-json\/wp\/v2\/comments?post=28414"}],"version-history":[{"count":3,"href":"https:\/\/stuttgarti-katolikusok.de\/index.php\/wp-json\/wp\/v2\/posts\/28414\/revisions"}],"predecessor-version":[{"id":28418,"href":"https:\/\/stuttgarti-katolikusok.de\/index.php\/wp-json\/wp\/v2\/posts\/28414\/revisions\/28418"}],"wp:featuredmedia":[{"embeddable":true,"href":"https:\/\/stuttgarti-katolikusok.de\/index.php\/wp-json\/wp\/v2\/media\/28416"}],"wp:attachment":[{"href":"https:\/\/stuttgarti-katolikusok.de\/index.php\/wp-json\/wp\/v2\/media?parent=28414"}],"wp:term":[{"taxonomy":"category","embeddable":true,"href":"https:\/\/stuttgarti-katolikusok.de\/index.php\/wp-json\/wp\/v2\/categories?post=28414"},{"taxonomy":"post_tag","embeddable":true,"href":"https:\/\/stuttgarti-katolikusok.de\/index.php\/wp-json\/wp\/v2\/tags?post=28414"}],"curies":[{"name":"wp","href":"https:\/\/api.w.org\/{rel}","templated":true}]}}