{"id":28392,"date":"2024-02-17T11:40:10","date_gmt":"2024-02-17T10:40:10","guid":{"rendered":"https:\/\/stuttgarti-katolikusok.de\/?p=28392"},"modified":"2024-02-17T12:30:26","modified_gmt":"2024-02-17T11:30:26","slug":"nagybojt-1-vasarnap","status":"publish","type":"post","link":"https:\/\/stuttgarti-katolikusok.de\/index.php\/nagybojt-1-vasarnap\/","title":{"rendered":"Nagyb\u00f6jt 1. vas\u00e1rnap"},"content":{"rendered":"<p><strong><span style=\"color: #800080;\"><em>&#8222;Betelt az id\u0151, k\u00f6zel van az Isten orsz\u00e1ga. T\u00e9rjetek meg \u00e9s higgyetek az evang\u00e9liumban.&#8221;\u00a0<\/em><\/span><\/strong><span style=\"color: #800080;\"><em>(Mk 1,15)<\/em><\/span><\/p>\n<p><span style=\"color: #800080;\"><em>Sokunk sz\u00e1m\u00e1ra nagy m\u00e9rt\u00e9kben felgyorsult az \u00e9let. Rohanunk, olykor megfesz\u00edtett temp\u00f3t dikt\u00e1lva, versenyt futunk az id\u0151vel. Nagyb\u00f6jt kegyelmi id\u0151 sz\u00e1munkra, el\u0151k\u00e9sz\u00fclet H\u00fasv\u00e9t \u00fcnnep\u00e9re.\u00a0<\/em><\/span><\/p>\n<p><span style=\"color: #800080;\"><em>Feladatom, hogy keressek \u00e9s tal\u00e1ljak r\u00e1 a magam min\u0151s\u00e9gi idej\u00e9re. Term\u00e9szetesen ez mindenkin\u00e9l m\u00e1s \u00e9s m\u00e1s. Tov\u00e1bb\u00e1 egy kicsit lass\u00edtani is meg kell tanulnom. Ez fog elvezetni a min\u0151s\u00e9gi id\u0151b\u0151l az &#8222;\u00e9n id\u0151m&#8221;-be. Fontos meg\u00e9rtenem, hogy ez az id\u0151, amit most magamra ford\u00edtok, nem m\u00e1st\u00f3l elvett id\u0151. F\u0151k\u00e9ppen, nem elvesztegetett id\u0151.\u00a0 Az\u00e9rt van r\u00e1 sz\u00fcks\u00e9gem, hogy azt\u00e1n m\u00e9g ink\u00e1bb \u00e9s teljesebben lehessek jelen azok sz\u00e1m\u00e1ra, akik\u00e9rt felel\u0151ss\u00e9get v\u00e1llaltam.\u00a0<\/em><\/span><\/p>\n<p><span style=\"color: #800080;\"><em>&#8211; Az els\u0151 olvasm\u00e1ny a v\u00edz\u00f6z\u00f6n ut\u00e1ni sz\u00f6vets\u00e9gk\u00f6t\u00e9sr\u0151l sz\u00f3l. Sz\u00e1munkra a szeretet Istene k\u00edn\u00e1lja sz\u00f6vets\u00e9g\u00e9t. Csup\u00e1n rajtam m\u00falik, hogy elindulok-e az \u00e1ltala felk\u00edn\u00e1lt \u00faton. Fel tudom-e ismerni a mostani, kegyelmi id\u0151 k\u00edn\u00e1lta lehet\u0151s\u00e9get?<\/em><\/span><\/p>\n<p><span style=\"color: #800080;\"><em>&#8211; A szentlecke el\u0151sorban b\u00e1tor\u00edtani szeretne \u00fczenet\u00e9vel. A sz\u00f6vets\u00e9g Istene k\u00e9pes volt megmenteni No\u00e9t \u00e9s csal\u00e1dj\u00e1t a v\u00edz\u00f6z\u00f6n puszt\u00edt\u00e1s\u00e1t\u00f3l. J\u00e9zus Krisztus sz\u00f6vets\u00e9get k\u00edn\u00e1l nek\u00fcnk. \u0150, aki mindenben hasonl\u00f3v\u00e1 lett hozz\u00e1nk, a b\u0171nt kiv\u00e9ve, a vele jelk\u00e9pezett kereszts\u00e9g \u00e1ltal kiment benn\u00fcnket a b\u0171n\u00f6z\u00f6nb\u0151l. Ez a nagyb\u00f6jt, mint kegyelmi id\u0151, igazi \u00e9rtelme!<\/em><\/span><\/p>\n<p><span style=\"color: #800080;\"><em>&#8211; Szent M\u00e1rk evang\u00e9lium\u00e1nak r\u00f6vid le\u00edr\u00e1sa a lehet\u0151 legvil\u00e1gosabb biztat\u00e1s. V\u00e1lasz a &#8222;soha semmire sincs id\u0151m&#8221;, p\u00e1nikszer\u0171, \u00f6nmagam el\u0151l menek\u00fcl\u0151 v\u00e9dekez\u00e9si mechanizmusomra. F\u00e9lek szemben\u00e9zni \u00f6nmagammal. J\u00e9zus miel\u0151tt elkezdi nyilv\u00e1nos m\u0171k\u00f6d\u00e9s\u00e9t, negyven napra visszavonul a puszt\u00e1ba. A puszta a hely, a negyven nap az id\u0151. T\u00e9rben \u00e9s id\u0151ben \u00e9lek, \u00edgy vagyok meghat\u00e1rozhat\u00f3, k\u00f6r\u00fcl \u00edrhat\u00f3. Ahhoz, hogy val\u00f3ban l\u00e9tezzem, ne csup\u00e1n veget\u00e1ljak,\u00a0 visszavonul\u00f3t kell f\u00fajnom, m\u00e9ghozz\u00e1 id\u0151ben.\u00a0<\/em><\/span><\/p>\n<p><span style=\"color: #800080;\">Kezd\u0151\u00e9nek:<\/span><br \/>\nHa hozz\u00e1m ki\u00e1lt, \u00e9n meghallgatom; megmentem \u00e9s megdics\u0151\u00edtem, bet\u00f6lt\u0151m \u0151t napok hossz\u00fa sor\u00e1val. (V\u00f6. Zsolt 90,15-16)<\/p>\n<p><span style=\"color: #800080;\">K\u00f6ny\u00f6rg\u00e9s:<\/span><br \/>\nAdd meg nek\u00fcnk, mindenhat\u00f3 Isten\u00fcnk, hogy a nagyb\u00f6jti szent id\u0151szak \u00e9vente visszat\u00e9r\u0151 gyakorlatai \u00e1ltal eljuthassunk Krisztus titkainak meg\u00e9rt\u00e9s\u00e9re, \u00e9s m\u00e9lt\u00f3 kereszt\u00e9ny \u00e9lettel igazodjunk hozz\u00e1. A mi Urunk, J\u00e9zus Krisztus, a te Fiad \u00e1ltal, aki veled \u00e9l \u00e9s uralkodik a Szentl\u00e9lekkel egys\u00e9gben, Isten mind\u00f6r\u00f6kk\u00f6n \u00f6r\u00f6kk\u00e9.<\/p>\n<p align=\"justify\"><span style=\"color: #800080;\">OLVASM\u00c1NY M\u00f3zes els\u0151 k\u00f6nyv\u00e9b\u0151l (Ter 9,8-15)<\/span><br \/>\nA v\u00edz\u00f6z\u00f6n ut\u00e1n No\u00e9 kij\u00f6tt a b\u00e1rk\u00e1b\u00f3l, \u00e9s h\u00e1la\u00e1ldozatot mutatott be. Ekkor Isten \u00edgy sz\u00f3lt No\u00e9hoz \u00e9s fiaihoz, akik vele voltak: \u201e\u00cdme, sz\u00f6vets\u00e9get k\u00f6t\u00f6k veletek, ut\u00f3daitokkal \u00e9s minden \u00e9l\u0151l\u00e9nnyel, amely veletek van: a madarakkal, a h\u00e1zi\u00e1llatokkal \u00e9s az \u00f6sszes mezei vaddal, mindennel, ami kij\u00f6tt a b\u00e1rk\u00e1b\u00f3l, a f\u00f6ld minden \u00e1llat\u00e1val. Megk\u00f6t\u00f6m veletek sz\u00f6vets\u00e9gemet, t\u00f6bb\u00e9 nem t\u00f6rl\u00f6m el valamennyi \u00e9l\u0151l\u00e9nyt a f\u00f6ldr\u0151l v\u00edz\u00f6z\u00f6nnel, \u00e9s nem j\u00f6n olyan \u00e1radat, amely elpuszt\u00edtja a f\u00f6ldet.\u201d<br \/>\nAzt\u00e1n \u00edgy sz\u00f3lt Isten: \u201eA sz\u00f6vets\u00e9gnek, amely fenn\u00e1ll k\u00f6ztem \u00e9s k\u00f6ztetek, meg a veletek lev\u0151 minden \u00e9l\u0151l\u00e9ny k\u00f6z\u00f6tt minden nemzed\u00e9kre, ez lesz a jele: sziv\u00e1rv\u00e1nyt helyezek a felh\u0151kbe. Ez legyen a sz\u00f6vets\u00e9g jele k\u00f6ztem \u00e9s a f\u00f6ld k\u00f6z\u00f6tt. Ha \u00f6sszegy\u0171jt\u00f6m a f\u00f6ld felett a felh\u0151ket, \u00e9s a sziv\u00e1rv\u00e1ny megjelenik a felh\u0151k\u00f6n, akkor megeml\u00e9kezem sz\u00f6vets\u00e9gemr\u0151l, amely fenn\u00e1ll k\u00f6ztem \u00e9s k\u00f6ztetek meg minden \u00e9l\u0151l\u00e9ny \u00e9s test k\u00f6z\u00f6tt. A v\u00edzb\u0151l nem lesz t\u00f6bb\u00e9 v\u00edz\u00f6z\u00f6n, hogy minden l\u00e9nyt elpuszt\u00edtson.\u201d<br \/>\nEz az Isten ig\u00e9je.<\/p>\n<p align=\"justify\"><span style=\"color: #800080;\">V\u00c1LASZOS ZSOLT\u00c1R (Zsolt 24,4bc-5ab.6-7c.8-9)<\/span><br \/>\nV\u00e1lasz:\u00a0<strong>Uram, minden utad irgalom \u00e9s\u00a0<u>h\u0171<\/u>s\u00e9g, * azoknak, kik sz\u00f6vets\u00e9ged t\u00f6r<u>v\u00e9<\/u>ny\u00e9t megtartj\u00e1k.<\/strong>\u00a0(8 G. t\u00f3nus.)<br \/>\nEl\u0151\u00e9nekes: Utaidat, Uram, mutasd meg\u00a0<u>n\u00e9<\/u>kem, * \u00f6sv\u00e9nyeidre ta<u>n\u00edts<\/u>\u00a0meg engem.<br \/>\nTan\u00edts \u00e9s vezess igazs\u00e1god\u00a0<u>sze<\/u>rint, * mert te vagy \u00fcdv\u00f6<u>z\u00ed<\/u>t\u0151 Istenem.<br \/>\nH\u00edvek:\u00a0<strong>Uram, minden utad irgalom \u00e9s\u00a0<u>h\u0171<\/u>s\u00e9g, * azoknak, kik sz\u00f6vets\u00e9ged t\u00f6r<u>v\u00e9<\/u>ny\u00e9t megtartj\u00e1k.<\/strong><br \/>\nE: Irgalmass\u00e1godr\u00f3l eml\u00e9kezz\u00e9l meg,\u00a0<u>U<\/u>ram, * \u00e9s k\u00f6ny\u00f6r\u00fcletess\u00e9gedr\u0151l, mely \u00f6<u>r\u00f6k<\/u>t\u0151l val\u00f3.<br \/>\nJ\u00f3s\u00e1godban,\u00a0<u>U<\/u>ram, * gondolj r\u00e1m\u00a0<u>ir<\/u>galommal.<br \/>\nH:\u00a0<strong>Uram, minden utad irgalom \u00e9s\u00a0<u>h\u0171<\/u>s\u00e9g, * azoknak, kik sz\u00f6vets\u00e9ged t\u00f6r<u>v\u00e9<\/u>ny\u00e9t megtartj\u00e1k.<\/strong><br \/>\nE: Az \u00dar igazs\u00e1gos \u00e9s j\u00f3s\u00e1gos, * ez\u00e9rt a b\u0171n\u00f6s\u00f6knek is\u00a0<u>u<\/u>tat mutat.<br \/>\nAz al\u00e1zatost a j\u00f3ban\u00a0<u>ve<\/u>z\u00e9rli, * a szel\u00eddet \u00fat<u>j\u00e1<\/u>ra tan\u00edtja.<br \/>\nH:\u00a0<strong>Uram, minden utad irgalom \u00e9s\u00a0<u>h\u0171<\/u>s\u00e9g, * azoknak, kik sz\u00f6vets\u00e9ged t\u00f6r<u>v\u00e9<\/u>ny\u00e9t megtartj\u00e1k.<\/strong><\/p>\n<p align=\"justify\"><span style=\"color: #800080;\">SZENTLECKE Szent P\u00e9ter apostol els\u0151 level\u00e9b\u0151l (1P\u00e9t 3,18-22)<\/span><br \/>\nSzeretteim! Krisztus meghalt egyszer a b\u0171n\u00f6k\u00e9rt, az Igaz a b\u0171n\u00f6s\u00f6k\u00e9rt, hogy Istenhez vezessen minket. A test szerint ugyan meg\u00f6lt\u00e9k, de a l\u00e9lek szerint \u00e9letre kelt. \u00cdgy ment el a b\u00f6rt\u00f6nben s\u00ednyl\u0151d\u0151 lelkekhez is, \u00e9s h\u00edrt vitt nekik. Ezek egykor engedetlenek voltak, amikor No\u00e9 idej\u00e9ben Isten t\u00fcrelmesen v\u00e1rt, am\u00edg a b\u00e1rka elk\u00e9sz\u00fclt. Ebben csak n\u00e9h\u00e1nyan, mind\u00f6ssze nyolcan menek\u00fcltek meg, \u00e9pp a v\u00edz \u00e1ltal.<br \/>\nA vele jelk\u00e9pezett kereszts\u00e9g most titeket is ugyan\u00edgy megment. Hiszen az nem a test szenny\u00e9nek a lemos\u00e1sa, hanem k\u00f6ny\u00f6rg\u00e9s az Istenhez, hogy adjon tiszta lelkiismeretet J\u00e9zus Krisztus felt\u00e1mad\u00e1sa \u00e1ltal. \u0150 azut\u00e1n, hogy az angyalok, hatalmass\u00e1gok \u00e9s er\u0151ss\u00e9gek az \u0151 uralma al\u00e1 ker\u00fcltek, f\u00f6lment a mennybe, \u00e9s az Isten jobbj\u00e1n foglal helyet.<br \/>\nEz az Isten ig\u00e9je.<\/p>\n<p align=\"justify\"><span style=\"color: #800080;\">EVANG\u00c9LIUM EL\u0150TTI VERS<\/span><br \/>\nNemcsak keny\u00e9rrel \u00e9l az\u00a0<u>em<\/u>ber, * hanem minden ig\u00e9vel is, mely Isten ajk\u00e1<u>r\u00f3l<\/u>\u00a0val\u00f3. (Mt 4,4b. \u2013 2. t\u00f3nus.)<\/p>\n<p align=\"justify\"><span style=\"color: #800080;\">\u2020 EVANG\u00c9LIUM Szent M\u00e1rk k\u00f6nyv\u00e9b\u0151l (Mk 1,12-15)<\/span><br \/>\nAbban az id\u0151ben a L\u00e9lek kivitte J\u00e9zust a puszt\u00e1ba. Negyven napig kint volt a puszt\u00e1ban, \u00e9s megk\u00eds\u00e9rtette a s\u00e1t\u00e1n. Vad\u00e1llatokkal volt egy\u00fctt, \u00e9s angyalok szolg\u00e1ltak neki. Amikor J\u00e1nost elfogt\u00e1k, J\u00e9zus Galile\u00e1ba ment, \u00e9s hirdette az Isten evang\u00e9lium\u00e1t: \u201eBetelt az id\u0151, k\u00f6zel van az Isten orsz\u00e1ga. T\u00e9rjetek meg, \u00e9s higgyetek az evang\u00e9liumban.\u201d<br \/>\nEzek az evang\u00e9lium ig\u00e9i.<\/p>\n<p><span style=\"color: #800080;\">EGYETEMES K\u00d6NY\u00d6RG\u00c9SEK<\/span><br \/>\nPap: K\u00e9rj\u00fck, testv\u00e9reim, Megv\u00e1lt\u00f3nkat, hogy kegyelm\u00e9vel sz\u00edvesen v\u00e1llaljuk az \u00f6nmegtagad\u00e1s gyakorl\u00e1s\u00e1t, \u00e9s tiszt\u00edtsuk meg lelk\u00fcnket a b\u0171nb\u00e1nattal!<br \/>\nLektor:<br \/>\n1. A b\u0171nb\u00e1natban elt\u00f6lt\u00f6tt nagyb\u00f6jti szent id\u0151 szolg\u00e1ljon lelk\u00fcnk meg\u00fajul\u00e1s\u00e1ra!<br \/>\nH\u00edvek: K\u00e9r\u00fcnk T\u00e9ged, hallgass meg minket!<br \/>\n2. P\u00fcsp\u00f6keink \u00e9s papjaink hozzanak meg minden \u00e1ldozatot a lelkek megment\u00e9s\u00e9re!<br \/>\nH\u00edvek: K\u00e9r\u00fcnk T\u00e9ged, hallgass meg minket!<br \/>\n3. H\u00edveid megbocs\u00e1t\u00f3 szeretete \u00e1ltal n\u00f6vekedj\u00e9k a f\u00f6ld\u00f6n a b\u00e9ke \u00e9s az egyet\u00e9rt\u00e9s!<br \/>\nH\u00edvek: K\u00e9r\u00fcnk T\u00e9ged, hallgass meg minket!<br \/>\n4. \u00d6nmegtagad\u00e1saink \u00e9s \u00e1ldozatv\u00e1llal\u00e1saink n\u00f6velj\u00e9k benn\u00fcnk a l\u00e9lek erej\u00e9t!<br \/>\nH\u00edvek: K\u00e9r\u00fcnk T\u00e9ged, hallgass meg minket!<br \/>\n5. \u00d6nzetlen szeretet\u00fcnk \u00e1ltal tegy\u00fck boldogabb\u00e1 csal\u00e1djaink \u00e9let\u00e9t!<br \/>\nH\u00edvek: K\u00e9r\u00fcnk T\u00e9ged, hallgass meg minket!<br \/>\nPap: Urunk, J\u00e9zus Krisztus! B\u00f6jt\u00f6l\u00e9sed \u00e9s \u00f6nfel\u00e1ldoz\u00e1sod p\u00e9ld\u00e1ja mutatja, hogy az \u00fcdv\u00f6ss\u00e9get lemond\u00e1s n\u00e9lk\u00fcl el nem \u00e9rhetj\u00fck. Seg\u00edts teh\u00e1t, hogy b\u0171nb\u00e1n\u00f3 \u00e9s \u00e1ldozatos \u00e9letet \u00e9lj\u00fcnk! Aki \u00e9lsz \u00e9s uralkodol mind\u00f6r\u00f6kk\u00f6n-\u00f6r\u00f6kk\u00e9.<br \/>\nH\u00edvek: \u00c1men.<\/p>\n<p><span style=\"color: #800080;\">Felaj\u00e1nl\u00f3 k\u00f6ny\u00f6rg\u00e9s:<\/span><br \/>\nUrunk, Isten\u00fcnk, t\u00e9gy m\u00e9lt\u00f3v\u00e1 minket az \u00e1ldozati adom\u00e1nyok felaj\u00e1nl\u00e1s\u00e1ra, amelyekkel az \u00e1ldott nagyb\u00f6jti id\u0151szak kezdet\u00e9t \u00fcnnepelj\u00fck. Krisztus, a mi Urunk \u00e1ltal.<\/p>\n<p><span style=\"color: #800080;\">Pref\u00e1ci\u00f3:<\/span><br \/>\nAz \u00dar legyen veletek.<br \/>\nH.: \u00c9s a te lelkeddel.<br \/>\nEmelj\u00fck f\u00f6l sz\u00edv\u00fcnket.<br \/>\nH.: F\u00f6lemelt\u00fck az \u00darhoz.<br \/>\nAdjunk h\u00e1l\u00e1t Urunknak, Isten\u00fcnknek.<br \/>\nH.: M\u00e9lt\u00f3 \u00e9s igazs\u00e1gos.<br \/>\n(Mert) Val\u00f3ban m\u00e9lt\u00f3 \u00e9s igazs\u00e1gos, ill\u0151 \u00e9s \u00fcdv\u00f6s, hogy mindig \u00e9s minden\u00fctt h\u00e1l\u00e1t adjunk n\u00e9ked, mi Urunk, szents\u00e9ges Aty\u00e1nk, mindenhat\u00f3 \u00f6r\u00f6k Isten: \u2013 Krisztus, a mi Urunk \u00e1ltal.<br \/>\n(\u0150) Amikor negyven napon \u00e1t a f\u00f6ldi t\u00e1pl\u00e1l\u00e9kt\u00f3l megtart\u00f3ztatta mag\u00e1t, \u2013 megszentelte b\u00f6jtj\u00e9vel az \u00f6nfegyelmez\u00e9snek ezt a m\u00f3dj\u00e1t.<br \/>\nA s\u00e1t\u00e1n minden cselvet\u00e9s\u00e9t legy\u0151zve megtan\u00edtott arra, hogy ellen\u00e1lljunk a roml\u00e1s kov\u00e1sz\u00e1nak, \u2013 \u00edgy m\u00e9lt\u00f3 l\u00e9lekkel \u00fcnnepelj\u00fck a h\u00fasv\u00e9t szent titk\u00e1t, \u00e9s az \u00f6r\u00f6k h\u00fasv\u00e9tra is eljussunk.<br \/>\nMi ez\u00e9rt az angyalok \u00e9s szentek k\u00f3rus\u00e1val egy\u00fctt, \u2013 dics\u00e9reted himnusz\u00e1t zengj\u00fck, \u00e9s v\u00e9g n\u00e9lk\u00fcl mondjuk (\u00e9nekelj\u00fck):<\/p>\n<p><span style=\"color: #800080;\">\u00c1ldoz\u00e1si \u00e9nek:<\/span><br \/>\nNem csak keny\u00e9rrel \u00e9l az ember, hanem minden ig\u00e9vel, amely Isten ajk\u00e1r\u00f3l sz\u00e1rmazik! (Mt 4,4)<br \/>\n<span style=\"color: #800080;\"><em>Vagy<\/em><\/span><br \/>\nSz\u00e1rnyaival be\u00e1rny\u00e9koz t\u00e9ged az \u00dar, \u00e9s tollai alatt mened\u00e9kre tal\u00e1lsz. (V\u00f6. Zsolt 90,4)<\/p>\n<p><span style=\"color: #800080;\">\u00c1ldoz\u00e1s ut\u00e1ni k\u00f6ny\u00f6rg\u00e9s:<\/span><br \/>\nIsten\u00fcnk, te mennyei keny\u00e9rrel t\u00e1pl\u00e1lt\u00e1l minket, amely \u00e9lteti a hitet, megszil\u00e1rd\u00edtja a rem\u00e9nyt \u00e9s er\u0151s\u00edti a szeretetet. K\u00e9r\u00fcnk, tan\u00edts meg benn\u00fcnket \u00e9hezni az igazi \u00e9s \u00e9l\u0151 Keny\u00e9rre, \u00e9s add, hogy \u00e9lni tudjunk minden ig\u00e9b\u0151l, amely ajkadr\u00f3l sz\u00e1rmazik. Krisztus, a mi Urunk \u00e1ltal.<\/p>\n<p><span style=\"color: #800080;\">K\u00f6ny\u00f6rg\u00e9s a n\u00e9p\u00e9rt:<\/span><br \/>\nK\u00e9r\u00fcnk, Isten\u00fcnk, sz\u00e1lljon a te n\u00e9pedre b\u0151s\u00e9ges \u00e1ld\u00e1sod, hogy rem\u00e9nye a szorongat\u00e1s idej\u00e9n n\u00f6vekedj\u00e9k, er\u00e9nye a k\u00eds\u00e9rt\u00e9s idej\u00e9n er\u0151s\u00f6dj\u00e9k, \u00e9s \u00edgy r\u00e9szese legyen \u00f6r\u00f6k megv\u00e1lt\u00e1sodnak. Krisztus, a mi Urunk \u00e1ltal.<\/p>\n<p><em>(K\u00e9p forr\u00e1sa: Pixabay)<\/em><\/p>\n","protected":false},"excerpt":{"rendered":"<p>&#8222;Betelt az id\u0151, k\u00f6zel van az Isten orsz\u00e1ga. T\u00e9rjetek meg \u00e9s higgyetek az evang\u00e9liumban.&#8221;\u00a0(Mk 1,15) Sokunk sz\u00e1m\u00e1ra nagy m\u00e9rt\u00e9kben felgyorsult az \u00e9let. Rohanunk, olykor megfesz\u00edtett temp\u00f3t dikt\u00e1lva, versenyt futunk az id\u0151vel. Nagyb\u00f6jt kegyelmi id\u0151 sz\u00e1munkra, el\u0151k\u00e9sz\u00fclet H\u00fasv\u00e9t \u00fcnnep\u00e9re.\u00a0 Feladatom, hogy keressek \u00e9s tal\u00e1ljak r\u00e1 a magam min\u0151s\u00e9gi idej\u00e9re. Term\u00e9szetesen ez mindenkin\u00e9l m\u00e1s \u00e9s m\u00e1s. Tov\u00e1bb\u00e1 egy kicsit lass\u00edtani is meg kell tanulnom. Ez fog elvezetni a min\u0151s\u00e9gi id\u0151b\u0151l az &#8222;\u00e9n id\u0151m&#8221;-be. Fontos meg\u00e9rtenem, hogy ez az id\u0151, amit most magamra ford\u00edtok, nem m\u00e1st\u00f3l elvett id\u0151. F\u0151k\u00e9ppen, nem elvesztegetett id\u0151.\u00a0 Az\u00e9rt van r\u00e1 sz\u00fcks\u00e9gem, hogy azt\u00e1n m\u00e9g ink\u00e1bb \u00e9s teljesebben lehessek jelen azok sz\u00e1m\u00e1ra, akik\u00e9rt felel\u0151ss\u00e9get v\u00e1llaltam.\u00a0 &#8211; Az els\u0151 olvasm\u00e1ny a v\u00edz\u00f6z\u00f6n ut\u00e1ni sz\u00f6vets\u00e9gk\u00f6t\u00e9sr\u0151l sz\u00f3l. Sz\u00e1munkra a szeretet Istene k\u00edn\u00e1lja sz\u00f6vets\u00e9g\u00e9t. Csup\u00e1n rajtam m\u00falik, hogy elindulok-e az \u00e1ltala felk\u00edn\u00e1lt \u00faton. Fel tudom-e ismerni a mostani, kegyelmi id\u0151 k\u00edn\u00e1lta lehet\u0151s\u00e9get? &#8211; A szentlecke el\u0151sorban b\u00e1tor\u00edtani szeretne \u00fczenet\u00e9vel. A sz\u00f6vets\u00e9g Istene k\u00e9pes volt megmenteni No\u00e9t \u00e9s csal\u00e1dj\u00e1t a v\u00edz\u00f6z\u00f6n puszt\u00edt\u00e1s\u00e1t\u00f3l. J\u00e9zus Krisztus sz\u00f6vets\u00e9get k\u00edn\u00e1l nek\u00fcnk. \u0150, aki mindenben hasonl\u00f3v\u00e1 lett hozz\u00e1nk, a b\u0171nt kiv\u00e9ve, a vele jelk\u00e9pezett kereszts\u00e9g \u00e1ltal kiment benn\u00fcnket a b\u0171n\u00f6z\u00f6nb\u0151l. Ez a nagyb\u00f6jt, mint kegyelmi id\u0151, igazi \u00e9rtelme! &#8211; Szent M\u00e1rk evang\u00e9lium\u00e1nak r\u00f6vid le\u00edr\u00e1sa a lehet\u0151 legvil\u00e1gosabb biztat\u00e1s. V\u00e1lasz a &#8222;soha semmire sincs id\u0151m&#8221;, p\u00e1nikszer\u0171, \u00f6nmagam el\u0151l menek\u00fcl\u0151 v\u00e9dekez\u00e9si mechanizmusomra. F\u00e9lek szemben\u00e9zni \u00f6nmagammal. J\u00e9zus miel\u0151tt elkezdi nyilv\u00e1nos m\u0171k\u00f6d\u00e9s\u00e9t, negyven napra visszavonul a puszt\u00e1ba. A puszta a hely, a negyven nap az id\u0151. T\u00e9rben \u00e9s id\u0151ben \u00e9lek, \u00edgy vagyok meghat\u00e1rozhat\u00f3, k\u00f6r\u00fcl \u00edrhat\u00f3. Ahhoz, hogy val\u00f3ban l\u00e9tezzem, ne csup\u00e1n veget\u00e1ljak,\u00a0 visszavonul\u00f3t kell f\u00fajnom, m\u00e9ghozz\u00e1 id\u0151ben.\u00a0 Kezd\u0151\u00e9nek: Ha hozz\u00e1m ki\u00e1lt, \u00e9n meghallgatom; megmentem \u00e9s megdics\u0151\u00edtem, bet\u00f6lt\u0151m \u0151t napok hossz\u00fa sor\u00e1val. (V\u00f6. Zsolt 90,15-16) K\u00f6ny\u00f6rg\u00e9s: Add meg nek\u00fcnk, mindenhat\u00f3 Isten\u00fcnk, hogy a nagyb\u00f6jti szent id\u0151szak \u00e9vente visszat\u00e9r\u0151 gyakorlatai \u00e1ltal eljuthassunk Krisztus titkainak meg\u00e9rt\u00e9s\u00e9re, \u00e9s m\u00e9lt\u00f3 kereszt\u00e9ny \u00e9lettel igazodjunk hozz\u00e1. A mi Urunk, J\u00e9zus&#8230; <\/p>\n<p><a class=\"readmore\" href=\"https:\/\/stuttgarti-katolikusok.de\/index.php\/nagybojt-1-vasarnap\/\">R\u00e9szletek<\/a><\/p>\n","protected":false},"author":3,"featured_media":28393,"comment_status":"closed","ping_status":"closed","sticky":false,"template":"","format":"standard","meta":{"footnotes":""},"categories":[85,63],"tags":[],"class_list":["post-28392","post","type-post","status-publish","format-standard","has-post-thumbnail","hentry","category-a-liturgia-olvasmanyai","category-vasarnapi-gondolatok"],"yoast_head":"<!-- This site is optimized with the Yoast SEO plugin v27.3 - https:\/\/yoast.com\/product\/yoast-seo-wordpress\/ -->\n<title>Nagyb\u00f6jt 1. vas\u00e1rnap - Stuttgarti Katolikusok<\/title>\n<meta name=\"robots\" content=\"index, follow, max-snippet:-1, max-image-preview:large, max-video-preview:-1\" \/>\n<link rel=\"canonical\" href=\"https:\/\/stuttgarti-katolikusok.de\/index.php\/nagybojt-1-vasarnap\/\" \/>\n<meta property=\"og:locale\" content=\"hu_HU\" \/>\n<meta property=\"og:type\" content=\"article\" \/>\n<meta property=\"og:title\" content=\"Nagyb\u00f6jt 1. vas\u00e1rnap - Stuttgarti Katolikusok\" \/>\n<meta property=\"og:description\" content=\"&#8222;Betelt az id\u0151, k\u00f6zel van az Isten orsz\u00e1ga. T\u00e9rjetek meg \u00e9s higgyetek az evang\u00e9liumban.&#8221;\u00a0(Mk 1,15) Sokunk sz\u00e1m\u00e1ra nagy m\u00e9rt\u00e9kben felgyorsult az \u00e9let. Rohanunk, olykor megfesz\u00edtett temp\u00f3t dikt\u00e1lva, versenyt futunk az id\u0151vel. Nagyb\u00f6jt kegyelmi id\u0151 sz\u00e1munkra, el\u0151k\u00e9sz\u00fclet H\u00fasv\u00e9t \u00fcnnep\u00e9re.\u00a0 Feladatom, hogy keressek \u00e9s tal\u00e1ljak r\u00e1 a magam min\u0151s\u00e9gi idej\u00e9re. Term\u00e9szetesen ez mindenkin\u00e9l m\u00e1s \u00e9s m\u00e1s. Tov\u00e1bb\u00e1 egy kicsit lass\u00edtani is meg kell tanulnom. Ez fog elvezetni a min\u0151s\u00e9gi id\u0151b\u0151l az &#8222;\u00e9n id\u0151m&#8221;-be. Fontos meg\u00e9rtenem, hogy ez az id\u0151, amit most magamra ford\u00edtok, nem m\u00e1st\u00f3l elvett id\u0151. F\u0151k\u00e9ppen, nem elvesztegetett id\u0151.\u00a0 Az\u00e9rt van r\u00e1 sz\u00fcks\u00e9gem, hogy azt\u00e1n m\u00e9g ink\u00e1bb \u00e9s teljesebben lehessek jelen azok sz\u00e1m\u00e1ra, akik\u00e9rt felel\u0151ss\u00e9get v\u00e1llaltam.\u00a0 &#8211; Az els\u0151 olvasm\u00e1ny a v\u00edz\u00f6z\u00f6n ut\u00e1ni sz\u00f6vets\u00e9gk\u00f6t\u00e9sr\u0151l sz\u00f3l. Sz\u00e1munkra a szeretet Istene k\u00edn\u00e1lja sz\u00f6vets\u00e9g\u00e9t. Csup\u00e1n rajtam m\u00falik, hogy elindulok-e az \u00e1ltala felk\u00edn\u00e1lt \u00faton. Fel tudom-e ismerni a mostani, kegyelmi id\u0151 k\u00edn\u00e1lta lehet\u0151s\u00e9get? &#8211; A szentlecke el\u0151sorban b\u00e1tor\u00edtani szeretne \u00fczenet\u00e9vel. A sz\u00f6vets\u00e9g Istene k\u00e9pes volt megmenteni No\u00e9t \u00e9s csal\u00e1dj\u00e1t a v\u00edz\u00f6z\u00f6n puszt\u00edt\u00e1s\u00e1t\u00f3l. J\u00e9zus Krisztus sz\u00f6vets\u00e9get k\u00edn\u00e1l nek\u00fcnk. \u0150, aki mindenben hasonl\u00f3v\u00e1 lett hozz\u00e1nk, a b\u0171nt kiv\u00e9ve, a vele jelk\u00e9pezett kereszts\u00e9g \u00e1ltal kiment benn\u00fcnket a b\u0171n\u00f6z\u00f6nb\u0151l. Ez a nagyb\u00f6jt, mint kegyelmi id\u0151, igazi \u00e9rtelme! &#8211; Szent M\u00e1rk evang\u00e9lium\u00e1nak r\u00f6vid le\u00edr\u00e1sa a lehet\u0151 legvil\u00e1gosabb biztat\u00e1s. V\u00e1lasz a &#8222;soha semmire sincs id\u0151m&#8221;, p\u00e1nikszer\u0171, \u00f6nmagam el\u0151l menek\u00fcl\u0151 v\u00e9dekez\u00e9si mechanizmusomra. F\u00e9lek szemben\u00e9zni \u00f6nmagammal. J\u00e9zus miel\u0151tt elkezdi nyilv\u00e1nos m\u0171k\u00f6d\u00e9s\u00e9t, negyven napra visszavonul a puszt\u00e1ba. A puszta a hely, a negyven nap az id\u0151. T\u00e9rben \u00e9s id\u0151ben \u00e9lek, \u00edgy vagyok meghat\u00e1rozhat\u00f3, k\u00f6r\u00fcl \u00edrhat\u00f3. Ahhoz, hogy val\u00f3ban l\u00e9tezzem, ne csup\u00e1n veget\u00e1ljak,\u00a0 visszavonul\u00f3t kell f\u00fajnom, m\u00e9ghozz\u00e1 id\u0151ben.\u00a0 Kezd\u0151\u00e9nek: Ha hozz\u00e1m ki\u00e1lt, \u00e9n meghallgatom; megmentem \u00e9s megdics\u0151\u00edtem, bet\u00f6lt\u0151m \u0151t napok hossz\u00fa sor\u00e1val. (V\u00f6. Zsolt 90,15-16) K\u00f6ny\u00f6rg\u00e9s: Add meg nek\u00fcnk, mindenhat\u00f3 Isten\u00fcnk, hogy a nagyb\u00f6jti szent id\u0151szak \u00e9vente visszat\u00e9r\u0151 gyakorlatai \u00e1ltal eljuthassunk Krisztus titkainak meg\u00e9rt\u00e9s\u00e9re, \u00e9s m\u00e9lt\u00f3 kereszt\u00e9ny \u00e9lettel igazodjunk hozz\u00e1. A mi Urunk, J\u00e9zus... R\u00e9szletek\" \/>\n<meta property=\"og:url\" content=\"https:\/\/stuttgarti-katolikusok.de\/index.php\/nagybojt-1-vasarnap\/\" \/>\n<meta property=\"og:site_name\" content=\"Stuttgarti Katolikusok\" \/>\n<meta property=\"article:published_time\" content=\"2024-02-17T10:40:10+00:00\" \/>\n<meta property=\"article:modified_time\" content=\"2024-02-17T11:30:26+00:00\" \/>\n<meta property=\"og:image\" content=\"https:\/\/stuttgarti-katolikusok.de\/wp-content\/uploads\/2024\/02\/desert-4791919-1280.jpg\" \/>\n\t<meta property=\"og:image:width\" content=\"1280\" \/>\n\t<meta property=\"og:image:height\" content=\"853\" \/>\n\t<meta property=\"og:image:type\" content=\"image\/jpeg\" \/>\n<meta name=\"author\" content=\"Tibor atya\" \/>\n<meta name=\"twitter:card\" content=\"summary_large_image\" \/>\n<meta name=\"twitter:label1\" content=\"Szerz\u0151:\" \/>\n\t<meta name=\"twitter:data1\" content=\"Tibor atya\" \/>\n\t<meta name=\"twitter:label2\" content=\"Becs\u00fclt olvas\u00e1si id\u0151\" \/>\n\t<meta name=\"twitter:data2\" content=\"7 perc\" \/>\n<script type=\"application\/ld+json\" class=\"yoast-schema-graph\">{\"@context\":\"https:\\\/\\\/schema.org\",\"@graph\":[{\"@type\":\"Article\",\"@id\":\"https:\\\/\\\/stuttgarti-katolikusok.de\\\/index.php\\\/nagybojt-1-vasarnap\\\/#article\",\"isPartOf\":{\"@id\":\"https:\\\/\\\/stuttgarti-katolikusok.de\\\/index.php\\\/nagybojt-1-vasarnap\\\/\"},\"author\":{\"name\":\"Tibor atya\",\"@id\":\"https:\\\/\\\/stuttgarti-katolikusok.de\\\/#\\\/schema\\\/person\\\/75908d6f8fdc03a57889d27209df7795\"},\"headline\":\"Nagyb\u00f6jt 1. vas\u00e1rnap\",\"datePublished\":\"2024-02-17T10:40:10+00:00\",\"dateModified\":\"2024-02-17T11:30:26+00:00\",\"mainEntityOfPage\":{\"@id\":\"https:\\\/\\\/stuttgarti-katolikusok.de\\\/index.php\\\/nagybojt-1-vasarnap\\\/\"},\"wordCount\":1845,\"image\":{\"@id\":\"https:\\\/\\\/stuttgarti-katolikusok.de\\\/index.php\\\/nagybojt-1-vasarnap\\\/#primaryimage\"},\"thumbnailUrl\":\"https:\\\/\\\/stuttgarti-katolikusok.de\\\/wp-content\\\/uploads\\\/2024\\\/02\\\/desert-4791919-1280.jpg\",\"articleSection\":[\"A liturgia olvasm\u00e1nyai\",\"Vas\u00e1rnapi gondolatok\"],\"inLanguage\":\"hu\"},{\"@type\":\"WebPage\",\"@id\":\"https:\\\/\\\/stuttgarti-katolikusok.de\\\/index.php\\\/nagybojt-1-vasarnap\\\/\",\"url\":\"https:\\\/\\\/stuttgarti-katolikusok.de\\\/index.php\\\/nagybojt-1-vasarnap\\\/\",\"name\":\"Nagyb\u00f6jt 1. vas\u00e1rnap - Stuttgarti Katolikusok\",\"isPartOf\":{\"@id\":\"https:\\\/\\\/stuttgarti-katolikusok.de\\\/#website\"},\"primaryImageOfPage\":{\"@id\":\"https:\\\/\\\/stuttgarti-katolikusok.de\\\/index.php\\\/nagybojt-1-vasarnap\\\/#primaryimage\"},\"image\":{\"@id\":\"https:\\\/\\\/stuttgarti-katolikusok.de\\\/index.php\\\/nagybojt-1-vasarnap\\\/#primaryimage\"},\"thumbnailUrl\":\"https:\\\/\\\/stuttgarti-katolikusok.de\\\/wp-content\\\/uploads\\\/2024\\\/02\\\/desert-4791919-1280.jpg\",\"datePublished\":\"2024-02-17T10:40:10+00:00\",\"dateModified\":\"2024-02-17T11:30:26+00:00\",\"author\":{\"@id\":\"https:\\\/\\\/stuttgarti-katolikusok.de\\\/#\\\/schema\\\/person\\\/75908d6f8fdc03a57889d27209df7795\"},\"breadcrumb\":{\"@id\":\"https:\\\/\\\/stuttgarti-katolikusok.de\\\/index.php\\\/nagybojt-1-vasarnap\\\/#breadcrumb\"},\"inLanguage\":\"hu\",\"potentialAction\":[{\"@type\":\"ReadAction\",\"target\":[\"https:\\\/\\\/stuttgarti-katolikusok.de\\\/index.php\\\/nagybojt-1-vasarnap\\\/\"]}]},{\"@type\":\"ImageObject\",\"inLanguage\":\"hu\",\"@id\":\"https:\\\/\\\/stuttgarti-katolikusok.de\\\/index.php\\\/nagybojt-1-vasarnap\\\/#primaryimage\",\"url\":\"https:\\\/\\\/stuttgarti-katolikusok.de\\\/wp-content\\\/uploads\\\/2024\\\/02\\\/desert-4791919-1280.jpg\",\"contentUrl\":\"https:\\\/\\\/stuttgarti-katolikusok.de\\\/wp-content\\\/uploads\\\/2024\\\/02\\\/desert-4791919-1280.jpg\",\"width\":1280,\"height\":853},{\"@type\":\"BreadcrumbList\",\"@id\":\"https:\\\/\\\/stuttgarti-katolikusok.de\\\/index.php\\\/nagybojt-1-vasarnap\\\/#breadcrumb\",\"itemListElement\":[{\"@type\":\"ListItem\",\"position\":1,\"name\":\"Kezd\u0151lap\",\"item\":\"https:\\\/\\\/stuttgarti-katolikusok.de\\\/\"},{\"@type\":\"ListItem\",\"position\":2,\"name\":\"Nagyb\u00f6jt 1. vas\u00e1rnap\"}]},{\"@type\":\"WebSite\",\"@id\":\"https:\\\/\\\/stuttgarti-katolikusok.de\\\/#website\",\"url\":\"https:\\\/\\\/stuttgarti-katolikusok.de\\\/\",\"name\":\"Stuttgarti Katolikusok\",\"description\":\"\",\"potentialAction\":[{\"@type\":\"SearchAction\",\"target\":{\"@type\":\"EntryPoint\",\"urlTemplate\":\"https:\\\/\\\/stuttgarti-katolikusok.de\\\/?s={search_term_string}\"},\"query-input\":{\"@type\":\"PropertyValueSpecification\",\"valueRequired\":true,\"valueName\":\"search_term_string\"}}],\"inLanguage\":\"hu\"},{\"@type\":\"Person\",\"@id\":\"https:\\\/\\\/stuttgarti-katolikusok.de\\\/#\\\/schema\\\/person\\\/75908d6f8fdc03a57889d27209df7795\",\"name\":\"Tibor atya\",\"image\":{\"@type\":\"ImageObject\",\"inLanguage\":\"hu\",\"@id\":\"https:\\\/\\\/secure.gravatar.com\\\/avatar\\\/61d268e57d1f4525b111222e29d2d5a7f8c420fdbf231ba5566a8ceac74fa960?s=96&d=mm&r=g\",\"url\":\"https:\\\/\\\/secure.gravatar.com\\\/avatar\\\/61d268e57d1f4525b111222e29d2d5a7f8c420fdbf231ba5566a8ceac74fa960?s=96&d=mm&r=g\",\"contentUrl\":\"https:\\\/\\\/secure.gravatar.com\\\/avatar\\\/61d268e57d1f4525b111222e29d2d5a7f8c420fdbf231ba5566a8ceac74fa960?s=96&d=mm&r=g\",\"caption\":\"Tibor atya\"},\"url\":\"https:\\\/\\\/stuttgarti-katolikusok.de\\\/index.php\\\/author\\\/tibor-atya\\\/\"}]}<\/script>\n<!-- \/ Yoast SEO plugin. -->","yoast_head_json":{"title":"Nagyb\u00f6jt 1. vas\u00e1rnap - Stuttgarti Katolikusok","robots":{"index":"index","follow":"follow","max-snippet":"max-snippet:-1","max-image-preview":"max-image-preview:large","max-video-preview":"max-video-preview:-1"},"canonical":"https:\/\/stuttgarti-katolikusok.de\/index.php\/nagybojt-1-vasarnap\/","og_locale":"hu_HU","og_type":"article","og_title":"Nagyb\u00f6jt 1. vas\u00e1rnap - Stuttgarti Katolikusok","og_description":"&#8222;Betelt az id\u0151, k\u00f6zel van az Isten orsz\u00e1ga. T\u00e9rjetek meg \u00e9s higgyetek az evang\u00e9liumban.&#8221;\u00a0(Mk 1,15) Sokunk sz\u00e1m\u00e1ra nagy m\u00e9rt\u00e9kben felgyorsult az \u00e9let. Rohanunk, olykor megfesz\u00edtett temp\u00f3t dikt\u00e1lva, versenyt futunk az id\u0151vel. Nagyb\u00f6jt kegyelmi id\u0151 sz\u00e1munkra, el\u0151k\u00e9sz\u00fclet H\u00fasv\u00e9t \u00fcnnep\u00e9re.\u00a0 Feladatom, hogy keressek \u00e9s tal\u00e1ljak r\u00e1 a magam min\u0151s\u00e9gi idej\u00e9re. Term\u00e9szetesen ez mindenkin\u00e9l m\u00e1s \u00e9s m\u00e1s. Tov\u00e1bb\u00e1 egy kicsit lass\u00edtani is meg kell tanulnom. Ez fog elvezetni a min\u0151s\u00e9gi id\u0151b\u0151l az &#8222;\u00e9n id\u0151m&#8221;-be. Fontos meg\u00e9rtenem, hogy ez az id\u0151, amit most magamra ford\u00edtok, nem m\u00e1st\u00f3l elvett id\u0151. F\u0151k\u00e9ppen, nem elvesztegetett id\u0151.\u00a0 Az\u00e9rt van r\u00e1 sz\u00fcks\u00e9gem, hogy azt\u00e1n m\u00e9g ink\u00e1bb \u00e9s teljesebben lehessek jelen azok sz\u00e1m\u00e1ra, akik\u00e9rt felel\u0151ss\u00e9get v\u00e1llaltam.\u00a0 &#8211; Az els\u0151 olvasm\u00e1ny a v\u00edz\u00f6z\u00f6n ut\u00e1ni sz\u00f6vets\u00e9gk\u00f6t\u00e9sr\u0151l sz\u00f3l. Sz\u00e1munkra a szeretet Istene k\u00edn\u00e1lja sz\u00f6vets\u00e9g\u00e9t. Csup\u00e1n rajtam m\u00falik, hogy elindulok-e az \u00e1ltala felk\u00edn\u00e1lt \u00faton. Fel tudom-e ismerni a mostani, kegyelmi id\u0151 k\u00edn\u00e1lta lehet\u0151s\u00e9get? &#8211; A szentlecke el\u0151sorban b\u00e1tor\u00edtani szeretne \u00fczenet\u00e9vel. A sz\u00f6vets\u00e9g Istene k\u00e9pes volt megmenteni No\u00e9t \u00e9s csal\u00e1dj\u00e1t a v\u00edz\u00f6z\u00f6n puszt\u00edt\u00e1s\u00e1t\u00f3l. J\u00e9zus Krisztus sz\u00f6vets\u00e9get k\u00edn\u00e1l nek\u00fcnk. \u0150, aki mindenben hasonl\u00f3v\u00e1 lett hozz\u00e1nk, a b\u0171nt kiv\u00e9ve, a vele jelk\u00e9pezett kereszts\u00e9g \u00e1ltal kiment benn\u00fcnket a b\u0171n\u00f6z\u00f6nb\u0151l. Ez a nagyb\u00f6jt, mint kegyelmi id\u0151, igazi \u00e9rtelme! &#8211; Szent M\u00e1rk evang\u00e9lium\u00e1nak r\u00f6vid le\u00edr\u00e1sa a lehet\u0151 legvil\u00e1gosabb biztat\u00e1s. V\u00e1lasz a &#8222;soha semmire sincs id\u0151m&#8221;, p\u00e1nikszer\u0171, \u00f6nmagam el\u0151l menek\u00fcl\u0151 v\u00e9dekez\u00e9si mechanizmusomra. F\u00e9lek szemben\u00e9zni \u00f6nmagammal. J\u00e9zus miel\u0151tt elkezdi nyilv\u00e1nos m\u0171k\u00f6d\u00e9s\u00e9t, negyven napra visszavonul a puszt\u00e1ba. A puszta a hely, a negyven nap az id\u0151. T\u00e9rben \u00e9s id\u0151ben \u00e9lek, \u00edgy vagyok meghat\u00e1rozhat\u00f3, k\u00f6r\u00fcl \u00edrhat\u00f3. Ahhoz, hogy val\u00f3ban l\u00e9tezzem, ne csup\u00e1n veget\u00e1ljak,\u00a0 visszavonul\u00f3t kell f\u00fajnom, m\u00e9ghozz\u00e1 id\u0151ben.\u00a0 Kezd\u0151\u00e9nek: Ha hozz\u00e1m ki\u00e1lt, \u00e9n meghallgatom; megmentem \u00e9s megdics\u0151\u00edtem, bet\u00f6lt\u0151m \u0151t napok hossz\u00fa sor\u00e1val. (V\u00f6. Zsolt 90,15-16) K\u00f6ny\u00f6rg\u00e9s: Add meg nek\u00fcnk, mindenhat\u00f3 Isten\u00fcnk, hogy a nagyb\u00f6jti szent id\u0151szak \u00e9vente visszat\u00e9r\u0151 gyakorlatai \u00e1ltal eljuthassunk Krisztus titkainak meg\u00e9rt\u00e9s\u00e9re, \u00e9s m\u00e9lt\u00f3 kereszt\u00e9ny \u00e9lettel igazodjunk hozz\u00e1. A mi Urunk, J\u00e9zus... R\u00e9szletek","og_url":"https:\/\/stuttgarti-katolikusok.de\/index.php\/nagybojt-1-vasarnap\/","og_site_name":"Stuttgarti Katolikusok","article_published_time":"2024-02-17T10:40:10+00:00","article_modified_time":"2024-02-17T11:30:26+00:00","og_image":[{"width":1280,"height":853,"url":"https:\/\/stuttgarti-katolikusok.de\/wp-content\/uploads\/2024\/02\/desert-4791919-1280.jpg","type":"image\/jpeg"}],"author":"Tibor atya","twitter_card":"summary_large_image","twitter_misc":{"Szerz\u0151:":"Tibor atya","Becs\u00fclt olvas\u00e1si id\u0151":"7 perc"},"schema":{"@context":"https:\/\/schema.org","@graph":[{"@type":"Article","@id":"https:\/\/stuttgarti-katolikusok.de\/index.php\/nagybojt-1-vasarnap\/#article","isPartOf":{"@id":"https:\/\/stuttgarti-katolikusok.de\/index.php\/nagybojt-1-vasarnap\/"},"author":{"name":"Tibor atya","@id":"https:\/\/stuttgarti-katolikusok.de\/#\/schema\/person\/75908d6f8fdc03a57889d27209df7795"},"headline":"Nagyb\u00f6jt 1. vas\u00e1rnap","datePublished":"2024-02-17T10:40:10+00:00","dateModified":"2024-02-17T11:30:26+00:00","mainEntityOfPage":{"@id":"https:\/\/stuttgarti-katolikusok.de\/index.php\/nagybojt-1-vasarnap\/"},"wordCount":1845,"image":{"@id":"https:\/\/stuttgarti-katolikusok.de\/index.php\/nagybojt-1-vasarnap\/#primaryimage"},"thumbnailUrl":"https:\/\/stuttgarti-katolikusok.de\/wp-content\/uploads\/2024\/02\/desert-4791919-1280.jpg","articleSection":["A liturgia olvasm\u00e1nyai","Vas\u00e1rnapi gondolatok"],"inLanguage":"hu"},{"@type":"WebPage","@id":"https:\/\/stuttgarti-katolikusok.de\/index.php\/nagybojt-1-vasarnap\/","url":"https:\/\/stuttgarti-katolikusok.de\/index.php\/nagybojt-1-vasarnap\/","name":"Nagyb\u00f6jt 1. vas\u00e1rnap - Stuttgarti Katolikusok","isPartOf":{"@id":"https:\/\/stuttgarti-katolikusok.de\/#website"},"primaryImageOfPage":{"@id":"https:\/\/stuttgarti-katolikusok.de\/index.php\/nagybojt-1-vasarnap\/#primaryimage"},"image":{"@id":"https:\/\/stuttgarti-katolikusok.de\/index.php\/nagybojt-1-vasarnap\/#primaryimage"},"thumbnailUrl":"https:\/\/stuttgarti-katolikusok.de\/wp-content\/uploads\/2024\/02\/desert-4791919-1280.jpg","datePublished":"2024-02-17T10:40:10+00:00","dateModified":"2024-02-17T11:30:26+00:00","author":{"@id":"https:\/\/stuttgarti-katolikusok.de\/#\/schema\/person\/75908d6f8fdc03a57889d27209df7795"},"breadcrumb":{"@id":"https:\/\/stuttgarti-katolikusok.de\/index.php\/nagybojt-1-vasarnap\/#breadcrumb"},"inLanguage":"hu","potentialAction":[{"@type":"ReadAction","target":["https:\/\/stuttgarti-katolikusok.de\/index.php\/nagybojt-1-vasarnap\/"]}]},{"@type":"ImageObject","inLanguage":"hu","@id":"https:\/\/stuttgarti-katolikusok.de\/index.php\/nagybojt-1-vasarnap\/#primaryimage","url":"https:\/\/stuttgarti-katolikusok.de\/wp-content\/uploads\/2024\/02\/desert-4791919-1280.jpg","contentUrl":"https:\/\/stuttgarti-katolikusok.de\/wp-content\/uploads\/2024\/02\/desert-4791919-1280.jpg","width":1280,"height":853},{"@type":"BreadcrumbList","@id":"https:\/\/stuttgarti-katolikusok.de\/index.php\/nagybojt-1-vasarnap\/#breadcrumb","itemListElement":[{"@type":"ListItem","position":1,"name":"Kezd\u0151lap","item":"https:\/\/stuttgarti-katolikusok.de\/"},{"@type":"ListItem","position":2,"name":"Nagyb\u00f6jt 1. vas\u00e1rnap"}]},{"@type":"WebSite","@id":"https:\/\/stuttgarti-katolikusok.de\/#website","url":"https:\/\/stuttgarti-katolikusok.de\/","name":"Stuttgarti Katolikusok","description":"","potentialAction":[{"@type":"SearchAction","target":{"@type":"EntryPoint","urlTemplate":"https:\/\/stuttgarti-katolikusok.de\/?s={search_term_string}"},"query-input":{"@type":"PropertyValueSpecification","valueRequired":true,"valueName":"search_term_string"}}],"inLanguage":"hu"},{"@type":"Person","@id":"https:\/\/stuttgarti-katolikusok.de\/#\/schema\/person\/75908d6f8fdc03a57889d27209df7795","name":"Tibor atya","image":{"@type":"ImageObject","inLanguage":"hu","@id":"https:\/\/secure.gravatar.com\/avatar\/61d268e57d1f4525b111222e29d2d5a7f8c420fdbf231ba5566a8ceac74fa960?s=96&d=mm&r=g","url":"https:\/\/secure.gravatar.com\/avatar\/61d268e57d1f4525b111222e29d2d5a7f8c420fdbf231ba5566a8ceac74fa960?s=96&d=mm&r=g","contentUrl":"https:\/\/secure.gravatar.com\/avatar\/61d268e57d1f4525b111222e29d2d5a7f8c420fdbf231ba5566a8ceac74fa960?s=96&d=mm&r=g","caption":"Tibor atya"},"url":"https:\/\/stuttgarti-katolikusok.de\/index.php\/author\/tibor-atya\/"}]}},"_links":{"self":[{"href":"https:\/\/stuttgarti-katolikusok.de\/index.php\/wp-json\/wp\/v2\/posts\/28392","targetHints":{"allow":["GET"]}}],"collection":[{"href":"https:\/\/stuttgarti-katolikusok.de\/index.php\/wp-json\/wp\/v2\/posts"}],"about":[{"href":"https:\/\/stuttgarti-katolikusok.de\/index.php\/wp-json\/wp\/v2\/types\/post"}],"author":[{"embeddable":true,"href":"https:\/\/stuttgarti-katolikusok.de\/index.php\/wp-json\/wp\/v2\/users\/3"}],"replies":[{"embeddable":true,"href":"https:\/\/stuttgarti-katolikusok.de\/index.php\/wp-json\/wp\/v2\/comments?post=28392"}],"version-history":[{"count":4,"href":"https:\/\/stuttgarti-katolikusok.de\/index.php\/wp-json\/wp\/v2\/posts\/28392\/revisions"}],"predecessor-version":[{"id":28397,"href":"https:\/\/stuttgarti-katolikusok.de\/index.php\/wp-json\/wp\/v2\/posts\/28392\/revisions\/28397"}],"wp:featuredmedia":[{"embeddable":true,"href":"https:\/\/stuttgarti-katolikusok.de\/index.php\/wp-json\/wp\/v2\/media\/28393"}],"wp:attachment":[{"href":"https:\/\/stuttgarti-katolikusok.de\/index.php\/wp-json\/wp\/v2\/media?parent=28392"}],"wp:term":[{"taxonomy":"category","embeddable":true,"href":"https:\/\/stuttgarti-katolikusok.de\/index.php\/wp-json\/wp\/v2\/categories?post=28392"},{"taxonomy":"post_tag","embeddable":true,"href":"https:\/\/stuttgarti-katolikusok.de\/index.php\/wp-json\/wp\/v2\/tags?post=28392"}],"curies":[{"name":"wp","href":"https:\/\/api.w.org\/{rel}","templated":true}]}}