{"id":28349,"date":"2024-02-10T00:34:46","date_gmt":"2024-02-09T23:34:46","guid":{"rendered":"https:\/\/stuttgarti-katolikusok.de\/?p=28349"},"modified":"2024-02-10T00:36:40","modified_gmt":"2024-02-09T23:36:40","slug":"evkozi-6-vasarnap-3","status":"publish","type":"post","link":"https:\/\/stuttgarti-katolikusok.de\/index.php\/evkozi-6-vasarnap-3\/","title":{"rendered":"\u00c9vk\u00f6zi 6. vas\u00e1rnap &#8211; A betegek vil\u00e1gnapja"},"content":{"rendered":"<p><span style=\"color: #ff6600;\"><em>\u00c9vk\u00f6zi 6. vas\u00e1rnapon a kijel\u00f6lt szent\u00edr\u00e1si szakaszok ism\u00e9telten sok gondolattal aj\u00e1nd\u00e9koznak meg benn\u00fcnket.\u00a0<\/em><\/span><\/p>\n<p><span style=\"color: #ff6600;\"><em>A Levit\u00e1k k\u00f6nyv\u00e9b\u0151l elhangzott szakasz r\u00e9szletes le\u00edr\u00e1st tartalmaz, ahogyan abban a korban a lepra betegs\u00e9g\u00e9t kezelt\u00e9k. &#8222;Ameddig a betegs\u00e9ge tart, addig tiszt\u00e1talan, s mivel tiszt\u00e1talan, lakj\u00e9k elk\u00fcl\u00f6n\u00edtve, tart\u00f3zkodj\u00e9k a t\u00e1boron k\u00edv\u00fcl.\u201d Ezt nevezz\u00fck szegreg\u00e1ci\u00f3nak! &#8211; Mintha ma is ezt az utat k\u00f6vetn\u00e9nk&#8230;<\/em><\/span><\/p>\n<p><span style=\"color: #ff6600;\"><em>A szentlecke \u00fczenete is egy\u00e9rtelm\u0171 \u00e9s vil\u00e1gos: mindenben Isten dics\u0151s\u00e9g\u00e9t kell keresnem. Helytelen magatart\u00e1s, ha csup\u00e1n a magam elismer\u00e9s\u00e9t \u00e9s dics\u0151\u00edt\u00e9s\u00e9t akarom kiv\u00edvni m\u00e1sok r\u00e9sz\u00e9r\u0151l. Ez az \u00fat a botr\u00e1ny \u00fatja! A tartalom \u00e9s m\u00e9lys\u00e9g n\u00e9lk\u00fcli celebek \u00e9s influenszerek kor\u00e1nak nagy k\u00eds\u00e9rt\u00e9se ez.<\/em><\/span><\/p>\n<p><span style=\"color: #ff6600;\"><em>Az evang\u00e9liumi r\u00e9sz, melyet M\u00e1rk jegyez, azt mutatja meg, hogy J\u00e9zus mik\u00e9nt vezeti vissza a lepr\u00e1s embert az emberi t\u00e1rsadalomba. Nem m\u00e1s ez, mint integr\u00e1ci\u00f3. Ez az Egyh\u00e1z misszi\u00f3s k\u00fcldet\u00e9se. Testi \u00e9s lelki betegs\u00e9gben szenved\u0151 embert\u00e1rsaink sz\u00e1m\u00e1ra megmutatni a gy\u00f3gyul\u00e1s \u00fatj\u00e1t. Amennyiben m\u00e1r v\u00e9gig ment\u00e9l ezen az \u00faton, s ezt fel is v\u00e1llalod, val\u00f3ban hiteles a tan\u00fas\u00e1gt\u00e9teled.\u00a0<\/em><\/span><\/p>\n<p><span style=\"color: #008000;\">Kezd\u0151\u00e9nek:<\/span><br \/>\nL\u00e9gy nekem oltalmaz\u00f3 Istenem \u00e9s mened\u00e9kh\u00e1zam, hogy megszabad\u00edts engem: mert er\u0151ss\u00e9gem \u00e9s mened\u00e9kem vagy te, neved\u00e9rt vez\u00e9relsz engem, \u00e9s gondomat viseled. (V\u00f6. Zsolt 30,3-4)<\/p>\n<p><span style=\"color: #008000;\">K\u00f6ny\u00f6rg\u00e9s:<\/span><br \/>\nIsten\u00fcnk, tan\u00edt\u00e1sodb\u00f3l tudjuk, hogy az \u0151szinte \u00e9s tiszta sz\u00edvekben akarsz \u00e9lni. K\u00e9r\u00fcnk, alak\u00edts \u00e1t minket kegyelmeddel, hogy m\u00e9lt\u00f3 hajl\u00e9kod legy\u00fcnk. A mi Urunk, J\u00e9zus Krisztus, a te Fiad \u00e1ltal, aki veled \u00e9l \u00e9s uralkodik a Szentl\u00e9lekkel egys\u00e9gben, Isten mind\u00f6r\u00f6kk\u00f6n \u00f6r\u00f6kk\u00e9.<\/p>\n<p align=\"justify\"><span style=\"color: #008000;\">OLVASM\u00c1NY M\u00f3zes harmadik k\u00f6nyv\u00e9b\u0151l (Lev 13,1-2.44-46)<\/span><br \/>\nAz \u00dar ezt mondta M\u00f3zesnek \u00e9s \u00c1ronnak: \u201eHa egy embernek a b\u0151r\u00e9n duzzad\u00e1s, ki\u00fct\u00e9s vagy f\u00e9nyl\u0151 folt keletkezik, b\u0151rlepr\u00e1ra lehet gyanakodni. Vezess\u00e9k \u00c1ron paphoz, vagy az \u0151 fiai k\u00f6z\u00fcl valamelyik paphoz. Az ilyen ember lepr\u00e1s \u00e9s tiszt\u00e1talan. A pap nyilv\u00e1n\u00edtsa tiszt\u00e1talannak, mivel lepr\u00e1ja van. A lepr\u00e1s, akit a betegs\u00e9g megt\u00e1madott, szaggassa meg ruh\u00e1j\u00e1t, a haj\u00e1t hordja kibontva, a szak\u00e1ll\u00e1t takarja be, \u00e9s kiab\u00e1ljon: \u00bbTiszt\u00e1talan, tiszt\u00e1talan!\u00ab Ameddig a betegs\u00e9ge tart, addig tiszt\u00e1talan, s mivel tiszt\u00e1talan, lakj\u00e9k elk\u00fcl\u00f6n\u00edtve, tart\u00f3zkodj\u00e9k a t\u00e1boron k\u00edv\u00fcl.\u201d<br \/>\nEz az Isten ig\u00e9je.<\/p>\n<p align=\"justify\"><span style=\"color: #008000;\">V\u00c1LASZOS ZSOLT\u00c1R (Zsolt 31,1-2.5.11)<\/span><br \/>\nV\u00e1lasz:\u00a0<strong>Te vagy, Uram, me<u>ne<\/u>d\u00e9kem, * a szabadul\u00e1s \u00f6r\u00f6m\u00e9vel ve<u>szel<\/u>\u00a0k\u00f6r\u00fcl engem.<\/strong>\u00a0(6. t\u00f3nus.)<br \/>\nEl\u0151\u00e9nekes: Boldog, akinek az \u00dar megbocs\u00e1tot<u>ta<\/u>\u00a0b\u0171neit, * akinek betakar<u>ta<\/u>\u00a0gonoszs\u00e1g\u00e1t.<br \/>\nBoldog az, akinek v\u00e9tk\u00e9t az \u00dar fel\u00a0<u>nem<\/u>\u00a0r\u00f3ja, * kinek lelk\u00e9<u>ben<\/u>\u00a0nincsen \u00e1lnoks\u00e1g.<br \/>\nH\u00edvek:\u00a0<strong>Te vagy, Uram, me<u>ne<\/u>d\u00e9kem, * a szabadul\u00e1s \u00f6r\u00f6m\u00e9vel ve<u>szel<\/u>\u00a0k\u00f6r\u00fcl engem.<\/strong><br \/>\nE: B\u0171n\u00f6met e<u>l\u00e9d<\/u>\u00a0t\u00e1rtam, * nem rejtettem el\u00a0<u>v\u00e9t<\/u>kem el\u0151led.<br \/>\n\u00cdgy sz\u00f3l<u>tam<\/u>: \u2020 \u201eGonoszs\u00e1gomat megval<u>lom<\/u>, Uram,\u201d * \u00e9s te megbocs\u00e1tot<u>tad<\/u>\u00a0v\u00e9tkeimet.<br \/>\nH:\u00a0<strong>Te vagy, Uram, me<u>ne<\/u>d\u00e9kem, * a szabadul\u00e1s \u00f6r\u00f6m\u00e9vel ve<u>szel<\/u>\u00a0k\u00f6r\u00fcl engem.<\/strong><br \/>\nE: Vigadjatok \u00e9s ujjongjatok, igazak,\u00a0<u>az<\/u>\u00a0\u00darban, * \u00e9s \u00f6rvendezzen min<u>den<\/u>\u00a0tiszta sz\u00edv\u0171.<br \/>\nH:\u00a0<strong>Te vagy, Uram, me<u>ne<\/u>d\u00e9kem, * a szabadul\u00e1s \u00f6r\u00f6m\u00e9vel ve<u>szel<\/u>\u00a0k\u00f6r\u00fcl engem.<\/strong><\/p>\n<p align=\"justify\"><span style=\"color: #008000;\">SZENTLECKE Szent P\u00e1l apostolnak a korintusiakhoz \u00edrt els\u0151 level\u00e9b\u0151l (1Kor 10,31\u201311,1)<\/span><br \/>\nTestv\u00e9reim! Ak\u00e1r esztek, ak\u00e1r isztok, vagy b\u00e1rmi m\u00e1st tesztek, tegyetek mindent Isten dics\u0151s\u00e9g\u00e9re. Se zsid\u00f3t, se pog\u00e1nyt, se Isten egyh\u00e1z\u00e1t ne botr\u00e1nkoztass\u00e1tok meg, mint ahogy \u00e9n is mindenkinek kedv\u00e9ben j\u00e1rok. Nem azt keresem, ami nekem hasznos, hanem ami m\u00e1soknak van jav\u00e1ra, hogy \u00fcdv\u00f6z\u00fcljenek. Legyetek k\u00f6vet\u0151im, mint ahogy \u00e9n Krisztus k\u00f6vet\u0151je vagyok!<br \/>\nEz az Isten ig\u00e9je.<\/p>\n<p align=\"justify\"><span style=\"color: #008000;\">ALLELUJA<\/span><br \/>\nNagy pr\u00f3f\u00e9ta t\u00e1madt\u00a0<u>k\u00f6z<\/u>t\u00fcnk, * Isten megl\u00e1togatta az\u00a0<u>\u0151<\/u>\u00a0n\u00e9p\u00e9t. (Lk 7, 16 \u2013 2. t\u00f3nus.)<\/p>\n<p align=\"justify\"><span style=\"color: #008000;\">\u2020 EVANG\u00c9LIUM Szent M\u00e1rk k\u00f6nyv\u00e9b\u0151l (Mk 1,40-45)<\/span><br \/>\nAbban az id\u0151ben: Egy lepr\u00e1s j\u00f6tt J\u00e9zushoz. T\u00e9rdre borult el\u0151tte, \u00e9s \u00edgy k\u00e9rlelte: \u201eHa akarod, te meg tudsz tiszt\u00edtani engem!\u201d J\u00e9zusnak megesett rajta a sz\u00edve. Kiny\u00fajtotta kez\u00e9t, meg\u00e9rintette, \u00e9s azt mondta neki: \u201eAkarom! Tisztulj meg!\u201d Erre r\u00f6gt\u00f6n elm\u00falt a lepr\u00e1ja, \u00e9s megtisztult. J\u00e9zus szigor\u00faan r\u00e1parancsolt, \u00e9s mindj\u00e1rt elk\u00fcldte ezekkel a szavakkal: \u201eVigy\u00e1zz, ne sz\u00f3lj err\u0151l senkinek egy sz\u00f3t sem, hanem menj, mutasd meg magadat a papnak, \u00e9s tisztul\u00e1sod\u00e9rt mutasd be a M\u00f3zes rendelte \u00e1ldozatot, bizonys\u00e1gul nekik.\u201d \u00c1m az, alighogy elment, mindenfel\u00e9 hirdetni \u00e9s h\u00edresztelni kezdte a dolgot. Emiatt J\u00e9zus nem mehetett t\u00f6bb\u00e9 nyilv\u00e1nosan a v\u00e1rosba, ink\u00e1bb kint, elhagyatott helyeken tart\u00f3zkodott. M\u00e9gis, minden\u00fcnnen \u00f6z\u00f6nl\u00f6ttek hozz\u00e1 az emberek.<br \/>\nEzek az evang\u00e9lium ig\u00e9i.<\/p>\n<p><span style=\"color: #008000;\">EGYETEMES K\u00d6NY\u00d6RG\u00c9SEK<\/span><br \/>\nPap: Testv\u00e9reim! Krisztus \u00f6nk\u00e9nt al\u00e1vetette mag\u00e1t a t\u00f6rv\u00e9nynek, hogy teljes\u00edtse Atyj\u00e1nak akarat\u00e1t. K\u00e9rj\u00fck, hogy a parancsolatokban mi is mennyei Aty\u00e1nk akarat\u00e1t l\u00e1ssuk!<br \/>\nLektor:<br \/>\n1. Engedd, Urunk, hogy Krisztus f\u00f6ldi helytart\u00f3ja, Ferenc p\u00e1pa tan\u00edt\u00e1s\u00e1ban felismerj\u00fck Fiad szav\u00e1t!<br \/>\nH\u00edvek: K\u00e9r\u00fcnk T\u00e9ged, hallgass meg minket!<br \/>\n2. Add, Urunk, hogy a n\u00e9pek vezet\u0151 j\u00f3 p\u00e9ld\u00e1jukkal tan\u00edts\u00e1k n\u00e9p\u00fcket a t\u00f6rv\u00e9ny tisztelet\u00e9re!<br \/>\nH\u00edvek: K\u00e9r\u00fcnk T\u00e9ged, hallgass meg minket!<br \/>\n3. Engedd, Urunk, hogy az emberek parancsaid teljes\u00edt\u00e9s\u00e9ben tal\u00e1ljanak r\u00e1 a boldog \u00e9let \u00fatj\u00e1ra!<br \/>\nH\u00edvek: K\u00e9r\u00fcnk T\u00e9ged, hallgass meg minket!<br \/>\n4. Tedd sz\u00edv\u00fcnket fog\u00e9konny\u00e1 az \u00f6nzetlen szeretetre, hogy azt keress\u00fck, ami hasznos m\u00e1soknak!<br \/>\nH\u00edvek: K\u00e9r\u00fcnk T\u00e9ged, hallgass meg minket!<br \/>\n5. Adj gy\u00f3gyul\u00e1st a betegeknek, a haldokl\u00f3kat pedig er\u0151s\u00edtsd \u00e9s vigasztald a szents\u00e9gek \u00e1ltal!<br \/>\nH\u00edvek: K\u00e9r\u00fcnk T\u00e9ged, hallgass meg minket!<br \/>\nPap: Mennyei Aty\u00e1nk! K\u00e9r\u00fcnk, vil\u00e1gos\u00edtsd meg \u00e9rtelm\u00fcnket, hogy parancsaidban felismerj\u00fck \u00fcdv\u00f6z\u00edt\u0151 szeretetedet! Krisztus, a mi Urunk \u00e1ltal.<br \/>\nH\u00edvek: \u00c1men.<\/p>\n<p><span style=\"color: #008000;\">Felaj\u00e1nl\u00f3 k\u00f6ny\u00f6rg\u00e9s:<\/span><br \/>\nK\u00e9r\u00fcnk, Isten\u00fcnk, hogy ez az \u00e1ldozati adom\u00e1ny tiszt\u00edtson meg \u00e9s \u00faj\u00edtson meg minket. Legyen \u00f6r\u00f6k jutalom forr\u00e1sa azoknak, akik teljes\u00edtik szent akaratodat. Krisztus, a mi Urunk \u00e1ltal.<\/p>\n<p><span style=\"color: #008000;\">\u00c1ldoz\u00e1si \u00e9nek:<\/span><br \/>\nEttek, \u00e9s elteltek b\u0151s\u00e9gesen, \u00e9s k\u00edv\u00e1ns\u00e1gukat bet\u00f6lt\u00f6tte az \u00dar; \u00e9s nem csalatkoztak k\u00edv\u00e1ns\u00e1gukban. (V\u00f6. Zsolt 77,29-30)<br \/>\n<span style=\"color: #008000;\"><em>Vagy<\/em><\/span><br \/>\n\u00dagy szerette Isten a vil\u00e1got, hogy egysz\u00fcl\u00f6tt Fi\u00e1t adta, hogy mindaz, aki hisz \u0151benne, el ne vesszen, hanem \u00f6r\u00f6k \u00e9lete legyen. (Jn 3,16)<\/p>\n<p><span style=\"color: #008000;\">\u00c1ldoz\u00e1s ut\u00e1ni k\u00f6ny\u00f6rg\u00e9s:<\/span><br \/>\nMennyei keny\u00e9rrel \u00f6rvendeztett\u00e9l meg minket, Urunk, Isten\u00fcnk. Add, hogy mindig olyan eledelre v\u00e1gyakozzunk, amely az igaz \u00e9letet t\u00e1pl\u00e1lja benn\u00fcnk. Krisztus, a mi Urunk \u00e1ltal.<\/p>\n<p><em>(K\u00e9p forr\u00e1sa: Konkolj Jutka &#8211; Vissza\u00fat, azaz gy\u00f3gyul\u00e1s)<\/em><\/p>\n","protected":false},"excerpt":{"rendered":"<p>\u00c9vk\u00f6zi 6. vas\u00e1rnapon a kijel\u00f6lt szent\u00edr\u00e1si szakaszok ism\u00e9telten sok gondolattal aj\u00e1nd\u00e9koznak meg benn\u00fcnket.\u00a0 A Levit\u00e1k k\u00f6nyv\u00e9b\u0151l elhangzott szakasz r\u00e9szletes le\u00edr\u00e1st tartalmaz, ahogyan abban a korban a lepra betegs\u00e9g\u00e9t kezelt\u00e9k. &#8222;Ameddig a betegs\u00e9ge tart, addig tiszt\u00e1talan, s mivel tiszt\u00e1talan, lakj\u00e9k elk\u00fcl\u00f6n\u00edtve, tart\u00f3zkodj\u00e9k a t\u00e1boron k\u00edv\u00fcl.\u201d Ezt nevezz\u00fck szegreg\u00e1ci\u00f3nak! &#8211; Mintha ma is ezt az utat k\u00f6vetn\u00e9nk&#8230; A szentlecke \u00fczenete is egy\u00e9rtelm\u0171 \u00e9s vil\u00e1gos: mindenben Isten dics\u0151s\u00e9g\u00e9t kell keresnem. Helytelen magatart\u00e1s, ha csup\u00e1n a magam elismer\u00e9s\u00e9t \u00e9s dics\u0151\u00edt\u00e9s\u00e9t akarom kiv\u00edvni m\u00e1sok r\u00e9sz\u00e9r\u0151l. Ez az \u00fat a botr\u00e1ny \u00fatja! A tartalom \u00e9s m\u00e9lys\u00e9g n\u00e9lk\u00fcli celebek \u00e9s influenszerek kor\u00e1nak nagy k\u00eds\u00e9rt\u00e9se ez. Az evang\u00e9liumi r\u00e9sz, melyet M\u00e1rk jegyez, azt mutatja meg, hogy J\u00e9zus mik\u00e9nt vezeti vissza a lepr\u00e1s embert az emberi t\u00e1rsadalomba. Nem m\u00e1s ez, mint integr\u00e1ci\u00f3. Ez az Egyh\u00e1z misszi\u00f3s k\u00fcldet\u00e9se. Testi \u00e9s lelki betegs\u00e9gben szenved\u0151 embert\u00e1rsaink sz\u00e1m\u00e1ra megmutatni a gy\u00f3gyul\u00e1s \u00fatj\u00e1t. Amennyiben m\u00e1r v\u00e9gig ment\u00e9l ezen az \u00faton, s ezt fel is v\u00e1llalod, val\u00f3ban hiteles a tan\u00fas\u00e1gt\u00e9teled.\u00a0 Kezd\u0151\u00e9nek: L\u00e9gy nekem oltalmaz\u00f3 Istenem \u00e9s mened\u00e9kh\u00e1zam, hogy megszabad\u00edts engem: mert er\u0151ss\u00e9gem \u00e9s mened\u00e9kem vagy te, neved\u00e9rt vez\u00e9relsz engem, \u00e9s gondomat viseled. (V\u00f6. Zsolt 30,3-4) K\u00f6ny\u00f6rg\u00e9s: Isten\u00fcnk, tan\u00edt\u00e1sodb\u00f3l tudjuk, hogy az \u0151szinte \u00e9s tiszta sz\u00edvekben akarsz \u00e9lni. K\u00e9r\u00fcnk, alak\u00edts \u00e1t minket kegyelmeddel, hogy m\u00e9lt\u00f3 hajl\u00e9kod legy\u00fcnk. A mi Urunk, J\u00e9zus Krisztus, a te Fiad \u00e1ltal, aki veled \u00e9l \u00e9s uralkodik a Szentl\u00e9lekkel egys\u00e9gben, Isten mind\u00f6r\u00f6kk\u00f6n \u00f6r\u00f6kk\u00e9. OLVASM\u00c1NY M\u00f3zes harmadik k\u00f6nyv\u00e9b\u0151l (Lev 13,1-2.44-46) Az \u00dar ezt mondta M\u00f3zesnek \u00e9s \u00c1ronnak: \u201eHa egy embernek a b\u0151r\u00e9n duzzad\u00e1s, ki\u00fct\u00e9s vagy f\u00e9nyl\u0151 folt keletkezik, b\u0151rlepr\u00e1ra lehet gyanakodni. Vezess\u00e9k \u00c1ron paphoz, vagy az \u0151 fiai k\u00f6z\u00fcl valamelyik paphoz. Az ilyen ember lepr\u00e1s \u00e9s tiszt\u00e1talan. A pap nyilv\u00e1n\u00edtsa tiszt\u00e1talannak, mivel lepr\u00e1ja van. A lepr\u00e1s, akit a betegs\u00e9g megt\u00e1madott, szaggassa meg ruh\u00e1j\u00e1t, a haj\u00e1t hordja kibontva, a szak\u00e1ll\u00e1t takarja be, \u00e9s kiab\u00e1ljon: \u00bbTiszt\u00e1talan, tiszt\u00e1talan!\u00ab Ameddig a betegs\u00e9ge tart, addig tiszt\u00e1talan, s mivel&#8230; <\/p>\n<p><a class=\"readmore\" href=\"https:\/\/stuttgarti-katolikusok.de\/index.php\/evkozi-6-vasarnap-3\/\">R\u00e9szletek<\/a><\/p>\n","protected":false},"author":3,"featured_media":28350,"comment_status":"closed","ping_status":"closed","sticky":false,"template":"","format":"standard","meta":{"footnotes":""},"categories":[85,63],"tags":[],"class_list":["post-28349","post","type-post","status-publish","format-standard","has-post-thumbnail","hentry","category-a-liturgia-olvasmanyai","category-vasarnapi-gondolatok"],"yoast_head":"<!-- This site is optimized with the Yoast SEO plugin v27.3 - https:\/\/yoast.com\/product\/yoast-seo-wordpress\/ -->\n<title>\u00c9vk\u00f6zi 6. vas\u00e1rnap - A betegek vil\u00e1gnapja - Stuttgarti Katolikusok<\/title>\n<meta name=\"robots\" content=\"index, follow, max-snippet:-1, max-image-preview:large, max-video-preview:-1\" \/>\n<link rel=\"canonical\" href=\"https:\/\/stuttgarti-katolikusok.de\/index.php\/evkozi-6-vasarnap-3\/\" \/>\n<meta property=\"og:locale\" content=\"hu_HU\" \/>\n<meta property=\"og:type\" content=\"article\" \/>\n<meta property=\"og:title\" content=\"\u00c9vk\u00f6zi 6. vas\u00e1rnap - A betegek vil\u00e1gnapja - Stuttgarti Katolikusok\" \/>\n<meta property=\"og:description\" content=\"\u00c9vk\u00f6zi 6. vas\u00e1rnapon a kijel\u00f6lt szent\u00edr\u00e1si szakaszok ism\u00e9telten sok gondolattal aj\u00e1nd\u00e9koznak meg benn\u00fcnket.\u00a0 A Levit\u00e1k k\u00f6nyv\u00e9b\u0151l elhangzott szakasz r\u00e9szletes le\u00edr\u00e1st tartalmaz, ahogyan abban a korban a lepra betegs\u00e9g\u00e9t kezelt\u00e9k. &#8222;Ameddig a betegs\u00e9ge tart, addig tiszt\u00e1talan, s mivel tiszt\u00e1talan, lakj\u00e9k elk\u00fcl\u00f6n\u00edtve, tart\u00f3zkodj\u00e9k a t\u00e1boron k\u00edv\u00fcl.\u201d Ezt nevezz\u00fck szegreg\u00e1ci\u00f3nak! &#8211; Mintha ma is ezt az utat k\u00f6vetn\u00e9nk&#8230; A szentlecke \u00fczenete is egy\u00e9rtelm\u0171 \u00e9s vil\u00e1gos: mindenben Isten dics\u0151s\u00e9g\u00e9t kell keresnem. Helytelen magatart\u00e1s, ha csup\u00e1n a magam elismer\u00e9s\u00e9t \u00e9s dics\u0151\u00edt\u00e9s\u00e9t akarom kiv\u00edvni m\u00e1sok r\u00e9sz\u00e9r\u0151l. Ez az \u00fat a botr\u00e1ny \u00fatja! A tartalom \u00e9s m\u00e9lys\u00e9g n\u00e9lk\u00fcli celebek \u00e9s influenszerek kor\u00e1nak nagy k\u00eds\u00e9rt\u00e9se ez. Az evang\u00e9liumi r\u00e9sz, melyet M\u00e1rk jegyez, azt mutatja meg, hogy J\u00e9zus mik\u00e9nt vezeti vissza a lepr\u00e1s embert az emberi t\u00e1rsadalomba. Nem m\u00e1s ez, mint integr\u00e1ci\u00f3. Ez az Egyh\u00e1z misszi\u00f3s k\u00fcldet\u00e9se. Testi \u00e9s lelki betegs\u00e9gben szenved\u0151 embert\u00e1rsaink sz\u00e1m\u00e1ra megmutatni a gy\u00f3gyul\u00e1s \u00fatj\u00e1t. Amennyiben m\u00e1r v\u00e9gig ment\u00e9l ezen az \u00faton, s ezt fel is v\u00e1llalod, val\u00f3ban hiteles a tan\u00fas\u00e1gt\u00e9teled.\u00a0 Kezd\u0151\u00e9nek: L\u00e9gy nekem oltalmaz\u00f3 Istenem \u00e9s mened\u00e9kh\u00e1zam, hogy megszabad\u00edts engem: mert er\u0151ss\u00e9gem \u00e9s mened\u00e9kem vagy te, neved\u00e9rt vez\u00e9relsz engem, \u00e9s gondomat viseled. (V\u00f6. Zsolt 30,3-4) K\u00f6ny\u00f6rg\u00e9s: Isten\u00fcnk, tan\u00edt\u00e1sodb\u00f3l tudjuk, hogy az \u0151szinte \u00e9s tiszta sz\u00edvekben akarsz \u00e9lni. K\u00e9r\u00fcnk, alak\u00edts \u00e1t minket kegyelmeddel, hogy m\u00e9lt\u00f3 hajl\u00e9kod legy\u00fcnk. A mi Urunk, J\u00e9zus Krisztus, a te Fiad \u00e1ltal, aki veled \u00e9l \u00e9s uralkodik a Szentl\u00e9lekkel egys\u00e9gben, Isten mind\u00f6r\u00f6kk\u00f6n \u00f6r\u00f6kk\u00e9. OLVASM\u00c1NY M\u00f3zes harmadik k\u00f6nyv\u00e9b\u0151l (Lev 13,1-2.44-46) Az \u00dar ezt mondta M\u00f3zesnek \u00e9s \u00c1ronnak: \u201eHa egy embernek a b\u0151r\u00e9n duzzad\u00e1s, ki\u00fct\u00e9s vagy f\u00e9nyl\u0151 folt keletkezik, b\u0151rlepr\u00e1ra lehet gyanakodni. Vezess\u00e9k \u00c1ron paphoz, vagy az \u0151 fiai k\u00f6z\u00fcl valamelyik paphoz. Az ilyen ember lepr\u00e1s \u00e9s tiszt\u00e1talan. A pap nyilv\u00e1n\u00edtsa tiszt\u00e1talannak, mivel lepr\u00e1ja van. A lepr\u00e1s, akit a betegs\u00e9g megt\u00e1madott, szaggassa meg ruh\u00e1j\u00e1t, a haj\u00e1t hordja kibontva, a szak\u00e1ll\u00e1t takarja be, \u00e9s kiab\u00e1ljon: \u00bbTiszt\u00e1talan, tiszt\u00e1talan!\u00ab Ameddig a betegs\u00e9ge tart, addig tiszt\u00e1talan, s mivel... R\u00e9szletek\" \/>\n<meta property=\"og:url\" content=\"https:\/\/stuttgarti-katolikusok.de\/index.php\/evkozi-6-vasarnap-3\/\" \/>\n<meta property=\"og:site_name\" content=\"Stuttgarti Katolikusok\" \/>\n<meta property=\"article:published_time\" content=\"2024-02-09T23:34:46+00:00\" \/>\n<meta property=\"article:modified_time\" content=\"2024-02-09T23:36:40+00:00\" \/>\n<meta property=\"og:image\" content=\"https:\/\/stuttgarti-katolikusok.de\/wp-content\/uploads\/2024\/02\/visszaut-scaled.jpg\" \/>\n\t<meta property=\"og:image:width\" content=\"2560\" \/>\n\t<meta property=\"og:image:height\" content=\"1142\" \/>\n\t<meta property=\"og:image:type\" content=\"image\/jpeg\" \/>\n<meta name=\"author\" content=\"Tibor atya\" \/>\n<meta name=\"twitter:card\" content=\"summary_large_image\" \/>\n<meta name=\"twitter:label1\" content=\"Szerz\u0151:\" \/>\n\t<meta name=\"twitter:data1\" content=\"Tibor atya\" \/>\n\t<meta name=\"twitter:label2\" content=\"Becs\u00fclt olvas\u00e1si id\u0151\" \/>\n\t<meta name=\"twitter:data2\" content=\"6 perc\" \/>\n<script type=\"application\/ld+json\" class=\"yoast-schema-graph\">{\"@context\":\"https:\\\/\\\/schema.org\",\"@graph\":[{\"@type\":\"Article\",\"@id\":\"https:\\\/\\\/stuttgarti-katolikusok.de\\\/index.php\\\/evkozi-6-vasarnap-3\\\/#article\",\"isPartOf\":{\"@id\":\"https:\\\/\\\/stuttgarti-katolikusok.de\\\/index.php\\\/evkozi-6-vasarnap-3\\\/\"},\"author\":{\"name\":\"Tibor atya\",\"@id\":\"https:\\\/\\\/stuttgarti-katolikusok.de\\\/#\\\/schema\\\/person\\\/75908d6f8fdc03a57889d27209df7795\"},\"headline\":\"\u00c9vk\u00f6zi 6. vas\u00e1rnap &#8211; A betegek vil\u00e1gnapja\",\"datePublished\":\"2024-02-09T23:34:46+00:00\",\"dateModified\":\"2024-02-09T23:36:40+00:00\",\"mainEntityOfPage\":{\"@id\":\"https:\\\/\\\/stuttgarti-katolikusok.de\\\/index.php\\\/evkozi-6-vasarnap-3\\\/\"},\"wordCount\":1285,\"image\":{\"@id\":\"https:\\\/\\\/stuttgarti-katolikusok.de\\\/index.php\\\/evkozi-6-vasarnap-3\\\/#primaryimage\"},\"thumbnailUrl\":\"https:\\\/\\\/stuttgarti-katolikusok.de\\\/wp-content\\\/uploads\\\/2024\\\/02\\\/visszaut-scaled.jpg\",\"articleSection\":[\"A liturgia olvasm\u00e1nyai\",\"Vas\u00e1rnapi gondolatok\"],\"inLanguage\":\"hu\"},{\"@type\":\"WebPage\",\"@id\":\"https:\\\/\\\/stuttgarti-katolikusok.de\\\/index.php\\\/evkozi-6-vasarnap-3\\\/\",\"url\":\"https:\\\/\\\/stuttgarti-katolikusok.de\\\/index.php\\\/evkozi-6-vasarnap-3\\\/\",\"name\":\"\u00c9vk\u00f6zi 6. vas\u00e1rnap - A betegek vil\u00e1gnapja - Stuttgarti Katolikusok\",\"isPartOf\":{\"@id\":\"https:\\\/\\\/stuttgarti-katolikusok.de\\\/#website\"},\"primaryImageOfPage\":{\"@id\":\"https:\\\/\\\/stuttgarti-katolikusok.de\\\/index.php\\\/evkozi-6-vasarnap-3\\\/#primaryimage\"},\"image\":{\"@id\":\"https:\\\/\\\/stuttgarti-katolikusok.de\\\/index.php\\\/evkozi-6-vasarnap-3\\\/#primaryimage\"},\"thumbnailUrl\":\"https:\\\/\\\/stuttgarti-katolikusok.de\\\/wp-content\\\/uploads\\\/2024\\\/02\\\/visszaut-scaled.jpg\",\"datePublished\":\"2024-02-09T23:34:46+00:00\",\"dateModified\":\"2024-02-09T23:36:40+00:00\",\"author\":{\"@id\":\"https:\\\/\\\/stuttgarti-katolikusok.de\\\/#\\\/schema\\\/person\\\/75908d6f8fdc03a57889d27209df7795\"},\"breadcrumb\":{\"@id\":\"https:\\\/\\\/stuttgarti-katolikusok.de\\\/index.php\\\/evkozi-6-vasarnap-3\\\/#breadcrumb\"},\"inLanguage\":\"hu\",\"potentialAction\":[{\"@type\":\"ReadAction\",\"target\":[\"https:\\\/\\\/stuttgarti-katolikusok.de\\\/index.php\\\/evkozi-6-vasarnap-3\\\/\"]}]},{\"@type\":\"ImageObject\",\"inLanguage\":\"hu\",\"@id\":\"https:\\\/\\\/stuttgarti-katolikusok.de\\\/index.php\\\/evkozi-6-vasarnap-3\\\/#primaryimage\",\"url\":\"https:\\\/\\\/stuttgarti-katolikusok.de\\\/wp-content\\\/uploads\\\/2024\\\/02\\\/visszaut-scaled.jpg\",\"contentUrl\":\"https:\\\/\\\/stuttgarti-katolikusok.de\\\/wp-content\\\/uploads\\\/2024\\\/02\\\/visszaut-scaled.jpg\",\"width\":2560,\"height\":1142},{\"@type\":\"BreadcrumbList\",\"@id\":\"https:\\\/\\\/stuttgarti-katolikusok.de\\\/index.php\\\/evkozi-6-vasarnap-3\\\/#breadcrumb\",\"itemListElement\":[{\"@type\":\"ListItem\",\"position\":1,\"name\":\"Kezd\u0151lap\",\"item\":\"https:\\\/\\\/stuttgarti-katolikusok.de\\\/\"},{\"@type\":\"ListItem\",\"position\":2,\"name\":\"\u00c9vk\u00f6zi 6. vas\u00e1rnap &#8211; A betegek vil\u00e1gnapja\"}]},{\"@type\":\"WebSite\",\"@id\":\"https:\\\/\\\/stuttgarti-katolikusok.de\\\/#website\",\"url\":\"https:\\\/\\\/stuttgarti-katolikusok.de\\\/\",\"name\":\"Stuttgarti Katolikusok\",\"description\":\"\",\"potentialAction\":[{\"@type\":\"SearchAction\",\"target\":{\"@type\":\"EntryPoint\",\"urlTemplate\":\"https:\\\/\\\/stuttgarti-katolikusok.de\\\/?s={search_term_string}\"},\"query-input\":{\"@type\":\"PropertyValueSpecification\",\"valueRequired\":true,\"valueName\":\"search_term_string\"}}],\"inLanguage\":\"hu\"},{\"@type\":\"Person\",\"@id\":\"https:\\\/\\\/stuttgarti-katolikusok.de\\\/#\\\/schema\\\/person\\\/75908d6f8fdc03a57889d27209df7795\",\"name\":\"Tibor atya\",\"image\":{\"@type\":\"ImageObject\",\"inLanguage\":\"hu\",\"@id\":\"https:\\\/\\\/secure.gravatar.com\\\/avatar\\\/61d268e57d1f4525b111222e29d2d5a7f8c420fdbf231ba5566a8ceac74fa960?s=96&d=mm&r=g\",\"url\":\"https:\\\/\\\/secure.gravatar.com\\\/avatar\\\/61d268e57d1f4525b111222e29d2d5a7f8c420fdbf231ba5566a8ceac74fa960?s=96&d=mm&r=g\",\"contentUrl\":\"https:\\\/\\\/secure.gravatar.com\\\/avatar\\\/61d268e57d1f4525b111222e29d2d5a7f8c420fdbf231ba5566a8ceac74fa960?s=96&d=mm&r=g\",\"caption\":\"Tibor atya\"},\"url\":\"https:\\\/\\\/stuttgarti-katolikusok.de\\\/index.php\\\/author\\\/tibor-atya\\\/\"}]}<\/script>\n<!-- \/ Yoast SEO plugin. -->","yoast_head_json":{"title":"\u00c9vk\u00f6zi 6. vas\u00e1rnap - A betegek vil\u00e1gnapja - Stuttgarti Katolikusok","robots":{"index":"index","follow":"follow","max-snippet":"max-snippet:-1","max-image-preview":"max-image-preview:large","max-video-preview":"max-video-preview:-1"},"canonical":"https:\/\/stuttgarti-katolikusok.de\/index.php\/evkozi-6-vasarnap-3\/","og_locale":"hu_HU","og_type":"article","og_title":"\u00c9vk\u00f6zi 6. vas\u00e1rnap - A betegek vil\u00e1gnapja - Stuttgarti Katolikusok","og_description":"\u00c9vk\u00f6zi 6. vas\u00e1rnapon a kijel\u00f6lt szent\u00edr\u00e1si szakaszok ism\u00e9telten sok gondolattal aj\u00e1nd\u00e9koznak meg benn\u00fcnket.\u00a0 A Levit\u00e1k k\u00f6nyv\u00e9b\u0151l elhangzott szakasz r\u00e9szletes le\u00edr\u00e1st tartalmaz, ahogyan abban a korban a lepra betegs\u00e9g\u00e9t kezelt\u00e9k. &#8222;Ameddig a betegs\u00e9ge tart, addig tiszt\u00e1talan, s mivel tiszt\u00e1talan, lakj\u00e9k elk\u00fcl\u00f6n\u00edtve, tart\u00f3zkodj\u00e9k a t\u00e1boron k\u00edv\u00fcl.\u201d Ezt nevezz\u00fck szegreg\u00e1ci\u00f3nak! &#8211; Mintha ma is ezt az utat k\u00f6vetn\u00e9nk&#8230; A szentlecke \u00fczenete is egy\u00e9rtelm\u0171 \u00e9s vil\u00e1gos: mindenben Isten dics\u0151s\u00e9g\u00e9t kell keresnem. Helytelen magatart\u00e1s, ha csup\u00e1n a magam elismer\u00e9s\u00e9t \u00e9s dics\u0151\u00edt\u00e9s\u00e9t akarom kiv\u00edvni m\u00e1sok r\u00e9sz\u00e9r\u0151l. Ez az \u00fat a botr\u00e1ny \u00fatja! A tartalom \u00e9s m\u00e9lys\u00e9g n\u00e9lk\u00fcli celebek \u00e9s influenszerek kor\u00e1nak nagy k\u00eds\u00e9rt\u00e9se ez. Az evang\u00e9liumi r\u00e9sz, melyet M\u00e1rk jegyez, azt mutatja meg, hogy J\u00e9zus mik\u00e9nt vezeti vissza a lepr\u00e1s embert az emberi t\u00e1rsadalomba. Nem m\u00e1s ez, mint integr\u00e1ci\u00f3. Ez az Egyh\u00e1z misszi\u00f3s k\u00fcldet\u00e9se. Testi \u00e9s lelki betegs\u00e9gben szenved\u0151 embert\u00e1rsaink sz\u00e1m\u00e1ra megmutatni a gy\u00f3gyul\u00e1s \u00fatj\u00e1t. Amennyiben m\u00e1r v\u00e9gig ment\u00e9l ezen az \u00faton, s ezt fel is v\u00e1llalod, val\u00f3ban hiteles a tan\u00fas\u00e1gt\u00e9teled.\u00a0 Kezd\u0151\u00e9nek: L\u00e9gy nekem oltalmaz\u00f3 Istenem \u00e9s mened\u00e9kh\u00e1zam, hogy megszabad\u00edts engem: mert er\u0151ss\u00e9gem \u00e9s mened\u00e9kem vagy te, neved\u00e9rt vez\u00e9relsz engem, \u00e9s gondomat viseled. (V\u00f6. Zsolt 30,3-4) K\u00f6ny\u00f6rg\u00e9s: Isten\u00fcnk, tan\u00edt\u00e1sodb\u00f3l tudjuk, hogy az \u0151szinte \u00e9s tiszta sz\u00edvekben akarsz \u00e9lni. K\u00e9r\u00fcnk, alak\u00edts \u00e1t minket kegyelmeddel, hogy m\u00e9lt\u00f3 hajl\u00e9kod legy\u00fcnk. A mi Urunk, J\u00e9zus Krisztus, a te Fiad \u00e1ltal, aki veled \u00e9l \u00e9s uralkodik a Szentl\u00e9lekkel egys\u00e9gben, Isten mind\u00f6r\u00f6kk\u00f6n \u00f6r\u00f6kk\u00e9. OLVASM\u00c1NY M\u00f3zes harmadik k\u00f6nyv\u00e9b\u0151l (Lev 13,1-2.44-46) Az \u00dar ezt mondta M\u00f3zesnek \u00e9s \u00c1ronnak: \u201eHa egy embernek a b\u0151r\u00e9n duzzad\u00e1s, ki\u00fct\u00e9s vagy f\u00e9nyl\u0151 folt keletkezik, b\u0151rlepr\u00e1ra lehet gyanakodni. Vezess\u00e9k \u00c1ron paphoz, vagy az \u0151 fiai k\u00f6z\u00fcl valamelyik paphoz. Az ilyen ember lepr\u00e1s \u00e9s tiszt\u00e1talan. A pap nyilv\u00e1n\u00edtsa tiszt\u00e1talannak, mivel lepr\u00e1ja van. A lepr\u00e1s, akit a betegs\u00e9g megt\u00e1madott, szaggassa meg ruh\u00e1j\u00e1t, a haj\u00e1t hordja kibontva, a szak\u00e1ll\u00e1t takarja be, \u00e9s kiab\u00e1ljon: \u00bbTiszt\u00e1talan, tiszt\u00e1talan!\u00ab Ameddig a betegs\u00e9ge tart, addig tiszt\u00e1talan, s mivel... R\u00e9szletek","og_url":"https:\/\/stuttgarti-katolikusok.de\/index.php\/evkozi-6-vasarnap-3\/","og_site_name":"Stuttgarti Katolikusok","article_published_time":"2024-02-09T23:34:46+00:00","article_modified_time":"2024-02-09T23:36:40+00:00","og_image":[{"width":2560,"height":1142,"url":"https:\/\/stuttgarti-katolikusok.de\/wp-content\/uploads\/2024\/02\/visszaut-scaled.jpg","type":"image\/jpeg"}],"author":"Tibor atya","twitter_card":"summary_large_image","twitter_misc":{"Szerz\u0151:":"Tibor atya","Becs\u00fclt olvas\u00e1si id\u0151":"6 perc"},"schema":{"@context":"https:\/\/schema.org","@graph":[{"@type":"Article","@id":"https:\/\/stuttgarti-katolikusok.de\/index.php\/evkozi-6-vasarnap-3\/#article","isPartOf":{"@id":"https:\/\/stuttgarti-katolikusok.de\/index.php\/evkozi-6-vasarnap-3\/"},"author":{"name":"Tibor atya","@id":"https:\/\/stuttgarti-katolikusok.de\/#\/schema\/person\/75908d6f8fdc03a57889d27209df7795"},"headline":"\u00c9vk\u00f6zi 6. vas\u00e1rnap &#8211; A betegek vil\u00e1gnapja","datePublished":"2024-02-09T23:34:46+00:00","dateModified":"2024-02-09T23:36:40+00:00","mainEntityOfPage":{"@id":"https:\/\/stuttgarti-katolikusok.de\/index.php\/evkozi-6-vasarnap-3\/"},"wordCount":1285,"image":{"@id":"https:\/\/stuttgarti-katolikusok.de\/index.php\/evkozi-6-vasarnap-3\/#primaryimage"},"thumbnailUrl":"https:\/\/stuttgarti-katolikusok.de\/wp-content\/uploads\/2024\/02\/visszaut-scaled.jpg","articleSection":["A liturgia olvasm\u00e1nyai","Vas\u00e1rnapi gondolatok"],"inLanguage":"hu"},{"@type":"WebPage","@id":"https:\/\/stuttgarti-katolikusok.de\/index.php\/evkozi-6-vasarnap-3\/","url":"https:\/\/stuttgarti-katolikusok.de\/index.php\/evkozi-6-vasarnap-3\/","name":"\u00c9vk\u00f6zi 6. vas\u00e1rnap - A betegek vil\u00e1gnapja - Stuttgarti Katolikusok","isPartOf":{"@id":"https:\/\/stuttgarti-katolikusok.de\/#website"},"primaryImageOfPage":{"@id":"https:\/\/stuttgarti-katolikusok.de\/index.php\/evkozi-6-vasarnap-3\/#primaryimage"},"image":{"@id":"https:\/\/stuttgarti-katolikusok.de\/index.php\/evkozi-6-vasarnap-3\/#primaryimage"},"thumbnailUrl":"https:\/\/stuttgarti-katolikusok.de\/wp-content\/uploads\/2024\/02\/visszaut-scaled.jpg","datePublished":"2024-02-09T23:34:46+00:00","dateModified":"2024-02-09T23:36:40+00:00","author":{"@id":"https:\/\/stuttgarti-katolikusok.de\/#\/schema\/person\/75908d6f8fdc03a57889d27209df7795"},"breadcrumb":{"@id":"https:\/\/stuttgarti-katolikusok.de\/index.php\/evkozi-6-vasarnap-3\/#breadcrumb"},"inLanguage":"hu","potentialAction":[{"@type":"ReadAction","target":["https:\/\/stuttgarti-katolikusok.de\/index.php\/evkozi-6-vasarnap-3\/"]}]},{"@type":"ImageObject","inLanguage":"hu","@id":"https:\/\/stuttgarti-katolikusok.de\/index.php\/evkozi-6-vasarnap-3\/#primaryimage","url":"https:\/\/stuttgarti-katolikusok.de\/wp-content\/uploads\/2024\/02\/visszaut-scaled.jpg","contentUrl":"https:\/\/stuttgarti-katolikusok.de\/wp-content\/uploads\/2024\/02\/visszaut-scaled.jpg","width":2560,"height":1142},{"@type":"BreadcrumbList","@id":"https:\/\/stuttgarti-katolikusok.de\/index.php\/evkozi-6-vasarnap-3\/#breadcrumb","itemListElement":[{"@type":"ListItem","position":1,"name":"Kezd\u0151lap","item":"https:\/\/stuttgarti-katolikusok.de\/"},{"@type":"ListItem","position":2,"name":"\u00c9vk\u00f6zi 6. vas\u00e1rnap &#8211; A betegek vil\u00e1gnapja"}]},{"@type":"WebSite","@id":"https:\/\/stuttgarti-katolikusok.de\/#website","url":"https:\/\/stuttgarti-katolikusok.de\/","name":"Stuttgarti Katolikusok","description":"","potentialAction":[{"@type":"SearchAction","target":{"@type":"EntryPoint","urlTemplate":"https:\/\/stuttgarti-katolikusok.de\/?s={search_term_string}"},"query-input":{"@type":"PropertyValueSpecification","valueRequired":true,"valueName":"search_term_string"}}],"inLanguage":"hu"},{"@type":"Person","@id":"https:\/\/stuttgarti-katolikusok.de\/#\/schema\/person\/75908d6f8fdc03a57889d27209df7795","name":"Tibor atya","image":{"@type":"ImageObject","inLanguage":"hu","@id":"https:\/\/secure.gravatar.com\/avatar\/61d268e57d1f4525b111222e29d2d5a7f8c420fdbf231ba5566a8ceac74fa960?s=96&d=mm&r=g","url":"https:\/\/secure.gravatar.com\/avatar\/61d268e57d1f4525b111222e29d2d5a7f8c420fdbf231ba5566a8ceac74fa960?s=96&d=mm&r=g","contentUrl":"https:\/\/secure.gravatar.com\/avatar\/61d268e57d1f4525b111222e29d2d5a7f8c420fdbf231ba5566a8ceac74fa960?s=96&d=mm&r=g","caption":"Tibor atya"},"url":"https:\/\/stuttgarti-katolikusok.de\/index.php\/author\/tibor-atya\/"}]}},"_links":{"self":[{"href":"https:\/\/stuttgarti-katolikusok.de\/index.php\/wp-json\/wp\/v2\/posts\/28349","targetHints":{"allow":["GET"]}}],"collection":[{"href":"https:\/\/stuttgarti-katolikusok.de\/index.php\/wp-json\/wp\/v2\/posts"}],"about":[{"href":"https:\/\/stuttgarti-katolikusok.de\/index.php\/wp-json\/wp\/v2\/types\/post"}],"author":[{"embeddable":true,"href":"https:\/\/stuttgarti-katolikusok.de\/index.php\/wp-json\/wp\/v2\/users\/3"}],"replies":[{"embeddable":true,"href":"https:\/\/stuttgarti-katolikusok.de\/index.php\/wp-json\/wp\/v2\/comments?post=28349"}],"version-history":[{"count":3,"href":"https:\/\/stuttgarti-katolikusok.de\/index.php\/wp-json\/wp\/v2\/posts\/28349\/revisions"}],"predecessor-version":[{"id":28353,"href":"https:\/\/stuttgarti-katolikusok.de\/index.php\/wp-json\/wp\/v2\/posts\/28349\/revisions\/28353"}],"wp:featuredmedia":[{"embeddable":true,"href":"https:\/\/stuttgarti-katolikusok.de\/index.php\/wp-json\/wp\/v2\/media\/28350"}],"wp:attachment":[{"href":"https:\/\/stuttgarti-katolikusok.de\/index.php\/wp-json\/wp\/v2\/media?parent=28349"}],"wp:term":[{"taxonomy":"category","embeddable":true,"href":"https:\/\/stuttgarti-katolikusok.de\/index.php\/wp-json\/wp\/v2\/categories?post=28349"},{"taxonomy":"post_tag","embeddable":true,"href":"https:\/\/stuttgarti-katolikusok.de\/index.php\/wp-json\/wp\/v2\/tags?post=28349"}],"curies":[{"name":"wp","href":"https:\/\/api.w.org\/{rel}","templated":true}]}}