{"id":28305,"date":"2024-02-04T23:59:04","date_gmt":"2024-02-04T22:59:04","guid":{"rendered":"https:\/\/stuttgarti-katolikusok.de\/?p=28305"},"modified":"2024-02-05T09:39:31","modified_gmt":"2024-02-05T08:39:31","slug":"evkozi-5-vasarnap-2","status":"publish","type":"post","link":"https:\/\/stuttgarti-katolikusok.de\/index.php\/evkozi-5-vasarnap-2\/","title":{"rendered":"\u00c9vk\u00f6zi 5. vas\u00e1rnap"},"content":{"rendered":"<p><span style=\"color: #ff6600;\"><em>Az \u00c9vk\u00f6zi 5. vas\u00e1rnap olvasm\u00e1nyai ism\u00e9telten fontos k\u00e9rd\u00e9seket \u00e1ll\u00edtanak figyelm\u00fcnk k\u00f6z\u00e9ppontj\u00e1ba.<\/em><\/span><\/p>\n<p><span style=\"color: #ff6600;\"><em>Az olvasm\u00e1ny a szenved\u0151 J\u00f3b panasz\u00e1t \u00e9s f\u00e1jdalm\u00e1t \u00edrja le. K\u00f6nny\u0171 azonosulni J\u00f3b panasz\u00e1val. &#8222;\u00c9letem csup\u00e1n egy lehelet&#8221; &#8211; figyelmeztet J\u00f3b. Leheletnyi \u00e9let\u00fcnket haszn\u00e1ljuk j\u00f3l \u00e9s j\u00f3 c\u00e9lokra.<\/em><\/span><\/p>\n<p><span style=\"color: #ff6600;\"><em>A szentlecke Szent P\u00e1l apostol hitvall\u00e1s\u00e1t tartalmazza. Szolg\u00e1lata nem jogos\u00edtja fel \u0151t arra, hogy \u00e9ljen el\u0151jogaival. Nem is teszi. P\u00e1l apostol \u00edgy vall \u00e9let\u00e9r\u0151l \u00e9s hivat\u00e1s\u00e1r\u00f3l: &#8222;Mindenkinek mindene lettem&#8221;. K\u00f6vetend\u0151 \u00fat ez sz\u00e1munkra is.<\/em><\/span><\/p>\n<p><span style=\"color: #ff6600;\"><em>Az evang\u00e9liumban az \u00dar J\u00e9zus k\u00e9tf\u00e9le \u00e9letform\u00e1j\u00e1nak ar\u00e1nyait figyelhetj\u00fck meg. Gy\u00f3gy\u00edt\u00e1s, pihen\u00e9s \u00e9s im\u00e1ds\u00e1g. Ezt kellene k\u00f6vetn\u00fcnk\u00a0a magunk \u00e9let\u00e9ben is.<\/em><\/span><\/p>\n<p><span style=\"color: #339966;\">Kezd\u0151\u00e9nek:<\/span><br \/>\nMisek\u00f6nyv 371. oldal<br \/>\nJ\u00f6jjetek, boruljunk le, h\u00f3doljunk Urunk, alkot\u00f3nk el\u0151tt, hulljunk t\u00e9rdre, mert \u0151 az \u00dar, a mi Isten\u00fcnk. (Zsolt 94,6-7)<\/p>\n<p><span style=\"color: #339966;\">K\u00f6ny\u00f6rg\u00e9s:<\/span><br \/>\nUrunk, Isten\u00fcnk, \u0151rizd sz\u00fcntelen j\u00f3s\u00e1goddal h\u00e1zad n\u00e9p\u00e9t \u00e9s er\u0151s\u00edtsd oltalmaddal mindenkor, mert csak a te kegyelmedre hagyatkozhat. A mi Urunk, J\u00e9zus Krisztus, a te Fiad \u00e1ltal, aki veled \u00e9l \u00e9s uralkodik a Szentl\u00e9lekkel egys\u00e9gben, Isten mind\u00f6r\u00f6kk\u00f6n \u00f6r\u00f6kk\u00e9.<\/p>\n<p align=\"justify\"><span style=\"color: #339966;\">OLVASM\u00c1NY J\u00f3b k\u00f6nyv\u00e9b\u0151l (J\u00f3b 7,1-4.6-7)<\/span><br \/>\nA szenved\u0151 J\u00f3b \u00edgy panaszkodott: Nemde k\u00fczdelem az ember sorsa a f\u00f6ld\u00f6n? Nemde napsz\u00e1mos m\u00f3dj\u00e1ra t\u00f6lti el napjait? Olyan, mint a rabszolga, ki \u00e1rny\u00e9kba v\u00e1gyik, olyan, mint a napsz\u00e1mos, ki a b\u00e9r\u00e9t v\u00e1rja. Csal\u00f3d\u00e1ssal teli h\u00f3napok jutottak nekem oszt\u00e1lyr\u00e9sz\u00fcl, keserves \u00e9jszak\u00e1k lettek fizets\u00e9gem. M\u00e1r lefekv\u00e9skor azt k\u00e9rdezem: \u201eMikor virrad?\u201d \u00c9s mihelyt felkelek: \u201eMikor lesz m\u00e1r este?\u201d Tele vagyok k\u00ednnal eg\u00e9sz alkonyatig. Napjaim futnak, mint a tak\u00e1cs vet\u00e9l\u0151je, elt\u0171nnek, s nyomukban nem marad rem\u00e9nys\u00e9g. Gondold meg: \u00e9letem csup\u00e1n egy lehelet, szemem soha t\u00f6bb\u00e9 nem l\u00e1t boldogs\u00e1got.<br \/>\nEz az Isten ig\u00e9je.<\/p>\n<p align=\"justify\"><span style=\"color: #339966;\">V\u00c1LASZOS ZSOLT\u00c1R (Zsolt 146,1-2.3-4.5-6)<\/span><br \/>\nV\u00e1lasz:\u00a0<strong>Dics\u00e9rj\u00e9tek az\u00a0<u>U<\/u>rat, * aki a megt\u00f6rt sz\u00edv\u0171eket meg<u>gy\u00f3<\/u>gy\u00edtja.<\/strong>\u00a0(2. t\u00f3nus.)<br \/>\nEl\u0151\u00e9nekes: Dics\u00e9rj\u00e9tek az Urat, mert j\u00f3 dolog \u0151t\u00a0<u>\u00e1l<\/u>dani, * Isten\u00fcnknek kedves\u00a0<u>a<\/u>\u00a0dics\u00e9ret.<br \/>\nJeruzs\u00e1lemet az \u00dar \u00fajj\u00e1<u>\u00e9<\/u>p\u00edti, * Izrael sz\u00e9tsz\u00f3rt fiait egy<u>be<\/u>gy\u0171jti.<br \/>\nH\u00edvek:\u00a0<strong>Dics\u00e9rj\u00e9tek az\u00a0<u>U<\/u>rat, * aki a megt\u00f6rt sz\u00edv\u0171eket meg<u>gy\u00f3<\/u>gy\u00edtja.<\/strong><br \/>\nE: Aki a megt\u00f6rt sz\u00edv\u0171eket meggy\u00f3<u>gy\u00edt<\/u>ja, * \u00e9s sebeiket be<u>k\u00f6<\/u>t\u00f6zi.<br \/>\nA csillagokat sz\u00e1mon\u00a0<u>tart<\/u>ja, * \u00e9s nev\u00e9n sz\u00f3l\u00edtja va<u>la<\/u>mennyit.<br \/>\nH:\u00a0<strong>Dics\u00e9rj\u00e9tek az\u00a0<u>U<\/u>rat, * aki a megt\u00f6rt sz\u00edv\u0171eket meg<u>gy\u00f3<\/u>gy\u00edtja.<\/strong><br \/>\nE: Nagy a mi Urunk, nagy az \u0151\u00a0<u>ha<\/u>talma, * b\u00f6lcsess\u00e9g\u00e9nek\u00a0<u>nincs<\/u>\u00a0hat\u00e1ra.<br \/>\nA szel\u00eddeket mag\u00e1hoz\u00a0<u>e<\/u>meli, * de porig al\u00e1zza a b\u0171n\u00f6s\u00f6ket.<br \/>\nH:\u00a0<strong>Dics\u00e9rj\u00e9tek az\u00a0<u>U<\/u>rat, * aki a megt\u00f6rt sz\u00edv\u0171eket meg<u>gy\u00f3<\/u>gy\u00edtja.<\/strong><\/p>\n<p align=\"justify\"><span style=\"color: #339966;\">SZENTLECKE Szent P\u00e1l apostolnak a korintusiakhoz \u00edrt els\u0151 level\u00e9b\u0151l (1Kor 9,16-19.22-23)<\/span><br \/>\nTestv\u00e9reim! Hogy az evang\u00e9liumot hirdetem, azzal nem dicsekedhetem, hiszen ez k\u00e9nyszer\u0171 k\u00f6teless\u00e9gem. Jaj nekem ugyanis, ha nem hirdetem az evang\u00e9liumot?<br \/>\nHa \u00f6nsz\u00e1ntamb\u00f3l teszem, jutalmam lesz, ha nem \u00f6nsz\u00e1ntamb\u00f3l, csak megb\u00edzott hivatalnok vagyok. Mi teh\u00e1t a jutalmam? Az, hogy mint az evang\u00e9lium hirdet\u0151je, ingyen ny\u00fajtsam az evang\u00e9liumot, \u00e9s ne \u00e9ljek az evang\u00e9liumban gy\u00f6kerez\u0151 jogommal. B\u00e1r mindenkit\u0151l f\u00fcggetlen voltam, m\u00e9gis mindenkinek szolg\u00e1ja lettem, hogy min\u00e9l t\u00f6bbet megnyerjek. A gy\u00f6ng\u00e9k k\u00f6zt gy\u00f6nge lettem, hogy megnyerjem a gy\u00f6ng\u00e9ket. Mindenkinek mindene lettem, hogy mindenkit \u00fcdv\u00f6ss\u00e9gre vezessek. Mindezt az evang\u00e9lium\u00e9rt teszem, hogy nekem is r\u00e9szem legyen benne.<br \/>\n<span style=\"color: #339966;\">Ez az Isten ig\u00e9je.<\/span><\/p>\n<p align=\"justify\"><span style=\"color: #339966;\">ALLELUJA<\/span><br \/>\nKrisztus gyenges\u00e9g\u00fcnket ma<u>g\u00e1<\/u>ra vette, * \u00e9s betegs\u00e9geinket \u0151 hordoz<u>ta<\/u>. (Mt 8,17 \u2013 4g. t\u00f3nus.)<\/p>\n<p align=\"justify\"><span style=\"color: #339966;\">\u2020 EVANG\u00c9LIUM Szent M\u00e1rk k\u00f6nyv\u00e9b\u0151l (Mk 1,29-39)<\/span><br \/>\nAbban az id\u0151ben J\u00e9zus kij\u00f6tt a zsinag\u00f3g\u00e1b\u00f3l, \u00e9s elment Simon \u00e9s Andr\u00e1s h\u00e1z\u00e1ba. Simon any\u00f3sa l\u00e1zas betegen fek\u00fcdt. Mindj\u00e1rt sz\u00f3ltak is J\u00e9zusnak. J\u00e9zus odament hozz\u00e1, megfogta a kez\u00e9t, \u00e9s f\u00f6lseg\u00edtette. Erre megsz\u0171nt a l\u00e1za, \u00e9s szolg\u00e1lt nekik.<br \/>\nAmikor lement a nap \u00e9s beesteledett, odavitt\u00e9k hozz\u00e1 a betegeket \u00e9s a gonosz l\u00e9lekt\u0151l megsz\u00e1llottakat. Az eg\u00e9sz v\u00e1ros ott szorongott az ajt\u00f3 el\u0151tt. J\u00e9zus pedig sokakat meggy\u00f3gy\u00edtott, akik k\u00fcl\u00f6nb\u00f6z\u0151 bajokban szenvedtek; \u00e9s sok \u00f6rd\u00f6g\u00f6t ki\u0171z\u00f6tt. De nem engedte megsz\u00f3lalni \u0151ket, mert tudt\u00e1k, hogy \u0151 kicsoda.<br \/>\nHajnalban J\u00e9zus nagyon kor\u00e1n kelt. Kiment (a h\u00e1zb\u00f3l), elment egy elhagyatott helyre, \u00e9s ott im\u00e1dkozott. Simon \u00e9s a vele l\u00e9v\u0151k ut\u00e1namentek. Mikor megtal\u00e1lt\u00e1k, azt mondt\u00e1k neki: \u201eT\u00e9ged keres mindenki!\u201d<br \/>\nDe \u0151 azt felelte: \u201eMenj\u00fcnk el m\u00e1shov\u00e1, a szomsz\u00e9dos helys\u00e9gekbe, hogy ott is hirdessem az evang\u00e9liumot, \u2013 hiszen ez\u00e9rt j\u00f6ttem.\u201d \u00c9s ment, hirdette az evang\u00e9liumot a zsinag\u00f3g\u00e1kban Galilea eg\u00e9sz ter\u00fclet\u00e9n, \u00e9s ki\u0171zte az \u00f6rd\u00f6g\u00f6ket.<br \/>\nEzek az evang\u00e9lium ig\u00e9i.<\/p>\n<p><span style=\"color: #339966;\">EGYETEMES K\u00d6NY\u00d6RG\u00c9SEK<\/span><br \/>\nPap: Testv\u00e9reim! Szent P\u00e1l mondta mag\u00e1r\u00f3l: \u201eMindenkinek mindene lettem.\u201d Im\u00e1dkozzunk, hogy mi is hasonl\u00f3 lelk\u00fclettel szolg\u00e1ljuk embert\u00e1rsaink jav\u00e1t!<br \/>\nLektor:<br \/>\n1. Add, Urunk, hogy Egyh\u00e1zad p\u00e9ld\u00e1t adjon a vil\u00e1gnak a szolg\u00e1l\u00f3 szeretetre!<br \/>\nH\u00edvek: K\u00e9r\u00fcnk T\u00e9ged, hallgass meg minket!<br \/>\n2. Add, hogy papjaid odaad\u00f3 l\u00e9lekkel munk\u00e1lj\u00e1k embert\u00e1rsaik \u00fcdv\u00f6ss\u00e9g\u00e9t!<br \/>\nH\u00edvek: K\u00e9r\u00fcnk T\u00e9ged, hallgass meg minket!<br \/>\n3. Add, hogy a n\u00e9pek vezet\u0151i a r\u00e1juk b\u00edzottak b\u00e9k\u00e9j\u00e9n \u00e9s j\u00f3l\u00e9t\u00e9n f\u00e1radozzanak!<br \/>\nH\u00edvek: K\u00e9r\u00fcnk T\u00e9ged, hallgass meg minket!<br \/>\n4. Add, hogy mindenkor k\u00e9szen \u00e1lljunk a r\u00e1szorul\u00f3k megseg\u00edt\u00e9s\u00e9re!<br \/>\nH\u00edvek: K\u00e9r\u00fcnk T\u00e9ged, hallgass meg minket!<br \/>\n5. Add, hogy szenved\u0151 testv\u00e9reink a mi szolg\u00e1l\u00f3 szeretet\u00fcnkben tapasztalj\u00e1k meg Krisztus j\u00f3s\u00e1g\u00e1t!<br \/>\nH\u00edvek: K\u00e9r\u00fcnk T\u00e9ged, hallgass meg minket!<br \/>\nPap: Urunk, J\u00e9zus Krisztus, te mindenkor j\u00f3t cselekedve j\u00e1rt\u00e1l k\u00f6z\u00f6tt\u00fcnk. Add, hogy p\u00e9ld\u00e1dat k\u00f6vetve mi is mindenkivel j\u00f3t tegy\u00fcnk! Aki \u00e9lsz \u00e9s uralkodol mind\u00f6r\u00f6kk\u00f6n-\u00f6r\u00f6kk\u00e9.<br \/>\nH\u00edvek: \u00c1men.<\/p>\n<p><span style=\"color: #339966;\">Felaj\u00e1nl\u00f3 k\u00f6ny\u00f6rg\u00e9s:<\/span><br \/>\nUrunk, Isten\u00fcnk, te a kenyeret \u00e9s a bort els\u0151sorban muland\u00f3 f\u00f6ldi \u00e9let\u00fcnk t\u00e1pl\u00e1l\u00e9k\u00e1ul rendelted. Add, hogy \u00f6r\u00f6k \u00e9let\u00fcnk szents\u00e9gi t\u00e1pl\u00e1l\u00e9k\u00e1v\u00e1 is legyenek. Krisztus, a mi Urunk \u00e1ltal.<\/p>\n<p><span style=\"color: #339966;\">\u00c1ldoz\u00e1si \u00e9nek:<\/span><br \/>\nAdjunk h\u00e1l\u00e1t az \u00darnak irgalmass\u00e1g\u00e1\u00e9rt, az emberek fiaival tett csod\u00e1i\u00e9rt, mert b\u0151 vizet adott a szomjaz\u00f3nak, \u00e9s az \u00e9hez\u0151t elt\u00f6lt\u00f6tte minden j\u00f3val. (V\u00f6. Zsolt 106,8-9)<br \/>\n<span style=\"color: #339966;\"><em>Vagy<\/em><\/span><br \/>\nBoldogok, akik s\u00edrnak, mert \u0151k vigasztal\u00e1st nyernek. Boldogok, akik \u00e9hezik \u00e9s szomjazz\u00e1k az igazs\u00e1got, mert \u0151k majd eltelnek vele. (Mt 5,5-6)<\/p>\n<p><span style=\"color: #339966;\">\u00c1ldoz\u00e1s ut\u00e1ni k\u00f6ny\u00f6rg\u00e9s:<\/span><br \/>\nIsten\u00fcnk, te egy keny\u00e9rb\u0151l adt\u00e1l enn\u00fcnk, \u00e9s egy kehelyb\u0151l adt\u00e1l innunk. Seg\u00edts, hogy egy legy\u00fcnk Krisztusban, \u00e9s \u00f6r\u00f6mmel munk\u00e1lkodjunk az eg\u00e9sz vil\u00e1g \u00fcdv\u00f6ss\u00e9g\u00e9n. Krisztus, a mi Urunk \u00e1ltal.<\/p>\n","protected":false},"excerpt":{"rendered":"<p>Az \u00c9vk\u00f6zi 5. vas\u00e1rnap olvasm\u00e1nyai ism\u00e9telten fontos k\u00e9rd\u00e9seket \u00e1ll\u00edtanak figyelm\u00fcnk k\u00f6z\u00e9ppontj\u00e1ba. Az olvasm\u00e1ny a szenved\u0151 J\u00f3b panasz\u00e1t \u00e9s f\u00e1jdalm\u00e1t \u00edrja le. K\u00f6nny\u0171 azonosulni J\u00f3b panasz\u00e1val. &#8222;\u00c9letem csup\u00e1n egy lehelet&#8221; &#8211; figyelmeztet J\u00f3b. Leheletnyi \u00e9let\u00fcnket haszn\u00e1ljuk j\u00f3l \u00e9s j\u00f3 c\u00e9lokra. A szentlecke Szent P\u00e1l apostol hitvall\u00e1s\u00e1t tartalmazza. Szolg\u00e1lata nem jogos\u00edtja fel \u0151t arra, hogy \u00e9ljen el\u0151jogaival. Nem is teszi. P\u00e1l apostol \u00edgy vall \u00e9let\u00e9r\u0151l \u00e9s hivat\u00e1s\u00e1r\u00f3l: &#8222;Mindenkinek mindene lettem&#8221;. K\u00f6vetend\u0151 \u00fat ez sz\u00e1munkra is. Az evang\u00e9liumban az \u00dar J\u00e9zus k\u00e9tf\u00e9le \u00e9letform\u00e1j\u00e1nak ar\u00e1nyait figyelhetj\u00fck meg. Gy\u00f3gy\u00edt\u00e1s, pihen\u00e9s \u00e9s im\u00e1ds\u00e1g. Ezt kellene k\u00f6vetn\u00fcnk\u00a0a magunk \u00e9let\u00e9ben is. Kezd\u0151\u00e9nek: Misek\u00f6nyv 371. oldal J\u00f6jjetek, boruljunk le, h\u00f3doljunk Urunk, alkot\u00f3nk el\u0151tt, hulljunk t\u00e9rdre, mert \u0151 az \u00dar, a mi Isten\u00fcnk. (Zsolt 94,6-7) K\u00f6ny\u00f6rg\u00e9s: Urunk, Isten\u00fcnk, \u0151rizd sz\u00fcntelen j\u00f3s\u00e1goddal h\u00e1zad n\u00e9p\u00e9t \u00e9s er\u0151s\u00edtsd oltalmaddal mindenkor, mert csak a te kegyelmedre hagyatkozhat. A mi Urunk, J\u00e9zus Krisztus, a te Fiad \u00e1ltal, aki veled \u00e9l \u00e9s uralkodik a Szentl\u00e9lekkel egys\u00e9gben, Isten mind\u00f6r\u00f6kk\u00f6n \u00f6r\u00f6kk\u00e9. OLVASM\u00c1NY J\u00f3b k\u00f6nyv\u00e9b\u0151l (J\u00f3b 7,1-4.6-7) A szenved\u0151 J\u00f3b \u00edgy panaszkodott: Nemde k\u00fczdelem az ember sorsa a f\u00f6ld\u00f6n? Nemde napsz\u00e1mos m\u00f3dj\u00e1ra t\u00f6lti el napjait? Olyan, mint a rabszolga, ki \u00e1rny\u00e9kba v\u00e1gyik, olyan, mint a napsz\u00e1mos, ki a b\u00e9r\u00e9t v\u00e1rja. Csal\u00f3d\u00e1ssal teli h\u00f3napok jutottak nekem oszt\u00e1lyr\u00e9sz\u00fcl, keserves \u00e9jszak\u00e1k lettek fizets\u00e9gem. M\u00e1r lefekv\u00e9skor azt k\u00e9rdezem: \u201eMikor virrad?\u201d \u00c9s mihelyt felkelek: \u201eMikor lesz m\u00e1r este?\u201d Tele vagyok k\u00ednnal eg\u00e9sz alkonyatig. Napjaim futnak, mint a tak\u00e1cs vet\u00e9l\u0151je, elt\u0171nnek, s nyomukban nem marad rem\u00e9nys\u00e9g. Gondold meg: \u00e9letem csup\u00e1n egy lehelet, szemem soha t\u00f6bb\u00e9 nem l\u00e1t boldogs\u00e1got. Ez az Isten ig\u00e9je. V\u00c1LASZOS ZSOLT\u00c1R (Zsolt 146,1-2.3-4.5-6) V\u00e1lasz:\u00a0Dics\u00e9rj\u00e9tek az\u00a0Urat, * aki a megt\u00f6rt sz\u00edv\u0171eket meggy\u00f3gy\u00edtja.\u00a0(2. t\u00f3nus.) El\u0151\u00e9nekes: Dics\u00e9rj\u00e9tek az Urat, mert j\u00f3 dolog \u0151t\u00a0\u00e1ldani, * Isten\u00fcnknek kedves\u00a0a\u00a0dics\u00e9ret. Jeruzs\u00e1lemet az \u00dar \u00fajj\u00e1\u00e9p\u00edti, * Izrael sz\u00e9tsz\u00f3rt fiait egybegy\u0171jti. H\u00edvek:\u00a0Dics\u00e9rj\u00e9tek az\u00a0Urat, * aki a megt\u00f6rt sz\u00edv\u0171eket meggy\u00f3gy\u00edtja. E: Aki a megt\u00f6rt sz\u00edv\u0171eket meggy\u00f3gy\u00edtja, * \u00e9s sebeiket bek\u00f6t\u00f6zi. A csillagokat&#8230; <\/p>\n<p><a class=\"readmore\" href=\"https:\/\/stuttgarti-katolikusok.de\/index.php\/evkozi-5-vasarnap-2\/\">R\u00e9szletek<\/a><\/p>\n","protected":false},"author":3,"featured_media":28306,"comment_status":"closed","ping_status":"closed","sticky":false,"template":"","format":"standard","meta":{"footnotes":""},"categories":[85,63],"tags":[],"class_list":["post-28305","post","type-post","status-publish","format-standard","has-post-thumbnail","hentry","category-a-liturgia-olvasmanyai","category-vasarnapi-gondolatok"],"yoast_head":"<!-- This site is optimized with the Yoast SEO plugin v27.3 - https:\/\/yoast.com\/product\/yoast-seo-wordpress\/ -->\n<title>\u00c9vk\u00f6zi 5. vas\u00e1rnap - Stuttgarti Katolikusok<\/title>\n<meta name=\"robots\" content=\"index, follow, max-snippet:-1, max-image-preview:large, max-video-preview:-1\" \/>\n<link rel=\"canonical\" href=\"https:\/\/stuttgarti-katolikusok.de\/index.php\/evkozi-5-vasarnap-2\/\" \/>\n<meta property=\"og:locale\" content=\"hu_HU\" \/>\n<meta property=\"og:type\" content=\"article\" \/>\n<meta property=\"og:title\" content=\"\u00c9vk\u00f6zi 5. vas\u00e1rnap - Stuttgarti Katolikusok\" \/>\n<meta property=\"og:description\" content=\"Az \u00c9vk\u00f6zi 5. vas\u00e1rnap olvasm\u00e1nyai ism\u00e9telten fontos k\u00e9rd\u00e9seket \u00e1ll\u00edtanak figyelm\u00fcnk k\u00f6z\u00e9ppontj\u00e1ba. Az olvasm\u00e1ny a szenved\u0151 J\u00f3b panasz\u00e1t \u00e9s f\u00e1jdalm\u00e1t \u00edrja le. K\u00f6nny\u0171 azonosulni J\u00f3b panasz\u00e1val. &#8222;\u00c9letem csup\u00e1n egy lehelet&#8221; &#8211; figyelmeztet J\u00f3b. Leheletnyi \u00e9let\u00fcnket haszn\u00e1ljuk j\u00f3l \u00e9s j\u00f3 c\u00e9lokra. A szentlecke Szent P\u00e1l apostol hitvall\u00e1s\u00e1t tartalmazza. Szolg\u00e1lata nem jogos\u00edtja fel \u0151t arra, hogy \u00e9ljen el\u0151jogaival. Nem is teszi. P\u00e1l apostol \u00edgy vall \u00e9let\u00e9r\u0151l \u00e9s hivat\u00e1s\u00e1r\u00f3l: &#8222;Mindenkinek mindene lettem&#8221;. K\u00f6vetend\u0151 \u00fat ez sz\u00e1munkra is. Az evang\u00e9liumban az \u00dar J\u00e9zus k\u00e9tf\u00e9le \u00e9letform\u00e1j\u00e1nak ar\u00e1nyait figyelhetj\u00fck meg. Gy\u00f3gy\u00edt\u00e1s, pihen\u00e9s \u00e9s im\u00e1ds\u00e1g. Ezt kellene k\u00f6vetn\u00fcnk\u00a0a magunk \u00e9let\u00e9ben is. Kezd\u0151\u00e9nek: Misek\u00f6nyv 371. oldal J\u00f6jjetek, boruljunk le, h\u00f3doljunk Urunk, alkot\u00f3nk el\u0151tt, hulljunk t\u00e9rdre, mert \u0151 az \u00dar, a mi Isten\u00fcnk. (Zsolt 94,6-7) K\u00f6ny\u00f6rg\u00e9s: Urunk, Isten\u00fcnk, \u0151rizd sz\u00fcntelen j\u00f3s\u00e1goddal h\u00e1zad n\u00e9p\u00e9t \u00e9s er\u0151s\u00edtsd oltalmaddal mindenkor, mert csak a te kegyelmedre hagyatkozhat. A mi Urunk, J\u00e9zus Krisztus, a te Fiad \u00e1ltal, aki veled \u00e9l \u00e9s uralkodik a Szentl\u00e9lekkel egys\u00e9gben, Isten mind\u00f6r\u00f6kk\u00f6n \u00f6r\u00f6kk\u00e9. OLVASM\u00c1NY J\u00f3b k\u00f6nyv\u00e9b\u0151l (J\u00f3b 7,1-4.6-7) A szenved\u0151 J\u00f3b \u00edgy panaszkodott: Nemde k\u00fczdelem az ember sorsa a f\u00f6ld\u00f6n? Nemde napsz\u00e1mos m\u00f3dj\u00e1ra t\u00f6lti el napjait? Olyan, mint a rabszolga, ki \u00e1rny\u00e9kba v\u00e1gyik, olyan, mint a napsz\u00e1mos, ki a b\u00e9r\u00e9t v\u00e1rja. Csal\u00f3d\u00e1ssal teli h\u00f3napok jutottak nekem oszt\u00e1lyr\u00e9sz\u00fcl, keserves \u00e9jszak\u00e1k lettek fizets\u00e9gem. M\u00e1r lefekv\u00e9skor azt k\u00e9rdezem: \u201eMikor virrad?\u201d \u00c9s mihelyt felkelek: \u201eMikor lesz m\u00e1r este?\u201d Tele vagyok k\u00ednnal eg\u00e9sz alkonyatig. Napjaim futnak, mint a tak\u00e1cs vet\u00e9l\u0151je, elt\u0171nnek, s nyomukban nem marad rem\u00e9nys\u00e9g. Gondold meg: \u00e9letem csup\u00e1n egy lehelet, szemem soha t\u00f6bb\u00e9 nem l\u00e1t boldogs\u00e1got. Ez az Isten ig\u00e9je. V\u00c1LASZOS ZSOLT\u00c1R (Zsolt 146,1-2.3-4.5-6) V\u00e1lasz:\u00a0Dics\u00e9rj\u00e9tek az\u00a0Urat, * aki a megt\u00f6rt sz\u00edv\u0171eket meggy\u00f3gy\u00edtja.\u00a0(2. t\u00f3nus.) El\u0151\u00e9nekes: Dics\u00e9rj\u00e9tek az Urat, mert j\u00f3 dolog \u0151t\u00a0\u00e1ldani, * Isten\u00fcnknek kedves\u00a0a\u00a0dics\u00e9ret. Jeruzs\u00e1lemet az \u00dar \u00fajj\u00e1\u00e9p\u00edti, * Izrael sz\u00e9tsz\u00f3rt fiait egybegy\u0171jti. H\u00edvek:\u00a0Dics\u00e9rj\u00e9tek az\u00a0Urat, * aki a megt\u00f6rt sz\u00edv\u0171eket meggy\u00f3gy\u00edtja. E: Aki a megt\u00f6rt sz\u00edv\u0171eket meggy\u00f3gy\u00edtja, * \u00e9s sebeiket bek\u00f6t\u00f6zi. A csillagokat... R\u00e9szletek\" \/>\n<meta property=\"og:url\" content=\"https:\/\/stuttgarti-katolikusok.de\/index.php\/evkozi-5-vasarnap-2\/\" \/>\n<meta property=\"og:site_name\" content=\"Stuttgarti Katolikusok\" \/>\n<meta property=\"article:published_time\" content=\"2024-02-04T22:59:04+00:00\" \/>\n<meta property=\"article:modified_time\" content=\"2024-02-05T08:39:31+00:00\" \/>\n<meta property=\"og:image\" content=\"https:\/\/stuttgarti-katolikusok.de\/wp-content\/uploads\/2024\/02\/whatsapp-kep-2024-02-04-235714-13431708.jpg\" \/>\n\t<meta property=\"og:image:width\" content=\"499\" \/>\n\t<meta property=\"og:image:height\" content=\"665\" \/>\n\t<meta property=\"og:image:type\" content=\"image\/jpeg\" \/>\n<meta name=\"author\" content=\"Tibor atya\" \/>\n<meta name=\"twitter:card\" content=\"summary_large_image\" \/>\n<meta name=\"twitter:label1\" content=\"Szerz\u0151:\" \/>\n\t<meta name=\"twitter:data1\" content=\"Tibor atya\" \/>\n\t<meta name=\"twitter:label2\" content=\"Becs\u00fclt olvas\u00e1si id\u0151\" \/>\n\t<meta name=\"twitter:data2\" content=\"6 perc\" \/>\n<script type=\"application\/ld+json\" class=\"yoast-schema-graph\">{\"@context\":\"https:\\\/\\\/schema.org\",\"@graph\":[{\"@type\":\"Article\",\"@id\":\"https:\\\/\\\/stuttgarti-katolikusok.de\\\/index.php\\\/evkozi-5-vasarnap-2\\\/#article\",\"isPartOf\":{\"@id\":\"https:\\\/\\\/stuttgarti-katolikusok.de\\\/index.php\\\/evkozi-5-vasarnap-2\\\/\"},\"author\":{\"name\":\"Tibor atya\",\"@id\":\"https:\\\/\\\/stuttgarti-katolikusok.de\\\/#\\\/schema\\\/person\\\/75908d6f8fdc03a57889d27209df7795\"},\"headline\":\"\u00c9vk\u00f6zi 5. vas\u00e1rnap\",\"datePublished\":\"2024-02-04T22:59:04+00:00\",\"dateModified\":\"2024-02-05T08:39:31+00:00\",\"mainEntityOfPage\":{\"@id\":\"https:\\\/\\\/stuttgarti-katolikusok.de\\\/index.php\\\/evkozi-5-vasarnap-2\\\/\"},\"wordCount\":1314,\"image\":{\"@id\":\"https:\\\/\\\/stuttgarti-katolikusok.de\\\/index.php\\\/evkozi-5-vasarnap-2\\\/#primaryimage\"},\"thumbnailUrl\":\"https:\\\/\\\/stuttgarti-katolikusok.de\\\/wp-content\\\/uploads\\\/2024\\\/02\\\/whatsapp-kep-2024-02-04-235714-13431708.jpg\",\"articleSection\":[\"A liturgia olvasm\u00e1nyai\",\"Vas\u00e1rnapi gondolatok\"],\"inLanguage\":\"hu\"},{\"@type\":\"WebPage\",\"@id\":\"https:\\\/\\\/stuttgarti-katolikusok.de\\\/index.php\\\/evkozi-5-vasarnap-2\\\/\",\"url\":\"https:\\\/\\\/stuttgarti-katolikusok.de\\\/index.php\\\/evkozi-5-vasarnap-2\\\/\",\"name\":\"\u00c9vk\u00f6zi 5. vas\u00e1rnap - Stuttgarti Katolikusok\",\"isPartOf\":{\"@id\":\"https:\\\/\\\/stuttgarti-katolikusok.de\\\/#website\"},\"primaryImageOfPage\":{\"@id\":\"https:\\\/\\\/stuttgarti-katolikusok.de\\\/index.php\\\/evkozi-5-vasarnap-2\\\/#primaryimage\"},\"image\":{\"@id\":\"https:\\\/\\\/stuttgarti-katolikusok.de\\\/index.php\\\/evkozi-5-vasarnap-2\\\/#primaryimage\"},\"thumbnailUrl\":\"https:\\\/\\\/stuttgarti-katolikusok.de\\\/wp-content\\\/uploads\\\/2024\\\/02\\\/whatsapp-kep-2024-02-04-235714-13431708.jpg\",\"datePublished\":\"2024-02-04T22:59:04+00:00\",\"dateModified\":\"2024-02-05T08:39:31+00:00\",\"author\":{\"@id\":\"https:\\\/\\\/stuttgarti-katolikusok.de\\\/#\\\/schema\\\/person\\\/75908d6f8fdc03a57889d27209df7795\"},\"breadcrumb\":{\"@id\":\"https:\\\/\\\/stuttgarti-katolikusok.de\\\/index.php\\\/evkozi-5-vasarnap-2\\\/#breadcrumb\"},\"inLanguage\":\"hu\",\"potentialAction\":[{\"@type\":\"ReadAction\",\"target\":[\"https:\\\/\\\/stuttgarti-katolikusok.de\\\/index.php\\\/evkozi-5-vasarnap-2\\\/\"]}]},{\"@type\":\"ImageObject\",\"inLanguage\":\"hu\",\"@id\":\"https:\\\/\\\/stuttgarti-katolikusok.de\\\/index.php\\\/evkozi-5-vasarnap-2\\\/#primaryimage\",\"url\":\"https:\\\/\\\/stuttgarti-katolikusok.de\\\/wp-content\\\/uploads\\\/2024\\\/02\\\/whatsapp-kep-2024-02-04-235714-13431708.jpg\",\"contentUrl\":\"https:\\\/\\\/stuttgarti-katolikusok.de\\\/wp-content\\\/uploads\\\/2024\\\/02\\\/whatsapp-kep-2024-02-04-235714-13431708.jpg\",\"width\":499,\"height\":665},{\"@type\":\"BreadcrumbList\",\"@id\":\"https:\\\/\\\/stuttgarti-katolikusok.de\\\/index.php\\\/evkozi-5-vasarnap-2\\\/#breadcrumb\",\"itemListElement\":[{\"@type\":\"ListItem\",\"position\":1,\"name\":\"Kezd\u0151lap\",\"item\":\"https:\\\/\\\/stuttgarti-katolikusok.de\\\/\"},{\"@type\":\"ListItem\",\"position\":2,\"name\":\"\u00c9vk\u00f6zi 5. vas\u00e1rnap\"}]},{\"@type\":\"WebSite\",\"@id\":\"https:\\\/\\\/stuttgarti-katolikusok.de\\\/#website\",\"url\":\"https:\\\/\\\/stuttgarti-katolikusok.de\\\/\",\"name\":\"Stuttgarti Katolikusok\",\"description\":\"\",\"potentialAction\":[{\"@type\":\"SearchAction\",\"target\":{\"@type\":\"EntryPoint\",\"urlTemplate\":\"https:\\\/\\\/stuttgarti-katolikusok.de\\\/?s={search_term_string}\"},\"query-input\":{\"@type\":\"PropertyValueSpecification\",\"valueRequired\":true,\"valueName\":\"search_term_string\"}}],\"inLanguage\":\"hu\"},{\"@type\":\"Person\",\"@id\":\"https:\\\/\\\/stuttgarti-katolikusok.de\\\/#\\\/schema\\\/person\\\/75908d6f8fdc03a57889d27209df7795\",\"name\":\"Tibor atya\",\"image\":{\"@type\":\"ImageObject\",\"inLanguage\":\"hu\",\"@id\":\"https:\\\/\\\/secure.gravatar.com\\\/avatar\\\/61d268e57d1f4525b111222e29d2d5a7f8c420fdbf231ba5566a8ceac74fa960?s=96&d=mm&r=g\",\"url\":\"https:\\\/\\\/secure.gravatar.com\\\/avatar\\\/61d268e57d1f4525b111222e29d2d5a7f8c420fdbf231ba5566a8ceac74fa960?s=96&d=mm&r=g\",\"contentUrl\":\"https:\\\/\\\/secure.gravatar.com\\\/avatar\\\/61d268e57d1f4525b111222e29d2d5a7f8c420fdbf231ba5566a8ceac74fa960?s=96&d=mm&r=g\",\"caption\":\"Tibor atya\"},\"url\":\"https:\\\/\\\/stuttgarti-katolikusok.de\\\/index.php\\\/author\\\/tibor-atya\\\/\"}]}<\/script>\n<!-- \/ Yoast SEO plugin. -->","yoast_head_json":{"title":"\u00c9vk\u00f6zi 5. vas\u00e1rnap - Stuttgarti Katolikusok","robots":{"index":"index","follow":"follow","max-snippet":"max-snippet:-1","max-image-preview":"max-image-preview:large","max-video-preview":"max-video-preview:-1"},"canonical":"https:\/\/stuttgarti-katolikusok.de\/index.php\/evkozi-5-vasarnap-2\/","og_locale":"hu_HU","og_type":"article","og_title":"\u00c9vk\u00f6zi 5. vas\u00e1rnap - Stuttgarti Katolikusok","og_description":"Az \u00c9vk\u00f6zi 5. vas\u00e1rnap olvasm\u00e1nyai ism\u00e9telten fontos k\u00e9rd\u00e9seket \u00e1ll\u00edtanak figyelm\u00fcnk k\u00f6z\u00e9ppontj\u00e1ba. Az olvasm\u00e1ny a szenved\u0151 J\u00f3b panasz\u00e1t \u00e9s f\u00e1jdalm\u00e1t \u00edrja le. K\u00f6nny\u0171 azonosulni J\u00f3b panasz\u00e1val. &#8222;\u00c9letem csup\u00e1n egy lehelet&#8221; &#8211; figyelmeztet J\u00f3b. Leheletnyi \u00e9let\u00fcnket haszn\u00e1ljuk j\u00f3l \u00e9s j\u00f3 c\u00e9lokra. A szentlecke Szent P\u00e1l apostol hitvall\u00e1s\u00e1t tartalmazza. Szolg\u00e1lata nem jogos\u00edtja fel \u0151t arra, hogy \u00e9ljen el\u0151jogaival. Nem is teszi. P\u00e1l apostol \u00edgy vall \u00e9let\u00e9r\u0151l \u00e9s hivat\u00e1s\u00e1r\u00f3l: &#8222;Mindenkinek mindene lettem&#8221;. K\u00f6vetend\u0151 \u00fat ez sz\u00e1munkra is. Az evang\u00e9liumban az \u00dar J\u00e9zus k\u00e9tf\u00e9le \u00e9letform\u00e1j\u00e1nak ar\u00e1nyait figyelhetj\u00fck meg. Gy\u00f3gy\u00edt\u00e1s, pihen\u00e9s \u00e9s im\u00e1ds\u00e1g. Ezt kellene k\u00f6vetn\u00fcnk\u00a0a magunk \u00e9let\u00e9ben is. Kezd\u0151\u00e9nek: Misek\u00f6nyv 371. oldal J\u00f6jjetek, boruljunk le, h\u00f3doljunk Urunk, alkot\u00f3nk el\u0151tt, hulljunk t\u00e9rdre, mert \u0151 az \u00dar, a mi Isten\u00fcnk. (Zsolt 94,6-7) K\u00f6ny\u00f6rg\u00e9s: Urunk, Isten\u00fcnk, \u0151rizd sz\u00fcntelen j\u00f3s\u00e1goddal h\u00e1zad n\u00e9p\u00e9t \u00e9s er\u0151s\u00edtsd oltalmaddal mindenkor, mert csak a te kegyelmedre hagyatkozhat. A mi Urunk, J\u00e9zus Krisztus, a te Fiad \u00e1ltal, aki veled \u00e9l \u00e9s uralkodik a Szentl\u00e9lekkel egys\u00e9gben, Isten mind\u00f6r\u00f6kk\u00f6n \u00f6r\u00f6kk\u00e9. OLVASM\u00c1NY J\u00f3b k\u00f6nyv\u00e9b\u0151l (J\u00f3b 7,1-4.6-7) A szenved\u0151 J\u00f3b \u00edgy panaszkodott: Nemde k\u00fczdelem az ember sorsa a f\u00f6ld\u00f6n? Nemde napsz\u00e1mos m\u00f3dj\u00e1ra t\u00f6lti el napjait? Olyan, mint a rabszolga, ki \u00e1rny\u00e9kba v\u00e1gyik, olyan, mint a napsz\u00e1mos, ki a b\u00e9r\u00e9t v\u00e1rja. Csal\u00f3d\u00e1ssal teli h\u00f3napok jutottak nekem oszt\u00e1lyr\u00e9sz\u00fcl, keserves \u00e9jszak\u00e1k lettek fizets\u00e9gem. M\u00e1r lefekv\u00e9skor azt k\u00e9rdezem: \u201eMikor virrad?\u201d \u00c9s mihelyt felkelek: \u201eMikor lesz m\u00e1r este?\u201d Tele vagyok k\u00ednnal eg\u00e9sz alkonyatig. Napjaim futnak, mint a tak\u00e1cs vet\u00e9l\u0151je, elt\u0171nnek, s nyomukban nem marad rem\u00e9nys\u00e9g. Gondold meg: \u00e9letem csup\u00e1n egy lehelet, szemem soha t\u00f6bb\u00e9 nem l\u00e1t boldogs\u00e1got. Ez az Isten ig\u00e9je. V\u00c1LASZOS ZSOLT\u00c1R (Zsolt 146,1-2.3-4.5-6) V\u00e1lasz:\u00a0Dics\u00e9rj\u00e9tek az\u00a0Urat, * aki a megt\u00f6rt sz\u00edv\u0171eket meggy\u00f3gy\u00edtja.\u00a0(2. t\u00f3nus.) El\u0151\u00e9nekes: Dics\u00e9rj\u00e9tek az Urat, mert j\u00f3 dolog \u0151t\u00a0\u00e1ldani, * Isten\u00fcnknek kedves\u00a0a\u00a0dics\u00e9ret. Jeruzs\u00e1lemet az \u00dar \u00fajj\u00e1\u00e9p\u00edti, * Izrael sz\u00e9tsz\u00f3rt fiait egybegy\u0171jti. H\u00edvek:\u00a0Dics\u00e9rj\u00e9tek az\u00a0Urat, * aki a megt\u00f6rt sz\u00edv\u0171eket meggy\u00f3gy\u00edtja. E: Aki a megt\u00f6rt sz\u00edv\u0171eket meggy\u00f3gy\u00edtja, * \u00e9s sebeiket bek\u00f6t\u00f6zi. A csillagokat... R\u00e9szletek","og_url":"https:\/\/stuttgarti-katolikusok.de\/index.php\/evkozi-5-vasarnap-2\/","og_site_name":"Stuttgarti Katolikusok","article_published_time":"2024-02-04T22:59:04+00:00","article_modified_time":"2024-02-05T08:39:31+00:00","og_image":[{"width":499,"height":665,"url":"https:\/\/stuttgarti-katolikusok.de\/wp-content\/uploads\/2024\/02\/whatsapp-kep-2024-02-04-235714-13431708.jpg","type":"image\/jpeg"}],"author":"Tibor atya","twitter_card":"summary_large_image","twitter_misc":{"Szerz\u0151:":"Tibor atya","Becs\u00fclt olvas\u00e1si id\u0151":"6 perc"},"schema":{"@context":"https:\/\/schema.org","@graph":[{"@type":"Article","@id":"https:\/\/stuttgarti-katolikusok.de\/index.php\/evkozi-5-vasarnap-2\/#article","isPartOf":{"@id":"https:\/\/stuttgarti-katolikusok.de\/index.php\/evkozi-5-vasarnap-2\/"},"author":{"name":"Tibor atya","@id":"https:\/\/stuttgarti-katolikusok.de\/#\/schema\/person\/75908d6f8fdc03a57889d27209df7795"},"headline":"\u00c9vk\u00f6zi 5. vas\u00e1rnap","datePublished":"2024-02-04T22:59:04+00:00","dateModified":"2024-02-05T08:39:31+00:00","mainEntityOfPage":{"@id":"https:\/\/stuttgarti-katolikusok.de\/index.php\/evkozi-5-vasarnap-2\/"},"wordCount":1314,"image":{"@id":"https:\/\/stuttgarti-katolikusok.de\/index.php\/evkozi-5-vasarnap-2\/#primaryimage"},"thumbnailUrl":"https:\/\/stuttgarti-katolikusok.de\/wp-content\/uploads\/2024\/02\/whatsapp-kep-2024-02-04-235714-13431708.jpg","articleSection":["A liturgia olvasm\u00e1nyai","Vas\u00e1rnapi gondolatok"],"inLanguage":"hu"},{"@type":"WebPage","@id":"https:\/\/stuttgarti-katolikusok.de\/index.php\/evkozi-5-vasarnap-2\/","url":"https:\/\/stuttgarti-katolikusok.de\/index.php\/evkozi-5-vasarnap-2\/","name":"\u00c9vk\u00f6zi 5. vas\u00e1rnap - Stuttgarti Katolikusok","isPartOf":{"@id":"https:\/\/stuttgarti-katolikusok.de\/#website"},"primaryImageOfPage":{"@id":"https:\/\/stuttgarti-katolikusok.de\/index.php\/evkozi-5-vasarnap-2\/#primaryimage"},"image":{"@id":"https:\/\/stuttgarti-katolikusok.de\/index.php\/evkozi-5-vasarnap-2\/#primaryimage"},"thumbnailUrl":"https:\/\/stuttgarti-katolikusok.de\/wp-content\/uploads\/2024\/02\/whatsapp-kep-2024-02-04-235714-13431708.jpg","datePublished":"2024-02-04T22:59:04+00:00","dateModified":"2024-02-05T08:39:31+00:00","author":{"@id":"https:\/\/stuttgarti-katolikusok.de\/#\/schema\/person\/75908d6f8fdc03a57889d27209df7795"},"breadcrumb":{"@id":"https:\/\/stuttgarti-katolikusok.de\/index.php\/evkozi-5-vasarnap-2\/#breadcrumb"},"inLanguage":"hu","potentialAction":[{"@type":"ReadAction","target":["https:\/\/stuttgarti-katolikusok.de\/index.php\/evkozi-5-vasarnap-2\/"]}]},{"@type":"ImageObject","inLanguage":"hu","@id":"https:\/\/stuttgarti-katolikusok.de\/index.php\/evkozi-5-vasarnap-2\/#primaryimage","url":"https:\/\/stuttgarti-katolikusok.de\/wp-content\/uploads\/2024\/02\/whatsapp-kep-2024-02-04-235714-13431708.jpg","contentUrl":"https:\/\/stuttgarti-katolikusok.de\/wp-content\/uploads\/2024\/02\/whatsapp-kep-2024-02-04-235714-13431708.jpg","width":499,"height":665},{"@type":"BreadcrumbList","@id":"https:\/\/stuttgarti-katolikusok.de\/index.php\/evkozi-5-vasarnap-2\/#breadcrumb","itemListElement":[{"@type":"ListItem","position":1,"name":"Kezd\u0151lap","item":"https:\/\/stuttgarti-katolikusok.de\/"},{"@type":"ListItem","position":2,"name":"\u00c9vk\u00f6zi 5. vas\u00e1rnap"}]},{"@type":"WebSite","@id":"https:\/\/stuttgarti-katolikusok.de\/#website","url":"https:\/\/stuttgarti-katolikusok.de\/","name":"Stuttgarti Katolikusok","description":"","potentialAction":[{"@type":"SearchAction","target":{"@type":"EntryPoint","urlTemplate":"https:\/\/stuttgarti-katolikusok.de\/?s={search_term_string}"},"query-input":{"@type":"PropertyValueSpecification","valueRequired":true,"valueName":"search_term_string"}}],"inLanguage":"hu"},{"@type":"Person","@id":"https:\/\/stuttgarti-katolikusok.de\/#\/schema\/person\/75908d6f8fdc03a57889d27209df7795","name":"Tibor atya","image":{"@type":"ImageObject","inLanguage":"hu","@id":"https:\/\/secure.gravatar.com\/avatar\/61d268e57d1f4525b111222e29d2d5a7f8c420fdbf231ba5566a8ceac74fa960?s=96&d=mm&r=g","url":"https:\/\/secure.gravatar.com\/avatar\/61d268e57d1f4525b111222e29d2d5a7f8c420fdbf231ba5566a8ceac74fa960?s=96&d=mm&r=g","contentUrl":"https:\/\/secure.gravatar.com\/avatar\/61d268e57d1f4525b111222e29d2d5a7f8c420fdbf231ba5566a8ceac74fa960?s=96&d=mm&r=g","caption":"Tibor atya"},"url":"https:\/\/stuttgarti-katolikusok.de\/index.php\/author\/tibor-atya\/"}]}},"_links":{"self":[{"href":"https:\/\/stuttgarti-katolikusok.de\/index.php\/wp-json\/wp\/v2\/posts\/28305","targetHints":{"allow":["GET"]}}],"collection":[{"href":"https:\/\/stuttgarti-katolikusok.de\/index.php\/wp-json\/wp\/v2\/posts"}],"about":[{"href":"https:\/\/stuttgarti-katolikusok.de\/index.php\/wp-json\/wp\/v2\/types\/post"}],"author":[{"embeddable":true,"href":"https:\/\/stuttgarti-katolikusok.de\/index.php\/wp-json\/wp\/v2\/users\/3"}],"replies":[{"embeddable":true,"href":"https:\/\/stuttgarti-katolikusok.de\/index.php\/wp-json\/wp\/v2\/comments?post=28305"}],"version-history":[{"count":2,"href":"https:\/\/stuttgarti-katolikusok.de\/index.php\/wp-json\/wp\/v2\/posts\/28305\/revisions"}],"predecessor-version":[{"id":28313,"href":"https:\/\/stuttgarti-katolikusok.de\/index.php\/wp-json\/wp\/v2\/posts\/28305\/revisions\/28313"}],"wp:featuredmedia":[{"embeddable":true,"href":"https:\/\/stuttgarti-katolikusok.de\/index.php\/wp-json\/wp\/v2\/media\/28306"}],"wp:attachment":[{"href":"https:\/\/stuttgarti-katolikusok.de\/index.php\/wp-json\/wp\/v2\/media?parent=28305"}],"wp:term":[{"taxonomy":"category","embeddable":true,"href":"https:\/\/stuttgarti-katolikusok.de\/index.php\/wp-json\/wp\/v2\/categories?post=28305"},{"taxonomy":"post_tag","embeddable":true,"href":"https:\/\/stuttgarti-katolikusok.de\/index.php\/wp-json\/wp\/v2\/tags?post=28305"}],"curies":[{"name":"wp","href":"https:\/\/api.w.org\/{rel}","templated":true}]}}