{"id":28280,"date":"2024-01-29T23:25:33","date_gmt":"2024-01-29T22:25:33","guid":{"rendered":"https:\/\/stuttgarti-katolikusok.de\/?p=28280"},"modified":"2025-01-27T22:16:09","modified_gmt":"2025-01-27T21:16:09","slug":"2024-januar-29-es-februar-4-kozott","status":"publish","type":"post","link":"https:\/\/stuttgarti-katolikusok.de\/index.php\/2024-januar-29-es-februar-4-kozott\/","title":{"rendered":"2024 JANU\u00c1R 29 \u00c9S FEBRU\u00c1R 4 K\u00d6Z\u00d6TT"},"content":{"rendered":"<p><span style=\"color: #339966;\"><strong>Programel\u0151zetes<\/strong><\/span><\/p>\n<p style=\"text-align: center;\"><span style=\"color: #339966;\"><strong>\u00a0*<\/strong><\/span><\/p>\n<p><strong>Febru\u00e1r 2-\u00e1n<\/strong><em>, <\/em>p\u00e9nteken<em>,<\/em><\/p>\n<p><strong>Weingartenben<\/strong><em>, a 14 Nothelfer Kapelle-ben <\/em>10.00 \u00f3rakor <em>szentmise, <\/em>el\u0151tte<em> r\u00f3zsaf\u00fcz\u00e9rt im\u00e1dkozunk. Gyertyaszentel\u0151 Boldogasszony \u00fcnnepe, <\/em>szentmise v\u00e9gezt\u00e9vel<em> Bal\u00e1zs-\u00e1ld\u00e1s,<\/em><\/p>\n<p><strong>Stuttgartban<\/strong> 18.00 \u00f3rakor <em>szentmise, <\/em>el\u0151tte<em> r\u00f3zsaf\u00fcz\u00e9rt im\u00e1dkozunk. Gyertyaszentel\u0151 Boldogasszony \u00fcnnepe, <\/em>szentmise v\u00e9gezt\u00e9vel<em> Bal\u00e1zs-\u00e1ld\u00e1s.<\/em><\/p>\n<p style=\"text-align: center;\"><strong><span style=\"color: #339966;\"><em>\u00a0*<\/em><\/span><\/strong><\/p>\n<p><strong>Febru\u00e1r 3-\u00e1n<\/strong>, szombaton<em>,\u00a0<\/em><strong>Balingenben <\/strong>16.00 \u00f3rakor<em> b\u00facs\u00fas-szentmise, Szent Magyar P\u00e1l, a k\u00f6z\u00f6ss\u00e9g v\u00e9d\u0151szentje,<\/em> ut\u00e1na <em>agap\u00e9.<\/em><\/p>\n<p><a href=\"https:\/\/stuttgarti-katolikusok.de\/wp-content\/uploads\/2023\/01\/boldog-magyar-pal-w1.jpg\"><img loading=\"lazy\" decoding=\"async\" class=\"alignnone size-full wp-image-24991\" src=\"https:\/\/stuttgarti-katolikusok.de\/wp-content\/uploads\/2023\/01\/boldog-magyar-pal-w1.jpg\" alt=\"\" width=\"875\" height=\"1600\" srcset=\"https:\/\/stuttgarti-katolikusok.de\/wp-content\/uploads\/2023\/01\/boldog-magyar-pal-w1.jpg 875w, https:\/\/stuttgarti-katolikusok.de\/wp-content\/uploads\/2023\/01\/boldog-magyar-pal-w1-164x300.jpg 164w, https:\/\/stuttgarti-katolikusok.de\/wp-content\/uploads\/2023\/01\/boldog-magyar-pal-w1-560x1024.jpg 560w, https:\/\/stuttgarti-katolikusok.de\/wp-content\/uploads\/2023\/01\/boldog-magyar-pal-w1-840x1536.jpg 840w\" sizes=\"auto, (max-width: 875px) 100vw, 875px\" \/><\/a><\/p>\n<p style=\"text-align: center;\"><span style=\"color: #339966;\"><strong>*<\/strong><\/span><\/p>\n<p><strong>Febru\u00e1r 4-\u00e9n<em>,<\/em><\/strong> <span style=\"color: #339966;\"><strong><em>\u00c9vk\u00f6zi 5. vas\u00e1rnap<\/em><\/strong><\/span><em>,<\/em><\/p>\n<p><strong>Schw\u00e4bisch-Gm\u00fcndben <\/strong>9.30 \u00f3rakor <em>szentmise,<\/em> <em>gyertyaszentel\u00e9s<\/em> \u00e9s <em>Bal\u00e1zs-\u00e1ld\u00e1s<\/em>, ut\u00e1na <em>agap\u00e9,<\/em><\/p>\n<p><strong>Stuttgartban <\/strong>15.00 \u00f3rakor<em> gyermek-istentisztelet, szentmise, gyertyaszentel\u00e9s, Bal\u00e1zs-\u00e1ld\u00e1s, <\/em>ut\u00e1na <em>k\u00f6z\u00f6s farsang<\/em> a k\u00f6z\u00f6ss\u00e9gi teremben.<\/p>\n<p>Vend\u00e9g\u00fcnk \u00e9rkezik Ft. Pask\u00f3 Csaba atya szem\u00e9ly\u00e9ben. Stuttgartban febru\u00e1r h\u00f3nap elej\u00e9n nemzetk\u00f6zi f\u0151z\u0151 versenyen\u00a0 vesz r\u00e9szt csapat\u00e1val egy\u00fctt.<\/p>\n<p><a href=\"https:\/\/stuttgarti-katolikusok.de\/wp-content\/uploads\/2024\/01\/pasko-csaba.jpg\"><img loading=\"lazy\" decoding=\"async\" class=\"alignnone size-full wp-image-28282\" src=\"https:\/\/stuttgarti-katolikusok.de\/wp-content\/uploads\/2024\/01\/pasko-csaba.jpg\" alt=\"\" width=\"713\" height=\"486\" srcset=\"https:\/\/stuttgarti-katolikusok.de\/wp-content\/uploads\/2024\/01\/pasko-csaba.jpg 713w, https:\/\/stuttgarti-katolikusok.de\/wp-content\/uploads\/2024\/01\/pasko-csaba-300x204.jpg 300w\" sizes=\"auto, (max-width: 713px) 100vw, 713px\" \/><\/a><\/p>\n<p><em>1975-ben sz\u00fcletett Szabadk\u00e1n.\u00a0 A P\u00e9csi Hittudom\u00e1nyi F\u0151iskol\u00e1n\u00a0 1999-ben lelkip\u00e1sztork\u00e9nt v\u00e9gzett. 2000 \u00f3ta a Szabadkai Egyh\u00e1zmegye felszentelt papja. 1999 \u0151sz\u00e9t\u0151l a Grazi Zenem\u0171v\u00e9szeti Egyetem Egyh\u00e1zzenei Tanszakon\u00a0tanult, ahol 2003-ban diplom\u00e1zott vez\u00e9nyl\u00e9sb\u0151l \u00e9s orgon\u00e1b\u00f3l. Ugyanott 2005-ben\u00a0 sikeresen befejezte posztgradu\u00e1lis k\u00e9pz\u00e9s\u00e9t\u00a0 gergelykor\u00e1lis \u00e9s vez\u00e9nyl\u00e9s t\u00e9mak\u00f6r\u00f6kben. 2001-t\u0151l tagja a Nemzetk\u00f6zi Himnol\u00f3giai T\u00e1rsas\u00e1gnak (IAH). 2003-t\u00f3l a szabadkai bazilika karnagya \u00e9s zenei koordin\u00e1tora, valamint a Pro Musica Kamarak\u00f3rus karnagya. 2005-t\u0151l tagja a Nemzetk\u00f6zi Gregori\u00e1n t\u00e1rsas\u00e1gnak. Ugyanabban az \u00e9vben nevezt\u00e9k ki a szabadkai sz\u00e9kesegyh\u00e1z Regens Chorij\u00e1v\u00e1, az egyh\u00e1zmegye zenei igazgat\u00f3j\u00e1v\u00e1. A r\u00e9gi\u00f3 egyetlen gregori\u00e1n \u00e9nekegy\u00fcttes\u00e9nek alap\u00edt\u00f3ja. T\u00f6bb alkalommal is vez\u00e9nyelte a Szabadkai Filharm\u00f3ni\u00e1t.\u00a0<\/em><br \/>\n<em>2008-t\u00f3l a szabadkai Zeneiskola tan\u00e1ra.\u00a0<\/em><br \/>\n<em>2014-t\u0151l a Magyar Nemzeti Tan\u00e1cs \u00e9s a V\u00e9grehajt\u00f3\u00a0Bizotts\u00e1g\u00e1nak tagja.<\/em><br \/>\n<em>A Vajdas\u00e1gi Pax Romana civil szervezet, valamint a kelebiai Ga\u00e1l Ferenc Magyar M\u0171vel\u0151d\u00e9si Egyes\u00fclet eln\u00f6ke, 2013 \u00f3ta az egyh\u00e1zmegye Caritas j\u00f3t\u00e9konys\u00e1gi szervezet\u00e9nek eln\u00f6ke.\u00a0<\/em><br \/>\n<em>Papi, zenei, zenepedag\u00f3giai tev\u00e9kenys\u00e9g\u00e9n t\u00fal fontos szerepet j\u00e1tszik \u00e9let\u00e9ben a gasztron\u00f3mia. 2014-ben okleveles szak\u00e1cs lett. K\u00e9t szak\u00e1csk\u00f6nyv, mesterkurzus, tov\u00e1bbk\u00e9pz\u00e9s \u00e9s elismer\u00e9s jellemzi tev\u00e9kenys\u00e9g\u00e9t.\u00a0<\/em><br \/>\n<em>2016-ban tiszteletbeli tagja lett a N\u00e1dor Istv\u00e1n Borlovagrendnek, a gasztron\u00f3mi\u00e1ban \u00e9s a finom borok n\u00e9pszer\u0171s\u00edt\u00e9s\u00e9ben el\u00e9rt eredm\u00e9nyei\u00e9rt.\u00a0<\/em><br \/>\n<em>2015-ben megkapta az Arany B\u00e1r\u00e1ny rendfokozatot, a magyar gasztron\u00f3mia nagyk\u00f6vete c\u00edmet, a gasztron\u00f3mi\u00e1ban v\u00e9gzett tev\u00e9kenys\u00e9g\u00e9\u00e9rt.\u00a0<\/em><br \/>\n<em>2018-ban a Magyar Nemzeti Gasztron\u00f3miai Sz\u00f6vets\u00e9g nevezi \u00e9s k\u00fcldi Luxenburgba a Culinary World Cup, szak\u00e1csok vil\u00e1gbajnoks\u00e1g\u00e1ra.\u00a0<\/em><br \/>\n<em>Zenei munk\u00e1ss\u00e1g\u00e1t sz\u00e1mos d\u00edjjal \u00e9rt\u00e9kelt\u00e9k: Szabadk\u00e1n 2006-ban megkapta a Dr. Bodrogv\u00e1ri Ferenc-d\u00edjat; Belgr\u00e1dban 2007-ben a Horovi Me\u0111u Freskama egyh\u00e1zzeni fesztiv\u00e1lon a karnagyoknak j\u00e1r\u00f3 k\u00fcl\u00f6n d\u00edjat, a Vojislav Ili\u0107-d\u00edjat nyerte el; Kragujev\u00e1con a 8. Nemzetk\u00f6zi Kamarak\u00f3rusok Fesztiv\u00e1lj\u00e1n k\u00fcl\u00f6n d\u00edjjal jutalmazza a zs\u0171ri karnagyi munk\u00e1j\u00e1t; 2017-ben a Szabadka Pro Urbe-d\u00edjban r\u00e9szes\u00edtette.<\/em><br \/>\n<em>Ezen k\u00edv\u00fcl sz\u00e1mos d\u00edjban, elismer\u00e9sben r\u00e9szes\u00fclt a Pro Musica Kamark\u00f3russal, amelynek 2003-t\u00f3l 2011-ig volt a karnagya, m\u0171v\u00e9szeti vezet\u0151je. Sz\u00e1mos nemzetk\u00f6zi, hazai fesztiv\u00e1lon szerzett elismer\u00e9st, kit\u00fcntet\u00e9s \u00e9s d\u00edjat: Tal\u00e1n a legjelent\u0151sebb a 2006-ban Salzburgban Mozart sz\u00fclet\u00e9s\u00e9nek 250. jubileuma alkalm\u00e1b\u00f3l Szerbi\u00e1t k\u00e9pviselhett\u00e9k; 2008-ban a P\u00e9csi Nemzetk\u00f6zi Kamarak\u00f3rus Fesztiv\u00e1lon a belg\u00e1k ut\u00e1n ez\u00fcst \u00e9rmet szereztek Pask\u00f3 Csaba vezet\u00e9se alatt.<\/em><\/p>\n<p style=\"text-align: center;\"><span style=\"color: #339966;\"><strong><em>*<\/em><\/strong><\/span><\/p>\n<p><em>\u00a0<\/em>Minden helyen mindenkit szeretettel v\u00e1r a k\u00f6z\u00f6ss\u00e9g \u00e9s Tibor atya!<\/p>\n<p style=\"text-align: center;\"><span style=\"color: #339966;\"><strong><em>*<\/em><\/strong><\/span><\/p>\n<p><a href=\"https:\/\/stuttgarti-katolikusok.de\/wp-content\/uploads\/2021\/02\/holzfigur-980784-1280.jpg\"><img loading=\"lazy\" decoding=\"async\" class=\"alignnone size-full wp-image-21109\" src=\"https:\/\/stuttgarti-katolikusok.de\/wp-content\/uploads\/2021\/02\/holzfigur-980784-1280.jpg\" alt=\"\" width=\"1280\" height=\"876\" srcset=\"https:\/\/stuttgarti-katolikusok.de\/wp-content\/uploads\/2021\/02\/holzfigur-980784-1280.jpg 1280w, https:\/\/stuttgarti-katolikusok.de\/wp-content\/uploads\/2021\/02\/holzfigur-980784-1280-300x205.jpg 300w, https:\/\/stuttgarti-katolikusok.de\/wp-content\/uploads\/2021\/02\/holzfigur-980784-1280-1024x701.jpg 1024w\" sizes=\"auto, (max-width: 1280px) 100vw, 1280px\" \/><\/a><\/p>\n<p><span style=\"color: #339966;\"><strong><em>Bens\u0151s\u00e9ges \u00e9s kellemes farsangi napokat, j\u00f3 tal\u00e1lkoz\u00e1sokat \u00e9s sok \u00f6r\u00f6met k\u00edv\u00e1nok minden kedves H\u00edvemnek.<\/em><\/strong><\/span><\/p>\n<p style=\"text-align: center;\"><span style=\"color: #339966;\"><strong><em>*<\/em><\/strong><\/span><\/p>\n<p><strong><em>\u201eAz emberi l\u00e9ny ugyanis el tud viselni egy h\u00e9t szomjaz\u00e1st, k\u00e9t h\u00e9t \u00e9hez\u00e9st, \u00e9s ak\u00e1r \u00e9vekig elviseli, hogy nincs fed\u00e9l a feje f\u00f6l\u00f6tt, de a mag\u00e1nyt nem viseli el. Minden k\u00edn \u00e9s minden szenved\u00e9s k\u00f6z\u00fcl a mag\u00e1ny a legrosszabb.\u201d (<\/em><\/strong><em>Paulo Coelho, brazil \u00edr\u00f3, 1947 &#8211; )<\/em><\/p>\n<p><em>(K\u00e9p forr\u00e1sa: Magyar Kur\u00edr)<\/em><\/p>\n","protected":false},"excerpt":{"rendered":"<p>Programel\u0151zetes \u00a0* Febru\u00e1r 2-\u00e1n, p\u00e9nteken, Weingartenben, a 14 Nothelfer Kapelle-ben 10.00 \u00f3rakor szentmise, el\u0151tte r\u00f3zsaf\u00fcz\u00e9rt im\u00e1dkozunk. Gyertyaszentel\u0151 Boldogasszony \u00fcnnepe, szentmise v\u00e9gezt\u00e9vel Bal\u00e1zs-\u00e1ld\u00e1s, Stuttgartban 18.00 \u00f3rakor szentmise, el\u0151tte r\u00f3zsaf\u00fcz\u00e9rt im\u00e1dkozunk. Gyertyaszentel\u0151 Boldogasszony \u00fcnnepe, szentmise v\u00e9gezt\u00e9vel Bal\u00e1zs-\u00e1ld\u00e1s. \u00a0* Febru\u00e1r 3-\u00e1n, szombaton,\u00a0Balingenben 16.00 \u00f3rakor b\u00facs\u00fas-szentmise, Szent Magyar P\u00e1l, a k\u00f6z\u00f6ss\u00e9g v\u00e9d\u0151szentje, ut\u00e1na agap\u00e9. * Febru\u00e1r 4-\u00e9n, \u00c9vk\u00f6zi 5. vas\u00e1rnap, Schw\u00e4bisch-Gm\u00fcndben 9.30 \u00f3rakor szentmise, gyertyaszentel\u00e9s \u00e9s Bal\u00e1zs-\u00e1ld\u00e1s, ut\u00e1na agap\u00e9, Stuttgartban 15.00 \u00f3rakor gyermek-istentisztelet, szentmise, gyertyaszentel\u00e9s, Bal\u00e1zs-\u00e1ld\u00e1s, ut\u00e1na k\u00f6z\u00f6s farsang a k\u00f6z\u00f6ss\u00e9gi teremben. Vend\u00e9g\u00fcnk \u00e9rkezik Ft. Pask\u00f3 Csaba atya szem\u00e9ly\u00e9ben. Stuttgartban febru\u00e1r h\u00f3nap elej\u00e9n nemzetk\u00f6zi f\u0151z\u0151 versenyen\u00a0 vesz r\u00e9szt csapat\u00e1val egy\u00fctt. 1975-ben sz\u00fcletett Szabadk\u00e1n.\u00a0 A P\u00e9csi Hittudom\u00e1nyi F\u0151iskol\u00e1n\u00a0 1999-ben lelkip\u00e1sztork\u00e9nt v\u00e9gzett. 2000 \u00f3ta a Szabadkai Egyh\u00e1zmegye felszentelt papja. 1999 \u0151sz\u00e9t\u0151l a Grazi Zenem\u0171v\u00e9szeti Egyetem Egyh\u00e1zzenei Tanszakon\u00a0tanult, ahol 2003-ban diplom\u00e1zott vez\u00e9nyl\u00e9sb\u0151l \u00e9s orgon\u00e1b\u00f3l. Ugyanott 2005-ben\u00a0 sikeresen befejezte posztgradu\u00e1lis k\u00e9pz\u00e9s\u00e9t\u00a0 gergelykor\u00e1lis \u00e9s vez\u00e9nyl\u00e9s t\u00e9mak\u00f6r\u00f6kben. 2001-t\u0151l tagja a Nemzetk\u00f6zi Himnol\u00f3giai T\u00e1rsas\u00e1gnak (IAH). 2003-t\u00f3l a szabadkai bazilika karnagya \u00e9s zenei koordin\u00e1tora, valamint a Pro Musica Kamarak\u00f3rus karnagya. 2005-t\u0151l tagja a Nemzetk\u00f6zi Gregori\u00e1n t\u00e1rsas\u00e1gnak. Ugyanabban az \u00e9vben nevezt\u00e9k ki a szabadkai sz\u00e9kesegyh\u00e1z Regens Chorij\u00e1v\u00e1, az egyh\u00e1zmegye zenei igazgat\u00f3j\u00e1v\u00e1. A r\u00e9gi\u00f3 egyetlen gregori\u00e1n \u00e9nekegy\u00fcttes\u00e9nek alap\u00edt\u00f3ja. T\u00f6bb alkalommal is vez\u00e9nyelte a Szabadkai Filharm\u00f3ni\u00e1t.\u00a0 2008-t\u00f3l a szabadkai Zeneiskola tan\u00e1ra.\u00a0 2014-t\u0151l a Magyar Nemzeti Tan\u00e1cs \u00e9s a V\u00e9grehajt\u00f3\u00a0Bizotts\u00e1g\u00e1nak tagja. A Vajdas\u00e1gi Pax Romana civil szervezet, valamint a kelebiai Ga\u00e1l Ferenc Magyar M\u0171vel\u0151d\u00e9si Egyes\u00fclet eln\u00f6ke, 2013 \u00f3ta az egyh\u00e1zmegye Caritas j\u00f3t\u00e9konys\u00e1gi szervezet\u00e9nek eln\u00f6ke.\u00a0 Papi, zenei, zenepedag\u00f3giai tev\u00e9kenys\u00e9g\u00e9n t\u00fal fontos szerepet j\u00e1tszik \u00e9let\u00e9ben a gasztron\u00f3mia. 2014-ben okleveles szak\u00e1cs lett. K\u00e9t szak\u00e1csk\u00f6nyv, mesterkurzus, tov\u00e1bbk\u00e9pz\u00e9s \u00e9s elismer\u00e9s jellemzi tev\u00e9kenys\u00e9g\u00e9t.\u00a0 2016-ban tiszteletbeli tagja lett a N\u00e1dor Istv\u00e1n Borlovagrendnek, a gasztron\u00f3mi\u00e1ban \u00e9s a finom borok n\u00e9pszer\u0171s\u00edt\u00e9s\u00e9ben el\u00e9rt eredm\u00e9nyei\u00e9rt.\u00a0 2015-ben megkapta az Arany B\u00e1r\u00e1ny rendfokozatot, a magyar gasztron\u00f3mia nagyk\u00f6vete c\u00edmet, a gasztron\u00f3mi\u00e1ban v\u00e9gzett tev\u00e9kenys\u00e9g\u00e9\u00e9rt.\u00a0 2018-ban a Magyar Nemzeti Gasztron\u00f3miai Sz\u00f6vets\u00e9g nevezi \u00e9s k\u00fcldi Luxenburgba a Culinary World Cup, szak\u00e1csok vil\u00e1gbajnoks\u00e1g\u00e1ra.\u00a0 Zenei&#8230; <\/p>\n<p><a class=\"readmore\" href=\"https:\/\/stuttgarti-katolikusok.de\/index.php\/2024-januar-29-es-februar-4-kozott\/\">R\u00e9szletek<\/a><\/p>\n","protected":false},"author":3,"featured_media":30189,"comment_status":"closed","ping_status":"closed","sticky":false,"template":"","format":"standard","meta":{"footnotes":""},"categories":[37],"tags":[],"class_list":["post-28280","post","type-post","status-publish","format-standard","has-post-thumbnail","hentry","category-progamelozetes"],"yoast_head":"<!-- This site is optimized with the Yoast SEO plugin v27.3 - https:\/\/yoast.com\/product\/yoast-seo-wordpress\/ -->\n<title>2024 JANU\u00c1R 29 \u00c9S FEBRU\u00c1R 4 K\u00d6Z\u00d6TT - Stuttgarti Katolikusok<\/title>\n<meta name=\"robots\" content=\"index, follow, max-snippet:-1, max-image-preview:large, max-video-preview:-1\" \/>\n<link rel=\"canonical\" href=\"https:\/\/stuttgarti-katolikusok.de\/index.php\/2024-januar-29-es-februar-4-kozott\/\" \/>\n<meta property=\"og:locale\" content=\"hu_HU\" \/>\n<meta property=\"og:type\" content=\"article\" \/>\n<meta property=\"og:title\" content=\"2024 JANU\u00c1R 29 \u00c9S FEBRU\u00c1R 4 K\u00d6Z\u00d6TT - Stuttgarti Katolikusok\" \/>\n<meta property=\"og:description\" content=\"Programel\u0151zetes \u00a0* Febru\u00e1r 2-\u00e1n, p\u00e9nteken, Weingartenben, a 14 Nothelfer Kapelle-ben 10.00 \u00f3rakor szentmise, el\u0151tte r\u00f3zsaf\u00fcz\u00e9rt im\u00e1dkozunk. Gyertyaszentel\u0151 Boldogasszony \u00fcnnepe, szentmise v\u00e9gezt\u00e9vel Bal\u00e1zs-\u00e1ld\u00e1s, Stuttgartban 18.00 \u00f3rakor szentmise, el\u0151tte r\u00f3zsaf\u00fcz\u00e9rt im\u00e1dkozunk. Gyertyaszentel\u0151 Boldogasszony \u00fcnnepe, szentmise v\u00e9gezt\u00e9vel Bal\u00e1zs-\u00e1ld\u00e1s. \u00a0* Febru\u00e1r 3-\u00e1n, szombaton,\u00a0Balingenben 16.00 \u00f3rakor b\u00facs\u00fas-szentmise, Szent Magyar P\u00e1l, a k\u00f6z\u00f6ss\u00e9g v\u00e9d\u0151szentje, ut\u00e1na agap\u00e9. * Febru\u00e1r 4-\u00e9n, \u00c9vk\u00f6zi 5. vas\u00e1rnap, Schw\u00e4bisch-Gm\u00fcndben 9.30 \u00f3rakor szentmise, gyertyaszentel\u00e9s \u00e9s Bal\u00e1zs-\u00e1ld\u00e1s, ut\u00e1na agap\u00e9, Stuttgartban 15.00 \u00f3rakor gyermek-istentisztelet, szentmise, gyertyaszentel\u00e9s, Bal\u00e1zs-\u00e1ld\u00e1s, ut\u00e1na k\u00f6z\u00f6s farsang a k\u00f6z\u00f6ss\u00e9gi teremben. Vend\u00e9g\u00fcnk \u00e9rkezik Ft. Pask\u00f3 Csaba atya szem\u00e9ly\u00e9ben. Stuttgartban febru\u00e1r h\u00f3nap elej\u00e9n nemzetk\u00f6zi f\u0151z\u0151 versenyen\u00a0 vesz r\u00e9szt csapat\u00e1val egy\u00fctt. 1975-ben sz\u00fcletett Szabadk\u00e1n.\u00a0 A P\u00e9csi Hittudom\u00e1nyi F\u0151iskol\u00e1n\u00a0 1999-ben lelkip\u00e1sztork\u00e9nt v\u00e9gzett. 2000 \u00f3ta a Szabadkai Egyh\u00e1zmegye felszentelt papja. 1999 \u0151sz\u00e9t\u0151l a Grazi Zenem\u0171v\u00e9szeti Egyetem Egyh\u00e1zzenei Tanszakon\u00a0tanult, ahol 2003-ban diplom\u00e1zott vez\u00e9nyl\u00e9sb\u0151l \u00e9s orgon\u00e1b\u00f3l. Ugyanott 2005-ben\u00a0 sikeresen befejezte posztgradu\u00e1lis k\u00e9pz\u00e9s\u00e9t\u00a0 gergelykor\u00e1lis \u00e9s vez\u00e9nyl\u00e9s t\u00e9mak\u00f6r\u00f6kben. 2001-t\u0151l tagja a Nemzetk\u00f6zi Himnol\u00f3giai T\u00e1rsas\u00e1gnak (IAH). 2003-t\u00f3l a szabadkai bazilika karnagya \u00e9s zenei koordin\u00e1tora, valamint a Pro Musica Kamarak\u00f3rus karnagya. 2005-t\u0151l tagja a Nemzetk\u00f6zi Gregori\u00e1n t\u00e1rsas\u00e1gnak. Ugyanabban az \u00e9vben nevezt\u00e9k ki a szabadkai sz\u00e9kesegyh\u00e1z Regens Chorij\u00e1v\u00e1, az egyh\u00e1zmegye zenei igazgat\u00f3j\u00e1v\u00e1. A r\u00e9gi\u00f3 egyetlen gregori\u00e1n \u00e9nekegy\u00fcttes\u00e9nek alap\u00edt\u00f3ja. T\u00f6bb alkalommal is vez\u00e9nyelte a Szabadkai Filharm\u00f3ni\u00e1t.\u00a0 2008-t\u00f3l a szabadkai Zeneiskola tan\u00e1ra.\u00a0 2014-t\u0151l a Magyar Nemzeti Tan\u00e1cs \u00e9s a V\u00e9grehajt\u00f3\u00a0Bizotts\u00e1g\u00e1nak tagja. A Vajdas\u00e1gi Pax Romana civil szervezet, valamint a kelebiai Ga\u00e1l Ferenc Magyar M\u0171vel\u0151d\u00e9si Egyes\u00fclet eln\u00f6ke, 2013 \u00f3ta az egyh\u00e1zmegye Caritas j\u00f3t\u00e9konys\u00e1gi szervezet\u00e9nek eln\u00f6ke.\u00a0 Papi, zenei, zenepedag\u00f3giai tev\u00e9kenys\u00e9g\u00e9n t\u00fal fontos szerepet j\u00e1tszik \u00e9let\u00e9ben a gasztron\u00f3mia. 2014-ben okleveles szak\u00e1cs lett. K\u00e9t szak\u00e1csk\u00f6nyv, mesterkurzus, tov\u00e1bbk\u00e9pz\u00e9s \u00e9s elismer\u00e9s jellemzi tev\u00e9kenys\u00e9g\u00e9t.\u00a0 2016-ban tiszteletbeli tagja lett a N\u00e1dor Istv\u00e1n Borlovagrendnek, a gasztron\u00f3mi\u00e1ban \u00e9s a finom borok n\u00e9pszer\u0171s\u00edt\u00e9s\u00e9ben el\u00e9rt eredm\u00e9nyei\u00e9rt.\u00a0 2015-ben megkapta az Arany B\u00e1r\u00e1ny rendfokozatot, a magyar gasztron\u00f3mia nagyk\u00f6vete c\u00edmet, a gasztron\u00f3mi\u00e1ban v\u00e9gzett tev\u00e9kenys\u00e9g\u00e9\u00e9rt.\u00a0 2018-ban a Magyar Nemzeti Gasztron\u00f3miai Sz\u00f6vets\u00e9g nevezi \u00e9s k\u00fcldi Luxenburgba a Culinary World Cup, szak\u00e1csok vil\u00e1gbajnoks\u00e1g\u00e1ra.\u00a0 Zenei... R\u00e9szletek\" \/>\n<meta property=\"og:url\" content=\"https:\/\/stuttgarti-katolikusok.de\/index.php\/2024-januar-29-es-februar-4-kozott\/\" \/>\n<meta property=\"og:site_name\" content=\"Stuttgarti Katolikusok\" \/>\n<meta property=\"article:published_time\" content=\"2024-01-29T22:25:33+00:00\" \/>\n<meta property=\"article:modified_time\" content=\"2025-01-27T21:16:09+00:00\" \/>\n<meta property=\"og:image\" content=\"https:\/\/stuttgarti-katolikusok.de\/wp-content\/uploads\/2024\/01\/magyar-kurir-urunk-bemutatasa.jpeg\" \/>\n\t<meta property=\"og:image:width\" content=\"1024\" \/>\n\t<meta property=\"og:image:height\" content=\"680\" \/>\n\t<meta property=\"og:image:type\" content=\"image\/jpeg\" \/>\n<meta name=\"author\" content=\"Tibor atya\" \/>\n<meta name=\"twitter:card\" content=\"summary_large_image\" \/>\n<meta name=\"twitter:label1\" content=\"Szerz\u0151:\" \/>\n\t<meta name=\"twitter:data1\" content=\"Tibor atya\" \/>\n\t<meta name=\"twitter:label2\" content=\"Becs\u00fclt olvas\u00e1si id\u0151\" \/>\n\t<meta name=\"twitter:data2\" content=\"4 perc\" \/>\n<script type=\"application\/ld+json\" class=\"yoast-schema-graph\">{\"@context\":\"https:\\\/\\\/schema.org\",\"@graph\":[{\"@type\":\"Article\",\"@id\":\"https:\\\/\\\/stuttgarti-katolikusok.de\\\/index.php\\\/2024-januar-29-es-februar-4-kozott\\\/#article\",\"isPartOf\":{\"@id\":\"https:\\\/\\\/stuttgarti-katolikusok.de\\\/index.php\\\/2024-januar-29-es-februar-4-kozott\\\/\"},\"author\":{\"name\":\"Tibor atya\",\"@id\":\"https:\\\/\\\/stuttgarti-katolikusok.de\\\/#\\\/schema\\\/person\\\/75908d6f8fdc03a57889d27209df7795\"},\"headline\":\"2024 JANU\u00c1R 29 \u00c9S FEBRU\u00c1R 4 K\u00d6Z\u00d6TT\",\"datePublished\":\"2024-01-29T22:25:33+00:00\",\"dateModified\":\"2025-01-27T21:16:09+00:00\",\"mainEntityOfPage\":{\"@id\":\"https:\\\/\\\/stuttgarti-katolikusok.de\\\/index.php\\\/2024-januar-29-es-februar-4-kozott\\\/\"},\"wordCount\":773,\"image\":{\"@id\":\"https:\\\/\\\/stuttgarti-katolikusok.de\\\/index.php\\\/2024-januar-29-es-februar-4-kozott\\\/#primaryimage\"},\"thumbnailUrl\":\"https:\\\/\\\/stuttgarti-katolikusok.de\\\/wp-content\\\/uploads\\\/2024\\\/01\\\/magyar-kurir-urunk-bemutatasa.jpeg\",\"articleSection\":[\"Progamel\u0151zetes\"],\"inLanguage\":\"hu\"},{\"@type\":\"WebPage\",\"@id\":\"https:\\\/\\\/stuttgarti-katolikusok.de\\\/index.php\\\/2024-januar-29-es-februar-4-kozott\\\/\",\"url\":\"https:\\\/\\\/stuttgarti-katolikusok.de\\\/index.php\\\/2024-januar-29-es-februar-4-kozott\\\/\",\"name\":\"2024 JANU\u00c1R 29 \u00c9S FEBRU\u00c1R 4 K\u00d6Z\u00d6TT - Stuttgarti Katolikusok\",\"isPartOf\":{\"@id\":\"https:\\\/\\\/stuttgarti-katolikusok.de\\\/#website\"},\"primaryImageOfPage\":{\"@id\":\"https:\\\/\\\/stuttgarti-katolikusok.de\\\/index.php\\\/2024-januar-29-es-februar-4-kozott\\\/#primaryimage\"},\"image\":{\"@id\":\"https:\\\/\\\/stuttgarti-katolikusok.de\\\/index.php\\\/2024-januar-29-es-februar-4-kozott\\\/#primaryimage\"},\"thumbnailUrl\":\"https:\\\/\\\/stuttgarti-katolikusok.de\\\/wp-content\\\/uploads\\\/2024\\\/01\\\/magyar-kurir-urunk-bemutatasa.jpeg\",\"datePublished\":\"2024-01-29T22:25:33+00:00\",\"dateModified\":\"2025-01-27T21:16:09+00:00\",\"author\":{\"@id\":\"https:\\\/\\\/stuttgarti-katolikusok.de\\\/#\\\/schema\\\/person\\\/75908d6f8fdc03a57889d27209df7795\"},\"breadcrumb\":{\"@id\":\"https:\\\/\\\/stuttgarti-katolikusok.de\\\/index.php\\\/2024-januar-29-es-februar-4-kozott\\\/#breadcrumb\"},\"inLanguage\":\"hu\",\"potentialAction\":[{\"@type\":\"ReadAction\",\"target\":[\"https:\\\/\\\/stuttgarti-katolikusok.de\\\/index.php\\\/2024-januar-29-es-februar-4-kozott\\\/\"]}]},{\"@type\":\"ImageObject\",\"inLanguage\":\"hu\",\"@id\":\"https:\\\/\\\/stuttgarti-katolikusok.de\\\/index.php\\\/2024-januar-29-es-februar-4-kozott\\\/#primaryimage\",\"url\":\"https:\\\/\\\/stuttgarti-katolikusok.de\\\/wp-content\\\/uploads\\\/2024\\\/01\\\/magyar-kurir-urunk-bemutatasa.jpeg\",\"contentUrl\":\"https:\\\/\\\/stuttgarti-katolikusok.de\\\/wp-content\\\/uploads\\\/2024\\\/01\\\/magyar-kurir-urunk-bemutatasa.jpeg\",\"width\":1024,\"height\":680},{\"@type\":\"BreadcrumbList\",\"@id\":\"https:\\\/\\\/stuttgarti-katolikusok.de\\\/index.php\\\/2024-januar-29-es-februar-4-kozott\\\/#breadcrumb\",\"itemListElement\":[{\"@type\":\"ListItem\",\"position\":1,\"name\":\"Kezd\u0151lap\",\"item\":\"https:\\\/\\\/stuttgarti-katolikusok.de\\\/\"},{\"@type\":\"ListItem\",\"position\":2,\"name\":\"2024 JANU\u00c1R 29 \u00c9S FEBRU\u00c1R 4 K\u00d6Z\u00d6TT\"}]},{\"@type\":\"WebSite\",\"@id\":\"https:\\\/\\\/stuttgarti-katolikusok.de\\\/#website\",\"url\":\"https:\\\/\\\/stuttgarti-katolikusok.de\\\/\",\"name\":\"Stuttgarti Katolikusok\",\"description\":\"\",\"potentialAction\":[{\"@type\":\"SearchAction\",\"target\":{\"@type\":\"EntryPoint\",\"urlTemplate\":\"https:\\\/\\\/stuttgarti-katolikusok.de\\\/?s={search_term_string}\"},\"query-input\":{\"@type\":\"PropertyValueSpecification\",\"valueRequired\":true,\"valueName\":\"search_term_string\"}}],\"inLanguage\":\"hu\"},{\"@type\":\"Person\",\"@id\":\"https:\\\/\\\/stuttgarti-katolikusok.de\\\/#\\\/schema\\\/person\\\/75908d6f8fdc03a57889d27209df7795\",\"name\":\"Tibor atya\",\"image\":{\"@type\":\"ImageObject\",\"inLanguage\":\"hu\",\"@id\":\"https:\\\/\\\/secure.gravatar.com\\\/avatar\\\/61d268e57d1f4525b111222e29d2d5a7f8c420fdbf231ba5566a8ceac74fa960?s=96&d=mm&r=g\",\"url\":\"https:\\\/\\\/secure.gravatar.com\\\/avatar\\\/61d268e57d1f4525b111222e29d2d5a7f8c420fdbf231ba5566a8ceac74fa960?s=96&d=mm&r=g\",\"contentUrl\":\"https:\\\/\\\/secure.gravatar.com\\\/avatar\\\/61d268e57d1f4525b111222e29d2d5a7f8c420fdbf231ba5566a8ceac74fa960?s=96&d=mm&r=g\",\"caption\":\"Tibor atya\"},\"url\":\"https:\\\/\\\/stuttgarti-katolikusok.de\\\/index.php\\\/author\\\/tibor-atya\\\/\"}]}<\/script>\n<!-- \/ Yoast SEO plugin. -->","yoast_head_json":{"title":"2024 JANU\u00c1R 29 \u00c9S FEBRU\u00c1R 4 K\u00d6Z\u00d6TT - Stuttgarti Katolikusok","robots":{"index":"index","follow":"follow","max-snippet":"max-snippet:-1","max-image-preview":"max-image-preview:large","max-video-preview":"max-video-preview:-1"},"canonical":"https:\/\/stuttgarti-katolikusok.de\/index.php\/2024-januar-29-es-februar-4-kozott\/","og_locale":"hu_HU","og_type":"article","og_title":"2024 JANU\u00c1R 29 \u00c9S FEBRU\u00c1R 4 K\u00d6Z\u00d6TT - Stuttgarti Katolikusok","og_description":"Programel\u0151zetes \u00a0* Febru\u00e1r 2-\u00e1n, p\u00e9nteken, Weingartenben, a 14 Nothelfer Kapelle-ben 10.00 \u00f3rakor szentmise, el\u0151tte r\u00f3zsaf\u00fcz\u00e9rt im\u00e1dkozunk. Gyertyaszentel\u0151 Boldogasszony \u00fcnnepe, szentmise v\u00e9gezt\u00e9vel Bal\u00e1zs-\u00e1ld\u00e1s, Stuttgartban 18.00 \u00f3rakor szentmise, el\u0151tte r\u00f3zsaf\u00fcz\u00e9rt im\u00e1dkozunk. Gyertyaszentel\u0151 Boldogasszony \u00fcnnepe, szentmise v\u00e9gezt\u00e9vel Bal\u00e1zs-\u00e1ld\u00e1s. \u00a0* Febru\u00e1r 3-\u00e1n, szombaton,\u00a0Balingenben 16.00 \u00f3rakor b\u00facs\u00fas-szentmise, Szent Magyar P\u00e1l, a k\u00f6z\u00f6ss\u00e9g v\u00e9d\u0151szentje, ut\u00e1na agap\u00e9. * Febru\u00e1r 4-\u00e9n, \u00c9vk\u00f6zi 5. vas\u00e1rnap, Schw\u00e4bisch-Gm\u00fcndben 9.30 \u00f3rakor szentmise, gyertyaszentel\u00e9s \u00e9s Bal\u00e1zs-\u00e1ld\u00e1s, ut\u00e1na agap\u00e9, Stuttgartban 15.00 \u00f3rakor gyermek-istentisztelet, szentmise, gyertyaszentel\u00e9s, Bal\u00e1zs-\u00e1ld\u00e1s, ut\u00e1na k\u00f6z\u00f6s farsang a k\u00f6z\u00f6ss\u00e9gi teremben. Vend\u00e9g\u00fcnk \u00e9rkezik Ft. Pask\u00f3 Csaba atya szem\u00e9ly\u00e9ben. Stuttgartban febru\u00e1r h\u00f3nap elej\u00e9n nemzetk\u00f6zi f\u0151z\u0151 versenyen\u00a0 vesz r\u00e9szt csapat\u00e1val egy\u00fctt. 1975-ben sz\u00fcletett Szabadk\u00e1n.\u00a0 A P\u00e9csi Hittudom\u00e1nyi F\u0151iskol\u00e1n\u00a0 1999-ben lelkip\u00e1sztork\u00e9nt v\u00e9gzett. 2000 \u00f3ta a Szabadkai Egyh\u00e1zmegye felszentelt papja. 1999 \u0151sz\u00e9t\u0151l a Grazi Zenem\u0171v\u00e9szeti Egyetem Egyh\u00e1zzenei Tanszakon\u00a0tanult, ahol 2003-ban diplom\u00e1zott vez\u00e9nyl\u00e9sb\u0151l \u00e9s orgon\u00e1b\u00f3l. Ugyanott 2005-ben\u00a0 sikeresen befejezte posztgradu\u00e1lis k\u00e9pz\u00e9s\u00e9t\u00a0 gergelykor\u00e1lis \u00e9s vez\u00e9nyl\u00e9s t\u00e9mak\u00f6r\u00f6kben. 2001-t\u0151l tagja a Nemzetk\u00f6zi Himnol\u00f3giai T\u00e1rsas\u00e1gnak (IAH). 2003-t\u00f3l a szabadkai bazilika karnagya \u00e9s zenei koordin\u00e1tora, valamint a Pro Musica Kamarak\u00f3rus karnagya. 2005-t\u0151l tagja a Nemzetk\u00f6zi Gregori\u00e1n t\u00e1rsas\u00e1gnak. Ugyanabban az \u00e9vben nevezt\u00e9k ki a szabadkai sz\u00e9kesegyh\u00e1z Regens Chorij\u00e1v\u00e1, az egyh\u00e1zmegye zenei igazgat\u00f3j\u00e1v\u00e1. A r\u00e9gi\u00f3 egyetlen gregori\u00e1n \u00e9nekegy\u00fcttes\u00e9nek alap\u00edt\u00f3ja. T\u00f6bb alkalommal is vez\u00e9nyelte a Szabadkai Filharm\u00f3ni\u00e1t.\u00a0 2008-t\u00f3l a szabadkai Zeneiskola tan\u00e1ra.\u00a0 2014-t\u0151l a Magyar Nemzeti Tan\u00e1cs \u00e9s a V\u00e9grehajt\u00f3\u00a0Bizotts\u00e1g\u00e1nak tagja. A Vajdas\u00e1gi Pax Romana civil szervezet, valamint a kelebiai Ga\u00e1l Ferenc Magyar M\u0171vel\u0151d\u00e9si Egyes\u00fclet eln\u00f6ke, 2013 \u00f3ta az egyh\u00e1zmegye Caritas j\u00f3t\u00e9konys\u00e1gi szervezet\u00e9nek eln\u00f6ke.\u00a0 Papi, zenei, zenepedag\u00f3giai tev\u00e9kenys\u00e9g\u00e9n t\u00fal fontos szerepet j\u00e1tszik \u00e9let\u00e9ben a gasztron\u00f3mia. 2014-ben okleveles szak\u00e1cs lett. K\u00e9t szak\u00e1csk\u00f6nyv, mesterkurzus, tov\u00e1bbk\u00e9pz\u00e9s \u00e9s elismer\u00e9s jellemzi tev\u00e9kenys\u00e9g\u00e9t.\u00a0 2016-ban tiszteletbeli tagja lett a N\u00e1dor Istv\u00e1n Borlovagrendnek, a gasztron\u00f3mi\u00e1ban \u00e9s a finom borok n\u00e9pszer\u0171s\u00edt\u00e9s\u00e9ben el\u00e9rt eredm\u00e9nyei\u00e9rt.\u00a0 2015-ben megkapta az Arany B\u00e1r\u00e1ny rendfokozatot, a magyar gasztron\u00f3mia nagyk\u00f6vete c\u00edmet, a gasztron\u00f3mi\u00e1ban v\u00e9gzett tev\u00e9kenys\u00e9g\u00e9\u00e9rt.\u00a0 2018-ban a Magyar Nemzeti Gasztron\u00f3miai Sz\u00f6vets\u00e9g nevezi \u00e9s k\u00fcldi Luxenburgba a Culinary World Cup, szak\u00e1csok vil\u00e1gbajnoks\u00e1g\u00e1ra.\u00a0 Zenei... R\u00e9szletek","og_url":"https:\/\/stuttgarti-katolikusok.de\/index.php\/2024-januar-29-es-februar-4-kozott\/","og_site_name":"Stuttgarti Katolikusok","article_published_time":"2024-01-29T22:25:33+00:00","article_modified_time":"2025-01-27T21:16:09+00:00","og_image":[{"width":1024,"height":680,"url":"https:\/\/stuttgarti-katolikusok.de\/wp-content\/uploads\/2024\/01\/magyar-kurir-urunk-bemutatasa.jpeg","type":"image\/jpeg"}],"author":"Tibor atya","twitter_card":"summary_large_image","twitter_misc":{"Szerz\u0151:":"Tibor atya","Becs\u00fclt olvas\u00e1si id\u0151":"4 perc"},"schema":{"@context":"https:\/\/schema.org","@graph":[{"@type":"Article","@id":"https:\/\/stuttgarti-katolikusok.de\/index.php\/2024-januar-29-es-februar-4-kozott\/#article","isPartOf":{"@id":"https:\/\/stuttgarti-katolikusok.de\/index.php\/2024-januar-29-es-februar-4-kozott\/"},"author":{"name":"Tibor atya","@id":"https:\/\/stuttgarti-katolikusok.de\/#\/schema\/person\/75908d6f8fdc03a57889d27209df7795"},"headline":"2024 JANU\u00c1R 29 \u00c9S FEBRU\u00c1R 4 K\u00d6Z\u00d6TT","datePublished":"2024-01-29T22:25:33+00:00","dateModified":"2025-01-27T21:16:09+00:00","mainEntityOfPage":{"@id":"https:\/\/stuttgarti-katolikusok.de\/index.php\/2024-januar-29-es-februar-4-kozott\/"},"wordCount":773,"image":{"@id":"https:\/\/stuttgarti-katolikusok.de\/index.php\/2024-januar-29-es-februar-4-kozott\/#primaryimage"},"thumbnailUrl":"https:\/\/stuttgarti-katolikusok.de\/wp-content\/uploads\/2024\/01\/magyar-kurir-urunk-bemutatasa.jpeg","articleSection":["Progamel\u0151zetes"],"inLanguage":"hu"},{"@type":"WebPage","@id":"https:\/\/stuttgarti-katolikusok.de\/index.php\/2024-januar-29-es-februar-4-kozott\/","url":"https:\/\/stuttgarti-katolikusok.de\/index.php\/2024-januar-29-es-februar-4-kozott\/","name":"2024 JANU\u00c1R 29 \u00c9S FEBRU\u00c1R 4 K\u00d6Z\u00d6TT - Stuttgarti Katolikusok","isPartOf":{"@id":"https:\/\/stuttgarti-katolikusok.de\/#website"},"primaryImageOfPage":{"@id":"https:\/\/stuttgarti-katolikusok.de\/index.php\/2024-januar-29-es-februar-4-kozott\/#primaryimage"},"image":{"@id":"https:\/\/stuttgarti-katolikusok.de\/index.php\/2024-januar-29-es-februar-4-kozott\/#primaryimage"},"thumbnailUrl":"https:\/\/stuttgarti-katolikusok.de\/wp-content\/uploads\/2024\/01\/magyar-kurir-urunk-bemutatasa.jpeg","datePublished":"2024-01-29T22:25:33+00:00","dateModified":"2025-01-27T21:16:09+00:00","author":{"@id":"https:\/\/stuttgarti-katolikusok.de\/#\/schema\/person\/75908d6f8fdc03a57889d27209df7795"},"breadcrumb":{"@id":"https:\/\/stuttgarti-katolikusok.de\/index.php\/2024-januar-29-es-februar-4-kozott\/#breadcrumb"},"inLanguage":"hu","potentialAction":[{"@type":"ReadAction","target":["https:\/\/stuttgarti-katolikusok.de\/index.php\/2024-januar-29-es-februar-4-kozott\/"]}]},{"@type":"ImageObject","inLanguage":"hu","@id":"https:\/\/stuttgarti-katolikusok.de\/index.php\/2024-januar-29-es-februar-4-kozott\/#primaryimage","url":"https:\/\/stuttgarti-katolikusok.de\/wp-content\/uploads\/2024\/01\/magyar-kurir-urunk-bemutatasa.jpeg","contentUrl":"https:\/\/stuttgarti-katolikusok.de\/wp-content\/uploads\/2024\/01\/magyar-kurir-urunk-bemutatasa.jpeg","width":1024,"height":680},{"@type":"BreadcrumbList","@id":"https:\/\/stuttgarti-katolikusok.de\/index.php\/2024-januar-29-es-februar-4-kozott\/#breadcrumb","itemListElement":[{"@type":"ListItem","position":1,"name":"Kezd\u0151lap","item":"https:\/\/stuttgarti-katolikusok.de\/"},{"@type":"ListItem","position":2,"name":"2024 JANU\u00c1R 29 \u00c9S FEBRU\u00c1R 4 K\u00d6Z\u00d6TT"}]},{"@type":"WebSite","@id":"https:\/\/stuttgarti-katolikusok.de\/#website","url":"https:\/\/stuttgarti-katolikusok.de\/","name":"Stuttgarti Katolikusok","description":"","potentialAction":[{"@type":"SearchAction","target":{"@type":"EntryPoint","urlTemplate":"https:\/\/stuttgarti-katolikusok.de\/?s={search_term_string}"},"query-input":{"@type":"PropertyValueSpecification","valueRequired":true,"valueName":"search_term_string"}}],"inLanguage":"hu"},{"@type":"Person","@id":"https:\/\/stuttgarti-katolikusok.de\/#\/schema\/person\/75908d6f8fdc03a57889d27209df7795","name":"Tibor atya","image":{"@type":"ImageObject","inLanguage":"hu","@id":"https:\/\/secure.gravatar.com\/avatar\/61d268e57d1f4525b111222e29d2d5a7f8c420fdbf231ba5566a8ceac74fa960?s=96&d=mm&r=g","url":"https:\/\/secure.gravatar.com\/avatar\/61d268e57d1f4525b111222e29d2d5a7f8c420fdbf231ba5566a8ceac74fa960?s=96&d=mm&r=g","contentUrl":"https:\/\/secure.gravatar.com\/avatar\/61d268e57d1f4525b111222e29d2d5a7f8c420fdbf231ba5566a8ceac74fa960?s=96&d=mm&r=g","caption":"Tibor atya"},"url":"https:\/\/stuttgarti-katolikusok.de\/index.php\/author\/tibor-atya\/"}]}},"_links":{"self":[{"href":"https:\/\/stuttgarti-katolikusok.de\/index.php\/wp-json\/wp\/v2\/posts\/28280","targetHints":{"allow":["GET"]}}],"collection":[{"href":"https:\/\/stuttgarti-katolikusok.de\/index.php\/wp-json\/wp\/v2\/posts"}],"about":[{"href":"https:\/\/stuttgarti-katolikusok.de\/index.php\/wp-json\/wp\/v2\/types\/post"}],"author":[{"embeddable":true,"href":"https:\/\/stuttgarti-katolikusok.de\/index.php\/wp-json\/wp\/v2\/users\/3"}],"replies":[{"embeddable":true,"href":"https:\/\/stuttgarti-katolikusok.de\/index.php\/wp-json\/wp\/v2\/comments?post=28280"}],"version-history":[{"count":4,"href":"https:\/\/stuttgarti-katolikusok.de\/index.php\/wp-json\/wp\/v2\/posts\/28280\/revisions"}],"predecessor-version":[{"id":30190,"href":"https:\/\/stuttgarti-katolikusok.de\/index.php\/wp-json\/wp\/v2\/posts\/28280\/revisions\/30190"}],"wp:featuredmedia":[{"embeddable":true,"href":"https:\/\/stuttgarti-katolikusok.de\/index.php\/wp-json\/wp\/v2\/media\/30189"}],"wp:attachment":[{"href":"https:\/\/stuttgarti-katolikusok.de\/index.php\/wp-json\/wp\/v2\/media?parent=28280"}],"wp:term":[{"taxonomy":"category","embeddable":true,"href":"https:\/\/stuttgarti-katolikusok.de\/index.php\/wp-json\/wp\/v2\/categories?post=28280"},{"taxonomy":"post_tag","embeddable":true,"href":"https:\/\/stuttgarti-katolikusok.de\/index.php\/wp-json\/wp\/v2\/tags?post=28280"}],"curies":[{"name":"wp","href":"https:\/\/api.w.org\/{rel}","templated":true}]}}