{"id":28275,"date":"2024-01-27T11:11:13","date_gmt":"2024-01-27T10:11:13","guid":{"rendered":"https:\/\/stuttgarti-katolikusok.de\/?p=28275"},"modified":"2024-01-27T11:11:13","modified_gmt":"2024-01-27T10:11:13","slug":"evkozi-4-vasarnap-3","status":"publish","type":"post","link":"https:\/\/stuttgarti-katolikusok.de\/index.php\/evkozi-4-vasarnap-3\/","title":{"rendered":"\u00c9vk\u00f6zi 4. vas\u00e1rnap"},"content":{"rendered":"<p><span style=\"color: #ff6600;\"><em>Az \u00e9vk\u00f6zi 4. vas\u00e1rnap szent\u00edr\u00e1sai szakaszai ism\u00e9telten fontos k\u00e9rd\u00e9sekkel szembes\u00edt benn\u00fcnket.<\/em><\/span><\/p>\n<p><span style=\"color: #ff6600;\"><em>Az olvasm\u00e1ny a sz\u00f3 hatalm\u00e1r\u00f3l \u00e9s benne rejl\u0151 er\u0151r\u0151l sz\u00f3l. A pr\u00f3f\u00e9ta feladata k\u00f6zvet\u00edteni Isten akarat\u00e1t. Amennyiben nem hallgatnak r\u00e1, nincs felel\u0151ss\u00e9ge. Ellenben sz\u00e1mon lehet k\u00e9rni, ha nem tesz eleget feladat\u00e1nak, illetve ha megm\u00e1s\u00edtja a tan\u00edt\u00e1st.\u00a0<\/em><\/span><\/p>\n<p><span style=\"color: #ff6600;\"><em>A szentlecke \u00fczenete is vil\u00e1gos \u00e9s egy\u00e9rtelm\u0171. \u00c1llapotb\u00e9li feladataink felel\u0151ss\u00e9g\u00e9r\u0151l sz\u00f3l. Amennyiben igent mondunk egy szolg\u00e1latra, jogainkon t\u00fal k\u00f6teless\u00e9geink vannak. A v\u00e1llalt k\u00fcldet\u00e9s\u00fcnkben megnyilv\u00e1nul\u00f3 felel\u0151ss\u00e9g!<\/em><\/span><\/p>\n<p><span style=\"color: #ff6600;\"><em>Az evang\u00e9liumi r\u00e9sz pedig egy p\u00e1rbesz\u00e9d J\u00e9zus Krisztus \u00e9s a tiszt\u00e1talan l\u00e9lek k\u00f6z\u00f6tt. Az \u00fczenet vil\u00e1gos: nincs alku! A gonosz l\u00e9lek jelenl\u00e9t\u00e9nek \u00e9s harc\u00e1nak mi is tan\u00fai vagyunk. R\u00e9szemr\u0151l, hisz erre J\u00e9zus Krisztus mutatott p\u00e9ld\u00e1t, nincs lehet\u0151s\u00e9g megalkuv\u00e1sra!<\/em><\/span><\/p>\n<p><span style=\"color: #339966;\"><strong>OLVASM\u00c1NY M\u00f3zes \u00f6t\u00f6dik k\u00f6nyv\u00e9b\u0151l (MT\u00f6rv 18,15-20)<\/strong><\/span><br \/>\nMo\u00e1b mezej\u00e9n M\u00f3zes \u00edgy besz\u00e9lt a n\u00e9phez: \u201eAz \u00dar, a te Istened hozz\u00e1m hasonl\u00f3 pr\u00f3f\u00e9t\u00e1t t\u00e1maszt neked, a te k\u00f6r\u00f6db\u0151l, testv\u00e9reid k\u00f6z\u00fcl; \u0151r\u00e1 hallgassatok. Hiszen ezt k\u00edv\u00e1ntad az \u00dart\u00f3l, a te Istenedt\u0151l H\u00f3reb (hegy\u00e9n), az egybegy\u0171l\u00e9s napj\u00e1n, mikor azt mondtad: \u00bbNem hallgatom tov\u00e1bb az \u00darnak, az \u00e9n Istenemnek hangj\u00e1t \u00e9s nem n\u00e9zem tov\u00e1bb ezt a hatalmas t\u00fczet, nehogy meghaljak.\u00ab<br \/>\nErre \u00edgy sz\u00f3lt hozz\u00e1m az \u00dar: \u00bbHelyesen besz\u00e9ltek. Pr\u00f3f\u00e9t\u00e1t t\u00e1masztok nekik testv\u00e9reik k\u00f6r\u00e9b\u0151l, mint t\u00e9ged; ajk\u00e1ra adom szavaimat, s \u0151 mindent tudtukra ad, amit parancsolok neki.<br \/>\nHa valaki nem hallgat szavaira, amelyeket az \u00e9n nevemben hirdet, akkor \u00e9n majd sz\u00e1mon k\u00e9rem t\u0151le. Annak a pr\u00f3f\u00e9t\u00e1nak pedig, aki egyetlen olyan sz\u00f3t is mer\u00e9szel hirdetni nevemben, amelynek hirdet\u00e9s\u00e9t nem b\u00edztam r\u00e1, meg kell halnia. Ugyan\u00edgy annak is, aki m\u00e1s istenek nev\u00e9ben besz\u00e9l.\u00ab<br \/>\nEz az Isten ig\u00e9je.<\/p>\n<p><span style=\"color: #339966;\"><strong>V\u00c1LASZOS ZSOLT\u00c1R (Zsolt 94,1-2.6-7.8-9)<\/strong><\/span><br \/>\nV\u00e1lasz:\u00a0<strong>B\u00e1r hallgatn\u00e1tok ma Isten\u00a0<u>sza<\/u>v\u00e1ra: * \u201eN\u00e9pem, ne l\u00e9gy ke<u>m\u00e9ny<\/u>\u00a0sz\u00edv\u0171.\u201d<\/strong>\u00a0(2. t\u00f3nus.)<br \/>\nEl\u0151\u00e9nekes: J\u00f6jjetek, \u00f6rvendezz\u00fcnk az\u00a0<u>\u00dar<\/u>nak, * \u00e9s ujjongjunk \u00fcdv\u00fcnk szikl\u00e1<u>ja<\/u>\u00a0el\u0151tt.<br \/>\nDics\u0151\u00edt\u0151 \u00e9nekkel l\u00e9pj\u00fcnk sz\u00edne\u00a0<u>e<\/u>l\u00e9, * magasztaljuk \u0151t zsol<u>t\u00e1rt<\/u>\u00a0zengve.<br \/>\nH\u00edvek:\u00a0<strong>B\u00e1r hallgatn\u00e1tok ma Isten\u00a0<u>sza<\/u>v\u00e1ra: * \u201eN\u00e9pem, ne l\u00e9gy ke<u>m\u00e9ny<\/u>\u00a0sz\u00edv\u0171.\u201d<\/strong><br \/>\nE: J\u00f6jjetek, boruljunk le, h\u00f3doljunk\u00a0<u>e<\/u>l\u0151tte, * hulljunk t\u00e9rdre Urunk, Alko<u>t\u00f3nk<\/u>\u00a0el\u0151tt.<br \/>\nMert \u0151 a mi\u00a0<u>Is<\/u>ten\u00fcnk, * mi pedig az \u0151 n\u00e9pe, \u00e9s kez\u00e9re b\u00edzott\u00a0<u>ny\u00e1j<\/u>\u00a0vagyunk.<br \/>\nH:\u00a0<strong>B\u00e1r hallgatn\u00e1tok ma Isten\u00a0<u>sza<\/u>v\u00e1ra: * \u201eN\u00e9pem, ne l\u00e9gy ke<u>m\u00e9ny<\/u>\u00a0sz\u00edv\u0171.\u201d<\/strong><br \/>\nE: B\u00e1rcsak hallgatn\u00e1tok ma az \u0151\u00a0<u>sza<\/u>v\u00e1ra: * \u201eNe kem\u00e9ny\u00edts\u00e9tek meg sz\u00ed<u>ve<\/u>teket,<br \/>\nmint egykor Merib\u00e1n\u00e1l, Massza napj\u00e1n a pusz<u>t\u00e1<\/u>ban, \u2020 ahol aty\u00e1itok megk\u00eds\u00e9rtettek\u00a0<u>en<\/u>gem, * pr\u00f3b\u00e1ra tettek, b\u00e1r l\u00e1tt\u00e1k sz\u00e1<u>mos<\/u>\u00a0csod\u00e1mat.\u201d<br \/>\nH:\u00a0<strong>B\u00e1r hallgatn\u00e1tok ma Isten\u00a0<u>sza<\/u>v\u00e1ra: * \u201eN\u00e9pem, ne l\u00e9gy ke<u>m\u00e9ny<\/u>\u00a0sz\u00edv\u0171.\u201d<\/strong><\/p>\n<p><span style=\"color: #339966;\"><strong>SZENTLECKE Szent P\u00e1l apostolnak a korintusiakhoz \u00edrt els\u0151 level\u00e9b\u0151l (1Kor 7,32-35)<\/strong><\/span><br \/>\nTestv\u00e9reim! Azt szeretn\u00e9m, ha mentesek voln\u00e1tok a gondokt\u00f3l. A n\u0151tlennek arra van gondja, ami az \u00dar\u00e9: hogyan j\u00e1rjon az \u00dar kedv\u00e9ben. A n\u0151s azonban vil\u00e1gi dolgokkal t\u00f6r\u0151dik: hogyan keresse feles\u00e9ge kedv\u00e9t, ez\u00e9rt meg van osztva. A nem h\u00e1zas asszony \u00e9s a sz\u0171z arra gondol, ami az \u00dar\u00e9, hogy testben \u00e9s l\u00e9lekben szent legyen, m\u00edg a f\u00e9rjes n\u0151t vil\u00e1gi gondok k\u00f6tik le: hogyan j\u00e1rjon f\u00e9rje kedv\u00e9ben. Ezt javatokra mondom, nem az\u00e9rt, hogy t\u0151rbe csaljalak, hanem hogy feddhetetlen \u00e9letre \u00e9s az \u00darhoz val\u00f3 osztatlan ragaszkod\u00e1sra seg\u00edtselek titeket.<br \/>\nEz az Isten ig\u00e9je.<\/p>\n<p><span style=\"color: #339966;\"><strong>ALLELUJA<\/strong><\/span><br \/>\nA s\u00f6t\u00e9ts\u00e9gben lak\u00f3 n\u00e9pre nagy\u00a0<u>f\u00e9<\/u>nyess\u00e9g \u00e1radt, * \u00e9s vil\u00e1goss\u00e1got l\u00e1ttak, akik a hal\u00e1l szomor\u00fa\u00a0<u>f\u00f6ld<\/u>j\u00e9n \u00e9ltek. (Mt 4,16 \u2013 1 D<sup>2<\/sup>\u00a0t\u00f3nus.)<\/p>\n<p><span style=\"color: #339966;\"><strong>\u2020 EVANG\u00c9LIUM Szent M\u00e1rk k\u00f6nyv\u00e9b\u0151l (Mk 1,21-28)<\/strong><\/span><br \/>\nKafarnaum v\u00e1ros\u00e1ban J\u00e9zus szombaton bement a zsinag\u00f3g\u00e1ba, \u00e9s tan\u00edtott. Mindenki nagyon csod\u00e1lkozott tan\u00edt\u00e1s\u00e1n, mert \u00fagy tan\u00edtotta \u0151ket, mint akinek hatalma van, \u00e9s nem \u00fagy, mint az \u00edr\u00e1stud\u00f3k.<br \/>\nA zsinag\u00f3g\u00e1ban volt egy ember, akit megsz\u00e1llt a tiszt\u00e1talan l\u00e9lek. Ez \u00edgy ki\u00e1ltott fel: \u201eMi k\u00f6z\u00fcnk egym\u00e1shoz, n\u00e1z\u00e1reti J\u00e9zus? Az\u00e9rt j\u00f6tt\u00e9l, hogy elpuszt\u00edts minket? Tudom, ki vagy: az Isten Szentje!\u201d<br \/>\nJ\u00e9zus r\u00e1parancsolt: \u201eHallgass el, \u00e9s menj ki bel\u0151le!\u201d A tiszt\u00e1talan l\u00e9lek erre \u00f6ssze-vissza r\u00e1ngatta az embert, azt\u00e1n nagy ki\u00e1lt\u00e1ssal kiment bel\u0151le.<br \/>\nMindenki nagyon megd\u00f6bbent. Az emberek egym\u00e1st k\u00e9rdezgett\u00e9k: \u201eMi ez? \u00daj tan\u00edt\u00e1s, \u00e9s milyen hatalmas! M\u00e9g a tiszt\u00e1talan lelkeknek is parancsol, \u00e9s azok engedelmeskednek neki!\u201d El is terjedt a h\u00edre hamarosan Galilea eg\u00e9sz vid\u00e9k\u00e9n.<br \/>\nEzek az evang\u00e9lium ig\u00e9i.<\/p>\n<p><span style=\"color: #339966;\"><strong>EGYETEMES K\u00d6NY\u00d6RG\u00c9SEK<\/strong><\/span><br \/>\nPap: Im\u00e1dkozzunk, testv\u00e9reim, hogy a Szentl\u00e9lek erej\u00e9vel mindenkor gy\u0151zedelmeskedj\u00fcnk test\u00fcnk \u00f6szt\u00f6nei felett!<br \/>\nLektor:<br \/>\n1. \u00d3vd meg, Urunk, a vil\u00e1got a zabol\u00e1tlan \u00f6szt\u00f6n\u00f6k \u00e9s a b\u0171n uralm\u00e1t\u00f3l!<br \/>\nH\u00edvek: K\u00e9r\u00fcnk T\u00e9ged, hallgass meg minket!<br \/>\n2. Tiszt\u00edtsd meg a Szentl\u00e9lek t\u00fcz\u00e9vel h\u00edveid sz\u00edv\u00e9t, hogy neked tetsz\u0151 \u00e9letet \u00e9ljenek!<br \/>\nH\u00edvek: K\u00e9r\u00fcnk T\u00e9ged, hallgass meg minket!<br \/>\n3. Add, hogy akik h\u00edv\u00e1sodra lemondtak a h\u00e1zas\u00e9letr\u0151l, szeretet\u00fckkel eg\u00e9sz Egyh\u00e1zadat szolg\u00e1lj\u00e1k!<br \/>\nH\u00edvek: K\u00e9r\u00fcnk T\u00e9ged, hallgass meg minket!<br \/>\n4. \u0150rizd meg a h\u00e1zast\u00e1rsakat h\u0171s\u00e9gben \u00e9s odaad\u00f3 szeretetben!<br \/>\nH\u00edvek: K\u00e9r\u00fcnk T\u00e9ged, hallgass meg minket!<br \/>\n5. Seg\u00edtsd ifj\u00fas\u00e1gunkat, hogy tiszta \u00e9lettel k\u00e9sz\u00fclj\u00f6n fel kereszt\u00e9ny hivat\u00e1s\u00e1ra!<br \/>\nH\u00edvek: K\u00e9r\u00fcnk T\u00e9ged, hallgass meg minket!<br \/>\nPap: Isten\u00fcnk, er\u0151s\u00edts meg minket kegyelmeddel, hogy feddhetetlen \u00e9let\u00fcnkkel mindig m\u00e9lt\u00f3k legy\u00fcnk kereszt\u00e9ny mivoltunkhoz! Krisztus, a mi Urunk \u00e1ltal.<br \/>\nH\u00edvek: \u00c1men.<\/p>\n<p><em>(K\u00e9p forr\u00e1sa: N\u00e9meti Gergely)<\/em><\/p>\n","protected":false},"excerpt":{"rendered":"<p>Az \u00e9vk\u00f6zi 4. vas\u00e1rnap szent\u00edr\u00e1sai szakaszai ism\u00e9telten fontos k\u00e9rd\u00e9sekkel szembes\u00edt benn\u00fcnket. Az olvasm\u00e1ny a sz\u00f3 hatalm\u00e1r\u00f3l \u00e9s benne rejl\u0151 er\u0151r\u0151l sz\u00f3l. A pr\u00f3f\u00e9ta feladata k\u00f6zvet\u00edteni Isten akarat\u00e1t. Amennyiben nem hallgatnak r\u00e1, nincs felel\u0151ss\u00e9ge. Ellenben sz\u00e1mon lehet k\u00e9rni, ha nem tesz eleget feladat\u00e1nak, illetve ha megm\u00e1s\u00edtja a tan\u00edt\u00e1st.\u00a0 A szentlecke \u00fczenete is vil\u00e1gos \u00e9s egy\u00e9rtelm\u0171. \u00c1llapotb\u00e9li feladataink felel\u0151ss\u00e9g\u00e9r\u0151l sz\u00f3l. Amennyiben igent mondunk egy szolg\u00e1latra, jogainkon t\u00fal k\u00f6teless\u00e9geink vannak. A v\u00e1llalt k\u00fcldet\u00e9s\u00fcnkben megnyilv\u00e1nul\u00f3 felel\u0151ss\u00e9g! Az evang\u00e9liumi r\u00e9sz pedig egy p\u00e1rbesz\u00e9d J\u00e9zus Krisztus \u00e9s a tiszt\u00e1talan l\u00e9lek k\u00f6z\u00f6tt. Az \u00fczenet vil\u00e1gos: nincs alku! A gonosz l\u00e9lek jelenl\u00e9t\u00e9nek \u00e9s harc\u00e1nak mi is tan\u00fai vagyunk. R\u00e9szemr\u0151l, hisz erre J\u00e9zus Krisztus mutatott p\u00e9ld\u00e1t, nincs lehet\u0151s\u00e9g megalkuv\u00e1sra! OLVASM\u00c1NY M\u00f3zes \u00f6t\u00f6dik k\u00f6nyv\u00e9b\u0151l (MT\u00f6rv 18,15-20) Mo\u00e1b mezej\u00e9n M\u00f3zes \u00edgy besz\u00e9lt a n\u00e9phez: \u201eAz \u00dar, a te Istened hozz\u00e1m hasonl\u00f3 pr\u00f3f\u00e9t\u00e1t t\u00e1maszt neked, a te k\u00f6r\u00f6db\u0151l, testv\u00e9reid k\u00f6z\u00fcl; \u0151r\u00e1 hallgassatok. Hiszen ezt k\u00edv\u00e1ntad az \u00dart\u00f3l, a te Istenedt\u0151l H\u00f3reb (hegy\u00e9n), az egybegy\u0171l\u00e9s napj\u00e1n, mikor azt mondtad: \u00bbNem hallgatom tov\u00e1bb az \u00darnak, az \u00e9n Istenemnek hangj\u00e1t \u00e9s nem n\u00e9zem tov\u00e1bb ezt a hatalmas t\u00fczet, nehogy meghaljak.\u00ab Erre \u00edgy sz\u00f3lt hozz\u00e1m az \u00dar: \u00bbHelyesen besz\u00e9ltek. Pr\u00f3f\u00e9t\u00e1t t\u00e1masztok nekik testv\u00e9reik k\u00f6r\u00e9b\u0151l, mint t\u00e9ged; ajk\u00e1ra adom szavaimat, s \u0151 mindent tudtukra ad, amit parancsolok neki. Ha valaki nem hallgat szavaira, amelyeket az \u00e9n nevemben hirdet, akkor \u00e9n majd sz\u00e1mon k\u00e9rem t\u0151le. Annak a pr\u00f3f\u00e9t\u00e1nak pedig, aki egyetlen olyan sz\u00f3t is mer\u00e9szel hirdetni nevemben, amelynek hirdet\u00e9s\u00e9t nem b\u00edztam r\u00e1, meg kell halnia. Ugyan\u00edgy annak is, aki m\u00e1s istenek nev\u00e9ben besz\u00e9l.\u00ab Ez az Isten ig\u00e9je. V\u00c1LASZOS ZSOLT\u00c1R (Zsolt 94,1-2.6-7.8-9) V\u00e1lasz:\u00a0B\u00e1r hallgatn\u00e1tok ma Isten\u00a0szav\u00e1ra: * \u201eN\u00e9pem, ne l\u00e9gy kem\u00e9ny\u00a0sz\u00edv\u0171.\u201d\u00a0(2. t\u00f3nus.) El\u0151\u00e9nekes: J\u00f6jjetek, \u00f6rvendezz\u00fcnk az\u00a0\u00darnak, * \u00e9s ujjongjunk \u00fcdv\u00fcnk szikl\u00e1ja\u00a0el\u0151tt. Dics\u0151\u00edt\u0151 \u00e9nekkel l\u00e9pj\u00fcnk sz\u00edne\u00a0el\u00e9, * magasztaljuk \u0151t zsolt\u00e1rt\u00a0zengve. H\u00edvek:\u00a0B\u00e1r hallgatn\u00e1tok ma Isten\u00a0szav\u00e1ra: * \u201eN\u00e9pem, ne l\u00e9gy kem\u00e9ny\u00a0sz\u00edv\u0171.\u201d E: J\u00f6jjetek, boruljunk le, h\u00f3doljunk\u00a0el\u0151tte, * hulljunk t\u00e9rdre Urunk, Alkot\u00f3nk\u00a0el\u0151tt. Mert&#8230; <\/p>\n<p><a class=\"readmore\" href=\"https:\/\/stuttgarti-katolikusok.de\/index.php\/evkozi-4-vasarnap-3\/\">R\u00e9szletek<\/a><\/p>\n","protected":false},"author":3,"featured_media":28276,"comment_status":"closed","ping_status":"closed","sticky":false,"template":"","format":"standard","meta":{"footnotes":""},"categories":[85,63],"tags":[],"class_list":["post-28275","post","type-post","status-publish","format-standard","has-post-thumbnail","hentry","category-a-liturgia-olvasmanyai","category-vasarnapi-gondolatok"],"yoast_head":"<!-- This site is optimized with the Yoast SEO plugin v27.3 - https:\/\/yoast.com\/product\/yoast-seo-wordpress\/ -->\n<title>\u00c9vk\u00f6zi 4. vas\u00e1rnap - Stuttgarti Katolikusok<\/title>\n<meta name=\"robots\" content=\"index, follow, max-snippet:-1, max-image-preview:large, max-video-preview:-1\" \/>\n<link rel=\"canonical\" href=\"https:\/\/stuttgarti-katolikusok.de\/index.php\/evkozi-4-vasarnap-3\/\" \/>\n<meta property=\"og:locale\" content=\"hu_HU\" \/>\n<meta property=\"og:type\" content=\"article\" \/>\n<meta property=\"og:title\" content=\"\u00c9vk\u00f6zi 4. vas\u00e1rnap - Stuttgarti Katolikusok\" \/>\n<meta property=\"og:description\" content=\"Az \u00e9vk\u00f6zi 4. vas\u00e1rnap szent\u00edr\u00e1sai szakaszai ism\u00e9telten fontos k\u00e9rd\u00e9sekkel szembes\u00edt benn\u00fcnket. Az olvasm\u00e1ny a sz\u00f3 hatalm\u00e1r\u00f3l \u00e9s benne rejl\u0151 er\u0151r\u0151l sz\u00f3l. A pr\u00f3f\u00e9ta feladata k\u00f6zvet\u00edteni Isten akarat\u00e1t. Amennyiben nem hallgatnak r\u00e1, nincs felel\u0151ss\u00e9ge. Ellenben sz\u00e1mon lehet k\u00e9rni, ha nem tesz eleget feladat\u00e1nak, illetve ha megm\u00e1s\u00edtja a tan\u00edt\u00e1st.\u00a0 A szentlecke \u00fczenete is vil\u00e1gos \u00e9s egy\u00e9rtelm\u0171. \u00c1llapotb\u00e9li feladataink felel\u0151ss\u00e9g\u00e9r\u0151l sz\u00f3l. Amennyiben igent mondunk egy szolg\u00e1latra, jogainkon t\u00fal k\u00f6teless\u00e9geink vannak. A v\u00e1llalt k\u00fcldet\u00e9s\u00fcnkben megnyilv\u00e1nul\u00f3 felel\u0151ss\u00e9g! Az evang\u00e9liumi r\u00e9sz pedig egy p\u00e1rbesz\u00e9d J\u00e9zus Krisztus \u00e9s a tiszt\u00e1talan l\u00e9lek k\u00f6z\u00f6tt. Az \u00fczenet vil\u00e1gos: nincs alku! A gonosz l\u00e9lek jelenl\u00e9t\u00e9nek \u00e9s harc\u00e1nak mi is tan\u00fai vagyunk. R\u00e9szemr\u0151l, hisz erre J\u00e9zus Krisztus mutatott p\u00e9ld\u00e1t, nincs lehet\u0151s\u00e9g megalkuv\u00e1sra! OLVASM\u00c1NY M\u00f3zes \u00f6t\u00f6dik k\u00f6nyv\u00e9b\u0151l (MT\u00f6rv 18,15-20) Mo\u00e1b mezej\u00e9n M\u00f3zes \u00edgy besz\u00e9lt a n\u00e9phez: \u201eAz \u00dar, a te Istened hozz\u00e1m hasonl\u00f3 pr\u00f3f\u00e9t\u00e1t t\u00e1maszt neked, a te k\u00f6r\u00f6db\u0151l, testv\u00e9reid k\u00f6z\u00fcl; \u0151r\u00e1 hallgassatok. Hiszen ezt k\u00edv\u00e1ntad az \u00dart\u00f3l, a te Istenedt\u0151l H\u00f3reb (hegy\u00e9n), az egybegy\u0171l\u00e9s napj\u00e1n, mikor azt mondtad: \u00bbNem hallgatom tov\u00e1bb az \u00darnak, az \u00e9n Istenemnek hangj\u00e1t \u00e9s nem n\u00e9zem tov\u00e1bb ezt a hatalmas t\u00fczet, nehogy meghaljak.\u00ab Erre \u00edgy sz\u00f3lt hozz\u00e1m az \u00dar: \u00bbHelyesen besz\u00e9ltek. Pr\u00f3f\u00e9t\u00e1t t\u00e1masztok nekik testv\u00e9reik k\u00f6r\u00e9b\u0151l, mint t\u00e9ged; ajk\u00e1ra adom szavaimat, s \u0151 mindent tudtukra ad, amit parancsolok neki. Ha valaki nem hallgat szavaira, amelyeket az \u00e9n nevemben hirdet, akkor \u00e9n majd sz\u00e1mon k\u00e9rem t\u0151le. Annak a pr\u00f3f\u00e9t\u00e1nak pedig, aki egyetlen olyan sz\u00f3t is mer\u00e9szel hirdetni nevemben, amelynek hirdet\u00e9s\u00e9t nem b\u00edztam r\u00e1, meg kell halnia. Ugyan\u00edgy annak is, aki m\u00e1s istenek nev\u00e9ben besz\u00e9l.\u00ab Ez az Isten ig\u00e9je. V\u00c1LASZOS ZSOLT\u00c1R (Zsolt 94,1-2.6-7.8-9) V\u00e1lasz:\u00a0B\u00e1r hallgatn\u00e1tok ma Isten\u00a0szav\u00e1ra: * \u201eN\u00e9pem, ne l\u00e9gy kem\u00e9ny\u00a0sz\u00edv\u0171.\u201d\u00a0(2. t\u00f3nus.) El\u0151\u00e9nekes: J\u00f6jjetek, \u00f6rvendezz\u00fcnk az\u00a0\u00darnak, * \u00e9s ujjongjunk \u00fcdv\u00fcnk szikl\u00e1ja\u00a0el\u0151tt. Dics\u0151\u00edt\u0151 \u00e9nekkel l\u00e9pj\u00fcnk sz\u00edne\u00a0el\u00e9, * magasztaljuk \u0151t zsolt\u00e1rt\u00a0zengve. H\u00edvek:\u00a0B\u00e1r hallgatn\u00e1tok ma Isten\u00a0szav\u00e1ra: * \u201eN\u00e9pem, ne l\u00e9gy kem\u00e9ny\u00a0sz\u00edv\u0171.\u201d E: J\u00f6jjetek, boruljunk le, h\u00f3doljunk\u00a0el\u0151tte, * hulljunk t\u00e9rdre Urunk, Alkot\u00f3nk\u00a0el\u0151tt. Mert... R\u00e9szletek\" \/>\n<meta property=\"og:url\" content=\"https:\/\/stuttgarti-katolikusok.de\/index.php\/evkozi-4-vasarnap-3\/\" \/>\n<meta property=\"og:site_name\" content=\"Stuttgarti Katolikusok\" \/>\n<meta property=\"article:published_time\" content=\"2024-01-27T10:11:13+00:00\" \/>\n<meta property=\"og:image\" content=\"https:\/\/stuttgarti-katolikusok.de\/wp-content\/uploads\/2024\/01\/nemeti-gergely-tel2.jpg\" \/>\n\t<meta property=\"og:image:width\" content=\"1428\" \/>\n\t<meta property=\"og:image:height\" content=\"960\" \/>\n\t<meta property=\"og:image:type\" content=\"image\/jpeg\" \/>\n<meta name=\"author\" content=\"Tibor atya\" \/>\n<meta name=\"twitter:card\" content=\"summary_large_image\" \/>\n<meta name=\"twitter:label1\" content=\"Szerz\u0151:\" \/>\n\t<meta name=\"twitter:data1\" content=\"Tibor atya\" \/>\n\t<meta name=\"twitter:label2\" content=\"Becs\u00fclt olvas\u00e1si id\u0151\" \/>\n\t<meta name=\"twitter:data2\" content=\"5 perc\" \/>\n<script type=\"application\/ld+json\" class=\"yoast-schema-graph\">{\"@context\":\"https:\\\/\\\/schema.org\",\"@graph\":[{\"@type\":\"Article\",\"@id\":\"https:\\\/\\\/stuttgarti-katolikusok.de\\\/index.php\\\/evkozi-4-vasarnap-3\\\/#article\",\"isPartOf\":{\"@id\":\"https:\\\/\\\/stuttgarti-katolikusok.de\\\/index.php\\\/evkozi-4-vasarnap-3\\\/\"},\"author\":{\"name\":\"Tibor atya\",\"@id\":\"https:\\\/\\\/stuttgarti-katolikusok.de\\\/#\\\/schema\\\/person\\\/75908d6f8fdc03a57889d27209df7795\"},\"headline\":\"\u00c9vk\u00f6zi 4. vas\u00e1rnap\",\"datePublished\":\"2024-01-27T10:11:13+00:00\",\"mainEntityOfPage\":{\"@id\":\"https:\\\/\\\/stuttgarti-katolikusok.de\\\/index.php\\\/evkozi-4-vasarnap-3\\\/\"},\"wordCount\":1132,\"image\":{\"@id\":\"https:\\\/\\\/stuttgarti-katolikusok.de\\\/index.php\\\/evkozi-4-vasarnap-3\\\/#primaryimage\"},\"thumbnailUrl\":\"https:\\\/\\\/stuttgarti-katolikusok.de\\\/wp-content\\\/uploads\\\/2024\\\/01\\\/nemeti-gergely-tel2.jpg\",\"articleSection\":[\"A liturgia olvasm\u00e1nyai\",\"Vas\u00e1rnapi gondolatok\"],\"inLanguage\":\"hu\"},{\"@type\":\"WebPage\",\"@id\":\"https:\\\/\\\/stuttgarti-katolikusok.de\\\/index.php\\\/evkozi-4-vasarnap-3\\\/\",\"url\":\"https:\\\/\\\/stuttgarti-katolikusok.de\\\/index.php\\\/evkozi-4-vasarnap-3\\\/\",\"name\":\"\u00c9vk\u00f6zi 4. vas\u00e1rnap - Stuttgarti Katolikusok\",\"isPartOf\":{\"@id\":\"https:\\\/\\\/stuttgarti-katolikusok.de\\\/#website\"},\"primaryImageOfPage\":{\"@id\":\"https:\\\/\\\/stuttgarti-katolikusok.de\\\/index.php\\\/evkozi-4-vasarnap-3\\\/#primaryimage\"},\"image\":{\"@id\":\"https:\\\/\\\/stuttgarti-katolikusok.de\\\/index.php\\\/evkozi-4-vasarnap-3\\\/#primaryimage\"},\"thumbnailUrl\":\"https:\\\/\\\/stuttgarti-katolikusok.de\\\/wp-content\\\/uploads\\\/2024\\\/01\\\/nemeti-gergely-tel2.jpg\",\"datePublished\":\"2024-01-27T10:11:13+00:00\",\"author\":{\"@id\":\"https:\\\/\\\/stuttgarti-katolikusok.de\\\/#\\\/schema\\\/person\\\/75908d6f8fdc03a57889d27209df7795\"},\"breadcrumb\":{\"@id\":\"https:\\\/\\\/stuttgarti-katolikusok.de\\\/index.php\\\/evkozi-4-vasarnap-3\\\/#breadcrumb\"},\"inLanguage\":\"hu\",\"potentialAction\":[{\"@type\":\"ReadAction\",\"target\":[\"https:\\\/\\\/stuttgarti-katolikusok.de\\\/index.php\\\/evkozi-4-vasarnap-3\\\/\"]}]},{\"@type\":\"ImageObject\",\"inLanguage\":\"hu\",\"@id\":\"https:\\\/\\\/stuttgarti-katolikusok.de\\\/index.php\\\/evkozi-4-vasarnap-3\\\/#primaryimage\",\"url\":\"https:\\\/\\\/stuttgarti-katolikusok.de\\\/wp-content\\\/uploads\\\/2024\\\/01\\\/nemeti-gergely-tel2.jpg\",\"contentUrl\":\"https:\\\/\\\/stuttgarti-katolikusok.de\\\/wp-content\\\/uploads\\\/2024\\\/01\\\/nemeti-gergely-tel2.jpg\",\"width\":1428,\"height\":960},{\"@type\":\"BreadcrumbList\",\"@id\":\"https:\\\/\\\/stuttgarti-katolikusok.de\\\/index.php\\\/evkozi-4-vasarnap-3\\\/#breadcrumb\",\"itemListElement\":[{\"@type\":\"ListItem\",\"position\":1,\"name\":\"Kezd\u0151lap\",\"item\":\"https:\\\/\\\/stuttgarti-katolikusok.de\\\/\"},{\"@type\":\"ListItem\",\"position\":2,\"name\":\"\u00c9vk\u00f6zi 4. vas\u00e1rnap\"}]},{\"@type\":\"WebSite\",\"@id\":\"https:\\\/\\\/stuttgarti-katolikusok.de\\\/#website\",\"url\":\"https:\\\/\\\/stuttgarti-katolikusok.de\\\/\",\"name\":\"Stuttgarti Katolikusok\",\"description\":\"\",\"potentialAction\":[{\"@type\":\"SearchAction\",\"target\":{\"@type\":\"EntryPoint\",\"urlTemplate\":\"https:\\\/\\\/stuttgarti-katolikusok.de\\\/?s={search_term_string}\"},\"query-input\":{\"@type\":\"PropertyValueSpecification\",\"valueRequired\":true,\"valueName\":\"search_term_string\"}}],\"inLanguage\":\"hu\"},{\"@type\":\"Person\",\"@id\":\"https:\\\/\\\/stuttgarti-katolikusok.de\\\/#\\\/schema\\\/person\\\/75908d6f8fdc03a57889d27209df7795\",\"name\":\"Tibor atya\",\"image\":{\"@type\":\"ImageObject\",\"inLanguage\":\"hu\",\"@id\":\"https:\\\/\\\/secure.gravatar.com\\\/avatar\\\/61d268e57d1f4525b111222e29d2d5a7f8c420fdbf231ba5566a8ceac74fa960?s=96&d=mm&r=g\",\"url\":\"https:\\\/\\\/secure.gravatar.com\\\/avatar\\\/61d268e57d1f4525b111222e29d2d5a7f8c420fdbf231ba5566a8ceac74fa960?s=96&d=mm&r=g\",\"contentUrl\":\"https:\\\/\\\/secure.gravatar.com\\\/avatar\\\/61d268e57d1f4525b111222e29d2d5a7f8c420fdbf231ba5566a8ceac74fa960?s=96&d=mm&r=g\",\"caption\":\"Tibor atya\"},\"url\":\"https:\\\/\\\/stuttgarti-katolikusok.de\\\/index.php\\\/author\\\/tibor-atya\\\/\"}]}<\/script>\n<!-- \/ Yoast SEO plugin. -->","yoast_head_json":{"title":"\u00c9vk\u00f6zi 4. vas\u00e1rnap - Stuttgarti Katolikusok","robots":{"index":"index","follow":"follow","max-snippet":"max-snippet:-1","max-image-preview":"max-image-preview:large","max-video-preview":"max-video-preview:-1"},"canonical":"https:\/\/stuttgarti-katolikusok.de\/index.php\/evkozi-4-vasarnap-3\/","og_locale":"hu_HU","og_type":"article","og_title":"\u00c9vk\u00f6zi 4. vas\u00e1rnap - Stuttgarti Katolikusok","og_description":"Az \u00e9vk\u00f6zi 4. vas\u00e1rnap szent\u00edr\u00e1sai szakaszai ism\u00e9telten fontos k\u00e9rd\u00e9sekkel szembes\u00edt benn\u00fcnket. Az olvasm\u00e1ny a sz\u00f3 hatalm\u00e1r\u00f3l \u00e9s benne rejl\u0151 er\u0151r\u0151l sz\u00f3l. A pr\u00f3f\u00e9ta feladata k\u00f6zvet\u00edteni Isten akarat\u00e1t. Amennyiben nem hallgatnak r\u00e1, nincs felel\u0151ss\u00e9ge. Ellenben sz\u00e1mon lehet k\u00e9rni, ha nem tesz eleget feladat\u00e1nak, illetve ha megm\u00e1s\u00edtja a tan\u00edt\u00e1st.\u00a0 A szentlecke \u00fczenete is vil\u00e1gos \u00e9s egy\u00e9rtelm\u0171. \u00c1llapotb\u00e9li feladataink felel\u0151ss\u00e9g\u00e9r\u0151l sz\u00f3l. Amennyiben igent mondunk egy szolg\u00e1latra, jogainkon t\u00fal k\u00f6teless\u00e9geink vannak. A v\u00e1llalt k\u00fcldet\u00e9s\u00fcnkben megnyilv\u00e1nul\u00f3 felel\u0151ss\u00e9g! Az evang\u00e9liumi r\u00e9sz pedig egy p\u00e1rbesz\u00e9d J\u00e9zus Krisztus \u00e9s a tiszt\u00e1talan l\u00e9lek k\u00f6z\u00f6tt. Az \u00fczenet vil\u00e1gos: nincs alku! A gonosz l\u00e9lek jelenl\u00e9t\u00e9nek \u00e9s harc\u00e1nak mi is tan\u00fai vagyunk. R\u00e9szemr\u0151l, hisz erre J\u00e9zus Krisztus mutatott p\u00e9ld\u00e1t, nincs lehet\u0151s\u00e9g megalkuv\u00e1sra! OLVASM\u00c1NY M\u00f3zes \u00f6t\u00f6dik k\u00f6nyv\u00e9b\u0151l (MT\u00f6rv 18,15-20) Mo\u00e1b mezej\u00e9n M\u00f3zes \u00edgy besz\u00e9lt a n\u00e9phez: \u201eAz \u00dar, a te Istened hozz\u00e1m hasonl\u00f3 pr\u00f3f\u00e9t\u00e1t t\u00e1maszt neked, a te k\u00f6r\u00f6db\u0151l, testv\u00e9reid k\u00f6z\u00fcl; \u0151r\u00e1 hallgassatok. Hiszen ezt k\u00edv\u00e1ntad az \u00dart\u00f3l, a te Istenedt\u0151l H\u00f3reb (hegy\u00e9n), az egybegy\u0171l\u00e9s napj\u00e1n, mikor azt mondtad: \u00bbNem hallgatom tov\u00e1bb az \u00darnak, az \u00e9n Istenemnek hangj\u00e1t \u00e9s nem n\u00e9zem tov\u00e1bb ezt a hatalmas t\u00fczet, nehogy meghaljak.\u00ab Erre \u00edgy sz\u00f3lt hozz\u00e1m az \u00dar: \u00bbHelyesen besz\u00e9ltek. Pr\u00f3f\u00e9t\u00e1t t\u00e1masztok nekik testv\u00e9reik k\u00f6r\u00e9b\u0151l, mint t\u00e9ged; ajk\u00e1ra adom szavaimat, s \u0151 mindent tudtukra ad, amit parancsolok neki. Ha valaki nem hallgat szavaira, amelyeket az \u00e9n nevemben hirdet, akkor \u00e9n majd sz\u00e1mon k\u00e9rem t\u0151le. Annak a pr\u00f3f\u00e9t\u00e1nak pedig, aki egyetlen olyan sz\u00f3t is mer\u00e9szel hirdetni nevemben, amelynek hirdet\u00e9s\u00e9t nem b\u00edztam r\u00e1, meg kell halnia. Ugyan\u00edgy annak is, aki m\u00e1s istenek nev\u00e9ben besz\u00e9l.\u00ab Ez az Isten ig\u00e9je. V\u00c1LASZOS ZSOLT\u00c1R (Zsolt 94,1-2.6-7.8-9) V\u00e1lasz:\u00a0B\u00e1r hallgatn\u00e1tok ma Isten\u00a0szav\u00e1ra: * \u201eN\u00e9pem, ne l\u00e9gy kem\u00e9ny\u00a0sz\u00edv\u0171.\u201d\u00a0(2. t\u00f3nus.) El\u0151\u00e9nekes: J\u00f6jjetek, \u00f6rvendezz\u00fcnk az\u00a0\u00darnak, * \u00e9s ujjongjunk \u00fcdv\u00fcnk szikl\u00e1ja\u00a0el\u0151tt. Dics\u0151\u00edt\u0151 \u00e9nekkel l\u00e9pj\u00fcnk sz\u00edne\u00a0el\u00e9, * magasztaljuk \u0151t zsolt\u00e1rt\u00a0zengve. H\u00edvek:\u00a0B\u00e1r hallgatn\u00e1tok ma Isten\u00a0szav\u00e1ra: * \u201eN\u00e9pem, ne l\u00e9gy kem\u00e9ny\u00a0sz\u00edv\u0171.\u201d E: J\u00f6jjetek, boruljunk le, h\u00f3doljunk\u00a0el\u0151tte, * hulljunk t\u00e9rdre Urunk, Alkot\u00f3nk\u00a0el\u0151tt. Mert... R\u00e9szletek","og_url":"https:\/\/stuttgarti-katolikusok.de\/index.php\/evkozi-4-vasarnap-3\/","og_site_name":"Stuttgarti Katolikusok","article_published_time":"2024-01-27T10:11:13+00:00","og_image":[{"width":1428,"height":960,"url":"https:\/\/stuttgarti-katolikusok.de\/wp-content\/uploads\/2024\/01\/nemeti-gergely-tel2.jpg","type":"image\/jpeg"}],"author":"Tibor atya","twitter_card":"summary_large_image","twitter_misc":{"Szerz\u0151:":"Tibor atya","Becs\u00fclt olvas\u00e1si id\u0151":"5 perc"},"schema":{"@context":"https:\/\/schema.org","@graph":[{"@type":"Article","@id":"https:\/\/stuttgarti-katolikusok.de\/index.php\/evkozi-4-vasarnap-3\/#article","isPartOf":{"@id":"https:\/\/stuttgarti-katolikusok.de\/index.php\/evkozi-4-vasarnap-3\/"},"author":{"name":"Tibor atya","@id":"https:\/\/stuttgarti-katolikusok.de\/#\/schema\/person\/75908d6f8fdc03a57889d27209df7795"},"headline":"\u00c9vk\u00f6zi 4. vas\u00e1rnap","datePublished":"2024-01-27T10:11:13+00:00","mainEntityOfPage":{"@id":"https:\/\/stuttgarti-katolikusok.de\/index.php\/evkozi-4-vasarnap-3\/"},"wordCount":1132,"image":{"@id":"https:\/\/stuttgarti-katolikusok.de\/index.php\/evkozi-4-vasarnap-3\/#primaryimage"},"thumbnailUrl":"https:\/\/stuttgarti-katolikusok.de\/wp-content\/uploads\/2024\/01\/nemeti-gergely-tel2.jpg","articleSection":["A liturgia olvasm\u00e1nyai","Vas\u00e1rnapi gondolatok"],"inLanguage":"hu"},{"@type":"WebPage","@id":"https:\/\/stuttgarti-katolikusok.de\/index.php\/evkozi-4-vasarnap-3\/","url":"https:\/\/stuttgarti-katolikusok.de\/index.php\/evkozi-4-vasarnap-3\/","name":"\u00c9vk\u00f6zi 4. vas\u00e1rnap - Stuttgarti Katolikusok","isPartOf":{"@id":"https:\/\/stuttgarti-katolikusok.de\/#website"},"primaryImageOfPage":{"@id":"https:\/\/stuttgarti-katolikusok.de\/index.php\/evkozi-4-vasarnap-3\/#primaryimage"},"image":{"@id":"https:\/\/stuttgarti-katolikusok.de\/index.php\/evkozi-4-vasarnap-3\/#primaryimage"},"thumbnailUrl":"https:\/\/stuttgarti-katolikusok.de\/wp-content\/uploads\/2024\/01\/nemeti-gergely-tel2.jpg","datePublished":"2024-01-27T10:11:13+00:00","author":{"@id":"https:\/\/stuttgarti-katolikusok.de\/#\/schema\/person\/75908d6f8fdc03a57889d27209df7795"},"breadcrumb":{"@id":"https:\/\/stuttgarti-katolikusok.de\/index.php\/evkozi-4-vasarnap-3\/#breadcrumb"},"inLanguage":"hu","potentialAction":[{"@type":"ReadAction","target":["https:\/\/stuttgarti-katolikusok.de\/index.php\/evkozi-4-vasarnap-3\/"]}]},{"@type":"ImageObject","inLanguage":"hu","@id":"https:\/\/stuttgarti-katolikusok.de\/index.php\/evkozi-4-vasarnap-3\/#primaryimage","url":"https:\/\/stuttgarti-katolikusok.de\/wp-content\/uploads\/2024\/01\/nemeti-gergely-tel2.jpg","contentUrl":"https:\/\/stuttgarti-katolikusok.de\/wp-content\/uploads\/2024\/01\/nemeti-gergely-tel2.jpg","width":1428,"height":960},{"@type":"BreadcrumbList","@id":"https:\/\/stuttgarti-katolikusok.de\/index.php\/evkozi-4-vasarnap-3\/#breadcrumb","itemListElement":[{"@type":"ListItem","position":1,"name":"Kezd\u0151lap","item":"https:\/\/stuttgarti-katolikusok.de\/"},{"@type":"ListItem","position":2,"name":"\u00c9vk\u00f6zi 4. vas\u00e1rnap"}]},{"@type":"WebSite","@id":"https:\/\/stuttgarti-katolikusok.de\/#website","url":"https:\/\/stuttgarti-katolikusok.de\/","name":"Stuttgarti Katolikusok","description":"","potentialAction":[{"@type":"SearchAction","target":{"@type":"EntryPoint","urlTemplate":"https:\/\/stuttgarti-katolikusok.de\/?s={search_term_string}"},"query-input":{"@type":"PropertyValueSpecification","valueRequired":true,"valueName":"search_term_string"}}],"inLanguage":"hu"},{"@type":"Person","@id":"https:\/\/stuttgarti-katolikusok.de\/#\/schema\/person\/75908d6f8fdc03a57889d27209df7795","name":"Tibor atya","image":{"@type":"ImageObject","inLanguage":"hu","@id":"https:\/\/secure.gravatar.com\/avatar\/61d268e57d1f4525b111222e29d2d5a7f8c420fdbf231ba5566a8ceac74fa960?s=96&d=mm&r=g","url":"https:\/\/secure.gravatar.com\/avatar\/61d268e57d1f4525b111222e29d2d5a7f8c420fdbf231ba5566a8ceac74fa960?s=96&d=mm&r=g","contentUrl":"https:\/\/secure.gravatar.com\/avatar\/61d268e57d1f4525b111222e29d2d5a7f8c420fdbf231ba5566a8ceac74fa960?s=96&d=mm&r=g","caption":"Tibor atya"},"url":"https:\/\/stuttgarti-katolikusok.de\/index.php\/author\/tibor-atya\/"}]}},"_links":{"self":[{"href":"https:\/\/stuttgarti-katolikusok.de\/index.php\/wp-json\/wp\/v2\/posts\/28275","targetHints":{"allow":["GET"]}}],"collection":[{"href":"https:\/\/stuttgarti-katolikusok.de\/index.php\/wp-json\/wp\/v2\/posts"}],"about":[{"href":"https:\/\/stuttgarti-katolikusok.de\/index.php\/wp-json\/wp\/v2\/types\/post"}],"author":[{"embeddable":true,"href":"https:\/\/stuttgarti-katolikusok.de\/index.php\/wp-json\/wp\/v2\/users\/3"}],"replies":[{"embeddable":true,"href":"https:\/\/stuttgarti-katolikusok.de\/index.php\/wp-json\/wp\/v2\/comments?post=28275"}],"version-history":[{"count":1,"href":"https:\/\/stuttgarti-katolikusok.de\/index.php\/wp-json\/wp\/v2\/posts\/28275\/revisions"}],"predecessor-version":[{"id":28277,"href":"https:\/\/stuttgarti-katolikusok.de\/index.php\/wp-json\/wp\/v2\/posts\/28275\/revisions\/28277"}],"wp:featuredmedia":[{"embeddable":true,"href":"https:\/\/stuttgarti-katolikusok.de\/index.php\/wp-json\/wp\/v2\/media\/28276"}],"wp:attachment":[{"href":"https:\/\/stuttgarti-katolikusok.de\/index.php\/wp-json\/wp\/v2\/media?parent=28275"}],"wp:term":[{"taxonomy":"category","embeddable":true,"href":"https:\/\/stuttgarti-katolikusok.de\/index.php\/wp-json\/wp\/v2\/categories?post=28275"},{"taxonomy":"post_tag","embeddable":true,"href":"https:\/\/stuttgarti-katolikusok.de\/index.php\/wp-json\/wp\/v2\/tags?post=28275"}],"curies":[{"name":"wp","href":"https:\/\/api.w.org\/{rel}","templated":true}]}}