{"id":28207,"date":"2024-01-20T10:29:52","date_gmt":"2024-01-20T09:29:52","guid":{"rendered":"https:\/\/stuttgarti-katolikusok.de\/?p=28207"},"modified":"2024-01-20T10:40:09","modified_gmt":"2024-01-20T09:40:09","slug":"evkozi-3-vasarnap-isten-igejenek-vasarnapja-2","status":"publish","type":"post","link":"https:\/\/stuttgarti-katolikusok.de\/index.php\/evkozi-3-vasarnap-isten-igejenek-vasarnapja-2\/","title":{"rendered":"\u00c9vk\u00f6zi 3. vas\u00e1rnap \u2013 Isten ig\u00e9j\u00e9nek vas\u00e1rnapja"},"content":{"rendered":"<p><span style=\"color: #ff6600;\"><em>Az \u00c9vk\u00f6zi 3. vas\u00e1rnap egyben az Isten ig\u00e9j\u00e9nek a vas\u00e1rnapja is.\u00a0<\/em><\/span><\/p>\n<p><span style=\"color: #ff6600;\"><em>A szentmis\u00e9nek 2 fontos r\u00e9sze van: az <strong>Ige liturgi\u00e1ja<\/strong> \u00e9s az<strong> Eucharisztia liturgi\u00e1ja<\/strong>.\u00a0<\/em><\/span><\/p>\n<p><span style=\"color: #ff6600;\"><em>\u00c9vk\u00f6zi 3. vas\u00e1rnapon Egyh\u00e1zunk figyelm\u00fcnk k\u00f6z\u00e9ppontj\u00e1ba \u00e1ll\u00edtja most Isten ig\u00e9j\u00e9t. Hagyjuk, hogy ma k\u00fcl\u00f6n\u00f6s form\u00e1ban is megsz\u00f3l\u00edtson az Ige.\u00a0<\/em><\/span><\/p>\n<p><span style=\"color: #ff6600;\"><em>Ehhez egy kis szem\u00e9lyes t\u00f6rt\u00e9netet is szeretn\u00e9k csatolni. 1979-ben, a sikeres \u00e9retts\u00e9gi \u00e9s teol\u00f3giai felv\u00e9telit k\u00f6vet\u0151en katonai szolg\u00e1latra vittek el Kar\u00e1nszebesre (Caransebe\u0219). Term\u00e9szetesen az akkori id\u0151nek megfelel\u0151en benn\u00fcnket, mint leend\u0151 kispapokat k\u00fcl\u00f6n\u00f6s &#8222;b\u00e1n\u00e1sm\u00f3dban&#8221; r\u00e9szes\u00edtettek. B\u0151r\u00f6nd\u00fcnk tartalm\u00e1t, amellyel bevonultunk, alaposan \u00e1tvizsg\u00e1lt\u00e1k. Gyakorlatilag semmilyen szem\u00e9lyes dolgot nem vihett\u00fcnk magunkkal.\u00a0<\/em><\/span><\/p>\n<p><span style=\"color: #ff6600;\"><em>A katonai szolg\u00e1latot egy\u00fctt t\u00f6lt\u00f6tt\u00fck a reform\u00e1tus teol\u00f3gi\u00e1ra jelentkezett t\u00e1rsainkkal. Ebben a csapatban volt t\u00f6bb nagyszer\u0171 t\u00e1rs is, akik reform\u00e1tus lelk\u00e9szi csal\u00e1db\u00f3l sz\u00e1rmaztak. T\u00f6bbek k\u00f6z\u00f6tt, Horv\u00e1th Levente bar\u00e1tom is. Azt csak \u0151 tudja, hogyan, de neki volt egy kis, akkorra m\u00e1r foszl\u00e1nyos kis Bibli\u00e1ja. Egy id\u0151 ut\u00e1n pedig Levente minden este \u00f6sszegy\u0171jt\u00f6tt benn\u00fcnket, lelem\u00e9nyesek voltunk, megtal\u00e1ltuk a m\u00f3dj\u00e1t, hogy\u00a0 Szent\u00edr\u00e1st olvastunk. Azt\u00e1n elmondtuk, hogyan \u00e9lt\u00fck meg a tan\u00edt\u00e1st azon napon, r\u00f6vid kis, spont\u00e1n foh\u00e1szokat mondtunk, \u00edrtunk, lelki napl\u00f3t vezett\u00fcnk.\u00a0<\/em><\/span><\/p>\n<p><span style=\"color: #ff6600;\"><em>Szem\u00e9lyes dolgaimat rendezve, nem is olyan r\u00e9gen r\u00e1bukkantam az akkor \u00e1ltalam vezetett szem\u00e9lyes napl\u00f3ra \u00e9s arra a kis szent\u00edr\u00e1sra, amelyet akkori pl\u00e9b\u00e1nosomt\u00f3l kaptam, amikor els\u0151 alkalommal n\u00e9h\u00e1ny napra, az esk\u00fct\u00e9telt k\u00f6vet\u0151en, haza t\u00e1vozhattam.<\/em><\/span><\/p>\n<p><span style=\"color: #ff6600;\"><em>M\u00e1ra digitaliz\u00e1l\u00f3dtunk. Arra viszont van lehet\u0151s\u00e9g mindannyiunknak, hogy naponta n\u00e9h\u00e1ny perc erej\u00e9ig id\u0151t szak\u00edtsunk \u00e9s hagyjuk, hogy Isten ig\u00e9je megsz\u00f3l\u00edtson.\u00a0<\/em><\/span><\/p>\n<p><span style=\"color: #ff6600;\"><em>Tibor atya<\/em><\/span><\/p>\n<p><em><strong><span style=\"color: #339966;\">OLVASM\u00c1NY J\u00f3n\u00e1s pr\u00f3f\u00e9ta k\u00f6nyv\u00e9b\u0151l (J\u00f3n 3,1-5.10)<\/span><\/strong><\/em><br \/>\nT\u00f6rt\u00e9nt pedig, hogy az \u00dar m\u00e1sodszor is sz\u00f3lt J\u00f3n\u00e1shoz: \u201eKelj fel, menj el Niniv\u00e9be, a nagy v\u00e1rosba, \u00e9s hirdesd azt, amit majd mondok neked!\u201d J\u00f3n\u00e1s f\u00f6lkelt \u00e9s elment Niniv\u00e9be az \u00dar parancsa szerint. Ninive nagy v\u00e1ros volt, h\u00e1rom napba telt, m\u00edg az ember v\u00e9gig ment rajta. J\u00f3n\u00e1s bement a v\u00e1rosba, megtett egynapi utat, \u00e9s hirdetni kezdte: \u201eM\u00e9g negyven nap, \u00e9s Ninive elpusztul!\u201d<br \/>\nNinive lak\u00f3i hittek az Istennek. B\u00f6jt\u00f6t hirdettek, nagyok \u00e9s kicsinyek egyar\u00e1nt zs\u00e1kruh\u00e1t \u00f6lt\u00f6ttek.<br \/>\nAmikor Isten l\u00e1tta, hogy let\u00e9rnek gonosz \u00fatjukr\u00f3l, megk\u00edm\u00e9lte \u0151ket a b\u00fcntet\u00e9st\u0151l, amellyel fenyegette \u0151ket.<br \/>\nEz az Isten ig\u00e9je.<\/p>\n<p><em><strong><span style=\"color: #339966;\">V\u00c1LASZOS ZSOLT\u00c1R (Zsolt 24,4bc-5ab.6-7bc.8-9)<\/span><\/strong><\/em><\/p>\n<p>V\u00e1lasz:\u00a0<strong>Utaidat mutasd meg\u00a0<u>n\u00e9<\/u>kem, * \u00e9n\u00a0<u>U<\/u>ram, Istenem!<\/strong>\u00a0(8 G. t\u00f3nus.)<br \/>\nEl\u0151\u00e9nekes: Utaidat, Uram, mutasd meg\u00a0<u>n\u00e9<\/u>kem, * \u00f6sv\u00e9nyeidre ta<u>n\u00edts<\/u>\u00a0meg engem!<br \/>\nTan\u00edts \u00e9s vezess igazs\u00e1god\u00a0<u>sze<\/u>rint, * mert te vagy \u00fcdv\u00f6<u>z\u00ed<\/u>t\u0151 Istenem!<br \/>\nH\u00edvek:\u00a0<strong>Utaidat mutasd meg\u00a0<u>n\u00e9<\/u>kem, * \u00e9n\u00a0<u>U<\/u>ram, Istenem!<\/strong><br \/>\nE: Irgalmass\u00e1godr\u00f3l eml\u00e9kezz\u00e9l meg,\u00a0<u>U<\/u>ram, * \u00e9s k\u00f6ny\u00f6r\u00fcletess\u00e9gedr\u0151l, mely \u00f6<u>r\u00f6k<\/u>t\u0151l val\u00f3.<br \/>\nJ\u00f3s\u00e1godban,\u00a0<u>U<\/u>ram, * gondolj r\u00e1m\u00a0<u>ir<\/u>galommal.<br \/>\nH:\u00a0<strong>Utaidat mutasd meg\u00a0<u>n\u00e9<\/u>kem, * \u00e9n\u00a0<u>U<\/u>ram, Istenem!<\/strong><br \/>\nE: Az \u00dar igazs\u00e1gos \u00e9s\u00a0<u>j\u00f3<\/u>s\u00e1gos, * ez\u00e9rt a b\u0171n\u00f6s\u00f6knek is\u00a0<u>u<\/u>tat mutat.<br \/>\nAz al\u00e1zatost a j\u00f3ban\u00a0<u>ve<\/u>z\u00e9rli, * a szel\u00eddet \u00fat<u>j\u00e1<\/u>ra tan\u00edtja.<br \/>\nH:\u00a0<strong>Utaidat mutasd meg\u00a0<u>n\u00e9<\/u>kem, * \u00e9n\u00a0<u>U<\/u>ram, Istenem!<\/strong><\/p>\n<p><span style=\"color: #339966;\"><em><strong>SZENTLECKE Szent P\u00e1l apostolnak a korintusiakhoz \u00edrt els\u0151 level\u00e9b\u0151l (1Kor 7,29-31)<\/strong><\/em><\/span><br \/>\nAzt mondom, testv\u00e9rek: Az id\u0151 r\u00f6vid!<br \/>\nEz\u00e9rt, akinek van feles\u00e9ge, \u00e9ljen \u00fagy, mintha nem volna, aki s\u00edr, mintha nem s\u00edrna, aki \u00f6r\u00fcl, mintha nem \u00f6r\u00fclne, aki v\u00e1s\u00e1rol, mintha meg sem tartan\u00e1, s aki felhaszn\u00e1lja a vil\u00e1g dolgait, mintha nem \u00e9lne vel\u00fck, mert ez a vil\u00e1g elm\u00falik.<br \/>\nEz az Isten ig\u00e9je.<\/p>\n<p><span style=\"color: #339966;\"><em><strong>ALLELUJA<\/strong><\/em><\/span><br \/>\nK\u00f6zel m\u00e1r az\u00a0<u>Is<\/u>ten orsz\u00e1ga, * higgyetek\u00a0<u>az<\/u>\u00a0\u00f6r\u00f6mh\u00edrnek! (Mk 1,15 \u2013 3a t\u00f3nus.)<\/p>\n<p><span style=\"color: #339966;\"><em><strong>\u2020 EVANG\u00c9LIUM Szent M\u00e1rk k\u00f6nyv\u00e9b\u0151l (Mk 1,14-20)<\/strong><\/em><\/span><br \/>\nMiut\u00e1n J\u00e1nost elfogt\u00e1k, J\u00e9zus Galile\u00e1ba ment, \u00e9s hirdette az Isten evang\u00e9lium\u00e1t: \u201eBetelt az id\u0151, k\u00f6zel van az Isten orsz\u00e1ga. T\u00e9rjetek meg, \u00e9s higgyetek az evang\u00e9liumban.\u201d<br \/>\nAmikor a Galileai-t\u00f3 partj\u00e1n j\u00e1rt, l\u00e1tta, hogy Simon \u00e9s testv\u00e9re, Andr\u00e1s, akik hal\u00e1szok voltak, \u00e9ppen h\u00e1l\u00f3t vetnek a tengerbe. J\u00e9zus megsz\u00f3l\u00edtotta \u0151ket: ,J\u00f6jjetek velem, \u00e9s \u00e9n emberek hal\u00e1sz\u00e1v\u00e1 teszlek titeket.\u201d Azok r\u00f6gt\u00f6n otthagyt\u00e1k a h\u00e1l\u00f3ikat, \u00e9s nyom\u00e1ba szeg\u0151dtek. Mikor kiss\u00e9 tov\u00e1bbment, megl\u00e1tta Jakabot, Zebedeus fi\u00e1t, \u00e9s testv\u00e9r\u00e9t, J\u00e1nost, amint a h\u00e1l\u00f3kat jav\u00edtott\u00e1k a b\u00e1rk\u00e1ban. \u0150ket is mindj\u00e1rt megh\u00edvta. Erre otthagyt\u00e1k apjukat, Zebedeust a napsz\u00e1mosokkal egy\u00fctt, \u00e9s k\u00f6vett\u00e9k \u0151t.<br \/>\nEzek az evang\u00e9lium ig\u00e9i.<\/p>\n<p><span style=\"color: #339966;\"><em><strong>EGYETEMES K\u00d6NY\u00d6RG\u00c9SEK<\/strong><\/em><\/span><br \/>\nPap: K\u00e9rj\u00fck, testv\u00e9reim, mennyei Aty\u00e1nkat, hogy mint Ninive lak\u00f3i, mi is k\u00e9szs\u00e9gesek legy\u00fcnk a b\u0171nb\u00e1natra!<br \/>\nLektor:<br \/>\n1. Add, Urunk, hogy a vil\u00e1g mindenkor meghallja int\u0151 szavadat!<br \/>\nH\u00edvek: K\u00e9r\u00fcnk T\u00e9ged, hallgass meg minket!<br \/>\n2. Add, hogy Szentaty\u00e1nk \u00e9s p\u00fcsp\u00f6keink az apostolok nyomdokain j\u00e1rjanak!<br \/>\nH\u00edvek: K\u00e9r\u00fcnk T\u00e9ged, hallgass meg minket!<br \/>\n3. Add, hogy az \u00e1llamok vezet\u0151i b\u00f6lcsen \u00e9s igazs\u00e1gosan ir\u00e1ny\u00edts\u00e1k a n\u00e9pek sors\u00e1t!<br \/>\nH\u00edvek: K\u00e9r\u00fcnk T\u00e9ged, hallgass meg minket!<br \/>\n4. Add, hogy a b\u0171n\u00f6s\u00f6k meg\u00e9rts\u00e9k szeretetedet, \u00e9s igaz b\u0171nb\u00e1natra induljanak!<br \/>\nH\u00edvek: K\u00e9r\u00fcnk T\u00e9ged, hallgass meg minket!<br \/>\n5. Add, hogy f\u00f6ldi szenved\u00e9seink t\u00fcrelmes elvisel\u00e9se \u00fcdv\u00f6ss\u00e9g\u00fcnkre szolg\u00e1ljon!<br \/>\nH\u00edvek: K\u00e9r\u00fcnk T\u00e9ged, hallgass meg minket!<br \/>\nPap: Urunk, te a b\u0171nb\u00e1n\u00f3knak kegyesen megbocs\u00e1tasz, \u00e9s tieidnek \u00f6r\u00f6k jutalmat \u00edg\u00e9rsz. Add, hogy szent Fiadat buzg\u00f3n k\u00f6vess\u00fck, \u00e9s jutalmadat mindny\u00e1jan elnyerj\u00fck! Krisztus, a mi Urunk \u00e1ltal.<br \/>\nH\u00edvek: \u00c1men.<\/p>\n<p><em>(K\u00e9p forr\u00e1sa: Pixabay)<\/em><\/p>\n","protected":false},"excerpt":{"rendered":"<p>Az \u00c9vk\u00f6zi 3. vas\u00e1rnap egyben az Isten ig\u00e9j\u00e9nek a vas\u00e1rnapja is.\u00a0 A szentmis\u00e9nek 2 fontos r\u00e9sze van: az Ige liturgi\u00e1ja \u00e9s az Eucharisztia liturgi\u00e1ja.\u00a0 \u00c9vk\u00f6zi 3. vas\u00e1rnapon Egyh\u00e1zunk figyelm\u00fcnk k\u00f6z\u00e9ppontj\u00e1ba \u00e1ll\u00edtja most Isten ig\u00e9j\u00e9t. Hagyjuk, hogy ma k\u00fcl\u00f6n\u00f6s form\u00e1ban is megsz\u00f3l\u00edtson az Ige.\u00a0 Ehhez egy kis szem\u00e9lyes t\u00f6rt\u00e9netet is szeretn\u00e9k csatolni. 1979-ben, a sikeres \u00e9retts\u00e9gi \u00e9s teol\u00f3giai felv\u00e9telit k\u00f6vet\u0151en katonai szolg\u00e1latra vittek el Kar\u00e1nszebesre (Caransebe\u0219). Term\u00e9szetesen az akkori id\u0151nek megfelel\u0151en benn\u00fcnket, mint leend\u0151 kispapokat k\u00fcl\u00f6n\u00f6s &#8222;b\u00e1n\u00e1sm\u00f3dban&#8221; r\u00e9szes\u00edtettek. B\u0151r\u00f6nd\u00fcnk tartalm\u00e1t, amellyel bevonultunk, alaposan \u00e1tvizsg\u00e1lt\u00e1k. Gyakorlatilag semmilyen szem\u00e9lyes dolgot nem vihett\u00fcnk magunkkal.\u00a0 A katonai szolg\u00e1latot egy\u00fctt t\u00f6lt\u00f6tt\u00fck a reform\u00e1tus teol\u00f3gi\u00e1ra jelentkezett t\u00e1rsainkkal. Ebben a csapatban volt t\u00f6bb nagyszer\u0171 t\u00e1rs is, akik reform\u00e1tus lelk\u00e9szi csal\u00e1db\u00f3l sz\u00e1rmaztak. T\u00f6bbek k\u00f6z\u00f6tt, Horv\u00e1th Levente bar\u00e1tom is. Azt csak \u0151 tudja, hogyan, de neki volt egy kis, akkorra m\u00e1r foszl\u00e1nyos kis Bibli\u00e1ja. Egy id\u0151 ut\u00e1n pedig Levente minden este \u00f6sszegy\u0171jt\u00f6tt benn\u00fcnket, lelem\u00e9nyesek voltunk, megtal\u00e1ltuk a m\u00f3dj\u00e1t, hogy\u00a0 Szent\u00edr\u00e1st olvastunk. Azt\u00e1n elmondtuk, hogyan \u00e9lt\u00fck meg a tan\u00edt\u00e1st azon napon, r\u00f6vid kis, spont\u00e1n foh\u00e1szokat mondtunk, \u00edrtunk, lelki napl\u00f3t vezett\u00fcnk.\u00a0 Szem\u00e9lyes dolgaimat rendezve, nem is olyan r\u00e9gen r\u00e1bukkantam az akkor \u00e1ltalam vezetett szem\u00e9lyes napl\u00f3ra \u00e9s arra a kis szent\u00edr\u00e1sra, amelyet akkori pl\u00e9b\u00e1nosomt\u00f3l kaptam, amikor els\u0151 alkalommal n\u00e9h\u00e1ny napra, az esk\u00fct\u00e9telt k\u00f6vet\u0151en, haza t\u00e1vozhattam. M\u00e1ra digitaliz\u00e1l\u00f3dtunk. Arra viszont van lehet\u0151s\u00e9g mindannyiunknak, hogy naponta n\u00e9h\u00e1ny perc erej\u00e9ig id\u0151t szak\u00edtsunk \u00e9s hagyjuk, hogy Isten ig\u00e9je megsz\u00f3l\u00edtson.\u00a0 Tibor atya OLVASM\u00c1NY J\u00f3n\u00e1s pr\u00f3f\u00e9ta k\u00f6nyv\u00e9b\u0151l (J\u00f3n 3,1-5.10) T\u00f6rt\u00e9nt pedig, hogy az \u00dar m\u00e1sodszor is sz\u00f3lt J\u00f3n\u00e1shoz: \u201eKelj fel, menj el Niniv\u00e9be, a nagy v\u00e1rosba, \u00e9s hirdesd azt, amit majd mondok neked!\u201d J\u00f3n\u00e1s f\u00f6lkelt \u00e9s elment Niniv\u00e9be az \u00dar parancsa szerint. Ninive nagy v\u00e1ros volt, h\u00e1rom napba telt, m\u00edg az ember v\u00e9gig ment rajta. J\u00f3n\u00e1s bement a v\u00e1rosba, megtett egynapi utat, \u00e9s hirdetni kezdte: \u201eM\u00e9g negyven nap, \u00e9s Ninive elpusztul!\u201d Ninive lak\u00f3i hittek az Istennek. B\u00f6jt\u00f6t hirdettek, nagyok&#8230; <\/p>\n<p><a class=\"readmore\" href=\"https:\/\/stuttgarti-katolikusok.de\/index.php\/evkozi-3-vasarnap-isten-igejenek-vasarnapja-2\/\">R\u00e9szletek<\/a><\/p>\n","protected":false},"author":3,"featured_media":28208,"comment_status":"closed","ping_status":"closed","sticky":false,"template":"","format":"standard","meta":{"footnotes":""},"categories":[85,63],"tags":[],"class_list":["post-28207","post","type-post","status-publish","format-standard","has-post-thumbnail","hentry","category-a-liturgia-olvasmanyai","category-vasarnapi-gondolatok"],"yoast_head":"<!-- This site is optimized with the Yoast SEO plugin v27.3 - https:\/\/yoast.com\/product\/yoast-seo-wordpress\/ -->\n<title>\u00c9vk\u00f6zi 3. vas\u00e1rnap \u2013 Isten ig\u00e9j\u00e9nek vas\u00e1rnapja - Stuttgarti Katolikusok<\/title>\n<meta name=\"robots\" content=\"index, follow, max-snippet:-1, max-image-preview:large, max-video-preview:-1\" \/>\n<link rel=\"canonical\" href=\"https:\/\/stuttgarti-katolikusok.de\/index.php\/evkozi-3-vasarnap-isten-igejenek-vasarnapja-2\/\" \/>\n<meta property=\"og:locale\" content=\"hu_HU\" \/>\n<meta property=\"og:type\" content=\"article\" \/>\n<meta property=\"og:title\" content=\"\u00c9vk\u00f6zi 3. vas\u00e1rnap \u2013 Isten ig\u00e9j\u00e9nek vas\u00e1rnapja - Stuttgarti Katolikusok\" \/>\n<meta property=\"og:description\" content=\"Az \u00c9vk\u00f6zi 3. vas\u00e1rnap egyben az Isten ig\u00e9j\u00e9nek a vas\u00e1rnapja is.\u00a0 A szentmis\u00e9nek 2 fontos r\u00e9sze van: az Ige liturgi\u00e1ja \u00e9s az Eucharisztia liturgi\u00e1ja.\u00a0 \u00c9vk\u00f6zi 3. vas\u00e1rnapon Egyh\u00e1zunk figyelm\u00fcnk k\u00f6z\u00e9ppontj\u00e1ba \u00e1ll\u00edtja most Isten ig\u00e9j\u00e9t. Hagyjuk, hogy ma k\u00fcl\u00f6n\u00f6s form\u00e1ban is megsz\u00f3l\u00edtson az Ige.\u00a0 Ehhez egy kis szem\u00e9lyes t\u00f6rt\u00e9netet is szeretn\u00e9k csatolni. 1979-ben, a sikeres \u00e9retts\u00e9gi \u00e9s teol\u00f3giai felv\u00e9telit k\u00f6vet\u0151en katonai szolg\u00e1latra vittek el Kar\u00e1nszebesre (Caransebe\u0219). Term\u00e9szetesen az akkori id\u0151nek megfelel\u0151en benn\u00fcnket, mint leend\u0151 kispapokat k\u00fcl\u00f6n\u00f6s &#8222;b\u00e1n\u00e1sm\u00f3dban&#8221; r\u00e9szes\u00edtettek. B\u0151r\u00f6nd\u00fcnk tartalm\u00e1t, amellyel bevonultunk, alaposan \u00e1tvizsg\u00e1lt\u00e1k. Gyakorlatilag semmilyen szem\u00e9lyes dolgot nem vihett\u00fcnk magunkkal.\u00a0 A katonai szolg\u00e1latot egy\u00fctt t\u00f6lt\u00f6tt\u00fck a reform\u00e1tus teol\u00f3gi\u00e1ra jelentkezett t\u00e1rsainkkal. Ebben a csapatban volt t\u00f6bb nagyszer\u0171 t\u00e1rs is, akik reform\u00e1tus lelk\u00e9szi csal\u00e1db\u00f3l sz\u00e1rmaztak. T\u00f6bbek k\u00f6z\u00f6tt, Horv\u00e1th Levente bar\u00e1tom is. Azt csak \u0151 tudja, hogyan, de neki volt egy kis, akkorra m\u00e1r foszl\u00e1nyos kis Bibli\u00e1ja. Egy id\u0151 ut\u00e1n pedig Levente minden este \u00f6sszegy\u0171jt\u00f6tt benn\u00fcnket, lelem\u00e9nyesek voltunk, megtal\u00e1ltuk a m\u00f3dj\u00e1t, hogy\u00a0 Szent\u00edr\u00e1st olvastunk. Azt\u00e1n elmondtuk, hogyan \u00e9lt\u00fck meg a tan\u00edt\u00e1st azon napon, r\u00f6vid kis, spont\u00e1n foh\u00e1szokat mondtunk, \u00edrtunk, lelki napl\u00f3t vezett\u00fcnk.\u00a0 Szem\u00e9lyes dolgaimat rendezve, nem is olyan r\u00e9gen r\u00e1bukkantam az akkor \u00e1ltalam vezetett szem\u00e9lyes napl\u00f3ra \u00e9s arra a kis szent\u00edr\u00e1sra, amelyet akkori pl\u00e9b\u00e1nosomt\u00f3l kaptam, amikor els\u0151 alkalommal n\u00e9h\u00e1ny napra, az esk\u00fct\u00e9telt k\u00f6vet\u0151en, haza t\u00e1vozhattam. M\u00e1ra digitaliz\u00e1l\u00f3dtunk. Arra viszont van lehet\u0151s\u00e9g mindannyiunknak, hogy naponta n\u00e9h\u00e1ny perc erej\u00e9ig id\u0151t szak\u00edtsunk \u00e9s hagyjuk, hogy Isten ig\u00e9je megsz\u00f3l\u00edtson.\u00a0 Tibor atya OLVASM\u00c1NY J\u00f3n\u00e1s pr\u00f3f\u00e9ta k\u00f6nyv\u00e9b\u0151l (J\u00f3n 3,1-5.10) T\u00f6rt\u00e9nt pedig, hogy az \u00dar m\u00e1sodszor is sz\u00f3lt J\u00f3n\u00e1shoz: \u201eKelj fel, menj el Niniv\u00e9be, a nagy v\u00e1rosba, \u00e9s hirdesd azt, amit majd mondok neked!\u201d J\u00f3n\u00e1s f\u00f6lkelt \u00e9s elment Niniv\u00e9be az \u00dar parancsa szerint. Ninive nagy v\u00e1ros volt, h\u00e1rom napba telt, m\u00edg az ember v\u00e9gig ment rajta. J\u00f3n\u00e1s bement a v\u00e1rosba, megtett egynapi utat, \u00e9s hirdetni kezdte: \u201eM\u00e9g negyven nap, \u00e9s Ninive elpusztul!\u201d Ninive lak\u00f3i hittek az Istennek. B\u00f6jt\u00f6t hirdettek, nagyok... R\u00e9szletek\" \/>\n<meta property=\"og:url\" content=\"https:\/\/stuttgarti-katolikusok.de\/index.php\/evkozi-3-vasarnap-isten-igejenek-vasarnapja-2\/\" \/>\n<meta property=\"og:site_name\" content=\"Stuttgarti Katolikusok\" \/>\n<meta property=\"article:published_time\" content=\"2024-01-20T09:29:52+00:00\" \/>\n<meta property=\"article:modified_time\" content=\"2024-01-20T09:40:09+00:00\" \/>\n<meta property=\"og:image\" content=\"https:\/\/stuttgarti-katolikusok.de\/wp-content\/uploads\/2024\/01\/a-book-1936547-1280.jpg\" \/>\n\t<meta property=\"og:image:width\" content=\"1280\" \/>\n\t<meta property=\"og:image:height\" content=\"723\" \/>\n\t<meta property=\"og:image:type\" content=\"image\/jpeg\" \/>\n<meta name=\"author\" content=\"Tibor atya\" \/>\n<meta name=\"twitter:card\" content=\"summary_large_image\" \/>\n<meta name=\"twitter:label1\" content=\"Szerz\u0151:\" \/>\n\t<meta name=\"twitter:data1\" content=\"Tibor atya\" \/>\n\t<meta name=\"twitter:label2\" content=\"Becs\u00fclt olvas\u00e1si id\u0151\" \/>\n\t<meta name=\"twitter:data2\" content=\"5 perc\" \/>\n<script type=\"application\/ld+json\" class=\"yoast-schema-graph\">{\"@context\":\"https:\\\/\\\/schema.org\",\"@graph\":[{\"@type\":\"Article\",\"@id\":\"https:\\\/\\\/stuttgarti-katolikusok.de\\\/index.php\\\/evkozi-3-vasarnap-isten-igejenek-vasarnapja-2\\\/#article\",\"isPartOf\":{\"@id\":\"https:\\\/\\\/stuttgarti-katolikusok.de\\\/index.php\\\/evkozi-3-vasarnap-isten-igejenek-vasarnapja-2\\\/\"},\"author\":{\"name\":\"Tibor atya\",\"@id\":\"https:\\\/\\\/stuttgarti-katolikusok.de\\\/#\\\/schema\\\/person\\\/75908d6f8fdc03a57889d27209df7795\"},\"headline\":\"\u00c9vk\u00f6zi 3. vas\u00e1rnap \u2013 Isten ig\u00e9j\u00e9nek vas\u00e1rnapja\",\"datePublished\":\"2024-01-20T09:29:52+00:00\",\"dateModified\":\"2024-01-20T09:40:09+00:00\",\"mainEntityOfPage\":{\"@id\":\"https:\\\/\\\/stuttgarti-katolikusok.de\\\/index.php\\\/evkozi-3-vasarnap-isten-igejenek-vasarnapja-2\\\/\"},\"wordCount\":1107,\"image\":{\"@id\":\"https:\\\/\\\/stuttgarti-katolikusok.de\\\/index.php\\\/evkozi-3-vasarnap-isten-igejenek-vasarnapja-2\\\/#primaryimage\"},\"thumbnailUrl\":\"https:\\\/\\\/stuttgarti-katolikusok.de\\\/wp-content\\\/uploads\\\/2024\\\/01\\\/a-book-1936547-1280.jpg\",\"articleSection\":[\"A liturgia olvasm\u00e1nyai\",\"Vas\u00e1rnapi gondolatok\"],\"inLanguage\":\"hu\"},{\"@type\":\"WebPage\",\"@id\":\"https:\\\/\\\/stuttgarti-katolikusok.de\\\/index.php\\\/evkozi-3-vasarnap-isten-igejenek-vasarnapja-2\\\/\",\"url\":\"https:\\\/\\\/stuttgarti-katolikusok.de\\\/index.php\\\/evkozi-3-vasarnap-isten-igejenek-vasarnapja-2\\\/\",\"name\":\"\u00c9vk\u00f6zi 3. vas\u00e1rnap \u2013 Isten ig\u00e9j\u00e9nek vas\u00e1rnapja - Stuttgarti Katolikusok\",\"isPartOf\":{\"@id\":\"https:\\\/\\\/stuttgarti-katolikusok.de\\\/#website\"},\"primaryImageOfPage\":{\"@id\":\"https:\\\/\\\/stuttgarti-katolikusok.de\\\/index.php\\\/evkozi-3-vasarnap-isten-igejenek-vasarnapja-2\\\/#primaryimage\"},\"image\":{\"@id\":\"https:\\\/\\\/stuttgarti-katolikusok.de\\\/index.php\\\/evkozi-3-vasarnap-isten-igejenek-vasarnapja-2\\\/#primaryimage\"},\"thumbnailUrl\":\"https:\\\/\\\/stuttgarti-katolikusok.de\\\/wp-content\\\/uploads\\\/2024\\\/01\\\/a-book-1936547-1280.jpg\",\"datePublished\":\"2024-01-20T09:29:52+00:00\",\"dateModified\":\"2024-01-20T09:40:09+00:00\",\"author\":{\"@id\":\"https:\\\/\\\/stuttgarti-katolikusok.de\\\/#\\\/schema\\\/person\\\/75908d6f8fdc03a57889d27209df7795\"},\"breadcrumb\":{\"@id\":\"https:\\\/\\\/stuttgarti-katolikusok.de\\\/index.php\\\/evkozi-3-vasarnap-isten-igejenek-vasarnapja-2\\\/#breadcrumb\"},\"inLanguage\":\"hu\",\"potentialAction\":[{\"@type\":\"ReadAction\",\"target\":[\"https:\\\/\\\/stuttgarti-katolikusok.de\\\/index.php\\\/evkozi-3-vasarnap-isten-igejenek-vasarnapja-2\\\/\"]}]},{\"@type\":\"ImageObject\",\"inLanguage\":\"hu\",\"@id\":\"https:\\\/\\\/stuttgarti-katolikusok.de\\\/index.php\\\/evkozi-3-vasarnap-isten-igejenek-vasarnapja-2\\\/#primaryimage\",\"url\":\"https:\\\/\\\/stuttgarti-katolikusok.de\\\/wp-content\\\/uploads\\\/2024\\\/01\\\/a-book-1936547-1280.jpg\",\"contentUrl\":\"https:\\\/\\\/stuttgarti-katolikusok.de\\\/wp-content\\\/uploads\\\/2024\\\/01\\\/a-book-1936547-1280.jpg\",\"width\":1280,\"height\":723},{\"@type\":\"BreadcrumbList\",\"@id\":\"https:\\\/\\\/stuttgarti-katolikusok.de\\\/index.php\\\/evkozi-3-vasarnap-isten-igejenek-vasarnapja-2\\\/#breadcrumb\",\"itemListElement\":[{\"@type\":\"ListItem\",\"position\":1,\"name\":\"Kezd\u0151lap\",\"item\":\"https:\\\/\\\/stuttgarti-katolikusok.de\\\/\"},{\"@type\":\"ListItem\",\"position\":2,\"name\":\"\u00c9vk\u00f6zi 3. vas\u00e1rnap \u2013 Isten ig\u00e9j\u00e9nek vas\u00e1rnapja\"}]},{\"@type\":\"WebSite\",\"@id\":\"https:\\\/\\\/stuttgarti-katolikusok.de\\\/#website\",\"url\":\"https:\\\/\\\/stuttgarti-katolikusok.de\\\/\",\"name\":\"Stuttgarti Katolikusok\",\"description\":\"\",\"potentialAction\":[{\"@type\":\"SearchAction\",\"target\":{\"@type\":\"EntryPoint\",\"urlTemplate\":\"https:\\\/\\\/stuttgarti-katolikusok.de\\\/?s={search_term_string}\"},\"query-input\":{\"@type\":\"PropertyValueSpecification\",\"valueRequired\":true,\"valueName\":\"search_term_string\"}}],\"inLanguage\":\"hu\"},{\"@type\":\"Person\",\"@id\":\"https:\\\/\\\/stuttgarti-katolikusok.de\\\/#\\\/schema\\\/person\\\/75908d6f8fdc03a57889d27209df7795\",\"name\":\"Tibor atya\",\"image\":{\"@type\":\"ImageObject\",\"inLanguage\":\"hu\",\"@id\":\"https:\\\/\\\/secure.gravatar.com\\\/avatar\\\/61d268e57d1f4525b111222e29d2d5a7f8c420fdbf231ba5566a8ceac74fa960?s=96&d=mm&r=g\",\"url\":\"https:\\\/\\\/secure.gravatar.com\\\/avatar\\\/61d268e57d1f4525b111222e29d2d5a7f8c420fdbf231ba5566a8ceac74fa960?s=96&d=mm&r=g\",\"contentUrl\":\"https:\\\/\\\/secure.gravatar.com\\\/avatar\\\/61d268e57d1f4525b111222e29d2d5a7f8c420fdbf231ba5566a8ceac74fa960?s=96&d=mm&r=g\",\"caption\":\"Tibor atya\"},\"url\":\"https:\\\/\\\/stuttgarti-katolikusok.de\\\/index.php\\\/author\\\/tibor-atya\\\/\"}]}<\/script>\n<!-- \/ Yoast SEO plugin. -->","yoast_head_json":{"title":"\u00c9vk\u00f6zi 3. vas\u00e1rnap \u2013 Isten ig\u00e9j\u00e9nek vas\u00e1rnapja - Stuttgarti Katolikusok","robots":{"index":"index","follow":"follow","max-snippet":"max-snippet:-1","max-image-preview":"max-image-preview:large","max-video-preview":"max-video-preview:-1"},"canonical":"https:\/\/stuttgarti-katolikusok.de\/index.php\/evkozi-3-vasarnap-isten-igejenek-vasarnapja-2\/","og_locale":"hu_HU","og_type":"article","og_title":"\u00c9vk\u00f6zi 3. vas\u00e1rnap \u2013 Isten ig\u00e9j\u00e9nek vas\u00e1rnapja - Stuttgarti Katolikusok","og_description":"Az \u00c9vk\u00f6zi 3. vas\u00e1rnap egyben az Isten ig\u00e9j\u00e9nek a vas\u00e1rnapja is.\u00a0 A szentmis\u00e9nek 2 fontos r\u00e9sze van: az Ige liturgi\u00e1ja \u00e9s az Eucharisztia liturgi\u00e1ja.\u00a0 \u00c9vk\u00f6zi 3. vas\u00e1rnapon Egyh\u00e1zunk figyelm\u00fcnk k\u00f6z\u00e9ppontj\u00e1ba \u00e1ll\u00edtja most Isten ig\u00e9j\u00e9t. Hagyjuk, hogy ma k\u00fcl\u00f6n\u00f6s form\u00e1ban is megsz\u00f3l\u00edtson az Ige.\u00a0 Ehhez egy kis szem\u00e9lyes t\u00f6rt\u00e9netet is szeretn\u00e9k csatolni. 1979-ben, a sikeres \u00e9retts\u00e9gi \u00e9s teol\u00f3giai felv\u00e9telit k\u00f6vet\u0151en katonai szolg\u00e1latra vittek el Kar\u00e1nszebesre (Caransebe\u0219). Term\u00e9szetesen az akkori id\u0151nek megfelel\u0151en benn\u00fcnket, mint leend\u0151 kispapokat k\u00fcl\u00f6n\u00f6s &#8222;b\u00e1n\u00e1sm\u00f3dban&#8221; r\u00e9szes\u00edtettek. B\u0151r\u00f6nd\u00fcnk tartalm\u00e1t, amellyel bevonultunk, alaposan \u00e1tvizsg\u00e1lt\u00e1k. Gyakorlatilag semmilyen szem\u00e9lyes dolgot nem vihett\u00fcnk magunkkal.\u00a0 A katonai szolg\u00e1latot egy\u00fctt t\u00f6lt\u00f6tt\u00fck a reform\u00e1tus teol\u00f3gi\u00e1ra jelentkezett t\u00e1rsainkkal. Ebben a csapatban volt t\u00f6bb nagyszer\u0171 t\u00e1rs is, akik reform\u00e1tus lelk\u00e9szi csal\u00e1db\u00f3l sz\u00e1rmaztak. T\u00f6bbek k\u00f6z\u00f6tt, Horv\u00e1th Levente bar\u00e1tom is. Azt csak \u0151 tudja, hogyan, de neki volt egy kis, akkorra m\u00e1r foszl\u00e1nyos kis Bibli\u00e1ja. Egy id\u0151 ut\u00e1n pedig Levente minden este \u00f6sszegy\u0171jt\u00f6tt benn\u00fcnket, lelem\u00e9nyesek voltunk, megtal\u00e1ltuk a m\u00f3dj\u00e1t, hogy\u00a0 Szent\u00edr\u00e1st olvastunk. Azt\u00e1n elmondtuk, hogyan \u00e9lt\u00fck meg a tan\u00edt\u00e1st azon napon, r\u00f6vid kis, spont\u00e1n foh\u00e1szokat mondtunk, \u00edrtunk, lelki napl\u00f3t vezett\u00fcnk.\u00a0 Szem\u00e9lyes dolgaimat rendezve, nem is olyan r\u00e9gen r\u00e1bukkantam az akkor \u00e1ltalam vezetett szem\u00e9lyes napl\u00f3ra \u00e9s arra a kis szent\u00edr\u00e1sra, amelyet akkori pl\u00e9b\u00e1nosomt\u00f3l kaptam, amikor els\u0151 alkalommal n\u00e9h\u00e1ny napra, az esk\u00fct\u00e9telt k\u00f6vet\u0151en, haza t\u00e1vozhattam. M\u00e1ra digitaliz\u00e1l\u00f3dtunk. Arra viszont van lehet\u0151s\u00e9g mindannyiunknak, hogy naponta n\u00e9h\u00e1ny perc erej\u00e9ig id\u0151t szak\u00edtsunk \u00e9s hagyjuk, hogy Isten ig\u00e9je megsz\u00f3l\u00edtson.\u00a0 Tibor atya OLVASM\u00c1NY J\u00f3n\u00e1s pr\u00f3f\u00e9ta k\u00f6nyv\u00e9b\u0151l (J\u00f3n 3,1-5.10) T\u00f6rt\u00e9nt pedig, hogy az \u00dar m\u00e1sodszor is sz\u00f3lt J\u00f3n\u00e1shoz: \u201eKelj fel, menj el Niniv\u00e9be, a nagy v\u00e1rosba, \u00e9s hirdesd azt, amit majd mondok neked!\u201d J\u00f3n\u00e1s f\u00f6lkelt \u00e9s elment Niniv\u00e9be az \u00dar parancsa szerint. Ninive nagy v\u00e1ros volt, h\u00e1rom napba telt, m\u00edg az ember v\u00e9gig ment rajta. J\u00f3n\u00e1s bement a v\u00e1rosba, megtett egynapi utat, \u00e9s hirdetni kezdte: \u201eM\u00e9g negyven nap, \u00e9s Ninive elpusztul!\u201d Ninive lak\u00f3i hittek az Istennek. B\u00f6jt\u00f6t hirdettek, nagyok... R\u00e9szletek","og_url":"https:\/\/stuttgarti-katolikusok.de\/index.php\/evkozi-3-vasarnap-isten-igejenek-vasarnapja-2\/","og_site_name":"Stuttgarti Katolikusok","article_published_time":"2024-01-20T09:29:52+00:00","article_modified_time":"2024-01-20T09:40:09+00:00","og_image":[{"width":1280,"height":723,"url":"https:\/\/stuttgarti-katolikusok.de\/wp-content\/uploads\/2024\/01\/a-book-1936547-1280.jpg","type":"image\/jpeg"}],"author":"Tibor atya","twitter_card":"summary_large_image","twitter_misc":{"Szerz\u0151:":"Tibor atya","Becs\u00fclt olvas\u00e1si id\u0151":"5 perc"},"schema":{"@context":"https:\/\/schema.org","@graph":[{"@type":"Article","@id":"https:\/\/stuttgarti-katolikusok.de\/index.php\/evkozi-3-vasarnap-isten-igejenek-vasarnapja-2\/#article","isPartOf":{"@id":"https:\/\/stuttgarti-katolikusok.de\/index.php\/evkozi-3-vasarnap-isten-igejenek-vasarnapja-2\/"},"author":{"name":"Tibor atya","@id":"https:\/\/stuttgarti-katolikusok.de\/#\/schema\/person\/75908d6f8fdc03a57889d27209df7795"},"headline":"\u00c9vk\u00f6zi 3. vas\u00e1rnap \u2013 Isten ig\u00e9j\u00e9nek vas\u00e1rnapja","datePublished":"2024-01-20T09:29:52+00:00","dateModified":"2024-01-20T09:40:09+00:00","mainEntityOfPage":{"@id":"https:\/\/stuttgarti-katolikusok.de\/index.php\/evkozi-3-vasarnap-isten-igejenek-vasarnapja-2\/"},"wordCount":1107,"image":{"@id":"https:\/\/stuttgarti-katolikusok.de\/index.php\/evkozi-3-vasarnap-isten-igejenek-vasarnapja-2\/#primaryimage"},"thumbnailUrl":"https:\/\/stuttgarti-katolikusok.de\/wp-content\/uploads\/2024\/01\/a-book-1936547-1280.jpg","articleSection":["A liturgia olvasm\u00e1nyai","Vas\u00e1rnapi gondolatok"],"inLanguage":"hu"},{"@type":"WebPage","@id":"https:\/\/stuttgarti-katolikusok.de\/index.php\/evkozi-3-vasarnap-isten-igejenek-vasarnapja-2\/","url":"https:\/\/stuttgarti-katolikusok.de\/index.php\/evkozi-3-vasarnap-isten-igejenek-vasarnapja-2\/","name":"\u00c9vk\u00f6zi 3. vas\u00e1rnap \u2013 Isten ig\u00e9j\u00e9nek vas\u00e1rnapja - Stuttgarti Katolikusok","isPartOf":{"@id":"https:\/\/stuttgarti-katolikusok.de\/#website"},"primaryImageOfPage":{"@id":"https:\/\/stuttgarti-katolikusok.de\/index.php\/evkozi-3-vasarnap-isten-igejenek-vasarnapja-2\/#primaryimage"},"image":{"@id":"https:\/\/stuttgarti-katolikusok.de\/index.php\/evkozi-3-vasarnap-isten-igejenek-vasarnapja-2\/#primaryimage"},"thumbnailUrl":"https:\/\/stuttgarti-katolikusok.de\/wp-content\/uploads\/2024\/01\/a-book-1936547-1280.jpg","datePublished":"2024-01-20T09:29:52+00:00","dateModified":"2024-01-20T09:40:09+00:00","author":{"@id":"https:\/\/stuttgarti-katolikusok.de\/#\/schema\/person\/75908d6f8fdc03a57889d27209df7795"},"breadcrumb":{"@id":"https:\/\/stuttgarti-katolikusok.de\/index.php\/evkozi-3-vasarnap-isten-igejenek-vasarnapja-2\/#breadcrumb"},"inLanguage":"hu","potentialAction":[{"@type":"ReadAction","target":["https:\/\/stuttgarti-katolikusok.de\/index.php\/evkozi-3-vasarnap-isten-igejenek-vasarnapja-2\/"]}]},{"@type":"ImageObject","inLanguage":"hu","@id":"https:\/\/stuttgarti-katolikusok.de\/index.php\/evkozi-3-vasarnap-isten-igejenek-vasarnapja-2\/#primaryimage","url":"https:\/\/stuttgarti-katolikusok.de\/wp-content\/uploads\/2024\/01\/a-book-1936547-1280.jpg","contentUrl":"https:\/\/stuttgarti-katolikusok.de\/wp-content\/uploads\/2024\/01\/a-book-1936547-1280.jpg","width":1280,"height":723},{"@type":"BreadcrumbList","@id":"https:\/\/stuttgarti-katolikusok.de\/index.php\/evkozi-3-vasarnap-isten-igejenek-vasarnapja-2\/#breadcrumb","itemListElement":[{"@type":"ListItem","position":1,"name":"Kezd\u0151lap","item":"https:\/\/stuttgarti-katolikusok.de\/"},{"@type":"ListItem","position":2,"name":"\u00c9vk\u00f6zi 3. vas\u00e1rnap \u2013 Isten ig\u00e9j\u00e9nek vas\u00e1rnapja"}]},{"@type":"WebSite","@id":"https:\/\/stuttgarti-katolikusok.de\/#website","url":"https:\/\/stuttgarti-katolikusok.de\/","name":"Stuttgarti Katolikusok","description":"","potentialAction":[{"@type":"SearchAction","target":{"@type":"EntryPoint","urlTemplate":"https:\/\/stuttgarti-katolikusok.de\/?s={search_term_string}"},"query-input":{"@type":"PropertyValueSpecification","valueRequired":true,"valueName":"search_term_string"}}],"inLanguage":"hu"},{"@type":"Person","@id":"https:\/\/stuttgarti-katolikusok.de\/#\/schema\/person\/75908d6f8fdc03a57889d27209df7795","name":"Tibor atya","image":{"@type":"ImageObject","inLanguage":"hu","@id":"https:\/\/secure.gravatar.com\/avatar\/61d268e57d1f4525b111222e29d2d5a7f8c420fdbf231ba5566a8ceac74fa960?s=96&d=mm&r=g","url":"https:\/\/secure.gravatar.com\/avatar\/61d268e57d1f4525b111222e29d2d5a7f8c420fdbf231ba5566a8ceac74fa960?s=96&d=mm&r=g","contentUrl":"https:\/\/secure.gravatar.com\/avatar\/61d268e57d1f4525b111222e29d2d5a7f8c420fdbf231ba5566a8ceac74fa960?s=96&d=mm&r=g","caption":"Tibor atya"},"url":"https:\/\/stuttgarti-katolikusok.de\/index.php\/author\/tibor-atya\/"}]}},"_links":{"self":[{"href":"https:\/\/stuttgarti-katolikusok.de\/index.php\/wp-json\/wp\/v2\/posts\/28207","targetHints":{"allow":["GET"]}}],"collection":[{"href":"https:\/\/stuttgarti-katolikusok.de\/index.php\/wp-json\/wp\/v2\/posts"}],"about":[{"href":"https:\/\/stuttgarti-katolikusok.de\/index.php\/wp-json\/wp\/v2\/types\/post"}],"author":[{"embeddable":true,"href":"https:\/\/stuttgarti-katolikusok.de\/index.php\/wp-json\/wp\/v2\/users\/3"}],"replies":[{"embeddable":true,"href":"https:\/\/stuttgarti-katolikusok.de\/index.php\/wp-json\/wp\/v2\/comments?post=28207"}],"version-history":[{"count":7,"href":"https:\/\/stuttgarti-katolikusok.de\/index.php\/wp-json\/wp\/v2\/posts\/28207\/revisions"}],"predecessor-version":[{"id":28215,"href":"https:\/\/stuttgarti-katolikusok.de\/index.php\/wp-json\/wp\/v2\/posts\/28207\/revisions\/28215"}],"wp:featuredmedia":[{"embeddable":true,"href":"https:\/\/stuttgarti-katolikusok.de\/index.php\/wp-json\/wp\/v2\/media\/28208"}],"wp:attachment":[{"href":"https:\/\/stuttgarti-katolikusok.de\/index.php\/wp-json\/wp\/v2\/media?parent=28207"}],"wp:term":[{"taxonomy":"category","embeddable":true,"href":"https:\/\/stuttgarti-katolikusok.de\/index.php\/wp-json\/wp\/v2\/categories?post=28207"},{"taxonomy":"post_tag","embeddable":true,"href":"https:\/\/stuttgarti-katolikusok.de\/index.php\/wp-json\/wp\/v2\/tags?post=28207"}],"curies":[{"name":"wp","href":"https:\/\/api.w.org\/{rel}","templated":true}]}}