{"id":28174,"date":"2024-01-13T12:18:08","date_gmt":"2024-01-13T11:18:08","guid":{"rendered":"https:\/\/stuttgarti-katolikusok.de\/?p=28174"},"modified":"2024-01-13T12:18:08","modified_gmt":"2024-01-13T11:18:08","slug":"evkozi-2-vasarnap-3","status":"publish","type":"post","link":"https:\/\/stuttgarti-katolikusok.de\/index.php\/evkozi-2-vasarnap-3\/","title":{"rendered":"\u00c9vk\u00f6zi 2. vas\u00e1rnap"},"content":{"rendered":"<p align=\"justify\"><strong><em><span style=\"color: #008000;\">Az \u00e9vk\u00f6zi 2. vas\u00e1rnap szent\u00edr\u00e1si szakaszai ism\u00e9telten sok-sok gondolattal aj\u00e1nd\u00e9koznak meg benn\u00fcnket.\u00a0<\/span><\/em><\/strong><\/p>\n<p><em><span style=\"color: #008000;\">&#8211; Megnyer\u0151 sz\u00e1momra a gyermek S\u00e1muel naivit\u00e1sa \u00e9s \u0151szintes\u00e9ge. Az, ahogyan k\u00e9szs\u00e9ggel v\u00e1laszol az \u00dar h\u00edv\u00f3 szav\u00e1ra: \u201eSz\u00f3lj, Uram, hallja a te szolg\u00e1d?\u201d Ezen vallom\u00e1s megsz\u00fclet\u00e9s\u00e9ig pedig egy utat kell bej\u00e1rnia, m\u00edg v\u00e9gre megbizonyosodik, hogy az \u00dar sz\u00f3l\u00edtotta meg \u0151t.<\/span><\/em><\/p>\n<p align=\"justify\"><em><span style=\"color: #008000;\">&#8211; &#8222;Nem tudj\u00e1tok, hogy testetek Krisztus tagja?&#8221; &#8211; Szent P\u00e1l apostol ezen mondata sokkal ink\u00e1bb b\u00e1tor\u00edt\u00e1s \u00e9s biztat\u00e1s, mintsem figyelmeztet\u00e9s. A mai, testkultuszra \u00e9p\u00fcl\u0151 vil\u00e1gban k\u00fcl\u00f6n\u00f6s s\u00falya van e mondatnak. S ha ehhez hozz\u00e1vessz\u00fck, hogy test\u00fcnk a benn\u00fcnk lak\u00f3 Szentl\u00e9lek temploma, igencsak fel\u00e9rt\u00e9kel\u0151dik az a fajta felel\u0151ss\u00e9g, amellyel test\u00fcnknek is tartozunk. Kereszt\u00e9nyi hivat\u00e1sunk: Istent megdics\u0151\u00edteni test\u00fcnkben.<\/span><\/em><\/p>\n<p align=\"justify\"><em><span style=\"color: #008000;\">&#8211; A mai evang\u00e9lium sz\u00e1momra megkap\u00f3 jelenete: Andr\u00e1s, miut\u00e1n tal\u00e1lkozik J\u00e9zussal, \u00e9s ez \u00f3ri\u00e1si hat\u00e1ssal van r\u00e1, azonnal cselekszik. Az els\u0151, akivel tal\u00e1lkozik, testv\u00e9re Simon. Nem habozik, elviszi \u0151t J\u00e9zushoz. \u00c9ppen erre a l\u00e9p\u00e9sre volt sz\u00fcks\u00e9g, hogy J\u00e9zus megsz\u00f3l\u00edthassa Simont: \u201eTe Simon vagy, J\u00e1nos fia, de K\u00e9f\u00e1snak, azaz P\u00e9ternek fognak h\u00edvni.\u201d<\/span><\/em><\/p>\n<p align=\"justify\"><em><strong><span style=\"color: #008000;\">OLVASM\u00c1NY S\u00e1muel els\u0151 k\u00f6nyv\u00e9b\u0151l (1S\u00e1m 3,3b-10.19)<\/span><\/strong><\/em><br \/>\nS\u00e1muel, gyermekkor\u00e1t\u00f3l fogva \u00c9li f\u0151pap mellett az \u00darnak szolg\u00e1lt. Az \u00dartemplom\u00e1ban aludt, ahol az Isten l\u00e1d\u00e1ja volt. Az \u00dar megsz\u00f3l\u00edtotta: \u201eS\u00e1muel, S\u00e1muel!\u201d A gyermek ezt felelte: \u201eItt vagyok.\u201d Azt\u00e1n odafutott \u00c9lihez, \u00e9s azt mondta: \u201eItt vagyok, h\u00edvt\u00e1l.\u201d \u00c9li ezt v\u00e1laszolta: \u201e\u00c9n nem h\u00edvtalak, fek\u00fcdj le \u00e9s aludj.\u201d Erre elment, \u00e9s lefek\u00fcdt aludni.<br \/>\nAz \u00dar azonban \u00fajra sz\u00f3l\u00edtotta S\u00e1muelt. S\u00e1muel f\u00f6lkelt, odament \u00c9lihez, \u00e9s azt mondta: \u201eItt vagyok, h\u00edvt\u00e1l.\u201d \u0150 azt felelte: \u201eNem h\u00edvtalak, fiam, fek\u00fcdj le \u00e9s aludj!\u201d S\u00e1muel ugyanis m\u00e9g nem ismerte az Urat, mert az \u00dar szava m\u00e9g nem nyilatkozott meg neki.<br \/>\nEzut\u00e1n az \u00dar ism\u00e9t sz\u00f3l\u00edtotta S\u00e1muelt, harmadszorra. Az f\u00f6lkelt, odament \u00c9lihez, \u00e9s \u00edgy sz\u00f3lt: \u201eItt vagyok, h\u00edvt\u00e1l.\u201d Erre \u00c9li meg\u00e9rtette, hogy az \u00dar sz\u00f3l\u00edtotta a fi\u00fat. Ez\u00e9rt azt mondta S\u00e1muelnek: \u201eMenj, fek\u00fcdj le \u00e9s aludj, azt\u00e1n ha valaki sz\u00f3l\u00edt, \u00edgy v\u00e1laszolj: \u00bbSz\u00f3lj, Uram, hallja a te szolg\u00e1d.\u00ab\u201d S\u00e1muel elment \u00e9s visszafek\u00fcdt a hely\u00e9re.<br \/>\nAkkor megjelent az \u00dar meg\u00e1llt el\u0151tte \u00e9s sz\u00f3l\u00edtotta mint az el\u0151z\u0151 alkalommal: \u201eS\u00e1muel, S\u00e1muel!\u201d \u00c9s S\u00e1muel \u00edgy v\u00e1laszolt: \u201eSz\u00f3lj, Uram, hallja a te szolg\u00e1d?\u201d<br \/>\nS\u00e1muel n\u00f6vekedett, az \u00dar pedig vele volt, \u00e9s nem hagyta, hogy egyetlen szava is meghi\u00fasuljon.<br \/>\nEz az Isten ig\u00e9je.<\/p>\n<p align=\"justify\"><em><strong><span style=\"color: #008000;\">V\u00c1LASZOS ZSOLT\u00c1R (Zsolt 39,2 \u00e9s 4ab.7-8a.8b-9.10)<\/span><\/strong><\/em><br \/>\nV\u00e1lasz:\u00a0<strong>\u00cdme,\u00a0<u>el<\/u>j\u00f6v\u00f6k, Uram, * hogy teljes\u00edtsem\u00a0<u>azt<\/u>, amit k\u00edv\u00e1nsz.<\/strong>\u00a0(7b. t\u00f3nus.)<br \/>\nEl\u0151\u00e9nekes: V\u00e1rva\u00a0<u>v\u00e1r<\/u>tam az Urat, * \u00e9s \u0151\u00a0<u>le<\/u>hajolt hozz\u00e1m.<br \/>\n\u00daj \u00e9neket\u00a0<u>a<\/u>dott az ajkamra, * Isten\u00fcnknek\u00a0<u>zen<\/u>g\u0151 \u00e9neket.<br \/>\nH\u00edvek:\u00a0<strong>\u00cdme,\u00a0<u>el<\/u>j\u00f6v\u00f6k, Uram, * hogy teljes\u00edtsem\u00a0<u>azt<\/u>, amit k\u00edv\u00e1nsz.<\/strong><br \/>\nE: Sem v\u00e9res, sem \u00e9tel\u00e1ldozat\u00a0<u>nem<\/u>\u00a0kellett neked, * f\u00fclemet azonban\u00a0<u>meg<\/u>nyitottad.<br \/>\nNem k\u00f6vetelt\u00e9l \u00e9g\u0151- \u00e9s engesztel\u0151\u00a0<u>\u00e1l<\/u>dozatot, * \u00edgy sz\u00f3ltam akkor: \u201e<u>\u00cd<\/u>me, elj\u00f6v\u00f6k.\u201d<br \/>\nH:\u00a0<strong>\u00cdme,\u00a0<u>el<\/u>j\u00f6v\u00f6k, Uram, * hogy teljes\u00edtsem\u00a0<u>azt<\/u>, amit k\u00edv\u00e1nsz.<\/strong><br \/>\nE: A k\u00f6nyvtekercsben\u00a0<u>r\u00f3<\/u>lam \u00edrva \u00e1ll, * hogy akaratodat\u00a0<u>tel<\/u>jes\u00edtsem.<br \/>\nErre\u00a0<u>v\u00e1<\/u>gyom, Istenem, * t\u00f6rv\u00e9nyed sz\u00edvemet\u00a0<u>\u00f6<\/u>r\u00f6mmel t\u00f6lti el.<br \/>\nH:\u00a0<strong>\u00cdme,\u00a0<u>el<\/u>j\u00f6v\u00f6k, Uram, * hogy teljes\u00edtsem\u00a0<u>azt<\/u>, amit k\u00edv\u00e1nsz.<\/strong><br \/>\nE: Igazs\u00e1godat hirdetem a nagy\u00a0<u>k\u00f6<\/u>z\u00f6ss\u00e9gben, * ajkam el nem hallgat,\u00a0<u>U<\/u>ram, j\u00f3l tudod.<br \/>\nH:\u00a0<strong>\u00cdme,\u00a0<u>el<\/u>j\u00f6v\u00f6k, Uram, * hogy teljes\u00edtsem\u00a0<u>azt<\/u>, amit k\u00edv\u00e1nsz.<\/strong><\/p>\n<p align=\"justify\"><em><strong><span style=\"color: #008000;\">SZENTLECKE Szent P\u00e1l apostolnak a korintusiakhoz \u00edrt els\u0151 level\u00e9b\u0151l (1Kor 6,13c-15a.17-20)<\/span><\/strong><\/em><br \/>\nTestv\u00e9reim! A test nem a kicsapong\u00e1s\u00e9rt van, hanem az \u00dar\u00e9rt, az \u00dar pedig a test\u00e9rt. Isten ugyanis felt\u00e1masztotta az Urat, \u00e9s hatalm\u00e1val minket is felt\u00e1maszt.<br \/>\nNem tudj\u00e1tok, hogy testetek Krisztus tagja? Aki azonban az \u00darral egyes\u00fcl, egy l\u00e9lek vele.<br \/>\nKer\u00fclj\u00e9tek a testis\u00e9g b\u0171n\u00e9t! Minden b\u0171n, amelyet az ember elk\u00f6vet, a test\u00e9n k\u00edv\u00fcl van, de a kicsapong\u00f3 a tulajdon teste ellen v\u00e9t. Nem tudj\u00e1tok, hogy testetek a bennetek lak\u00f3 Szentl\u00e9lek temploma, akit Istent\u0151l kaptatok? Nem tudj\u00e1tok, hogy nem vagytok a magatok\u00e9? Nagy volt a ti v\u00e1lts\u00e1gd\u00edjatok. Dics\u0151\u00edts\u00e9tek meg teh\u00e1t Istent testetekben!<br \/>\nEz az Isten ig\u00e9je.<\/p>\n<p align=\"justify\">\n<em><strong><span style=\"color: #008000;\">ALLELUJA<\/span><\/strong><\/em><br \/>\nMegtal\u00e1ltuk a Messi\u00e1st, azaz\u00a0<u>Krisz<\/u>tust, * kegyelmet \u00e9s igazs\u00e1got kap<u>tunk<\/u>\u00a0\u00e1ltala. (Jn 1,41. 17b \u2013 10. t\u00f3nus.)<\/p>\n<p align=\"justify\"><em><strong><span style=\"color: #008000;\">\u2020 EVANG\u00c9LIUM Szent J\u00e1nos k\u00f6nyv\u00e9b\u0151l (Jn 1,35-42)<\/span><\/strong><\/em><br \/>\nAbban az id\u0151ben ott \u00e1llt (Keresztel\u0151) J\u00e1nos k\u00e9t tan\u00edtv\u00e1ny\u00e1val, \u00e9s mihelyt megl\u00e1tta J\u00e9zust, amint k\u00f6zeledett, \u00edgy sz\u00f3lt: \u201eN\u00e9zz\u00e9tek, az Isten B\u00e1r\u00e1nya!\u201d K\u00e9t tan\u00edtv\u00e1nya hallotta, hogy (J\u00e1nos) ezt mondta , \u00e9s k\u00f6vetni kezdte J\u00e9zust. Amikor J\u00e9zus megfordult, s l\u00e1tta, hogy k\u00f6vetik, megk\u00e9rdezte: \u201eMit k\u00edv\u00e1ntok?\u201d<br \/>\nAzok ezt felelt\u00e9k: \u201eRabbi \u2013 ami annyit jelent, hogy Mester \u2013, hol laksz?\u201d<br \/>\n\u201eJ\u00f6jjetek, n\u00e9zz\u00e9tek meg!\u201d \u2013 mondta nekik. Elmentek teh\u00e1t vele, megn\u00e9zt\u00e9k, hogy hol lakik, \u00e9s aznap n\u00e1la maradtak. Ez a tizedik \u00f3ra ige k\u00f6r\u00fcl volt.<br \/>\nA kett\u0151 k\u00f6z\u00fcl, akik hallott\u00e1k ezt J\u00e1nost\u00f3l \u00e9s k\u00f6vett\u00e9k (J\u00e9zust), az egyik , Andr\u00e1s volt, Simon P\u00e9ter testv\u00e9re. \u0150 el\u0151sz\u00f6r testv\u00e9r\u00e9vel, Simonnal tal\u00e1lkozott, \u00e9s sz\u00f3lt neki: \u201eMegtal\u00e1ltuk a Messi\u00e1st, vagy m\u00e1s sz\u00f3val a F\u00f6lkentet\u201d, \u00e9s elvitte J\u00e9zushoz.<br \/>\nJ\u00e9zus r\u00e1tekintett, \u00e9s \u00edgy sz\u00f3lt hozz\u00e1: \u201eTe Simon vagy, J\u00e1nos fia, de K\u00e9f\u00e1snak, azaz P\u00e9ternek fognak h\u00edvni.\u201d<br \/>\nEzek az evang\u00e9lium ig\u00e9i.<\/p>\n<p><em><strong><span style=\"color: #008000;\">EGYETEMES K\u00d6NY\u00d6RG\u00c9SEK<\/span><\/strong><\/em><br \/>\nPap: K\u00e9rj\u00fck, testv\u00e9reim, Urunkat, hogy mindig figyelmesen hallgassunk szav\u00e1ra!<br \/>\nLektor:<br \/>\n1. Tedd, Urunk, k\u00e9szs\u00e9gess\u00e9 sz\u00edv\u00fcnket tan\u00edt\u00e1sod befogad\u00e1s\u00e1ra!<br \/>\nH\u00edvek: K\u00e9r\u00fcnk T\u00e9ged, hallgass meg minket!<br \/>\n2. Seg\u00edtsd apostoli munk\u00e1j\u00e1ban az Egyh\u00e1zat, hogy hozz\u00e1d vezethesse a n\u00e9peket!<br \/>\nH\u00edvek: K\u00e9r\u00fcnk T\u00e9ged, hallgass meg minket!<br \/>\n3. Ir\u00e1ny\u00edtsd a n\u00e9pek vezet\u0151it, hogy hatalmukat az eg\u00e9sz emberis\u00e9g jav\u00e1ra haszn\u00e1lj\u00e1k!<br \/>\nH\u00edvek: K\u00e9r\u00fcnk T\u00e9ged, hallgass meg minket!<br \/>\n4. Add, hogy szeress\u00fck a templomot, a te hajl\u00e9kodat, ahol veled tal\u00e1lkozhatunk!<br \/>\nH\u00edvek: K\u00e9r\u00fcnk T\u00e9ged, hallgass meg minket!<br \/>\n5. Adj enyh\u00fcl\u00e9st \u00e9s gy\u00f3gyul\u00e1st szenved\u0151 \u00e9s beteg testv\u00e9reinknek!<br \/>\nH\u00edvek: K\u00e9r\u00fcnk T\u00e9ged, hallgass meg minket!<br \/>\nPap: Isten\u00fcnk, seg\u00edts minket kegyelmeddel, hogy testben \u00e9s l\u00e9lekben egyar\u00e1nt neked szolg\u00e1ljunk, \u00e9s ez\u00e1ltal eljussunk az \u00fcdv\u00f6ss\u00e9gre! Krisztus, a mi Urunk \u00e1ltal.<br \/>\nH\u00edvek: \u00c1men.<\/p>\n<p><em>(K\u00e9p forr\u00e1sa: Instagram)<\/em><\/p>\n","protected":false},"excerpt":{"rendered":"<p>Az \u00e9vk\u00f6zi 2. vas\u00e1rnap szent\u00edr\u00e1si szakaszai ism\u00e9telten sok-sok gondolattal aj\u00e1nd\u00e9koznak meg benn\u00fcnket.\u00a0 &#8211; Megnyer\u0151 sz\u00e1momra a gyermek S\u00e1muel naivit\u00e1sa \u00e9s \u0151szintes\u00e9ge. Az, ahogyan k\u00e9szs\u00e9ggel v\u00e1laszol az \u00dar h\u00edv\u00f3 szav\u00e1ra: \u201eSz\u00f3lj, Uram, hallja a te szolg\u00e1d?\u201d Ezen vallom\u00e1s megsz\u00fclet\u00e9s\u00e9ig pedig egy utat kell bej\u00e1rnia, m\u00edg v\u00e9gre megbizonyosodik, hogy az \u00dar sz\u00f3l\u00edtotta meg \u0151t. &#8211; &#8222;Nem tudj\u00e1tok, hogy testetek Krisztus tagja?&#8221; &#8211; Szent P\u00e1l apostol ezen mondata sokkal ink\u00e1bb b\u00e1tor\u00edt\u00e1s \u00e9s biztat\u00e1s, mintsem figyelmeztet\u00e9s. A mai, testkultuszra \u00e9p\u00fcl\u0151 vil\u00e1gban k\u00fcl\u00f6n\u00f6s s\u00falya van e mondatnak. S ha ehhez hozz\u00e1vessz\u00fck, hogy test\u00fcnk a benn\u00fcnk lak\u00f3 Szentl\u00e9lek temploma, igencsak fel\u00e9rt\u00e9kel\u0151dik az a fajta felel\u0151ss\u00e9g, amellyel test\u00fcnknek is tartozunk. Kereszt\u00e9nyi hivat\u00e1sunk: Istent megdics\u0151\u00edteni test\u00fcnkben. &#8211; A mai evang\u00e9lium sz\u00e1momra megkap\u00f3 jelenete: Andr\u00e1s, miut\u00e1n tal\u00e1lkozik J\u00e9zussal, \u00e9s ez \u00f3ri\u00e1si hat\u00e1ssal van r\u00e1, azonnal cselekszik. Az els\u0151, akivel tal\u00e1lkozik, testv\u00e9re Simon. Nem habozik, elviszi \u0151t J\u00e9zushoz. \u00c9ppen erre a l\u00e9p\u00e9sre volt sz\u00fcks\u00e9g, hogy J\u00e9zus megsz\u00f3l\u00edthassa Simont: \u201eTe Simon vagy, J\u00e1nos fia, de K\u00e9f\u00e1snak, azaz P\u00e9ternek fognak h\u00edvni.\u201d OLVASM\u00c1NY S\u00e1muel els\u0151 k\u00f6nyv\u00e9b\u0151l (1S\u00e1m 3,3b-10.19) S\u00e1muel, gyermekkor\u00e1t\u00f3l fogva \u00c9li f\u0151pap mellett az \u00darnak szolg\u00e1lt. Az \u00dartemplom\u00e1ban aludt, ahol az Isten l\u00e1d\u00e1ja volt. Az \u00dar megsz\u00f3l\u00edtotta: \u201eS\u00e1muel, S\u00e1muel!\u201d A gyermek ezt felelte: \u201eItt vagyok.\u201d Azt\u00e1n odafutott \u00c9lihez, \u00e9s azt mondta: \u201eItt vagyok, h\u00edvt\u00e1l.\u201d \u00c9li ezt v\u00e1laszolta: \u201e\u00c9n nem h\u00edvtalak, fek\u00fcdj le \u00e9s aludj.\u201d Erre elment, \u00e9s lefek\u00fcdt aludni. Az \u00dar azonban \u00fajra sz\u00f3l\u00edtotta S\u00e1muelt. S\u00e1muel f\u00f6lkelt, odament \u00c9lihez, \u00e9s azt mondta: \u201eItt vagyok, h\u00edvt\u00e1l.\u201d \u0150 azt felelte: \u201eNem h\u00edvtalak, fiam, fek\u00fcdj le \u00e9s aludj!\u201d S\u00e1muel ugyanis m\u00e9g nem ismerte az Urat, mert az \u00dar szava m\u00e9g nem nyilatkozott meg neki. Ezut\u00e1n az \u00dar ism\u00e9t sz\u00f3l\u00edtotta S\u00e1muelt, harmadszorra. Az f\u00f6lkelt, odament \u00c9lihez, \u00e9s \u00edgy sz\u00f3lt: \u201eItt vagyok, h\u00edvt\u00e1l.\u201d Erre \u00c9li meg\u00e9rtette, hogy az \u00dar sz\u00f3l\u00edtotta a fi\u00fat. Ez\u00e9rt azt mondta S\u00e1muelnek: \u201eMenj, fek\u00fcdj le \u00e9s aludj, azt\u00e1n ha valaki sz\u00f3l\u00edt, \u00edgy v\u00e1laszolj:&#8230; <\/p>\n<p><a class=\"readmore\" href=\"https:\/\/stuttgarti-katolikusok.de\/index.php\/evkozi-2-vasarnap-3\/\">R\u00e9szletek<\/a><\/p>\n","protected":false},"author":3,"featured_media":28175,"comment_status":"closed","ping_status":"closed","sticky":false,"template":"","format":"standard","meta":{"footnotes":""},"categories":[85,63],"tags":[],"class_list":["post-28174","post","type-post","status-publish","format-standard","has-post-thumbnail","hentry","category-a-liturgia-olvasmanyai","category-vasarnapi-gondolatok"],"yoast_head":"<!-- This site is optimized with the Yoast SEO plugin v27.3 - https:\/\/yoast.com\/product\/yoast-seo-wordpress\/ -->\n<title>\u00c9vk\u00f6zi 2. vas\u00e1rnap - Stuttgarti Katolikusok<\/title>\n<meta name=\"robots\" content=\"index, follow, max-snippet:-1, max-image-preview:large, max-video-preview:-1\" \/>\n<link rel=\"canonical\" href=\"https:\/\/stuttgarti-katolikusok.de\/index.php\/evkozi-2-vasarnap-3\/\" \/>\n<meta property=\"og:locale\" content=\"hu_HU\" \/>\n<meta property=\"og:type\" content=\"article\" \/>\n<meta property=\"og:title\" content=\"\u00c9vk\u00f6zi 2. vas\u00e1rnap - Stuttgarti Katolikusok\" \/>\n<meta property=\"og:description\" content=\"Az \u00e9vk\u00f6zi 2. vas\u00e1rnap szent\u00edr\u00e1si szakaszai ism\u00e9telten sok-sok gondolattal aj\u00e1nd\u00e9koznak meg benn\u00fcnket.\u00a0 &#8211; Megnyer\u0151 sz\u00e1momra a gyermek S\u00e1muel naivit\u00e1sa \u00e9s \u0151szintes\u00e9ge. Az, ahogyan k\u00e9szs\u00e9ggel v\u00e1laszol az \u00dar h\u00edv\u00f3 szav\u00e1ra: \u201eSz\u00f3lj, Uram, hallja a te szolg\u00e1d?\u201d Ezen vallom\u00e1s megsz\u00fclet\u00e9s\u00e9ig pedig egy utat kell bej\u00e1rnia, m\u00edg v\u00e9gre megbizonyosodik, hogy az \u00dar sz\u00f3l\u00edtotta meg \u0151t. &#8211; &#8222;Nem tudj\u00e1tok, hogy testetek Krisztus tagja?&#8221; &#8211; Szent P\u00e1l apostol ezen mondata sokkal ink\u00e1bb b\u00e1tor\u00edt\u00e1s \u00e9s biztat\u00e1s, mintsem figyelmeztet\u00e9s. A mai, testkultuszra \u00e9p\u00fcl\u0151 vil\u00e1gban k\u00fcl\u00f6n\u00f6s s\u00falya van e mondatnak. S ha ehhez hozz\u00e1vessz\u00fck, hogy test\u00fcnk a benn\u00fcnk lak\u00f3 Szentl\u00e9lek temploma, igencsak fel\u00e9rt\u00e9kel\u0151dik az a fajta felel\u0151ss\u00e9g, amellyel test\u00fcnknek is tartozunk. Kereszt\u00e9nyi hivat\u00e1sunk: Istent megdics\u0151\u00edteni test\u00fcnkben. &#8211; A mai evang\u00e9lium sz\u00e1momra megkap\u00f3 jelenete: Andr\u00e1s, miut\u00e1n tal\u00e1lkozik J\u00e9zussal, \u00e9s ez \u00f3ri\u00e1si hat\u00e1ssal van r\u00e1, azonnal cselekszik. Az els\u0151, akivel tal\u00e1lkozik, testv\u00e9re Simon. Nem habozik, elviszi \u0151t J\u00e9zushoz. \u00c9ppen erre a l\u00e9p\u00e9sre volt sz\u00fcks\u00e9g, hogy J\u00e9zus megsz\u00f3l\u00edthassa Simont: \u201eTe Simon vagy, J\u00e1nos fia, de K\u00e9f\u00e1snak, azaz P\u00e9ternek fognak h\u00edvni.\u201d OLVASM\u00c1NY S\u00e1muel els\u0151 k\u00f6nyv\u00e9b\u0151l (1S\u00e1m 3,3b-10.19) S\u00e1muel, gyermekkor\u00e1t\u00f3l fogva \u00c9li f\u0151pap mellett az \u00darnak szolg\u00e1lt. Az \u00dartemplom\u00e1ban aludt, ahol az Isten l\u00e1d\u00e1ja volt. Az \u00dar megsz\u00f3l\u00edtotta: \u201eS\u00e1muel, S\u00e1muel!\u201d A gyermek ezt felelte: \u201eItt vagyok.\u201d Azt\u00e1n odafutott \u00c9lihez, \u00e9s azt mondta: \u201eItt vagyok, h\u00edvt\u00e1l.\u201d \u00c9li ezt v\u00e1laszolta: \u201e\u00c9n nem h\u00edvtalak, fek\u00fcdj le \u00e9s aludj.\u201d Erre elment, \u00e9s lefek\u00fcdt aludni. Az \u00dar azonban \u00fajra sz\u00f3l\u00edtotta S\u00e1muelt. S\u00e1muel f\u00f6lkelt, odament \u00c9lihez, \u00e9s azt mondta: \u201eItt vagyok, h\u00edvt\u00e1l.\u201d \u0150 azt felelte: \u201eNem h\u00edvtalak, fiam, fek\u00fcdj le \u00e9s aludj!\u201d S\u00e1muel ugyanis m\u00e9g nem ismerte az Urat, mert az \u00dar szava m\u00e9g nem nyilatkozott meg neki. Ezut\u00e1n az \u00dar ism\u00e9t sz\u00f3l\u00edtotta S\u00e1muelt, harmadszorra. Az f\u00f6lkelt, odament \u00c9lihez, \u00e9s \u00edgy sz\u00f3lt: \u201eItt vagyok, h\u00edvt\u00e1l.\u201d Erre \u00c9li meg\u00e9rtette, hogy az \u00dar sz\u00f3l\u00edtotta a fi\u00fat. Ez\u00e9rt azt mondta S\u00e1muelnek: \u201eMenj, fek\u00fcdj le \u00e9s aludj, azt\u00e1n ha valaki sz\u00f3l\u00edt, \u00edgy v\u00e1laszolj:... R\u00e9szletek\" \/>\n<meta property=\"og:url\" content=\"https:\/\/stuttgarti-katolikusok.de\/index.php\/evkozi-2-vasarnap-3\/\" \/>\n<meta property=\"og:site_name\" content=\"Stuttgarti Katolikusok\" \/>\n<meta property=\"article:published_time\" content=\"2024-01-13T11:18:08+00:00\" \/>\n<meta property=\"og:image\" content=\"https:\/\/stuttgarti-katolikusok.de\/wp-content\/uploads\/2024\/01\/whatsapp-kep-2024-01-10-185622-d7131a11.jpg\" \/>\n\t<meta property=\"og:image:width\" content=\"1080\" \/>\n\t<meta property=\"og:image:height\" content=\"1003\" \/>\n\t<meta property=\"og:image:type\" content=\"image\/jpeg\" \/>\n<meta name=\"author\" content=\"Tibor atya\" \/>\n<meta name=\"twitter:card\" content=\"summary_large_image\" \/>\n<meta name=\"twitter:label1\" content=\"Szerz\u0151:\" \/>\n\t<meta name=\"twitter:data1\" content=\"Tibor atya\" \/>\n\t<meta name=\"twitter:label2\" content=\"Becs\u00fclt olvas\u00e1si id\u0151\" \/>\n\t<meta name=\"twitter:data2\" content=\"6 perc\" \/>\n<script type=\"application\/ld+json\" class=\"yoast-schema-graph\">{\"@context\":\"https:\\\/\\\/schema.org\",\"@graph\":[{\"@type\":\"Article\",\"@id\":\"https:\\\/\\\/stuttgarti-katolikusok.de\\\/index.php\\\/evkozi-2-vasarnap-3\\\/#article\",\"isPartOf\":{\"@id\":\"https:\\\/\\\/stuttgarti-katolikusok.de\\\/index.php\\\/evkozi-2-vasarnap-3\\\/\"},\"author\":{\"name\":\"Tibor atya\",\"@id\":\"https:\\\/\\\/stuttgarti-katolikusok.de\\\/#\\\/schema\\\/person\\\/75908d6f8fdc03a57889d27209df7795\"},\"headline\":\"\u00c9vk\u00f6zi 2. vas\u00e1rnap\",\"datePublished\":\"2024-01-13T11:18:08+00:00\",\"mainEntityOfPage\":{\"@id\":\"https:\\\/\\\/stuttgarti-katolikusok.de\\\/index.php\\\/evkozi-2-vasarnap-3\\\/\"},\"wordCount\":1252,\"image\":{\"@id\":\"https:\\\/\\\/stuttgarti-katolikusok.de\\\/index.php\\\/evkozi-2-vasarnap-3\\\/#primaryimage\"},\"thumbnailUrl\":\"https:\\\/\\\/stuttgarti-katolikusok.de\\\/wp-content\\\/uploads\\\/2024\\\/01\\\/whatsapp-kep-2024-01-10-185622-d7131a11.jpg\",\"articleSection\":[\"A liturgia olvasm\u00e1nyai\",\"Vas\u00e1rnapi gondolatok\"],\"inLanguage\":\"hu\"},{\"@type\":\"WebPage\",\"@id\":\"https:\\\/\\\/stuttgarti-katolikusok.de\\\/index.php\\\/evkozi-2-vasarnap-3\\\/\",\"url\":\"https:\\\/\\\/stuttgarti-katolikusok.de\\\/index.php\\\/evkozi-2-vasarnap-3\\\/\",\"name\":\"\u00c9vk\u00f6zi 2. vas\u00e1rnap - Stuttgarti Katolikusok\",\"isPartOf\":{\"@id\":\"https:\\\/\\\/stuttgarti-katolikusok.de\\\/#website\"},\"primaryImageOfPage\":{\"@id\":\"https:\\\/\\\/stuttgarti-katolikusok.de\\\/index.php\\\/evkozi-2-vasarnap-3\\\/#primaryimage\"},\"image\":{\"@id\":\"https:\\\/\\\/stuttgarti-katolikusok.de\\\/index.php\\\/evkozi-2-vasarnap-3\\\/#primaryimage\"},\"thumbnailUrl\":\"https:\\\/\\\/stuttgarti-katolikusok.de\\\/wp-content\\\/uploads\\\/2024\\\/01\\\/whatsapp-kep-2024-01-10-185622-d7131a11.jpg\",\"datePublished\":\"2024-01-13T11:18:08+00:00\",\"author\":{\"@id\":\"https:\\\/\\\/stuttgarti-katolikusok.de\\\/#\\\/schema\\\/person\\\/75908d6f8fdc03a57889d27209df7795\"},\"breadcrumb\":{\"@id\":\"https:\\\/\\\/stuttgarti-katolikusok.de\\\/index.php\\\/evkozi-2-vasarnap-3\\\/#breadcrumb\"},\"inLanguage\":\"hu\",\"potentialAction\":[{\"@type\":\"ReadAction\",\"target\":[\"https:\\\/\\\/stuttgarti-katolikusok.de\\\/index.php\\\/evkozi-2-vasarnap-3\\\/\"]}]},{\"@type\":\"ImageObject\",\"inLanguage\":\"hu\",\"@id\":\"https:\\\/\\\/stuttgarti-katolikusok.de\\\/index.php\\\/evkozi-2-vasarnap-3\\\/#primaryimage\",\"url\":\"https:\\\/\\\/stuttgarti-katolikusok.de\\\/wp-content\\\/uploads\\\/2024\\\/01\\\/whatsapp-kep-2024-01-10-185622-d7131a11.jpg\",\"contentUrl\":\"https:\\\/\\\/stuttgarti-katolikusok.de\\\/wp-content\\\/uploads\\\/2024\\\/01\\\/whatsapp-kep-2024-01-10-185622-d7131a11.jpg\",\"width\":1080,\"height\":1003},{\"@type\":\"BreadcrumbList\",\"@id\":\"https:\\\/\\\/stuttgarti-katolikusok.de\\\/index.php\\\/evkozi-2-vasarnap-3\\\/#breadcrumb\",\"itemListElement\":[{\"@type\":\"ListItem\",\"position\":1,\"name\":\"Kezd\u0151lap\",\"item\":\"https:\\\/\\\/stuttgarti-katolikusok.de\\\/\"},{\"@type\":\"ListItem\",\"position\":2,\"name\":\"\u00c9vk\u00f6zi 2. vas\u00e1rnap\"}]},{\"@type\":\"WebSite\",\"@id\":\"https:\\\/\\\/stuttgarti-katolikusok.de\\\/#website\",\"url\":\"https:\\\/\\\/stuttgarti-katolikusok.de\\\/\",\"name\":\"Stuttgarti Katolikusok\",\"description\":\"\",\"potentialAction\":[{\"@type\":\"SearchAction\",\"target\":{\"@type\":\"EntryPoint\",\"urlTemplate\":\"https:\\\/\\\/stuttgarti-katolikusok.de\\\/?s={search_term_string}\"},\"query-input\":{\"@type\":\"PropertyValueSpecification\",\"valueRequired\":true,\"valueName\":\"search_term_string\"}}],\"inLanguage\":\"hu\"},{\"@type\":\"Person\",\"@id\":\"https:\\\/\\\/stuttgarti-katolikusok.de\\\/#\\\/schema\\\/person\\\/75908d6f8fdc03a57889d27209df7795\",\"name\":\"Tibor atya\",\"image\":{\"@type\":\"ImageObject\",\"inLanguage\":\"hu\",\"@id\":\"https:\\\/\\\/secure.gravatar.com\\\/avatar\\\/61d268e57d1f4525b111222e29d2d5a7f8c420fdbf231ba5566a8ceac74fa960?s=96&d=mm&r=g\",\"url\":\"https:\\\/\\\/secure.gravatar.com\\\/avatar\\\/61d268e57d1f4525b111222e29d2d5a7f8c420fdbf231ba5566a8ceac74fa960?s=96&d=mm&r=g\",\"contentUrl\":\"https:\\\/\\\/secure.gravatar.com\\\/avatar\\\/61d268e57d1f4525b111222e29d2d5a7f8c420fdbf231ba5566a8ceac74fa960?s=96&d=mm&r=g\",\"caption\":\"Tibor atya\"},\"url\":\"https:\\\/\\\/stuttgarti-katolikusok.de\\\/index.php\\\/author\\\/tibor-atya\\\/\"}]}<\/script>\n<!-- \/ Yoast SEO plugin. -->","yoast_head_json":{"title":"\u00c9vk\u00f6zi 2. vas\u00e1rnap - Stuttgarti Katolikusok","robots":{"index":"index","follow":"follow","max-snippet":"max-snippet:-1","max-image-preview":"max-image-preview:large","max-video-preview":"max-video-preview:-1"},"canonical":"https:\/\/stuttgarti-katolikusok.de\/index.php\/evkozi-2-vasarnap-3\/","og_locale":"hu_HU","og_type":"article","og_title":"\u00c9vk\u00f6zi 2. vas\u00e1rnap - Stuttgarti Katolikusok","og_description":"Az \u00e9vk\u00f6zi 2. vas\u00e1rnap szent\u00edr\u00e1si szakaszai ism\u00e9telten sok-sok gondolattal aj\u00e1nd\u00e9koznak meg benn\u00fcnket.\u00a0 &#8211; Megnyer\u0151 sz\u00e1momra a gyermek S\u00e1muel naivit\u00e1sa \u00e9s \u0151szintes\u00e9ge. Az, ahogyan k\u00e9szs\u00e9ggel v\u00e1laszol az \u00dar h\u00edv\u00f3 szav\u00e1ra: \u201eSz\u00f3lj, Uram, hallja a te szolg\u00e1d?\u201d Ezen vallom\u00e1s megsz\u00fclet\u00e9s\u00e9ig pedig egy utat kell bej\u00e1rnia, m\u00edg v\u00e9gre megbizonyosodik, hogy az \u00dar sz\u00f3l\u00edtotta meg \u0151t. &#8211; &#8222;Nem tudj\u00e1tok, hogy testetek Krisztus tagja?&#8221; &#8211; Szent P\u00e1l apostol ezen mondata sokkal ink\u00e1bb b\u00e1tor\u00edt\u00e1s \u00e9s biztat\u00e1s, mintsem figyelmeztet\u00e9s. A mai, testkultuszra \u00e9p\u00fcl\u0151 vil\u00e1gban k\u00fcl\u00f6n\u00f6s s\u00falya van e mondatnak. S ha ehhez hozz\u00e1vessz\u00fck, hogy test\u00fcnk a benn\u00fcnk lak\u00f3 Szentl\u00e9lek temploma, igencsak fel\u00e9rt\u00e9kel\u0151dik az a fajta felel\u0151ss\u00e9g, amellyel test\u00fcnknek is tartozunk. Kereszt\u00e9nyi hivat\u00e1sunk: Istent megdics\u0151\u00edteni test\u00fcnkben. &#8211; A mai evang\u00e9lium sz\u00e1momra megkap\u00f3 jelenete: Andr\u00e1s, miut\u00e1n tal\u00e1lkozik J\u00e9zussal, \u00e9s ez \u00f3ri\u00e1si hat\u00e1ssal van r\u00e1, azonnal cselekszik. Az els\u0151, akivel tal\u00e1lkozik, testv\u00e9re Simon. Nem habozik, elviszi \u0151t J\u00e9zushoz. \u00c9ppen erre a l\u00e9p\u00e9sre volt sz\u00fcks\u00e9g, hogy J\u00e9zus megsz\u00f3l\u00edthassa Simont: \u201eTe Simon vagy, J\u00e1nos fia, de K\u00e9f\u00e1snak, azaz P\u00e9ternek fognak h\u00edvni.\u201d OLVASM\u00c1NY S\u00e1muel els\u0151 k\u00f6nyv\u00e9b\u0151l (1S\u00e1m 3,3b-10.19) S\u00e1muel, gyermekkor\u00e1t\u00f3l fogva \u00c9li f\u0151pap mellett az \u00darnak szolg\u00e1lt. Az \u00dartemplom\u00e1ban aludt, ahol az Isten l\u00e1d\u00e1ja volt. Az \u00dar megsz\u00f3l\u00edtotta: \u201eS\u00e1muel, S\u00e1muel!\u201d A gyermek ezt felelte: \u201eItt vagyok.\u201d Azt\u00e1n odafutott \u00c9lihez, \u00e9s azt mondta: \u201eItt vagyok, h\u00edvt\u00e1l.\u201d \u00c9li ezt v\u00e1laszolta: \u201e\u00c9n nem h\u00edvtalak, fek\u00fcdj le \u00e9s aludj.\u201d Erre elment, \u00e9s lefek\u00fcdt aludni. Az \u00dar azonban \u00fajra sz\u00f3l\u00edtotta S\u00e1muelt. S\u00e1muel f\u00f6lkelt, odament \u00c9lihez, \u00e9s azt mondta: \u201eItt vagyok, h\u00edvt\u00e1l.\u201d \u0150 azt felelte: \u201eNem h\u00edvtalak, fiam, fek\u00fcdj le \u00e9s aludj!\u201d S\u00e1muel ugyanis m\u00e9g nem ismerte az Urat, mert az \u00dar szava m\u00e9g nem nyilatkozott meg neki. Ezut\u00e1n az \u00dar ism\u00e9t sz\u00f3l\u00edtotta S\u00e1muelt, harmadszorra. Az f\u00f6lkelt, odament \u00c9lihez, \u00e9s \u00edgy sz\u00f3lt: \u201eItt vagyok, h\u00edvt\u00e1l.\u201d Erre \u00c9li meg\u00e9rtette, hogy az \u00dar sz\u00f3l\u00edtotta a fi\u00fat. Ez\u00e9rt azt mondta S\u00e1muelnek: \u201eMenj, fek\u00fcdj le \u00e9s aludj, azt\u00e1n ha valaki sz\u00f3l\u00edt, \u00edgy v\u00e1laszolj:... R\u00e9szletek","og_url":"https:\/\/stuttgarti-katolikusok.de\/index.php\/evkozi-2-vasarnap-3\/","og_site_name":"Stuttgarti Katolikusok","article_published_time":"2024-01-13T11:18:08+00:00","og_image":[{"width":1080,"height":1003,"url":"https:\/\/stuttgarti-katolikusok.de\/wp-content\/uploads\/2024\/01\/whatsapp-kep-2024-01-10-185622-d7131a11.jpg","type":"image\/jpeg"}],"author":"Tibor atya","twitter_card":"summary_large_image","twitter_misc":{"Szerz\u0151:":"Tibor atya","Becs\u00fclt olvas\u00e1si id\u0151":"6 perc"},"schema":{"@context":"https:\/\/schema.org","@graph":[{"@type":"Article","@id":"https:\/\/stuttgarti-katolikusok.de\/index.php\/evkozi-2-vasarnap-3\/#article","isPartOf":{"@id":"https:\/\/stuttgarti-katolikusok.de\/index.php\/evkozi-2-vasarnap-3\/"},"author":{"name":"Tibor atya","@id":"https:\/\/stuttgarti-katolikusok.de\/#\/schema\/person\/75908d6f8fdc03a57889d27209df7795"},"headline":"\u00c9vk\u00f6zi 2. vas\u00e1rnap","datePublished":"2024-01-13T11:18:08+00:00","mainEntityOfPage":{"@id":"https:\/\/stuttgarti-katolikusok.de\/index.php\/evkozi-2-vasarnap-3\/"},"wordCount":1252,"image":{"@id":"https:\/\/stuttgarti-katolikusok.de\/index.php\/evkozi-2-vasarnap-3\/#primaryimage"},"thumbnailUrl":"https:\/\/stuttgarti-katolikusok.de\/wp-content\/uploads\/2024\/01\/whatsapp-kep-2024-01-10-185622-d7131a11.jpg","articleSection":["A liturgia olvasm\u00e1nyai","Vas\u00e1rnapi gondolatok"],"inLanguage":"hu"},{"@type":"WebPage","@id":"https:\/\/stuttgarti-katolikusok.de\/index.php\/evkozi-2-vasarnap-3\/","url":"https:\/\/stuttgarti-katolikusok.de\/index.php\/evkozi-2-vasarnap-3\/","name":"\u00c9vk\u00f6zi 2. vas\u00e1rnap - Stuttgarti Katolikusok","isPartOf":{"@id":"https:\/\/stuttgarti-katolikusok.de\/#website"},"primaryImageOfPage":{"@id":"https:\/\/stuttgarti-katolikusok.de\/index.php\/evkozi-2-vasarnap-3\/#primaryimage"},"image":{"@id":"https:\/\/stuttgarti-katolikusok.de\/index.php\/evkozi-2-vasarnap-3\/#primaryimage"},"thumbnailUrl":"https:\/\/stuttgarti-katolikusok.de\/wp-content\/uploads\/2024\/01\/whatsapp-kep-2024-01-10-185622-d7131a11.jpg","datePublished":"2024-01-13T11:18:08+00:00","author":{"@id":"https:\/\/stuttgarti-katolikusok.de\/#\/schema\/person\/75908d6f8fdc03a57889d27209df7795"},"breadcrumb":{"@id":"https:\/\/stuttgarti-katolikusok.de\/index.php\/evkozi-2-vasarnap-3\/#breadcrumb"},"inLanguage":"hu","potentialAction":[{"@type":"ReadAction","target":["https:\/\/stuttgarti-katolikusok.de\/index.php\/evkozi-2-vasarnap-3\/"]}]},{"@type":"ImageObject","inLanguage":"hu","@id":"https:\/\/stuttgarti-katolikusok.de\/index.php\/evkozi-2-vasarnap-3\/#primaryimage","url":"https:\/\/stuttgarti-katolikusok.de\/wp-content\/uploads\/2024\/01\/whatsapp-kep-2024-01-10-185622-d7131a11.jpg","contentUrl":"https:\/\/stuttgarti-katolikusok.de\/wp-content\/uploads\/2024\/01\/whatsapp-kep-2024-01-10-185622-d7131a11.jpg","width":1080,"height":1003},{"@type":"BreadcrumbList","@id":"https:\/\/stuttgarti-katolikusok.de\/index.php\/evkozi-2-vasarnap-3\/#breadcrumb","itemListElement":[{"@type":"ListItem","position":1,"name":"Kezd\u0151lap","item":"https:\/\/stuttgarti-katolikusok.de\/"},{"@type":"ListItem","position":2,"name":"\u00c9vk\u00f6zi 2. vas\u00e1rnap"}]},{"@type":"WebSite","@id":"https:\/\/stuttgarti-katolikusok.de\/#website","url":"https:\/\/stuttgarti-katolikusok.de\/","name":"Stuttgarti Katolikusok","description":"","potentialAction":[{"@type":"SearchAction","target":{"@type":"EntryPoint","urlTemplate":"https:\/\/stuttgarti-katolikusok.de\/?s={search_term_string}"},"query-input":{"@type":"PropertyValueSpecification","valueRequired":true,"valueName":"search_term_string"}}],"inLanguage":"hu"},{"@type":"Person","@id":"https:\/\/stuttgarti-katolikusok.de\/#\/schema\/person\/75908d6f8fdc03a57889d27209df7795","name":"Tibor atya","image":{"@type":"ImageObject","inLanguage":"hu","@id":"https:\/\/secure.gravatar.com\/avatar\/61d268e57d1f4525b111222e29d2d5a7f8c420fdbf231ba5566a8ceac74fa960?s=96&d=mm&r=g","url":"https:\/\/secure.gravatar.com\/avatar\/61d268e57d1f4525b111222e29d2d5a7f8c420fdbf231ba5566a8ceac74fa960?s=96&d=mm&r=g","contentUrl":"https:\/\/secure.gravatar.com\/avatar\/61d268e57d1f4525b111222e29d2d5a7f8c420fdbf231ba5566a8ceac74fa960?s=96&d=mm&r=g","caption":"Tibor atya"},"url":"https:\/\/stuttgarti-katolikusok.de\/index.php\/author\/tibor-atya\/"}]}},"_links":{"self":[{"href":"https:\/\/stuttgarti-katolikusok.de\/index.php\/wp-json\/wp\/v2\/posts\/28174","targetHints":{"allow":["GET"]}}],"collection":[{"href":"https:\/\/stuttgarti-katolikusok.de\/index.php\/wp-json\/wp\/v2\/posts"}],"about":[{"href":"https:\/\/stuttgarti-katolikusok.de\/index.php\/wp-json\/wp\/v2\/types\/post"}],"author":[{"embeddable":true,"href":"https:\/\/stuttgarti-katolikusok.de\/index.php\/wp-json\/wp\/v2\/users\/3"}],"replies":[{"embeddable":true,"href":"https:\/\/stuttgarti-katolikusok.de\/index.php\/wp-json\/wp\/v2\/comments?post=28174"}],"version-history":[{"count":1,"href":"https:\/\/stuttgarti-katolikusok.de\/index.php\/wp-json\/wp\/v2\/posts\/28174\/revisions"}],"predecessor-version":[{"id":28176,"href":"https:\/\/stuttgarti-katolikusok.de\/index.php\/wp-json\/wp\/v2\/posts\/28174\/revisions\/28176"}],"wp:featuredmedia":[{"embeddable":true,"href":"https:\/\/stuttgarti-katolikusok.de\/index.php\/wp-json\/wp\/v2\/media\/28175"}],"wp:attachment":[{"href":"https:\/\/stuttgarti-katolikusok.de\/index.php\/wp-json\/wp\/v2\/media?parent=28174"}],"wp:term":[{"taxonomy":"category","embeddable":true,"href":"https:\/\/stuttgarti-katolikusok.de\/index.php\/wp-json\/wp\/v2\/categories?post=28174"},{"taxonomy":"post_tag","embeddable":true,"href":"https:\/\/stuttgarti-katolikusok.de\/index.php\/wp-json\/wp\/v2\/tags?post=28174"}],"curies":[{"name":"wp","href":"https:\/\/api.w.org\/{rel}","templated":true}]}}