{"id":28150,"date":"2024-01-09T00:42:22","date_gmt":"2024-01-08T23:42:22","guid":{"rendered":"https:\/\/stuttgarti-katolikusok.de\/?p=28150"},"modified":"2024-01-09T00:42:22","modified_gmt":"2024-01-08T23:42:22","slug":"ertesito-2024","status":"publish","type":"post","link":"https:\/\/stuttgarti-katolikusok.de\/index.php\/ertesito-2024\/","title":{"rendered":"\u00c9rtes\u00edt\u0151 &#8211; 2024"},"content":{"rendered":"<p>Sokak k\u00e9r\u00e9s\u00e9re itt is megtal\u00e1lhat\u00f3 a szentmis\u00e9k beoszt\u00e1sa helys\u00e9gek \u00e9s d\u00e1tum alapj\u00e1n, tov\u00e1bb\u00e1 v\u00e1rhat\u00f3, fontosabb esem\u00e9nyeink erre az esztend\u0151re.<\/p>\n<p>Term\u00e9szetesen a v\u00e1ltoztat\u00e1s jog\u00e1t tov\u00e1bbra is fenntartom!<\/p>\n<p><em>Tibor atya<\/em><\/p>\n<a href=\"https:\/\/stuttgarti-katolikusok.de\/wp-content\/uploads\/2024\/01\/Ertesito-2024.pdf\" class=\"pdfemb-viewer\" style=\"\" data-width=\"max\" data-height=\"max\" data-toolbar=\"bottom\" data-toolbar-fixed=\"off\">\u00c9rtes\u00edt\u0151 - 2024<\/a>\n","protected":false},"excerpt":{"rendered":"<p>Sokak k\u00e9r\u00e9s\u00e9re itt is megtal\u00e1lhat\u00f3 a szentmis\u00e9k beoszt\u00e1sa helys\u00e9gek \u00e9s d\u00e1tum alapj\u00e1n, tov\u00e1bb\u00e1 v\u00e1rhat\u00f3, fontosabb esem\u00e9nyeink erre az esztend\u0151re. Term\u00e9szetesen a v\u00e1ltoztat\u00e1s jog\u00e1t tov\u00e1bbra is fenntartom! Tibor atya<\/p>\n","protected":false},"author":3,"featured_media":8072,"comment_status":"closed","ping_status":"closed","sticky":false,"template":"","format":"standard","meta":{"footnotes":""},"categories":[52,5],"tags":[],"class_list":["post-28150","post","type-post","status-publish","format-standard","has-post-thumbnail","hentry","category-hirdetesek","category-hirek"],"yoast_head":"<!-- This site is optimized with the Yoast SEO plugin v27.3 - https:\/\/yoast.com\/product\/yoast-seo-wordpress\/ -->\n<title>\u00c9rtes\u00edt\u0151 - 2024 - Stuttgarti Katolikusok<\/title>\n<meta name=\"robots\" content=\"index, follow, max-snippet:-1, max-image-preview:large, max-video-preview:-1\" \/>\n<link rel=\"canonical\" href=\"https:\/\/stuttgarti-katolikusok.de\/index.php\/ertesito-2024\/\" \/>\n<meta property=\"og:locale\" content=\"hu_HU\" \/>\n<meta property=\"og:type\" content=\"article\" \/>\n<meta property=\"og:title\" content=\"\u00c9rtes\u00edt\u0151 - 2024 - Stuttgarti Katolikusok\" \/>\n<meta property=\"og:description\" content=\"Sokak k\u00e9r\u00e9s\u00e9re itt is megtal\u00e1lhat\u00f3 a szentmis\u00e9k beoszt\u00e1sa helys\u00e9gek \u00e9s d\u00e1tum alapj\u00e1n, tov\u00e1bb\u00e1 v\u00e1rhat\u00f3, fontosabb esem\u00e9nyeink erre az esztend\u0151re. Term\u00e9szetesen a v\u00e1ltoztat\u00e1s jog\u00e1t tov\u00e1bbra is fenntartom! Tibor atya\" \/>\n<meta property=\"og:url\" content=\"https:\/\/stuttgarti-katolikusok.de\/index.php\/ertesito-2024\/\" \/>\n<meta property=\"og:site_name\" content=\"Stuttgarti Katolikusok\" \/>\n<meta property=\"article:published_time\" content=\"2024-01-08T23:42:22+00:00\" \/>\n<meta property=\"og:image\" content=\"https:\/\/stuttgarti-katolikusok.de\/wp-content\/uploads\/2015\/12\/Bruder-Klaus-21-e1449648403735.jpg\" \/>\n\t<meta property=\"og:image:width\" content=\"3460\" \/>\n\t<meta property=\"og:image:height\" content=\"2760\" \/>\n\t<meta property=\"og:image:type\" content=\"image\/jpeg\" \/>\n<meta name=\"author\" content=\"Tibor atya\" \/>\n<meta name=\"twitter:card\" content=\"summary_large_image\" \/>\n<meta name=\"twitter:label1\" content=\"Szerz\u0151:\" \/>\n\t<meta name=\"twitter:data1\" content=\"Tibor atya\" \/>\n\t<meta name=\"twitter:label2\" content=\"Becs\u00fclt olvas\u00e1si id\u0151\" \/>\n\t<meta name=\"twitter:data2\" content=\"1 perc\" \/>\n<script type=\"application\/ld+json\" class=\"yoast-schema-graph\">{\"@context\":\"https:\\\/\\\/schema.org\",\"@graph\":[{\"@type\":\"Article\",\"@id\":\"https:\\\/\\\/stuttgarti-katolikusok.de\\\/index.php\\\/ertesito-2024\\\/#article\",\"isPartOf\":{\"@id\":\"https:\\\/\\\/stuttgarti-katolikusok.de\\\/index.php\\\/ertesito-2024\\\/\"},\"author\":{\"name\":\"Tibor atya\",\"@id\":\"https:\\\/\\\/stuttgarti-katolikusok.de\\\/#\\\/schema\\\/person\\\/75908d6f8fdc03a57889d27209df7795\"},\"headline\":\"\u00c9rtes\u00edt\u0151 &#8211; 2024\",\"datePublished\":\"2024-01-08T23:42:22+00:00\",\"mainEntityOfPage\":{\"@id\":\"https:\\\/\\\/stuttgarti-katolikusok.de\\\/index.php\\\/ertesito-2024\\\/\"},\"wordCount\":62,\"image\":{\"@id\":\"https:\\\/\\\/stuttgarti-katolikusok.de\\\/index.php\\\/ertesito-2024\\\/#primaryimage\"},\"thumbnailUrl\":\"https:\\\/\\\/stuttgarti-katolikusok.de\\\/wp-content\\\/uploads\\\/2015\\\/12\\\/Bruder-Klaus-21-e1449648403735.jpg\",\"articleSection\":[\"Hirdet\u00e9sek\",\"H\u00edrek\"],\"inLanguage\":\"hu\"},{\"@type\":\"WebPage\",\"@id\":\"https:\\\/\\\/stuttgarti-katolikusok.de\\\/index.php\\\/ertesito-2024\\\/\",\"url\":\"https:\\\/\\\/stuttgarti-katolikusok.de\\\/index.php\\\/ertesito-2024\\\/\",\"name\":\"\u00c9rtes\u00edt\u0151 - 2024 - Stuttgarti Katolikusok\",\"isPartOf\":{\"@id\":\"https:\\\/\\\/stuttgarti-katolikusok.de\\\/#website\"},\"primaryImageOfPage\":{\"@id\":\"https:\\\/\\\/stuttgarti-katolikusok.de\\\/index.php\\\/ertesito-2024\\\/#primaryimage\"},\"image\":{\"@id\":\"https:\\\/\\\/stuttgarti-katolikusok.de\\\/index.php\\\/ertesito-2024\\\/#primaryimage\"},\"thumbnailUrl\":\"https:\\\/\\\/stuttgarti-katolikusok.de\\\/wp-content\\\/uploads\\\/2015\\\/12\\\/Bruder-Klaus-21-e1449648403735.jpg\",\"datePublished\":\"2024-01-08T23:42:22+00:00\",\"author\":{\"@id\":\"https:\\\/\\\/stuttgarti-katolikusok.de\\\/#\\\/schema\\\/person\\\/75908d6f8fdc03a57889d27209df7795\"},\"breadcrumb\":{\"@id\":\"https:\\\/\\\/stuttgarti-katolikusok.de\\\/index.php\\\/ertesito-2024\\\/#breadcrumb\"},\"inLanguage\":\"hu\",\"potentialAction\":[{\"@type\":\"ReadAction\",\"target\":[\"https:\\\/\\\/stuttgarti-katolikusok.de\\\/index.php\\\/ertesito-2024\\\/\"]}]},{\"@type\":\"ImageObject\",\"inLanguage\":\"hu\",\"@id\":\"https:\\\/\\\/stuttgarti-katolikusok.de\\\/index.php\\\/ertesito-2024\\\/#primaryimage\",\"url\":\"https:\\\/\\\/stuttgarti-katolikusok.de\\\/wp-content\\\/uploads\\\/2015\\\/12\\\/Bruder-Klaus-21-e1449648403735.jpg\",\"contentUrl\":\"https:\\\/\\\/stuttgarti-katolikusok.de\\\/wp-content\\\/uploads\\\/2015\\\/12\\\/Bruder-Klaus-21-e1449648403735.jpg\",\"width\":3460,\"height\":2760},{\"@type\":\"BreadcrumbList\",\"@id\":\"https:\\\/\\\/stuttgarti-katolikusok.de\\\/index.php\\\/ertesito-2024\\\/#breadcrumb\",\"itemListElement\":[{\"@type\":\"ListItem\",\"position\":1,\"name\":\"Kezd\u0151lap\",\"item\":\"https:\\\/\\\/stuttgarti-katolikusok.de\\\/\"},{\"@type\":\"ListItem\",\"position\":2,\"name\":\"\u00c9rtes\u00edt\u0151 &#8211; 2024\"}]},{\"@type\":\"WebSite\",\"@id\":\"https:\\\/\\\/stuttgarti-katolikusok.de\\\/#website\",\"url\":\"https:\\\/\\\/stuttgarti-katolikusok.de\\\/\",\"name\":\"Stuttgarti Katolikusok\",\"description\":\"\",\"potentialAction\":[{\"@type\":\"SearchAction\",\"target\":{\"@type\":\"EntryPoint\",\"urlTemplate\":\"https:\\\/\\\/stuttgarti-katolikusok.de\\\/?s={search_term_string}\"},\"query-input\":{\"@type\":\"PropertyValueSpecification\",\"valueRequired\":true,\"valueName\":\"search_term_string\"}}],\"inLanguage\":\"hu\"},{\"@type\":\"Person\",\"@id\":\"https:\\\/\\\/stuttgarti-katolikusok.de\\\/#\\\/schema\\\/person\\\/75908d6f8fdc03a57889d27209df7795\",\"name\":\"Tibor atya\",\"image\":{\"@type\":\"ImageObject\",\"inLanguage\":\"hu\",\"@id\":\"https:\\\/\\\/secure.gravatar.com\\\/avatar\\\/61d268e57d1f4525b111222e29d2d5a7f8c420fdbf231ba5566a8ceac74fa960?s=96&d=mm&r=g\",\"url\":\"https:\\\/\\\/secure.gravatar.com\\\/avatar\\\/61d268e57d1f4525b111222e29d2d5a7f8c420fdbf231ba5566a8ceac74fa960?s=96&d=mm&r=g\",\"contentUrl\":\"https:\\\/\\\/secure.gravatar.com\\\/avatar\\\/61d268e57d1f4525b111222e29d2d5a7f8c420fdbf231ba5566a8ceac74fa960?s=96&d=mm&r=g\",\"caption\":\"Tibor atya\"},\"url\":\"https:\\\/\\\/stuttgarti-katolikusok.de\\\/index.php\\\/author\\\/tibor-atya\\\/\"}]}<\/script>\n<!-- \/ Yoast SEO plugin. -->","yoast_head_json":{"title":"\u00c9rtes\u00edt\u0151 - 2024 - Stuttgarti Katolikusok","robots":{"index":"index","follow":"follow","max-snippet":"max-snippet:-1","max-image-preview":"max-image-preview:large","max-video-preview":"max-video-preview:-1"},"canonical":"https:\/\/stuttgarti-katolikusok.de\/index.php\/ertesito-2024\/","og_locale":"hu_HU","og_type":"article","og_title":"\u00c9rtes\u00edt\u0151 - 2024 - Stuttgarti Katolikusok","og_description":"Sokak k\u00e9r\u00e9s\u00e9re itt is megtal\u00e1lhat\u00f3 a szentmis\u00e9k beoszt\u00e1sa helys\u00e9gek \u00e9s d\u00e1tum alapj\u00e1n, tov\u00e1bb\u00e1 v\u00e1rhat\u00f3, fontosabb esem\u00e9nyeink erre az esztend\u0151re. Term\u00e9szetesen a v\u00e1ltoztat\u00e1s jog\u00e1t tov\u00e1bbra is fenntartom! Tibor atya","og_url":"https:\/\/stuttgarti-katolikusok.de\/index.php\/ertesito-2024\/","og_site_name":"Stuttgarti Katolikusok","article_published_time":"2024-01-08T23:42:22+00:00","og_image":[{"width":3460,"height":2760,"url":"https:\/\/stuttgarti-katolikusok.de\/wp-content\/uploads\/2015\/12\/Bruder-Klaus-21-e1449648403735.jpg","type":"image\/jpeg"}],"author":"Tibor atya","twitter_card":"summary_large_image","twitter_misc":{"Szerz\u0151:":"Tibor atya","Becs\u00fclt olvas\u00e1si id\u0151":"1 perc"},"schema":{"@context":"https:\/\/schema.org","@graph":[{"@type":"Article","@id":"https:\/\/stuttgarti-katolikusok.de\/index.php\/ertesito-2024\/#article","isPartOf":{"@id":"https:\/\/stuttgarti-katolikusok.de\/index.php\/ertesito-2024\/"},"author":{"name":"Tibor atya","@id":"https:\/\/stuttgarti-katolikusok.de\/#\/schema\/person\/75908d6f8fdc03a57889d27209df7795"},"headline":"\u00c9rtes\u00edt\u0151 &#8211; 2024","datePublished":"2024-01-08T23:42:22+00:00","mainEntityOfPage":{"@id":"https:\/\/stuttgarti-katolikusok.de\/index.php\/ertesito-2024\/"},"wordCount":62,"image":{"@id":"https:\/\/stuttgarti-katolikusok.de\/index.php\/ertesito-2024\/#primaryimage"},"thumbnailUrl":"https:\/\/stuttgarti-katolikusok.de\/wp-content\/uploads\/2015\/12\/Bruder-Klaus-21-e1449648403735.jpg","articleSection":["Hirdet\u00e9sek","H\u00edrek"],"inLanguage":"hu"},{"@type":"WebPage","@id":"https:\/\/stuttgarti-katolikusok.de\/index.php\/ertesito-2024\/","url":"https:\/\/stuttgarti-katolikusok.de\/index.php\/ertesito-2024\/","name":"\u00c9rtes\u00edt\u0151 - 2024 - Stuttgarti Katolikusok","isPartOf":{"@id":"https:\/\/stuttgarti-katolikusok.de\/#website"},"primaryImageOfPage":{"@id":"https:\/\/stuttgarti-katolikusok.de\/index.php\/ertesito-2024\/#primaryimage"},"image":{"@id":"https:\/\/stuttgarti-katolikusok.de\/index.php\/ertesito-2024\/#primaryimage"},"thumbnailUrl":"https:\/\/stuttgarti-katolikusok.de\/wp-content\/uploads\/2015\/12\/Bruder-Klaus-21-e1449648403735.jpg","datePublished":"2024-01-08T23:42:22+00:00","author":{"@id":"https:\/\/stuttgarti-katolikusok.de\/#\/schema\/person\/75908d6f8fdc03a57889d27209df7795"},"breadcrumb":{"@id":"https:\/\/stuttgarti-katolikusok.de\/index.php\/ertesito-2024\/#breadcrumb"},"inLanguage":"hu","potentialAction":[{"@type":"ReadAction","target":["https:\/\/stuttgarti-katolikusok.de\/index.php\/ertesito-2024\/"]}]},{"@type":"ImageObject","inLanguage":"hu","@id":"https:\/\/stuttgarti-katolikusok.de\/index.php\/ertesito-2024\/#primaryimage","url":"https:\/\/stuttgarti-katolikusok.de\/wp-content\/uploads\/2015\/12\/Bruder-Klaus-21-e1449648403735.jpg","contentUrl":"https:\/\/stuttgarti-katolikusok.de\/wp-content\/uploads\/2015\/12\/Bruder-Klaus-21-e1449648403735.jpg","width":3460,"height":2760},{"@type":"BreadcrumbList","@id":"https:\/\/stuttgarti-katolikusok.de\/index.php\/ertesito-2024\/#breadcrumb","itemListElement":[{"@type":"ListItem","position":1,"name":"Kezd\u0151lap","item":"https:\/\/stuttgarti-katolikusok.de\/"},{"@type":"ListItem","position":2,"name":"\u00c9rtes\u00edt\u0151 &#8211; 2024"}]},{"@type":"WebSite","@id":"https:\/\/stuttgarti-katolikusok.de\/#website","url":"https:\/\/stuttgarti-katolikusok.de\/","name":"Stuttgarti Katolikusok","description":"","potentialAction":[{"@type":"SearchAction","target":{"@type":"EntryPoint","urlTemplate":"https:\/\/stuttgarti-katolikusok.de\/?s={search_term_string}"},"query-input":{"@type":"PropertyValueSpecification","valueRequired":true,"valueName":"search_term_string"}}],"inLanguage":"hu"},{"@type":"Person","@id":"https:\/\/stuttgarti-katolikusok.de\/#\/schema\/person\/75908d6f8fdc03a57889d27209df7795","name":"Tibor atya","image":{"@type":"ImageObject","inLanguage":"hu","@id":"https:\/\/secure.gravatar.com\/avatar\/61d268e57d1f4525b111222e29d2d5a7f8c420fdbf231ba5566a8ceac74fa960?s=96&d=mm&r=g","url":"https:\/\/secure.gravatar.com\/avatar\/61d268e57d1f4525b111222e29d2d5a7f8c420fdbf231ba5566a8ceac74fa960?s=96&d=mm&r=g","contentUrl":"https:\/\/secure.gravatar.com\/avatar\/61d268e57d1f4525b111222e29d2d5a7f8c420fdbf231ba5566a8ceac74fa960?s=96&d=mm&r=g","caption":"Tibor atya"},"url":"https:\/\/stuttgarti-katolikusok.de\/index.php\/author\/tibor-atya\/"}]}},"_links":{"self":[{"href":"https:\/\/stuttgarti-katolikusok.de\/index.php\/wp-json\/wp\/v2\/posts\/28150","targetHints":{"allow":["GET"]}}],"collection":[{"href":"https:\/\/stuttgarti-katolikusok.de\/index.php\/wp-json\/wp\/v2\/posts"}],"about":[{"href":"https:\/\/stuttgarti-katolikusok.de\/index.php\/wp-json\/wp\/v2\/types\/post"}],"author":[{"embeddable":true,"href":"https:\/\/stuttgarti-katolikusok.de\/index.php\/wp-json\/wp\/v2\/users\/3"}],"replies":[{"embeddable":true,"href":"https:\/\/stuttgarti-katolikusok.de\/index.php\/wp-json\/wp\/v2\/comments?post=28150"}],"version-history":[{"count":1,"href":"https:\/\/stuttgarti-katolikusok.de\/index.php\/wp-json\/wp\/v2\/posts\/28150\/revisions"}],"predecessor-version":[{"id":28152,"href":"https:\/\/stuttgarti-katolikusok.de\/index.php\/wp-json\/wp\/v2\/posts\/28150\/revisions\/28152"}],"wp:featuredmedia":[{"embeddable":true,"href":"https:\/\/stuttgarti-katolikusok.de\/index.php\/wp-json\/wp\/v2\/media\/8072"}],"wp:attachment":[{"href":"https:\/\/stuttgarti-katolikusok.de\/index.php\/wp-json\/wp\/v2\/media?parent=28150"}],"wp:term":[{"taxonomy":"category","embeddable":true,"href":"https:\/\/stuttgarti-katolikusok.de\/index.php\/wp-json\/wp\/v2\/categories?post=28150"},{"taxonomy":"post_tag","embeddable":true,"href":"https:\/\/stuttgarti-katolikusok.de\/index.php\/wp-json\/wp\/v2\/tags?post=28150"}],"curies":[{"name":"wp","href":"https:\/\/api.w.org\/{rel}","templated":true}]}}