{"id":28127,"date":"2024-01-08T22:30:06","date_gmt":"2024-01-08T21:30:06","guid":{"rendered":"https:\/\/stuttgarti-katolikusok.de\/?p=28127"},"modified":"2024-01-08T22:51:58","modified_gmt":"2024-01-08T21:51:58","slug":"2024-januar-8-es-14-kozott","status":"publish","type":"post","link":"https:\/\/stuttgarti-katolikusok.de\/index.php\/2024-januar-8-es-14-kozott\/","title":{"rendered":"2024 JANU\u00c1R 8 \u00c9S 14 K\u00d6Z\u00d6TT"},"content":{"rendered":"<p><span style=\"color: #339966;\"><strong>Programel\u0151zetes<\/strong><em>\u00a0<\/em><\/span><\/p>\n<p style=\"text-align: center;\"><span style=\"color: #339966;\"><strong>*<\/strong><\/span><\/p>\n<p><strong>Janu\u00e1r 12-\u00e9n<\/strong><em><strong>, <\/strong><\/em>p\u00e9nteken<em>, <strong>Stuttgarti d\u00e9lut\u00e1n, <\/strong><\/em>18 \u00f3rakor <em>szentmise, <\/em>el\u0151tte <em>r\u00f3zsaf\u00fcz\u00e9rt <\/em><em>im\u00e1dkozunk. <\/em><\/p>\n<p style=\"text-align: center;\"><span style=\"color: #339966;\"><em><strong>*<\/strong><\/em><\/span><\/p>\n<p><strong>Janu\u00e1r 13-\u00e1n<\/strong>, szombaton,<em><strong> Biberachban <\/strong><\/em>16.45 \u00f3rakor<em>\u00a0szentmise, <\/em>ut\u00e1na <em>agap\u00e9.<\/em><\/p>\n<p style=\"text-align: center;\"><span style=\"color: #339966;\"><strong><em>\u00a0<\/em><em>*<\/em><\/strong><\/span><\/p>\n<p><strong>Janu\u00e1r 14-\u00e9n,<\/strong> <span style=\"color: #339966;\"><em><strong>\u00c9vk\u00f6zi 2. vas\u00e1rnap<\/strong><\/em><\/span><em>,<\/em><\/p>\n<p><strong>Weingartenben<\/strong> 10.00 \u00f3rakor <em>szentmise<\/em> a <em>14 Nothelfer Kapelle<\/em>-ben, ut\u00e1na <em>agap\u00e9,<\/em><\/p>\n<p><strong>Ulmban <\/strong>15.00 \u00f3rakor <em>\u00f6kumenikus istentisztelet, <\/em>ut\u00e1na <em>agap\u00e9.<\/em><\/p>\n<p style=\"text-align: center;\"><em>\u00a0<\/em><span style=\"color: #339966;\"><em><strong>*<\/strong><\/em><\/span><\/p>\n<p><a href=\"https:\/\/stuttgarti-katolikusok.de\/wp-content\/uploads\/2024\/01\/nemeti-gergely-tel.jpg\"><img loading=\"lazy\" decoding=\"async\" class=\"alignnone size-full wp-image-28128\" src=\"https:\/\/stuttgarti-katolikusok.de\/wp-content\/uploads\/2024\/01\/nemeti-gergely-tel.jpg\" alt=\"\" width=\"843\" height=\"843\" srcset=\"https:\/\/stuttgarti-katolikusok.de\/wp-content\/uploads\/2024\/01\/nemeti-gergely-tel.jpg 843w, https:\/\/stuttgarti-katolikusok.de\/wp-content\/uploads\/2024\/01\/nemeti-gergely-tel-300x300.jpg 300w, https:\/\/stuttgarti-katolikusok.de\/wp-content\/uploads\/2024\/01\/nemeti-gergely-tel-150x150.jpg 150w, https:\/\/stuttgarti-katolikusok.de\/wp-content\/uploads\/2024\/01\/nemeti-gergely-tel-460x460.jpg 460w\" sizes=\"auto, (max-width: 843px) 100vw, 843px\" \/><\/a><\/p>\n<p><em>(K\u00e9p forr\u00e1sa: N\u00e9meti Gergely)<\/em><\/p>\n<p style=\"text-align: center;\"><span style=\"color: #339966;\"><em><strong>*<\/strong><\/em><\/span><\/p>\n<p>Minden helyen mindenkit szeretettel v\u00e1r a k\u00f6z\u00f6ss\u00e9g \u00e9s Tibor atya!<\/p>\n<p style=\"text-align: center;\"><span style=\"color: #339966;\"><em><strong>*<\/strong><\/em><\/span><\/p>\n<p><span style=\"color: #339966;\"><em><strong>Bens\u0151s\u00e9ges \u00e9s kellemes \u00faj\u00e9vi napokat, j\u00f3 tal\u00e1lkoz\u00e1sokat \u00e9s sok \u00f6r\u00f6met k\u00edv\u00e1nok minden kedves H\u00edvemnek.<\/strong><\/em><\/span><\/p>\n<p style=\"text-align: center;\"><span style=\"color: #339966;\"><em><strong>*<\/strong><\/em><\/span><\/p>\n<p><span style=\"color: #339966;\"><strong><em>&#8222;Az ismeretlen id\u0151v<\/em><\/strong><strong><em>el, esem\u00e9nyekkel, feladatokkal, sorssal \u00e1llunk szemben. Nem tudjuk, hogy a j\u00f6v<\/em><\/strong><strong><em>\u0151\u030b<\/em><\/strong><strong><em> k\u00f6d<\/em><\/strong><strong><em>\u00e9ben elrejtett napok mit hoznak magukkal. (&#8230;) A f\u00f6l<\/em><\/strong><strong><em>di dolgok arculat\u00e1t a muland\u00f3s\u00e1g \u00fagy em\u00e9szti, mint moly a ruh\u00e1t \u00e9s rozsda a vasat. Az emberi v\u00e1llalkoz\u00e1sok is azt igazolj\u00e1k napro\u0301l-napra, amit m\u00e1r a kir\u00e1lyi zsolt\u00e1ros megtapasztalt: \u201eHa az U\u0301r nem \u00e9p\u00edti a h\u00e1zat, hi\u00e1ba f\u00e1radnak, akik \u00e9p\u00edtik azt.\u201d (Zsolt 126,1) Ez\u00e9rt mi vess\u00fck<\/em><\/strong><strong><em> bizalmunkat az Istenbe, \u00e9s a jelenval\u00f3\u0301 gondokat az o\u030b<\/em><\/strong><strong><em> mindenhat\u00f3\u0301 seg\u00edts\u00e9g\u00e9ben b\u00edzva vegy\u00fck<\/em><\/strong><strong><em> magunkra hittel \u00e9s jo\u0301 rem\u00e9nys\u00e9ggel.&#8221;<\/em><\/strong> <\/span><em>(M<\/em><em>\u00e1<\/em><em>rton <\/em><em>\u00c1<\/em><em>ron &#8211; \u00daj\u00e9vi k\u00f6r<\/em><em>lev\u00e9l 1948)<\/em><\/p>\n<p><em>(Nyit\u00f3k\u00e9p: Biberach &#8211; Szenth\u00e1roms\u00e1g templom &#8211; Betlehem)<\/em><\/p>\n","protected":false},"excerpt":{"rendered":"<p>Programel\u0151zetes\u00a0 * Janu\u00e1r 12-\u00e9n, p\u00e9nteken, Stuttgarti d\u00e9lut\u00e1n, 18 \u00f3rakor szentmise, el\u0151tte r\u00f3zsaf\u00fcz\u00e9rt im\u00e1dkozunk. * Janu\u00e1r 13-\u00e1n, szombaton, Biberachban 16.45 \u00f3rakor\u00a0szentmise, ut\u00e1na agap\u00e9. \u00a0* Janu\u00e1r 14-\u00e9n, \u00c9vk\u00f6zi 2. vas\u00e1rnap, Weingartenben 10.00 \u00f3rakor szentmise a 14 Nothelfer Kapelle-ben, ut\u00e1na agap\u00e9, Ulmban 15.00 \u00f3rakor \u00f6kumenikus istentisztelet, ut\u00e1na agap\u00e9. \u00a0* (K\u00e9p forr\u00e1sa: N\u00e9meti Gergely) * Minden helyen mindenkit szeretettel v\u00e1r a k\u00f6z\u00f6ss\u00e9g \u00e9s Tibor atya! * Bens\u0151s\u00e9ges \u00e9s kellemes \u00faj\u00e9vi napokat, j\u00f3 tal\u00e1lkoz\u00e1sokat \u00e9s sok \u00f6r\u00f6met k\u00edv\u00e1nok minden kedves H\u00edvemnek. * &#8222;Az ismeretlen id\u0151vel, esem\u00e9nyekkel, feladatokkal, sorssal \u00e1llunk szemben. Nem tudjuk, hogy a j\u00f6v\u0151\u030b k\u00f6d\u00e9ben elrejtett napok mit hoznak magukkal. (&#8230;) A f\u00f6ldi dolgok arculat\u00e1t a muland\u00f3s\u00e1g \u00fagy em\u00e9szti, mint moly a ruh\u00e1t \u00e9s rozsda a vasat. Az emberi v\u00e1llalkoz\u00e1sok is azt igazolj\u00e1k napro\u0301l-napra, amit m\u00e1r a kir\u00e1lyi zsolt\u00e1ros megtapasztalt: \u201eHa az U\u0301r nem \u00e9p\u00edti a h\u00e1zat, hi\u00e1ba f\u00e1radnak, akik \u00e9p\u00edtik azt.\u201d (Zsolt 126,1) Ez\u00e9rt mi vess\u00fck bizalmunkat az Istenbe, \u00e9s a jelenval\u00f3\u0301 gondokat az o\u030b mindenhat\u00f3\u0301 seg\u00edts\u00e9g\u00e9ben b\u00edzva vegy\u00fck magunkra hittel \u00e9s jo\u0301 rem\u00e9nys\u00e9ggel.&#8221; (M\u00e1rton \u00c1ron &#8211; \u00daj\u00e9vi k\u00f6rlev\u00e9l 1948) (Nyit\u00f3k\u00e9p: Biberach &#8211; Szenth\u00e1roms\u00e1g templom &#8211; Betlehem)<\/p>\n","protected":false},"author":3,"featured_media":28129,"comment_status":"closed","ping_status":"closed","sticky":false,"template":"","format":"standard","meta":{"footnotes":""},"categories":[37],"tags":[],"class_list":["post-28127","post","type-post","status-publish","format-standard","has-post-thumbnail","hentry","category-progamelozetes"],"yoast_head":"<!-- This site is optimized with the Yoast SEO plugin v27.3 - https:\/\/yoast.com\/product\/yoast-seo-wordpress\/ -->\n<title>2024 JANU\u00c1R 8 \u00c9S 14 K\u00d6Z\u00d6TT - Stuttgarti Katolikusok<\/title>\n<meta name=\"robots\" content=\"index, follow, max-snippet:-1, max-image-preview:large, max-video-preview:-1\" \/>\n<link rel=\"canonical\" href=\"https:\/\/stuttgarti-katolikusok.de\/index.php\/2024-januar-8-es-14-kozott\/\" \/>\n<meta property=\"og:locale\" content=\"hu_HU\" \/>\n<meta property=\"og:type\" content=\"article\" \/>\n<meta property=\"og:title\" content=\"2024 JANU\u00c1R 8 \u00c9S 14 K\u00d6Z\u00d6TT - Stuttgarti Katolikusok\" \/>\n<meta property=\"og:description\" content=\"Programel\u0151zetes\u00a0 * Janu\u00e1r 12-\u00e9n, p\u00e9nteken, Stuttgarti d\u00e9lut\u00e1n, 18 \u00f3rakor szentmise, el\u0151tte r\u00f3zsaf\u00fcz\u00e9rt im\u00e1dkozunk. * Janu\u00e1r 13-\u00e1n, szombaton, Biberachban 16.45 \u00f3rakor\u00a0szentmise, ut\u00e1na agap\u00e9. \u00a0* Janu\u00e1r 14-\u00e9n, \u00c9vk\u00f6zi 2. vas\u00e1rnap, Weingartenben 10.00 \u00f3rakor szentmise a 14 Nothelfer Kapelle-ben, ut\u00e1na agap\u00e9, Ulmban 15.00 \u00f3rakor \u00f6kumenikus istentisztelet, ut\u00e1na agap\u00e9. \u00a0* (K\u00e9p forr\u00e1sa: N\u00e9meti Gergely) * Minden helyen mindenkit szeretettel v\u00e1r a k\u00f6z\u00f6ss\u00e9g \u00e9s Tibor atya! * Bens\u0151s\u00e9ges \u00e9s kellemes \u00faj\u00e9vi napokat, j\u00f3 tal\u00e1lkoz\u00e1sokat \u00e9s sok \u00f6r\u00f6met k\u00edv\u00e1nok minden kedves H\u00edvemnek. * &#8222;Az ismeretlen id\u0151vel, esem\u00e9nyekkel, feladatokkal, sorssal \u00e1llunk szemben. Nem tudjuk, hogy a j\u00f6v\u0151\u030b k\u00f6d\u00e9ben elrejtett napok mit hoznak magukkal. (&#8230;) A f\u00f6ldi dolgok arculat\u00e1t a muland\u00f3s\u00e1g \u00fagy em\u00e9szti, mint moly a ruh\u00e1t \u00e9s rozsda a vasat. Az emberi v\u00e1llalkoz\u00e1sok is azt igazolj\u00e1k napro\u0301l-napra, amit m\u00e1r a kir\u00e1lyi zsolt\u00e1ros megtapasztalt: \u201eHa az U\u0301r nem \u00e9p\u00edti a h\u00e1zat, hi\u00e1ba f\u00e1radnak, akik \u00e9p\u00edtik azt.\u201d (Zsolt 126,1) Ez\u00e9rt mi vess\u00fck bizalmunkat az Istenbe, \u00e9s a jelenval\u00f3\u0301 gondokat az o\u030b mindenhat\u00f3\u0301 seg\u00edts\u00e9g\u00e9ben b\u00edzva vegy\u00fck magunkra hittel \u00e9s jo\u0301 rem\u00e9nys\u00e9ggel.&#8221; (M\u00e1rton \u00c1ron &#8211; \u00daj\u00e9vi k\u00f6rlev\u00e9l 1948) (Nyit\u00f3k\u00e9p: Biberach &#8211; Szenth\u00e1roms\u00e1g templom &#8211; Betlehem)\" \/>\n<meta property=\"og:url\" content=\"https:\/\/stuttgarti-katolikusok.de\/index.php\/2024-januar-8-es-14-kozott\/\" \/>\n<meta property=\"og:site_name\" content=\"Stuttgarti Katolikusok\" \/>\n<meta property=\"article:published_time\" content=\"2024-01-08T21:30:06+00:00\" \/>\n<meta property=\"article:modified_time\" content=\"2024-01-08T21:51:58+00:00\" \/>\n<meta property=\"og:image\" content=\"https:\/\/stuttgarti-katolikusok.de\/wp-content\/uploads\/2024\/01\/biberach3.jpg\" \/>\n\t<meta property=\"og:image:width\" content=\"2000\" \/>\n\t<meta property=\"og:image:height\" content=\"1500\" \/>\n\t<meta property=\"og:image:type\" content=\"image\/jpeg\" \/>\n<meta name=\"author\" content=\"Tibor atya\" \/>\n<meta name=\"twitter:card\" content=\"summary_large_image\" \/>\n<meta name=\"twitter:label1\" content=\"Szerz\u0151:\" \/>\n\t<meta name=\"twitter:data1\" content=\"Tibor atya\" \/>\n\t<meta name=\"twitter:label2\" content=\"Becs\u00fclt olvas\u00e1si id\u0151\" \/>\n\t<meta name=\"twitter:data2\" content=\"2 perc\" \/>\n<script type=\"application\/ld+json\" class=\"yoast-schema-graph\">{\"@context\":\"https:\\\/\\\/schema.org\",\"@graph\":[{\"@type\":\"Article\",\"@id\":\"https:\\\/\\\/stuttgarti-katolikusok.de\\\/index.php\\\/2024-januar-8-es-14-kozott\\\/#article\",\"isPartOf\":{\"@id\":\"https:\\\/\\\/stuttgarti-katolikusok.de\\\/index.php\\\/2024-januar-8-es-14-kozott\\\/\"},\"author\":{\"name\":\"Tibor atya\",\"@id\":\"https:\\\/\\\/stuttgarti-katolikusok.de\\\/#\\\/schema\\\/person\\\/75908d6f8fdc03a57889d27209df7795\"},\"headline\":\"2024 JANU\u00c1R 8 \u00c9S 14 K\u00d6Z\u00d6TT\",\"datePublished\":\"2024-01-08T21:30:06+00:00\",\"dateModified\":\"2024-01-08T21:51:58+00:00\",\"mainEntityOfPage\":{\"@id\":\"https:\\\/\\\/stuttgarti-katolikusok.de\\\/index.php\\\/2024-januar-8-es-14-kozott\\\/\"},\"wordCount\":245,\"image\":{\"@id\":\"https:\\\/\\\/stuttgarti-katolikusok.de\\\/index.php\\\/2024-januar-8-es-14-kozott\\\/#primaryimage\"},\"thumbnailUrl\":\"https:\\\/\\\/stuttgarti-katolikusok.de\\\/wp-content\\\/uploads\\\/2024\\\/01\\\/biberach3.jpg\",\"articleSection\":[\"Progamel\u0151zetes\"],\"inLanguage\":\"hu\"},{\"@type\":\"WebPage\",\"@id\":\"https:\\\/\\\/stuttgarti-katolikusok.de\\\/index.php\\\/2024-januar-8-es-14-kozott\\\/\",\"url\":\"https:\\\/\\\/stuttgarti-katolikusok.de\\\/index.php\\\/2024-januar-8-es-14-kozott\\\/\",\"name\":\"2024 JANU\u00c1R 8 \u00c9S 14 K\u00d6Z\u00d6TT - Stuttgarti Katolikusok\",\"isPartOf\":{\"@id\":\"https:\\\/\\\/stuttgarti-katolikusok.de\\\/#website\"},\"primaryImageOfPage\":{\"@id\":\"https:\\\/\\\/stuttgarti-katolikusok.de\\\/index.php\\\/2024-januar-8-es-14-kozott\\\/#primaryimage\"},\"image\":{\"@id\":\"https:\\\/\\\/stuttgarti-katolikusok.de\\\/index.php\\\/2024-januar-8-es-14-kozott\\\/#primaryimage\"},\"thumbnailUrl\":\"https:\\\/\\\/stuttgarti-katolikusok.de\\\/wp-content\\\/uploads\\\/2024\\\/01\\\/biberach3.jpg\",\"datePublished\":\"2024-01-08T21:30:06+00:00\",\"dateModified\":\"2024-01-08T21:51:58+00:00\",\"author\":{\"@id\":\"https:\\\/\\\/stuttgarti-katolikusok.de\\\/#\\\/schema\\\/person\\\/75908d6f8fdc03a57889d27209df7795\"},\"breadcrumb\":{\"@id\":\"https:\\\/\\\/stuttgarti-katolikusok.de\\\/index.php\\\/2024-januar-8-es-14-kozott\\\/#breadcrumb\"},\"inLanguage\":\"hu\",\"potentialAction\":[{\"@type\":\"ReadAction\",\"target\":[\"https:\\\/\\\/stuttgarti-katolikusok.de\\\/index.php\\\/2024-januar-8-es-14-kozott\\\/\"]}]},{\"@type\":\"ImageObject\",\"inLanguage\":\"hu\",\"@id\":\"https:\\\/\\\/stuttgarti-katolikusok.de\\\/index.php\\\/2024-januar-8-es-14-kozott\\\/#primaryimage\",\"url\":\"https:\\\/\\\/stuttgarti-katolikusok.de\\\/wp-content\\\/uploads\\\/2024\\\/01\\\/biberach3.jpg\",\"contentUrl\":\"https:\\\/\\\/stuttgarti-katolikusok.de\\\/wp-content\\\/uploads\\\/2024\\\/01\\\/biberach3.jpg\",\"width\":2000,\"height\":1500},{\"@type\":\"BreadcrumbList\",\"@id\":\"https:\\\/\\\/stuttgarti-katolikusok.de\\\/index.php\\\/2024-januar-8-es-14-kozott\\\/#breadcrumb\",\"itemListElement\":[{\"@type\":\"ListItem\",\"position\":1,\"name\":\"Kezd\u0151lap\",\"item\":\"https:\\\/\\\/stuttgarti-katolikusok.de\\\/\"},{\"@type\":\"ListItem\",\"position\":2,\"name\":\"2024 JANU\u00c1R 8 \u00c9S 14 K\u00d6Z\u00d6TT\"}]},{\"@type\":\"WebSite\",\"@id\":\"https:\\\/\\\/stuttgarti-katolikusok.de\\\/#website\",\"url\":\"https:\\\/\\\/stuttgarti-katolikusok.de\\\/\",\"name\":\"Stuttgarti Katolikusok\",\"description\":\"\",\"potentialAction\":[{\"@type\":\"SearchAction\",\"target\":{\"@type\":\"EntryPoint\",\"urlTemplate\":\"https:\\\/\\\/stuttgarti-katolikusok.de\\\/?s={search_term_string}\"},\"query-input\":{\"@type\":\"PropertyValueSpecification\",\"valueRequired\":true,\"valueName\":\"search_term_string\"}}],\"inLanguage\":\"hu\"},{\"@type\":\"Person\",\"@id\":\"https:\\\/\\\/stuttgarti-katolikusok.de\\\/#\\\/schema\\\/person\\\/75908d6f8fdc03a57889d27209df7795\",\"name\":\"Tibor atya\",\"image\":{\"@type\":\"ImageObject\",\"inLanguage\":\"hu\",\"@id\":\"https:\\\/\\\/secure.gravatar.com\\\/avatar\\\/61d268e57d1f4525b111222e29d2d5a7f8c420fdbf231ba5566a8ceac74fa960?s=96&d=mm&r=g\",\"url\":\"https:\\\/\\\/secure.gravatar.com\\\/avatar\\\/61d268e57d1f4525b111222e29d2d5a7f8c420fdbf231ba5566a8ceac74fa960?s=96&d=mm&r=g\",\"contentUrl\":\"https:\\\/\\\/secure.gravatar.com\\\/avatar\\\/61d268e57d1f4525b111222e29d2d5a7f8c420fdbf231ba5566a8ceac74fa960?s=96&d=mm&r=g\",\"caption\":\"Tibor atya\"},\"url\":\"https:\\\/\\\/stuttgarti-katolikusok.de\\\/index.php\\\/author\\\/tibor-atya\\\/\"}]}<\/script>\n<!-- \/ Yoast SEO plugin. -->","yoast_head_json":{"title":"2024 JANU\u00c1R 8 \u00c9S 14 K\u00d6Z\u00d6TT - Stuttgarti Katolikusok","robots":{"index":"index","follow":"follow","max-snippet":"max-snippet:-1","max-image-preview":"max-image-preview:large","max-video-preview":"max-video-preview:-1"},"canonical":"https:\/\/stuttgarti-katolikusok.de\/index.php\/2024-januar-8-es-14-kozott\/","og_locale":"hu_HU","og_type":"article","og_title":"2024 JANU\u00c1R 8 \u00c9S 14 K\u00d6Z\u00d6TT - Stuttgarti Katolikusok","og_description":"Programel\u0151zetes\u00a0 * Janu\u00e1r 12-\u00e9n, p\u00e9nteken, Stuttgarti d\u00e9lut\u00e1n, 18 \u00f3rakor szentmise, el\u0151tte r\u00f3zsaf\u00fcz\u00e9rt im\u00e1dkozunk. * Janu\u00e1r 13-\u00e1n, szombaton, Biberachban 16.45 \u00f3rakor\u00a0szentmise, ut\u00e1na agap\u00e9. \u00a0* Janu\u00e1r 14-\u00e9n, \u00c9vk\u00f6zi 2. vas\u00e1rnap, Weingartenben 10.00 \u00f3rakor szentmise a 14 Nothelfer Kapelle-ben, ut\u00e1na agap\u00e9, Ulmban 15.00 \u00f3rakor \u00f6kumenikus istentisztelet, ut\u00e1na agap\u00e9. \u00a0* (K\u00e9p forr\u00e1sa: N\u00e9meti Gergely) * Minden helyen mindenkit szeretettel v\u00e1r a k\u00f6z\u00f6ss\u00e9g \u00e9s Tibor atya! * Bens\u0151s\u00e9ges \u00e9s kellemes \u00faj\u00e9vi napokat, j\u00f3 tal\u00e1lkoz\u00e1sokat \u00e9s sok \u00f6r\u00f6met k\u00edv\u00e1nok minden kedves H\u00edvemnek. * &#8222;Az ismeretlen id\u0151vel, esem\u00e9nyekkel, feladatokkal, sorssal \u00e1llunk szemben. Nem tudjuk, hogy a j\u00f6v\u0151\u030b k\u00f6d\u00e9ben elrejtett napok mit hoznak magukkal. (&#8230;) A f\u00f6ldi dolgok arculat\u00e1t a muland\u00f3s\u00e1g \u00fagy em\u00e9szti, mint moly a ruh\u00e1t \u00e9s rozsda a vasat. Az emberi v\u00e1llalkoz\u00e1sok is azt igazolj\u00e1k napro\u0301l-napra, amit m\u00e1r a kir\u00e1lyi zsolt\u00e1ros megtapasztalt: \u201eHa az U\u0301r nem \u00e9p\u00edti a h\u00e1zat, hi\u00e1ba f\u00e1radnak, akik \u00e9p\u00edtik azt.\u201d (Zsolt 126,1) Ez\u00e9rt mi vess\u00fck bizalmunkat az Istenbe, \u00e9s a jelenval\u00f3\u0301 gondokat az o\u030b mindenhat\u00f3\u0301 seg\u00edts\u00e9g\u00e9ben b\u00edzva vegy\u00fck magunkra hittel \u00e9s jo\u0301 rem\u00e9nys\u00e9ggel.&#8221; (M\u00e1rton \u00c1ron &#8211; \u00daj\u00e9vi k\u00f6rlev\u00e9l 1948) (Nyit\u00f3k\u00e9p: Biberach &#8211; Szenth\u00e1roms\u00e1g templom &#8211; Betlehem)","og_url":"https:\/\/stuttgarti-katolikusok.de\/index.php\/2024-januar-8-es-14-kozott\/","og_site_name":"Stuttgarti Katolikusok","article_published_time":"2024-01-08T21:30:06+00:00","article_modified_time":"2024-01-08T21:51:58+00:00","og_image":[{"width":2000,"height":1500,"url":"https:\/\/stuttgarti-katolikusok.de\/wp-content\/uploads\/2024\/01\/biberach3.jpg","type":"image\/jpeg"}],"author":"Tibor atya","twitter_card":"summary_large_image","twitter_misc":{"Szerz\u0151:":"Tibor atya","Becs\u00fclt olvas\u00e1si id\u0151":"2 perc"},"schema":{"@context":"https:\/\/schema.org","@graph":[{"@type":"Article","@id":"https:\/\/stuttgarti-katolikusok.de\/index.php\/2024-januar-8-es-14-kozott\/#article","isPartOf":{"@id":"https:\/\/stuttgarti-katolikusok.de\/index.php\/2024-januar-8-es-14-kozott\/"},"author":{"name":"Tibor atya","@id":"https:\/\/stuttgarti-katolikusok.de\/#\/schema\/person\/75908d6f8fdc03a57889d27209df7795"},"headline":"2024 JANU\u00c1R 8 \u00c9S 14 K\u00d6Z\u00d6TT","datePublished":"2024-01-08T21:30:06+00:00","dateModified":"2024-01-08T21:51:58+00:00","mainEntityOfPage":{"@id":"https:\/\/stuttgarti-katolikusok.de\/index.php\/2024-januar-8-es-14-kozott\/"},"wordCount":245,"image":{"@id":"https:\/\/stuttgarti-katolikusok.de\/index.php\/2024-januar-8-es-14-kozott\/#primaryimage"},"thumbnailUrl":"https:\/\/stuttgarti-katolikusok.de\/wp-content\/uploads\/2024\/01\/biberach3.jpg","articleSection":["Progamel\u0151zetes"],"inLanguage":"hu"},{"@type":"WebPage","@id":"https:\/\/stuttgarti-katolikusok.de\/index.php\/2024-januar-8-es-14-kozott\/","url":"https:\/\/stuttgarti-katolikusok.de\/index.php\/2024-januar-8-es-14-kozott\/","name":"2024 JANU\u00c1R 8 \u00c9S 14 K\u00d6Z\u00d6TT - Stuttgarti Katolikusok","isPartOf":{"@id":"https:\/\/stuttgarti-katolikusok.de\/#website"},"primaryImageOfPage":{"@id":"https:\/\/stuttgarti-katolikusok.de\/index.php\/2024-januar-8-es-14-kozott\/#primaryimage"},"image":{"@id":"https:\/\/stuttgarti-katolikusok.de\/index.php\/2024-januar-8-es-14-kozott\/#primaryimage"},"thumbnailUrl":"https:\/\/stuttgarti-katolikusok.de\/wp-content\/uploads\/2024\/01\/biberach3.jpg","datePublished":"2024-01-08T21:30:06+00:00","dateModified":"2024-01-08T21:51:58+00:00","author":{"@id":"https:\/\/stuttgarti-katolikusok.de\/#\/schema\/person\/75908d6f8fdc03a57889d27209df7795"},"breadcrumb":{"@id":"https:\/\/stuttgarti-katolikusok.de\/index.php\/2024-januar-8-es-14-kozott\/#breadcrumb"},"inLanguage":"hu","potentialAction":[{"@type":"ReadAction","target":["https:\/\/stuttgarti-katolikusok.de\/index.php\/2024-januar-8-es-14-kozott\/"]}]},{"@type":"ImageObject","inLanguage":"hu","@id":"https:\/\/stuttgarti-katolikusok.de\/index.php\/2024-januar-8-es-14-kozott\/#primaryimage","url":"https:\/\/stuttgarti-katolikusok.de\/wp-content\/uploads\/2024\/01\/biberach3.jpg","contentUrl":"https:\/\/stuttgarti-katolikusok.de\/wp-content\/uploads\/2024\/01\/biberach3.jpg","width":2000,"height":1500},{"@type":"BreadcrumbList","@id":"https:\/\/stuttgarti-katolikusok.de\/index.php\/2024-januar-8-es-14-kozott\/#breadcrumb","itemListElement":[{"@type":"ListItem","position":1,"name":"Kezd\u0151lap","item":"https:\/\/stuttgarti-katolikusok.de\/"},{"@type":"ListItem","position":2,"name":"2024 JANU\u00c1R 8 \u00c9S 14 K\u00d6Z\u00d6TT"}]},{"@type":"WebSite","@id":"https:\/\/stuttgarti-katolikusok.de\/#website","url":"https:\/\/stuttgarti-katolikusok.de\/","name":"Stuttgarti Katolikusok","description":"","potentialAction":[{"@type":"SearchAction","target":{"@type":"EntryPoint","urlTemplate":"https:\/\/stuttgarti-katolikusok.de\/?s={search_term_string}"},"query-input":{"@type":"PropertyValueSpecification","valueRequired":true,"valueName":"search_term_string"}}],"inLanguage":"hu"},{"@type":"Person","@id":"https:\/\/stuttgarti-katolikusok.de\/#\/schema\/person\/75908d6f8fdc03a57889d27209df7795","name":"Tibor atya","image":{"@type":"ImageObject","inLanguage":"hu","@id":"https:\/\/secure.gravatar.com\/avatar\/61d268e57d1f4525b111222e29d2d5a7f8c420fdbf231ba5566a8ceac74fa960?s=96&d=mm&r=g","url":"https:\/\/secure.gravatar.com\/avatar\/61d268e57d1f4525b111222e29d2d5a7f8c420fdbf231ba5566a8ceac74fa960?s=96&d=mm&r=g","contentUrl":"https:\/\/secure.gravatar.com\/avatar\/61d268e57d1f4525b111222e29d2d5a7f8c420fdbf231ba5566a8ceac74fa960?s=96&d=mm&r=g","caption":"Tibor atya"},"url":"https:\/\/stuttgarti-katolikusok.de\/index.php\/author\/tibor-atya\/"}]}},"_links":{"self":[{"href":"https:\/\/stuttgarti-katolikusok.de\/index.php\/wp-json\/wp\/v2\/posts\/28127","targetHints":{"allow":["GET"]}}],"collection":[{"href":"https:\/\/stuttgarti-katolikusok.de\/index.php\/wp-json\/wp\/v2\/posts"}],"about":[{"href":"https:\/\/stuttgarti-katolikusok.de\/index.php\/wp-json\/wp\/v2\/types\/post"}],"author":[{"embeddable":true,"href":"https:\/\/stuttgarti-katolikusok.de\/index.php\/wp-json\/wp\/v2\/users\/3"}],"replies":[{"embeddable":true,"href":"https:\/\/stuttgarti-katolikusok.de\/index.php\/wp-json\/wp\/v2\/comments?post=28127"}],"version-history":[{"count":5,"href":"https:\/\/stuttgarti-katolikusok.de\/index.php\/wp-json\/wp\/v2\/posts\/28127\/revisions"}],"predecessor-version":[{"id":28143,"href":"https:\/\/stuttgarti-katolikusok.de\/index.php\/wp-json\/wp\/v2\/posts\/28127\/revisions\/28143"}],"wp:featuredmedia":[{"embeddable":true,"href":"https:\/\/stuttgarti-katolikusok.de\/index.php\/wp-json\/wp\/v2\/media\/28129"}],"wp:attachment":[{"href":"https:\/\/stuttgarti-katolikusok.de\/index.php\/wp-json\/wp\/v2\/media?parent=28127"}],"wp:term":[{"taxonomy":"category","embeddable":true,"href":"https:\/\/stuttgarti-katolikusok.de\/index.php\/wp-json\/wp\/v2\/categories?post=28127"},{"taxonomy":"post_tag","embeddable":true,"href":"https:\/\/stuttgarti-katolikusok.de\/index.php\/wp-json\/wp\/v2\/tags?post=28127"}],"curies":[{"name":"wp","href":"https:\/\/api.w.org\/{rel}","templated":true}]}}