{"id":28114,"date":"2024-01-07T13:31:09","date_gmt":"2024-01-07T12:31:09","guid":{"rendered":"https:\/\/stuttgarti-katolikusok.de\/?p=28114"},"modified":"2024-01-23T10:42:37","modified_gmt":"2024-01-23T09:42:37","slug":"urunk-megkeresztelkedese-1-evkozi-vasarnap","status":"publish","type":"post","link":"https:\/\/stuttgarti-katolikusok.de\/index.php\/urunk-megkeresztelkedese-1-evkozi-vasarnap\/","title":{"rendered":"Urunk megkeresztelked\u00e9se &#8211; 1. \u00e9vk\u00f6zi vas\u00e1rnap"},"content":{"rendered":"<p align=\"justify\"><span style=\"color: #ff6600;\">OLVASM\u00c1NY Izaj\u00e1s pr\u00f3f\u00e9ta k\u00f6nyv\u00e9b\u0151l (Iz 42,1-4.6-7)<\/span><br \/>\nEzt mondja az \u00dar: \u00cdme, az \u00e9n szolg\u00e1m, akit t\u00e1mogatok, v\u00e1lasztottam, akiben kedvem telik. Ki\u00e1rasztom r\u00e1 lelkemet, \u00e9s igazs\u00e1got visz a nemzeteknek. Nem ki\u00e1lt majd, nem emeli f\u00f6l a hangj\u00e1t, \u00e9s szava se hallatszik az utc\u00e1kon. A megt\u00f6rt n\u00e1dsz\u00e1lat nem t\u00f6ri \u00f6ssze, a pisl\u00e1kol\u00f3 m\u00e9csbelet nem oltja ki. H\u0171s\u00e9gesen tan\u00edtja az igazs\u00e1got, nem lankad el, sem kedv\u00e9t el nem veszti, m\u00edg az igazs\u00e1got meg nem szil\u00e1rd\u00edtja a f\u00f6ld\u00f6n. Az \u0151 tan\u00edt\u00e1s\u00e1ra v\u00e1rnak a nemzetek.<br \/>\n\u00c9n, az \u00dar h\u00edvtalak meg igazs\u00e1gban, \u00e9n fogtam meg a kezed \u00e9s \u00e9n form\u00e1ltalak. \u00c1ltalad k\u00f6t\u00f6k sz\u00f6vets\u00e9get n\u00e9pemmel, \u00e9s adok vil\u00e1goss\u00e1got a nemzeteknek, hogy nyisd meg a vakok szem\u00e9t, \u00e9s szabad\u00edtsd ki a b\u00f6rt\u00f6nb\u0151l a foglyokat, \u00e9s a t\u00f6ml\u00f6cb\u0151l azokat, akik a s\u00f6t\u00e9tben \u00fclnek.<br \/>\nEz az Isten ig\u00e9je.<\/p>\n<p><span style=\"color: #ff6600;\"><em>vagy<\/em><\/span><\/p>\n<p><span style=\"color: #ff6600;\">OLVASM\u00c1NY Izaj\u00e1s pr\u00f3f\u00e9ta k\u00f6nyv\u00e9b\u0151l (Iz 55,1-11)<\/span><br \/>\n\u00cdgy sz\u00f3l az \u00dar: Ti szomjaz\u00f3k, gyertek a v\u00edzhez mind, \u00e9s b\u00e1r nincsen p\u00e9nzetek, siessetek ide! Vegyetek ingyen gabon\u00e1t \u00e9s egyetek, vegyetek p\u00e9nz n\u00e9lk\u00fcl bort \u00e9s tejet. Mi\u00e9rt k\u00f6ltitek a p\u00e9nzt arra, ami nem keny\u00e9r, \u00e9s a keresetet arra, ami nem lakat j\u00f3l?<br \/>\nHallgassatok ide, figyeljetek r\u00e1m, akkor j\u00f3 \u00e9telt esztek, \u00e9s k\u00f6v\u00e9r falatokban lesz r\u00e9szetek. Ford\u00edts\u00e1tok fel\u00e9m f\u00fcleteket \u00e9s gyertek ide hozz\u00e1m; hallgassatok r\u00e1m, \u00e9s \u00e9lni fog lelketek. \u00d6r\u00f6k sz\u00f6vets\u00e9get k\u00f6t\u00f6k veletek a D\u00e1vidnak meg\u00edg\u00e9rt irgalom jegy\u00e9ben.<br \/>\n\u00cdme, tan\u00fav\u00e1 tettelek a n\u00e9pek el\u0151tt, vez\u00e9rr\u00e9 \u00e9s parancsol\u00f3v\u00e1 a nemzetek f\u00f6l\u00f6tt. Olyan nemzeteket h\u00edvsz majd meg, amelyeket nem ismert\u00e9l, \u00e9s olyanok sietnek hozz\u00e1d, akik nem ismertek, az \u00dar\u00e9rt, a te Istened\u00e9rt, Izrael Szentj\u00e9\u00e9rt, aki majd megdics\u0151\u00edt.<br \/>\nKeress\u00e9tek az Urat, am\u00edg megtal\u00e1lj\u00e1tok, h\u00edvj\u00e1tok seg\u00edts\u00e9g\u00fcl, am\u00edg k\u00f6zel van! Hagyja el \u00fatj\u00e1t a gonosz, \u00e9s gondolatait a b\u0171n\u00f6s, t\u00e9rjen vissza az \u00darhoz, mert megk\u00f6ny\u00f6r\u00fcl rajta, Isten\u00fcnkh\u00f6z, mert b\u0151kez\u0171 a megbocs\u00e1t\u00e1sban. Hiszen az \u00e9n gondolataim nem a ti gondolataitok, az \u00e9n utaim nem a ti utaitok \u2013 mondja az \u00dar.<br \/>\nIgen, amennyivel magasabb az \u00e9g a f\u00f6ldn\u00e9l, annyival magasabbak az \u00e9n utaim a ti utaitokn\u00e1l, az \u00e9n gondolataim a ti gondolataitokn\u00e1l. Amint az es\u0151 \u00e9s a h\u00f3 lehull az \u00e9gb\u0151l \u00e9s nem t\u00e9r oda vissza, hanem meg\u00f6nt\u00f6zi a f\u00f6ldet, \u00e9s term\u0151v\u00e9, gy\u00fcm\u00f6lcs\u00f6z\u0151v\u00e9 teszi, hogy magot adjon a magvet\u0151nek \u00e9s kenyeret az \u00e9hez\u0151nek, \u00e9pp\u00fagy lesz a szavammal is, amely ajkamr\u00f3l fakad. Nem t\u00e9r vissza hozz\u00e1m eredm\u00e9nytelen\u00fcl, hanem v\u00e9gbe viszi akaratomat, \u00e9s el\u00e9ri, ami\u00e9rt k\u00fcldtem.<br \/>\nEz az Isten ig\u00e9je.<\/p>\n<p align=\"justify\"><span style=\"color: #ff6600;\">V\u00c1LASZOS ZSOLT\u00c1R (Zsolt 28,1a \u00e9s 2.3ac-4.3b. \u00e9s 9b-10 vagy Iz 1)<\/span><br \/>\nV\u00e1lasz:\u00a0<strong>\u00c1ldja meg Isten\u00a0<u>az<\/u>\u00a0\u0151 n\u00e9p\u00e9t, * adjon neki b\u00e9kess\u00e9<u>get<\/u>.<\/strong>\u00a0(4g. t\u00f3nus.)<br \/>\nEl\u0151\u00e9nekes: Adj\u00e1tok\u00a0<u>meg<\/u>\u00a0az \u00darnak, * Isten gyermeke<u>i<\/u>,<br \/>\nadj\u00e1tok meg az \u00darnak a nev\u00e9t megillet\u0151\u00a0<u>di<\/u>cs\u0151s\u00e9get, * im\u00e1dj\u00e1tok az Urat szent \u00fcnnepi d\u00edsz<u>ben<\/u>!<br \/>\nH\u00edvek:\u00a0<strong>\u00c1ldja meg Isten\u00a0<u>az<\/u>\u00a0\u0151 n\u00e9p\u00e9t, * adjon neki b\u00e9kess\u00e9<u>get<\/u>.<\/strong><br \/>\nE: Az \u00dar szava z\u00fag a\u00a0<u>vi<\/u>zek \u00e1rj\u00e1n, * az \u00dar lebeg a nagy vizek f\u00f6<u>l\u00f6tt<\/u>.<br \/>\nAz \u00dar szava\u00a0<u>tel<\/u>ve er\u0151vel, * az \u00dar szava telve f\u00f6ns\u00e9g<u>gel<\/u>.<br \/>\nH:\u00a0<strong>\u00c1ldja meg Isten\u00a0<u>az<\/u>\u00a0\u0151 n\u00e9p\u00e9t, * adjon neki b\u00e9kess\u00e9<u>get<\/u>.<\/strong><br \/>\nE: A dics\u0151s\u00e9g Is<u>te<\/u>ne mennyd\u00f6r\u00f6g, * templom\u00e1ban mindenek az \u0151 dics\u00e9ret\u00e9t zen<u>gik<\/u>.<br \/>\nAz \u00dar tr\u00f3nol a v\u00edz<u>\u00f6<\/u>z\u00f6n f\u00f6l\u00f6tt, * az \u00dar kir\u00e1ly \u00f6r\u00f6k<u>k\u00e9<\/u>.<br \/>\nH:\u00a0<strong>\u00c1ldja meg Isten\u00a0<u>az<\/u>\u00a0\u0151 n\u00e9p\u00e9t, * adjon neki b\u00e9kess\u00e9<u>get<\/u>.<\/strong><\/p>\n<p><span style=\"color: #ff6600;\"><em>vagy<\/em><\/span><\/p>\n<p>V\u00e1lasz:\u00a0<strong>\u00d6r\u00f6mmel mer\u00edt<u>se<\/u>tek vizet * az \u00fcdv\u00f6ss\u00e9g forr\u00e1sai<u>b\u00f3l<\/u>.<\/strong>\u00a0(4g. t\u00f3nus.)<br \/>\nEl\u0151\u00e9nekes: \u00cdme, Isten az \u00e9n\u00a0<u>\u00fcd<\/u>v\u00f6ss\u00e9gem, * b\u00edzom benne \u00e9s nem f\u00e9<u>lek<\/u>.<br \/>\nMert az \u00dar az \u00e9n er\u0151ss\u00e9gem \u00e9s\u00a0<u>di<\/u>cs\u0151s\u00e9gem, * \u0151 lett n\u00e9kem szabadul\u00e1<u>som<\/u>.<br \/>\nH\u00edvek:\u00a0<strong>\u00d6r\u00f6mmel mer\u00edt<u>se<\/u>tek vizet * az \u00fcdv\u00f6ss\u00e9g forr\u00e1sai<u>b\u00f3l<\/u>.<\/strong><br \/>\nE: Adjatok h\u00e1<u>l\u00e1t<\/u>\u00a0az \u00darnak, * magasztalj\u00e1tok az \u0151 ne<u>v\u00e9t<\/u>.<br \/>\nA n\u00e9pek k\u00f6zt hirdes<u>s\u00e9<\/u>tek tetteit, * eml\u00e9kezzetek meg arr\u00f3l, hogy F\u00f6ls\u00e9ges az \u0151 ne<u>ve<\/u>.<br \/>\nH:\u00a0<strong>\u00d6r\u00f6mmel mer\u00edt<u>se<\/u>tek vizet * az \u00fcdv\u00f6ss\u00e9g forr\u00e1sai<u>b\u00f3l<\/u>.<\/strong><br \/>\nE: Zengjetek dalt az \u00darnak, mert csod\u00e1s dol<u>go<\/u>kat m\u0171velt: * tudja meg az eg\u00e9sz vi<u>l\u00e1g<\/u>!<br \/>\nUjjongjatok \u00e9s dics\u00e9retet mondjatok\u00a0<u>Si<\/u>on lak\u00f3i, * mert nagy a ti k\u00f6r\u00f6t\u00f6kben Izrael szent<u>je<\/u>.<br \/>\nH:\u00a0<strong>\u00d6r\u00f6mmel mer\u00edt<u>se<\/u>tek vizet * az \u00fcdv\u00f6ss\u00e9g forr\u00e1sai<u>b\u00f3l<\/u>.<\/strong><\/p>\n<p align=\"justify\"><span style=\"color: #ff6600;\">SZENTLECKE az Apostolok Cselekedeteib\u0151l (ApCsel 10,34-38)<\/span><br \/>\nKorn\u00e9liusz (sz\u00e1zados) h\u00e1z\u00e1ban P\u00e9ter sz\u00f3l\u00e1sra nyitotta ajk\u00e1t, \u00e9s ezeket mondta: \u201eVal\u00f3ban el kell ismernem, hogy Isten nem szem\u00e9lyv\u00e1logat\u00f3. Mindenki kedves el\u0151tte, b\u00e1rmely n\u00e9phez tartozik is, aki f\u00e9li \u0151t \u00e9s az igazs\u00e1got cselekszi. Isten a tan\u00edt\u00e1st Izrael fiainak adta, \u00e9s a b\u00e9ke \u00f6r\u00f6mh\u00edr\u00e9t hirdette J\u00e9zus \u00e1ltal. \u0150 a mindens\u00e9g Ura.<br \/>\nTi tudj\u00e1tok, hogy mi minden t\u00f6rt\u00e9nt Galile\u00e1t\u00f3l eg\u00e9sz Jude\u00e1ig att\u00f3l kezdve, hogy J\u00e1nos hirdette a kereszts\u00e9get: Hogyan kente fel az Isten a n\u00e1z\u00e1reti J\u00e9zust Szentl\u00e9lekkel \u00e9s hatalommal. \u0150 pedig, amerre csak j\u00e1rt, j\u00f3tetteket vitt v\u00e9gbe, \u00e9s meggy\u00f3gy\u00edtott minden \u00f6rd\u00f6gt\u0151l megsz\u00e1llottat, mert vele volt az Isten.\u201d<br \/>\nEz az Isten ig\u00e9je.<\/p>\n<p><span style=\"color: #ff6600;\"><em>vagy<\/em><\/span><\/p>\n<p><span style=\"color: #ff6600;\">SZENTLECKE Szent J\u00e1nos apostol els\u0151 level\u00e9b\u0151l (1Jn 5,1-9)<\/span><br \/>\nTestv\u00e9reim! Mindenki, aki hiszi, hogy J\u00e9zus a Krisztus, az az Isten sz\u00fcl\u00f6tte; aki pedig a sz\u00fcl\u0151t szereti, szereti a sz\u00fcl\u00f6tt\u00e9t is. Abb\u00f3l tudjuk meg, hogy szeretj\u00fck Isten gyermekeit, hogy szeretj\u00fck az Istent, \u00e9s eleget tesz\u00fcnk parancsainak. Mert az az Isten ir\u00e1nti szeretet, hogy megtartjuk parancsait. Parancsai nem nehezek.<br \/>\nMert mindenki, aki az Istent\u0151l sz\u00fcletett, legy\u0151zi a vil\u00e1got. \u00c9s ez a gy\u0151zelem \u2013 gy\u0151zelem a vil\u00e1g f\u00f6l\u00f6tt! \u2013 a mi hit\u00fcnk. Ki gy\u0151zi le a vil\u00e1got, ha nem az, aki hiszi, hogy J\u00e9zus az Isten Fia?<br \/>\n\u0150 az, aki v\u00edz \u00e9s v\u00e9r \u00e1ltal j\u00f6tt, J\u00e9zus Krisztus. Nem csup\u00e1n v\u00edz \u00e1ltal, hanem v\u00edz \u00e9s v\u00e9r \u00e1ltal. \u00c9s a L\u00e9lek tesz tan\u00fas\u00e1got r\u00f3la, mert a L\u00e9lek igazs\u00e1g. Teh\u00e1t h\u00e1rman tan\u00faskodnak: a L\u00e9lek, a v\u00edz \u00e9s a v\u00e9r, \u00e9s ez a h\u00e1rom egy. Az emberek tan\u00fas\u00e1g\u00e1t is elfogadjuk, de az Isten tan\u00fas\u00e1ga t\u00f6bbet jelent. Az Isten tan\u00fas\u00e1ga az, hogy tan\u00fas\u00e1got tett a Fia mellett.<br \/>\nEz az Isten ig\u00e9je.<\/p>\n<p align=\"justify\"><span style=\"color: #ff6600;\">ALLELUJA<\/span><br \/>\nAmikor Keresztel\u0151 J\u00e1nos l\u00e1tta, hogy J\u00e9zus fel\u00e9je\u00a0<u>tart<\/u>, \u00edgy sz\u00f3lt: * \u00cdme,\u00a0<u>az<\/u>\u00a0Isten B\u00e1r\u00e1nya. (Jn 1,29 \u2013 6. t\u00f3nus.)<\/p>\n<p align=\"justify\"><span style=\"color: #ff6600;\">\u2020 EVANG\u00c9LIUM Szent M\u00e1rk k\u00f6nyv\u00e9b\u0151l (Mk 1,7-11)<\/span><br \/>\nAbban az id\u0151ben Keresztel\u0151 J\u00e1nos ezt hirdette: \u201eAki ut\u00e1nam j\u00f6n, hatalmasabb n\u00e1lam. Arra sem vagyok m\u00e9lt\u00f3, hogy lehajoljak \u00e9s megoldjam a sarusz\u00edj\u00e1t. \u00c9n v\u00edzzel keresztellek titeket, \u0151 pedig Szentl\u00e9lekkel keresztel majd meg benneteket!\u201d Ezekben a napokban t\u00f6rt\u00e9nt, hogy elj\u00f6tt J\u00e9zus a galileai N\u00e1z\u00e1retb\u0151l, \u00e9s megkeresztelkedett J\u00e1nosn\u00e1l a Jord\u00e1nban. \u00c9s mindj\u00e1rt, amint felj\u00f6tt a v\u00edzb\u0151l, l\u00e1tta, hogy megny\u00edlik az \u00e9g, \u00e9s a L\u00e9lek, mint egy galamb, lesz\u00e1ll r\u00e1. Az \u00e9gb\u0151l pedig sz\u00f3zat hallatszott: \u201eTe vagy az \u00e9n szeretett Fiam, benned kedvem telik!\u201d<br \/>\nEzek az evang\u00e9lium ig\u00e9i.<\/p>\n<p><span style=\"color: #ff6600;\">EGYETEMES K\u00d6NY\u00d6RG\u00c9SEK<\/span><br \/>\nPap: Im\u00e1dkozzunk, testv\u00e9reim, hogy a vil\u00e1g megl\u00e1ssa benn\u00fcnk Isten kedves gyermekeit!<br \/>\nLektor:<br \/>\n1. Add, Urunk, hogy J\u00e9zus lelk\u00fclet\u00e9vel k\u00f6zeledj\u00fcnk az emberekhez, al\u00e1zatoss\u00e1gban \u00e9s szeretetben!<br \/>\nH\u00edvek: K\u00e9r\u00fcnk T\u00e9ged, hallgass meg minket!<br \/>\n2. Add, Urunk, Krisztus lelk\u00fclet\u00e9t p\u00fcsp\u00f6keinknek, papjainknak \u00e9s mindazoknak, akik seg\u00edtik munk\u00e1jukat!<br \/>\nH\u00edvek: K\u00e9r\u00fcnk T\u00e9ged, hallgass meg minket!<br \/>\n3. Add, Urunk, hogy a n\u00e9pek \u00e9s a fajok k\u00f6z\u00f6tt megsz\u0171nj\u00e9k minden igazs\u00e1gtalan megk\u00fcl\u00f6nb\u00f6ztet\u00e9s!<br \/>\nH\u00edvek: K\u00e9r\u00fcnk T\u00e9ged, hallgass meg minket!<br \/>\n4. Add, Urunk, hogy J\u00e9zushoz hasonl\u00f3an mi is mindenben teljes\u00edts\u00fck szent akaratodat!<br \/>\nH\u00edvek: K\u00e9r\u00fcnk T\u00e9ged, hallgass meg minket!<br \/>\n5. Add, Urunk, hogy minden megkeresztelt gyermek meg\u0151rizze a fogadott fi\u00fas\u00e1g kegyelm\u00e9t!<br \/>\nH\u00edvek: K\u00e9r\u00fcnk T\u00e9ged, hallgass meg minket!<br \/>\nPap: Isten\u00fcnk! Te a mai napon kinyilv\u00e1n\u00edtottad, hogy J\u00e9zus a te szeretett Fiad. Add, hogy akik a kereszts\u00e9gben vele eggy\u00e9 lett\u00fcnk, mindv\u00e9gig h\u0171s\u00e9ges gyermekeid maradjunk! Krisztus, a mi Urunk \u00e1ltal.<br \/>\nH\u00edvek: \u00c1men.<\/p>\n","protected":false},"excerpt":{"rendered":"<p>OLVASM\u00c1NY Izaj\u00e1s pr\u00f3f\u00e9ta k\u00f6nyv\u00e9b\u0151l (Iz 42,1-4.6-7) Ezt mondja az \u00dar: \u00cdme, az \u00e9n szolg\u00e1m, akit t\u00e1mogatok, v\u00e1lasztottam, akiben kedvem telik. Ki\u00e1rasztom r\u00e1 lelkemet, \u00e9s igazs\u00e1got visz a nemzeteknek. Nem ki\u00e1lt majd, nem emeli f\u00f6l a hangj\u00e1t, \u00e9s szava se hallatszik az utc\u00e1kon. A megt\u00f6rt n\u00e1dsz\u00e1lat nem t\u00f6ri \u00f6ssze, a pisl\u00e1kol\u00f3 m\u00e9csbelet nem oltja ki. H\u0171s\u00e9gesen tan\u00edtja az igazs\u00e1got, nem lankad el, sem kedv\u00e9t el nem veszti, m\u00edg az igazs\u00e1got meg nem szil\u00e1rd\u00edtja a f\u00f6ld\u00f6n. Az \u0151 tan\u00edt\u00e1s\u00e1ra v\u00e1rnak a nemzetek. \u00c9n, az \u00dar h\u00edvtalak meg igazs\u00e1gban, \u00e9n fogtam meg a kezed \u00e9s \u00e9n form\u00e1ltalak. \u00c1ltalad k\u00f6t\u00f6k sz\u00f6vets\u00e9get n\u00e9pemmel, \u00e9s adok vil\u00e1goss\u00e1got a nemzeteknek, hogy nyisd meg a vakok szem\u00e9t, \u00e9s szabad\u00edtsd ki a b\u00f6rt\u00f6nb\u0151l a foglyokat, \u00e9s a t\u00f6ml\u00f6cb\u0151l azokat, akik a s\u00f6t\u00e9tben \u00fclnek. Ez az Isten ig\u00e9je. vagy OLVASM\u00c1NY Izaj\u00e1s pr\u00f3f\u00e9ta k\u00f6nyv\u00e9b\u0151l (Iz 55,1-11) \u00cdgy sz\u00f3l az \u00dar: Ti szomjaz\u00f3k, gyertek a v\u00edzhez mind, \u00e9s b\u00e1r nincsen p\u00e9nzetek, siessetek ide! Vegyetek ingyen gabon\u00e1t \u00e9s egyetek, vegyetek p\u00e9nz n\u00e9lk\u00fcl bort \u00e9s tejet. Mi\u00e9rt k\u00f6ltitek a p\u00e9nzt arra, ami nem keny\u00e9r, \u00e9s a keresetet arra, ami nem lakat j\u00f3l? Hallgassatok ide, figyeljetek r\u00e1m, akkor j\u00f3 \u00e9telt esztek, \u00e9s k\u00f6v\u00e9r falatokban lesz r\u00e9szetek. Ford\u00edts\u00e1tok fel\u00e9m f\u00fcleteket \u00e9s gyertek ide hozz\u00e1m; hallgassatok r\u00e1m, \u00e9s \u00e9lni fog lelketek. \u00d6r\u00f6k sz\u00f6vets\u00e9get k\u00f6t\u00f6k veletek a D\u00e1vidnak meg\u00edg\u00e9rt irgalom jegy\u00e9ben. \u00cdme, tan\u00fav\u00e1 tettelek a n\u00e9pek el\u0151tt, vez\u00e9rr\u00e9 \u00e9s parancsol\u00f3v\u00e1 a nemzetek f\u00f6l\u00f6tt. Olyan nemzeteket h\u00edvsz majd meg, amelyeket nem ismert\u00e9l, \u00e9s olyanok sietnek hozz\u00e1d, akik nem ismertek, az \u00dar\u00e9rt, a te Istened\u00e9rt, Izrael Szentj\u00e9\u00e9rt, aki majd megdics\u0151\u00edt. Keress\u00e9tek az Urat, am\u00edg megtal\u00e1lj\u00e1tok, h\u00edvj\u00e1tok seg\u00edts\u00e9g\u00fcl, am\u00edg k\u00f6zel van! Hagyja el \u00fatj\u00e1t a gonosz, \u00e9s gondolatait a b\u0171n\u00f6s, t\u00e9rjen vissza az \u00darhoz, mert megk\u00f6ny\u00f6r\u00fcl rajta, Isten\u00fcnkh\u00f6z, mert b\u0151kez\u0171 a megbocs\u00e1t\u00e1sban. Hiszen az \u00e9n gondolataim nem a ti gondolataitok, az \u00e9n utaim nem a ti utaitok \u2013 mondja az \u00dar&#8230;. <\/p>\n<p><a class=\"readmore\" href=\"https:\/\/stuttgarti-katolikusok.de\/index.php\/urunk-megkeresztelkedese-1-evkozi-vasarnap\/\">R\u00e9szletek<\/a><\/p>\n","protected":false},"author":3,"featured_media":28117,"comment_status":"closed","ping_status":"closed","sticky":false,"template":"","format":"standard","meta":{"footnotes":""},"categories":[85],"tags":[],"class_list":["post-28114","post","type-post","status-publish","format-standard","has-post-thumbnail","hentry","category-a-liturgia-olvasmanyai"],"yoast_head":"<!-- This site is optimized with the Yoast SEO plugin v27.3 - https:\/\/yoast.com\/product\/yoast-seo-wordpress\/ -->\n<title>Urunk megkeresztelked\u00e9se - 1. \u00e9vk\u00f6zi vas\u00e1rnap - Stuttgarti Katolikusok<\/title>\n<meta name=\"robots\" content=\"index, follow, max-snippet:-1, max-image-preview:large, max-video-preview:-1\" \/>\n<link rel=\"canonical\" href=\"https:\/\/stuttgarti-katolikusok.de\/index.php\/urunk-megkeresztelkedese-1-evkozi-vasarnap\/\" \/>\n<meta property=\"og:locale\" content=\"hu_HU\" \/>\n<meta property=\"og:type\" content=\"article\" \/>\n<meta property=\"og:title\" content=\"Urunk megkeresztelked\u00e9se - 1. \u00e9vk\u00f6zi vas\u00e1rnap - Stuttgarti Katolikusok\" \/>\n<meta property=\"og:description\" content=\"OLVASM\u00c1NY Izaj\u00e1s pr\u00f3f\u00e9ta k\u00f6nyv\u00e9b\u0151l (Iz 42,1-4.6-7) Ezt mondja az \u00dar: \u00cdme, az \u00e9n szolg\u00e1m, akit t\u00e1mogatok, v\u00e1lasztottam, akiben kedvem telik. Ki\u00e1rasztom r\u00e1 lelkemet, \u00e9s igazs\u00e1got visz a nemzeteknek. Nem ki\u00e1lt majd, nem emeli f\u00f6l a hangj\u00e1t, \u00e9s szava se hallatszik az utc\u00e1kon. A megt\u00f6rt n\u00e1dsz\u00e1lat nem t\u00f6ri \u00f6ssze, a pisl\u00e1kol\u00f3 m\u00e9csbelet nem oltja ki. H\u0171s\u00e9gesen tan\u00edtja az igazs\u00e1got, nem lankad el, sem kedv\u00e9t el nem veszti, m\u00edg az igazs\u00e1got meg nem szil\u00e1rd\u00edtja a f\u00f6ld\u00f6n. Az \u0151 tan\u00edt\u00e1s\u00e1ra v\u00e1rnak a nemzetek. \u00c9n, az \u00dar h\u00edvtalak meg igazs\u00e1gban, \u00e9n fogtam meg a kezed \u00e9s \u00e9n form\u00e1ltalak. \u00c1ltalad k\u00f6t\u00f6k sz\u00f6vets\u00e9get n\u00e9pemmel, \u00e9s adok vil\u00e1goss\u00e1got a nemzeteknek, hogy nyisd meg a vakok szem\u00e9t, \u00e9s szabad\u00edtsd ki a b\u00f6rt\u00f6nb\u0151l a foglyokat, \u00e9s a t\u00f6ml\u00f6cb\u0151l azokat, akik a s\u00f6t\u00e9tben \u00fclnek. Ez az Isten ig\u00e9je. vagy OLVASM\u00c1NY Izaj\u00e1s pr\u00f3f\u00e9ta k\u00f6nyv\u00e9b\u0151l (Iz 55,1-11) \u00cdgy sz\u00f3l az \u00dar: Ti szomjaz\u00f3k, gyertek a v\u00edzhez mind, \u00e9s b\u00e1r nincsen p\u00e9nzetek, siessetek ide! Vegyetek ingyen gabon\u00e1t \u00e9s egyetek, vegyetek p\u00e9nz n\u00e9lk\u00fcl bort \u00e9s tejet. Mi\u00e9rt k\u00f6ltitek a p\u00e9nzt arra, ami nem keny\u00e9r, \u00e9s a keresetet arra, ami nem lakat j\u00f3l? Hallgassatok ide, figyeljetek r\u00e1m, akkor j\u00f3 \u00e9telt esztek, \u00e9s k\u00f6v\u00e9r falatokban lesz r\u00e9szetek. Ford\u00edts\u00e1tok fel\u00e9m f\u00fcleteket \u00e9s gyertek ide hozz\u00e1m; hallgassatok r\u00e1m, \u00e9s \u00e9lni fog lelketek. \u00d6r\u00f6k sz\u00f6vets\u00e9get k\u00f6t\u00f6k veletek a D\u00e1vidnak meg\u00edg\u00e9rt irgalom jegy\u00e9ben. \u00cdme, tan\u00fav\u00e1 tettelek a n\u00e9pek el\u0151tt, vez\u00e9rr\u00e9 \u00e9s parancsol\u00f3v\u00e1 a nemzetek f\u00f6l\u00f6tt. Olyan nemzeteket h\u00edvsz majd meg, amelyeket nem ismert\u00e9l, \u00e9s olyanok sietnek hozz\u00e1d, akik nem ismertek, az \u00dar\u00e9rt, a te Istened\u00e9rt, Izrael Szentj\u00e9\u00e9rt, aki majd megdics\u0151\u00edt. Keress\u00e9tek az Urat, am\u00edg megtal\u00e1lj\u00e1tok, h\u00edvj\u00e1tok seg\u00edts\u00e9g\u00fcl, am\u00edg k\u00f6zel van! Hagyja el \u00fatj\u00e1t a gonosz, \u00e9s gondolatait a b\u0171n\u00f6s, t\u00e9rjen vissza az \u00darhoz, mert megk\u00f6ny\u00f6r\u00fcl rajta, Isten\u00fcnkh\u00f6z, mert b\u0151kez\u0171 a megbocs\u00e1t\u00e1sban. Hiszen az \u00e9n gondolataim nem a ti gondolataitok, az \u00e9n utaim nem a ti utaitok \u2013 mondja az \u00dar.... R\u00e9szletek\" \/>\n<meta property=\"og:url\" content=\"https:\/\/stuttgarti-katolikusok.de\/index.php\/urunk-megkeresztelkedese-1-evkozi-vasarnap\/\" \/>\n<meta property=\"og:site_name\" content=\"Stuttgarti Katolikusok\" \/>\n<meta property=\"article:published_time\" content=\"2024-01-07T12:31:09+00:00\" \/>\n<meta property=\"article:modified_time\" content=\"2024-01-23T09:42:37+00:00\" \/>\n<meta property=\"og:image\" content=\"https:\/\/stuttgarti-katolikusok.de\/wp-content\/uploads\/2024\/01\/schw-gmund.jpg\" \/>\n\t<meta property=\"og:image:width\" content=\"1600\" \/>\n\t<meta property=\"og:image:height\" content=\"1200\" \/>\n\t<meta property=\"og:image:type\" content=\"image\/jpeg\" \/>\n<meta name=\"author\" content=\"Tibor atya\" \/>\n<meta name=\"twitter:card\" content=\"summary_large_image\" \/>\n<meta name=\"twitter:label1\" content=\"Szerz\u0151:\" \/>\n\t<meta name=\"twitter:data1\" content=\"Tibor atya\" \/>\n\t<meta name=\"twitter:label2\" content=\"Becs\u00fclt olvas\u00e1si id\u0151\" \/>\n\t<meta name=\"twitter:data2\" content=\"7 perc\" \/>\n<script type=\"application\/ld+json\" class=\"yoast-schema-graph\">{\"@context\":\"https:\\\/\\\/schema.org\",\"@graph\":[{\"@type\":\"Article\",\"@id\":\"https:\\\/\\\/stuttgarti-katolikusok.de\\\/index.php\\\/urunk-megkeresztelkedese-1-evkozi-vasarnap\\\/#article\",\"isPartOf\":{\"@id\":\"https:\\\/\\\/stuttgarti-katolikusok.de\\\/index.php\\\/urunk-megkeresztelkedese-1-evkozi-vasarnap\\\/\"},\"author\":{\"name\":\"Tibor atya\",\"@id\":\"https:\\\/\\\/stuttgarti-katolikusok.de\\\/#\\\/schema\\\/person\\\/75908d6f8fdc03a57889d27209df7795\"},\"headline\":\"Urunk megkeresztelked\u00e9se &#8211; 1. \u00e9vk\u00f6zi vas\u00e1rnap\",\"datePublished\":\"2024-01-07T12:31:09+00:00\",\"dateModified\":\"2024-01-23T09:42:37+00:00\",\"mainEntityOfPage\":{\"@id\":\"https:\\\/\\\/stuttgarti-katolikusok.de\\\/index.php\\\/urunk-megkeresztelkedese-1-evkozi-vasarnap\\\/\"},\"wordCount\":1597,\"image\":{\"@id\":\"https:\\\/\\\/stuttgarti-katolikusok.de\\\/index.php\\\/urunk-megkeresztelkedese-1-evkozi-vasarnap\\\/#primaryimage\"},\"thumbnailUrl\":\"https:\\\/\\\/stuttgarti-katolikusok.de\\\/wp-content\\\/uploads\\\/2024\\\/01\\\/schw-gmund.jpg\",\"articleSection\":[\"A liturgia olvasm\u00e1nyai\"],\"inLanguage\":\"hu\"},{\"@type\":\"WebPage\",\"@id\":\"https:\\\/\\\/stuttgarti-katolikusok.de\\\/index.php\\\/urunk-megkeresztelkedese-1-evkozi-vasarnap\\\/\",\"url\":\"https:\\\/\\\/stuttgarti-katolikusok.de\\\/index.php\\\/urunk-megkeresztelkedese-1-evkozi-vasarnap\\\/\",\"name\":\"Urunk megkeresztelked\u00e9se - 1. \u00e9vk\u00f6zi vas\u00e1rnap - Stuttgarti Katolikusok\",\"isPartOf\":{\"@id\":\"https:\\\/\\\/stuttgarti-katolikusok.de\\\/#website\"},\"primaryImageOfPage\":{\"@id\":\"https:\\\/\\\/stuttgarti-katolikusok.de\\\/index.php\\\/urunk-megkeresztelkedese-1-evkozi-vasarnap\\\/#primaryimage\"},\"image\":{\"@id\":\"https:\\\/\\\/stuttgarti-katolikusok.de\\\/index.php\\\/urunk-megkeresztelkedese-1-evkozi-vasarnap\\\/#primaryimage\"},\"thumbnailUrl\":\"https:\\\/\\\/stuttgarti-katolikusok.de\\\/wp-content\\\/uploads\\\/2024\\\/01\\\/schw-gmund.jpg\",\"datePublished\":\"2024-01-07T12:31:09+00:00\",\"dateModified\":\"2024-01-23T09:42:37+00:00\",\"author\":{\"@id\":\"https:\\\/\\\/stuttgarti-katolikusok.de\\\/#\\\/schema\\\/person\\\/75908d6f8fdc03a57889d27209df7795\"},\"breadcrumb\":{\"@id\":\"https:\\\/\\\/stuttgarti-katolikusok.de\\\/index.php\\\/urunk-megkeresztelkedese-1-evkozi-vasarnap\\\/#breadcrumb\"},\"inLanguage\":\"hu\",\"potentialAction\":[{\"@type\":\"ReadAction\",\"target\":[\"https:\\\/\\\/stuttgarti-katolikusok.de\\\/index.php\\\/urunk-megkeresztelkedese-1-evkozi-vasarnap\\\/\"]}]},{\"@type\":\"ImageObject\",\"inLanguage\":\"hu\",\"@id\":\"https:\\\/\\\/stuttgarti-katolikusok.de\\\/index.php\\\/urunk-megkeresztelkedese-1-evkozi-vasarnap\\\/#primaryimage\",\"url\":\"https:\\\/\\\/stuttgarti-katolikusok.de\\\/wp-content\\\/uploads\\\/2024\\\/01\\\/schw-gmund.jpg\",\"contentUrl\":\"https:\\\/\\\/stuttgarti-katolikusok.de\\\/wp-content\\\/uploads\\\/2024\\\/01\\\/schw-gmund.jpg\",\"width\":1600,\"height\":1200},{\"@type\":\"BreadcrumbList\",\"@id\":\"https:\\\/\\\/stuttgarti-katolikusok.de\\\/index.php\\\/urunk-megkeresztelkedese-1-evkozi-vasarnap\\\/#breadcrumb\",\"itemListElement\":[{\"@type\":\"ListItem\",\"position\":1,\"name\":\"Kezd\u0151lap\",\"item\":\"https:\\\/\\\/stuttgarti-katolikusok.de\\\/\"},{\"@type\":\"ListItem\",\"position\":2,\"name\":\"Urunk megkeresztelked\u00e9se &#8211; 1. \u00e9vk\u00f6zi vas\u00e1rnap\"}]},{\"@type\":\"WebSite\",\"@id\":\"https:\\\/\\\/stuttgarti-katolikusok.de\\\/#website\",\"url\":\"https:\\\/\\\/stuttgarti-katolikusok.de\\\/\",\"name\":\"Stuttgarti Katolikusok\",\"description\":\"\",\"potentialAction\":[{\"@type\":\"SearchAction\",\"target\":{\"@type\":\"EntryPoint\",\"urlTemplate\":\"https:\\\/\\\/stuttgarti-katolikusok.de\\\/?s={search_term_string}\"},\"query-input\":{\"@type\":\"PropertyValueSpecification\",\"valueRequired\":true,\"valueName\":\"search_term_string\"}}],\"inLanguage\":\"hu\"},{\"@type\":\"Person\",\"@id\":\"https:\\\/\\\/stuttgarti-katolikusok.de\\\/#\\\/schema\\\/person\\\/75908d6f8fdc03a57889d27209df7795\",\"name\":\"Tibor atya\",\"image\":{\"@type\":\"ImageObject\",\"inLanguage\":\"hu\",\"@id\":\"https:\\\/\\\/secure.gravatar.com\\\/avatar\\\/61d268e57d1f4525b111222e29d2d5a7f8c420fdbf231ba5566a8ceac74fa960?s=96&d=mm&r=g\",\"url\":\"https:\\\/\\\/secure.gravatar.com\\\/avatar\\\/61d268e57d1f4525b111222e29d2d5a7f8c420fdbf231ba5566a8ceac74fa960?s=96&d=mm&r=g\",\"contentUrl\":\"https:\\\/\\\/secure.gravatar.com\\\/avatar\\\/61d268e57d1f4525b111222e29d2d5a7f8c420fdbf231ba5566a8ceac74fa960?s=96&d=mm&r=g\",\"caption\":\"Tibor atya\"},\"url\":\"https:\\\/\\\/stuttgarti-katolikusok.de\\\/index.php\\\/author\\\/tibor-atya\\\/\"}]}<\/script>\n<!-- \/ Yoast SEO plugin. -->","yoast_head_json":{"title":"Urunk megkeresztelked\u00e9se - 1. \u00e9vk\u00f6zi vas\u00e1rnap - Stuttgarti Katolikusok","robots":{"index":"index","follow":"follow","max-snippet":"max-snippet:-1","max-image-preview":"max-image-preview:large","max-video-preview":"max-video-preview:-1"},"canonical":"https:\/\/stuttgarti-katolikusok.de\/index.php\/urunk-megkeresztelkedese-1-evkozi-vasarnap\/","og_locale":"hu_HU","og_type":"article","og_title":"Urunk megkeresztelked\u00e9se - 1. \u00e9vk\u00f6zi vas\u00e1rnap - Stuttgarti Katolikusok","og_description":"OLVASM\u00c1NY Izaj\u00e1s pr\u00f3f\u00e9ta k\u00f6nyv\u00e9b\u0151l (Iz 42,1-4.6-7) Ezt mondja az \u00dar: \u00cdme, az \u00e9n szolg\u00e1m, akit t\u00e1mogatok, v\u00e1lasztottam, akiben kedvem telik. Ki\u00e1rasztom r\u00e1 lelkemet, \u00e9s igazs\u00e1got visz a nemzeteknek. Nem ki\u00e1lt majd, nem emeli f\u00f6l a hangj\u00e1t, \u00e9s szava se hallatszik az utc\u00e1kon. A megt\u00f6rt n\u00e1dsz\u00e1lat nem t\u00f6ri \u00f6ssze, a pisl\u00e1kol\u00f3 m\u00e9csbelet nem oltja ki. H\u0171s\u00e9gesen tan\u00edtja az igazs\u00e1got, nem lankad el, sem kedv\u00e9t el nem veszti, m\u00edg az igazs\u00e1got meg nem szil\u00e1rd\u00edtja a f\u00f6ld\u00f6n. Az \u0151 tan\u00edt\u00e1s\u00e1ra v\u00e1rnak a nemzetek. \u00c9n, az \u00dar h\u00edvtalak meg igazs\u00e1gban, \u00e9n fogtam meg a kezed \u00e9s \u00e9n form\u00e1ltalak. \u00c1ltalad k\u00f6t\u00f6k sz\u00f6vets\u00e9get n\u00e9pemmel, \u00e9s adok vil\u00e1goss\u00e1got a nemzeteknek, hogy nyisd meg a vakok szem\u00e9t, \u00e9s szabad\u00edtsd ki a b\u00f6rt\u00f6nb\u0151l a foglyokat, \u00e9s a t\u00f6ml\u00f6cb\u0151l azokat, akik a s\u00f6t\u00e9tben \u00fclnek. Ez az Isten ig\u00e9je. vagy OLVASM\u00c1NY Izaj\u00e1s pr\u00f3f\u00e9ta k\u00f6nyv\u00e9b\u0151l (Iz 55,1-11) \u00cdgy sz\u00f3l az \u00dar: Ti szomjaz\u00f3k, gyertek a v\u00edzhez mind, \u00e9s b\u00e1r nincsen p\u00e9nzetek, siessetek ide! Vegyetek ingyen gabon\u00e1t \u00e9s egyetek, vegyetek p\u00e9nz n\u00e9lk\u00fcl bort \u00e9s tejet. Mi\u00e9rt k\u00f6ltitek a p\u00e9nzt arra, ami nem keny\u00e9r, \u00e9s a keresetet arra, ami nem lakat j\u00f3l? Hallgassatok ide, figyeljetek r\u00e1m, akkor j\u00f3 \u00e9telt esztek, \u00e9s k\u00f6v\u00e9r falatokban lesz r\u00e9szetek. Ford\u00edts\u00e1tok fel\u00e9m f\u00fcleteket \u00e9s gyertek ide hozz\u00e1m; hallgassatok r\u00e1m, \u00e9s \u00e9lni fog lelketek. \u00d6r\u00f6k sz\u00f6vets\u00e9get k\u00f6t\u00f6k veletek a D\u00e1vidnak meg\u00edg\u00e9rt irgalom jegy\u00e9ben. \u00cdme, tan\u00fav\u00e1 tettelek a n\u00e9pek el\u0151tt, vez\u00e9rr\u00e9 \u00e9s parancsol\u00f3v\u00e1 a nemzetek f\u00f6l\u00f6tt. Olyan nemzeteket h\u00edvsz majd meg, amelyeket nem ismert\u00e9l, \u00e9s olyanok sietnek hozz\u00e1d, akik nem ismertek, az \u00dar\u00e9rt, a te Istened\u00e9rt, Izrael Szentj\u00e9\u00e9rt, aki majd megdics\u0151\u00edt. Keress\u00e9tek az Urat, am\u00edg megtal\u00e1lj\u00e1tok, h\u00edvj\u00e1tok seg\u00edts\u00e9g\u00fcl, am\u00edg k\u00f6zel van! Hagyja el \u00fatj\u00e1t a gonosz, \u00e9s gondolatait a b\u0171n\u00f6s, t\u00e9rjen vissza az \u00darhoz, mert megk\u00f6ny\u00f6r\u00fcl rajta, Isten\u00fcnkh\u00f6z, mert b\u0151kez\u0171 a megbocs\u00e1t\u00e1sban. Hiszen az \u00e9n gondolataim nem a ti gondolataitok, az \u00e9n utaim nem a ti utaitok \u2013 mondja az \u00dar.... R\u00e9szletek","og_url":"https:\/\/stuttgarti-katolikusok.de\/index.php\/urunk-megkeresztelkedese-1-evkozi-vasarnap\/","og_site_name":"Stuttgarti Katolikusok","article_published_time":"2024-01-07T12:31:09+00:00","article_modified_time":"2024-01-23T09:42:37+00:00","og_image":[{"width":1600,"height":1200,"url":"https:\/\/stuttgarti-katolikusok.de\/wp-content\/uploads\/2024\/01\/schw-gmund.jpg","type":"image\/jpeg"}],"author":"Tibor atya","twitter_card":"summary_large_image","twitter_misc":{"Szerz\u0151:":"Tibor atya","Becs\u00fclt olvas\u00e1si id\u0151":"7 perc"},"schema":{"@context":"https:\/\/schema.org","@graph":[{"@type":"Article","@id":"https:\/\/stuttgarti-katolikusok.de\/index.php\/urunk-megkeresztelkedese-1-evkozi-vasarnap\/#article","isPartOf":{"@id":"https:\/\/stuttgarti-katolikusok.de\/index.php\/urunk-megkeresztelkedese-1-evkozi-vasarnap\/"},"author":{"name":"Tibor atya","@id":"https:\/\/stuttgarti-katolikusok.de\/#\/schema\/person\/75908d6f8fdc03a57889d27209df7795"},"headline":"Urunk megkeresztelked\u00e9se &#8211; 1. \u00e9vk\u00f6zi vas\u00e1rnap","datePublished":"2024-01-07T12:31:09+00:00","dateModified":"2024-01-23T09:42:37+00:00","mainEntityOfPage":{"@id":"https:\/\/stuttgarti-katolikusok.de\/index.php\/urunk-megkeresztelkedese-1-evkozi-vasarnap\/"},"wordCount":1597,"image":{"@id":"https:\/\/stuttgarti-katolikusok.de\/index.php\/urunk-megkeresztelkedese-1-evkozi-vasarnap\/#primaryimage"},"thumbnailUrl":"https:\/\/stuttgarti-katolikusok.de\/wp-content\/uploads\/2024\/01\/schw-gmund.jpg","articleSection":["A liturgia olvasm\u00e1nyai"],"inLanguage":"hu"},{"@type":"WebPage","@id":"https:\/\/stuttgarti-katolikusok.de\/index.php\/urunk-megkeresztelkedese-1-evkozi-vasarnap\/","url":"https:\/\/stuttgarti-katolikusok.de\/index.php\/urunk-megkeresztelkedese-1-evkozi-vasarnap\/","name":"Urunk megkeresztelked\u00e9se - 1. \u00e9vk\u00f6zi vas\u00e1rnap - Stuttgarti Katolikusok","isPartOf":{"@id":"https:\/\/stuttgarti-katolikusok.de\/#website"},"primaryImageOfPage":{"@id":"https:\/\/stuttgarti-katolikusok.de\/index.php\/urunk-megkeresztelkedese-1-evkozi-vasarnap\/#primaryimage"},"image":{"@id":"https:\/\/stuttgarti-katolikusok.de\/index.php\/urunk-megkeresztelkedese-1-evkozi-vasarnap\/#primaryimage"},"thumbnailUrl":"https:\/\/stuttgarti-katolikusok.de\/wp-content\/uploads\/2024\/01\/schw-gmund.jpg","datePublished":"2024-01-07T12:31:09+00:00","dateModified":"2024-01-23T09:42:37+00:00","author":{"@id":"https:\/\/stuttgarti-katolikusok.de\/#\/schema\/person\/75908d6f8fdc03a57889d27209df7795"},"breadcrumb":{"@id":"https:\/\/stuttgarti-katolikusok.de\/index.php\/urunk-megkeresztelkedese-1-evkozi-vasarnap\/#breadcrumb"},"inLanguage":"hu","potentialAction":[{"@type":"ReadAction","target":["https:\/\/stuttgarti-katolikusok.de\/index.php\/urunk-megkeresztelkedese-1-evkozi-vasarnap\/"]}]},{"@type":"ImageObject","inLanguage":"hu","@id":"https:\/\/stuttgarti-katolikusok.de\/index.php\/urunk-megkeresztelkedese-1-evkozi-vasarnap\/#primaryimage","url":"https:\/\/stuttgarti-katolikusok.de\/wp-content\/uploads\/2024\/01\/schw-gmund.jpg","contentUrl":"https:\/\/stuttgarti-katolikusok.de\/wp-content\/uploads\/2024\/01\/schw-gmund.jpg","width":1600,"height":1200},{"@type":"BreadcrumbList","@id":"https:\/\/stuttgarti-katolikusok.de\/index.php\/urunk-megkeresztelkedese-1-evkozi-vasarnap\/#breadcrumb","itemListElement":[{"@type":"ListItem","position":1,"name":"Kezd\u0151lap","item":"https:\/\/stuttgarti-katolikusok.de\/"},{"@type":"ListItem","position":2,"name":"Urunk megkeresztelked\u00e9se &#8211; 1. \u00e9vk\u00f6zi vas\u00e1rnap"}]},{"@type":"WebSite","@id":"https:\/\/stuttgarti-katolikusok.de\/#website","url":"https:\/\/stuttgarti-katolikusok.de\/","name":"Stuttgarti Katolikusok","description":"","potentialAction":[{"@type":"SearchAction","target":{"@type":"EntryPoint","urlTemplate":"https:\/\/stuttgarti-katolikusok.de\/?s={search_term_string}"},"query-input":{"@type":"PropertyValueSpecification","valueRequired":true,"valueName":"search_term_string"}}],"inLanguage":"hu"},{"@type":"Person","@id":"https:\/\/stuttgarti-katolikusok.de\/#\/schema\/person\/75908d6f8fdc03a57889d27209df7795","name":"Tibor atya","image":{"@type":"ImageObject","inLanguage":"hu","@id":"https:\/\/secure.gravatar.com\/avatar\/61d268e57d1f4525b111222e29d2d5a7f8c420fdbf231ba5566a8ceac74fa960?s=96&d=mm&r=g","url":"https:\/\/secure.gravatar.com\/avatar\/61d268e57d1f4525b111222e29d2d5a7f8c420fdbf231ba5566a8ceac74fa960?s=96&d=mm&r=g","contentUrl":"https:\/\/secure.gravatar.com\/avatar\/61d268e57d1f4525b111222e29d2d5a7f8c420fdbf231ba5566a8ceac74fa960?s=96&d=mm&r=g","caption":"Tibor atya"},"url":"https:\/\/stuttgarti-katolikusok.de\/index.php\/author\/tibor-atya\/"}]}},"_links":{"self":[{"href":"https:\/\/stuttgarti-katolikusok.de\/index.php\/wp-json\/wp\/v2\/posts\/28114","targetHints":{"allow":["GET"]}}],"collection":[{"href":"https:\/\/stuttgarti-katolikusok.de\/index.php\/wp-json\/wp\/v2\/posts"}],"about":[{"href":"https:\/\/stuttgarti-katolikusok.de\/index.php\/wp-json\/wp\/v2\/types\/post"}],"author":[{"embeddable":true,"href":"https:\/\/stuttgarti-katolikusok.de\/index.php\/wp-json\/wp\/v2\/users\/3"}],"replies":[{"embeddable":true,"href":"https:\/\/stuttgarti-katolikusok.de\/index.php\/wp-json\/wp\/v2\/comments?post=28114"}],"version-history":[{"count":1,"href":"https:\/\/stuttgarti-katolikusok.de\/index.php\/wp-json\/wp\/v2\/posts\/28114\/revisions"}],"predecessor-version":[{"id":28118,"href":"https:\/\/stuttgarti-katolikusok.de\/index.php\/wp-json\/wp\/v2\/posts\/28114\/revisions\/28118"}],"wp:featuredmedia":[{"embeddable":true,"href":"https:\/\/stuttgarti-katolikusok.de\/index.php\/wp-json\/wp\/v2\/media\/28117"}],"wp:attachment":[{"href":"https:\/\/stuttgarti-katolikusok.de\/index.php\/wp-json\/wp\/v2\/media?parent=28114"}],"wp:term":[{"taxonomy":"category","embeddable":true,"href":"https:\/\/stuttgarti-katolikusok.de\/index.php\/wp-json\/wp\/v2\/categories?post=28114"},{"taxonomy":"post_tag","embeddable":true,"href":"https:\/\/stuttgarti-katolikusok.de\/index.php\/wp-json\/wp\/v2\/tags?post=28114"}],"curies":[{"name":"wp","href":"https:\/\/api.w.org\/{rel}","templated":true}]}}