{"id":28109,"date":"2024-01-06T22:59:32","date_gmt":"2024-01-06T21:59:32","guid":{"rendered":"https:\/\/stuttgarti-katolikusok.de\/?p=28109"},"modified":"2024-01-06T23:17:57","modified_gmt":"2024-01-06T22:17:57","slug":"latogatoban-terike-neninel","status":"publish","type":"post","link":"https:\/\/stuttgarti-katolikusok.de\/index.php\/latogatoban-terike-neninel\/","title":{"rendered":"L\u00e1togat\u00f3ban Terike n\u00e9nin\u00e9l"},"content":{"rendered":"<p>A mai szentmis\u00e9t k\u00f6vet\u0151en Ravensburgba, a Szent Erzs\u00e9bet k\u00f3rh\u00e1zba mentem, hogy megl\u00e1togassam Kreiter Terike n\u00e9nit.<\/p>\n<p>Combnyakt\u00f6r\u00e9st szenvedett m\u00e9g az \u00f3 esztend\u0151 utols\u00f3 napjaiban, mik\u00f6zben egy kedves ismer\u0151s\u00e9t l\u00e1togatta meg. M\u00e1r t\u00fal van a m\u0171t\u00e9ten, s k\u00eds\u00e9rettel n\u00e9h\u00e1ny l\u00e9p\u00e9st is meg tud tenni.<\/p>\n<p>Magam sem voltam biztos, hogy mikor lesz id\u0151m elmenni. No meg azt sem tudtam, hogy vannak-e szigor\u00edtott szab\u00e1lyok a l\u00e1togat\u00e1st illet\u0151en. \u00cdgy azt\u00e1n nem jelentkeztem be el\u0151zetesen.<\/p>\n<p>A k\u00f3rh\u00e1z szem\u00e9lyzete nagyon kedves volt, eligaz\u00edtottak. Kopogtattam, s amikor benyitottam a szob\u00e1ba, nagy volt a meglepet\u00e9s. Terike n\u00e9ni boldogs\u00e1ga le\u00edrhatatlan volt, mint ahogy a magam \u00f6r\u00f6me is.<\/p>\n<p>Hoztam a szents\u00e9geket, pr\u00f3b\u00e1ltam oldani a meglepet\u00e9s okozta fesz\u00fclts\u00e9get. Az betlehemi Kisdedet hoztam el. Ez az \u00e9n aranyom, t\u00f6mj\u00e9nem, mirh\u00e1m&#8230;<\/p>\n<p>Terike n\u00e9ni pedig mag\u00e1hoz vette a szents\u00e9geket, majd pedig mes\u00e9lt,\u00a0 mes\u00e9lt&#8230;<\/p>\n<p>Sz\u00edvesen hallgattam volna m\u00e9g, de indulnom kellett. Balingen messze van. Ott is v\u00e1rnak a k\u00f6z\u00f6ss\u00e9gi szentmis\u00e9re.<\/p>\n<p>Meg\u00f6lelt\u00fck egym\u00e1st, szelfizt\u00fcnk. Annyira boldog vagyok! &#8211; mondta Terike n\u00e9ni. Nem panaszkodott, nem tett fel k\u00e9rd\u00e9seket, mi\u00e9rt is kellett, hogy mindez megt\u00f6rt\u00e9njen. Egyszer\u0171en csak boldog volt. Ennek a boldogs\u00e1gnak forr\u00e1sa \u00e9s gy\u00f6kere Terike n\u00e9ni m\u00e9ly hite.<\/p>\n<p>H\u00fasv\u00e9tkor majd tal\u00e1lkozunk a templomban &#8211; mondta. Az ajt\u00f3t bez\u00e1rtam magam m\u00f6g\u00f6tt, s legal\u00e1bb ugyanolyan nagy \u00f6r\u00f6mmel sz\u00edvemben, mint Terike n\u00e9ni, elindultam.<\/p>\n<p>\u00d6r\u00f6mteli \u00e9s feledhetetlen tal\u00e1lkoz\u00e1s!<\/p>\n","protected":false},"excerpt":{"rendered":"<p>A mai szentmis\u00e9t k\u00f6vet\u0151en Ravensburgba, a Szent Erzs\u00e9bet k\u00f3rh\u00e1zba mentem, hogy megl\u00e1togassam Kreiter Terike n\u00e9nit. Combnyakt\u00f6r\u00e9st szenvedett m\u00e9g az \u00f3 esztend\u0151 utols\u00f3 napjaiban, mik\u00f6zben egy kedves ismer\u0151s\u00e9t l\u00e1togatta meg. M\u00e1r t\u00fal van a m\u0171t\u00e9ten, s k\u00eds\u00e9rettel n\u00e9h\u00e1ny l\u00e9p\u00e9st is meg tud tenni. Magam sem voltam biztos, hogy mikor lesz id\u0151m elmenni. No meg azt sem tudtam, hogy vannak-e szigor\u00edtott szab\u00e1lyok a l\u00e1togat\u00e1st illet\u0151en. \u00cdgy azt\u00e1n nem jelentkeztem be el\u0151zetesen. A k\u00f3rh\u00e1z szem\u00e9lyzete nagyon kedves volt, eligaz\u00edtottak. Kopogtattam, s amikor benyitottam a szob\u00e1ba, nagy volt a meglepet\u00e9s. Terike n\u00e9ni boldogs\u00e1ga le\u00edrhatatlan volt, mint ahogy a magam \u00f6r\u00f6me is. Hoztam a szents\u00e9geket, pr\u00f3b\u00e1ltam oldani a meglepet\u00e9s okozta fesz\u00fclts\u00e9get. Az betlehemi Kisdedet hoztam el. Ez az \u00e9n aranyom, t\u00f6mj\u00e9nem, mirh\u00e1m&#8230; Terike n\u00e9ni pedig mag\u00e1hoz vette a szents\u00e9geket, majd pedig mes\u00e9lt,\u00a0 mes\u00e9lt&#8230; Sz\u00edvesen hallgattam volna m\u00e9g, de indulnom kellett. Balingen messze van. Ott is v\u00e1rnak a k\u00f6z\u00f6ss\u00e9gi szentmis\u00e9re. Meg\u00f6lelt\u00fck egym\u00e1st, szelfizt\u00fcnk. Annyira boldog vagyok! &#8211; mondta Terike n\u00e9ni. Nem panaszkodott, nem tett fel k\u00e9rd\u00e9seket, mi\u00e9rt is kellett, hogy mindez megt\u00f6rt\u00e9njen. Egyszer\u0171en csak boldog volt. Ennek a boldogs\u00e1gnak forr\u00e1sa \u00e9s gy\u00f6kere Terike n\u00e9ni m\u00e9ly hite. H\u00fasv\u00e9tkor majd tal\u00e1lkozunk a templomban &#8211; mondta. Az ajt\u00f3t bez\u00e1rtam magam m\u00f6g\u00f6tt, s legal\u00e1bb ugyanolyan nagy \u00f6r\u00f6mmel sz\u00edvemben, mint Terike n\u00e9ni, elindultam. \u00d6r\u00f6mteli \u00e9s feledhetetlen tal\u00e1lkoz\u00e1s!<\/p>\n","protected":false},"author":3,"featured_media":28110,"comment_status":"closed","ping_status":"closed","sticky":false,"template":"","format":"standard","meta":{"footnotes":""},"categories":[5],"tags":[],"class_list":["post-28109","post","type-post","status-publish","format-standard","has-post-thumbnail","hentry","category-hirek"],"yoast_head":"<!-- This site is optimized with the Yoast SEO plugin v27.3 - https:\/\/yoast.com\/product\/yoast-seo-wordpress\/ -->\n<title>L\u00e1togat\u00f3ban Terike n\u00e9nin\u00e9l - Stuttgarti Katolikusok<\/title>\n<meta name=\"robots\" content=\"index, follow, max-snippet:-1, max-image-preview:large, max-video-preview:-1\" \/>\n<link rel=\"canonical\" href=\"https:\/\/stuttgarti-katolikusok.de\/index.php\/latogatoban-terike-neninel\/\" \/>\n<meta property=\"og:locale\" content=\"hu_HU\" \/>\n<meta property=\"og:type\" content=\"article\" \/>\n<meta property=\"og:title\" content=\"L\u00e1togat\u00f3ban Terike n\u00e9nin\u00e9l - Stuttgarti Katolikusok\" \/>\n<meta property=\"og:description\" content=\"A mai szentmis\u00e9t k\u00f6vet\u0151en Ravensburgba, a Szent Erzs\u00e9bet k\u00f3rh\u00e1zba mentem, hogy megl\u00e1togassam Kreiter Terike n\u00e9nit. Combnyakt\u00f6r\u00e9st szenvedett m\u00e9g az \u00f3 esztend\u0151 utols\u00f3 napjaiban, mik\u00f6zben egy kedves ismer\u0151s\u00e9t l\u00e1togatta meg. M\u00e1r t\u00fal van a m\u0171t\u00e9ten, s k\u00eds\u00e9rettel n\u00e9h\u00e1ny l\u00e9p\u00e9st is meg tud tenni. Magam sem voltam biztos, hogy mikor lesz id\u0151m elmenni. No meg azt sem tudtam, hogy vannak-e szigor\u00edtott szab\u00e1lyok a l\u00e1togat\u00e1st illet\u0151en. \u00cdgy azt\u00e1n nem jelentkeztem be el\u0151zetesen. A k\u00f3rh\u00e1z szem\u00e9lyzete nagyon kedves volt, eligaz\u00edtottak. Kopogtattam, s amikor benyitottam a szob\u00e1ba, nagy volt a meglepet\u00e9s. Terike n\u00e9ni boldogs\u00e1ga le\u00edrhatatlan volt, mint ahogy a magam \u00f6r\u00f6me is. Hoztam a szents\u00e9geket, pr\u00f3b\u00e1ltam oldani a meglepet\u00e9s okozta fesz\u00fclts\u00e9get. Az betlehemi Kisdedet hoztam el. Ez az \u00e9n aranyom, t\u00f6mj\u00e9nem, mirh\u00e1m&#8230; Terike n\u00e9ni pedig mag\u00e1hoz vette a szents\u00e9geket, majd pedig mes\u00e9lt,\u00a0 mes\u00e9lt&#8230; Sz\u00edvesen hallgattam volna m\u00e9g, de indulnom kellett. Balingen messze van. Ott is v\u00e1rnak a k\u00f6z\u00f6ss\u00e9gi szentmis\u00e9re. Meg\u00f6lelt\u00fck egym\u00e1st, szelfizt\u00fcnk. Annyira boldog vagyok! &#8211; mondta Terike n\u00e9ni. Nem panaszkodott, nem tett fel k\u00e9rd\u00e9seket, mi\u00e9rt is kellett, hogy mindez megt\u00f6rt\u00e9njen. Egyszer\u0171en csak boldog volt. Ennek a boldogs\u00e1gnak forr\u00e1sa \u00e9s gy\u00f6kere Terike n\u00e9ni m\u00e9ly hite. H\u00fasv\u00e9tkor majd tal\u00e1lkozunk a templomban &#8211; mondta. Az ajt\u00f3t bez\u00e1rtam magam m\u00f6g\u00f6tt, s legal\u00e1bb ugyanolyan nagy \u00f6r\u00f6mmel sz\u00edvemben, mint Terike n\u00e9ni, elindultam. \u00d6r\u00f6mteli \u00e9s feledhetetlen tal\u00e1lkoz\u00e1s!\" \/>\n<meta property=\"og:url\" content=\"https:\/\/stuttgarti-katolikusok.de\/index.php\/latogatoban-terike-neninel\/\" \/>\n<meta property=\"og:site_name\" content=\"Stuttgarti Katolikusok\" \/>\n<meta property=\"article:published_time\" content=\"2024-01-06T21:59:32+00:00\" \/>\n<meta property=\"article:modified_time\" content=\"2024-01-06T22:17:57+00:00\" \/>\n<meta property=\"og:image\" content=\"https:\/\/stuttgarti-katolikusok.de\/wp-content\/uploads\/2024\/01\/terike-neni.jpg\" \/>\n\t<meta property=\"og:image:width\" content=\"1600\" \/>\n\t<meta property=\"og:image:height\" content=\"1200\" \/>\n\t<meta property=\"og:image:type\" content=\"image\/jpeg\" \/>\n<meta name=\"author\" content=\"Tibor atya\" \/>\n<meta name=\"twitter:card\" content=\"summary_large_image\" \/>\n<meta name=\"twitter:label1\" content=\"Szerz\u0151:\" \/>\n\t<meta name=\"twitter:data1\" content=\"Tibor atya\" \/>\n\t<meta name=\"twitter:label2\" content=\"Becs\u00fclt olvas\u00e1si id\u0151\" \/>\n\t<meta name=\"twitter:data2\" content=\"2 perc\" \/>\n<script type=\"application\/ld+json\" class=\"yoast-schema-graph\">{\"@context\":\"https:\\\/\\\/schema.org\",\"@graph\":[{\"@type\":\"Article\",\"@id\":\"https:\\\/\\\/stuttgarti-katolikusok.de\\\/index.php\\\/latogatoban-terike-neninel\\\/#article\",\"isPartOf\":{\"@id\":\"https:\\\/\\\/stuttgarti-katolikusok.de\\\/index.php\\\/latogatoban-terike-neninel\\\/\"},\"author\":{\"name\":\"Tibor atya\",\"@id\":\"https:\\\/\\\/stuttgarti-katolikusok.de\\\/#\\\/schema\\\/person\\\/75908d6f8fdc03a57889d27209df7795\"},\"headline\":\"L\u00e1togat\u00f3ban Terike n\u00e9nin\u00e9l\",\"datePublished\":\"2024-01-06T21:59:32+00:00\",\"dateModified\":\"2024-01-06T22:17:57+00:00\",\"mainEntityOfPage\":{\"@id\":\"https:\\\/\\\/stuttgarti-katolikusok.de\\\/index.php\\\/latogatoban-terike-neninel\\\/\"},\"wordCount\":306,\"image\":{\"@id\":\"https:\\\/\\\/stuttgarti-katolikusok.de\\\/index.php\\\/latogatoban-terike-neninel\\\/#primaryimage\"},\"thumbnailUrl\":\"https:\\\/\\\/stuttgarti-katolikusok.de\\\/wp-content\\\/uploads\\\/2024\\\/01\\\/terike-neni.jpg\",\"articleSection\":[\"H\u00edrek\"],\"inLanguage\":\"hu\"},{\"@type\":\"WebPage\",\"@id\":\"https:\\\/\\\/stuttgarti-katolikusok.de\\\/index.php\\\/latogatoban-terike-neninel\\\/\",\"url\":\"https:\\\/\\\/stuttgarti-katolikusok.de\\\/index.php\\\/latogatoban-terike-neninel\\\/\",\"name\":\"L\u00e1togat\u00f3ban Terike n\u00e9nin\u00e9l - Stuttgarti Katolikusok\",\"isPartOf\":{\"@id\":\"https:\\\/\\\/stuttgarti-katolikusok.de\\\/#website\"},\"primaryImageOfPage\":{\"@id\":\"https:\\\/\\\/stuttgarti-katolikusok.de\\\/index.php\\\/latogatoban-terike-neninel\\\/#primaryimage\"},\"image\":{\"@id\":\"https:\\\/\\\/stuttgarti-katolikusok.de\\\/index.php\\\/latogatoban-terike-neninel\\\/#primaryimage\"},\"thumbnailUrl\":\"https:\\\/\\\/stuttgarti-katolikusok.de\\\/wp-content\\\/uploads\\\/2024\\\/01\\\/terike-neni.jpg\",\"datePublished\":\"2024-01-06T21:59:32+00:00\",\"dateModified\":\"2024-01-06T22:17:57+00:00\",\"author\":{\"@id\":\"https:\\\/\\\/stuttgarti-katolikusok.de\\\/#\\\/schema\\\/person\\\/75908d6f8fdc03a57889d27209df7795\"},\"breadcrumb\":{\"@id\":\"https:\\\/\\\/stuttgarti-katolikusok.de\\\/index.php\\\/latogatoban-terike-neninel\\\/#breadcrumb\"},\"inLanguage\":\"hu\",\"potentialAction\":[{\"@type\":\"ReadAction\",\"target\":[\"https:\\\/\\\/stuttgarti-katolikusok.de\\\/index.php\\\/latogatoban-terike-neninel\\\/\"]}]},{\"@type\":\"ImageObject\",\"inLanguage\":\"hu\",\"@id\":\"https:\\\/\\\/stuttgarti-katolikusok.de\\\/index.php\\\/latogatoban-terike-neninel\\\/#primaryimage\",\"url\":\"https:\\\/\\\/stuttgarti-katolikusok.de\\\/wp-content\\\/uploads\\\/2024\\\/01\\\/terike-neni.jpg\",\"contentUrl\":\"https:\\\/\\\/stuttgarti-katolikusok.de\\\/wp-content\\\/uploads\\\/2024\\\/01\\\/terike-neni.jpg\",\"width\":1600,\"height\":1200},{\"@type\":\"BreadcrumbList\",\"@id\":\"https:\\\/\\\/stuttgarti-katolikusok.de\\\/index.php\\\/latogatoban-terike-neninel\\\/#breadcrumb\",\"itemListElement\":[{\"@type\":\"ListItem\",\"position\":1,\"name\":\"Kezd\u0151lap\",\"item\":\"https:\\\/\\\/stuttgarti-katolikusok.de\\\/\"},{\"@type\":\"ListItem\",\"position\":2,\"name\":\"L\u00e1togat\u00f3ban Terike n\u00e9nin\u00e9l\"}]},{\"@type\":\"WebSite\",\"@id\":\"https:\\\/\\\/stuttgarti-katolikusok.de\\\/#website\",\"url\":\"https:\\\/\\\/stuttgarti-katolikusok.de\\\/\",\"name\":\"Stuttgarti Katolikusok\",\"description\":\"\",\"potentialAction\":[{\"@type\":\"SearchAction\",\"target\":{\"@type\":\"EntryPoint\",\"urlTemplate\":\"https:\\\/\\\/stuttgarti-katolikusok.de\\\/?s={search_term_string}\"},\"query-input\":{\"@type\":\"PropertyValueSpecification\",\"valueRequired\":true,\"valueName\":\"search_term_string\"}}],\"inLanguage\":\"hu\"},{\"@type\":\"Person\",\"@id\":\"https:\\\/\\\/stuttgarti-katolikusok.de\\\/#\\\/schema\\\/person\\\/75908d6f8fdc03a57889d27209df7795\",\"name\":\"Tibor atya\",\"image\":{\"@type\":\"ImageObject\",\"inLanguage\":\"hu\",\"@id\":\"https:\\\/\\\/secure.gravatar.com\\\/avatar\\\/61d268e57d1f4525b111222e29d2d5a7f8c420fdbf231ba5566a8ceac74fa960?s=96&d=mm&r=g\",\"url\":\"https:\\\/\\\/secure.gravatar.com\\\/avatar\\\/61d268e57d1f4525b111222e29d2d5a7f8c420fdbf231ba5566a8ceac74fa960?s=96&d=mm&r=g\",\"contentUrl\":\"https:\\\/\\\/secure.gravatar.com\\\/avatar\\\/61d268e57d1f4525b111222e29d2d5a7f8c420fdbf231ba5566a8ceac74fa960?s=96&d=mm&r=g\",\"caption\":\"Tibor atya\"},\"url\":\"https:\\\/\\\/stuttgarti-katolikusok.de\\\/index.php\\\/author\\\/tibor-atya\\\/\"}]}<\/script>\n<!-- \/ Yoast SEO plugin. -->","yoast_head_json":{"title":"L\u00e1togat\u00f3ban Terike n\u00e9nin\u00e9l - Stuttgarti Katolikusok","robots":{"index":"index","follow":"follow","max-snippet":"max-snippet:-1","max-image-preview":"max-image-preview:large","max-video-preview":"max-video-preview:-1"},"canonical":"https:\/\/stuttgarti-katolikusok.de\/index.php\/latogatoban-terike-neninel\/","og_locale":"hu_HU","og_type":"article","og_title":"L\u00e1togat\u00f3ban Terike n\u00e9nin\u00e9l - Stuttgarti Katolikusok","og_description":"A mai szentmis\u00e9t k\u00f6vet\u0151en Ravensburgba, a Szent Erzs\u00e9bet k\u00f3rh\u00e1zba mentem, hogy megl\u00e1togassam Kreiter Terike n\u00e9nit. Combnyakt\u00f6r\u00e9st szenvedett m\u00e9g az \u00f3 esztend\u0151 utols\u00f3 napjaiban, mik\u00f6zben egy kedves ismer\u0151s\u00e9t l\u00e1togatta meg. M\u00e1r t\u00fal van a m\u0171t\u00e9ten, s k\u00eds\u00e9rettel n\u00e9h\u00e1ny l\u00e9p\u00e9st is meg tud tenni. Magam sem voltam biztos, hogy mikor lesz id\u0151m elmenni. No meg azt sem tudtam, hogy vannak-e szigor\u00edtott szab\u00e1lyok a l\u00e1togat\u00e1st illet\u0151en. \u00cdgy azt\u00e1n nem jelentkeztem be el\u0151zetesen. A k\u00f3rh\u00e1z szem\u00e9lyzete nagyon kedves volt, eligaz\u00edtottak. Kopogtattam, s amikor benyitottam a szob\u00e1ba, nagy volt a meglepet\u00e9s. Terike n\u00e9ni boldogs\u00e1ga le\u00edrhatatlan volt, mint ahogy a magam \u00f6r\u00f6me is. Hoztam a szents\u00e9geket, pr\u00f3b\u00e1ltam oldani a meglepet\u00e9s okozta fesz\u00fclts\u00e9get. Az betlehemi Kisdedet hoztam el. Ez az \u00e9n aranyom, t\u00f6mj\u00e9nem, mirh\u00e1m&#8230; Terike n\u00e9ni pedig mag\u00e1hoz vette a szents\u00e9geket, majd pedig mes\u00e9lt,\u00a0 mes\u00e9lt&#8230; Sz\u00edvesen hallgattam volna m\u00e9g, de indulnom kellett. Balingen messze van. Ott is v\u00e1rnak a k\u00f6z\u00f6ss\u00e9gi szentmis\u00e9re. Meg\u00f6lelt\u00fck egym\u00e1st, szelfizt\u00fcnk. Annyira boldog vagyok! &#8211; mondta Terike n\u00e9ni. Nem panaszkodott, nem tett fel k\u00e9rd\u00e9seket, mi\u00e9rt is kellett, hogy mindez megt\u00f6rt\u00e9njen. Egyszer\u0171en csak boldog volt. Ennek a boldogs\u00e1gnak forr\u00e1sa \u00e9s gy\u00f6kere Terike n\u00e9ni m\u00e9ly hite. H\u00fasv\u00e9tkor majd tal\u00e1lkozunk a templomban &#8211; mondta. Az ajt\u00f3t bez\u00e1rtam magam m\u00f6g\u00f6tt, s legal\u00e1bb ugyanolyan nagy \u00f6r\u00f6mmel sz\u00edvemben, mint Terike n\u00e9ni, elindultam. \u00d6r\u00f6mteli \u00e9s feledhetetlen tal\u00e1lkoz\u00e1s!","og_url":"https:\/\/stuttgarti-katolikusok.de\/index.php\/latogatoban-terike-neninel\/","og_site_name":"Stuttgarti Katolikusok","article_published_time":"2024-01-06T21:59:32+00:00","article_modified_time":"2024-01-06T22:17:57+00:00","og_image":[{"width":1600,"height":1200,"url":"https:\/\/stuttgarti-katolikusok.de\/wp-content\/uploads\/2024\/01\/terike-neni.jpg","type":"image\/jpeg"}],"author":"Tibor atya","twitter_card":"summary_large_image","twitter_misc":{"Szerz\u0151:":"Tibor atya","Becs\u00fclt olvas\u00e1si id\u0151":"2 perc"},"schema":{"@context":"https:\/\/schema.org","@graph":[{"@type":"Article","@id":"https:\/\/stuttgarti-katolikusok.de\/index.php\/latogatoban-terike-neninel\/#article","isPartOf":{"@id":"https:\/\/stuttgarti-katolikusok.de\/index.php\/latogatoban-terike-neninel\/"},"author":{"name":"Tibor atya","@id":"https:\/\/stuttgarti-katolikusok.de\/#\/schema\/person\/75908d6f8fdc03a57889d27209df7795"},"headline":"L\u00e1togat\u00f3ban Terike n\u00e9nin\u00e9l","datePublished":"2024-01-06T21:59:32+00:00","dateModified":"2024-01-06T22:17:57+00:00","mainEntityOfPage":{"@id":"https:\/\/stuttgarti-katolikusok.de\/index.php\/latogatoban-terike-neninel\/"},"wordCount":306,"image":{"@id":"https:\/\/stuttgarti-katolikusok.de\/index.php\/latogatoban-terike-neninel\/#primaryimage"},"thumbnailUrl":"https:\/\/stuttgarti-katolikusok.de\/wp-content\/uploads\/2024\/01\/terike-neni.jpg","articleSection":["H\u00edrek"],"inLanguage":"hu"},{"@type":"WebPage","@id":"https:\/\/stuttgarti-katolikusok.de\/index.php\/latogatoban-terike-neninel\/","url":"https:\/\/stuttgarti-katolikusok.de\/index.php\/latogatoban-terike-neninel\/","name":"L\u00e1togat\u00f3ban Terike n\u00e9nin\u00e9l - Stuttgarti Katolikusok","isPartOf":{"@id":"https:\/\/stuttgarti-katolikusok.de\/#website"},"primaryImageOfPage":{"@id":"https:\/\/stuttgarti-katolikusok.de\/index.php\/latogatoban-terike-neninel\/#primaryimage"},"image":{"@id":"https:\/\/stuttgarti-katolikusok.de\/index.php\/latogatoban-terike-neninel\/#primaryimage"},"thumbnailUrl":"https:\/\/stuttgarti-katolikusok.de\/wp-content\/uploads\/2024\/01\/terike-neni.jpg","datePublished":"2024-01-06T21:59:32+00:00","dateModified":"2024-01-06T22:17:57+00:00","author":{"@id":"https:\/\/stuttgarti-katolikusok.de\/#\/schema\/person\/75908d6f8fdc03a57889d27209df7795"},"breadcrumb":{"@id":"https:\/\/stuttgarti-katolikusok.de\/index.php\/latogatoban-terike-neninel\/#breadcrumb"},"inLanguage":"hu","potentialAction":[{"@type":"ReadAction","target":["https:\/\/stuttgarti-katolikusok.de\/index.php\/latogatoban-terike-neninel\/"]}]},{"@type":"ImageObject","inLanguage":"hu","@id":"https:\/\/stuttgarti-katolikusok.de\/index.php\/latogatoban-terike-neninel\/#primaryimage","url":"https:\/\/stuttgarti-katolikusok.de\/wp-content\/uploads\/2024\/01\/terike-neni.jpg","contentUrl":"https:\/\/stuttgarti-katolikusok.de\/wp-content\/uploads\/2024\/01\/terike-neni.jpg","width":1600,"height":1200},{"@type":"BreadcrumbList","@id":"https:\/\/stuttgarti-katolikusok.de\/index.php\/latogatoban-terike-neninel\/#breadcrumb","itemListElement":[{"@type":"ListItem","position":1,"name":"Kezd\u0151lap","item":"https:\/\/stuttgarti-katolikusok.de\/"},{"@type":"ListItem","position":2,"name":"L\u00e1togat\u00f3ban Terike n\u00e9nin\u00e9l"}]},{"@type":"WebSite","@id":"https:\/\/stuttgarti-katolikusok.de\/#website","url":"https:\/\/stuttgarti-katolikusok.de\/","name":"Stuttgarti Katolikusok","description":"","potentialAction":[{"@type":"SearchAction","target":{"@type":"EntryPoint","urlTemplate":"https:\/\/stuttgarti-katolikusok.de\/?s={search_term_string}"},"query-input":{"@type":"PropertyValueSpecification","valueRequired":true,"valueName":"search_term_string"}}],"inLanguage":"hu"},{"@type":"Person","@id":"https:\/\/stuttgarti-katolikusok.de\/#\/schema\/person\/75908d6f8fdc03a57889d27209df7795","name":"Tibor atya","image":{"@type":"ImageObject","inLanguage":"hu","@id":"https:\/\/secure.gravatar.com\/avatar\/61d268e57d1f4525b111222e29d2d5a7f8c420fdbf231ba5566a8ceac74fa960?s=96&d=mm&r=g","url":"https:\/\/secure.gravatar.com\/avatar\/61d268e57d1f4525b111222e29d2d5a7f8c420fdbf231ba5566a8ceac74fa960?s=96&d=mm&r=g","contentUrl":"https:\/\/secure.gravatar.com\/avatar\/61d268e57d1f4525b111222e29d2d5a7f8c420fdbf231ba5566a8ceac74fa960?s=96&d=mm&r=g","caption":"Tibor atya"},"url":"https:\/\/stuttgarti-katolikusok.de\/index.php\/author\/tibor-atya\/"}]}},"_links":{"self":[{"href":"https:\/\/stuttgarti-katolikusok.de\/index.php\/wp-json\/wp\/v2\/posts\/28109","targetHints":{"allow":["GET"]}}],"collection":[{"href":"https:\/\/stuttgarti-katolikusok.de\/index.php\/wp-json\/wp\/v2\/posts"}],"about":[{"href":"https:\/\/stuttgarti-katolikusok.de\/index.php\/wp-json\/wp\/v2\/types\/post"}],"author":[{"embeddable":true,"href":"https:\/\/stuttgarti-katolikusok.de\/index.php\/wp-json\/wp\/v2\/users\/3"}],"replies":[{"embeddable":true,"href":"https:\/\/stuttgarti-katolikusok.de\/index.php\/wp-json\/wp\/v2\/comments?post=28109"}],"version-history":[{"count":3,"href":"https:\/\/stuttgarti-katolikusok.de\/index.php\/wp-json\/wp\/v2\/posts\/28109\/revisions"}],"predecessor-version":[{"id":28113,"href":"https:\/\/stuttgarti-katolikusok.de\/index.php\/wp-json\/wp\/v2\/posts\/28109\/revisions\/28113"}],"wp:featuredmedia":[{"embeddable":true,"href":"https:\/\/stuttgarti-katolikusok.de\/index.php\/wp-json\/wp\/v2\/media\/28110"}],"wp:attachment":[{"href":"https:\/\/stuttgarti-katolikusok.de\/index.php\/wp-json\/wp\/v2\/media?parent=28109"}],"wp:term":[{"taxonomy":"category","embeddable":true,"href":"https:\/\/stuttgarti-katolikusok.de\/index.php\/wp-json\/wp\/v2\/categories?post=28109"},{"taxonomy":"post_tag","embeddable":true,"href":"https:\/\/stuttgarti-katolikusok.de\/index.php\/wp-json\/wp\/v2\/tags?post=28109"}],"curies":[{"name":"wp","href":"https:\/\/api.w.org\/{rel}","templated":true}]}}