{"id":28105,"date":"2024-01-06T00:28:24","date_gmt":"2024-01-05T23:28:24","guid":{"rendered":"https:\/\/stuttgarti-katolikusok.de\/?p=28105"},"modified":"2024-01-13T12:19:39","modified_gmt":"2024-01-13T11:19:39","slug":"urunk-megjelenese-vizkereszt","status":"publish","type":"post","link":"https:\/\/stuttgarti-katolikusok.de\/index.php\/urunk-megjelenese-vizkereszt\/","title":{"rendered":"Urunk megjelen\u00e9se, V\u00edzkereszt"},"content":{"rendered":"<p align=\"justify\"><span style=\"color: #ff6600;\">OLVASM\u00c1NY Izaj\u00e1s pr\u00f3f\u00e9ta k\u00f6nyv\u00e9b\u0151l (Iz 60,1-6)<\/span><br \/>\n<em>Az \u00dar dics\u0151s\u00e9ge felragyogott f\u00f6l\u00f6tted.<\/em><br \/>\nKelj f\u00f6l, \u00e9s t\u00fcnd\u00f6k\u00f6lj, Jeruzs\u00e1lem, mert el\u00e9rkezett vil\u00e1goss\u00e1god, \u00e9s az \u00dar dics\u0151s\u00e9ge felragyogott f\u00f6l\u00f6tted. Mert m\u00e9g s\u00f6t\u00e9ts\u00e9g bor\u00edtja a f\u00f6ldet, \u00e9s hom\u00e1ly a nemzeteket, de f\u00f6l\u00f6tted ott ragyog az \u00dar, \u00e9s dics\u0151s\u00e9ge megnyilv\u00e1nul rajtad. N\u00e9pek j\u00f6nnek vil\u00e1goss\u00e1godhoz, kir\u00e1lyok a benned t\u00e1madt f\u00e9nyess\u00e9ghez. Hordozd k\u00f6r\u00fcl tekintetedet \u00e9s l\u00e1sd: mind egybegy\u0171lnek \u00e9s idej\u00f6nnek hozz\u00e1d. Fiaid messze t\u00e1volb\u00f3l \u00e9rkeznek, s le\u00e1nyaidat karon fogva hozz\u00e1k. Ennek l\u00e1tt\u00e1ra f\u00f6lder\u00fclsz, sz\u00edved dobog az \u00f6r\u00f6mt\u0151l \u00e9s kit\u00e1gul, mert fel\u00e9d \u00e1ramlik a tengerek gazdags\u00e1ga, \u00e9s ide \u00f6z\u00f6nlik a nemzetek kincse. Tev\u00e9k \u00e1radata bor\u00edt majd el, M\u00e1di\u00e1n \u00e9s Efa dromed\u00e1rjai. Mind S\u00e1b\u00e1b\u00f3l j\u00f6nnek; aranyat \u00e9s t\u00f6mj\u00e9nt hoznak, \u00e9s az \u00dar dics\u0151s\u00e9g\u00e9t zengik.<br \/>\nEz az Isten ig\u00e9je.<\/p>\n<p align=\"justify\"><span style=\"color: #ff6600;\">V\u00c1LASZOS ZSOLT\u00c1R (Zsolt 71,2.7-8.10-11.12-13)<\/span><br \/>\nV\u00e1lasz:\u00a0<strong>H\u00f3doljon el\u0151tted,\u00a0<u>Is<\/u>tenem, * a f\u00f6ld\u00a0<u>min<\/u>den nemzete!<\/strong>\u00a05. t\u00f3nus.<br \/>\nEl\u0151\u00e9nekes: Istenem, \u00edt\u00e9letedet add \u00e1t a\u00a0<u>ki<\/u>r\u00e1lynak, * \u00e9s igazs\u00e1godat a\u00a0<u>ki<\/u>r\u00e1ly fi\u00e1nak,<br \/>\nhogy igazs\u00e1gosan \u00edt\u00e9lkezz\u00e9k\u00a0<u>n\u00e9<\/u>peden, * \u00e9s m\u00e9lt\u00e1nyosan\u00a0<u>min<\/u>den szeg\u00e9nyen.<br \/>\nH\u00edvek:\u00a0<strong>H\u00f3doljon el\u0151tted,\u00a0<u>Is<\/u>tenem, * a f\u00f6ld\u00a0<u>min<\/u>den nemzete!<\/strong><br \/>\nE: Napjaiban vir\u00e1gzik az igazs\u00e1g \u00e9s a teljes\u00a0<u>b\u00e9<\/u>ke, * m\u00edg csak a hold\u00a0<u>meg<\/u>\u00a0nem sz\u0171nik;<br \/>\nuralkodik tengert\u0151l\u00a0<u>ten<\/u>gerig, * a Foly\u00f3t\u00f3l a f\u00f6ldkereks\u00e9g\u00a0<u>ha<\/u>t\u00e1r\u00e1ig.<br \/>\nH:\u00a0<strong>H\u00f3doljon el\u0151tted,\u00a0<u>Is<\/u>tenem, * a f\u00f6ld\u00a0<u>min<\/u>den nemzete!<\/strong><br \/>\nE: Tarzis \u00e9s a szigetek kir\u00e1lyai aj\u00e1nd\u00e9kokat\u00a0<u>hoz<\/u>nak, * Ar\u00e1bia \u00e9s S\u00e1ba kir\u00e1lyai adom\u00e1nyokkal\u00a0<u>k\u00f6<\/u>zelednek.<br \/>\nMinden kir\u00e1ly leborul\u00a0<u>e<\/u>l\u0151tte, * \u00e9s minden n\u00e9p\u00a0<u>ne<\/u>ki szolg\u00e1l.<br \/>\nH:\u00a0<strong>H\u00f3doljon el\u0151tted,\u00a0<u>Is<\/u>tenem, * a f\u00f6ld\u00a0<u>min<\/u>den nemzete!<\/strong><br \/>\nE: Megszabad\u00edtja a szeg\u00e9nyt, mikor ki\u00e1lt\u00a0<u>hoz<\/u>z\u00e1, * a nyomorultat, akin\u00a0<u>nem<\/u>\u00a0seg\u00edt senki.<br \/>\nK\u00edm\u00e9li a kicsinyt \u00e9s a\u00a0<u>gyen<\/u>g\u00e9t, * a szeg\u00e9nyeket\u00a0<u>meg<\/u>seg\u00edti.<br \/>\nH:\u00a0<strong>H\u00f3doljon el\u0151tted,\u00a0<u>Is<\/u>tenem, * a f\u00f6ld\u00a0<u>min<\/u>den nemzete!<\/strong><\/p>\n<p align=\"justify\"><span style=\"color: #ff6600;\">SZENTLECKE Szent P\u00e1l apostolnak az efezusiakhoz \u00edrt level\u00e9b\u0151l (Ef 3,2-3a.5-6)<\/span><br \/>\n<em>A Szentl\u00e9lek kinyilatkoztatta, hogy a pog\u00e1nyok is t\u00e1rs\u00f6r\u00f6k\u00f6s\u00f6k.<\/em><br \/>\nTestv\u00e9reim!<br \/>\nBizony\u00e1ra hallottatok Isten kegyelmi adom\u00e1ny\u00e1r\u00f3l, amelyben a ti javatokra r\u00e9szes\u00fcltem. Kinyilatkoztat\u00e1sb\u00f3l megismertem Krisztus titk\u00e1t, amelyr\u0151l kor\u00e1bban nem tudtak az emberek, de most a L\u00e9lek a szent apostoloknak \u00e9s pr\u00f3f\u00e9t\u00e1knak kinyilatkoztatta. Eszerint J\u00e9zus Krisztusban a pog\u00e1nyok is t\u00e1rs\u00f6r\u00f6k\u00f6s\u00f6k, tagjai az egy testnek, \u00e9s az evang\u00e9lium \u00e1ltal r\u00e9szesei az \u00edg\u00e9reteknek.<br \/>\nEz az Isten ig\u00e9je.<\/p>\n<p align=\"justify\"><span style=\"color: #ff6600;\">ALLELUJA<\/span><br \/>\nL\u00e1ttuk napkeleten csillag\u00e1t, * \u00e9s elj\u00f6tt\u00fcnk, hogy h\u00f3doljunk az \u00dar el\u0151tt. (Mt 2,2 \u2013 2. t\u00f3nus.)<\/p>\n<p align=\"justify\"><span style=\"color: #ff6600;\">\u2020 EVANG\u00c9LIUM Szent M\u00e1t\u00e9 k\u00f6nyv\u00e9b\u0151l (Mt 2,1-12)<\/span><br \/>\n<em>Keletr\u0151l j\u00f6tt\u00fcnk \u2013 im\u00e1dni a Kir\u00e1lyt.<\/em><br \/>\nAmikor Her\u00f3des kir\u00e1ly idej\u00e9ben J\u00e9zus megsz\u00fcletett a j\u00fadeai Betlehemben, \u00edme, napkeletr\u0151l b\u00f6lcsek j\u00f6ttek Jeruzs\u00e1lembe, \u00e9s tudakolt\u00e1k: \u201eHol van a zsid\u00f3k \u00fajsz\u00fcl\u00f6tt kir\u00e1lya? L\u00e1ttuk csillag\u00e1t napkeleten, \u00e9s elj\u00f6tt\u00fcnk, hogy h\u00f3doljunk el\u0151tte.\u201d Meghallotta ezt Her\u00f3des kir\u00e1ly \u00e9s megr\u00e9m\u00fclt, s vele eg\u00e9sz Jeruzs\u00e1lem. \u00d6sszeh\u00edvatta a f\u0151papokat \u00e9s a n\u00e9p \u00edr\u00e1stud\u00f3it, \u00e9s megk\u00e9rdezte t\u0151l\u00fck, hogy hol kell sz\u00fcletnie a Messi\u00e1snak.<br \/>\nAzok \u00edgy v\u00e1laszoltak: \u201eA j\u00fadeai Betlehemben, mert ezt \u00edrja a pr\u00f3f\u00e9ta: Te, Betlehem, J\u00fada f\u00f6ldje, bizony nem vagy a legkisebb J\u00fada nemzets\u00e9gei k\u00f6z\u00f6tt, mert bel\u0151led j\u0151 ki a fejedelem, aki p\u00e1sztora lesz n\u00e9pemnek, Izraelnek.\u201d<br \/>\nErre Her\u00f3des titokban mag\u00e1hoz h\u00edvatta a b\u00f6lcseket \u00e9s pontosan megtudakolta t\u0151l\u00fck a csillag megjelen\u00e9s\u00e9nek idej\u00e9t. Azt\u00e1n ezzel k\u00fcldte \u0151ket Betlehembe: \u201eMenjetek, tudakoz\u00f3djatok szorgalmasan a gyermek fel\u0151l, \u00e9s ha megtal\u00e1lj\u00e1tok, jelents\u00e9tek nekem. \u00c9n is elmegyek, hogy h\u00f3doljak el\u0151tte!\u201d \u0150k pedig, miut\u00e1n meghallgatt\u00e1k a kir\u00e1lyt, elindultak. \u00c9s l\u00e1m, a csillag, amelyet napkeleten l\u00e1ttak, el\u0151tt\u00fck j\u00e1rt, m\u00edg meg nem \u00e1llapodott a h\u00e1z f\u00f6l\u00f6tt, ahol a Gyermek volt. A csillagot megl\u00e1tva nagyon meg\u00f6r\u00fcltek. Bementek a h\u00e1zba, \u00e9s ott l\u00e1tt\u00e1k a Gyermeket anyj\u00e1val, M\u00e1ri\u00e1val. F\u00f6ldre borulva h\u00f3doltak el\u0151tte, majd kinyitott\u00e1k kincses zs\u00e1kjaikat \u00e9s aj\u00e1nd\u00e9kokat adtak neki: aranyat, t\u00f6mj\u00e9nt \u00e9s mirh\u00e1t.<br \/>\nMivel \u00e1lmukban utas\u00edt\u00e1st kaptak, hogy ne menjenek vissza Her\u00f3deshez, m\u00e1s \u00faton t\u00e9rtek vissza orsz\u00e1gukba.<br \/>\nEzek az evang\u00e9lium ig\u00e9i.<\/p>\n<p align=\"justify\"><span style=\"color: #ff6600;\">EGYETEMES K\u00d6NY\u00d6RG\u00c9SEK<\/span><br \/>\nPap: K\u00e9rj\u00fck, testv\u00e9reim, a mi Urunkat, hogy vezessen minden n\u00e9pet az igaz hit vil\u00e1goss\u00e1g\u00e1ra!<br \/>\nLektor: 1. Dics\u0151s\u00e9ges megjelen\u00e9sed \u00e9bresszen hitet az eg\u00e9sz vil\u00e1gon!<br \/>\nH\u00edvek: K\u00e9r\u00fcnk T\u00e9ged, hallgass meg minket!<br \/>\n2. Vil\u00e1goss\u00e1godra tal\u00e1ljanak r\u00e1 azok is, akik m\u00e9g nem ismernek T\u00e9ged!<br \/>\nH\u00edvek: K\u00e9r\u00fcnk T\u00e9ged, hallgass meg minket!<br \/>\n3. Isteni tan\u00edt\u00e1sod vezesse el a n\u00e9peket \u00e9s vezet\u0151iket az igaz egyet\u00e9rt\u00e9sre!<br \/>\nH\u00edvek: K\u00e9r\u00fcnk T\u00e9ged, hallgass meg minket!<br \/>\n4. A hit arany\u00e1val, az im\u00e1ds\u00e1g t\u00f6mj\u00e9nf\u00fcstj\u00e9vel \u00e9s az \u00e1ldozatos szeretet mirh\u00e1j\u00e1val h\u00f3doljon el\u0151tted szent n\u00e9ped!<br \/>\nH\u00edvek: K\u00e9r\u00fcnk T\u00e9ged, hallgass meg minket!<br \/>\n5. Boldogs\u00e1god f\u00e9ny\u00e9t sug\u00e1rozd otthonainkba!<br \/>\nH\u00edvek: K\u00e9r\u00fcnk T\u00e9ged, hallgass meg minket!<br \/>\nPap: Mennyei Aty\u00e1nk, te elk\u00fcldted Fiadat, hogy \u00e1ltala \u00fcdv\u00f6z\u00fclj\u00f6n a vil\u00e1g. Add, hogy minden\u00fctt felragyogjon az igaz hit vil\u00e1goss\u00e1ga, \u00e9s Egyh\u00e1zad minden n\u00e9pet egybegy\u0171jts\u00f6n el nem m\u00fal\u00f3 orsz\u00e1godba. Krisztus, a mi Urunk \u00e1ltal.<br \/>\nH\u00edvek: \u00c1men.<\/p>\n","protected":false},"excerpt":{"rendered":"<p>OLVASM\u00c1NY Izaj\u00e1s pr\u00f3f\u00e9ta k\u00f6nyv\u00e9b\u0151l (Iz 60,1-6) Az \u00dar dics\u0151s\u00e9ge felragyogott f\u00f6l\u00f6tted. Kelj f\u00f6l, \u00e9s t\u00fcnd\u00f6k\u00f6lj, Jeruzs\u00e1lem, mert el\u00e9rkezett vil\u00e1goss\u00e1god, \u00e9s az \u00dar dics\u0151s\u00e9ge felragyogott f\u00f6l\u00f6tted. Mert m\u00e9g s\u00f6t\u00e9ts\u00e9g bor\u00edtja a f\u00f6ldet, \u00e9s hom\u00e1ly a nemzeteket, de f\u00f6l\u00f6tted ott ragyog az \u00dar, \u00e9s dics\u0151s\u00e9ge megnyilv\u00e1nul rajtad. N\u00e9pek j\u00f6nnek vil\u00e1goss\u00e1godhoz, kir\u00e1lyok a benned t\u00e1madt f\u00e9nyess\u00e9ghez. Hordozd k\u00f6r\u00fcl tekintetedet \u00e9s l\u00e1sd: mind egybegy\u0171lnek \u00e9s idej\u00f6nnek hozz\u00e1d. Fiaid messze t\u00e1volb\u00f3l \u00e9rkeznek, s le\u00e1nyaidat karon fogva hozz\u00e1k. Ennek l\u00e1tt\u00e1ra f\u00f6lder\u00fclsz, sz\u00edved dobog az \u00f6r\u00f6mt\u0151l \u00e9s kit\u00e1gul, mert fel\u00e9d \u00e1ramlik a tengerek gazdags\u00e1ga, \u00e9s ide \u00f6z\u00f6nlik a nemzetek kincse. Tev\u00e9k \u00e1radata bor\u00edt majd el, M\u00e1di\u00e1n \u00e9s Efa dromed\u00e1rjai. Mind S\u00e1b\u00e1b\u00f3l j\u00f6nnek; aranyat \u00e9s t\u00f6mj\u00e9nt hoznak, \u00e9s az \u00dar dics\u0151s\u00e9g\u00e9t zengik. Ez az Isten ig\u00e9je. V\u00c1LASZOS ZSOLT\u00c1R (Zsolt 71,2.7-8.10-11.12-13) V\u00e1lasz:\u00a0H\u00f3doljon el\u0151tted,\u00a0Istenem, * a f\u00f6ld\u00a0minden nemzete!\u00a05. t\u00f3nus. El\u0151\u00e9nekes: Istenem, \u00edt\u00e9letedet add \u00e1t a\u00a0kir\u00e1lynak, * \u00e9s igazs\u00e1godat a\u00a0kir\u00e1ly fi\u00e1nak, hogy igazs\u00e1gosan \u00edt\u00e9lkezz\u00e9k\u00a0n\u00e9peden, * \u00e9s m\u00e9lt\u00e1nyosan\u00a0minden szeg\u00e9nyen. H\u00edvek:\u00a0H\u00f3doljon el\u0151tted,\u00a0Istenem, * a f\u00f6ld\u00a0minden nemzete! E: Napjaiban vir\u00e1gzik az igazs\u00e1g \u00e9s a teljes\u00a0b\u00e9ke, * m\u00edg csak a hold\u00a0meg\u00a0nem sz\u0171nik; uralkodik tengert\u0151l\u00a0tengerig, * a Foly\u00f3t\u00f3l a f\u00f6ldkereks\u00e9g\u00a0hat\u00e1r\u00e1ig. H:\u00a0H\u00f3doljon el\u0151tted,\u00a0Istenem, * a f\u00f6ld\u00a0minden nemzete! E: Tarzis \u00e9s a szigetek kir\u00e1lyai aj\u00e1nd\u00e9kokat\u00a0hoznak, * Ar\u00e1bia \u00e9s S\u00e1ba kir\u00e1lyai adom\u00e1nyokkal\u00a0k\u00f6zelednek. Minden kir\u00e1ly leborul\u00a0el\u0151tte, * \u00e9s minden n\u00e9p\u00a0neki szolg\u00e1l. H:\u00a0H\u00f3doljon el\u0151tted,\u00a0Istenem, * a f\u00f6ld\u00a0minden nemzete! E: Megszabad\u00edtja a szeg\u00e9nyt, mikor ki\u00e1lt\u00a0hozz\u00e1, * a nyomorultat, akin\u00a0nem\u00a0seg\u00edt senki. K\u00edm\u00e9li a kicsinyt \u00e9s a\u00a0gyeng\u00e9t, * a szeg\u00e9nyeket\u00a0megseg\u00edti. H:\u00a0H\u00f3doljon el\u0151tted,\u00a0Istenem, * a f\u00f6ld\u00a0minden nemzete! SZENTLECKE Szent P\u00e1l apostolnak az efezusiakhoz \u00edrt level\u00e9b\u0151l (Ef 3,2-3a.5-6) A Szentl\u00e9lek kinyilatkoztatta, hogy a pog\u00e1nyok is t\u00e1rs\u00f6r\u00f6k\u00f6s\u00f6k. Testv\u00e9reim! Bizony\u00e1ra hallottatok Isten kegyelmi adom\u00e1ny\u00e1r\u00f3l, amelyben a ti javatokra r\u00e9szes\u00fcltem. Kinyilatkoztat\u00e1sb\u00f3l megismertem Krisztus titk\u00e1t, amelyr\u0151l kor\u00e1bban nem tudtak az emberek, de most a L\u00e9lek a szent apostoloknak \u00e9s pr\u00f3f\u00e9t\u00e1knak kinyilatkoztatta. Eszerint J\u00e9zus Krisztusban a pog\u00e1nyok is t\u00e1rs\u00f6r\u00f6k\u00f6s\u00f6k, tagjai az egy testnek, \u00e9s az evang\u00e9lium \u00e1ltal r\u00e9szesei az \u00edg\u00e9reteknek. Ez&#8230; <\/p>\n<p><a class=\"readmore\" href=\"https:\/\/stuttgarti-katolikusok.de\/index.php\/urunk-megjelenese-vizkereszt\/\">R\u00e9szletek<\/a><\/p>\n","protected":false},"author":3,"featured_media":20928,"comment_status":"closed","ping_status":"closed","sticky":false,"template":"","format":"standard","meta":{"footnotes":""},"categories":[85,63],"tags":[],"class_list":["post-28105","post","type-post","status-publish","format-standard","has-post-thumbnail","hentry","category-a-liturgia-olvasmanyai","category-vasarnapi-gondolatok"],"yoast_head":"<!-- This site is optimized with the Yoast SEO plugin v27.3 - https:\/\/yoast.com\/product\/yoast-seo-wordpress\/ -->\n<title>Urunk megjelen\u00e9se, V\u00edzkereszt - Stuttgarti Katolikusok<\/title>\n<meta name=\"robots\" content=\"index, follow, max-snippet:-1, max-image-preview:large, max-video-preview:-1\" \/>\n<link rel=\"canonical\" href=\"https:\/\/stuttgarti-katolikusok.de\/index.php\/urunk-megjelenese-vizkereszt\/\" \/>\n<meta property=\"og:locale\" content=\"hu_HU\" \/>\n<meta property=\"og:type\" content=\"article\" \/>\n<meta property=\"og:title\" content=\"Urunk megjelen\u00e9se, V\u00edzkereszt - Stuttgarti Katolikusok\" \/>\n<meta property=\"og:description\" content=\"OLVASM\u00c1NY Izaj\u00e1s pr\u00f3f\u00e9ta k\u00f6nyv\u00e9b\u0151l (Iz 60,1-6) Az \u00dar dics\u0151s\u00e9ge felragyogott f\u00f6l\u00f6tted. Kelj f\u00f6l, \u00e9s t\u00fcnd\u00f6k\u00f6lj, Jeruzs\u00e1lem, mert el\u00e9rkezett vil\u00e1goss\u00e1god, \u00e9s az \u00dar dics\u0151s\u00e9ge felragyogott f\u00f6l\u00f6tted. Mert m\u00e9g s\u00f6t\u00e9ts\u00e9g bor\u00edtja a f\u00f6ldet, \u00e9s hom\u00e1ly a nemzeteket, de f\u00f6l\u00f6tted ott ragyog az \u00dar, \u00e9s dics\u0151s\u00e9ge megnyilv\u00e1nul rajtad. N\u00e9pek j\u00f6nnek vil\u00e1goss\u00e1godhoz, kir\u00e1lyok a benned t\u00e1madt f\u00e9nyess\u00e9ghez. Hordozd k\u00f6r\u00fcl tekintetedet \u00e9s l\u00e1sd: mind egybegy\u0171lnek \u00e9s idej\u00f6nnek hozz\u00e1d. Fiaid messze t\u00e1volb\u00f3l \u00e9rkeznek, s le\u00e1nyaidat karon fogva hozz\u00e1k. Ennek l\u00e1tt\u00e1ra f\u00f6lder\u00fclsz, sz\u00edved dobog az \u00f6r\u00f6mt\u0151l \u00e9s kit\u00e1gul, mert fel\u00e9d \u00e1ramlik a tengerek gazdags\u00e1ga, \u00e9s ide \u00f6z\u00f6nlik a nemzetek kincse. Tev\u00e9k \u00e1radata bor\u00edt majd el, M\u00e1di\u00e1n \u00e9s Efa dromed\u00e1rjai. Mind S\u00e1b\u00e1b\u00f3l j\u00f6nnek; aranyat \u00e9s t\u00f6mj\u00e9nt hoznak, \u00e9s az \u00dar dics\u0151s\u00e9g\u00e9t zengik. Ez az Isten ig\u00e9je. V\u00c1LASZOS ZSOLT\u00c1R (Zsolt 71,2.7-8.10-11.12-13) V\u00e1lasz:\u00a0H\u00f3doljon el\u0151tted,\u00a0Istenem, * a f\u00f6ld\u00a0minden nemzete!\u00a05. t\u00f3nus. El\u0151\u00e9nekes: Istenem, \u00edt\u00e9letedet add \u00e1t a\u00a0kir\u00e1lynak, * \u00e9s igazs\u00e1godat a\u00a0kir\u00e1ly fi\u00e1nak, hogy igazs\u00e1gosan \u00edt\u00e9lkezz\u00e9k\u00a0n\u00e9peden, * \u00e9s m\u00e9lt\u00e1nyosan\u00a0minden szeg\u00e9nyen. H\u00edvek:\u00a0H\u00f3doljon el\u0151tted,\u00a0Istenem, * a f\u00f6ld\u00a0minden nemzete! E: Napjaiban vir\u00e1gzik az igazs\u00e1g \u00e9s a teljes\u00a0b\u00e9ke, * m\u00edg csak a hold\u00a0meg\u00a0nem sz\u0171nik; uralkodik tengert\u0151l\u00a0tengerig, * a Foly\u00f3t\u00f3l a f\u00f6ldkereks\u00e9g\u00a0hat\u00e1r\u00e1ig. H:\u00a0H\u00f3doljon el\u0151tted,\u00a0Istenem, * a f\u00f6ld\u00a0minden nemzete! E: Tarzis \u00e9s a szigetek kir\u00e1lyai aj\u00e1nd\u00e9kokat\u00a0hoznak, * Ar\u00e1bia \u00e9s S\u00e1ba kir\u00e1lyai adom\u00e1nyokkal\u00a0k\u00f6zelednek. Minden kir\u00e1ly leborul\u00a0el\u0151tte, * \u00e9s minden n\u00e9p\u00a0neki szolg\u00e1l. H:\u00a0H\u00f3doljon el\u0151tted,\u00a0Istenem, * a f\u00f6ld\u00a0minden nemzete! E: Megszabad\u00edtja a szeg\u00e9nyt, mikor ki\u00e1lt\u00a0hozz\u00e1, * a nyomorultat, akin\u00a0nem\u00a0seg\u00edt senki. K\u00edm\u00e9li a kicsinyt \u00e9s a\u00a0gyeng\u00e9t, * a szeg\u00e9nyeket\u00a0megseg\u00edti. H:\u00a0H\u00f3doljon el\u0151tted,\u00a0Istenem, * a f\u00f6ld\u00a0minden nemzete! SZENTLECKE Szent P\u00e1l apostolnak az efezusiakhoz \u00edrt level\u00e9b\u0151l (Ef 3,2-3a.5-6) A Szentl\u00e9lek kinyilatkoztatta, hogy a pog\u00e1nyok is t\u00e1rs\u00f6r\u00f6k\u00f6s\u00f6k. Testv\u00e9reim! Bizony\u00e1ra hallottatok Isten kegyelmi adom\u00e1ny\u00e1r\u00f3l, amelyben a ti javatokra r\u00e9szes\u00fcltem. Kinyilatkoztat\u00e1sb\u00f3l megismertem Krisztus titk\u00e1t, amelyr\u0151l kor\u00e1bban nem tudtak az emberek, de most a L\u00e9lek a szent apostoloknak \u00e9s pr\u00f3f\u00e9t\u00e1knak kinyilatkoztatta. Eszerint J\u00e9zus Krisztusban a pog\u00e1nyok is t\u00e1rs\u00f6r\u00f6k\u00f6s\u00f6k, tagjai az egy testnek, \u00e9s az evang\u00e9lium \u00e1ltal r\u00e9szesei az \u00edg\u00e9reteknek. Ez... R\u00e9szletek\" \/>\n<meta property=\"og:url\" content=\"https:\/\/stuttgarti-katolikusok.de\/index.php\/urunk-megjelenese-vizkereszt\/\" \/>\n<meta property=\"og:site_name\" content=\"Stuttgarti Katolikusok\" \/>\n<meta property=\"article:published_time\" content=\"2024-01-05T23:28:24+00:00\" \/>\n<meta property=\"article:modified_time\" content=\"2024-01-13T11:19:39+00:00\" \/>\n<meta property=\"og:image\" content=\"https:\/\/stuttgarti-katolikusok.de\/wp-content\/uploads\/2021\/01\/haromkiralyok.png\" \/>\n\t<meta property=\"og:image:width\" content=\"640\" \/>\n\t<meta property=\"og:image:height\" content=\"365\" \/>\n\t<meta property=\"og:image:type\" content=\"image\/png\" \/>\n<meta name=\"author\" content=\"Tibor atya\" \/>\n<meta name=\"twitter:card\" content=\"summary_large_image\" \/>\n<meta name=\"twitter:label1\" content=\"Szerz\u0151:\" \/>\n\t<meta name=\"twitter:data1\" content=\"Tibor atya\" \/>\n\t<meta name=\"twitter:label2\" content=\"Becs\u00fclt olvas\u00e1si id\u0151\" \/>\n\t<meta name=\"twitter:data2\" content=\"5 perc\" \/>\n<script type=\"application\/ld+json\" class=\"yoast-schema-graph\">{\"@context\":\"https:\\\/\\\/schema.org\",\"@graph\":[{\"@type\":\"Article\",\"@id\":\"https:\\\/\\\/stuttgarti-katolikusok.de\\\/index.php\\\/urunk-megjelenese-vizkereszt\\\/#article\",\"isPartOf\":{\"@id\":\"https:\\\/\\\/stuttgarti-katolikusok.de\\\/index.php\\\/urunk-megjelenese-vizkereszt\\\/\"},\"author\":{\"name\":\"Tibor atya\",\"@id\":\"https:\\\/\\\/stuttgarti-katolikusok.de\\\/#\\\/schema\\\/person\\\/75908d6f8fdc03a57889d27209df7795\"},\"headline\":\"Urunk megjelen\u00e9se, V\u00edzkereszt\",\"datePublished\":\"2024-01-05T23:28:24+00:00\",\"dateModified\":\"2024-01-13T11:19:39+00:00\",\"mainEntityOfPage\":{\"@id\":\"https:\\\/\\\/stuttgarti-katolikusok.de\\\/index.php\\\/urunk-megjelenese-vizkereszt\\\/\"},\"wordCount\":1072,\"image\":{\"@id\":\"https:\\\/\\\/stuttgarti-katolikusok.de\\\/index.php\\\/urunk-megjelenese-vizkereszt\\\/#primaryimage\"},\"thumbnailUrl\":\"https:\\\/\\\/stuttgarti-katolikusok.de\\\/wp-content\\\/uploads\\\/2021\\\/01\\\/haromkiralyok.png\",\"articleSection\":[\"A liturgia olvasm\u00e1nyai\",\"Vas\u00e1rnapi gondolatok\"],\"inLanguage\":\"hu\"},{\"@type\":\"WebPage\",\"@id\":\"https:\\\/\\\/stuttgarti-katolikusok.de\\\/index.php\\\/urunk-megjelenese-vizkereszt\\\/\",\"url\":\"https:\\\/\\\/stuttgarti-katolikusok.de\\\/index.php\\\/urunk-megjelenese-vizkereszt\\\/\",\"name\":\"Urunk megjelen\u00e9se, V\u00edzkereszt - Stuttgarti Katolikusok\",\"isPartOf\":{\"@id\":\"https:\\\/\\\/stuttgarti-katolikusok.de\\\/#website\"},\"primaryImageOfPage\":{\"@id\":\"https:\\\/\\\/stuttgarti-katolikusok.de\\\/index.php\\\/urunk-megjelenese-vizkereszt\\\/#primaryimage\"},\"image\":{\"@id\":\"https:\\\/\\\/stuttgarti-katolikusok.de\\\/index.php\\\/urunk-megjelenese-vizkereszt\\\/#primaryimage\"},\"thumbnailUrl\":\"https:\\\/\\\/stuttgarti-katolikusok.de\\\/wp-content\\\/uploads\\\/2021\\\/01\\\/haromkiralyok.png\",\"datePublished\":\"2024-01-05T23:28:24+00:00\",\"dateModified\":\"2024-01-13T11:19:39+00:00\",\"author\":{\"@id\":\"https:\\\/\\\/stuttgarti-katolikusok.de\\\/#\\\/schema\\\/person\\\/75908d6f8fdc03a57889d27209df7795\"},\"breadcrumb\":{\"@id\":\"https:\\\/\\\/stuttgarti-katolikusok.de\\\/index.php\\\/urunk-megjelenese-vizkereszt\\\/#breadcrumb\"},\"inLanguage\":\"hu\",\"potentialAction\":[{\"@type\":\"ReadAction\",\"target\":[\"https:\\\/\\\/stuttgarti-katolikusok.de\\\/index.php\\\/urunk-megjelenese-vizkereszt\\\/\"]}]},{\"@type\":\"ImageObject\",\"inLanguage\":\"hu\",\"@id\":\"https:\\\/\\\/stuttgarti-katolikusok.de\\\/index.php\\\/urunk-megjelenese-vizkereszt\\\/#primaryimage\",\"url\":\"https:\\\/\\\/stuttgarti-katolikusok.de\\\/wp-content\\\/uploads\\\/2021\\\/01\\\/haromkiralyok.png\",\"contentUrl\":\"https:\\\/\\\/stuttgarti-katolikusok.de\\\/wp-content\\\/uploads\\\/2021\\\/01\\\/haromkiralyok.png\",\"width\":640,\"height\":365},{\"@type\":\"BreadcrumbList\",\"@id\":\"https:\\\/\\\/stuttgarti-katolikusok.de\\\/index.php\\\/urunk-megjelenese-vizkereszt\\\/#breadcrumb\",\"itemListElement\":[{\"@type\":\"ListItem\",\"position\":1,\"name\":\"Kezd\u0151lap\",\"item\":\"https:\\\/\\\/stuttgarti-katolikusok.de\\\/\"},{\"@type\":\"ListItem\",\"position\":2,\"name\":\"Urunk megjelen\u00e9se, V\u00edzkereszt\"}]},{\"@type\":\"WebSite\",\"@id\":\"https:\\\/\\\/stuttgarti-katolikusok.de\\\/#website\",\"url\":\"https:\\\/\\\/stuttgarti-katolikusok.de\\\/\",\"name\":\"Stuttgarti Katolikusok\",\"description\":\"\",\"potentialAction\":[{\"@type\":\"SearchAction\",\"target\":{\"@type\":\"EntryPoint\",\"urlTemplate\":\"https:\\\/\\\/stuttgarti-katolikusok.de\\\/?s={search_term_string}\"},\"query-input\":{\"@type\":\"PropertyValueSpecification\",\"valueRequired\":true,\"valueName\":\"search_term_string\"}}],\"inLanguage\":\"hu\"},{\"@type\":\"Person\",\"@id\":\"https:\\\/\\\/stuttgarti-katolikusok.de\\\/#\\\/schema\\\/person\\\/75908d6f8fdc03a57889d27209df7795\",\"name\":\"Tibor atya\",\"image\":{\"@type\":\"ImageObject\",\"inLanguage\":\"hu\",\"@id\":\"https:\\\/\\\/secure.gravatar.com\\\/avatar\\\/61d268e57d1f4525b111222e29d2d5a7f8c420fdbf231ba5566a8ceac74fa960?s=96&d=mm&r=g\",\"url\":\"https:\\\/\\\/secure.gravatar.com\\\/avatar\\\/61d268e57d1f4525b111222e29d2d5a7f8c420fdbf231ba5566a8ceac74fa960?s=96&d=mm&r=g\",\"contentUrl\":\"https:\\\/\\\/secure.gravatar.com\\\/avatar\\\/61d268e57d1f4525b111222e29d2d5a7f8c420fdbf231ba5566a8ceac74fa960?s=96&d=mm&r=g\",\"caption\":\"Tibor atya\"},\"url\":\"https:\\\/\\\/stuttgarti-katolikusok.de\\\/index.php\\\/author\\\/tibor-atya\\\/\"}]}<\/script>\n<!-- \/ Yoast SEO plugin. -->","yoast_head_json":{"title":"Urunk megjelen\u00e9se, V\u00edzkereszt - Stuttgarti Katolikusok","robots":{"index":"index","follow":"follow","max-snippet":"max-snippet:-1","max-image-preview":"max-image-preview:large","max-video-preview":"max-video-preview:-1"},"canonical":"https:\/\/stuttgarti-katolikusok.de\/index.php\/urunk-megjelenese-vizkereszt\/","og_locale":"hu_HU","og_type":"article","og_title":"Urunk megjelen\u00e9se, V\u00edzkereszt - Stuttgarti Katolikusok","og_description":"OLVASM\u00c1NY Izaj\u00e1s pr\u00f3f\u00e9ta k\u00f6nyv\u00e9b\u0151l (Iz 60,1-6) Az \u00dar dics\u0151s\u00e9ge felragyogott f\u00f6l\u00f6tted. Kelj f\u00f6l, \u00e9s t\u00fcnd\u00f6k\u00f6lj, Jeruzs\u00e1lem, mert el\u00e9rkezett vil\u00e1goss\u00e1god, \u00e9s az \u00dar dics\u0151s\u00e9ge felragyogott f\u00f6l\u00f6tted. Mert m\u00e9g s\u00f6t\u00e9ts\u00e9g bor\u00edtja a f\u00f6ldet, \u00e9s hom\u00e1ly a nemzeteket, de f\u00f6l\u00f6tted ott ragyog az \u00dar, \u00e9s dics\u0151s\u00e9ge megnyilv\u00e1nul rajtad. N\u00e9pek j\u00f6nnek vil\u00e1goss\u00e1godhoz, kir\u00e1lyok a benned t\u00e1madt f\u00e9nyess\u00e9ghez. Hordozd k\u00f6r\u00fcl tekintetedet \u00e9s l\u00e1sd: mind egybegy\u0171lnek \u00e9s idej\u00f6nnek hozz\u00e1d. Fiaid messze t\u00e1volb\u00f3l \u00e9rkeznek, s le\u00e1nyaidat karon fogva hozz\u00e1k. Ennek l\u00e1tt\u00e1ra f\u00f6lder\u00fclsz, sz\u00edved dobog az \u00f6r\u00f6mt\u0151l \u00e9s kit\u00e1gul, mert fel\u00e9d \u00e1ramlik a tengerek gazdags\u00e1ga, \u00e9s ide \u00f6z\u00f6nlik a nemzetek kincse. Tev\u00e9k \u00e1radata bor\u00edt majd el, M\u00e1di\u00e1n \u00e9s Efa dromed\u00e1rjai. Mind S\u00e1b\u00e1b\u00f3l j\u00f6nnek; aranyat \u00e9s t\u00f6mj\u00e9nt hoznak, \u00e9s az \u00dar dics\u0151s\u00e9g\u00e9t zengik. Ez az Isten ig\u00e9je. V\u00c1LASZOS ZSOLT\u00c1R (Zsolt 71,2.7-8.10-11.12-13) V\u00e1lasz:\u00a0H\u00f3doljon el\u0151tted,\u00a0Istenem, * a f\u00f6ld\u00a0minden nemzete!\u00a05. t\u00f3nus. El\u0151\u00e9nekes: Istenem, \u00edt\u00e9letedet add \u00e1t a\u00a0kir\u00e1lynak, * \u00e9s igazs\u00e1godat a\u00a0kir\u00e1ly fi\u00e1nak, hogy igazs\u00e1gosan \u00edt\u00e9lkezz\u00e9k\u00a0n\u00e9peden, * \u00e9s m\u00e9lt\u00e1nyosan\u00a0minden szeg\u00e9nyen. H\u00edvek:\u00a0H\u00f3doljon el\u0151tted,\u00a0Istenem, * a f\u00f6ld\u00a0minden nemzete! E: Napjaiban vir\u00e1gzik az igazs\u00e1g \u00e9s a teljes\u00a0b\u00e9ke, * m\u00edg csak a hold\u00a0meg\u00a0nem sz\u0171nik; uralkodik tengert\u0151l\u00a0tengerig, * a Foly\u00f3t\u00f3l a f\u00f6ldkereks\u00e9g\u00a0hat\u00e1r\u00e1ig. H:\u00a0H\u00f3doljon el\u0151tted,\u00a0Istenem, * a f\u00f6ld\u00a0minden nemzete! E: Tarzis \u00e9s a szigetek kir\u00e1lyai aj\u00e1nd\u00e9kokat\u00a0hoznak, * Ar\u00e1bia \u00e9s S\u00e1ba kir\u00e1lyai adom\u00e1nyokkal\u00a0k\u00f6zelednek. Minden kir\u00e1ly leborul\u00a0el\u0151tte, * \u00e9s minden n\u00e9p\u00a0neki szolg\u00e1l. H:\u00a0H\u00f3doljon el\u0151tted,\u00a0Istenem, * a f\u00f6ld\u00a0minden nemzete! E: Megszabad\u00edtja a szeg\u00e9nyt, mikor ki\u00e1lt\u00a0hozz\u00e1, * a nyomorultat, akin\u00a0nem\u00a0seg\u00edt senki. K\u00edm\u00e9li a kicsinyt \u00e9s a\u00a0gyeng\u00e9t, * a szeg\u00e9nyeket\u00a0megseg\u00edti. H:\u00a0H\u00f3doljon el\u0151tted,\u00a0Istenem, * a f\u00f6ld\u00a0minden nemzete! SZENTLECKE Szent P\u00e1l apostolnak az efezusiakhoz \u00edrt level\u00e9b\u0151l (Ef 3,2-3a.5-6) A Szentl\u00e9lek kinyilatkoztatta, hogy a pog\u00e1nyok is t\u00e1rs\u00f6r\u00f6k\u00f6s\u00f6k. Testv\u00e9reim! Bizony\u00e1ra hallottatok Isten kegyelmi adom\u00e1ny\u00e1r\u00f3l, amelyben a ti javatokra r\u00e9szes\u00fcltem. Kinyilatkoztat\u00e1sb\u00f3l megismertem Krisztus titk\u00e1t, amelyr\u0151l kor\u00e1bban nem tudtak az emberek, de most a L\u00e9lek a szent apostoloknak \u00e9s pr\u00f3f\u00e9t\u00e1knak kinyilatkoztatta. Eszerint J\u00e9zus Krisztusban a pog\u00e1nyok is t\u00e1rs\u00f6r\u00f6k\u00f6s\u00f6k, tagjai az egy testnek, \u00e9s az evang\u00e9lium \u00e1ltal r\u00e9szesei az \u00edg\u00e9reteknek. Ez... R\u00e9szletek","og_url":"https:\/\/stuttgarti-katolikusok.de\/index.php\/urunk-megjelenese-vizkereszt\/","og_site_name":"Stuttgarti Katolikusok","article_published_time":"2024-01-05T23:28:24+00:00","article_modified_time":"2024-01-13T11:19:39+00:00","og_image":[{"width":640,"height":365,"url":"https:\/\/stuttgarti-katolikusok.de\/wp-content\/uploads\/2021\/01\/haromkiralyok.png","type":"image\/png"}],"author":"Tibor atya","twitter_card":"summary_large_image","twitter_misc":{"Szerz\u0151:":"Tibor atya","Becs\u00fclt olvas\u00e1si id\u0151":"5 perc"},"schema":{"@context":"https:\/\/schema.org","@graph":[{"@type":"Article","@id":"https:\/\/stuttgarti-katolikusok.de\/index.php\/urunk-megjelenese-vizkereszt\/#article","isPartOf":{"@id":"https:\/\/stuttgarti-katolikusok.de\/index.php\/urunk-megjelenese-vizkereszt\/"},"author":{"name":"Tibor atya","@id":"https:\/\/stuttgarti-katolikusok.de\/#\/schema\/person\/75908d6f8fdc03a57889d27209df7795"},"headline":"Urunk megjelen\u00e9se, V\u00edzkereszt","datePublished":"2024-01-05T23:28:24+00:00","dateModified":"2024-01-13T11:19:39+00:00","mainEntityOfPage":{"@id":"https:\/\/stuttgarti-katolikusok.de\/index.php\/urunk-megjelenese-vizkereszt\/"},"wordCount":1072,"image":{"@id":"https:\/\/stuttgarti-katolikusok.de\/index.php\/urunk-megjelenese-vizkereszt\/#primaryimage"},"thumbnailUrl":"https:\/\/stuttgarti-katolikusok.de\/wp-content\/uploads\/2021\/01\/haromkiralyok.png","articleSection":["A liturgia olvasm\u00e1nyai","Vas\u00e1rnapi gondolatok"],"inLanguage":"hu"},{"@type":"WebPage","@id":"https:\/\/stuttgarti-katolikusok.de\/index.php\/urunk-megjelenese-vizkereszt\/","url":"https:\/\/stuttgarti-katolikusok.de\/index.php\/urunk-megjelenese-vizkereszt\/","name":"Urunk megjelen\u00e9se, V\u00edzkereszt - Stuttgarti Katolikusok","isPartOf":{"@id":"https:\/\/stuttgarti-katolikusok.de\/#website"},"primaryImageOfPage":{"@id":"https:\/\/stuttgarti-katolikusok.de\/index.php\/urunk-megjelenese-vizkereszt\/#primaryimage"},"image":{"@id":"https:\/\/stuttgarti-katolikusok.de\/index.php\/urunk-megjelenese-vizkereszt\/#primaryimage"},"thumbnailUrl":"https:\/\/stuttgarti-katolikusok.de\/wp-content\/uploads\/2021\/01\/haromkiralyok.png","datePublished":"2024-01-05T23:28:24+00:00","dateModified":"2024-01-13T11:19:39+00:00","author":{"@id":"https:\/\/stuttgarti-katolikusok.de\/#\/schema\/person\/75908d6f8fdc03a57889d27209df7795"},"breadcrumb":{"@id":"https:\/\/stuttgarti-katolikusok.de\/index.php\/urunk-megjelenese-vizkereszt\/#breadcrumb"},"inLanguage":"hu","potentialAction":[{"@type":"ReadAction","target":["https:\/\/stuttgarti-katolikusok.de\/index.php\/urunk-megjelenese-vizkereszt\/"]}]},{"@type":"ImageObject","inLanguage":"hu","@id":"https:\/\/stuttgarti-katolikusok.de\/index.php\/urunk-megjelenese-vizkereszt\/#primaryimage","url":"https:\/\/stuttgarti-katolikusok.de\/wp-content\/uploads\/2021\/01\/haromkiralyok.png","contentUrl":"https:\/\/stuttgarti-katolikusok.de\/wp-content\/uploads\/2021\/01\/haromkiralyok.png","width":640,"height":365},{"@type":"BreadcrumbList","@id":"https:\/\/stuttgarti-katolikusok.de\/index.php\/urunk-megjelenese-vizkereszt\/#breadcrumb","itemListElement":[{"@type":"ListItem","position":1,"name":"Kezd\u0151lap","item":"https:\/\/stuttgarti-katolikusok.de\/"},{"@type":"ListItem","position":2,"name":"Urunk megjelen\u00e9se, V\u00edzkereszt"}]},{"@type":"WebSite","@id":"https:\/\/stuttgarti-katolikusok.de\/#website","url":"https:\/\/stuttgarti-katolikusok.de\/","name":"Stuttgarti Katolikusok","description":"","potentialAction":[{"@type":"SearchAction","target":{"@type":"EntryPoint","urlTemplate":"https:\/\/stuttgarti-katolikusok.de\/?s={search_term_string}"},"query-input":{"@type":"PropertyValueSpecification","valueRequired":true,"valueName":"search_term_string"}}],"inLanguage":"hu"},{"@type":"Person","@id":"https:\/\/stuttgarti-katolikusok.de\/#\/schema\/person\/75908d6f8fdc03a57889d27209df7795","name":"Tibor atya","image":{"@type":"ImageObject","inLanguage":"hu","@id":"https:\/\/secure.gravatar.com\/avatar\/61d268e57d1f4525b111222e29d2d5a7f8c420fdbf231ba5566a8ceac74fa960?s=96&d=mm&r=g","url":"https:\/\/secure.gravatar.com\/avatar\/61d268e57d1f4525b111222e29d2d5a7f8c420fdbf231ba5566a8ceac74fa960?s=96&d=mm&r=g","contentUrl":"https:\/\/secure.gravatar.com\/avatar\/61d268e57d1f4525b111222e29d2d5a7f8c420fdbf231ba5566a8ceac74fa960?s=96&d=mm&r=g","caption":"Tibor atya"},"url":"https:\/\/stuttgarti-katolikusok.de\/index.php\/author\/tibor-atya\/"}]}},"_links":{"self":[{"href":"https:\/\/stuttgarti-katolikusok.de\/index.php\/wp-json\/wp\/v2\/posts\/28105","targetHints":{"allow":["GET"]}}],"collection":[{"href":"https:\/\/stuttgarti-katolikusok.de\/index.php\/wp-json\/wp\/v2\/posts"}],"about":[{"href":"https:\/\/stuttgarti-katolikusok.de\/index.php\/wp-json\/wp\/v2\/types\/post"}],"author":[{"embeddable":true,"href":"https:\/\/stuttgarti-katolikusok.de\/index.php\/wp-json\/wp\/v2\/users\/3"}],"replies":[{"embeddable":true,"href":"https:\/\/stuttgarti-katolikusok.de\/index.php\/wp-json\/wp\/v2\/comments?post=28105"}],"version-history":[{"count":2,"href":"https:\/\/stuttgarti-katolikusok.de\/index.php\/wp-json\/wp\/v2\/posts\/28105\/revisions"}],"predecessor-version":[{"id":28177,"href":"https:\/\/stuttgarti-katolikusok.de\/index.php\/wp-json\/wp\/v2\/posts\/28105\/revisions\/28177"}],"wp:featuredmedia":[{"embeddable":true,"href":"https:\/\/stuttgarti-katolikusok.de\/index.php\/wp-json\/wp\/v2\/media\/20928"}],"wp:attachment":[{"href":"https:\/\/stuttgarti-katolikusok.de\/index.php\/wp-json\/wp\/v2\/media?parent=28105"}],"wp:term":[{"taxonomy":"category","embeddable":true,"href":"https:\/\/stuttgarti-katolikusok.de\/index.php\/wp-json\/wp\/v2\/categories?post=28105"},{"taxonomy":"post_tag","embeddable":true,"href":"https:\/\/stuttgarti-katolikusok.de\/index.php\/wp-json\/wp\/v2\/tags?post=28105"}],"curies":[{"name":"wp","href":"https:\/\/api.w.org\/{rel}","templated":true}]}}