{"id":27689,"date":"2023-12-24T08:29:54","date_gmt":"2023-12-24T07:29:54","guid":{"rendered":"https:\/\/stuttgarti-katolikusok.de\/?p=27689"},"modified":"2023-12-24T08:31:32","modified_gmt":"2023-12-24T07:31:32","slug":"advent-4-vasarnapja","status":"publish","type":"post","link":"https:\/\/stuttgarti-katolikusok.de\/index.php\/advent-4-vasarnapja\/","title":{"rendered":"Advent 4. vas\u00e1rnapja"},"content":{"rendered":"<p align=\"justify\"><span style=\"color: #800080;\">OLVASM\u00c1NY S\u00e1muel, m\u00e1sodik k\u00f6nyv\u00e9b\u0151l (2S\u00e1m 7,1-5.8b-12.14a.16)<\/span><br \/>\n<em>D\u00e1vid kir\u00e1lys\u00e1ga a csal\u00e1dj\u00e1b\u00f3l sz\u00e1rmaz\u00f3 Messi\u00e1s r\u00e9v\u00e9n szil\u00e1rdan \u00e1ll mind\u00f6r\u00f6kk\u00e9.<\/em><br \/>\nAmikor D\u00e1vid kir\u00e1ly m\u00e1ra h\u00e1z\u00e1ban lakott, \u00e9s az \u00dar nyugalmat adott neki k\u00f6r\u00f6s-k\u00f6r\u00fcl minden ellens\u00e9g\u00e9t\u0151l, a kir\u00e1ly \u00edgy sz\u00f3lt N\u00e1t\u00e1n pr\u00f3f\u00e9t\u00e1hoz: \u201eN\u00e9zd, magam c\u00e9drusf\u00e1b\u00f3l k\u00e9sz\u00fclt h\u00e1zban lakom, az \u00dar l\u00e1d\u00e1ja meg, s\u00e1torban lakik.\u201d Erre N\u00e1t\u00e1n ezt mondta a kir\u00e1lynak: \u201eTedd meg mindazt, amit sz\u00e1nd\u00e9kozol, mert veled van az. \u00dar.\u201d<br \/>\nM\u00e9g azon az \u00e9jszak\u00e1n t\u00f6rt\u00e9nt, hogy az \u00dar sz\u00f3zatot int\u00e9zett N\u00e1t\u00e1nhoz: \u201eMenj \u00e9s mondd meg szolg\u00e1mnak, D\u00e1vidnak: \u00bbEzt mondja az \u00dar: Te akarsz nekem h\u00e1zat \u00e9p\u00edteni lak\u00f3hely\u00fcl? Elhoztalak a legel\u0151r\u0151l, a juhok, mell\u0151l, hogy n\u00e9pem, Izrael fejedelme l\u00e9gy. Veled voltam minden v\u00e1llalkoz\u00e1sodban, \u00e9s minden ellens\u00e9gedet megsemmis\u00edtettem el\u0151tted. Nagy nevet szereztem neked, olyat; mint a f\u00f6ld nagyjai\u00e9. N\u00e9pemnek, Izraelnek is meghat\u00e1roztam egy helyet, \u00e9s oda telep\u00edtettem. Ezen a helyen lakik majd, \u00e9s nem fogj\u00e1k t\u00f6bb\u00e9 h\u00e1borgatni. A gonoszok sem szorongatj\u00e1k, mint kezdetben, att\u00f3l a napt\u00f3l fogva, hogy b\u00edr\u00e1kat rendeltem n\u00e9pem, Izrael f\u00f6l\u00e9. Az\u00e9rt megszabad\u00edtalak minden ellens\u00e9gedt\u0151l. Azt is k\u00f6zli veled az \u00dar, hogy f\u00f6l\u00e9p\u00edti (uralkod\u00f3)-h\u00e1zadat. Ha azt\u00e1n napjaid betelnek \u00e9s megt\u00e9rsz aty\u00e1idhoz, f\u00f6lemelem magvadb\u00f3l sz\u00e1rmaz\u00f3 ut\u00f3dodat, \u00e9s megszil\u00e1rd\u00edtom kir\u00e1lys\u00e1g\u00e1t. Az \u0151 atyja leszek, \u0151 meg a fiam lesz. H\u00e1zad \u00e9s kir\u00e1lys\u00e1god \u00f6r\u00f6kre fennmarad sz\u00ednem el\u0151tt, \u00e9s tr\u00f3nod mind\u00f6r\u00f6kk\u00e9 szil\u00e1rd marad.\u00ab\u201d<br \/>\nEz az Isten ig\u00e9je.<\/p>\n<p align=\"justify\"><span style=\"color: #800080;\">V\u00c1LASZOS ZSOLT\u00c1R (Zsolt 88,2-3.4-5.27.29)<\/span><br \/>\nV\u00e1lasz:\u00a0<strong>Hadd \u00e9nekel<u>jem<\/u>\u00a0\u00f6r\u00f6kk\u00e9 * Urunknak\u00a0<u>ir<\/u>galmas j\u00f3s\u00e1g\u00e1t!<\/strong>\u00a0(6. t\u00f3nus.)<\/p>\n<p>El\u0151\u00e9nekes: Az \u00dar irgalm\u00e1r\u00f3l \u00e9nekelek \u00f6r\u00f6k<u>k\u00f6n<\/u>-\u00f6r\u00f6kk\u00e9, * h\u0171s\u00e9gedet nemzed\u00e9kr\u0151l nemzed\u00e9kre\u00a0<u>hir<\/u>deti ajkam.<br \/>\n\u00cdgy sz\u00f3l<u>t\u00e1l<\/u>: \u2020 \u201eIrgalmam szil\u00e1rdan \u00e1ll mind<u>\u00f6<\/u>r\u00f6kk\u00e9.\u201d * Val\u00f3ban, a te h\u0171s\u00e9ged er\u0151s,\u00a0<u>mi<\/u>k\u00e9nt a mennybolt.<br \/>\nH\u00edvek:\u00a0<strong>Hadd \u00e9nekel<u>jem<\/u>\u00a0\u00f6r\u00f6kk\u00e9 * Urunknak\u00a0<u>ir<\/u>galmas j\u00f3s\u00e1g\u00e1t!<\/strong><\/p>\n<p>E: \u201eV\u00e1lasztottammal sz\u00f6vets\u00e9<u>get<\/u>\u00a0k\u00f6t\u00f6ttem, * megesk\u00fcdtem\u00a0<u>szol<\/u>g\u00e1mnak, D\u00e1vidnak.<br \/>\nMeger\u0151s\u00edtem ivad\u00e9ko<u>dat<\/u>\u00a0\u00f6r\u00f6kre, * \u00e9s megszil\u00e1rd\u00edtom tr\u00f3nodat nemzed\u00e9k<u>r\u0151l<\/u>\u00a0nemzed\u00e9kre.\u201d<br \/>\nH:\u00a0<strong>Hadd \u00e9nekel<u>jem<\/u>\u00a0\u00f6r\u00f6kk\u00e9 * Urunknak\u00a0<u>ir<\/u>galmas j\u00f3s\u00e1g\u00e1t!<\/strong><\/p>\n<p>E: \u201e\u00cdgy sz\u00f3l\u00edt engem: \u00bbAty\u00e1m\u00a0<u>vagy<\/u>\u00a0n\u00e9kem, * Istenem\u00a0<u>\u00e9s<\/u>\u00a0\u00fcdv\u00f6m szikl\u00e1ja.\u00ab<br \/>\nIrgalmam ir\u00e1nta \u00f6r\u00f6k<u>k\u00e9<\/u>\u00a0megmarad, * sz\u00f6vets\u00e9gem h\u0171s\u00e9<u>ge<\/u>\u00a0nem sz\u0171nik meg.\u201d<br \/>\nH:\u00a0<strong>Hadd \u00e9nekel<u>jem<\/u>\u00a0\u00f6r\u00f6kk\u00e9 * Urunknak\u00a0<u>ir<\/u>galmas j\u00f3s\u00e1g\u00e1t!<\/strong><\/p>\n<p align=\"justify\"><span style=\"color: #800080;\">SZENTLECKE Szent P\u00e1l apostolnak a r\u00f3maiakhoz \u00edrt level\u00e9b\u0151l (R\u00f3m 16,25-27)<\/span><br \/>\n<em>Kinyilv\u00e1nult a titok, amelyre \u0151sid\u0151k \u00f3ta csend borult.<\/em><br \/>\nTestv\u00e9reim!<br \/>\nIstennek hatalm\u00e1ban \u00e1ll meger\u0151s\u00edteni benneteket evang\u00e9liumomban, a J\u00e9zus Krisztusr\u00f3l sz\u00f3l\u00f3 tan\u00edt\u00e1sban, annak a titoknak kinyilv\u00e1n\u00edt\u00e1s\u00e1ban, amelyre \u0151sid\u0151k \u00f3ta csend borult, de amelyet most az \u00f6r\u00f6k Isten parancs\u00e1ra a pr\u00f3f\u00e9t\u00e1k \u00edr\u00e1sai kinyilatkoztattak, \u00e9s minden nemzet el\u0151tt ismertt\u00e9 tettek, hogy \u00edgy a hit befogad\u00e1s\u00e1ra eljussanak. Neki, az egyed\u00fcl b\u00f6lcs Istennek legyen dics\u0151s\u00e9g J\u00e9zus Krisztus \u00e1ltal \u00f6r\u00f6kk\u00f6n-\u00f6r\u00f6kk\u00e9! \u00c1men.<br \/>\nEz az Isten ig\u00e9je.<\/p>\n<p align=\"justify\"><span style=\"color: #800080;\">ALLELUJA<\/span><br \/>\n\u00cdme, az \u00darnak szolg\u00e1l\u00f3<u>le<\/u>\u00e1nya: * legyen nekem a te\u00a0<u>i<\/u>g\u00e9d szerint! (Lk 1,38 \u2013 8 G. t\u00f3nus.)<\/p>\n<p align=\"justify\"><span style=\"color: #800080;\">\u2020 EVANG\u00c9LIUM Szent Luk\u00e1cs k\u00f6nyv\u00e9b\u0151l (Lk 1,26-38)<\/span><br \/>\n<em>\u00dcdv\u00f6z l\u00e9gy, kegyelemmel teljes! Az \u00dar veled van.<\/em><br \/>\nAbban az id\u0151ben: Isten elk\u00fcldte G\u00e1bor angyalt Galilea N\u00e1z\u00e1ret nev\u0171 v\u00e1ros\u00e1ba egy sz\u0171zh\u00f6z, aki jegyese volt egy f\u00e9rfinak, a D\u00e1vid h\u00e1z\u00e1b\u00f3l val\u00f3 J\u00f3zsefnek. A sz\u0171z neve M\u00e1ria volt.<br \/>\nAz angyal bel\u00e9pett hozz\u00e1, \u00e9s \u00edgy sz\u00f3lt: \u201e\u00dcdv\u00f6zl\u00e9gy, kegyelemmel teljes! Az \u00dar veled van! \u00c1ldottabb vagy te minden asszonyn\u00e1l!\u201d<br \/>\nEnnek hallat\u00e1ra M\u00e1ria zavarba j\u00f6tt \u00e9s gondolkod\u00f3ba esett, hogy mif\u00e9le k\u00f6sz\u00f6nt\u00e9s ez.<br \/>\nAz angyal azonban folytatta: \u201eNe f\u00e9lj, M\u00e1ria! Hisz kegyelmet tal\u00e1lt\u00e1l Istenn\u00e9l! Mert \u00edme, gyermeket fogansz m\u00e9hedben \u00e9s fi\u00fat sz\u00fclsz, s J\u00e9zusnak fogod \u0151t nevezni! Nagy lesz \u0151: a Magass\u00e1gbeli Fi\u00e1nak fogj\u00e1k h\u00edvni. Az \u00daristen neki adja atyj\u00e1nak, D\u00e1vidnak tr\u00f3nj\u00e1t. Uralkodni fog J\u00e1kob h\u00e1z\u00e1n mind\u00f6r\u00f6kk\u00e9, \u00e9s uralm\u00e1nak soha nem lesz v\u00e9ge!\u201d<br \/>\nM\u00e1ria ekkor megk\u00e9rdezte az angyalt: \u201eHogyan t\u00f6rt\u00e9nhet meg ez, amikor \u00e9n f\u00e9rfit nem ismerek?\u201d<br \/>\nAz angyal ezt v\u00e1laszolta neki: \u201eA Szentl\u00e9lek sz\u00e1ll le r\u00e1d, \u00e9s a Magass\u00e1gbeli ereje bor\u00edt be \u00e1rny\u00e9k\u00e1val. Ez\u00e9rt szent lesz az, ki t\u0151led sz\u00fcletik: Isten Fi\u00e1nak fogj\u00e1k \u0151t h\u00edvni. L\u00e1sd, rokonod, Erzs\u00e9bet is gyermeket fogant \u00f6regs\u00e9g\u00e9ben, s\u0151t, m\u00e1r a hatodik h\u00f3napban van, b\u00e1r magtalannak tartj\u00e1k az emberek. Istenn\u00e9l semmi sem lehetetlen.\u201d<br \/>\nErre M\u00e1ria \u00edgy sz\u00f3lt: \u201e\u00cdme, az \u00dar szolg\u00e1l\u00f3le\u00e1nya: t\u00f6rt\u00e9nj\u00e9k velem szavaid szerint!\u201d<br \/>\nEzut\u00e1n az angyal elt\u00e1vozott.<br \/>\nEzek az evang\u00e9lium ig\u00e9i.<\/p>\n<p><span style=\"color: #800080;\">EGYETEMES K\u00d6NY\u00d6RG\u00c9SEK<\/span><br \/>\nPap: K\u00e9rj\u00fck, testv\u00e9reim, a mennyei Aty\u00e1t, hogy a megv\u00e1lt\u00e1s titk\u00e1nak felismer\u00e9se er\u0151s\u00edtse hit\u00fcnket, \u00e9s ir\u00e1ny\u00edtsa cselekedeteinket!<br \/>\nLektor:<br \/>\n1. Adj er\u0151t, Urunk, Egyh\u00e1zadnak a hit megvall\u00e1s\u00e1ra, hogy a vil\u00e1g felismerje \u00e1ltalunk a megv\u00e1lt\u00e1s \u00f6r\u00f6mh\u00edr\u00e9t!<br \/>\nH\u00edvek: K\u00e9r\u00fcnk T\u00e9ged, hallgass meg minket!<br \/>\n2. Adj, Urunk, papjaidnak apostoli buzg\u00f3s\u00e1got, \u00e9s er\u0151s\u00edtsd meg \u0151ket, hogy f\u00e1radhatatlanul hirdess\u00e9k tan\u00edt\u00e1sodat!<br \/>\nH\u00edvek: K\u00e9r\u00fcnk T\u00e9ged, hallgass meg minket!<br \/>\n3. F\u00e9kezd meg a h\u00e1bor\u00fa puszt\u00edt\u00f3 er\u0151it, hogy b\u00e9kess\u00e9g sz\u00e1lljon az eg\u00e9sz vil\u00e1gra!<br \/>\nH\u00edvek: K\u00e9r\u00fcnk T\u00e9ged, hallgass meg minket!<br \/>\n4. Er\u0151s\u00edtsd meg a Sz\u0171zanya k\u00f6zbenj\u00e1r\u00e1s\u00e1ra minden n\u0151 lelk\u00e9ben az anyai hivat\u00e1s megbecs\u00fcl\u00e9s\u00e9t \u00e9s szeretet\u00e9t!<br \/>\nH\u00edvek: K\u00e9r\u00fcnk T\u00e9ged, hallgass meg minket!<br \/>\n5. Add meg a szenved\u0151knek, hogy az \u00fcdv\u00f6ss\u00e9g rem\u00e9ny\u00e9b\u0151l er\u0151t mer\u00edtve viselj\u00e9k keresztj\u00fcket!<br \/>\nH\u00edvek: K\u00e9r\u00fcnk T\u00e9ged, hallgass meg minket!<br \/>\nPap: Mindenhat\u00f3 Isten\u00fcnk! Er\u0151s\u00edts meg minket Szentlelked \u00e1ltal, hogy a szent Sz\u0171z p\u00e9ld\u00e1j\u00e1ra mi is k\u00e9szs\u00e9gesen teljes\u00edts\u00fck akaratodat. Krisztus, a mi Urunk \u00e1ltal.<br \/>\nH\u00edvek: \u00c1men.<\/p>\n","protected":false},"excerpt":{"rendered":"<p>OLVASM\u00c1NY S\u00e1muel, m\u00e1sodik k\u00f6nyv\u00e9b\u0151l (2S\u00e1m 7,1-5.8b-12.14a.16) D\u00e1vid kir\u00e1lys\u00e1ga a csal\u00e1dj\u00e1b\u00f3l sz\u00e1rmaz\u00f3 Messi\u00e1s r\u00e9v\u00e9n szil\u00e1rdan \u00e1ll mind\u00f6r\u00f6kk\u00e9. Amikor D\u00e1vid kir\u00e1ly m\u00e1ra h\u00e1z\u00e1ban lakott, \u00e9s az \u00dar nyugalmat adott neki k\u00f6r\u00f6s-k\u00f6r\u00fcl minden ellens\u00e9g\u00e9t\u0151l, a kir\u00e1ly \u00edgy sz\u00f3lt N\u00e1t\u00e1n pr\u00f3f\u00e9t\u00e1hoz: \u201eN\u00e9zd, magam c\u00e9drusf\u00e1b\u00f3l k\u00e9sz\u00fclt h\u00e1zban lakom, az \u00dar l\u00e1d\u00e1ja meg, s\u00e1torban lakik.\u201d Erre N\u00e1t\u00e1n ezt mondta a kir\u00e1lynak: \u201eTedd meg mindazt, amit sz\u00e1nd\u00e9kozol, mert veled van az. \u00dar.\u201d M\u00e9g azon az \u00e9jszak\u00e1n t\u00f6rt\u00e9nt, hogy az \u00dar sz\u00f3zatot int\u00e9zett N\u00e1t\u00e1nhoz: \u201eMenj \u00e9s mondd meg szolg\u00e1mnak, D\u00e1vidnak: \u00bbEzt mondja az \u00dar: Te akarsz nekem h\u00e1zat \u00e9p\u00edteni lak\u00f3hely\u00fcl? Elhoztalak a legel\u0151r\u0151l, a juhok, mell\u0151l, hogy n\u00e9pem, Izrael fejedelme l\u00e9gy. Veled voltam minden v\u00e1llalkoz\u00e1sodban, \u00e9s minden ellens\u00e9gedet megsemmis\u00edtettem el\u0151tted. Nagy nevet szereztem neked, olyat; mint a f\u00f6ld nagyjai\u00e9. N\u00e9pemnek, Izraelnek is meghat\u00e1roztam egy helyet, \u00e9s oda telep\u00edtettem. Ezen a helyen lakik majd, \u00e9s nem fogj\u00e1k t\u00f6bb\u00e9 h\u00e1borgatni. A gonoszok sem szorongatj\u00e1k, mint kezdetben, att\u00f3l a napt\u00f3l fogva, hogy b\u00edr\u00e1kat rendeltem n\u00e9pem, Izrael f\u00f6l\u00e9. Az\u00e9rt megszabad\u00edtalak minden ellens\u00e9gedt\u0151l. Azt is k\u00f6zli veled az \u00dar, hogy f\u00f6l\u00e9p\u00edti (uralkod\u00f3)-h\u00e1zadat. Ha azt\u00e1n napjaid betelnek \u00e9s megt\u00e9rsz aty\u00e1idhoz, f\u00f6lemelem magvadb\u00f3l sz\u00e1rmaz\u00f3 ut\u00f3dodat, \u00e9s megszil\u00e1rd\u00edtom kir\u00e1lys\u00e1g\u00e1t. Az \u0151 atyja leszek, \u0151 meg a fiam lesz. H\u00e1zad \u00e9s kir\u00e1lys\u00e1god \u00f6r\u00f6kre fennmarad sz\u00ednem el\u0151tt, \u00e9s tr\u00f3nod mind\u00f6r\u00f6kk\u00e9 szil\u00e1rd marad.\u00ab\u201d Ez az Isten ig\u00e9je. V\u00c1LASZOS ZSOLT\u00c1R (Zsolt 88,2-3.4-5.27.29) V\u00e1lasz:\u00a0Hadd \u00e9nekeljem\u00a0\u00f6r\u00f6kk\u00e9 * Urunknak\u00a0irgalmas j\u00f3s\u00e1g\u00e1t!\u00a0(6. t\u00f3nus.) El\u0151\u00e9nekes: Az \u00dar irgalm\u00e1r\u00f3l \u00e9nekelek \u00f6r\u00f6kk\u00f6n-\u00f6r\u00f6kk\u00e9, * h\u0171s\u00e9gedet nemzed\u00e9kr\u0151l nemzed\u00e9kre\u00a0hirdeti ajkam. \u00cdgy sz\u00f3lt\u00e1l: \u2020 \u201eIrgalmam szil\u00e1rdan \u00e1ll mind\u00f6r\u00f6kk\u00e9.\u201d * Val\u00f3ban, a te h\u0171s\u00e9ged er\u0151s,\u00a0mik\u00e9nt a mennybolt. H\u00edvek:\u00a0Hadd \u00e9nekeljem\u00a0\u00f6r\u00f6kk\u00e9 * Urunknak\u00a0irgalmas j\u00f3s\u00e1g\u00e1t! E: \u201eV\u00e1lasztottammal sz\u00f6vets\u00e9get\u00a0k\u00f6t\u00f6ttem, * megesk\u00fcdtem\u00a0szolg\u00e1mnak, D\u00e1vidnak. Meger\u0151s\u00edtem ivad\u00e9kodat\u00a0\u00f6r\u00f6kre, * \u00e9s megszil\u00e1rd\u00edtom tr\u00f3nodat nemzed\u00e9kr\u0151l\u00a0nemzed\u00e9kre.\u201d H:\u00a0Hadd \u00e9nekeljem\u00a0\u00f6r\u00f6kk\u00e9 * Urunknak\u00a0irgalmas j\u00f3s\u00e1g\u00e1t! E: \u201e\u00cdgy sz\u00f3l\u00edt engem: \u00bbAty\u00e1m\u00a0vagy\u00a0n\u00e9kem, * Istenem\u00a0\u00e9s\u00a0\u00fcdv\u00f6m szikl\u00e1ja.\u00ab Irgalmam ir\u00e1nta \u00f6r\u00f6kk\u00e9\u00a0megmarad, * sz\u00f6vets\u00e9gem h\u0171s\u00e9ge\u00a0nem sz\u0171nik meg.\u201d H:\u00a0Hadd \u00e9nekeljem\u00a0\u00f6r\u00f6kk\u00e9 * Urunknak\u00a0irgalmas j\u00f3s\u00e1g\u00e1t! SZENTLECKE Szent P\u00e1l apostolnak a r\u00f3maiakhoz \u00edrt level\u00e9b\u0151l (R\u00f3m 16,25-27) Kinyilv\u00e1nult a&#8230; <\/p>\n<p><a class=\"readmore\" href=\"https:\/\/stuttgarti-katolikusok.de\/index.php\/advent-4-vasarnapja\/\">R\u00e9szletek<\/a><\/p>\n","protected":false},"author":3,"featured_media":27681,"comment_status":"closed","ping_status":"closed","sticky":false,"template":"","format":"standard","meta":{"footnotes":""},"categories":[85],"tags":[],"class_list":["post-27689","post","type-post","status-publish","format-standard","has-post-thumbnail","hentry","category-a-liturgia-olvasmanyai"],"yoast_head":"<!-- This site is optimized with the Yoast SEO plugin v27.3 - https:\/\/yoast.com\/product\/yoast-seo-wordpress\/ -->\n<title>Advent 4. vas\u00e1rnapja - Stuttgarti Katolikusok<\/title>\n<meta name=\"robots\" content=\"index, follow, max-snippet:-1, max-image-preview:large, max-video-preview:-1\" \/>\n<link rel=\"canonical\" href=\"https:\/\/stuttgarti-katolikusok.de\/index.php\/advent-4-vasarnapja\/\" \/>\n<meta property=\"og:locale\" content=\"hu_HU\" \/>\n<meta property=\"og:type\" content=\"article\" \/>\n<meta property=\"og:title\" content=\"Advent 4. vas\u00e1rnapja - Stuttgarti Katolikusok\" \/>\n<meta property=\"og:description\" content=\"OLVASM\u00c1NY S\u00e1muel, m\u00e1sodik k\u00f6nyv\u00e9b\u0151l (2S\u00e1m 7,1-5.8b-12.14a.16) D\u00e1vid kir\u00e1lys\u00e1ga a csal\u00e1dj\u00e1b\u00f3l sz\u00e1rmaz\u00f3 Messi\u00e1s r\u00e9v\u00e9n szil\u00e1rdan \u00e1ll mind\u00f6r\u00f6kk\u00e9. Amikor D\u00e1vid kir\u00e1ly m\u00e1ra h\u00e1z\u00e1ban lakott, \u00e9s az \u00dar nyugalmat adott neki k\u00f6r\u00f6s-k\u00f6r\u00fcl minden ellens\u00e9g\u00e9t\u0151l, a kir\u00e1ly \u00edgy sz\u00f3lt N\u00e1t\u00e1n pr\u00f3f\u00e9t\u00e1hoz: \u201eN\u00e9zd, magam c\u00e9drusf\u00e1b\u00f3l k\u00e9sz\u00fclt h\u00e1zban lakom, az \u00dar l\u00e1d\u00e1ja meg, s\u00e1torban lakik.\u201d Erre N\u00e1t\u00e1n ezt mondta a kir\u00e1lynak: \u201eTedd meg mindazt, amit sz\u00e1nd\u00e9kozol, mert veled van az. \u00dar.\u201d M\u00e9g azon az \u00e9jszak\u00e1n t\u00f6rt\u00e9nt, hogy az \u00dar sz\u00f3zatot int\u00e9zett N\u00e1t\u00e1nhoz: \u201eMenj \u00e9s mondd meg szolg\u00e1mnak, D\u00e1vidnak: \u00bbEzt mondja az \u00dar: Te akarsz nekem h\u00e1zat \u00e9p\u00edteni lak\u00f3hely\u00fcl? Elhoztalak a legel\u0151r\u0151l, a juhok, mell\u0151l, hogy n\u00e9pem, Izrael fejedelme l\u00e9gy. Veled voltam minden v\u00e1llalkoz\u00e1sodban, \u00e9s minden ellens\u00e9gedet megsemmis\u00edtettem el\u0151tted. Nagy nevet szereztem neked, olyat; mint a f\u00f6ld nagyjai\u00e9. N\u00e9pemnek, Izraelnek is meghat\u00e1roztam egy helyet, \u00e9s oda telep\u00edtettem. Ezen a helyen lakik majd, \u00e9s nem fogj\u00e1k t\u00f6bb\u00e9 h\u00e1borgatni. A gonoszok sem szorongatj\u00e1k, mint kezdetben, att\u00f3l a napt\u00f3l fogva, hogy b\u00edr\u00e1kat rendeltem n\u00e9pem, Izrael f\u00f6l\u00e9. Az\u00e9rt megszabad\u00edtalak minden ellens\u00e9gedt\u0151l. Azt is k\u00f6zli veled az \u00dar, hogy f\u00f6l\u00e9p\u00edti (uralkod\u00f3)-h\u00e1zadat. Ha azt\u00e1n napjaid betelnek \u00e9s megt\u00e9rsz aty\u00e1idhoz, f\u00f6lemelem magvadb\u00f3l sz\u00e1rmaz\u00f3 ut\u00f3dodat, \u00e9s megszil\u00e1rd\u00edtom kir\u00e1lys\u00e1g\u00e1t. Az \u0151 atyja leszek, \u0151 meg a fiam lesz. H\u00e1zad \u00e9s kir\u00e1lys\u00e1god \u00f6r\u00f6kre fennmarad sz\u00ednem el\u0151tt, \u00e9s tr\u00f3nod mind\u00f6r\u00f6kk\u00e9 szil\u00e1rd marad.\u00ab\u201d Ez az Isten ig\u00e9je. V\u00c1LASZOS ZSOLT\u00c1R (Zsolt 88,2-3.4-5.27.29) V\u00e1lasz:\u00a0Hadd \u00e9nekeljem\u00a0\u00f6r\u00f6kk\u00e9 * Urunknak\u00a0irgalmas j\u00f3s\u00e1g\u00e1t!\u00a0(6. t\u00f3nus.) El\u0151\u00e9nekes: Az \u00dar irgalm\u00e1r\u00f3l \u00e9nekelek \u00f6r\u00f6kk\u00f6n-\u00f6r\u00f6kk\u00e9, * h\u0171s\u00e9gedet nemzed\u00e9kr\u0151l nemzed\u00e9kre\u00a0hirdeti ajkam. \u00cdgy sz\u00f3lt\u00e1l: \u2020 \u201eIrgalmam szil\u00e1rdan \u00e1ll mind\u00f6r\u00f6kk\u00e9.\u201d * Val\u00f3ban, a te h\u0171s\u00e9ged er\u0151s,\u00a0mik\u00e9nt a mennybolt. H\u00edvek:\u00a0Hadd \u00e9nekeljem\u00a0\u00f6r\u00f6kk\u00e9 * Urunknak\u00a0irgalmas j\u00f3s\u00e1g\u00e1t! E: \u201eV\u00e1lasztottammal sz\u00f6vets\u00e9get\u00a0k\u00f6t\u00f6ttem, * megesk\u00fcdtem\u00a0szolg\u00e1mnak, D\u00e1vidnak. Meger\u0151s\u00edtem ivad\u00e9kodat\u00a0\u00f6r\u00f6kre, * \u00e9s megszil\u00e1rd\u00edtom tr\u00f3nodat nemzed\u00e9kr\u0151l\u00a0nemzed\u00e9kre.\u201d H:\u00a0Hadd \u00e9nekeljem\u00a0\u00f6r\u00f6kk\u00e9 * Urunknak\u00a0irgalmas j\u00f3s\u00e1g\u00e1t! E: \u201e\u00cdgy sz\u00f3l\u00edt engem: \u00bbAty\u00e1m\u00a0vagy\u00a0n\u00e9kem, * Istenem\u00a0\u00e9s\u00a0\u00fcdv\u00f6m szikl\u00e1ja.\u00ab Irgalmam ir\u00e1nta \u00f6r\u00f6kk\u00e9\u00a0megmarad, * sz\u00f6vets\u00e9gem h\u0171s\u00e9ge\u00a0nem sz\u0171nik meg.\u201d H:\u00a0Hadd \u00e9nekeljem\u00a0\u00f6r\u00f6kk\u00e9 * Urunknak\u00a0irgalmas j\u00f3s\u00e1g\u00e1t! SZENTLECKE Szent P\u00e1l apostolnak a r\u00f3maiakhoz \u00edrt level\u00e9b\u0151l (R\u00f3m 16,25-27) Kinyilv\u00e1nult a... R\u00e9szletek\" \/>\n<meta property=\"og:url\" content=\"https:\/\/stuttgarti-katolikusok.de\/index.php\/advent-4-vasarnapja\/\" \/>\n<meta property=\"og:site_name\" content=\"Stuttgarti Katolikusok\" \/>\n<meta property=\"article:published_time\" content=\"2023-12-24T07:29:54+00:00\" \/>\n<meta property=\"article:modified_time\" content=\"2023-12-24T07:31:32+00:00\" \/>\n<meta property=\"og:image\" content=\"https:\/\/stuttgarti-katolikusok.de\/wp-content\/uploads\/2023\/12\/tuttlingen-5jpg.jpg\" \/>\n\t<meta property=\"og:image:width\" content=\"1925\" \/>\n\t<meta property=\"og:image:height\" content=\"1331\" \/>\n\t<meta property=\"og:image:type\" content=\"image\/jpeg\" \/>\n<meta name=\"author\" content=\"Tibor atya\" \/>\n<meta name=\"twitter:card\" content=\"summary_large_image\" \/>\n<meta name=\"twitter:label1\" content=\"Szerz\u0151:\" \/>\n\t<meta name=\"twitter:data1\" content=\"Tibor atya\" \/>\n\t<meta name=\"twitter:label2\" content=\"Becs\u00fclt olvas\u00e1si id\u0151\" \/>\n\t<meta name=\"twitter:data2\" content=\"5 perc\" \/>\n<script type=\"application\/ld+json\" class=\"yoast-schema-graph\">{\"@context\":\"https:\\\/\\\/schema.org\",\"@graph\":[{\"@type\":\"Article\",\"@id\":\"https:\\\/\\\/stuttgarti-katolikusok.de\\\/index.php\\\/advent-4-vasarnapja\\\/#article\",\"isPartOf\":{\"@id\":\"https:\\\/\\\/stuttgarti-katolikusok.de\\\/index.php\\\/advent-4-vasarnapja\\\/\"},\"author\":{\"name\":\"Tibor atya\",\"@id\":\"https:\\\/\\\/stuttgarti-katolikusok.de\\\/#\\\/schema\\\/person\\\/75908d6f8fdc03a57889d27209df7795\"},\"headline\":\"Advent 4. vas\u00e1rnapja\",\"datePublished\":\"2023-12-24T07:29:54+00:00\",\"dateModified\":\"2023-12-24T07:31:32+00:00\",\"mainEntityOfPage\":{\"@id\":\"https:\\\/\\\/stuttgarti-katolikusok.de\\\/index.php\\\/advent-4-vasarnapja\\\/\"},\"wordCount\":1189,\"image\":{\"@id\":\"https:\\\/\\\/stuttgarti-katolikusok.de\\\/index.php\\\/advent-4-vasarnapja\\\/#primaryimage\"},\"thumbnailUrl\":\"https:\\\/\\\/stuttgarti-katolikusok.de\\\/wp-content\\\/uploads\\\/2023\\\/12\\\/tuttlingen-5jpg.jpg\",\"articleSection\":[\"A liturgia olvasm\u00e1nyai\"],\"inLanguage\":\"hu\"},{\"@type\":\"WebPage\",\"@id\":\"https:\\\/\\\/stuttgarti-katolikusok.de\\\/index.php\\\/advent-4-vasarnapja\\\/\",\"url\":\"https:\\\/\\\/stuttgarti-katolikusok.de\\\/index.php\\\/advent-4-vasarnapja\\\/\",\"name\":\"Advent 4. vas\u00e1rnapja - Stuttgarti Katolikusok\",\"isPartOf\":{\"@id\":\"https:\\\/\\\/stuttgarti-katolikusok.de\\\/#website\"},\"primaryImageOfPage\":{\"@id\":\"https:\\\/\\\/stuttgarti-katolikusok.de\\\/index.php\\\/advent-4-vasarnapja\\\/#primaryimage\"},\"image\":{\"@id\":\"https:\\\/\\\/stuttgarti-katolikusok.de\\\/index.php\\\/advent-4-vasarnapja\\\/#primaryimage\"},\"thumbnailUrl\":\"https:\\\/\\\/stuttgarti-katolikusok.de\\\/wp-content\\\/uploads\\\/2023\\\/12\\\/tuttlingen-5jpg.jpg\",\"datePublished\":\"2023-12-24T07:29:54+00:00\",\"dateModified\":\"2023-12-24T07:31:32+00:00\",\"author\":{\"@id\":\"https:\\\/\\\/stuttgarti-katolikusok.de\\\/#\\\/schema\\\/person\\\/75908d6f8fdc03a57889d27209df7795\"},\"breadcrumb\":{\"@id\":\"https:\\\/\\\/stuttgarti-katolikusok.de\\\/index.php\\\/advent-4-vasarnapja\\\/#breadcrumb\"},\"inLanguage\":\"hu\",\"potentialAction\":[{\"@type\":\"ReadAction\",\"target\":[\"https:\\\/\\\/stuttgarti-katolikusok.de\\\/index.php\\\/advent-4-vasarnapja\\\/\"]}]},{\"@type\":\"ImageObject\",\"inLanguage\":\"hu\",\"@id\":\"https:\\\/\\\/stuttgarti-katolikusok.de\\\/index.php\\\/advent-4-vasarnapja\\\/#primaryimage\",\"url\":\"https:\\\/\\\/stuttgarti-katolikusok.de\\\/wp-content\\\/uploads\\\/2023\\\/12\\\/tuttlingen-5jpg.jpg\",\"contentUrl\":\"https:\\\/\\\/stuttgarti-katolikusok.de\\\/wp-content\\\/uploads\\\/2023\\\/12\\\/tuttlingen-5jpg.jpg\",\"width\":1925,\"height\":1331},{\"@type\":\"BreadcrumbList\",\"@id\":\"https:\\\/\\\/stuttgarti-katolikusok.de\\\/index.php\\\/advent-4-vasarnapja\\\/#breadcrumb\",\"itemListElement\":[{\"@type\":\"ListItem\",\"position\":1,\"name\":\"Kezd\u0151lap\",\"item\":\"https:\\\/\\\/stuttgarti-katolikusok.de\\\/\"},{\"@type\":\"ListItem\",\"position\":2,\"name\":\"Advent 4. vas\u00e1rnapja\"}]},{\"@type\":\"WebSite\",\"@id\":\"https:\\\/\\\/stuttgarti-katolikusok.de\\\/#website\",\"url\":\"https:\\\/\\\/stuttgarti-katolikusok.de\\\/\",\"name\":\"Stuttgarti Katolikusok\",\"description\":\"\",\"potentialAction\":[{\"@type\":\"SearchAction\",\"target\":{\"@type\":\"EntryPoint\",\"urlTemplate\":\"https:\\\/\\\/stuttgarti-katolikusok.de\\\/?s={search_term_string}\"},\"query-input\":{\"@type\":\"PropertyValueSpecification\",\"valueRequired\":true,\"valueName\":\"search_term_string\"}}],\"inLanguage\":\"hu\"},{\"@type\":\"Person\",\"@id\":\"https:\\\/\\\/stuttgarti-katolikusok.de\\\/#\\\/schema\\\/person\\\/75908d6f8fdc03a57889d27209df7795\",\"name\":\"Tibor atya\",\"image\":{\"@type\":\"ImageObject\",\"inLanguage\":\"hu\",\"@id\":\"https:\\\/\\\/secure.gravatar.com\\\/avatar\\\/61d268e57d1f4525b111222e29d2d5a7f8c420fdbf231ba5566a8ceac74fa960?s=96&d=mm&r=g\",\"url\":\"https:\\\/\\\/secure.gravatar.com\\\/avatar\\\/61d268e57d1f4525b111222e29d2d5a7f8c420fdbf231ba5566a8ceac74fa960?s=96&d=mm&r=g\",\"contentUrl\":\"https:\\\/\\\/secure.gravatar.com\\\/avatar\\\/61d268e57d1f4525b111222e29d2d5a7f8c420fdbf231ba5566a8ceac74fa960?s=96&d=mm&r=g\",\"caption\":\"Tibor atya\"},\"url\":\"https:\\\/\\\/stuttgarti-katolikusok.de\\\/index.php\\\/author\\\/tibor-atya\\\/\"}]}<\/script>\n<!-- \/ Yoast SEO plugin. -->","yoast_head_json":{"title":"Advent 4. vas\u00e1rnapja - Stuttgarti Katolikusok","robots":{"index":"index","follow":"follow","max-snippet":"max-snippet:-1","max-image-preview":"max-image-preview:large","max-video-preview":"max-video-preview:-1"},"canonical":"https:\/\/stuttgarti-katolikusok.de\/index.php\/advent-4-vasarnapja\/","og_locale":"hu_HU","og_type":"article","og_title":"Advent 4. vas\u00e1rnapja - Stuttgarti Katolikusok","og_description":"OLVASM\u00c1NY S\u00e1muel, m\u00e1sodik k\u00f6nyv\u00e9b\u0151l (2S\u00e1m 7,1-5.8b-12.14a.16) D\u00e1vid kir\u00e1lys\u00e1ga a csal\u00e1dj\u00e1b\u00f3l sz\u00e1rmaz\u00f3 Messi\u00e1s r\u00e9v\u00e9n szil\u00e1rdan \u00e1ll mind\u00f6r\u00f6kk\u00e9. Amikor D\u00e1vid kir\u00e1ly m\u00e1ra h\u00e1z\u00e1ban lakott, \u00e9s az \u00dar nyugalmat adott neki k\u00f6r\u00f6s-k\u00f6r\u00fcl minden ellens\u00e9g\u00e9t\u0151l, a kir\u00e1ly \u00edgy sz\u00f3lt N\u00e1t\u00e1n pr\u00f3f\u00e9t\u00e1hoz: \u201eN\u00e9zd, magam c\u00e9drusf\u00e1b\u00f3l k\u00e9sz\u00fclt h\u00e1zban lakom, az \u00dar l\u00e1d\u00e1ja meg, s\u00e1torban lakik.\u201d Erre N\u00e1t\u00e1n ezt mondta a kir\u00e1lynak: \u201eTedd meg mindazt, amit sz\u00e1nd\u00e9kozol, mert veled van az. \u00dar.\u201d M\u00e9g azon az \u00e9jszak\u00e1n t\u00f6rt\u00e9nt, hogy az \u00dar sz\u00f3zatot int\u00e9zett N\u00e1t\u00e1nhoz: \u201eMenj \u00e9s mondd meg szolg\u00e1mnak, D\u00e1vidnak: \u00bbEzt mondja az \u00dar: Te akarsz nekem h\u00e1zat \u00e9p\u00edteni lak\u00f3hely\u00fcl? Elhoztalak a legel\u0151r\u0151l, a juhok, mell\u0151l, hogy n\u00e9pem, Izrael fejedelme l\u00e9gy. Veled voltam minden v\u00e1llalkoz\u00e1sodban, \u00e9s minden ellens\u00e9gedet megsemmis\u00edtettem el\u0151tted. Nagy nevet szereztem neked, olyat; mint a f\u00f6ld nagyjai\u00e9. N\u00e9pemnek, Izraelnek is meghat\u00e1roztam egy helyet, \u00e9s oda telep\u00edtettem. Ezen a helyen lakik majd, \u00e9s nem fogj\u00e1k t\u00f6bb\u00e9 h\u00e1borgatni. A gonoszok sem szorongatj\u00e1k, mint kezdetben, att\u00f3l a napt\u00f3l fogva, hogy b\u00edr\u00e1kat rendeltem n\u00e9pem, Izrael f\u00f6l\u00e9. Az\u00e9rt megszabad\u00edtalak minden ellens\u00e9gedt\u0151l. Azt is k\u00f6zli veled az \u00dar, hogy f\u00f6l\u00e9p\u00edti (uralkod\u00f3)-h\u00e1zadat. Ha azt\u00e1n napjaid betelnek \u00e9s megt\u00e9rsz aty\u00e1idhoz, f\u00f6lemelem magvadb\u00f3l sz\u00e1rmaz\u00f3 ut\u00f3dodat, \u00e9s megszil\u00e1rd\u00edtom kir\u00e1lys\u00e1g\u00e1t. Az \u0151 atyja leszek, \u0151 meg a fiam lesz. H\u00e1zad \u00e9s kir\u00e1lys\u00e1god \u00f6r\u00f6kre fennmarad sz\u00ednem el\u0151tt, \u00e9s tr\u00f3nod mind\u00f6r\u00f6kk\u00e9 szil\u00e1rd marad.\u00ab\u201d Ez az Isten ig\u00e9je. V\u00c1LASZOS ZSOLT\u00c1R (Zsolt 88,2-3.4-5.27.29) V\u00e1lasz:\u00a0Hadd \u00e9nekeljem\u00a0\u00f6r\u00f6kk\u00e9 * Urunknak\u00a0irgalmas j\u00f3s\u00e1g\u00e1t!\u00a0(6. t\u00f3nus.) El\u0151\u00e9nekes: Az \u00dar irgalm\u00e1r\u00f3l \u00e9nekelek \u00f6r\u00f6kk\u00f6n-\u00f6r\u00f6kk\u00e9, * h\u0171s\u00e9gedet nemzed\u00e9kr\u0151l nemzed\u00e9kre\u00a0hirdeti ajkam. \u00cdgy sz\u00f3lt\u00e1l: \u2020 \u201eIrgalmam szil\u00e1rdan \u00e1ll mind\u00f6r\u00f6kk\u00e9.\u201d * Val\u00f3ban, a te h\u0171s\u00e9ged er\u0151s,\u00a0mik\u00e9nt a mennybolt. H\u00edvek:\u00a0Hadd \u00e9nekeljem\u00a0\u00f6r\u00f6kk\u00e9 * Urunknak\u00a0irgalmas j\u00f3s\u00e1g\u00e1t! E: \u201eV\u00e1lasztottammal sz\u00f6vets\u00e9get\u00a0k\u00f6t\u00f6ttem, * megesk\u00fcdtem\u00a0szolg\u00e1mnak, D\u00e1vidnak. Meger\u0151s\u00edtem ivad\u00e9kodat\u00a0\u00f6r\u00f6kre, * \u00e9s megszil\u00e1rd\u00edtom tr\u00f3nodat nemzed\u00e9kr\u0151l\u00a0nemzed\u00e9kre.\u201d H:\u00a0Hadd \u00e9nekeljem\u00a0\u00f6r\u00f6kk\u00e9 * Urunknak\u00a0irgalmas j\u00f3s\u00e1g\u00e1t! E: \u201e\u00cdgy sz\u00f3l\u00edt engem: \u00bbAty\u00e1m\u00a0vagy\u00a0n\u00e9kem, * Istenem\u00a0\u00e9s\u00a0\u00fcdv\u00f6m szikl\u00e1ja.\u00ab Irgalmam ir\u00e1nta \u00f6r\u00f6kk\u00e9\u00a0megmarad, * sz\u00f6vets\u00e9gem h\u0171s\u00e9ge\u00a0nem sz\u0171nik meg.\u201d H:\u00a0Hadd \u00e9nekeljem\u00a0\u00f6r\u00f6kk\u00e9 * Urunknak\u00a0irgalmas j\u00f3s\u00e1g\u00e1t! SZENTLECKE Szent P\u00e1l apostolnak a r\u00f3maiakhoz \u00edrt level\u00e9b\u0151l (R\u00f3m 16,25-27) Kinyilv\u00e1nult a... R\u00e9szletek","og_url":"https:\/\/stuttgarti-katolikusok.de\/index.php\/advent-4-vasarnapja\/","og_site_name":"Stuttgarti Katolikusok","article_published_time":"2023-12-24T07:29:54+00:00","article_modified_time":"2023-12-24T07:31:32+00:00","og_image":[{"width":1925,"height":1331,"url":"https:\/\/stuttgarti-katolikusok.de\/wp-content\/uploads\/2023\/12\/tuttlingen-5jpg.jpg","type":"image\/jpeg"}],"author":"Tibor atya","twitter_card":"summary_large_image","twitter_misc":{"Szerz\u0151:":"Tibor atya","Becs\u00fclt olvas\u00e1si id\u0151":"5 perc"},"schema":{"@context":"https:\/\/schema.org","@graph":[{"@type":"Article","@id":"https:\/\/stuttgarti-katolikusok.de\/index.php\/advent-4-vasarnapja\/#article","isPartOf":{"@id":"https:\/\/stuttgarti-katolikusok.de\/index.php\/advent-4-vasarnapja\/"},"author":{"name":"Tibor atya","@id":"https:\/\/stuttgarti-katolikusok.de\/#\/schema\/person\/75908d6f8fdc03a57889d27209df7795"},"headline":"Advent 4. vas\u00e1rnapja","datePublished":"2023-12-24T07:29:54+00:00","dateModified":"2023-12-24T07:31:32+00:00","mainEntityOfPage":{"@id":"https:\/\/stuttgarti-katolikusok.de\/index.php\/advent-4-vasarnapja\/"},"wordCount":1189,"image":{"@id":"https:\/\/stuttgarti-katolikusok.de\/index.php\/advent-4-vasarnapja\/#primaryimage"},"thumbnailUrl":"https:\/\/stuttgarti-katolikusok.de\/wp-content\/uploads\/2023\/12\/tuttlingen-5jpg.jpg","articleSection":["A liturgia olvasm\u00e1nyai"],"inLanguage":"hu"},{"@type":"WebPage","@id":"https:\/\/stuttgarti-katolikusok.de\/index.php\/advent-4-vasarnapja\/","url":"https:\/\/stuttgarti-katolikusok.de\/index.php\/advent-4-vasarnapja\/","name":"Advent 4. vas\u00e1rnapja - Stuttgarti Katolikusok","isPartOf":{"@id":"https:\/\/stuttgarti-katolikusok.de\/#website"},"primaryImageOfPage":{"@id":"https:\/\/stuttgarti-katolikusok.de\/index.php\/advent-4-vasarnapja\/#primaryimage"},"image":{"@id":"https:\/\/stuttgarti-katolikusok.de\/index.php\/advent-4-vasarnapja\/#primaryimage"},"thumbnailUrl":"https:\/\/stuttgarti-katolikusok.de\/wp-content\/uploads\/2023\/12\/tuttlingen-5jpg.jpg","datePublished":"2023-12-24T07:29:54+00:00","dateModified":"2023-12-24T07:31:32+00:00","author":{"@id":"https:\/\/stuttgarti-katolikusok.de\/#\/schema\/person\/75908d6f8fdc03a57889d27209df7795"},"breadcrumb":{"@id":"https:\/\/stuttgarti-katolikusok.de\/index.php\/advent-4-vasarnapja\/#breadcrumb"},"inLanguage":"hu","potentialAction":[{"@type":"ReadAction","target":["https:\/\/stuttgarti-katolikusok.de\/index.php\/advent-4-vasarnapja\/"]}]},{"@type":"ImageObject","inLanguage":"hu","@id":"https:\/\/stuttgarti-katolikusok.de\/index.php\/advent-4-vasarnapja\/#primaryimage","url":"https:\/\/stuttgarti-katolikusok.de\/wp-content\/uploads\/2023\/12\/tuttlingen-5jpg.jpg","contentUrl":"https:\/\/stuttgarti-katolikusok.de\/wp-content\/uploads\/2023\/12\/tuttlingen-5jpg.jpg","width":1925,"height":1331},{"@type":"BreadcrumbList","@id":"https:\/\/stuttgarti-katolikusok.de\/index.php\/advent-4-vasarnapja\/#breadcrumb","itemListElement":[{"@type":"ListItem","position":1,"name":"Kezd\u0151lap","item":"https:\/\/stuttgarti-katolikusok.de\/"},{"@type":"ListItem","position":2,"name":"Advent 4. vas\u00e1rnapja"}]},{"@type":"WebSite","@id":"https:\/\/stuttgarti-katolikusok.de\/#website","url":"https:\/\/stuttgarti-katolikusok.de\/","name":"Stuttgarti Katolikusok","description":"","potentialAction":[{"@type":"SearchAction","target":{"@type":"EntryPoint","urlTemplate":"https:\/\/stuttgarti-katolikusok.de\/?s={search_term_string}"},"query-input":{"@type":"PropertyValueSpecification","valueRequired":true,"valueName":"search_term_string"}}],"inLanguage":"hu"},{"@type":"Person","@id":"https:\/\/stuttgarti-katolikusok.de\/#\/schema\/person\/75908d6f8fdc03a57889d27209df7795","name":"Tibor atya","image":{"@type":"ImageObject","inLanguage":"hu","@id":"https:\/\/secure.gravatar.com\/avatar\/61d268e57d1f4525b111222e29d2d5a7f8c420fdbf231ba5566a8ceac74fa960?s=96&d=mm&r=g","url":"https:\/\/secure.gravatar.com\/avatar\/61d268e57d1f4525b111222e29d2d5a7f8c420fdbf231ba5566a8ceac74fa960?s=96&d=mm&r=g","contentUrl":"https:\/\/secure.gravatar.com\/avatar\/61d268e57d1f4525b111222e29d2d5a7f8c420fdbf231ba5566a8ceac74fa960?s=96&d=mm&r=g","caption":"Tibor atya"},"url":"https:\/\/stuttgarti-katolikusok.de\/index.php\/author\/tibor-atya\/"}]}},"_links":{"self":[{"href":"https:\/\/stuttgarti-katolikusok.de\/index.php\/wp-json\/wp\/v2\/posts\/27689","targetHints":{"allow":["GET"]}}],"collection":[{"href":"https:\/\/stuttgarti-katolikusok.de\/index.php\/wp-json\/wp\/v2\/posts"}],"about":[{"href":"https:\/\/stuttgarti-katolikusok.de\/index.php\/wp-json\/wp\/v2\/types\/post"}],"author":[{"embeddable":true,"href":"https:\/\/stuttgarti-katolikusok.de\/index.php\/wp-json\/wp\/v2\/users\/3"}],"replies":[{"embeddable":true,"href":"https:\/\/stuttgarti-katolikusok.de\/index.php\/wp-json\/wp\/v2\/comments?post=27689"}],"version-history":[{"count":2,"href":"https:\/\/stuttgarti-katolikusok.de\/index.php\/wp-json\/wp\/v2\/posts\/27689\/revisions"}],"predecessor-version":[{"id":27692,"href":"https:\/\/stuttgarti-katolikusok.de\/index.php\/wp-json\/wp\/v2\/posts\/27689\/revisions\/27692"}],"wp:featuredmedia":[{"embeddable":true,"href":"https:\/\/stuttgarti-katolikusok.de\/index.php\/wp-json\/wp\/v2\/media\/27681"}],"wp:attachment":[{"href":"https:\/\/stuttgarti-katolikusok.de\/index.php\/wp-json\/wp\/v2\/media?parent=27689"}],"wp:term":[{"taxonomy":"category","embeddable":true,"href":"https:\/\/stuttgarti-katolikusok.de\/index.php\/wp-json\/wp\/v2\/categories?post=27689"},{"taxonomy":"post_tag","embeddable":true,"href":"https:\/\/stuttgarti-katolikusok.de\/index.php\/wp-json\/wp\/v2\/tags?post=27689"}],"curies":[{"name":"wp","href":"https:\/\/api.w.org\/{rel}","templated":true}]}}