{"id":27686,"date":"2023-12-24T00:39:56","date_gmt":"2023-12-23T23:39:56","guid":{"rendered":"https:\/\/stuttgarti-katolikusok.de\/?p=27686"},"modified":"2023-12-24T00:39:56","modified_gmt":"2023-12-23T23:39:56","slug":"baratsagklub-tagjainak-karacsonyi-eloadasa","status":"publish","type":"post","link":"https:\/\/stuttgarti-katolikusok.de\/index.php\/baratsagklub-tagjainak-karacsonyi-eloadasa\/","title":{"rendered":"Bar\u00e1ts\u00e1gklub tagjainak kar\u00e1csonyi el\u0151ad\u00e1sa"},"content":{"rendered":"<p>Az idei decemberi tal\u00e1lkoz\u00f3nk a Bar\u00e1ts\u00e1gklub tagjai \u00e9s vend\u00e9geink sz\u00e1m\u00e1ra k\u00fcl\u00f6n\u00f6sre sikeredett.<\/p>\n<p>Els\u0151k\u00e9nt a Bar\u00e1ts\u00e1gklub tagjai aj\u00e1nd\u00e9koztak meg benn\u00fcnket p\u00e1sztorj\u00e1t\u00e9kukkal. K\u00f6sznet \u00e9s h\u00e1la Erd\u0151sn\u00e9 Nyitrai Erik\u00e1nak az \u00f6tlet\u00e9rt \u00e9s term\u00e9szetesen a szerepl\u0151knek v\u00e1llalkoz\u00f3 kedv\u00fck\u00e9rt. Mindannyian nagyon j\u00f3l \u00e9rezt\u00fck magunkat.<\/p>\n<div class=\"brlbs-cmpnt-container brlbs-cmpnt-content-blocker brlbs-cmpnt-with-individual-styles\" data-borlabs-cookie-content-blocker-id=\"youtube-content-blocker\" data-borlabs-cookie-content=\"PGlmcmFtZSB0aXRsZT0iQmFyw6F0c8OhZ2tsdWIgcMOhc3p0b3Jqw6F0w6lrIC0gMjAyMy4gZGVjZW1iZXIgMjIuIiB3aWR0aD0iOTQwIiBoZWlnaHQ9IjUyOSIgc3JjPSJodHRwczovL3d3dy55b3V0dWJlLW5vY29va2llLmNvbS9lbWJlZC9id1BnTzJtaWNJMD9mZWF0dXJlPW9lbWJlZCIgZnJhbWVib3JkZXI9IjAiIGFsbG93PSJhY2NlbGVyb21ldGVyOyBhdXRvcGxheTsgY2xpcGJvYXJkLXdyaXRlOyBlbmNyeXB0ZWQtbWVkaWE7IGd5cm9zY29wZTsgcGljdHVyZS1pbi1waWN0dXJlOyB3ZWItc2hhcmUiIGFsbG93ZnVsbHNjcmVlbj48L2lmcmFtZT4=\">\n<div class=\"brlbs-cmpnt-cb-preset-c brlbs-cmpnt-cb-youtube\">\n<div class=\"brlbs-cmpnt-cb-thumbnail\" style=\"background-image: url('https:\/\/stuttgarti-katolikusok.de\/wp-content\/uploads\/borlabs-cookie\/1\/yt_bwPgO2micI0_hqdefault.jpg')\"><\/div>\n<div class=\"brlbs-cmpnt-cb-main\">\n<div class=\"brlbs-cmpnt-cb-play-button\"><\/div>\n<div class=\"brlbs-cmpnt-cb-content\">\n<p class=\"brlbs-cmpnt-cb-description\">You are currently viewing a placeholder content from <strong>YouTube<\/strong>. To access the actual content, click the button below. Please note that doing so will share data with third-party providers.<\/p>\n<p> <a class=\"brlbs-cmpnt-cb-provider-toggle\" href=\"#\" data-borlabs-cookie-show-provider-information role=\"button\">More Information<\/a> <\/div>\n<div class=\"brlbs-cmpnt-cb-buttons\"> <a class=\"brlbs-cmpnt-cb-btn\" href=\"#\" data-borlabs-cookie-unblock role=\"button\">Unblock content<\/a> <a class=\"brlbs-cmpnt-cb-btn\" href=\"#\" data-borlabs-cookie-accept-service role=\"button\" style=\"display: inherit\">Accept required service and unblock content<\/a> <\/div><\/div><\/div>\n<\/div>\n<p>Ezt k\u00f6vet\u0151en Erd\u0151s Vir\u00e1g hozott el n\u00e9h\u00e1ny \u00e9neket:<\/p>\n<div class=\"brlbs-cmpnt-container brlbs-cmpnt-content-blocker brlbs-cmpnt-with-individual-styles\" data-borlabs-cookie-content-blocker-id=\"youtube-content-blocker\" data-borlabs-cookie-content=\"PGlmcmFtZSB0aXRsZT0iQmFyw6F0c8OhZ2tsdWIgLSBFcmTFkXMgVmlyw6FnIMOpbmVrZWwgLSAyMDIzLiBkZWNlbWJlciAyMi4iIHdpZHRoPSI5NDAiIGhlaWdodD0iNTI5IiBzcmM9Imh0dHBzOi8vd3d3LnlvdXR1YmUtbm9jb29raWUuY29tL2VtYmVkL2J5M1pRSUJxNVNjP2ZlYXR1cmU9b2VtYmVkIiBmcmFtZWJvcmRlcj0iMCIgYWxsb3c9ImFjY2VsZXJvbWV0ZXI7IGF1dG9wbGF5OyBjbGlwYm9hcmQtd3JpdGU7IGVuY3J5cHRlZC1tZWRpYTsgZ3lyb3Njb3BlOyBwaWN0dXJlLWluLXBpY3R1cmU7IHdlYi1zaGFyZSIgYWxsb3dmdWxsc2NyZWVuPjwvaWZyYW1lPg==\">\n<div class=\"brlbs-cmpnt-cb-preset-c brlbs-cmpnt-cb-youtube\">\n<div class=\"brlbs-cmpnt-cb-thumbnail\" style=\"background-image: url('https:\/\/stuttgarti-katolikusok.de\/wp-content\/uploads\/borlabs-cookie\/1\/yt_by3ZQIBq5Sc_hqdefault.jpg')\"><\/div>\n<div class=\"brlbs-cmpnt-cb-main\">\n<div class=\"brlbs-cmpnt-cb-play-button\"><\/div>\n<div class=\"brlbs-cmpnt-cb-content\">\n<p class=\"brlbs-cmpnt-cb-description\">You are currently viewing a placeholder content from <strong>YouTube<\/strong>. To access the actual content, click the button below. Please note that doing so will share data with third-party providers.<\/p>\n<p> <a class=\"brlbs-cmpnt-cb-provider-toggle\" href=\"#\" data-borlabs-cookie-show-provider-information role=\"button\">More Information<\/a> <\/div>\n<div class=\"brlbs-cmpnt-cb-buttons\"> <a class=\"brlbs-cmpnt-cb-btn\" href=\"#\" data-borlabs-cookie-unblock role=\"button\">Unblock content<\/a> <a class=\"brlbs-cmpnt-cb-btn\" href=\"#\" data-borlabs-cookie-accept-service role=\"button\" style=\"display: inherit\">Accept required service and unblock content<\/a> <\/div><\/div><\/div>\n<\/div>\n<p>V\u00e9g\u00fcl Kov\u00e1cs Editke n\u00e9ni k\u00edn\u00e1lta aj\u00e1nd\u00e9k\u00e1t:<\/p>\n<div class=\"brlbs-cmpnt-container brlbs-cmpnt-content-blocker brlbs-cmpnt-with-individual-styles\" data-borlabs-cookie-content-blocker-id=\"youtube-content-blocker\" data-borlabs-cookie-content=\"PGlmcmFtZSB0aXRsZT0iQmFyw6F0c8OhZ2tsdWIgLSBLb3bDoWNzIEVkaXQiIHdpZHRoPSI5NDAiIGhlaWdodD0iNTI5IiBzcmM9Imh0dHBzOi8vd3d3LnlvdXR1YmUtbm9jb29raWUuY29tL2VtYmVkL3BUbVdZOE1zSk1rP2ZlYXR1cmU9b2VtYmVkIiBmcmFtZWJvcmRlcj0iMCIgYWxsb3c9ImFjY2VsZXJvbWV0ZXI7IGF1dG9wbGF5OyBjbGlwYm9hcmQtd3JpdGU7IGVuY3J5cHRlZC1tZWRpYTsgZ3lyb3Njb3BlOyBwaWN0dXJlLWluLXBpY3R1cmU7IHdlYi1zaGFyZSIgYWxsb3dmdWxsc2NyZWVuPjwvaWZyYW1lPg==\">\n<div class=\"brlbs-cmpnt-cb-preset-c brlbs-cmpnt-cb-youtube\">\n<div class=\"brlbs-cmpnt-cb-thumbnail\" style=\"background-image: url('https:\/\/stuttgarti-katolikusok.de\/wp-content\/uploads\/borlabs-cookie\/1\/yt_pTmWY8MsJMk_hqdefault.jpg')\"><\/div>\n<div class=\"brlbs-cmpnt-cb-main\">\n<div class=\"brlbs-cmpnt-cb-play-button\"><\/div>\n<div class=\"brlbs-cmpnt-cb-content\">\n<p class=\"brlbs-cmpnt-cb-description\">You are currently viewing a placeholder content from <strong>YouTube<\/strong>. To access the actual content, click the button below. Please note that doing so will share data with third-party providers.<\/p>\n<p> <a class=\"brlbs-cmpnt-cb-provider-toggle\" href=\"#\" data-borlabs-cookie-show-provider-information role=\"button\">More Information<\/a> <\/div>\n<div class=\"brlbs-cmpnt-cb-buttons\"> <a class=\"brlbs-cmpnt-cb-btn\" href=\"#\" data-borlabs-cookie-unblock role=\"button\">Unblock content<\/a> <a class=\"brlbs-cmpnt-cb-btn\" href=\"#\" data-borlabs-cookie-accept-service role=\"button\" style=\"display: inherit\">Accept required service and unblock content<\/a> <\/div><\/div><\/div>\n<\/div>\n<p>Minden r\u00e9sztvev\u0151 aj\u00e1nd\u00e9kot is kapott.<\/p>\n<p>Legk\u00f6zelebb 2024. janu\u00e1r 19-\u00e9n tal\u00e1lkozunk.<\/p>\n","protected":false},"excerpt":{"rendered":"<p>Az idei decemberi tal\u00e1lkoz\u00f3nk a Bar\u00e1ts\u00e1gklub tagjai \u00e9s vend\u00e9geink sz\u00e1m\u00e1ra k\u00fcl\u00f6n\u00f6sre sikeredett. Els\u0151k\u00e9nt a Bar\u00e1ts\u00e1gklub tagjai aj\u00e1nd\u00e9koztak meg benn\u00fcnket p\u00e1sztorj\u00e1t\u00e9kukkal. K\u00f6sznet \u00e9s h\u00e1la Erd\u0151sn\u00e9 Nyitrai Erik\u00e1nak az \u00f6tlet\u00e9rt \u00e9s term\u00e9szetesen a szerepl\u0151knek v\u00e1llalkoz\u00f3 kedv\u00fck\u00e9rt. Mindannyian nagyon j\u00f3l \u00e9rezt\u00fck magunkat. You are currently viewing a placeholder content from YouTube. To access the actual content, click the button below. Please note that doing so will share data with third-party providers. More Information Unblock content Accept required service and unblock content Ezt k\u00f6vet\u0151en Erd\u0151s Vir\u00e1g hozott el n\u00e9h\u00e1ny \u00e9neket: You are currently viewing a placeholder content from YouTube. To access the actual content, click the button below. Please note that doing so will share data with third-party providers. More Information Unblock content Accept required service and unblock content V\u00e9g\u00fcl Kov\u00e1cs Editke n\u00e9ni k\u00edn\u00e1lta aj\u00e1nd\u00e9k\u00e1t: You are currently viewing a placeholder content from YouTube. To access the actual content, click the button below. Please note that doing so will share data with third-party providers. More Information Unblock content Accept required service and unblock content Minden r\u00e9sztvev\u0151 aj\u00e1nd\u00e9kot is kapott. Legk\u00f6zelebb 2024. janu\u00e1r 19-\u00e9n tal\u00e1lkozunk.<\/p>\n","protected":false},"author":3,"featured_media":27687,"comment_status":"closed","ping_status":"closed","sticky":false,"template":"","format":"standard","meta":{"footnotes":""},"categories":[5],"tags":[],"class_list":["post-27686","post","type-post","status-publish","format-standard","has-post-thumbnail","hentry","category-hirek"],"yoast_head":"<!-- This site is optimized with the Yoast SEO plugin v27.3 - https:\/\/yoast.com\/product\/yoast-seo-wordpress\/ -->\n<title>Bar\u00e1ts\u00e1gklub tagjainak kar\u00e1csonyi el\u0151ad\u00e1sa - Stuttgarti Katolikusok<\/title>\n<meta name=\"robots\" content=\"index, follow, max-snippet:-1, max-image-preview:large, max-video-preview:-1\" \/>\n<link rel=\"canonical\" href=\"https:\/\/stuttgarti-katolikusok.de\/index.php\/baratsagklub-tagjainak-karacsonyi-eloadasa\/\" \/>\n<meta property=\"og:locale\" content=\"hu_HU\" \/>\n<meta property=\"og:type\" content=\"article\" \/>\n<meta property=\"og:title\" content=\"Bar\u00e1ts\u00e1gklub tagjainak kar\u00e1csonyi el\u0151ad\u00e1sa - Stuttgarti Katolikusok\" \/>\n<meta property=\"og:description\" content=\"Az idei decemberi tal\u00e1lkoz\u00f3nk a Bar\u00e1ts\u00e1gklub tagjai \u00e9s vend\u00e9geink sz\u00e1m\u00e1ra k\u00fcl\u00f6n\u00f6sre sikeredett. Els\u0151k\u00e9nt a Bar\u00e1ts\u00e1gklub tagjai aj\u00e1nd\u00e9koztak meg benn\u00fcnket p\u00e1sztorj\u00e1t\u00e9kukkal. K\u00f6sznet \u00e9s h\u00e1la Erd\u0151sn\u00e9 Nyitrai Erik\u00e1nak az \u00f6tlet\u00e9rt \u00e9s term\u00e9szetesen a szerepl\u0151knek v\u00e1llalkoz\u00f3 kedv\u00fck\u00e9rt. Mindannyian nagyon j\u00f3l \u00e9rezt\u00fck magunkat. You are currently viewing a placeholder content from YouTube. To access the actual content, click the button below. Please note that doing so will share data with third-party providers. More Information Unblock content Accept required service and unblock content Ezt k\u00f6vet\u0151en Erd\u0151s Vir\u00e1g hozott el n\u00e9h\u00e1ny \u00e9neket: You are currently viewing a placeholder content from YouTube. To access the actual content, click the button below. Please note that doing so will share data with third-party providers. More Information Unblock content Accept required service and unblock content V\u00e9g\u00fcl Kov\u00e1cs Editke n\u00e9ni k\u00edn\u00e1lta aj\u00e1nd\u00e9k\u00e1t: You are currently viewing a placeholder content from YouTube. To access the actual content, click the button below. Please note that doing so will share data with third-party providers. More Information Unblock content Accept required service and unblock content Minden r\u00e9sztvev\u0151 aj\u00e1nd\u00e9kot is kapott. Legk\u00f6zelebb 2024. janu\u00e1r 19-\u00e9n tal\u00e1lkozunk.\" \/>\n<meta property=\"og:url\" content=\"https:\/\/stuttgarti-katolikusok.de\/index.php\/baratsagklub-tagjainak-karacsonyi-eloadasa\/\" \/>\n<meta property=\"og:site_name\" content=\"Stuttgarti Katolikusok\" \/>\n<meta property=\"article:published_time\" content=\"2023-12-23T23:39:56+00:00\" \/>\n<meta property=\"og:image\" content=\"https:\/\/stuttgarti-katolikusok.de\/wp-content\/uploads\/2023\/12\/whatsapp-kep-2023-12-24-002949-7ebd46b7.jpg\" \/>\n\t<meta property=\"og:image:width\" content=\"1399\" \/>\n\t<meta property=\"og:image:height\" content=\"924\" \/>\n\t<meta property=\"og:image:type\" content=\"image\/jpeg\" \/>\n<meta name=\"author\" content=\"Tibor atya\" \/>\n<meta name=\"twitter:card\" content=\"summary_large_image\" \/>\n<meta name=\"twitter:label1\" content=\"Szerz\u0151:\" \/>\n\t<meta name=\"twitter:data1\" content=\"Tibor atya\" \/>\n\t<meta name=\"twitter:label2\" content=\"Becs\u00fclt olvas\u00e1si id\u0151\" \/>\n\t<meta name=\"twitter:data2\" content=\"1 perc\" \/>\n<script type=\"application\/ld+json\" class=\"yoast-schema-graph\">{\"@context\":\"https:\\\/\\\/schema.org\",\"@graph\":[{\"@type\":\"Article\",\"@id\":\"https:\\\/\\\/stuttgarti-katolikusok.de\\\/index.php\\\/baratsagklub-tagjainak-karacsonyi-eloadasa\\\/#article\",\"isPartOf\":{\"@id\":\"https:\\\/\\\/stuttgarti-katolikusok.de\\\/index.php\\\/baratsagklub-tagjainak-karacsonyi-eloadasa\\\/\"},\"author\":{\"name\":\"Tibor atya\",\"@id\":\"https:\\\/\\\/stuttgarti-katolikusok.de\\\/#\\\/schema\\\/person\\\/75908d6f8fdc03a57889d27209df7795\"},\"headline\":\"Bar\u00e1ts\u00e1gklub tagjainak kar\u00e1csonyi el\u0151ad\u00e1sa\",\"datePublished\":\"2023-12-23T23:39:56+00:00\",\"mainEntityOfPage\":{\"@id\":\"https:\\\/\\\/stuttgarti-katolikusok.de\\\/index.php\\\/baratsagklub-tagjainak-karacsonyi-eloadasa\\\/\"},\"wordCount\":141,\"image\":{\"@id\":\"https:\\\/\\\/stuttgarti-katolikusok.de\\\/index.php\\\/baratsagklub-tagjainak-karacsonyi-eloadasa\\\/#primaryimage\"},\"thumbnailUrl\":\"https:\\\/\\\/stuttgarti-katolikusok.de\\\/wp-content\\\/uploads\\\/2023\\\/12\\\/whatsapp-kep-2023-12-24-002949-7ebd46b7.jpg\",\"articleSection\":[\"H\u00edrek\"],\"inLanguage\":\"hu\"},{\"@type\":\"WebPage\",\"@id\":\"https:\\\/\\\/stuttgarti-katolikusok.de\\\/index.php\\\/baratsagklub-tagjainak-karacsonyi-eloadasa\\\/\",\"url\":\"https:\\\/\\\/stuttgarti-katolikusok.de\\\/index.php\\\/baratsagklub-tagjainak-karacsonyi-eloadasa\\\/\",\"name\":\"Bar\u00e1ts\u00e1gklub tagjainak kar\u00e1csonyi el\u0151ad\u00e1sa - Stuttgarti Katolikusok\",\"isPartOf\":{\"@id\":\"https:\\\/\\\/stuttgarti-katolikusok.de\\\/#website\"},\"primaryImageOfPage\":{\"@id\":\"https:\\\/\\\/stuttgarti-katolikusok.de\\\/index.php\\\/baratsagklub-tagjainak-karacsonyi-eloadasa\\\/#primaryimage\"},\"image\":{\"@id\":\"https:\\\/\\\/stuttgarti-katolikusok.de\\\/index.php\\\/baratsagklub-tagjainak-karacsonyi-eloadasa\\\/#primaryimage\"},\"thumbnailUrl\":\"https:\\\/\\\/stuttgarti-katolikusok.de\\\/wp-content\\\/uploads\\\/2023\\\/12\\\/whatsapp-kep-2023-12-24-002949-7ebd46b7.jpg\",\"datePublished\":\"2023-12-23T23:39:56+00:00\",\"author\":{\"@id\":\"https:\\\/\\\/stuttgarti-katolikusok.de\\\/#\\\/schema\\\/person\\\/75908d6f8fdc03a57889d27209df7795\"},\"breadcrumb\":{\"@id\":\"https:\\\/\\\/stuttgarti-katolikusok.de\\\/index.php\\\/baratsagklub-tagjainak-karacsonyi-eloadasa\\\/#breadcrumb\"},\"inLanguage\":\"hu\",\"potentialAction\":[{\"@type\":\"ReadAction\",\"target\":[\"https:\\\/\\\/stuttgarti-katolikusok.de\\\/index.php\\\/baratsagklub-tagjainak-karacsonyi-eloadasa\\\/\"]}]},{\"@type\":\"ImageObject\",\"inLanguage\":\"hu\",\"@id\":\"https:\\\/\\\/stuttgarti-katolikusok.de\\\/index.php\\\/baratsagklub-tagjainak-karacsonyi-eloadasa\\\/#primaryimage\",\"url\":\"https:\\\/\\\/stuttgarti-katolikusok.de\\\/wp-content\\\/uploads\\\/2023\\\/12\\\/whatsapp-kep-2023-12-24-002949-7ebd46b7.jpg\",\"contentUrl\":\"https:\\\/\\\/stuttgarti-katolikusok.de\\\/wp-content\\\/uploads\\\/2023\\\/12\\\/whatsapp-kep-2023-12-24-002949-7ebd46b7.jpg\",\"width\":1399,\"height\":924},{\"@type\":\"BreadcrumbList\",\"@id\":\"https:\\\/\\\/stuttgarti-katolikusok.de\\\/index.php\\\/baratsagklub-tagjainak-karacsonyi-eloadasa\\\/#breadcrumb\",\"itemListElement\":[{\"@type\":\"ListItem\",\"position\":1,\"name\":\"Kezd\u0151lap\",\"item\":\"https:\\\/\\\/stuttgarti-katolikusok.de\\\/\"},{\"@type\":\"ListItem\",\"position\":2,\"name\":\"Bar\u00e1ts\u00e1gklub tagjainak kar\u00e1csonyi el\u0151ad\u00e1sa\"}]},{\"@type\":\"WebSite\",\"@id\":\"https:\\\/\\\/stuttgarti-katolikusok.de\\\/#website\",\"url\":\"https:\\\/\\\/stuttgarti-katolikusok.de\\\/\",\"name\":\"Stuttgarti Katolikusok\",\"description\":\"\",\"potentialAction\":[{\"@type\":\"SearchAction\",\"target\":{\"@type\":\"EntryPoint\",\"urlTemplate\":\"https:\\\/\\\/stuttgarti-katolikusok.de\\\/?s={search_term_string}\"},\"query-input\":{\"@type\":\"PropertyValueSpecification\",\"valueRequired\":true,\"valueName\":\"search_term_string\"}}],\"inLanguage\":\"hu\"},{\"@type\":\"Person\",\"@id\":\"https:\\\/\\\/stuttgarti-katolikusok.de\\\/#\\\/schema\\\/person\\\/75908d6f8fdc03a57889d27209df7795\",\"name\":\"Tibor atya\",\"image\":{\"@type\":\"ImageObject\",\"inLanguage\":\"hu\",\"@id\":\"https:\\\/\\\/secure.gravatar.com\\\/avatar\\\/61d268e57d1f4525b111222e29d2d5a7f8c420fdbf231ba5566a8ceac74fa960?s=96&d=mm&r=g\",\"url\":\"https:\\\/\\\/secure.gravatar.com\\\/avatar\\\/61d268e57d1f4525b111222e29d2d5a7f8c420fdbf231ba5566a8ceac74fa960?s=96&d=mm&r=g\",\"contentUrl\":\"https:\\\/\\\/secure.gravatar.com\\\/avatar\\\/61d268e57d1f4525b111222e29d2d5a7f8c420fdbf231ba5566a8ceac74fa960?s=96&d=mm&r=g\",\"caption\":\"Tibor atya\"},\"url\":\"https:\\\/\\\/stuttgarti-katolikusok.de\\\/index.php\\\/author\\\/tibor-atya\\\/\"}]}<\/script>\n<!-- \/ Yoast SEO plugin. -->","yoast_head_json":{"title":"Bar\u00e1ts\u00e1gklub tagjainak kar\u00e1csonyi el\u0151ad\u00e1sa - Stuttgarti Katolikusok","robots":{"index":"index","follow":"follow","max-snippet":"max-snippet:-1","max-image-preview":"max-image-preview:large","max-video-preview":"max-video-preview:-1"},"canonical":"https:\/\/stuttgarti-katolikusok.de\/index.php\/baratsagklub-tagjainak-karacsonyi-eloadasa\/","og_locale":"hu_HU","og_type":"article","og_title":"Bar\u00e1ts\u00e1gklub tagjainak kar\u00e1csonyi el\u0151ad\u00e1sa - Stuttgarti Katolikusok","og_description":"Az idei decemberi tal\u00e1lkoz\u00f3nk a Bar\u00e1ts\u00e1gklub tagjai \u00e9s vend\u00e9geink sz\u00e1m\u00e1ra k\u00fcl\u00f6n\u00f6sre sikeredett. Els\u0151k\u00e9nt a Bar\u00e1ts\u00e1gklub tagjai aj\u00e1nd\u00e9koztak meg benn\u00fcnket p\u00e1sztorj\u00e1t\u00e9kukkal. K\u00f6sznet \u00e9s h\u00e1la Erd\u0151sn\u00e9 Nyitrai Erik\u00e1nak az \u00f6tlet\u00e9rt \u00e9s term\u00e9szetesen a szerepl\u0151knek v\u00e1llalkoz\u00f3 kedv\u00fck\u00e9rt. Mindannyian nagyon j\u00f3l \u00e9rezt\u00fck magunkat. You are currently viewing a placeholder content from YouTube. To access the actual content, click the button below. Please note that doing so will share data with third-party providers. More Information Unblock content Accept required service and unblock content Ezt k\u00f6vet\u0151en Erd\u0151s Vir\u00e1g hozott el n\u00e9h\u00e1ny \u00e9neket: You are currently viewing a placeholder content from YouTube. To access the actual content, click the button below. Please note that doing so will share data with third-party providers. More Information Unblock content Accept required service and unblock content V\u00e9g\u00fcl Kov\u00e1cs Editke n\u00e9ni k\u00edn\u00e1lta aj\u00e1nd\u00e9k\u00e1t: You are currently viewing a placeholder content from YouTube. To access the actual content, click the button below. Please note that doing so will share data with third-party providers. More Information Unblock content Accept required service and unblock content Minden r\u00e9sztvev\u0151 aj\u00e1nd\u00e9kot is kapott. Legk\u00f6zelebb 2024. janu\u00e1r 19-\u00e9n tal\u00e1lkozunk.","og_url":"https:\/\/stuttgarti-katolikusok.de\/index.php\/baratsagklub-tagjainak-karacsonyi-eloadasa\/","og_site_name":"Stuttgarti Katolikusok","article_published_time":"2023-12-23T23:39:56+00:00","og_image":[{"width":1399,"height":924,"url":"https:\/\/stuttgarti-katolikusok.de\/wp-content\/uploads\/2023\/12\/whatsapp-kep-2023-12-24-002949-7ebd46b7.jpg","type":"image\/jpeg"}],"author":"Tibor atya","twitter_card":"summary_large_image","twitter_misc":{"Szerz\u0151:":"Tibor atya","Becs\u00fclt olvas\u00e1si id\u0151":"1 perc"},"schema":{"@context":"https:\/\/schema.org","@graph":[{"@type":"Article","@id":"https:\/\/stuttgarti-katolikusok.de\/index.php\/baratsagklub-tagjainak-karacsonyi-eloadasa\/#article","isPartOf":{"@id":"https:\/\/stuttgarti-katolikusok.de\/index.php\/baratsagklub-tagjainak-karacsonyi-eloadasa\/"},"author":{"name":"Tibor atya","@id":"https:\/\/stuttgarti-katolikusok.de\/#\/schema\/person\/75908d6f8fdc03a57889d27209df7795"},"headline":"Bar\u00e1ts\u00e1gklub tagjainak kar\u00e1csonyi el\u0151ad\u00e1sa","datePublished":"2023-12-23T23:39:56+00:00","mainEntityOfPage":{"@id":"https:\/\/stuttgarti-katolikusok.de\/index.php\/baratsagklub-tagjainak-karacsonyi-eloadasa\/"},"wordCount":141,"image":{"@id":"https:\/\/stuttgarti-katolikusok.de\/index.php\/baratsagklub-tagjainak-karacsonyi-eloadasa\/#primaryimage"},"thumbnailUrl":"https:\/\/stuttgarti-katolikusok.de\/wp-content\/uploads\/2023\/12\/whatsapp-kep-2023-12-24-002949-7ebd46b7.jpg","articleSection":["H\u00edrek"],"inLanguage":"hu"},{"@type":"WebPage","@id":"https:\/\/stuttgarti-katolikusok.de\/index.php\/baratsagklub-tagjainak-karacsonyi-eloadasa\/","url":"https:\/\/stuttgarti-katolikusok.de\/index.php\/baratsagklub-tagjainak-karacsonyi-eloadasa\/","name":"Bar\u00e1ts\u00e1gklub tagjainak kar\u00e1csonyi el\u0151ad\u00e1sa - Stuttgarti Katolikusok","isPartOf":{"@id":"https:\/\/stuttgarti-katolikusok.de\/#website"},"primaryImageOfPage":{"@id":"https:\/\/stuttgarti-katolikusok.de\/index.php\/baratsagklub-tagjainak-karacsonyi-eloadasa\/#primaryimage"},"image":{"@id":"https:\/\/stuttgarti-katolikusok.de\/index.php\/baratsagklub-tagjainak-karacsonyi-eloadasa\/#primaryimage"},"thumbnailUrl":"https:\/\/stuttgarti-katolikusok.de\/wp-content\/uploads\/2023\/12\/whatsapp-kep-2023-12-24-002949-7ebd46b7.jpg","datePublished":"2023-12-23T23:39:56+00:00","author":{"@id":"https:\/\/stuttgarti-katolikusok.de\/#\/schema\/person\/75908d6f8fdc03a57889d27209df7795"},"breadcrumb":{"@id":"https:\/\/stuttgarti-katolikusok.de\/index.php\/baratsagklub-tagjainak-karacsonyi-eloadasa\/#breadcrumb"},"inLanguage":"hu","potentialAction":[{"@type":"ReadAction","target":["https:\/\/stuttgarti-katolikusok.de\/index.php\/baratsagklub-tagjainak-karacsonyi-eloadasa\/"]}]},{"@type":"ImageObject","inLanguage":"hu","@id":"https:\/\/stuttgarti-katolikusok.de\/index.php\/baratsagklub-tagjainak-karacsonyi-eloadasa\/#primaryimage","url":"https:\/\/stuttgarti-katolikusok.de\/wp-content\/uploads\/2023\/12\/whatsapp-kep-2023-12-24-002949-7ebd46b7.jpg","contentUrl":"https:\/\/stuttgarti-katolikusok.de\/wp-content\/uploads\/2023\/12\/whatsapp-kep-2023-12-24-002949-7ebd46b7.jpg","width":1399,"height":924},{"@type":"BreadcrumbList","@id":"https:\/\/stuttgarti-katolikusok.de\/index.php\/baratsagklub-tagjainak-karacsonyi-eloadasa\/#breadcrumb","itemListElement":[{"@type":"ListItem","position":1,"name":"Kezd\u0151lap","item":"https:\/\/stuttgarti-katolikusok.de\/"},{"@type":"ListItem","position":2,"name":"Bar\u00e1ts\u00e1gklub tagjainak kar\u00e1csonyi el\u0151ad\u00e1sa"}]},{"@type":"WebSite","@id":"https:\/\/stuttgarti-katolikusok.de\/#website","url":"https:\/\/stuttgarti-katolikusok.de\/","name":"Stuttgarti Katolikusok","description":"","potentialAction":[{"@type":"SearchAction","target":{"@type":"EntryPoint","urlTemplate":"https:\/\/stuttgarti-katolikusok.de\/?s={search_term_string}"},"query-input":{"@type":"PropertyValueSpecification","valueRequired":true,"valueName":"search_term_string"}}],"inLanguage":"hu"},{"@type":"Person","@id":"https:\/\/stuttgarti-katolikusok.de\/#\/schema\/person\/75908d6f8fdc03a57889d27209df7795","name":"Tibor atya","image":{"@type":"ImageObject","inLanguage":"hu","@id":"https:\/\/secure.gravatar.com\/avatar\/61d268e57d1f4525b111222e29d2d5a7f8c420fdbf231ba5566a8ceac74fa960?s=96&d=mm&r=g","url":"https:\/\/secure.gravatar.com\/avatar\/61d268e57d1f4525b111222e29d2d5a7f8c420fdbf231ba5566a8ceac74fa960?s=96&d=mm&r=g","contentUrl":"https:\/\/secure.gravatar.com\/avatar\/61d268e57d1f4525b111222e29d2d5a7f8c420fdbf231ba5566a8ceac74fa960?s=96&d=mm&r=g","caption":"Tibor atya"},"url":"https:\/\/stuttgarti-katolikusok.de\/index.php\/author\/tibor-atya\/"}]}},"_links":{"self":[{"href":"https:\/\/stuttgarti-katolikusok.de\/index.php\/wp-json\/wp\/v2\/posts\/27686","targetHints":{"allow":["GET"]}}],"collection":[{"href":"https:\/\/stuttgarti-katolikusok.de\/index.php\/wp-json\/wp\/v2\/posts"}],"about":[{"href":"https:\/\/stuttgarti-katolikusok.de\/index.php\/wp-json\/wp\/v2\/types\/post"}],"author":[{"embeddable":true,"href":"https:\/\/stuttgarti-katolikusok.de\/index.php\/wp-json\/wp\/v2\/users\/3"}],"replies":[{"embeddable":true,"href":"https:\/\/stuttgarti-katolikusok.de\/index.php\/wp-json\/wp\/v2\/comments?post=27686"}],"version-history":[{"count":1,"href":"https:\/\/stuttgarti-katolikusok.de\/index.php\/wp-json\/wp\/v2\/posts\/27686\/revisions"}],"predecessor-version":[{"id":27688,"href":"https:\/\/stuttgarti-katolikusok.de\/index.php\/wp-json\/wp\/v2\/posts\/27686\/revisions\/27688"}],"wp:featuredmedia":[{"embeddable":true,"href":"https:\/\/stuttgarti-katolikusok.de\/index.php\/wp-json\/wp\/v2\/media\/27687"}],"wp:attachment":[{"href":"https:\/\/stuttgarti-katolikusok.de\/index.php\/wp-json\/wp\/v2\/media?parent=27686"}],"wp:term":[{"taxonomy":"category","embeddable":true,"href":"https:\/\/stuttgarti-katolikusok.de\/index.php\/wp-json\/wp\/v2\/categories?post=27686"},{"taxonomy":"post_tag","embeddable":true,"href":"https:\/\/stuttgarti-katolikusok.de\/index.php\/wp-json\/wp\/v2\/tags?post=27686"}],"curies":[{"name":"wp","href":"https:\/\/api.w.org\/{rel}","templated":true}]}}