{"id":27640,"date":"2023-12-18T11:16:14","date_gmt":"2023-12-18T10:16:14","guid":{"rendered":"https:\/\/stuttgarti-katolikusok.de\/?p=27640"},"modified":"2023-12-19T12:41:24","modified_gmt":"2023-12-19T11:41:24","slug":"egyutt-lenni-meg-jobb-stuttgart-2023-december-17","status":"publish","type":"post","link":"https:\/\/stuttgarti-katolikusok.de\/index.php\/egyutt-lenni-meg-jobb-stuttgart-2023-december-17\/","title":{"rendered":"&#8222;Egy\u00fctt j\u00f3nak lenni m\u00e9g jobb!&#8221; &#8211; Stuttgart &#8211; 2023. december 17."},"content":{"rendered":"<p><span style=\"color: #ff6600;\">A Stuttgarti F\u0151konzul\u00e1tus szervez\u00e9s\u00e9ben kapott helyet tegnapi napunk. Bekapcsol\u00f3dtunk \u00edgy az imm\u00e1r 12. alkalommal megrendezett &#8222;J\u00f3nak lenni j\u00f3&#8221; adom\u00e1nygy\u0171jt\u0151 akci\u00f3ba.\u00a0<\/span><\/p>\n<p><span style=\"color: #ff6600;\">Tegnapi napunkkal egy kor\u00e1bbi \u00e1lom v\u00e1lt val\u00f3ra.\u00a0<\/span><\/p>\n<p><span style=\"color: #ff6600;\">\u00d6tletgazd\u00e1ja Szegi Oszk\u00e1r \u00e9s feles\u00e9ge Hajnalka.\u00a0<\/span><\/p>\n<p><span style=\"color: #ff6600;\">A pand\u00e9mia idej\u00e9n, 2021-es esztend\u0151 tavasz\u00e1n keresett meg Oszk\u00e1r egy k\u00e9sz, kidolgozott tervvel, hogyan is k\u00e9pzeli el ezt a napot. Sz\u00e1nd\u00e9k\u00e1t eljuttatta a F\u0151konzul\u00e1tusra is.\u00a0<\/span><\/p>\n<p><span style=\"color: #ff6600;\">Sajn\u00e1latos m\u00f3don akkor ez az \u00e1lom meghi\u00fasult. Nem rajtunk m\u00falott! A k\u00e9t esztend\u0151s v\u00e1rakoz\u00e1st k\u00f6vet\u0151en, minden v\u00e1rakoz\u00e1sunkat fel\u00fclm\u00falva, nagyon sikeres napot tudhatunk magunk m\u00f6g\u00f6tt.\u00a0<\/span><\/p>\n<p><span style=\"color: #ff6600;\">Az \u00e1lom val\u00f3ra v\u00e1lt!<\/span><\/p>\n<p><span style=\"color: #ff6600;\">Term\u00e9szetesen a k\u00f6sz\u00f6net els\u0151sorban annak sz\u00f3l, J\u00e9zus Krisztus, kinek sz\u00fclet\u00e9s\u00e9t \u00fcnnepelj\u00fck minden esztend\u0151 Kar\u00e1csony\u00e1n. Isten bel\u00e9p emberi t\u00f6rt\u00e9nelm\u00fcnkbe. Megtan\u00edt arra, hogyan legy\u00fcnk j\u00f3k.<\/span><\/p>\n<p><span style=\"color: #ff6600;\">Mivel mi voltunk a h\u00e1zigazd\u00e1k, otthont biztos\u00edtva a tegnapi nap esem\u00e9nyeihez, kellett valaki, aki k\u00f6z\u00f6ss\u00e9g\u00fcnkb\u0151l ezt koordin\u00e1lta \u00e9s felv\u00e1llalta a szervez\u00e9si feladatokat. \u00c9ppen ez\u00e9rt nagyon nagy k\u00f6sz\u00f6net Oszk\u00e1rnak \u00e9s Hajnalk\u00e1nak. Az \u00e9n szem\u00e9lyes k\u00f6sz\u00f6netem kev\u00e9s, a kar\u00e1csonyi Kisj\u00e9zus legyen jutalmatok.<\/span><\/p>\n<p><span style=\"color: #ff6600;\">Term\u00e9szetesen k\u00f6sz\u00f6net a t\u00f6bb, mint 100 seg\u00edt\u0151nek, akik szint\u00e9n hozz\u00e1 tett\u00e9k a saj\u00e1tjukat az\u00e9rt, hogy ezen a napon val\u00f3ban meg\u00e9lj\u00fck mag\u00e1t az \u00fczenetet: &#8222;Egy\u00fctt j\u00f3nak lenni m\u00e9g jobb!&#8221;.\u00a0<\/span><\/p>\n<p><span style=\"color: #ff6600;\">Nem mellesleg pedig els\u0151k\u00e9nt csatlakoztunk a nyugati diaszp\u00f3r\u00e1b\u00f3l ehhez a nemes kezdem\u00e9nyez\u00e9shez, amelyben t\u00f6bb mint 5.000 eur\u00f3val (2.000.000 Forint) !!! j\u00e1rultunk hozz\u00e1 a &#8222;J\u00f3nak lenni j\u00f3&#8221; eg\u00e9sz napos rendezv\u00e9nyhez.<\/span><\/p>\n<p><span style=\"color: #ff6600;\">Mindig az els\u0151 l\u00e9p\u00e9s a neh\u00e9z! Folytatjuk!<\/span><\/p>\n<p><span style=\"color: #ff6600;\">Addig is fogadj\u00e1tok a tegnapi nap folyam\u00e1n k\u00e9sz\u00fclt felv\u00e9teleket.<\/span><\/p>\n<p><span style=\"color: #ff6600;\"><em>Tibor atya<\/em>\u00a0\u00a0<\/span><\/p>\n<p>\u00d6kumenikus istentisztelet:<\/p>\n<div class=\"brlbs-cmpnt-container brlbs-cmpnt-content-blocker brlbs-cmpnt-with-individual-styles\" data-borlabs-cookie-content-blocker-id=\"youtube-content-blocker\" data-borlabs-cookie-content=\"PGlmcmFtZSB0aXRsZT0iJnF1b3Q7RWd5w7x0dCBqw7NuYWsgbGVubmkgbcOpZyBqb2JiISZxdW90OyAtIMOWa3VtZW5pa3VzIGlzdGVudGlzenRlbGV0IC0gU3R1dHRnYXJ0IC0gMjAyMy4gZGVjZW1iZXIgMTcuIiB3aWR0aD0iOTQwIiBoZWlnaHQ9IjUyOSIgc3JjPSJodHRwczovL3d3dy55b3V0dWJlLW5vY29va2llLmNvbS9lbWJlZC9xZnIyN1FQXzVTMD9mZWF0dXJlPW9lbWJlZCIgZnJhbWVib3JkZXI9IjAiIGFsbG93PSJhY2NlbGVyb21ldGVyOyBhdXRvcGxheTsgY2xpcGJvYXJkLXdyaXRlOyBlbmNyeXB0ZWQtbWVkaWE7IGd5cm9zY29wZTsgcGljdHVyZS1pbi1waWN0dXJlOyB3ZWItc2hhcmUiIGFsbG93ZnVsbHNjcmVlbj48L2lmcmFtZT4=\">\n<div class=\"brlbs-cmpnt-cb-preset-c brlbs-cmpnt-cb-youtube\">\n<div class=\"brlbs-cmpnt-cb-thumbnail\" style=\"background-image: url('https:\/\/stuttgarti-katolikusok.de\/wp-content\/uploads\/borlabs-cookie\/1\/yt_qfr27QP_5S0_hqdefault.jpg')\"><\/div>\n<div class=\"brlbs-cmpnt-cb-main\">\n<div class=\"brlbs-cmpnt-cb-play-button\"><\/div>\n<div class=\"brlbs-cmpnt-cb-content\">\n<p class=\"brlbs-cmpnt-cb-description\">You are currently viewing a placeholder content from <strong>YouTube<\/strong>. To access the actual content, click the button below. Please note that doing so will share data with third-party providers.<\/p>\n<p> <a class=\"brlbs-cmpnt-cb-provider-toggle\" href=\"#\" data-borlabs-cookie-show-provider-information role=\"button\">More Information<\/a> <\/div>\n<div class=\"brlbs-cmpnt-cb-buttons\"> <a class=\"brlbs-cmpnt-cb-btn\" href=\"#\" data-borlabs-cookie-unblock role=\"button\">Unblock content<\/a> <a class=\"brlbs-cmpnt-cb-btn\" href=\"#\" data-borlabs-cookie-accept-service role=\"button\" style=\"display: inherit\">Accept required service and unblock content<\/a> <\/div><\/div><\/div>\n<\/div>\n<p>Cserk\u00e9sz-Advent:<\/p>\n<div class=\"brlbs-cmpnt-container brlbs-cmpnt-content-blocker brlbs-cmpnt-with-individual-styles\" data-borlabs-cookie-content-blocker-id=\"youtube-content-blocker\" data-borlabs-cookie-content=\"PGlmcmFtZSB0aXRsZT0iJnF1b3Q7RWd5w7x0dCBqw7NuYWsgbGVubmkgbcOpZyBqb2JiISZxdW90OyAtIENzZXJrw6lzei1BZHZlbnQiIHdpZHRoPSI5NDAiIGhlaWdodD0iNTI5IiBzcmM9Imh0dHBzOi8vd3d3LnlvdXR1YmUtbm9jb29raWUuY29tL2VtYmVkL2FleFNMSThvYzhJP2ZlYXR1cmU9b2VtYmVkIiBmcmFtZWJvcmRlcj0iMCIgYWxsb3c9ImFjY2VsZXJvbWV0ZXI7IGF1dG9wbGF5OyBjbGlwYm9hcmQtd3JpdGU7IGVuY3J5cHRlZC1tZWRpYTsgZ3lyb3Njb3BlOyBwaWN0dXJlLWluLXBpY3R1cmU7IHdlYi1zaGFyZSIgYWxsb3dmdWxsc2NyZWVuPjwvaWZyYW1lPg==\">\n<div class=\"brlbs-cmpnt-cb-preset-c brlbs-cmpnt-cb-youtube\">\n<div class=\"brlbs-cmpnt-cb-thumbnail\" style=\"background-image: url('https:\/\/stuttgarti-katolikusok.de\/wp-content\/uploads\/borlabs-cookie\/1\/yt_aexSLI8oc8I_hqdefault.jpg')\"><\/div>\n<div class=\"brlbs-cmpnt-cb-main\">\n<div class=\"brlbs-cmpnt-cb-play-button\"><\/div>\n<div class=\"brlbs-cmpnt-cb-content\">\n<p class=\"brlbs-cmpnt-cb-description\">You are currently viewing a placeholder content from <strong>YouTube<\/strong>. To access the actual content, click the button below. Please note that doing so will share data with third-party providers.<\/p>\n<p> <a class=\"brlbs-cmpnt-cb-provider-toggle\" href=\"#\" data-borlabs-cookie-show-provider-information role=\"button\">More Information<\/a> <\/div>\n<div class=\"brlbs-cmpnt-cb-buttons\"> <a class=\"brlbs-cmpnt-cb-btn\" href=\"#\" data-borlabs-cookie-unblock role=\"button\">Unblock content<\/a> <a class=\"brlbs-cmpnt-cb-btn\" href=\"#\" data-borlabs-cookie-accept-service role=\"button\" style=\"display: inherit\">Accept required service and unblock content<\/a> <\/div><\/div><\/div>\n<\/div>\n<p>Ismer\u0151s Arcok: N\u00e9lk\u00fcled \u00e9nekl\u00e9se:<\/p>\n<div class=\"brlbs-cmpnt-container brlbs-cmpnt-content-blocker brlbs-cmpnt-with-individual-styles\" data-borlabs-cookie-content-blocker-id=\"youtube-content-blocker\" data-borlabs-cookie-content=\"PGlmcmFtZSB0aXRsZT0iJnF1b3Q7RWd5w7x0dCBqw7NuYWsgbGVubmkgbcOpZyBqb2JiISZxdW90OyAtIElzbWVyxZFzIEFyY29rOiBOw6lsa8O8bGVkIiB3aWR0aD0iOTQwIiBoZWlnaHQ9IjUyOSIgc3JjPSJodHRwczovL3d3dy55b3V0dWJlLW5vY29va2llLmNvbS9lbWJlZC8yMDFndmlZWnhpdz9mZWF0dXJlPW9lbWJlZCIgZnJhbWVib3JkZXI9IjAiIGFsbG93PSJhY2NlbGVyb21ldGVyOyBhdXRvcGxheTsgY2xpcGJvYXJkLXdyaXRlOyBlbmNyeXB0ZWQtbWVkaWE7IGd5cm9zY29wZTsgcGljdHVyZS1pbi1waWN0dXJlOyB3ZWItc2hhcmUiIGFsbG93ZnVsbHNjcmVlbj48L2lmcmFtZT4=\">\n<div class=\"brlbs-cmpnt-cb-preset-c brlbs-cmpnt-cb-youtube\">\n<div class=\"brlbs-cmpnt-cb-thumbnail\" style=\"background-image: url('https:\/\/stuttgarti-katolikusok.de\/wp-content\/uploads\/borlabs-cookie\/1\/yt_201gviYZxiw_hqdefault.jpg')\"><\/div>\n<div class=\"brlbs-cmpnt-cb-main\">\n<div class=\"brlbs-cmpnt-cb-play-button\"><\/div>\n<div class=\"brlbs-cmpnt-cb-content\">\n<p class=\"brlbs-cmpnt-cb-description\">You are currently viewing a placeholder content from <strong>YouTube<\/strong>. To access the actual content, click the button below. Please note that doing so will share data with third-party providers.<\/p>\n<p> <a class=\"brlbs-cmpnt-cb-provider-toggle\" href=\"#\" data-borlabs-cookie-show-provider-information role=\"button\">More Information<\/a> <\/div>\n<div class=\"brlbs-cmpnt-cb-buttons\"> <a class=\"brlbs-cmpnt-cb-btn\" href=\"#\" data-borlabs-cookie-unblock role=\"button\">Unblock content<\/a> <a class=\"brlbs-cmpnt-cb-btn\" href=\"#\" data-borlabs-cookie-accept-service role=\"button\" style=\"display: inherit\">Accept required service and unblock content<\/a> <\/div><\/div><\/div>\n<\/div>\n<p>Napunk \u00f6tletgazd\u00e1ja \u00e9s meg\u00e1lmod\u00f3ja:<\/p>\n<div class=\"brlbs-cmpnt-container brlbs-cmpnt-content-blocker brlbs-cmpnt-with-individual-styles\" data-borlabs-cookie-content-blocker-id=\"youtube-content-blocker\" data-borlabs-cookie-content=\"PGlmcmFtZSB0aXRsZT0iS8O2c3puZXQgU3plZ2kgT3N6a8Ohcm5hayDDqXMgSGFqbmFsa8OhbmFrLCBtaW50IMO2dGxldGdhemTDoWtuYWsiIHdpZHRoPSI5NDAiIGhlaWdodD0iNTI5IiBzcmM9Imh0dHBzOi8vd3d3LnlvdXR1YmUtbm9jb29raWUuY29tL2VtYmVkL2JLYjBUYVJpelVJP2ZlYXR1cmU9b2VtYmVkIiBmcmFtZWJvcmRlcj0iMCIgYWxsb3c9ImFjY2VsZXJvbWV0ZXI7IGF1dG9wbGF5OyBjbGlwYm9hcmQtd3JpdGU7IGVuY3J5cHRlZC1tZWRpYTsgZ3lyb3Njb3BlOyBwaWN0dXJlLWluLXBpY3R1cmU7IHdlYi1zaGFyZSIgYWxsb3dmdWxsc2NyZWVuPjwvaWZyYW1lPg==\">\n<div class=\"brlbs-cmpnt-cb-preset-c brlbs-cmpnt-cb-youtube\">\n<div class=\"brlbs-cmpnt-cb-thumbnail\" style=\"background-image: url('https:\/\/stuttgarti-katolikusok.de\/wp-content\/uploads\/borlabs-cookie\/1\/yt_bKb0TaRizUI_hqdefault.jpg')\"><\/div>\n<div class=\"brlbs-cmpnt-cb-main\">\n<div class=\"brlbs-cmpnt-cb-play-button\"><\/div>\n<div class=\"brlbs-cmpnt-cb-content\">\n<p class=\"brlbs-cmpnt-cb-description\">You are currently viewing a placeholder content from <strong>YouTube<\/strong>. To access the actual content, click the button below. Please note that doing so will share data with third-party providers.<\/p>\n<p> <a class=\"brlbs-cmpnt-cb-provider-toggle\" href=\"#\" data-borlabs-cookie-show-provider-information role=\"button\">More Information<\/a> <\/div>\n<div class=\"brlbs-cmpnt-cb-buttons\"> <a class=\"brlbs-cmpnt-cb-btn\" href=\"#\" data-borlabs-cookie-unblock role=\"button\">Unblock content<\/a> <a class=\"brlbs-cmpnt-cb-btn\" href=\"#\" data-borlabs-cookie-accept-service role=\"button\" style=\"display: inherit\">Accept required service and unblock content<\/a> <\/div><\/div><\/div>\n<\/div>\n","protected":false},"excerpt":{"rendered":"<p>A Stuttgarti F\u0151konzul\u00e1tus szervez\u00e9s\u00e9ben kapott helyet tegnapi napunk. Bekapcsol\u00f3dtunk \u00edgy az imm\u00e1r 12. alkalommal megrendezett &#8222;J\u00f3nak lenni j\u00f3&#8221; adom\u00e1nygy\u0171jt\u0151 akci\u00f3ba.\u00a0 Tegnapi napunkkal egy kor\u00e1bbi \u00e1lom v\u00e1lt val\u00f3ra.\u00a0 \u00d6tletgazd\u00e1ja Szegi Oszk\u00e1r \u00e9s feles\u00e9ge Hajnalka.\u00a0 A pand\u00e9mia idej\u00e9n, 2021-es esztend\u0151 tavasz\u00e1n keresett meg Oszk\u00e1r egy k\u00e9sz, kidolgozott tervvel, hogyan is k\u00e9pzeli el ezt a napot. Sz\u00e1nd\u00e9k\u00e1t eljuttatta a F\u0151konzul\u00e1tusra is.\u00a0 Sajn\u00e1latos m\u00f3don akkor ez az \u00e1lom meghi\u00fasult. Nem rajtunk m\u00falott! A k\u00e9t esztend\u0151s v\u00e1rakoz\u00e1st k\u00f6vet\u0151en, minden v\u00e1rakoz\u00e1sunkat fel\u00fclm\u00falva, nagyon sikeres napot tudhatunk magunk m\u00f6g\u00f6tt.\u00a0 Az \u00e1lom val\u00f3ra v\u00e1lt! Term\u00e9szetesen a k\u00f6sz\u00f6net els\u0151sorban annak sz\u00f3l, J\u00e9zus Krisztus, kinek sz\u00fclet\u00e9s\u00e9t \u00fcnnepelj\u00fck minden esztend\u0151 Kar\u00e1csony\u00e1n. Isten bel\u00e9p emberi t\u00f6rt\u00e9nelm\u00fcnkbe. Megtan\u00edt arra, hogyan legy\u00fcnk j\u00f3k. Mivel mi voltunk a h\u00e1zigazd\u00e1k, otthont biztos\u00edtva a tegnapi nap esem\u00e9nyeihez, kellett valaki, aki k\u00f6z\u00f6ss\u00e9g\u00fcnkb\u0151l ezt koordin\u00e1lta \u00e9s felv\u00e1llalta a szervez\u00e9si feladatokat. \u00c9ppen ez\u00e9rt nagyon nagy k\u00f6sz\u00f6net Oszk\u00e1rnak \u00e9s Hajnalk\u00e1nak. Az \u00e9n szem\u00e9lyes k\u00f6sz\u00f6netem kev\u00e9s, a kar\u00e1csonyi Kisj\u00e9zus legyen jutalmatok. Term\u00e9szetesen k\u00f6sz\u00f6net a t\u00f6bb, mint 100 seg\u00edt\u0151nek, akik szint\u00e9n hozz\u00e1 tett\u00e9k a saj\u00e1tjukat az\u00e9rt, hogy ezen a napon val\u00f3ban meg\u00e9lj\u00fck mag\u00e1t az \u00fczenetet: &#8222;Egy\u00fctt j\u00f3nak lenni m\u00e9g jobb!&#8221;.\u00a0 Nem mellesleg pedig els\u0151k\u00e9nt csatlakoztunk a nyugati diaszp\u00f3r\u00e1b\u00f3l ehhez a nemes kezdem\u00e9nyez\u00e9shez, amelyben t\u00f6bb mint 5.000 eur\u00f3val (2.000.000 Forint) !!! j\u00e1rultunk hozz\u00e1 a &#8222;J\u00f3nak lenni j\u00f3&#8221; eg\u00e9sz napos rendezv\u00e9nyhez. Mindig az els\u0151 l\u00e9p\u00e9s a neh\u00e9z! Folytatjuk! Addig is fogadj\u00e1tok a tegnapi nap folyam\u00e1n k\u00e9sz\u00fclt felv\u00e9teleket. Tibor atya\u00a0\u00a0 \u00d6kumenikus istentisztelet: You are currently viewing a placeholder content from YouTube. To access the actual content, click the button below. Please note that doing so will share data with third-party providers. More Information Unblock content Accept required service and unblock content Cserk\u00e9sz-Advent: You are currently viewing a placeholder content from YouTube. To access the actual content, click the button below. Please note that doing so will share data with third-party providers. More Information Unblock content Accept&#8230; <\/p>\n<p><a class=\"readmore\" href=\"https:\/\/stuttgarti-katolikusok.de\/index.php\/egyutt-lenni-meg-jobb-stuttgart-2023-december-17\/\">R\u00e9szletek<\/a><\/p>\n","protected":false},"author":3,"featured_media":27641,"comment_status":"closed","ping_status":"closed","sticky":false,"template":"","format":"standard","meta":{"footnotes":""},"categories":[5],"tags":[],"class_list":["post-27640","post","type-post","status-publish","format-standard","has-post-thumbnail","hentry","category-hirek"],"yoast_head":"<!-- This site is optimized with the Yoast SEO plugin v27.3 - https:\/\/yoast.com\/product\/yoast-seo-wordpress\/ -->\n<title>&quot;Egy\u00fctt j\u00f3nak lenni m\u00e9g jobb!&quot; - Stuttgart - 2023. december 17. - Stuttgarti Katolikusok<\/title>\n<meta name=\"robots\" content=\"index, follow, max-snippet:-1, max-image-preview:large, max-video-preview:-1\" \/>\n<link rel=\"canonical\" href=\"https:\/\/stuttgarti-katolikusok.de\/index.php\/egyutt-lenni-meg-jobb-stuttgart-2023-december-17\/\" \/>\n<meta property=\"og:locale\" content=\"hu_HU\" \/>\n<meta property=\"og:type\" content=\"article\" \/>\n<meta property=\"og:title\" content=\"&quot;Egy\u00fctt j\u00f3nak lenni m\u00e9g jobb!&quot; - Stuttgart - 2023. december 17. - Stuttgarti Katolikusok\" \/>\n<meta property=\"og:description\" content=\"A Stuttgarti F\u0151konzul\u00e1tus szervez\u00e9s\u00e9ben kapott helyet tegnapi napunk. Bekapcsol\u00f3dtunk \u00edgy az imm\u00e1r 12. alkalommal megrendezett &#8222;J\u00f3nak lenni j\u00f3&#8221; adom\u00e1nygy\u0171jt\u0151 akci\u00f3ba.\u00a0 Tegnapi napunkkal egy kor\u00e1bbi \u00e1lom v\u00e1lt val\u00f3ra.\u00a0 \u00d6tletgazd\u00e1ja Szegi Oszk\u00e1r \u00e9s feles\u00e9ge Hajnalka.\u00a0 A pand\u00e9mia idej\u00e9n, 2021-es esztend\u0151 tavasz\u00e1n keresett meg Oszk\u00e1r egy k\u00e9sz, kidolgozott tervvel, hogyan is k\u00e9pzeli el ezt a napot. Sz\u00e1nd\u00e9k\u00e1t eljuttatta a F\u0151konzul\u00e1tusra is.\u00a0 Sajn\u00e1latos m\u00f3don akkor ez az \u00e1lom meghi\u00fasult. Nem rajtunk m\u00falott! A k\u00e9t esztend\u0151s v\u00e1rakoz\u00e1st k\u00f6vet\u0151en, minden v\u00e1rakoz\u00e1sunkat fel\u00fclm\u00falva, nagyon sikeres napot tudhatunk magunk m\u00f6g\u00f6tt.\u00a0 Az \u00e1lom val\u00f3ra v\u00e1lt! Term\u00e9szetesen a k\u00f6sz\u00f6net els\u0151sorban annak sz\u00f3l, J\u00e9zus Krisztus, kinek sz\u00fclet\u00e9s\u00e9t \u00fcnnepelj\u00fck minden esztend\u0151 Kar\u00e1csony\u00e1n. Isten bel\u00e9p emberi t\u00f6rt\u00e9nelm\u00fcnkbe. Megtan\u00edt arra, hogyan legy\u00fcnk j\u00f3k. Mivel mi voltunk a h\u00e1zigazd\u00e1k, otthont biztos\u00edtva a tegnapi nap esem\u00e9nyeihez, kellett valaki, aki k\u00f6z\u00f6ss\u00e9g\u00fcnkb\u0151l ezt koordin\u00e1lta \u00e9s felv\u00e1llalta a szervez\u00e9si feladatokat. \u00c9ppen ez\u00e9rt nagyon nagy k\u00f6sz\u00f6net Oszk\u00e1rnak \u00e9s Hajnalk\u00e1nak. Az \u00e9n szem\u00e9lyes k\u00f6sz\u00f6netem kev\u00e9s, a kar\u00e1csonyi Kisj\u00e9zus legyen jutalmatok. Term\u00e9szetesen k\u00f6sz\u00f6net a t\u00f6bb, mint 100 seg\u00edt\u0151nek, akik szint\u00e9n hozz\u00e1 tett\u00e9k a saj\u00e1tjukat az\u00e9rt, hogy ezen a napon val\u00f3ban meg\u00e9lj\u00fck mag\u00e1t az \u00fczenetet: &#8222;Egy\u00fctt j\u00f3nak lenni m\u00e9g jobb!&#8221;.\u00a0 Nem mellesleg pedig els\u0151k\u00e9nt csatlakoztunk a nyugati diaszp\u00f3r\u00e1b\u00f3l ehhez a nemes kezdem\u00e9nyez\u00e9shez, amelyben t\u00f6bb mint 5.000 eur\u00f3val (2.000.000 Forint) !!! j\u00e1rultunk hozz\u00e1 a &#8222;J\u00f3nak lenni j\u00f3&#8221; eg\u00e9sz napos rendezv\u00e9nyhez. Mindig az els\u0151 l\u00e9p\u00e9s a neh\u00e9z! Folytatjuk! Addig is fogadj\u00e1tok a tegnapi nap folyam\u00e1n k\u00e9sz\u00fclt felv\u00e9teleket. Tibor atya\u00a0\u00a0 \u00d6kumenikus istentisztelet: You are currently viewing a placeholder content from YouTube. To access the actual content, click the button below. Please note that doing so will share data with third-party providers. More Information Unblock content Accept required service and unblock content Cserk\u00e9sz-Advent: You are currently viewing a placeholder content from YouTube. To access the actual content, click the button below. Please note that doing so will share data with third-party providers. More Information Unblock content Accept... R\u00e9szletek\" \/>\n<meta property=\"og:url\" content=\"https:\/\/stuttgarti-katolikusok.de\/index.php\/egyutt-lenni-meg-jobb-stuttgart-2023-december-17\/\" \/>\n<meta property=\"og:site_name\" content=\"Stuttgarti Katolikusok\" \/>\n<meta property=\"article:published_time\" content=\"2023-12-18T10:16:14+00:00\" \/>\n<meta property=\"article:modified_time\" content=\"2023-12-19T11:41:24+00:00\" \/>\n<meta property=\"og:image\" content=\"https:\/\/stuttgarti-katolikusok.de\/wp-content\/uploads\/2023\/12\/orom-vasarnapja-stuttgart.jpg\" \/>\n\t<meta property=\"og:image:width\" content=\"1920\" \/>\n\t<meta property=\"og:image:height\" content=\"1080\" \/>\n\t<meta property=\"og:image:type\" content=\"image\/jpeg\" \/>\n<meta name=\"author\" content=\"Tibor atya\" \/>\n<meta name=\"twitter:card\" content=\"summary_large_image\" \/>\n<meta name=\"twitter:label1\" content=\"Szerz\u0151:\" \/>\n\t<meta name=\"twitter:data1\" content=\"Tibor atya\" \/>\n\t<meta name=\"twitter:label2\" content=\"Becs\u00fclt olvas\u00e1si id\u0151\" \/>\n\t<meta name=\"twitter:data2\" content=\"2 perc\" \/>\n<script type=\"application\/ld+json\" class=\"yoast-schema-graph\">{\"@context\":\"https:\\\/\\\/schema.org\",\"@graph\":[{\"@type\":\"Article\",\"@id\":\"https:\\\/\\\/stuttgarti-katolikusok.de\\\/index.php\\\/egyutt-lenni-meg-jobb-stuttgart-2023-december-17\\\/#article\",\"isPartOf\":{\"@id\":\"https:\\\/\\\/stuttgarti-katolikusok.de\\\/index.php\\\/egyutt-lenni-meg-jobb-stuttgart-2023-december-17\\\/\"},\"author\":{\"name\":\"Tibor atya\",\"@id\":\"https:\\\/\\\/stuttgarti-katolikusok.de\\\/#\\\/schema\\\/person\\\/75908d6f8fdc03a57889d27209df7795\"},\"headline\":\"&#8222;Egy\u00fctt j\u00f3nak lenni m\u00e9g jobb!&#8221; &#8211; Stuttgart &#8211; 2023. december 17.\",\"datePublished\":\"2023-12-18T10:16:14+00:00\",\"dateModified\":\"2023-12-19T11:41:24+00:00\",\"mainEntityOfPage\":{\"@id\":\"https:\\\/\\\/stuttgarti-katolikusok.de\\\/index.php\\\/egyutt-lenni-meg-jobb-stuttgart-2023-december-17\\\/\"},\"wordCount\":396,\"image\":{\"@id\":\"https:\\\/\\\/stuttgarti-katolikusok.de\\\/index.php\\\/egyutt-lenni-meg-jobb-stuttgart-2023-december-17\\\/#primaryimage\"},\"thumbnailUrl\":\"https:\\\/\\\/stuttgarti-katolikusok.de\\\/wp-content\\\/uploads\\\/2023\\\/12\\\/orom-vasarnapja-stuttgart.jpg\",\"articleSection\":[\"H\u00edrek\"],\"inLanguage\":\"hu\"},{\"@type\":\"WebPage\",\"@id\":\"https:\\\/\\\/stuttgarti-katolikusok.de\\\/index.php\\\/egyutt-lenni-meg-jobb-stuttgart-2023-december-17\\\/\",\"url\":\"https:\\\/\\\/stuttgarti-katolikusok.de\\\/index.php\\\/egyutt-lenni-meg-jobb-stuttgart-2023-december-17\\\/\",\"name\":\"\\\"Egy\u00fctt j\u00f3nak lenni m\u00e9g jobb!\\\" - Stuttgart - 2023. december 17. - Stuttgarti Katolikusok\",\"isPartOf\":{\"@id\":\"https:\\\/\\\/stuttgarti-katolikusok.de\\\/#website\"},\"primaryImageOfPage\":{\"@id\":\"https:\\\/\\\/stuttgarti-katolikusok.de\\\/index.php\\\/egyutt-lenni-meg-jobb-stuttgart-2023-december-17\\\/#primaryimage\"},\"image\":{\"@id\":\"https:\\\/\\\/stuttgarti-katolikusok.de\\\/index.php\\\/egyutt-lenni-meg-jobb-stuttgart-2023-december-17\\\/#primaryimage\"},\"thumbnailUrl\":\"https:\\\/\\\/stuttgarti-katolikusok.de\\\/wp-content\\\/uploads\\\/2023\\\/12\\\/orom-vasarnapja-stuttgart.jpg\",\"datePublished\":\"2023-12-18T10:16:14+00:00\",\"dateModified\":\"2023-12-19T11:41:24+00:00\",\"author\":{\"@id\":\"https:\\\/\\\/stuttgarti-katolikusok.de\\\/#\\\/schema\\\/person\\\/75908d6f8fdc03a57889d27209df7795\"},\"breadcrumb\":{\"@id\":\"https:\\\/\\\/stuttgarti-katolikusok.de\\\/index.php\\\/egyutt-lenni-meg-jobb-stuttgart-2023-december-17\\\/#breadcrumb\"},\"inLanguage\":\"hu\",\"potentialAction\":[{\"@type\":\"ReadAction\",\"target\":[\"https:\\\/\\\/stuttgarti-katolikusok.de\\\/index.php\\\/egyutt-lenni-meg-jobb-stuttgart-2023-december-17\\\/\"]}]},{\"@type\":\"ImageObject\",\"inLanguage\":\"hu\",\"@id\":\"https:\\\/\\\/stuttgarti-katolikusok.de\\\/index.php\\\/egyutt-lenni-meg-jobb-stuttgart-2023-december-17\\\/#primaryimage\",\"url\":\"https:\\\/\\\/stuttgarti-katolikusok.de\\\/wp-content\\\/uploads\\\/2023\\\/12\\\/orom-vasarnapja-stuttgart.jpg\",\"contentUrl\":\"https:\\\/\\\/stuttgarti-katolikusok.de\\\/wp-content\\\/uploads\\\/2023\\\/12\\\/orom-vasarnapja-stuttgart.jpg\",\"width\":1920,\"height\":1080},{\"@type\":\"BreadcrumbList\",\"@id\":\"https:\\\/\\\/stuttgarti-katolikusok.de\\\/index.php\\\/egyutt-lenni-meg-jobb-stuttgart-2023-december-17\\\/#breadcrumb\",\"itemListElement\":[{\"@type\":\"ListItem\",\"position\":1,\"name\":\"Kezd\u0151lap\",\"item\":\"https:\\\/\\\/stuttgarti-katolikusok.de\\\/\"},{\"@type\":\"ListItem\",\"position\":2,\"name\":\"&#8222;Egy\u00fctt j\u00f3nak lenni m\u00e9g jobb!&#8221; &#8211; Stuttgart &#8211; 2023. december 17.\"}]},{\"@type\":\"WebSite\",\"@id\":\"https:\\\/\\\/stuttgarti-katolikusok.de\\\/#website\",\"url\":\"https:\\\/\\\/stuttgarti-katolikusok.de\\\/\",\"name\":\"Stuttgarti Katolikusok\",\"description\":\"\",\"potentialAction\":[{\"@type\":\"SearchAction\",\"target\":{\"@type\":\"EntryPoint\",\"urlTemplate\":\"https:\\\/\\\/stuttgarti-katolikusok.de\\\/?s={search_term_string}\"},\"query-input\":{\"@type\":\"PropertyValueSpecification\",\"valueRequired\":true,\"valueName\":\"search_term_string\"}}],\"inLanguage\":\"hu\"},{\"@type\":\"Person\",\"@id\":\"https:\\\/\\\/stuttgarti-katolikusok.de\\\/#\\\/schema\\\/person\\\/75908d6f8fdc03a57889d27209df7795\",\"name\":\"Tibor atya\",\"image\":{\"@type\":\"ImageObject\",\"inLanguage\":\"hu\",\"@id\":\"https:\\\/\\\/secure.gravatar.com\\\/avatar\\\/61d268e57d1f4525b111222e29d2d5a7f8c420fdbf231ba5566a8ceac74fa960?s=96&d=mm&r=g\",\"url\":\"https:\\\/\\\/secure.gravatar.com\\\/avatar\\\/61d268e57d1f4525b111222e29d2d5a7f8c420fdbf231ba5566a8ceac74fa960?s=96&d=mm&r=g\",\"contentUrl\":\"https:\\\/\\\/secure.gravatar.com\\\/avatar\\\/61d268e57d1f4525b111222e29d2d5a7f8c420fdbf231ba5566a8ceac74fa960?s=96&d=mm&r=g\",\"caption\":\"Tibor atya\"},\"url\":\"https:\\\/\\\/stuttgarti-katolikusok.de\\\/index.php\\\/author\\\/tibor-atya\\\/\"}]}<\/script>\n<!-- \/ Yoast SEO plugin. -->","yoast_head_json":{"title":"\"Egy\u00fctt j\u00f3nak lenni m\u00e9g jobb!\" - Stuttgart - 2023. december 17. - Stuttgarti Katolikusok","robots":{"index":"index","follow":"follow","max-snippet":"max-snippet:-1","max-image-preview":"max-image-preview:large","max-video-preview":"max-video-preview:-1"},"canonical":"https:\/\/stuttgarti-katolikusok.de\/index.php\/egyutt-lenni-meg-jobb-stuttgart-2023-december-17\/","og_locale":"hu_HU","og_type":"article","og_title":"\"Egy\u00fctt j\u00f3nak lenni m\u00e9g jobb!\" - Stuttgart - 2023. december 17. - Stuttgarti Katolikusok","og_description":"A Stuttgarti F\u0151konzul\u00e1tus szervez\u00e9s\u00e9ben kapott helyet tegnapi napunk. Bekapcsol\u00f3dtunk \u00edgy az imm\u00e1r 12. alkalommal megrendezett &#8222;J\u00f3nak lenni j\u00f3&#8221; adom\u00e1nygy\u0171jt\u0151 akci\u00f3ba.\u00a0 Tegnapi napunkkal egy kor\u00e1bbi \u00e1lom v\u00e1lt val\u00f3ra.\u00a0 \u00d6tletgazd\u00e1ja Szegi Oszk\u00e1r \u00e9s feles\u00e9ge Hajnalka.\u00a0 A pand\u00e9mia idej\u00e9n, 2021-es esztend\u0151 tavasz\u00e1n keresett meg Oszk\u00e1r egy k\u00e9sz, kidolgozott tervvel, hogyan is k\u00e9pzeli el ezt a napot. Sz\u00e1nd\u00e9k\u00e1t eljuttatta a F\u0151konzul\u00e1tusra is.\u00a0 Sajn\u00e1latos m\u00f3don akkor ez az \u00e1lom meghi\u00fasult. Nem rajtunk m\u00falott! A k\u00e9t esztend\u0151s v\u00e1rakoz\u00e1st k\u00f6vet\u0151en, minden v\u00e1rakoz\u00e1sunkat fel\u00fclm\u00falva, nagyon sikeres napot tudhatunk magunk m\u00f6g\u00f6tt.\u00a0 Az \u00e1lom val\u00f3ra v\u00e1lt! Term\u00e9szetesen a k\u00f6sz\u00f6net els\u0151sorban annak sz\u00f3l, J\u00e9zus Krisztus, kinek sz\u00fclet\u00e9s\u00e9t \u00fcnnepelj\u00fck minden esztend\u0151 Kar\u00e1csony\u00e1n. Isten bel\u00e9p emberi t\u00f6rt\u00e9nelm\u00fcnkbe. Megtan\u00edt arra, hogyan legy\u00fcnk j\u00f3k. Mivel mi voltunk a h\u00e1zigazd\u00e1k, otthont biztos\u00edtva a tegnapi nap esem\u00e9nyeihez, kellett valaki, aki k\u00f6z\u00f6ss\u00e9g\u00fcnkb\u0151l ezt koordin\u00e1lta \u00e9s felv\u00e1llalta a szervez\u00e9si feladatokat. \u00c9ppen ez\u00e9rt nagyon nagy k\u00f6sz\u00f6net Oszk\u00e1rnak \u00e9s Hajnalk\u00e1nak. Az \u00e9n szem\u00e9lyes k\u00f6sz\u00f6netem kev\u00e9s, a kar\u00e1csonyi Kisj\u00e9zus legyen jutalmatok. Term\u00e9szetesen k\u00f6sz\u00f6net a t\u00f6bb, mint 100 seg\u00edt\u0151nek, akik szint\u00e9n hozz\u00e1 tett\u00e9k a saj\u00e1tjukat az\u00e9rt, hogy ezen a napon val\u00f3ban meg\u00e9lj\u00fck mag\u00e1t az \u00fczenetet: &#8222;Egy\u00fctt j\u00f3nak lenni m\u00e9g jobb!&#8221;.\u00a0 Nem mellesleg pedig els\u0151k\u00e9nt csatlakoztunk a nyugati diaszp\u00f3r\u00e1b\u00f3l ehhez a nemes kezdem\u00e9nyez\u00e9shez, amelyben t\u00f6bb mint 5.000 eur\u00f3val (2.000.000 Forint) !!! j\u00e1rultunk hozz\u00e1 a &#8222;J\u00f3nak lenni j\u00f3&#8221; eg\u00e9sz napos rendezv\u00e9nyhez. Mindig az els\u0151 l\u00e9p\u00e9s a neh\u00e9z! Folytatjuk! Addig is fogadj\u00e1tok a tegnapi nap folyam\u00e1n k\u00e9sz\u00fclt felv\u00e9teleket. Tibor atya\u00a0\u00a0 \u00d6kumenikus istentisztelet: You are currently viewing a placeholder content from YouTube. To access the actual content, click the button below. Please note that doing so will share data with third-party providers. More Information Unblock content Accept required service and unblock content Cserk\u00e9sz-Advent: You are currently viewing a placeholder content from YouTube. To access the actual content, click the button below. Please note that doing so will share data with third-party providers. More Information Unblock content Accept... R\u00e9szletek","og_url":"https:\/\/stuttgarti-katolikusok.de\/index.php\/egyutt-lenni-meg-jobb-stuttgart-2023-december-17\/","og_site_name":"Stuttgarti Katolikusok","article_published_time":"2023-12-18T10:16:14+00:00","article_modified_time":"2023-12-19T11:41:24+00:00","og_image":[{"width":1920,"height":1080,"url":"https:\/\/stuttgarti-katolikusok.de\/wp-content\/uploads\/2023\/12\/orom-vasarnapja-stuttgart.jpg","type":"image\/jpeg"}],"author":"Tibor atya","twitter_card":"summary_large_image","twitter_misc":{"Szerz\u0151:":"Tibor atya","Becs\u00fclt olvas\u00e1si id\u0151":"2 perc"},"schema":{"@context":"https:\/\/schema.org","@graph":[{"@type":"Article","@id":"https:\/\/stuttgarti-katolikusok.de\/index.php\/egyutt-lenni-meg-jobb-stuttgart-2023-december-17\/#article","isPartOf":{"@id":"https:\/\/stuttgarti-katolikusok.de\/index.php\/egyutt-lenni-meg-jobb-stuttgart-2023-december-17\/"},"author":{"name":"Tibor atya","@id":"https:\/\/stuttgarti-katolikusok.de\/#\/schema\/person\/75908d6f8fdc03a57889d27209df7795"},"headline":"&#8222;Egy\u00fctt j\u00f3nak lenni m\u00e9g jobb!&#8221; &#8211; Stuttgart &#8211; 2023. december 17.","datePublished":"2023-12-18T10:16:14+00:00","dateModified":"2023-12-19T11:41:24+00:00","mainEntityOfPage":{"@id":"https:\/\/stuttgarti-katolikusok.de\/index.php\/egyutt-lenni-meg-jobb-stuttgart-2023-december-17\/"},"wordCount":396,"image":{"@id":"https:\/\/stuttgarti-katolikusok.de\/index.php\/egyutt-lenni-meg-jobb-stuttgart-2023-december-17\/#primaryimage"},"thumbnailUrl":"https:\/\/stuttgarti-katolikusok.de\/wp-content\/uploads\/2023\/12\/orom-vasarnapja-stuttgart.jpg","articleSection":["H\u00edrek"],"inLanguage":"hu"},{"@type":"WebPage","@id":"https:\/\/stuttgarti-katolikusok.de\/index.php\/egyutt-lenni-meg-jobb-stuttgart-2023-december-17\/","url":"https:\/\/stuttgarti-katolikusok.de\/index.php\/egyutt-lenni-meg-jobb-stuttgart-2023-december-17\/","name":"\"Egy\u00fctt j\u00f3nak lenni m\u00e9g jobb!\" - Stuttgart - 2023. december 17. - Stuttgarti Katolikusok","isPartOf":{"@id":"https:\/\/stuttgarti-katolikusok.de\/#website"},"primaryImageOfPage":{"@id":"https:\/\/stuttgarti-katolikusok.de\/index.php\/egyutt-lenni-meg-jobb-stuttgart-2023-december-17\/#primaryimage"},"image":{"@id":"https:\/\/stuttgarti-katolikusok.de\/index.php\/egyutt-lenni-meg-jobb-stuttgart-2023-december-17\/#primaryimage"},"thumbnailUrl":"https:\/\/stuttgarti-katolikusok.de\/wp-content\/uploads\/2023\/12\/orom-vasarnapja-stuttgart.jpg","datePublished":"2023-12-18T10:16:14+00:00","dateModified":"2023-12-19T11:41:24+00:00","author":{"@id":"https:\/\/stuttgarti-katolikusok.de\/#\/schema\/person\/75908d6f8fdc03a57889d27209df7795"},"breadcrumb":{"@id":"https:\/\/stuttgarti-katolikusok.de\/index.php\/egyutt-lenni-meg-jobb-stuttgart-2023-december-17\/#breadcrumb"},"inLanguage":"hu","potentialAction":[{"@type":"ReadAction","target":["https:\/\/stuttgarti-katolikusok.de\/index.php\/egyutt-lenni-meg-jobb-stuttgart-2023-december-17\/"]}]},{"@type":"ImageObject","inLanguage":"hu","@id":"https:\/\/stuttgarti-katolikusok.de\/index.php\/egyutt-lenni-meg-jobb-stuttgart-2023-december-17\/#primaryimage","url":"https:\/\/stuttgarti-katolikusok.de\/wp-content\/uploads\/2023\/12\/orom-vasarnapja-stuttgart.jpg","contentUrl":"https:\/\/stuttgarti-katolikusok.de\/wp-content\/uploads\/2023\/12\/orom-vasarnapja-stuttgart.jpg","width":1920,"height":1080},{"@type":"BreadcrumbList","@id":"https:\/\/stuttgarti-katolikusok.de\/index.php\/egyutt-lenni-meg-jobb-stuttgart-2023-december-17\/#breadcrumb","itemListElement":[{"@type":"ListItem","position":1,"name":"Kezd\u0151lap","item":"https:\/\/stuttgarti-katolikusok.de\/"},{"@type":"ListItem","position":2,"name":"&#8222;Egy\u00fctt j\u00f3nak lenni m\u00e9g jobb!&#8221; &#8211; Stuttgart &#8211; 2023. december 17."}]},{"@type":"WebSite","@id":"https:\/\/stuttgarti-katolikusok.de\/#website","url":"https:\/\/stuttgarti-katolikusok.de\/","name":"Stuttgarti Katolikusok","description":"","potentialAction":[{"@type":"SearchAction","target":{"@type":"EntryPoint","urlTemplate":"https:\/\/stuttgarti-katolikusok.de\/?s={search_term_string}"},"query-input":{"@type":"PropertyValueSpecification","valueRequired":true,"valueName":"search_term_string"}}],"inLanguage":"hu"},{"@type":"Person","@id":"https:\/\/stuttgarti-katolikusok.de\/#\/schema\/person\/75908d6f8fdc03a57889d27209df7795","name":"Tibor atya","image":{"@type":"ImageObject","inLanguage":"hu","@id":"https:\/\/secure.gravatar.com\/avatar\/61d268e57d1f4525b111222e29d2d5a7f8c420fdbf231ba5566a8ceac74fa960?s=96&d=mm&r=g","url":"https:\/\/secure.gravatar.com\/avatar\/61d268e57d1f4525b111222e29d2d5a7f8c420fdbf231ba5566a8ceac74fa960?s=96&d=mm&r=g","contentUrl":"https:\/\/secure.gravatar.com\/avatar\/61d268e57d1f4525b111222e29d2d5a7f8c420fdbf231ba5566a8ceac74fa960?s=96&d=mm&r=g","caption":"Tibor atya"},"url":"https:\/\/stuttgarti-katolikusok.de\/index.php\/author\/tibor-atya\/"}]}},"_links":{"self":[{"href":"https:\/\/stuttgarti-katolikusok.de\/index.php\/wp-json\/wp\/v2\/posts\/27640","targetHints":{"allow":["GET"]}}],"collection":[{"href":"https:\/\/stuttgarti-katolikusok.de\/index.php\/wp-json\/wp\/v2\/posts"}],"about":[{"href":"https:\/\/stuttgarti-katolikusok.de\/index.php\/wp-json\/wp\/v2\/types\/post"}],"author":[{"embeddable":true,"href":"https:\/\/stuttgarti-katolikusok.de\/index.php\/wp-json\/wp\/v2\/users\/3"}],"replies":[{"embeddable":true,"href":"https:\/\/stuttgarti-katolikusok.de\/index.php\/wp-json\/wp\/v2\/comments?post=27640"}],"version-history":[{"count":3,"href":"https:\/\/stuttgarti-katolikusok.de\/index.php\/wp-json\/wp\/v2\/posts\/27640\/revisions"}],"predecessor-version":[{"id":27658,"href":"https:\/\/stuttgarti-katolikusok.de\/index.php\/wp-json\/wp\/v2\/posts\/27640\/revisions\/27658"}],"wp:featuredmedia":[{"embeddable":true,"href":"https:\/\/stuttgarti-katolikusok.de\/index.php\/wp-json\/wp\/v2\/media\/27641"}],"wp:attachment":[{"href":"https:\/\/stuttgarti-katolikusok.de\/index.php\/wp-json\/wp\/v2\/media?parent=27640"}],"wp:term":[{"taxonomy":"category","embeddable":true,"href":"https:\/\/stuttgarti-katolikusok.de\/index.php\/wp-json\/wp\/v2\/categories?post=27640"},{"taxonomy":"post_tag","embeddable":true,"href":"https:\/\/stuttgarti-katolikusok.de\/index.php\/wp-json\/wp\/v2\/tags?post=27640"}],"curies":[{"name":"wp","href":"https:\/\/api.w.org\/{rel}","templated":true}]}}