{"id":27635,"date":"2023-12-16T11:17:18","date_gmt":"2023-12-16T10:17:18","guid":{"rendered":"https:\/\/stuttgarti-katolikusok.de\/?p=27635"},"modified":"2023-12-16T11:17:18","modified_gmt":"2023-12-16T10:17:18","slug":"advent-3-vasarnapja-orom-vasarnapja","status":"publish","type":"post","link":"https:\/\/stuttgarti-katolikusok.de\/index.php\/advent-3-vasarnapja-orom-vasarnapja\/","title":{"rendered":"Advent 3. vas\u00e1rnapja &#8211; \u00d6r\u00f6m vas\u00e1rnapja"},"content":{"rendered":"<p align=\"justify\"><span style=\"color: #800080;\">OLVASM\u00c1NY Izaj\u00e1s pr\u00f3f\u00e9ta k\u00f6nyv\u00e9b\u0151l (Iz 61,1-2a.10-11)<\/span><br \/>\n<em>Egyed\u00fcl a Megv\u00e1lt\u00f3 hozza meg az igazi boldogs\u00e1got.<\/em><br \/>\nA pr\u00f3f\u00e9ta \u00edgy besz\u00e9l: Az \u00dar Lelke nyugszik rajtam. Az\u00e9rt kent f\u00f6l az \u00dar \u00e9s k\u00fcld\u00f6tt engem, hogy \u00f6r\u00f6mh\u00edrt vigyek a szeg\u00e9nyeknek, \u00e9s meggy\u00f3gy\u00edtsam a megt\u00f6rt sz\u00edv\u0171eket. Hogy szabadul\u00e1st hirdessek a foglyoknak, \u00e9s szabads\u00e1got a b\u00f6rt\u00f6n\u00f6k lak\u00f3inak. Hogy hirdessem az \u00dar kegyelm\u00e9nek esztendej\u00e9t. Nagy \u00f6r\u00f6mmel \u00f6rvendezem az \u00darban, lelkem ujjong az \u00e9n Istenemben, mert az \u00fcdv\u00f6ss\u00e9g ruh\u00e1j\u00e1ba \u00f6lt\u00f6ztetett, s az igazs\u00e1g k\u00f6nt\u00f6s\u00e9t ter\u00edtette r\u00e1m. Fel\u00e9kes\u00edtett, mint a v\u0151leg\u00e9nyt, aki koszor\u00fat visel, \u00e9s mint a menyasszonyt, aki \u00e9kszerekkel d\u00edsz\u00edti mag\u00e1t. Mert amint a f\u00f6ld megtermi n\u00f6v\u00e9nyeit, \u00e9s a kert vetem\u00e9nyeket sarjaszt, \u00fagy sarjasztja ki az \u00daristen az igazs\u00e1got, \u00e9s a magasztal\u00e1st minden n\u00e9p sz\u00edne el\u0151tt.<br \/>\nEz az Isten ig\u00e9je.<\/p>\n<p align=\"justify\"><span style=\"color: #800080;\">V\u00c1LASZOS ZSOLT\u00c1R (Lk 1,46-48.49-50.53-54)<\/span><br \/>\nV\u00e1lasz:\u00a0<strong>Lelkem\u00a0<u>uj<\/u>jongva hirdeti * Istenem<u>nek<\/u>\u00a0dics\u0151s\u00e9g\u00e9t.<\/strong>\u00a0(3a. t\u00f3nus.)<\/p>\n<p>El\u0151\u00e9nekes: Magasztalja az \u00e9n\u00a0<u>lel<\/u>kem az Urat, * \u00e9s sz\u00edvem ujjong \u00fcdv\u00f6z\u00ed<u>t\u0151<\/u>\u00a0Istenemben.<br \/>\nMivel tekintetre m\u00e9ltatta al\u00e1zatos\u00a0<u>szol<\/u>g\u00e1l\u00f3le\u00e1ny\u00e1t,* \u00edme, mostant\u00f3l fogva boldognak hirdet en<u>gem<\/u>\u00a0minden nemzed\u00e9k.<br \/>\nH\u00edvek:\u00a0<strong>Lelkem\u00a0<u>uj<\/u>jongva hirdeti * Istenem<u>nek<\/u>\u00a0dics\u0151s\u00e9g\u00e9t.<\/strong><\/p>\n<p>E: Mert nagy dolgot m\u0171velt velem\u00a0<u>\u0151<\/u>, aki hatalmas, * \u0151, a<u>kit<\/u>\u00a0Szentnek h\u00edvunk.<br \/>\nNemzed\u00e9kr\u0151l nemzed\u00e9kre\u00a0<u>meg<\/u>marad irgalma * azokon, a<u>kik<\/u>\u00a0istenf\u00e9l\u0151k.<br \/>\nH\u00edvek:\u00a0<strong>Lelkem\u00a0<u>uj<\/u>jongva hirdeti * Istenem<u>nek<\/u>\u00a0dics\u0151s\u00e9g\u00e9t.<\/strong><\/p>\n<p>E: Az \u00e9hez\u0151ket minden\u00a0<u>j\u00f3<\/u>val bet\u00f6lti, * a gazdagokat elbocs\u00e1t<u>ja<\/u>\u00a0\u00fcres k\u00e9zzel.<br \/>\nGondj\u00e1ba vette\u00a0<u>gyer<\/u>mek\u00e9t, Izraelt, * megeml\u00e9ke<u>zett<\/u>\u00a0irgalm\u00e1r\u00f3l.<br \/>\nH:\u00a0<strong>Lelkem\u00a0<u>uj<\/u>jongva hirdeti * Istenem<u>nek<\/u>\u00a0dics\u0151s\u00e9g\u00e9t.<\/strong><\/p>\n<p align=\"justify\"><span style=\"color: #800080;\">SZENTLECKE Szent P\u00e1l apostolnak a tesszaloniki h\u00edvekhez \u00edrt els\u0151 level\u00e9b\u0151l (1Tessz 5,16-24)<\/span><br \/>\n<em>\u0150rizze meg Isten a szellemeteket, lelketeket \u00e9s testeteket feddhetetlen\u00fcl!<\/em><br \/>\nTestv\u00e9reim!<br \/>\nLegyetek mindig der\u0171sek. Im\u00e1dkozzatok sz\u00fcntelen\u00fcl. Adjatok h\u00e1l\u00e1t minden\u00e9rt, mert Isten ezt k\u00edv\u00e1nja mindny\u00e1jatokt\u00f3l Krisztus J\u00e9zusban. Ne olts\u00e1tok ki a Lelket, s a pr\u00f3f\u00e9tai besz\u00e9det ne vess\u00e9tek meg. Vizsg\u00e1ljatok meg mindent, \u00e9s a j\u00f3t tarts\u00e1tok meg. Mindenf\u00e9le rosszt\u00f3l \u00f3vakodjatok. A b\u00e9kess\u00e9g Istene szenteljen meg titeket, hogy t\u00f6k\u00e9letesek legyetek. \u0150rizze meg szellemeteket, lelketeket \u00e9s testeteket feddhetetlen\u00fcl Urunk, J\u00e9zus Krisztus elj\u00f6vetel\u00e9ig. H\u0171s\u00e9ges az, aki megh\u00edvott benneteket, \u0151 majd v\u00e9gbe is viszi.<br \/>\nEz az Isten ig\u00e9je.<\/p>\n<p align=\"justify\"><span style=\"color: #800080;\">ALLELUJA<\/span><br \/>\nAz \u00dar\u00a0<u>lel<\/u>ke van rajtam: * elk\u00fcld\u00f6tt, hogy a szeg\u00e9nyeknek\u00a0<u>\u00f6<\/u>r\u00f6mh\u00edrt vigyek. (Iz 61,1 \u2013 7b. t\u00f3nus.)<\/p>\n<p align=\"justify\"><span style=\"color: #800080;\">\u2020 EVANG\u00c9LIUM Szent J\u00e1nos k\u00f6nyv\u00e9b\u0151l (Jn 1,6-8.19-28)<\/span><br \/>\n<em>K\u00f6ztetek van az, akit ti nem ismertek.<\/em><br \/>\nAbban az id\u0151ben: F\u00f6ll\u00e9pett egy ember: az Isten k\u00fcldte, \u00e9s J\u00e1nos volt a neve. Az\u00e9rt j\u00f6tt, hogy tan\u00fas\u00e1got tegyen, tan\u00fas\u00e1got a vil\u00e1goss\u00e1gr\u00f3l, hogy mindenki higgyen \u00e1ltala. Nem \u0151 volt a vil\u00e1goss\u00e1g, hanem (az\u00e9rt j\u00f6tt, hogy) tan\u00fas\u00e1got tegyen a vil\u00e1goss\u00e1gr\u00f3l. J\u00e1nos \u00edgy tett tan\u00fas\u00e1got: A zsid\u00f3k papokat \u00e9s levit\u00e1kat k\u00fcldtek hozz\u00e1 Jeruzs\u00e1lemb\u0151l, hogy megk\u00e9rdezz\u00e9k \u0151t: \u201eKi vagy te?\u201d Erre megvallotta, nem tagadta, hanem megvallotta: \u201eNem \u00e9n vagyok a Messi\u00e1s.\u201d Ez\u00e9rt megk\u00e9rdezt\u00e9k t\u0151le: \u201eH\u00e1t akkor? Tal\u00e1n Ill\u00e9s vagy?\u201d \u201eNem vagyok\u201d \u2013 felelte. \u201eA pr\u00f3f\u00e9ta vagy?\u201d Erre is nemmel v\u00e1laszolt. Azt mondt\u00e1k teh\u00e1t neki: \u201eAkkor ki vagy? Mert v\u00e1laszt kell vinn\u00fcnk azoknak, akik k\u00fcldtek minket. Mit mondasz magadr\u00f3l?\u201d<br \/>\nEzt felelte: \u201eA puszt\u00e1ban ki\u00e1lt\u00f3 hangja vagyok: Egyengess\u00e9tek az \u00dar \u00fatj\u00e1t\u201d, amint Izaj\u00e1s pr\u00f3f\u00e9ta mondta. A k\u00fcld\u00f6ttek a farizeusokt\u00f3l j\u00f6ttek, ez\u00e9rt megk\u00e9rdezt\u00e9k: \u201eMi\u00e9rt keresztelsz h\u00e1t, ha nem te vagy a Messi\u00e1s, sem Ill\u00e9s, sem pedig a pr\u00f3f\u00e9ta?\u201d J\u00e1nos \u00edgy v\u00e1laszolt: \u201e\u00c9n csak v\u00edzzel keresztelek. De k\u00f6ztetek \u00e1ll az, akit nem ismertek, aki ut\u00e1nam j\u00f6n, s akinek m\u00e9g a sarusz\u00edj\u00e1t sem vagyok m\u00e9lt\u00f3 megoldani.\u201d Ez Bet\u00e1ni\u00e1ban t\u00f6rt\u00e9nt, a Jord\u00e1non t\u00fal, ahol J\u00e1nos tart\u00f3zkodott \u00e9s keresztelt.<br \/>\nEzek az evang\u00e9lium ig\u00e9i.<\/p>\n<p><span style=\"color: #800080;\">EGYETEMES K\u00d6NY\u00d6RG\u00c9SEK (Jn 1,6-8.19-28)<\/span><br \/>\nPap: Im\u00e1dkozzunk, testv\u00e9reim, hogy a tiszta l\u00e9lek der\u0171j\u00e9vel k\u00e9sz\u00fclhess\u00fcnk Megv\u00e1lt\u00f3nk elj\u00f6vetel\u00e9nek \u00fcnnep\u00e9re!<br \/>\nLektor:<br \/>\n1. Vil\u00e1gos\u00edtsd meg, Urunk, Szentaty\u00e1nkat, N. p\u00e1p\u00e1t \u00e9s p\u00fcsp\u00f6keinket, hogy mindig a helyes \u00faton vezess\u00e9k n\u00e9pedet!<br \/>\nH\u00edvek: K\u00e9r\u00fcnk t\u00e9ged, hallgass meg minket!<br \/>\n2. Ir\u00e1ny\u00edtsd az \u00e1llamf\u00e9rfiakat, hogy j\u00f3l\u00e9thez \u00e9s boldogs\u00e1ghoz seg\u00edts\u00e9k a nemzeteket!<br \/>\nH\u00edvek: K\u00e9r\u00fcnk t\u00e9ged . . .<br \/>\n3. \u00c1raszd el tan\u00edt\u00e1sod f\u00e9ny\u00e9vel az olt\u00e1r k\u00f6r\u00fcl egybegy\u0171lt h\u00edveket!<br \/>\nH\u00edvek: K\u00e9r\u00fcnk t\u00e9ged . . .<br \/>\n4. T\u00f6ltsd el a kereszt\u00e9ny szeretet meleg\u00e9vel otthonainkat!<br \/>\nH\u00edvek: K\u00e9r\u00fcnk t\u00e9ged . . .<br \/>\n5. Tedd boldogg\u00e1 elhunyt testv\u00e9reinket \u00f6r\u00f6k vil\u00e1goss\u00e1god \u00e1ltal!<br \/>\nH\u00edvek: K\u00e9r\u00fcnk t\u00e9ged . . .<br \/>\nPap: Urunk! Keresztel\u0151 J\u00e1nos tan\u00fas\u00e1got tett szent Fiad elj\u00f6vetel\u00e9r\u0151l. Add, hogy \u00f6r\u00f6mmel fogadjuk \u0151t a f\u00f6ld\u00f6n, \u00e9s boldog\u00edt\u00f3 l\u00e1t\u00e1s\u00e1t \u00e9lvezhess\u00fck a mennyben! Aki \u00e9l \u00e9s uralkodik mind\u00f6r\u00f6kk\u00f6n-\u00f6r\u00f6kk\u00e9.<br \/>\nH\u00edvek: \u00c1men.<\/p>\n<p><em>(K\u00e9p forr\u00e1sa: Pixabay)<\/em><\/p>\n","protected":false},"excerpt":{"rendered":"<p>OLVASM\u00c1NY Izaj\u00e1s pr\u00f3f\u00e9ta k\u00f6nyv\u00e9b\u0151l (Iz 61,1-2a.10-11) Egyed\u00fcl a Megv\u00e1lt\u00f3 hozza meg az igazi boldogs\u00e1got. A pr\u00f3f\u00e9ta \u00edgy besz\u00e9l: Az \u00dar Lelke nyugszik rajtam. Az\u00e9rt kent f\u00f6l az \u00dar \u00e9s k\u00fcld\u00f6tt engem, hogy \u00f6r\u00f6mh\u00edrt vigyek a szeg\u00e9nyeknek, \u00e9s meggy\u00f3gy\u00edtsam a megt\u00f6rt sz\u00edv\u0171eket. Hogy szabadul\u00e1st hirdessek a foglyoknak, \u00e9s szabads\u00e1got a b\u00f6rt\u00f6n\u00f6k lak\u00f3inak. Hogy hirdessem az \u00dar kegyelm\u00e9nek esztendej\u00e9t. Nagy \u00f6r\u00f6mmel \u00f6rvendezem az \u00darban, lelkem ujjong az \u00e9n Istenemben, mert az \u00fcdv\u00f6ss\u00e9g ruh\u00e1j\u00e1ba \u00f6lt\u00f6ztetett, s az igazs\u00e1g k\u00f6nt\u00f6s\u00e9t ter\u00edtette r\u00e1m. Fel\u00e9kes\u00edtett, mint a v\u0151leg\u00e9nyt, aki koszor\u00fat visel, \u00e9s mint a menyasszonyt, aki \u00e9kszerekkel d\u00edsz\u00edti mag\u00e1t. Mert amint a f\u00f6ld megtermi n\u00f6v\u00e9nyeit, \u00e9s a kert vetem\u00e9nyeket sarjaszt, \u00fagy sarjasztja ki az \u00daristen az igazs\u00e1got, \u00e9s a magasztal\u00e1st minden n\u00e9p sz\u00edne el\u0151tt. Ez az Isten ig\u00e9je. V\u00c1LASZOS ZSOLT\u00c1R (Lk 1,46-48.49-50.53-54) V\u00e1lasz:\u00a0Lelkem\u00a0ujjongva hirdeti * Istenemnek\u00a0dics\u0151s\u00e9g\u00e9t.\u00a0(3a. t\u00f3nus.) El\u0151\u00e9nekes: Magasztalja az \u00e9n\u00a0lelkem az Urat, * \u00e9s sz\u00edvem ujjong \u00fcdv\u00f6z\u00edt\u0151\u00a0Istenemben. Mivel tekintetre m\u00e9ltatta al\u00e1zatos\u00a0szolg\u00e1l\u00f3le\u00e1ny\u00e1t,* \u00edme, mostant\u00f3l fogva boldognak hirdet engem\u00a0minden nemzed\u00e9k. H\u00edvek:\u00a0Lelkem\u00a0ujjongva hirdeti * Istenemnek\u00a0dics\u0151s\u00e9g\u00e9t. E: Mert nagy dolgot m\u0171velt velem\u00a0\u0151, aki hatalmas, * \u0151, akit\u00a0Szentnek h\u00edvunk. Nemzed\u00e9kr\u0151l nemzed\u00e9kre\u00a0megmarad irgalma * azokon, akik\u00a0istenf\u00e9l\u0151k. H\u00edvek:\u00a0Lelkem\u00a0ujjongva hirdeti * Istenemnek\u00a0dics\u0151s\u00e9g\u00e9t. E: Az \u00e9hez\u0151ket minden\u00a0j\u00f3val bet\u00f6lti, * a gazdagokat elbocs\u00e1tja\u00a0\u00fcres k\u00e9zzel. Gondj\u00e1ba vette\u00a0gyermek\u00e9t, Izraelt, * megeml\u00e9kezett\u00a0irgalm\u00e1r\u00f3l. H:\u00a0Lelkem\u00a0ujjongva hirdeti * Istenemnek\u00a0dics\u0151s\u00e9g\u00e9t. SZENTLECKE Szent P\u00e1l apostolnak a tesszaloniki h\u00edvekhez \u00edrt els\u0151 level\u00e9b\u0151l (1Tessz 5,16-24) \u0150rizze meg Isten a szellemeteket, lelketeket \u00e9s testeteket feddhetetlen\u00fcl! Testv\u00e9reim! Legyetek mindig der\u0171sek. Im\u00e1dkozzatok sz\u00fcntelen\u00fcl. Adjatok h\u00e1l\u00e1t minden\u00e9rt, mert Isten ezt k\u00edv\u00e1nja mindny\u00e1jatokt\u00f3l Krisztus J\u00e9zusban. Ne olts\u00e1tok ki a Lelket, s a pr\u00f3f\u00e9tai besz\u00e9det ne vess\u00e9tek meg. Vizsg\u00e1ljatok meg mindent, \u00e9s a j\u00f3t tarts\u00e1tok meg. Mindenf\u00e9le rosszt\u00f3l \u00f3vakodjatok. A b\u00e9kess\u00e9g Istene szenteljen meg titeket, hogy t\u00f6k\u00e9letesek legyetek. \u0150rizze meg szellemeteket, lelketeket \u00e9s testeteket feddhetetlen\u00fcl Urunk, J\u00e9zus Krisztus elj\u00f6vetel\u00e9ig. H\u0171s\u00e9ges az, aki megh\u00edvott benneteket, \u0151 majd v\u00e9gbe is viszi. Ez az Isten ig\u00e9je. ALLELUJA Az \u00dar\u00a0lelke van rajtam: * elk\u00fcld\u00f6tt, hogy&#8230; <\/p>\n<p><a class=\"readmore\" href=\"https:\/\/stuttgarti-katolikusok.de\/index.php\/advent-3-vasarnapja-orom-vasarnapja\/\">R\u00e9szletek<\/a><\/p>\n","protected":false},"author":3,"featured_media":27636,"comment_status":"closed","ping_status":"closed","sticky":false,"template":"","format":"standard","meta":{"footnotes":""},"categories":[85,63],"tags":[],"class_list":["post-27635","post","type-post","status-publish","format-standard","has-post-thumbnail","hentry","category-a-liturgia-olvasmanyai","category-vasarnapi-gondolatok"],"yoast_head":"<!-- This site is optimized with the Yoast SEO plugin v27.3 - https:\/\/yoast.com\/product\/yoast-seo-wordpress\/ -->\n<title>Advent 3. vas\u00e1rnapja - \u00d6r\u00f6m vas\u00e1rnapja - Stuttgarti Katolikusok<\/title>\n<meta name=\"robots\" content=\"index, follow, max-snippet:-1, max-image-preview:large, max-video-preview:-1\" \/>\n<link rel=\"canonical\" href=\"https:\/\/stuttgarti-katolikusok.de\/index.php\/advent-3-vasarnapja-orom-vasarnapja\/\" \/>\n<meta property=\"og:locale\" content=\"hu_HU\" \/>\n<meta property=\"og:type\" content=\"article\" \/>\n<meta property=\"og:title\" content=\"Advent 3. vas\u00e1rnapja - \u00d6r\u00f6m vas\u00e1rnapja - Stuttgarti Katolikusok\" \/>\n<meta property=\"og:description\" content=\"OLVASM\u00c1NY Izaj\u00e1s pr\u00f3f\u00e9ta k\u00f6nyv\u00e9b\u0151l (Iz 61,1-2a.10-11) Egyed\u00fcl a Megv\u00e1lt\u00f3 hozza meg az igazi boldogs\u00e1got. A pr\u00f3f\u00e9ta \u00edgy besz\u00e9l: Az \u00dar Lelke nyugszik rajtam. Az\u00e9rt kent f\u00f6l az \u00dar \u00e9s k\u00fcld\u00f6tt engem, hogy \u00f6r\u00f6mh\u00edrt vigyek a szeg\u00e9nyeknek, \u00e9s meggy\u00f3gy\u00edtsam a megt\u00f6rt sz\u00edv\u0171eket. Hogy szabadul\u00e1st hirdessek a foglyoknak, \u00e9s szabads\u00e1got a b\u00f6rt\u00f6n\u00f6k lak\u00f3inak. Hogy hirdessem az \u00dar kegyelm\u00e9nek esztendej\u00e9t. Nagy \u00f6r\u00f6mmel \u00f6rvendezem az \u00darban, lelkem ujjong az \u00e9n Istenemben, mert az \u00fcdv\u00f6ss\u00e9g ruh\u00e1j\u00e1ba \u00f6lt\u00f6ztetett, s az igazs\u00e1g k\u00f6nt\u00f6s\u00e9t ter\u00edtette r\u00e1m. Fel\u00e9kes\u00edtett, mint a v\u0151leg\u00e9nyt, aki koszor\u00fat visel, \u00e9s mint a menyasszonyt, aki \u00e9kszerekkel d\u00edsz\u00edti mag\u00e1t. Mert amint a f\u00f6ld megtermi n\u00f6v\u00e9nyeit, \u00e9s a kert vetem\u00e9nyeket sarjaszt, \u00fagy sarjasztja ki az \u00daristen az igazs\u00e1got, \u00e9s a magasztal\u00e1st minden n\u00e9p sz\u00edne el\u0151tt. Ez az Isten ig\u00e9je. V\u00c1LASZOS ZSOLT\u00c1R (Lk 1,46-48.49-50.53-54) V\u00e1lasz:\u00a0Lelkem\u00a0ujjongva hirdeti * Istenemnek\u00a0dics\u0151s\u00e9g\u00e9t.\u00a0(3a. t\u00f3nus.) El\u0151\u00e9nekes: Magasztalja az \u00e9n\u00a0lelkem az Urat, * \u00e9s sz\u00edvem ujjong \u00fcdv\u00f6z\u00edt\u0151\u00a0Istenemben. Mivel tekintetre m\u00e9ltatta al\u00e1zatos\u00a0szolg\u00e1l\u00f3le\u00e1ny\u00e1t,* \u00edme, mostant\u00f3l fogva boldognak hirdet engem\u00a0minden nemzed\u00e9k. H\u00edvek:\u00a0Lelkem\u00a0ujjongva hirdeti * Istenemnek\u00a0dics\u0151s\u00e9g\u00e9t. E: Mert nagy dolgot m\u0171velt velem\u00a0\u0151, aki hatalmas, * \u0151, akit\u00a0Szentnek h\u00edvunk. Nemzed\u00e9kr\u0151l nemzed\u00e9kre\u00a0megmarad irgalma * azokon, akik\u00a0istenf\u00e9l\u0151k. H\u00edvek:\u00a0Lelkem\u00a0ujjongva hirdeti * Istenemnek\u00a0dics\u0151s\u00e9g\u00e9t. E: Az \u00e9hez\u0151ket minden\u00a0j\u00f3val bet\u00f6lti, * a gazdagokat elbocs\u00e1tja\u00a0\u00fcres k\u00e9zzel. Gondj\u00e1ba vette\u00a0gyermek\u00e9t, Izraelt, * megeml\u00e9kezett\u00a0irgalm\u00e1r\u00f3l. H:\u00a0Lelkem\u00a0ujjongva hirdeti * Istenemnek\u00a0dics\u0151s\u00e9g\u00e9t. SZENTLECKE Szent P\u00e1l apostolnak a tesszaloniki h\u00edvekhez \u00edrt els\u0151 level\u00e9b\u0151l (1Tessz 5,16-24) \u0150rizze meg Isten a szellemeteket, lelketeket \u00e9s testeteket feddhetetlen\u00fcl! Testv\u00e9reim! Legyetek mindig der\u0171sek. Im\u00e1dkozzatok sz\u00fcntelen\u00fcl. Adjatok h\u00e1l\u00e1t minden\u00e9rt, mert Isten ezt k\u00edv\u00e1nja mindny\u00e1jatokt\u00f3l Krisztus J\u00e9zusban. Ne olts\u00e1tok ki a Lelket, s a pr\u00f3f\u00e9tai besz\u00e9det ne vess\u00e9tek meg. Vizsg\u00e1ljatok meg mindent, \u00e9s a j\u00f3t tarts\u00e1tok meg. Mindenf\u00e9le rosszt\u00f3l \u00f3vakodjatok. A b\u00e9kess\u00e9g Istene szenteljen meg titeket, hogy t\u00f6k\u00e9letesek legyetek. \u0150rizze meg szellemeteket, lelketeket \u00e9s testeteket feddhetetlen\u00fcl Urunk, J\u00e9zus Krisztus elj\u00f6vetel\u00e9ig. H\u0171s\u00e9ges az, aki megh\u00edvott benneteket, \u0151 majd v\u00e9gbe is viszi. Ez az Isten ig\u00e9je. ALLELUJA Az \u00dar\u00a0lelke van rajtam: * elk\u00fcld\u00f6tt, hogy... R\u00e9szletek\" \/>\n<meta property=\"og:url\" content=\"https:\/\/stuttgarti-katolikusok.de\/index.php\/advent-3-vasarnapja-orom-vasarnapja\/\" \/>\n<meta property=\"og:site_name\" content=\"Stuttgarti Katolikusok\" \/>\n<meta property=\"article:published_time\" content=\"2023-12-16T10:17:18+00:00\" \/>\n<meta property=\"og:image\" content=\"https:\/\/stuttgarti-katolikusok.de\/wp-content\/uploads\/2023\/12\/mountains-190055-1280.jpg\" \/>\n\t<meta property=\"og:image:width\" content=\"1280\" \/>\n\t<meta property=\"og:image:height\" content=\"853\" \/>\n\t<meta property=\"og:image:type\" content=\"image\/jpeg\" \/>\n<meta name=\"author\" content=\"Tibor atya\" \/>\n<meta name=\"twitter:card\" content=\"summary_large_image\" \/>\n<meta name=\"twitter:label1\" content=\"Szerz\u0151:\" \/>\n\t<meta name=\"twitter:data1\" content=\"Tibor atya\" \/>\n\t<meta name=\"twitter:label2\" content=\"Becs\u00fclt olvas\u00e1si id\u0151\" \/>\n\t<meta name=\"twitter:data2\" content=\"4 perc\" \/>\n<script type=\"application\/ld+json\" class=\"yoast-schema-graph\">{\"@context\":\"https:\\\/\\\/schema.org\",\"@graph\":[{\"@type\":\"Article\",\"@id\":\"https:\\\/\\\/stuttgarti-katolikusok.de\\\/index.php\\\/advent-3-vasarnapja-orom-vasarnapja\\\/#article\",\"isPartOf\":{\"@id\":\"https:\\\/\\\/stuttgarti-katolikusok.de\\\/index.php\\\/advent-3-vasarnapja-orom-vasarnapja\\\/\"},\"author\":{\"name\":\"Tibor atya\",\"@id\":\"https:\\\/\\\/stuttgarti-katolikusok.de\\\/#\\\/schema\\\/person\\\/75908d6f8fdc03a57889d27209df7795\"},\"headline\":\"Advent 3. vas\u00e1rnapja &#8211; \u00d6r\u00f6m vas\u00e1rnapja\",\"datePublished\":\"2023-12-16T10:17:18+00:00\",\"mainEntityOfPage\":{\"@id\":\"https:\\\/\\\/stuttgarti-katolikusok.de\\\/index.php\\\/advent-3-vasarnapja-orom-vasarnapja\\\/\"},\"wordCount\":987,\"image\":{\"@id\":\"https:\\\/\\\/stuttgarti-katolikusok.de\\\/index.php\\\/advent-3-vasarnapja-orom-vasarnapja\\\/#primaryimage\"},\"thumbnailUrl\":\"https:\\\/\\\/stuttgarti-katolikusok.de\\\/wp-content\\\/uploads\\\/2023\\\/12\\\/mountains-190055-1280.jpg\",\"articleSection\":[\"A liturgia olvasm\u00e1nyai\",\"Vas\u00e1rnapi gondolatok\"],\"inLanguage\":\"hu\"},{\"@type\":\"WebPage\",\"@id\":\"https:\\\/\\\/stuttgarti-katolikusok.de\\\/index.php\\\/advent-3-vasarnapja-orom-vasarnapja\\\/\",\"url\":\"https:\\\/\\\/stuttgarti-katolikusok.de\\\/index.php\\\/advent-3-vasarnapja-orom-vasarnapja\\\/\",\"name\":\"Advent 3. vas\u00e1rnapja - \u00d6r\u00f6m vas\u00e1rnapja - Stuttgarti Katolikusok\",\"isPartOf\":{\"@id\":\"https:\\\/\\\/stuttgarti-katolikusok.de\\\/#website\"},\"primaryImageOfPage\":{\"@id\":\"https:\\\/\\\/stuttgarti-katolikusok.de\\\/index.php\\\/advent-3-vasarnapja-orom-vasarnapja\\\/#primaryimage\"},\"image\":{\"@id\":\"https:\\\/\\\/stuttgarti-katolikusok.de\\\/index.php\\\/advent-3-vasarnapja-orom-vasarnapja\\\/#primaryimage\"},\"thumbnailUrl\":\"https:\\\/\\\/stuttgarti-katolikusok.de\\\/wp-content\\\/uploads\\\/2023\\\/12\\\/mountains-190055-1280.jpg\",\"datePublished\":\"2023-12-16T10:17:18+00:00\",\"author\":{\"@id\":\"https:\\\/\\\/stuttgarti-katolikusok.de\\\/#\\\/schema\\\/person\\\/75908d6f8fdc03a57889d27209df7795\"},\"breadcrumb\":{\"@id\":\"https:\\\/\\\/stuttgarti-katolikusok.de\\\/index.php\\\/advent-3-vasarnapja-orom-vasarnapja\\\/#breadcrumb\"},\"inLanguage\":\"hu\",\"potentialAction\":[{\"@type\":\"ReadAction\",\"target\":[\"https:\\\/\\\/stuttgarti-katolikusok.de\\\/index.php\\\/advent-3-vasarnapja-orom-vasarnapja\\\/\"]}]},{\"@type\":\"ImageObject\",\"inLanguage\":\"hu\",\"@id\":\"https:\\\/\\\/stuttgarti-katolikusok.de\\\/index.php\\\/advent-3-vasarnapja-orom-vasarnapja\\\/#primaryimage\",\"url\":\"https:\\\/\\\/stuttgarti-katolikusok.de\\\/wp-content\\\/uploads\\\/2023\\\/12\\\/mountains-190055-1280.jpg\",\"contentUrl\":\"https:\\\/\\\/stuttgarti-katolikusok.de\\\/wp-content\\\/uploads\\\/2023\\\/12\\\/mountains-190055-1280.jpg\",\"width\":1280,\"height\":853},{\"@type\":\"BreadcrumbList\",\"@id\":\"https:\\\/\\\/stuttgarti-katolikusok.de\\\/index.php\\\/advent-3-vasarnapja-orom-vasarnapja\\\/#breadcrumb\",\"itemListElement\":[{\"@type\":\"ListItem\",\"position\":1,\"name\":\"Kezd\u0151lap\",\"item\":\"https:\\\/\\\/stuttgarti-katolikusok.de\\\/\"},{\"@type\":\"ListItem\",\"position\":2,\"name\":\"Advent 3. vas\u00e1rnapja &#8211; \u00d6r\u00f6m vas\u00e1rnapja\"}]},{\"@type\":\"WebSite\",\"@id\":\"https:\\\/\\\/stuttgarti-katolikusok.de\\\/#website\",\"url\":\"https:\\\/\\\/stuttgarti-katolikusok.de\\\/\",\"name\":\"Stuttgarti Katolikusok\",\"description\":\"\",\"potentialAction\":[{\"@type\":\"SearchAction\",\"target\":{\"@type\":\"EntryPoint\",\"urlTemplate\":\"https:\\\/\\\/stuttgarti-katolikusok.de\\\/?s={search_term_string}\"},\"query-input\":{\"@type\":\"PropertyValueSpecification\",\"valueRequired\":true,\"valueName\":\"search_term_string\"}}],\"inLanguage\":\"hu\"},{\"@type\":\"Person\",\"@id\":\"https:\\\/\\\/stuttgarti-katolikusok.de\\\/#\\\/schema\\\/person\\\/75908d6f8fdc03a57889d27209df7795\",\"name\":\"Tibor atya\",\"image\":{\"@type\":\"ImageObject\",\"inLanguage\":\"hu\",\"@id\":\"https:\\\/\\\/secure.gravatar.com\\\/avatar\\\/61d268e57d1f4525b111222e29d2d5a7f8c420fdbf231ba5566a8ceac74fa960?s=96&d=mm&r=g\",\"url\":\"https:\\\/\\\/secure.gravatar.com\\\/avatar\\\/61d268e57d1f4525b111222e29d2d5a7f8c420fdbf231ba5566a8ceac74fa960?s=96&d=mm&r=g\",\"contentUrl\":\"https:\\\/\\\/secure.gravatar.com\\\/avatar\\\/61d268e57d1f4525b111222e29d2d5a7f8c420fdbf231ba5566a8ceac74fa960?s=96&d=mm&r=g\",\"caption\":\"Tibor atya\"},\"url\":\"https:\\\/\\\/stuttgarti-katolikusok.de\\\/index.php\\\/author\\\/tibor-atya\\\/\"}]}<\/script>\n<!-- \/ Yoast SEO plugin. -->","yoast_head_json":{"title":"Advent 3. vas\u00e1rnapja - \u00d6r\u00f6m vas\u00e1rnapja - Stuttgarti Katolikusok","robots":{"index":"index","follow":"follow","max-snippet":"max-snippet:-1","max-image-preview":"max-image-preview:large","max-video-preview":"max-video-preview:-1"},"canonical":"https:\/\/stuttgarti-katolikusok.de\/index.php\/advent-3-vasarnapja-orom-vasarnapja\/","og_locale":"hu_HU","og_type":"article","og_title":"Advent 3. vas\u00e1rnapja - \u00d6r\u00f6m vas\u00e1rnapja - Stuttgarti Katolikusok","og_description":"OLVASM\u00c1NY Izaj\u00e1s pr\u00f3f\u00e9ta k\u00f6nyv\u00e9b\u0151l (Iz 61,1-2a.10-11) Egyed\u00fcl a Megv\u00e1lt\u00f3 hozza meg az igazi boldogs\u00e1got. A pr\u00f3f\u00e9ta \u00edgy besz\u00e9l: Az \u00dar Lelke nyugszik rajtam. Az\u00e9rt kent f\u00f6l az \u00dar \u00e9s k\u00fcld\u00f6tt engem, hogy \u00f6r\u00f6mh\u00edrt vigyek a szeg\u00e9nyeknek, \u00e9s meggy\u00f3gy\u00edtsam a megt\u00f6rt sz\u00edv\u0171eket. Hogy szabadul\u00e1st hirdessek a foglyoknak, \u00e9s szabads\u00e1got a b\u00f6rt\u00f6n\u00f6k lak\u00f3inak. Hogy hirdessem az \u00dar kegyelm\u00e9nek esztendej\u00e9t. Nagy \u00f6r\u00f6mmel \u00f6rvendezem az \u00darban, lelkem ujjong az \u00e9n Istenemben, mert az \u00fcdv\u00f6ss\u00e9g ruh\u00e1j\u00e1ba \u00f6lt\u00f6ztetett, s az igazs\u00e1g k\u00f6nt\u00f6s\u00e9t ter\u00edtette r\u00e1m. Fel\u00e9kes\u00edtett, mint a v\u0151leg\u00e9nyt, aki koszor\u00fat visel, \u00e9s mint a menyasszonyt, aki \u00e9kszerekkel d\u00edsz\u00edti mag\u00e1t. Mert amint a f\u00f6ld megtermi n\u00f6v\u00e9nyeit, \u00e9s a kert vetem\u00e9nyeket sarjaszt, \u00fagy sarjasztja ki az \u00daristen az igazs\u00e1got, \u00e9s a magasztal\u00e1st minden n\u00e9p sz\u00edne el\u0151tt. Ez az Isten ig\u00e9je. V\u00c1LASZOS ZSOLT\u00c1R (Lk 1,46-48.49-50.53-54) V\u00e1lasz:\u00a0Lelkem\u00a0ujjongva hirdeti * Istenemnek\u00a0dics\u0151s\u00e9g\u00e9t.\u00a0(3a. t\u00f3nus.) El\u0151\u00e9nekes: Magasztalja az \u00e9n\u00a0lelkem az Urat, * \u00e9s sz\u00edvem ujjong \u00fcdv\u00f6z\u00edt\u0151\u00a0Istenemben. Mivel tekintetre m\u00e9ltatta al\u00e1zatos\u00a0szolg\u00e1l\u00f3le\u00e1ny\u00e1t,* \u00edme, mostant\u00f3l fogva boldognak hirdet engem\u00a0minden nemzed\u00e9k. H\u00edvek:\u00a0Lelkem\u00a0ujjongva hirdeti * Istenemnek\u00a0dics\u0151s\u00e9g\u00e9t. E: Mert nagy dolgot m\u0171velt velem\u00a0\u0151, aki hatalmas, * \u0151, akit\u00a0Szentnek h\u00edvunk. Nemzed\u00e9kr\u0151l nemzed\u00e9kre\u00a0megmarad irgalma * azokon, akik\u00a0istenf\u00e9l\u0151k. H\u00edvek:\u00a0Lelkem\u00a0ujjongva hirdeti * Istenemnek\u00a0dics\u0151s\u00e9g\u00e9t. E: Az \u00e9hez\u0151ket minden\u00a0j\u00f3val bet\u00f6lti, * a gazdagokat elbocs\u00e1tja\u00a0\u00fcres k\u00e9zzel. Gondj\u00e1ba vette\u00a0gyermek\u00e9t, Izraelt, * megeml\u00e9kezett\u00a0irgalm\u00e1r\u00f3l. H:\u00a0Lelkem\u00a0ujjongva hirdeti * Istenemnek\u00a0dics\u0151s\u00e9g\u00e9t. SZENTLECKE Szent P\u00e1l apostolnak a tesszaloniki h\u00edvekhez \u00edrt els\u0151 level\u00e9b\u0151l (1Tessz 5,16-24) \u0150rizze meg Isten a szellemeteket, lelketeket \u00e9s testeteket feddhetetlen\u00fcl! Testv\u00e9reim! Legyetek mindig der\u0171sek. Im\u00e1dkozzatok sz\u00fcntelen\u00fcl. Adjatok h\u00e1l\u00e1t minden\u00e9rt, mert Isten ezt k\u00edv\u00e1nja mindny\u00e1jatokt\u00f3l Krisztus J\u00e9zusban. Ne olts\u00e1tok ki a Lelket, s a pr\u00f3f\u00e9tai besz\u00e9det ne vess\u00e9tek meg. Vizsg\u00e1ljatok meg mindent, \u00e9s a j\u00f3t tarts\u00e1tok meg. Mindenf\u00e9le rosszt\u00f3l \u00f3vakodjatok. A b\u00e9kess\u00e9g Istene szenteljen meg titeket, hogy t\u00f6k\u00e9letesek legyetek. \u0150rizze meg szellemeteket, lelketeket \u00e9s testeteket feddhetetlen\u00fcl Urunk, J\u00e9zus Krisztus elj\u00f6vetel\u00e9ig. H\u0171s\u00e9ges az, aki megh\u00edvott benneteket, \u0151 majd v\u00e9gbe is viszi. Ez az Isten ig\u00e9je. ALLELUJA Az \u00dar\u00a0lelke van rajtam: * elk\u00fcld\u00f6tt, hogy... R\u00e9szletek","og_url":"https:\/\/stuttgarti-katolikusok.de\/index.php\/advent-3-vasarnapja-orom-vasarnapja\/","og_site_name":"Stuttgarti Katolikusok","article_published_time":"2023-12-16T10:17:18+00:00","og_image":[{"width":1280,"height":853,"url":"https:\/\/stuttgarti-katolikusok.de\/wp-content\/uploads\/2023\/12\/mountains-190055-1280.jpg","type":"image\/jpeg"}],"author":"Tibor atya","twitter_card":"summary_large_image","twitter_misc":{"Szerz\u0151:":"Tibor atya","Becs\u00fclt olvas\u00e1si id\u0151":"4 perc"},"schema":{"@context":"https:\/\/schema.org","@graph":[{"@type":"Article","@id":"https:\/\/stuttgarti-katolikusok.de\/index.php\/advent-3-vasarnapja-orom-vasarnapja\/#article","isPartOf":{"@id":"https:\/\/stuttgarti-katolikusok.de\/index.php\/advent-3-vasarnapja-orom-vasarnapja\/"},"author":{"name":"Tibor atya","@id":"https:\/\/stuttgarti-katolikusok.de\/#\/schema\/person\/75908d6f8fdc03a57889d27209df7795"},"headline":"Advent 3. vas\u00e1rnapja &#8211; \u00d6r\u00f6m vas\u00e1rnapja","datePublished":"2023-12-16T10:17:18+00:00","mainEntityOfPage":{"@id":"https:\/\/stuttgarti-katolikusok.de\/index.php\/advent-3-vasarnapja-orom-vasarnapja\/"},"wordCount":987,"image":{"@id":"https:\/\/stuttgarti-katolikusok.de\/index.php\/advent-3-vasarnapja-orom-vasarnapja\/#primaryimage"},"thumbnailUrl":"https:\/\/stuttgarti-katolikusok.de\/wp-content\/uploads\/2023\/12\/mountains-190055-1280.jpg","articleSection":["A liturgia olvasm\u00e1nyai","Vas\u00e1rnapi gondolatok"],"inLanguage":"hu"},{"@type":"WebPage","@id":"https:\/\/stuttgarti-katolikusok.de\/index.php\/advent-3-vasarnapja-orom-vasarnapja\/","url":"https:\/\/stuttgarti-katolikusok.de\/index.php\/advent-3-vasarnapja-orom-vasarnapja\/","name":"Advent 3. vas\u00e1rnapja - \u00d6r\u00f6m vas\u00e1rnapja - Stuttgarti Katolikusok","isPartOf":{"@id":"https:\/\/stuttgarti-katolikusok.de\/#website"},"primaryImageOfPage":{"@id":"https:\/\/stuttgarti-katolikusok.de\/index.php\/advent-3-vasarnapja-orom-vasarnapja\/#primaryimage"},"image":{"@id":"https:\/\/stuttgarti-katolikusok.de\/index.php\/advent-3-vasarnapja-orom-vasarnapja\/#primaryimage"},"thumbnailUrl":"https:\/\/stuttgarti-katolikusok.de\/wp-content\/uploads\/2023\/12\/mountains-190055-1280.jpg","datePublished":"2023-12-16T10:17:18+00:00","author":{"@id":"https:\/\/stuttgarti-katolikusok.de\/#\/schema\/person\/75908d6f8fdc03a57889d27209df7795"},"breadcrumb":{"@id":"https:\/\/stuttgarti-katolikusok.de\/index.php\/advent-3-vasarnapja-orom-vasarnapja\/#breadcrumb"},"inLanguage":"hu","potentialAction":[{"@type":"ReadAction","target":["https:\/\/stuttgarti-katolikusok.de\/index.php\/advent-3-vasarnapja-orom-vasarnapja\/"]}]},{"@type":"ImageObject","inLanguage":"hu","@id":"https:\/\/stuttgarti-katolikusok.de\/index.php\/advent-3-vasarnapja-orom-vasarnapja\/#primaryimage","url":"https:\/\/stuttgarti-katolikusok.de\/wp-content\/uploads\/2023\/12\/mountains-190055-1280.jpg","contentUrl":"https:\/\/stuttgarti-katolikusok.de\/wp-content\/uploads\/2023\/12\/mountains-190055-1280.jpg","width":1280,"height":853},{"@type":"BreadcrumbList","@id":"https:\/\/stuttgarti-katolikusok.de\/index.php\/advent-3-vasarnapja-orom-vasarnapja\/#breadcrumb","itemListElement":[{"@type":"ListItem","position":1,"name":"Kezd\u0151lap","item":"https:\/\/stuttgarti-katolikusok.de\/"},{"@type":"ListItem","position":2,"name":"Advent 3. vas\u00e1rnapja &#8211; \u00d6r\u00f6m vas\u00e1rnapja"}]},{"@type":"WebSite","@id":"https:\/\/stuttgarti-katolikusok.de\/#website","url":"https:\/\/stuttgarti-katolikusok.de\/","name":"Stuttgarti Katolikusok","description":"","potentialAction":[{"@type":"SearchAction","target":{"@type":"EntryPoint","urlTemplate":"https:\/\/stuttgarti-katolikusok.de\/?s={search_term_string}"},"query-input":{"@type":"PropertyValueSpecification","valueRequired":true,"valueName":"search_term_string"}}],"inLanguage":"hu"},{"@type":"Person","@id":"https:\/\/stuttgarti-katolikusok.de\/#\/schema\/person\/75908d6f8fdc03a57889d27209df7795","name":"Tibor atya","image":{"@type":"ImageObject","inLanguage":"hu","@id":"https:\/\/secure.gravatar.com\/avatar\/61d268e57d1f4525b111222e29d2d5a7f8c420fdbf231ba5566a8ceac74fa960?s=96&d=mm&r=g","url":"https:\/\/secure.gravatar.com\/avatar\/61d268e57d1f4525b111222e29d2d5a7f8c420fdbf231ba5566a8ceac74fa960?s=96&d=mm&r=g","contentUrl":"https:\/\/secure.gravatar.com\/avatar\/61d268e57d1f4525b111222e29d2d5a7f8c420fdbf231ba5566a8ceac74fa960?s=96&d=mm&r=g","caption":"Tibor atya"},"url":"https:\/\/stuttgarti-katolikusok.de\/index.php\/author\/tibor-atya\/"}]}},"_links":{"self":[{"href":"https:\/\/stuttgarti-katolikusok.de\/index.php\/wp-json\/wp\/v2\/posts\/27635","targetHints":{"allow":["GET"]}}],"collection":[{"href":"https:\/\/stuttgarti-katolikusok.de\/index.php\/wp-json\/wp\/v2\/posts"}],"about":[{"href":"https:\/\/stuttgarti-katolikusok.de\/index.php\/wp-json\/wp\/v2\/types\/post"}],"author":[{"embeddable":true,"href":"https:\/\/stuttgarti-katolikusok.de\/index.php\/wp-json\/wp\/v2\/users\/3"}],"replies":[{"embeddable":true,"href":"https:\/\/stuttgarti-katolikusok.de\/index.php\/wp-json\/wp\/v2\/comments?post=27635"}],"version-history":[{"count":1,"href":"https:\/\/stuttgarti-katolikusok.de\/index.php\/wp-json\/wp\/v2\/posts\/27635\/revisions"}],"predecessor-version":[{"id":27637,"href":"https:\/\/stuttgarti-katolikusok.de\/index.php\/wp-json\/wp\/v2\/posts\/27635\/revisions\/27637"}],"wp:featuredmedia":[{"embeddable":true,"href":"https:\/\/stuttgarti-katolikusok.de\/index.php\/wp-json\/wp\/v2\/media\/27636"}],"wp:attachment":[{"href":"https:\/\/stuttgarti-katolikusok.de\/index.php\/wp-json\/wp\/v2\/media?parent=27635"}],"wp:term":[{"taxonomy":"category","embeddable":true,"href":"https:\/\/stuttgarti-katolikusok.de\/index.php\/wp-json\/wp\/v2\/categories?post=27635"},{"taxonomy":"post_tag","embeddable":true,"href":"https:\/\/stuttgarti-katolikusok.de\/index.php\/wp-json\/wp\/v2\/tags?post=27635"}],"curies":[{"name":"wp","href":"https:\/\/api.w.org\/{rel}","templated":true}]}}