{"id":27600,"date":"2023-12-08T23:33:51","date_gmt":"2023-12-08T22:33:51","guid":{"rendered":"https:\/\/stuttgarti-katolikusok.de\/?p=27600"},"modified":"2023-12-12T12:58:48","modified_gmt":"2023-12-12T11:58:48","slug":"advent-2-vasarnapja-2","status":"publish","type":"post","link":"https:\/\/stuttgarti-katolikusok.de\/index.php\/advent-2-vasarnapja-2\/","title":{"rendered":"Advent 2. vas\u00e1rnapja"},"content":{"rendered":"<p align=\"justify\"><span style=\"color: #800080;\">OLVASM\u00c1NY Izaj\u00e1s pr\u00f3f\u00e9ta k\u00f6nyv\u00e9b\u0151l (Iz 40,1-5.9-11)<\/span><br \/>\n<em>K\u00e9sz\u00edts\u00fck az \u00dar \u00fatj\u00e1t a magunk \u00e9s embert\u00e1rsaink sz\u00edv\u00e9ben!<\/em><br \/>\n\u201eVigasztalj\u00e1tok meg n\u00e9pemet, vigasztalj\u00e1tok meg\u201d \u2013 ezt mondja Istenetek. \u201eSz\u00f3ljatok Jeruzs\u00e1lem sz\u00edv\u00e9hez \u00e9s ki\u00e1lts\u00e1tok oda neki: V\u00e9get \u00e9rt szolgas\u00e1g\u00e1nak ideje, bocs\u00e1natot nyert gonoszs\u00e1ga, hiszen k\u00e9tszeresen s\u00fajtotta az \u00dar keze minden b\u0171n\u00e9\u00e9rt.\u201d<br \/>\nEgy hang ki\u00e1lt: \u201eK\u00e9sz\u00edtsetek utat az \u00darnak a puszt\u00e1ban, egyengess\u00e9tek Isten\u00fcnk \u00f6sv\u00e9ny\u00e9t a sivatagon \u00e1t. Minden v\u00f6lgy emelkedj\u00e9k f\u00f6l, minden hegy \u00e9s halom s\u00fcllyedjen al\u00e1. Ami egyenetlen, v\u00e1lj\u00e9k egyeness\u00e9, \u00e9s sima \u00fatt\u00e1, ami g\u00f6r\u00f6ngy\u00f6s. Akkor megnyilv\u00e1nul az \u00dar dics\u0151s\u00e9ge, \u00e9s megl\u00e1tj\u00e1k azt mindenek. Igen, az \u00dar sz\u00e1ja mondta ezt \u00edgy.\u201d<br \/>\nMenj f\u00f6l egy magas hegyre, te, ki j\u00f3 h\u00edrt viszel Sionnak, emeld f\u00f6l er\u0151sen hangodat, te, aki j\u00f3 h\u00edrt viszel Jeruzs\u00e1lemnek. Emeld f\u00f6l hangodat! Ne f\u00e9lj! Hirdesd J\u00fada v\u00e1rosainak: \u201e\u00cdme, a ti Istenetek! Isten, az \u00dar, \u00edme, elj\u00f6n hatalommal, karj\u00e1val mindent uralma al\u00e1 vet. Vele van gy\u0151zelm\u00e9nek jutalma, \u00e9s sz\u00edne el\u0151tt a b\u0151s\u00e9ges zs\u00e1km\u00e1ny. \u00dagy legelteti ny\u00e1j\u00e1t, mint a p\u00e1sztor. Karjaiba veszi b\u00e1r\u00e1nyait, \u00f6l\u00e9ben hordozza \u0151ket, az anyajuhokat pedig nagy gonddal vezeti.\u201d<br \/>\nEz az Isten ig\u00e9je.<\/p>\n<p align=\"justify\"><span style=\"color: #800080;\">V\u00c1LASZOS ZSOLT\u00c1R (Zsolt 84,9ab-10,11-12.13-14)<\/span><br \/>\nV\u00e1lasz:\u00a0<strong>Urunk, mutasd meg n\u00e9k\u00fcnk\u00a0<u>ir<\/u>galmas sz\u00edvedet, * \u00e9s \u00fcdv\u00f6ss\u00e9gedet\u00a0<u>add<\/u>\u00a0meg n\u00e9k\u00fcnk!<\/strong>\u00a0(1 D<sup><small>2<\/small><\/sup>\u00a0t\u00f3nus.)<\/p>\n<p>El\u0151\u00e9nekes: Hadd halljam, mit mond az \u00e9n\u00a0<u>U<\/u>ram, Istenem, * mert n\u00e9p\u00e9nek \u00e9s szentjeinek\u00a0<u>b\u00e9<\/u>k\u00e9t \u00edg\u00e9r.<br \/>\nAz istenf\u00e9l\u0151kh\u00f6z val\u00f3ban\u00a0<u>k\u00f6<\/u>zel az \u00fcdv\u00f6ss\u00e9g, * hogy orsz\u00e1gunkba di<u>cs\u0151<\/u>s\u00e9g k\u00f6lt\u00f6zz\u00e9k.<br \/>\nH\u00edvek:\u00a0<strong>Urunk, mutasd meg n\u00e9k\u00fcnk\u00a0<u>ir<\/u>galmas sz\u00edvedet, * \u00e9s \u00fcdv\u00f6ss\u00e9gedet\u00a0<u>add<\/u>\u00a0meg n\u00e9k\u00fcnk!<\/strong><\/p>\n<p>E: Irgalom \u00e9s h\u0171s\u00e9g\u00a0<u>egy<\/u>m\u00e1sra lelnek, * cs\u00f3kot v\u00e1lt az igazs\u00e1g\u00a0<u>\u00e9s<\/u>\u00a0a b\u00e9ke.<br \/>\nA f\u00f6ldb\u0151l a\u00a0<u>h\u0171<\/u>s\u00e9g kisarjad, * \u00e9s az igazs\u00e1goss\u00e1g tekint\u00a0<u>le<\/u>\u00a0az \u00e9gb\u0151l.<br \/>\nH:\u00a0<strong>Urunk, mutasd meg n\u00e9k\u00fcnk\u00a0<u>ir<\/u>galmas sz\u00edvedet, * \u00e9s \u00fcdv\u00f6ss\u00e9gedet\u00a0<u>add<\/u>\u00a0meg n\u00e9k\u00fcnk!<\/strong><\/p>\n<p>E: Az \u00dar j\u00f3s\u00e1g\u00e1t\u00a0<u>meg<\/u>mutatja, * f\u00f6ld\u00fcnk is meg<u>hoz<\/u>za term\u00e9s\u00e9t.<br \/>\nIgazs\u00e1g\u00a0<u>j\u00e1r<\/u>\u00a0az \u00dar el\u0151tt, * \u00e9s b\u00e9ke a\u00a0<u>l\u00e1<\/u>ba nyom\u00e1ban.<br \/>\nH:\u00a0<strong>Urunk, mutasd meg n\u00e9k\u00fcnk\u00a0<u>ir<\/u>galmas sz\u00edvedet, * \u00e9s \u00fcdv\u00f6ss\u00e9gedet\u00a0<u>add<\/u>\u00a0meg n\u00e9k\u00fcnk!<\/strong><\/p>\n<p align=\"justify\"><span style=\"color: #800080;\">SZENTLECKE Szent P\u00e9ter apostol m\u00e1sodik level\u00e9b\u0151l (2P\u00e9t 3,8-14)<\/span><br \/>\n<em>Mi \u00faj eget \u00e9s \u00faj f\u00f6ldet v\u00e1runk.<\/em><br \/>\nSzeretteim!<br \/>\nF\u0151k\u00e9pp egy dolog ne ker\u00fclje el figyelmeteket: az, hogy egy nap az \u00dar el\u0151tt annyi, mint ezer \u00e9v, ezer \u00e9v pedig annyi, mint egy nap. Az \u00dar nem k\u00e9sik \u00edg\u00e9ret\u00e9vel, mint ahogy n\u00e9melyek k\u00e9sedelmesnek tartj\u00e1k, hanem t\u00fcrelemmel viseltetik ir\u00e1ntatok, mert nem akarja, hogy valaki is elvesszen, hanem azt, hogy mindenki b\u0171nb\u00e1natot tartson. Mint a tolvaj, \u00fagy j\u00f6n el az \u00dar napja. Ezen a napon az egek nagy robajjal elpusztulnak, az elemek a t\u0171z hev\u00e9t\u0151l felbomlanak, a f\u00f6ld \u00e9s ami rajta van, eleny\u00e9szik.<br \/>\nMivel \u00edgy minden elpusztul, minden tekintetben szent\u00fcl \u00e9s vall\u00e1sosan kell \u00e9lnetek. Hiszen v\u00e1rj\u00e1tok \u00e9s siettetitek az Isten napj\u00e1nak elj\u00f6vetel\u00e9t, amikor is az egek l\u00e1ngba borulnak \u00e9s felbomlanak, az elemek a t\u0171z hev\u00e9t\u0151l megolvadnak. Mi az \u0151 \u00edg\u00e9rete alapj\u00e1n \u00faj eget \u00e9s \u00faj f\u00f6ldet v\u00e1runk, az igazs\u00e1goss\u00e1g haz\u00e1j\u00e1t. Szeretteim, minthogy ezt v\u00e1rjuk, azon legyetek, hogy b\u00e9kess\u00e9gben, tiszt\u00e1n \u00e9s feddhetetlen\u00fcl tal\u00e1ljon benneteket.<br \/>\nEz az Isten ig\u00e9je.<\/p>\n<p align=\"justify\"><span style=\"color: #800080;\">ALLELUJA<\/span><br \/>\nK\u00e9sz\u00edts\u00e9tek el\u0151 az \u00dar \u00fat<u>j\u00e1t<\/u>! \u2020 Egyengess\u00e9tek\u00a0<u>\u00f6s<\/u>v\u00e9ny\u00e9t, * \u00e9s minden ember megl\u00e1tja az \u00dcdv\u00f6z\u00edt\u0151t, akit\u00a0<u>el<\/u>k\u00fcld az Isten. (Lk 3,4.6 \u2013 5.t\u00f3nus.)<\/p>\n<p align=\"justify\"><span style=\"color: #800080;\">\u2020 EVANG\u00c9LIUM Szent M\u00e1rk k\u00f6nyv\u00e9b\u0151l (Mk 1,1-8)<\/span><br \/>\n<em>Keresztel\u0151 J\u00e1nos hirdeti: Tegy\u00e9tek egyeness\u00e9 az \u00dar \u00f6sv\u00e9nyeit!<\/em><br \/>\nJ\u00e9zus Krisztus, az Isten Fia evang\u00e9lium\u00e1nak kezdete. Izaj\u00e1s pr\u00f3f\u00e9ta meg\u00edrta: \u00cdme, elk\u00fcld\u00f6m k\u00f6vetemet sz\u00edned el\u0151tt, hogy el\u0151k\u00e9sz\u00edtse utadat. A puszt\u00e1ban ki\u00e1lt\u00f3nak szava: K\u00e9sz\u00edts\u00e9tek el az \u00dar \u00fatj\u00e1t, tegy\u00e9tek egyeness\u00e9 \u00f6sv\u00e9nyeit. J\u00e1nos ez\u00e9rt a puszt\u00e1ban hirdette a b\u0171nb\u00e1nat kereszts\u00e9g\u00e9t a b\u0171n\u00f6k bocs\u00e1nat\u00e1ra. Kivonult hozz\u00e1 J\u00fadea eg\u00e9sz vid\u00e9ke \u00e9s Jeruzs\u00e1lem minden lak\u00f3ja. Megvallott\u00e1k b\u0171neiket, \u0151 pedig megkeresztelte \u0151ket a Jord\u00e1n foly\u00f3ban. J\u00e1nos tevesz\u0151rb\u0151l k\u00e9sz\u00fclt ruh\u00e1t viselt, cs\u00edp\u0151j\u00e9t b\u0151r\u00f6v vette k\u00f6r\u00fcl; s\u00e1sk\u00e1t \u00e9s vadm\u00e9zet evett. Ezt hirdette: \u201eAki ut\u00e1nam j\u00f6n, hatalmasabb n\u00e1lam. Arra sem vagyok m\u00e9lt\u00f3, hogy lehajoljak \u00e9s megoldjam a sarusz\u00edj\u00e1t. \u00c9n v\u00edzzel keresztellek titeket, \u0151 pedig Szentl\u00e9lekkel keresztel majd meg benneteket!\u201d<br \/>\nEzek az evang\u00e9lium ig\u00e9i.<\/p>\n<p><span style=\"color: #800080;\">EGYETEMES K\u00d6NY\u00d6RG\u00c9SEK<\/span><br \/>\nPap: K\u00e9rj\u00fck, testv\u00e9reim, mennyei Aty\u00e1nkt\u00f3l, hogy Izaj\u00e1s pr\u00f3f\u00e9ta \u00e9s Keresztel\u0151 Szent J\u00e1nos szav\u00e1ra utat k\u00e9sz\u00edts\u00fcnk lelk\u00fcnkben Megv\u00e1lt\u00f3nknak!<br \/>\nLektor: 1. Seg\u00edts, Urunk, hogy mindny\u00e1jan j\u00f3akarattal munk\u00e1lkodjunk a b\u0171n g\u00f6rbe \u00fatjainak egyeness\u00e9 t\u00e9tel\u00e9n!<br \/>\nH\u00edvek: K\u00e9r\u00fcnk t\u00e9ged, hallgass meg minket!<br \/>\n2. Add, hogy h\u00edveid \u00e9let\u00fckkel mutass\u00e1k mindenkinek az \u00fcdv\u00f6ss\u00e9gre vezet\u0151 utat!<br \/>\nH\u00edvek: K\u00e9r\u00fcnk t\u00e9ged . . .<br \/>\n3. Add, hogy nyitott sz\u00edvvel utat tal\u00e1ljunk Istent\u0151l elt\u00e1volodott testv\u00e9reinkhez!<br \/>\nH\u00edvek: K\u00e9r\u00fcnk t\u00e9ged . . .<br \/>\n4. Add, hogy csal\u00e1djaink minden tagja az igaz szeretet \u00fatj\u00e1n j\u00e1rjon!<br \/>\nH\u00edvek: K\u00e9r\u00fcnk t\u00e9ged . . .<br \/>\n5. A f\u00f6ldi \u00e9letb\u0151l t\u00e1voz\u00f3 testv\u00e9reinknek pedig nyisd meg az \u00fcdv\u00f6ss\u00e9gre vezet\u0151 utat!<br \/>\nH\u00edvek: K\u00e9r\u00fcnk t\u00e9ged . . .<br \/>\nPap: Mindenhat\u00f3 Isten\u00fcnk! Add kegyelmedet, hogy j\u00f3l el\u0151k\u00e9sz\u00edts\u00fck lelk\u00fcnket szent Fiad \u00e9rkez\u00e9s\u00e9re, \u00e9s \u00e9let\u00fcnk adventje ut\u00e1n eljussunk hozz\u00e1d. Krisztus, a mi Urunk \u00e1ltal.<br \/>\nH\u00edvek: \u00c1men.<\/p>\n","protected":false},"excerpt":{"rendered":"<p>OLVASM\u00c1NY Izaj\u00e1s pr\u00f3f\u00e9ta k\u00f6nyv\u00e9b\u0151l (Iz 40,1-5.9-11) K\u00e9sz\u00edts\u00fck az \u00dar \u00fatj\u00e1t a magunk \u00e9s embert\u00e1rsaink sz\u00edv\u00e9ben! \u201eVigasztalj\u00e1tok meg n\u00e9pemet, vigasztalj\u00e1tok meg\u201d \u2013 ezt mondja Istenetek. \u201eSz\u00f3ljatok Jeruzs\u00e1lem sz\u00edv\u00e9hez \u00e9s ki\u00e1lts\u00e1tok oda neki: V\u00e9get \u00e9rt szolgas\u00e1g\u00e1nak ideje, bocs\u00e1natot nyert gonoszs\u00e1ga, hiszen k\u00e9tszeresen s\u00fajtotta az \u00dar keze minden b\u0171n\u00e9\u00e9rt.\u201d Egy hang ki\u00e1lt: \u201eK\u00e9sz\u00edtsetek utat az \u00darnak a puszt\u00e1ban, egyengess\u00e9tek Isten\u00fcnk \u00f6sv\u00e9ny\u00e9t a sivatagon \u00e1t. Minden v\u00f6lgy emelkedj\u00e9k f\u00f6l, minden hegy \u00e9s halom s\u00fcllyedjen al\u00e1. Ami egyenetlen, v\u00e1lj\u00e9k egyeness\u00e9, \u00e9s sima \u00fatt\u00e1, ami g\u00f6r\u00f6ngy\u00f6s. Akkor megnyilv\u00e1nul az \u00dar dics\u0151s\u00e9ge, \u00e9s megl\u00e1tj\u00e1k azt mindenek. Igen, az \u00dar sz\u00e1ja mondta ezt \u00edgy.\u201d Menj f\u00f6l egy magas hegyre, te, ki j\u00f3 h\u00edrt viszel Sionnak, emeld f\u00f6l er\u0151sen hangodat, te, aki j\u00f3 h\u00edrt viszel Jeruzs\u00e1lemnek. Emeld f\u00f6l hangodat! Ne f\u00e9lj! Hirdesd J\u00fada v\u00e1rosainak: \u201e\u00cdme, a ti Istenetek! Isten, az \u00dar, \u00edme, elj\u00f6n hatalommal, karj\u00e1val mindent uralma al\u00e1 vet. Vele van gy\u0151zelm\u00e9nek jutalma, \u00e9s sz\u00edne el\u0151tt a b\u0151s\u00e9ges zs\u00e1km\u00e1ny. \u00dagy legelteti ny\u00e1j\u00e1t, mint a p\u00e1sztor. Karjaiba veszi b\u00e1r\u00e1nyait, \u00f6l\u00e9ben hordozza \u0151ket, az anyajuhokat pedig nagy gonddal vezeti.\u201d Ez az Isten ig\u00e9je. V\u00c1LASZOS ZSOLT\u00c1R (Zsolt 84,9ab-10,11-12.13-14) V\u00e1lasz:\u00a0Urunk, mutasd meg n\u00e9k\u00fcnk\u00a0irgalmas sz\u00edvedet, * \u00e9s \u00fcdv\u00f6ss\u00e9gedet\u00a0add\u00a0meg n\u00e9k\u00fcnk!\u00a0(1 D2\u00a0t\u00f3nus.) El\u0151\u00e9nekes: Hadd halljam, mit mond az \u00e9n\u00a0Uram, Istenem, * mert n\u00e9p\u00e9nek \u00e9s szentjeinek\u00a0b\u00e9k\u00e9t \u00edg\u00e9r. Az istenf\u00e9l\u0151kh\u00f6z val\u00f3ban\u00a0k\u00f6zel az \u00fcdv\u00f6ss\u00e9g, * hogy orsz\u00e1gunkba dics\u0151s\u00e9g k\u00f6lt\u00f6zz\u00e9k. H\u00edvek:\u00a0Urunk, mutasd meg n\u00e9k\u00fcnk\u00a0irgalmas sz\u00edvedet, * \u00e9s \u00fcdv\u00f6ss\u00e9gedet\u00a0add\u00a0meg n\u00e9k\u00fcnk! E: Irgalom \u00e9s h\u0171s\u00e9g\u00a0egym\u00e1sra lelnek, * cs\u00f3kot v\u00e1lt az igazs\u00e1g\u00a0\u00e9s\u00a0a b\u00e9ke. A f\u00f6ldb\u0151l a\u00a0h\u0171s\u00e9g kisarjad, * \u00e9s az igazs\u00e1goss\u00e1g tekint\u00a0le\u00a0az \u00e9gb\u0151l. H:\u00a0Urunk, mutasd meg n\u00e9k\u00fcnk\u00a0irgalmas sz\u00edvedet, * \u00e9s \u00fcdv\u00f6ss\u00e9gedet\u00a0add\u00a0meg n\u00e9k\u00fcnk! E: Az \u00dar j\u00f3s\u00e1g\u00e1t\u00a0megmutatja, * f\u00f6ld\u00fcnk is meghozza term\u00e9s\u00e9t. Igazs\u00e1g\u00a0j\u00e1r\u00a0az \u00dar el\u0151tt, * \u00e9s b\u00e9ke a\u00a0l\u00e1ba nyom\u00e1ban. H:\u00a0Urunk, mutasd meg n\u00e9k\u00fcnk\u00a0irgalmas sz\u00edvedet, * \u00e9s \u00fcdv\u00f6ss\u00e9gedet\u00a0add\u00a0meg n\u00e9k\u00fcnk! SZENTLECKE Szent P\u00e9ter apostol m\u00e1sodik level\u00e9b\u0151l (2P\u00e9t 3,8-14) Mi \u00faj eget \u00e9s \u00faj f\u00f6ldet v\u00e1runk. Szeretteim! F\u0151k\u00e9pp egy dolog ne ker\u00fclje el figyelmeteket: az, hogy&#8230; <\/p>\n<p><a class=\"readmore\" href=\"https:\/\/stuttgarti-katolikusok.de\/index.php\/advent-2-vasarnapja-2\/\">R\u00e9szletek<\/a><\/p>\n","protected":false},"author":3,"featured_media":24043,"comment_status":"closed","ping_status":"closed","sticky":false,"template":"","format":"standard","meta":{"footnotes":""},"categories":[85,24],"tags":[],"class_list":["post-27600","post","type-post","status-publish","format-standard","has-post-thumbnail","hentry","category-a-liturgia-olvasmanyai","category-gondolatok"],"yoast_head":"<!-- This site is optimized with the Yoast SEO plugin v27.3 - https:\/\/yoast.com\/product\/yoast-seo-wordpress\/ -->\n<title>Advent 2. vas\u00e1rnapja - Stuttgarti Katolikusok<\/title>\n<meta name=\"robots\" content=\"index, follow, max-snippet:-1, max-image-preview:large, max-video-preview:-1\" \/>\n<link rel=\"canonical\" href=\"https:\/\/stuttgarti-katolikusok.de\/index.php\/advent-2-vasarnapja-2\/\" \/>\n<meta property=\"og:locale\" content=\"hu_HU\" \/>\n<meta property=\"og:type\" content=\"article\" \/>\n<meta property=\"og:title\" content=\"Advent 2. vas\u00e1rnapja - Stuttgarti Katolikusok\" \/>\n<meta property=\"og:description\" content=\"OLVASM\u00c1NY Izaj\u00e1s pr\u00f3f\u00e9ta k\u00f6nyv\u00e9b\u0151l (Iz 40,1-5.9-11) K\u00e9sz\u00edts\u00fck az \u00dar \u00fatj\u00e1t a magunk \u00e9s embert\u00e1rsaink sz\u00edv\u00e9ben! \u201eVigasztalj\u00e1tok meg n\u00e9pemet, vigasztalj\u00e1tok meg\u201d \u2013 ezt mondja Istenetek. \u201eSz\u00f3ljatok Jeruzs\u00e1lem sz\u00edv\u00e9hez \u00e9s ki\u00e1lts\u00e1tok oda neki: V\u00e9get \u00e9rt szolgas\u00e1g\u00e1nak ideje, bocs\u00e1natot nyert gonoszs\u00e1ga, hiszen k\u00e9tszeresen s\u00fajtotta az \u00dar keze minden b\u0171n\u00e9\u00e9rt.\u201d Egy hang ki\u00e1lt: \u201eK\u00e9sz\u00edtsetek utat az \u00darnak a puszt\u00e1ban, egyengess\u00e9tek Isten\u00fcnk \u00f6sv\u00e9ny\u00e9t a sivatagon \u00e1t. Minden v\u00f6lgy emelkedj\u00e9k f\u00f6l, minden hegy \u00e9s halom s\u00fcllyedjen al\u00e1. Ami egyenetlen, v\u00e1lj\u00e9k egyeness\u00e9, \u00e9s sima \u00fatt\u00e1, ami g\u00f6r\u00f6ngy\u00f6s. Akkor megnyilv\u00e1nul az \u00dar dics\u0151s\u00e9ge, \u00e9s megl\u00e1tj\u00e1k azt mindenek. Igen, az \u00dar sz\u00e1ja mondta ezt \u00edgy.\u201d Menj f\u00f6l egy magas hegyre, te, ki j\u00f3 h\u00edrt viszel Sionnak, emeld f\u00f6l er\u0151sen hangodat, te, aki j\u00f3 h\u00edrt viszel Jeruzs\u00e1lemnek. Emeld f\u00f6l hangodat! Ne f\u00e9lj! Hirdesd J\u00fada v\u00e1rosainak: \u201e\u00cdme, a ti Istenetek! Isten, az \u00dar, \u00edme, elj\u00f6n hatalommal, karj\u00e1val mindent uralma al\u00e1 vet. Vele van gy\u0151zelm\u00e9nek jutalma, \u00e9s sz\u00edne el\u0151tt a b\u0151s\u00e9ges zs\u00e1km\u00e1ny. \u00dagy legelteti ny\u00e1j\u00e1t, mint a p\u00e1sztor. Karjaiba veszi b\u00e1r\u00e1nyait, \u00f6l\u00e9ben hordozza \u0151ket, az anyajuhokat pedig nagy gonddal vezeti.\u201d Ez az Isten ig\u00e9je. V\u00c1LASZOS ZSOLT\u00c1R (Zsolt 84,9ab-10,11-12.13-14) V\u00e1lasz:\u00a0Urunk, mutasd meg n\u00e9k\u00fcnk\u00a0irgalmas sz\u00edvedet, * \u00e9s \u00fcdv\u00f6ss\u00e9gedet\u00a0add\u00a0meg n\u00e9k\u00fcnk!\u00a0(1 D2\u00a0t\u00f3nus.) El\u0151\u00e9nekes: Hadd halljam, mit mond az \u00e9n\u00a0Uram, Istenem, * mert n\u00e9p\u00e9nek \u00e9s szentjeinek\u00a0b\u00e9k\u00e9t \u00edg\u00e9r. Az istenf\u00e9l\u0151kh\u00f6z val\u00f3ban\u00a0k\u00f6zel az \u00fcdv\u00f6ss\u00e9g, * hogy orsz\u00e1gunkba dics\u0151s\u00e9g k\u00f6lt\u00f6zz\u00e9k. H\u00edvek:\u00a0Urunk, mutasd meg n\u00e9k\u00fcnk\u00a0irgalmas sz\u00edvedet, * \u00e9s \u00fcdv\u00f6ss\u00e9gedet\u00a0add\u00a0meg n\u00e9k\u00fcnk! E: Irgalom \u00e9s h\u0171s\u00e9g\u00a0egym\u00e1sra lelnek, * cs\u00f3kot v\u00e1lt az igazs\u00e1g\u00a0\u00e9s\u00a0a b\u00e9ke. A f\u00f6ldb\u0151l a\u00a0h\u0171s\u00e9g kisarjad, * \u00e9s az igazs\u00e1goss\u00e1g tekint\u00a0le\u00a0az \u00e9gb\u0151l. H:\u00a0Urunk, mutasd meg n\u00e9k\u00fcnk\u00a0irgalmas sz\u00edvedet, * \u00e9s \u00fcdv\u00f6ss\u00e9gedet\u00a0add\u00a0meg n\u00e9k\u00fcnk! E: Az \u00dar j\u00f3s\u00e1g\u00e1t\u00a0megmutatja, * f\u00f6ld\u00fcnk is meghozza term\u00e9s\u00e9t. Igazs\u00e1g\u00a0j\u00e1r\u00a0az \u00dar el\u0151tt, * \u00e9s b\u00e9ke a\u00a0l\u00e1ba nyom\u00e1ban. H:\u00a0Urunk, mutasd meg n\u00e9k\u00fcnk\u00a0irgalmas sz\u00edvedet, * \u00e9s \u00fcdv\u00f6ss\u00e9gedet\u00a0add\u00a0meg n\u00e9k\u00fcnk! SZENTLECKE Szent P\u00e9ter apostol m\u00e1sodik level\u00e9b\u0151l (2P\u00e9t 3,8-14) Mi \u00faj eget \u00e9s \u00faj f\u00f6ldet v\u00e1runk. Szeretteim! F\u0151k\u00e9pp egy dolog ne ker\u00fclje el figyelmeteket: az, hogy... R\u00e9szletek\" \/>\n<meta property=\"og:url\" content=\"https:\/\/stuttgarti-katolikusok.de\/index.php\/advent-2-vasarnapja-2\/\" \/>\n<meta property=\"og:site_name\" content=\"Stuttgarti Katolikusok\" \/>\n<meta property=\"article:published_time\" content=\"2023-12-08T22:33:51+00:00\" \/>\n<meta property=\"article:modified_time\" content=\"2023-12-12T11:58:48+00:00\" \/>\n<meta property=\"og:image\" content=\"https:\/\/stuttgarti-katolikusok.de\/wp-content\/uploads\/2022\/12\/advent-2-stuttgart.jpg\" \/>\n\t<meta property=\"og:image:width\" content=\"2000\" \/>\n\t<meta property=\"og:image:height\" content=\"1125\" \/>\n\t<meta property=\"og:image:type\" content=\"image\/jpeg\" \/>\n<meta name=\"author\" content=\"Tibor atya\" \/>\n<meta name=\"twitter:card\" content=\"summary_large_image\" \/>\n<meta name=\"twitter:label1\" content=\"Szerz\u0151:\" \/>\n\t<meta name=\"twitter:data1\" content=\"Tibor atya\" \/>\n\t<meta name=\"twitter:label2\" content=\"Becs\u00fclt olvas\u00e1si id\u0151\" \/>\n\t<meta name=\"twitter:data2\" content=\"5 perc\" \/>\n<script type=\"application\/ld+json\" class=\"yoast-schema-graph\">{\"@context\":\"https:\\\/\\\/schema.org\",\"@graph\":[{\"@type\":\"Article\",\"@id\":\"https:\\\/\\\/stuttgarti-katolikusok.de\\\/index.php\\\/advent-2-vasarnapja-2\\\/#article\",\"isPartOf\":{\"@id\":\"https:\\\/\\\/stuttgarti-katolikusok.de\\\/index.php\\\/advent-2-vasarnapja-2\\\/\"},\"author\":{\"name\":\"Tibor atya\",\"@id\":\"https:\\\/\\\/stuttgarti-katolikusok.de\\\/#\\\/schema\\\/person\\\/75908d6f8fdc03a57889d27209df7795\"},\"headline\":\"Advent 2. vas\u00e1rnapja\",\"datePublished\":\"2023-12-08T22:33:51+00:00\",\"dateModified\":\"2023-12-12T11:58:48+00:00\",\"mainEntityOfPage\":{\"@id\":\"https:\\\/\\\/stuttgarti-katolikusok.de\\\/index.php\\\/advent-2-vasarnapja-2\\\/\"},\"wordCount\":1097,\"image\":{\"@id\":\"https:\\\/\\\/stuttgarti-katolikusok.de\\\/index.php\\\/advent-2-vasarnapja-2\\\/#primaryimage\"},\"thumbnailUrl\":\"https:\\\/\\\/stuttgarti-katolikusok.de\\\/wp-content\\\/uploads\\\/2022\\\/12\\\/advent-2-stuttgart.jpg\",\"articleSection\":[\"A liturgia olvasm\u00e1nyai\",\"Gondolatok\"],\"inLanguage\":\"hu\"},{\"@type\":\"WebPage\",\"@id\":\"https:\\\/\\\/stuttgarti-katolikusok.de\\\/index.php\\\/advent-2-vasarnapja-2\\\/\",\"url\":\"https:\\\/\\\/stuttgarti-katolikusok.de\\\/index.php\\\/advent-2-vasarnapja-2\\\/\",\"name\":\"Advent 2. vas\u00e1rnapja - Stuttgarti Katolikusok\",\"isPartOf\":{\"@id\":\"https:\\\/\\\/stuttgarti-katolikusok.de\\\/#website\"},\"primaryImageOfPage\":{\"@id\":\"https:\\\/\\\/stuttgarti-katolikusok.de\\\/index.php\\\/advent-2-vasarnapja-2\\\/#primaryimage\"},\"image\":{\"@id\":\"https:\\\/\\\/stuttgarti-katolikusok.de\\\/index.php\\\/advent-2-vasarnapja-2\\\/#primaryimage\"},\"thumbnailUrl\":\"https:\\\/\\\/stuttgarti-katolikusok.de\\\/wp-content\\\/uploads\\\/2022\\\/12\\\/advent-2-stuttgart.jpg\",\"datePublished\":\"2023-12-08T22:33:51+00:00\",\"dateModified\":\"2023-12-12T11:58:48+00:00\",\"author\":{\"@id\":\"https:\\\/\\\/stuttgarti-katolikusok.de\\\/#\\\/schema\\\/person\\\/75908d6f8fdc03a57889d27209df7795\"},\"breadcrumb\":{\"@id\":\"https:\\\/\\\/stuttgarti-katolikusok.de\\\/index.php\\\/advent-2-vasarnapja-2\\\/#breadcrumb\"},\"inLanguage\":\"hu\",\"potentialAction\":[{\"@type\":\"ReadAction\",\"target\":[\"https:\\\/\\\/stuttgarti-katolikusok.de\\\/index.php\\\/advent-2-vasarnapja-2\\\/\"]}]},{\"@type\":\"ImageObject\",\"inLanguage\":\"hu\",\"@id\":\"https:\\\/\\\/stuttgarti-katolikusok.de\\\/index.php\\\/advent-2-vasarnapja-2\\\/#primaryimage\",\"url\":\"https:\\\/\\\/stuttgarti-katolikusok.de\\\/wp-content\\\/uploads\\\/2022\\\/12\\\/advent-2-stuttgart.jpg\",\"contentUrl\":\"https:\\\/\\\/stuttgarti-katolikusok.de\\\/wp-content\\\/uploads\\\/2022\\\/12\\\/advent-2-stuttgart.jpg\",\"width\":2000,\"height\":1125},{\"@type\":\"BreadcrumbList\",\"@id\":\"https:\\\/\\\/stuttgarti-katolikusok.de\\\/index.php\\\/advent-2-vasarnapja-2\\\/#breadcrumb\",\"itemListElement\":[{\"@type\":\"ListItem\",\"position\":1,\"name\":\"Kezd\u0151lap\",\"item\":\"https:\\\/\\\/stuttgarti-katolikusok.de\\\/\"},{\"@type\":\"ListItem\",\"position\":2,\"name\":\"Advent 2. vas\u00e1rnapja\"}]},{\"@type\":\"WebSite\",\"@id\":\"https:\\\/\\\/stuttgarti-katolikusok.de\\\/#website\",\"url\":\"https:\\\/\\\/stuttgarti-katolikusok.de\\\/\",\"name\":\"Stuttgarti Katolikusok\",\"description\":\"\",\"potentialAction\":[{\"@type\":\"SearchAction\",\"target\":{\"@type\":\"EntryPoint\",\"urlTemplate\":\"https:\\\/\\\/stuttgarti-katolikusok.de\\\/?s={search_term_string}\"},\"query-input\":{\"@type\":\"PropertyValueSpecification\",\"valueRequired\":true,\"valueName\":\"search_term_string\"}}],\"inLanguage\":\"hu\"},{\"@type\":\"Person\",\"@id\":\"https:\\\/\\\/stuttgarti-katolikusok.de\\\/#\\\/schema\\\/person\\\/75908d6f8fdc03a57889d27209df7795\",\"name\":\"Tibor atya\",\"image\":{\"@type\":\"ImageObject\",\"inLanguage\":\"hu\",\"@id\":\"https:\\\/\\\/secure.gravatar.com\\\/avatar\\\/61d268e57d1f4525b111222e29d2d5a7f8c420fdbf231ba5566a8ceac74fa960?s=96&d=mm&r=g\",\"url\":\"https:\\\/\\\/secure.gravatar.com\\\/avatar\\\/61d268e57d1f4525b111222e29d2d5a7f8c420fdbf231ba5566a8ceac74fa960?s=96&d=mm&r=g\",\"contentUrl\":\"https:\\\/\\\/secure.gravatar.com\\\/avatar\\\/61d268e57d1f4525b111222e29d2d5a7f8c420fdbf231ba5566a8ceac74fa960?s=96&d=mm&r=g\",\"caption\":\"Tibor atya\"},\"url\":\"https:\\\/\\\/stuttgarti-katolikusok.de\\\/index.php\\\/author\\\/tibor-atya\\\/\"}]}<\/script>\n<!-- \/ Yoast SEO plugin. -->","yoast_head_json":{"title":"Advent 2. vas\u00e1rnapja - Stuttgarti Katolikusok","robots":{"index":"index","follow":"follow","max-snippet":"max-snippet:-1","max-image-preview":"max-image-preview:large","max-video-preview":"max-video-preview:-1"},"canonical":"https:\/\/stuttgarti-katolikusok.de\/index.php\/advent-2-vasarnapja-2\/","og_locale":"hu_HU","og_type":"article","og_title":"Advent 2. vas\u00e1rnapja - Stuttgarti Katolikusok","og_description":"OLVASM\u00c1NY Izaj\u00e1s pr\u00f3f\u00e9ta k\u00f6nyv\u00e9b\u0151l (Iz 40,1-5.9-11) K\u00e9sz\u00edts\u00fck az \u00dar \u00fatj\u00e1t a magunk \u00e9s embert\u00e1rsaink sz\u00edv\u00e9ben! \u201eVigasztalj\u00e1tok meg n\u00e9pemet, vigasztalj\u00e1tok meg\u201d \u2013 ezt mondja Istenetek. \u201eSz\u00f3ljatok Jeruzs\u00e1lem sz\u00edv\u00e9hez \u00e9s ki\u00e1lts\u00e1tok oda neki: V\u00e9get \u00e9rt szolgas\u00e1g\u00e1nak ideje, bocs\u00e1natot nyert gonoszs\u00e1ga, hiszen k\u00e9tszeresen s\u00fajtotta az \u00dar keze minden b\u0171n\u00e9\u00e9rt.\u201d Egy hang ki\u00e1lt: \u201eK\u00e9sz\u00edtsetek utat az \u00darnak a puszt\u00e1ban, egyengess\u00e9tek Isten\u00fcnk \u00f6sv\u00e9ny\u00e9t a sivatagon \u00e1t. Minden v\u00f6lgy emelkedj\u00e9k f\u00f6l, minden hegy \u00e9s halom s\u00fcllyedjen al\u00e1. Ami egyenetlen, v\u00e1lj\u00e9k egyeness\u00e9, \u00e9s sima \u00fatt\u00e1, ami g\u00f6r\u00f6ngy\u00f6s. Akkor megnyilv\u00e1nul az \u00dar dics\u0151s\u00e9ge, \u00e9s megl\u00e1tj\u00e1k azt mindenek. Igen, az \u00dar sz\u00e1ja mondta ezt \u00edgy.\u201d Menj f\u00f6l egy magas hegyre, te, ki j\u00f3 h\u00edrt viszel Sionnak, emeld f\u00f6l er\u0151sen hangodat, te, aki j\u00f3 h\u00edrt viszel Jeruzs\u00e1lemnek. Emeld f\u00f6l hangodat! Ne f\u00e9lj! Hirdesd J\u00fada v\u00e1rosainak: \u201e\u00cdme, a ti Istenetek! Isten, az \u00dar, \u00edme, elj\u00f6n hatalommal, karj\u00e1val mindent uralma al\u00e1 vet. Vele van gy\u0151zelm\u00e9nek jutalma, \u00e9s sz\u00edne el\u0151tt a b\u0151s\u00e9ges zs\u00e1km\u00e1ny. \u00dagy legelteti ny\u00e1j\u00e1t, mint a p\u00e1sztor. Karjaiba veszi b\u00e1r\u00e1nyait, \u00f6l\u00e9ben hordozza \u0151ket, az anyajuhokat pedig nagy gonddal vezeti.\u201d Ez az Isten ig\u00e9je. V\u00c1LASZOS ZSOLT\u00c1R (Zsolt 84,9ab-10,11-12.13-14) V\u00e1lasz:\u00a0Urunk, mutasd meg n\u00e9k\u00fcnk\u00a0irgalmas sz\u00edvedet, * \u00e9s \u00fcdv\u00f6ss\u00e9gedet\u00a0add\u00a0meg n\u00e9k\u00fcnk!\u00a0(1 D2\u00a0t\u00f3nus.) El\u0151\u00e9nekes: Hadd halljam, mit mond az \u00e9n\u00a0Uram, Istenem, * mert n\u00e9p\u00e9nek \u00e9s szentjeinek\u00a0b\u00e9k\u00e9t \u00edg\u00e9r. Az istenf\u00e9l\u0151kh\u00f6z val\u00f3ban\u00a0k\u00f6zel az \u00fcdv\u00f6ss\u00e9g, * hogy orsz\u00e1gunkba dics\u0151s\u00e9g k\u00f6lt\u00f6zz\u00e9k. H\u00edvek:\u00a0Urunk, mutasd meg n\u00e9k\u00fcnk\u00a0irgalmas sz\u00edvedet, * \u00e9s \u00fcdv\u00f6ss\u00e9gedet\u00a0add\u00a0meg n\u00e9k\u00fcnk! E: Irgalom \u00e9s h\u0171s\u00e9g\u00a0egym\u00e1sra lelnek, * cs\u00f3kot v\u00e1lt az igazs\u00e1g\u00a0\u00e9s\u00a0a b\u00e9ke. A f\u00f6ldb\u0151l a\u00a0h\u0171s\u00e9g kisarjad, * \u00e9s az igazs\u00e1goss\u00e1g tekint\u00a0le\u00a0az \u00e9gb\u0151l. H:\u00a0Urunk, mutasd meg n\u00e9k\u00fcnk\u00a0irgalmas sz\u00edvedet, * \u00e9s \u00fcdv\u00f6ss\u00e9gedet\u00a0add\u00a0meg n\u00e9k\u00fcnk! E: Az \u00dar j\u00f3s\u00e1g\u00e1t\u00a0megmutatja, * f\u00f6ld\u00fcnk is meghozza term\u00e9s\u00e9t. Igazs\u00e1g\u00a0j\u00e1r\u00a0az \u00dar el\u0151tt, * \u00e9s b\u00e9ke a\u00a0l\u00e1ba nyom\u00e1ban. H:\u00a0Urunk, mutasd meg n\u00e9k\u00fcnk\u00a0irgalmas sz\u00edvedet, * \u00e9s \u00fcdv\u00f6ss\u00e9gedet\u00a0add\u00a0meg n\u00e9k\u00fcnk! SZENTLECKE Szent P\u00e9ter apostol m\u00e1sodik level\u00e9b\u0151l (2P\u00e9t 3,8-14) Mi \u00faj eget \u00e9s \u00faj f\u00f6ldet v\u00e1runk. Szeretteim! F\u0151k\u00e9pp egy dolog ne ker\u00fclje el figyelmeteket: az, hogy... R\u00e9szletek","og_url":"https:\/\/stuttgarti-katolikusok.de\/index.php\/advent-2-vasarnapja-2\/","og_site_name":"Stuttgarti Katolikusok","article_published_time":"2023-12-08T22:33:51+00:00","article_modified_time":"2023-12-12T11:58:48+00:00","og_image":[{"width":2000,"height":1125,"url":"https:\/\/stuttgarti-katolikusok.de\/wp-content\/uploads\/2022\/12\/advent-2-stuttgart.jpg","type":"image\/jpeg"}],"author":"Tibor atya","twitter_card":"summary_large_image","twitter_misc":{"Szerz\u0151:":"Tibor atya","Becs\u00fclt olvas\u00e1si id\u0151":"5 perc"},"schema":{"@context":"https:\/\/schema.org","@graph":[{"@type":"Article","@id":"https:\/\/stuttgarti-katolikusok.de\/index.php\/advent-2-vasarnapja-2\/#article","isPartOf":{"@id":"https:\/\/stuttgarti-katolikusok.de\/index.php\/advent-2-vasarnapja-2\/"},"author":{"name":"Tibor atya","@id":"https:\/\/stuttgarti-katolikusok.de\/#\/schema\/person\/75908d6f8fdc03a57889d27209df7795"},"headline":"Advent 2. vas\u00e1rnapja","datePublished":"2023-12-08T22:33:51+00:00","dateModified":"2023-12-12T11:58:48+00:00","mainEntityOfPage":{"@id":"https:\/\/stuttgarti-katolikusok.de\/index.php\/advent-2-vasarnapja-2\/"},"wordCount":1097,"image":{"@id":"https:\/\/stuttgarti-katolikusok.de\/index.php\/advent-2-vasarnapja-2\/#primaryimage"},"thumbnailUrl":"https:\/\/stuttgarti-katolikusok.de\/wp-content\/uploads\/2022\/12\/advent-2-stuttgart.jpg","articleSection":["A liturgia olvasm\u00e1nyai","Gondolatok"],"inLanguage":"hu"},{"@type":"WebPage","@id":"https:\/\/stuttgarti-katolikusok.de\/index.php\/advent-2-vasarnapja-2\/","url":"https:\/\/stuttgarti-katolikusok.de\/index.php\/advent-2-vasarnapja-2\/","name":"Advent 2. vas\u00e1rnapja - Stuttgarti Katolikusok","isPartOf":{"@id":"https:\/\/stuttgarti-katolikusok.de\/#website"},"primaryImageOfPage":{"@id":"https:\/\/stuttgarti-katolikusok.de\/index.php\/advent-2-vasarnapja-2\/#primaryimage"},"image":{"@id":"https:\/\/stuttgarti-katolikusok.de\/index.php\/advent-2-vasarnapja-2\/#primaryimage"},"thumbnailUrl":"https:\/\/stuttgarti-katolikusok.de\/wp-content\/uploads\/2022\/12\/advent-2-stuttgart.jpg","datePublished":"2023-12-08T22:33:51+00:00","dateModified":"2023-12-12T11:58:48+00:00","author":{"@id":"https:\/\/stuttgarti-katolikusok.de\/#\/schema\/person\/75908d6f8fdc03a57889d27209df7795"},"breadcrumb":{"@id":"https:\/\/stuttgarti-katolikusok.de\/index.php\/advent-2-vasarnapja-2\/#breadcrumb"},"inLanguage":"hu","potentialAction":[{"@type":"ReadAction","target":["https:\/\/stuttgarti-katolikusok.de\/index.php\/advent-2-vasarnapja-2\/"]}]},{"@type":"ImageObject","inLanguage":"hu","@id":"https:\/\/stuttgarti-katolikusok.de\/index.php\/advent-2-vasarnapja-2\/#primaryimage","url":"https:\/\/stuttgarti-katolikusok.de\/wp-content\/uploads\/2022\/12\/advent-2-stuttgart.jpg","contentUrl":"https:\/\/stuttgarti-katolikusok.de\/wp-content\/uploads\/2022\/12\/advent-2-stuttgart.jpg","width":2000,"height":1125},{"@type":"BreadcrumbList","@id":"https:\/\/stuttgarti-katolikusok.de\/index.php\/advent-2-vasarnapja-2\/#breadcrumb","itemListElement":[{"@type":"ListItem","position":1,"name":"Kezd\u0151lap","item":"https:\/\/stuttgarti-katolikusok.de\/"},{"@type":"ListItem","position":2,"name":"Advent 2. vas\u00e1rnapja"}]},{"@type":"WebSite","@id":"https:\/\/stuttgarti-katolikusok.de\/#website","url":"https:\/\/stuttgarti-katolikusok.de\/","name":"Stuttgarti Katolikusok","description":"","potentialAction":[{"@type":"SearchAction","target":{"@type":"EntryPoint","urlTemplate":"https:\/\/stuttgarti-katolikusok.de\/?s={search_term_string}"},"query-input":{"@type":"PropertyValueSpecification","valueRequired":true,"valueName":"search_term_string"}}],"inLanguage":"hu"},{"@type":"Person","@id":"https:\/\/stuttgarti-katolikusok.de\/#\/schema\/person\/75908d6f8fdc03a57889d27209df7795","name":"Tibor atya","image":{"@type":"ImageObject","inLanguage":"hu","@id":"https:\/\/secure.gravatar.com\/avatar\/61d268e57d1f4525b111222e29d2d5a7f8c420fdbf231ba5566a8ceac74fa960?s=96&d=mm&r=g","url":"https:\/\/secure.gravatar.com\/avatar\/61d268e57d1f4525b111222e29d2d5a7f8c420fdbf231ba5566a8ceac74fa960?s=96&d=mm&r=g","contentUrl":"https:\/\/secure.gravatar.com\/avatar\/61d268e57d1f4525b111222e29d2d5a7f8c420fdbf231ba5566a8ceac74fa960?s=96&d=mm&r=g","caption":"Tibor atya"},"url":"https:\/\/stuttgarti-katolikusok.de\/index.php\/author\/tibor-atya\/"}]}},"_links":{"self":[{"href":"https:\/\/stuttgarti-katolikusok.de\/index.php\/wp-json\/wp\/v2\/posts\/27600","targetHints":{"allow":["GET"]}}],"collection":[{"href":"https:\/\/stuttgarti-katolikusok.de\/index.php\/wp-json\/wp\/v2\/posts"}],"about":[{"href":"https:\/\/stuttgarti-katolikusok.de\/index.php\/wp-json\/wp\/v2\/types\/post"}],"author":[{"embeddable":true,"href":"https:\/\/stuttgarti-katolikusok.de\/index.php\/wp-json\/wp\/v2\/users\/3"}],"replies":[{"embeddable":true,"href":"https:\/\/stuttgarti-katolikusok.de\/index.php\/wp-json\/wp\/v2\/comments?post=27600"}],"version-history":[{"count":3,"href":"https:\/\/stuttgarti-katolikusok.de\/index.php\/wp-json\/wp\/v2\/posts\/27600\/revisions"}],"predecessor-version":[{"id":27604,"href":"https:\/\/stuttgarti-katolikusok.de\/index.php\/wp-json\/wp\/v2\/posts\/27600\/revisions\/27604"}],"wp:featuredmedia":[{"embeddable":true,"href":"https:\/\/stuttgarti-katolikusok.de\/index.php\/wp-json\/wp\/v2\/media\/24043"}],"wp:attachment":[{"href":"https:\/\/stuttgarti-katolikusok.de\/index.php\/wp-json\/wp\/v2\/media?parent=27600"}],"wp:term":[{"taxonomy":"category","embeddable":true,"href":"https:\/\/stuttgarti-katolikusok.de\/index.php\/wp-json\/wp\/v2\/categories?post=27600"},{"taxonomy":"post_tag","embeddable":true,"href":"https:\/\/stuttgarti-katolikusok.de\/index.php\/wp-json\/wp\/v2\/tags?post=27600"}],"curies":[{"name":"wp","href":"https:\/\/api.w.org\/{rel}","templated":true}]}}