{"id":27591,"date":"2023-12-07T12:45:15","date_gmt":"2023-12-07T11:45:15","guid":{"rendered":"https:\/\/stuttgarti-katolikusok.de\/?p=27591"},"modified":"2023-12-07T23:03:03","modified_gmt":"2023-12-07T22:03:03","slug":"egyutt-jonak-lenni-meg-jobb","status":"publish","type":"post","link":"https:\/\/stuttgarti-katolikusok.de\/index.php\/egyutt-jonak-lenni-meg-jobb\/","title":{"rendered":"Egy\u00fctt j\u00f3nak lenni m\u00e9g jobb!"},"content":{"rendered":"<div class=\"xdj266r x11i5rnm xat24cr x1mh8g0r x1vvkbs x126k92a\"><\/div>\n<div class=\"x11i5rnm xat24cr x1mh8g0r x1vvkbs xtlvy1s x126k92a\">\n<div dir=\"auto\">\n<p>Kedves H\u00edveim \u00e9s Bar\u00e1taim!<\/p>\n<p>\u00d6r\u00f6mmel osztom meg felh\u00edv\u00e1sunkat a 2023. december 17-\u00e9n megtartand\u00f3 k\u00f6z\u00f6s napunkra.<\/p>\n<p>&#8222;Egy\u00fctt j\u00f3nak lenni m\u00e9g jobb!&#8221; &#8211; v\u00e1lasztottuk jelmondatunkat. Ezzel is szeretn\u00e9nk kifejezni \u00f6sszetartoz\u00e1sunk fontoss\u00e1g\u00e1t. Ilyen szellemben \u00e1ll\u00edtottuk \u00f6ssze programjainkat.<\/p>\n<p>B\u00edzunk benne, hogy mindenki otthon \u00e9rezheti majd mag\u00e1t ebben a n\u00e9h\u00e1ny \u00f3r\u00e1ban. M\u00e1sr\u00e9szt pedig kiv\u00e1l\u00f3 alkalom ez sz\u00e1munkra, hogy ilyen form\u00e1ban is bekapcsol\u00f3djunk az anyaorsz\u00e1gban imm\u00e1r 12. alkalommal megrendezett &#8222;J\u00f3nak lenni j\u00f3!&#8221; karitat\u00edv adom\u00e1nygy\u0171jt\u0151 akci\u00f3ba, melynek a K\u00f6zm\u00e9dia ad otthont.<\/p>\n<p>K\u00f6z\u00f6ss\u00e9g\u00fcnk gyermekei is kiveszik r\u00e9sz\u00fcket e napon. Bark\u00e1csolni fognak \u00e9s az \u00e1ltaluk elk\u00e9sz\u00edtett t\u00e1rgyakat meg lehet majd v\u00e1s\u00e1rolni. \u0150k ennek \u00f6sszeg\u00e9vel j\u00e1rulnak hozz\u00e1 e nemes adom\u00e1nyoz\u00e1si akci\u00f3hoz.<\/p>\n<p>R\u00e9szegyh\u00e1zk\u00f6zs\u00e9geink h\u00edvei is bekapcsol\u00f3dhatnak. Egyr\u00e9szt azzal, hogy elj\u00f6tt\u00f6k \u00e9s egy\u00fctt vagyunk ezen a napon. M\u00e1sr\u00e9szt pedig azzal, hogy bet\u00e1rsultok b\u00e1rmilyen form\u00e1ban. Lehet ez hal\u00e1szl\u00e9, bogr\u00e1cs, s\u00fctem\u00e9nyek k\u00e9sz\u00edt\u00e9se. Ezen sz\u00e1nd\u00e9kotokat viszont jelezz\u00e9tek irod\u00e1nkon.<\/p>\n<p>Amennyiben helyi k\u00f6z\u00f6ss\u00e9gek \u00e9telt k\u00e9sz\u00edtenek, \u00fagy a megmaradt \u00e9telt elvihetitek majd magatokkal \u00e9s megaj\u00e1nd\u00e9kozhatj\u00e1tok els\u0151sorban azon kedves id\u0151s testv\u00e9reinket, akik nem tudnak elj\u00f6nni e napon.<\/p>\n<p>Egyszer\u0171en csak biztatni tudlak benneteket, j\u00f6jjetek el. Sz\u00e1m\u00edtunk R\u00e1tok!<\/p>\n<p><em>Tibor atya<\/em><\/p>\n<p style=\"text-align: center;\"><span style=\"color: #ff6600;\"><strong>*****<\/strong><\/span><\/p>\n<\/div>\n<\/div>\n<div dir=\"auto\"><\/div>\n<div dir=\"auto\"><a href=\"https:\/\/stuttgarti-katolikusok.de\/wp-content\/uploads\/2023\/12\/2023_jonak-lenni-jo.pdf\" class=\"pdfemb-viewer\" style=\"\" data-width=\"max\" data-height=\"max\" data-toolbar=\"bottom\" data-toolbar-fixed=\"off\">2023_j\u00f3nak-lenni-j\u00f3<\/a><\/div>\n","protected":false},"excerpt":{"rendered":"<p>Kedves H\u00edveim \u00e9s Bar\u00e1taim! \u00d6r\u00f6mmel osztom meg felh\u00edv\u00e1sunkat a 2023. december 17-\u00e9n megtartand\u00f3 k\u00f6z\u00f6s napunkra. &#8222;Egy\u00fctt j\u00f3nak lenni m\u00e9g jobb!&#8221; &#8211; v\u00e1lasztottuk jelmondatunkat. Ezzel is szeretn\u00e9nk kifejezni \u00f6sszetartoz\u00e1sunk fontoss\u00e1g\u00e1t. Ilyen szellemben \u00e1ll\u00edtottuk \u00f6ssze programjainkat. B\u00edzunk benne, hogy mindenki otthon \u00e9rezheti majd mag\u00e1t ebben a n\u00e9h\u00e1ny \u00f3r\u00e1ban. M\u00e1sr\u00e9szt pedig kiv\u00e1l\u00f3 alkalom ez sz\u00e1munkra, hogy ilyen form\u00e1ban is bekapcsol\u00f3djunk az anyaorsz\u00e1gban imm\u00e1r 12. alkalommal megrendezett &#8222;J\u00f3nak lenni j\u00f3!&#8221; karitat\u00edv adom\u00e1nygy\u0171jt\u0151 akci\u00f3ba, melynek a K\u00f6zm\u00e9dia ad otthont. K\u00f6z\u00f6ss\u00e9g\u00fcnk gyermekei is kiveszik r\u00e9sz\u00fcket e napon. Bark\u00e1csolni fognak \u00e9s az \u00e1ltaluk elk\u00e9sz\u00edtett t\u00e1rgyakat meg lehet majd v\u00e1s\u00e1rolni. \u0150k ennek \u00f6sszeg\u00e9vel j\u00e1rulnak hozz\u00e1 e nemes adom\u00e1nyoz\u00e1si akci\u00f3hoz. R\u00e9szegyh\u00e1zk\u00f6zs\u00e9geink h\u00edvei is bekapcsol\u00f3dhatnak. Egyr\u00e9szt azzal, hogy elj\u00f6tt\u00f6k \u00e9s egy\u00fctt vagyunk ezen a napon. M\u00e1sr\u00e9szt pedig azzal, hogy bet\u00e1rsultok b\u00e1rmilyen form\u00e1ban. Lehet ez hal\u00e1szl\u00e9, bogr\u00e1cs, s\u00fctem\u00e9nyek k\u00e9sz\u00edt\u00e9se. Ezen sz\u00e1nd\u00e9kotokat viszont jelezz\u00e9tek irod\u00e1nkon. Amennyiben helyi k\u00f6z\u00f6ss\u00e9gek \u00e9telt k\u00e9sz\u00edtenek, \u00fagy a megmaradt \u00e9telt elvihetitek majd magatokkal \u00e9s megaj\u00e1nd\u00e9kozhatj\u00e1tok els\u0151sorban azon kedves id\u0151s testv\u00e9reinket, akik nem tudnak elj\u00f6nni e napon. Egyszer\u0171en csak biztatni tudlak benneteket, j\u00f6jjetek el. Sz\u00e1m\u00edtunk R\u00e1tok! Tibor atya *****<\/p>\n","protected":false},"author":3,"featured_media":27592,"comment_status":"closed","ping_status":"closed","sticky":false,"template":"","format":"standard","meta":{"footnotes":""},"categories":[5],"tags":[],"class_list":["post-27591","post","type-post","status-publish","format-standard","has-post-thumbnail","hentry","category-hirek"],"yoast_head":"<!-- This site is optimized with the Yoast SEO plugin v27.3 - https:\/\/yoast.com\/product\/yoast-seo-wordpress\/ -->\n<title>Egy\u00fctt j\u00f3nak lenni m\u00e9g jobb! - Stuttgarti Katolikusok<\/title>\n<meta name=\"robots\" content=\"index, follow, max-snippet:-1, max-image-preview:large, max-video-preview:-1\" \/>\n<link rel=\"canonical\" href=\"https:\/\/stuttgarti-katolikusok.de\/index.php\/egyutt-jonak-lenni-meg-jobb\/\" \/>\n<meta property=\"og:locale\" content=\"hu_HU\" \/>\n<meta property=\"og:type\" content=\"article\" \/>\n<meta property=\"og:title\" content=\"Egy\u00fctt j\u00f3nak lenni m\u00e9g jobb! - Stuttgarti Katolikusok\" \/>\n<meta property=\"og:description\" content=\"Kedves H\u00edveim \u00e9s Bar\u00e1taim! \u00d6r\u00f6mmel osztom meg felh\u00edv\u00e1sunkat a 2023. december 17-\u00e9n megtartand\u00f3 k\u00f6z\u00f6s napunkra. &#8222;Egy\u00fctt j\u00f3nak lenni m\u00e9g jobb!&#8221; &#8211; v\u00e1lasztottuk jelmondatunkat. Ezzel is szeretn\u00e9nk kifejezni \u00f6sszetartoz\u00e1sunk fontoss\u00e1g\u00e1t. Ilyen szellemben \u00e1ll\u00edtottuk \u00f6ssze programjainkat. B\u00edzunk benne, hogy mindenki otthon \u00e9rezheti majd mag\u00e1t ebben a n\u00e9h\u00e1ny \u00f3r\u00e1ban. M\u00e1sr\u00e9szt pedig kiv\u00e1l\u00f3 alkalom ez sz\u00e1munkra, hogy ilyen form\u00e1ban is bekapcsol\u00f3djunk az anyaorsz\u00e1gban imm\u00e1r 12. alkalommal megrendezett &#8222;J\u00f3nak lenni j\u00f3!&#8221; karitat\u00edv adom\u00e1nygy\u0171jt\u0151 akci\u00f3ba, melynek a K\u00f6zm\u00e9dia ad otthont. K\u00f6z\u00f6ss\u00e9g\u00fcnk gyermekei is kiveszik r\u00e9sz\u00fcket e napon. Bark\u00e1csolni fognak \u00e9s az \u00e1ltaluk elk\u00e9sz\u00edtett t\u00e1rgyakat meg lehet majd v\u00e1s\u00e1rolni. \u0150k ennek \u00f6sszeg\u00e9vel j\u00e1rulnak hozz\u00e1 e nemes adom\u00e1nyoz\u00e1si akci\u00f3hoz. R\u00e9szegyh\u00e1zk\u00f6zs\u00e9geink h\u00edvei is bekapcsol\u00f3dhatnak. Egyr\u00e9szt azzal, hogy elj\u00f6tt\u00f6k \u00e9s egy\u00fctt vagyunk ezen a napon. M\u00e1sr\u00e9szt pedig azzal, hogy bet\u00e1rsultok b\u00e1rmilyen form\u00e1ban. Lehet ez hal\u00e1szl\u00e9, bogr\u00e1cs, s\u00fctem\u00e9nyek k\u00e9sz\u00edt\u00e9se. Ezen sz\u00e1nd\u00e9kotokat viszont jelezz\u00e9tek irod\u00e1nkon. Amennyiben helyi k\u00f6z\u00f6ss\u00e9gek \u00e9telt k\u00e9sz\u00edtenek, \u00fagy a megmaradt \u00e9telt elvihetitek majd magatokkal \u00e9s megaj\u00e1nd\u00e9kozhatj\u00e1tok els\u0151sorban azon kedves id\u0151s testv\u00e9reinket, akik nem tudnak elj\u00f6nni e napon. Egyszer\u0171en csak biztatni tudlak benneteket, j\u00f6jjetek el. Sz\u00e1m\u00edtunk R\u00e1tok! Tibor atya *****\" \/>\n<meta property=\"og:url\" content=\"https:\/\/stuttgarti-katolikusok.de\/index.php\/egyutt-jonak-lenni-meg-jobb\/\" \/>\n<meta property=\"og:site_name\" content=\"Stuttgarti Katolikusok\" \/>\n<meta property=\"article:published_time\" content=\"2023-12-07T11:45:15+00:00\" \/>\n<meta property=\"article:modified_time\" content=\"2023-12-07T22:03:03+00:00\" \/>\n<meta property=\"og:image\" content=\"https:\/\/stuttgarti-katolikusok.de\/wp-content\/uploads\/2023\/12\/egyutt-jonak-lenni-meg-jobb-1.jpg\" \/>\n\t<meta property=\"og:image:width\" content=\"1130\" \/>\n\t<meta property=\"og:image:height\" content=\"1600\" \/>\n\t<meta property=\"og:image:type\" content=\"image\/jpeg\" \/>\n<meta name=\"author\" content=\"Tibor atya\" \/>\n<meta name=\"twitter:card\" content=\"summary_large_image\" \/>\n<meta name=\"twitter:label1\" content=\"Szerz\u0151:\" \/>\n\t<meta name=\"twitter:data1\" content=\"Tibor atya\" \/>\n\t<meta name=\"twitter:label2\" content=\"Becs\u00fclt olvas\u00e1si id\u0151\" \/>\n\t<meta name=\"twitter:data2\" content=\"1 perc\" \/>\n<script type=\"application\/ld+json\" class=\"yoast-schema-graph\">{\"@context\":\"https:\\\/\\\/schema.org\",\"@graph\":[{\"@type\":\"Article\",\"@id\":\"https:\\\/\\\/stuttgarti-katolikusok.de\\\/index.php\\\/egyutt-jonak-lenni-meg-jobb\\\/#article\",\"isPartOf\":{\"@id\":\"https:\\\/\\\/stuttgarti-katolikusok.de\\\/index.php\\\/egyutt-jonak-lenni-meg-jobb\\\/\"},\"author\":{\"name\":\"Tibor atya\",\"@id\":\"https:\\\/\\\/stuttgarti-katolikusok.de\\\/#\\\/schema\\\/person\\\/75908d6f8fdc03a57889d27209df7795\"},\"headline\":\"Egy\u00fctt j\u00f3nak lenni m\u00e9g jobb!\",\"datePublished\":\"2023-12-07T11:45:15+00:00\",\"dateModified\":\"2023-12-07T22:03:03+00:00\",\"mainEntityOfPage\":{\"@id\":\"https:\\\/\\\/stuttgarti-katolikusok.de\\\/index.php\\\/egyutt-jonak-lenni-meg-jobb\\\/\"},\"wordCount\":284,\"image\":{\"@id\":\"https:\\\/\\\/stuttgarti-katolikusok.de\\\/index.php\\\/egyutt-jonak-lenni-meg-jobb\\\/#primaryimage\"},\"thumbnailUrl\":\"https:\\\/\\\/stuttgarti-katolikusok.de\\\/wp-content\\\/uploads\\\/2023\\\/12\\\/egyutt-jonak-lenni-meg-jobb-1.jpg\",\"articleSection\":[\"H\u00edrek\"],\"inLanguage\":\"hu\"},{\"@type\":\"WebPage\",\"@id\":\"https:\\\/\\\/stuttgarti-katolikusok.de\\\/index.php\\\/egyutt-jonak-lenni-meg-jobb\\\/\",\"url\":\"https:\\\/\\\/stuttgarti-katolikusok.de\\\/index.php\\\/egyutt-jonak-lenni-meg-jobb\\\/\",\"name\":\"Egy\u00fctt j\u00f3nak lenni m\u00e9g jobb! - Stuttgarti Katolikusok\",\"isPartOf\":{\"@id\":\"https:\\\/\\\/stuttgarti-katolikusok.de\\\/#website\"},\"primaryImageOfPage\":{\"@id\":\"https:\\\/\\\/stuttgarti-katolikusok.de\\\/index.php\\\/egyutt-jonak-lenni-meg-jobb\\\/#primaryimage\"},\"image\":{\"@id\":\"https:\\\/\\\/stuttgarti-katolikusok.de\\\/index.php\\\/egyutt-jonak-lenni-meg-jobb\\\/#primaryimage\"},\"thumbnailUrl\":\"https:\\\/\\\/stuttgarti-katolikusok.de\\\/wp-content\\\/uploads\\\/2023\\\/12\\\/egyutt-jonak-lenni-meg-jobb-1.jpg\",\"datePublished\":\"2023-12-07T11:45:15+00:00\",\"dateModified\":\"2023-12-07T22:03:03+00:00\",\"author\":{\"@id\":\"https:\\\/\\\/stuttgarti-katolikusok.de\\\/#\\\/schema\\\/person\\\/75908d6f8fdc03a57889d27209df7795\"},\"breadcrumb\":{\"@id\":\"https:\\\/\\\/stuttgarti-katolikusok.de\\\/index.php\\\/egyutt-jonak-lenni-meg-jobb\\\/#breadcrumb\"},\"inLanguage\":\"hu\",\"potentialAction\":[{\"@type\":\"ReadAction\",\"target\":[\"https:\\\/\\\/stuttgarti-katolikusok.de\\\/index.php\\\/egyutt-jonak-lenni-meg-jobb\\\/\"]}]},{\"@type\":\"ImageObject\",\"inLanguage\":\"hu\",\"@id\":\"https:\\\/\\\/stuttgarti-katolikusok.de\\\/index.php\\\/egyutt-jonak-lenni-meg-jobb\\\/#primaryimage\",\"url\":\"https:\\\/\\\/stuttgarti-katolikusok.de\\\/wp-content\\\/uploads\\\/2023\\\/12\\\/egyutt-jonak-lenni-meg-jobb-1.jpg\",\"contentUrl\":\"https:\\\/\\\/stuttgarti-katolikusok.de\\\/wp-content\\\/uploads\\\/2023\\\/12\\\/egyutt-jonak-lenni-meg-jobb-1.jpg\",\"width\":1130,\"height\":1600},{\"@type\":\"BreadcrumbList\",\"@id\":\"https:\\\/\\\/stuttgarti-katolikusok.de\\\/index.php\\\/egyutt-jonak-lenni-meg-jobb\\\/#breadcrumb\",\"itemListElement\":[{\"@type\":\"ListItem\",\"position\":1,\"name\":\"Kezd\u0151lap\",\"item\":\"https:\\\/\\\/stuttgarti-katolikusok.de\\\/\"},{\"@type\":\"ListItem\",\"position\":2,\"name\":\"Egy\u00fctt j\u00f3nak lenni m\u00e9g jobb!\"}]},{\"@type\":\"WebSite\",\"@id\":\"https:\\\/\\\/stuttgarti-katolikusok.de\\\/#website\",\"url\":\"https:\\\/\\\/stuttgarti-katolikusok.de\\\/\",\"name\":\"Stuttgarti Katolikusok\",\"description\":\"\",\"potentialAction\":[{\"@type\":\"SearchAction\",\"target\":{\"@type\":\"EntryPoint\",\"urlTemplate\":\"https:\\\/\\\/stuttgarti-katolikusok.de\\\/?s={search_term_string}\"},\"query-input\":{\"@type\":\"PropertyValueSpecification\",\"valueRequired\":true,\"valueName\":\"search_term_string\"}}],\"inLanguage\":\"hu\"},{\"@type\":\"Person\",\"@id\":\"https:\\\/\\\/stuttgarti-katolikusok.de\\\/#\\\/schema\\\/person\\\/75908d6f8fdc03a57889d27209df7795\",\"name\":\"Tibor atya\",\"image\":{\"@type\":\"ImageObject\",\"inLanguage\":\"hu\",\"@id\":\"https:\\\/\\\/secure.gravatar.com\\\/avatar\\\/61d268e57d1f4525b111222e29d2d5a7f8c420fdbf231ba5566a8ceac74fa960?s=96&d=mm&r=g\",\"url\":\"https:\\\/\\\/secure.gravatar.com\\\/avatar\\\/61d268e57d1f4525b111222e29d2d5a7f8c420fdbf231ba5566a8ceac74fa960?s=96&d=mm&r=g\",\"contentUrl\":\"https:\\\/\\\/secure.gravatar.com\\\/avatar\\\/61d268e57d1f4525b111222e29d2d5a7f8c420fdbf231ba5566a8ceac74fa960?s=96&d=mm&r=g\",\"caption\":\"Tibor atya\"},\"url\":\"https:\\\/\\\/stuttgarti-katolikusok.de\\\/index.php\\\/author\\\/tibor-atya\\\/\"}]}<\/script>\n<!-- \/ Yoast SEO plugin. -->","yoast_head_json":{"title":"Egy\u00fctt j\u00f3nak lenni m\u00e9g jobb! - Stuttgarti Katolikusok","robots":{"index":"index","follow":"follow","max-snippet":"max-snippet:-1","max-image-preview":"max-image-preview:large","max-video-preview":"max-video-preview:-1"},"canonical":"https:\/\/stuttgarti-katolikusok.de\/index.php\/egyutt-jonak-lenni-meg-jobb\/","og_locale":"hu_HU","og_type":"article","og_title":"Egy\u00fctt j\u00f3nak lenni m\u00e9g jobb! - Stuttgarti Katolikusok","og_description":"Kedves H\u00edveim \u00e9s Bar\u00e1taim! \u00d6r\u00f6mmel osztom meg felh\u00edv\u00e1sunkat a 2023. december 17-\u00e9n megtartand\u00f3 k\u00f6z\u00f6s napunkra. &#8222;Egy\u00fctt j\u00f3nak lenni m\u00e9g jobb!&#8221; &#8211; v\u00e1lasztottuk jelmondatunkat. Ezzel is szeretn\u00e9nk kifejezni \u00f6sszetartoz\u00e1sunk fontoss\u00e1g\u00e1t. Ilyen szellemben \u00e1ll\u00edtottuk \u00f6ssze programjainkat. B\u00edzunk benne, hogy mindenki otthon \u00e9rezheti majd mag\u00e1t ebben a n\u00e9h\u00e1ny \u00f3r\u00e1ban. M\u00e1sr\u00e9szt pedig kiv\u00e1l\u00f3 alkalom ez sz\u00e1munkra, hogy ilyen form\u00e1ban is bekapcsol\u00f3djunk az anyaorsz\u00e1gban imm\u00e1r 12. alkalommal megrendezett &#8222;J\u00f3nak lenni j\u00f3!&#8221; karitat\u00edv adom\u00e1nygy\u0171jt\u0151 akci\u00f3ba, melynek a K\u00f6zm\u00e9dia ad otthont. K\u00f6z\u00f6ss\u00e9g\u00fcnk gyermekei is kiveszik r\u00e9sz\u00fcket e napon. Bark\u00e1csolni fognak \u00e9s az \u00e1ltaluk elk\u00e9sz\u00edtett t\u00e1rgyakat meg lehet majd v\u00e1s\u00e1rolni. \u0150k ennek \u00f6sszeg\u00e9vel j\u00e1rulnak hozz\u00e1 e nemes adom\u00e1nyoz\u00e1si akci\u00f3hoz. R\u00e9szegyh\u00e1zk\u00f6zs\u00e9geink h\u00edvei is bekapcsol\u00f3dhatnak. Egyr\u00e9szt azzal, hogy elj\u00f6tt\u00f6k \u00e9s egy\u00fctt vagyunk ezen a napon. M\u00e1sr\u00e9szt pedig azzal, hogy bet\u00e1rsultok b\u00e1rmilyen form\u00e1ban. Lehet ez hal\u00e1szl\u00e9, bogr\u00e1cs, s\u00fctem\u00e9nyek k\u00e9sz\u00edt\u00e9se. Ezen sz\u00e1nd\u00e9kotokat viszont jelezz\u00e9tek irod\u00e1nkon. Amennyiben helyi k\u00f6z\u00f6ss\u00e9gek \u00e9telt k\u00e9sz\u00edtenek, \u00fagy a megmaradt \u00e9telt elvihetitek majd magatokkal \u00e9s megaj\u00e1nd\u00e9kozhatj\u00e1tok els\u0151sorban azon kedves id\u0151s testv\u00e9reinket, akik nem tudnak elj\u00f6nni e napon. Egyszer\u0171en csak biztatni tudlak benneteket, j\u00f6jjetek el. Sz\u00e1m\u00edtunk R\u00e1tok! Tibor atya *****","og_url":"https:\/\/stuttgarti-katolikusok.de\/index.php\/egyutt-jonak-lenni-meg-jobb\/","og_site_name":"Stuttgarti Katolikusok","article_published_time":"2023-12-07T11:45:15+00:00","article_modified_time":"2023-12-07T22:03:03+00:00","og_image":[{"width":1130,"height":1600,"url":"https:\/\/stuttgarti-katolikusok.de\/wp-content\/uploads\/2023\/12\/egyutt-jonak-lenni-meg-jobb-1.jpg","type":"image\/jpeg"}],"author":"Tibor atya","twitter_card":"summary_large_image","twitter_misc":{"Szerz\u0151:":"Tibor atya","Becs\u00fclt olvas\u00e1si id\u0151":"1 perc"},"schema":{"@context":"https:\/\/schema.org","@graph":[{"@type":"Article","@id":"https:\/\/stuttgarti-katolikusok.de\/index.php\/egyutt-jonak-lenni-meg-jobb\/#article","isPartOf":{"@id":"https:\/\/stuttgarti-katolikusok.de\/index.php\/egyutt-jonak-lenni-meg-jobb\/"},"author":{"name":"Tibor atya","@id":"https:\/\/stuttgarti-katolikusok.de\/#\/schema\/person\/75908d6f8fdc03a57889d27209df7795"},"headline":"Egy\u00fctt j\u00f3nak lenni m\u00e9g jobb!","datePublished":"2023-12-07T11:45:15+00:00","dateModified":"2023-12-07T22:03:03+00:00","mainEntityOfPage":{"@id":"https:\/\/stuttgarti-katolikusok.de\/index.php\/egyutt-jonak-lenni-meg-jobb\/"},"wordCount":284,"image":{"@id":"https:\/\/stuttgarti-katolikusok.de\/index.php\/egyutt-jonak-lenni-meg-jobb\/#primaryimage"},"thumbnailUrl":"https:\/\/stuttgarti-katolikusok.de\/wp-content\/uploads\/2023\/12\/egyutt-jonak-lenni-meg-jobb-1.jpg","articleSection":["H\u00edrek"],"inLanguage":"hu"},{"@type":"WebPage","@id":"https:\/\/stuttgarti-katolikusok.de\/index.php\/egyutt-jonak-lenni-meg-jobb\/","url":"https:\/\/stuttgarti-katolikusok.de\/index.php\/egyutt-jonak-lenni-meg-jobb\/","name":"Egy\u00fctt j\u00f3nak lenni m\u00e9g jobb! - Stuttgarti Katolikusok","isPartOf":{"@id":"https:\/\/stuttgarti-katolikusok.de\/#website"},"primaryImageOfPage":{"@id":"https:\/\/stuttgarti-katolikusok.de\/index.php\/egyutt-jonak-lenni-meg-jobb\/#primaryimage"},"image":{"@id":"https:\/\/stuttgarti-katolikusok.de\/index.php\/egyutt-jonak-lenni-meg-jobb\/#primaryimage"},"thumbnailUrl":"https:\/\/stuttgarti-katolikusok.de\/wp-content\/uploads\/2023\/12\/egyutt-jonak-lenni-meg-jobb-1.jpg","datePublished":"2023-12-07T11:45:15+00:00","dateModified":"2023-12-07T22:03:03+00:00","author":{"@id":"https:\/\/stuttgarti-katolikusok.de\/#\/schema\/person\/75908d6f8fdc03a57889d27209df7795"},"breadcrumb":{"@id":"https:\/\/stuttgarti-katolikusok.de\/index.php\/egyutt-jonak-lenni-meg-jobb\/#breadcrumb"},"inLanguage":"hu","potentialAction":[{"@type":"ReadAction","target":["https:\/\/stuttgarti-katolikusok.de\/index.php\/egyutt-jonak-lenni-meg-jobb\/"]}]},{"@type":"ImageObject","inLanguage":"hu","@id":"https:\/\/stuttgarti-katolikusok.de\/index.php\/egyutt-jonak-lenni-meg-jobb\/#primaryimage","url":"https:\/\/stuttgarti-katolikusok.de\/wp-content\/uploads\/2023\/12\/egyutt-jonak-lenni-meg-jobb-1.jpg","contentUrl":"https:\/\/stuttgarti-katolikusok.de\/wp-content\/uploads\/2023\/12\/egyutt-jonak-lenni-meg-jobb-1.jpg","width":1130,"height":1600},{"@type":"BreadcrumbList","@id":"https:\/\/stuttgarti-katolikusok.de\/index.php\/egyutt-jonak-lenni-meg-jobb\/#breadcrumb","itemListElement":[{"@type":"ListItem","position":1,"name":"Kezd\u0151lap","item":"https:\/\/stuttgarti-katolikusok.de\/"},{"@type":"ListItem","position":2,"name":"Egy\u00fctt j\u00f3nak lenni m\u00e9g jobb!"}]},{"@type":"WebSite","@id":"https:\/\/stuttgarti-katolikusok.de\/#website","url":"https:\/\/stuttgarti-katolikusok.de\/","name":"Stuttgarti Katolikusok","description":"","potentialAction":[{"@type":"SearchAction","target":{"@type":"EntryPoint","urlTemplate":"https:\/\/stuttgarti-katolikusok.de\/?s={search_term_string}"},"query-input":{"@type":"PropertyValueSpecification","valueRequired":true,"valueName":"search_term_string"}}],"inLanguage":"hu"},{"@type":"Person","@id":"https:\/\/stuttgarti-katolikusok.de\/#\/schema\/person\/75908d6f8fdc03a57889d27209df7795","name":"Tibor atya","image":{"@type":"ImageObject","inLanguage":"hu","@id":"https:\/\/secure.gravatar.com\/avatar\/61d268e57d1f4525b111222e29d2d5a7f8c420fdbf231ba5566a8ceac74fa960?s=96&d=mm&r=g","url":"https:\/\/secure.gravatar.com\/avatar\/61d268e57d1f4525b111222e29d2d5a7f8c420fdbf231ba5566a8ceac74fa960?s=96&d=mm&r=g","contentUrl":"https:\/\/secure.gravatar.com\/avatar\/61d268e57d1f4525b111222e29d2d5a7f8c420fdbf231ba5566a8ceac74fa960?s=96&d=mm&r=g","caption":"Tibor atya"},"url":"https:\/\/stuttgarti-katolikusok.de\/index.php\/author\/tibor-atya\/"}]}},"_links":{"self":[{"href":"https:\/\/stuttgarti-katolikusok.de\/index.php\/wp-json\/wp\/v2\/posts\/27591","targetHints":{"allow":["GET"]}}],"collection":[{"href":"https:\/\/stuttgarti-katolikusok.de\/index.php\/wp-json\/wp\/v2\/posts"}],"about":[{"href":"https:\/\/stuttgarti-katolikusok.de\/index.php\/wp-json\/wp\/v2\/types\/post"}],"author":[{"embeddable":true,"href":"https:\/\/stuttgarti-katolikusok.de\/index.php\/wp-json\/wp\/v2\/users\/3"}],"replies":[{"embeddable":true,"href":"https:\/\/stuttgarti-katolikusok.de\/index.php\/wp-json\/wp\/v2\/comments?post=27591"}],"version-history":[{"count":5,"href":"https:\/\/stuttgarti-katolikusok.de\/index.php\/wp-json\/wp\/v2\/posts\/27591\/revisions"}],"predecessor-version":[{"id":27599,"href":"https:\/\/stuttgarti-katolikusok.de\/index.php\/wp-json\/wp\/v2\/posts\/27591\/revisions\/27599"}],"wp:featuredmedia":[{"embeddable":true,"href":"https:\/\/stuttgarti-katolikusok.de\/index.php\/wp-json\/wp\/v2\/media\/27592"}],"wp:attachment":[{"href":"https:\/\/stuttgarti-katolikusok.de\/index.php\/wp-json\/wp\/v2\/media?parent=27591"}],"wp:term":[{"taxonomy":"category","embeddable":true,"href":"https:\/\/stuttgarti-katolikusok.de\/index.php\/wp-json\/wp\/v2\/categories?post=27591"},{"taxonomy":"post_tag","embeddable":true,"href":"https:\/\/stuttgarti-katolikusok.de\/index.php\/wp-json\/wp\/v2\/tags?post=27591"}],"curies":[{"name":"wp","href":"https:\/\/api.w.org\/{rel}","templated":true}]}}