{"id":27570,"date":"2023-12-04T01:01:29","date_gmt":"2023-12-04T00:01:29","guid":{"rendered":"https:\/\/stuttgarti-katolikusok.de\/?p=27570"},"modified":"2023-12-04T01:41:10","modified_gmt":"2023-12-04T00:41:10","slug":"2023-december-4-es-10-kozott","status":"publish","type":"post","link":"https:\/\/stuttgarti-katolikusok.de\/index.php\/2023-december-4-es-10-kozott\/","title":{"rendered":"2023 DECEMBER 4 \u00c9S 10 K\u00d6Z\u00d6TT"},"content":{"rendered":"<p><strong>December 8-\u00e1n,<\/strong>\u00a0p\u00e9nteken, <strong>Stuttgartban <\/strong>8.00 \u00f3rakor <em>ror\u00e1t\u00e9-szentmise, <\/em>keret\u00e9ben Sz\u0171z M\u00e1ria Szepl\u0151telen fogantat\u00e1s\u00e1nak \u00fcnnepe. Ut\u00e1na<em> k\u00f6z\u00f6s reggeli.<\/em><\/p>\n<p style=\"text-align: center;\"><span style=\"color: #800080;\"><strong><em>*<\/em><\/strong><\/span><\/p>\n<p><strong>December 9-\u00e9n<\/strong>, szombaton,<\/p>\n<p><strong>Weingartenben<\/strong> a <em>14 Nothelfer Kapelle-<\/em>ben 7.00 \u00f3rakor\u00a0<em>ror\u00e1t\u00e9<\/em>&#8211;<em>szentmise. <\/em>Ut\u00e1na<em> k\u00f6z\u00f6s reggeli.<\/em><\/p>\n<p><strong>Biberachban <\/strong>16.45 \u00f3rakor <em>szentmise<\/em>, keret\u00e9ben a 2. adventi gyertya meggy\u00fajt\u00e1sa, egyben megeml\u00e9kez\u00fcnk Szent Mikl\u00f3s p\u00fcsp\u00f6kr\u0151l, ut\u00e1na <em>agap\u00e9.<\/em><\/p>\n<p style=\"text-align: center;\"><strong><span style=\"color: #800080;\"><em>\u00a0*<\/em><\/span><\/strong><\/p>\n<p><strong>December 10-\u00e9n<\/strong><em><strong>,<\/strong>\u00a0<strong><span style=\"color: #800080;\">Advent II. vas\u00e1rnapj\u00e1n<\/span><\/strong>,<\/em><\/p>\n<p><strong>Weingartenben<\/strong> 10.00 \u00f3rakor a <em>14 Nothelfer Kapelle-<\/em>ben<em> szentmise, <\/em>keret\u00e9ben a 2. adventi gyertya meggy\u00fajt\u00e1sa, megeml\u00e9kez\u00e9s Szent Mikl\u00f3s p\u00fcsp\u00f6kr\u0151l, ut\u00e1na <em>agap\u00e9,<\/em><\/p>\n<p><strong>Ulmban <\/strong>15.00 \u00f3rakor <em>szentmise, <\/em>keret\u00e9ben a 2. adventi gyertya meggy\u00fajt\u00e1sa, egyben megeml\u00e9kez\u00fcnk Szent Mikl\u00f3s p\u00fcsp\u00f6kr\u0151l, ut\u00e1na <em>agap\u00e9.<\/em><\/p>\n<p style=\"text-align: center;\"><span style=\"color: #800080;\"><strong>*<\/strong><\/span><\/p>\n<p>Minden helyen mindenkit szeretettel v\u00e1r a k\u00f6z\u00f6ss\u00e9g \u00e9s Tibor atya!<\/p>\n<p style=\"text-align: center;\"><span style=\"color: #800080;\"><strong>*<\/strong><\/span><\/p>\n<p><a href=\"https:\/\/stuttgarti-katolikusok.de\/wp-content\/uploads\/2023\/12\/whatsapp-kep-2023-12-03-133518-6ecc9e06.jpg\"><img loading=\"lazy\" decoding=\"async\" class=\"alignnone size-full wp-image-27575\" src=\"https:\/\/stuttgarti-katolikusok.de\/wp-content\/uploads\/2023\/12\/whatsapp-kep-2023-12-03-133518-6ecc9e06.jpg\" alt=\"\" width=\"2040\" height=\"1530\" srcset=\"https:\/\/stuttgarti-katolikusok.de\/wp-content\/uploads\/2023\/12\/whatsapp-kep-2023-12-03-133518-6ecc9e06.jpg 2040w, https:\/\/stuttgarti-katolikusok.de\/wp-content\/uploads\/2023\/12\/whatsapp-kep-2023-12-03-133518-6ecc9e06-300x225.jpg 300w, https:\/\/stuttgarti-katolikusok.de\/wp-content\/uploads\/2023\/12\/whatsapp-kep-2023-12-03-133518-6ecc9e06-1024x768.jpg 1024w, https:\/\/stuttgarti-katolikusok.de\/wp-content\/uploads\/2023\/12\/whatsapp-kep-2023-12-03-133518-6ecc9e06-1536x1152.jpg 1536w, https:\/\/stuttgarti-katolikusok.de\/wp-content\/uploads\/2023\/12\/whatsapp-kep-2023-12-03-133518-6ecc9e06-164x124.jpg 164w\" sizes=\"auto, (max-width: 2040px) 100vw, 2040px\" \/><\/a><\/p>\n<p style=\"text-align: center;\"><span style=\"color: #800080;\"><strong>*<\/strong><\/span><\/p>\n<p><span style=\"color: #800080;\"><em><strong>Bens\u0151s\u00e9ges adventi napokat, j\u00f3 tal\u00e1lkoz\u00e1sokat \u00e9s sok \u00f6r\u00f6met k\u00edv\u00e1nunk minden Kedves H\u00edv\u00fcnknek!<\/strong><\/em><\/span><\/p>\n<p style=\"text-align: center;\"><span style=\"color: #800080;\"><em><strong>*<\/strong><\/em><\/span><\/p>\n<p><strong><span style=\"color: #800080;\">&#8222;\u00d6r\u00f6mre kell berendezkedni. Nem szabad f\u00e9lni a teljes \u00f6r\u00f6mt\u0151l. Ahogy Nietzsche mondja: \u00bbM\u00e9ly a f\u00e1jdalom, de az \u00f6r\u00f6m m\u00e9g m\u00e9lyebb. Az \u00f6r\u00f6m \u00f6r\u00f6kl\u00e9tet k\u00edv\u00e1n, m\u00e9ly, m\u00e9ly \u00f6r\u00f6kk\u00e9val\u00f3s\u00e1got!\u00ab&#8221;<\/span> \u2013 <\/strong><em>(Pilinszky J\u00e1nos \u2013 katolikus k\u00f6lt\u0151 \u2013 1921 \u2013 1981)<\/em><\/p>\n","protected":false},"excerpt":{"rendered":"<p>December 8-\u00e1n,\u00a0p\u00e9nteken, Stuttgartban 8.00 \u00f3rakor ror\u00e1t\u00e9-szentmise, keret\u00e9ben Sz\u0171z M\u00e1ria Szepl\u0151telen fogantat\u00e1s\u00e1nak \u00fcnnepe. Ut\u00e1na k\u00f6z\u00f6s reggeli. * December 9-\u00e9n, szombaton, Weingartenben a 14 Nothelfer Kapelle-ben 7.00 \u00f3rakor\u00a0ror\u00e1t\u00e9&#8211;szentmise. Ut\u00e1na k\u00f6z\u00f6s reggeli. Biberachban 16.45 \u00f3rakor szentmise, keret\u00e9ben a 2. adventi gyertya meggy\u00fajt\u00e1sa, egyben megeml\u00e9kez\u00fcnk Szent Mikl\u00f3s p\u00fcsp\u00f6kr\u0151l, ut\u00e1na agap\u00e9. \u00a0* December 10-\u00e9n,\u00a0Advent II. vas\u00e1rnapj\u00e1n, Weingartenben 10.00 \u00f3rakor a 14 Nothelfer Kapelle-ben szentmise, keret\u00e9ben a 2. adventi gyertya meggy\u00fajt\u00e1sa, megeml\u00e9kez\u00e9s Szent Mikl\u00f3s p\u00fcsp\u00f6kr\u0151l, ut\u00e1na agap\u00e9, Ulmban 15.00 \u00f3rakor szentmise, keret\u00e9ben a 2. adventi gyertya meggy\u00fajt\u00e1sa, egyben megeml\u00e9kez\u00fcnk Szent Mikl\u00f3s p\u00fcsp\u00f6kr\u0151l, ut\u00e1na agap\u00e9. * Minden helyen mindenkit szeretettel v\u00e1r a k\u00f6z\u00f6ss\u00e9g \u00e9s Tibor atya! * * Bens\u0151s\u00e9ges adventi napokat, j\u00f3 tal\u00e1lkoz\u00e1sokat \u00e9s sok \u00f6r\u00f6met k\u00edv\u00e1nunk minden Kedves H\u00edv\u00fcnknek! * &#8222;\u00d6r\u00f6mre kell berendezkedni. Nem szabad f\u00e9lni a teljes \u00f6r\u00f6mt\u0151l. Ahogy Nietzsche mondja: \u00bbM\u00e9ly a f\u00e1jdalom, de az \u00f6r\u00f6m m\u00e9g m\u00e9lyebb. Az \u00f6r\u00f6m \u00f6r\u00f6kl\u00e9tet k\u00edv\u00e1n, m\u00e9ly, m\u00e9ly \u00f6r\u00f6kk\u00e9val\u00f3s\u00e1got!\u00ab&#8221; \u2013 (Pilinszky J\u00e1nos \u2013 katolikus k\u00f6lt\u0151 \u2013 1921 \u2013 1981)<\/p>\n","protected":false},"author":3,"featured_media":27571,"comment_status":"closed","ping_status":"closed","sticky":false,"template":"","format":"standard","meta":{"footnotes":""},"categories":[37],"tags":[],"class_list":["post-27570","post","type-post","status-publish","format-standard","has-post-thumbnail","hentry","category-progamelozetes"],"yoast_head":"<!-- This site is optimized with the Yoast SEO plugin v27.3 - https:\/\/yoast.com\/product\/yoast-seo-wordpress\/ -->\n<title>2023 DECEMBER 4 \u00c9S 10 K\u00d6Z\u00d6TT - Stuttgarti Katolikusok<\/title>\n<meta name=\"robots\" content=\"index, follow, max-snippet:-1, max-image-preview:large, max-video-preview:-1\" \/>\n<link rel=\"canonical\" href=\"https:\/\/stuttgarti-katolikusok.de\/index.php\/2023-december-4-es-10-kozott\/\" \/>\n<meta property=\"og:locale\" content=\"hu_HU\" \/>\n<meta property=\"og:type\" content=\"article\" \/>\n<meta property=\"og:title\" content=\"2023 DECEMBER 4 \u00c9S 10 K\u00d6Z\u00d6TT - Stuttgarti Katolikusok\" \/>\n<meta property=\"og:description\" content=\"December 8-\u00e1n,\u00a0p\u00e9nteken, Stuttgartban 8.00 \u00f3rakor ror\u00e1t\u00e9-szentmise, keret\u00e9ben Sz\u0171z M\u00e1ria Szepl\u0151telen fogantat\u00e1s\u00e1nak \u00fcnnepe. Ut\u00e1na k\u00f6z\u00f6s reggeli. * December 9-\u00e9n, szombaton, Weingartenben a 14 Nothelfer Kapelle-ben 7.00 \u00f3rakor\u00a0ror\u00e1t\u00e9&#8211;szentmise. Ut\u00e1na k\u00f6z\u00f6s reggeli. Biberachban 16.45 \u00f3rakor szentmise, keret\u00e9ben a 2. adventi gyertya meggy\u00fajt\u00e1sa, egyben megeml\u00e9kez\u00fcnk Szent Mikl\u00f3s p\u00fcsp\u00f6kr\u0151l, ut\u00e1na agap\u00e9. \u00a0* December 10-\u00e9n,\u00a0Advent II. vas\u00e1rnapj\u00e1n, Weingartenben 10.00 \u00f3rakor a 14 Nothelfer Kapelle-ben szentmise, keret\u00e9ben a 2. adventi gyertya meggy\u00fajt\u00e1sa, megeml\u00e9kez\u00e9s Szent Mikl\u00f3s p\u00fcsp\u00f6kr\u0151l, ut\u00e1na agap\u00e9, Ulmban 15.00 \u00f3rakor szentmise, keret\u00e9ben a 2. adventi gyertya meggy\u00fajt\u00e1sa, egyben megeml\u00e9kez\u00fcnk Szent Mikl\u00f3s p\u00fcsp\u00f6kr\u0151l, ut\u00e1na agap\u00e9. * Minden helyen mindenkit szeretettel v\u00e1r a k\u00f6z\u00f6ss\u00e9g \u00e9s Tibor atya! * * Bens\u0151s\u00e9ges adventi napokat, j\u00f3 tal\u00e1lkoz\u00e1sokat \u00e9s sok \u00f6r\u00f6met k\u00edv\u00e1nunk minden Kedves H\u00edv\u00fcnknek! * &#8222;\u00d6r\u00f6mre kell berendezkedni. Nem szabad f\u00e9lni a teljes \u00f6r\u00f6mt\u0151l. Ahogy Nietzsche mondja: \u00bbM\u00e9ly a f\u00e1jdalom, de az \u00f6r\u00f6m m\u00e9g m\u00e9lyebb. Az \u00f6r\u00f6m \u00f6r\u00f6kl\u00e9tet k\u00edv\u00e1n, m\u00e9ly, m\u00e9ly \u00f6r\u00f6kk\u00e9val\u00f3s\u00e1got!\u00ab&#8221; \u2013 (Pilinszky J\u00e1nos \u2013 katolikus k\u00f6lt\u0151 \u2013 1921 \u2013 1981)\" \/>\n<meta property=\"og:url\" content=\"https:\/\/stuttgarti-katolikusok.de\/index.php\/2023-december-4-es-10-kozott\/\" \/>\n<meta property=\"og:site_name\" content=\"Stuttgarti Katolikusok\" \/>\n<meta property=\"article:published_time\" content=\"2023-12-04T00:01:29+00:00\" \/>\n<meta property=\"article:modified_time\" content=\"2023-12-04T00:41:10+00:00\" \/>\n<meta property=\"og:image\" content=\"https:\/\/stuttgarti-katolikusok.de\/wp-content\/uploads\/2023\/12\/whatsapp-kep-2023-12-03-133518-bd057efb.jpg\" \/>\n\t<meta property=\"og:image:width\" content=\"1906\" \/>\n\t<meta property=\"og:image:height\" content=\"1238\" \/>\n\t<meta property=\"og:image:type\" content=\"image\/jpeg\" \/>\n<meta name=\"author\" content=\"Tibor atya\" \/>\n<meta name=\"twitter:card\" content=\"summary_large_image\" \/>\n<meta name=\"twitter:label1\" content=\"Szerz\u0151:\" \/>\n\t<meta name=\"twitter:data1\" content=\"Tibor atya\" \/>\n\t<meta name=\"twitter:label2\" content=\"Becs\u00fclt olvas\u00e1si id\u0151\" \/>\n\t<meta name=\"twitter:data2\" content=\"2 perc\" \/>\n<script type=\"application\/ld+json\" class=\"yoast-schema-graph\">{\"@context\":\"https:\\\/\\\/schema.org\",\"@graph\":[{\"@type\":\"Article\",\"@id\":\"https:\\\/\\\/stuttgarti-katolikusok.de\\\/index.php\\\/2023-december-4-es-10-kozott\\\/#article\",\"isPartOf\":{\"@id\":\"https:\\\/\\\/stuttgarti-katolikusok.de\\\/index.php\\\/2023-december-4-es-10-kozott\\\/\"},\"author\":{\"name\":\"Tibor atya\",\"@id\":\"https:\\\/\\\/stuttgarti-katolikusok.de\\\/#\\\/schema\\\/person\\\/75908d6f8fdc03a57889d27209df7795\"},\"headline\":\"2023 DECEMBER 4 \u00c9S 10 K\u00d6Z\u00d6TT\",\"datePublished\":\"2023-12-04T00:01:29+00:00\",\"dateModified\":\"2023-12-04T00:41:10+00:00\",\"mainEntityOfPage\":{\"@id\":\"https:\\\/\\\/stuttgarti-katolikusok.de\\\/index.php\\\/2023-december-4-es-10-kozott\\\/\"},\"wordCount\":224,\"image\":{\"@id\":\"https:\\\/\\\/stuttgarti-katolikusok.de\\\/index.php\\\/2023-december-4-es-10-kozott\\\/#primaryimage\"},\"thumbnailUrl\":\"https:\\\/\\\/stuttgarti-katolikusok.de\\\/wp-content\\\/uploads\\\/2023\\\/12\\\/whatsapp-kep-2023-12-03-133518-bd057efb.jpg\",\"articleSection\":[\"Progamel\u0151zetes\"],\"inLanguage\":\"hu\"},{\"@type\":\"WebPage\",\"@id\":\"https:\\\/\\\/stuttgarti-katolikusok.de\\\/index.php\\\/2023-december-4-es-10-kozott\\\/\",\"url\":\"https:\\\/\\\/stuttgarti-katolikusok.de\\\/index.php\\\/2023-december-4-es-10-kozott\\\/\",\"name\":\"2023 DECEMBER 4 \u00c9S 10 K\u00d6Z\u00d6TT - Stuttgarti Katolikusok\",\"isPartOf\":{\"@id\":\"https:\\\/\\\/stuttgarti-katolikusok.de\\\/#website\"},\"primaryImageOfPage\":{\"@id\":\"https:\\\/\\\/stuttgarti-katolikusok.de\\\/index.php\\\/2023-december-4-es-10-kozott\\\/#primaryimage\"},\"image\":{\"@id\":\"https:\\\/\\\/stuttgarti-katolikusok.de\\\/index.php\\\/2023-december-4-es-10-kozott\\\/#primaryimage\"},\"thumbnailUrl\":\"https:\\\/\\\/stuttgarti-katolikusok.de\\\/wp-content\\\/uploads\\\/2023\\\/12\\\/whatsapp-kep-2023-12-03-133518-bd057efb.jpg\",\"datePublished\":\"2023-12-04T00:01:29+00:00\",\"dateModified\":\"2023-12-04T00:41:10+00:00\",\"author\":{\"@id\":\"https:\\\/\\\/stuttgarti-katolikusok.de\\\/#\\\/schema\\\/person\\\/75908d6f8fdc03a57889d27209df7795\"},\"breadcrumb\":{\"@id\":\"https:\\\/\\\/stuttgarti-katolikusok.de\\\/index.php\\\/2023-december-4-es-10-kozott\\\/#breadcrumb\"},\"inLanguage\":\"hu\",\"potentialAction\":[{\"@type\":\"ReadAction\",\"target\":[\"https:\\\/\\\/stuttgarti-katolikusok.de\\\/index.php\\\/2023-december-4-es-10-kozott\\\/\"]}]},{\"@type\":\"ImageObject\",\"inLanguage\":\"hu\",\"@id\":\"https:\\\/\\\/stuttgarti-katolikusok.de\\\/index.php\\\/2023-december-4-es-10-kozott\\\/#primaryimage\",\"url\":\"https:\\\/\\\/stuttgarti-katolikusok.de\\\/wp-content\\\/uploads\\\/2023\\\/12\\\/whatsapp-kep-2023-12-03-133518-bd057efb.jpg\",\"contentUrl\":\"https:\\\/\\\/stuttgarti-katolikusok.de\\\/wp-content\\\/uploads\\\/2023\\\/12\\\/whatsapp-kep-2023-12-03-133518-bd057efb.jpg\",\"width\":1906,\"height\":1238},{\"@type\":\"BreadcrumbList\",\"@id\":\"https:\\\/\\\/stuttgarti-katolikusok.de\\\/index.php\\\/2023-december-4-es-10-kozott\\\/#breadcrumb\",\"itemListElement\":[{\"@type\":\"ListItem\",\"position\":1,\"name\":\"Kezd\u0151lap\",\"item\":\"https:\\\/\\\/stuttgarti-katolikusok.de\\\/\"},{\"@type\":\"ListItem\",\"position\":2,\"name\":\"2023 DECEMBER 4 \u00c9S 10 K\u00d6Z\u00d6TT\"}]},{\"@type\":\"WebSite\",\"@id\":\"https:\\\/\\\/stuttgarti-katolikusok.de\\\/#website\",\"url\":\"https:\\\/\\\/stuttgarti-katolikusok.de\\\/\",\"name\":\"Stuttgarti Katolikusok\",\"description\":\"\",\"potentialAction\":[{\"@type\":\"SearchAction\",\"target\":{\"@type\":\"EntryPoint\",\"urlTemplate\":\"https:\\\/\\\/stuttgarti-katolikusok.de\\\/?s={search_term_string}\"},\"query-input\":{\"@type\":\"PropertyValueSpecification\",\"valueRequired\":true,\"valueName\":\"search_term_string\"}}],\"inLanguage\":\"hu\"},{\"@type\":\"Person\",\"@id\":\"https:\\\/\\\/stuttgarti-katolikusok.de\\\/#\\\/schema\\\/person\\\/75908d6f8fdc03a57889d27209df7795\",\"name\":\"Tibor atya\",\"image\":{\"@type\":\"ImageObject\",\"inLanguage\":\"hu\",\"@id\":\"https:\\\/\\\/secure.gravatar.com\\\/avatar\\\/61d268e57d1f4525b111222e29d2d5a7f8c420fdbf231ba5566a8ceac74fa960?s=96&d=mm&r=g\",\"url\":\"https:\\\/\\\/secure.gravatar.com\\\/avatar\\\/61d268e57d1f4525b111222e29d2d5a7f8c420fdbf231ba5566a8ceac74fa960?s=96&d=mm&r=g\",\"contentUrl\":\"https:\\\/\\\/secure.gravatar.com\\\/avatar\\\/61d268e57d1f4525b111222e29d2d5a7f8c420fdbf231ba5566a8ceac74fa960?s=96&d=mm&r=g\",\"caption\":\"Tibor atya\"},\"url\":\"https:\\\/\\\/stuttgarti-katolikusok.de\\\/index.php\\\/author\\\/tibor-atya\\\/\"}]}<\/script>\n<!-- \/ Yoast SEO plugin. -->","yoast_head_json":{"title":"2023 DECEMBER 4 \u00c9S 10 K\u00d6Z\u00d6TT - Stuttgarti Katolikusok","robots":{"index":"index","follow":"follow","max-snippet":"max-snippet:-1","max-image-preview":"max-image-preview:large","max-video-preview":"max-video-preview:-1"},"canonical":"https:\/\/stuttgarti-katolikusok.de\/index.php\/2023-december-4-es-10-kozott\/","og_locale":"hu_HU","og_type":"article","og_title":"2023 DECEMBER 4 \u00c9S 10 K\u00d6Z\u00d6TT - Stuttgarti Katolikusok","og_description":"December 8-\u00e1n,\u00a0p\u00e9nteken, Stuttgartban 8.00 \u00f3rakor ror\u00e1t\u00e9-szentmise, keret\u00e9ben Sz\u0171z M\u00e1ria Szepl\u0151telen fogantat\u00e1s\u00e1nak \u00fcnnepe. Ut\u00e1na k\u00f6z\u00f6s reggeli. * December 9-\u00e9n, szombaton, Weingartenben a 14 Nothelfer Kapelle-ben 7.00 \u00f3rakor\u00a0ror\u00e1t\u00e9&#8211;szentmise. Ut\u00e1na k\u00f6z\u00f6s reggeli. Biberachban 16.45 \u00f3rakor szentmise, keret\u00e9ben a 2. adventi gyertya meggy\u00fajt\u00e1sa, egyben megeml\u00e9kez\u00fcnk Szent Mikl\u00f3s p\u00fcsp\u00f6kr\u0151l, ut\u00e1na agap\u00e9. \u00a0* December 10-\u00e9n,\u00a0Advent II. vas\u00e1rnapj\u00e1n, Weingartenben 10.00 \u00f3rakor a 14 Nothelfer Kapelle-ben szentmise, keret\u00e9ben a 2. adventi gyertya meggy\u00fajt\u00e1sa, megeml\u00e9kez\u00e9s Szent Mikl\u00f3s p\u00fcsp\u00f6kr\u0151l, ut\u00e1na agap\u00e9, Ulmban 15.00 \u00f3rakor szentmise, keret\u00e9ben a 2. adventi gyertya meggy\u00fajt\u00e1sa, egyben megeml\u00e9kez\u00fcnk Szent Mikl\u00f3s p\u00fcsp\u00f6kr\u0151l, ut\u00e1na agap\u00e9. * Minden helyen mindenkit szeretettel v\u00e1r a k\u00f6z\u00f6ss\u00e9g \u00e9s Tibor atya! * * Bens\u0151s\u00e9ges adventi napokat, j\u00f3 tal\u00e1lkoz\u00e1sokat \u00e9s sok \u00f6r\u00f6met k\u00edv\u00e1nunk minden Kedves H\u00edv\u00fcnknek! * &#8222;\u00d6r\u00f6mre kell berendezkedni. Nem szabad f\u00e9lni a teljes \u00f6r\u00f6mt\u0151l. Ahogy Nietzsche mondja: \u00bbM\u00e9ly a f\u00e1jdalom, de az \u00f6r\u00f6m m\u00e9g m\u00e9lyebb. Az \u00f6r\u00f6m \u00f6r\u00f6kl\u00e9tet k\u00edv\u00e1n, m\u00e9ly, m\u00e9ly \u00f6r\u00f6kk\u00e9val\u00f3s\u00e1got!\u00ab&#8221; \u2013 (Pilinszky J\u00e1nos \u2013 katolikus k\u00f6lt\u0151 \u2013 1921 \u2013 1981)","og_url":"https:\/\/stuttgarti-katolikusok.de\/index.php\/2023-december-4-es-10-kozott\/","og_site_name":"Stuttgarti Katolikusok","article_published_time":"2023-12-04T00:01:29+00:00","article_modified_time":"2023-12-04T00:41:10+00:00","og_image":[{"width":1906,"height":1238,"url":"https:\/\/stuttgarti-katolikusok.de\/wp-content\/uploads\/2023\/12\/whatsapp-kep-2023-12-03-133518-bd057efb.jpg","type":"image\/jpeg"}],"author":"Tibor atya","twitter_card":"summary_large_image","twitter_misc":{"Szerz\u0151:":"Tibor atya","Becs\u00fclt olvas\u00e1si id\u0151":"2 perc"},"schema":{"@context":"https:\/\/schema.org","@graph":[{"@type":"Article","@id":"https:\/\/stuttgarti-katolikusok.de\/index.php\/2023-december-4-es-10-kozott\/#article","isPartOf":{"@id":"https:\/\/stuttgarti-katolikusok.de\/index.php\/2023-december-4-es-10-kozott\/"},"author":{"name":"Tibor atya","@id":"https:\/\/stuttgarti-katolikusok.de\/#\/schema\/person\/75908d6f8fdc03a57889d27209df7795"},"headline":"2023 DECEMBER 4 \u00c9S 10 K\u00d6Z\u00d6TT","datePublished":"2023-12-04T00:01:29+00:00","dateModified":"2023-12-04T00:41:10+00:00","mainEntityOfPage":{"@id":"https:\/\/stuttgarti-katolikusok.de\/index.php\/2023-december-4-es-10-kozott\/"},"wordCount":224,"image":{"@id":"https:\/\/stuttgarti-katolikusok.de\/index.php\/2023-december-4-es-10-kozott\/#primaryimage"},"thumbnailUrl":"https:\/\/stuttgarti-katolikusok.de\/wp-content\/uploads\/2023\/12\/whatsapp-kep-2023-12-03-133518-bd057efb.jpg","articleSection":["Progamel\u0151zetes"],"inLanguage":"hu"},{"@type":"WebPage","@id":"https:\/\/stuttgarti-katolikusok.de\/index.php\/2023-december-4-es-10-kozott\/","url":"https:\/\/stuttgarti-katolikusok.de\/index.php\/2023-december-4-es-10-kozott\/","name":"2023 DECEMBER 4 \u00c9S 10 K\u00d6Z\u00d6TT - Stuttgarti Katolikusok","isPartOf":{"@id":"https:\/\/stuttgarti-katolikusok.de\/#website"},"primaryImageOfPage":{"@id":"https:\/\/stuttgarti-katolikusok.de\/index.php\/2023-december-4-es-10-kozott\/#primaryimage"},"image":{"@id":"https:\/\/stuttgarti-katolikusok.de\/index.php\/2023-december-4-es-10-kozott\/#primaryimage"},"thumbnailUrl":"https:\/\/stuttgarti-katolikusok.de\/wp-content\/uploads\/2023\/12\/whatsapp-kep-2023-12-03-133518-bd057efb.jpg","datePublished":"2023-12-04T00:01:29+00:00","dateModified":"2023-12-04T00:41:10+00:00","author":{"@id":"https:\/\/stuttgarti-katolikusok.de\/#\/schema\/person\/75908d6f8fdc03a57889d27209df7795"},"breadcrumb":{"@id":"https:\/\/stuttgarti-katolikusok.de\/index.php\/2023-december-4-es-10-kozott\/#breadcrumb"},"inLanguage":"hu","potentialAction":[{"@type":"ReadAction","target":["https:\/\/stuttgarti-katolikusok.de\/index.php\/2023-december-4-es-10-kozott\/"]}]},{"@type":"ImageObject","inLanguage":"hu","@id":"https:\/\/stuttgarti-katolikusok.de\/index.php\/2023-december-4-es-10-kozott\/#primaryimage","url":"https:\/\/stuttgarti-katolikusok.de\/wp-content\/uploads\/2023\/12\/whatsapp-kep-2023-12-03-133518-bd057efb.jpg","contentUrl":"https:\/\/stuttgarti-katolikusok.de\/wp-content\/uploads\/2023\/12\/whatsapp-kep-2023-12-03-133518-bd057efb.jpg","width":1906,"height":1238},{"@type":"BreadcrumbList","@id":"https:\/\/stuttgarti-katolikusok.de\/index.php\/2023-december-4-es-10-kozott\/#breadcrumb","itemListElement":[{"@type":"ListItem","position":1,"name":"Kezd\u0151lap","item":"https:\/\/stuttgarti-katolikusok.de\/"},{"@type":"ListItem","position":2,"name":"2023 DECEMBER 4 \u00c9S 10 K\u00d6Z\u00d6TT"}]},{"@type":"WebSite","@id":"https:\/\/stuttgarti-katolikusok.de\/#website","url":"https:\/\/stuttgarti-katolikusok.de\/","name":"Stuttgarti Katolikusok","description":"","potentialAction":[{"@type":"SearchAction","target":{"@type":"EntryPoint","urlTemplate":"https:\/\/stuttgarti-katolikusok.de\/?s={search_term_string}"},"query-input":{"@type":"PropertyValueSpecification","valueRequired":true,"valueName":"search_term_string"}}],"inLanguage":"hu"},{"@type":"Person","@id":"https:\/\/stuttgarti-katolikusok.de\/#\/schema\/person\/75908d6f8fdc03a57889d27209df7795","name":"Tibor atya","image":{"@type":"ImageObject","inLanguage":"hu","@id":"https:\/\/secure.gravatar.com\/avatar\/61d268e57d1f4525b111222e29d2d5a7f8c420fdbf231ba5566a8ceac74fa960?s=96&d=mm&r=g","url":"https:\/\/secure.gravatar.com\/avatar\/61d268e57d1f4525b111222e29d2d5a7f8c420fdbf231ba5566a8ceac74fa960?s=96&d=mm&r=g","contentUrl":"https:\/\/secure.gravatar.com\/avatar\/61d268e57d1f4525b111222e29d2d5a7f8c420fdbf231ba5566a8ceac74fa960?s=96&d=mm&r=g","caption":"Tibor atya"},"url":"https:\/\/stuttgarti-katolikusok.de\/index.php\/author\/tibor-atya\/"}]}},"_links":{"self":[{"href":"https:\/\/stuttgarti-katolikusok.de\/index.php\/wp-json\/wp\/v2\/posts\/27570","targetHints":{"allow":["GET"]}}],"collection":[{"href":"https:\/\/stuttgarti-katolikusok.de\/index.php\/wp-json\/wp\/v2\/posts"}],"about":[{"href":"https:\/\/stuttgarti-katolikusok.de\/index.php\/wp-json\/wp\/v2\/types\/post"}],"author":[{"embeddable":true,"href":"https:\/\/stuttgarti-katolikusok.de\/index.php\/wp-json\/wp\/v2\/users\/3"}],"replies":[{"embeddable":true,"href":"https:\/\/stuttgarti-katolikusok.de\/index.php\/wp-json\/wp\/v2\/comments?post=27570"}],"version-history":[{"count":5,"href":"https:\/\/stuttgarti-katolikusok.de\/index.php\/wp-json\/wp\/v2\/posts\/27570\/revisions"}],"predecessor-version":[{"id":27588,"href":"https:\/\/stuttgarti-katolikusok.de\/index.php\/wp-json\/wp\/v2\/posts\/27570\/revisions\/27588"}],"wp:featuredmedia":[{"embeddable":true,"href":"https:\/\/stuttgarti-katolikusok.de\/index.php\/wp-json\/wp\/v2\/media\/27571"}],"wp:attachment":[{"href":"https:\/\/stuttgarti-katolikusok.de\/index.php\/wp-json\/wp\/v2\/media?parent=27570"}],"wp:term":[{"taxonomy":"category","embeddable":true,"href":"https:\/\/stuttgarti-katolikusok.de\/index.php\/wp-json\/wp\/v2\/categories?post=27570"},{"taxonomy":"post_tag","embeddable":true,"href":"https:\/\/stuttgarti-katolikusok.de\/index.php\/wp-json\/wp\/v2\/tags?post=27570"}],"curies":[{"name":"wp","href":"https:\/\/api.w.org\/{rel}","templated":true}]}}