{"id":27566,"date":"2023-12-02T10:52:08","date_gmt":"2023-12-02T09:52:08","guid":{"rendered":"https:\/\/stuttgarti-katolikusok.de\/?p=27566"},"modified":"2023-12-12T12:57:24","modified_gmt":"2023-12-12T11:57:24","slug":"advent-1-vasarnapja-2","status":"publish","type":"post","link":"https:\/\/stuttgarti-katolikusok.de\/index.php\/advent-1-vasarnapja-2\/","title":{"rendered":"Advent 1. vas\u00e1rnapja"},"content":{"rendered":"<p align=\"justify\"><span style=\"color: #800080;\">OLVASM\u00c1NY Izaj\u00e1s pr\u00f3f\u00e9ta k\u00f6nyv\u00e9b\u0151l (Iz 63,16b-17.19b;64,1.2b.3-8)<\/span><br \/>\n<em>Az al\u00e1zatos l\u00e9lek im\u00e1ja: B\u00e1rcsak megny\u00edlna az \u00e9g, \u00e9s mennyei Aty\u00e1nk elk\u00fclden\u00e9 az \u00fcdv\u00f6ss\u00e9get.<\/em><br \/>\nTe vagy, Uram, a mi aty\u00e1nk. Mert \u00c1brah\u00e1m nem tud r\u00f3lunk, \u00e9s Izrael nem ismer minket; te, Uram, te magad vagy a mi aty\u00e1nk, r\u00e9gt\u0151l fogva \u201eMegv\u00e1lt\u00f3nk\u201d a neved. Mi\u00e9rt hagytad, Urunk, hogy let\u00e9rj\u00fcnk \u00fatjaidr\u00f3l, \u00e9s hogy megkem\u00e9ny\u00edts\u00fck sz\u00edv\u00fcnket, ahelyett, hogy f\u00e9lve tisztelt\u00fcnk volna? Fordulj fel\u00e9nk \u00fajra, a te szolg\u00e1id\u00e9rt, \u00f6r\u00f6kr\u00e9szed t\u00f6rzsei\u00e9rt. \u00d3, b\u00e1rcsak sz\u00e9tt\u00e9pn\u00e9d az egeket \u00e9s lesz\u00e1lln\u00e1l! Sz\u00edned el\u0151tt megolvadn\u00e1nak a hegyek, mint ahogy a l\u00e1ng felgy\u00fajtja a r\u0151zs\u00e9t, \u00e9s ahogy a t\u0171z felforralja a vizet. \u00cdgy neved ismertt\u00e9 v\u00e1lna ellens\u00e9geid el\u0151tt, \u00e9s a nemzetek megrend\u00fcln\u00e9nek sz\u00edned el\u0151tt. Lesz\u00e1llt\u00e1l, \u00e9s sz\u00edned el\u0151tt megolvadtak a hegyek! Nem hallotta soha senki, val\u00f3ban f\u00fcl nem hallotta, \u00e9s szem nem l\u00e1tta, hogy lenne Isten rajtad k\u00edv\u00fcl, aki ilyeneket vinne v\u00e9gbe azok jav\u00e1ra, akik benne b\u00edznak. Te el\u00e9be sietsz annak, aki az igazs\u00e1ghoz szabja tetteit, \u00e9s aki \u00fatjaidon j\u00e1rva r\u00e1d eml\u00e9kezik.<br \/>\n\u00cdme, te haragudt\u00e1l r\u00e1nk, \u00e9s mi m\u00e9gis tov\u00e1bb v\u00e9tkezt\u00fcnk; b\u0171neinkben vagyunk r\u00e9gt\u0151l fogva, b\u00e1rcsak megszabaduln\u00e1nk! Olyanok lett\u00fcnk mind, ak\u00e1r a tiszt\u00e1talan, \u00e9s igaz-voltunk, mint a beszennyezett ruha. Elfonnyadtunk, mint a falev\u00e9l, \u00e9s gonoszs\u00e1gaink, mint a vihar elsodortak minket. Nincs senki, aki seg\u00edts\u00e9g\u00fcl h\u00edvn\u00e1 nevedet, aki f\u00f6lkelne \u00e9s bel\u00e9d kapaszkodna. Mert elrejtetted el\u0151l\u00fcnk arcodat, \u00e9s kiszolg\u00e1ltatt\u00e1l minket b\u0171neink hatalm\u00e1nak. M\u00e9gis, Urunk, te vagy a mi aty\u00e1nk; mi vagyunk az agyag, \u00e9s te, aki form\u00e1lsz, a te kezed m\u0171vei vagyunk mindny\u00e1jan. Ne haragudj r\u00e1nk, Urunk, oly nagyon, \u00e9s ne eml\u00e9kezz\u00e9l t\u00f6bb\u00e9 gonoszs\u00e1gainkra. Figyelj r\u00e1nk s l\u00e1sd meg: mindny\u00e1jan a te n\u00e9ped vagyunk.<br \/>\nEz az Isten ig\u00e9je.<\/p>\n<p align=\"justify\"><span style=\"color: #800080;\">V\u00c1LASZOS ZSOLT\u00c1R (Zsolt 79,2ac.3b.15-16.18-19)<\/span><br \/>\nV\u00e1lasz:\u00a0<strong>T\u00e9r\u00edts meg\u00a0<u>min<\/u>ket, Isten\u00fcnk, * ragyogtasd r\u00e1nk arcodat, \u00e9s szabadok le<u>sz\u00fcnk<\/u>!<\/strong>\u00a0(4g. t\u00f3nus.)<\/p>\n<p>El\u0151\u00e9nekes: Figyelj r\u00e1nk, Iz<u>ra<\/u>el p\u00e1sztora, * ragyogj fel, aki tr\u00f3nolsz a kerubok f\u00f6<u>l\u00f6tt<\/u>!<br \/>\nMutasd meg\u00a0<u>ha<\/u>talmadat, * j\u00f6jj, hogy megszabad\u00edts min<u>ket<\/u>!<br \/>\nH\u00edvek:\u00a0<strong>T\u00e9r\u00edts meg\u00a0<u>min<\/u>ket, Isten\u00fcnk, * ragyogtasd r\u00e1nk arcodat, \u00e9s szabadok le<u>sz\u00fcnk<\/u>!<\/strong><\/p>\n<p>E: Seregek Ura, fordulj hoz<u>z\u00e1nk<\/u>, \u2020 tekints\u00a0<u>le<\/u>\u00a0az \u00e9gb\u0151l, * l\u00e1sd, \u00e9s l\u00e1togasd meg ezt a sz\u0151<u>l\u0151t<\/u>!<br \/>\nV\u00e9dd meg, amit\u00a0<u>job<\/u>bod \u00fcltetett, * \u00e9s az emberfi\u00e1t, akit magadnak meger\u0151s\u00edtet<u>t\u00e9l<\/u>.<br \/>\nH:\u00a0<strong>T\u00e9r\u00edts meg\u00a0<u>min<\/u>ket, Isten\u00fcnk, * ragyogtasd r\u00e1nk arcodat, \u00e9s szabadok le<u>sz\u00fcnk<\/u>!<\/strong><\/p>\n<p>E: Jobbod embere f\u00f6l\u00e9\u00a0<u>t\u00e1rd<\/u>\u00a0ki kezedet, * az emberfia f\u00f6l\u00e9, akit magadnak meger\u0151s\u00edtet<u>t\u00e9l<\/u>.<br \/>\nNem hagyunk el t\u00f6bb\u00e9, \u00e9l<u>tess<\/u>\u00a0m\u00e9g benn\u00fcnket, * \u00e9s mi seg\u00edts\u00e9g\u00fcl h\u00edvjuk ne<u>ve<\/u>det.<br \/>\nH:\u00a0<strong>T\u00e9r\u00edts meg\u00a0<u>min<\/u>ket, Isten\u00fcnk, * ragyogtasd r\u00e1nk arcodat, \u00e9s szabadok le<u>sz\u00fcnk<\/u>!<\/strong><\/p>\n<p align=\"justify\"><span style=\"color: #800080;\">SZENTLECKE Szent P\u00e1l apostolnak a korintusiakhoz \u00edrt els\u0151 level\u00e9b\u0151l (1Kor 1,3-9)<\/span><br \/>\n<em>Urunk, J\u00e9zus Krisztus megjelen\u00e9s\u00e9t v\u00e1rjuk.<\/em><br \/>\nTestv\u00e9reim!<br \/>\nKegyelem nektek \u00e9s b\u00e9kess\u00e9g Aty\u00e1nkt\u00f3l, az Istent\u0151l \u00e9s J\u00e9zus Krisztust\u00f3l, a mi Urunkt\u00f3l! Veletek kapcsolatban sz\u00fcntelen\u00fcl h\u00e1l\u00e1t adok az Istennek az\u00e9rt az isteni kegyelem\u00e9rt, amelyet Krisztus J\u00e9zusban nyertetek. Benne gazdagok lettetek minden tan\u00edt\u00e1sban \u00e9s ismeretben. A Krisztus melletti tan\u00fas\u00e1gt\u00e9tel is megszil\u00e1rdult k\u00f6ztetek. \u00cdgy semmi kegyelmet sem n\u00e9lk\u00fcl\u00f6zt\u00f6k, am\u00edg Urunk, J\u00e9zus Krisztus megjelen\u00e9s\u00e9t v\u00e1rj\u00e1tok. \u0150 mindv\u00e9gig meger\u0151s\u00edt titeket, hogy feddhetetlenek legyetek Urunk, J\u00e9zus Krisztus napj\u00e1n. H\u0171s\u00e9ges az Isten, aki megh\u00edvott Fi\u00e1nak, J\u00e9zus Krisztusnak, a mi Urunknak k\u00f6z\u00f6ss\u00e9g\u00e9be.<br \/>\nEz az Isten ig\u00e9je.<\/p>\n<p align=\"justify\"><span style=\"color: #800080;\">ALLELUJA<\/span><br \/>\nUrunk, mutasd meg n\u00e9k\u00fcnk\u00a0<u>ir<\/u>galmas sz\u00edvedet, * \u00e9s \u00fcdv\u00f6ss\u00e9gedet\u00a0<u>add<\/u>\u00a0meg n\u00e9k\u00fcnk. (Zsolt 84,8 \u2013 1 D<sup><small>2<\/small><\/sup>\u00a0t\u00f3nus.)<\/p>\n<p align=\"justify\"><span style=\"color: #800080;\">\u2020 EVANG\u00c9LIUM Szent M\u00e1rk k\u00f6nyv\u00e9b\u0151l (Mk 13,33-37)<\/span><br \/>\n<em>Legyetek \u00e9berek, mert nem tudj\u00e1tok, mikor \u00e9rkezik az \u00dar!<\/em><br \/>\nAbban az id\u0151ben J\u00e9zus \u00edgy tan\u00edtott: Vigy\u00e1zzatok \u00e9s virrasszatok! Nem tudj\u00e1tok, mikor j\u00f6n el az id\u0151. Az idegenbe indul\u00f3 ember is, amikor otthagyja h\u00e1z\u00e1t, szolg\u00e1ira b\u00edzza minden\u00e9t, \u00e9s mindegyiknek kijel\u00f6li a maga feladat\u00e1t; a kapu\u0151rnek megparancsolja, hogy virrasszon.<br \/>\nLegyetek h\u00e1t \u00e9berek! Mert nem tudj\u00e1tok, mikor \u00e9rkezik meg a h\u00e1z ura: lehet, hogy este, vagy \u00e9jf\u00e9lkor; kakassz\u00f3ra, vagy reggel. Ne tal\u00e1ljon alva benneteket, ha v\u00e1ratlanul meg\u00e9rkezik! Amit nektek mondok, mindenkinek mondom: Virrasszatok!<br \/>\nEzek az evang\u00e9lium ig\u00e9i.<\/p>\n<p align=\"justify\"><span style=\"color: #800080;\">EGYETEMES K\u00d6NY\u00d6RG\u00c9SEK<\/span><br \/>\nPap: Testv\u00e9reim, a v\u00e1rakoz\u00e1s fog\u00e9konny\u00e1 teszi a lelket. K\u00e9rj\u00fck Urunkat, hogy az adventi v\u00e1rakoz\u00e1s k\u00e9sz\u00edtsen el\u0151 a kegyelem befogad\u00e1s\u00e1ra \u00e9s a lelki meg\u00fajul\u00e1sra!<br \/>\nLektor:<br \/>\n1. Add, Urunk, hogy m\u00e1sodik elj\u00f6veteledet v\u00e1rva, mindig k\u00e9szek legy\u00fcnk meg\u00fajulni igazs\u00e1gban \u00e9s szeretetben!<br \/>\nH\u00edvek: K\u00e9r\u00fcnk T\u00e9ged, hallgass meg minket!<br \/>\n2. Add, Urunk, hogy Egyh\u00e1zad tiszta \u00e9s feddhetetlen legyen, amikor \u00fajra elj\u00f6ssz!<br \/>\nH\u00edvek: K\u00e9r\u00fcnk T\u00e9ged, hallgass meg minket!<br \/>\n3. Add, hogy azok, akikre a f\u00f6ldi hatalmat b\u00edztad, b\u00e9k\u00e9ben \u00e9s igazs\u00e1gban vezess\u00e9k a n\u00e9peket!<br \/>\nH\u00edvek: K\u00e9r\u00fcnk T\u00e9ged, hallgass meg minket!<br \/>\n4. Add, hogy az adventi szent id\u0151ben b\u0171neinkt\u0151l megtisztuljunk, \u00e9s a szeretetben t\u00f6k\u00e9letesedj\u00fcnk!<br \/>\nH\u00edvek: K\u00e9r\u00fcnk T\u00e9ged, hallgass meg minket!<br \/>\n5. Add, hogy amikor a r\u00e1szorul\u00f3knak seg\u00edts\u00e9get ny\u00fajtunk, meg\u00e9rezz\u00e9k a te j\u00f3s\u00e1godat!<br \/>\nH\u00edvek: K\u00e9r\u00fcnk T\u00e9ged, hallgass meg minket!<br \/>\nPap: Mindenhat\u00f3 Isten\u00fcnk! Seg\u00edts, hogy az advent folyam\u00e1n egyre jobban megismerj\u00fcnk t\u00e9ged, \u00e9s tetteinkben feddhetetlenek legy\u00fcnk! Krisztus, a mi Urunk \u00e1ltal.<br \/>\nH\u00edvek: \u00c1men.<\/p>\n","protected":false},"excerpt":{"rendered":"<p>OLVASM\u00c1NY Izaj\u00e1s pr\u00f3f\u00e9ta k\u00f6nyv\u00e9b\u0151l (Iz 63,16b-17.19b;64,1.2b.3-8) Az al\u00e1zatos l\u00e9lek im\u00e1ja: B\u00e1rcsak megny\u00edlna az \u00e9g, \u00e9s mennyei Aty\u00e1nk elk\u00fclden\u00e9 az \u00fcdv\u00f6ss\u00e9get. Te vagy, Uram, a mi aty\u00e1nk. Mert \u00c1brah\u00e1m nem tud r\u00f3lunk, \u00e9s Izrael nem ismer minket; te, Uram, te magad vagy a mi aty\u00e1nk, r\u00e9gt\u0151l fogva \u201eMegv\u00e1lt\u00f3nk\u201d a neved. Mi\u00e9rt hagytad, Urunk, hogy let\u00e9rj\u00fcnk \u00fatjaidr\u00f3l, \u00e9s hogy megkem\u00e9ny\u00edts\u00fck sz\u00edv\u00fcnket, ahelyett, hogy f\u00e9lve tisztelt\u00fcnk volna? Fordulj fel\u00e9nk \u00fajra, a te szolg\u00e1id\u00e9rt, \u00f6r\u00f6kr\u00e9szed t\u00f6rzsei\u00e9rt. \u00d3, b\u00e1rcsak sz\u00e9tt\u00e9pn\u00e9d az egeket \u00e9s lesz\u00e1lln\u00e1l! Sz\u00edned el\u0151tt megolvadn\u00e1nak a hegyek, mint ahogy a l\u00e1ng felgy\u00fajtja a r\u0151zs\u00e9t, \u00e9s ahogy a t\u0171z felforralja a vizet. \u00cdgy neved ismertt\u00e9 v\u00e1lna ellens\u00e9geid el\u0151tt, \u00e9s a nemzetek megrend\u00fcln\u00e9nek sz\u00edned el\u0151tt. Lesz\u00e1llt\u00e1l, \u00e9s sz\u00edned el\u0151tt megolvadtak a hegyek! Nem hallotta soha senki, val\u00f3ban f\u00fcl nem hallotta, \u00e9s szem nem l\u00e1tta, hogy lenne Isten rajtad k\u00edv\u00fcl, aki ilyeneket vinne v\u00e9gbe azok jav\u00e1ra, akik benne b\u00edznak. Te el\u00e9be sietsz annak, aki az igazs\u00e1ghoz szabja tetteit, \u00e9s aki \u00fatjaidon j\u00e1rva r\u00e1d eml\u00e9kezik. \u00cdme, te haragudt\u00e1l r\u00e1nk, \u00e9s mi m\u00e9gis tov\u00e1bb v\u00e9tkezt\u00fcnk; b\u0171neinkben vagyunk r\u00e9gt\u0151l fogva, b\u00e1rcsak megszabaduln\u00e1nk! Olyanok lett\u00fcnk mind, ak\u00e1r a tiszt\u00e1talan, \u00e9s igaz-voltunk, mint a beszennyezett ruha. Elfonnyadtunk, mint a falev\u00e9l, \u00e9s gonoszs\u00e1gaink, mint a vihar elsodortak minket. Nincs senki, aki seg\u00edts\u00e9g\u00fcl h\u00edvn\u00e1 nevedet, aki f\u00f6lkelne \u00e9s bel\u00e9d kapaszkodna. Mert elrejtetted el\u0151l\u00fcnk arcodat, \u00e9s kiszolg\u00e1ltatt\u00e1l minket b\u0171neink hatalm\u00e1nak. M\u00e9gis, Urunk, te vagy a mi aty\u00e1nk; mi vagyunk az agyag, \u00e9s te, aki form\u00e1lsz, a te kezed m\u0171vei vagyunk mindny\u00e1jan. Ne haragudj r\u00e1nk, Urunk, oly nagyon, \u00e9s ne eml\u00e9kezz\u00e9l t\u00f6bb\u00e9 gonoszs\u00e1gainkra. Figyelj r\u00e1nk s l\u00e1sd meg: mindny\u00e1jan a te n\u00e9ped vagyunk. Ez az Isten ig\u00e9je. V\u00c1LASZOS ZSOLT\u00c1R (Zsolt 79,2ac.3b.15-16.18-19) V\u00e1lasz:\u00a0T\u00e9r\u00edts meg\u00a0minket, Isten\u00fcnk, * ragyogtasd r\u00e1nk arcodat, \u00e9s szabadok lesz\u00fcnk!\u00a0(4g. t\u00f3nus.) El\u0151\u00e9nekes: Figyelj r\u00e1nk, Izrael p\u00e1sztora, * ragyogj fel, aki tr\u00f3nolsz a kerubok f\u00f6l\u00f6tt! Mutasd meg\u00a0hatalmadat, * j\u00f6jj, hogy megszabad\u00edts minket! H\u00edvek:\u00a0T\u00e9r\u00edts meg\u00a0minket, Isten\u00fcnk,&#8230; <\/p>\n<p><a class=\"readmore\" href=\"https:\/\/stuttgarti-katolikusok.de\/index.php\/advent-1-vasarnapja-2\/\">R\u00e9szletek<\/a><\/p>\n","protected":false},"author":3,"featured_media":23984,"comment_status":"closed","ping_status":"closed","sticky":false,"template":"","format":"standard","meta":{"footnotes":""},"categories":[85,63],"tags":[],"class_list":["post-27566","post","type-post","status-publish","format-standard","has-post-thumbnail","hentry","category-a-liturgia-olvasmanyai","category-vasarnapi-gondolatok"],"yoast_head":"<!-- This site is optimized with the Yoast SEO plugin v27.3 - https:\/\/yoast.com\/product\/yoast-seo-wordpress\/ -->\n<title>Advent 1. vas\u00e1rnapja - Stuttgarti Katolikusok<\/title>\n<meta name=\"robots\" content=\"index, follow, max-snippet:-1, max-image-preview:large, max-video-preview:-1\" \/>\n<link rel=\"canonical\" href=\"https:\/\/stuttgarti-katolikusok.de\/index.php\/advent-1-vasarnapja-2\/\" \/>\n<meta property=\"og:locale\" content=\"hu_HU\" \/>\n<meta property=\"og:type\" content=\"article\" \/>\n<meta property=\"og:title\" content=\"Advent 1. vas\u00e1rnapja - Stuttgarti Katolikusok\" \/>\n<meta property=\"og:description\" content=\"OLVASM\u00c1NY Izaj\u00e1s pr\u00f3f\u00e9ta k\u00f6nyv\u00e9b\u0151l (Iz 63,16b-17.19b;64,1.2b.3-8) Az al\u00e1zatos l\u00e9lek im\u00e1ja: B\u00e1rcsak megny\u00edlna az \u00e9g, \u00e9s mennyei Aty\u00e1nk elk\u00fclden\u00e9 az \u00fcdv\u00f6ss\u00e9get. Te vagy, Uram, a mi aty\u00e1nk. Mert \u00c1brah\u00e1m nem tud r\u00f3lunk, \u00e9s Izrael nem ismer minket; te, Uram, te magad vagy a mi aty\u00e1nk, r\u00e9gt\u0151l fogva \u201eMegv\u00e1lt\u00f3nk\u201d a neved. Mi\u00e9rt hagytad, Urunk, hogy let\u00e9rj\u00fcnk \u00fatjaidr\u00f3l, \u00e9s hogy megkem\u00e9ny\u00edts\u00fck sz\u00edv\u00fcnket, ahelyett, hogy f\u00e9lve tisztelt\u00fcnk volna? Fordulj fel\u00e9nk \u00fajra, a te szolg\u00e1id\u00e9rt, \u00f6r\u00f6kr\u00e9szed t\u00f6rzsei\u00e9rt. \u00d3, b\u00e1rcsak sz\u00e9tt\u00e9pn\u00e9d az egeket \u00e9s lesz\u00e1lln\u00e1l! Sz\u00edned el\u0151tt megolvadn\u00e1nak a hegyek, mint ahogy a l\u00e1ng felgy\u00fajtja a r\u0151zs\u00e9t, \u00e9s ahogy a t\u0171z felforralja a vizet. \u00cdgy neved ismertt\u00e9 v\u00e1lna ellens\u00e9geid el\u0151tt, \u00e9s a nemzetek megrend\u00fcln\u00e9nek sz\u00edned el\u0151tt. Lesz\u00e1llt\u00e1l, \u00e9s sz\u00edned el\u0151tt megolvadtak a hegyek! Nem hallotta soha senki, val\u00f3ban f\u00fcl nem hallotta, \u00e9s szem nem l\u00e1tta, hogy lenne Isten rajtad k\u00edv\u00fcl, aki ilyeneket vinne v\u00e9gbe azok jav\u00e1ra, akik benne b\u00edznak. Te el\u00e9be sietsz annak, aki az igazs\u00e1ghoz szabja tetteit, \u00e9s aki \u00fatjaidon j\u00e1rva r\u00e1d eml\u00e9kezik. \u00cdme, te haragudt\u00e1l r\u00e1nk, \u00e9s mi m\u00e9gis tov\u00e1bb v\u00e9tkezt\u00fcnk; b\u0171neinkben vagyunk r\u00e9gt\u0151l fogva, b\u00e1rcsak megszabaduln\u00e1nk! Olyanok lett\u00fcnk mind, ak\u00e1r a tiszt\u00e1talan, \u00e9s igaz-voltunk, mint a beszennyezett ruha. Elfonnyadtunk, mint a falev\u00e9l, \u00e9s gonoszs\u00e1gaink, mint a vihar elsodortak minket. Nincs senki, aki seg\u00edts\u00e9g\u00fcl h\u00edvn\u00e1 nevedet, aki f\u00f6lkelne \u00e9s bel\u00e9d kapaszkodna. Mert elrejtetted el\u0151l\u00fcnk arcodat, \u00e9s kiszolg\u00e1ltatt\u00e1l minket b\u0171neink hatalm\u00e1nak. M\u00e9gis, Urunk, te vagy a mi aty\u00e1nk; mi vagyunk az agyag, \u00e9s te, aki form\u00e1lsz, a te kezed m\u0171vei vagyunk mindny\u00e1jan. Ne haragudj r\u00e1nk, Urunk, oly nagyon, \u00e9s ne eml\u00e9kezz\u00e9l t\u00f6bb\u00e9 gonoszs\u00e1gainkra. Figyelj r\u00e1nk s l\u00e1sd meg: mindny\u00e1jan a te n\u00e9ped vagyunk. Ez az Isten ig\u00e9je. V\u00c1LASZOS ZSOLT\u00c1R (Zsolt 79,2ac.3b.15-16.18-19) V\u00e1lasz:\u00a0T\u00e9r\u00edts meg\u00a0minket, Isten\u00fcnk, * ragyogtasd r\u00e1nk arcodat, \u00e9s szabadok lesz\u00fcnk!\u00a0(4g. t\u00f3nus.) El\u0151\u00e9nekes: Figyelj r\u00e1nk, Izrael p\u00e1sztora, * ragyogj fel, aki tr\u00f3nolsz a kerubok f\u00f6l\u00f6tt! Mutasd meg\u00a0hatalmadat, * j\u00f6jj, hogy megszabad\u00edts minket! H\u00edvek:\u00a0T\u00e9r\u00edts meg\u00a0minket, Isten\u00fcnk,... R\u00e9szletek\" \/>\n<meta property=\"og:url\" content=\"https:\/\/stuttgarti-katolikusok.de\/index.php\/advent-1-vasarnapja-2\/\" \/>\n<meta property=\"og:site_name\" content=\"Stuttgarti Katolikusok\" \/>\n<meta property=\"article:published_time\" content=\"2023-12-02T09:52:08+00:00\" \/>\n<meta property=\"article:modified_time\" content=\"2023-12-12T11:57:24+00:00\" \/>\n<meta property=\"og:image\" content=\"https:\/\/stuttgarti-katolikusok.de\/wp-content\/uploads\/2022\/11\/advent-1-vasarnapja.jpg\" \/>\n\t<meta property=\"og:image:width\" content=\"1600\" \/>\n\t<meta property=\"og:image:height\" content=\"900\" \/>\n\t<meta property=\"og:image:type\" content=\"image\/jpeg\" \/>\n<meta name=\"author\" content=\"Tibor atya\" \/>\n<meta name=\"twitter:card\" content=\"summary_large_image\" \/>\n<meta name=\"twitter:label1\" content=\"Szerz\u0151:\" \/>\n\t<meta name=\"twitter:data1\" content=\"Tibor atya\" \/>\n\t<meta name=\"twitter:label2\" content=\"Becs\u00fclt olvas\u00e1si id\u0151\" \/>\n\t<meta name=\"twitter:data2\" content=\"5 perc\" \/>\n<script type=\"application\/ld+json\" class=\"yoast-schema-graph\">{\"@context\":\"https:\\\/\\\/schema.org\",\"@graph\":[{\"@type\":\"Article\",\"@id\":\"https:\\\/\\\/stuttgarti-katolikusok.de\\\/index.php\\\/advent-1-vasarnapja-2\\\/#article\",\"isPartOf\":{\"@id\":\"https:\\\/\\\/stuttgarti-katolikusok.de\\\/index.php\\\/advent-1-vasarnapja-2\\\/\"},\"author\":{\"name\":\"Tibor atya\",\"@id\":\"https:\\\/\\\/stuttgarti-katolikusok.de\\\/#\\\/schema\\\/person\\\/75908d6f8fdc03a57889d27209df7795\"},\"headline\":\"Advent 1. vas\u00e1rnapja\",\"datePublished\":\"2023-12-02T09:52:08+00:00\",\"dateModified\":\"2023-12-12T11:57:24+00:00\",\"mainEntityOfPage\":{\"@id\":\"https:\\\/\\\/stuttgarti-katolikusok.de\\\/index.php\\\/advent-1-vasarnapja-2\\\/\"},\"wordCount\":1080,\"image\":{\"@id\":\"https:\\\/\\\/stuttgarti-katolikusok.de\\\/index.php\\\/advent-1-vasarnapja-2\\\/#primaryimage\"},\"thumbnailUrl\":\"https:\\\/\\\/stuttgarti-katolikusok.de\\\/wp-content\\\/uploads\\\/2022\\\/11\\\/advent-1-vasarnapja.jpg\",\"articleSection\":[\"A liturgia olvasm\u00e1nyai\",\"Vas\u00e1rnapi gondolatok\"],\"inLanguage\":\"hu\"},{\"@type\":\"WebPage\",\"@id\":\"https:\\\/\\\/stuttgarti-katolikusok.de\\\/index.php\\\/advent-1-vasarnapja-2\\\/\",\"url\":\"https:\\\/\\\/stuttgarti-katolikusok.de\\\/index.php\\\/advent-1-vasarnapja-2\\\/\",\"name\":\"Advent 1. vas\u00e1rnapja - Stuttgarti Katolikusok\",\"isPartOf\":{\"@id\":\"https:\\\/\\\/stuttgarti-katolikusok.de\\\/#website\"},\"primaryImageOfPage\":{\"@id\":\"https:\\\/\\\/stuttgarti-katolikusok.de\\\/index.php\\\/advent-1-vasarnapja-2\\\/#primaryimage\"},\"image\":{\"@id\":\"https:\\\/\\\/stuttgarti-katolikusok.de\\\/index.php\\\/advent-1-vasarnapja-2\\\/#primaryimage\"},\"thumbnailUrl\":\"https:\\\/\\\/stuttgarti-katolikusok.de\\\/wp-content\\\/uploads\\\/2022\\\/11\\\/advent-1-vasarnapja.jpg\",\"datePublished\":\"2023-12-02T09:52:08+00:00\",\"dateModified\":\"2023-12-12T11:57:24+00:00\",\"author\":{\"@id\":\"https:\\\/\\\/stuttgarti-katolikusok.de\\\/#\\\/schema\\\/person\\\/75908d6f8fdc03a57889d27209df7795\"},\"breadcrumb\":{\"@id\":\"https:\\\/\\\/stuttgarti-katolikusok.de\\\/index.php\\\/advent-1-vasarnapja-2\\\/#breadcrumb\"},\"inLanguage\":\"hu\",\"potentialAction\":[{\"@type\":\"ReadAction\",\"target\":[\"https:\\\/\\\/stuttgarti-katolikusok.de\\\/index.php\\\/advent-1-vasarnapja-2\\\/\"]}]},{\"@type\":\"ImageObject\",\"inLanguage\":\"hu\",\"@id\":\"https:\\\/\\\/stuttgarti-katolikusok.de\\\/index.php\\\/advent-1-vasarnapja-2\\\/#primaryimage\",\"url\":\"https:\\\/\\\/stuttgarti-katolikusok.de\\\/wp-content\\\/uploads\\\/2022\\\/11\\\/advent-1-vasarnapja.jpg\",\"contentUrl\":\"https:\\\/\\\/stuttgarti-katolikusok.de\\\/wp-content\\\/uploads\\\/2022\\\/11\\\/advent-1-vasarnapja.jpg\",\"width\":1600,\"height\":900},{\"@type\":\"BreadcrumbList\",\"@id\":\"https:\\\/\\\/stuttgarti-katolikusok.de\\\/index.php\\\/advent-1-vasarnapja-2\\\/#breadcrumb\",\"itemListElement\":[{\"@type\":\"ListItem\",\"position\":1,\"name\":\"Kezd\u0151lap\",\"item\":\"https:\\\/\\\/stuttgarti-katolikusok.de\\\/\"},{\"@type\":\"ListItem\",\"position\":2,\"name\":\"Advent 1. vas\u00e1rnapja\"}]},{\"@type\":\"WebSite\",\"@id\":\"https:\\\/\\\/stuttgarti-katolikusok.de\\\/#website\",\"url\":\"https:\\\/\\\/stuttgarti-katolikusok.de\\\/\",\"name\":\"Stuttgarti Katolikusok\",\"description\":\"\",\"potentialAction\":[{\"@type\":\"SearchAction\",\"target\":{\"@type\":\"EntryPoint\",\"urlTemplate\":\"https:\\\/\\\/stuttgarti-katolikusok.de\\\/?s={search_term_string}\"},\"query-input\":{\"@type\":\"PropertyValueSpecification\",\"valueRequired\":true,\"valueName\":\"search_term_string\"}}],\"inLanguage\":\"hu\"},{\"@type\":\"Person\",\"@id\":\"https:\\\/\\\/stuttgarti-katolikusok.de\\\/#\\\/schema\\\/person\\\/75908d6f8fdc03a57889d27209df7795\",\"name\":\"Tibor atya\",\"image\":{\"@type\":\"ImageObject\",\"inLanguage\":\"hu\",\"@id\":\"https:\\\/\\\/secure.gravatar.com\\\/avatar\\\/61d268e57d1f4525b111222e29d2d5a7f8c420fdbf231ba5566a8ceac74fa960?s=96&d=mm&r=g\",\"url\":\"https:\\\/\\\/secure.gravatar.com\\\/avatar\\\/61d268e57d1f4525b111222e29d2d5a7f8c420fdbf231ba5566a8ceac74fa960?s=96&d=mm&r=g\",\"contentUrl\":\"https:\\\/\\\/secure.gravatar.com\\\/avatar\\\/61d268e57d1f4525b111222e29d2d5a7f8c420fdbf231ba5566a8ceac74fa960?s=96&d=mm&r=g\",\"caption\":\"Tibor atya\"},\"url\":\"https:\\\/\\\/stuttgarti-katolikusok.de\\\/index.php\\\/author\\\/tibor-atya\\\/\"}]}<\/script>\n<!-- \/ Yoast SEO plugin. -->","yoast_head_json":{"title":"Advent 1. vas\u00e1rnapja - Stuttgarti Katolikusok","robots":{"index":"index","follow":"follow","max-snippet":"max-snippet:-1","max-image-preview":"max-image-preview:large","max-video-preview":"max-video-preview:-1"},"canonical":"https:\/\/stuttgarti-katolikusok.de\/index.php\/advent-1-vasarnapja-2\/","og_locale":"hu_HU","og_type":"article","og_title":"Advent 1. vas\u00e1rnapja - Stuttgarti Katolikusok","og_description":"OLVASM\u00c1NY Izaj\u00e1s pr\u00f3f\u00e9ta k\u00f6nyv\u00e9b\u0151l (Iz 63,16b-17.19b;64,1.2b.3-8) Az al\u00e1zatos l\u00e9lek im\u00e1ja: B\u00e1rcsak megny\u00edlna az \u00e9g, \u00e9s mennyei Aty\u00e1nk elk\u00fclden\u00e9 az \u00fcdv\u00f6ss\u00e9get. Te vagy, Uram, a mi aty\u00e1nk. Mert \u00c1brah\u00e1m nem tud r\u00f3lunk, \u00e9s Izrael nem ismer minket; te, Uram, te magad vagy a mi aty\u00e1nk, r\u00e9gt\u0151l fogva \u201eMegv\u00e1lt\u00f3nk\u201d a neved. Mi\u00e9rt hagytad, Urunk, hogy let\u00e9rj\u00fcnk \u00fatjaidr\u00f3l, \u00e9s hogy megkem\u00e9ny\u00edts\u00fck sz\u00edv\u00fcnket, ahelyett, hogy f\u00e9lve tisztelt\u00fcnk volna? Fordulj fel\u00e9nk \u00fajra, a te szolg\u00e1id\u00e9rt, \u00f6r\u00f6kr\u00e9szed t\u00f6rzsei\u00e9rt. \u00d3, b\u00e1rcsak sz\u00e9tt\u00e9pn\u00e9d az egeket \u00e9s lesz\u00e1lln\u00e1l! Sz\u00edned el\u0151tt megolvadn\u00e1nak a hegyek, mint ahogy a l\u00e1ng felgy\u00fajtja a r\u0151zs\u00e9t, \u00e9s ahogy a t\u0171z felforralja a vizet. \u00cdgy neved ismertt\u00e9 v\u00e1lna ellens\u00e9geid el\u0151tt, \u00e9s a nemzetek megrend\u00fcln\u00e9nek sz\u00edned el\u0151tt. Lesz\u00e1llt\u00e1l, \u00e9s sz\u00edned el\u0151tt megolvadtak a hegyek! Nem hallotta soha senki, val\u00f3ban f\u00fcl nem hallotta, \u00e9s szem nem l\u00e1tta, hogy lenne Isten rajtad k\u00edv\u00fcl, aki ilyeneket vinne v\u00e9gbe azok jav\u00e1ra, akik benne b\u00edznak. Te el\u00e9be sietsz annak, aki az igazs\u00e1ghoz szabja tetteit, \u00e9s aki \u00fatjaidon j\u00e1rva r\u00e1d eml\u00e9kezik. \u00cdme, te haragudt\u00e1l r\u00e1nk, \u00e9s mi m\u00e9gis tov\u00e1bb v\u00e9tkezt\u00fcnk; b\u0171neinkben vagyunk r\u00e9gt\u0151l fogva, b\u00e1rcsak megszabaduln\u00e1nk! Olyanok lett\u00fcnk mind, ak\u00e1r a tiszt\u00e1talan, \u00e9s igaz-voltunk, mint a beszennyezett ruha. Elfonnyadtunk, mint a falev\u00e9l, \u00e9s gonoszs\u00e1gaink, mint a vihar elsodortak minket. Nincs senki, aki seg\u00edts\u00e9g\u00fcl h\u00edvn\u00e1 nevedet, aki f\u00f6lkelne \u00e9s bel\u00e9d kapaszkodna. Mert elrejtetted el\u0151l\u00fcnk arcodat, \u00e9s kiszolg\u00e1ltatt\u00e1l minket b\u0171neink hatalm\u00e1nak. M\u00e9gis, Urunk, te vagy a mi aty\u00e1nk; mi vagyunk az agyag, \u00e9s te, aki form\u00e1lsz, a te kezed m\u0171vei vagyunk mindny\u00e1jan. Ne haragudj r\u00e1nk, Urunk, oly nagyon, \u00e9s ne eml\u00e9kezz\u00e9l t\u00f6bb\u00e9 gonoszs\u00e1gainkra. Figyelj r\u00e1nk s l\u00e1sd meg: mindny\u00e1jan a te n\u00e9ped vagyunk. Ez az Isten ig\u00e9je. V\u00c1LASZOS ZSOLT\u00c1R (Zsolt 79,2ac.3b.15-16.18-19) V\u00e1lasz:\u00a0T\u00e9r\u00edts meg\u00a0minket, Isten\u00fcnk, * ragyogtasd r\u00e1nk arcodat, \u00e9s szabadok lesz\u00fcnk!\u00a0(4g. t\u00f3nus.) El\u0151\u00e9nekes: Figyelj r\u00e1nk, Izrael p\u00e1sztora, * ragyogj fel, aki tr\u00f3nolsz a kerubok f\u00f6l\u00f6tt! Mutasd meg\u00a0hatalmadat, * j\u00f6jj, hogy megszabad\u00edts minket! H\u00edvek:\u00a0T\u00e9r\u00edts meg\u00a0minket, Isten\u00fcnk,... R\u00e9szletek","og_url":"https:\/\/stuttgarti-katolikusok.de\/index.php\/advent-1-vasarnapja-2\/","og_site_name":"Stuttgarti Katolikusok","article_published_time":"2023-12-02T09:52:08+00:00","article_modified_time":"2023-12-12T11:57:24+00:00","og_image":[{"width":1600,"height":900,"url":"https:\/\/stuttgarti-katolikusok.de\/wp-content\/uploads\/2022\/11\/advent-1-vasarnapja.jpg","type":"image\/jpeg"}],"author":"Tibor atya","twitter_card":"summary_large_image","twitter_misc":{"Szerz\u0151:":"Tibor atya","Becs\u00fclt olvas\u00e1si id\u0151":"5 perc"},"schema":{"@context":"https:\/\/schema.org","@graph":[{"@type":"Article","@id":"https:\/\/stuttgarti-katolikusok.de\/index.php\/advent-1-vasarnapja-2\/#article","isPartOf":{"@id":"https:\/\/stuttgarti-katolikusok.de\/index.php\/advent-1-vasarnapja-2\/"},"author":{"name":"Tibor atya","@id":"https:\/\/stuttgarti-katolikusok.de\/#\/schema\/person\/75908d6f8fdc03a57889d27209df7795"},"headline":"Advent 1. vas\u00e1rnapja","datePublished":"2023-12-02T09:52:08+00:00","dateModified":"2023-12-12T11:57:24+00:00","mainEntityOfPage":{"@id":"https:\/\/stuttgarti-katolikusok.de\/index.php\/advent-1-vasarnapja-2\/"},"wordCount":1080,"image":{"@id":"https:\/\/stuttgarti-katolikusok.de\/index.php\/advent-1-vasarnapja-2\/#primaryimage"},"thumbnailUrl":"https:\/\/stuttgarti-katolikusok.de\/wp-content\/uploads\/2022\/11\/advent-1-vasarnapja.jpg","articleSection":["A liturgia olvasm\u00e1nyai","Vas\u00e1rnapi gondolatok"],"inLanguage":"hu"},{"@type":"WebPage","@id":"https:\/\/stuttgarti-katolikusok.de\/index.php\/advent-1-vasarnapja-2\/","url":"https:\/\/stuttgarti-katolikusok.de\/index.php\/advent-1-vasarnapja-2\/","name":"Advent 1. vas\u00e1rnapja - Stuttgarti Katolikusok","isPartOf":{"@id":"https:\/\/stuttgarti-katolikusok.de\/#website"},"primaryImageOfPage":{"@id":"https:\/\/stuttgarti-katolikusok.de\/index.php\/advent-1-vasarnapja-2\/#primaryimage"},"image":{"@id":"https:\/\/stuttgarti-katolikusok.de\/index.php\/advent-1-vasarnapja-2\/#primaryimage"},"thumbnailUrl":"https:\/\/stuttgarti-katolikusok.de\/wp-content\/uploads\/2022\/11\/advent-1-vasarnapja.jpg","datePublished":"2023-12-02T09:52:08+00:00","dateModified":"2023-12-12T11:57:24+00:00","author":{"@id":"https:\/\/stuttgarti-katolikusok.de\/#\/schema\/person\/75908d6f8fdc03a57889d27209df7795"},"breadcrumb":{"@id":"https:\/\/stuttgarti-katolikusok.de\/index.php\/advent-1-vasarnapja-2\/#breadcrumb"},"inLanguage":"hu","potentialAction":[{"@type":"ReadAction","target":["https:\/\/stuttgarti-katolikusok.de\/index.php\/advent-1-vasarnapja-2\/"]}]},{"@type":"ImageObject","inLanguage":"hu","@id":"https:\/\/stuttgarti-katolikusok.de\/index.php\/advent-1-vasarnapja-2\/#primaryimage","url":"https:\/\/stuttgarti-katolikusok.de\/wp-content\/uploads\/2022\/11\/advent-1-vasarnapja.jpg","contentUrl":"https:\/\/stuttgarti-katolikusok.de\/wp-content\/uploads\/2022\/11\/advent-1-vasarnapja.jpg","width":1600,"height":900},{"@type":"BreadcrumbList","@id":"https:\/\/stuttgarti-katolikusok.de\/index.php\/advent-1-vasarnapja-2\/#breadcrumb","itemListElement":[{"@type":"ListItem","position":1,"name":"Kezd\u0151lap","item":"https:\/\/stuttgarti-katolikusok.de\/"},{"@type":"ListItem","position":2,"name":"Advent 1. vas\u00e1rnapja"}]},{"@type":"WebSite","@id":"https:\/\/stuttgarti-katolikusok.de\/#website","url":"https:\/\/stuttgarti-katolikusok.de\/","name":"Stuttgarti Katolikusok","description":"","potentialAction":[{"@type":"SearchAction","target":{"@type":"EntryPoint","urlTemplate":"https:\/\/stuttgarti-katolikusok.de\/?s={search_term_string}"},"query-input":{"@type":"PropertyValueSpecification","valueRequired":true,"valueName":"search_term_string"}}],"inLanguage":"hu"},{"@type":"Person","@id":"https:\/\/stuttgarti-katolikusok.de\/#\/schema\/person\/75908d6f8fdc03a57889d27209df7795","name":"Tibor atya","image":{"@type":"ImageObject","inLanguage":"hu","@id":"https:\/\/secure.gravatar.com\/avatar\/61d268e57d1f4525b111222e29d2d5a7f8c420fdbf231ba5566a8ceac74fa960?s=96&d=mm&r=g","url":"https:\/\/secure.gravatar.com\/avatar\/61d268e57d1f4525b111222e29d2d5a7f8c420fdbf231ba5566a8ceac74fa960?s=96&d=mm&r=g","contentUrl":"https:\/\/secure.gravatar.com\/avatar\/61d268e57d1f4525b111222e29d2d5a7f8c420fdbf231ba5566a8ceac74fa960?s=96&d=mm&r=g","caption":"Tibor atya"},"url":"https:\/\/stuttgarti-katolikusok.de\/index.php\/author\/tibor-atya\/"}]}},"_links":{"self":[{"href":"https:\/\/stuttgarti-katolikusok.de\/index.php\/wp-json\/wp\/v2\/posts\/27566","targetHints":{"allow":["GET"]}}],"collection":[{"href":"https:\/\/stuttgarti-katolikusok.de\/index.php\/wp-json\/wp\/v2\/posts"}],"about":[{"href":"https:\/\/stuttgarti-katolikusok.de\/index.php\/wp-json\/wp\/v2\/types\/post"}],"author":[{"embeddable":true,"href":"https:\/\/stuttgarti-katolikusok.de\/index.php\/wp-json\/wp\/v2\/users\/3"}],"replies":[{"embeddable":true,"href":"https:\/\/stuttgarti-katolikusok.de\/index.php\/wp-json\/wp\/v2\/comments?post=27566"}],"version-history":[{"count":2,"href":"https:\/\/stuttgarti-katolikusok.de\/index.php\/wp-json\/wp\/v2\/posts\/27566\/revisions"}],"predecessor-version":[{"id":27633,"href":"https:\/\/stuttgarti-katolikusok.de\/index.php\/wp-json\/wp\/v2\/posts\/27566\/revisions\/27633"}],"wp:featuredmedia":[{"embeddable":true,"href":"https:\/\/stuttgarti-katolikusok.de\/index.php\/wp-json\/wp\/v2\/media\/23984"}],"wp:attachment":[{"href":"https:\/\/stuttgarti-katolikusok.de\/index.php\/wp-json\/wp\/v2\/media?parent=27566"}],"wp:term":[{"taxonomy":"category","embeddable":true,"href":"https:\/\/stuttgarti-katolikusok.de\/index.php\/wp-json\/wp\/v2\/categories?post=27566"},{"taxonomy":"post_tag","embeddable":true,"href":"https:\/\/stuttgarti-katolikusok.de\/index.php\/wp-json\/wp\/v2\/tags?post=27566"}],"curies":[{"name":"wp","href":"https:\/\/api.w.org\/{rel}","templated":true}]}}