{"id":27528,"date":"2023-11-25T13:13:38","date_gmt":"2023-11-25T12:13:38","guid":{"rendered":"https:\/\/stuttgarti-katolikusok.de\/?p=27528"},"modified":"2023-11-25T13:13:38","modified_gmt":"2023-11-25T12:13:38","slug":"evkozi-34-vasarnap-krisztus-a-vilagmindenseg-kiralya","status":"publish","type":"post","link":"https:\/\/stuttgarti-katolikusok.de\/index.php\/evkozi-34-vasarnap-krisztus-a-vilagmindenseg-kiralya\/","title":{"rendered":"\u00c9vk\u00f6zi 34. vas\u00e1rnap \u2013 Krisztus a Vil\u00e1gmindens\u00e9g Kir\u00e1lya"},"content":{"rendered":"<p><span style=\"color: #ff0000;\">Kezd\u0151\u00e9nek:<\/span><br \/>\nM\u00e9lt\u00f3 a B\u00e1r\u00e1ny, akit meg\u00f6ltek, hogy \u00f6v\u00e9 legyen a hatalom, az isteni m\u00e9lt\u00f3s\u00e1g, a b\u00f6lcsess\u00e9g, az er\u0151 \u00e9s a tisztelet. \u00d6v\u00e9 a dics\u0151s\u00e9g \u00e9s a hatalom \u00f6r\u00f6kk\u00f6n \u00f6r\u00f6kk\u00e9! (Jel 5,12;1,6)<\/p>\n<p><span style=\"color: #ff0000;\">K\u00f6ny\u00f6rg\u00e9s:<\/span><br \/>\nMindenhat\u00f3 Isten\u00fcnk, te \u00f6r\u00f6kt\u0151l fogva \u00fagy hat\u00e1rozt\u00e1l, hogy szeretett Fiadban, a mindens\u00e9g Kir\u00e1ly\u00e1ban meg\u00faj\u00edtasz mindent. Add, hogy az eg\u00e9sz teremtett vil\u00e1g megszabaduljon a b\u0171n szolgas\u00e1g\u00e1t\u00f3l, F\u00f6ls\u00e9gednek h\u00f3doljon, \u00e9s sz\u00fcntelen\u00fcl dics\u0151\u00edtsen t\u00e9ged. A mi Urunk, J\u00e9zus Krisztus, a te Fiad \u00e1ltal, aki veled \u00e9l \u00e9s uralkodik a Szentl\u00e9lekkel egys\u00e9gben, Isten mind\u00f6r\u00f6kk\u00f6n \u00f6r\u00f6kk\u00e9.<\/p>\n<p align=\"justify\"><span style=\"color: #ff0000;\">OLVASM\u00c1NY Ezekiel pr\u00f3f\u00e9ta k\u00f6nyv\u00e9b\u0151l (Ez 34,11-12.15-17)<\/span><br \/>\n<em>Igazs\u00e1got teszek a juhok k\u00f6z\u00f6tt.<\/em><br \/>\nEzt mondja az \u00dar, az Isten:<br \/>\n\u201e\u00cdme, magam keresem meg juhaimat, \u00e9s magam \u00fcgyelek r\u00e1juk. Amint a p\u00e1sztor szeml\u00e9t tart ny\u00e1ja f\u00f6l\u00f6tt, amikor elsz\u00e9ledt juhai k\u00f6z\u00f6tt van, \u00e9n is szeml\u00e9t tartok juhaim f\u00f6l\u00f6tt, amelyek azon a napon sz\u00e9tsz\u00f3r\u00f3dtak. Visszahozom \u0151ket minden\u00fcnnen, ahov\u00e1 a felh\u0151 \u00e9s a s\u00f6t\u00e9ts\u00e9g napj\u00e1n sz\u00e9tsz\u00f3r\u00f3dtak.<br \/>\nMagam terelgetem majd juhaimat, \u00e9s magam telep\u00edtem le \u0151ket \u2013 mondja az \u00dar, az Isten. Megkeresem az elveszettet, visszaterelem az elsz\u00e9ledtet, bek\u00f6t\u00f6z\u00f6m a s\u00e9r\u00fcltet, \u00e1polom a beteget, a k\u00f6v\u00e9r \u00e9s eg\u00e9szs\u00e9ges f\u00f6l\u00f6tt pedig \u0151rk\u00f6d\u00f6m. Az igazs\u00e1g szerint legeltetem \u0151ket.<br \/>\nAmi meg titeket illet, juhaim \u2013 mondja az \u00dar, az Isten \u2013, \u00edme, igazs\u00e1got teszek a juhok k\u00f6z\u00f6tt, a kosok \u00e9s a bakok k\u00f6z\u00f6tt.\u201d<br \/>\nEz az Isten ig\u00e9je.<\/p>\n<p align=\"justify\"><span style=\"color: #ff0000;\">V\u00c1LASZOS ZSOLT\u00c1R (Zsolt 22,1-2a.2b-3.5-6)<\/span><br \/>\nV\u00e1lasz:\u00a0<strong>Az\u00a0<u>\u00dar<\/u>\u00a0n\u00e9kem p\u00e1sztorom, * \u00edns\u00e9<u>get<\/u>\u00a0nem kell l\u00e1tnom.<\/strong>\u00a09. t\u00f3nus.<br \/>\nEl\u0151\u00e9nekes: Az\u00a0<u>\u00dar<\/u>\u00a0n\u00e9kem p\u00e1sztorom, * \u00edns\u00e9<u>get<\/u>\u00a0nem kell l\u00e1tnom.<br \/>\nZ\u00f6ldell\u0151 mez\u0151<u>k\u00f6n<\/u>\u00a0terelget engem, * csendes vizekhez vezet, \u00e9s lelke<u>met<\/u>\u00a0fel\u00fcd\u00edti.<br \/>\nH\u00edvek:\u00a0<strong>Az\u00a0<u>\u00dar<\/u>\u00a0n\u00e9kem p\u00e1sztorom, * \u00edns\u00e9<u>get<\/u>\u00a0nem kell l\u00e1tnom.<\/strong><br \/>\nE: Az igazs\u00e1g \u00f6sv\u00e9<u>ny\u00e9n<\/u>\u00a0vezet engem, * ahogyan\u00a0<u>\u0151<\/u>\u00a0meg\u00edg\u00e9rte.<br \/>\nH:\u00a0<strong>Az\u00a0<u>\u00dar<\/u>\u00a0n\u00e9kem p\u00e1sztorom, * \u00edns\u00e9<u>get<\/u>\u00a0nem kell l\u00e1tnom.<\/strong><br \/>\nE: Sz\u00e1momra asz<u>talt<\/u>\u00a0ter\u00edtett\u00e9l, * hogy \u00fcld\u00f6z\u0151i<u>met<\/u>\u00a0sz\u00e9gyen \u00e9rje.<br \/>\nFejemet megken<u>ted<\/u>\u00a0olajoddal, * serlegemet csordul<u>tig<\/u>\u00a0megt\u00f6lt\u00f6tted.<br \/>\nH:\u00a0<strong>Az\u00a0<u>\u00dar<\/u>\u00a0n\u00e9kem p\u00e1sztorom, * \u00edns\u00e9<u>get<\/u>\u00a0nem kell l\u00e1tnom.<\/strong><br \/>\nE: J\u00f3s\u00e1god \u00e9s irgal<u>mad<\/u>\u00a0nyomon k\u00f6vet, * \u00e9letem<u>nek<\/u>\u00a0minden napj\u00e1n.<br \/>\nOtthonom lesz\u00a0<u>az<\/u>\u00a0Isten h\u00e1za, * mind\u00f6r\u00f6k<u>k\u00e9<\/u>\u00a0sz\u00fcnet n\u00e9lk\u00fcl.<br \/>\nH:\u00a0<strong>Az\u00a0<u>\u00dar<\/u>\u00a0n\u00e9kem p\u00e1sztorom, * \u00edns\u00e9<u>get<\/u>\u00a0nem kell l\u00e1tnom.<\/strong><\/p>\n<p align=\"justify\"><span style=\"color: #ff0000;\">SZENTLECKE Szent P\u00e1l apostolnak a korintusiakhoz \u00edrt els\u0151 level\u00e9b\u0151l (1Kor 15,20-26.28)<\/span><br \/>\n<em>Krisztus \u00e1tadja Istennek, az Aty\u00e1nak az uralmat, hogy Isten legyen minden mindenben.<\/em><br \/>\nTestv\u00e9reim!<br \/>\nKrisztus felt\u00e1madt a hal\u00e1lb\u00f3l, els\u0151k\u00e9nt a holtak k\u00f6z\u00fcl. Egy ember \u00e1ltal j\u00f6tt a hal\u00e1l, \u00e9s egy ember \u00e1ltal j\u00f6n a holtak felt\u00e1mad\u00e1sa is. Amint ugyanis \u00c1d\u00e1mban mindenki meghal, \u00fagy Krisztusban mindenki \u00e9letre kel. Mindenki akkor, amikor sorra ker\u00fcl: el\u0151sz\u00f6r Krisztus, majd amikor \u0151 elj\u00f6n, azok is mindannyian, akik Krisztushoz tartoznak.<br \/>\nAzut\u00e1n k\u00f6vetkezik a v\u00e9g, amikor Krisztus \u00e1tadja Istennek, az Aty\u00e1nak az uralmat, miut\u00e1n minden fels\u0151bbs\u00e9get, hatalmat \u00e9s er\u0151t megsemmis\u00edtett. Addig kell ugyanis uralkodnia, am\u00edg ellens\u00e9geit mind l\u00e1ba al\u00e1 nem veti. Utols\u00f3 ellens\u00e9gk\u00e9nt a hal\u00e1l semmis\u00fcl meg. S ha majd minden al\u00e1 lesz vetve neki, maga a Fi\u00fa is al\u00e1veti mag\u00e1t annak, aki mindent al\u00e1vetett neki, hogy Isten legyen minden mindenben.<br \/>\nEz az Isten ig\u00e9je.<\/p>\n<p align=\"justify\"><span style=\"color: #ff0000;\">ALLELUJA<\/span><br \/>\n\u00c1ldott, aki j\u00f6n\u00a0<u>az<\/u>\u00a0\u00dar nev\u00e9ben! * \u00c1ldott legyen D\u00e1vid \u0151saty\u00e1nknak elj\u00f6vend\u0151 or<u>sz\u00e1<\/u>ga! Mk 11,9b-10a \u2013 4g. t\u00f3nus.<\/p>\n<p align=\"justify\"><span style=\"color: #ff0000;\">\u2020 EVANG\u00c9LIUM Szent M\u00e1t\u00e9 k\u00f6nyv\u00e9b\u0151l (Mt 25,31-46)<\/span><br \/>\n<em>Helyet foglal dics\u0151s\u00e9ges tr\u00f3nus\u00e1n, \u00e9s sz\u00e9tv\u00e1lasztja \u0151ket.<\/em><br \/>\nAbban az id\u0151ben J\u00e9zus \u00edgy sz\u00f3lt tan\u00edtv\u00e1nyaihoz:<br \/>\nAmikor az Emberfia elj\u00f6n az \u0151 dics\u0151s\u00e9g\u00e9ben, \u00f6sszes angyal\u00e1nak k\u00eds\u00e9ret\u00e9ben, \u00e9s helyet foglal dics\u0151s\u00e9ges tr\u00f3nus\u00e1n, akkor minden nemzet \u00f6sszesereglik el\u0151tte, \u0151 pedig elv\u00e1lasztja \u0151ket egym\u00e1st\u00f3l, mik\u00e9nt a p\u00e1sztor elv\u00e1lasztja a juhokat a kosokt\u00f3l; a juhokat a jobbj\u00e1ra \u00e1ll\u00edtja, a kosokat pedig a balj\u00e1ra.<br \/>\nAzut\u00e1n a kir\u00e1ly \u00edgy sz\u00f3l a jobbj\u00e1n \u00e1ll\u00f3khoz: \u201eJ\u00f6jjetek, Aty\u00e1m \u00e1ldottai, vegy\u00e9tek birtokba a vil\u00e1g kezdet\u00e9t\u0151l nektek k\u00e9sz\u00edtett orsz\u00e1got! Mert \u00e9hes voltam \u00e9s ti ennem adtatok; szomjas voltam, \u00e9s ti innom adtatok; idegen voltam, s ti befogadtatok; ruh\u00e1tlan voltam, \u00e9s ti betakartatok; beteg voltam, \u00e9s ti f\u00f6lkerestetek; b\u00f6rt\u00f6nben voltam, \u00e9s ti megl\u00e1togattatok!\u201d<br \/>\nErre megk\u00e9rdezik t\u0151le az igazak: \u201eUram, mikor l\u00e1ttunk t\u00e9ged \u00e9hezni, hogy enni adtunk volna neked, vagy szomjazni, hogy inni adtunk volna? Mikor l\u00e1ttunk idegenk\u00e9nt, hogy befogadtunk volna, vagy ruh\u00e1tlanul, hogy betakartunk volna t\u00e9ged? Mikor l\u00e1ttunk betegen vagy b\u00f6rt\u00f6nben, hogy megl\u00e1togattunk volna?\u201d Akkor a kir\u00e1ly \u00edgy felel: \u201eBizony, mondom nektek: Amit e legkisebb testv\u00e9reim k\u00f6z\u00fcl eggyel is tettetek, velem tett\u00e9tek!\u201d<br \/>\nEzut\u00e1n a balj\u00e1n \u00e1ll\u00f3khoz sz\u00f3l: \u201eT\u00e1vozzatok t\u0151lem, ti \u00e1tkozottak, az \u00f6r\u00f6k t\u0171zre, amely az \u00f6rd\u00f6gnek \u00e9s angyalainak k\u00e9sz\u00fclt. Mert \u00e9hes voltam, \u00e9s nem adtatok nekem enni; szomjas voltam, \u00e9s nem adtatok inni; idegen voltam, s nem fogadtatok be; ruh\u00e1tlan voltam, \u00e9s nem takartatok be; beteg voltam \u00e9s b\u00f6rt\u00f6nben s\u00ednyl\u0151dtem; s ti nem l\u00e1togattatok meg engem!\u201d<br \/>\nErre \u0151k is megk\u00e9rdezik: \u201eUram, mikor l\u00e1ttunk t\u00e9ged \u00e9hezni vagy szomjazni, idegenk\u00e9nt vagy ruh\u00e1tlanul, betegen vagy b\u00f6rt\u00f6nben, \u00e9s nem siett\u00fcnk a seg\u00edts\u00e9gedre?\u201d \u0150 pedig ezt feleli majd nekik: \u201eBizony, mondom nektek: Amit e legkisebbek egyik\u00e9vel nem tettetek, velem nem tett\u00e9tek!\u201d Ezek akkor az \u00f6r\u00f6k b\u00fcntet\u00e9sre mennek, az igazak pedig az \u00f6r\u00f6k \u00e9letre.<br \/>\nEzek az evang\u00e9lium ig\u00e9i.<\/p>\n<p><span style=\"color: #ff0000;\">EGYETEMES K\u00d6NY\u00d6RG\u00c9SEK<\/span><br \/>\nPap: Testv\u00e9reim! Krisztus Kir\u00e1ly n\u00e9lk\u00fcl\u00f6z\u0151 embert\u00e1rsaink szem\u00e9ly\u00e9ben v\u00e1rja irgalmas szeretet\u00fcnket. K\u00e9rj\u00fck kegyelm\u00e9t, hogy megfelelj\u00fcnk v\u00e1rakoz\u00e1s\u00e1nak!<br \/>\nLektor: 1. Add, Urunk, hogy Egyh\u00e1zad p\u00e9ld\u00e1t adjon az irgalmass\u00e1g cselekedeteinek gyakorl\u00e1s\u00e1ban!<br \/>\nH\u00edvek: K\u00e9r\u00fcnk T\u00e9ged, hallgass meg minket!<br \/>\n2. Add, Urunk, hogy az \u00e1llamf\u00e9rfiak mindent megtegyenek a szeg\u00e9nys\u00e9g \u00e9s a nyomor megsz\u00fcntet\u00e9s\u00e9re!<br \/>\nH\u00edvek: K\u00e9r\u00fcnk T\u00e9ged, hallgass meg minket!<br \/>\n3. Add, Urunk, hogy h\u00edveid irgalmas szeretettel \u00e1polj\u00e1k a betegeket \u00e9s gondozz\u00e1k az \u00f6regeket!<br \/>\nH\u00edvek: K\u00e9r\u00fcnk T\u00e9ged, hallgass meg minket!<br \/>\n4. Add, Urunk, hogy a szomorkod\u00f3kat megvigasztaljuk, a tan\u00e1cstalanokat \u00e9s a t\u00e9velyg\u0151ket pedig a helyes \u00fatra vezess\u00fck!<br \/>\nH\u00edvek: K\u00e9r\u00fcnk T\u00e9ged, hallgass meg minket!<br \/>\n5. Add, Urunk, hogy az utols\u00f3 \u00edt\u00e9leten kir\u00e1lyi jobbodon, az \u00e1ldottak k\u00f6z\u00f6tt lehess\u00fcnk!<br \/>\nH\u00edvek: K\u00e9r\u00fcnk T\u00e9ged, hallgass meg minket!<br \/>\nPap: Urunk, J\u00e9zus Krisztus! Te vagy a mindens\u00e9g Kir\u00e1lya. Hallgasd meg esdekl\u0151 n\u00e9pedet, \u00e9s \u00e1ldd meg \u00f6r\u00f6ks\u00e9gedet! Aki \u00e9lsz \u00e9s uralkodol mind\u00f6r\u00f6kk\u00f6n \u00f6r\u00f6kk\u00e9.<br \/>\nH\u00edvek: \u00c1men.<\/p>\n<p><span style=\"color: #ff0000;\">Felaj\u00e1nl\u00f3 k\u00f6ny\u00f6rg\u00e9s:<\/span><br \/>\nUrunk, Isten\u00fcnk, felaj\u00e1nljuk neked ezt az engesztel\u0151 \u00e1ldozatot, \u00e9s k\u00f6ny\u00f6r\u00f6gve k\u00e9r\u00fcnk, hogy az egys\u00e9g \u00e9s a b\u00e9ke aj\u00e1nd\u00e9k\u00e1t adja meg minden n\u00e9pnek szent Fiad. Aki \u00e9l \u00e9s uralkodik mind\u00f6r\u00f6kk\u00f6n \u00f6r\u00f6kk\u00e9.<\/p>\n<p><span style=\"color: #ff0000;\">Pref\u00e1ci\u00f3:<\/span><br \/>\nAz \u00dar legyen veletek.<br \/>\nH.: \u00c9s a te lelkeddel.<br \/>\nEmelj\u00fck f\u00f6l sz\u00edv\u00fcnket.<br \/>\nH.: F\u00f6lemelt\u00fck az \u00darhoz.<br \/>\nAdjunk h\u00e1l\u00e1t Urunknak, Isten\u00fcnknek.<br \/>\nH.: M\u00e9lt\u00f3 \u00e9s igazs\u00e1gos.<\/p>\n<p>(Mert) Val\u00f3ban m\u00e9lt\u00f3 \u00e9s igazs\u00e1gos, ill\u0151 \u00e9s \u00fcdv\u00f6s, hogy mindig \u00e9s minden\u00fctt h\u00e1l\u00e1t adjunk n\u00e9ked, \u2013 mi Urunk, szents\u00e9ges ATy\u00e1nk, mindenhat\u00f3, \u00f6r\u00f6k Isten:<br \/>\nTe egysz\u00fcl\u00f6tt Fiadat, a mi Urunkat, J\u00e9zus Krisztust az \u00f6r\u00f6m olaj\u00e1val \u00f6r\u00f6k f\u0151papp\u00e1 \u00e9s a mindens\u00e9g kir\u00e1ly\u00e1v\u00e1 kented, \u2013 hogy a kereszt olt\u00e1r\u00e1n t\u00f6k\u00e9letes engesztel\u0151 \u00e1ldozatul felaj\u00e1nlja \u00d6Nmag\u00e1t, \u00e9s v\u00e9ghezvigye az emberek megv\u00e1lt\u00e1s\u00e1nak szent m\u0171v\u00e9t.<br \/>\n(\u00c9s) Miut\u00e1n hatalma al\u00e1 vetett minden teremtm\u00e9nyt, \u2013 az \u00f6r\u00f6k \u00e9s egyetemes ORsz\u00e1got m\u00e9rhetetlen f\u00f6ls\u00e9gednek \u00e1tadja: az \u0151 orsz\u00e1ga igazs\u00e1g \u00e9s \u00e9let, kegyelem \u00e9s szents\u00e9g, igazs\u00e1goss\u00e1g, szeretet \u00e9s b\u00e9ke.<br \/>\n(\u00c9s) Ez\u00e9rt mi is, mik\u00e9nt az angyalok \u00e9s f\u0151angyalok, a tr\u00f3nod k\u00f6r\u00fcl \u00e1ll\u00f3 hatalmas \u00e9gi szellemek, \u00e9s minden seregek a mennyben, a te dics\u0151s\u00e9ged himnusz\u00e1t zengj\u00fck, \u2013 \u00e9s vel\u00fck EGy\u00fctt v\u00e9g n\u00e9lk\u00fcl mondjuk: (\u00e9nekelj\u00fck:)<br \/>\nSzent vagy, szent vagy, szent vagy, mindens\u00e9g Ura, Istene,&#8230;<\/p>\n<p><span style=\"color: #ff0000;\">\u00c1ldoz\u00e1si \u00e9nek:<\/span><br \/>\nAz \u00dar kir\u00e1lyk\u00e9nt tr\u00f3nol mind\u00f6r\u00f6kk\u00e9; az \u00dar b\u00e9k\u00e9vel \u00e1ldja meg n\u00e9p\u00e9t. (Zsolt 28,10-11)<\/p>\n<p><span style=\"color: #ff0000;\">\u00c1ldoz\u00e1s ut\u00e1ni k\u00f6ny\u00f6rg\u00e9s:<\/span><br \/>\nA halhatatlans\u00e1g eledel\u00e9t magunkhoz v\u00e9ve, k\u00e9r\u00fcnk, Isten\u00fcnk, hogy mi, akik dics\u0151s\u00e9g\u00fcnknek tartjuk azt, hogy Krisztust, a mindens\u00e9g Kir\u00e1ly\u00e1t szolg\u00e1ljuk, a mennyek orsz\u00e1g\u00e1ban \u00f6r\u00f6kre vele \u00e9lj\u00fcnk. Aki \u00e9l \u00e9s uralkodik mind\u00f6r\u00f6kk\u00f6n \u00f6r\u00f6kk\u00e9.<\/p>\n<p><em>(K\u00e9p forr\u00e1sa: Pixabay.com)<\/em><\/p>\n","protected":false},"excerpt":{"rendered":"<p>Kezd\u0151\u00e9nek: M\u00e9lt\u00f3 a B\u00e1r\u00e1ny, akit meg\u00f6ltek, hogy \u00f6v\u00e9 legyen a hatalom, az isteni m\u00e9lt\u00f3s\u00e1g, a b\u00f6lcsess\u00e9g, az er\u0151 \u00e9s a tisztelet. \u00d6v\u00e9 a dics\u0151s\u00e9g \u00e9s a hatalom \u00f6r\u00f6kk\u00f6n \u00f6r\u00f6kk\u00e9! (Jel 5,12;1,6) K\u00f6ny\u00f6rg\u00e9s: Mindenhat\u00f3 Isten\u00fcnk, te \u00f6r\u00f6kt\u0151l fogva \u00fagy hat\u00e1rozt\u00e1l, hogy szeretett Fiadban, a mindens\u00e9g Kir\u00e1ly\u00e1ban meg\u00faj\u00edtasz mindent. Add, hogy az eg\u00e9sz teremtett vil\u00e1g megszabaduljon a b\u0171n szolgas\u00e1g\u00e1t\u00f3l, F\u00f6ls\u00e9gednek h\u00f3doljon, \u00e9s sz\u00fcntelen\u00fcl dics\u0151\u00edtsen t\u00e9ged. A mi Urunk, J\u00e9zus Krisztus, a te Fiad \u00e1ltal, aki veled \u00e9l \u00e9s uralkodik a Szentl\u00e9lekkel egys\u00e9gben, Isten mind\u00f6r\u00f6kk\u00f6n \u00f6r\u00f6kk\u00e9. OLVASM\u00c1NY Ezekiel pr\u00f3f\u00e9ta k\u00f6nyv\u00e9b\u0151l (Ez 34,11-12.15-17) Igazs\u00e1got teszek a juhok k\u00f6z\u00f6tt. Ezt mondja az \u00dar, az Isten: \u201e\u00cdme, magam keresem meg juhaimat, \u00e9s magam \u00fcgyelek r\u00e1juk. Amint a p\u00e1sztor szeml\u00e9t tart ny\u00e1ja f\u00f6l\u00f6tt, amikor elsz\u00e9ledt juhai k\u00f6z\u00f6tt van, \u00e9n is szeml\u00e9t tartok juhaim f\u00f6l\u00f6tt, amelyek azon a napon sz\u00e9tsz\u00f3r\u00f3dtak. Visszahozom \u0151ket minden\u00fcnnen, ahov\u00e1 a felh\u0151 \u00e9s a s\u00f6t\u00e9ts\u00e9g napj\u00e1n sz\u00e9tsz\u00f3r\u00f3dtak. Magam terelgetem majd juhaimat, \u00e9s magam telep\u00edtem le \u0151ket \u2013 mondja az \u00dar, az Isten. Megkeresem az elveszettet, visszaterelem az elsz\u00e9ledtet, bek\u00f6t\u00f6z\u00f6m a s\u00e9r\u00fcltet, \u00e1polom a beteget, a k\u00f6v\u00e9r \u00e9s eg\u00e9szs\u00e9ges f\u00f6l\u00f6tt pedig \u0151rk\u00f6d\u00f6m. Az igazs\u00e1g szerint legeltetem \u0151ket. Ami meg titeket illet, juhaim \u2013 mondja az \u00dar, az Isten \u2013, \u00edme, igazs\u00e1got teszek a juhok k\u00f6z\u00f6tt, a kosok \u00e9s a bakok k\u00f6z\u00f6tt.\u201d Ez az Isten ig\u00e9je. V\u00c1LASZOS ZSOLT\u00c1R (Zsolt 22,1-2a.2b-3.5-6) V\u00e1lasz:\u00a0Az\u00a0\u00dar\u00a0n\u00e9kem p\u00e1sztorom, * \u00edns\u00e9get\u00a0nem kell l\u00e1tnom.\u00a09. t\u00f3nus. El\u0151\u00e9nekes: Az\u00a0\u00dar\u00a0n\u00e9kem p\u00e1sztorom, * \u00edns\u00e9get\u00a0nem kell l\u00e1tnom. Z\u00f6ldell\u0151 mez\u0151k\u00f6n\u00a0terelget engem, * csendes vizekhez vezet, \u00e9s lelkemet\u00a0fel\u00fcd\u00edti. H\u00edvek:\u00a0Az\u00a0\u00dar\u00a0n\u00e9kem p\u00e1sztorom, * \u00edns\u00e9get\u00a0nem kell l\u00e1tnom. E: Az igazs\u00e1g \u00f6sv\u00e9ny\u00e9n\u00a0vezet engem, * ahogyan\u00a0\u0151\u00a0meg\u00edg\u00e9rte. H:\u00a0Az\u00a0\u00dar\u00a0n\u00e9kem p\u00e1sztorom, * \u00edns\u00e9get\u00a0nem kell l\u00e1tnom. E: Sz\u00e1momra asztalt\u00a0ter\u00edtett\u00e9l, * hogy \u00fcld\u00f6z\u0151imet\u00a0sz\u00e9gyen \u00e9rje. Fejemet megkented\u00a0olajoddal, * serlegemet csordultig\u00a0megt\u00f6lt\u00f6tted. H:\u00a0Az\u00a0\u00dar\u00a0n\u00e9kem p\u00e1sztorom, * \u00edns\u00e9get\u00a0nem kell l\u00e1tnom. E: J\u00f3s\u00e1god \u00e9s irgalmad\u00a0nyomon k\u00f6vet, * \u00e9letemnek\u00a0minden napj\u00e1n. Otthonom lesz\u00a0az\u00a0Isten h\u00e1za, * mind\u00f6r\u00f6kk\u00e9\u00a0sz\u00fcnet n\u00e9lk\u00fcl. H:\u00a0Az\u00a0\u00dar\u00a0n\u00e9kem p\u00e1sztorom, * \u00edns\u00e9get\u00a0nem kell l\u00e1tnom. SZENTLECKE Szent P\u00e1l apostolnak a korintusiakhoz&#8230; <\/p>\n<p><a class=\"readmore\" href=\"https:\/\/stuttgarti-katolikusok.de\/index.php\/evkozi-34-vasarnap-krisztus-a-vilagmindenseg-kiralya\/\">R\u00e9szletek<\/a><\/p>\n","protected":false},"author":3,"featured_media":20472,"comment_status":"closed","ping_status":"closed","sticky":false,"template":"","format":"standard","meta":{"footnotes":""},"categories":[85,63],"tags":[],"class_list":["post-27528","post","type-post","status-publish","format-standard","has-post-thumbnail","hentry","category-a-liturgia-olvasmanyai","category-vasarnapi-gondolatok"],"yoast_head":"<!-- This site is optimized with the Yoast SEO plugin v27.3 - https:\/\/yoast.com\/product\/yoast-seo-wordpress\/ -->\n<title>\u00c9vk\u00f6zi 34. vas\u00e1rnap \u2013 Krisztus a Vil\u00e1gmindens\u00e9g Kir\u00e1lya - Stuttgarti Katolikusok<\/title>\n<meta name=\"robots\" content=\"index, follow, max-snippet:-1, max-image-preview:large, max-video-preview:-1\" \/>\n<link rel=\"canonical\" href=\"https:\/\/stuttgarti-katolikusok.de\/index.php\/evkozi-34-vasarnap-krisztus-a-vilagmindenseg-kiralya\/\" \/>\n<meta property=\"og:locale\" content=\"hu_HU\" \/>\n<meta property=\"og:type\" content=\"article\" \/>\n<meta property=\"og:title\" content=\"\u00c9vk\u00f6zi 34. vas\u00e1rnap \u2013 Krisztus a Vil\u00e1gmindens\u00e9g Kir\u00e1lya - Stuttgarti Katolikusok\" \/>\n<meta property=\"og:description\" content=\"Kezd\u0151\u00e9nek: M\u00e9lt\u00f3 a B\u00e1r\u00e1ny, akit meg\u00f6ltek, hogy \u00f6v\u00e9 legyen a hatalom, az isteni m\u00e9lt\u00f3s\u00e1g, a b\u00f6lcsess\u00e9g, az er\u0151 \u00e9s a tisztelet. \u00d6v\u00e9 a dics\u0151s\u00e9g \u00e9s a hatalom \u00f6r\u00f6kk\u00f6n \u00f6r\u00f6kk\u00e9! (Jel 5,12;1,6) K\u00f6ny\u00f6rg\u00e9s: Mindenhat\u00f3 Isten\u00fcnk, te \u00f6r\u00f6kt\u0151l fogva \u00fagy hat\u00e1rozt\u00e1l, hogy szeretett Fiadban, a mindens\u00e9g Kir\u00e1ly\u00e1ban meg\u00faj\u00edtasz mindent. Add, hogy az eg\u00e9sz teremtett vil\u00e1g megszabaduljon a b\u0171n szolgas\u00e1g\u00e1t\u00f3l, F\u00f6ls\u00e9gednek h\u00f3doljon, \u00e9s sz\u00fcntelen\u00fcl dics\u0151\u00edtsen t\u00e9ged. A mi Urunk, J\u00e9zus Krisztus, a te Fiad \u00e1ltal, aki veled \u00e9l \u00e9s uralkodik a Szentl\u00e9lekkel egys\u00e9gben, Isten mind\u00f6r\u00f6kk\u00f6n \u00f6r\u00f6kk\u00e9. OLVASM\u00c1NY Ezekiel pr\u00f3f\u00e9ta k\u00f6nyv\u00e9b\u0151l (Ez 34,11-12.15-17) Igazs\u00e1got teszek a juhok k\u00f6z\u00f6tt. Ezt mondja az \u00dar, az Isten: \u201e\u00cdme, magam keresem meg juhaimat, \u00e9s magam \u00fcgyelek r\u00e1juk. Amint a p\u00e1sztor szeml\u00e9t tart ny\u00e1ja f\u00f6l\u00f6tt, amikor elsz\u00e9ledt juhai k\u00f6z\u00f6tt van, \u00e9n is szeml\u00e9t tartok juhaim f\u00f6l\u00f6tt, amelyek azon a napon sz\u00e9tsz\u00f3r\u00f3dtak. Visszahozom \u0151ket minden\u00fcnnen, ahov\u00e1 a felh\u0151 \u00e9s a s\u00f6t\u00e9ts\u00e9g napj\u00e1n sz\u00e9tsz\u00f3r\u00f3dtak. Magam terelgetem majd juhaimat, \u00e9s magam telep\u00edtem le \u0151ket \u2013 mondja az \u00dar, az Isten. Megkeresem az elveszettet, visszaterelem az elsz\u00e9ledtet, bek\u00f6t\u00f6z\u00f6m a s\u00e9r\u00fcltet, \u00e1polom a beteget, a k\u00f6v\u00e9r \u00e9s eg\u00e9szs\u00e9ges f\u00f6l\u00f6tt pedig \u0151rk\u00f6d\u00f6m. Az igazs\u00e1g szerint legeltetem \u0151ket. Ami meg titeket illet, juhaim \u2013 mondja az \u00dar, az Isten \u2013, \u00edme, igazs\u00e1got teszek a juhok k\u00f6z\u00f6tt, a kosok \u00e9s a bakok k\u00f6z\u00f6tt.\u201d Ez az Isten ig\u00e9je. V\u00c1LASZOS ZSOLT\u00c1R (Zsolt 22,1-2a.2b-3.5-6) V\u00e1lasz:\u00a0Az\u00a0\u00dar\u00a0n\u00e9kem p\u00e1sztorom, * \u00edns\u00e9get\u00a0nem kell l\u00e1tnom.\u00a09. t\u00f3nus. El\u0151\u00e9nekes: Az\u00a0\u00dar\u00a0n\u00e9kem p\u00e1sztorom, * \u00edns\u00e9get\u00a0nem kell l\u00e1tnom. Z\u00f6ldell\u0151 mez\u0151k\u00f6n\u00a0terelget engem, * csendes vizekhez vezet, \u00e9s lelkemet\u00a0fel\u00fcd\u00edti. H\u00edvek:\u00a0Az\u00a0\u00dar\u00a0n\u00e9kem p\u00e1sztorom, * \u00edns\u00e9get\u00a0nem kell l\u00e1tnom. E: Az igazs\u00e1g \u00f6sv\u00e9ny\u00e9n\u00a0vezet engem, * ahogyan\u00a0\u0151\u00a0meg\u00edg\u00e9rte. H:\u00a0Az\u00a0\u00dar\u00a0n\u00e9kem p\u00e1sztorom, * \u00edns\u00e9get\u00a0nem kell l\u00e1tnom. E: Sz\u00e1momra asztalt\u00a0ter\u00edtett\u00e9l, * hogy \u00fcld\u00f6z\u0151imet\u00a0sz\u00e9gyen \u00e9rje. Fejemet megkented\u00a0olajoddal, * serlegemet csordultig\u00a0megt\u00f6lt\u00f6tted. H:\u00a0Az\u00a0\u00dar\u00a0n\u00e9kem p\u00e1sztorom, * \u00edns\u00e9get\u00a0nem kell l\u00e1tnom. E: J\u00f3s\u00e1god \u00e9s irgalmad\u00a0nyomon k\u00f6vet, * \u00e9letemnek\u00a0minden napj\u00e1n. Otthonom lesz\u00a0az\u00a0Isten h\u00e1za, * mind\u00f6r\u00f6kk\u00e9\u00a0sz\u00fcnet n\u00e9lk\u00fcl. H:\u00a0Az\u00a0\u00dar\u00a0n\u00e9kem p\u00e1sztorom, * \u00edns\u00e9get\u00a0nem kell l\u00e1tnom. SZENTLECKE Szent P\u00e1l apostolnak a korintusiakhoz... R\u00e9szletek\" \/>\n<meta property=\"og:url\" content=\"https:\/\/stuttgarti-katolikusok.de\/index.php\/evkozi-34-vasarnap-krisztus-a-vilagmindenseg-kiralya\/\" \/>\n<meta property=\"og:site_name\" content=\"Stuttgarti Katolikusok\" \/>\n<meta property=\"article:published_time\" content=\"2023-11-25T12:13:38+00:00\" \/>\n<meta property=\"og:image\" content=\"https:\/\/stuttgarti-katolikusok.de\/wp-content\/uploads\/2020\/11\/felelosseg.jpg\" \/>\n\t<meta property=\"og:image:width\" content=\"640\" \/>\n\t<meta property=\"og:image:height\" content=\"452\" \/>\n\t<meta property=\"og:image:type\" content=\"image\/jpeg\" \/>\n<meta name=\"author\" content=\"Tibor atya\" \/>\n<meta name=\"twitter:card\" content=\"summary_large_image\" \/>\n<meta name=\"twitter:label1\" content=\"Szerz\u0151:\" \/>\n\t<meta name=\"twitter:data1\" content=\"Tibor atya\" \/>\n\t<meta name=\"twitter:label2\" content=\"Becs\u00fclt olvas\u00e1si id\u0151\" \/>\n\t<meta name=\"twitter:data2\" content=\"7 perc\" \/>\n<script type=\"application\/ld+json\" class=\"yoast-schema-graph\">{\"@context\":\"https:\\\/\\\/schema.org\",\"@graph\":[{\"@type\":\"Article\",\"@id\":\"https:\\\/\\\/stuttgarti-katolikusok.de\\\/index.php\\\/evkozi-34-vasarnap-krisztus-a-vilagmindenseg-kiralya\\\/#article\",\"isPartOf\":{\"@id\":\"https:\\\/\\\/stuttgarti-katolikusok.de\\\/index.php\\\/evkozi-34-vasarnap-krisztus-a-vilagmindenseg-kiralya\\\/\"},\"author\":{\"name\":\"Tibor atya\",\"@id\":\"https:\\\/\\\/stuttgarti-katolikusok.de\\\/#\\\/schema\\\/person\\\/75908d6f8fdc03a57889d27209df7795\"},\"headline\":\"\u00c9vk\u00f6zi 34. vas\u00e1rnap \u2013 Krisztus a Vil\u00e1gmindens\u00e9g Kir\u00e1lya\",\"datePublished\":\"2023-11-25T12:13:38+00:00\",\"mainEntityOfPage\":{\"@id\":\"https:\\\/\\\/stuttgarti-katolikusok.de\\\/index.php\\\/evkozi-34-vasarnap-krisztus-a-vilagmindenseg-kiralya\\\/\"},\"wordCount\":1667,\"image\":{\"@id\":\"https:\\\/\\\/stuttgarti-katolikusok.de\\\/index.php\\\/evkozi-34-vasarnap-krisztus-a-vilagmindenseg-kiralya\\\/#primaryimage\"},\"thumbnailUrl\":\"https:\\\/\\\/stuttgarti-katolikusok.de\\\/wp-content\\\/uploads\\\/2020\\\/11\\\/felelosseg.jpg\",\"articleSection\":[\"A liturgia olvasm\u00e1nyai\",\"Vas\u00e1rnapi gondolatok\"],\"inLanguage\":\"hu\"},{\"@type\":\"WebPage\",\"@id\":\"https:\\\/\\\/stuttgarti-katolikusok.de\\\/index.php\\\/evkozi-34-vasarnap-krisztus-a-vilagmindenseg-kiralya\\\/\",\"url\":\"https:\\\/\\\/stuttgarti-katolikusok.de\\\/index.php\\\/evkozi-34-vasarnap-krisztus-a-vilagmindenseg-kiralya\\\/\",\"name\":\"\u00c9vk\u00f6zi 34. vas\u00e1rnap \u2013 Krisztus a Vil\u00e1gmindens\u00e9g Kir\u00e1lya - Stuttgarti Katolikusok\",\"isPartOf\":{\"@id\":\"https:\\\/\\\/stuttgarti-katolikusok.de\\\/#website\"},\"primaryImageOfPage\":{\"@id\":\"https:\\\/\\\/stuttgarti-katolikusok.de\\\/index.php\\\/evkozi-34-vasarnap-krisztus-a-vilagmindenseg-kiralya\\\/#primaryimage\"},\"image\":{\"@id\":\"https:\\\/\\\/stuttgarti-katolikusok.de\\\/index.php\\\/evkozi-34-vasarnap-krisztus-a-vilagmindenseg-kiralya\\\/#primaryimage\"},\"thumbnailUrl\":\"https:\\\/\\\/stuttgarti-katolikusok.de\\\/wp-content\\\/uploads\\\/2020\\\/11\\\/felelosseg.jpg\",\"datePublished\":\"2023-11-25T12:13:38+00:00\",\"author\":{\"@id\":\"https:\\\/\\\/stuttgarti-katolikusok.de\\\/#\\\/schema\\\/person\\\/75908d6f8fdc03a57889d27209df7795\"},\"breadcrumb\":{\"@id\":\"https:\\\/\\\/stuttgarti-katolikusok.de\\\/index.php\\\/evkozi-34-vasarnap-krisztus-a-vilagmindenseg-kiralya\\\/#breadcrumb\"},\"inLanguage\":\"hu\",\"potentialAction\":[{\"@type\":\"ReadAction\",\"target\":[\"https:\\\/\\\/stuttgarti-katolikusok.de\\\/index.php\\\/evkozi-34-vasarnap-krisztus-a-vilagmindenseg-kiralya\\\/\"]}]},{\"@type\":\"ImageObject\",\"inLanguage\":\"hu\",\"@id\":\"https:\\\/\\\/stuttgarti-katolikusok.de\\\/index.php\\\/evkozi-34-vasarnap-krisztus-a-vilagmindenseg-kiralya\\\/#primaryimage\",\"url\":\"https:\\\/\\\/stuttgarti-katolikusok.de\\\/wp-content\\\/uploads\\\/2020\\\/11\\\/felelosseg.jpg\",\"contentUrl\":\"https:\\\/\\\/stuttgarti-katolikusok.de\\\/wp-content\\\/uploads\\\/2020\\\/11\\\/felelosseg.jpg\",\"width\":640,\"height\":452},{\"@type\":\"BreadcrumbList\",\"@id\":\"https:\\\/\\\/stuttgarti-katolikusok.de\\\/index.php\\\/evkozi-34-vasarnap-krisztus-a-vilagmindenseg-kiralya\\\/#breadcrumb\",\"itemListElement\":[{\"@type\":\"ListItem\",\"position\":1,\"name\":\"Kezd\u0151lap\",\"item\":\"https:\\\/\\\/stuttgarti-katolikusok.de\\\/\"},{\"@type\":\"ListItem\",\"position\":2,\"name\":\"\u00c9vk\u00f6zi 34. vas\u00e1rnap \u2013 Krisztus a Vil\u00e1gmindens\u00e9g Kir\u00e1lya\"}]},{\"@type\":\"WebSite\",\"@id\":\"https:\\\/\\\/stuttgarti-katolikusok.de\\\/#website\",\"url\":\"https:\\\/\\\/stuttgarti-katolikusok.de\\\/\",\"name\":\"Stuttgarti Katolikusok\",\"description\":\"\",\"potentialAction\":[{\"@type\":\"SearchAction\",\"target\":{\"@type\":\"EntryPoint\",\"urlTemplate\":\"https:\\\/\\\/stuttgarti-katolikusok.de\\\/?s={search_term_string}\"},\"query-input\":{\"@type\":\"PropertyValueSpecification\",\"valueRequired\":true,\"valueName\":\"search_term_string\"}}],\"inLanguage\":\"hu\"},{\"@type\":\"Person\",\"@id\":\"https:\\\/\\\/stuttgarti-katolikusok.de\\\/#\\\/schema\\\/person\\\/75908d6f8fdc03a57889d27209df7795\",\"name\":\"Tibor atya\",\"image\":{\"@type\":\"ImageObject\",\"inLanguage\":\"hu\",\"@id\":\"https:\\\/\\\/secure.gravatar.com\\\/avatar\\\/61d268e57d1f4525b111222e29d2d5a7f8c420fdbf231ba5566a8ceac74fa960?s=96&d=mm&r=g\",\"url\":\"https:\\\/\\\/secure.gravatar.com\\\/avatar\\\/61d268e57d1f4525b111222e29d2d5a7f8c420fdbf231ba5566a8ceac74fa960?s=96&d=mm&r=g\",\"contentUrl\":\"https:\\\/\\\/secure.gravatar.com\\\/avatar\\\/61d268e57d1f4525b111222e29d2d5a7f8c420fdbf231ba5566a8ceac74fa960?s=96&d=mm&r=g\",\"caption\":\"Tibor atya\"},\"url\":\"https:\\\/\\\/stuttgarti-katolikusok.de\\\/index.php\\\/author\\\/tibor-atya\\\/\"}]}<\/script>\n<!-- \/ Yoast SEO plugin. -->","yoast_head_json":{"title":"\u00c9vk\u00f6zi 34. vas\u00e1rnap \u2013 Krisztus a Vil\u00e1gmindens\u00e9g Kir\u00e1lya - Stuttgarti Katolikusok","robots":{"index":"index","follow":"follow","max-snippet":"max-snippet:-1","max-image-preview":"max-image-preview:large","max-video-preview":"max-video-preview:-1"},"canonical":"https:\/\/stuttgarti-katolikusok.de\/index.php\/evkozi-34-vasarnap-krisztus-a-vilagmindenseg-kiralya\/","og_locale":"hu_HU","og_type":"article","og_title":"\u00c9vk\u00f6zi 34. vas\u00e1rnap \u2013 Krisztus a Vil\u00e1gmindens\u00e9g Kir\u00e1lya - Stuttgarti Katolikusok","og_description":"Kezd\u0151\u00e9nek: M\u00e9lt\u00f3 a B\u00e1r\u00e1ny, akit meg\u00f6ltek, hogy \u00f6v\u00e9 legyen a hatalom, az isteni m\u00e9lt\u00f3s\u00e1g, a b\u00f6lcsess\u00e9g, az er\u0151 \u00e9s a tisztelet. \u00d6v\u00e9 a dics\u0151s\u00e9g \u00e9s a hatalom \u00f6r\u00f6kk\u00f6n \u00f6r\u00f6kk\u00e9! (Jel 5,12;1,6) K\u00f6ny\u00f6rg\u00e9s: Mindenhat\u00f3 Isten\u00fcnk, te \u00f6r\u00f6kt\u0151l fogva \u00fagy hat\u00e1rozt\u00e1l, hogy szeretett Fiadban, a mindens\u00e9g Kir\u00e1ly\u00e1ban meg\u00faj\u00edtasz mindent. Add, hogy az eg\u00e9sz teremtett vil\u00e1g megszabaduljon a b\u0171n szolgas\u00e1g\u00e1t\u00f3l, F\u00f6ls\u00e9gednek h\u00f3doljon, \u00e9s sz\u00fcntelen\u00fcl dics\u0151\u00edtsen t\u00e9ged. A mi Urunk, J\u00e9zus Krisztus, a te Fiad \u00e1ltal, aki veled \u00e9l \u00e9s uralkodik a Szentl\u00e9lekkel egys\u00e9gben, Isten mind\u00f6r\u00f6kk\u00f6n \u00f6r\u00f6kk\u00e9. OLVASM\u00c1NY Ezekiel pr\u00f3f\u00e9ta k\u00f6nyv\u00e9b\u0151l (Ez 34,11-12.15-17) Igazs\u00e1got teszek a juhok k\u00f6z\u00f6tt. Ezt mondja az \u00dar, az Isten: \u201e\u00cdme, magam keresem meg juhaimat, \u00e9s magam \u00fcgyelek r\u00e1juk. Amint a p\u00e1sztor szeml\u00e9t tart ny\u00e1ja f\u00f6l\u00f6tt, amikor elsz\u00e9ledt juhai k\u00f6z\u00f6tt van, \u00e9n is szeml\u00e9t tartok juhaim f\u00f6l\u00f6tt, amelyek azon a napon sz\u00e9tsz\u00f3r\u00f3dtak. Visszahozom \u0151ket minden\u00fcnnen, ahov\u00e1 a felh\u0151 \u00e9s a s\u00f6t\u00e9ts\u00e9g napj\u00e1n sz\u00e9tsz\u00f3r\u00f3dtak. Magam terelgetem majd juhaimat, \u00e9s magam telep\u00edtem le \u0151ket \u2013 mondja az \u00dar, az Isten. Megkeresem az elveszettet, visszaterelem az elsz\u00e9ledtet, bek\u00f6t\u00f6z\u00f6m a s\u00e9r\u00fcltet, \u00e1polom a beteget, a k\u00f6v\u00e9r \u00e9s eg\u00e9szs\u00e9ges f\u00f6l\u00f6tt pedig \u0151rk\u00f6d\u00f6m. Az igazs\u00e1g szerint legeltetem \u0151ket. Ami meg titeket illet, juhaim \u2013 mondja az \u00dar, az Isten \u2013, \u00edme, igazs\u00e1got teszek a juhok k\u00f6z\u00f6tt, a kosok \u00e9s a bakok k\u00f6z\u00f6tt.\u201d Ez az Isten ig\u00e9je. V\u00c1LASZOS ZSOLT\u00c1R (Zsolt 22,1-2a.2b-3.5-6) V\u00e1lasz:\u00a0Az\u00a0\u00dar\u00a0n\u00e9kem p\u00e1sztorom, * \u00edns\u00e9get\u00a0nem kell l\u00e1tnom.\u00a09. t\u00f3nus. El\u0151\u00e9nekes: Az\u00a0\u00dar\u00a0n\u00e9kem p\u00e1sztorom, * \u00edns\u00e9get\u00a0nem kell l\u00e1tnom. Z\u00f6ldell\u0151 mez\u0151k\u00f6n\u00a0terelget engem, * csendes vizekhez vezet, \u00e9s lelkemet\u00a0fel\u00fcd\u00edti. H\u00edvek:\u00a0Az\u00a0\u00dar\u00a0n\u00e9kem p\u00e1sztorom, * \u00edns\u00e9get\u00a0nem kell l\u00e1tnom. E: Az igazs\u00e1g \u00f6sv\u00e9ny\u00e9n\u00a0vezet engem, * ahogyan\u00a0\u0151\u00a0meg\u00edg\u00e9rte. H:\u00a0Az\u00a0\u00dar\u00a0n\u00e9kem p\u00e1sztorom, * \u00edns\u00e9get\u00a0nem kell l\u00e1tnom. E: Sz\u00e1momra asztalt\u00a0ter\u00edtett\u00e9l, * hogy \u00fcld\u00f6z\u0151imet\u00a0sz\u00e9gyen \u00e9rje. Fejemet megkented\u00a0olajoddal, * serlegemet csordultig\u00a0megt\u00f6lt\u00f6tted. H:\u00a0Az\u00a0\u00dar\u00a0n\u00e9kem p\u00e1sztorom, * \u00edns\u00e9get\u00a0nem kell l\u00e1tnom. E: J\u00f3s\u00e1god \u00e9s irgalmad\u00a0nyomon k\u00f6vet, * \u00e9letemnek\u00a0minden napj\u00e1n. Otthonom lesz\u00a0az\u00a0Isten h\u00e1za, * mind\u00f6r\u00f6kk\u00e9\u00a0sz\u00fcnet n\u00e9lk\u00fcl. H:\u00a0Az\u00a0\u00dar\u00a0n\u00e9kem p\u00e1sztorom, * \u00edns\u00e9get\u00a0nem kell l\u00e1tnom. SZENTLECKE Szent P\u00e1l apostolnak a korintusiakhoz... R\u00e9szletek","og_url":"https:\/\/stuttgarti-katolikusok.de\/index.php\/evkozi-34-vasarnap-krisztus-a-vilagmindenseg-kiralya\/","og_site_name":"Stuttgarti Katolikusok","article_published_time":"2023-11-25T12:13:38+00:00","og_image":[{"width":640,"height":452,"url":"https:\/\/stuttgarti-katolikusok.de\/wp-content\/uploads\/2020\/11\/felelosseg.jpg","type":"image\/jpeg"}],"author":"Tibor atya","twitter_card":"summary_large_image","twitter_misc":{"Szerz\u0151:":"Tibor atya","Becs\u00fclt olvas\u00e1si id\u0151":"7 perc"},"schema":{"@context":"https:\/\/schema.org","@graph":[{"@type":"Article","@id":"https:\/\/stuttgarti-katolikusok.de\/index.php\/evkozi-34-vasarnap-krisztus-a-vilagmindenseg-kiralya\/#article","isPartOf":{"@id":"https:\/\/stuttgarti-katolikusok.de\/index.php\/evkozi-34-vasarnap-krisztus-a-vilagmindenseg-kiralya\/"},"author":{"name":"Tibor atya","@id":"https:\/\/stuttgarti-katolikusok.de\/#\/schema\/person\/75908d6f8fdc03a57889d27209df7795"},"headline":"\u00c9vk\u00f6zi 34. vas\u00e1rnap \u2013 Krisztus a Vil\u00e1gmindens\u00e9g Kir\u00e1lya","datePublished":"2023-11-25T12:13:38+00:00","mainEntityOfPage":{"@id":"https:\/\/stuttgarti-katolikusok.de\/index.php\/evkozi-34-vasarnap-krisztus-a-vilagmindenseg-kiralya\/"},"wordCount":1667,"image":{"@id":"https:\/\/stuttgarti-katolikusok.de\/index.php\/evkozi-34-vasarnap-krisztus-a-vilagmindenseg-kiralya\/#primaryimage"},"thumbnailUrl":"https:\/\/stuttgarti-katolikusok.de\/wp-content\/uploads\/2020\/11\/felelosseg.jpg","articleSection":["A liturgia olvasm\u00e1nyai","Vas\u00e1rnapi gondolatok"],"inLanguage":"hu"},{"@type":"WebPage","@id":"https:\/\/stuttgarti-katolikusok.de\/index.php\/evkozi-34-vasarnap-krisztus-a-vilagmindenseg-kiralya\/","url":"https:\/\/stuttgarti-katolikusok.de\/index.php\/evkozi-34-vasarnap-krisztus-a-vilagmindenseg-kiralya\/","name":"\u00c9vk\u00f6zi 34. vas\u00e1rnap \u2013 Krisztus a Vil\u00e1gmindens\u00e9g Kir\u00e1lya - Stuttgarti Katolikusok","isPartOf":{"@id":"https:\/\/stuttgarti-katolikusok.de\/#website"},"primaryImageOfPage":{"@id":"https:\/\/stuttgarti-katolikusok.de\/index.php\/evkozi-34-vasarnap-krisztus-a-vilagmindenseg-kiralya\/#primaryimage"},"image":{"@id":"https:\/\/stuttgarti-katolikusok.de\/index.php\/evkozi-34-vasarnap-krisztus-a-vilagmindenseg-kiralya\/#primaryimage"},"thumbnailUrl":"https:\/\/stuttgarti-katolikusok.de\/wp-content\/uploads\/2020\/11\/felelosseg.jpg","datePublished":"2023-11-25T12:13:38+00:00","author":{"@id":"https:\/\/stuttgarti-katolikusok.de\/#\/schema\/person\/75908d6f8fdc03a57889d27209df7795"},"breadcrumb":{"@id":"https:\/\/stuttgarti-katolikusok.de\/index.php\/evkozi-34-vasarnap-krisztus-a-vilagmindenseg-kiralya\/#breadcrumb"},"inLanguage":"hu","potentialAction":[{"@type":"ReadAction","target":["https:\/\/stuttgarti-katolikusok.de\/index.php\/evkozi-34-vasarnap-krisztus-a-vilagmindenseg-kiralya\/"]}]},{"@type":"ImageObject","inLanguage":"hu","@id":"https:\/\/stuttgarti-katolikusok.de\/index.php\/evkozi-34-vasarnap-krisztus-a-vilagmindenseg-kiralya\/#primaryimage","url":"https:\/\/stuttgarti-katolikusok.de\/wp-content\/uploads\/2020\/11\/felelosseg.jpg","contentUrl":"https:\/\/stuttgarti-katolikusok.de\/wp-content\/uploads\/2020\/11\/felelosseg.jpg","width":640,"height":452},{"@type":"BreadcrumbList","@id":"https:\/\/stuttgarti-katolikusok.de\/index.php\/evkozi-34-vasarnap-krisztus-a-vilagmindenseg-kiralya\/#breadcrumb","itemListElement":[{"@type":"ListItem","position":1,"name":"Kezd\u0151lap","item":"https:\/\/stuttgarti-katolikusok.de\/"},{"@type":"ListItem","position":2,"name":"\u00c9vk\u00f6zi 34. vas\u00e1rnap \u2013 Krisztus a Vil\u00e1gmindens\u00e9g Kir\u00e1lya"}]},{"@type":"WebSite","@id":"https:\/\/stuttgarti-katolikusok.de\/#website","url":"https:\/\/stuttgarti-katolikusok.de\/","name":"Stuttgarti Katolikusok","description":"","potentialAction":[{"@type":"SearchAction","target":{"@type":"EntryPoint","urlTemplate":"https:\/\/stuttgarti-katolikusok.de\/?s={search_term_string}"},"query-input":{"@type":"PropertyValueSpecification","valueRequired":true,"valueName":"search_term_string"}}],"inLanguage":"hu"},{"@type":"Person","@id":"https:\/\/stuttgarti-katolikusok.de\/#\/schema\/person\/75908d6f8fdc03a57889d27209df7795","name":"Tibor atya","image":{"@type":"ImageObject","inLanguage":"hu","@id":"https:\/\/secure.gravatar.com\/avatar\/61d268e57d1f4525b111222e29d2d5a7f8c420fdbf231ba5566a8ceac74fa960?s=96&d=mm&r=g","url":"https:\/\/secure.gravatar.com\/avatar\/61d268e57d1f4525b111222e29d2d5a7f8c420fdbf231ba5566a8ceac74fa960?s=96&d=mm&r=g","contentUrl":"https:\/\/secure.gravatar.com\/avatar\/61d268e57d1f4525b111222e29d2d5a7f8c420fdbf231ba5566a8ceac74fa960?s=96&d=mm&r=g","caption":"Tibor atya"},"url":"https:\/\/stuttgarti-katolikusok.de\/index.php\/author\/tibor-atya\/"}]}},"_links":{"self":[{"href":"https:\/\/stuttgarti-katolikusok.de\/index.php\/wp-json\/wp\/v2\/posts\/27528","targetHints":{"allow":["GET"]}}],"collection":[{"href":"https:\/\/stuttgarti-katolikusok.de\/index.php\/wp-json\/wp\/v2\/posts"}],"about":[{"href":"https:\/\/stuttgarti-katolikusok.de\/index.php\/wp-json\/wp\/v2\/types\/post"}],"author":[{"embeddable":true,"href":"https:\/\/stuttgarti-katolikusok.de\/index.php\/wp-json\/wp\/v2\/users\/3"}],"replies":[{"embeddable":true,"href":"https:\/\/stuttgarti-katolikusok.de\/index.php\/wp-json\/wp\/v2\/comments?post=27528"}],"version-history":[{"count":1,"href":"https:\/\/stuttgarti-katolikusok.de\/index.php\/wp-json\/wp\/v2\/posts\/27528\/revisions"}],"predecessor-version":[{"id":27529,"href":"https:\/\/stuttgarti-katolikusok.de\/index.php\/wp-json\/wp\/v2\/posts\/27528\/revisions\/27529"}],"wp:featuredmedia":[{"embeddable":true,"href":"https:\/\/stuttgarti-katolikusok.de\/index.php\/wp-json\/wp\/v2\/media\/20472"}],"wp:attachment":[{"href":"https:\/\/stuttgarti-katolikusok.de\/index.php\/wp-json\/wp\/v2\/media?parent=27528"}],"wp:term":[{"taxonomy":"category","embeddable":true,"href":"https:\/\/stuttgarti-katolikusok.de\/index.php\/wp-json\/wp\/v2\/categories?post=27528"},{"taxonomy":"post_tag","embeddable":true,"href":"https:\/\/stuttgarti-katolikusok.de\/index.php\/wp-json\/wp\/v2\/tags?post=27528"}],"curies":[{"name":"wp","href":"https:\/\/api.w.org\/{rel}","templated":true}]}}