{"id":27498,"date":"2023-11-20T11:10:13","date_gmt":"2023-11-20T10:10:13","guid":{"rendered":"https:\/\/stuttgarti-katolikusok.de\/?p=27498"},"modified":"2023-11-20T13:52:19","modified_gmt":"2023-11-20T12:52:19","slug":"2023-november-20-es-26-kozott","status":"publish","type":"post","link":"https:\/\/stuttgarti-katolikusok.de\/index.php\/2023-november-20-es-26-kozott\/","title":{"rendered":"2023 NOVEMBER 20 \u00c9S 26 K\u00d6Z\u00d6TT"},"content":{"rendered":"<p><span style=\"color: #ff6600;\"><strong>Programel\u0151zetes<\/strong><\/span><\/p>\n<p style=\"text-align: center;\"><span style=\"color: #ff6600;\">*<\/span><\/p>\n<p><strong>November 24-\u00e9n,<\/strong>\u00a0p\u00e9nteken, <strong>Stuttgarti d\u00e9lut\u00e1n<\/strong>,<\/p>\n<p>17.30 \u00f3rakor<em> szentmise,<\/em><\/p>\n<p>18.00 \u00f3rakor <em>Bar\u00e1ts\u00e1gklub:<\/em><\/p>\n<p><a href=\"https:\/\/stuttgarti-katolikusok.de\/wp-content\/uploads\/2023\/11\/baratsagklub-2023-november.jpg\"><img loading=\"lazy\" decoding=\"async\" class=\"alignnone size-full wp-image-27499\" src=\"https:\/\/stuttgarti-katolikusok.de\/wp-content\/uploads\/2023\/11\/baratsagklub-2023-november.jpg\" alt=\"\" width=\"1160\" height=\"1600\" srcset=\"https:\/\/stuttgarti-katolikusok.de\/wp-content\/uploads\/2023\/11\/baratsagklub-2023-november.jpg 1160w, https:\/\/stuttgarti-katolikusok.de\/wp-content\/uploads\/2023\/11\/baratsagklub-2023-november-218x300.jpg 218w, https:\/\/stuttgarti-katolikusok.de\/wp-content\/uploads\/2023\/11\/baratsagklub-2023-november-742x1024.jpg 742w, https:\/\/stuttgarti-katolikusok.de\/wp-content\/uploads\/2023\/11\/baratsagklub-2023-november-1114x1536.jpg 1114w\" sizes=\"auto, (max-width: 1160px) 100vw, 1160px\" \/><\/a><\/p>\n<p style=\"text-align: center;\"><em>\u00a0<\/em><strong><span style=\"color: #ff6600;\">*<\/span><\/strong><\/p>\n<p><strong>November 25-\u00e9n<\/strong>, szombaton,<\/p>\n<p><strong>Tuttlingenben\u00a0<span style=\"color: #ff0000;\">a szentmise elmarad!!! <\/span><\/strong>K\u00e9r\u00fcnk benneteket, hogy gyertek Reutlingenbe \u00e9s vegyetek r\u00e9szt az ottani b\u00facs\u00fas szentmis\u00e9n \u00e9s agap\u00e9n.<\/p>\n<p><strong>Reutlingenben<\/strong>\u00a016.30 \u00f3rakor <em>b\u00facs\u00fas\u00a0szentmise,\u00a0<\/em>keret\u00e9ben \u00c1rp\u00e1d-h\u00e1zi Szent Erzs\u00e9betet k\u00f6sz\u00f6ntj\u00fck, ezt k\u00f6vet\u0151en <em>agap\u00e9.<\/em><\/p>\n<p><span style=\"color: #ff0000;\"><strong><em>A helysz\u00edn megv\u00e1ltozott:<\/em><\/strong><\/span> <strong>Bruder Klaus Kirche<\/strong> &#8211; Villastra\u00dfe 75, 72770 Reutlingen-Betzingen.<\/p>\n<p style=\"text-align: center;\"><a href=\"https:\/\/stuttgarti-katolikusok.de\/wp-content\/uploads\/2023\/11\/szent-erzsebet.jpg\"><img loading=\"lazy\" decoding=\"async\" class=\"alignnone size-full wp-image-27500\" src=\"https:\/\/stuttgarti-katolikusok.de\/wp-content\/uploads\/2023\/11\/szent-erzsebet.jpg\" alt=\"\" width=\"423\" height=\"640\" srcset=\"https:\/\/stuttgarti-katolikusok.de\/wp-content\/uploads\/2023\/11\/szent-erzsebet.jpg 423w, https:\/\/stuttgarti-katolikusok.de\/wp-content\/uploads\/2023\/11\/szent-erzsebet-198x300.jpg 198w\" sizes=\"auto, (max-width: 423px) 100vw, 423px\" \/><\/a><\/p>\n<p style=\"text-align: center;\"><span style=\"color: #ff6600;\">*<\/span><\/p>\n<p><strong>November 26-\u00e1n<em>,<\/em><\/strong><em>\u00a0<\/em><span style=\"color: #ff0000;\"><strong><em>Krisztus Kir\u00e1ly vas\u00e1rnapja<\/em><\/strong><\/span><em>,<\/em><\/p>\n<p><strong>B\u00f6blingenben<\/strong> 9.30 \u00f3rakor<em>, szentmise, <\/em>ut\u00e1na <em>agap\u00e9, <\/em><\/p>\n<p><strong>Heilbronnban<\/strong><em>\u00a0<\/em>15.30 \u00f3rakor<em> szentmise, <\/em>ut\u00e1na <em>agap\u00e9.<\/em><\/p>\n<p><span style=\"color: #ff0000;\"><strong><em>A helysz\u00edn megv\u00e1ltozott: <\/em><\/strong><\/span><strong>Maximilian Kolbe Kirche,<\/strong> 74081 Heilbronn, J\u00f6rg-Ratgeb-Platz 25.<\/p>\n<p style=\"text-align: center;\"><span style=\"color: #ff6600;\"><strong>*<\/strong><\/span><\/p>\n<p><a href=\"https:\/\/stuttgarti-katolikusok.de\/wp-content\/uploads\/2022\/11\/christ-the-king-g621473647-1920.jpg\"><img loading=\"lazy\" decoding=\"async\" class=\"alignnone size-full wp-image-23953\" src=\"https:\/\/stuttgarti-katolikusok.de\/wp-content\/uploads\/2022\/11\/christ-the-king-g621473647-1920.jpg\" alt=\"\" width=\"1453\" height=\"1920\" srcset=\"https:\/\/stuttgarti-katolikusok.de\/wp-content\/uploads\/2022\/11\/christ-the-king-g621473647-1920.jpg 1453w, https:\/\/stuttgarti-katolikusok.de\/wp-content\/uploads\/2022\/11\/christ-the-king-g621473647-1920-227x300.jpg 227w, https:\/\/stuttgarti-katolikusok.de\/wp-content\/uploads\/2022\/11\/christ-the-king-g621473647-1920-775x1024.jpg 775w, https:\/\/stuttgarti-katolikusok.de\/wp-content\/uploads\/2022\/11\/christ-the-king-g621473647-1920-1162x1536.jpg 1162w\" sizes=\"auto, (max-width: 1453px) 100vw, 1453px\" \/><\/a><\/p>\n<p style=\"text-align: center;\"><span style=\"color: #ff6600;\"><strong>*<\/strong><\/span><\/p>\n<p>Minden helyen mindenkit szeretettel v\u00e1r a k\u00f6z\u00f6ss\u00e9g \u00e9s Tibor atya!<\/p>\n<p style=\"text-align: center;\"><span style=\"color: #ff6600;\"><strong>*<\/strong><\/span><\/p>\n<p><span style=\"color: #ff6600;\"><em>Bens\u0151s\u00e9ges \u0151szi napokat, j\u00f3 munk\u00e1t, tartalmas besz\u00e9lget\u00e9seket, \u00f6r\u00f6mteli tal\u00e1lkoz\u00e1sokat \u00e9s \u00e1ldott adventi k\u00e9sz\u00fcletet k\u00edv\u00e1nunk minden Kedves H\u00edv\u00fcnknek!<\/em><\/span><\/p>\n<p style=\"text-align: center;\"><span style=\"color: #ff6600;\"><strong>*<\/strong><\/span><\/p>\n<p><span style=\"color: #ff6600;\"><strong><em>Az \u00f6r\u00f6kk\u00e9val\u00f3s\u00e1g jelk\u00e9pei<\/em><\/strong><\/span><\/p>\n<p>&nbsp;<\/p>\n<p><span style=\"color: #ff6600;\"><em>Milyen ritk\u00e1n l\u00e9pnek \u00e1t gondolataid az \u00f6r\u00f6kk\u00e9val\u00f3s\u00e1gba!<\/em><\/span><\/p>\n<p><span style=\"color: #ff6600;\"><em>Jel\u00f6lj h\u00e1t ki jelk\u00e9peket \u00e9letedben, amelyek az \u00f6r\u00f6kk\u00e9val\u00f3s\u00e1gra eml\u00e9keztetnek. Ilyen lehet:<\/em><\/span><\/p>\n<p><span style=\"color: #ff6600;\"><em>Minden t\u00e1gas templom, amelyben k\u00f6r\u00fcln\u00e9zel.<\/em><\/span><\/p>\n<p><span style=\"color: #ff6600;\"><em>Minden torony, mely az \u00e9g fel\u00e9 mutat.<\/em><\/span><\/p>\n<p><span style=\"color: #ff6600;\"><em>Minden gy\u00e1szjelent\u00e9s, mely a post\u00e1s k\u00e9zbes\u00edt.<\/em><\/span><\/p>\n<p><span style=\"color: #ff6600;\"><em>Minden \u00f6reg ember, akivel tal\u00e1lkozol.<\/em><\/span><\/p>\n<p><span style=\"color: #ff6600;\"><em>Minden patak, amely a foly\u00f3ba \u00f6mlik.<\/em><\/span><\/p>\n<p><span style=\"color: #ff6600;\"><em>Minden p\u00e1lyaudvar \u00e9s \u00e1llom\u00e1s, ahol kisz\u00e1llsz.<\/em><\/span><\/p>\n<p><span style=\"color: #ff6600;\"><em>Gondolj a v\u00e9g\u00e1llom\u00e1sra!<\/em><\/span><\/p>\n<p><span style=\"color: #ff6600;\"><em>\u00a0<\/em><\/span><\/p>\n<p><span style=\"color: #ff6600;\"><em>(Johannes Rosche)<\/em><\/span><\/p>\n<p><em>(Nyit\u00f3k\u00e9p forr\u00e1sa: Instagram)<\/em><\/p>\n","protected":false},"excerpt":{"rendered":"<p>Programel\u0151zetes * November 24-\u00e9n,\u00a0p\u00e9nteken, Stuttgarti d\u00e9lut\u00e1n, 17.30 \u00f3rakor szentmise, 18.00 \u00f3rakor Bar\u00e1ts\u00e1gklub: \u00a0* November 25-\u00e9n, szombaton, Tuttlingenben\u00a0a szentmise elmarad!!! K\u00e9r\u00fcnk benneteket, hogy gyertek Reutlingenbe \u00e9s vegyetek r\u00e9szt az ottani b\u00facs\u00fas szentmis\u00e9n \u00e9s agap\u00e9n. Reutlingenben\u00a016.30 \u00f3rakor b\u00facs\u00fas\u00a0szentmise,\u00a0keret\u00e9ben \u00c1rp\u00e1d-h\u00e1zi Szent Erzs\u00e9betet k\u00f6sz\u00f6ntj\u00fck, ezt k\u00f6vet\u0151en agap\u00e9. A helysz\u00edn megv\u00e1ltozott: Bruder Klaus Kirche &#8211; Villastra\u00dfe 75, 72770 Reutlingen-Betzingen. * November 26-\u00e1n,\u00a0Krisztus Kir\u00e1ly vas\u00e1rnapja, B\u00f6blingenben 9.30 \u00f3rakor, szentmise, ut\u00e1na agap\u00e9, Heilbronnban\u00a015.30 \u00f3rakor szentmise, ut\u00e1na agap\u00e9. A helysz\u00edn megv\u00e1ltozott: Maximilian Kolbe Kirche, 74081 Heilbronn, J\u00f6rg-Ratgeb-Platz 25. * * Minden helyen mindenkit szeretettel v\u00e1r a k\u00f6z\u00f6ss\u00e9g \u00e9s Tibor atya! * Bens\u0151s\u00e9ges \u0151szi napokat, j\u00f3 munk\u00e1t, tartalmas besz\u00e9lget\u00e9seket, \u00f6r\u00f6mteli tal\u00e1lkoz\u00e1sokat \u00e9s \u00e1ldott adventi k\u00e9sz\u00fcletet k\u00edv\u00e1nunk minden Kedves H\u00edv\u00fcnknek! * Az \u00f6r\u00f6kk\u00e9val\u00f3s\u00e1g jelk\u00e9pei &nbsp; Milyen ritk\u00e1n l\u00e9pnek \u00e1t gondolataid az \u00f6r\u00f6kk\u00e9val\u00f3s\u00e1gba! Jel\u00f6lj h\u00e1t ki jelk\u00e9peket \u00e9letedben, amelyek az \u00f6r\u00f6kk\u00e9val\u00f3s\u00e1gra eml\u00e9keztetnek. Ilyen lehet: Minden t\u00e1gas templom, amelyben k\u00f6r\u00fcln\u00e9zel. Minden torony, mely az \u00e9g fel\u00e9 mutat. Minden gy\u00e1szjelent\u00e9s, mely a post\u00e1s k\u00e9zbes\u00edt. Minden \u00f6reg ember, akivel tal\u00e1lkozol. Minden patak, amely a foly\u00f3ba \u00f6mlik. Minden p\u00e1lyaudvar \u00e9s \u00e1llom\u00e1s, ahol kisz\u00e1llsz. Gondolj a v\u00e9g\u00e1llom\u00e1sra! \u00a0 (Johannes Rosche) (Nyit\u00f3k\u00e9p forr\u00e1sa: Instagram)<\/p>\n","protected":false},"author":3,"featured_media":27501,"comment_status":"closed","ping_status":"closed","sticky":false,"template":"","format":"standard","meta":{"footnotes":""},"categories":[37],"tags":[],"class_list":["post-27498","post","type-post","status-publish","format-standard","has-post-thumbnail","hentry","category-progamelozetes"],"yoast_head":"<!-- This site is optimized with the Yoast SEO plugin v27.3 - https:\/\/yoast.com\/product\/yoast-seo-wordpress\/ -->\n<title>2023 NOVEMBER 20 \u00c9S 26 K\u00d6Z\u00d6TT - Stuttgarti Katolikusok<\/title>\n<meta name=\"robots\" content=\"index, follow, max-snippet:-1, max-image-preview:large, max-video-preview:-1\" \/>\n<link rel=\"canonical\" href=\"https:\/\/stuttgarti-katolikusok.de\/index.php\/2023-november-20-es-26-kozott\/\" \/>\n<meta property=\"og:locale\" content=\"hu_HU\" \/>\n<meta property=\"og:type\" content=\"article\" \/>\n<meta property=\"og:title\" content=\"2023 NOVEMBER 20 \u00c9S 26 K\u00d6Z\u00d6TT - Stuttgarti Katolikusok\" \/>\n<meta property=\"og:description\" content=\"Programel\u0151zetes * November 24-\u00e9n,\u00a0p\u00e9nteken, Stuttgarti d\u00e9lut\u00e1n, 17.30 \u00f3rakor szentmise, 18.00 \u00f3rakor Bar\u00e1ts\u00e1gklub: \u00a0* November 25-\u00e9n, szombaton, Tuttlingenben\u00a0a szentmise elmarad!!! K\u00e9r\u00fcnk benneteket, hogy gyertek Reutlingenbe \u00e9s vegyetek r\u00e9szt az ottani b\u00facs\u00fas szentmis\u00e9n \u00e9s agap\u00e9n. Reutlingenben\u00a016.30 \u00f3rakor b\u00facs\u00fas\u00a0szentmise,\u00a0keret\u00e9ben \u00c1rp\u00e1d-h\u00e1zi Szent Erzs\u00e9betet k\u00f6sz\u00f6ntj\u00fck, ezt k\u00f6vet\u0151en agap\u00e9. A helysz\u00edn megv\u00e1ltozott: Bruder Klaus Kirche &#8211; Villastra\u00dfe 75, 72770 Reutlingen-Betzingen. * November 26-\u00e1n,\u00a0Krisztus Kir\u00e1ly vas\u00e1rnapja, B\u00f6blingenben 9.30 \u00f3rakor, szentmise, ut\u00e1na agap\u00e9, Heilbronnban\u00a015.30 \u00f3rakor szentmise, ut\u00e1na agap\u00e9. A helysz\u00edn megv\u00e1ltozott: Maximilian Kolbe Kirche, 74081 Heilbronn, J\u00f6rg-Ratgeb-Platz 25. * * Minden helyen mindenkit szeretettel v\u00e1r a k\u00f6z\u00f6ss\u00e9g \u00e9s Tibor atya! * Bens\u0151s\u00e9ges \u0151szi napokat, j\u00f3 munk\u00e1t, tartalmas besz\u00e9lget\u00e9seket, \u00f6r\u00f6mteli tal\u00e1lkoz\u00e1sokat \u00e9s \u00e1ldott adventi k\u00e9sz\u00fcletet k\u00edv\u00e1nunk minden Kedves H\u00edv\u00fcnknek! * Az \u00f6r\u00f6kk\u00e9val\u00f3s\u00e1g jelk\u00e9pei &nbsp; Milyen ritk\u00e1n l\u00e9pnek \u00e1t gondolataid az \u00f6r\u00f6kk\u00e9val\u00f3s\u00e1gba! Jel\u00f6lj h\u00e1t ki jelk\u00e9peket \u00e9letedben, amelyek az \u00f6r\u00f6kk\u00e9val\u00f3s\u00e1gra eml\u00e9keztetnek. Ilyen lehet: Minden t\u00e1gas templom, amelyben k\u00f6r\u00fcln\u00e9zel. Minden torony, mely az \u00e9g fel\u00e9 mutat. Minden gy\u00e1szjelent\u00e9s, mely a post\u00e1s k\u00e9zbes\u00edt. Minden \u00f6reg ember, akivel tal\u00e1lkozol. Minden patak, amely a foly\u00f3ba \u00f6mlik. Minden p\u00e1lyaudvar \u00e9s \u00e1llom\u00e1s, ahol kisz\u00e1llsz. Gondolj a v\u00e9g\u00e1llom\u00e1sra! \u00a0 (Johannes Rosche) (Nyit\u00f3k\u00e9p forr\u00e1sa: Instagram)\" \/>\n<meta property=\"og:url\" content=\"https:\/\/stuttgarti-katolikusok.de\/index.php\/2023-november-20-es-26-kozott\/\" \/>\n<meta property=\"og:site_name\" content=\"Stuttgarti Katolikusok\" \/>\n<meta property=\"article:published_time\" content=\"2023-11-20T10:10:13+00:00\" \/>\n<meta property=\"article:modified_time\" content=\"2023-11-20T12:52:19+00:00\" \/>\n<meta property=\"og:image\" content=\"https:\/\/stuttgarti-katolikusok.de\/wp-content\/uploads\/2023\/11\/whatsapp-kep-2023-11-20-110851-e15c9abf.jpg\" \/>\n\t<meta property=\"og:image:width\" content=\"1080\" \/>\n\t<meta property=\"og:image:height\" content=\"1048\" \/>\n\t<meta property=\"og:image:type\" content=\"image\/jpeg\" \/>\n<meta name=\"author\" content=\"Tibor atya\" \/>\n<meta name=\"twitter:card\" content=\"summary_large_image\" \/>\n<meta name=\"twitter:label1\" content=\"Szerz\u0151:\" \/>\n\t<meta name=\"twitter:data1\" content=\"Tibor atya\" \/>\n\t<meta name=\"twitter:label2\" content=\"Becs\u00fclt olvas\u00e1si id\u0151\" \/>\n\t<meta name=\"twitter:data2\" content=\"2 perc\" \/>\n<script type=\"application\/ld+json\" class=\"yoast-schema-graph\">{\"@context\":\"https:\\\/\\\/schema.org\",\"@graph\":[{\"@type\":\"Article\",\"@id\":\"https:\\\/\\\/stuttgarti-katolikusok.de\\\/index.php\\\/2023-november-20-es-26-kozott\\\/#article\",\"isPartOf\":{\"@id\":\"https:\\\/\\\/stuttgarti-katolikusok.de\\\/index.php\\\/2023-november-20-es-26-kozott\\\/\"},\"author\":{\"name\":\"Tibor atya\",\"@id\":\"https:\\\/\\\/stuttgarti-katolikusok.de\\\/#\\\/schema\\\/person\\\/75908d6f8fdc03a57889d27209df7795\"},\"headline\":\"2023 NOVEMBER 20 \u00c9S 26 K\u00d6Z\u00d6TT\",\"datePublished\":\"2023-11-20T10:10:13+00:00\",\"dateModified\":\"2023-11-20T12:52:19+00:00\",\"mainEntityOfPage\":{\"@id\":\"https:\\\/\\\/stuttgarti-katolikusok.de\\\/index.php\\\/2023-november-20-es-26-kozott\\\/\"},\"wordCount\":267,\"image\":{\"@id\":\"https:\\\/\\\/stuttgarti-katolikusok.de\\\/index.php\\\/2023-november-20-es-26-kozott\\\/#primaryimage\"},\"thumbnailUrl\":\"https:\\\/\\\/stuttgarti-katolikusok.de\\\/wp-content\\\/uploads\\\/2023\\\/11\\\/whatsapp-kep-2023-11-20-110851-e15c9abf.jpg\",\"articleSection\":[\"Progamel\u0151zetes\"],\"inLanguage\":\"hu\"},{\"@type\":\"WebPage\",\"@id\":\"https:\\\/\\\/stuttgarti-katolikusok.de\\\/index.php\\\/2023-november-20-es-26-kozott\\\/\",\"url\":\"https:\\\/\\\/stuttgarti-katolikusok.de\\\/index.php\\\/2023-november-20-es-26-kozott\\\/\",\"name\":\"2023 NOVEMBER 20 \u00c9S 26 K\u00d6Z\u00d6TT - Stuttgarti Katolikusok\",\"isPartOf\":{\"@id\":\"https:\\\/\\\/stuttgarti-katolikusok.de\\\/#website\"},\"primaryImageOfPage\":{\"@id\":\"https:\\\/\\\/stuttgarti-katolikusok.de\\\/index.php\\\/2023-november-20-es-26-kozott\\\/#primaryimage\"},\"image\":{\"@id\":\"https:\\\/\\\/stuttgarti-katolikusok.de\\\/index.php\\\/2023-november-20-es-26-kozott\\\/#primaryimage\"},\"thumbnailUrl\":\"https:\\\/\\\/stuttgarti-katolikusok.de\\\/wp-content\\\/uploads\\\/2023\\\/11\\\/whatsapp-kep-2023-11-20-110851-e15c9abf.jpg\",\"datePublished\":\"2023-11-20T10:10:13+00:00\",\"dateModified\":\"2023-11-20T12:52:19+00:00\",\"author\":{\"@id\":\"https:\\\/\\\/stuttgarti-katolikusok.de\\\/#\\\/schema\\\/person\\\/75908d6f8fdc03a57889d27209df7795\"},\"breadcrumb\":{\"@id\":\"https:\\\/\\\/stuttgarti-katolikusok.de\\\/index.php\\\/2023-november-20-es-26-kozott\\\/#breadcrumb\"},\"inLanguage\":\"hu\",\"potentialAction\":[{\"@type\":\"ReadAction\",\"target\":[\"https:\\\/\\\/stuttgarti-katolikusok.de\\\/index.php\\\/2023-november-20-es-26-kozott\\\/\"]}]},{\"@type\":\"ImageObject\",\"inLanguage\":\"hu\",\"@id\":\"https:\\\/\\\/stuttgarti-katolikusok.de\\\/index.php\\\/2023-november-20-es-26-kozott\\\/#primaryimage\",\"url\":\"https:\\\/\\\/stuttgarti-katolikusok.de\\\/wp-content\\\/uploads\\\/2023\\\/11\\\/whatsapp-kep-2023-11-20-110851-e15c9abf.jpg\",\"contentUrl\":\"https:\\\/\\\/stuttgarti-katolikusok.de\\\/wp-content\\\/uploads\\\/2023\\\/11\\\/whatsapp-kep-2023-11-20-110851-e15c9abf.jpg\",\"width\":1080,\"height\":1048},{\"@type\":\"BreadcrumbList\",\"@id\":\"https:\\\/\\\/stuttgarti-katolikusok.de\\\/index.php\\\/2023-november-20-es-26-kozott\\\/#breadcrumb\",\"itemListElement\":[{\"@type\":\"ListItem\",\"position\":1,\"name\":\"Kezd\u0151lap\",\"item\":\"https:\\\/\\\/stuttgarti-katolikusok.de\\\/\"},{\"@type\":\"ListItem\",\"position\":2,\"name\":\"2023 NOVEMBER 20 \u00c9S 26 K\u00d6Z\u00d6TT\"}]},{\"@type\":\"WebSite\",\"@id\":\"https:\\\/\\\/stuttgarti-katolikusok.de\\\/#website\",\"url\":\"https:\\\/\\\/stuttgarti-katolikusok.de\\\/\",\"name\":\"Stuttgarti Katolikusok\",\"description\":\"\",\"potentialAction\":[{\"@type\":\"SearchAction\",\"target\":{\"@type\":\"EntryPoint\",\"urlTemplate\":\"https:\\\/\\\/stuttgarti-katolikusok.de\\\/?s={search_term_string}\"},\"query-input\":{\"@type\":\"PropertyValueSpecification\",\"valueRequired\":true,\"valueName\":\"search_term_string\"}}],\"inLanguage\":\"hu\"},{\"@type\":\"Person\",\"@id\":\"https:\\\/\\\/stuttgarti-katolikusok.de\\\/#\\\/schema\\\/person\\\/75908d6f8fdc03a57889d27209df7795\",\"name\":\"Tibor atya\",\"image\":{\"@type\":\"ImageObject\",\"inLanguage\":\"hu\",\"@id\":\"https:\\\/\\\/secure.gravatar.com\\\/avatar\\\/61d268e57d1f4525b111222e29d2d5a7f8c420fdbf231ba5566a8ceac74fa960?s=96&d=mm&r=g\",\"url\":\"https:\\\/\\\/secure.gravatar.com\\\/avatar\\\/61d268e57d1f4525b111222e29d2d5a7f8c420fdbf231ba5566a8ceac74fa960?s=96&d=mm&r=g\",\"contentUrl\":\"https:\\\/\\\/secure.gravatar.com\\\/avatar\\\/61d268e57d1f4525b111222e29d2d5a7f8c420fdbf231ba5566a8ceac74fa960?s=96&d=mm&r=g\",\"caption\":\"Tibor atya\"},\"url\":\"https:\\\/\\\/stuttgarti-katolikusok.de\\\/index.php\\\/author\\\/tibor-atya\\\/\"}]}<\/script>\n<!-- \/ Yoast SEO plugin. -->","yoast_head_json":{"title":"2023 NOVEMBER 20 \u00c9S 26 K\u00d6Z\u00d6TT - Stuttgarti Katolikusok","robots":{"index":"index","follow":"follow","max-snippet":"max-snippet:-1","max-image-preview":"max-image-preview:large","max-video-preview":"max-video-preview:-1"},"canonical":"https:\/\/stuttgarti-katolikusok.de\/index.php\/2023-november-20-es-26-kozott\/","og_locale":"hu_HU","og_type":"article","og_title":"2023 NOVEMBER 20 \u00c9S 26 K\u00d6Z\u00d6TT - Stuttgarti Katolikusok","og_description":"Programel\u0151zetes * November 24-\u00e9n,\u00a0p\u00e9nteken, Stuttgarti d\u00e9lut\u00e1n, 17.30 \u00f3rakor szentmise, 18.00 \u00f3rakor Bar\u00e1ts\u00e1gklub: \u00a0* November 25-\u00e9n, szombaton, Tuttlingenben\u00a0a szentmise elmarad!!! K\u00e9r\u00fcnk benneteket, hogy gyertek Reutlingenbe \u00e9s vegyetek r\u00e9szt az ottani b\u00facs\u00fas szentmis\u00e9n \u00e9s agap\u00e9n. Reutlingenben\u00a016.30 \u00f3rakor b\u00facs\u00fas\u00a0szentmise,\u00a0keret\u00e9ben \u00c1rp\u00e1d-h\u00e1zi Szent Erzs\u00e9betet k\u00f6sz\u00f6ntj\u00fck, ezt k\u00f6vet\u0151en agap\u00e9. A helysz\u00edn megv\u00e1ltozott: Bruder Klaus Kirche &#8211; Villastra\u00dfe 75, 72770 Reutlingen-Betzingen. * November 26-\u00e1n,\u00a0Krisztus Kir\u00e1ly vas\u00e1rnapja, B\u00f6blingenben 9.30 \u00f3rakor, szentmise, ut\u00e1na agap\u00e9, Heilbronnban\u00a015.30 \u00f3rakor szentmise, ut\u00e1na agap\u00e9. A helysz\u00edn megv\u00e1ltozott: Maximilian Kolbe Kirche, 74081 Heilbronn, J\u00f6rg-Ratgeb-Platz 25. * * Minden helyen mindenkit szeretettel v\u00e1r a k\u00f6z\u00f6ss\u00e9g \u00e9s Tibor atya! * Bens\u0151s\u00e9ges \u0151szi napokat, j\u00f3 munk\u00e1t, tartalmas besz\u00e9lget\u00e9seket, \u00f6r\u00f6mteli tal\u00e1lkoz\u00e1sokat \u00e9s \u00e1ldott adventi k\u00e9sz\u00fcletet k\u00edv\u00e1nunk minden Kedves H\u00edv\u00fcnknek! * Az \u00f6r\u00f6kk\u00e9val\u00f3s\u00e1g jelk\u00e9pei &nbsp; Milyen ritk\u00e1n l\u00e9pnek \u00e1t gondolataid az \u00f6r\u00f6kk\u00e9val\u00f3s\u00e1gba! Jel\u00f6lj h\u00e1t ki jelk\u00e9peket \u00e9letedben, amelyek az \u00f6r\u00f6kk\u00e9val\u00f3s\u00e1gra eml\u00e9keztetnek. Ilyen lehet: Minden t\u00e1gas templom, amelyben k\u00f6r\u00fcln\u00e9zel. Minden torony, mely az \u00e9g fel\u00e9 mutat. Minden gy\u00e1szjelent\u00e9s, mely a post\u00e1s k\u00e9zbes\u00edt. Minden \u00f6reg ember, akivel tal\u00e1lkozol. Minden patak, amely a foly\u00f3ba \u00f6mlik. Minden p\u00e1lyaudvar \u00e9s \u00e1llom\u00e1s, ahol kisz\u00e1llsz. Gondolj a v\u00e9g\u00e1llom\u00e1sra! \u00a0 (Johannes Rosche) (Nyit\u00f3k\u00e9p forr\u00e1sa: Instagram)","og_url":"https:\/\/stuttgarti-katolikusok.de\/index.php\/2023-november-20-es-26-kozott\/","og_site_name":"Stuttgarti Katolikusok","article_published_time":"2023-11-20T10:10:13+00:00","article_modified_time":"2023-11-20T12:52:19+00:00","og_image":[{"width":1080,"height":1048,"url":"https:\/\/stuttgarti-katolikusok.de\/wp-content\/uploads\/2023\/11\/whatsapp-kep-2023-11-20-110851-e15c9abf.jpg","type":"image\/jpeg"}],"author":"Tibor atya","twitter_card":"summary_large_image","twitter_misc":{"Szerz\u0151:":"Tibor atya","Becs\u00fclt olvas\u00e1si id\u0151":"2 perc"},"schema":{"@context":"https:\/\/schema.org","@graph":[{"@type":"Article","@id":"https:\/\/stuttgarti-katolikusok.de\/index.php\/2023-november-20-es-26-kozott\/#article","isPartOf":{"@id":"https:\/\/stuttgarti-katolikusok.de\/index.php\/2023-november-20-es-26-kozott\/"},"author":{"name":"Tibor atya","@id":"https:\/\/stuttgarti-katolikusok.de\/#\/schema\/person\/75908d6f8fdc03a57889d27209df7795"},"headline":"2023 NOVEMBER 20 \u00c9S 26 K\u00d6Z\u00d6TT","datePublished":"2023-11-20T10:10:13+00:00","dateModified":"2023-11-20T12:52:19+00:00","mainEntityOfPage":{"@id":"https:\/\/stuttgarti-katolikusok.de\/index.php\/2023-november-20-es-26-kozott\/"},"wordCount":267,"image":{"@id":"https:\/\/stuttgarti-katolikusok.de\/index.php\/2023-november-20-es-26-kozott\/#primaryimage"},"thumbnailUrl":"https:\/\/stuttgarti-katolikusok.de\/wp-content\/uploads\/2023\/11\/whatsapp-kep-2023-11-20-110851-e15c9abf.jpg","articleSection":["Progamel\u0151zetes"],"inLanguage":"hu"},{"@type":"WebPage","@id":"https:\/\/stuttgarti-katolikusok.de\/index.php\/2023-november-20-es-26-kozott\/","url":"https:\/\/stuttgarti-katolikusok.de\/index.php\/2023-november-20-es-26-kozott\/","name":"2023 NOVEMBER 20 \u00c9S 26 K\u00d6Z\u00d6TT - Stuttgarti Katolikusok","isPartOf":{"@id":"https:\/\/stuttgarti-katolikusok.de\/#website"},"primaryImageOfPage":{"@id":"https:\/\/stuttgarti-katolikusok.de\/index.php\/2023-november-20-es-26-kozott\/#primaryimage"},"image":{"@id":"https:\/\/stuttgarti-katolikusok.de\/index.php\/2023-november-20-es-26-kozott\/#primaryimage"},"thumbnailUrl":"https:\/\/stuttgarti-katolikusok.de\/wp-content\/uploads\/2023\/11\/whatsapp-kep-2023-11-20-110851-e15c9abf.jpg","datePublished":"2023-11-20T10:10:13+00:00","dateModified":"2023-11-20T12:52:19+00:00","author":{"@id":"https:\/\/stuttgarti-katolikusok.de\/#\/schema\/person\/75908d6f8fdc03a57889d27209df7795"},"breadcrumb":{"@id":"https:\/\/stuttgarti-katolikusok.de\/index.php\/2023-november-20-es-26-kozott\/#breadcrumb"},"inLanguage":"hu","potentialAction":[{"@type":"ReadAction","target":["https:\/\/stuttgarti-katolikusok.de\/index.php\/2023-november-20-es-26-kozott\/"]}]},{"@type":"ImageObject","inLanguage":"hu","@id":"https:\/\/stuttgarti-katolikusok.de\/index.php\/2023-november-20-es-26-kozott\/#primaryimage","url":"https:\/\/stuttgarti-katolikusok.de\/wp-content\/uploads\/2023\/11\/whatsapp-kep-2023-11-20-110851-e15c9abf.jpg","contentUrl":"https:\/\/stuttgarti-katolikusok.de\/wp-content\/uploads\/2023\/11\/whatsapp-kep-2023-11-20-110851-e15c9abf.jpg","width":1080,"height":1048},{"@type":"BreadcrumbList","@id":"https:\/\/stuttgarti-katolikusok.de\/index.php\/2023-november-20-es-26-kozott\/#breadcrumb","itemListElement":[{"@type":"ListItem","position":1,"name":"Kezd\u0151lap","item":"https:\/\/stuttgarti-katolikusok.de\/"},{"@type":"ListItem","position":2,"name":"2023 NOVEMBER 20 \u00c9S 26 K\u00d6Z\u00d6TT"}]},{"@type":"WebSite","@id":"https:\/\/stuttgarti-katolikusok.de\/#website","url":"https:\/\/stuttgarti-katolikusok.de\/","name":"Stuttgarti Katolikusok","description":"","potentialAction":[{"@type":"SearchAction","target":{"@type":"EntryPoint","urlTemplate":"https:\/\/stuttgarti-katolikusok.de\/?s={search_term_string}"},"query-input":{"@type":"PropertyValueSpecification","valueRequired":true,"valueName":"search_term_string"}}],"inLanguage":"hu"},{"@type":"Person","@id":"https:\/\/stuttgarti-katolikusok.de\/#\/schema\/person\/75908d6f8fdc03a57889d27209df7795","name":"Tibor atya","image":{"@type":"ImageObject","inLanguage":"hu","@id":"https:\/\/secure.gravatar.com\/avatar\/61d268e57d1f4525b111222e29d2d5a7f8c420fdbf231ba5566a8ceac74fa960?s=96&d=mm&r=g","url":"https:\/\/secure.gravatar.com\/avatar\/61d268e57d1f4525b111222e29d2d5a7f8c420fdbf231ba5566a8ceac74fa960?s=96&d=mm&r=g","contentUrl":"https:\/\/secure.gravatar.com\/avatar\/61d268e57d1f4525b111222e29d2d5a7f8c420fdbf231ba5566a8ceac74fa960?s=96&d=mm&r=g","caption":"Tibor atya"},"url":"https:\/\/stuttgarti-katolikusok.de\/index.php\/author\/tibor-atya\/"}]}},"_links":{"self":[{"href":"https:\/\/stuttgarti-katolikusok.de\/index.php\/wp-json\/wp\/v2\/posts\/27498","targetHints":{"allow":["GET"]}}],"collection":[{"href":"https:\/\/stuttgarti-katolikusok.de\/index.php\/wp-json\/wp\/v2\/posts"}],"about":[{"href":"https:\/\/stuttgarti-katolikusok.de\/index.php\/wp-json\/wp\/v2\/types\/post"}],"author":[{"embeddable":true,"href":"https:\/\/stuttgarti-katolikusok.de\/index.php\/wp-json\/wp\/v2\/users\/3"}],"replies":[{"embeddable":true,"href":"https:\/\/stuttgarti-katolikusok.de\/index.php\/wp-json\/wp\/v2\/comments?post=27498"}],"version-history":[{"count":4,"href":"https:\/\/stuttgarti-katolikusok.de\/index.php\/wp-json\/wp\/v2\/posts\/27498\/revisions"}],"predecessor-version":[{"id":27516,"href":"https:\/\/stuttgarti-katolikusok.de\/index.php\/wp-json\/wp\/v2\/posts\/27498\/revisions\/27516"}],"wp:featuredmedia":[{"embeddable":true,"href":"https:\/\/stuttgarti-katolikusok.de\/index.php\/wp-json\/wp\/v2\/media\/27501"}],"wp:attachment":[{"href":"https:\/\/stuttgarti-katolikusok.de\/index.php\/wp-json\/wp\/v2\/media?parent=27498"}],"wp:term":[{"taxonomy":"category","embeddable":true,"href":"https:\/\/stuttgarti-katolikusok.de\/index.php\/wp-json\/wp\/v2\/categories?post=27498"},{"taxonomy":"post_tag","embeddable":true,"href":"https:\/\/stuttgarti-katolikusok.de\/index.php\/wp-json\/wp\/v2\/tags?post=27498"}],"curies":[{"name":"wp","href":"https:\/\/api.w.org\/{rel}","templated":true}]}}