{"id":27489,"date":"2023-11-18T12:15:51","date_gmt":"2023-11-18T11:15:51","guid":{"rendered":"https:\/\/stuttgarti-katolikusok.de\/?p=27489"},"modified":"2023-11-18T12:16:27","modified_gmt":"2023-11-18T11:16:27","slug":"evkozi-33-vasarnap-szegenyek-vilagnapja","status":"publish","type":"post","link":"https:\/\/stuttgarti-katolikusok.de\/index.php\/evkozi-33-vasarnap-szegenyek-vilagnapja\/","title":{"rendered":"\u00c9vk\u00f6zi 33. vas\u00e1rnap \u2013 Szeg\u00e9nyek vil\u00e1gnapja"},"content":{"rendered":"<p><span style=\"color: #008000;\">Kezd\u0151\u00e9nek:<\/span><br \/>\n\u00edgy sz\u00f3l az \u00dar: Az \u00e9n gondolatom a b\u00e9kess\u00e9g gondolata \u00e9s nem a nyomor\u00fas\u00e1g\u00e9; h\u00edvjatok engem, \u00e9s meghallgatlak titeket, \u00e9s hazavezetlek fogs\u00e1gotokb\u00f3l, b\u00e1rhol is \u00e9ltek. (Jer 29,11.12.14)<\/p>\n<p><span style=\"color: #339966;\">K\u00f6ny\u00f6rg\u00e9s:<\/span><br \/>\nUrunk, Isten\u00fcnk, add, hogy \u00f6rvendezve mindig neked \u00e9lj\u00fcnk, mert soha meg nem fogyatkoz\u00f3 \u00e9s teljes \u00f6r\u00f6m az, ha sz\u00fcntelen\u00fcl szolg\u00e1lhatunk neked, minden javak szerz\u0151j\u00e9nek. A mi Urunk, J\u00e9zus Krisztus, a te Fiad \u00e1ltal, aki veled \u00e9l \u00e9s uralkodik a Szentl\u00e9lekkel egys\u00e9gben, Isten mind\u00f6r\u00f6kk\u00f6n \u00f6r\u00f6kk\u00e9.<\/p>\n<p align=\"justify\"><span style=\"color: #008000;\">OLVASM\u00c1NY a P\u00e9ldabesz\u00e9dek k\u00f6nyv\u00e9b\u0151l (P\u00e9ld 31,10-13.19-20.30-31)<\/span><br \/>\n<em>A der\u00e9k asszony mindent beszerez \u00fcgyes k\u00e9zzel.<\/em><br \/>\nDer\u00e9k asszonyt ki tal\u00e1l? \u00c9rt\u00e9ke a gy\u00f6ngy\u00e9t messze meghaladja. F\u00e9rje eg\u00e9sz sz\u00edv\u00e9vel r\u00e1hagyatkozik, \u00e9s nem j\u00e1r rosszul vele. Mindig jav\u00e1ra van, sohasem k\u00e1r\u00e1ra, \u00e9let\u00e9nek minden napj\u00e1n. El\u0151teremti a gyapj\u00fat \u00e9s a kendert, \u00e9s mindent beszerez \u00fcgyes k\u00e9zzel. Kiny\u00fajtja karj\u00e1t a guzsaly ut\u00e1n, \u00e9s kez\u00e9vel megfogja az ors\u00f3t. Kiterjeszti kez\u00e9t az elnyomott f\u00f6l\u00e9, a sz\u0171k\u00f6lk\u00f6d\u0151nek meg karj\u00e1t ny\u00fajtja. Csalfa dolog a b\u00e1j, a sz\u00e9ps\u00e9g muland\u00f3, de az istenf\u00e9l\u0151 asszony dics\u00e9retet \u00e9rdemel. Magasztalj\u00e1tok keze munk\u00e1j\u00e1\u00e9rt, \u00e9s a v\u00e1roskapukn\u00e1l dics\u00e9rj\u00e9tek tetteit.<br \/>\nEz az Isten ig\u00e9je.<\/p>\n<p align=\"justify\"><span style=\"color: #008000;\">V\u00c1LASZOS ZSOLT\u00c1R (Zsolt 127,1-2.3.4-5)<\/span><br \/>\nV\u00e1lasz:\u00a0<strong>Boldog az\u00a0<u>az<\/u>\u00a0ember, * aki\u00a0<u>f\u00e9<\/u>li az Istent.<\/strong>\u00a0(6. t\u00f3nus.)<br \/>\nEl\u0151\u00e9nekes: Boldog mindaz, aki f\u00e9li\u00a0<u>az<\/u>\u00a0Urat, * aki az\u00a0<u>\u0151<\/u>\u00a0\u00fatjain j\u00e1r.<br \/>\nKezed munk\u00e1j\u00e1<u>b\u00f3l<\/u>\u00a0\u00e9lhetsz, * boldog leszel,\u00a0<u>\u00e9s<\/u>\u00a0j\u00f3l megy sorod.<br \/>\nH\u00edvek:\u00a0<strong>Boldog az\u00a0<u>az<\/u>\u00a0ember, * aki\u00a0<u>f\u00e9<\/u>li az Istent.<\/strong><br \/>\nE: Feles\u00e9ged olyan, mint a ter<u>m\u0151<\/u>\u00a0sz\u0151l\u0151t\u0151, * a te h\u00e1<u>zad<\/u>\u00a0bensej\u00e9ben.<br \/>\nFiaid olyanok, mint az olaj<u>fa<\/u>csemet\u00e9k, * \u00fagy veszik k\u00f6<u>r\u00fcl<\/u>\u00a0asztalodat.<br \/>\nH:\u00a0<strong>Boldog az\u00a0<u>az<\/u>\u00a0ember, * aki\u00a0<u>f\u00e9<\/u>li az Istent.<\/strong><br \/>\nE: \u00cdme, ilyen \u00e1ld\u00e1sban r\u00e9szes\u00fcl az\u00a0<u>az<\/u>\u00a0ember,* aki\u00a0<u>f\u00e9<\/u>li az Urat.<br \/>\n\u00c1ldjon meg az\u00a0<u>\u00dar<\/u>\u00a0Sionb\u00f3l, * hogy l\u00e1sd Jeruzs\u00e1lem j\u00f3l\u00e9t\u00e9t \u00e9le<u>ted<\/u>\u00a0minden napj\u00e1n.<br \/>\nH:\u00a0<strong>Boldog az\u00a0<u>az<\/u>\u00a0ember, * aki\u00a0<u>f\u00e9<\/u>li az Istent.<\/strong><\/p>\n<p align=\"justify\"><span style=\"color: #008000;\">SZENTLECKE Szent P\u00e1l apostolnak a tesszaloniki h\u00edvekhez \u00edrt els\u0151 level\u00e9b\u0151l (1Tessz 5,1-6)<\/span><br \/>\n<em>Ne lepjen meg titeket az a nap, mint a tolvaj!<\/em><br \/>\nTestv\u00e9reim!<br \/>\nAmi az \u00dar elj\u00f6vetel\u00e9nek idej\u00e9t \u00e9s \u00f3r\u00e1j\u00e1t illeti, arr\u00f3l nem sz\u00fcks\u00e9ges \u00edrnom. Hiszen j\u00f3l tudj\u00e1tok ti is, hogy az \u00dar napja \u00fagy \u00e9rkezik el, mint \u00e9jjel a tolvaj. Amikor azt mondogatj\u00e1k: \u201eB\u00e9ke \u00e9s biztons\u00e1g\u201d, akkor \u00e9ri \u0151ket hirtelen a pusztul\u00e1s, ak\u00e1rcsak a v\u00e1rand\u00f3s asszonyt a f\u00e1jdalom. \u00c9s nem lesz menekv\u00e9s sz\u00e1mukra!<br \/>\nDe ti, testv\u00e9rek, nem j\u00e1rtok s\u00f6t\u00e9ts\u00e9gben, hogy az a nap tolvaj m\u00f3dj\u00e1ra meglephetne titeket. Hiszen mindny\u00e1jan a vil\u00e1goss\u00e1g \u00e9s a nappal fiai vagytok. Nem vagyunk az \u00e9jszak\u00e1\u00e9, sem a s\u00f6t\u00e9ts\u00e9g\u00e9. Ne aludjunk h\u00e1t, mint a t\u00f6bbiek, hanem legy\u00fcnk \u00e9berek \u00e9s j\u00f3zanok!<br \/>\nEz az Isten ig\u00e9je.<\/p>\n<p align=\"justify\"><span style=\"color: #008000;\">ALLELUJA<\/span><br \/>\nMaradjatok bennem \u00e9s \u00e9n bennetek maradok, mondja a mi\u00a0<u>U<\/u>runk, * aki bennem marad, az\u00a0<u>b\u0151<\/u>\u00a0term\u00e9st hoz. Jn 15,4a \u00e9s 5b. \u2013 2. t\u00f3nus.<\/p>\n<p align=\"justify\"><em>Hosszabb forma:<\/em><br \/>\n<span style=\"color: #008000;\">\u2020 EVANG\u00c9LIUM Szent M\u00e1t\u00e9 k\u00f6nyv\u00e9b\u0151l (Mt 25,14-30)<\/span><br \/>\n<em>Mivel a kev\u00e9sben h\u0171 volt\u00e1l, menj be Urad \u00f6r\u00f6m\u00e9be!<\/em><br \/>\nAbban az id\u0151ben J\u00e9zus a k\u00f6vetkez\u0151 p\u00e9ldabesz\u00e9det mondta tan\u00edtv\u00e1nyainak: Egy ember egyszer idegenbe k\u00e9sz\u00fclt, ez\u00e9rt \u00f6sszeh\u00edvta szolg\u00e1it, \u00e9s r\u00e1juk b\u00edzta vagyon\u00e1t. Az egyiknek \u00f6t talentumot adott, a m\u00e1siknak kett\u0151t, a harmadiknak pedig egyet, kinek-kinek r\u00e1termetts\u00e9ge szerint, azt\u00e1n \u00fatra kelt.<br \/>\nAki \u00f6t talentumot kapott, menten elkezdett vele kereskedni, \u00e9s m\u00e1sik \u00f6t\u00f6t nyert rajta. Ugyan\u00edgy az is, aki kett\u0151t kapott: m\u00e1sik kett\u0151t szerzett. Az pedig, aki csak egyet kapott, elment, \u00e1sott egy g\u00f6dr\u00f6t, \u00e9s elrejtette a f\u00f6ldbe ur\u00e1nak ez\u00fcstj\u00e9t.<br \/>\nHossz\u00fa id\u0151 eltelt\u00e9vel megj\u00f6tt a szolg\u00e1k ura, \u00e9s sz\u00e1mad\u00e1st tartott vel\u00fck. J\u00f6tt az, aki \u00f6t talentumot kapott: hozott m\u00e1sik \u00f6t\u00f6t is, \u00e9s \u00edgy sz\u00f3lt: \u201eUram, \u00f6t talentumot adt\u00e1l nekem, n\u00e9zd, m\u00e1sik \u00f6t\u00f6t nyertem rajta.\u201d Az \u00far \u00edgy v\u00e1laszolt: \u201eJ\u00f3l van, te der\u00e9k \u00e9s h\u0171s\u00e9ges szolga! A kev\u00e9sben h\u0171 volt\u00e1l, sokat b\u00edzok r\u00e1d: Menj be urad \u00f6r\u00f6m\u00e9be!\u201d J\u00f6tt az is, aki k\u00e9t talentumot kapott, \u00e9s \u00edgy sz\u00f3lt: \u201eUram, k\u00e9t talentumot adt\u00e1l nekem, n\u00e9zd, m\u00e1sik kett\u0151t nyertem rajta.\u201d Az \u00far \u00edgy v\u00e1laszolt: \u201eJ\u00f3l van, te der\u00e9k \u00e9s h\u0171s\u00e9ges szolga! A kev\u00e9sben h\u0171 volt\u00e1l, sokat b\u00edzok r\u00e1d: Menj be urad \u00f6r\u00f6m\u00e9be!\u201d<br \/>\nV\u00e9g\u00fcl j\u00f6tt az is, aki csak egy talentumot kapott. \u00cdgy sz\u00f3lt: \u201eUram! Tudtam, hogy kem\u00e9ny ember vagy, ott is aratsz, ahov\u00e1 nem vetett\u00e9l, \u00e9s onnan is sz\u00fcretelsz, ahov\u00e1 nem \u00fcltett\u00e9l. F\u00e9lelmemben elmentem h\u00e1t \u00e9s el\u00e1stam a f\u00f6ldbe a talentumodat. N\u00e9zd, ami a tied, visszaadom neked!\u201d V\u00e1laszul az \u00far ezt mondta neki: \u201eTe gonosz \u00e9s lusta szolga! Ha tudtad, hogy aratok ott is, ahov\u00e1 nem vetettem, \u00e9s sz\u00fcretelek onnan is, ahov\u00e1 nem \u00fcltettem, ez\u00fcstjeimet a p\u00e9nzv\u00e1lt\u00f3knak kellett volna adnod, hogy ha megj\u00f6v\u00f6k, kamatostul kapjam vissza! Vegy\u00e9tek csak el t\u0151le a talentumot \u00e9s adj\u00e1tok oda annak, akinek t\u00edz talentuma van! Mert akinek van, annak m\u00e9g adnak, hogy b\u0151velkedj\u00e9k; \u00e9s akinek nincs, att\u00f3l m\u00e9g azt is elveszik, amije van! Ezt a hasznavehetetlen szolg\u00e1t pedig vess\u00e9tek ki a k\u00fcls\u0151 s\u00f6t\u00e9ts\u00e9gre! Ott s\u00edr\u00e1s lesz \u00e9s fogcsikorgat\u00e1s!\u201d<br \/>\nEzek az evang\u00e9lium ig\u00e9i.<\/p>\n<p><em>Vagy r\u00f6videbb forma:<\/em><br \/>\n<span style=\"color: #008000;\">\u2020 EVANG\u00c9LIUM Szent M\u00e1t\u00e9 k\u00f6nyv\u00e9b\u0151l (Mt 25,14-15.19-21)<\/span><br \/>\n<em>Mivel a kev\u00e9sben h\u0171 volt\u00e1l, menj be Urad \u00f6r\u00f6m\u00e9be!<\/em><br \/>\nAbban az id\u0151ben J\u00e9zus a k\u00f6vetkez\u0151 p\u00e9ldabesz\u00e9det mondta tan\u00edtv\u00e1nyainak: Egy ember egyszer idegenbe k\u00e9sz\u00fclt, ez\u00e9rt \u00f6sszeh\u00edvta szolg\u00e1it \u00e9s r\u00e1juk b\u00edzta vagyon\u00e1t. Az egyiknek \u00f6t talentumot adott, a m\u00e1siknak kett\u0151t, a harmadiknak pedig egyet, kinek kinek r\u00e1termetts\u00e9ge szerint, azt\u00e1n \u00fatra kelt.<br \/>\nHossz\u00fa id\u0151 eltelt\u00e9vel megj\u00f6tt a szolg\u00e1k ura, \u00e9s sz\u00e1mad\u00e1st tartott vel\u00fck. J\u00f6tt, aki \u00f6t talentumot kapott: hozott m\u00e1sik \u00f6t\u00f6t is, \u00e9s \u00edgy sz\u00f3lt: \u201eUram, \u00f6t talentumot adt\u00e1l nekem, n\u00e9zd, m\u00e1sik \u00f6t\u00f6t nyertem rajta.\u201d Az \u00far \u00edgy v\u00e1laszolt: \u201eJ\u00f3l van, te der\u00e9k \u00e9s h\u0171s\u00e9ges szolga! A kev\u00e9sben h\u0171 volt\u00e1l, sokat b\u00edzok r\u00e1d: Menj be urad \u00f6r\u00f6m\u00e9be!\u201d<br \/>\nEzek az evang\u00e9lium ig\u00e9i.<\/p>\n<p align=\"justify\"><span style=\"color: #008000;\">EGYETEMES K\u00d6NY\u00d6RG\u00c9SEK<\/span><br \/>\nPap: Im\u00e1dkozzunk, testv\u00e9reim, mennyei Aty\u00e1nkhoz, aki egykor megjutalmazza h\u0171s\u00e9ges szolg\u00e1latunkat!<br \/>\nLektor: 1. Add, Urunk, hogy akik a papi \u00e9s szerzetesi hivat\u00e1s talentum\u00e1t megkapt\u00e1k, azt h\u0171s\u00e9gesen kamatoztass\u00e1k.<br \/>\nH\u00edvek: K\u00e9r\u00fcnk T\u00e9ged, hallgass meg minket!<br \/>\n2. Add, Urunk, hogy a n\u00e9pek vezet\u0151i az emberis\u00e9g jav\u00e1ra haszn\u00e1lj\u00e1k a rendelkez\u00e9s\u00fckre \u00e1ll\u00f3 nagy lehet\u0151s\u00e9geket!<br \/>\nH\u00edvek: K\u00e9r\u00fcnk T\u00e9ged, hallgass meg minket!<br \/>\n3. Add, Urunk, hogy T\u0151led kapott adotts\u00e1gainkat j\u00f3l felhaszn\u00e1ljuk magunk \u00e9s embert\u00e1rsaink jav\u00e1ra!<br \/>\nH\u00edvek: K\u00e9r\u00fcnk T\u00e9ged, hallgass meg minket!<br \/>\n4. Add, Urunk, hogy az ifj\u00fas\u00e1g szorgalmas tanul\u00e1ssal \u00e9s c\u00e9ltudatos \u00f6nnevel\u00e9ssel k\u00e9sz\u00fclj\u00f6n \u00e9lethivat\u00e1s\u00e1ra!<br \/>\nH\u00edvek: K\u00e9r\u00fcnk T\u00e9ged, hallgass meg minket!<br \/>\n5. Add, Urunk, hogy egyh\u00e1zk\u00f6zs\u00e9g\u00fcnk minden tagja egykor nyugodtan adhasson sz\u00e1mot kegyelmi aj\u00e1nd\u00e9kaidr\u00f3l!<br \/>\nH\u00edvek: K\u00e9r\u00fcnk T\u00e9ged, hallgass meg minket!<br \/>\nPap: Mennyei Aty\u00e1nk! Te mindny\u00e1junkt\u00f3l sz\u00e1mon k\u00e9red talentumainkat. Seg\u00edts, hogy aj\u00e1nd\u00e9kaidat j\u00f3l felhaszn\u00e1lva, sz\u00e1mad\u00e1sunk ut\u00e1n bel\u00e9phess\u00fcnk orsz\u00e1god \u00f6r\u00f6m\u00e9be. Krisztus, a mi Urunk \u00e1ltal.<br \/>\nH\u00edvek: \u00c1men.<\/p>\n<p><span style=\"color: #008000;\">Felaj\u00e1nl\u00f3 k\u00f6ny\u00f6rg\u00e9s:<\/span><br \/>\nK\u00e9r\u00fcnk, Urunk, Isten\u00fcnk, hogy a F\u00f6ls\u00e9gednek bemutatott \u00e1ldozati adom\u00e1ny szerezze meg nek\u00fcnk a sz\u00edvb\u00e9li odaad\u00e1s kegyelm\u00e9t, \u00e9s vezessen el az \u00f6r\u00f6k \u00e9letre. Krisztus, a mi Urunk \u00e1ltal.<\/p>\n<p><span style=\"color: #008000;\">\u00c1ldoz\u00e1si \u00e9nek:<\/span><br \/>\nJ\u00f3 nekem az Istenhez ragaszkodnom: az \u00daristenbe helyezni rem\u00e9nyemet. (Zsolt 72,28)<br \/>\n<span style=\"color: #008000;\"><em>Vagy<\/em><\/span><br \/>\nBizony mondom nektek, hogy mindazt, amit im\u00e1dkozva k\u00e9rtek, higgy\u00e9tek, hogy megkapj\u00e1tok, \u00e9s akkor val\u00f3ban teljes\u00fcl k\u00e9r\u00e9setek &#8211; mondja az \u00dar. (Mk 11,23.24)<\/p>\n<p><span style=\"color: #008000;\">\u00c1ldoz\u00e1s ut\u00e1ni k\u00f6ny\u00f6rg\u00e9s:<\/span><br \/>\nUrunk, Isten\u00fcnk, magunkhoz vett\u00fck a szent \u00e1ldozat aj\u00e1nd\u00e9kait. Al\u00e1zattal k\u00e9r\u00fcnk, hogy amit szent Fiad az \u0151 eml\u00e9kezet\u00e9re cselekedn\u00fcnk rendelt, n\u00f6velje szeretet\u00fcnket. Krisztus, a mi Urunk \u00e1ltal.<\/p>\n<p><em>(K\u00e9p forr\u00e1sa: Instagram)<\/em><\/p>\n","protected":false},"excerpt":{"rendered":"<p>Kezd\u0151\u00e9nek: \u00edgy sz\u00f3l az \u00dar: Az \u00e9n gondolatom a b\u00e9kess\u00e9g gondolata \u00e9s nem a nyomor\u00fas\u00e1g\u00e9; h\u00edvjatok engem, \u00e9s meghallgatlak titeket, \u00e9s hazavezetlek fogs\u00e1gotokb\u00f3l, b\u00e1rhol is \u00e9ltek. (Jer 29,11.12.14) K\u00f6ny\u00f6rg\u00e9s: Urunk, Isten\u00fcnk, add, hogy \u00f6rvendezve mindig neked \u00e9lj\u00fcnk, mert soha meg nem fogyatkoz\u00f3 \u00e9s teljes \u00f6r\u00f6m az, ha sz\u00fcntelen\u00fcl szolg\u00e1lhatunk neked, minden javak szerz\u0151j\u00e9nek. A mi Urunk, J\u00e9zus Krisztus, a te Fiad \u00e1ltal, aki veled \u00e9l \u00e9s uralkodik a Szentl\u00e9lekkel egys\u00e9gben, Isten mind\u00f6r\u00f6kk\u00f6n \u00f6r\u00f6kk\u00e9. OLVASM\u00c1NY a P\u00e9ldabesz\u00e9dek k\u00f6nyv\u00e9b\u0151l (P\u00e9ld 31,10-13.19-20.30-31) A der\u00e9k asszony mindent beszerez \u00fcgyes k\u00e9zzel. Der\u00e9k asszonyt ki tal\u00e1l? \u00c9rt\u00e9ke a gy\u00f6ngy\u00e9t messze meghaladja. F\u00e9rje eg\u00e9sz sz\u00edv\u00e9vel r\u00e1hagyatkozik, \u00e9s nem j\u00e1r rosszul vele. Mindig jav\u00e1ra van, sohasem k\u00e1r\u00e1ra, \u00e9let\u00e9nek minden napj\u00e1n. El\u0151teremti a gyapj\u00fat \u00e9s a kendert, \u00e9s mindent beszerez \u00fcgyes k\u00e9zzel. Kiny\u00fajtja karj\u00e1t a guzsaly ut\u00e1n, \u00e9s kez\u00e9vel megfogja az ors\u00f3t. Kiterjeszti kez\u00e9t az elnyomott f\u00f6l\u00e9, a sz\u0171k\u00f6lk\u00f6d\u0151nek meg karj\u00e1t ny\u00fajtja. Csalfa dolog a b\u00e1j, a sz\u00e9ps\u00e9g muland\u00f3, de az istenf\u00e9l\u0151 asszony dics\u00e9retet \u00e9rdemel. Magasztalj\u00e1tok keze munk\u00e1j\u00e1\u00e9rt, \u00e9s a v\u00e1roskapukn\u00e1l dics\u00e9rj\u00e9tek tetteit. Ez az Isten ig\u00e9je. V\u00c1LASZOS ZSOLT\u00c1R (Zsolt 127,1-2.3.4-5) V\u00e1lasz:\u00a0Boldog az\u00a0az\u00a0ember, * aki\u00a0f\u00e9li az Istent.\u00a0(6. t\u00f3nus.) El\u0151\u00e9nekes: Boldog mindaz, aki f\u00e9li\u00a0az\u00a0Urat, * aki az\u00a0\u0151\u00a0\u00fatjain j\u00e1r. Kezed munk\u00e1j\u00e1b\u00f3l\u00a0\u00e9lhetsz, * boldog leszel,\u00a0\u00e9s\u00a0j\u00f3l megy sorod. H\u00edvek:\u00a0Boldog az\u00a0az\u00a0ember, * aki\u00a0f\u00e9li az Istent. E: Feles\u00e9ged olyan, mint a term\u0151\u00a0sz\u0151l\u0151t\u0151, * a te h\u00e1zad\u00a0bensej\u00e9ben. Fiaid olyanok, mint az olajfacsemet\u00e9k, * \u00fagy veszik k\u00f6r\u00fcl\u00a0asztalodat. H:\u00a0Boldog az\u00a0az\u00a0ember, * aki\u00a0f\u00e9li az Istent. E: \u00cdme, ilyen \u00e1ld\u00e1sban r\u00e9szes\u00fcl az\u00a0az\u00a0ember,* aki\u00a0f\u00e9li az Urat. \u00c1ldjon meg az\u00a0\u00dar\u00a0Sionb\u00f3l, * hogy l\u00e1sd Jeruzs\u00e1lem j\u00f3l\u00e9t\u00e9t \u00e9leted\u00a0minden napj\u00e1n. H:\u00a0Boldog az\u00a0az\u00a0ember, * aki\u00a0f\u00e9li az Istent. SZENTLECKE Szent P\u00e1l apostolnak a tesszaloniki h\u00edvekhez \u00edrt els\u0151 level\u00e9b\u0151l (1Tessz 5,1-6) Ne lepjen meg titeket az a nap, mint a tolvaj! Testv\u00e9reim! Ami az \u00dar elj\u00f6vetel\u00e9nek idej\u00e9t \u00e9s \u00f3r\u00e1j\u00e1t illeti, arr\u00f3l nem sz\u00fcks\u00e9ges \u00edrnom. Hiszen j\u00f3l tudj\u00e1tok ti is, hogy az \u00dar napja \u00fagy \u00e9rkezik el, mint \u00e9jjel&#8230; <\/p>\n<p><a class=\"readmore\" href=\"https:\/\/stuttgarti-katolikusok.de\/index.php\/evkozi-33-vasarnap-szegenyek-vilagnapja\/\">R\u00e9szletek<\/a><\/p>\n","protected":false},"author":3,"featured_media":27490,"comment_status":"closed","ping_status":"closed","sticky":false,"template":"","format":"standard","meta":{"footnotes":""},"categories":[85,63],"tags":[],"class_list":["post-27489","post","type-post","status-publish","format-standard","has-post-thumbnail","hentry","category-a-liturgia-olvasmanyai","category-vasarnapi-gondolatok"],"yoast_head":"<!-- This site is optimized with the Yoast SEO plugin v27.3 - https:\/\/yoast.com\/product\/yoast-seo-wordpress\/ -->\n<title>\u00c9vk\u00f6zi 33. vas\u00e1rnap \u2013 Szeg\u00e9nyek vil\u00e1gnapja - Stuttgarti Katolikusok<\/title>\n<meta name=\"robots\" content=\"index, follow, max-snippet:-1, max-image-preview:large, max-video-preview:-1\" \/>\n<link rel=\"canonical\" href=\"https:\/\/stuttgarti-katolikusok.de\/index.php\/evkozi-33-vasarnap-szegenyek-vilagnapja\/\" \/>\n<meta property=\"og:locale\" content=\"hu_HU\" \/>\n<meta property=\"og:type\" content=\"article\" \/>\n<meta property=\"og:title\" content=\"\u00c9vk\u00f6zi 33. vas\u00e1rnap \u2013 Szeg\u00e9nyek vil\u00e1gnapja - Stuttgarti Katolikusok\" \/>\n<meta property=\"og:description\" content=\"Kezd\u0151\u00e9nek: \u00edgy sz\u00f3l az \u00dar: Az \u00e9n gondolatom a b\u00e9kess\u00e9g gondolata \u00e9s nem a nyomor\u00fas\u00e1g\u00e9; h\u00edvjatok engem, \u00e9s meghallgatlak titeket, \u00e9s hazavezetlek fogs\u00e1gotokb\u00f3l, b\u00e1rhol is \u00e9ltek. (Jer 29,11.12.14) K\u00f6ny\u00f6rg\u00e9s: Urunk, Isten\u00fcnk, add, hogy \u00f6rvendezve mindig neked \u00e9lj\u00fcnk, mert soha meg nem fogyatkoz\u00f3 \u00e9s teljes \u00f6r\u00f6m az, ha sz\u00fcntelen\u00fcl szolg\u00e1lhatunk neked, minden javak szerz\u0151j\u00e9nek. A mi Urunk, J\u00e9zus Krisztus, a te Fiad \u00e1ltal, aki veled \u00e9l \u00e9s uralkodik a Szentl\u00e9lekkel egys\u00e9gben, Isten mind\u00f6r\u00f6kk\u00f6n \u00f6r\u00f6kk\u00e9. OLVASM\u00c1NY a P\u00e9ldabesz\u00e9dek k\u00f6nyv\u00e9b\u0151l (P\u00e9ld 31,10-13.19-20.30-31) A der\u00e9k asszony mindent beszerez \u00fcgyes k\u00e9zzel. Der\u00e9k asszonyt ki tal\u00e1l? \u00c9rt\u00e9ke a gy\u00f6ngy\u00e9t messze meghaladja. F\u00e9rje eg\u00e9sz sz\u00edv\u00e9vel r\u00e1hagyatkozik, \u00e9s nem j\u00e1r rosszul vele. Mindig jav\u00e1ra van, sohasem k\u00e1r\u00e1ra, \u00e9let\u00e9nek minden napj\u00e1n. El\u0151teremti a gyapj\u00fat \u00e9s a kendert, \u00e9s mindent beszerez \u00fcgyes k\u00e9zzel. Kiny\u00fajtja karj\u00e1t a guzsaly ut\u00e1n, \u00e9s kez\u00e9vel megfogja az ors\u00f3t. Kiterjeszti kez\u00e9t az elnyomott f\u00f6l\u00e9, a sz\u0171k\u00f6lk\u00f6d\u0151nek meg karj\u00e1t ny\u00fajtja. Csalfa dolog a b\u00e1j, a sz\u00e9ps\u00e9g muland\u00f3, de az istenf\u00e9l\u0151 asszony dics\u00e9retet \u00e9rdemel. Magasztalj\u00e1tok keze munk\u00e1j\u00e1\u00e9rt, \u00e9s a v\u00e1roskapukn\u00e1l dics\u00e9rj\u00e9tek tetteit. Ez az Isten ig\u00e9je. V\u00c1LASZOS ZSOLT\u00c1R (Zsolt 127,1-2.3.4-5) V\u00e1lasz:\u00a0Boldog az\u00a0az\u00a0ember, * aki\u00a0f\u00e9li az Istent.\u00a0(6. t\u00f3nus.) El\u0151\u00e9nekes: Boldog mindaz, aki f\u00e9li\u00a0az\u00a0Urat, * aki az\u00a0\u0151\u00a0\u00fatjain j\u00e1r. Kezed munk\u00e1j\u00e1b\u00f3l\u00a0\u00e9lhetsz, * boldog leszel,\u00a0\u00e9s\u00a0j\u00f3l megy sorod. H\u00edvek:\u00a0Boldog az\u00a0az\u00a0ember, * aki\u00a0f\u00e9li az Istent. E: Feles\u00e9ged olyan, mint a term\u0151\u00a0sz\u0151l\u0151t\u0151, * a te h\u00e1zad\u00a0bensej\u00e9ben. Fiaid olyanok, mint az olajfacsemet\u00e9k, * \u00fagy veszik k\u00f6r\u00fcl\u00a0asztalodat. H:\u00a0Boldog az\u00a0az\u00a0ember, * aki\u00a0f\u00e9li az Istent. E: \u00cdme, ilyen \u00e1ld\u00e1sban r\u00e9szes\u00fcl az\u00a0az\u00a0ember,* aki\u00a0f\u00e9li az Urat. \u00c1ldjon meg az\u00a0\u00dar\u00a0Sionb\u00f3l, * hogy l\u00e1sd Jeruzs\u00e1lem j\u00f3l\u00e9t\u00e9t \u00e9leted\u00a0minden napj\u00e1n. H:\u00a0Boldog az\u00a0az\u00a0ember, * aki\u00a0f\u00e9li az Istent. SZENTLECKE Szent P\u00e1l apostolnak a tesszaloniki h\u00edvekhez \u00edrt els\u0151 level\u00e9b\u0151l (1Tessz 5,1-6) Ne lepjen meg titeket az a nap, mint a tolvaj! Testv\u00e9reim! Ami az \u00dar elj\u00f6vetel\u00e9nek idej\u00e9t \u00e9s \u00f3r\u00e1j\u00e1t illeti, arr\u00f3l nem sz\u00fcks\u00e9ges \u00edrnom. Hiszen j\u00f3l tudj\u00e1tok ti is, hogy az \u00dar napja \u00fagy \u00e9rkezik el, mint \u00e9jjel... R\u00e9szletek\" \/>\n<meta property=\"og:url\" content=\"https:\/\/stuttgarti-katolikusok.de\/index.php\/evkozi-33-vasarnap-szegenyek-vilagnapja\/\" \/>\n<meta property=\"og:site_name\" content=\"Stuttgarti Katolikusok\" \/>\n<meta property=\"article:published_time\" content=\"2023-11-18T11:15:51+00:00\" \/>\n<meta property=\"article:modified_time\" content=\"2023-11-18T11:16:27+00:00\" \/>\n<meta property=\"og:image\" content=\"https:\/\/stuttgarti-katolikusok.de\/wp-content\/uploads\/2023\/11\/onstagram-11-18.jpg\" \/>\n\t<meta property=\"og:image:width\" content=\"1064\" \/>\n\t<meta property=\"og:image:height\" content=\"796\" \/>\n\t<meta property=\"og:image:type\" content=\"image\/jpeg\" \/>\n<meta name=\"author\" content=\"Tibor atya\" \/>\n<meta name=\"twitter:card\" content=\"summary_large_image\" \/>\n<meta name=\"twitter:label1\" content=\"Szerz\u0151:\" \/>\n\t<meta name=\"twitter:data1\" content=\"Tibor atya\" \/>\n\t<meta name=\"twitter:label2\" content=\"Becs\u00fclt olvas\u00e1si id\u0151\" \/>\n\t<meta name=\"twitter:data2\" content=\"7 perc\" \/>\n<script type=\"application\/ld+json\" class=\"yoast-schema-graph\">{\"@context\":\"https:\\\/\\\/schema.org\",\"@graph\":[{\"@type\":\"Article\",\"@id\":\"https:\\\/\\\/stuttgarti-katolikusok.de\\\/index.php\\\/evkozi-33-vasarnap-szegenyek-vilagnapja\\\/#article\",\"isPartOf\":{\"@id\":\"https:\\\/\\\/stuttgarti-katolikusok.de\\\/index.php\\\/evkozi-33-vasarnap-szegenyek-vilagnapja\\\/\"},\"author\":{\"name\":\"Tibor atya\",\"@id\":\"https:\\\/\\\/stuttgarti-katolikusok.de\\\/#\\\/schema\\\/person\\\/75908d6f8fdc03a57889d27209df7795\"},\"headline\":\"\u00c9vk\u00f6zi 33. vas\u00e1rnap \u2013 Szeg\u00e9nyek vil\u00e1gnapja\",\"datePublished\":\"2023-11-18T11:15:51+00:00\",\"dateModified\":\"2023-11-18T11:16:27+00:00\",\"mainEntityOfPage\":{\"@id\":\"https:\\\/\\\/stuttgarti-katolikusok.de\\\/index.php\\\/evkozi-33-vasarnap-szegenyek-vilagnapja\\\/\"},\"wordCount\":1575,\"image\":{\"@id\":\"https:\\\/\\\/stuttgarti-katolikusok.de\\\/index.php\\\/evkozi-33-vasarnap-szegenyek-vilagnapja\\\/#primaryimage\"},\"thumbnailUrl\":\"https:\\\/\\\/stuttgarti-katolikusok.de\\\/wp-content\\\/uploads\\\/2023\\\/11\\\/onstagram-11-18.jpg\",\"articleSection\":[\"A liturgia olvasm\u00e1nyai\",\"Vas\u00e1rnapi gondolatok\"],\"inLanguage\":\"hu\"},{\"@type\":\"WebPage\",\"@id\":\"https:\\\/\\\/stuttgarti-katolikusok.de\\\/index.php\\\/evkozi-33-vasarnap-szegenyek-vilagnapja\\\/\",\"url\":\"https:\\\/\\\/stuttgarti-katolikusok.de\\\/index.php\\\/evkozi-33-vasarnap-szegenyek-vilagnapja\\\/\",\"name\":\"\u00c9vk\u00f6zi 33. vas\u00e1rnap \u2013 Szeg\u00e9nyek vil\u00e1gnapja - Stuttgarti Katolikusok\",\"isPartOf\":{\"@id\":\"https:\\\/\\\/stuttgarti-katolikusok.de\\\/#website\"},\"primaryImageOfPage\":{\"@id\":\"https:\\\/\\\/stuttgarti-katolikusok.de\\\/index.php\\\/evkozi-33-vasarnap-szegenyek-vilagnapja\\\/#primaryimage\"},\"image\":{\"@id\":\"https:\\\/\\\/stuttgarti-katolikusok.de\\\/index.php\\\/evkozi-33-vasarnap-szegenyek-vilagnapja\\\/#primaryimage\"},\"thumbnailUrl\":\"https:\\\/\\\/stuttgarti-katolikusok.de\\\/wp-content\\\/uploads\\\/2023\\\/11\\\/onstagram-11-18.jpg\",\"datePublished\":\"2023-11-18T11:15:51+00:00\",\"dateModified\":\"2023-11-18T11:16:27+00:00\",\"author\":{\"@id\":\"https:\\\/\\\/stuttgarti-katolikusok.de\\\/#\\\/schema\\\/person\\\/75908d6f8fdc03a57889d27209df7795\"},\"breadcrumb\":{\"@id\":\"https:\\\/\\\/stuttgarti-katolikusok.de\\\/index.php\\\/evkozi-33-vasarnap-szegenyek-vilagnapja\\\/#breadcrumb\"},\"inLanguage\":\"hu\",\"potentialAction\":[{\"@type\":\"ReadAction\",\"target\":[\"https:\\\/\\\/stuttgarti-katolikusok.de\\\/index.php\\\/evkozi-33-vasarnap-szegenyek-vilagnapja\\\/\"]}]},{\"@type\":\"ImageObject\",\"inLanguage\":\"hu\",\"@id\":\"https:\\\/\\\/stuttgarti-katolikusok.de\\\/index.php\\\/evkozi-33-vasarnap-szegenyek-vilagnapja\\\/#primaryimage\",\"url\":\"https:\\\/\\\/stuttgarti-katolikusok.de\\\/wp-content\\\/uploads\\\/2023\\\/11\\\/onstagram-11-18.jpg\",\"contentUrl\":\"https:\\\/\\\/stuttgarti-katolikusok.de\\\/wp-content\\\/uploads\\\/2023\\\/11\\\/onstagram-11-18.jpg\",\"width\":1064,\"height\":796},{\"@type\":\"BreadcrumbList\",\"@id\":\"https:\\\/\\\/stuttgarti-katolikusok.de\\\/index.php\\\/evkozi-33-vasarnap-szegenyek-vilagnapja\\\/#breadcrumb\",\"itemListElement\":[{\"@type\":\"ListItem\",\"position\":1,\"name\":\"Kezd\u0151lap\",\"item\":\"https:\\\/\\\/stuttgarti-katolikusok.de\\\/\"},{\"@type\":\"ListItem\",\"position\":2,\"name\":\"\u00c9vk\u00f6zi 33. vas\u00e1rnap \u2013 Szeg\u00e9nyek vil\u00e1gnapja\"}]},{\"@type\":\"WebSite\",\"@id\":\"https:\\\/\\\/stuttgarti-katolikusok.de\\\/#website\",\"url\":\"https:\\\/\\\/stuttgarti-katolikusok.de\\\/\",\"name\":\"Stuttgarti Katolikusok\",\"description\":\"\",\"potentialAction\":[{\"@type\":\"SearchAction\",\"target\":{\"@type\":\"EntryPoint\",\"urlTemplate\":\"https:\\\/\\\/stuttgarti-katolikusok.de\\\/?s={search_term_string}\"},\"query-input\":{\"@type\":\"PropertyValueSpecification\",\"valueRequired\":true,\"valueName\":\"search_term_string\"}}],\"inLanguage\":\"hu\"},{\"@type\":\"Person\",\"@id\":\"https:\\\/\\\/stuttgarti-katolikusok.de\\\/#\\\/schema\\\/person\\\/75908d6f8fdc03a57889d27209df7795\",\"name\":\"Tibor atya\",\"image\":{\"@type\":\"ImageObject\",\"inLanguage\":\"hu\",\"@id\":\"https:\\\/\\\/secure.gravatar.com\\\/avatar\\\/61d268e57d1f4525b111222e29d2d5a7f8c420fdbf231ba5566a8ceac74fa960?s=96&d=mm&r=g\",\"url\":\"https:\\\/\\\/secure.gravatar.com\\\/avatar\\\/61d268e57d1f4525b111222e29d2d5a7f8c420fdbf231ba5566a8ceac74fa960?s=96&d=mm&r=g\",\"contentUrl\":\"https:\\\/\\\/secure.gravatar.com\\\/avatar\\\/61d268e57d1f4525b111222e29d2d5a7f8c420fdbf231ba5566a8ceac74fa960?s=96&d=mm&r=g\",\"caption\":\"Tibor atya\"},\"url\":\"https:\\\/\\\/stuttgarti-katolikusok.de\\\/index.php\\\/author\\\/tibor-atya\\\/\"}]}<\/script>\n<!-- \/ Yoast SEO plugin. -->","yoast_head_json":{"title":"\u00c9vk\u00f6zi 33. vas\u00e1rnap \u2013 Szeg\u00e9nyek vil\u00e1gnapja - Stuttgarti Katolikusok","robots":{"index":"index","follow":"follow","max-snippet":"max-snippet:-1","max-image-preview":"max-image-preview:large","max-video-preview":"max-video-preview:-1"},"canonical":"https:\/\/stuttgarti-katolikusok.de\/index.php\/evkozi-33-vasarnap-szegenyek-vilagnapja\/","og_locale":"hu_HU","og_type":"article","og_title":"\u00c9vk\u00f6zi 33. vas\u00e1rnap \u2013 Szeg\u00e9nyek vil\u00e1gnapja - Stuttgarti Katolikusok","og_description":"Kezd\u0151\u00e9nek: \u00edgy sz\u00f3l az \u00dar: Az \u00e9n gondolatom a b\u00e9kess\u00e9g gondolata \u00e9s nem a nyomor\u00fas\u00e1g\u00e9; h\u00edvjatok engem, \u00e9s meghallgatlak titeket, \u00e9s hazavezetlek fogs\u00e1gotokb\u00f3l, b\u00e1rhol is \u00e9ltek. (Jer 29,11.12.14) K\u00f6ny\u00f6rg\u00e9s: Urunk, Isten\u00fcnk, add, hogy \u00f6rvendezve mindig neked \u00e9lj\u00fcnk, mert soha meg nem fogyatkoz\u00f3 \u00e9s teljes \u00f6r\u00f6m az, ha sz\u00fcntelen\u00fcl szolg\u00e1lhatunk neked, minden javak szerz\u0151j\u00e9nek. A mi Urunk, J\u00e9zus Krisztus, a te Fiad \u00e1ltal, aki veled \u00e9l \u00e9s uralkodik a Szentl\u00e9lekkel egys\u00e9gben, Isten mind\u00f6r\u00f6kk\u00f6n \u00f6r\u00f6kk\u00e9. OLVASM\u00c1NY a P\u00e9ldabesz\u00e9dek k\u00f6nyv\u00e9b\u0151l (P\u00e9ld 31,10-13.19-20.30-31) A der\u00e9k asszony mindent beszerez \u00fcgyes k\u00e9zzel. Der\u00e9k asszonyt ki tal\u00e1l? \u00c9rt\u00e9ke a gy\u00f6ngy\u00e9t messze meghaladja. F\u00e9rje eg\u00e9sz sz\u00edv\u00e9vel r\u00e1hagyatkozik, \u00e9s nem j\u00e1r rosszul vele. Mindig jav\u00e1ra van, sohasem k\u00e1r\u00e1ra, \u00e9let\u00e9nek minden napj\u00e1n. El\u0151teremti a gyapj\u00fat \u00e9s a kendert, \u00e9s mindent beszerez \u00fcgyes k\u00e9zzel. Kiny\u00fajtja karj\u00e1t a guzsaly ut\u00e1n, \u00e9s kez\u00e9vel megfogja az ors\u00f3t. Kiterjeszti kez\u00e9t az elnyomott f\u00f6l\u00e9, a sz\u0171k\u00f6lk\u00f6d\u0151nek meg karj\u00e1t ny\u00fajtja. Csalfa dolog a b\u00e1j, a sz\u00e9ps\u00e9g muland\u00f3, de az istenf\u00e9l\u0151 asszony dics\u00e9retet \u00e9rdemel. Magasztalj\u00e1tok keze munk\u00e1j\u00e1\u00e9rt, \u00e9s a v\u00e1roskapukn\u00e1l dics\u00e9rj\u00e9tek tetteit. Ez az Isten ig\u00e9je. V\u00c1LASZOS ZSOLT\u00c1R (Zsolt 127,1-2.3.4-5) V\u00e1lasz:\u00a0Boldog az\u00a0az\u00a0ember, * aki\u00a0f\u00e9li az Istent.\u00a0(6. t\u00f3nus.) El\u0151\u00e9nekes: Boldog mindaz, aki f\u00e9li\u00a0az\u00a0Urat, * aki az\u00a0\u0151\u00a0\u00fatjain j\u00e1r. Kezed munk\u00e1j\u00e1b\u00f3l\u00a0\u00e9lhetsz, * boldog leszel,\u00a0\u00e9s\u00a0j\u00f3l megy sorod. H\u00edvek:\u00a0Boldog az\u00a0az\u00a0ember, * aki\u00a0f\u00e9li az Istent. E: Feles\u00e9ged olyan, mint a term\u0151\u00a0sz\u0151l\u0151t\u0151, * a te h\u00e1zad\u00a0bensej\u00e9ben. Fiaid olyanok, mint az olajfacsemet\u00e9k, * \u00fagy veszik k\u00f6r\u00fcl\u00a0asztalodat. H:\u00a0Boldog az\u00a0az\u00a0ember, * aki\u00a0f\u00e9li az Istent. E: \u00cdme, ilyen \u00e1ld\u00e1sban r\u00e9szes\u00fcl az\u00a0az\u00a0ember,* aki\u00a0f\u00e9li az Urat. \u00c1ldjon meg az\u00a0\u00dar\u00a0Sionb\u00f3l, * hogy l\u00e1sd Jeruzs\u00e1lem j\u00f3l\u00e9t\u00e9t \u00e9leted\u00a0minden napj\u00e1n. H:\u00a0Boldog az\u00a0az\u00a0ember, * aki\u00a0f\u00e9li az Istent. SZENTLECKE Szent P\u00e1l apostolnak a tesszaloniki h\u00edvekhez \u00edrt els\u0151 level\u00e9b\u0151l (1Tessz 5,1-6) Ne lepjen meg titeket az a nap, mint a tolvaj! Testv\u00e9reim! Ami az \u00dar elj\u00f6vetel\u00e9nek idej\u00e9t \u00e9s \u00f3r\u00e1j\u00e1t illeti, arr\u00f3l nem sz\u00fcks\u00e9ges \u00edrnom. Hiszen j\u00f3l tudj\u00e1tok ti is, hogy az \u00dar napja \u00fagy \u00e9rkezik el, mint \u00e9jjel... R\u00e9szletek","og_url":"https:\/\/stuttgarti-katolikusok.de\/index.php\/evkozi-33-vasarnap-szegenyek-vilagnapja\/","og_site_name":"Stuttgarti Katolikusok","article_published_time":"2023-11-18T11:15:51+00:00","article_modified_time":"2023-11-18T11:16:27+00:00","og_image":[{"width":1064,"height":796,"url":"https:\/\/stuttgarti-katolikusok.de\/wp-content\/uploads\/2023\/11\/onstagram-11-18.jpg","type":"image\/jpeg"}],"author":"Tibor atya","twitter_card":"summary_large_image","twitter_misc":{"Szerz\u0151:":"Tibor atya","Becs\u00fclt olvas\u00e1si id\u0151":"7 perc"},"schema":{"@context":"https:\/\/schema.org","@graph":[{"@type":"Article","@id":"https:\/\/stuttgarti-katolikusok.de\/index.php\/evkozi-33-vasarnap-szegenyek-vilagnapja\/#article","isPartOf":{"@id":"https:\/\/stuttgarti-katolikusok.de\/index.php\/evkozi-33-vasarnap-szegenyek-vilagnapja\/"},"author":{"name":"Tibor atya","@id":"https:\/\/stuttgarti-katolikusok.de\/#\/schema\/person\/75908d6f8fdc03a57889d27209df7795"},"headline":"\u00c9vk\u00f6zi 33. vas\u00e1rnap \u2013 Szeg\u00e9nyek vil\u00e1gnapja","datePublished":"2023-11-18T11:15:51+00:00","dateModified":"2023-11-18T11:16:27+00:00","mainEntityOfPage":{"@id":"https:\/\/stuttgarti-katolikusok.de\/index.php\/evkozi-33-vasarnap-szegenyek-vilagnapja\/"},"wordCount":1575,"image":{"@id":"https:\/\/stuttgarti-katolikusok.de\/index.php\/evkozi-33-vasarnap-szegenyek-vilagnapja\/#primaryimage"},"thumbnailUrl":"https:\/\/stuttgarti-katolikusok.de\/wp-content\/uploads\/2023\/11\/onstagram-11-18.jpg","articleSection":["A liturgia olvasm\u00e1nyai","Vas\u00e1rnapi gondolatok"],"inLanguage":"hu"},{"@type":"WebPage","@id":"https:\/\/stuttgarti-katolikusok.de\/index.php\/evkozi-33-vasarnap-szegenyek-vilagnapja\/","url":"https:\/\/stuttgarti-katolikusok.de\/index.php\/evkozi-33-vasarnap-szegenyek-vilagnapja\/","name":"\u00c9vk\u00f6zi 33. vas\u00e1rnap \u2013 Szeg\u00e9nyek vil\u00e1gnapja - Stuttgarti Katolikusok","isPartOf":{"@id":"https:\/\/stuttgarti-katolikusok.de\/#website"},"primaryImageOfPage":{"@id":"https:\/\/stuttgarti-katolikusok.de\/index.php\/evkozi-33-vasarnap-szegenyek-vilagnapja\/#primaryimage"},"image":{"@id":"https:\/\/stuttgarti-katolikusok.de\/index.php\/evkozi-33-vasarnap-szegenyek-vilagnapja\/#primaryimage"},"thumbnailUrl":"https:\/\/stuttgarti-katolikusok.de\/wp-content\/uploads\/2023\/11\/onstagram-11-18.jpg","datePublished":"2023-11-18T11:15:51+00:00","dateModified":"2023-11-18T11:16:27+00:00","author":{"@id":"https:\/\/stuttgarti-katolikusok.de\/#\/schema\/person\/75908d6f8fdc03a57889d27209df7795"},"breadcrumb":{"@id":"https:\/\/stuttgarti-katolikusok.de\/index.php\/evkozi-33-vasarnap-szegenyek-vilagnapja\/#breadcrumb"},"inLanguage":"hu","potentialAction":[{"@type":"ReadAction","target":["https:\/\/stuttgarti-katolikusok.de\/index.php\/evkozi-33-vasarnap-szegenyek-vilagnapja\/"]}]},{"@type":"ImageObject","inLanguage":"hu","@id":"https:\/\/stuttgarti-katolikusok.de\/index.php\/evkozi-33-vasarnap-szegenyek-vilagnapja\/#primaryimage","url":"https:\/\/stuttgarti-katolikusok.de\/wp-content\/uploads\/2023\/11\/onstagram-11-18.jpg","contentUrl":"https:\/\/stuttgarti-katolikusok.de\/wp-content\/uploads\/2023\/11\/onstagram-11-18.jpg","width":1064,"height":796},{"@type":"BreadcrumbList","@id":"https:\/\/stuttgarti-katolikusok.de\/index.php\/evkozi-33-vasarnap-szegenyek-vilagnapja\/#breadcrumb","itemListElement":[{"@type":"ListItem","position":1,"name":"Kezd\u0151lap","item":"https:\/\/stuttgarti-katolikusok.de\/"},{"@type":"ListItem","position":2,"name":"\u00c9vk\u00f6zi 33. vas\u00e1rnap \u2013 Szeg\u00e9nyek vil\u00e1gnapja"}]},{"@type":"WebSite","@id":"https:\/\/stuttgarti-katolikusok.de\/#website","url":"https:\/\/stuttgarti-katolikusok.de\/","name":"Stuttgarti Katolikusok","description":"","potentialAction":[{"@type":"SearchAction","target":{"@type":"EntryPoint","urlTemplate":"https:\/\/stuttgarti-katolikusok.de\/?s={search_term_string}"},"query-input":{"@type":"PropertyValueSpecification","valueRequired":true,"valueName":"search_term_string"}}],"inLanguage":"hu"},{"@type":"Person","@id":"https:\/\/stuttgarti-katolikusok.de\/#\/schema\/person\/75908d6f8fdc03a57889d27209df7795","name":"Tibor atya","image":{"@type":"ImageObject","inLanguage":"hu","@id":"https:\/\/secure.gravatar.com\/avatar\/61d268e57d1f4525b111222e29d2d5a7f8c420fdbf231ba5566a8ceac74fa960?s=96&d=mm&r=g","url":"https:\/\/secure.gravatar.com\/avatar\/61d268e57d1f4525b111222e29d2d5a7f8c420fdbf231ba5566a8ceac74fa960?s=96&d=mm&r=g","contentUrl":"https:\/\/secure.gravatar.com\/avatar\/61d268e57d1f4525b111222e29d2d5a7f8c420fdbf231ba5566a8ceac74fa960?s=96&d=mm&r=g","caption":"Tibor atya"},"url":"https:\/\/stuttgarti-katolikusok.de\/index.php\/author\/tibor-atya\/"}]}},"_links":{"self":[{"href":"https:\/\/stuttgarti-katolikusok.de\/index.php\/wp-json\/wp\/v2\/posts\/27489","targetHints":{"allow":["GET"]}}],"collection":[{"href":"https:\/\/stuttgarti-katolikusok.de\/index.php\/wp-json\/wp\/v2\/posts"}],"about":[{"href":"https:\/\/stuttgarti-katolikusok.de\/index.php\/wp-json\/wp\/v2\/types\/post"}],"author":[{"embeddable":true,"href":"https:\/\/stuttgarti-katolikusok.de\/index.php\/wp-json\/wp\/v2\/users\/3"}],"replies":[{"embeddable":true,"href":"https:\/\/stuttgarti-katolikusok.de\/index.php\/wp-json\/wp\/v2\/comments?post=27489"}],"version-history":[{"count":2,"href":"https:\/\/stuttgarti-katolikusok.de\/index.php\/wp-json\/wp\/v2\/posts\/27489\/revisions"}],"predecessor-version":[{"id":27492,"href":"https:\/\/stuttgarti-katolikusok.de\/index.php\/wp-json\/wp\/v2\/posts\/27489\/revisions\/27492"}],"wp:featuredmedia":[{"embeddable":true,"href":"https:\/\/stuttgarti-katolikusok.de\/index.php\/wp-json\/wp\/v2\/media\/27490"}],"wp:attachment":[{"href":"https:\/\/stuttgarti-katolikusok.de\/index.php\/wp-json\/wp\/v2\/media?parent=27489"}],"wp:term":[{"taxonomy":"category","embeddable":true,"href":"https:\/\/stuttgarti-katolikusok.de\/index.php\/wp-json\/wp\/v2\/categories?post=27489"},{"taxonomy":"post_tag","embeddable":true,"href":"https:\/\/stuttgarti-katolikusok.de\/index.php\/wp-json\/wp\/v2\/tags?post=27489"}],"curies":[{"name":"wp","href":"https:\/\/api.w.org\/{rel}","templated":true}]}}