{"id":27453,"date":"2023-11-11T13:08:40","date_gmt":"2023-11-11T12:08:40","guid":{"rendered":"https:\/\/stuttgarti-katolikusok.de\/?p=27453"},"modified":"2023-11-11T13:19:39","modified_gmt":"2023-11-11T12:19:39","slug":"evkozi-32-vasarnap","status":"publish","type":"post","link":"https:\/\/stuttgarti-katolikusok.de\/index.php\/evkozi-32-vasarnap\/","title":{"rendered":"\u00c9vk\u00f6zi 32. vas\u00e1rnap"},"content":{"rendered":"<p><span style=\"color: #339966;\">Kezd\u0151\u00e9nek:<\/span><br \/>\nIm\u00e1ds\u00e1gom jusson sz\u00edned el\u00e9, Uram, hajl\u00edtsd f\u00fcledet k\u00e9r\u00e9semre! (Zsolt 87,3)<\/p>\n<p><span style=\"color: #339966;\">K\u00f6ny\u00f6rg\u00e9s:<\/span><br \/>\nMindenhat\u00f3, irgalmas Isten, kegyelmeddel tarts t\u00e1vol t\u0151l\u00fcnk minden rosszat. Add, hogy minden testi-lelki er\u0151nkkel szolg\u00e1latodra \u00e1lljunk, \u00e9s k\u00e9szs\u00e9gesen teljes\u00edts\u00fck szent akaratodat. A mi Urunk, J\u00e9zus Krisztus, a te Fiad \u00e1ltal, aki veled \u00e9l \u00e9s uralkodik a Szentl\u00e9lekkel egys\u00e9gben, Isten mind\u00f6r\u00f6kk\u00f6n \u00f6r\u00f6kk\u00e9.<\/p>\n<p align=\"justify\"><span style=\"color: #339966;\">OLVASM\u00c1NY a B\u00f6lcsess\u00e9g k\u00f6nyv\u00e9b\u0151l (B\u00f6lcs 6,12-16)<\/span><br \/>\n<em>A b\u00f6lcsess\u00e9gre r\u00e1tal\u00e1lnak, akik keresik.<\/em><br \/>\nA b\u00f6lcsess\u00e9g ragyog\u00f3 \u00e9s hervadhatatlan, k\u00f6nnyen felismerik, akik szeretik, \u00e9s r\u00e1tal\u00e1lnak, akik keresik. M\u00e1r el\u0151re megmutatkozik azoknak, akik v\u00e1gy\u00f3dnak r\u00e1. Aki kor\u00e1n reggel keresni kezdi, nem kell f\u00e1radnia, mert ajtaj\u00e1n\u00e1l \u00fclve tal\u00e1lja. R\u00f3la elm\u00e9lkedni t\u00f6k\u00e9letes okoss\u00e1g, aki \u00e9rte virraszt, hamar megszabadul a gondt\u00f3l. Hisz maga megy, s megkeresi azokat, akik m\u00e9lt\u00f3k r\u00e1, bar\u00e1ts\u00e1gosan megjelenik nekik az utakon, \u00e9s minden sz\u00e1nd\u00e9kukban tal\u00e1lkozik vel\u00fck.<br \/>\nEz az Isten ig\u00e9je.<\/p>\n<p align=\"justify\"><span style=\"color: #339966;\">V\u00c1LASZOS ZSOLT\u00c1R (Zsolt 62,2.3-4.5-6.7-8)<\/span><br \/>\nV\u00e1lasz:\u00a0<strong>Hozz\u00e1d v\u00e1gy\u00f3dik sz\u00edvem, * \u00e9n Uram, Istenem.<\/strong>\u00a07b. t\u00f3nus.<br \/>\nEl\u0151\u00e9nekes: Uram, Istenem, virrasztva kereslek, * az \u00e9n Istenem te vagy n\u00e9kem.<br \/>\nT\u00e9ged szomjaz a lelkem, testem ut\u00e1nad eped, * mint a puszta tikkadt, kiaszott f\u00f6ldje.<br \/>\nH\u00edvek: Hozz\u00e1d v\u00e1gy\u00f3dik sz\u00edvem, * \u00e9n Uram, Istenem.<br \/>\nE: Szent\u00e9lyedben neked szolg\u00e1ltam, * hogy er\u0151det \u00e9s dics\u0151s\u00e9gedet megl\u00e1thassam.<br \/>\nMert irgalmad t\u00f6bbet \u00e9r, mint az \u00e9let, * ez\u00e9rt ajkam dics\u0151\u00edt t\u00e9ged.<br \/>\nH: Hozz\u00e1d v\u00e1gy\u00f3dik sz\u00edvem, * \u00e9n Uram, Istenem.<br \/>\nE: Neked mondok \u00e1ld\u00e1st, am\u00edg csak \u00e9lek, * a te nevedben t\u00e1rom im\u00e1ra kezemet.<br \/>\nMint d\u00fas lakom\u00e1val, telj\u00e9k be lelkem, * ajkam ujjong, sz\u00e1m dics\u0151\u00edt t\u00e9ged.<br \/>\nH: Hozz\u00e1d v\u00e1gy\u00f3dik sz\u00edvem, * \u00e9n Uram, Istenem.<br \/>\nE: M\u00e9g fekv\u0151helyemen is r\u00e1d gondolok, * hajnalig r\u00f3lad elm\u00e9lkedem.<br \/>\nVal\u00f3ban te lett\u00e9l v\u00e9delmez\u0151m, * sz\u00e1rnyaid oltalm\u00e1ban \u00f6rvendezem.<br \/>\nH: Hozz\u00e1d v\u00e1gy\u00f3dik sz\u00edvem, * \u00e9n Uram, Istenem.<\/p>\n<p align=\"justify\"><span style=\"color: #339966;\">SZENTLECKE Szent P\u00e1l apostolnak a tesszaloniki h\u00edvekhez \u00edrt els\u0151 level\u00e9b\u0151l. (1Tessz 4,13-18)<\/span><br \/>\n<em>Isten felt\u00e1masztja azokat, akik J\u00e9zusban hunytak el.<\/em><br \/>\nTestv\u00e9reim!<br \/>\nAz elhunytak sors\u00e1r\u00f3l nem akarunk t\u00e1j\u00e9kozatlans\u00e1gban hagyni benneteket, hogy ne szomorkodjatok, mint a t\u00f6bbiek, akiknek nincs rem\u00e9ny\u00fck. Ha J\u00e9zus, mint ahogy hissz\u00fck, meghalt \u00e9s felt\u00e1madt, akkor Isten vele egy\u00fctt felt\u00e1masztja azokat is, akik J\u00e9zusban hunytak el. *<br \/>\nAz \u00dar tan\u00edt\u00e1sa alapj\u00e1n ugyanis ezt mondjuk nektek: Mi \u00e9l\u0151k, akik az \u00dar elj\u00f6vetel\u00e9ig megmaradunk, nem el\u0151zz\u00fck meg az elhunytakat. A parancssz\u00f3ra, a f\u0151angyal ki\u00e1lt\u00e1s\u00e1ra, Isten harson\u00e1j\u00e1nak szav\u00e1ra az \u00dar maga sz\u00e1ll le a mennyb\u0151l. El\u0151sz\u00f6r a Krisztusban elhunytak t\u00e1madnak fel, azut\u00e1n mi \u00e9l\u0151k, akik \u00e9letben maradunk, vel\u00fck egy\u00fctt elragadtatunk a magasba, hogy tal\u00e1lkozzunk Krisztussal, \u00e9s \u00f6r\u00f6kk\u00e9 az \u00darral legy\u00fcnk.<br \/>\nEz az Isten ig\u00e9je.<\/p>\n<p align=\"justify\"><span style=\"color: #339966;\"><em>Vagy r\u00f6videbb forma a *-ig<\/em><\/span><br \/>\n<strong>\u00a0<\/strong><\/p>\n<p align=\"justify\"><span style=\"color: #339966;\">ALLELUJA<\/span><br \/>\nVirrasszatok \u00e9s k\u00e9szen \u00e1lljatok, * mert nem tudj\u00e1tok, hogy az Emberfia melyik \u00f3r\u00e1ban \u00e9rkezik. Mt 24,42a \u00e9s 44 \u2013 8G. t\u00f3nus.<\/p>\n<p align=\"justify\"><span style=\"color: #339966;\">\u2020 EVANG\u00c9LIUM Szent M\u00e1t\u00e9 k\u00f6nyv\u00e9b\u0151l (Mt 25,1-13)<\/span><br \/>\n<em>\u00cdme, j\u00f6n a V\u0151leg\u00e9ny! Menjetek el\u00e9je!<\/em><br \/>\nAbban az id\u0151ben J\u00e9zus a k\u00f6vetkez\u0151 p\u00e9ldabesz\u00e9det mondta tan\u00edtv\u00e1nyainak:<br \/>\nA mennyek orsz\u00e1ga olyan, mint az a t\u00edz sz\u0171z, akik vett\u00e9k l\u00e1mp\u00e1ikat, \u00e9s kimentek a v\u0151leg\u00e9ny el\u00e9. \u00d6ten k\u00f6z\u00fcl\u00fck balg\u00e1k voltak, \u00f6ten pedig okosak. A balg\u00e1k fogt\u00e1k a l\u00e1mp\u00e1sukat, de olajat nem vittek magukkal; az okosak azonban kors\u00f3ikban olajat is vittek l\u00e1mp\u00e1saikhoz. K\u00e9sett a v\u0151leg\u00e9ny, s \u0151k mind el\u00e1lmosodtak \u00e9s elaludtak. Az \u00e9jszaka k\u00f6zep\u00e9n egyszerre ki\u00e1lt\u00e1s hangzott: \u201e\u00cdme, a v\u0151leg\u00e9ny! Menjetek el\u00e9je!\u201d Erre a sz\u00fczek mindny\u00e1jan f\u00f6l\u00e9bredtek, \u00e9s felsz\u00edtott\u00e1k l\u00e1mp\u00e1saikat. A balg\u00e1k k\u00e9rt\u00e9k az okosakat: \u201eAdjatok az olajotokb\u00f3l, mert l\u00e1mp\u00e1saink kialv\u00f3ban vannak!\u201d Az okosak ezt v\u00e1laszolt\u00e1k: \u201eNem lehet, nehogy nek\u00fcnk is, nektek is kev\u00e9s legyen. Ink\u00e1bb menjetek el a keresked\u0151kh\u00f6z, \u00e9s vegyetek magatoknak!\u201d M\u00edg azok v\u00e1s\u00e1rolni mentek, meg\u00e9rkezett a v\u0151leg\u00e9ny, \u00e9s akik k\u00e9szen voltak, bementek vele a menyegz\u0151re; az ajt\u00f3 pedig bez\u00e1rult.<br \/>\nK\u00e9s\u0151bb meg\u00e9rkezett a t\u00f6bbi sz\u0171z is. \u00cdgy sz\u00f3ltak: \u201eUram, uram! Nyiss ajt\u00f3t nek\u00fcnk!\u201d De \u0151 \u00edgy v\u00e1laszolt: \u201eBizony mondom nektek, nem ismerlek titeket!\u201d Virrasszatok teh\u00e1t, mert nem ismeritek sem a napot, sem az \u00f3r\u00e1t!<br \/>\nEzek az evang\u00e9lium ig\u00e9i.<\/p>\n<p><span style=\"color: #339966;\">EGYETEMES K\u00d6NY\u00d6RG\u00c9SEK<\/span><br \/>\nPap: Im\u00e1dkozzunk, testv\u00e9reim, mennyei Aty\u00e1nkhoz, aki mindny\u00e1junkat megh\u00edvott szeretett Fia menyegz\u0151j\u00e9re!<br \/>\nLektor: 1. Hogy az Egyh\u00e1z p\u00e1sztorai \u00e9beren \u0151rk\u00f6djenek a r\u00e1juk b\u00edzottak \u00fcdv\u00f6ss\u00e9ge f\u00f6l\u00f6tt!<br \/>\nH\u00edvek: K\u00e9r\u00fcnk T\u00e9ged, hallgass meg minket!<br \/>\n2. Hogy a gazdag n\u00e9pek \u00e9s a j\u00f3l\u00e9tben \u00e9l\u0151 emberek r\u00e1\u00e9bredjenek a szeg\u00e9nyek ir\u00e1nti felel\u0151ss\u00e9g\u00fckre!<br \/>\nH\u00edvek: K\u00e9r\u00fcnk T\u00e9ged, hallgass meg minket!<br \/>\n3. Hogy a f\u00f6ldi \u00e9let gondjai el ne terelj\u00e9k figyelm\u00fcnket a Krisztussal val\u00f3 tal\u00e1lkoz\u00e1sr\u00f3l!<br \/>\nH\u00edvek: K\u00e9r\u00fcnk T\u00e9ged, hallgass meg minket!<br \/>\n4. Hogy \u00e9let\u00fcnk v\u00e9g\u00e9n a szentkenet olaj\u00e1val meger\u0151s\u00edtve eljussunk szent sz\u00edned l\u00e1t\u00e1s\u00e1ra!<br \/>\nH\u00edvek: K\u00e9r\u00fcnk T\u00e9ged, hallgass meg minket!<br \/>\n5. Hogy megkapj\u00e1k az \u0151szinte b\u0171nb\u00e1nat kegyelm\u00e9t mindazok, akiket hirtelen hal\u00e1l ragad el a f\u00f6ldi \u00e9letb\u0151l!<br \/>\nH\u00edvek: K\u00e9r\u00fcnk T\u00e9ged, hallgass meg minket!<br \/>\nPap: Mennyei Aty\u00e1nk! Egysz\u00fcl\u00f6tt Fiad tan\u00edt\u00e1s\u00e1b\u00f3l tudjuk, hogy van \u00f6r\u00f6k \u00e9let. Seg\u00edts, hogy az \u00f6r\u00f6k \u00e9letre h\u00edv\u00f3 szavad virrasztva \u00e9s felk\u00e9sz\u00fclten tal\u00e1ljon minket! Krisztus, a mi Urunk \u00e1ltal.<br \/>\nH\u00edvek: \u00c1men.<\/p>\n<p><span style=\"color: #339966;\">Felaj\u00e1nl\u00f3 k\u00f6ny\u00f6rg\u00e9s:<\/span><br \/>\nK\u00e9r\u00fcnk, Isten\u00fcnk, tekints megengesztel\u0151dve erre az \u00e1ldozatra, hogy sz\u00edv\u00fcnk odaad\u00e1s\u00e1val el\u00e9rj\u00fck, amit Fiad hal\u00e1l\u00e1ra eml\u00e9kezve \u00fcnnepl\u00fcnk. Aki \u00e9l \u00e9s uralkodik mind\u00f6r\u00f6kk\u00f6n \u00f6r\u00f6kk\u00e9.<\/p>\n<p><span style=\"color: #339966;\">\u00c1ldoz\u00e1si \u00e9nek:<\/span><br \/>\nAz \u00dar az \u00e9n p\u00e1sztorom, nincs is semmiben hi\u00e1nyom: z\u00f6ldell\u0151 mez\u0151k\u00f6n terelget engem, \u00e9s cs\u00f6ndes vizekhez vezet. (Zsolt 22,1-2)<br \/>\n<span style=\"color: #339966;\"><em>vagy<\/em><\/span><br \/>\nA tan\u00edtv\u00e1nyok felismert\u00e9k az \u00dar J\u00e9zust a keny\u00e9rt\u00f6r\u00e9skor. (Lk 24,35)<\/p>\n<p><span style=\"color: #339966;\">\u00c1ldoz\u00e1s ut\u00e1ni k\u00f6ny\u00f6rg\u00e9s:<\/span><br \/>\nH\u00e1l\u00e1t adunk, Isten\u00fcnk, hogy szents\u00e9gi aj\u00e1nd\u00e9koddal t\u00e1pl\u00e1lt\u00e1l minket. K\u00e9rj\u00fck, hogy Szentlelked ki\u00e1rad\u00e1sa \u00e1ltal maradjon meg az igazlelk\u0171s\u00e9g kegyelme mindazokban, akikben mennyei er\u0151d m\u0171k\u00f6dni kezdett. Krisztus, a mi Urunk \u00e1ltal.<\/p>\n<p><em>(K\u00e9p forr\u00e1sa: Instagram &#8211; Sz\u00e9n\u00e9get\u0151 Istv\u00e1n atya)<\/em><\/p>\n","protected":false},"excerpt":{"rendered":"<p>Kezd\u0151\u00e9nek: Im\u00e1ds\u00e1gom jusson sz\u00edned el\u00e9, Uram, hajl\u00edtsd f\u00fcledet k\u00e9r\u00e9semre! (Zsolt 87,3) K\u00f6ny\u00f6rg\u00e9s: Mindenhat\u00f3, irgalmas Isten, kegyelmeddel tarts t\u00e1vol t\u0151l\u00fcnk minden rosszat. Add, hogy minden testi-lelki er\u0151nkkel szolg\u00e1latodra \u00e1lljunk, \u00e9s k\u00e9szs\u00e9gesen teljes\u00edts\u00fck szent akaratodat. A mi Urunk, J\u00e9zus Krisztus, a te Fiad \u00e1ltal, aki veled \u00e9l \u00e9s uralkodik a Szentl\u00e9lekkel egys\u00e9gben, Isten mind\u00f6r\u00f6kk\u00f6n \u00f6r\u00f6kk\u00e9. OLVASM\u00c1NY a B\u00f6lcsess\u00e9g k\u00f6nyv\u00e9b\u0151l (B\u00f6lcs 6,12-16) A b\u00f6lcsess\u00e9gre r\u00e1tal\u00e1lnak, akik keresik. A b\u00f6lcsess\u00e9g ragyog\u00f3 \u00e9s hervadhatatlan, k\u00f6nnyen felismerik, akik szeretik, \u00e9s r\u00e1tal\u00e1lnak, akik keresik. M\u00e1r el\u0151re megmutatkozik azoknak, akik v\u00e1gy\u00f3dnak r\u00e1. Aki kor\u00e1n reggel keresni kezdi, nem kell f\u00e1radnia, mert ajtaj\u00e1n\u00e1l \u00fclve tal\u00e1lja. R\u00f3la elm\u00e9lkedni t\u00f6k\u00e9letes okoss\u00e1g, aki \u00e9rte virraszt, hamar megszabadul a gondt\u00f3l. Hisz maga megy, s megkeresi azokat, akik m\u00e9lt\u00f3k r\u00e1, bar\u00e1ts\u00e1gosan megjelenik nekik az utakon, \u00e9s minden sz\u00e1nd\u00e9kukban tal\u00e1lkozik vel\u00fck. Ez az Isten ig\u00e9je. V\u00c1LASZOS ZSOLT\u00c1R (Zsolt 62,2.3-4.5-6.7-8) V\u00e1lasz:\u00a0Hozz\u00e1d v\u00e1gy\u00f3dik sz\u00edvem, * \u00e9n Uram, Istenem.\u00a07b. t\u00f3nus. El\u0151\u00e9nekes: Uram, Istenem, virrasztva kereslek, * az \u00e9n Istenem te vagy n\u00e9kem. T\u00e9ged szomjaz a lelkem, testem ut\u00e1nad eped, * mint a puszta tikkadt, kiaszott f\u00f6ldje. H\u00edvek: Hozz\u00e1d v\u00e1gy\u00f3dik sz\u00edvem, * \u00e9n Uram, Istenem. E: Szent\u00e9lyedben neked szolg\u00e1ltam, * hogy er\u0151det \u00e9s dics\u0151s\u00e9gedet megl\u00e1thassam. Mert irgalmad t\u00f6bbet \u00e9r, mint az \u00e9let, * ez\u00e9rt ajkam dics\u0151\u00edt t\u00e9ged. H: Hozz\u00e1d v\u00e1gy\u00f3dik sz\u00edvem, * \u00e9n Uram, Istenem. E: Neked mondok \u00e1ld\u00e1st, am\u00edg csak \u00e9lek, * a te nevedben t\u00e1rom im\u00e1ra kezemet. Mint d\u00fas lakom\u00e1val, telj\u00e9k be lelkem, * ajkam ujjong, sz\u00e1m dics\u0151\u00edt t\u00e9ged. H: Hozz\u00e1d v\u00e1gy\u00f3dik sz\u00edvem, * \u00e9n Uram, Istenem. E: M\u00e9g fekv\u0151helyemen is r\u00e1d gondolok, * hajnalig r\u00f3lad elm\u00e9lkedem. Val\u00f3ban te lett\u00e9l v\u00e9delmez\u0151m, * sz\u00e1rnyaid oltalm\u00e1ban \u00f6rvendezem. H: Hozz\u00e1d v\u00e1gy\u00f3dik sz\u00edvem, * \u00e9n Uram, Istenem. SZENTLECKE Szent P\u00e1l apostolnak a tesszaloniki h\u00edvekhez \u00edrt els\u0151 level\u00e9b\u0151l. (1Tessz 4,13-18) Isten felt\u00e1masztja azokat, akik J\u00e9zusban hunytak el. Testv\u00e9reim! Az elhunytak sors\u00e1r\u00f3l nem akarunk t\u00e1j\u00e9kozatlans\u00e1gban hagyni benneteket, hogy ne szomorkodjatok, mint a t\u00f6bbiek,&#8230; <\/p>\n<p><a class=\"readmore\" href=\"https:\/\/stuttgarti-katolikusok.de\/index.php\/evkozi-32-vasarnap\/\">R\u00e9szletek<\/a><\/p>\n","protected":false},"author":3,"featured_media":27454,"comment_status":"closed","ping_status":"closed","sticky":false,"template":"","format":"standard","meta":{"footnotes":""},"categories":[85,63],"tags":[],"class_list":["post-27453","post","type-post","status-publish","format-standard","has-post-thumbnail","hentry","category-a-liturgia-olvasmanyai","category-vasarnapi-gondolatok"],"yoast_head":"<!-- This site is optimized with the Yoast SEO plugin v27.3 - https:\/\/yoast.com\/product\/yoast-seo-wordpress\/ -->\n<title>\u00c9vk\u00f6zi 32. vas\u00e1rnap - Stuttgarti Katolikusok<\/title>\n<meta name=\"robots\" content=\"index, follow, max-snippet:-1, max-image-preview:large, max-video-preview:-1\" \/>\n<link rel=\"canonical\" href=\"https:\/\/stuttgarti-katolikusok.de\/index.php\/evkozi-32-vasarnap\/\" \/>\n<meta property=\"og:locale\" content=\"hu_HU\" \/>\n<meta property=\"og:type\" content=\"article\" \/>\n<meta property=\"og:title\" content=\"\u00c9vk\u00f6zi 32. vas\u00e1rnap - Stuttgarti Katolikusok\" \/>\n<meta property=\"og:description\" content=\"Kezd\u0151\u00e9nek: Im\u00e1ds\u00e1gom jusson sz\u00edned el\u00e9, Uram, hajl\u00edtsd f\u00fcledet k\u00e9r\u00e9semre! (Zsolt 87,3) K\u00f6ny\u00f6rg\u00e9s: Mindenhat\u00f3, irgalmas Isten, kegyelmeddel tarts t\u00e1vol t\u0151l\u00fcnk minden rosszat. Add, hogy minden testi-lelki er\u0151nkkel szolg\u00e1latodra \u00e1lljunk, \u00e9s k\u00e9szs\u00e9gesen teljes\u00edts\u00fck szent akaratodat. A mi Urunk, J\u00e9zus Krisztus, a te Fiad \u00e1ltal, aki veled \u00e9l \u00e9s uralkodik a Szentl\u00e9lekkel egys\u00e9gben, Isten mind\u00f6r\u00f6kk\u00f6n \u00f6r\u00f6kk\u00e9. OLVASM\u00c1NY a B\u00f6lcsess\u00e9g k\u00f6nyv\u00e9b\u0151l (B\u00f6lcs 6,12-16) A b\u00f6lcsess\u00e9gre r\u00e1tal\u00e1lnak, akik keresik. A b\u00f6lcsess\u00e9g ragyog\u00f3 \u00e9s hervadhatatlan, k\u00f6nnyen felismerik, akik szeretik, \u00e9s r\u00e1tal\u00e1lnak, akik keresik. M\u00e1r el\u0151re megmutatkozik azoknak, akik v\u00e1gy\u00f3dnak r\u00e1. Aki kor\u00e1n reggel keresni kezdi, nem kell f\u00e1radnia, mert ajtaj\u00e1n\u00e1l \u00fclve tal\u00e1lja. R\u00f3la elm\u00e9lkedni t\u00f6k\u00e9letes okoss\u00e1g, aki \u00e9rte virraszt, hamar megszabadul a gondt\u00f3l. Hisz maga megy, s megkeresi azokat, akik m\u00e9lt\u00f3k r\u00e1, bar\u00e1ts\u00e1gosan megjelenik nekik az utakon, \u00e9s minden sz\u00e1nd\u00e9kukban tal\u00e1lkozik vel\u00fck. Ez az Isten ig\u00e9je. V\u00c1LASZOS ZSOLT\u00c1R (Zsolt 62,2.3-4.5-6.7-8) V\u00e1lasz:\u00a0Hozz\u00e1d v\u00e1gy\u00f3dik sz\u00edvem, * \u00e9n Uram, Istenem.\u00a07b. t\u00f3nus. El\u0151\u00e9nekes: Uram, Istenem, virrasztva kereslek, * az \u00e9n Istenem te vagy n\u00e9kem. T\u00e9ged szomjaz a lelkem, testem ut\u00e1nad eped, * mint a puszta tikkadt, kiaszott f\u00f6ldje. H\u00edvek: Hozz\u00e1d v\u00e1gy\u00f3dik sz\u00edvem, * \u00e9n Uram, Istenem. E: Szent\u00e9lyedben neked szolg\u00e1ltam, * hogy er\u0151det \u00e9s dics\u0151s\u00e9gedet megl\u00e1thassam. Mert irgalmad t\u00f6bbet \u00e9r, mint az \u00e9let, * ez\u00e9rt ajkam dics\u0151\u00edt t\u00e9ged. H: Hozz\u00e1d v\u00e1gy\u00f3dik sz\u00edvem, * \u00e9n Uram, Istenem. E: Neked mondok \u00e1ld\u00e1st, am\u00edg csak \u00e9lek, * a te nevedben t\u00e1rom im\u00e1ra kezemet. Mint d\u00fas lakom\u00e1val, telj\u00e9k be lelkem, * ajkam ujjong, sz\u00e1m dics\u0151\u00edt t\u00e9ged. H: Hozz\u00e1d v\u00e1gy\u00f3dik sz\u00edvem, * \u00e9n Uram, Istenem. E: M\u00e9g fekv\u0151helyemen is r\u00e1d gondolok, * hajnalig r\u00f3lad elm\u00e9lkedem. Val\u00f3ban te lett\u00e9l v\u00e9delmez\u0151m, * sz\u00e1rnyaid oltalm\u00e1ban \u00f6rvendezem. H: Hozz\u00e1d v\u00e1gy\u00f3dik sz\u00edvem, * \u00e9n Uram, Istenem. SZENTLECKE Szent P\u00e1l apostolnak a tesszaloniki h\u00edvekhez \u00edrt els\u0151 level\u00e9b\u0151l. (1Tessz 4,13-18) Isten felt\u00e1masztja azokat, akik J\u00e9zusban hunytak el. Testv\u00e9reim! Az elhunytak sors\u00e1r\u00f3l nem akarunk t\u00e1j\u00e9kozatlans\u00e1gban hagyni benneteket, hogy ne szomorkodjatok, mint a t\u00f6bbiek,... R\u00e9szletek\" \/>\n<meta property=\"og:url\" content=\"https:\/\/stuttgarti-katolikusok.de\/index.php\/evkozi-32-vasarnap\/\" \/>\n<meta property=\"og:site_name\" content=\"Stuttgarti Katolikusok\" \/>\n<meta property=\"article:published_time\" content=\"2023-11-11T12:08:40+00:00\" \/>\n<meta property=\"article:modified_time\" content=\"2023-11-11T12:19:39+00:00\" \/>\n<meta property=\"og:image\" content=\"https:\/\/stuttgarti-katolikusok.de\/wp-content\/uploads\/2023\/11\/whatsapp-kep-2023-11-11-130635-3ca024e6.jpg\" \/>\n\t<meta property=\"og:image:width\" content=\"1080\" \/>\n\t<meta property=\"og:image:height\" content=\"1089\" \/>\n\t<meta property=\"og:image:type\" content=\"image\/jpeg\" \/>\n<meta name=\"author\" content=\"Tibor atya\" \/>\n<meta name=\"twitter:card\" content=\"summary_large_image\" \/>\n<meta name=\"twitter:label1\" content=\"Szerz\u0151:\" \/>\n\t<meta name=\"twitter:data1\" content=\"Tibor atya\" \/>\n\t<meta name=\"twitter:label2\" content=\"Becs\u00fclt olvas\u00e1si id\u0151\" \/>\n\t<meta name=\"twitter:data2\" content=\"5 perc\" \/>\n<script type=\"application\/ld+json\" class=\"yoast-schema-graph\">{\"@context\":\"https:\\\/\\\/schema.org\",\"@graph\":[{\"@type\":\"Article\",\"@id\":\"https:\\\/\\\/stuttgarti-katolikusok.de\\\/index.php\\\/evkozi-32-vasarnap\\\/#article\",\"isPartOf\":{\"@id\":\"https:\\\/\\\/stuttgarti-katolikusok.de\\\/index.php\\\/evkozi-32-vasarnap\\\/\"},\"author\":{\"name\":\"Tibor atya\",\"@id\":\"https:\\\/\\\/stuttgarti-katolikusok.de\\\/#\\\/schema\\\/person\\\/75908d6f8fdc03a57889d27209df7795\"},\"headline\":\"\u00c9vk\u00f6zi 32. vas\u00e1rnap\",\"datePublished\":\"2023-11-11T12:08:40+00:00\",\"dateModified\":\"2023-11-11T12:19:39+00:00\",\"mainEntityOfPage\":{\"@id\":\"https:\\\/\\\/stuttgarti-katolikusok.de\\\/index.php\\\/evkozi-32-vasarnap\\\/\"},\"wordCount\":1239,\"image\":{\"@id\":\"https:\\\/\\\/stuttgarti-katolikusok.de\\\/index.php\\\/evkozi-32-vasarnap\\\/#primaryimage\"},\"thumbnailUrl\":\"https:\\\/\\\/stuttgarti-katolikusok.de\\\/wp-content\\\/uploads\\\/2023\\\/11\\\/whatsapp-kep-2023-11-11-130635-3ca024e6.jpg\",\"articleSection\":[\"A liturgia olvasm\u00e1nyai\",\"Vas\u00e1rnapi gondolatok\"],\"inLanguage\":\"hu\"},{\"@type\":\"WebPage\",\"@id\":\"https:\\\/\\\/stuttgarti-katolikusok.de\\\/index.php\\\/evkozi-32-vasarnap\\\/\",\"url\":\"https:\\\/\\\/stuttgarti-katolikusok.de\\\/index.php\\\/evkozi-32-vasarnap\\\/\",\"name\":\"\u00c9vk\u00f6zi 32. vas\u00e1rnap - Stuttgarti Katolikusok\",\"isPartOf\":{\"@id\":\"https:\\\/\\\/stuttgarti-katolikusok.de\\\/#website\"},\"primaryImageOfPage\":{\"@id\":\"https:\\\/\\\/stuttgarti-katolikusok.de\\\/index.php\\\/evkozi-32-vasarnap\\\/#primaryimage\"},\"image\":{\"@id\":\"https:\\\/\\\/stuttgarti-katolikusok.de\\\/index.php\\\/evkozi-32-vasarnap\\\/#primaryimage\"},\"thumbnailUrl\":\"https:\\\/\\\/stuttgarti-katolikusok.de\\\/wp-content\\\/uploads\\\/2023\\\/11\\\/whatsapp-kep-2023-11-11-130635-3ca024e6.jpg\",\"datePublished\":\"2023-11-11T12:08:40+00:00\",\"dateModified\":\"2023-11-11T12:19:39+00:00\",\"author\":{\"@id\":\"https:\\\/\\\/stuttgarti-katolikusok.de\\\/#\\\/schema\\\/person\\\/75908d6f8fdc03a57889d27209df7795\"},\"breadcrumb\":{\"@id\":\"https:\\\/\\\/stuttgarti-katolikusok.de\\\/index.php\\\/evkozi-32-vasarnap\\\/#breadcrumb\"},\"inLanguage\":\"hu\",\"potentialAction\":[{\"@type\":\"ReadAction\",\"target\":[\"https:\\\/\\\/stuttgarti-katolikusok.de\\\/index.php\\\/evkozi-32-vasarnap\\\/\"]}]},{\"@type\":\"ImageObject\",\"inLanguage\":\"hu\",\"@id\":\"https:\\\/\\\/stuttgarti-katolikusok.de\\\/index.php\\\/evkozi-32-vasarnap\\\/#primaryimage\",\"url\":\"https:\\\/\\\/stuttgarti-katolikusok.de\\\/wp-content\\\/uploads\\\/2023\\\/11\\\/whatsapp-kep-2023-11-11-130635-3ca024e6.jpg\",\"contentUrl\":\"https:\\\/\\\/stuttgarti-katolikusok.de\\\/wp-content\\\/uploads\\\/2023\\\/11\\\/whatsapp-kep-2023-11-11-130635-3ca024e6.jpg\",\"width\":1080,\"height\":1089},{\"@type\":\"BreadcrumbList\",\"@id\":\"https:\\\/\\\/stuttgarti-katolikusok.de\\\/index.php\\\/evkozi-32-vasarnap\\\/#breadcrumb\",\"itemListElement\":[{\"@type\":\"ListItem\",\"position\":1,\"name\":\"Kezd\u0151lap\",\"item\":\"https:\\\/\\\/stuttgarti-katolikusok.de\\\/\"},{\"@type\":\"ListItem\",\"position\":2,\"name\":\"\u00c9vk\u00f6zi 32. vas\u00e1rnap\"}]},{\"@type\":\"WebSite\",\"@id\":\"https:\\\/\\\/stuttgarti-katolikusok.de\\\/#website\",\"url\":\"https:\\\/\\\/stuttgarti-katolikusok.de\\\/\",\"name\":\"Stuttgarti Katolikusok\",\"description\":\"\",\"potentialAction\":[{\"@type\":\"SearchAction\",\"target\":{\"@type\":\"EntryPoint\",\"urlTemplate\":\"https:\\\/\\\/stuttgarti-katolikusok.de\\\/?s={search_term_string}\"},\"query-input\":{\"@type\":\"PropertyValueSpecification\",\"valueRequired\":true,\"valueName\":\"search_term_string\"}}],\"inLanguage\":\"hu\"},{\"@type\":\"Person\",\"@id\":\"https:\\\/\\\/stuttgarti-katolikusok.de\\\/#\\\/schema\\\/person\\\/75908d6f8fdc03a57889d27209df7795\",\"name\":\"Tibor atya\",\"image\":{\"@type\":\"ImageObject\",\"inLanguage\":\"hu\",\"@id\":\"https:\\\/\\\/secure.gravatar.com\\\/avatar\\\/61d268e57d1f4525b111222e29d2d5a7f8c420fdbf231ba5566a8ceac74fa960?s=96&d=mm&r=g\",\"url\":\"https:\\\/\\\/secure.gravatar.com\\\/avatar\\\/61d268e57d1f4525b111222e29d2d5a7f8c420fdbf231ba5566a8ceac74fa960?s=96&d=mm&r=g\",\"contentUrl\":\"https:\\\/\\\/secure.gravatar.com\\\/avatar\\\/61d268e57d1f4525b111222e29d2d5a7f8c420fdbf231ba5566a8ceac74fa960?s=96&d=mm&r=g\",\"caption\":\"Tibor atya\"},\"url\":\"https:\\\/\\\/stuttgarti-katolikusok.de\\\/index.php\\\/author\\\/tibor-atya\\\/\"}]}<\/script>\n<!-- \/ Yoast SEO plugin. -->","yoast_head_json":{"title":"\u00c9vk\u00f6zi 32. vas\u00e1rnap - Stuttgarti Katolikusok","robots":{"index":"index","follow":"follow","max-snippet":"max-snippet:-1","max-image-preview":"max-image-preview:large","max-video-preview":"max-video-preview:-1"},"canonical":"https:\/\/stuttgarti-katolikusok.de\/index.php\/evkozi-32-vasarnap\/","og_locale":"hu_HU","og_type":"article","og_title":"\u00c9vk\u00f6zi 32. vas\u00e1rnap - Stuttgarti Katolikusok","og_description":"Kezd\u0151\u00e9nek: Im\u00e1ds\u00e1gom jusson sz\u00edned el\u00e9, Uram, hajl\u00edtsd f\u00fcledet k\u00e9r\u00e9semre! (Zsolt 87,3) K\u00f6ny\u00f6rg\u00e9s: Mindenhat\u00f3, irgalmas Isten, kegyelmeddel tarts t\u00e1vol t\u0151l\u00fcnk minden rosszat. Add, hogy minden testi-lelki er\u0151nkkel szolg\u00e1latodra \u00e1lljunk, \u00e9s k\u00e9szs\u00e9gesen teljes\u00edts\u00fck szent akaratodat. A mi Urunk, J\u00e9zus Krisztus, a te Fiad \u00e1ltal, aki veled \u00e9l \u00e9s uralkodik a Szentl\u00e9lekkel egys\u00e9gben, Isten mind\u00f6r\u00f6kk\u00f6n \u00f6r\u00f6kk\u00e9. OLVASM\u00c1NY a B\u00f6lcsess\u00e9g k\u00f6nyv\u00e9b\u0151l (B\u00f6lcs 6,12-16) A b\u00f6lcsess\u00e9gre r\u00e1tal\u00e1lnak, akik keresik. A b\u00f6lcsess\u00e9g ragyog\u00f3 \u00e9s hervadhatatlan, k\u00f6nnyen felismerik, akik szeretik, \u00e9s r\u00e1tal\u00e1lnak, akik keresik. M\u00e1r el\u0151re megmutatkozik azoknak, akik v\u00e1gy\u00f3dnak r\u00e1. Aki kor\u00e1n reggel keresni kezdi, nem kell f\u00e1radnia, mert ajtaj\u00e1n\u00e1l \u00fclve tal\u00e1lja. R\u00f3la elm\u00e9lkedni t\u00f6k\u00e9letes okoss\u00e1g, aki \u00e9rte virraszt, hamar megszabadul a gondt\u00f3l. Hisz maga megy, s megkeresi azokat, akik m\u00e9lt\u00f3k r\u00e1, bar\u00e1ts\u00e1gosan megjelenik nekik az utakon, \u00e9s minden sz\u00e1nd\u00e9kukban tal\u00e1lkozik vel\u00fck. Ez az Isten ig\u00e9je. V\u00c1LASZOS ZSOLT\u00c1R (Zsolt 62,2.3-4.5-6.7-8) V\u00e1lasz:\u00a0Hozz\u00e1d v\u00e1gy\u00f3dik sz\u00edvem, * \u00e9n Uram, Istenem.\u00a07b. t\u00f3nus. El\u0151\u00e9nekes: Uram, Istenem, virrasztva kereslek, * az \u00e9n Istenem te vagy n\u00e9kem. T\u00e9ged szomjaz a lelkem, testem ut\u00e1nad eped, * mint a puszta tikkadt, kiaszott f\u00f6ldje. H\u00edvek: Hozz\u00e1d v\u00e1gy\u00f3dik sz\u00edvem, * \u00e9n Uram, Istenem. E: Szent\u00e9lyedben neked szolg\u00e1ltam, * hogy er\u0151det \u00e9s dics\u0151s\u00e9gedet megl\u00e1thassam. Mert irgalmad t\u00f6bbet \u00e9r, mint az \u00e9let, * ez\u00e9rt ajkam dics\u0151\u00edt t\u00e9ged. H: Hozz\u00e1d v\u00e1gy\u00f3dik sz\u00edvem, * \u00e9n Uram, Istenem. E: Neked mondok \u00e1ld\u00e1st, am\u00edg csak \u00e9lek, * a te nevedben t\u00e1rom im\u00e1ra kezemet. Mint d\u00fas lakom\u00e1val, telj\u00e9k be lelkem, * ajkam ujjong, sz\u00e1m dics\u0151\u00edt t\u00e9ged. H: Hozz\u00e1d v\u00e1gy\u00f3dik sz\u00edvem, * \u00e9n Uram, Istenem. E: M\u00e9g fekv\u0151helyemen is r\u00e1d gondolok, * hajnalig r\u00f3lad elm\u00e9lkedem. Val\u00f3ban te lett\u00e9l v\u00e9delmez\u0151m, * sz\u00e1rnyaid oltalm\u00e1ban \u00f6rvendezem. H: Hozz\u00e1d v\u00e1gy\u00f3dik sz\u00edvem, * \u00e9n Uram, Istenem. SZENTLECKE Szent P\u00e1l apostolnak a tesszaloniki h\u00edvekhez \u00edrt els\u0151 level\u00e9b\u0151l. (1Tessz 4,13-18) Isten felt\u00e1masztja azokat, akik J\u00e9zusban hunytak el. Testv\u00e9reim! Az elhunytak sors\u00e1r\u00f3l nem akarunk t\u00e1j\u00e9kozatlans\u00e1gban hagyni benneteket, hogy ne szomorkodjatok, mint a t\u00f6bbiek,... R\u00e9szletek","og_url":"https:\/\/stuttgarti-katolikusok.de\/index.php\/evkozi-32-vasarnap\/","og_site_name":"Stuttgarti Katolikusok","article_published_time":"2023-11-11T12:08:40+00:00","article_modified_time":"2023-11-11T12:19:39+00:00","og_image":[{"width":1080,"height":1089,"url":"https:\/\/stuttgarti-katolikusok.de\/wp-content\/uploads\/2023\/11\/whatsapp-kep-2023-11-11-130635-3ca024e6.jpg","type":"image\/jpeg"}],"author":"Tibor atya","twitter_card":"summary_large_image","twitter_misc":{"Szerz\u0151:":"Tibor atya","Becs\u00fclt olvas\u00e1si id\u0151":"5 perc"},"schema":{"@context":"https:\/\/schema.org","@graph":[{"@type":"Article","@id":"https:\/\/stuttgarti-katolikusok.de\/index.php\/evkozi-32-vasarnap\/#article","isPartOf":{"@id":"https:\/\/stuttgarti-katolikusok.de\/index.php\/evkozi-32-vasarnap\/"},"author":{"name":"Tibor atya","@id":"https:\/\/stuttgarti-katolikusok.de\/#\/schema\/person\/75908d6f8fdc03a57889d27209df7795"},"headline":"\u00c9vk\u00f6zi 32. vas\u00e1rnap","datePublished":"2023-11-11T12:08:40+00:00","dateModified":"2023-11-11T12:19:39+00:00","mainEntityOfPage":{"@id":"https:\/\/stuttgarti-katolikusok.de\/index.php\/evkozi-32-vasarnap\/"},"wordCount":1239,"image":{"@id":"https:\/\/stuttgarti-katolikusok.de\/index.php\/evkozi-32-vasarnap\/#primaryimage"},"thumbnailUrl":"https:\/\/stuttgarti-katolikusok.de\/wp-content\/uploads\/2023\/11\/whatsapp-kep-2023-11-11-130635-3ca024e6.jpg","articleSection":["A liturgia olvasm\u00e1nyai","Vas\u00e1rnapi gondolatok"],"inLanguage":"hu"},{"@type":"WebPage","@id":"https:\/\/stuttgarti-katolikusok.de\/index.php\/evkozi-32-vasarnap\/","url":"https:\/\/stuttgarti-katolikusok.de\/index.php\/evkozi-32-vasarnap\/","name":"\u00c9vk\u00f6zi 32. vas\u00e1rnap - Stuttgarti Katolikusok","isPartOf":{"@id":"https:\/\/stuttgarti-katolikusok.de\/#website"},"primaryImageOfPage":{"@id":"https:\/\/stuttgarti-katolikusok.de\/index.php\/evkozi-32-vasarnap\/#primaryimage"},"image":{"@id":"https:\/\/stuttgarti-katolikusok.de\/index.php\/evkozi-32-vasarnap\/#primaryimage"},"thumbnailUrl":"https:\/\/stuttgarti-katolikusok.de\/wp-content\/uploads\/2023\/11\/whatsapp-kep-2023-11-11-130635-3ca024e6.jpg","datePublished":"2023-11-11T12:08:40+00:00","dateModified":"2023-11-11T12:19:39+00:00","author":{"@id":"https:\/\/stuttgarti-katolikusok.de\/#\/schema\/person\/75908d6f8fdc03a57889d27209df7795"},"breadcrumb":{"@id":"https:\/\/stuttgarti-katolikusok.de\/index.php\/evkozi-32-vasarnap\/#breadcrumb"},"inLanguage":"hu","potentialAction":[{"@type":"ReadAction","target":["https:\/\/stuttgarti-katolikusok.de\/index.php\/evkozi-32-vasarnap\/"]}]},{"@type":"ImageObject","inLanguage":"hu","@id":"https:\/\/stuttgarti-katolikusok.de\/index.php\/evkozi-32-vasarnap\/#primaryimage","url":"https:\/\/stuttgarti-katolikusok.de\/wp-content\/uploads\/2023\/11\/whatsapp-kep-2023-11-11-130635-3ca024e6.jpg","contentUrl":"https:\/\/stuttgarti-katolikusok.de\/wp-content\/uploads\/2023\/11\/whatsapp-kep-2023-11-11-130635-3ca024e6.jpg","width":1080,"height":1089},{"@type":"BreadcrumbList","@id":"https:\/\/stuttgarti-katolikusok.de\/index.php\/evkozi-32-vasarnap\/#breadcrumb","itemListElement":[{"@type":"ListItem","position":1,"name":"Kezd\u0151lap","item":"https:\/\/stuttgarti-katolikusok.de\/"},{"@type":"ListItem","position":2,"name":"\u00c9vk\u00f6zi 32. vas\u00e1rnap"}]},{"@type":"WebSite","@id":"https:\/\/stuttgarti-katolikusok.de\/#website","url":"https:\/\/stuttgarti-katolikusok.de\/","name":"Stuttgarti Katolikusok","description":"","potentialAction":[{"@type":"SearchAction","target":{"@type":"EntryPoint","urlTemplate":"https:\/\/stuttgarti-katolikusok.de\/?s={search_term_string}"},"query-input":{"@type":"PropertyValueSpecification","valueRequired":true,"valueName":"search_term_string"}}],"inLanguage":"hu"},{"@type":"Person","@id":"https:\/\/stuttgarti-katolikusok.de\/#\/schema\/person\/75908d6f8fdc03a57889d27209df7795","name":"Tibor atya","image":{"@type":"ImageObject","inLanguage":"hu","@id":"https:\/\/secure.gravatar.com\/avatar\/61d268e57d1f4525b111222e29d2d5a7f8c420fdbf231ba5566a8ceac74fa960?s=96&d=mm&r=g","url":"https:\/\/secure.gravatar.com\/avatar\/61d268e57d1f4525b111222e29d2d5a7f8c420fdbf231ba5566a8ceac74fa960?s=96&d=mm&r=g","contentUrl":"https:\/\/secure.gravatar.com\/avatar\/61d268e57d1f4525b111222e29d2d5a7f8c420fdbf231ba5566a8ceac74fa960?s=96&d=mm&r=g","caption":"Tibor atya"},"url":"https:\/\/stuttgarti-katolikusok.de\/index.php\/author\/tibor-atya\/"}]}},"_links":{"self":[{"href":"https:\/\/stuttgarti-katolikusok.de\/index.php\/wp-json\/wp\/v2\/posts\/27453","targetHints":{"allow":["GET"]}}],"collection":[{"href":"https:\/\/stuttgarti-katolikusok.de\/index.php\/wp-json\/wp\/v2\/posts"}],"about":[{"href":"https:\/\/stuttgarti-katolikusok.de\/index.php\/wp-json\/wp\/v2\/types\/post"}],"author":[{"embeddable":true,"href":"https:\/\/stuttgarti-katolikusok.de\/index.php\/wp-json\/wp\/v2\/users\/3"}],"replies":[{"embeddable":true,"href":"https:\/\/stuttgarti-katolikusok.de\/index.php\/wp-json\/wp\/v2\/comments?post=27453"}],"version-history":[{"count":3,"href":"https:\/\/stuttgarti-katolikusok.de\/index.php\/wp-json\/wp\/v2\/posts\/27453\/revisions"}],"predecessor-version":[{"id":27457,"href":"https:\/\/stuttgarti-katolikusok.de\/index.php\/wp-json\/wp\/v2\/posts\/27453\/revisions\/27457"}],"wp:featuredmedia":[{"embeddable":true,"href":"https:\/\/stuttgarti-katolikusok.de\/index.php\/wp-json\/wp\/v2\/media\/27454"}],"wp:attachment":[{"href":"https:\/\/stuttgarti-katolikusok.de\/index.php\/wp-json\/wp\/v2\/media?parent=27453"}],"wp:term":[{"taxonomy":"category","embeddable":true,"href":"https:\/\/stuttgarti-katolikusok.de\/index.php\/wp-json\/wp\/v2\/categories?post=27453"},{"taxonomy":"post_tag","embeddable":true,"href":"https:\/\/stuttgarti-katolikusok.de\/index.php\/wp-json\/wp\/v2\/tags?post=27453"}],"curies":[{"name":"wp","href":"https:\/\/api.w.org\/{rel}","templated":true}]}}