{"id":27415,"date":"2023-11-07T01:02:59","date_gmt":"2023-11-07T00:02:59","guid":{"rendered":"https:\/\/stuttgarti-katolikusok.de\/?p=27415"},"modified":"2023-11-07T01:02:59","modified_gmt":"2023-11-07T00:02:59","slug":"2023-november-6-es-12-kozott","status":"publish","type":"post","link":"https:\/\/stuttgarti-katolikusok.de\/index.php\/2023-november-6-es-12-kozott\/","title":{"rendered":"2023 NOVEMBER 6 \u00c9S 12 K\u00d6Z\u00d6TT"},"content":{"rendered":"<p><span style=\"color: #ff6600;\"><strong>Programel\u0151zetes<\/strong><\/span><\/p>\n<p style=\"text-align: center;\"><strong><span style=\"color: #ff6600;\">*<\/span><\/strong><\/p>\n<p><strong>November 10-\u00e9n,<\/strong>\u00a0p\u00e9nteken, <strong>Stuttgarti d\u00e9lut\u00e1n<\/strong>, 18.00 \u00f3rakor\u00a0<em>szentmise, <\/em>keret\u00e9ben<em> Besz\u00e9lget\u00e9sek a Katekizmusr\u00f3l. <\/em><\/p>\n<p style=\"text-align: center;\"><span style=\"color: #ff6600;\"><strong>*<\/strong><\/span><\/p>\n<p><strong>November 11-\u00e9n<\/strong><em><strong>,<\/strong><\/em> szombaton<em>, <\/em><strong><em>Biberachban <\/em><\/strong>16.45 \u00f3rakor<em> szentmise, <\/em><em>ut\u00e1na <\/em><em>agap\u00e9.<\/em><\/p>\n<p style=\"text-align: center;\"><strong><span style=\"color: #ff6600;\"><em>\u00a0<\/em>*<\/span><\/strong><\/p>\n<p><strong>November 12-\u00e9n<\/strong><em>, <span style=\"color: #339966;\"><strong>\u00c9vk\u00f6zi 32. vas\u00e1rnap<\/strong><\/span>,<\/em><\/p>\n<p><em><strong>Weingartenben <\/strong><\/em>10.00 \u00f3rakor<em> szentmise <\/em><em>a 14 Nothelfer Kapelle-ben<\/em><em>. <\/em><em>\u00a0Az <\/em><em>agap\u00e9 <\/em><em>ez alkalommal elmarad!!!<\/em><\/p>\n<p><em><strong>Ulmban <\/strong><\/em>15.00 \u00f3rakor<em> szentmise, <\/em><em>ut\u00e1na <\/em><em>agap\u00e9. <\/em><em>Erre a szentmis\u00e9re v\u00e1rjuk nem csup\u00e1n az Ulmban \u00e9s k\u00f6rny\u00e9k\u00e9n \u00e9l\u0151 h\u00edveket, hanem mindazokat, akik el tudnak j\u00f6nni a r\u00e9szegyh\u00e1zk\u00f6zs\u00e9gekb\u0151l. Ugyanis Egyh\u00e1zmegy\u00e9nk szervez\u00e9s\u00e9ben <\/em><em><strong>Kapellengespr<\/strong><\/em><em><strong>\u00e4<\/strong><\/em><em><strong>che <\/strong><\/em><em>podcast besz\u00e9lget\u00e9sre<\/em><em> ker\u00fcl sor. Alkalom ez sz\u00e1munkra, hogy h\u00edrt adjunk arr\u00f3l, hogyan is \u00e9l\u00fcnk itt, a Rottenburg-Stuttgart Egyh\u00e1zmegy\u00e9ben, mi\u00e9rt is fontos sz\u00e1munkra hit\u00fcnk kincseinek anyanyelv\u00fcnk\u00f6n t\u00f6rt\u00e9n\u0151 \u00e1pol\u00e1sa.<\/em><\/p>\n<p style=\"text-align: center;\"><span style=\"color: #ff6600;\"><strong>*<\/strong><\/span><\/p>\n<p>Minden helyen mindenkit szeretettel v\u00e1r a k\u00f6z\u00f6ss\u00e9g \u00e9s Tibor atya!<\/p>\n<p><span style=\"color: #ff6600;\"><em><strong>Bens\u0151s\u00e9ges \u0151szi napokat, j\u00f3 munk\u00e1t, tartalmas besz\u00e9lget\u00e9seket \u00e9s \u00f6r\u00f6mteli tal\u00e1lkoz\u00e1sokat k\u00edv\u00e1nunk minden Kedves H\u00edv\u00fcnknek!<\/strong><\/em><\/span><\/p>\n<p style=\"text-align: center;\"><span style=\"color: #ff6600;\"><strong>*<\/strong><\/span><\/p>\n<p><a href=\"https:\/\/stuttgarti-katolikusok.de\/wp-content\/uploads\/2021\/11\/250551142-3069853013252505-7342526171911996296-n.jpg\"><img loading=\"lazy\" decoding=\"async\" class=\"alignnone size-full wp-image-22460\" src=\"https:\/\/stuttgarti-katolikusok.de\/wp-content\/uploads\/2021\/11\/250551142-3069853013252505-7342526171911996296-n.jpg\" alt=\"\" width=\"1440\" height=\"1800\" srcset=\"https:\/\/stuttgarti-katolikusok.de\/wp-content\/uploads\/2021\/11\/250551142-3069853013252505-7342526171911996296-n.jpg 1440w, https:\/\/stuttgarti-katolikusok.de\/wp-content\/uploads\/2021\/11\/250551142-3069853013252505-7342526171911996296-n-240x300.jpg 240w, https:\/\/stuttgarti-katolikusok.de\/wp-content\/uploads\/2021\/11\/250551142-3069853013252505-7342526171911996296-n-819x1024.jpg 819w, https:\/\/stuttgarti-katolikusok.de\/wp-content\/uploads\/2021\/11\/250551142-3069853013252505-7342526171911996296-n-1229x1536.jpg 1229w\" sizes=\"auto, (max-width: 1440px) 100vw, 1440px\" \/><\/a><\/p>\n<p><em>(K\u00e9p forr\u00e1sa: Lovas Istv\u00e1n)<\/em><\/p>\n<p style=\"text-align: center;\"><span style=\"color: #ff6600;\"><strong>*<\/strong><\/span><\/p>\n<p><span style=\"color: #ff6600;\"><em><strong>\u201eKi-ki maga felel\u0151s az\u00e9rt, hogy a saj\u00e1t \u00e9let\u00e9t \u00e9lje \u00e9s \u00f6nmag\u00e1t megtal\u00e1lja. Ha ezt a felel\u0151ss\u00e9get m\u00e1sra igyekszik \u00e1th\u00e1r\u00edtani, akkor nem fogja megtal\u00e1lni saj\u00e1t l\u00e9t\u00e9nek \u00e9rtelm\u00e9t.\u201d<\/strong><\/em><\/span> <em>(Thomas Merton \u2013 1915-1968 \u2013 trappista szerzetes, lelkis\u00e9gi \u00edr\u00f3, k\u00f6lt\u0151)<\/em><\/p>\n<p><em>(Nyit\u00f3k\u00e9p forr\u00e1sa: Instagram)<\/em><\/p>\n","protected":false},"excerpt":{"rendered":"<p>Programel\u0151zetes * November 10-\u00e9n,\u00a0p\u00e9nteken, Stuttgarti d\u00e9lut\u00e1n, 18.00 \u00f3rakor\u00a0szentmise, keret\u00e9ben Besz\u00e9lget\u00e9sek a Katekizmusr\u00f3l. * November 11-\u00e9n, szombaton, Biberachban 16.45 \u00f3rakor szentmise, ut\u00e1na agap\u00e9. \u00a0* November 12-\u00e9n, \u00c9vk\u00f6zi 32. vas\u00e1rnap, Weingartenben 10.00 \u00f3rakor szentmise a 14 Nothelfer Kapelle-ben. \u00a0Az agap\u00e9 ez alkalommal elmarad!!! Ulmban 15.00 \u00f3rakor szentmise, ut\u00e1na agap\u00e9. Erre a szentmis\u00e9re v\u00e1rjuk nem csup\u00e1n az Ulmban \u00e9s k\u00f6rny\u00e9k\u00e9n \u00e9l\u0151 h\u00edveket, hanem mindazokat, akik el tudnak j\u00f6nni a r\u00e9szegyh\u00e1zk\u00f6zs\u00e9gekb\u0151l. Ugyanis Egyh\u00e1zmegy\u00e9nk szervez\u00e9s\u00e9ben Kapellengespr\u00e4che podcast besz\u00e9lget\u00e9sre ker\u00fcl sor. Alkalom ez sz\u00e1munkra, hogy h\u00edrt adjunk arr\u00f3l, hogyan is \u00e9l\u00fcnk itt, a Rottenburg-Stuttgart Egyh\u00e1zmegy\u00e9ben, mi\u00e9rt is fontos sz\u00e1munkra hit\u00fcnk kincseinek anyanyelv\u00fcnk\u00f6n t\u00f6rt\u00e9n\u0151 \u00e1pol\u00e1sa. * Minden helyen mindenkit szeretettel v\u00e1r a k\u00f6z\u00f6ss\u00e9g \u00e9s Tibor atya! Bens\u0151s\u00e9ges \u0151szi napokat, j\u00f3 munk\u00e1t, tartalmas besz\u00e9lget\u00e9seket \u00e9s \u00f6r\u00f6mteli tal\u00e1lkoz\u00e1sokat k\u00edv\u00e1nunk minden Kedves H\u00edv\u00fcnknek! * (K\u00e9p forr\u00e1sa: Lovas Istv\u00e1n) * \u201eKi-ki maga felel\u0151s az\u00e9rt, hogy a saj\u00e1t \u00e9let\u00e9t \u00e9lje \u00e9s \u00f6nmag\u00e1t megtal\u00e1lja. Ha ezt a felel\u0151ss\u00e9get m\u00e1sra igyekszik \u00e1th\u00e1r\u00edtani, akkor nem fogja megtal\u00e1lni saj\u00e1t l\u00e9t\u00e9nek \u00e9rtelm\u00e9t.\u201d (Thomas Merton \u2013 1915-1968 \u2013 trappista szerzetes, lelkis\u00e9gi \u00edr\u00f3, k\u00f6lt\u0151) (Nyit\u00f3k\u00e9p forr\u00e1sa: Instagram)<\/p>\n","protected":false},"author":3,"featured_media":27416,"comment_status":"closed","ping_status":"closed","sticky":false,"template":"","format":"standard","meta":{"footnotes":""},"categories":[37],"tags":[],"class_list":["post-27415","post","type-post","status-publish","format-standard","has-post-thumbnail","hentry","category-progamelozetes"],"yoast_head":"<!-- This site is optimized with the Yoast SEO plugin v27.3 - https:\/\/yoast.com\/product\/yoast-seo-wordpress\/ -->\n<title>2023 NOVEMBER 6 \u00c9S 12 K\u00d6Z\u00d6TT - Stuttgarti Katolikusok<\/title>\n<meta name=\"robots\" content=\"index, follow, max-snippet:-1, max-image-preview:large, max-video-preview:-1\" \/>\n<link rel=\"canonical\" href=\"https:\/\/stuttgarti-katolikusok.de\/index.php\/2023-november-6-es-12-kozott\/\" \/>\n<meta property=\"og:locale\" content=\"hu_HU\" \/>\n<meta property=\"og:type\" content=\"article\" \/>\n<meta property=\"og:title\" content=\"2023 NOVEMBER 6 \u00c9S 12 K\u00d6Z\u00d6TT - Stuttgarti Katolikusok\" \/>\n<meta property=\"og:description\" content=\"Programel\u0151zetes * November 10-\u00e9n,\u00a0p\u00e9nteken, Stuttgarti d\u00e9lut\u00e1n, 18.00 \u00f3rakor\u00a0szentmise, keret\u00e9ben Besz\u00e9lget\u00e9sek a Katekizmusr\u00f3l. * November 11-\u00e9n, szombaton, Biberachban 16.45 \u00f3rakor szentmise, ut\u00e1na agap\u00e9. \u00a0* November 12-\u00e9n, \u00c9vk\u00f6zi 32. vas\u00e1rnap, Weingartenben 10.00 \u00f3rakor szentmise a 14 Nothelfer Kapelle-ben. \u00a0Az agap\u00e9 ez alkalommal elmarad!!! Ulmban 15.00 \u00f3rakor szentmise, ut\u00e1na agap\u00e9. Erre a szentmis\u00e9re v\u00e1rjuk nem csup\u00e1n az Ulmban \u00e9s k\u00f6rny\u00e9k\u00e9n \u00e9l\u0151 h\u00edveket, hanem mindazokat, akik el tudnak j\u00f6nni a r\u00e9szegyh\u00e1zk\u00f6zs\u00e9gekb\u0151l. Ugyanis Egyh\u00e1zmegy\u00e9nk szervez\u00e9s\u00e9ben Kapellengespr\u00e4che podcast besz\u00e9lget\u00e9sre ker\u00fcl sor. Alkalom ez sz\u00e1munkra, hogy h\u00edrt adjunk arr\u00f3l, hogyan is \u00e9l\u00fcnk itt, a Rottenburg-Stuttgart Egyh\u00e1zmegy\u00e9ben, mi\u00e9rt is fontos sz\u00e1munkra hit\u00fcnk kincseinek anyanyelv\u00fcnk\u00f6n t\u00f6rt\u00e9n\u0151 \u00e1pol\u00e1sa. * Minden helyen mindenkit szeretettel v\u00e1r a k\u00f6z\u00f6ss\u00e9g \u00e9s Tibor atya! Bens\u0151s\u00e9ges \u0151szi napokat, j\u00f3 munk\u00e1t, tartalmas besz\u00e9lget\u00e9seket \u00e9s \u00f6r\u00f6mteli tal\u00e1lkoz\u00e1sokat k\u00edv\u00e1nunk minden Kedves H\u00edv\u00fcnknek! * (K\u00e9p forr\u00e1sa: Lovas Istv\u00e1n) * \u201eKi-ki maga felel\u0151s az\u00e9rt, hogy a saj\u00e1t \u00e9let\u00e9t \u00e9lje \u00e9s \u00f6nmag\u00e1t megtal\u00e1lja. Ha ezt a felel\u0151ss\u00e9get m\u00e1sra igyekszik \u00e1th\u00e1r\u00edtani, akkor nem fogja megtal\u00e1lni saj\u00e1t l\u00e9t\u00e9nek \u00e9rtelm\u00e9t.\u201d (Thomas Merton \u2013 1915-1968 \u2013 trappista szerzetes, lelkis\u00e9gi \u00edr\u00f3, k\u00f6lt\u0151) (Nyit\u00f3k\u00e9p forr\u00e1sa: Instagram)\" \/>\n<meta property=\"og:url\" content=\"https:\/\/stuttgarti-katolikusok.de\/index.php\/2023-november-6-es-12-kozott\/\" \/>\n<meta property=\"og:site_name\" content=\"Stuttgarti Katolikusok\" \/>\n<meta property=\"article:published_time\" content=\"2023-11-07T00:02:59+00:00\" \/>\n<meta property=\"og:image\" content=\"https:\/\/stuttgarti-katolikusok.de\/wp-content\/uploads\/2023\/11\/whatsapp-kep-2023-11-07-005828-fcb0a00c.jpg\" \/>\n\t<meta property=\"og:image:width\" content=\"1080\" \/>\n\t<meta property=\"og:image:height\" content=\"1097\" \/>\n\t<meta property=\"og:image:type\" content=\"image\/jpeg\" \/>\n<meta name=\"author\" content=\"Tibor atya\" \/>\n<meta name=\"twitter:card\" content=\"summary_large_image\" \/>\n<meta name=\"twitter:label1\" content=\"Szerz\u0151:\" \/>\n\t<meta name=\"twitter:data1\" content=\"Tibor atya\" \/>\n\t<meta name=\"twitter:label2\" content=\"Becs\u00fclt olvas\u00e1si id\u0151\" \/>\n\t<meta name=\"twitter:data2\" content=\"2 perc\" \/>\n<script type=\"application\/ld+json\" class=\"yoast-schema-graph\">{\"@context\":\"https:\\\/\\\/schema.org\",\"@graph\":[{\"@type\":\"Article\",\"@id\":\"https:\\\/\\\/stuttgarti-katolikusok.de\\\/index.php\\\/2023-november-6-es-12-kozott\\\/#article\",\"isPartOf\":{\"@id\":\"https:\\\/\\\/stuttgarti-katolikusok.de\\\/index.php\\\/2023-november-6-es-12-kozott\\\/\"},\"author\":{\"name\":\"Tibor atya\",\"@id\":\"https:\\\/\\\/stuttgarti-katolikusok.de\\\/#\\\/schema\\\/person\\\/75908d6f8fdc03a57889d27209df7795\"},\"headline\":\"2023 NOVEMBER 6 \u00c9S 12 K\u00d6Z\u00d6TT\",\"datePublished\":\"2023-11-07T00:02:59+00:00\",\"mainEntityOfPage\":{\"@id\":\"https:\\\/\\\/stuttgarti-katolikusok.de\\\/index.php\\\/2023-november-6-es-12-kozott\\\/\"},\"wordCount\":251,\"image\":{\"@id\":\"https:\\\/\\\/stuttgarti-katolikusok.de\\\/index.php\\\/2023-november-6-es-12-kozott\\\/#primaryimage\"},\"thumbnailUrl\":\"https:\\\/\\\/stuttgarti-katolikusok.de\\\/wp-content\\\/uploads\\\/2023\\\/11\\\/whatsapp-kep-2023-11-07-005828-fcb0a00c.jpg\",\"articleSection\":[\"Progamel\u0151zetes\"],\"inLanguage\":\"hu\"},{\"@type\":\"WebPage\",\"@id\":\"https:\\\/\\\/stuttgarti-katolikusok.de\\\/index.php\\\/2023-november-6-es-12-kozott\\\/\",\"url\":\"https:\\\/\\\/stuttgarti-katolikusok.de\\\/index.php\\\/2023-november-6-es-12-kozott\\\/\",\"name\":\"2023 NOVEMBER 6 \u00c9S 12 K\u00d6Z\u00d6TT - Stuttgarti Katolikusok\",\"isPartOf\":{\"@id\":\"https:\\\/\\\/stuttgarti-katolikusok.de\\\/#website\"},\"primaryImageOfPage\":{\"@id\":\"https:\\\/\\\/stuttgarti-katolikusok.de\\\/index.php\\\/2023-november-6-es-12-kozott\\\/#primaryimage\"},\"image\":{\"@id\":\"https:\\\/\\\/stuttgarti-katolikusok.de\\\/index.php\\\/2023-november-6-es-12-kozott\\\/#primaryimage\"},\"thumbnailUrl\":\"https:\\\/\\\/stuttgarti-katolikusok.de\\\/wp-content\\\/uploads\\\/2023\\\/11\\\/whatsapp-kep-2023-11-07-005828-fcb0a00c.jpg\",\"datePublished\":\"2023-11-07T00:02:59+00:00\",\"author\":{\"@id\":\"https:\\\/\\\/stuttgarti-katolikusok.de\\\/#\\\/schema\\\/person\\\/75908d6f8fdc03a57889d27209df7795\"},\"breadcrumb\":{\"@id\":\"https:\\\/\\\/stuttgarti-katolikusok.de\\\/index.php\\\/2023-november-6-es-12-kozott\\\/#breadcrumb\"},\"inLanguage\":\"hu\",\"potentialAction\":[{\"@type\":\"ReadAction\",\"target\":[\"https:\\\/\\\/stuttgarti-katolikusok.de\\\/index.php\\\/2023-november-6-es-12-kozott\\\/\"]}]},{\"@type\":\"ImageObject\",\"inLanguage\":\"hu\",\"@id\":\"https:\\\/\\\/stuttgarti-katolikusok.de\\\/index.php\\\/2023-november-6-es-12-kozott\\\/#primaryimage\",\"url\":\"https:\\\/\\\/stuttgarti-katolikusok.de\\\/wp-content\\\/uploads\\\/2023\\\/11\\\/whatsapp-kep-2023-11-07-005828-fcb0a00c.jpg\",\"contentUrl\":\"https:\\\/\\\/stuttgarti-katolikusok.de\\\/wp-content\\\/uploads\\\/2023\\\/11\\\/whatsapp-kep-2023-11-07-005828-fcb0a00c.jpg\",\"width\":1080,\"height\":1097},{\"@type\":\"BreadcrumbList\",\"@id\":\"https:\\\/\\\/stuttgarti-katolikusok.de\\\/index.php\\\/2023-november-6-es-12-kozott\\\/#breadcrumb\",\"itemListElement\":[{\"@type\":\"ListItem\",\"position\":1,\"name\":\"Kezd\u0151lap\",\"item\":\"https:\\\/\\\/stuttgarti-katolikusok.de\\\/\"},{\"@type\":\"ListItem\",\"position\":2,\"name\":\"2023 NOVEMBER 6 \u00c9S 12 K\u00d6Z\u00d6TT\"}]},{\"@type\":\"WebSite\",\"@id\":\"https:\\\/\\\/stuttgarti-katolikusok.de\\\/#website\",\"url\":\"https:\\\/\\\/stuttgarti-katolikusok.de\\\/\",\"name\":\"Stuttgarti Katolikusok\",\"description\":\"\",\"potentialAction\":[{\"@type\":\"SearchAction\",\"target\":{\"@type\":\"EntryPoint\",\"urlTemplate\":\"https:\\\/\\\/stuttgarti-katolikusok.de\\\/?s={search_term_string}\"},\"query-input\":{\"@type\":\"PropertyValueSpecification\",\"valueRequired\":true,\"valueName\":\"search_term_string\"}}],\"inLanguage\":\"hu\"},{\"@type\":\"Person\",\"@id\":\"https:\\\/\\\/stuttgarti-katolikusok.de\\\/#\\\/schema\\\/person\\\/75908d6f8fdc03a57889d27209df7795\",\"name\":\"Tibor atya\",\"image\":{\"@type\":\"ImageObject\",\"inLanguage\":\"hu\",\"@id\":\"https:\\\/\\\/secure.gravatar.com\\\/avatar\\\/61d268e57d1f4525b111222e29d2d5a7f8c420fdbf231ba5566a8ceac74fa960?s=96&d=mm&r=g\",\"url\":\"https:\\\/\\\/secure.gravatar.com\\\/avatar\\\/61d268e57d1f4525b111222e29d2d5a7f8c420fdbf231ba5566a8ceac74fa960?s=96&d=mm&r=g\",\"contentUrl\":\"https:\\\/\\\/secure.gravatar.com\\\/avatar\\\/61d268e57d1f4525b111222e29d2d5a7f8c420fdbf231ba5566a8ceac74fa960?s=96&d=mm&r=g\",\"caption\":\"Tibor atya\"},\"url\":\"https:\\\/\\\/stuttgarti-katolikusok.de\\\/index.php\\\/author\\\/tibor-atya\\\/\"}]}<\/script>\n<!-- \/ Yoast SEO plugin. -->","yoast_head_json":{"title":"2023 NOVEMBER 6 \u00c9S 12 K\u00d6Z\u00d6TT - Stuttgarti Katolikusok","robots":{"index":"index","follow":"follow","max-snippet":"max-snippet:-1","max-image-preview":"max-image-preview:large","max-video-preview":"max-video-preview:-1"},"canonical":"https:\/\/stuttgarti-katolikusok.de\/index.php\/2023-november-6-es-12-kozott\/","og_locale":"hu_HU","og_type":"article","og_title":"2023 NOVEMBER 6 \u00c9S 12 K\u00d6Z\u00d6TT - Stuttgarti Katolikusok","og_description":"Programel\u0151zetes * November 10-\u00e9n,\u00a0p\u00e9nteken, Stuttgarti d\u00e9lut\u00e1n, 18.00 \u00f3rakor\u00a0szentmise, keret\u00e9ben Besz\u00e9lget\u00e9sek a Katekizmusr\u00f3l. * November 11-\u00e9n, szombaton, Biberachban 16.45 \u00f3rakor szentmise, ut\u00e1na agap\u00e9. \u00a0* November 12-\u00e9n, \u00c9vk\u00f6zi 32. vas\u00e1rnap, Weingartenben 10.00 \u00f3rakor szentmise a 14 Nothelfer Kapelle-ben. \u00a0Az agap\u00e9 ez alkalommal elmarad!!! Ulmban 15.00 \u00f3rakor szentmise, ut\u00e1na agap\u00e9. Erre a szentmis\u00e9re v\u00e1rjuk nem csup\u00e1n az Ulmban \u00e9s k\u00f6rny\u00e9k\u00e9n \u00e9l\u0151 h\u00edveket, hanem mindazokat, akik el tudnak j\u00f6nni a r\u00e9szegyh\u00e1zk\u00f6zs\u00e9gekb\u0151l. Ugyanis Egyh\u00e1zmegy\u00e9nk szervez\u00e9s\u00e9ben Kapellengespr\u00e4che podcast besz\u00e9lget\u00e9sre ker\u00fcl sor. Alkalom ez sz\u00e1munkra, hogy h\u00edrt adjunk arr\u00f3l, hogyan is \u00e9l\u00fcnk itt, a Rottenburg-Stuttgart Egyh\u00e1zmegy\u00e9ben, mi\u00e9rt is fontos sz\u00e1munkra hit\u00fcnk kincseinek anyanyelv\u00fcnk\u00f6n t\u00f6rt\u00e9n\u0151 \u00e1pol\u00e1sa. * Minden helyen mindenkit szeretettel v\u00e1r a k\u00f6z\u00f6ss\u00e9g \u00e9s Tibor atya! Bens\u0151s\u00e9ges \u0151szi napokat, j\u00f3 munk\u00e1t, tartalmas besz\u00e9lget\u00e9seket \u00e9s \u00f6r\u00f6mteli tal\u00e1lkoz\u00e1sokat k\u00edv\u00e1nunk minden Kedves H\u00edv\u00fcnknek! * (K\u00e9p forr\u00e1sa: Lovas Istv\u00e1n) * \u201eKi-ki maga felel\u0151s az\u00e9rt, hogy a saj\u00e1t \u00e9let\u00e9t \u00e9lje \u00e9s \u00f6nmag\u00e1t megtal\u00e1lja. Ha ezt a felel\u0151ss\u00e9get m\u00e1sra igyekszik \u00e1th\u00e1r\u00edtani, akkor nem fogja megtal\u00e1lni saj\u00e1t l\u00e9t\u00e9nek \u00e9rtelm\u00e9t.\u201d (Thomas Merton \u2013 1915-1968 \u2013 trappista szerzetes, lelkis\u00e9gi \u00edr\u00f3, k\u00f6lt\u0151) (Nyit\u00f3k\u00e9p forr\u00e1sa: Instagram)","og_url":"https:\/\/stuttgarti-katolikusok.de\/index.php\/2023-november-6-es-12-kozott\/","og_site_name":"Stuttgarti Katolikusok","article_published_time":"2023-11-07T00:02:59+00:00","og_image":[{"width":1080,"height":1097,"url":"https:\/\/stuttgarti-katolikusok.de\/wp-content\/uploads\/2023\/11\/whatsapp-kep-2023-11-07-005828-fcb0a00c.jpg","type":"image\/jpeg"}],"author":"Tibor atya","twitter_card":"summary_large_image","twitter_misc":{"Szerz\u0151:":"Tibor atya","Becs\u00fclt olvas\u00e1si id\u0151":"2 perc"},"schema":{"@context":"https:\/\/schema.org","@graph":[{"@type":"Article","@id":"https:\/\/stuttgarti-katolikusok.de\/index.php\/2023-november-6-es-12-kozott\/#article","isPartOf":{"@id":"https:\/\/stuttgarti-katolikusok.de\/index.php\/2023-november-6-es-12-kozott\/"},"author":{"name":"Tibor atya","@id":"https:\/\/stuttgarti-katolikusok.de\/#\/schema\/person\/75908d6f8fdc03a57889d27209df7795"},"headline":"2023 NOVEMBER 6 \u00c9S 12 K\u00d6Z\u00d6TT","datePublished":"2023-11-07T00:02:59+00:00","mainEntityOfPage":{"@id":"https:\/\/stuttgarti-katolikusok.de\/index.php\/2023-november-6-es-12-kozott\/"},"wordCount":251,"image":{"@id":"https:\/\/stuttgarti-katolikusok.de\/index.php\/2023-november-6-es-12-kozott\/#primaryimage"},"thumbnailUrl":"https:\/\/stuttgarti-katolikusok.de\/wp-content\/uploads\/2023\/11\/whatsapp-kep-2023-11-07-005828-fcb0a00c.jpg","articleSection":["Progamel\u0151zetes"],"inLanguage":"hu"},{"@type":"WebPage","@id":"https:\/\/stuttgarti-katolikusok.de\/index.php\/2023-november-6-es-12-kozott\/","url":"https:\/\/stuttgarti-katolikusok.de\/index.php\/2023-november-6-es-12-kozott\/","name":"2023 NOVEMBER 6 \u00c9S 12 K\u00d6Z\u00d6TT - Stuttgarti Katolikusok","isPartOf":{"@id":"https:\/\/stuttgarti-katolikusok.de\/#website"},"primaryImageOfPage":{"@id":"https:\/\/stuttgarti-katolikusok.de\/index.php\/2023-november-6-es-12-kozott\/#primaryimage"},"image":{"@id":"https:\/\/stuttgarti-katolikusok.de\/index.php\/2023-november-6-es-12-kozott\/#primaryimage"},"thumbnailUrl":"https:\/\/stuttgarti-katolikusok.de\/wp-content\/uploads\/2023\/11\/whatsapp-kep-2023-11-07-005828-fcb0a00c.jpg","datePublished":"2023-11-07T00:02:59+00:00","author":{"@id":"https:\/\/stuttgarti-katolikusok.de\/#\/schema\/person\/75908d6f8fdc03a57889d27209df7795"},"breadcrumb":{"@id":"https:\/\/stuttgarti-katolikusok.de\/index.php\/2023-november-6-es-12-kozott\/#breadcrumb"},"inLanguage":"hu","potentialAction":[{"@type":"ReadAction","target":["https:\/\/stuttgarti-katolikusok.de\/index.php\/2023-november-6-es-12-kozott\/"]}]},{"@type":"ImageObject","inLanguage":"hu","@id":"https:\/\/stuttgarti-katolikusok.de\/index.php\/2023-november-6-es-12-kozott\/#primaryimage","url":"https:\/\/stuttgarti-katolikusok.de\/wp-content\/uploads\/2023\/11\/whatsapp-kep-2023-11-07-005828-fcb0a00c.jpg","contentUrl":"https:\/\/stuttgarti-katolikusok.de\/wp-content\/uploads\/2023\/11\/whatsapp-kep-2023-11-07-005828-fcb0a00c.jpg","width":1080,"height":1097},{"@type":"BreadcrumbList","@id":"https:\/\/stuttgarti-katolikusok.de\/index.php\/2023-november-6-es-12-kozott\/#breadcrumb","itemListElement":[{"@type":"ListItem","position":1,"name":"Kezd\u0151lap","item":"https:\/\/stuttgarti-katolikusok.de\/"},{"@type":"ListItem","position":2,"name":"2023 NOVEMBER 6 \u00c9S 12 K\u00d6Z\u00d6TT"}]},{"@type":"WebSite","@id":"https:\/\/stuttgarti-katolikusok.de\/#website","url":"https:\/\/stuttgarti-katolikusok.de\/","name":"Stuttgarti Katolikusok","description":"","potentialAction":[{"@type":"SearchAction","target":{"@type":"EntryPoint","urlTemplate":"https:\/\/stuttgarti-katolikusok.de\/?s={search_term_string}"},"query-input":{"@type":"PropertyValueSpecification","valueRequired":true,"valueName":"search_term_string"}}],"inLanguage":"hu"},{"@type":"Person","@id":"https:\/\/stuttgarti-katolikusok.de\/#\/schema\/person\/75908d6f8fdc03a57889d27209df7795","name":"Tibor atya","image":{"@type":"ImageObject","inLanguage":"hu","@id":"https:\/\/secure.gravatar.com\/avatar\/61d268e57d1f4525b111222e29d2d5a7f8c420fdbf231ba5566a8ceac74fa960?s=96&d=mm&r=g","url":"https:\/\/secure.gravatar.com\/avatar\/61d268e57d1f4525b111222e29d2d5a7f8c420fdbf231ba5566a8ceac74fa960?s=96&d=mm&r=g","contentUrl":"https:\/\/secure.gravatar.com\/avatar\/61d268e57d1f4525b111222e29d2d5a7f8c420fdbf231ba5566a8ceac74fa960?s=96&d=mm&r=g","caption":"Tibor atya"},"url":"https:\/\/stuttgarti-katolikusok.de\/index.php\/author\/tibor-atya\/"}]}},"_links":{"self":[{"href":"https:\/\/stuttgarti-katolikusok.de\/index.php\/wp-json\/wp\/v2\/posts\/27415","targetHints":{"allow":["GET"]}}],"collection":[{"href":"https:\/\/stuttgarti-katolikusok.de\/index.php\/wp-json\/wp\/v2\/posts"}],"about":[{"href":"https:\/\/stuttgarti-katolikusok.de\/index.php\/wp-json\/wp\/v2\/types\/post"}],"author":[{"embeddable":true,"href":"https:\/\/stuttgarti-katolikusok.de\/index.php\/wp-json\/wp\/v2\/users\/3"}],"replies":[{"embeddable":true,"href":"https:\/\/stuttgarti-katolikusok.de\/index.php\/wp-json\/wp\/v2\/comments?post=27415"}],"version-history":[{"count":2,"href":"https:\/\/stuttgarti-katolikusok.de\/index.php\/wp-json\/wp\/v2\/posts\/27415\/revisions"}],"predecessor-version":[{"id":29642,"href":"https:\/\/stuttgarti-katolikusok.de\/index.php\/wp-json\/wp\/v2\/posts\/27415\/revisions\/29642"}],"wp:featuredmedia":[{"embeddable":true,"href":"https:\/\/stuttgarti-katolikusok.de\/index.php\/wp-json\/wp\/v2\/media\/27416"}],"wp:attachment":[{"href":"https:\/\/stuttgarti-katolikusok.de\/index.php\/wp-json\/wp\/v2\/media?parent=27415"}],"wp:term":[{"taxonomy":"category","embeddable":true,"href":"https:\/\/stuttgarti-katolikusok.de\/index.php\/wp-json\/wp\/v2\/categories?post=27415"},{"taxonomy":"post_tag","embeddable":true,"href":"https:\/\/stuttgarti-katolikusok.de\/index.php\/wp-json\/wp\/v2\/tags?post=27415"}],"curies":[{"name":"wp","href":"https:\/\/api.w.org\/{rel}","templated":true}]}}