{"id":27410,"date":"2023-11-04T11:59:36","date_gmt":"2023-11-04T10:59:36","guid":{"rendered":"https:\/\/stuttgarti-katolikusok.de\/?p=27410"},"modified":"2023-11-04T11:59:53","modified_gmt":"2023-11-04T10:59:53","slug":"evkozi-31-vasarnap","status":"publish","type":"post","link":"https:\/\/stuttgarti-katolikusok.de\/index.php\/evkozi-31-vasarnap\/","title":{"rendered":"\u00c9vk\u00f6zi 31. vas\u00e1rnap"},"content":{"rendered":"<p><span style=\"color: #339966;\">Olvasm\u00e1ny Malaki\u00e1s k\u00f6nyv\u00e9b\u0151l (Mal 1,14b &#8211; 2,2b.8-10)<\/span><\/p>\n<p>\u00c1tkozott a csal\u00e1rd ember, akinek van a ny\u00e1j\u00e1ban \u00e9p h\u00edm \u00e1llatja, \u00e9s ha fogadalmat tesz, gyenge \u00e1llatot mutat be \u00e1ldozatul az \u00darnak, noha nagy kir\u00e1ly vagyok \u00e9n, &#8212; mondja a Seregek Ura, &#8212; \u00e9s rettegik nevemet a nemzetek k\u00f6z\u00f6tt! Nos teh\u00e1t ez a parancs hozz\u00e1tok, papok: Ha nem akartok hallani \u00e9s nem akarj\u00e1tok megsz\u00edvlelni, hogy megadj\u00e1tok nevemnek a dics\u0151s\u00e9get, &#8212; mondja a Seregek Ura, &#8212; akkor \u00edns\u00e9get bocs\u00e1tok r\u00e1tok \u00e9s \u00e1tokk\u00e1 v\u00e1ltoztatom \u00e1ld\u00e1sotokat, &#8212; bizony, \u00e1tokk\u00e1 v\u00e1ltoztatom, mert nem sz\u00edvlelt\u00e9tek ezt meg! Ti azonban let\u00e9rtetek az \u00fatr\u00f3l \u00e9s sokakat megbotr\u00e1nkoztattatok tan\u00edt\u00e1sotokkal; megszegt\u00e9tek L\u00e9vi sz\u00f6vets\u00e9g\u00e9t, &#8212; mondja a Seregek Ura. &#8212; Ez\u00e9rt \u00e9n is megvet\u00e9sre m\u00e9lt\u00f3kk\u00e1 \u00e9s al\u00e1val\u00f3kk\u00e1 tettelek titeket az eg\u00e9sz n\u00e9p el\u0151tt, minthogy nem j\u00e1rtatok \u00fatjaimon \u00e9s szem\u00e9lyv\u00e1logat\u00f3k voltatok a t\u00f6rv\u00e9nykez\u00e9sben. Vajon nem egy aty\u00e1nk van-e valamennyi\u00fcnknek? Vajon nem egy Isten teremtett-e minket? Mi\u00e9rt veti meg teh\u00e1t egyik\u00fcnk a m\u00e1sik\u00e1t, megs\u00e9rtve aty\u00e1ink sz\u00f6vets\u00e9g\u00e9t?<\/p>\n<p><span style=\"color: #339966;\">Zs 130<\/span><\/p>\n<p>Zar\u00e1ndok-\u00e9nek. D\u00e1vidt\u00f3l. Uram, nem fuvalkodik fel sz\u00edvem, \u00e9s nem n\u00e9z magasra szemem, nem j\u00e1rok nagy dolgok ut\u00e1n, er\u0151met meghalad\u00f3 csod\u00e1k ut\u00e1n, hanem megnyugtattam \u00e9s elcs\u00f6ndes\u00edtettem lelkemet; mint a kis gyermek anyja \u00f6l\u00e9n, mint a kisgyermek, olyan most a lelkem. B\u00edzzon Izrael az \u00darban, most \u00e9s mind\u00f6r\u00f6kk\u00e9.<\/p>\n<p><span style=\"color: #339966;\">Szentlecke Szent P\u00e1l apostolnak a Tesszaloniki h\u00edveknek \u00edrt els\u0151 level\u00e9b\u0151l (1Tessz 2,7b-9.13)<\/span><\/p>\n<p>B\u00e1r r\u00e1tok t\u00e1maszkodhattunk volna, mint Krisztus apostolai, m\u00e9gis \u00fagy voltunk k\u00f6ztetek, mint kicsinyek, \u00fagy, ahogyan a dajka gondozza a gyermekeit. Ragaszkodtunk hozz\u00e1tok, \u00e9s sz\u00edvesen nektek adtuk volna nemcsak Isten evang\u00e9lium\u00e1t, hanem \u00e9let\u00fcnket is, mert nagyon megkedvelt\u00fcnk titeket. Eml\u00e9keztek ugyanis, testv\u00e9rek, munk\u00e1nkra \u00e9s f\u00e1radoz\u00e1sunkra. \u00c9jjel-nappal dolgoztunk, \u00e9s \u00fagy hirdett\u00fck n\u00e1latok Isten evang\u00e9lium\u00e1t, hogy ne legy\u00fcnk k\u00f6z\u00fcletek senkinek sem a terh\u00e9re. Sz\u00fcntelen\u00fcl h\u00e1l\u00e1t adunk teh\u00e1t Istennek, hogy ti, akik Isten ig\u00e9j\u00e9nek hirdet\u00e9s\u00e9t t\u0151l\u00fcnk hallott\u00e1tok, azt nem \u00fagy fogadt\u00e1tok, mint emberek szav\u00e1t, hanem mint ami az val\u00f3j\u00e1ban: mint Isten ig\u00e9j\u00e9t, amely bennetek is munk\u00e1lkodik, akik hisztek.<\/p>\n<p><span style=\"color: #339966;\">Evang\u00e9lium Szent M\u00e1t\u00e9 k\u00f6nyv\u00e9b\u0151l (Mt 23,1-12)<\/span><\/p>\n<p>J\u00e9zus ezut\u00e1n \u00edgy besz\u00e9lt a t\u00f6meghez \u00e9s tan\u00edtv\u00e1nyaihoz: ,,Az \u00edr\u00e1stud\u00f3k \u00e9s farizeusok M\u00f3zes sz\u00e9k\u00e9ben \u00fclnek. Ez\u00e9rt mindazt, amit mondanak nektek, tegy\u00e9tek meg \u00e9s tarts\u00e1tok meg &#8212; de a tetteiket ne k\u00f6vess\u00e9tek, mert mondj\u00e1k \u0151k, de nem teszik. S\u00falyos \u00e9s elviselhetetlen terheket k\u00f6t\u00f6znek \u00f6ssze \u00e9s raknak az emberek v\u00e1ll\u00e1ra, de \u0151k maguk egy ujjukkal sem mozd\u00edtj\u00e1k meg azokat. Minden tett\u00fcket az\u00e9rt teszik, hogy l\u00e1ss\u00e1k \u0151ket az emberek. Imasz\u00edjaikat sz\u00e9lesre szabj\u00e1k, bojtjaikat megnagyobb\u00edtj\u00e1k. Szeretik a f\u0151helyeket a lakom\u00e1kon, az els\u0151 helyeket a zsinag\u00f3g\u00e1kban, a k\u00f6sz\u00f6nt\u00e9seket a f\u0151t\u00e9ren, s azt, ha az emberek rabbinak h\u00edvj\u00e1k \u0151ket. Ti ne h\u00edvass\u00e1tok magatokat rabbinak, mert egy a ti Tan\u00edt\u00f3tok, ti pedig mind testv\u00e9rek vagytok. Aty\u00e1toknak se h\u00edvjatok senkit a f\u00f6ld\u00f6n, mert egy a ti Aty\u00e1tok, a mennyei. Ne h\u00edvass\u00e1tok magatokat mesternek se, mert egy a ti Mesteretek, a Krisztus. Aki k\u00f6z\u00fcletek a legnagyobb, legyen a ti szolg\u00e1tok. Mert aki \u00f6nmag\u00e1t felmagasztalja, azt megal\u00e1zz\u00e1k, s aki megal\u00e1zza \u00f6nmag\u00e1t, azt felmagasztalj\u00e1k.<\/p>\n<p><em>(K\u00e9p forr\u00e1sa: Pixabay.com)<\/em><\/p>\n","protected":false},"excerpt":{"rendered":"<p>Olvasm\u00e1ny Malaki\u00e1s k\u00f6nyv\u00e9b\u0151l (Mal 1,14b &#8211; 2,2b.8-10) \u00c1tkozott a csal\u00e1rd ember, akinek van a ny\u00e1j\u00e1ban \u00e9p h\u00edm \u00e1llatja, \u00e9s ha fogadalmat tesz, gyenge \u00e1llatot mutat be \u00e1ldozatul az \u00darnak, noha nagy kir\u00e1ly vagyok \u00e9n, &#8212; mondja a Seregek Ura, &#8212; \u00e9s rettegik nevemet a nemzetek k\u00f6z\u00f6tt! Nos teh\u00e1t ez a parancs hozz\u00e1tok, papok: Ha nem akartok hallani \u00e9s nem akarj\u00e1tok megsz\u00edvlelni, hogy megadj\u00e1tok nevemnek a dics\u0151s\u00e9get, &#8212; mondja a Seregek Ura, &#8212; akkor \u00edns\u00e9get bocs\u00e1tok r\u00e1tok \u00e9s \u00e1tokk\u00e1 v\u00e1ltoztatom \u00e1ld\u00e1sotokat, &#8212; bizony, \u00e1tokk\u00e1 v\u00e1ltoztatom, mert nem sz\u00edvlelt\u00e9tek ezt meg! Ti azonban let\u00e9rtetek az \u00fatr\u00f3l \u00e9s sokakat megbotr\u00e1nkoztattatok tan\u00edt\u00e1sotokkal; megszegt\u00e9tek L\u00e9vi sz\u00f6vets\u00e9g\u00e9t, &#8212; mondja a Seregek Ura. &#8212; Ez\u00e9rt \u00e9n is megvet\u00e9sre m\u00e9lt\u00f3kk\u00e1 \u00e9s al\u00e1val\u00f3kk\u00e1 tettelek titeket az eg\u00e9sz n\u00e9p el\u0151tt, minthogy nem j\u00e1rtatok \u00fatjaimon \u00e9s szem\u00e9lyv\u00e1logat\u00f3k voltatok a t\u00f6rv\u00e9nykez\u00e9sben. Vajon nem egy aty\u00e1nk van-e valamennyi\u00fcnknek? Vajon nem egy Isten teremtett-e minket? Mi\u00e9rt veti meg teh\u00e1t egyik\u00fcnk a m\u00e1sik\u00e1t, megs\u00e9rtve aty\u00e1ink sz\u00f6vets\u00e9g\u00e9t? Zs 130 Zar\u00e1ndok-\u00e9nek. D\u00e1vidt\u00f3l. Uram, nem fuvalkodik fel sz\u00edvem, \u00e9s nem n\u00e9z magasra szemem, nem j\u00e1rok nagy dolgok ut\u00e1n, er\u0151met meghalad\u00f3 csod\u00e1k ut\u00e1n, hanem megnyugtattam \u00e9s elcs\u00f6ndes\u00edtettem lelkemet; mint a kis gyermek anyja \u00f6l\u00e9n, mint a kisgyermek, olyan most a lelkem. B\u00edzzon Izrael az \u00darban, most \u00e9s mind\u00f6r\u00f6kk\u00e9. Szentlecke Szent P\u00e1l apostolnak a Tesszaloniki h\u00edveknek \u00edrt els\u0151 level\u00e9b\u0151l (1Tessz 2,7b-9.13) B\u00e1r r\u00e1tok t\u00e1maszkodhattunk volna, mint Krisztus apostolai, m\u00e9gis \u00fagy voltunk k\u00f6ztetek, mint kicsinyek, \u00fagy, ahogyan a dajka gondozza a gyermekeit. Ragaszkodtunk hozz\u00e1tok, \u00e9s sz\u00edvesen nektek adtuk volna nemcsak Isten evang\u00e9lium\u00e1t, hanem \u00e9let\u00fcnket is, mert nagyon megkedvelt\u00fcnk titeket. Eml\u00e9keztek ugyanis, testv\u00e9rek, munk\u00e1nkra \u00e9s f\u00e1radoz\u00e1sunkra. \u00c9jjel-nappal dolgoztunk, \u00e9s \u00fagy hirdett\u00fck n\u00e1latok Isten evang\u00e9lium\u00e1t, hogy ne legy\u00fcnk k\u00f6z\u00fcletek senkinek sem a terh\u00e9re. Sz\u00fcntelen\u00fcl h\u00e1l\u00e1t adunk teh\u00e1t Istennek, hogy ti, akik Isten ig\u00e9j\u00e9nek hirdet\u00e9s\u00e9t t\u0151l\u00fcnk hallott\u00e1tok, azt nem \u00fagy fogadt\u00e1tok, mint emberek szav\u00e1t, hanem mint ami az val\u00f3j\u00e1ban: mint Isten ig\u00e9j\u00e9t, amely bennetek&#8230; <\/p>\n<p><a class=\"readmore\" href=\"https:\/\/stuttgarti-katolikusok.de\/index.php\/evkozi-31-vasarnap\/\">R\u00e9szletek<\/a><\/p>\n","protected":false},"author":3,"featured_media":22527,"comment_status":"closed","ping_status":"closed","sticky":false,"template":"","format":"standard","meta":{"footnotes":""},"categories":[85],"tags":[],"class_list":["post-27410","post","type-post","status-publish","format-standard","has-post-thumbnail","hentry","category-a-liturgia-olvasmanyai"],"yoast_head":"<!-- This site is optimized with the Yoast SEO plugin v27.3 - https:\/\/yoast.com\/product\/yoast-seo-wordpress\/ -->\n<title>\u00c9vk\u00f6zi 31. vas\u00e1rnap - Stuttgarti Katolikusok<\/title>\n<meta name=\"robots\" content=\"index, follow, max-snippet:-1, max-image-preview:large, max-video-preview:-1\" \/>\n<link rel=\"canonical\" href=\"https:\/\/stuttgarti-katolikusok.de\/index.php\/evkozi-31-vasarnap\/\" \/>\n<meta property=\"og:locale\" content=\"hu_HU\" \/>\n<meta property=\"og:type\" content=\"article\" \/>\n<meta property=\"og:title\" content=\"\u00c9vk\u00f6zi 31. vas\u00e1rnap - Stuttgarti Katolikusok\" \/>\n<meta property=\"og:description\" content=\"Olvasm\u00e1ny Malaki\u00e1s k\u00f6nyv\u00e9b\u0151l (Mal 1,14b &#8211; 2,2b.8-10) \u00c1tkozott a csal\u00e1rd ember, akinek van a ny\u00e1j\u00e1ban \u00e9p h\u00edm \u00e1llatja, \u00e9s ha fogadalmat tesz, gyenge \u00e1llatot mutat be \u00e1ldozatul az \u00darnak, noha nagy kir\u00e1ly vagyok \u00e9n, &#8212; mondja a Seregek Ura, &#8212; \u00e9s rettegik nevemet a nemzetek k\u00f6z\u00f6tt! Nos teh\u00e1t ez a parancs hozz\u00e1tok, papok: Ha nem akartok hallani \u00e9s nem akarj\u00e1tok megsz\u00edvlelni, hogy megadj\u00e1tok nevemnek a dics\u0151s\u00e9get, &#8212; mondja a Seregek Ura, &#8212; akkor \u00edns\u00e9get bocs\u00e1tok r\u00e1tok \u00e9s \u00e1tokk\u00e1 v\u00e1ltoztatom \u00e1ld\u00e1sotokat, &#8212; bizony, \u00e1tokk\u00e1 v\u00e1ltoztatom, mert nem sz\u00edvlelt\u00e9tek ezt meg! Ti azonban let\u00e9rtetek az \u00fatr\u00f3l \u00e9s sokakat megbotr\u00e1nkoztattatok tan\u00edt\u00e1sotokkal; megszegt\u00e9tek L\u00e9vi sz\u00f6vets\u00e9g\u00e9t, &#8212; mondja a Seregek Ura. &#8212; Ez\u00e9rt \u00e9n is megvet\u00e9sre m\u00e9lt\u00f3kk\u00e1 \u00e9s al\u00e1val\u00f3kk\u00e1 tettelek titeket az eg\u00e9sz n\u00e9p el\u0151tt, minthogy nem j\u00e1rtatok \u00fatjaimon \u00e9s szem\u00e9lyv\u00e1logat\u00f3k voltatok a t\u00f6rv\u00e9nykez\u00e9sben. Vajon nem egy aty\u00e1nk van-e valamennyi\u00fcnknek? Vajon nem egy Isten teremtett-e minket? Mi\u00e9rt veti meg teh\u00e1t egyik\u00fcnk a m\u00e1sik\u00e1t, megs\u00e9rtve aty\u00e1ink sz\u00f6vets\u00e9g\u00e9t? Zs 130 Zar\u00e1ndok-\u00e9nek. D\u00e1vidt\u00f3l. Uram, nem fuvalkodik fel sz\u00edvem, \u00e9s nem n\u00e9z magasra szemem, nem j\u00e1rok nagy dolgok ut\u00e1n, er\u0151met meghalad\u00f3 csod\u00e1k ut\u00e1n, hanem megnyugtattam \u00e9s elcs\u00f6ndes\u00edtettem lelkemet; mint a kis gyermek anyja \u00f6l\u00e9n, mint a kisgyermek, olyan most a lelkem. B\u00edzzon Izrael az \u00darban, most \u00e9s mind\u00f6r\u00f6kk\u00e9. Szentlecke Szent P\u00e1l apostolnak a Tesszaloniki h\u00edveknek \u00edrt els\u0151 level\u00e9b\u0151l (1Tessz 2,7b-9.13) B\u00e1r r\u00e1tok t\u00e1maszkodhattunk volna, mint Krisztus apostolai, m\u00e9gis \u00fagy voltunk k\u00f6ztetek, mint kicsinyek, \u00fagy, ahogyan a dajka gondozza a gyermekeit. Ragaszkodtunk hozz\u00e1tok, \u00e9s sz\u00edvesen nektek adtuk volna nemcsak Isten evang\u00e9lium\u00e1t, hanem \u00e9let\u00fcnket is, mert nagyon megkedvelt\u00fcnk titeket. Eml\u00e9keztek ugyanis, testv\u00e9rek, munk\u00e1nkra \u00e9s f\u00e1radoz\u00e1sunkra. \u00c9jjel-nappal dolgoztunk, \u00e9s \u00fagy hirdett\u00fck n\u00e1latok Isten evang\u00e9lium\u00e1t, hogy ne legy\u00fcnk k\u00f6z\u00fcletek senkinek sem a terh\u00e9re. Sz\u00fcntelen\u00fcl h\u00e1l\u00e1t adunk teh\u00e1t Istennek, hogy ti, akik Isten ig\u00e9j\u00e9nek hirdet\u00e9s\u00e9t t\u0151l\u00fcnk hallott\u00e1tok, azt nem \u00fagy fogadt\u00e1tok, mint emberek szav\u00e1t, hanem mint ami az val\u00f3j\u00e1ban: mint Isten ig\u00e9j\u00e9t, amely bennetek... R\u00e9szletek\" \/>\n<meta property=\"og:url\" content=\"https:\/\/stuttgarti-katolikusok.de\/index.php\/evkozi-31-vasarnap\/\" \/>\n<meta property=\"og:site_name\" content=\"Stuttgarti Katolikusok\" \/>\n<meta property=\"article:published_time\" content=\"2023-11-04T10:59:36+00:00\" \/>\n<meta property=\"article:modified_time\" content=\"2023-11-04T10:59:53+00:00\" \/>\n<meta property=\"og:image\" content=\"https:\/\/stuttgarti-katolikusok.de\/wp-content\/uploads\/2021\/11\/osz.jpg\" \/>\n\t<meta property=\"og:image:width\" content=\"1280\" \/>\n\t<meta property=\"og:image:height\" content=\"853\" \/>\n\t<meta property=\"og:image:type\" content=\"image\/jpeg\" \/>\n<meta name=\"author\" content=\"Tibor atya\" \/>\n<meta name=\"twitter:card\" content=\"summary_large_image\" \/>\n<meta name=\"twitter:label1\" content=\"Szerz\u0151:\" \/>\n\t<meta name=\"twitter:data1\" content=\"Tibor atya\" \/>\n\t<meta name=\"twitter:label2\" content=\"Becs\u00fclt olvas\u00e1si id\u0151\" \/>\n\t<meta name=\"twitter:data2\" content=\"3 perc\" \/>\n<script type=\"application\/ld+json\" class=\"yoast-schema-graph\">{\"@context\":\"https:\\\/\\\/schema.org\",\"@graph\":[{\"@type\":\"Article\",\"@id\":\"https:\\\/\\\/stuttgarti-katolikusok.de\\\/index.php\\\/evkozi-31-vasarnap\\\/#article\",\"isPartOf\":{\"@id\":\"https:\\\/\\\/stuttgarti-katolikusok.de\\\/index.php\\\/evkozi-31-vasarnap\\\/\"},\"author\":{\"name\":\"Tibor atya\",\"@id\":\"https:\\\/\\\/stuttgarti-katolikusok.de\\\/#\\\/schema\\\/person\\\/75908d6f8fdc03a57889d27209df7795\"},\"headline\":\"\u00c9vk\u00f6zi 31. vas\u00e1rnap\",\"datePublished\":\"2023-11-04T10:59:36+00:00\",\"dateModified\":\"2023-11-04T10:59:53+00:00\",\"mainEntityOfPage\":{\"@id\":\"https:\\\/\\\/stuttgarti-katolikusok.de\\\/index.php\\\/evkozi-31-vasarnap\\\/\"},\"wordCount\":672,\"image\":{\"@id\":\"https:\\\/\\\/stuttgarti-katolikusok.de\\\/index.php\\\/evkozi-31-vasarnap\\\/#primaryimage\"},\"thumbnailUrl\":\"https:\\\/\\\/stuttgarti-katolikusok.de\\\/wp-content\\\/uploads\\\/2021\\\/11\\\/osz.jpg\",\"articleSection\":[\"A liturgia olvasm\u00e1nyai\"],\"inLanguage\":\"hu\"},{\"@type\":\"WebPage\",\"@id\":\"https:\\\/\\\/stuttgarti-katolikusok.de\\\/index.php\\\/evkozi-31-vasarnap\\\/\",\"url\":\"https:\\\/\\\/stuttgarti-katolikusok.de\\\/index.php\\\/evkozi-31-vasarnap\\\/\",\"name\":\"\u00c9vk\u00f6zi 31. vas\u00e1rnap - Stuttgarti Katolikusok\",\"isPartOf\":{\"@id\":\"https:\\\/\\\/stuttgarti-katolikusok.de\\\/#website\"},\"primaryImageOfPage\":{\"@id\":\"https:\\\/\\\/stuttgarti-katolikusok.de\\\/index.php\\\/evkozi-31-vasarnap\\\/#primaryimage\"},\"image\":{\"@id\":\"https:\\\/\\\/stuttgarti-katolikusok.de\\\/index.php\\\/evkozi-31-vasarnap\\\/#primaryimage\"},\"thumbnailUrl\":\"https:\\\/\\\/stuttgarti-katolikusok.de\\\/wp-content\\\/uploads\\\/2021\\\/11\\\/osz.jpg\",\"datePublished\":\"2023-11-04T10:59:36+00:00\",\"dateModified\":\"2023-11-04T10:59:53+00:00\",\"author\":{\"@id\":\"https:\\\/\\\/stuttgarti-katolikusok.de\\\/#\\\/schema\\\/person\\\/75908d6f8fdc03a57889d27209df7795\"},\"breadcrumb\":{\"@id\":\"https:\\\/\\\/stuttgarti-katolikusok.de\\\/index.php\\\/evkozi-31-vasarnap\\\/#breadcrumb\"},\"inLanguage\":\"hu\",\"potentialAction\":[{\"@type\":\"ReadAction\",\"target\":[\"https:\\\/\\\/stuttgarti-katolikusok.de\\\/index.php\\\/evkozi-31-vasarnap\\\/\"]}]},{\"@type\":\"ImageObject\",\"inLanguage\":\"hu\",\"@id\":\"https:\\\/\\\/stuttgarti-katolikusok.de\\\/index.php\\\/evkozi-31-vasarnap\\\/#primaryimage\",\"url\":\"https:\\\/\\\/stuttgarti-katolikusok.de\\\/wp-content\\\/uploads\\\/2021\\\/11\\\/osz.jpg\",\"contentUrl\":\"https:\\\/\\\/stuttgarti-katolikusok.de\\\/wp-content\\\/uploads\\\/2021\\\/11\\\/osz.jpg\",\"width\":1280,\"height\":853},{\"@type\":\"BreadcrumbList\",\"@id\":\"https:\\\/\\\/stuttgarti-katolikusok.de\\\/index.php\\\/evkozi-31-vasarnap\\\/#breadcrumb\",\"itemListElement\":[{\"@type\":\"ListItem\",\"position\":1,\"name\":\"Kezd\u0151lap\",\"item\":\"https:\\\/\\\/stuttgarti-katolikusok.de\\\/\"},{\"@type\":\"ListItem\",\"position\":2,\"name\":\"\u00c9vk\u00f6zi 31. vas\u00e1rnap\"}]},{\"@type\":\"WebSite\",\"@id\":\"https:\\\/\\\/stuttgarti-katolikusok.de\\\/#website\",\"url\":\"https:\\\/\\\/stuttgarti-katolikusok.de\\\/\",\"name\":\"Stuttgarti Katolikusok\",\"description\":\"\",\"potentialAction\":[{\"@type\":\"SearchAction\",\"target\":{\"@type\":\"EntryPoint\",\"urlTemplate\":\"https:\\\/\\\/stuttgarti-katolikusok.de\\\/?s={search_term_string}\"},\"query-input\":{\"@type\":\"PropertyValueSpecification\",\"valueRequired\":true,\"valueName\":\"search_term_string\"}}],\"inLanguage\":\"hu\"},{\"@type\":\"Person\",\"@id\":\"https:\\\/\\\/stuttgarti-katolikusok.de\\\/#\\\/schema\\\/person\\\/75908d6f8fdc03a57889d27209df7795\",\"name\":\"Tibor atya\",\"image\":{\"@type\":\"ImageObject\",\"inLanguage\":\"hu\",\"@id\":\"https:\\\/\\\/secure.gravatar.com\\\/avatar\\\/61d268e57d1f4525b111222e29d2d5a7f8c420fdbf231ba5566a8ceac74fa960?s=96&d=mm&r=g\",\"url\":\"https:\\\/\\\/secure.gravatar.com\\\/avatar\\\/61d268e57d1f4525b111222e29d2d5a7f8c420fdbf231ba5566a8ceac74fa960?s=96&d=mm&r=g\",\"contentUrl\":\"https:\\\/\\\/secure.gravatar.com\\\/avatar\\\/61d268e57d1f4525b111222e29d2d5a7f8c420fdbf231ba5566a8ceac74fa960?s=96&d=mm&r=g\",\"caption\":\"Tibor atya\"},\"url\":\"https:\\\/\\\/stuttgarti-katolikusok.de\\\/index.php\\\/author\\\/tibor-atya\\\/\"}]}<\/script>\n<!-- \/ Yoast SEO plugin. -->","yoast_head_json":{"title":"\u00c9vk\u00f6zi 31. vas\u00e1rnap - Stuttgarti Katolikusok","robots":{"index":"index","follow":"follow","max-snippet":"max-snippet:-1","max-image-preview":"max-image-preview:large","max-video-preview":"max-video-preview:-1"},"canonical":"https:\/\/stuttgarti-katolikusok.de\/index.php\/evkozi-31-vasarnap\/","og_locale":"hu_HU","og_type":"article","og_title":"\u00c9vk\u00f6zi 31. vas\u00e1rnap - Stuttgarti Katolikusok","og_description":"Olvasm\u00e1ny Malaki\u00e1s k\u00f6nyv\u00e9b\u0151l (Mal 1,14b &#8211; 2,2b.8-10) \u00c1tkozott a csal\u00e1rd ember, akinek van a ny\u00e1j\u00e1ban \u00e9p h\u00edm \u00e1llatja, \u00e9s ha fogadalmat tesz, gyenge \u00e1llatot mutat be \u00e1ldozatul az \u00darnak, noha nagy kir\u00e1ly vagyok \u00e9n, &#8212; mondja a Seregek Ura, &#8212; \u00e9s rettegik nevemet a nemzetek k\u00f6z\u00f6tt! Nos teh\u00e1t ez a parancs hozz\u00e1tok, papok: Ha nem akartok hallani \u00e9s nem akarj\u00e1tok megsz\u00edvlelni, hogy megadj\u00e1tok nevemnek a dics\u0151s\u00e9get, &#8212; mondja a Seregek Ura, &#8212; akkor \u00edns\u00e9get bocs\u00e1tok r\u00e1tok \u00e9s \u00e1tokk\u00e1 v\u00e1ltoztatom \u00e1ld\u00e1sotokat, &#8212; bizony, \u00e1tokk\u00e1 v\u00e1ltoztatom, mert nem sz\u00edvlelt\u00e9tek ezt meg! Ti azonban let\u00e9rtetek az \u00fatr\u00f3l \u00e9s sokakat megbotr\u00e1nkoztattatok tan\u00edt\u00e1sotokkal; megszegt\u00e9tek L\u00e9vi sz\u00f6vets\u00e9g\u00e9t, &#8212; mondja a Seregek Ura. &#8212; Ez\u00e9rt \u00e9n is megvet\u00e9sre m\u00e9lt\u00f3kk\u00e1 \u00e9s al\u00e1val\u00f3kk\u00e1 tettelek titeket az eg\u00e9sz n\u00e9p el\u0151tt, minthogy nem j\u00e1rtatok \u00fatjaimon \u00e9s szem\u00e9lyv\u00e1logat\u00f3k voltatok a t\u00f6rv\u00e9nykez\u00e9sben. Vajon nem egy aty\u00e1nk van-e valamennyi\u00fcnknek? Vajon nem egy Isten teremtett-e minket? Mi\u00e9rt veti meg teh\u00e1t egyik\u00fcnk a m\u00e1sik\u00e1t, megs\u00e9rtve aty\u00e1ink sz\u00f6vets\u00e9g\u00e9t? Zs 130 Zar\u00e1ndok-\u00e9nek. D\u00e1vidt\u00f3l. Uram, nem fuvalkodik fel sz\u00edvem, \u00e9s nem n\u00e9z magasra szemem, nem j\u00e1rok nagy dolgok ut\u00e1n, er\u0151met meghalad\u00f3 csod\u00e1k ut\u00e1n, hanem megnyugtattam \u00e9s elcs\u00f6ndes\u00edtettem lelkemet; mint a kis gyermek anyja \u00f6l\u00e9n, mint a kisgyermek, olyan most a lelkem. B\u00edzzon Izrael az \u00darban, most \u00e9s mind\u00f6r\u00f6kk\u00e9. Szentlecke Szent P\u00e1l apostolnak a Tesszaloniki h\u00edveknek \u00edrt els\u0151 level\u00e9b\u0151l (1Tessz 2,7b-9.13) B\u00e1r r\u00e1tok t\u00e1maszkodhattunk volna, mint Krisztus apostolai, m\u00e9gis \u00fagy voltunk k\u00f6ztetek, mint kicsinyek, \u00fagy, ahogyan a dajka gondozza a gyermekeit. Ragaszkodtunk hozz\u00e1tok, \u00e9s sz\u00edvesen nektek adtuk volna nemcsak Isten evang\u00e9lium\u00e1t, hanem \u00e9let\u00fcnket is, mert nagyon megkedvelt\u00fcnk titeket. Eml\u00e9keztek ugyanis, testv\u00e9rek, munk\u00e1nkra \u00e9s f\u00e1radoz\u00e1sunkra. \u00c9jjel-nappal dolgoztunk, \u00e9s \u00fagy hirdett\u00fck n\u00e1latok Isten evang\u00e9lium\u00e1t, hogy ne legy\u00fcnk k\u00f6z\u00fcletek senkinek sem a terh\u00e9re. Sz\u00fcntelen\u00fcl h\u00e1l\u00e1t adunk teh\u00e1t Istennek, hogy ti, akik Isten ig\u00e9j\u00e9nek hirdet\u00e9s\u00e9t t\u0151l\u00fcnk hallott\u00e1tok, azt nem \u00fagy fogadt\u00e1tok, mint emberek szav\u00e1t, hanem mint ami az val\u00f3j\u00e1ban: mint Isten ig\u00e9j\u00e9t, amely bennetek... R\u00e9szletek","og_url":"https:\/\/stuttgarti-katolikusok.de\/index.php\/evkozi-31-vasarnap\/","og_site_name":"Stuttgarti Katolikusok","article_published_time":"2023-11-04T10:59:36+00:00","article_modified_time":"2023-11-04T10:59:53+00:00","og_image":[{"width":1280,"height":853,"url":"https:\/\/stuttgarti-katolikusok.de\/wp-content\/uploads\/2021\/11\/osz.jpg","type":"image\/jpeg"}],"author":"Tibor atya","twitter_card":"summary_large_image","twitter_misc":{"Szerz\u0151:":"Tibor atya","Becs\u00fclt olvas\u00e1si id\u0151":"3 perc"},"schema":{"@context":"https:\/\/schema.org","@graph":[{"@type":"Article","@id":"https:\/\/stuttgarti-katolikusok.de\/index.php\/evkozi-31-vasarnap\/#article","isPartOf":{"@id":"https:\/\/stuttgarti-katolikusok.de\/index.php\/evkozi-31-vasarnap\/"},"author":{"name":"Tibor atya","@id":"https:\/\/stuttgarti-katolikusok.de\/#\/schema\/person\/75908d6f8fdc03a57889d27209df7795"},"headline":"\u00c9vk\u00f6zi 31. vas\u00e1rnap","datePublished":"2023-11-04T10:59:36+00:00","dateModified":"2023-11-04T10:59:53+00:00","mainEntityOfPage":{"@id":"https:\/\/stuttgarti-katolikusok.de\/index.php\/evkozi-31-vasarnap\/"},"wordCount":672,"image":{"@id":"https:\/\/stuttgarti-katolikusok.de\/index.php\/evkozi-31-vasarnap\/#primaryimage"},"thumbnailUrl":"https:\/\/stuttgarti-katolikusok.de\/wp-content\/uploads\/2021\/11\/osz.jpg","articleSection":["A liturgia olvasm\u00e1nyai"],"inLanguage":"hu"},{"@type":"WebPage","@id":"https:\/\/stuttgarti-katolikusok.de\/index.php\/evkozi-31-vasarnap\/","url":"https:\/\/stuttgarti-katolikusok.de\/index.php\/evkozi-31-vasarnap\/","name":"\u00c9vk\u00f6zi 31. vas\u00e1rnap - Stuttgarti Katolikusok","isPartOf":{"@id":"https:\/\/stuttgarti-katolikusok.de\/#website"},"primaryImageOfPage":{"@id":"https:\/\/stuttgarti-katolikusok.de\/index.php\/evkozi-31-vasarnap\/#primaryimage"},"image":{"@id":"https:\/\/stuttgarti-katolikusok.de\/index.php\/evkozi-31-vasarnap\/#primaryimage"},"thumbnailUrl":"https:\/\/stuttgarti-katolikusok.de\/wp-content\/uploads\/2021\/11\/osz.jpg","datePublished":"2023-11-04T10:59:36+00:00","dateModified":"2023-11-04T10:59:53+00:00","author":{"@id":"https:\/\/stuttgarti-katolikusok.de\/#\/schema\/person\/75908d6f8fdc03a57889d27209df7795"},"breadcrumb":{"@id":"https:\/\/stuttgarti-katolikusok.de\/index.php\/evkozi-31-vasarnap\/#breadcrumb"},"inLanguage":"hu","potentialAction":[{"@type":"ReadAction","target":["https:\/\/stuttgarti-katolikusok.de\/index.php\/evkozi-31-vasarnap\/"]}]},{"@type":"ImageObject","inLanguage":"hu","@id":"https:\/\/stuttgarti-katolikusok.de\/index.php\/evkozi-31-vasarnap\/#primaryimage","url":"https:\/\/stuttgarti-katolikusok.de\/wp-content\/uploads\/2021\/11\/osz.jpg","contentUrl":"https:\/\/stuttgarti-katolikusok.de\/wp-content\/uploads\/2021\/11\/osz.jpg","width":1280,"height":853},{"@type":"BreadcrumbList","@id":"https:\/\/stuttgarti-katolikusok.de\/index.php\/evkozi-31-vasarnap\/#breadcrumb","itemListElement":[{"@type":"ListItem","position":1,"name":"Kezd\u0151lap","item":"https:\/\/stuttgarti-katolikusok.de\/"},{"@type":"ListItem","position":2,"name":"\u00c9vk\u00f6zi 31. vas\u00e1rnap"}]},{"@type":"WebSite","@id":"https:\/\/stuttgarti-katolikusok.de\/#website","url":"https:\/\/stuttgarti-katolikusok.de\/","name":"Stuttgarti Katolikusok","description":"","potentialAction":[{"@type":"SearchAction","target":{"@type":"EntryPoint","urlTemplate":"https:\/\/stuttgarti-katolikusok.de\/?s={search_term_string}"},"query-input":{"@type":"PropertyValueSpecification","valueRequired":true,"valueName":"search_term_string"}}],"inLanguage":"hu"},{"@type":"Person","@id":"https:\/\/stuttgarti-katolikusok.de\/#\/schema\/person\/75908d6f8fdc03a57889d27209df7795","name":"Tibor atya","image":{"@type":"ImageObject","inLanguage":"hu","@id":"https:\/\/secure.gravatar.com\/avatar\/61d268e57d1f4525b111222e29d2d5a7f8c420fdbf231ba5566a8ceac74fa960?s=96&d=mm&r=g","url":"https:\/\/secure.gravatar.com\/avatar\/61d268e57d1f4525b111222e29d2d5a7f8c420fdbf231ba5566a8ceac74fa960?s=96&d=mm&r=g","contentUrl":"https:\/\/secure.gravatar.com\/avatar\/61d268e57d1f4525b111222e29d2d5a7f8c420fdbf231ba5566a8ceac74fa960?s=96&d=mm&r=g","caption":"Tibor atya"},"url":"https:\/\/stuttgarti-katolikusok.de\/index.php\/author\/tibor-atya\/"}]}},"_links":{"self":[{"href":"https:\/\/stuttgarti-katolikusok.de\/index.php\/wp-json\/wp\/v2\/posts\/27410","targetHints":{"allow":["GET"]}}],"collection":[{"href":"https:\/\/stuttgarti-katolikusok.de\/index.php\/wp-json\/wp\/v2\/posts"}],"about":[{"href":"https:\/\/stuttgarti-katolikusok.de\/index.php\/wp-json\/wp\/v2\/types\/post"}],"author":[{"embeddable":true,"href":"https:\/\/stuttgarti-katolikusok.de\/index.php\/wp-json\/wp\/v2\/users\/3"}],"replies":[{"embeddable":true,"href":"https:\/\/stuttgarti-katolikusok.de\/index.php\/wp-json\/wp\/v2\/comments?post=27410"}],"version-history":[{"count":2,"href":"https:\/\/stuttgarti-katolikusok.de\/index.php\/wp-json\/wp\/v2\/posts\/27410\/revisions"}],"predecessor-version":[{"id":27412,"href":"https:\/\/stuttgarti-katolikusok.de\/index.php\/wp-json\/wp\/v2\/posts\/27410\/revisions\/27412"}],"wp:featuredmedia":[{"embeddable":true,"href":"https:\/\/stuttgarti-katolikusok.de\/index.php\/wp-json\/wp\/v2\/media\/22527"}],"wp:attachment":[{"href":"https:\/\/stuttgarti-katolikusok.de\/index.php\/wp-json\/wp\/v2\/media?parent=27410"}],"wp:term":[{"taxonomy":"category","embeddable":true,"href":"https:\/\/stuttgarti-katolikusok.de\/index.php\/wp-json\/wp\/v2\/categories?post=27410"},{"taxonomy":"post_tag","embeddable":true,"href":"https:\/\/stuttgarti-katolikusok.de\/index.php\/wp-json\/wp\/v2\/tags?post=27410"}],"curies":[{"name":"wp","href":"https:\/\/api.w.org\/{rel}","templated":true}]}}