{"id":27402,"date":"2025-10-31T12:40:38","date_gmt":"2025-10-31T11:40:38","guid":{"rendered":"https:\/\/stuttgarti-katolikusok.de\/?p=27402"},"modified":"2025-10-31T14:49:24","modified_gmt":"2025-10-31T13:49:24","slug":"mindenszentek-unnepe","status":"publish","type":"post","link":"https:\/\/stuttgarti-katolikusok.de\/index.php\/mindenszentek-unnepe\/","title":{"rendered":"Mindenszentek \u00fcnnepe"},"content":{"rendered":"<p align=\"justify\"><span style=\"color: #ff6600;\"><em>Kereszt\u00e9nys\u00e9g\u00fcnk nagyjait \u00fcnnepelj\u00fck \u00e9s k\u00f6sz\u00f6ntj\u00fck. &#8222;Mind hitben hunytak el, de an\u00e9lk\u00fcl, hogy az \u00edg\u00e9ret teljesed\u00e9s\u00e9t meg\u00e9rt\u00e9k volna, csak messzir\u0151l l\u00e1tt\u00e1k \u00e9s \u00fcdv\u00f6z\u00f6lt\u00e9k, elismerve, hogy v\u00e1ndorok \u00e9s j\u00f6vev\u00e9nyek a f\u00f6ld\u00f6n&#8230; Egy jobb haza ut\u00e1n v\u00e1gy\u00f3dtak, a mennyei ut\u00e1n. Ez\u00e9rt az Isten sem sz\u00e9gyelli, hogy Isten\u00fcknek h\u00edvj\u00e1k, hiszen saj\u00e1t haz\u00e1t k\u00e9sz\u00edtett nekik&#8221; (Zsid 11,13. 16). A jobb haz\u00e1ba nemcsak v\u00e1gy\u00f3dtak a szentek, hanem \u00fagy is \u00e9ltek, hogy Istent\u0151l megkapj\u00e1k az \u00f6r\u00f6k \u00e9let koron\u00e1j\u00e1t.\u00a0<\/em><\/span><\/p>\n<p style=\"text-align: center;\" align=\"justify\"><span style=\"color: #ff6600;\"><em>* * * * * * *<\/em><\/span><\/p>\n<p align=\"justify\"><span style=\"color: #ff6600;\"><em>Rendk\u00edv\u00fcl fontos, hogy minden kereszt\u00e9ny tudat\u00e1ban legyen annak a kegyelemnek, amelyben a szent kereszts\u00e9g r\u00e9v\u00e9n r\u00e9szes\u00fclt. A kegyelem \u00e1ltal arra kaptunk hivat\u00e1st, hogy az Atya szeretett gyermekei, a L\u00e9lek \u00e9l\u0151 \u00e9s szent templomai legy\u00fcnk. Ser\u00e9ny \u00e9s h\u00e1l\u00e1s l\u00e9lekkel hallgassuk ism\u00e9t Szent J\u00e1nos evang\u00e9lista szavait: &#8222;N\u00e9zz\u00e9tek, mekkora szeretettel van ir\u00e1ntuk az Atya: Isten gyermekeinek h\u00edvnak minket, \u00e9s azok is vagyunk&#8221; (1 Jn 3,1).<\/em><\/span><\/p>\n<p style=\"text-align: right;\" align=\"justify\"><span style=\"color: #ff6600;\"><em>(Szent II. J\u00e1nos P\u00e1l p\u00e1pa)<\/em><\/span><\/p>\n<p align=\"justify\"><span style=\"color: #ff6600;\">OLVASM\u00c1NY a Jelen\u00e9sek k\u00f6nyv\u00e9b\u0151l (Jel 7,2-4.9-14)<\/span><br \/>\n<em>Akkora sereget l\u00e1ttam, hogy meg sem tehetett sz\u00e1ml\u00e1lni.<\/em><br \/>\n\u00c9n, J\u00e1nos l\u00e1ttam, hogy napkelet fel\u0151l egy m\u00e1sik angyal sz\u00e1ll fel. N\u00e1la volt az \u00e9l\u0151 Isten pecs\u00e9tje. Hangos sz\u00f3val \u00edgy ki\u00e1ltott a n\u00e9gy angyalnak, akiknek hatalmuk volt arra, hogy \u00e1rtsanak a f\u00f6ldnek \u00e9s a tengernek: \u201eNe \u00e1rtsatok se a f\u00f6ldnek, se a tengernek, se a f\u00e1knak, m\u00edg meg nem jel\u00f6lj\u00fck homlokukon Isten\u00fcnk szolg\u00e1it!\u201d<br \/>\nEkkor hallottam a megjel\u00f6ltek sz\u00e1m\u00e1t: sz\u00e1znegyvenn\u00e9gyezren voltak Izrael fiainak minden t\u00f6rzs\u00e9b\u0151l.<br \/>\nEzut\u00e1n akkora sereget l\u00e1ttam, hogy meg sem lehetett sz\u00e1ml\u00e1lni. Minden nemzetb\u0151l \u00e9s t\u00f6rzsb\u0151l, n\u00e9pb\u0151l \u00e9s nyelvb\u0151l \u00e1lltak ott a tr\u00f3n \u00e9s a B\u00e1r\u00e1ny el\u0151tt. Feh\u00e9r ruh\u00e1ban voltak, a kez\u00fckben p\u00e1lma\u00e1ggal. Hangos sz\u00f3val ki\u00e1ltott\u00e1k: \u201e\u00dcdv Isten\u00fcnknek, aki a tr\u00f3non \u00fcl, \u00e9s a B\u00e1r\u00e1nynak!\u201d Az angyalok mind a tr\u00f3n, a v\u00e9nek \u00e9s a n\u00e9gy \u00e9l\u0151l\u00e9ny k\u00f6r\u00fcl \u00e1lltak. Arcra borultak a tr\u00f3n el\u0151tt, \u00e9s im\u00e1dt\u00e1k az Istent: \u201e\u00c1men. \u00c1ld\u00e1s, dics\u0151s\u00e9g, b\u00f6lcsess\u00e9g, h\u00e1la, tisztelet, hatalom \u00e9s er\u0151 a mi Isten\u00fcnknek \u00f6r\u00f6kk\u00f6n-\u00f6r\u00f6kk\u00e9! \u00c1men.\u201d<br \/>\nEkkor a v\u00e9nek k\u00f6z\u00fcl az egyik megsz\u00f3l\u00edtott, \u00e9s megk\u00e9rdezte t\u0151lem. \u201eKik ezek a feh\u00e9r ruh\u00e1sok \u00e9s honnan j\u00f6ttek?\u201d Ezt feleltem: \u201eTe tudod, uram!\u201d Erre \u0151 azt mondta: \u201eEzek a nagy szorongattat\u00e1sb\u00f3l j\u00f6ttek. Ruh\u00e1jukat feh\u00e9rre most\u00e1k a B\u00e1r\u00e1ny v\u00e9r\u00e9ben.\u201d<br \/>\nEz az Isten ig\u00e9je.<\/p>\n<p align=\"justify\"><span style=\"color: #ff6600;\">V\u00c1LASZOS ZSOLT\u00c1R (Zsolt 23,1-2.3-4ab.5-6)<\/span><br \/>\nV\u00e1lasz:\u00a0<strong>Ez az istenkeres\u0151k n\u00e9pe, * mely l\u00e1tni k\u00edv\u00e1nja arcodat, Uram.<\/strong>\u00a0(V\u00f6. 6. vers. &#8211; 5. t\u00f3nus)<br \/>\nEl\u0151\u00e9nekes: Az \u00dar\u00e9 a f\u00f6ld, \u00e9s ami bet\u00f6lti, * a f\u00f6ldkereks\u00e9g, \u00e9s minden lak\u00f3ja.<br \/>\nAlapjait \u0151 \u00e1gyazta tengerek m\u00e9ly\u00e9be, * s a vizek \u00e1rj\u00e1n \u0151 tartja szil\u00e1rdan.<br \/>\nH\u00edvek: Ez az istenkeres\u0151k n\u00e9pe, * mely l\u00e1tni k\u00edv\u00e1nja arcodat, Uram.<br \/>\nE: Ki mehet f\u00f6l az \u00dar hegy\u00e9re, * ki \u00e1llhat meg az \u0151 szent hely\u00e9n.<br \/>\nAki \u00e1rtatlan kez\u0171, tiszta sz\u00edv\u0171, * akinek az esze nem j\u00e1r csal\u00e1son.<br \/>\nH: Ez az istenkeres\u0151k n\u00e9pe, * mely l\u00e1tni k\u00edv\u00e1nja arcodat, Uram.<br \/>\nE: Az nyer \u00e1ld\u00e1st az \u00dart\u00f3l, * \u00e9s megigazul\u00e1st \u00fcdv\u00f6z\u00edt\u0151 Isten\u00e9t\u0151l.<br \/>\nEz az istenkeres\u0151k n\u00e9pe, * amely arc\u00e1t kutatja J\u00e1kob Isten\u00e9nek.<br \/>\nH: Ez az istenkeres\u0151k n\u00e9pe, * mely l\u00e1tni k\u00edv\u00e1nja arcodat, Uram.<\/p>\n<p align=\"justify\"><span style=\"color: #ff6600;\">SZENTLECKE Szent J\u00e1nos apostol els\u0151 level\u00e9b\u0151l (1Jn 3,1-3)<\/span><br \/>\n<em>L\u00e1tni fogjuk Istent \u00fagy, amint van.<\/em><br \/>\nSzeretteim!<br \/>\nN\u00e9zz\u00e9tek, mekkora szeretettel van ir\u00e1ntunk az Atya: Isten gyermekeinek h\u00edvnak minket, \u00e9s azok is vagyunk. A vil\u00e1g az\u00e9rt nem ismer minket, mert \u0151t sem ismeri. Szeretteim, most Isten gyermekei vagyunk, de hogy mik lesz\u00fcnk, az m\u00e9g nem nyilv\u00e1nval\u00f3. Azt tudjuk, hogy ha \u0151 megjelenik, hasonl\u00f3k lesz\u00fcnk hozz\u00e1, mert l\u00e1tni fogjuk \u0151t \u00fagy, amint van. \u00c9s mindenki, aki benne rem\u00e9nykedik, szentt\u00e9 lesz, ahogyan szent \u0151 maga is.<br \/>\nEz az Isten ig\u00e9je.<\/p>\n<p align=\"justify\"><span style=\"color: #ff6600;\">ALLELUJA<\/span><br \/>\nJ\u00f6jjetek hozz\u00e1m mindny\u00e1jan, akik f\u00e1radtak vagytok, \u00e9s terhek alatt g\u00f6rnyedtek. * \u00c9n fel\u00fcd\u00edtelek titeket \u2013 mondja a mi Urunk. Mt 11,28 \u2013 8 G. t\u00f3nus.<\/p>\n<p align=\"justify\"><span style=\"color: #ff6600;\">\u2020 EVANG\u00c9LIUM Szent M\u00e1t\u00e9 k\u00f6nyv\u00e9b\u0151l (Mt 5,1-12a)<\/span><br \/>\n<em>\u00d6r\u00fcljetek \u00e9s ujjongjatok, mert nagy lesz a ti jutalmatok az \u00e9gben.<\/em><br \/>\nAbban az id\u0151ben: J\u00e9zus l\u00e1tva a t\u00f6meget, f\u00f6lment a hegyre, le\u00fclt, tan\u00edtv\u00e1nyai pedig k\u00f6r\u00e9je gy\u0171ltek. Akkor sz\u00f3l\u00e1sra nyitotta ajk\u00e1t, \u00e9s \u00edgy tan\u00edtotta \u0151ket:<br \/>\n\u201eBoldogok a l\u00e9lekben szeg\u00e9nyek, mert \u00f6v\u00e9k a mennyek orsz\u00e1ga.<br \/>\nBoldogok, akik s\u00edrnak, mert \u0151k vigasztal\u00e1st nyernek.<br \/>\nBoldogok a szel\u00eddek, mert \u0151k \u00f6r\u00f6klik a f\u00f6ldet.<br \/>\nBoldogok, akik \u00e9hezik \u00e9s szomjazz\u00e1k az igazs\u00e1got, mert \u0151k kiel\u00e9g\u00edt\u00e9st nyernek.<br \/>\nBoldogok az irgalmasok, mert nekik is irgalmaznak.<br \/>\nBoldogok a tiszta sz\u00edv\u0171ek, mert \u0151k megl\u00e1tj\u00e1k Istent.<br \/>\nBoldogok a b\u00e9kess\u00e9gszerz\u0151k, mert \u0151ket Isten fiainak fogj\u00e1k h\u00edvni.<br \/>\nBoldogok, akiket \u00fcld\u00f6znek az igazs\u00e1g\u00e9rt, mert \u00f6v\u00e9k a mennyek orsz\u00e1ga.<br \/>\nBoldogok vagytok, ha miattam gyal\u00e1znak titeket \u00e9s \u00fcld\u00f6znek, ha hazudozva mindenf\u00e9le gonoszs\u00e1ggal v\u00e1dolnak titeket. \u00d6r\u00fcljetek \u00e9s ujjongjatok, mert nagy lesz a ti jutalmatok az \u00e9gben.\u201d<br \/>\nEzek az evang\u00e9lium ig\u00e9i.<\/p>\n<p align=\"justify\"><span style=\"color: #ff6600;\">EGYETEMES K\u00d6NY\u00d6RG\u00c9SEK &#8211; MINDENSZENTEK \u00dcNNEP\u00c9RE<\/span><\/p>\n<p align=\"justify\">Pap: Im\u00e1dkozzunk, testv\u00e9reim, a mai sz\u00e9p \u00fcnnepen mennyei Aty\u00e1nkhoz, \u00e9s k\u00e9rj\u00fck Isten minden szentj\u00e9t is, hogy k\u00f6zbenj\u00e1r\u00e1sukkal t\u00e1mogass\u00e1k k\u00f6ny\u00f6rg\u00e9s\u00fcnket!<br \/>\nLektor: 1. Add, Urunk, hogy n\u00e9ped \u2013 szentjeid p\u00e9ld\u00e1j\u00e1ra \u2013 minden erej\u00e9vel \u00e9p\u00edtse a te orsz\u00e1godat!<br \/>\nH\u00edvek: K\u00e9r\u00fcnk T\u00e9ged, hallgass meg minket!<br \/>\n2. Add, Urunk, hogy a n\u00e9pek vezet\u0151i kitart\u00f3an f\u00e1radozzanak a r\u00e1juk b\u00edzottak f\u00f6ldi boldogul\u00e1s\u00e1\u00e9rt \u00e9s b\u00e9k\u00e9j\u00e9\u00e9rt!<br \/>\n3. Add, Urunk, hogy a szentek h\u0151sies p\u00e9ld\u00e1ja lelkes\u00edtse h\u00edveidet, \u00e9s ir\u00e1ny\u00edtsa \u0151ket az \u00e9letszents\u00e9g \u00fatj\u00e1ra!<br \/>\n4. Add, Urunk, hogy a szentek k\u00f6zbenj\u00e1r\u00e1sa seg\u00edtse szenved\u0151, beteg \u00e9s gondokkal k\u00fczd\u0151 embert\u00e1rsainkat!<br \/>\n5. S v\u00e9g\u00fcl engedd, hogy meghalt testv\u00e9reinkkel egy\u00fctt mi is r\u00e9szes\u00fclj\u00fcnk a szentek dics\u0151s\u00e9g\u00e9ben!<br \/>\nPap: Urunk, Isten\u00fcnk! Te mindannyiunkat megh\u00edvt\u00e1l szentjeid k\u00f6z\u00e9. Add kegyelmedet, hogy az \u0151 \u00fatjukat j\u00e1rjuk a f\u00f6ld\u00f6n, \u00e9s t\u00e1rsas\u00e1gukban elnyerj\u00fck a boldog \u00f6r\u00f6kk\u00e9val\u00f3s\u00e1got. Krisztus, a mi Urunk \u00e1ltal.<br \/>\nH\u00edvek: \u00c1men.<\/p>\n","protected":false},"excerpt":{"rendered":"<p>Kereszt\u00e9nys\u00e9g\u00fcnk nagyjait \u00fcnnepelj\u00fck \u00e9s k\u00f6sz\u00f6ntj\u00fck. &#8222;Mind hitben hunytak el, de an\u00e9lk\u00fcl, hogy az \u00edg\u00e9ret teljesed\u00e9s\u00e9t meg\u00e9rt\u00e9k volna, csak messzir\u0151l l\u00e1tt\u00e1k \u00e9s \u00fcdv\u00f6z\u00f6lt\u00e9k, elismerve, hogy v\u00e1ndorok \u00e9s j\u00f6vev\u00e9nyek a f\u00f6ld\u00f6n&#8230; Egy jobb haza ut\u00e1n v\u00e1gy\u00f3dtak, a mennyei ut\u00e1n. Ez\u00e9rt az Isten sem sz\u00e9gyelli, hogy Isten\u00fcknek h\u00edvj\u00e1k, hiszen saj\u00e1t haz\u00e1t k\u00e9sz\u00edtett nekik&#8221; (Zsid 11,13. 16). A jobb haz\u00e1ba nemcsak v\u00e1gy\u00f3dtak a szentek, hanem \u00fagy is \u00e9ltek, hogy Istent\u0151l megkapj\u00e1k az \u00f6r\u00f6k \u00e9let koron\u00e1j\u00e1t.\u00a0 * * * * * * * Rendk\u00edv\u00fcl fontos, hogy minden kereszt\u00e9ny tudat\u00e1ban legyen annak a kegyelemnek, amelyben a szent kereszts\u00e9g r\u00e9v\u00e9n r\u00e9szes\u00fclt. A kegyelem \u00e1ltal arra kaptunk hivat\u00e1st, hogy az Atya szeretett gyermekei, a L\u00e9lek \u00e9l\u0151 \u00e9s szent templomai legy\u00fcnk. Ser\u00e9ny \u00e9s h\u00e1l\u00e1s l\u00e9lekkel hallgassuk ism\u00e9t Szent J\u00e1nos evang\u00e9lista szavait: &#8222;N\u00e9zz\u00e9tek, mekkora szeretettel van ir\u00e1ntuk az Atya: Isten gyermekeinek h\u00edvnak minket, \u00e9s azok is vagyunk&#8221; (1 Jn 3,1). (Szent II. J\u00e1nos P\u00e1l p\u00e1pa) OLVASM\u00c1NY a Jelen\u00e9sek k\u00f6nyv\u00e9b\u0151l (Jel 7,2-4.9-14) Akkora sereget l\u00e1ttam, hogy meg sem tehetett sz\u00e1ml\u00e1lni. \u00c9n, J\u00e1nos l\u00e1ttam, hogy napkelet fel\u0151l egy m\u00e1sik angyal sz\u00e1ll fel. N\u00e1la volt az \u00e9l\u0151 Isten pecs\u00e9tje. Hangos sz\u00f3val \u00edgy ki\u00e1ltott a n\u00e9gy angyalnak, akiknek hatalmuk volt arra, hogy \u00e1rtsanak a f\u00f6ldnek \u00e9s a tengernek: \u201eNe \u00e1rtsatok se a f\u00f6ldnek, se a tengernek, se a f\u00e1knak, m\u00edg meg nem jel\u00f6lj\u00fck homlokukon Isten\u00fcnk szolg\u00e1it!\u201d Ekkor hallottam a megjel\u00f6ltek sz\u00e1m\u00e1t: sz\u00e1znegyvenn\u00e9gyezren voltak Izrael fiainak minden t\u00f6rzs\u00e9b\u0151l. Ezut\u00e1n akkora sereget l\u00e1ttam, hogy meg sem lehetett sz\u00e1ml\u00e1lni. Minden nemzetb\u0151l \u00e9s t\u00f6rzsb\u0151l, n\u00e9pb\u0151l \u00e9s nyelvb\u0151l \u00e1lltak ott a tr\u00f3n \u00e9s a B\u00e1r\u00e1ny el\u0151tt. Feh\u00e9r ruh\u00e1ban voltak, a kez\u00fckben p\u00e1lma\u00e1ggal. Hangos sz\u00f3val ki\u00e1ltott\u00e1k: \u201e\u00dcdv Isten\u00fcnknek, aki a tr\u00f3non \u00fcl, \u00e9s a B\u00e1r\u00e1nynak!\u201d Az angyalok mind a tr\u00f3n, a v\u00e9nek \u00e9s a n\u00e9gy \u00e9l\u0151l\u00e9ny k\u00f6r\u00fcl \u00e1lltak. Arcra borultak a tr\u00f3n el\u0151tt, \u00e9s im\u00e1dt\u00e1k az Istent: \u201e\u00c1men. \u00c1ld\u00e1s, dics\u0151s\u00e9g, b\u00f6lcsess\u00e9g, h\u00e1la, tisztelet, hatalom \u00e9s er\u0151 a mi Isten\u00fcnknek \u00f6r\u00f6kk\u00f6n-\u00f6r\u00f6kk\u00e9!&#8230; <\/p>\n<p><a class=\"readmore\" href=\"https:\/\/stuttgarti-katolikusok.de\/index.php\/mindenszentek-unnepe\/\">R\u00e9szletek<\/a><\/p>\n","protected":false},"author":3,"featured_media":20430,"comment_status":"closed","ping_status":"closed","sticky":false,"template":"","format":"standard","meta":{"footnotes":""},"categories":[85],"tags":[],"class_list":["post-27402","post","type-post","status-publish","format-standard","has-post-thumbnail","hentry","category-a-liturgia-olvasmanyai"],"yoast_head":"<!-- This site is optimized with the Yoast SEO plugin v27.3 - https:\/\/yoast.com\/product\/yoast-seo-wordpress\/ -->\n<title>Mindenszentek \u00fcnnepe - Stuttgarti Katolikusok<\/title>\n<meta name=\"robots\" content=\"index, follow, max-snippet:-1, max-image-preview:large, max-video-preview:-1\" \/>\n<link rel=\"canonical\" href=\"https:\/\/stuttgarti-katolikusok.de\/index.php\/mindenszentek-unnepe\/\" \/>\n<meta property=\"og:locale\" content=\"hu_HU\" \/>\n<meta property=\"og:type\" content=\"article\" \/>\n<meta property=\"og:title\" content=\"Mindenszentek \u00fcnnepe - Stuttgarti Katolikusok\" \/>\n<meta property=\"og:description\" content=\"Kereszt\u00e9nys\u00e9g\u00fcnk nagyjait \u00fcnnepelj\u00fck \u00e9s k\u00f6sz\u00f6ntj\u00fck. &#8222;Mind hitben hunytak el, de an\u00e9lk\u00fcl, hogy az \u00edg\u00e9ret teljesed\u00e9s\u00e9t meg\u00e9rt\u00e9k volna, csak messzir\u0151l l\u00e1tt\u00e1k \u00e9s \u00fcdv\u00f6z\u00f6lt\u00e9k, elismerve, hogy v\u00e1ndorok \u00e9s j\u00f6vev\u00e9nyek a f\u00f6ld\u00f6n&#8230; Egy jobb haza ut\u00e1n v\u00e1gy\u00f3dtak, a mennyei ut\u00e1n. Ez\u00e9rt az Isten sem sz\u00e9gyelli, hogy Isten\u00fcknek h\u00edvj\u00e1k, hiszen saj\u00e1t haz\u00e1t k\u00e9sz\u00edtett nekik&#8221; (Zsid 11,13. 16). A jobb haz\u00e1ba nemcsak v\u00e1gy\u00f3dtak a szentek, hanem \u00fagy is \u00e9ltek, hogy Istent\u0151l megkapj\u00e1k az \u00f6r\u00f6k \u00e9let koron\u00e1j\u00e1t.\u00a0 * * * * * * * Rendk\u00edv\u00fcl fontos, hogy minden kereszt\u00e9ny tudat\u00e1ban legyen annak a kegyelemnek, amelyben a szent kereszts\u00e9g r\u00e9v\u00e9n r\u00e9szes\u00fclt. A kegyelem \u00e1ltal arra kaptunk hivat\u00e1st, hogy az Atya szeretett gyermekei, a L\u00e9lek \u00e9l\u0151 \u00e9s szent templomai legy\u00fcnk. Ser\u00e9ny \u00e9s h\u00e1l\u00e1s l\u00e9lekkel hallgassuk ism\u00e9t Szent J\u00e1nos evang\u00e9lista szavait: &#8222;N\u00e9zz\u00e9tek, mekkora szeretettel van ir\u00e1ntuk az Atya: Isten gyermekeinek h\u00edvnak minket, \u00e9s azok is vagyunk&#8221; (1 Jn 3,1). (Szent II. J\u00e1nos P\u00e1l p\u00e1pa) OLVASM\u00c1NY a Jelen\u00e9sek k\u00f6nyv\u00e9b\u0151l (Jel 7,2-4.9-14) Akkora sereget l\u00e1ttam, hogy meg sem tehetett sz\u00e1ml\u00e1lni. \u00c9n, J\u00e1nos l\u00e1ttam, hogy napkelet fel\u0151l egy m\u00e1sik angyal sz\u00e1ll fel. N\u00e1la volt az \u00e9l\u0151 Isten pecs\u00e9tje. Hangos sz\u00f3val \u00edgy ki\u00e1ltott a n\u00e9gy angyalnak, akiknek hatalmuk volt arra, hogy \u00e1rtsanak a f\u00f6ldnek \u00e9s a tengernek: \u201eNe \u00e1rtsatok se a f\u00f6ldnek, se a tengernek, se a f\u00e1knak, m\u00edg meg nem jel\u00f6lj\u00fck homlokukon Isten\u00fcnk szolg\u00e1it!\u201d Ekkor hallottam a megjel\u00f6ltek sz\u00e1m\u00e1t: sz\u00e1znegyvenn\u00e9gyezren voltak Izrael fiainak minden t\u00f6rzs\u00e9b\u0151l. Ezut\u00e1n akkora sereget l\u00e1ttam, hogy meg sem lehetett sz\u00e1ml\u00e1lni. Minden nemzetb\u0151l \u00e9s t\u00f6rzsb\u0151l, n\u00e9pb\u0151l \u00e9s nyelvb\u0151l \u00e1lltak ott a tr\u00f3n \u00e9s a B\u00e1r\u00e1ny el\u0151tt. Feh\u00e9r ruh\u00e1ban voltak, a kez\u00fckben p\u00e1lma\u00e1ggal. Hangos sz\u00f3val ki\u00e1ltott\u00e1k: \u201e\u00dcdv Isten\u00fcnknek, aki a tr\u00f3non \u00fcl, \u00e9s a B\u00e1r\u00e1nynak!\u201d Az angyalok mind a tr\u00f3n, a v\u00e9nek \u00e9s a n\u00e9gy \u00e9l\u0151l\u00e9ny k\u00f6r\u00fcl \u00e1lltak. Arcra borultak a tr\u00f3n el\u0151tt, \u00e9s im\u00e1dt\u00e1k az Istent: \u201e\u00c1men. \u00c1ld\u00e1s, dics\u0151s\u00e9g, b\u00f6lcsess\u00e9g, h\u00e1la, tisztelet, hatalom \u00e9s er\u0151 a mi Isten\u00fcnknek \u00f6r\u00f6kk\u00f6n-\u00f6r\u00f6kk\u00e9!... R\u00e9szletek\" \/>\n<meta property=\"og:url\" content=\"https:\/\/stuttgarti-katolikusok.de\/index.php\/mindenszentek-unnepe\/\" \/>\n<meta property=\"og:site_name\" content=\"Stuttgarti Katolikusok\" \/>\n<meta property=\"article:published_time\" content=\"2025-10-31T11:40:38+00:00\" \/>\n<meta property=\"article:modified_time\" content=\"2025-10-31T13:49:24+00:00\" \/>\n<meta property=\"og:image\" content=\"https:\/\/stuttgarti-katolikusok.de\/wp-content\/uploads\/2020\/11\/ablak-szentek.jpg\" \/>\n\t<meta property=\"og:image:width\" content=\"640\" \/>\n\t<meta property=\"og:image:height\" content=\"396\" \/>\n\t<meta property=\"og:image:type\" content=\"image\/jpeg\" \/>\n<meta name=\"author\" content=\"Tibor atya\" \/>\n<meta name=\"twitter:card\" content=\"summary_large_image\" \/>\n<meta name=\"twitter:label1\" content=\"Szerz\u0151:\" \/>\n\t<meta name=\"twitter:data1\" content=\"Tibor atya\" \/>\n\t<meta name=\"twitter:label2\" content=\"Becs\u00fclt olvas\u00e1si id\u0151\" \/>\n\t<meta name=\"twitter:data2\" content=\"5 perc\" \/>\n<script type=\"application\/ld+json\" class=\"yoast-schema-graph\">{\"@context\":\"https:\\\/\\\/schema.org\",\"@graph\":[{\"@type\":\"Article\",\"@id\":\"https:\\\/\\\/stuttgarti-katolikusok.de\\\/index.php\\\/mindenszentek-unnepe\\\/#article\",\"isPartOf\":{\"@id\":\"https:\\\/\\\/stuttgarti-katolikusok.de\\\/index.php\\\/mindenszentek-unnepe\\\/\"},\"author\":{\"name\":\"Tibor atya\",\"@id\":\"https:\\\/\\\/stuttgarti-katolikusok.de\\\/#\\\/schema\\\/person\\\/75908d6f8fdc03a57889d27209df7795\"},\"headline\":\"Mindenszentek \u00fcnnepe\",\"datePublished\":\"2025-10-31T11:40:38+00:00\",\"dateModified\":\"2025-10-31T13:49:24+00:00\",\"mainEntityOfPage\":{\"@id\":\"https:\\\/\\\/stuttgarti-katolikusok.de\\\/index.php\\\/mindenszentek-unnepe\\\/\"},\"wordCount\":1216,\"image\":{\"@id\":\"https:\\\/\\\/stuttgarti-katolikusok.de\\\/index.php\\\/mindenszentek-unnepe\\\/#primaryimage\"},\"thumbnailUrl\":\"https:\\\/\\\/stuttgarti-katolikusok.de\\\/wp-content\\\/uploads\\\/2020\\\/11\\\/ablak-szentek.jpg\",\"articleSection\":[\"A liturgia olvasm\u00e1nyai\"],\"inLanguage\":\"hu\"},{\"@type\":\"WebPage\",\"@id\":\"https:\\\/\\\/stuttgarti-katolikusok.de\\\/index.php\\\/mindenszentek-unnepe\\\/\",\"url\":\"https:\\\/\\\/stuttgarti-katolikusok.de\\\/index.php\\\/mindenszentek-unnepe\\\/\",\"name\":\"Mindenszentek \u00fcnnepe - Stuttgarti Katolikusok\",\"isPartOf\":{\"@id\":\"https:\\\/\\\/stuttgarti-katolikusok.de\\\/#website\"},\"primaryImageOfPage\":{\"@id\":\"https:\\\/\\\/stuttgarti-katolikusok.de\\\/index.php\\\/mindenszentek-unnepe\\\/#primaryimage\"},\"image\":{\"@id\":\"https:\\\/\\\/stuttgarti-katolikusok.de\\\/index.php\\\/mindenszentek-unnepe\\\/#primaryimage\"},\"thumbnailUrl\":\"https:\\\/\\\/stuttgarti-katolikusok.de\\\/wp-content\\\/uploads\\\/2020\\\/11\\\/ablak-szentek.jpg\",\"datePublished\":\"2025-10-31T11:40:38+00:00\",\"dateModified\":\"2025-10-31T13:49:24+00:00\",\"author\":{\"@id\":\"https:\\\/\\\/stuttgarti-katolikusok.de\\\/#\\\/schema\\\/person\\\/75908d6f8fdc03a57889d27209df7795\"},\"breadcrumb\":{\"@id\":\"https:\\\/\\\/stuttgarti-katolikusok.de\\\/index.php\\\/mindenszentek-unnepe\\\/#breadcrumb\"},\"inLanguage\":\"hu\",\"potentialAction\":[{\"@type\":\"ReadAction\",\"target\":[\"https:\\\/\\\/stuttgarti-katolikusok.de\\\/index.php\\\/mindenszentek-unnepe\\\/\"]}]},{\"@type\":\"ImageObject\",\"inLanguage\":\"hu\",\"@id\":\"https:\\\/\\\/stuttgarti-katolikusok.de\\\/index.php\\\/mindenszentek-unnepe\\\/#primaryimage\",\"url\":\"https:\\\/\\\/stuttgarti-katolikusok.de\\\/wp-content\\\/uploads\\\/2020\\\/11\\\/ablak-szentek.jpg\",\"contentUrl\":\"https:\\\/\\\/stuttgarti-katolikusok.de\\\/wp-content\\\/uploads\\\/2020\\\/11\\\/ablak-szentek.jpg\",\"width\":640,\"height\":396},{\"@type\":\"BreadcrumbList\",\"@id\":\"https:\\\/\\\/stuttgarti-katolikusok.de\\\/index.php\\\/mindenszentek-unnepe\\\/#breadcrumb\",\"itemListElement\":[{\"@type\":\"ListItem\",\"position\":1,\"name\":\"Kezd\u0151lap\",\"item\":\"https:\\\/\\\/stuttgarti-katolikusok.de\\\/\"},{\"@type\":\"ListItem\",\"position\":2,\"name\":\"Mindenszentek \u00fcnnepe\"}]},{\"@type\":\"WebSite\",\"@id\":\"https:\\\/\\\/stuttgarti-katolikusok.de\\\/#website\",\"url\":\"https:\\\/\\\/stuttgarti-katolikusok.de\\\/\",\"name\":\"Stuttgarti Katolikusok\",\"description\":\"\",\"potentialAction\":[{\"@type\":\"SearchAction\",\"target\":{\"@type\":\"EntryPoint\",\"urlTemplate\":\"https:\\\/\\\/stuttgarti-katolikusok.de\\\/?s={search_term_string}\"},\"query-input\":{\"@type\":\"PropertyValueSpecification\",\"valueRequired\":true,\"valueName\":\"search_term_string\"}}],\"inLanguage\":\"hu\"},{\"@type\":\"Person\",\"@id\":\"https:\\\/\\\/stuttgarti-katolikusok.de\\\/#\\\/schema\\\/person\\\/75908d6f8fdc03a57889d27209df7795\",\"name\":\"Tibor atya\",\"image\":{\"@type\":\"ImageObject\",\"inLanguage\":\"hu\",\"@id\":\"https:\\\/\\\/secure.gravatar.com\\\/avatar\\\/61d268e57d1f4525b111222e29d2d5a7f8c420fdbf231ba5566a8ceac74fa960?s=96&d=mm&r=g\",\"url\":\"https:\\\/\\\/secure.gravatar.com\\\/avatar\\\/61d268e57d1f4525b111222e29d2d5a7f8c420fdbf231ba5566a8ceac74fa960?s=96&d=mm&r=g\",\"contentUrl\":\"https:\\\/\\\/secure.gravatar.com\\\/avatar\\\/61d268e57d1f4525b111222e29d2d5a7f8c420fdbf231ba5566a8ceac74fa960?s=96&d=mm&r=g\",\"caption\":\"Tibor atya\"},\"url\":\"https:\\\/\\\/stuttgarti-katolikusok.de\\\/index.php\\\/author\\\/tibor-atya\\\/\"}]}<\/script>\n<!-- \/ Yoast SEO plugin. -->","yoast_head_json":{"title":"Mindenszentek \u00fcnnepe - Stuttgarti Katolikusok","robots":{"index":"index","follow":"follow","max-snippet":"max-snippet:-1","max-image-preview":"max-image-preview:large","max-video-preview":"max-video-preview:-1"},"canonical":"https:\/\/stuttgarti-katolikusok.de\/index.php\/mindenszentek-unnepe\/","og_locale":"hu_HU","og_type":"article","og_title":"Mindenszentek \u00fcnnepe - Stuttgarti Katolikusok","og_description":"Kereszt\u00e9nys\u00e9g\u00fcnk nagyjait \u00fcnnepelj\u00fck \u00e9s k\u00f6sz\u00f6ntj\u00fck. &#8222;Mind hitben hunytak el, de an\u00e9lk\u00fcl, hogy az \u00edg\u00e9ret teljesed\u00e9s\u00e9t meg\u00e9rt\u00e9k volna, csak messzir\u0151l l\u00e1tt\u00e1k \u00e9s \u00fcdv\u00f6z\u00f6lt\u00e9k, elismerve, hogy v\u00e1ndorok \u00e9s j\u00f6vev\u00e9nyek a f\u00f6ld\u00f6n&#8230; Egy jobb haza ut\u00e1n v\u00e1gy\u00f3dtak, a mennyei ut\u00e1n. Ez\u00e9rt az Isten sem sz\u00e9gyelli, hogy Isten\u00fcknek h\u00edvj\u00e1k, hiszen saj\u00e1t haz\u00e1t k\u00e9sz\u00edtett nekik&#8221; (Zsid 11,13. 16). A jobb haz\u00e1ba nemcsak v\u00e1gy\u00f3dtak a szentek, hanem \u00fagy is \u00e9ltek, hogy Istent\u0151l megkapj\u00e1k az \u00f6r\u00f6k \u00e9let koron\u00e1j\u00e1t.\u00a0 * * * * * * * Rendk\u00edv\u00fcl fontos, hogy minden kereszt\u00e9ny tudat\u00e1ban legyen annak a kegyelemnek, amelyben a szent kereszts\u00e9g r\u00e9v\u00e9n r\u00e9szes\u00fclt. A kegyelem \u00e1ltal arra kaptunk hivat\u00e1st, hogy az Atya szeretett gyermekei, a L\u00e9lek \u00e9l\u0151 \u00e9s szent templomai legy\u00fcnk. Ser\u00e9ny \u00e9s h\u00e1l\u00e1s l\u00e9lekkel hallgassuk ism\u00e9t Szent J\u00e1nos evang\u00e9lista szavait: &#8222;N\u00e9zz\u00e9tek, mekkora szeretettel van ir\u00e1ntuk az Atya: Isten gyermekeinek h\u00edvnak minket, \u00e9s azok is vagyunk&#8221; (1 Jn 3,1). (Szent II. J\u00e1nos P\u00e1l p\u00e1pa) OLVASM\u00c1NY a Jelen\u00e9sek k\u00f6nyv\u00e9b\u0151l (Jel 7,2-4.9-14) Akkora sereget l\u00e1ttam, hogy meg sem tehetett sz\u00e1ml\u00e1lni. \u00c9n, J\u00e1nos l\u00e1ttam, hogy napkelet fel\u0151l egy m\u00e1sik angyal sz\u00e1ll fel. N\u00e1la volt az \u00e9l\u0151 Isten pecs\u00e9tje. Hangos sz\u00f3val \u00edgy ki\u00e1ltott a n\u00e9gy angyalnak, akiknek hatalmuk volt arra, hogy \u00e1rtsanak a f\u00f6ldnek \u00e9s a tengernek: \u201eNe \u00e1rtsatok se a f\u00f6ldnek, se a tengernek, se a f\u00e1knak, m\u00edg meg nem jel\u00f6lj\u00fck homlokukon Isten\u00fcnk szolg\u00e1it!\u201d Ekkor hallottam a megjel\u00f6ltek sz\u00e1m\u00e1t: sz\u00e1znegyvenn\u00e9gyezren voltak Izrael fiainak minden t\u00f6rzs\u00e9b\u0151l. Ezut\u00e1n akkora sereget l\u00e1ttam, hogy meg sem lehetett sz\u00e1ml\u00e1lni. Minden nemzetb\u0151l \u00e9s t\u00f6rzsb\u0151l, n\u00e9pb\u0151l \u00e9s nyelvb\u0151l \u00e1lltak ott a tr\u00f3n \u00e9s a B\u00e1r\u00e1ny el\u0151tt. Feh\u00e9r ruh\u00e1ban voltak, a kez\u00fckben p\u00e1lma\u00e1ggal. Hangos sz\u00f3val ki\u00e1ltott\u00e1k: \u201e\u00dcdv Isten\u00fcnknek, aki a tr\u00f3non \u00fcl, \u00e9s a B\u00e1r\u00e1nynak!\u201d Az angyalok mind a tr\u00f3n, a v\u00e9nek \u00e9s a n\u00e9gy \u00e9l\u0151l\u00e9ny k\u00f6r\u00fcl \u00e1lltak. Arcra borultak a tr\u00f3n el\u0151tt, \u00e9s im\u00e1dt\u00e1k az Istent: \u201e\u00c1men. \u00c1ld\u00e1s, dics\u0151s\u00e9g, b\u00f6lcsess\u00e9g, h\u00e1la, tisztelet, hatalom \u00e9s er\u0151 a mi Isten\u00fcnknek \u00f6r\u00f6kk\u00f6n-\u00f6r\u00f6kk\u00e9!... R\u00e9szletek","og_url":"https:\/\/stuttgarti-katolikusok.de\/index.php\/mindenszentek-unnepe\/","og_site_name":"Stuttgarti Katolikusok","article_published_time":"2025-10-31T11:40:38+00:00","article_modified_time":"2025-10-31T13:49:24+00:00","og_image":[{"width":640,"height":396,"url":"https:\/\/stuttgarti-katolikusok.de\/wp-content\/uploads\/2020\/11\/ablak-szentek.jpg","type":"image\/jpeg"}],"author":"Tibor atya","twitter_card":"summary_large_image","twitter_misc":{"Szerz\u0151:":"Tibor atya","Becs\u00fclt olvas\u00e1si id\u0151":"5 perc"},"schema":{"@context":"https:\/\/schema.org","@graph":[{"@type":"Article","@id":"https:\/\/stuttgarti-katolikusok.de\/index.php\/mindenszentek-unnepe\/#article","isPartOf":{"@id":"https:\/\/stuttgarti-katolikusok.de\/index.php\/mindenszentek-unnepe\/"},"author":{"name":"Tibor atya","@id":"https:\/\/stuttgarti-katolikusok.de\/#\/schema\/person\/75908d6f8fdc03a57889d27209df7795"},"headline":"Mindenszentek \u00fcnnepe","datePublished":"2025-10-31T11:40:38+00:00","dateModified":"2025-10-31T13:49:24+00:00","mainEntityOfPage":{"@id":"https:\/\/stuttgarti-katolikusok.de\/index.php\/mindenszentek-unnepe\/"},"wordCount":1216,"image":{"@id":"https:\/\/stuttgarti-katolikusok.de\/index.php\/mindenszentek-unnepe\/#primaryimage"},"thumbnailUrl":"https:\/\/stuttgarti-katolikusok.de\/wp-content\/uploads\/2020\/11\/ablak-szentek.jpg","articleSection":["A liturgia olvasm\u00e1nyai"],"inLanguage":"hu"},{"@type":"WebPage","@id":"https:\/\/stuttgarti-katolikusok.de\/index.php\/mindenszentek-unnepe\/","url":"https:\/\/stuttgarti-katolikusok.de\/index.php\/mindenszentek-unnepe\/","name":"Mindenszentek \u00fcnnepe - Stuttgarti Katolikusok","isPartOf":{"@id":"https:\/\/stuttgarti-katolikusok.de\/#website"},"primaryImageOfPage":{"@id":"https:\/\/stuttgarti-katolikusok.de\/index.php\/mindenszentek-unnepe\/#primaryimage"},"image":{"@id":"https:\/\/stuttgarti-katolikusok.de\/index.php\/mindenszentek-unnepe\/#primaryimage"},"thumbnailUrl":"https:\/\/stuttgarti-katolikusok.de\/wp-content\/uploads\/2020\/11\/ablak-szentek.jpg","datePublished":"2025-10-31T11:40:38+00:00","dateModified":"2025-10-31T13:49:24+00:00","author":{"@id":"https:\/\/stuttgarti-katolikusok.de\/#\/schema\/person\/75908d6f8fdc03a57889d27209df7795"},"breadcrumb":{"@id":"https:\/\/stuttgarti-katolikusok.de\/index.php\/mindenszentek-unnepe\/#breadcrumb"},"inLanguage":"hu","potentialAction":[{"@type":"ReadAction","target":["https:\/\/stuttgarti-katolikusok.de\/index.php\/mindenszentek-unnepe\/"]}]},{"@type":"ImageObject","inLanguage":"hu","@id":"https:\/\/stuttgarti-katolikusok.de\/index.php\/mindenszentek-unnepe\/#primaryimage","url":"https:\/\/stuttgarti-katolikusok.de\/wp-content\/uploads\/2020\/11\/ablak-szentek.jpg","contentUrl":"https:\/\/stuttgarti-katolikusok.de\/wp-content\/uploads\/2020\/11\/ablak-szentek.jpg","width":640,"height":396},{"@type":"BreadcrumbList","@id":"https:\/\/stuttgarti-katolikusok.de\/index.php\/mindenszentek-unnepe\/#breadcrumb","itemListElement":[{"@type":"ListItem","position":1,"name":"Kezd\u0151lap","item":"https:\/\/stuttgarti-katolikusok.de\/"},{"@type":"ListItem","position":2,"name":"Mindenszentek \u00fcnnepe"}]},{"@type":"WebSite","@id":"https:\/\/stuttgarti-katolikusok.de\/#website","url":"https:\/\/stuttgarti-katolikusok.de\/","name":"Stuttgarti Katolikusok","description":"","potentialAction":[{"@type":"SearchAction","target":{"@type":"EntryPoint","urlTemplate":"https:\/\/stuttgarti-katolikusok.de\/?s={search_term_string}"},"query-input":{"@type":"PropertyValueSpecification","valueRequired":true,"valueName":"search_term_string"}}],"inLanguage":"hu"},{"@type":"Person","@id":"https:\/\/stuttgarti-katolikusok.de\/#\/schema\/person\/75908d6f8fdc03a57889d27209df7795","name":"Tibor atya","image":{"@type":"ImageObject","inLanguage":"hu","@id":"https:\/\/secure.gravatar.com\/avatar\/61d268e57d1f4525b111222e29d2d5a7f8c420fdbf231ba5566a8ceac74fa960?s=96&d=mm&r=g","url":"https:\/\/secure.gravatar.com\/avatar\/61d268e57d1f4525b111222e29d2d5a7f8c420fdbf231ba5566a8ceac74fa960?s=96&d=mm&r=g","contentUrl":"https:\/\/secure.gravatar.com\/avatar\/61d268e57d1f4525b111222e29d2d5a7f8c420fdbf231ba5566a8ceac74fa960?s=96&d=mm&r=g","caption":"Tibor atya"},"url":"https:\/\/stuttgarti-katolikusok.de\/index.php\/author\/tibor-atya\/"}]}},"_links":{"self":[{"href":"https:\/\/stuttgarti-katolikusok.de\/index.php\/wp-json\/wp\/v2\/posts\/27402","targetHints":{"allow":["GET"]}}],"collection":[{"href":"https:\/\/stuttgarti-katolikusok.de\/index.php\/wp-json\/wp\/v2\/posts"}],"about":[{"href":"https:\/\/stuttgarti-katolikusok.de\/index.php\/wp-json\/wp\/v2\/types\/post"}],"author":[{"embeddable":true,"href":"https:\/\/stuttgarti-katolikusok.de\/index.php\/wp-json\/wp\/v2\/users\/3"}],"replies":[{"embeddable":true,"href":"https:\/\/stuttgarti-katolikusok.de\/index.php\/wp-json\/wp\/v2\/comments?post=27402"}],"version-history":[{"count":4,"href":"https:\/\/stuttgarti-katolikusok.de\/index.php\/wp-json\/wp\/v2\/posts\/27402\/revisions"}],"predecessor-version":[{"id":29629,"href":"https:\/\/stuttgarti-katolikusok.de\/index.php\/wp-json\/wp\/v2\/posts\/27402\/revisions\/29629"}],"wp:featuredmedia":[{"embeddable":true,"href":"https:\/\/stuttgarti-katolikusok.de\/index.php\/wp-json\/wp\/v2\/media\/20430"}],"wp:attachment":[{"href":"https:\/\/stuttgarti-katolikusok.de\/index.php\/wp-json\/wp\/v2\/media?parent=27402"}],"wp:term":[{"taxonomy":"category","embeddable":true,"href":"https:\/\/stuttgarti-katolikusok.de\/index.php\/wp-json\/wp\/v2\/categories?post=27402"},{"taxonomy":"post_tag","embeddable":true,"href":"https:\/\/stuttgarti-katolikusok.de\/index.php\/wp-json\/wp\/v2\/tags?post=27402"}],"curies":[{"name":"wp","href":"https:\/\/api.w.org\/{rel}","templated":true}]}}