{"id":27385,"date":"2023-10-28T06:10:55","date_gmt":"2023-10-28T04:10:55","guid":{"rendered":"https:\/\/stuttgarti-katolikusok.de\/?p=27385"},"modified":"2023-10-28T06:12:15","modified_gmt":"2023-10-28T04:12:15","slug":"evkozi-30-vasarnap","status":"publish","type":"post","link":"https:\/\/stuttgarti-katolikusok.de\/index.php\/evkozi-30-vasarnap\/","title":{"rendered":"\u00c9vk\u00f6zi 30. vas\u00e1rnap"},"content":{"rendered":"<p><span style=\"color: #339966;\">Kezd\u0151\u00e9nek:<\/span><br \/>\nAz Urat keres\u0151 sz\u00edvek \u00f6rvendezzenek! Keress\u00e9tek az Urat \u00e9s hatalmas erej\u00e9t, keress\u00e9tek az \u0151 arc\u00e1t mindig! (Zsolt 104,3-4)<\/p>\n<p><span style=\"color: #339966;\">K\u00f6ny\u00f6rg\u00e9s:<\/span><br \/>\nMindenhat\u00f3, \u00f6r\u00f6k Isten, n\u00f6veld benn\u00fcnk a hitet, a rem\u00e9nyt \u00e9s a szeretetet. Add, hogy szeress\u00fck, amit parancsolsz, \u00e9s seg\u00edts, hogy elnyerj\u00fck, amit \u00edg\u00e9rsz. A mi Urunk, J\u00e9zus Krisztus, a te Fiad \u00e1ltal, aki veled \u00e9l \u00e9s uralkodik a Szentl\u00e9lekkel egys\u00e9gben, Isten mind\u00f6r\u00f6kk\u00f6n \u00f6r\u00f6kk\u00e9.<\/p>\n<p align=\"justify\"><span style=\"color: #339966;\">OLVASM\u00c1NY M\u00f3zes m\u00e1sodik k\u00f6nyv\u00e9b\u0151l (Kiv 22,20-26)<\/span><br \/>\n<em>Ha az \u00f6zvegyet \u00e9s \u00e1rv\u00e1t sanyargatj\u00e1tok, fellobban ellenetek haragom.<\/em><br \/>\nEzt mondja az \u00dar: Az idegent ne haszn\u00e1ld ki \u00e9s ne nyomd el, hiszen ti is idegenek voltatok Egyiptomban.<br \/>\nAz \u00f6zvegyet \u00e9s \u00e1rv\u00e1t ne sanyargass\u00e1tok. Ha sanyargatj\u00e1tok \u0151ket, s \u0151k hozz\u00e1m ki\u00e1ltanak, meghallom panaszukat, \u00e9s fellobban haragom. Kard \u00e1ltal vesz\u00edtelek el benneteket, hogy asszonyaitok \u00f6zvegyek, gyermekeitek \u00e1rv\u00e1k legyenek.<br \/>\nHa a n\u00e9pemb\u0151l val\u00f3 szeg\u00e9nynek, aki k\u00f6z\u00f6tted \u00e9l, p\u00e9nzt k\u00f6lcs\u00f6n\u00f6z\u00f6l, ne viselkedj vele szemben uzsor\u00e1s m\u00f3dj\u00e1ra. Ne k\u00f6vetelj t\u0151le kamatot. Ha embert\u00e1rsad k\u00f6nt\u00f6s\u00e9t z\u00e1logba veszed, napsz\u00e1lltakor add vissza neki. Hisz ez az egyetlen takar\u00f3ja, amelybe beburkolja test\u00e9t. K\u00fcl\u00f6nben mivel takar\u00f3zna? Ha hozz\u00e1m ki\u00e1lt, meghallgatom, mert irgalmas vagyok.<br \/>\nEz az Isten ig\u00e9je.<\/p>\n<p align=\"justify\"><span style=\"color: #339966;\">V\u00c1LASZOS ZSOLT\u00c1R (Zsolt 17,2-3a.3bc-4.47 \u00e9s 51ab)<\/span><br \/>\nV\u00e1lasz:\u00a0<strong>Szeretlek, Uram, Istenem, * \u00e9n er\u0151ss\u00e9gem.<\/strong>\u00a02. t\u00f3nus.<br \/>\nEl\u0151\u00e9nekes: Szeretlek, Uram, Istenem, * \u00e9n er\u0151ss\u00e9gem.<br \/>\nMened\u00e9kem \u00e9s sziklav\u00e1ram, * szabad\u00edt\u00f3m te vagy, Uram.<br \/>\nH\u00edvek: Szeretlek, Uram, Istenem, * \u00e9n er\u0151ss\u00e9gem.<br \/>\nE: Istenem, seg\u00edt\u0151m, akiben rem\u00e9lek, * oltalmaz\u00f3m, p\u00e1rtfog\u00f3m \u00e9s \u00fcdv\u00f6m ereje.<br \/>\nAz \u00darhoz ki\u00e1ltok, aki dics\u00e9retre m\u00e9lt\u00f3, * \u00e9s megszabadulok ellens\u00e9geimt\u0151l.<br \/>\nH: Szeretlek, Uram, Istenem, * \u00e9n er\u0151ss\u00e9gem.<br \/>\nE: \u00c9l az \u00dar, az \u00e9n \u00e1ldott seg\u00edt\u0151m, * legyen dics\u0151s\u00e9g \u00fcdv\u00f6m Isten\u00e9nek.<br \/>\nFelmagasztalta kir\u00e1ly\u00e1t, gy\u0151zelmet adott n\u00e9ki, * irgalmas volt f\u00f6lkentj\u00e9hez.<br \/>\nH: Szeretlek, Uram, Istenem, * \u00e9n er\u0151ss\u00e9gem.<\/p>\n<p align=\"justify\"><span style=\"color: #339966;\">SZENTLECKE Szent P\u00e1l apostolnak a tesszaloniki h\u00edvekhez \u00edrt els\u0151 level\u00e9b\u0151l (1Tessz 1,5c-10)<\/span><br \/>\n<em>Elfordultatok a b\u00e1lv\u00e1nyokt\u00f3l, hogy az Istennek szolg\u00e1ljatok \u00e9s v\u00e1rj\u00e1tok a mennyb\u0151l az \u0151 Fi\u00e1t.<\/em><br \/>\nTestv\u00e9reim!<br \/>\nMindny\u00e1jan tudj\u00e1tok, hogy hogyan viselkedt\u00fcnk k\u00f6r\u00f6t\u00f6kben a ti szolg\u00e1latotokra. Ti pedig az \u00dar \u00e9s a mi k\u00f6vet\u0151ink lettetek. A tan\u00edt\u00e1st a sok neh\u00e9zs\u00e9g ellen\u00e9re is a Szentl\u00e9lek \u00f6r\u00f6m\u00e9vel fogadt\u00e1tok, \u00e9s \u00edgy Maked\u00f3ni\u00e1ban \u00e9s Ah\u00e1j\u00e1ban minden h\u00edv\u0151nek p\u00e9ldak\u00e9pei lettetek. Istenbe vetett hitetek minden\u00fctt ismertt\u00e9 v\u00e1lt, ez\u00e9rt nem is kell r\u00f3la besz\u00e9ln\u00fcnk. Az emberek magukt\u00f3l mondj\u00e1k el, hogyan fogadtatok minket, hogyan fordultatok a b\u00e1lv\u00e1nyokt\u00f3l az Istenhez, hogy az \u00e9l\u0151 \u00e9s igaz Istennek szolg\u00e1ljatok \u00e9s v\u00e1rj\u00e1tok a mennyb\u0151l Fi\u00e1t, J\u00e9zust, akit a hal\u00e1lb\u00f3l felt\u00e1masztott, s aki megment minket az elj\u00f6vend\u0151 haragt\u00f3l.<br \/>\nEz az Isten ig\u00e9je.<\/p>\n<p align=\"justify\"><span style=\"color: #339966;\">ALLELUJA<\/span><br \/>\nJ\u00e9zus mondja: \u2020 Aki szeret engem, megfogadja szavamat, * Aty\u00e1m is szeretni fogja, \u00e9s hozz\u00e1 k\u00f6lt\u00f6z\u00fcnk. Jn 14,23 \u2013 8 G. t\u00f3nus.<\/p>\n<p align=\"justify\"><span style=\"color: #339966;\">\u2020 EVANG\u00c9LIUM Szent M\u00e1t\u00e9 k\u00f6nyv\u00e9b\u0151l (Mt 22,34-40)<\/span><br \/>\n<em>Szeresd az Urat, a te Istenedet, \u00e9s felebar\u00e1todat, mint saj\u00e1t magadat.<\/em><br \/>\nAbban az id\u0151ben: Amikor a farizeusok meghallott\u00e1k, hogy J\u00e9zus hogyan hallgattatta el a szadduceusokat, k\u00f6r\u00e9je gy\u0171ltek \u00e9s egyik\u00fck, egy t\u00f6rv\u00e9nytud\u00f3 alattomos sz\u00e1nd\u00e9kkal a k\u00f6vetkez\u0151 k\u00e9rd\u00e9st tette fel neki: \u201eMester, melyik a legf\u0151bb parancs a t\u00f6rv\u00e9nyben?\u201d J\u00e9zus \u00edgy v\u00e1laszolt: \u201eSzeresd az Urat, a te Istenedet teljes sz\u00edveddel, teljes lelkeddel \u00e9s eg\u00e9sz \u00e9rtelmeddel. Ez az els\u0151 \u00e9s legf\u0151bb parancsolat. A m\u00e1sodik hasonl\u00f3 ehhez: Szeresd felebar\u00e1todat, mint saj\u00e1t magadat. E k\u00e9t parancson nyugszik az eg\u00e9sz t\u00f6rv\u00e9ny \u00e9s a pr\u00f3f\u00e9t\u00e1k.\u201d<br \/>\nEzek az evang\u00e9lium ig\u00e9i.<\/p>\n<p><span style=\"color: #339966;\">EGYETEMES K\u00d6NY\u00d6RG\u00c9SEK<\/span><br \/>\nPap: Testv\u00e9reim! Krisztus tan\u00edtja, hogy a legf\u0151bb parancs a szeretet. K\u00e9rj\u00fck mennyei Aty\u00e1nkat, hogy e nagy parancsot mindig szem el\u0151tt tartsuk!<br \/>\nLektor: 1. Szentaty\u00e1nk, Ferenc p\u00e1pa, f\u0151p\u00e1sztoraink \u00e9s a lelkip\u00e1sztorok \u00e9let\u00fckkel tegyenek tan\u00fas\u00e1got a szeretet nagy parancs\u00e1r\u00f3l!<br \/>\nH\u00edvek: K\u00e9r\u00fcnk T\u00e9ged, hallgass meg minket!<br \/>\n2. A szeretet k\u00f6tel\u00e9ke tartsa \u00f6ssze a vil\u00e1g n\u00e9peit, hogy b\u00e9k\u00e9ben \u00e9s egym\u00e1st seg\u00edtve \u00e9ljenek!<br \/>\nH\u00edvek: K\u00e9r\u00fcnk T\u00e9ged, hallgass meg minket!<br \/>\n3. A szeretet vezesse h\u00edv\u0151 n\u00e9pedet, hogy kit\u00e1rja sz\u00edv\u00e9t a nemh\u00edv\u0151 testv\u00e9rek fel\u00e9 is!<br \/>\nH\u00edvek: K\u00e9r\u00fcnk T\u00e9ged, hallgass meg minket!<br \/>\n4. A szeretet ir\u00e1ny\u00edtson benn\u00fcnket embert\u00e1rsaink testi-lelki jav\u00e1nak szolg\u00e1lat\u00e1ban!<br \/>\nH\u00edvek: K\u00e9r\u00fcnk T\u00e9ged, hallgass meg minket!<br \/>\n5. A szeretet elszak\u00edthatatlan k\u00f6tel\u00e9ke f\u0171zze egym\u00e1shoz a csal\u00e1dok tagjait, a sz\u00fcl\u0151ket \u00e9s a gyermekeket, az id\u0151seket \u00e9s a fiatalokat!<br \/>\nH\u00edvek: K\u00e9r\u00fcnk T\u00e9ged, hallgass meg minket!<br \/>\nPap: Mennyei Aty\u00e1nk! Seg\u00edts kegyelmeddel, hogy a benned h\u00edv\u0151k k\u00f6z\u00f6tt megval\u00f3suljon a lelki egys\u00e9g, \u00e9s mindny\u00e1junkat kapcsoljon egybe a testv\u00e9ri szeretet! Krisztus, a mi Urunk \u00e1ltal.<br \/>\nH\u00edvek: \u00c1men.<\/p>\n<p><span style=\"color: #339966;\">Felaj\u00e1nl\u00f3 k\u00f6ny\u00f6rg\u00e9s:<\/span><br \/>\nK\u00e9r\u00fcnk, Isten\u00fcnk, fogadd sz\u00edvesen \u00e1ldozati adom\u00e1nyainkat, amelyeket F\u00f6ls\u00e9gednek felaj\u00e1nlunk, hogy szolg\u00e1latunk egyre nagyobb dics\u0151s\u00e9gedre v\u00e1lj\u00e9k. Krisztus, a mi Urunk \u00e1ltal.<\/p>\n<p><span style=\"color: #339966;\">\u00c1ldoz\u00e1si \u00e9nek:<\/span><br \/>\n\u00d6rvendez\u00fcnk, mert \u00dcdv\u00f6z\u00edt\u0151nk vagy, Urunk, Isten\u00fcnk, a te neved a mi dics\u0151s\u00e9g\u00fcnk. (V\u00f6. Zsolt 19,6)<br \/>\n<span style=\"color: #339966;\"><em>vagy<\/em><\/span><br \/>\nKrisztus szeretett minket, \u00e9s odaadta mag\u00e1t \u00e9rt\u00fcnk j\u00f3 illat\u00fa \u00e1ldozati adom\u00e1nyk\u00e9nt az Istennek. (Ef 5,2)<\/p>\n<p><span style=\"color: #339966;\">\u00c1ldoz\u00e1s ut\u00e1ni k\u00f6ny\u00f6rg\u00e9s:<\/span><br \/>\nK\u00e9r\u00fcnk, Isten\u00fcnk, m\u0171k\u00f6dj\u00e9k hat\u00e9konyan benn\u00fcnk a szent\u00e1ldoz\u00e1s kegyelme, hogy amit most a szent sz\u00ednek alatt magunkhoz vett\u00fcnk, azt a maga teljes val\u00f3s\u00e1g\u00e1ban is elnyerj\u00fck. Krisztus, a mi Urunk \u00e1ltal.<\/p>\n<p><em>(K\u00e9p forr\u00e1sa: Pixabay.com)<\/em><\/p>\n","protected":false},"excerpt":{"rendered":"<p>Kezd\u0151\u00e9nek: Az Urat keres\u0151 sz\u00edvek \u00f6rvendezzenek! Keress\u00e9tek az Urat \u00e9s hatalmas erej\u00e9t, keress\u00e9tek az \u0151 arc\u00e1t mindig! (Zsolt 104,3-4) K\u00f6ny\u00f6rg\u00e9s: Mindenhat\u00f3, \u00f6r\u00f6k Isten, n\u00f6veld benn\u00fcnk a hitet, a rem\u00e9nyt \u00e9s a szeretetet. Add, hogy szeress\u00fck, amit parancsolsz, \u00e9s seg\u00edts, hogy elnyerj\u00fck, amit \u00edg\u00e9rsz. A mi Urunk, J\u00e9zus Krisztus, a te Fiad \u00e1ltal, aki veled \u00e9l \u00e9s uralkodik a Szentl\u00e9lekkel egys\u00e9gben, Isten mind\u00f6r\u00f6kk\u00f6n \u00f6r\u00f6kk\u00e9. OLVASM\u00c1NY M\u00f3zes m\u00e1sodik k\u00f6nyv\u00e9b\u0151l (Kiv 22,20-26) Ha az \u00f6zvegyet \u00e9s \u00e1rv\u00e1t sanyargatj\u00e1tok, fellobban ellenetek haragom. Ezt mondja az \u00dar: Az idegent ne haszn\u00e1ld ki \u00e9s ne nyomd el, hiszen ti is idegenek voltatok Egyiptomban. Az \u00f6zvegyet \u00e9s \u00e1rv\u00e1t ne sanyargass\u00e1tok. Ha sanyargatj\u00e1tok \u0151ket, s \u0151k hozz\u00e1m ki\u00e1ltanak, meghallom panaszukat, \u00e9s fellobban haragom. Kard \u00e1ltal vesz\u00edtelek el benneteket, hogy asszonyaitok \u00f6zvegyek, gyermekeitek \u00e1rv\u00e1k legyenek. Ha a n\u00e9pemb\u0151l val\u00f3 szeg\u00e9nynek, aki k\u00f6z\u00f6tted \u00e9l, p\u00e9nzt k\u00f6lcs\u00f6n\u00f6z\u00f6l, ne viselkedj vele szemben uzsor\u00e1s m\u00f3dj\u00e1ra. Ne k\u00f6vetelj t\u0151le kamatot. Ha embert\u00e1rsad k\u00f6nt\u00f6s\u00e9t z\u00e1logba veszed, napsz\u00e1lltakor add vissza neki. Hisz ez az egyetlen takar\u00f3ja, amelybe beburkolja test\u00e9t. K\u00fcl\u00f6nben mivel takar\u00f3zna? Ha hozz\u00e1m ki\u00e1lt, meghallgatom, mert irgalmas vagyok. Ez az Isten ig\u00e9je. V\u00c1LASZOS ZSOLT\u00c1R (Zsolt 17,2-3a.3bc-4.47 \u00e9s 51ab) V\u00e1lasz:\u00a0Szeretlek, Uram, Istenem, * \u00e9n er\u0151ss\u00e9gem.\u00a02. t\u00f3nus. El\u0151\u00e9nekes: Szeretlek, Uram, Istenem, * \u00e9n er\u0151ss\u00e9gem. Mened\u00e9kem \u00e9s sziklav\u00e1ram, * szabad\u00edt\u00f3m te vagy, Uram. H\u00edvek: Szeretlek, Uram, Istenem, * \u00e9n er\u0151ss\u00e9gem. E: Istenem, seg\u00edt\u0151m, akiben rem\u00e9lek, * oltalmaz\u00f3m, p\u00e1rtfog\u00f3m \u00e9s \u00fcdv\u00f6m ereje. Az \u00darhoz ki\u00e1ltok, aki dics\u00e9retre m\u00e9lt\u00f3, * \u00e9s megszabadulok ellens\u00e9geimt\u0151l. H: Szeretlek, Uram, Istenem, * \u00e9n er\u0151ss\u00e9gem. E: \u00c9l az \u00dar, az \u00e9n \u00e1ldott seg\u00edt\u0151m, * legyen dics\u0151s\u00e9g \u00fcdv\u00f6m Isten\u00e9nek. Felmagasztalta kir\u00e1ly\u00e1t, gy\u0151zelmet adott n\u00e9ki, * irgalmas volt f\u00f6lkentj\u00e9hez. H: Szeretlek, Uram, Istenem, * \u00e9n er\u0151ss\u00e9gem. SZENTLECKE Szent P\u00e1l apostolnak a tesszaloniki h\u00edvekhez \u00edrt els\u0151 level\u00e9b\u0151l (1Tessz 1,5c-10) Elfordultatok a b\u00e1lv\u00e1nyokt\u00f3l, hogy az Istennek szolg\u00e1ljatok \u00e9s v\u00e1rj\u00e1tok a mennyb\u0151l az \u0151 Fi\u00e1t. Testv\u00e9reim! Mindny\u00e1jan tudj\u00e1tok, hogy hogyan&#8230; <\/p>\n<p><a class=\"readmore\" href=\"https:\/\/stuttgarti-katolikusok.de\/index.php\/evkozi-30-vasarnap\/\">R\u00e9szletek<\/a><\/p>\n","protected":false},"author":3,"featured_media":27386,"comment_status":"closed","ping_status":"closed","sticky":false,"template":"","format":"standard","meta":{"footnotes":""},"categories":[85,63],"tags":[],"class_list":["post-27385","post","type-post","status-publish","format-standard","has-post-thumbnail","hentry","category-a-liturgia-olvasmanyai","category-vasarnapi-gondolatok"],"yoast_head":"<!-- This site is optimized with the Yoast SEO plugin v27.3 - https:\/\/yoast.com\/product\/yoast-seo-wordpress\/ -->\n<title>\u00c9vk\u00f6zi 30. vas\u00e1rnap - Stuttgarti Katolikusok<\/title>\n<meta name=\"robots\" content=\"index, follow, max-snippet:-1, max-image-preview:large, max-video-preview:-1\" \/>\n<link rel=\"canonical\" href=\"https:\/\/stuttgarti-katolikusok.de\/index.php\/evkozi-30-vasarnap\/\" \/>\n<meta property=\"og:locale\" content=\"hu_HU\" \/>\n<meta property=\"og:type\" content=\"article\" \/>\n<meta property=\"og:title\" content=\"\u00c9vk\u00f6zi 30. vas\u00e1rnap - Stuttgarti Katolikusok\" \/>\n<meta property=\"og:description\" content=\"Kezd\u0151\u00e9nek: Az Urat keres\u0151 sz\u00edvek \u00f6rvendezzenek! Keress\u00e9tek az Urat \u00e9s hatalmas erej\u00e9t, keress\u00e9tek az \u0151 arc\u00e1t mindig! (Zsolt 104,3-4) K\u00f6ny\u00f6rg\u00e9s: Mindenhat\u00f3, \u00f6r\u00f6k Isten, n\u00f6veld benn\u00fcnk a hitet, a rem\u00e9nyt \u00e9s a szeretetet. Add, hogy szeress\u00fck, amit parancsolsz, \u00e9s seg\u00edts, hogy elnyerj\u00fck, amit \u00edg\u00e9rsz. A mi Urunk, J\u00e9zus Krisztus, a te Fiad \u00e1ltal, aki veled \u00e9l \u00e9s uralkodik a Szentl\u00e9lekkel egys\u00e9gben, Isten mind\u00f6r\u00f6kk\u00f6n \u00f6r\u00f6kk\u00e9. OLVASM\u00c1NY M\u00f3zes m\u00e1sodik k\u00f6nyv\u00e9b\u0151l (Kiv 22,20-26) Ha az \u00f6zvegyet \u00e9s \u00e1rv\u00e1t sanyargatj\u00e1tok, fellobban ellenetek haragom. Ezt mondja az \u00dar: Az idegent ne haszn\u00e1ld ki \u00e9s ne nyomd el, hiszen ti is idegenek voltatok Egyiptomban. Az \u00f6zvegyet \u00e9s \u00e1rv\u00e1t ne sanyargass\u00e1tok. Ha sanyargatj\u00e1tok \u0151ket, s \u0151k hozz\u00e1m ki\u00e1ltanak, meghallom panaszukat, \u00e9s fellobban haragom. Kard \u00e1ltal vesz\u00edtelek el benneteket, hogy asszonyaitok \u00f6zvegyek, gyermekeitek \u00e1rv\u00e1k legyenek. Ha a n\u00e9pemb\u0151l val\u00f3 szeg\u00e9nynek, aki k\u00f6z\u00f6tted \u00e9l, p\u00e9nzt k\u00f6lcs\u00f6n\u00f6z\u00f6l, ne viselkedj vele szemben uzsor\u00e1s m\u00f3dj\u00e1ra. Ne k\u00f6vetelj t\u0151le kamatot. Ha embert\u00e1rsad k\u00f6nt\u00f6s\u00e9t z\u00e1logba veszed, napsz\u00e1lltakor add vissza neki. Hisz ez az egyetlen takar\u00f3ja, amelybe beburkolja test\u00e9t. K\u00fcl\u00f6nben mivel takar\u00f3zna? Ha hozz\u00e1m ki\u00e1lt, meghallgatom, mert irgalmas vagyok. Ez az Isten ig\u00e9je. V\u00c1LASZOS ZSOLT\u00c1R (Zsolt 17,2-3a.3bc-4.47 \u00e9s 51ab) V\u00e1lasz:\u00a0Szeretlek, Uram, Istenem, * \u00e9n er\u0151ss\u00e9gem.\u00a02. t\u00f3nus. El\u0151\u00e9nekes: Szeretlek, Uram, Istenem, * \u00e9n er\u0151ss\u00e9gem. Mened\u00e9kem \u00e9s sziklav\u00e1ram, * szabad\u00edt\u00f3m te vagy, Uram. H\u00edvek: Szeretlek, Uram, Istenem, * \u00e9n er\u0151ss\u00e9gem. E: Istenem, seg\u00edt\u0151m, akiben rem\u00e9lek, * oltalmaz\u00f3m, p\u00e1rtfog\u00f3m \u00e9s \u00fcdv\u00f6m ereje. Az \u00darhoz ki\u00e1ltok, aki dics\u00e9retre m\u00e9lt\u00f3, * \u00e9s megszabadulok ellens\u00e9geimt\u0151l. H: Szeretlek, Uram, Istenem, * \u00e9n er\u0151ss\u00e9gem. E: \u00c9l az \u00dar, az \u00e9n \u00e1ldott seg\u00edt\u0151m, * legyen dics\u0151s\u00e9g \u00fcdv\u00f6m Isten\u00e9nek. Felmagasztalta kir\u00e1ly\u00e1t, gy\u0151zelmet adott n\u00e9ki, * irgalmas volt f\u00f6lkentj\u00e9hez. H: Szeretlek, Uram, Istenem, * \u00e9n er\u0151ss\u00e9gem. SZENTLECKE Szent P\u00e1l apostolnak a tesszaloniki h\u00edvekhez \u00edrt els\u0151 level\u00e9b\u0151l (1Tessz 1,5c-10) Elfordultatok a b\u00e1lv\u00e1nyokt\u00f3l, hogy az Istennek szolg\u00e1ljatok \u00e9s v\u00e1rj\u00e1tok a mennyb\u0151l az \u0151 Fi\u00e1t. Testv\u00e9reim! Mindny\u00e1jan tudj\u00e1tok, hogy hogyan... R\u00e9szletek\" \/>\n<meta property=\"og:url\" content=\"https:\/\/stuttgarti-katolikusok.de\/index.php\/evkozi-30-vasarnap\/\" \/>\n<meta property=\"og:site_name\" content=\"Stuttgarti Katolikusok\" \/>\n<meta property=\"article:published_time\" content=\"2023-10-28T04:10:55+00:00\" \/>\n<meta property=\"article:modified_time\" content=\"2023-10-28T04:12:15+00:00\" \/>\n<meta property=\"og:image\" content=\"https:\/\/stuttgarti-katolikusok.de\/wp-content\/uploads\/2023\/10\/road-1072823-1280.jpg\" \/>\n\t<meta property=\"og:image:width\" content=\"1280\" \/>\n\t<meta property=\"og:image:height\" content=\"748\" \/>\n\t<meta property=\"og:image:type\" content=\"image\/jpeg\" \/>\n<meta name=\"author\" content=\"Tibor atya\" \/>\n<meta name=\"twitter:card\" content=\"summary_large_image\" \/>\n<meta name=\"twitter:label1\" content=\"Szerz\u0151:\" \/>\n\t<meta name=\"twitter:data1\" content=\"Tibor atya\" \/>\n\t<meta name=\"twitter:label2\" content=\"Becs\u00fclt olvas\u00e1si id\u0151\" \/>\n\t<meta name=\"twitter:data2\" content=\"5 perc\" \/>\n<script type=\"application\/ld+json\" class=\"yoast-schema-graph\">{\"@context\":\"https:\\\/\\\/schema.org\",\"@graph\":[{\"@type\":\"Article\",\"@id\":\"https:\\\/\\\/stuttgarti-katolikusok.de\\\/index.php\\\/evkozi-30-vasarnap\\\/#article\",\"isPartOf\":{\"@id\":\"https:\\\/\\\/stuttgarti-katolikusok.de\\\/index.php\\\/evkozi-30-vasarnap\\\/\"},\"author\":{\"name\":\"Tibor atya\",\"@id\":\"https:\\\/\\\/stuttgarti-katolikusok.de\\\/#\\\/schema\\\/person\\\/75908d6f8fdc03a57889d27209df7795\"},\"headline\":\"\u00c9vk\u00f6zi 30. vas\u00e1rnap\",\"datePublished\":\"2023-10-28T04:10:55+00:00\",\"dateModified\":\"2023-10-28T04:12:15+00:00\",\"mainEntityOfPage\":{\"@id\":\"https:\\\/\\\/stuttgarti-katolikusok.de\\\/index.php\\\/evkozi-30-vasarnap\\\/\"},\"wordCount\":1094,\"image\":{\"@id\":\"https:\\\/\\\/stuttgarti-katolikusok.de\\\/index.php\\\/evkozi-30-vasarnap\\\/#primaryimage\"},\"thumbnailUrl\":\"https:\\\/\\\/stuttgarti-katolikusok.de\\\/wp-content\\\/uploads\\\/2023\\\/10\\\/road-1072823-1280.jpg\",\"articleSection\":[\"A liturgia olvasm\u00e1nyai\",\"Vas\u00e1rnapi gondolatok\"],\"inLanguage\":\"hu\"},{\"@type\":\"WebPage\",\"@id\":\"https:\\\/\\\/stuttgarti-katolikusok.de\\\/index.php\\\/evkozi-30-vasarnap\\\/\",\"url\":\"https:\\\/\\\/stuttgarti-katolikusok.de\\\/index.php\\\/evkozi-30-vasarnap\\\/\",\"name\":\"\u00c9vk\u00f6zi 30. vas\u00e1rnap - Stuttgarti Katolikusok\",\"isPartOf\":{\"@id\":\"https:\\\/\\\/stuttgarti-katolikusok.de\\\/#website\"},\"primaryImageOfPage\":{\"@id\":\"https:\\\/\\\/stuttgarti-katolikusok.de\\\/index.php\\\/evkozi-30-vasarnap\\\/#primaryimage\"},\"image\":{\"@id\":\"https:\\\/\\\/stuttgarti-katolikusok.de\\\/index.php\\\/evkozi-30-vasarnap\\\/#primaryimage\"},\"thumbnailUrl\":\"https:\\\/\\\/stuttgarti-katolikusok.de\\\/wp-content\\\/uploads\\\/2023\\\/10\\\/road-1072823-1280.jpg\",\"datePublished\":\"2023-10-28T04:10:55+00:00\",\"dateModified\":\"2023-10-28T04:12:15+00:00\",\"author\":{\"@id\":\"https:\\\/\\\/stuttgarti-katolikusok.de\\\/#\\\/schema\\\/person\\\/75908d6f8fdc03a57889d27209df7795\"},\"breadcrumb\":{\"@id\":\"https:\\\/\\\/stuttgarti-katolikusok.de\\\/index.php\\\/evkozi-30-vasarnap\\\/#breadcrumb\"},\"inLanguage\":\"hu\",\"potentialAction\":[{\"@type\":\"ReadAction\",\"target\":[\"https:\\\/\\\/stuttgarti-katolikusok.de\\\/index.php\\\/evkozi-30-vasarnap\\\/\"]}]},{\"@type\":\"ImageObject\",\"inLanguage\":\"hu\",\"@id\":\"https:\\\/\\\/stuttgarti-katolikusok.de\\\/index.php\\\/evkozi-30-vasarnap\\\/#primaryimage\",\"url\":\"https:\\\/\\\/stuttgarti-katolikusok.de\\\/wp-content\\\/uploads\\\/2023\\\/10\\\/road-1072823-1280.jpg\",\"contentUrl\":\"https:\\\/\\\/stuttgarti-katolikusok.de\\\/wp-content\\\/uploads\\\/2023\\\/10\\\/road-1072823-1280.jpg\",\"width\":1280,\"height\":748},{\"@type\":\"BreadcrumbList\",\"@id\":\"https:\\\/\\\/stuttgarti-katolikusok.de\\\/index.php\\\/evkozi-30-vasarnap\\\/#breadcrumb\",\"itemListElement\":[{\"@type\":\"ListItem\",\"position\":1,\"name\":\"Kezd\u0151lap\",\"item\":\"https:\\\/\\\/stuttgarti-katolikusok.de\\\/\"},{\"@type\":\"ListItem\",\"position\":2,\"name\":\"\u00c9vk\u00f6zi 30. vas\u00e1rnap\"}]},{\"@type\":\"WebSite\",\"@id\":\"https:\\\/\\\/stuttgarti-katolikusok.de\\\/#website\",\"url\":\"https:\\\/\\\/stuttgarti-katolikusok.de\\\/\",\"name\":\"Stuttgarti Katolikusok\",\"description\":\"\",\"potentialAction\":[{\"@type\":\"SearchAction\",\"target\":{\"@type\":\"EntryPoint\",\"urlTemplate\":\"https:\\\/\\\/stuttgarti-katolikusok.de\\\/?s={search_term_string}\"},\"query-input\":{\"@type\":\"PropertyValueSpecification\",\"valueRequired\":true,\"valueName\":\"search_term_string\"}}],\"inLanguage\":\"hu\"},{\"@type\":\"Person\",\"@id\":\"https:\\\/\\\/stuttgarti-katolikusok.de\\\/#\\\/schema\\\/person\\\/75908d6f8fdc03a57889d27209df7795\",\"name\":\"Tibor atya\",\"image\":{\"@type\":\"ImageObject\",\"inLanguage\":\"hu\",\"@id\":\"https:\\\/\\\/secure.gravatar.com\\\/avatar\\\/61d268e57d1f4525b111222e29d2d5a7f8c420fdbf231ba5566a8ceac74fa960?s=96&d=mm&r=g\",\"url\":\"https:\\\/\\\/secure.gravatar.com\\\/avatar\\\/61d268e57d1f4525b111222e29d2d5a7f8c420fdbf231ba5566a8ceac74fa960?s=96&d=mm&r=g\",\"contentUrl\":\"https:\\\/\\\/secure.gravatar.com\\\/avatar\\\/61d268e57d1f4525b111222e29d2d5a7f8c420fdbf231ba5566a8ceac74fa960?s=96&d=mm&r=g\",\"caption\":\"Tibor atya\"},\"url\":\"https:\\\/\\\/stuttgarti-katolikusok.de\\\/index.php\\\/author\\\/tibor-atya\\\/\"}]}<\/script>\n<!-- \/ Yoast SEO plugin. -->","yoast_head_json":{"title":"\u00c9vk\u00f6zi 30. vas\u00e1rnap - Stuttgarti Katolikusok","robots":{"index":"index","follow":"follow","max-snippet":"max-snippet:-1","max-image-preview":"max-image-preview:large","max-video-preview":"max-video-preview:-1"},"canonical":"https:\/\/stuttgarti-katolikusok.de\/index.php\/evkozi-30-vasarnap\/","og_locale":"hu_HU","og_type":"article","og_title":"\u00c9vk\u00f6zi 30. vas\u00e1rnap - Stuttgarti Katolikusok","og_description":"Kezd\u0151\u00e9nek: Az Urat keres\u0151 sz\u00edvek \u00f6rvendezzenek! Keress\u00e9tek az Urat \u00e9s hatalmas erej\u00e9t, keress\u00e9tek az \u0151 arc\u00e1t mindig! (Zsolt 104,3-4) K\u00f6ny\u00f6rg\u00e9s: Mindenhat\u00f3, \u00f6r\u00f6k Isten, n\u00f6veld benn\u00fcnk a hitet, a rem\u00e9nyt \u00e9s a szeretetet. Add, hogy szeress\u00fck, amit parancsolsz, \u00e9s seg\u00edts, hogy elnyerj\u00fck, amit \u00edg\u00e9rsz. A mi Urunk, J\u00e9zus Krisztus, a te Fiad \u00e1ltal, aki veled \u00e9l \u00e9s uralkodik a Szentl\u00e9lekkel egys\u00e9gben, Isten mind\u00f6r\u00f6kk\u00f6n \u00f6r\u00f6kk\u00e9. OLVASM\u00c1NY M\u00f3zes m\u00e1sodik k\u00f6nyv\u00e9b\u0151l (Kiv 22,20-26) Ha az \u00f6zvegyet \u00e9s \u00e1rv\u00e1t sanyargatj\u00e1tok, fellobban ellenetek haragom. Ezt mondja az \u00dar: Az idegent ne haszn\u00e1ld ki \u00e9s ne nyomd el, hiszen ti is idegenek voltatok Egyiptomban. Az \u00f6zvegyet \u00e9s \u00e1rv\u00e1t ne sanyargass\u00e1tok. Ha sanyargatj\u00e1tok \u0151ket, s \u0151k hozz\u00e1m ki\u00e1ltanak, meghallom panaszukat, \u00e9s fellobban haragom. Kard \u00e1ltal vesz\u00edtelek el benneteket, hogy asszonyaitok \u00f6zvegyek, gyermekeitek \u00e1rv\u00e1k legyenek. Ha a n\u00e9pemb\u0151l val\u00f3 szeg\u00e9nynek, aki k\u00f6z\u00f6tted \u00e9l, p\u00e9nzt k\u00f6lcs\u00f6n\u00f6z\u00f6l, ne viselkedj vele szemben uzsor\u00e1s m\u00f3dj\u00e1ra. Ne k\u00f6vetelj t\u0151le kamatot. Ha embert\u00e1rsad k\u00f6nt\u00f6s\u00e9t z\u00e1logba veszed, napsz\u00e1lltakor add vissza neki. Hisz ez az egyetlen takar\u00f3ja, amelybe beburkolja test\u00e9t. K\u00fcl\u00f6nben mivel takar\u00f3zna? Ha hozz\u00e1m ki\u00e1lt, meghallgatom, mert irgalmas vagyok. Ez az Isten ig\u00e9je. V\u00c1LASZOS ZSOLT\u00c1R (Zsolt 17,2-3a.3bc-4.47 \u00e9s 51ab) V\u00e1lasz:\u00a0Szeretlek, Uram, Istenem, * \u00e9n er\u0151ss\u00e9gem.\u00a02. t\u00f3nus. El\u0151\u00e9nekes: Szeretlek, Uram, Istenem, * \u00e9n er\u0151ss\u00e9gem. Mened\u00e9kem \u00e9s sziklav\u00e1ram, * szabad\u00edt\u00f3m te vagy, Uram. H\u00edvek: Szeretlek, Uram, Istenem, * \u00e9n er\u0151ss\u00e9gem. E: Istenem, seg\u00edt\u0151m, akiben rem\u00e9lek, * oltalmaz\u00f3m, p\u00e1rtfog\u00f3m \u00e9s \u00fcdv\u00f6m ereje. Az \u00darhoz ki\u00e1ltok, aki dics\u00e9retre m\u00e9lt\u00f3, * \u00e9s megszabadulok ellens\u00e9geimt\u0151l. H: Szeretlek, Uram, Istenem, * \u00e9n er\u0151ss\u00e9gem. E: \u00c9l az \u00dar, az \u00e9n \u00e1ldott seg\u00edt\u0151m, * legyen dics\u0151s\u00e9g \u00fcdv\u00f6m Isten\u00e9nek. Felmagasztalta kir\u00e1ly\u00e1t, gy\u0151zelmet adott n\u00e9ki, * irgalmas volt f\u00f6lkentj\u00e9hez. H: Szeretlek, Uram, Istenem, * \u00e9n er\u0151ss\u00e9gem. SZENTLECKE Szent P\u00e1l apostolnak a tesszaloniki h\u00edvekhez \u00edrt els\u0151 level\u00e9b\u0151l (1Tessz 1,5c-10) Elfordultatok a b\u00e1lv\u00e1nyokt\u00f3l, hogy az Istennek szolg\u00e1ljatok \u00e9s v\u00e1rj\u00e1tok a mennyb\u0151l az \u0151 Fi\u00e1t. Testv\u00e9reim! Mindny\u00e1jan tudj\u00e1tok, hogy hogyan... R\u00e9szletek","og_url":"https:\/\/stuttgarti-katolikusok.de\/index.php\/evkozi-30-vasarnap\/","og_site_name":"Stuttgarti Katolikusok","article_published_time":"2023-10-28T04:10:55+00:00","article_modified_time":"2023-10-28T04:12:15+00:00","og_image":[{"width":1280,"height":748,"url":"https:\/\/stuttgarti-katolikusok.de\/wp-content\/uploads\/2023\/10\/road-1072823-1280.jpg","type":"image\/jpeg"}],"author":"Tibor atya","twitter_card":"summary_large_image","twitter_misc":{"Szerz\u0151:":"Tibor atya","Becs\u00fclt olvas\u00e1si id\u0151":"5 perc"},"schema":{"@context":"https:\/\/schema.org","@graph":[{"@type":"Article","@id":"https:\/\/stuttgarti-katolikusok.de\/index.php\/evkozi-30-vasarnap\/#article","isPartOf":{"@id":"https:\/\/stuttgarti-katolikusok.de\/index.php\/evkozi-30-vasarnap\/"},"author":{"name":"Tibor atya","@id":"https:\/\/stuttgarti-katolikusok.de\/#\/schema\/person\/75908d6f8fdc03a57889d27209df7795"},"headline":"\u00c9vk\u00f6zi 30. vas\u00e1rnap","datePublished":"2023-10-28T04:10:55+00:00","dateModified":"2023-10-28T04:12:15+00:00","mainEntityOfPage":{"@id":"https:\/\/stuttgarti-katolikusok.de\/index.php\/evkozi-30-vasarnap\/"},"wordCount":1094,"image":{"@id":"https:\/\/stuttgarti-katolikusok.de\/index.php\/evkozi-30-vasarnap\/#primaryimage"},"thumbnailUrl":"https:\/\/stuttgarti-katolikusok.de\/wp-content\/uploads\/2023\/10\/road-1072823-1280.jpg","articleSection":["A liturgia olvasm\u00e1nyai","Vas\u00e1rnapi gondolatok"],"inLanguage":"hu"},{"@type":"WebPage","@id":"https:\/\/stuttgarti-katolikusok.de\/index.php\/evkozi-30-vasarnap\/","url":"https:\/\/stuttgarti-katolikusok.de\/index.php\/evkozi-30-vasarnap\/","name":"\u00c9vk\u00f6zi 30. vas\u00e1rnap - Stuttgarti Katolikusok","isPartOf":{"@id":"https:\/\/stuttgarti-katolikusok.de\/#website"},"primaryImageOfPage":{"@id":"https:\/\/stuttgarti-katolikusok.de\/index.php\/evkozi-30-vasarnap\/#primaryimage"},"image":{"@id":"https:\/\/stuttgarti-katolikusok.de\/index.php\/evkozi-30-vasarnap\/#primaryimage"},"thumbnailUrl":"https:\/\/stuttgarti-katolikusok.de\/wp-content\/uploads\/2023\/10\/road-1072823-1280.jpg","datePublished":"2023-10-28T04:10:55+00:00","dateModified":"2023-10-28T04:12:15+00:00","author":{"@id":"https:\/\/stuttgarti-katolikusok.de\/#\/schema\/person\/75908d6f8fdc03a57889d27209df7795"},"breadcrumb":{"@id":"https:\/\/stuttgarti-katolikusok.de\/index.php\/evkozi-30-vasarnap\/#breadcrumb"},"inLanguage":"hu","potentialAction":[{"@type":"ReadAction","target":["https:\/\/stuttgarti-katolikusok.de\/index.php\/evkozi-30-vasarnap\/"]}]},{"@type":"ImageObject","inLanguage":"hu","@id":"https:\/\/stuttgarti-katolikusok.de\/index.php\/evkozi-30-vasarnap\/#primaryimage","url":"https:\/\/stuttgarti-katolikusok.de\/wp-content\/uploads\/2023\/10\/road-1072823-1280.jpg","contentUrl":"https:\/\/stuttgarti-katolikusok.de\/wp-content\/uploads\/2023\/10\/road-1072823-1280.jpg","width":1280,"height":748},{"@type":"BreadcrumbList","@id":"https:\/\/stuttgarti-katolikusok.de\/index.php\/evkozi-30-vasarnap\/#breadcrumb","itemListElement":[{"@type":"ListItem","position":1,"name":"Kezd\u0151lap","item":"https:\/\/stuttgarti-katolikusok.de\/"},{"@type":"ListItem","position":2,"name":"\u00c9vk\u00f6zi 30. vas\u00e1rnap"}]},{"@type":"WebSite","@id":"https:\/\/stuttgarti-katolikusok.de\/#website","url":"https:\/\/stuttgarti-katolikusok.de\/","name":"Stuttgarti Katolikusok","description":"","potentialAction":[{"@type":"SearchAction","target":{"@type":"EntryPoint","urlTemplate":"https:\/\/stuttgarti-katolikusok.de\/?s={search_term_string}"},"query-input":{"@type":"PropertyValueSpecification","valueRequired":true,"valueName":"search_term_string"}}],"inLanguage":"hu"},{"@type":"Person","@id":"https:\/\/stuttgarti-katolikusok.de\/#\/schema\/person\/75908d6f8fdc03a57889d27209df7795","name":"Tibor atya","image":{"@type":"ImageObject","inLanguage":"hu","@id":"https:\/\/secure.gravatar.com\/avatar\/61d268e57d1f4525b111222e29d2d5a7f8c420fdbf231ba5566a8ceac74fa960?s=96&d=mm&r=g","url":"https:\/\/secure.gravatar.com\/avatar\/61d268e57d1f4525b111222e29d2d5a7f8c420fdbf231ba5566a8ceac74fa960?s=96&d=mm&r=g","contentUrl":"https:\/\/secure.gravatar.com\/avatar\/61d268e57d1f4525b111222e29d2d5a7f8c420fdbf231ba5566a8ceac74fa960?s=96&d=mm&r=g","caption":"Tibor atya"},"url":"https:\/\/stuttgarti-katolikusok.de\/index.php\/author\/tibor-atya\/"}]}},"_links":{"self":[{"href":"https:\/\/stuttgarti-katolikusok.de\/index.php\/wp-json\/wp\/v2\/posts\/27385","targetHints":{"allow":["GET"]}}],"collection":[{"href":"https:\/\/stuttgarti-katolikusok.de\/index.php\/wp-json\/wp\/v2\/posts"}],"about":[{"href":"https:\/\/stuttgarti-katolikusok.de\/index.php\/wp-json\/wp\/v2\/types\/post"}],"author":[{"embeddable":true,"href":"https:\/\/stuttgarti-katolikusok.de\/index.php\/wp-json\/wp\/v2\/users\/3"}],"replies":[{"embeddable":true,"href":"https:\/\/stuttgarti-katolikusok.de\/index.php\/wp-json\/wp\/v2\/comments?post=27385"}],"version-history":[{"count":3,"href":"https:\/\/stuttgarti-katolikusok.de\/index.php\/wp-json\/wp\/v2\/posts\/27385\/revisions"}],"predecessor-version":[{"id":27389,"href":"https:\/\/stuttgarti-katolikusok.de\/index.php\/wp-json\/wp\/v2\/posts\/27385\/revisions\/27389"}],"wp:featuredmedia":[{"embeddable":true,"href":"https:\/\/stuttgarti-katolikusok.de\/index.php\/wp-json\/wp\/v2\/media\/27386"}],"wp:attachment":[{"href":"https:\/\/stuttgarti-katolikusok.de\/index.php\/wp-json\/wp\/v2\/media?parent=27385"}],"wp:term":[{"taxonomy":"category","embeddable":true,"href":"https:\/\/stuttgarti-katolikusok.de\/index.php\/wp-json\/wp\/v2\/categories?post=27385"},{"taxonomy":"post_tag","embeddable":true,"href":"https:\/\/stuttgarti-katolikusok.de\/index.php\/wp-json\/wp\/v2\/tags?post=27385"}],"curies":[{"name":"wp","href":"https:\/\/api.w.org\/{rel}","templated":true}]}}