{"id":27359,"date":"2023-10-20T23:57:50","date_gmt":"2023-10-20T21:57:50","guid":{"rendered":"https:\/\/stuttgarti-katolikusok.de\/?p=27359"},"modified":"2023-10-20T23:57:50","modified_gmt":"2023-10-20T21:57:50","slug":"evkozi-29-vasarnap-a-missziok-vasarnapja","status":"publish","type":"post","link":"https:\/\/stuttgarti-katolikusok.de\/index.php\/evkozi-29-vasarnap-a-missziok-vasarnapja\/","title":{"rendered":"\u00c9vk\u00f6zi 29. vas\u00e1rnap \u2013 A misszi\u00f3k vas\u00e1rnapja"},"content":{"rendered":"<p><span style=\"color: #339966;\">Kezd\u0151\u00e9nek:<\/span><br \/>\nHozz\u00e1d ki\u00e1ltok, mert te meghallgatsz, Istenem, ford\u00edtsd fel\u00e9m f\u00fcledet, hallgasd meg szavam! \u00d3vj engem, Uram, mint szemed f\u00e9ny\u00e9t, sz\u00e1rnyad \u00e1rny\u00e9k\u00e1ban v\u00e9dj meg engem! (Zsolt 16,6.8)<\/p>\n<p><span style=\"color: #339966;\">K\u00f6ny\u00f6rg\u00e9s:<\/span><br \/>\nMindenhat\u00f3, \u00f6r\u00f6k Isten, add, hogy mindenkor k\u00e9szs\u00e9ges akarattal \u00e9s \u0151szinte sz\u00edvvel szolg\u00e1ljunk neked. A mi Urunk, J\u00e9zus Krisztus, a te Fiad \u00e1ltal, aki veled \u00e9l \u00e9s uralkodik a Szentl\u00e9lekkel egys\u00e9gben, Isten mind\u00f6r\u00f6kk\u00f6n \u00f6r\u00f6kk\u00e9.<\/p>\n<p align=\"justify\"><span style=\"color: #339966;\">OLVASM\u00c1NY Izaj\u00e1s pr\u00f3f\u00e9ta k\u00f6nyv\u00e9b\u0151l (Iz 45,1.4-6)<\/span><br \/>\n<em>Megfogtam K\u00fcrosz jobbj\u00e1t, hogy sz\u00edne el\u0151tt megh\u00f3dol\u00e1sra b\u00edrjam a nemzeteket.<\/em><br \/>\nAz \u00dar \u00edgy sz\u00f3l f\u00f6lkentj\u00e9hez, K\u00fcroszhoz, akinek megfogja jobbj\u00e1t, hogy sz\u00edne el\u0151tt megh\u00f3dol\u00e1sra b\u00edrja a nemzeteket, \u00e9s megoldja a kir\u00e1lyok derek\u00e1n az \u00f6vet; hogy megnyissa el\u0151tte a kapukat, \u00e9s ne maradjon egyetlen kapu se z\u00e1rva: \u201eSzolg\u00e1m\u00e9rt, J\u00e1kob\u00e9rt, \u00e9s v\u00e1lasztottam\u00e9rt, Izrael\u00e9rt sz\u00f3l\u00edtottalak neveden.<br \/>\nDics\u0151 nevet adtam neked, b\u00e1r nem ismert\u00e9l. \u00c9n vagyok az \u00dar, \u00e9s senki m\u00e1s. Rajtam k\u00edv\u00fcl nincs m\u00e1s isten.<br \/>\nB\u00e1r nem ismersz, m\u00e9gis fel\u00f6vezlek, hogy napkelett\u0151l napnyugatig megtudj\u00e1k: rajtam k\u00edv\u00fcl nincsen m\u00e1s. \u00c9n vagyok az \u00dar, \u00e9s senki m\u00e1s.\u201d<br \/>\nEz az Isten ig\u00e9je.<\/p>\n<p align=\"justify\"><span style=\"color: #339966;\">V\u00c1LASZOS ZSOLT\u00c1R (Zsolt 95,1.3.4-5.7-8.9-10a.c)<\/span><br \/>\nV\u00e1lasz:\u00a0<strong>Adjatok az \u00darnak dics\u0151s\u00e9get, * ismerj\u00e9tek el hatalm\u00e1t.<\/strong>\u00a04g. t\u00f3nus.<br \/>\nEl\u0151\u00e9nekes: \u00c9nekeljetek az \u00darnak \u00faj \u00e9neket, * minden f\u00f6ld az \u00darnak \u00e9nekeljen.<br \/>\nHirdess\u00e9tek dics\u0151s\u00e9g\u00e9t a nemzetek k\u00f6z\u00f6tt, * \u00e9s csodatetteit minden n\u00e9pnek.<br \/>\nH\u00edvek: Adjatok az \u00darnak dics\u0151s\u00e9get, * ismerj\u00e9tek el hatalm\u00e1t.<br \/>\nE: Mert nagy az \u00dar, \u00e9s minden dics\u00e9retre m\u00e9lt\u00f3, * f\u00e9lelmetesebb az \u00f6sszes istenekn\u00e9l.<br \/>\nA n\u00e9pek minden istene csak \u00fcres semmis\u00e9g, * az \u00dar azonban az \u00e9g alkot\u00f3ja.<br \/>\nH: Adjatok az \u00darnak dics\u0151s\u00e9get, * ismerj\u00e9tek el hatalm\u00e1t.<br \/>\nE: N\u00e9pek csal\u00e1djai, adjatok az \u00darnak, * adjatok az \u00darnak dics\u0151s\u00e9get \u00e9s hatalmat.<br \/>\nIsmerj\u00e9tek el az \u00dar nev\u00e9nek dics\u0151s\u00e9g\u00e9t, * \u00e1ldozatot hozva l\u00e9pjetek udvar\u00e1ba.<br \/>\nH: Adjatok az \u00darnak dics\u0151s\u00e9get, * ismerj\u00e9tek el hatalm\u00e1t.<br \/>\nE: Boruljatok le az \u00dar el\u0151tt, * sz\u00edne el\u0151tt rend\u00fclj\u00f6n meg az eg\u00e9sz f\u00f6ld.<br \/>\nMondj\u00e1tok a nemzeteknek: \u201eAz \u00dar uralkodik, * igazs\u00e1gban \u00edt\u00e9li meg a n\u00e9peket.<br \/>\nH: Adjatok az \u00darnak dics\u0151s\u00e9get, * ismerj\u00e9tek el hatalm\u00e1t.<\/p>\n<p align=\"justify\"><span style=\"color: #339966;\">SZENTLECKE Szent P\u00e1l apostolnak a tesszaloniki h\u00edvekhez \u00edrt els\u0151 level\u00e9b\u0151l (1Tessz 1,1-5b)<\/span><br \/>\n<em>Megeml\u00e9kez\u00fcnk hitetekr\u0151l, szeretetekr\u0151l \u00e9s rem\u00e9nyetekr\u0151l.<\/em><br \/>\nP\u00e1l, Szilv\u00e1nusz \u00e9s Tim\u00f3teus a tesszalonikiek egyh\u00e1z\u00e1nak az Atyaistenben \u00e9s Urunkban, J\u00e9zus Krisztusban: Kegyelem nektek \u00e9s b\u00e9kess\u00e9g! Mindenkor h\u00e1l\u00e1t adunk Istennek mindny\u00e1jatok\u00e9rt, ah\u00e1nyszor csak megeml\u00e9kez\u00fcnk r\u00f3latok im\u00e1ds\u00e1gainkban. Sz\u00fcntelen gondolunk Isten\u00fcnk \u00e9s Aty\u00e1nk el\u0151tt tev\u00e9keny hitetekre, \u00e1ldozatos szeretetetekre \u00e9s Urunkba, J\u00e9zus Krisztusba vetett szil\u00e1rd rem\u00e9nyetekre. Testv\u00e9reim, kiket az \u00dar szeret! J\u00f3l tudj\u00e1tok, hogy v\u00e1lasztottak vagytok! Hiszen az evang\u00e9liumot nem csak sz\u00f3val hirdett\u00fck k\u00f6ztetek, hanem er\u0151vel, Szentl\u00e9lekkel \u00e9s m\u00e9lys\u00e9ges meggy\u0151z\u0151d\u00e9ssel!<br \/>\nEz az Isten ig\u00e9je.<\/p>\n<p align=\"justify\">\n<span style=\"color: #339966;\">ALLELUJA<\/span><br \/>\n\u00dagy ragyogjatok, mint csillagok a mindens\u00e9gben, * \u00e9s tarts\u00e1tok meg az \u00f6r\u00f6k \u00e9let ig\u00e9it. V\u00f6. Fil 2,15d-16a \u2013 6. t\u00f3nus.<\/p>\n<p align=\"justify\"><span style=\"color: #339966;\">\u2020 EVANG\u00c9LIUM Szent M\u00e1t\u00e9 k\u00f6nyv\u00e9b\u0151l (Mt 22,15-21)<\/span><br \/>\n<em>Adj\u00e1tok meg a cs\u00e1sz\u00e1rnak, ami a cs\u00e1sz\u00e1r\u00e9, az Istennek pedig, ami az Isten\u00e9.<\/em><br \/>\nAbban az id\u0151ben:<br \/>\nA farizeusok f\u00e9lrevonultak \u00e9s megtan\u00e1cskozt\u00e1k, hogyan tudn\u00e1nak belek\u00f6tni J\u00e9zus szavaiba. Majd odak\u00fcldt\u00e9k hozz\u00e1 tan\u00edtv\u00e1nyaikat \u00e9s a Her\u00f3des-p\u00e1rtiakat a k\u00f6vetkez\u0151 k\u00e9rd\u00e9ssel: \u201eMester! Tudjuk, hogy igazat besz\u00e9lsz, \u00e9s az Isten \u00fatj\u00e1t az igazs\u00e1ghoz h\u00edven tan\u00edtod, \u00e9s nem vagy tekintettel az emberek szem\u00e9ly\u00e9re. Mondd h\u00e1t meg nek\u00fcnk, mi a v\u00e9lem\u00e9nyed: Szabad-e ad\u00f3t fizetni a cs\u00e1sz\u00e1rnak vagy nem?\u201d De J\u00e9zus felismerte gonoszs\u00e1gukat \u00e9s \u00edgy sz\u00f3lt hozz\u00e1juk: \u201eMi\u00e9rt k\u00eds\u00e9rtetek, ti k\u00e9pmutat\u00f3k! Mutass\u00e1tok csak meg az ad\u00f3p\u00e9nzt!\u201d Azt\u00e1n megk\u00e9rdezte t\u0151l\u00fck: \u201eKinek a k\u00e9pe \u00e9s a felirata ez?\u201d Azok azt felelt\u00e9k: \u201eA cs\u00e1sz\u00e1r\u00e9.\u201d Erre \u0151 \u00edgy sz\u00f3lt hozz\u00e1juk: \u201eAkkor h\u00e1t adj\u00e1tok meg a cs\u00e1sz\u00e1rnak, ami a cs\u00e1sz\u00e1r\u00e9 \u2013 az Istennek pedig, ami az Isten\u00e9!\u201d Ennek hallat\u00e1ra elcsod\u00e1lkoztak, otthagyt\u00e1k \u0151t, \u00e9s elmentek.<br \/>\nEzek az evang\u00e9lium ig\u00e9i.<\/p>\n<p align=\"justify\">\n<span style=\"color: #339966;\">EGYETEMES K\u00d6NY\u00d6RG\u00c9SEK<\/span><br \/>\nPap: Testv\u00e9reim! A f\u00f6ldi \u00e9s az \u00f6r\u00f6k haza polg\u00e1rai vagyunk. K\u00e9rj\u00fck mennyei Aty\u00e1nkat, hogy mind a kett\u0151h\u00f6z h\u0171s\u00e9gesnek bizonyuljunk!<br \/>\nLektor: 1. Add, Urunk, hogy az Egyh\u00e1z p\u00e1sztorai egym\u00e1ssal egyet\u00e9rt\u00e9sben \u0151rizz\u00e9k \u00e9s hirdess\u00e9k a te orsz\u00e1god t\u00f6rv\u00e9nyeit!<br \/>\nH\u00edvek: K\u00e9r\u00fcnk t\u00e9ged, hallgass meg minket!<br \/>\n2. Add, Urunk, hogy a n\u00e9pek vezet\u0151i megalkuv\u00e1s n\u00e9lk\u00fcl mindenki \u00e9rdek\u00e9t, a k\u00f6zj\u00f3t szolg\u00e1lj\u00e1k!<br \/>\nH\u00edvek: K\u00e9r\u00fcnk t\u00e9ged . . .<br \/>\n3. Add, Urunk, hogy h\u00edveid \u00e1ldozatos szeretettel munk\u00e1lj\u00e1k embert\u00e1rsaik f\u00f6ldi j\u00f3l\u00e9t\u00e9t \u00e9s \u00f6r\u00f6k boldogs\u00e1g\u00e1t!<br \/>\nH\u00edvek: K\u00e9r\u00fcnk t\u00e9ged . . .<br \/>\n4. Add, Urunk, hogy a kereszt\u00e9nyek becs\u00fcletesen dolgozzanak, p\u00e9ld\u00e1san teljes\u00edts\u00e9k \u00e1llampolg\u00e1ri k\u00f6teless\u00e9geiket!<br \/>\nH\u00edvek: K\u00e9r\u00fcnk t\u00e9ged . . .<br \/>\n5. Add, Urunk, hogy a h\u00edvek az Egyh\u00e1zat anyagi hozz\u00e1j\u00e1rul\u00e1sukkal is k\u00e9szs\u00e9gesen t\u00e1mogass\u00e1k!<br \/>\nH\u00edvek: K\u00e9r\u00fcnk t\u00e9ged . . .<br \/>\nPap: Mindenhat\u00f3 Isten\u00fcnk! Te arra tan\u00edtasz minket, hogy megadjuk neked \u00e9s a f\u00f6ldi haz\u00e1nak is, amivel tartozunk. Tarts meg benn\u00fcnket a tisztess\u00e9g \u00e9s a szeretet \u00fatj\u00e1n! Krisztus, a mi Urunk \u00e1ltal.<br \/>\nH\u00edvek: \u00c1men.<\/p>\n<p><span style=\"color: #339966;\">Felaj\u00e1nl\u00f3 k\u00f6ny\u00f6rg\u00e9s:<\/span><br \/>\nK\u00e9r\u00fcnk, Isten\u00fcnk, add, hogy aj\u00e1nd\u00e9kaidat k\u00e9szs\u00e9ges szolg\u00e1lattal hozzuk el\u00e9d. Kegyelmed seg\u00edts\u00e9g\u00e9vel tiszt\u00edtson meg minket ez az \u00e1ldozat, amelyet bemutatunk neked. Krisztus, a mi Urunk \u00e1ltal.<\/p>\n<p><span style=\"color: #339966;\">\u00c1ldoz\u00e1si \u00e9nek:<\/span><br \/>\nAz \u00dar szeme \u00f3vja az istenf\u00e9l\u0151 embert, aki az \u0151 irgalm\u00e1ban b\u00edzik, hogy megmentse lelk\u00e9t a hal\u00e1lt\u00f3l \u00e9s t\u00e1pl\u00e1lja \u00edns\u00e9g idej\u00e9n. (Zsolt 32,18-19)<br \/>\n<span style=\"color: #339966;\"><em>vagy<\/em><\/span><br \/>\nAz Emberfia az\u00e9rt j\u00f6tt, hogy \u00e9let\u00e9t adja v\u00e1lts\u00e1gul sokak\u00e9rt. (Mk 10,45)<\/p>\n<p><span style=\"color: #339966;\">\u00c1ldoz\u00e1s ut\u00e1ni k\u00f6ny\u00f6rg\u00e9s:<\/span><br \/>\nK\u00e9r\u00fcnk, Isten\u00fcnk, gazdag\u00edts benn\u00fcnket mennyei aj\u00e1nd\u00e9kod gyakori v\u00e9tel\u00e9vel, hogy a muland\u00f3 javak seg\u00edtsenek, az \u00f6r\u00f6k javak pedig t\u00f6k\u00e9letes\u00edtsenek minket. Krisztus, a mi Urunk \u00e1ltal.<\/p>\n","protected":false},"excerpt":{"rendered":"<p>Kezd\u0151\u00e9nek: Hozz\u00e1d ki\u00e1ltok, mert te meghallgatsz, Istenem, ford\u00edtsd fel\u00e9m f\u00fcledet, hallgasd meg szavam! \u00d3vj engem, Uram, mint szemed f\u00e9ny\u00e9t, sz\u00e1rnyad \u00e1rny\u00e9k\u00e1ban v\u00e9dj meg engem! (Zsolt 16,6.8) K\u00f6ny\u00f6rg\u00e9s: Mindenhat\u00f3, \u00f6r\u00f6k Isten, add, hogy mindenkor k\u00e9szs\u00e9ges akarattal \u00e9s \u0151szinte sz\u00edvvel szolg\u00e1ljunk neked. A mi Urunk, J\u00e9zus Krisztus, a te Fiad \u00e1ltal, aki veled \u00e9l \u00e9s uralkodik a Szentl\u00e9lekkel egys\u00e9gben, Isten mind\u00f6r\u00f6kk\u00f6n \u00f6r\u00f6kk\u00e9. OLVASM\u00c1NY Izaj\u00e1s pr\u00f3f\u00e9ta k\u00f6nyv\u00e9b\u0151l (Iz 45,1.4-6) Megfogtam K\u00fcrosz jobbj\u00e1t, hogy sz\u00edne el\u0151tt megh\u00f3dol\u00e1sra b\u00edrjam a nemzeteket. Az \u00dar \u00edgy sz\u00f3l f\u00f6lkentj\u00e9hez, K\u00fcroszhoz, akinek megfogja jobbj\u00e1t, hogy sz\u00edne el\u0151tt megh\u00f3dol\u00e1sra b\u00edrja a nemzeteket, \u00e9s megoldja a kir\u00e1lyok derek\u00e1n az \u00f6vet; hogy megnyissa el\u0151tte a kapukat, \u00e9s ne maradjon egyetlen kapu se z\u00e1rva: \u201eSzolg\u00e1m\u00e9rt, J\u00e1kob\u00e9rt, \u00e9s v\u00e1lasztottam\u00e9rt, Izrael\u00e9rt sz\u00f3l\u00edtottalak neveden. Dics\u0151 nevet adtam neked, b\u00e1r nem ismert\u00e9l. \u00c9n vagyok az \u00dar, \u00e9s senki m\u00e1s. Rajtam k\u00edv\u00fcl nincs m\u00e1s isten. B\u00e1r nem ismersz, m\u00e9gis fel\u00f6vezlek, hogy napkelett\u0151l napnyugatig megtudj\u00e1k: rajtam k\u00edv\u00fcl nincsen m\u00e1s. \u00c9n vagyok az \u00dar, \u00e9s senki m\u00e1s.\u201d Ez az Isten ig\u00e9je. V\u00c1LASZOS ZSOLT\u00c1R (Zsolt 95,1.3.4-5.7-8.9-10a.c) V\u00e1lasz:\u00a0Adjatok az \u00darnak dics\u0151s\u00e9get, * ismerj\u00e9tek el hatalm\u00e1t.\u00a04g. t\u00f3nus. El\u0151\u00e9nekes: \u00c9nekeljetek az \u00darnak \u00faj \u00e9neket, * minden f\u00f6ld az \u00darnak \u00e9nekeljen. Hirdess\u00e9tek dics\u0151s\u00e9g\u00e9t a nemzetek k\u00f6z\u00f6tt, * \u00e9s csodatetteit minden n\u00e9pnek. H\u00edvek: Adjatok az \u00darnak dics\u0151s\u00e9get, * ismerj\u00e9tek el hatalm\u00e1t. E: Mert nagy az \u00dar, \u00e9s minden dics\u00e9retre m\u00e9lt\u00f3, * f\u00e9lelmetesebb az \u00f6sszes istenekn\u00e9l. A n\u00e9pek minden istene csak \u00fcres semmis\u00e9g, * az \u00dar azonban az \u00e9g alkot\u00f3ja. H: Adjatok az \u00darnak dics\u0151s\u00e9get, * ismerj\u00e9tek el hatalm\u00e1t. E: N\u00e9pek csal\u00e1djai, adjatok az \u00darnak, * adjatok az \u00darnak dics\u0151s\u00e9get \u00e9s hatalmat. Ismerj\u00e9tek el az \u00dar nev\u00e9nek dics\u0151s\u00e9g\u00e9t, * \u00e1ldozatot hozva l\u00e9pjetek udvar\u00e1ba. H: Adjatok az \u00darnak dics\u0151s\u00e9get, * ismerj\u00e9tek el hatalm\u00e1t. E: Boruljatok le az \u00dar el\u0151tt, * sz\u00edne el\u0151tt rend\u00fclj\u00f6n meg az eg\u00e9sz f\u00f6ld. Mondj\u00e1tok a nemzeteknek: \u201eAz \u00dar uralkodik, * igazs\u00e1gban \u00edt\u00e9li meg a&#8230; <\/p>\n<p><a class=\"readmore\" href=\"https:\/\/stuttgarti-katolikusok.de\/index.php\/evkozi-29-vasarnap-a-missziok-vasarnapja\/\">R\u00e9szletek<\/a><\/p>\n","protected":false},"author":3,"featured_media":27360,"comment_status":"closed","ping_status":"closed","sticky":false,"template":"","format":"standard","meta":{"footnotes":""},"categories":[85,63],"tags":[],"class_list":["post-27359","post","type-post","status-publish","format-standard","has-post-thumbnail","hentry","category-a-liturgia-olvasmanyai","category-vasarnapi-gondolatok"],"yoast_head":"<!-- This site is optimized with the Yoast SEO plugin v27.3 - https:\/\/yoast.com\/product\/yoast-seo-wordpress\/ -->\n<title>\u00c9vk\u00f6zi 29. vas\u00e1rnap \u2013 A misszi\u00f3k vas\u00e1rnapja - Stuttgarti Katolikusok<\/title>\n<meta name=\"robots\" content=\"index, follow, max-snippet:-1, max-image-preview:large, max-video-preview:-1\" \/>\n<link rel=\"canonical\" href=\"https:\/\/stuttgarti-katolikusok.de\/index.php\/evkozi-29-vasarnap-a-missziok-vasarnapja\/\" \/>\n<meta property=\"og:locale\" content=\"hu_HU\" \/>\n<meta property=\"og:type\" content=\"article\" \/>\n<meta property=\"og:title\" content=\"\u00c9vk\u00f6zi 29. vas\u00e1rnap \u2013 A misszi\u00f3k vas\u00e1rnapja - Stuttgarti Katolikusok\" \/>\n<meta property=\"og:description\" content=\"Kezd\u0151\u00e9nek: Hozz\u00e1d ki\u00e1ltok, mert te meghallgatsz, Istenem, ford\u00edtsd fel\u00e9m f\u00fcledet, hallgasd meg szavam! \u00d3vj engem, Uram, mint szemed f\u00e9ny\u00e9t, sz\u00e1rnyad \u00e1rny\u00e9k\u00e1ban v\u00e9dj meg engem! (Zsolt 16,6.8) K\u00f6ny\u00f6rg\u00e9s: Mindenhat\u00f3, \u00f6r\u00f6k Isten, add, hogy mindenkor k\u00e9szs\u00e9ges akarattal \u00e9s \u0151szinte sz\u00edvvel szolg\u00e1ljunk neked. A mi Urunk, J\u00e9zus Krisztus, a te Fiad \u00e1ltal, aki veled \u00e9l \u00e9s uralkodik a Szentl\u00e9lekkel egys\u00e9gben, Isten mind\u00f6r\u00f6kk\u00f6n \u00f6r\u00f6kk\u00e9. OLVASM\u00c1NY Izaj\u00e1s pr\u00f3f\u00e9ta k\u00f6nyv\u00e9b\u0151l (Iz 45,1.4-6) Megfogtam K\u00fcrosz jobbj\u00e1t, hogy sz\u00edne el\u0151tt megh\u00f3dol\u00e1sra b\u00edrjam a nemzeteket. Az \u00dar \u00edgy sz\u00f3l f\u00f6lkentj\u00e9hez, K\u00fcroszhoz, akinek megfogja jobbj\u00e1t, hogy sz\u00edne el\u0151tt megh\u00f3dol\u00e1sra b\u00edrja a nemzeteket, \u00e9s megoldja a kir\u00e1lyok derek\u00e1n az \u00f6vet; hogy megnyissa el\u0151tte a kapukat, \u00e9s ne maradjon egyetlen kapu se z\u00e1rva: \u201eSzolg\u00e1m\u00e9rt, J\u00e1kob\u00e9rt, \u00e9s v\u00e1lasztottam\u00e9rt, Izrael\u00e9rt sz\u00f3l\u00edtottalak neveden. Dics\u0151 nevet adtam neked, b\u00e1r nem ismert\u00e9l. \u00c9n vagyok az \u00dar, \u00e9s senki m\u00e1s. Rajtam k\u00edv\u00fcl nincs m\u00e1s isten. B\u00e1r nem ismersz, m\u00e9gis fel\u00f6vezlek, hogy napkelett\u0151l napnyugatig megtudj\u00e1k: rajtam k\u00edv\u00fcl nincsen m\u00e1s. \u00c9n vagyok az \u00dar, \u00e9s senki m\u00e1s.\u201d Ez az Isten ig\u00e9je. V\u00c1LASZOS ZSOLT\u00c1R (Zsolt 95,1.3.4-5.7-8.9-10a.c) V\u00e1lasz:\u00a0Adjatok az \u00darnak dics\u0151s\u00e9get, * ismerj\u00e9tek el hatalm\u00e1t.\u00a04g. t\u00f3nus. El\u0151\u00e9nekes: \u00c9nekeljetek az \u00darnak \u00faj \u00e9neket, * minden f\u00f6ld az \u00darnak \u00e9nekeljen. Hirdess\u00e9tek dics\u0151s\u00e9g\u00e9t a nemzetek k\u00f6z\u00f6tt, * \u00e9s csodatetteit minden n\u00e9pnek. H\u00edvek: Adjatok az \u00darnak dics\u0151s\u00e9get, * ismerj\u00e9tek el hatalm\u00e1t. E: Mert nagy az \u00dar, \u00e9s minden dics\u00e9retre m\u00e9lt\u00f3, * f\u00e9lelmetesebb az \u00f6sszes istenekn\u00e9l. A n\u00e9pek minden istene csak \u00fcres semmis\u00e9g, * az \u00dar azonban az \u00e9g alkot\u00f3ja. H: Adjatok az \u00darnak dics\u0151s\u00e9get, * ismerj\u00e9tek el hatalm\u00e1t. E: N\u00e9pek csal\u00e1djai, adjatok az \u00darnak, * adjatok az \u00darnak dics\u0151s\u00e9get \u00e9s hatalmat. Ismerj\u00e9tek el az \u00dar nev\u00e9nek dics\u0151s\u00e9g\u00e9t, * \u00e1ldozatot hozva l\u00e9pjetek udvar\u00e1ba. H: Adjatok az \u00darnak dics\u0151s\u00e9get, * ismerj\u00e9tek el hatalm\u00e1t. E: Boruljatok le az \u00dar el\u0151tt, * sz\u00edne el\u0151tt rend\u00fclj\u00f6n meg az eg\u00e9sz f\u00f6ld. Mondj\u00e1tok a nemzeteknek: \u201eAz \u00dar uralkodik, * igazs\u00e1gban \u00edt\u00e9li meg a... R\u00e9szletek\" \/>\n<meta property=\"og:url\" content=\"https:\/\/stuttgarti-katolikusok.de\/index.php\/evkozi-29-vasarnap-a-missziok-vasarnapja\/\" \/>\n<meta property=\"og:site_name\" content=\"Stuttgarti Katolikusok\" \/>\n<meta property=\"article:published_time\" content=\"2023-10-20T21:57:50+00:00\" \/>\n<meta property=\"og:image\" content=\"https:\/\/stuttgarti-katolikusok.de\/wp-content\/uploads\/2023\/10\/munderkingen.jpg\" \/>\n\t<meta property=\"og:image:width\" content=\"2000\" \/>\n\t<meta property=\"og:image:height\" content=\"900\" \/>\n\t<meta property=\"og:image:type\" content=\"image\/jpeg\" \/>\n<meta name=\"author\" content=\"Tibor atya\" \/>\n<meta name=\"twitter:card\" content=\"summary_large_image\" \/>\n<meta name=\"twitter:label1\" content=\"Szerz\u0151:\" \/>\n\t<meta name=\"twitter:data1\" content=\"Tibor atya\" \/>\n\t<meta name=\"twitter:label2\" content=\"Becs\u00fclt olvas\u00e1si id\u0151\" \/>\n\t<meta name=\"twitter:data2\" content=\"5 perc\" \/>\n<script type=\"application\/ld+json\" class=\"yoast-schema-graph\">{\"@context\":\"https:\\\/\\\/schema.org\",\"@graph\":[{\"@type\":\"Article\",\"@id\":\"https:\\\/\\\/stuttgarti-katolikusok.de\\\/index.php\\\/evkozi-29-vasarnap-a-missziok-vasarnapja\\\/#article\",\"isPartOf\":{\"@id\":\"https:\\\/\\\/stuttgarti-katolikusok.de\\\/index.php\\\/evkozi-29-vasarnap-a-missziok-vasarnapja\\\/\"},\"author\":{\"name\":\"Tibor atya\",\"@id\":\"https:\\\/\\\/stuttgarti-katolikusok.de\\\/#\\\/schema\\\/person\\\/75908d6f8fdc03a57889d27209df7795\"},\"headline\":\"\u00c9vk\u00f6zi 29. vas\u00e1rnap \u2013 A misszi\u00f3k vas\u00e1rnapja\",\"datePublished\":\"2023-10-20T21:57:50+00:00\",\"mainEntityOfPage\":{\"@id\":\"https:\\\/\\\/stuttgarti-katolikusok.de\\\/index.php\\\/evkozi-29-vasarnap-a-missziok-vasarnapja\\\/\"},\"wordCount\":1201,\"image\":{\"@id\":\"https:\\\/\\\/stuttgarti-katolikusok.de\\\/index.php\\\/evkozi-29-vasarnap-a-missziok-vasarnapja\\\/#primaryimage\"},\"thumbnailUrl\":\"https:\\\/\\\/stuttgarti-katolikusok.de\\\/wp-content\\\/uploads\\\/2023\\\/10\\\/munderkingen.jpg\",\"articleSection\":[\"A liturgia olvasm\u00e1nyai\",\"Vas\u00e1rnapi gondolatok\"],\"inLanguage\":\"hu\"},{\"@type\":\"WebPage\",\"@id\":\"https:\\\/\\\/stuttgarti-katolikusok.de\\\/index.php\\\/evkozi-29-vasarnap-a-missziok-vasarnapja\\\/\",\"url\":\"https:\\\/\\\/stuttgarti-katolikusok.de\\\/index.php\\\/evkozi-29-vasarnap-a-missziok-vasarnapja\\\/\",\"name\":\"\u00c9vk\u00f6zi 29. vas\u00e1rnap \u2013 A misszi\u00f3k vas\u00e1rnapja - Stuttgarti Katolikusok\",\"isPartOf\":{\"@id\":\"https:\\\/\\\/stuttgarti-katolikusok.de\\\/#website\"},\"primaryImageOfPage\":{\"@id\":\"https:\\\/\\\/stuttgarti-katolikusok.de\\\/index.php\\\/evkozi-29-vasarnap-a-missziok-vasarnapja\\\/#primaryimage\"},\"image\":{\"@id\":\"https:\\\/\\\/stuttgarti-katolikusok.de\\\/index.php\\\/evkozi-29-vasarnap-a-missziok-vasarnapja\\\/#primaryimage\"},\"thumbnailUrl\":\"https:\\\/\\\/stuttgarti-katolikusok.de\\\/wp-content\\\/uploads\\\/2023\\\/10\\\/munderkingen.jpg\",\"datePublished\":\"2023-10-20T21:57:50+00:00\",\"author\":{\"@id\":\"https:\\\/\\\/stuttgarti-katolikusok.de\\\/#\\\/schema\\\/person\\\/75908d6f8fdc03a57889d27209df7795\"},\"breadcrumb\":{\"@id\":\"https:\\\/\\\/stuttgarti-katolikusok.de\\\/index.php\\\/evkozi-29-vasarnap-a-missziok-vasarnapja\\\/#breadcrumb\"},\"inLanguage\":\"hu\",\"potentialAction\":[{\"@type\":\"ReadAction\",\"target\":[\"https:\\\/\\\/stuttgarti-katolikusok.de\\\/index.php\\\/evkozi-29-vasarnap-a-missziok-vasarnapja\\\/\"]}]},{\"@type\":\"ImageObject\",\"inLanguage\":\"hu\",\"@id\":\"https:\\\/\\\/stuttgarti-katolikusok.de\\\/index.php\\\/evkozi-29-vasarnap-a-missziok-vasarnapja\\\/#primaryimage\",\"url\":\"https:\\\/\\\/stuttgarti-katolikusok.de\\\/wp-content\\\/uploads\\\/2023\\\/10\\\/munderkingen.jpg\",\"contentUrl\":\"https:\\\/\\\/stuttgarti-katolikusok.de\\\/wp-content\\\/uploads\\\/2023\\\/10\\\/munderkingen.jpg\",\"width\":2000,\"height\":900},{\"@type\":\"BreadcrumbList\",\"@id\":\"https:\\\/\\\/stuttgarti-katolikusok.de\\\/index.php\\\/evkozi-29-vasarnap-a-missziok-vasarnapja\\\/#breadcrumb\",\"itemListElement\":[{\"@type\":\"ListItem\",\"position\":1,\"name\":\"Kezd\u0151lap\",\"item\":\"https:\\\/\\\/stuttgarti-katolikusok.de\\\/\"},{\"@type\":\"ListItem\",\"position\":2,\"name\":\"\u00c9vk\u00f6zi 29. vas\u00e1rnap \u2013 A misszi\u00f3k vas\u00e1rnapja\"}]},{\"@type\":\"WebSite\",\"@id\":\"https:\\\/\\\/stuttgarti-katolikusok.de\\\/#website\",\"url\":\"https:\\\/\\\/stuttgarti-katolikusok.de\\\/\",\"name\":\"Stuttgarti Katolikusok\",\"description\":\"\",\"potentialAction\":[{\"@type\":\"SearchAction\",\"target\":{\"@type\":\"EntryPoint\",\"urlTemplate\":\"https:\\\/\\\/stuttgarti-katolikusok.de\\\/?s={search_term_string}\"},\"query-input\":{\"@type\":\"PropertyValueSpecification\",\"valueRequired\":true,\"valueName\":\"search_term_string\"}}],\"inLanguage\":\"hu\"},{\"@type\":\"Person\",\"@id\":\"https:\\\/\\\/stuttgarti-katolikusok.de\\\/#\\\/schema\\\/person\\\/75908d6f8fdc03a57889d27209df7795\",\"name\":\"Tibor atya\",\"image\":{\"@type\":\"ImageObject\",\"inLanguage\":\"hu\",\"@id\":\"https:\\\/\\\/secure.gravatar.com\\\/avatar\\\/61d268e57d1f4525b111222e29d2d5a7f8c420fdbf231ba5566a8ceac74fa960?s=96&d=mm&r=g\",\"url\":\"https:\\\/\\\/secure.gravatar.com\\\/avatar\\\/61d268e57d1f4525b111222e29d2d5a7f8c420fdbf231ba5566a8ceac74fa960?s=96&d=mm&r=g\",\"contentUrl\":\"https:\\\/\\\/secure.gravatar.com\\\/avatar\\\/61d268e57d1f4525b111222e29d2d5a7f8c420fdbf231ba5566a8ceac74fa960?s=96&d=mm&r=g\",\"caption\":\"Tibor atya\"},\"url\":\"https:\\\/\\\/stuttgarti-katolikusok.de\\\/index.php\\\/author\\\/tibor-atya\\\/\"}]}<\/script>\n<!-- \/ Yoast SEO plugin. -->","yoast_head_json":{"title":"\u00c9vk\u00f6zi 29. vas\u00e1rnap \u2013 A misszi\u00f3k vas\u00e1rnapja - Stuttgarti Katolikusok","robots":{"index":"index","follow":"follow","max-snippet":"max-snippet:-1","max-image-preview":"max-image-preview:large","max-video-preview":"max-video-preview:-1"},"canonical":"https:\/\/stuttgarti-katolikusok.de\/index.php\/evkozi-29-vasarnap-a-missziok-vasarnapja\/","og_locale":"hu_HU","og_type":"article","og_title":"\u00c9vk\u00f6zi 29. vas\u00e1rnap \u2013 A misszi\u00f3k vas\u00e1rnapja - Stuttgarti Katolikusok","og_description":"Kezd\u0151\u00e9nek: Hozz\u00e1d ki\u00e1ltok, mert te meghallgatsz, Istenem, ford\u00edtsd fel\u00e9m f\u00fcledet, hallgasd meg szavam! \u00d3vj engem, Uram, mint szemed f\u00e9ny\u00e9t, sz\u00e1rnyad \u00e1rny\u00e9k\u00e1ban v\u00e9dj meg engem! (Zsolt 16,6.8) K\u00f6ny\u00f6rg\u00e9s: Mindenhat\u00f3, \u00f6r\u00f6k Isten, add, hogy mindenkor k\u00e9szs\u00e9ges akarattal \u00e9s \u0151szinte sz\u00edvvel szolg\u00e1ljunk neked. A mi Urunk, J\u00e9zus Krisztus, a te Fiad \u00e1ltal, aki veled \u00e9l \u00e9s uralkodik a Szentl\u00e9lekkel egys\u00e9gben, Isten mind\u00f6r\u00f6kk\u00f6n \u00f6r\u00f6kk\u00e9. OLVASM\u00c1NY Izaj\u00e1s pr\u00f3f\u00e9ta k\u00f6nyv\u00e9b\u0151l (Iz 45,1.4-6) Megfogtam K\u00fcrosz jobbj\u00e1t, hogy sz\u00edne el\u0151tt megh\u00f3dol\u00e1sra b\u00edrjam a nemzeteket. Az \u00dar \u00edgy sz\u00f3l f\u00f6lkentj\u00e9hez, K\u00fcroszhoz, akinek megfogja jobbj\u00e1t, hogy sz\u00edne el\u0151tt megh\u00f3dol\u00e1sra b\u00edrja a nemzeteket, \u00e9s megoldja a kir\u00e1lyok derek\u00e1n az \u00f6vet; hogy megnyissa el\u0151tte a kapukat, \u00e9s ne maradjon egyetlen kapu se z\u00e1rva: \u201eSzolg\u00e1m\u00e9rt, J\u00e1kob\u00e9rt, \u00e9s v\u00e1lasztottam\u00e9rt, Izrael\u00e9rt sz\u00f3l\u00edtottalak neveden. Dics\u0151 nevet adtam neked, b\u00e1r nem ismert\u00e9l. \u00c9n vagyok az \u00dar, \u00e9s senki m\u00e1s. Rajtam k\u00edv\u00fcl nincs m\u00e1s isten. B\u00e1r nem ismersz, m\u00e9gis fel\u00f6vezlek, hogy napkelett\u0151l napnyugatig megtudj\u00e1k: rajtam k\u00edv\u00fcl nincsen m\u00e1s. \u00c9n vagyok az \u00dar, \u00e9s senki m\u00e1s.\u201d Ez az Isten ig\u00e9je. V\u00c1LASZOS ZSOLT\u00c1R (Zsolt 95,1.3.4-5.7-8.9-10a.c) V\u00e1lasz:\u00a0Adjatok az \u00darnak dics\u0151s\u00e9get, * ismerj\u00e9tek el hatalm\u00e1t.\u00a04g. t\u00f3nus. El\u0151\u00e9nekes: \u00c9nekeljetek az \u00darnak \u00faj \u00e9neket, * minden f\u00f6ld az \u00darnak \u00e9nekeljen. Hirdess\u00e9tek dics\u0151s\u00e9g\u00e9t a nemzetek k\u00f6z\u00f6tt, * \u00e9s csodatetteit minden n\u00e9pnek. H\u00edvek: Adjatok az \u00darnak dics\u0151s\u00e9get, * ismerj\u00e9tek el hatalm\u00e1t. E: Mert nagy az \u00dar, \u00e9s minden dics\u00e9retre m\u00e9lt\u00f3, * f\u00e9lelmetesebb az \u00f6sszes istenekn\u00e9l. A n\u00e9pek minden istene csak \u00fcres semmis\u00e9g, * az \u00dar azonban az \u00e9g alkot\u00f3ja. H: Adjatok az \u00darnak dics\u0151s\u00e9get, * ismerj\u00e9tek el hatalm\u00e1t. E: N\u00e9pek csal\u00e1djai, adjatok az \u00darnak, * adjatok az \u00darnak dics\u0151s\u00e9get \u00e9s hatalmat. Ismerj\u00e9tek el az \u00dar nev\u00e9nek dics\u0151s\u00e9g\u00e9t, * \u00e1ldozatot hozva l\u00e9pjetek udvar\u00e1ba. H: Adjatok az \u00darnak dics\u0151s\u00e9get, * ismerj\u00e9tek el hatalm\u00e1t. E: Boruljatok le az \u00dar el\u0151tt, * sz\u00edne el\u0151tt rend\u00fclj\u00f6n meg az eg\u00e9sz f\u00f6ld. Mondj\u00e1tok a nemzeteknek: \u201eAz \u00dar uralkodik, * igazs\u00e1gban \u00edt\u00e9li meg a... R\u00e9szletek","og_url":"https:\/\/stuttgarti-katolikusok.de\/index.php\/evkozi-29-vasarnap-a-missziok-vasarnapja\/","og_site_name":"Stuttgarti Katolikusok","article_published_time":"2023-10-20T21:57:50+00:00","og_image":[{"width":2000,"height":900,"url":"https:\/\/stuttgarti-katolikusok.de\/wp-content\/uploads\/2023\/10\/munderkingen.jpg","type":"image\/jpeg"}],"author":"Tibor atya","twitter_card":"summary_large_image","twitter_misc":{"Szerz\u0151:":"Tibor atya","Becs\u00fclt olvas\u00e1si id\u0151":"5 perc"},"schema":{"@context":"https:\/\/schema.org","@graph":[{"@type":"Article","@id":"https:\/\/stuttgarti-katolikusok.de\/index.php\/evkozi-29-vasarnap-a-missziok-vasarnapja\/#article","isPartOf":{"@id":"https:\/\/stuttgarti-katolikusok.de\/index.php\/evkozi-29-vasarnap-a-missziok-vasarnapja\/"},"author":{"name":"Tibor atya","@id":"https:\/\/stuttgarti-katolikusok.de\/#\/schema\/person\/75908d6f8fdc03a57889d27209df7795"},"headline":"\u00c9vk\u00f6zi 29. vas\u00e1rnap \u2013 A misszi\u00f3k vas\u00e1rnapja","datePublished":"2023-10-20T21:57:50+00:00","mainEntityOfPage":{"@id":"https:\/\/stuttgarti-katolikusok.de\/index.php\/evkozi-29-vasarnap-a-missziok-vasarnapja\/"},"wordCount":1201,"image":{"@id":"https:\/\/stuttgarti-katolikusok.de\/index.php\/evkozi-29-vasarnap-a-missziok-vasarnapja\/#primaryimage"},"thumbnailUrl":"https:\/\/stuttgarti-katolikusok.de\/wp-content\/uploads\/2023\/10\/munderkingen.jpg","articleSection":["A liturgia olvasm\u00e1nyai","Vas\u00e1rnapi gondolatok"],"inLanguage":"hu"},{"@type":"WebPage","@id":"https:\/\/stuttgarti-katolikusok.de\/index.php\/evkozi-29-vasarnap-a-missziok-vasarnapja\/","url":"https:\/\/stuttgarti-katolikusok.de\/index.php\/evkozi-29-vasarnap-a-missziok-vasarnapja\/","name":"\u00c9vk\u00f6zi 29. vas\u00e1rnap \u2013 A misszi\u00f3k vas\u00e1rnapja - Stuttgarti Katolikusok","isPartOf":{"@id":"https:\/\/stuttgarti-katolikusok.de\/#website"},"primaryImageOfPage":{"@id":"https:\/\/stuttgarti-katolikusok.de\/index.php\/evkozi-29-vasarnap-a-missziok-vasarnapja\/#primaryimage"},"image":{"@id":"https:\/\/stuttgarti-katolikusok.de\/index.php\/evkozi-29-vasarnap-a-missziok-vasarnapja\/#primaryimage"},"thumbnailUrl":"https:\/\/stuttgarti-katolikusok.de\/wp-content\/uploads\/2023\/10\/munderkingen.jpg","datePublished":"2023-10-20T21:57:50+00:00","author":{"@id":"https:\/\/stuttgarti-katolikusok.de\/#\/schema\/person\/75908d6f8fdc03a57889d27209df7795"},"breadcrumb":{"@id":"https:\/\/stuttgarti-katolikusok.de\/index.php\/evkozi-29-vasarnap-a-missziok-vasarnapja\/#breadcrumb"},"inLanguage":"hu","potentialAction":[{"@type":"ReadAction","target":["https:\/\/stuttgarti-katolikusok.de\/index.php\/evkozi-29-vasarnap-a-missziok-vasarnapja\/"]}]},{"@type":"ImageObject","inLanguage":"hu","@id":"https:\/\/stuttgarti-katolikusok.de\/index.php\/evkozi-29-vasarnap-a-missziok-vasarnapja\/#primaryimage","url":"https:\/\/stuttgarti-katolikusok.de\/wp-content\/uploads\/2023\/10\/munderkingen.jpg","contentUrl":"https:\/\/stuttgarti-katolikusok.de\/wp-content\/uploads\/2023\/10\/munderkingen.jpg","width":2000,"height":900},{"@type":"BreadcrumbList","@id":"https:\/\/stuttgarti-katolikusok.de\/index.php\/evkozi-29-vasarnap-a-missziok-vasarnapja\/#breadcrumb","itemListElement":[{"@type":"ListItem","position":1,"name":"Kezd\u0151lap","item":"https:\/\/stuttgarti-katolikusok.de\/"},{"@type":"ListItem","position":2,"name":"\u00c9vk\u00f6zi 29. vas\u00e1rnap \u2013 A misszi\u00f3k vas\u00e1rnapja"}]},{"@type":"WebSite","@id":"https:\/\/stuttgarti-katolikusok.de\/#website","url":"https:\/\/stuttgarti-katolikusok.de\/","name":"Stuttgarti Katolikusok","description":"","potentialAction":[{"@type":"SearchAction","target":{"@type":"EntryPoint","urlTemplate":"https:\/\/stuttgarti-katolikusok.de\/?s={search_term_string}"},"query-input":{"@type":"PropertyValueSpecification","valueRequired":true,"valueName":"search_term_string"}}],"inLanguage":"hu"},{"@type":"Person","@id":"https:\/\/stuttgarti-katolikusok.de\/#\/schema\/person\/75908d6f8fdc03a57889d27209df7795","name":"Tibor atya","image":{"@type":"ImageObject","inLanguage":"hu","@id":"https:\/\/secure.gravatar.com\/avatar\/61d268e57d1f4525b111222e29d2d5a7f8c420fdbf231ba5566a8ceac74fa960?s=96&d=mm&r=g","url":"https:\/\/secure.gravatar.com\/avatar\/61d268e57d1f4525b111222e29d2d5a7f8c420fdbf231ba5566a8ceac74fa960?s=96&d=mm&r=g","contentUrl":"https:\/\/secure.gravatar.com\/avatar\/61d268e57d1f4525b111222e29d2d5a7f8c420fdbf231ba5566a8ceac74fa960?s=96&d=mm&r=g","caption":"Tibor atya"},"url":"https:\/\/stuttgarti-katolikusok.de\/index.php\/author\/tibor-atya\/"}]}},"_links":{"self":[{"href":"https:\/\/stuttgarti-katolikusok.de\/index.php\/wp-json\/wp\/v2\/posts\/27359","targetHints":{"allow":["GET"]}}],"collection":[{"href":"https:\/\/stuttgarti-katolikusok.de\/index.php\/wp-json\/wp\/v2\/posts"}],"about":[{"href":"https:\/\/stuttgarti-katolikusok.de\/index.php\/wp-json\/wp\/v2\/types\/post"}],"author":[{"embeddable":true,"href":"https:\/\/stuttgarti-katolikusok.de\/index.php\/wp-json\/wp\/v2\/users\/3"}],"replies":[{"embeddable":true,"href":"https:\/\/stuttgarti-katolikusok.de\/index.php\/wp-json\/wp\/v2\/comments?post=27359"}],"version-history":[{"count":1,"href":"https:\/\/stuttgarti-katolikusok.de\/index.php\/wp-json\/wp\/v2\/posts\/27359\/revisions"}],"predecessor-version":[{"id":27361,"href":"https:\/\/stuttgarti-katolikusok.de\/index.php\/wp-json\/wp\/v2\/posts\/27359\/revisions\/27361"}],"wp:featuredmedia":[{"embeddable":true,"href":"https:\/\/stuttgarti-katolikusok.de\/index.php\/wp-json\/wp\/v2\/media\/27360"}],"wp:attachment":[{"href":"https:\/\/stuttgarti-katolikusok.de\/index.php\/wp-json\/wp\/v2\/media?parent=27359"}],"wp:term":[{"taxonomy":"category","embeddable":true,"href":"https:\/\/stuttgarti-katolikusok.de\/index.php\/wp-json\/wp\/v2\/categories?post=27359"},{"taxonomy":"post_tag","embeddable":true,"href":"https:\/\/stuttgarti-katolikusok.de\/index.php\/wp-json\/wp\/v2\/tags?post=27359"}],"curies":[{"name":"wp","href":"https:\/\/api.w.org\/{rel}","templated":true}]}}