{"id":27330,"date":"2023-10-16T01:01:26","date_gmt":"2023-10-15T23:01:26","guid":{"rendered":"https:\/\/stuttgarti-katolikusok.de\/?p=27330"},"modified":"2023-10-16T01:01:26","modified_gmt":"2023-10-15T23:01:26","slug":"1956-fenylo-arcai","status":"publish","type":"post","link":"https:\/\/stuttgarti-katolikusok.de\/index.php\/1956-fenylo-arcai\/","title":{"rendered":"1956 F\u00c9NYL\u0150 ARCAI"},"content":{"rendered":"<p>&nbsp;<\/p>\n<p>2023. okt\u00f3ber 15-\u00e9n az \u00f6kumenikus istentiszteletet k\u00f6vet\u0151en \u00fcnnepi m\u0171sorral eml\u00e9kezt\u00fcnk meg 1956. okt\u00f3ber 23-r\u00f3l.<\/p>\n<p>1956 F\u00c9NYL\u0150 ARCAI c\u00edmmel, az Udvari Kamarasz\u00ednh\u00e1z el\u0151ad\u00e1s\u00e1ban \u0151sbemutat\u00f3ra ker\u00fclt sor.<\/p>\n<p>Az el\u0151ad\u00f3k, Orb\u00e1n Borb\u00e1la, Lentulai Hanna S\u00e1ra \u00e9s D\u00f3czy P\u00e9ter, egyfajta id\u0151utaz\u00e1sra invit\u00e1ltak benn\u00fcnket.<\/p>\n<p>Egyszer\u0171en csak a h\u00e1la \u00e9s k\u00f6sz\u00f6net hangj\u00e1n tudok megsz\u00f3lalni, s mind a magam, mind pedig h\u00edveim nev\u00e9ben fejezem ki \u00f6r\u00f6m\u00f6met ez\u00e9rt a feledhetetlen \u00e9s az \u00fcnnephez m\u00e9lt\u00f3 megeml\u00e9kez\u00e9s\u00e9rt.<\/p>\n<p><em>Tibor atya<\/em><\/p>\n<div class=\"brlbs-cmpnt-container brlbs-cmpnt-content-blocker brlbs-cmpnt-with-individual-styles\" data-borlabs-cookie-content-blocker-id=\"youtube-content-blocker\" data-borlabs-cookie-content=\"PGlmcmFtZSB0aXRsZT0iMTk1NiBGw4lOWUzFkCBBUkNBSSIgd2lkdGg9Ijk0MCIgaGVpZ2h0PSI1MjkiIHNyYz0iaHR0cHM6Ly93d3cueW91dHViZS1ub2Nvb2tpZS5jb20vZW1iZWQvZzZla0pRRWhXUGc\/ZmVhdHVyZT1vZW1iZWQiIGZyYW1lYm9yZGVyPSIwIiBhbGxvdz0iYWNjZWxlcm9tZXRlcjsgYXV0b3BsYXk7IGNsaXBib2FyZC13cml0ZTsgZW5jcnlwdGVkLW1lZGlhOyBneXJvc2NvcGU7IHBpY3R1cmUtaW4tcGljdHVyZTsgd2ViLXNoYXJlIiBhbGxvd2Z1bGxzY3JlZW4+PC9pZnJhbWU+\">\n<div class=\"brlbs-cmpnt-cb-preset-c brlbs-cmpnt-cb-youtube\">\n<div class=\"brlbs-cmpnt-cb-thumbnail\" style=\"background-image: url('https:\/\/stuttgarti-katolikusok.de\/wp-content\/uploads\/borlabs-cookie\/1\/yt_g6ekJQEhWPg_hqdefault.jpg')\"><\/div>\n<div class=\"brlbs-cmpnt-cb-main\">\n<div class=\"brlbs-cmpnt-cb-play-button\"><\/div>\n<div class=\"brlbs-cmpnt-cb-content\">\n<p class=\"brlbs-cmpnt-cb-description\">You are currently viewing a placeholder content from <strong>YouTube<\/strong>. To access the actual content, click the button below. Please note that doing so will share data with third-party providers.<\/p>\n<p> <a class=\"brlbs-cmpnt-cb-provider-toggle\" href=\"#\" data-borlabs-cookie-show-provider-information role=\"button\">More Information<\/a> <\/div>\n<div class=\"brlbs-cmpnt-cb-buttons\"> <a class=\"brlbs-cmpnt-cb-btn\" href=\"#\" data-borlabs-cookie-unblock role=\"button\">Unblock content<\/a> <a class=\"brlbs-cmpnt-cb-btn\" href=\"#\" data-borlabs-cookie-accept-service role=\"button\" style=\"display: inherit\">Accept required service and unblock content<\/a> <\/div><\/div><\/div>\n<\/div>\n<p style=\"text-align: center;\"><strong><span style=\"color: #ff0000;\">*<\/span><\/strong><\/p>\n<p><a href=\"https:\/\/stuttgarti-katolikusok.de\/wp-content\/uploads\/2023\/10\/1956-fenylo-arcai-a3-2023-okt-scaled.jpg\"><img loading=\"lazy\" decoding=\"async\" class=\"alignnone size-full wp-image-27304\" src=\"https:\/\/stuttgarti-katolikusok.de\/wp-content\/uploads\/2023\/10\/1956-fenylo-arcai-a3-2023-okt-scaled.jpg\" alt=\"\" width=\"1845\" height=\"2560\" srcset=\"https:\/\/stuttgarti-katolikusok.de\/wp-content\/uploads\/2023\/10\/1956-fenylo-arcai-a3-2023-okt-scaled.jpg 1845w, https:\/\/stuttgarti-katolikusok.de\/wp-content\/uploads\/2023\/10\/1956-fenylo-arcai-a3-2023-okt-216x300.jpg 216w, https:\/\/stuttgarti-katolikusok.de\/wp-content\/uploads\/2023\/10\/1956-fenylo-arcai-a3-2023-okt-738x1024.jpg 738w, https:\/\/stuttgarti-katolikusok.de\/wp-content\/uploads\/2023\/10\/1956-fenylo-arcai-a3-2023-okt-1107x1536.jpg 1107w, https:\/\/stuttgarti-katolikusok.de\/wp-content\/uploads\/2023\/10\/1956-fenylo-arcai-a3-2023-okt-1476x2048.jpg 1476w\" sizes=\"auto, (max-width: 1845px) 100vw, 1845px\" \/><\/a><\/p>\n","protected":false},"excerpt":{"rendered":"<p>&nbsp; 2023. okt\u00f3ber 15-\u00e9n az \u00f6kumenikus istentiszteletet k\u00f6vet\u0151en \u00fcnnepi m\u0171sorral eml\u00e9kezt\u00fcnk meg 1956. okt\u00f3ber 23-r\u00f3l. 1956 F\u00c9NYL\u0150 ARCAI c\u00edmmel, az Udvari Kamarasz\u00ednh\u00e1z el\u0151ad\u00e1s\u00e1ban \u0151sbemutat\u00f3ra ker\u00fclt sor. Az el\u0151ad\u00f3k, Orb\u00e1n Borb\u00e1la, Lentulai Hanna S\u00e1ra \u00e9s D\u00f3czy P\u00e9ter, egyfajta id\u0151utaz\u00e1sra invit\u00e1ltak benn\u00fcnket. Egyszer\u0171en csak a h\u00e1la \u00e9s k\u00f6sz\u00f6net hangj\u00e1n tudok megsz\u00f3lalni, s mind a magam, mind pedig h\u00edveim nev\u00e9ben fejezem ki \u00f6r\u00f6m\u00f6met ez\u00e9rt a feledhetetlen \u00e9s az \u00fcnnephez m\u00e9lt\u00f3 megeml\u00e9kez\u00e9s\u00e9rt. Tibor atya You are currently viewing a placeholder content from YouTube. To access the actual content, click the button below. Please note that doing so will share data with third-party providers. More Information Unblock content Accept required service and unblock content *<\/p>\n","protected":false},"author":3,"featured_media":27331,"comment_status":"closed","ping_status":"closed","sticky":false,"template":"","format":"standard","meta":{"footnotes":""},"categories":[5],"tags":[],"class_list":["post-27330","post","type-post","status-publish","format-standard","has-post-thumbnail","hentry","category-hirek"],"yoast_head":"<!-- This site is optimized with the Yoast SEO plugin v27.3 - https:\/\/yoast.com\/product\/yoast-seo-wordpress\/ -->\n<title>1956 F\u00c9NYL\u0150 ARCAI - Stuttgarti Katolikusok<\/title>\n<meta name=\"robots\" content=\"index, follow, max-snippet:-1, max-image-preview:large, max-video-preview:-1\" \/>\n<link rel=\"canonical\" href=\"https:\/\/stuttgarti-katolikusok.de\/index.php\/1956-fenylo-arcai\/\" \/>\n<meta property=\"og:locale\" content=\"hu_HU\" \/>\n<meta property=\"og:type\" content=\"article\" \/>\n<meta property=\"og:title\" content=\"1956 F\u00c9NYL\u0150 ARCAI - Stuttgarti Katolikusok\" \/>\n<meta property=\"og:description\" content=\"&nbsp; 2023. okt\u00f3ber 15-\u00e9n az \u00f6kumenikus istentiszteletet k\u00f6vet\u0151en \u00fcnnepi m\u0171sorral eml\u00e9kezt\u00fcnk meg 1956. okt\u00f3ber 23-r\u00f3l. 1956 F\u00c9NYL\u0150 ARCAI c\u00edmmel, az Udvari Kamarasz\u00ednh\u00e1z el\u0151ad\u00e1s\u00e1ban \u0151sbemutat\u00f3ra ker\u00fclt sor. Az el\u0151ad\u00f3k, Orb\u00e1n Borb\u00e1la, Lentulai Hanna S\u00e1ra \u00e9s D\u00f3czy P\u00e9ter, egyfajta id\u0151utaz\u00e1sra invit\u00e1ltak benn\u00fcnket. Egyszer\u0171en csak a h\u00e1la \u00e9s k\u00f6sz\u00f6net hangj\u00e1n tudok megsz\u00f3lalni, s mind a magam, mind pedig h\u00edveim nev\u00e9ben fejezem ki \u00f6r\u00f6m\u00f6met ez\u00e9rt a feledhetetlen \u00e9s az \u00fcnnephez m\u00e9lt\u00f3 megeml\u00e9kez\u00e9s\u00e9rt. Tibor atya You are currently viewing a placeholder content from YouTube. To access the actual content, click the button below. Please note that doing so will share data with third-party providers. More Information Unblock content Accept required service and unblock content *\" \/>\n<meta property=\"og:url\" content=\"https:\/\/stuttgarti-katolikusok.de\/index.php\/1956-fenylo-arcai\/\" \/>\n<meta property=\"og:site_name\" content=\"Stuttgarti Katolikusok\" \/>\n<meta property=\"article:published_time\" content=\"2023-10-15T23:01:26+00:00\" \/>\n<meta property=\"og:image\" content=\"https:\/\/stuttgarti-katolikusok.de\/wp-content\/uploads\/2023\/10\/1956-fenylo-arcai-2.jpg\" \/>\n\t<meta property=\"og:image:width\" content=\"1600\" \/>\n\t<meta property=\"og:image:height\" content=\"1200\" \/>\n\t<meta property=\"og:image:type\" content=\"image\/jpeg\" \/>\n<meta name=\"author\" content=\"Tibor atya\" \/>\n<meta name=\"twitter:card\" content=\"summary_large_image\" \/>\n<meta name=\"twitter:label1\" content=\"Szerz\u0151:\" \/>\n\t<meta name=\"twitter:data1\" content=\"Tibor atya\" \/>\n\t<meta name=\"twitter:label2\" content=\"Becs\u00fclt olvas\u00e1si id\u0151\" \/>\n\t<meta name=\"twitter:data2\" content=\"1 perc\" \/>\n<script type=\"application\/ld+json\" class=\"yoast-schema-graph\">{\"@context\":\"https:\\\/\\\/schema.org\",\"@graph\":[{\"@type\":\"Article\",\"@id\":\"https:\\\/\\\/stuttgarti-katolikusok.de\\\/index.php\\\/1956-fenylo-arcai\\\/#article\",\"isPartOf\":{\"@id\":\"https:\\\/\\\/stuttgarti-katolikusok.de\\\/index.php\\\/1956-fenylo-arcai\\\/\"},\"author\":{\"name\":\"Tibor atya\",\"@id\":\"https:\\\/\\\/stuttgarti-katolikusok.de\\\/#\\\/schema\\\/person\\\/75908d6f8fdc03a57889d27209df7795\"},\"headline\":\"1956 F\u00c9NYL\u0150 ARCAI\",\"datePublished\":\"2023-10-15T23:01:26+00:00\",\"mainEntityOfPage\":{\"@id\":\"https:\\\/\\\/stuttgarti-katolikusok.de\\\/index.php\\\/1956-fenylo-arcai\\\/\"},\"wordCount\":119,\"image\":{\"@id\":\"https:\\\/\\\/stuttgarti-katolikusok.de\\\/index.php\\\/1956-fenylo-arcai\\\/#primaryimage\"},\"thumbnailUrl\":\"https:\\\/\\\/stuttgarti-katolikusok.de\\\/wp-content\\\/uploads\\\/2023\\\/10\\\/1956-fenylo-arcai-2.jpg\",\"articleSection\":[\"H\u00edrek\"],\"inLanguage\":\"hu\"},{\"@type\":\"WebPage\",\"@id\":\"https:\\\/\\\/stuttgarti-katolikusok.de\\\/index.php\\\/1956-fenylo-arcai\\\/\",\"url\":\"https:\\\/\\\/stuttgarti-katolikusok.de\\\/index.php\\\/1956-fenylo-arcai\\\/\",\"name\":\"1956 F\u00c9NYL\u0150 ARCAI - Stuttgarti Katolikusok\",\"isPartOf\":{\"@id\":\"https:\\\/\\\/stuttgarti-katolikusok.de\\\/#website\"},\"primaryImageOfPage\":{\"@id\":\"https:\\\/\\\/stuttgarti-katolikusok.de\\\/index.php\\\/1956-fenylo-arcai\\\/#primaryimage\"},\"image\":{\"@id\":\"https:\\\/\\\/stuttgarti-katolikusok.de\\\/index.php\\\/1956-fenylo-arcai\\\/#primaryimage\"},\"thumbnailUrl\":\"https:\\\/\\\/stuttgarti-katolikusok.de\\\/wp-content\\\/uploads\\\/2023\\\/10\\\/1956-fenylo-arcai-2.jpg\",\"datePublished\":\"2023-10-15T23:01:26+00:00\",\"author\":{\"@id\":\"https:\\\/\\\/stuttgarti-katolikusok.de\\\/#\\\/schema\\\/person\\\/75908d6f8fdc03a57889d27209df7795\"},\"breadcrumb\":{\"@id\":\"https:\\\/\\\/stuttgarti-katolikusok.de\\\/index.php\\\/1956-fenylo-arcai\\\/#breadcrumb\"},\"inLanguage\":\"hu\",\"potentialAction\":[{\"@type\":\"ReadAction\",\"target\":[\"https:\\\/\\\/stuttgarti-katolikusok.de\\\/index.php\\\/1956-fenylo-arcai\\\/\"]}]},{\"@type\":\"ImageObject\",\"inLanguage\":\"hu\",\"@id\":\"https:\\\/\\\/stuttgarti-katolikusok.de\\\/index.php\\\/1956-fenylo-arcai\\\/#primaryimage\",\"url\":\"https:\\\/\\\/stuttgarti-katolikusok.de\\\/wp-content\\\/uploads\\\/2023\\\/10\\\/1956-fenylo-arcai-2.jpg\",\"contentUrl\":\"https:\\\/\\\/stuttgarti-katolikusok.de\\\/wp-content\\\/uploads\\\/2023\\\/10\\\/1956-fenylo-arcai-2.jpg\",\"width\":1600,\"height\":1200},{\"@type\":\"BreadcrumbList\",\"@id\":\"https:\\\/\\\/stuttgarti-katolikusok.de\\\/index.php\\\/1956-fenylo-arcai\\\/#breadcrumb\",\"itemListElement\":[{\"@type\":\"ListItem\",\"position\":1,\"name\":\"Kezd\u0151lap\",\"item\":\"https:\\\/\\\/stuttgarti-katolikusok.de\\\/\"},{\"@type\":\"ListItem\",\"position\":2,\"name\":\"1956 F\u00c9NYL\u0150 ARCAI\"}]},{\"@type\":\"WebSite\",\"@id\":\"https:\\\/\\\/stuttgarti-katolikusok.de\\\/#website\",\"url\":\"https:\\\/\\\/stuttgarti-katolikusok.de\\\/\",\"name\":\"Stuttgarti Katolikusok\",\"description\":\"\",\"potentialAction\":[{\"@type\":\"SearchAction\",\"target\":{\"@type\":\"EntryPoint\",\"urlTemplate\":\"https:\\\/\\\/stuttgarti-katolikusok.de\\\/?s={search_term_string}\"},\"query-input\":{\"@type\":\"PropertyValueSpecification\",\"valueRequired\":true,\"valueName\":\"search_term_string\"}}],\"inLanguage\":\"hu\"},{\"@type\":\"Person\",\"@id\":\"https:\\\/\\\/stuttgarti-katolikusok.de\\\/#\\\/schema\\\/person\\\/75908d6f8fdc03a57889d27209df7795\",\"name\":\"Tibor atya\",\"image\":{\"@type\":\"ImageObject\",\"inLanguage\":\"hu\",\"@id\":\"https:\\\/\\\/secure.gravatar.com\\\/avatar\\\/61d268e57d1f4525b111222e29d2d5a7f8c420fdbf231ba5566a8ceac74fa960?s=96&d=mm&r=g\",\"url\":\"https:\\\/\\\/secure.gravatar.com\\\/avatar\\\/61d268e57d1f4525b111222e29d2d5a7f8c420fdbf231ba5566a8ceac74fa960?s=96&d=mm&r=g\",\"contentUrl\":\"https:\\\/\\\/secure.gravatar.com\\\/avatar\\\/61d268e57d1f4525b111222e29d2d5a7f8c420fdbf231ba5566a8ceac74fa960?s=96&d=mm&r=g\",\"caption\":\"Tibor atya\"},\"url\":\"https:\\\/\\\/stuttgarti-katolikusok.de\\\/index.php\\\/author\\\/tibor-atya\\\/\"}]}<\/script>\n<!-- \/ Yoast SEO plugin. -->","yoast_head_json":{"title":"1956 F\u00c9NYL\u0150 ARCAI - Stuttgarti Katolikusok","robots":{"index":"index","follow":"follow","max-snippet":"max-snippet:-1","max-image-preview":"max-image-preview:large","max-video-preview":"max-video-preview:-1"},"canonical":"https:\/\/stuttgarti-katolikusok.de\/index.php\/1956-fenylo-arcai\/","og_locale":"hu_HU","og_type":"article","og_title":"1956 F\u00c9NYL\u0150 ARCAI - Stuttgarti Katolikusok","og_description":"&nbsp; 2023. okt\u00f3ber 15-\u00e9n az \u00f6kumenikus istentiszteletet k\u00f6vet\u0151en \u00fcnnepi m\u0171sorral eml\u00e9kezt\u00fcnk meg 1956. okt\u00f3ber 23-r\u00f3l. 1956 F\u00c9NYL\u0150 ARCAI c\u00edmmel, az Udvari Kamarasz\u00ednh\u00e1z el\u0151ad\u00e1s\u00e1ban \u0151sbemutat\u00f3ra ker\u00fclt sor. Az el\u0151ad\u00f3k, Orb\u00e1n Borb\u00e1la, Lentulai Hanna S\u00e1ra \u00e9s D\u00f3czy P\u00e9ter, egyfajta id\u0151utaz\u00e1sra invit\u00e1ltak benn\u00fcnket. Egyszer\u0171en csak a h\u00e1la \u00e9s k\u00f6sz\u00f6net hangj\u00e1n tudok megsz\u00f3lalni, s mind a magam, mind pedig h\u00edveim nev\u00e9ben fejezem ki \u00f6r\u00f6m\u00f6met ez\u00e9rt a feledhetetlen \u00e9s az \u00fcnnephez m\u00e9lt\u00f3 megeml\u00e9kez\u00e9s\u00e9rt. Tibor atya You are currently viewing a placeholder content from YouTube. To access the actual content, click the button below. Please note that doing so will share data with third-party providers. More Information Unblock content Accept required service and unblock content *","og_url":"https:\/\/stuttgarti-katolikusok.de\/index.php\/1956-fenylo-arcai\/","og_site_name":"Stuttgarti Katolikusok","article_published_time":"2023-10-15T23:01:26+00:00","og_image":[{"width":1600,"height":1200,"url":"https:\/\/stuttgarti-katolikusok.de\/wp-content\/uploads\/2023\/10\/1956-fenylo-arcai-2.jpg","type":"image\/jpeg"}],"author":"Tibor atya","twitter_card":"summary_large_image","twitter_misc":{"Szerz\u0151:":"Tibor atya","Becs\u00fclt olvas\u00e1si id\u0151":"1 perc"},"schema":{"@context":"https:\/\/schema.org","@graph":[{"@type":"Article","@id":"https:\/\/stuttgarti-katolikusok.de\/index.php\/1956-fenylo-arcai\/#article","isPartOf":{"@id":"https:\/\/stuttgarti-katolikusok.de\/index.php\/1956-fenylo-arcai\/"},"author":{"name":"Tibor atya","@id":"https:\/\/stuttgarti-katolikusok.de\/#\/schema\/person\/75908d6f8fdc03a57889d27209df7795"},"headline":"1956 F\u00c9NYL\u0150 ARCAI","datePublished":"2023-10-15T23:01:26+00:00","mainEntityOfPage":{"@id":"https:\/\/stuttgarti-katolikusok.de\/index.php\/1956-fenylo-arcai\/"},"wordCount":119,"image":{"@id":"https:\/\/stuttgarti-katolikusok.de\/index.php\/1956-fenylo-arcai\/#primaryimage"},"thumbnailUrl":"https:\/\/stuttgarti-katolikusok.de\/wp-content\/uploads\/2023\/10\/1956-fenylo-arcai-2.jpg","articleSection":["H\u00edrek"],"inLanguage":"hu"},{"@type":"WebPage","@id":"https:\/\/stuttgarti-katolikusok.de\/index.php\/1956-fenylo-arcai\/","url":"https:\/\/stuttgarti-katolikusok.de\/index.php\/1956-fenylo-arcai\/","name":"1956 F\u00c9NYL\u0150 ARCAI - Stuttgarti Katolikusok","isPartOf":{"@id":"https:\/\/stuttgarti-katolikusok.de\/#website"},"primaryImageOfPage":{"@id":"https:\/\/stuttgarti-katolikusok.de\/index.php\/1956-fenylo-arcai\/#primaryimage"},"image":{"@id":"https:\/\/stuttgarti-katolikusok.de\/index.php\/1956-fenylo-arcai\/#primaryimage"},"thumbnailUrl":"https:\/\/stuttgarti-katolikusok.de\/wp-content\/uploads\/2023\/10\/1956-fenylo-arcai-2.jpg","datePublished":"2023-10-15T23:01:26+00:00","author":{"@id":"https:\/\/stuttgarti-katolikusok.de\/#\/schema\/person\/75908d6f8fdc03a57889d27209df7795"},"breadcrumb":{"@id":"https:\/\/stuttgarti-katolikusok.de\/index.php\/1956-fenylo-arcai\/#breadcrumb"},"inLanguage":"hu","potentialAction":[{"@type":"ReadAction","target":["https:\/\/stuttgarti-katolikusok.de\/index.php\/1956-fenylo-arcai\/"]}]},{"@type":"ImageObject","inLanguage":"hu","@id":"https:\/\/stuttgarti-katolikusok.de\/index.php\/1956-fenylo-arcai\/#primaryimage","url":"https:\/\/stuttgarti-katolikusok.de\/wp-content\/uploads\/2023\/10\/1956-fenylo-arcai-2.jpg","contentUrl":"https:\/\/stuttgarti-katolikusok.de\/wp-content\/uploads\/2023\/10\/1956-fenylo-arcai-2.jpg","width":1600,"height":1200},{"@type":"BreadcrumbList","@id":"https:\/\/stuttgarti-katolikusok.de\/index.php\/1956-fenylo-arcai\/#breadcrumb","itemListElement":[{"@type":"ListItem","position":1,"name":"Kezd\u0151lap","item":"https:\/\/stuttgarti-katolikusok.de\/"},{"@type":"ListItem","position":2,"name":"1956 F\u00c9NYL\u0150 ARCAI"}]},{"@type":"WebSite","@id":"https:\/\/stuttgarti-katolikusok.de\/#website","url":"https:\/\/stuttgarti-katolikusok.de\/","name":"Stuttgarti Katolikusok","description":"","potentialAction":[{"@type":"SearchAction","target":{"@type":"EntryPoint","urlTemplate":"https:\/\/stuttgarti-katolikusok.de\/?s={search_term_string}"},"query-input":{"@type":"PropertyValueSpecification","valueRequired":true,"valueName":"search_term_string"}}],"inLanguage":"hu"},{"@type":"Person","@id":"https:\/\/stuttgarti-katolikusok.de\/#\/schema\/person\/75908d6f8fdc03a57889d27209df7795","name":"Tibor atya","image":{"@type":"ImageObject","inLanguage":"hu","@id":"https:\/\/secure.gravatar.com\/avatar\/61d268e57d1f4525b111222e29d2d5a7f8c420fdbf231ba5566a8ceac74fa960?s=96&d=mm&r=g","url":"https:\/\/secure.gravatar.com\/avatar\/61d268e57d1f4525b111222e29d2d5a7f8c420fdbf231ba5566a8ceac74fa960?s=96&d=mm&r=g","contentUrl":"https:\/\/secure.gravatar.com\/avatar\/61d268e57d1f4525b111222e29d2d5a7f8c420fdbf231ba5566a8ceac74fa960?s=96&d=mm&r=g","caption":"Tibor atya"},"url":"https:\/\/stuttgarti-katolikusok.de\/index.php\/author\/tibor-atya\/"}]}},"_links":{"self":[{"href":"https:\/\/stuttgarti-katolikusok.de\/index.php\/wp-json\/wp\/v2\/posts\/27330","targetHints":{"allow":["GET"]}}],"collection":[{"href":"https:\/\/stuttgarti-katolikusok.de\/index.php\/wp-json\/wp\/v2\/posts"}],"about":[{"href":"https:\/\/stuttgarti-katolikusok.de\/index.php\/wp-json\/wp\/v2\/types\/post"}],"author":[{"embeddable":true,"href":"https:\/\/stuttgarti-katolikusok.de\/index.php\/wp-json\/wp\/v2\/users\/3"}],"replies":[{"embeddable":true,"href":"https:\/\/stuttgarti-katolikusok.de\/index.php\/wp-json\/wp\/v2\/comments?post=27330"}],"version-history":[{"count":1,"href":"https:\/\/stuttgarti-katolikusok.de\/index.php\/wp-json\/wp\/v2\/posts\/27330\/revisions"}],"predecessor-version":[{"id":27332,"href":"https:\/\/stuttgarti-katolikusok.de\/index.php\/wp-json\/wp\/v2\/posts\/27330\/revisions\/27332"}],"wp:featuredmedia":[{"embeddable":true,"href":"https:\/\/stuttgarti-katolikusok.de\/index.php\/wp-json\/wp\/v2\/media\/27331"}],"wp:attachment":[{"href":"https:\/\/stuttgarti-katolikusok.de\/index.php\/wp-json\/wp\/v2\/media?parent=27330"}],"wp:term":[{"taxonomy":"category","embeddable":true,"href":"https:\/\/stuttgarti-katolikusok.de\/index.php\/wp-json\/wp\/v2\/categories?post=27330"},{"taxonomy":"post_tag","embeddable":true,"href":"https:\/\/stuttgarti-katolikusok.de\/index.php\/wp-json\/wp\/v2\/tags?post=27330"}],"curies":[{"name":"wp","href":"https:\/\/api.w.org\/{rel}","templated":true}]}}