{"id":27321,"date":"2023-10-14T14:07:47","date_gmt":"2023-10-14T12:07:47","guid":{"rendered":"https:\/\/stuttgarti-katolikusok.de\/?p=27321"},"modified":"2023-10-14T14:07:47","modified_gmt":"2023-10-14T12:07:47","slug":"evkozi-28-vasarnap","status":"publish","type":"post","link":"https:\/\/stuttgarti-katolikusok.de\/index.php\/evkozi-28-vasarnap\/","title":{"rendered":"\u00c9vk\u00f6zi 28. vas\u00e1rnap"},"content":{"rendered":"<p><span style=\"color: #339966;\">Kezd\u0151\u00e9nek:<\/span><br \/>\nHa b\u0171neinket, Uram, felrovod, Uram, ki az, aki el\u0151tted meg\u00e1llhat? De n\u00e1lad mindig k\u00e9sz az irgalom, Isten\u00fcnk! (Zsolt 129,3-4)<\/p>\n<p><span style=\"color: #339966;\">K\u00f6ny\u00f6rg\u00e9s:<\/span><br \/>\nUrunk, Isten\u00fcnk, kegyelmed mindenkor ind\u00edtson \u00e9s k\u00eds\u00e9rjen minket, hogy figyelm\u00fcnk sz\u00fcntelen\u00fcl a j\u00f3tettekre ir\u00e1nyuljon. A mi Urunk, J\u00e9zus Krisztus, a te Fiad \u00e1ltal, aki veled \u00e9l \u00e9s uralkodik a Szentl\u00e9lekkel egys\u00e9gben, Isten mind\u00f6r\u00f6kk\u00f6n \u00f6r\u00f6kk\u00e9.<\/p>\n<p align=\"justify\"><span style=\"color: #339966;\">OLVASM\u00c1NY Izaj\u00e1s pr\u00f3f\u00e9ta k\u00f6nyv\u00e9b\u0151l (Iz 25,6-10a)<\/span><br \/>\n<em>Az \u00dar b\u0151s\u00e9ges lakom\u00e1t rendez, \u00e9s let\u00f6rli a k\u00f6nnyet minden arcr\u00f3l.<\/em><br \/>\nA Seregek Ura b\u0151s\u00e9ges lakom\u00e1t rendez minden nemzetnek ezen a hegyen. Lakom\u00e1t, ahol lesz finom bor, zs\u00edros, legjava falat, \u00e9s er\u0151s sz\u00ednbor. \u00c9s ezen a hegyen leveszi a leplet, amely minden n\u00e9pet betakart, \u00e9s a f\u00e1tyolt, amely minden nemzetet elbor\u00edtott.<br \/>\n\u00d6r\u00f6kre megsemmis\u00edti a hal\u00e1lt. Isten\u00fcnk, az \u00dar let\u00f6rli a k\u00f6nnyet minden arcr\u00f3l, lemossa n\u00e9p\u00e9r\u0151l a gyal\u00e1zatot, lemossa az eg\u00e9sz f\u00f6ld\u00f6n. \u0150, az \u00dar mondta ezt. Azon a napon majd \u00edgy besz\u00e9lnek: \u00cdme, a mi Isten\u00fcnk! Benne rem\u00e9lt\u00fcnk. hogy \u0151 megszabad\u00edt minket.<br \/>\n\u0150 az \u00dar, s mi benne b\u00edztunk. \u00d6r\u00fclj\u00fcnk \u00e9s ujjongjunk szabad\u00edt\u00e1s\u00e1nak! L\u00e1m az \u00dar keze megpihen e hegyen.<br \/>\nEz az Isten ig\u00e9je.<\/p>\n<p align=\"justify\"><span style=\"color: #339966;\">V\u00c1LASZOS ZSOLT\u00c1R (Zsolt 22,1-3a.3b-4.5.6)<\/span><br \/>\nV\u00e1lasz:\u00a0<strong>Otthonom lesz az Isten h\u00e1za * mind\u00f6r\u00f6kk\u00e9 sz\u00fcnet n\u00e9lk\u00fcl.<\/strong>\u00a09. t\u00f3nus.<br \/>\nEl\u0151\u00e9nekes: Az \u00dar n\u00e9kem p\u00e1sztorom: * \u00edns\u00e9get nem kell l\u00e1tnom.<br \/>\nZ\u00f6ldell\u0151 mez\u0151k\u00f6n terelget engem, * csendes vizekhez vezet \u00e9s lelkemet fel\u00fcd\u00edti.<br \/>\nH\u00edvek: Otthonom lesz az Isten h\u00e1za * mind\u00f6r\u00f6kk\u00e9 sz\u00fcnet n\u00e9lk\u00fcl.<br \/>\nE: Az igazs\u00e1g \u00f6sv\u00e9ny\u00e9n vezet engem, * ahogyan \u0151 meg\u00edg\u00e9rte.<br \/>\nA hal\u00e1l s\u00f6t\u00e9t v\u00f6lgy\u00e9ben sem f\u00e9lek, mert ott vagy v\u00e9lem, * biztons\u00e1got ad vessz\u0151d \u00e9s p\u00e1sztorbotod.<br \/>\nH: Otthonom lesz az Isten h\u00e1za * mind\u00f6r\u00f6kk\u00e9 sz\u00fcnet n\u00e9lk\u00fcl.<br \/>\nE: Sz\u00e1momra asztalt ter\u00edtett\u00e9l, * hogy \u00fcld\u00f6z\u0151imet sz\u00e9gyen \u00e9rje.<br \/>\nFejemet megkented olajoddal, * serlegemet csordultig megt\u00f6lt\u00f6tted.<br \/>\nH: Otthonom lesz az Isten h\u00e1za * mind\u00f6r\u00f6kk\u00e9 sz\u00fcnet n\u00e9lk\u00fcl.<br \/>\nE: J\u00f3s\u00e1god \u00e9s irgalmad nyomon k\u00f6vet * \u00e9letemnek minden napj\u00e1n.<br \/>\nOtthonom lesz az Isten h\u00e1za, * mind\u00f6r\u00f6kk\u00e9 sz\u00fcnet n\u00e9lk\u00fcl.<br \/>\nH: Otthonom lesz az Isten h\u00e1za * mind\u00f6r\u00f6kk\u00e9 sz\u00fcnet n\u00e9lk\u00fcl.<\/p>\n<p align=\"justify\"><span style=\"color: #339966;\">SZENTLECKE Szent P\u00e1l apostolnak a filippiekhez \u00edrt level\u00e9b\u0151l (Fil 4,12-14.19-20)<\/span><br \/>\n<em>Mindenre k\u00e9pes vagyok abban, aki nekem er\u0151t ad.<\/em><br \/>\nTestv\u00e9reim!<br \/>\nTudok n\u00e9lk\u00fcl\u00f6zni, de tudok b\u0151s\u00e9gben is \u00e9lni. Megszoktam mindig mindent: a j\u00f3llak\u00e1st \u00e9s az \u00e9hez\u00e9st, a b\u0151velked\u00e9st \u00e9s a n\u00e9lk\u00fcl\u00f6z\u00e9st. Mindenre k\u00e9pes vagyok abban, aki nekem er\u0151t ad. M\u00e9gis j\u00f3l tett\u00e9tek, hogy sz\u00fcks\u00e9gemben seg\u00edts\u00e9gemre voltatok. Az \u00e9n Istenem, gazdags\u00e1g\u00e1nak m\u00e9rt\u00e9ke szerint, a ti sz\u00fcks\u00e9geteket is b\u0151s\u00e9gesen kiel\u00e9g\u00edti majd a J\u00e9zus Krisztus \u00e1ltal elnyert dics\u0151s\u00e9gben. Legyen dics\u0151s\u00e9g Istennek, a mi Aty\u00e1nknak \u00f6r\u00f6kk\u00f6n \u00f6r\u00f6kk\u00e9! \u00c1men.<br \/>\nEz az Isten ig\u00e9je.<\/p>\n<p align=\"justify\"><span style=\"color: #339966;\">ALLELUJA<\/span><br \/>\nUrunk, J\u00e9zus Krisztus Atyja, vil\u00e1gos\u00edtsa meg lelk\u00fcnket, * hogy meg\u00e9rts\u00fck, mily rem\u00e9nys\u00e9gre h\u00edvott meg minket. Ef 1,17-18 \u2013 8 G. t\u00f3nus.<\/p>\n<p align=\"justify\"><em>Hosszabb forma:<\/em><br \/>\n<span style=\"color: #339966;\">\u2020 EVANG\u00c9LIUM Szent M\u00e1t\u00e9 k\u00f6nyv\u00e9b\u0151l (Mt 22,1-14 r\u00f6videbb: Mt 22,1-10)<\/span><br \/>\n<em>Akit csak tal\u00e1ltok, h\u00edvj\u00e1tok el a menyegz\u0151re!<\/em><br \/>\nAbban az id\u0151ben: J\u00e9zus ism\u00e9t p\u00e9ldabesz\u00e9dekben sz\u00f3lt a f\u0151papokhoz \u00e9s a n\u00e9p v\u00e9neihez:<br \/>\nA mennyek orsz\u00e1ga olyan, mint amikor egy kir\u00e1ly menyegz\u0151t rendezett a fi\u00e1nak. Elk\u00fcldte szolg\u00e1it, hogy sz\u00f3ljanak a megh\u00edvottaknak, j\u00f6jjenek a menyegz\u0151re. \u0150k azonban nem akartak j\u00f6nni. Erre m\u00e1s szolg\u00e1kat k\u00fcld\u00f6tt: \u201eMondj\u00e1tok meg a megh\u00edvottaknak: \u00cdme, a lakom\u00e1t elk\u00e9sz\u00edtettem. \u00d6kreim \u00e9s hizlalt \u00e1llataim le\u00f6ltem. Minden k\u00e9szen \u00e1ll, j\u00f6jjetek a menyegz\u0151re!\u201d De azok mindezzel mit sem t\u00f6r\u0151dve sz\u00e9tsz\u00e9ledtek: az egyik a f\u00f6ldj\u00e9re ment, a m\u00e1sik az \u00fczlete ut\u00e1n n\u00e9zett. A t\u00f6bbiek pedig a szolg\u00e1knak estek: \u00f6sszevert\u00e9k, s\u0151t meg is \u00f6lt\u00e9k \u0151ket. A kir\u00e1ly nagy haragra lobbant. Elk\u00fcldte seregeit, \u00e9s felkoncoltatta a gyilkosokat, v\u00e1rosukat pedig fel\u00e9gette. Azut\u00e1n \u00edgy sz\u00f3lt a szolg\u00e1khoz: \u201eA menyegz\u0151 k\u00e9sz, de a megh\u00edvottak nem voltak r\u00e1 m\u00e9lt\u00f3k. Menjetek h\u00e1t ki az \u00fatkeresztez\u0151d\u00e9sekre, \u00e9s akit csak tal\u00e1ltok, h\u00edvj\u00e1tok el a menyegz\u0151re!\u201d A szolg\u00e1k kimentek az utakra \u00e9s \u00f6sszeszedtek mindenkit, akit csak tal\u00e1ltak, gonoszokat \u00e9s j\u00f3kat egyar\u00e1nt. A lakodalmas h\u00e1z megtelt vend\u00e9gekkel. *<br \/>\nAmikor a kir\u00e1ly bej\u00f6tt, hogy megszeml\u00e9lje a vend\u00e9geket, megl\u00e1tott k\u00f6zt\u00fck egy embert, aki nem volt menyegz\u0151s ruh\u00e1ba \u00f6lt\u00f6zve. Megsz\u00f3l\u00edtotta: \u201eBar\u00e1tom, hogy j\u00f6hett\u00e9l be ide, ha nincs menyegz\u0151s ruh\u00e1d?\u201d De az csak hallgatott. Erre a kir\u00e1ly megparancsolta a szolg\u00e1knak: \u201eKez\u00e9t-l\u00e1b\u00e1t k\u00f6t\u00f6zz\u00e9tek meg, \u00e9s dobj\u00e1tok ki a k\u00fcls\u0151 s\u00f6t\u00e9ts\u00e9gre! Ott s\u00edr\u00e1s lesz \u00e9s fogcsikorgat\u00e1s!\u201d Sokan vannak a megh\u00edvottak, de kevesen a v\u00e1lasztottak! Ezek az evang\u00e9lium ig\u00e9i.<\/p>\n<p><em>Vagy r\u00f6videbb forma a *-ig<\/em><\/p>\n<p><span style=\"color: #339966;\">EGYETEMES K\u00d6NY\u00d6RG\u00c9SEK<\/span><br \/>\nPap: Testv\u00e9reim! Forduljunk k\u00f6ny\u00f6rg\u0151 l\u00e9lekkel mennyei Aty\u00e1nkhoz, aki mindny\u00e1junkat megh\u00edv szent Fia lakom\u00e1j\u00e1ra!<br \/>\nLektor: 1. Add, Urunk, hogy Egyh\u00e1zad tan\u00edt\u00e1sa mindenkihez k\u00f6zvet\u00edtse h\u00edv\u00f3 szavadat!<br \/>\nH\u00edvek: K\u00e9r\u00fcnk t\u00e9ged, hallgass meg minket!<br \/>\n2. Add, Urunk, hogy a n\u00e9pek \u00fagy t\u00f6rekedjenek a f\u00f6ldi j\u00f3l\u00e9tre, hogy meg ne feledkezzenek az \u00f6r\u00f6k javakr\u00f3l!<br \/>\nH\u00edvek: K\u00e9r\u00fcnk t\u00e9ged . . .<br \/>\n3. Add, Urunk, hogy lakom\u00e1dra h\u00edv\u00f3 szavadat mindig meghalljuk, \u00e9s k\u00e9szs\u00e9ggel k\u00f6vess\u00fck!<br \/>\nH\u00edvek: K\u00e9r\u00fcnk t\u00e9ged . . .<br \/>\n4. Add, Urunk, hogy mindig a megszentel\u0151 kegyelem menyegz\u0151s k\u00f6nt\u00f6s\u00e9ben v\u00e1rjuk az \u00f6r\u00f6k \u00e9letre sz\u00f3l\u00edt\u00f3 szavadat!<br \/>\nH\u00edvek: K\u00e9r\u00fcnk t\u00e9ged . . .<br \/>\n5. Add, Urunk, hogy h\u00edveid keress\u00e9k egym\u00e1s bar\u00e1ts\u00e1g\u00e1t, \u00e9s sz\u00edvesen gyakorolj\u00e1k a vend\u00e9gl\u00e1t\u00e1s er\u00e9ny\u00e9t!<br \/>\nH\u00edvek: K\u00e9r\u00fcnk t\u00e9ged . . .<br \/>\nPap: Mennyei Aty\u00e1nk! Engedd, hogy h\u00edv\u00f3 szavadat soha el ne nyomja sz\u00edv\u00fcnkben a vil\u00e1g zaja, \u00e9s mindig k\u00e9szek legy\u00fcnk h\u00edv\u00e1sod k\u00f6vet\u00e9s\u00e9re! Krisztus, a mi Urunk \u00e1ltal.<br \/>\nH\u00edvek: \u00c1men.<\/p>\n<p><span style=\"color: #339966;\">Felaj\u00e1nl\u00f3 k\u00f6ny\u00f6rg\u00e9s:<\/span><br \/>\nIsten\u00fcnk, fogadd el h\u00edveid k\u00f6ny\u00f6rg\u00e9seit \u00e9s ezeket a felaj\u00e1nlott \u00e1ldozati adom\u00e1nyokat, hogy odaad\u00f3 szolg\u00e1latunk r\u00e9v\u00e9n a mennyei dics\u0151s\u00e9gbe jussunk. Krisztus, a mi Urunk \u00e1ltal.<\/p>\n<p><span style=\"color: #339966;\">\u00c1ldoz\u00e1si \u00e9nek:<\/span><br \/>\nJ\u00f3m\u00f3d\u00faak \u00e9heznek \u00e9s nyomorognak; aki Istent keresi, az nem szenved hi\u00e1nyt a j\u00f3ban. (Zsolt 33,11)<br \/>\n<span style=\"color: #339966;\"><em>vagy<\/em><\/span><br \/>\nAmikor ism\u00e9t megjelenik az \u00dar, hozz\u00e1 lesz\u00fcnk hasonl\u00f3k, mert l\u00e1tni fogjuk, amint van. (1Jn 3,2)<\/p>\n<p><span style=\"color: #339966;\">\u00c1ldoz\u00e1s ut\u00e1ni k\u00f6ny\u00f6rg\u00e9s:<\/span><br \/>\nK\u00e9rve k\u00e9rj\u00fck F\u00f6ls\u00e9gedet, Isten\u00fcnk, hogy amint Fiad szent test\u00e9vel \u00e9s v\u00e9r\u00e9vel t\u00e1pl\u00e1lsz, t\u00e9gy minket az isteni \u00e9let r\u00e9szes\u00e9v\u00e9. Krisztus, a mi Urunk \u00e1ltal.<\/p>\n<p><a href=\"https:\/\/stuttgarti-katolikusok.de\/wp-content\/uploads\/2023\/10\/screenshot-20231009-181226-instagram.jpg\"><img loading=\"lazy\" decoding=\"async\" class=\"alignnone size-full wp-image-27323\" src=\"https:\/\/stuttgarti-katolikusok.de\/wp-content\/uploads\/2023\/10\/screenshot-20231009-181226-instagram.jpg\" alt=\"\" width=\"1078\" height=\"1071\" srcset=\"https:\/\/stuttgarti-katolikusok.de\/wp-content\/uploads\/2023\/10\/screenshot-20231009-181226-instagram.jpg 1078w, https:\/\/stuttgarti-katolikusok.de\/wp-content\/uploads\/2023\/10\/screenshot-20231009-181226-instagram-300x298.jpg 300w, https:\/\/stuttgarti-katolikusok.de\/wp-content\/uploads\/2023\/10\/screenshot-20231009-181226-instagram-1024x1017.jpg 1024w, https:\/\/stuttgarti-katolikusok.de\/wp-content\/uploads\/2023\/10\/screenshot-20231009-181226-instagram-150x150.jpg 150w\" sizes=\"auto, (max-width: 1078px) 100vw, 1078px\" \/><\/a><\/p>\n<p><em>(K\u00e9pek forr\u00e1sa: Instagram)<\/em><\/p>\n","protected":false},"excerpt":{"rendered":"<p>Kezd\u0151\u00e9nek: Ha b\u0171neinket, Uram, felrovod, Uram, ki az, aki el\u0151tted meg\u00e1llhat? De n\u00e1lad mindig k\u00e9sz az irgalom, Isten\u00fcnk! (Zsolt 129,3-4) K\u00f6ny\u00f6rg\u00e9s: Urunk, Isten\u00fcnk, kegyelmed mindenkor ind\u00edtson \u00e9s k\u00eds\u00e9rjen minket, hogy figyelm\u00fcnk sz\u00fcntelen\u00fcl a j\u00f3tettekre ir\u00e1nyuljon. A mi Urunk, J\u00e9zus Krisztus, a te Fiad \u00e1ltal, aki veled \u00e9l \u00e9s uralkodik a Szentl\u00e9lekkel egys\u00e9gben, Isten mind\u00f6r\u00f6kk\u00f6n \u00f6r\u00f6kk\u00e9. OLVASM\u00c1NY Izaj\u00e1s pr\u00f3f\u00e9ta k\u00f6nyv\u00e9b\u0151l (Iz 25,6-10a) Az \u00dar b\u0151s\u00e9ges lakom\u00e1t rendez, \u00e9s let\u00f6rli a k\u00f6nnyet minden arcr\u00f3l. A Seregek Ura b\u0151s\u00e9ges lakom\u00e1t rendez minden nemzetnek ezen a hegyen. Lakom\u00e1t, ahol lesz finom bor, zs\u00edros, legjava falat, \u00e9s er\u0151s sz\u00ednbor. \u00c9s ezen a hegyen leveszi a leplet, amely minden n\u00e9pet betakart, \u00e9s a f\u00e1tyolt, amely minden nemzetet elbor\u00edtott. \u00d6r\u00f6kre megsemmis\u00edti a hal\u00e1lt. Isten\u00fcnk, az \u00dar let\u00f6rli a k\u00f6nnyet minden arcr\u00f3l, lemossa n\u00e9p\u00e9r\u0151l a gyal\u00e1zatot, lemossa az eg\u00e9sz f\u00f6ld\u00f6n. \u0150, az \u00dar mondta ezt. Azon a napon majd \u00edgy besz\u00e9lnek: \u00cdme, a mi Isten\u00fcnk! Benne rem\u00e9lt\u00fcnk. hogy \u0151 megszabad\u00edt minket. \u0150 az \u00dar, s mi benne b\u00edztunk. \u00d6r\u00fclj\u00fcnk \u00e9s ujjongjunk szabad\u00edt\u00e1s\u00e1nak! L\u00e1m az \u00dar keze megpihen e hegyen. Ez az Isten ig\u00e9je. V\u00c1LASZOS ZSOLT\u00c1R (Zsolt 22,1-3a.3b-4.5.6) V\u00e1lasz:\u00a0Otthonom lesz az Isten h\u00e1za * mind\u00f6r\u00f6kk\u00e9 sz\u00fcnet n\u00e9lk\u00fcl.\u00a09. t\u00f3nus. El\u0151\u00e9nekes: Az \u00dar n\u00e9kem p\u00e1sztorom: * \u00edns\u00e9get nem kell l\u00e1tnom. Z\u00f6ldell\u0151 mez\u0151k\u00f6n terelget engem, * csendes vizekhez vezet \u00e9s lelkemet fel\u00fcd\u00edti. H\u00edvek: Otthonom lesz az Isten h\u00e1za * mind\u00f6r\u00f6kk\u00e9 sz\u00fcnet n\u00e9lk\u00fcl. E: Az igazs\u00e1g \u00f6sv\u00e9ny\u00e9n vezet engem, * ahogyan \u0151 meg\u00edg\u00e9rte. A hal\u00e1l s\u00f6t\u00e9t v\u00f6lgy\u00e9ben sem f\u00e9lek, mert ott vagy v\u00e9lem, * biztons\u00e1got ad vessz\u0151d \u00e9s p\u00e1sztorbotod. H: Otthonom lesz az Isten h\u00e1za * mind\u00f6r\u00f6kk\u00e9 sz\u00fcnet n\u00e9lk\u00fcl. E: Sz\u00e1momra asztalt ter\u00edtett\u00e9l, * hogy \u00fcld\u00f6z\u0151imet sz\u00e9gyen \u00e9rje. Fejemet megkented olajoddal, * serlegemet csordultig megt\u00f6lt\u00f6tted. H: Otthonom lesz az Isten h\u00e1za * mind\u00f6r\u00f6kk\u00e9 sz\u00fcnet n\u00e9lk\u00fcl. E: J\u00f3s\u00e1god \u00e9s irgalmad nyomon k\u00f6vet * \u00e9letemnek minden napj\u00e1n. Otthonom lesz az Isten h\u00e1za, * mind\u00f6r\u00f6kk\u00e9 sz\u00fcnet&#8230; <\/p>\n<p><a class=\"readmore\" href=\"https:\/\/stuttgarti-katolikusok.de\/index.php\/evkozi-28-vasarnap\/\">R\u00e9szletek<\/a><\/p>\n","protected":false},"author":3,"featured_media":27322,"comment_status":"closed","ping_status":"closed","sticky":false,"template":"","format":"standard","meta":{"footnotes":""},"categories":[85,63],"tags":[],"class_list":["post-27321","post","type-post","status-publish","format-standard","has-post-thumbnail","hentry","category-a-liturgia-olvasmanyai","category-vasarnapi-gondolatok"],"yoast_head":"<!-- This site is optimized with the Yoast SEO plugin v27.3 - https:\/\/yoast.com\/product\/yoast-seo-wordpress\/ -->\n<title>\u00c9vk\u00f6zi 28. vas\u00e1rnap - Stuttgarti Katolikusok<\/title>\n<meta name=\"robots\" content=\"index, follow, max-snippet:-1, max-image-preview:large, max-video-preview:-1\" \/>\n<link rel=\"canonical\" href=\"https:\/\/stuttgarti-katolikusok.de\/index.php\/evkozi-28-vasarnap\/\" \/>\n<meta property=\"og:locale\" content=\"hu_HU\" \/>\n<meta property=\"og:type\" content=\"article\" \/>\n<meta property=\"og:title\" content=\"\u00c9vk\u00f6zi 28. vas\u00e1rnap - Stuttgarti Katolikusok\" \/>\n<meta property=\"og:description\" content=\"Kezd\u0151\u00e9nek: Ha b\u0171neinket, Uram, felrovod, Uram, ki az, aki el\u0151tted meg\u00e1llhat? De n\u00e1lad mindig k\u00e9sz az irgalom, Isten\u00fcnk! (Zsolt 129,3-4) K\u00f6ny\u00f6rg\u00e9s: Urunk, Isten\u00fcnk, kegyelmed mindenkor ind\u00edtson \u00e9s k\u00eds\u00e9rjen minket, hogy figyelm\u00fcnk sz\u00fcntelen\u00fcl a j\u00f3tettekre ir\u00e1nyuljon. A mi Urunk, J\u00e9zus Krisztus, a te Fiad \u00e1ltal, aki veled \u00e9l \u00e9s uralkodik a Szentl\u00e9lekkel egys\u00e9gben, Isten mind\u00f6r\u00f6kk\u00f6n \u00f6r\u00f6kk\u00e9. OLVASM\u00c1NY Izaj\u00e1s pr\u00f3f\u00e9ta k\u00f6nyv\u00e9b\u0151l (Iz 25,6-10a) Az \u00dar b\u0151s\u00e9ges lakom\u00e1t rendez, \u00e9s let\u00f6rli a k\u00f6nnyet minden arcr\u00f3l. A Seregek Ura b\u0151s\u00e9ges lakom\u00e1t rendez minden nemzetnek ezen a hegyen. Lakom\u00e1t, ahol lesz finom bor, zs\u00edros, legjava falat, \u00e9s er\u0151s sz\u00ednbor. \u00c9s ezen a hegyen leveszi a leplet, amely minden n\u00e9pet betakart, \u00e9s a f\u00e1tyolt, amely minden nemzetet elbor\u00edtott. \u00d6r\u00f6kre megsemmis\u00edti a hal\u00e1lt. Isten\u00fcnk, az \u00dar let\u00f6rli a k\u00f6nnyet minden arcr\u00f3l, lemossa n\u00e9p\u00e9r\u0151l a gyal\u00e1zatot, lemossa az eg\u00e9sz f\u00f6ld\u00f6n. \u0150, az \u00dar mondta ezt. Azon a napon majd \u00edgy besz\u00e9lnek: \u00cdme, a mi Isten\u00fcnk! Benne rem\u00e9lt\u00fcnk. hogy \u0151 megszabad\u00edt minket. \u0150 az \u00dar, s mi benne b\u00edztunk. \u00d6r\u00fclj\u00fcnk \u00e9s ujjongjunk szabad\u00edt\u00e1s\u00e1nak! L\u00e1m az \u00dar keze megpihen e hegyen. Ez az Isten ig\u00e9je. V\u00c1LASZOS ZSOLT\u00c1R (Zsolt 22,1-3a.3b-4.5.6) V\u00e1lasz:\u00a0Otthonom lesz az Isten h\u00e1za * mind\u00f6r\u00f6kk\u00e9 sz\u00fcnet n\u00e9lk\u00fcl.\u00a09. t\u00f3nus. El\u0151\u00e9nekes: Az \u00dar n\u00e9kem p\u00e1sztorom: * \u00edns\u00e9get nem kell l\u00e1tnom. Z\u00f6ldell\u0151 mez\u0151k\u00f6n terelget engem, * csendes vizekhez vezet \u00e9s lelkemet fel\u00fcd\u00edti. H\u00edvek: Otthonom lesz az Isten h\u00e1za * mind\u00f6r\u00f6kk\u00e9 sz\u00fcnet n\u00e9lk\u00fcl. E: Az igazs\u00e1g \u00f6sv\u00e9ny\u00e9n vezet engem, * ahogyan \u0151 meg\u00edg\u00e9rte. A hal\u00e1l s\u00f6t\u00e9t v\u00f6lgy\u00e9ben sem f\u00e9lek, mert ott vagy v\u00e9lem, * biztons\u00e1got ad vessz\u0151d \u00e9s p\u00e1sztorbotod. H: Otthonom lesz az Isten h\u00e1za * mind\u00f6r\u00f6kk\u00e9 sz\u00fcnet n\u00e9lk\u00fcl. E: Sz\u00e1momra asztalt ter\u00edtett\u00e9l, * hogy \u00fcld\u00f6z\u0151imet sz\u00e9gyen \u00e9rje. Fejemet megkented olajoddal, * serlegemet csordultig megt\u00f6lt\u00f6tted. H: Otthonom lesz az Isten h\u00e1za * mind\u00f6r\u00f6kk\u00e9 sz\u00fcnet n\u00e9lk\u00fcl. E: J\u00f3s\u00e1god \u00e9s irgalmad nyomon k\u00f6vet * \u00e9letemnek minden napj\u00e1n. Otthonom lesz az Isten h\u00e1za, * mind\u00f6r\u00f6kk\u00e9 sz\u00fcnet... R\u00e9szletek\" \/>\n<meta property=\"og:url\" content=\"https:\/\/stuttgarti-katolikusok.de\/index.php\/evkozi-28-vasarnap\/\" \/>\n<meta property=\"og:site_name\" content=\"Stuttgarti Katolikusok\" \/>\n<meta property=\"article:published_time\" content=\"2023-10-14T12:07:47+00:00\" \/>\n<meta property=\"og:image\" content=\"https:\/\/stuttgarti-katolikusok.de\/wp-content\/uploads\/2023\/10\/screenshot-20231014-094913-instagram.jpg\" \/>\n\t<meta property=\"og:image:width\" content=\"1057\" \/>\n\t<meta property=\"og:image:height\" content=\"837\" \/>\n\t<meta property=\"og:image:type\" content=\"image\/jpeg\" \/>\n<meta name=\"author\" content=\"Tibor atya\" \/>\n<meta name=\"twitter:card\" content=\"summary_large_image\" \/>\n<meta name=\"twitter:label1\" content=\"Szerz\u0151:\" \/>\n\t<meta name=\"twitter:data1\" content=\"Tibor atya\" \/>\n\t<meta name=\"twitter:label2\" content=\"Becs\u00fclt olvas\u00e1si id\u0151\" \/>\n\t<meta name=\"twitter:data2\" content=\"6 perc\" \/>\n<script type=\"application\/ld+json\" class=\"yoast-schema-graph\">{\"@context\":\"https:\\\/\\\/schema.org\",\"@graph\":[{\"@type\":\"Article\",\"@id\":\"https:\\\/\\\/stuttgarti-katolikusok.de\\\/index.php\\\/evkozi-28-vasarnap\\\/#article\",\"isPartOf\":{\"@id\":\"https:\\\/\\\/stuttgarti-katolikusok.de\\\/index.php\\\/evkozi-28-vasarnap\\\/\"},\"author\":{\"name\":\"Tibor atya\",\"@id\":\"https:\\\/\\\/stuttgarti-katolikusok.de\\\/#\\\/schema\\\/person\\\/75908d6f8fdc03a57889d27209df7795\"},\"headline\":\"\u00c9vk\u00f6zi 28. vas\u00e1rnap\",\"datePublished\":\"2023-10-14T12:07:47+00:00\",\"mainEntityOfPage\":{\"@id\":\"https:\\\/\\\/stuttgarti-katolikusok.de\\\/index.php\\\/evkozi-28-vasarnap\\\/\"},\"wordCount\":1326,\"image\":{\"@id\":\"https:\\\/\\\/stuttgarti-katolikusok.de\\\/index.php\\\/evkozi-28-vasarnap\\\/#primaryimage\"},\"thumbnailUrl\":\"https:\\\/\\\/stuttgarti-katolikusok.de\\\/wp-content\\\/uploads\\\/2023\\\/10\\\/screenshot-20231014-094913-instagram.jpg\",\"articleSection\":[\"A liturgia olvasm\u00e1nyai\",\"Vas\u00e1rnapi gondolatok\"],\"inLanguage\":\"hu\"},{\"@type\":\"WebPage\",\"@id\":\"https:\\\/\\\/stuttgarti-katolikusok.de\\\/index.php\\\/evkozi-28-vasarnap\\\/\",\"url\":\"https:\\\/\\\/stuttgarti-katolikusok.de\\\/index.php\\\/evkozi-28-vasarnap\\\/\",\"name\":\"\u00c9vk\u00f6zi 28. vas\u00e1rnap - Stuttgarti Katolikusok\",\"isPartOf\":{\"@id\":\"https:\\\/\\\/stuttgarti-katolikusok.de\\\/#website\"},\"primaryImageOfPage\":{\"@id\":\"https:\\\/\\\/stuttgarti-katolikusok.de\\\/index.php\\\/evkozi-28-vasarnap\\\/#primaryimage\"},\"image\":{\"@id\":\"https:\\\/\\\/stuttgarti-katolikusok.de\\\/index.php\\\/evkozi-28-vasarnap\\\/#primaryimage\"},\"thumbnailUrl\":\"https:\\\/\\\/stuttgarti-katolikusok.de\\\/wp-content\\\/uploads\\\/2023\\\/10\\\/screenshot-20231014-094913-instagram.jpg\",\"datePublished\":\"2023-10-14T12:07:47+00:00\",\"author\":{\"@id\":\"https:\\\/\\\/stuttgarti-katolikusok.de\\\/#\\\/schema\\\/person\\\/75908d6f8fdc03a57889d27209df7795\"},\"breadcrumb\":{\"@id\":\"https:\\\/\\\/stuttgarti-katolikusok.de\\\/index.php\\\/evkozi-28-vasarnap\\\/#breadcrumb\"},\"inLanguage\":\"hu\",\"potentialAction\":[{\"@type\":\"ReadAction\",\"target\":[\"https:\\\/\\\/stuttgarti-katolikusok.de\\\/index.php\\\/evkozi-28-vasarnap\\\/\"]}]},{\"@type\":\"ImageObject\",\"inLanguage\":\"hu\",\"@id\":\"https:\\\/\\\/stuttgarti-katolikusok.de\\\/index.php\\\/evkozi-28-vasarnap\\\/#primaryimage\",\"url\":\"https:\\\/\\\/stuttgarti-katolikusok.de\\\/wp-content\\\/uploads\\\/2023\\\/10\\\/screenshot-20231014-094913-instagram.jpg\",\"contentUrl\":\"https:\\\/\\\/stuttgarti-katolikusok.de\\\/wp-content\\\/uploads\\\/2023\\\/10\\\/screenshot-20231014-094913-instagram.jpg\",\"width\":1057,\"height\":837},{\"@type\":\"BreadcrumbList\",\"@id\":\"https:\\\/\\\/stuttgarti-katolikusok.de\\\/index.php\\\/evkozi-28-vasarnap\\\/#breadcrumb\",\"itemListElement\":[{\"@type\":\"ListItem\",\"position\":1,\"name\":\"Kezd\u0151lap\",\"item\":\"https:\\\/\\\/stuttgarti-katolikusok.de\\\/\"},{\"@type\":\"ListItem\",\"position\":2,\"name\":\"\u00c9vk\u00f6zi 28. vas\u00e1rnap\"}]},{\"@type\":\"WebSite\",\"@id\":\"https:\\\/\\\/stuttgarti-katolikusok.de\\\/#website\",\"url\":\"https:\\\/\\\/stuttgarti-katolikusok.de\\\/\",\"name\":\"Stuttgarti Katolikusok\",\"description\":\"\",\"potentialAction\":[{\"@type\":\"SearchAction\",\"target\":{\"@type\":\"EntryPoint\",\"urlTemplate\":\"https:\\\/\\\/stuttgarti-katolikusok.de\\\/?s={search_term_string}\"},\"query-input\":{\"@type\":\"PropertyValueSpecification\",\"valueRequired\":true,\"valueName\":\"search_term_string\"}}],\"inLanguage\":\"hu\"},{\"@type\":\"Person\",\"@id\":\"https:\\\/\\\/stuttgarti-katolikusok.de\\\/#\\\/schema\\\/person\\\/75908d6f8fdc03a57889d27209df7795\",\"name\":\"Tibor atya\",\"image\":{\"@type\":\"ImageObject\",\"inLanguage\":\"hu\",\"@id\":\"https:\\\/\\\/secure.gravatar.com\\\/avatar\\\/61d268e57d1f4525b111222e29d2d5a7f8c420fdbf231ba5566a8ceac74fa960?s=96&d=mm&r=g\",\"url\":\"https:\\\/\\\/secure.gravatar.com\\\/avatar\\\/61d268e57d1f4525b111222e29d2d5a7f8c420fdbf231ba5566a8ceac74fa960?s=96&d=mm&r=g\",\"contentUrl\":\"https:\\\/\\\/secure.gravatar.com\\\/avatar\\\/61d268e57d1f4525b111222e29d2d5a7f8c420fdbf231ba5566a8ceac74fa960?s=96&d=mm&r=g\",\"caption\":\"Tibor atya\"},\"url\":\"https:\\\/\\\/stuttgarti-katolikusok.de\\\/index.php\\\/author\\\/tibor-atya\\\/\"}]}<\/script>\n<!-- \/ Yoast SEO plugin. -->","yoast_head_json":{"title":"\u00c9vk\u00f6zi 28. vas\u00e1rnap - Stuttgarti Katolikusok","robots":{"index":"index","follow":"follow","max-snippet":"max-snippet:-1","max-image-preview":"max-image-preview:large","max-video-preview":"max-video-preview:-1"},"canonical":"https:\/\/stuttgarti-katolikusok.de\/index.php\/evkozi-28-vasarnap\/","og_locale":"hu_HU","og_type":"article","og_title":"\u00c9vk\u00f6zi 28. vas\u00e1rnap - Stuttgarti Katolikusok","og_description":"Kezd\u0151\u00e9nek: Ha b\u0171neinket, Uram, felrovod, Uram, ki az, aki el\u0151tted meg\u00e1llhat? De n\u00e1lad mindig k\u00e9sz az irgalom, Isten\u00fcnk! (Zsolt 129,3-4) K\u00f6ny\u00f6rg\u00e9s: Urunk, Isten\u00fcnk, kegyelmed mindenkor ind\u00edtson \u00e9s k\u00eds\u00e9rjen minket, hogy figyelm\u00fcnk sz\u00fcntelen\u00fcl a j\u00f3tettekre ir\u00e1nyuljon. A mi Urunk, J\u00e9zus Krisztus, a te Fiad \u00e1ltal, aki veled \u00e9l \u00e9s uralkodik a Szentl\u00e9lekkel egys\u00e9gben, Isten mind\u00f6r\u00f6kk\u00f6n \u00f6r\u00f6kk\u00e9. OLVASM\u00c1NY Izaj\u00e1s pr\u00f3f\u00e9ta k\u00f6nyv\u00e9b\u0151l (Iz 25,6-10a) Az \u00dar b\u0151s\u00e9ges lakom\u00e1t rendez, \u00e9s let\u00f6rli a k\u00f6nnyet minden arcr\u00f3l. A Seregek Ura b\u0151s\u00e9ges lakom\u00e1t rendez minden nemzetnek ezen a hegyen. Lakom\u00e1t, ahol lesz finom bor, zs\u00edros, legjava falat, \u00e9s er\u0151s sz\u00ednbor. \u00c9s ezen a hegyen leveszi a leplet, amely minden n\u00e9pet betakart, \u00e9s a f\u00e1tyolt, amely minden nemzetet elbor\u00edtott. \u00d6r\u00f6kre megsemmis\u00edti a hal\u00e1lt. Isten\u00fcnk, az \u00dar let\u00f6rli a k\u00f6nnyet minden arcr\u00f3l, lemossa n\u00e9p\u00e9r\u0151l a gyal\u00e1zatot, lemossa az eg\u00e9sz f\u00f6ld\u00f6n. \u0150, az \u00dar mondta ezt. Azon a napon majd \u00edgy besz\u00e9lnek: \u00cdme, a mi Isten\u00fcnk! Benne rem\u00e9lt\u00fcnk. hogy \u0151 megszabad\u00edt minket. \u0150 az \u00dar, s mi benne b\u00edztunk. \u00d6r\u00fclj\u00fcnk \u00e9s ujjongjunk szabad\u00edt\u00e1s\u00e1nak! L\u00e1m az \u00dar keze megpihen e hegyen. Ez az Isten ig\u00e9je. V\u00c1LASZOS ZSOLT\u00c1R (Zsolt 22,1-3a.3b-4.5.6) V\u00e1lasz:\u00a0Otthonom lesz az Isten h\u00e1za * mind\u00f6r\u00f6kk\u00e9 sz\u00fcnet n\u00e9lk\u00fcl.\u00a09. t\u00f3nus. El\u0151\u00e9nekes: Az \u00dar n\u00e9kem p\u00e1sztorom: * \u00edns\u00e9get nem kell l\u00e1tnom. Z\u00f6ldell\u0151 mez\u0151k\u00f6n terelget engem, * csendes vizekhez vezet \u00e9s lelkemet fel\u00fcd\u00edti. H\u00edvek: Otthonom lesz az Isten h\u00e1za * mind\u00f6r\u00f6kk\u00e9 sz\u00fcnet n\u00e9lk\u00fcl. E: Az igazs\u00e1g \u00f6sv\u00e9ny\u00e9n vezet engem, * ahogyan \u0151 meg\u00edg\u00e9rte. A hal\u00e1l s\u00f6t\u00e9t v\u00f6lgy\u00e9ben sem f\u00e9lek, mert ott vagy v\u00e9lem, * biztons\u00e1got ad vessz\u0151d \u00e9s p\u00e1sztorbotod. H: Otthonom lesz az Isten h\u00e1za * mind\u00f6r\u00f6kk\u00e9 sz\u00fcnet n\u00e9lk\u00fcl. E: Sz\u00e1momra asztalt ter\u00edtett\u00e9l, * hogy \u00fcld\u00f6z\u0151imet sz\u00e9gyen \u00e9rje. Fejemet megkented olajoddal, * serlegemet csordultig megt\u00f6lt\u00f6tted. H: Otthonom lesz az Isten h\u00e1za * mind\u00f6r\u00f6kk\u00e9 sz\u00fcnet n\u00e9lk\u00fcl. E: J\u00f3s\u00e1god \u00e9s irgalmad nyomon k\u00f6vet * \u00e9letemnek minden napj\u00e1n. Otthonom lesz az Isten h\u00e1za, * mind\u00f6r\u00f6kk\u00e9 sz\u00fcnet... R\u00e9szletek","og_url":"https:\/\/stuttgarti-katolikusok.de\/index.php\/evkozi-28-vasarnap\/","og_site_name":"Stuttgarti Katolikusok","article_published_time":"2023-10-14T12:07:47+00:00","og_image":[{"width":1057,"height":837,"url":"https:\/\/stuttgarti-katolikusok.de\/wp-content\/uploads\/2023\/10\/screenshot-20231014-094913-instagram.jpg","type":"image\/jpeg"}],"author":"Tibor atya","twitter_card":"summary_large_image","twitter_misc":{"Szerz\u0151:":"Tibor atya","Becs\u00fclt olvas\u00e1si id\u0151":"6 perc"},"schema":{"@context":"https:\/\/schema.org","@graph":[{"@type":"Article","@id":"https:\/\/stuttgarti-katolikusok.de\/index.php\/evkozi-28-vasarnap\/#article","isPartOf":{"@id":"https:\/\/stuttgarti-katolikusok.de\/index.php\/evkozi-28-vasarnap\/"},"author":{"name":"Tibor atya","@id":"https:\/\/stuttgarti-katolikusok.de\/#\/schema\/person\/75908d6f8fdc03a57889d27209df7795"},"headline":"\u00c9vk\u00f6zi 28. vas\u00e1rnap","datePublished":"2023-10-14T12:07:47+00:00","mainEntityOfPage":{"@id":"https:\/\/stuttgarti-katolikusok.de\/index.php\/evkozi-28-vasarnap\/"},"wordCount":1326,"image":{"@id":"https:\/\/stuttgarti-katolikusok.de\/index.php\/evkozi-28-vasarnap\/#primaryimage"},"thumbnailUrl":"https:\/\/stuttgarti-katolikusok.de\/wp-content\/uploads\/2023\/10\/screenshot-20231014-094913-instagram.jpg","articleSection":["A liturgia olvasm\u00e1nyai","Vas\u00e1rnapi gondolatok"],"inLanguage":"hu"},{"@type":"WebPage","@id":"https:\/\/stuttgarti-katolikusok.de\/index.php\/evkozi-28-vasarnap\/","url":"https:\/\/stuttgarti-katolikusok.de\/index.php\/evkozi-28-vasarnap\/","name":"\u00c9vk\u00f6zi 28. vas\u00e1rnap - Stuttgarti Katolikusok","isPartOf":{"@id":"https:\/\/stuttgarti-katolikusok.de\/#website"},"primaryImageOfPage":{"@id":"https:\/\/stuttgarti-katolikusok.de\/index.php\/evkozi-28-vasarnap\/#primaryimage"},"image":{"@id":"https:\/\/stuttgarti-katolikusok.de\/index.php\/evkozi-28-vasarnap\/#primaryimage"},"thumbnailUrl":"https:\/\/stuttgarti-katolikusok.de\/wp-content\/uploads\/2023\/10\/screenshot-20231014-094913-instagram.jpg","datePublished":"2023-10-14T12:07:47+00:00","author":{"@id":"https:\/\/stuttgarti-katolikusok.de\/#\/schema\/person\/75908d6f8fdc03a57889d27209df7795"},"breadcrumb":{"@id":"https:\/\/stuttgarti-katolikusok.de\/index.php\/evkozi-28-vasarnap\/#breadcrumb"},"inLanguage":"hu","potentialAction":[{"@type":"ReadAction","target":["https:\/\/stuttgarti-katolikusok.de\/index.php\/evkozi-28-vasarnap\/"]}]},{"@type":"ImageObject","inLanguage":"hu","@id":"https:\/\/stuttgarti-katolikusok.de\/index.php\/evkozi-28-vasarnap\/#primaryimage","url":"https:\/\/stuttgarti-katolikusok.de\/wp-content\/uploads\/2023\/10\/screenshot-20231014-094913-instagram.jpg","contentUrl":"https:\/\/stuttgarti-katolikusok.de\/wp-content\/uploads\/2023\/10\/screenshot-20231014-094913-instagram.jpg","width":1057,"height":837},{"@type":"BreadcrumbList","@id":"https:\/\/stuttgarti-katolikusok.de\/index.php\/evkozi-28-vasarnap\/#breadcrumb","itemListElement":[{"@type":"ListItem","position":1,"name":"Kezd\u0151lap","item":"https:\/\/stuttgarti-katolikusok.de\/"},{"@type":"ListItem","position":2,"name":"\u00c9vk\u00f6zi 28. vas\u00e1rnap"}]},{"@type":"WebSite","@id":"https:\/\/stuttgarti-katolikusok.de\/#website","url":"https:\/\/stuttgarti-katolikusok.de\/","name":"Stuttgarti Katolikusok","description":"","potentialAction":[{"@type":"SearchAction","target":{"@type":"EntryPoint","urlTemplate":"https:\/\/stuttgarti-katolikusok.de\/?s={search_term_string}"},"query-input":{"@type":"PropertyValueSpecification","valueRequired":true,"valueName":"search_term_string"}}],"inLanguage":"hu"},{"@type":"Person","@id":"https:\/\/stuttgarti-katolikusok.de\/#\/schema\/person\/75908d6f8fdc03a57889d27209df7795","name":"Tibor atya","image":{"@type":"ImageObject","inLanguage":"hu","@id":"https:\/\/secure.gravatar.com\/avatar\/61d268e57d1f4525b111222e29d2d5a7f8c420fdbf231ba5566a8ceac74fa960?s=96&d=mm&r=g","url":"https:\/\/secure.gravatar.com\/avatar\/61d268e57d1f4525b111222e29d2d5a7f8c420fdbf231ba5566a8ceac74fa960?s=96&d=mm&r=g","contentUrl":"https:\/\/secure.gravatar.com\/avatar\/61d268e57d1f4525b111222e29d2d5a7f8c420fdbf231ba5566a8ceac74fa960?s=96&d=mm&r=g","caption":"Tibor atya"},"url":"https:\/\/stuttgarti-katolikusok.de\/index.php\/author\/tibor-atya\/"}]}},"_links":{"self":[{"href":"https:\/\/stuttgarti-katolikusok.de\/index.php\/wp-json\/wp\/v2\/posts\/27321","targetHints":{"allow":["GET"]}}],"collection":[{"href":"https:\/\/stuttgarti-katolikusok.de\/index.php\/wp-json\/wp\/v2\/posts"}],"about":[{"href":"https:\/\/stuttgarti-katolikusok.de\/index.php\/wp-json\/wp\/v2\/types\/post"}],"author":[{"embeddable":true,"href":"https:\/\/stuttgarti-katolikusok.de\/index.php\/wp-json\/wp\/v2\/users\/3"}],"replies":[{"embeddable":true,"href":"https:\/\/stuttgarti-katolikusok.de\/index.php\/wp-json\/wp\/v2\/comments?post=27321"}],"version-history":[{"count":1,"href":"https:\/\/stuttgarti-katolikusok.de\/index.php\/wp-json\/wp\/v2\/posts\/27321\/revisions"}],"predecessor-version":[{"id":27324,"href":"https:\/\/stuttgarti-katolikusok.de\/index.php\/wp-json\/wp\/v2\/posts\/27321\/revisions\/27324"}],"wp:featuredmedia":[{"embeddable":true,"href":"https:\/\/stuttgarti-katolikusok.de\/index.php\/wp-json\/wp\/v2\/media\/27322"}],"wp:attachment":[{"href":"https:\/\/stuttgarti-katolikusok.de\/index.php\/wp-json\/wp\/v2\/media?parent=27321"}],"wp:term":[{"taxonomy":"category","embeddable":true,"href":"https:\/\/stuttgarti-katolikusok.de\/index.php\/wp-json\/wp\/v2\/categories?post=27321"},{"taxonomy":"post_tag","embeddable":true,"href":"https:\/\/stuttgarti-katolikusok.de\/index.php\/wp-json\/wp\/v2\/tags?post=27321"}],"curies":[{"name":"wp","href":"https:\/\/api.w.org\/{rel}","templated":true}]}}