{"id":27302,"date":"2023-10-09T23:05:25","date_gmt":"2023-10-09T21:05:25","guid":{"rendered":"https:\/\/stuttgarti-katolikusok.de\/?p=27302"},"modified":"2023-10-09T23:10:30","modified_gmt":"2023-10-09T21:10:30","slug":"2023-oktober-9-es-15-kozott","status":"publish","type":"post","link":"https:\/\/stuttgarti-katolikusok.de\/index.php\/2023-oktober-9-es-15-kozott\/","title":{"rendered":"2023 OKT\u00d3BER 9 \u00c9S 15 K\u00d6Z\u00d6TT"},"content":{"rendered":"<p><span style=\"color: #339966;\"><strong>Programel\u0151zetes<\/strong><\/span><\/p>\n<p style=\"text-align: center;\"><span style=\"color: #339966;\"><em>\u00a0<\/em><strong>*<\/strong><\/span><\/p>\n<p><strong>Okt\u00f3ber 13-\u00e1n,<\/strong>\u00a0p\u00e9nteken, <strong><em>Stuttgarti d\u00e9lut\u00e1n<\/em><\/strong><strong>,<\/strong><strong>\u00a0<\/strong><\/p>\n<p>17.30 \u00f3rakor <em>okt\u00f3beri \u00e1jtatoss\u00e1g<\/em>,<em>\u00a0<\/em>majd <em>szentmise<\/em><em>,<\/em><\/p>\n<p>18.00 \u00f3rakor <em>Bar\u00e1ts\u00e1gklub.<\/em><\/p>\n<p style=\"text-align: center;\"><span style=\"color: #339966;\"><em>\u00a0<\/em><strong>*<\/strong><\/span><\/p>\n<p><em> <a href=\"https:\/\/stuttgarti-katolikusok.de\/wp-content\/uploads\/2023\/10\/meghivo1310.jpg\"><img loading=\"lazy\" decoding=\"async\" class=\"alignnone size-full wp-image-27303\" src=\"https:\/\/stuttgarti-katolikusok.de\/wp-content\/uploads\/2023\/10\/meghivo1310.jpg\" alt=\"\" width=\"1290\" height=\"1825\" srcset=\"https:\/\/stuttgarti-katolikusok.de\/wp-content\/uploads\/2023\/10\/meghivo1310.jpg 1290w, https:\/\/stuttgarti-katolikusok.de\/wp-content\/uploads\/2023\/10\/meghivo1310-212x300.jpg 212w, https:\/\/stuttgarti-katolikusok.de\/wp-content\/uploads\/2023\/10\/meghivo1310-724x1024.jpg 724w, https:\/\/stuttgarti-katolikusok.de\/wp-content\/uploads\/2023\/10\/meghivo1310-1086x1536.jpg 1086w\" sizes=\"auto, (max-width: 1290px) 100vw, 1290px\" \/><\/a><\/em><\/p>\n<p style=\"text-align: center;\"><span style=\"color: #339966;\"><em><strong>*<\/strong><\/em><\/span><\/p>\n<p><strong>Okt\u00f3ber 14-\u00e9n, <\/strong>szombaton,<strong> Biberachban<\/strong> 16.45 \u00f3rakor <em>szentmise<\/em>, amelyet <em>agap\u00e9 <\/em>k\u00f6vet.<\/p>\n<p style=\"text-align: center;\"><span style=\"color: #339966;\"><strong>*<\/strong><\/span><em>\u00a0<\/em><\/p>\n<p><strong>Okt\u00f3ber 15-\u00e9n<\/strong>, <span style=\"color: #339966;\"><em><strong>\u00c9v<\/strong><\/em><em><strong>k\u00f6zi 28. vas\u00e1rnap<\/strong><\/em><\/span><em>,<\/em><\/p>\n<p><strong>Stuttgartban <\/strong><em><strong>Nemzeti \u00fcnnep<\/strong><\/em><em>. <\/em>15.00 \u00f3rakor <em>\u00f6kumenikus istentisztelet<\/em><em>. <\/em>Ig\u00e9t hirdet Nt. G\u00e9mes P\u00e1l evang\u00e9likus lelk\u00e9sz. Ut\u00e1na \u00fcnnepi m\u0171sor<em>. <\/em>V\u00e9g\u00fcl <em>\u00e1ll\u00f3 fogad\u00e1s<\/em> a k\u00f6z\u00f6ss\u00e9gi teremben<em>,<\/em><\/p>\n<p><strong>Eislingenben <\/strong>15.30 \u00f3rakor <em>igeistentisztelet <\/em>\u00e9s<em> okt\u00f3beri \u00e1jtatoss\u00e1g<\/em><em>, <\/em>ut\u00e1na <em>agap\u00e9. <\/em><em>\u00a0<\/em><\/p>\n<p><em>\u00a0 <a href=\"https:\/\/stuttgarti-katolikusok.de\/wp-content\/uploads\/2023\/10\/1956-fenylo-arcai-a3-2023-okt-scaled.jpg\"><img loading=\"lazy\" decoding=\"async\" class=\"alignnone size-full wp-image-27304\" src=\"https:\/\/stuttgarti-katolikusok.de\/wp-content\/uploads\/2023\/10\/1956-fenylo-arcai-a3-2023-okt-scaled.jpg\" alt=\"\" width=\"1845\" height=\"2560\" srcset=\"https:\/\/stuttgarti-katolikusok.de\/wp-content\/uploads\/2023\/10\/1956-fenylo-arcai-a3-2023-okt-scaled.jpg 1845w, https:\/\/stuttgarti-katolikusok.de\/wp-content\/uploads\/2023\/10\/1956-fenylo-arcai-a3-2023-okt-216x300.jpg 216w, https:\/\/stuttgarti-katolikusok.de\/wp-content\/uploads\/2023\/10\/1956-fenylo-arcai-a3-2023-okt-738x1024.jpg 738w, https:\/\/stuttgarti-katolikusok.de\/wp-content\/uploads\/2023\/10\/1956-fenylo-arcai-a3-2023-okt-1107x1536.jpg 1107w, https:\/\/stuttgarti-katolikusok.de\/wp-content\/uploads\/2023\/10\/1956-fenylo-arcai-a3-2023-okt-1476x2048.jpg 1476w\" sizes=\"auto, (max-width: 1845px) 100vw, 1845px\" \/><\/a><\/em><\/p>\n<p style=\"text-align: center;\"><em>\u00a0<\/em><span style=\"color: #339966;\"><strong>*<\/strong><\/span><\/p>\n<p>Minden helyen mindenkit szeretettel v\u00e1r a k\u00f6z\u00f6ss\u00e9g \u00e9s Tibor atya!<\/p>\n<p style=\"text-align: center;\"><span style=\"color: #339966;\"><strong>*<\/strong><\/span><\/p>\n<p><a href=\"https:\/\/stuttgarti-katolikusok.de\/wp-content\/uploads\/2023\/10\/os34.jpg\"><img loading=\"lazy\" decoding=\"async\" class=\"alignnone size-full wp-image-27305\" src=\"https:\/\/stuttgarti-katolikusok.de\/wp-content\/uploads\/2023\/10\/os34.jpg\" alt=\"\" width=\"1074\" height=\"1068\" srcset=\"https:\/\/stuttgarti-katolikusok.de\/wp-content\/uploads\/2023\/10\/os34.jpg 1074w, https:\/\/stuttgarti-katolikusok.de\/wp-content\/uploads\/2023\/10\/os34-300x298.jpg 300w, https:\/\/stuttgarti-katolikusok.de\/wp-content\/uploads\/2023\/10\/os34-1024x1018.jpg 1024w, https:\/\/stuttgarti-katolikusok.de\/wp-content\/uploads\/2023\/10\/os34-150x150.jpg 150w\" sizes=\"auto, (max-width: 1074px) 100vw, 1074px\" \/><\/a><\/p>\n<p><span style=\"color: #339966;\"><em>\u201eSzeretet n\u00e9lk\u00fcl magunk sz\u00e1m\u00e1ra is csak teher vagyunk. A szeretetben viszont egym\u00e1st is tudjuk hordozni.\u201d<\/em><\/span><em><strong>\u00a0<\/strong><\/em><em>(Szent \u00c1goston \u2013 egyh\u00e1zatya &#8211; 354 \u2013 430)<\/em><\/p>\n<p><em><strong><span style=\"color: #339966;\">Sz\u00e9p \u0151szi napokat, j\u00f3 munk\u00e1t, tartalmas besz\u00e9lget\u00e9seket \u00e9s \u00f6r\u00f6mteli tal\u00e1lkoz\u00e1sokat k\u00edv\u00e1nunk minden kedves H\u00edv\u00fcnknek!<\/span><\/strong><\/em><\/p>\n<p>(K\u00e9pek forr\u00e1sa: Instagram)<\/p>\n","protected":false},"excerpt":{"rendered":"<p>Programel\u0151zetes \u00a0* Okt\u00f3ber 13-\u00e1n,\u00a0p\u00e9nteken, Stuttgarti d\u00e9lut\u00e1n,\u00a0 17.30 \u00f3rakor okt\u00f3beri \u00e1jtatoss\u00e1g,\u00a0majd szentmise, 18.00 \u00f3rakor Bar\u00e1ts\u00e1gklub. \u00a0* * Okt\u00f3ber 14-\u00e9n, szombaton, Biberachban 16.45 \u00f3rakor szentmise, amelyet agap\u00e9 k\u00f6vet. *\u00a0 Okt\u00f3ber 15-\u00e9n, \u00c9vk\u00f6zi 28. vas\u00e1rnap, Stuttgartban Nemzeti \u00fcnnep. 15.00 \u00f3rakor \u00f6kumenikus istentisztelet. Ig\u00e9t hirdet Nt. G\u00e9mes P\u00e1l evang\u00e9likus lelk\u00e9sz. Ut\u00e1na \u00fcnnepi m\u0171sor. V\u00e9g\u00fcl \u00e1ll\u00f3 fogad\u00e1s a k\u00f6z\u00f6ss\u00e9gi teremben, Eislingenben 15.30 \u00f3rakor igeistentisztelet \u00e9s okt\u00f3beri \u00e1jtatoss\u00e1g, ut\u00e1na agap\u00e9. \u00a0 \u00a0 \u00a0* Minden helyen mindenkit szeretettel v\u00e1r a k\u00f6z\u00f6ss\u00e9g \u00e9s Tibor atya! * \u201eSzeretet n\u00e9lk\u00fcl magunk sz\u00e1m\u00e1ra is csak teher vagyunk. A szeretetben viszont egym\u00e1st is tudjuk hordozni.\u201d\u00a0(Szent \u00c1goston \u2013 egyh\u00e1zatya &#8211; 354 \u2013 430) Sz\u00e9p \u0151szi napokat, j\u00f3 munk\u00e1t, tartalmas besz\u00e9lget\u00e9seket \u00e9s \u00f6r\u00f6mteli tal\u00e1lkoz\u00e1sokat k\u00edv\u00e1nunk minden kedves H\u00edv\u00fcnknek! (K\u00e9pek forr\u00e1sa: Instagram)<\/p>\n","protected":false},"author":3,"featured_media":27308,"comment_status":"closed","ping_status":"closed","sticky":false,"template":"","format":"standard","meta":{"footnotes":""},"categories":[37],"tags":[],"class_list":["post-27302","post","type-post","status-publish","format-standard","has-post-thumbnail","hentry","category-progamelozetes"],"yoast_head":"<!-- This site is optimized with the Yoast SEO plugin v27.3 - https:\/\/yoast.com\/product\/yoast-seo-wordpress\/ -->\n<title>2023 OKT\u00d3BER 9 \u00c9S 15 K\u00d6Z\u00d6TT - Stuttgarti Katolikusok<\/title>\n<meta name=\"robots\" content=\"index, follow, max-snippet:-1, max-image-preview:large, max-video-preview:-1\" \/>\n<link rel=\"canonical\" href=\"https:\/\/stuttgarti-katolikusok.de\/index.php\/2023-oktober-9-es-15-kozott\/\" \/>\n<meta property=\"og:locale\" content=\"hu_HU\" \/>\n<meta property=\"og:type\" content=\"article\" \/>\n<meta property=\"og:title\" content=\"2023 OKT\u00d3BER 9 \u00c9S 15 K\u00d6Z\u00d6TT - Stuttgarti Katolikusok\" \/>\n<meta property=\"og:description\" content=\"Programel\u0151zetes \u00a0* Okt\u00f3ber 13-\u00e1n,\u00a0p\u00e9nteken, Stuttgarti d\u00e9lut\u00e1n,\u00a0 17.30 \u00f3rakor okt\u00f3beri \u00e1jtatoss\u00e1g,\u00a0majd szentmise, 18.00 \u00f3rakor Bar\u00e1ts\u00e1gklub. \u00a0* * Okt\u00f3ber 14-\u00e9n, szombaton, Biberachban 16.45 \u00f3rakor szentmise, amelyet agap\u00e9 k\u00f6vet. *\u00a0 Okt\u00f3ber 15-\u00e9n, \u00c9vk\u00f6zi 28. vas\u00e1rnap, Stuttgartban Nemzeti \u00fcnnep. 15.00 \u00f3rakor \u00f6kumenikus istentisztelet. Ig\u00e9t hirdet Nt. G\u00e9mes P\u00e1l evang\u00e9likus lelk\u00e9sz. Ut\u00e1na \u00fcnnepi m\u0171sor. V\u00e9g\u00fcl \u00e1ll\u00f3 fogad\u00e1s a k\u00f6z\u00f6ss\u00e9gi teremben, Eislingenben 15.30 \u00f3rakor igeistentisztelet \u00e9s okt\u00f3beri \u00e1jtatoss\u00e1g, ut\u00e1na agap\u00e9. \u00a0 \u00a0 \u00a0* Minden helyen mindenkit szeretettel v\u00e1r a k\u00f6z\u00f6ss\u00e9g \u00e9s Tibor atya! * \u201eSzeretet n\u00e9lk\u00fcl magunk sz\u00e1m\u00e1ra is csak teher vagyunk. A szeretetben viszont egym\u00e1st is tudjuk hordozni.\u201d\u00a0(Szent \u00c1goston \u2013 egyh\u00e1zatya &#8211; 354 \u2013 430) Sz\u00e9p \u0151szi napokat, j\u00f3 munk\u00e1t, tartalmas besz\u00e9lget\u00e9seket \u00e9s \u00f6r\u00f6mteli tal\u00e1lkoz\u00e1sokat k\u00edv\u00e1nunk minden kedves H\u00edv\u00fcnknek! (K\u00e9pek forr\u00e1sa: Instagram)\" \/>\n<meta property=\"og:url\" content=\"https:\/\/stuttgarti-katolikusok.de\/index.php\/2023-oktober-9-es-15-kozott\/\" \/>\n<meta property=\"og:site_name\" content=\"Stuttgarti Katolikusok\" \/>\n<meta property=\"article:published_time\" content=\"2023-10-09T21:05:25+00:00\" \/>\n<meta property=\"article:modified_time\" content=\"2023-10-09T21:10:30+00:00\" \/>\n<meta property=\"og:image\" content=\"https:\/\/stuttgarti-katolikusok.de\/wp-content\/uploads\/2023\/10\/szabadsaghid.jpg\" \/>\n\t<meta property=\"og:image:width\" content=\"1080\" \/>\n\t<meta property=\"og:image:height\" content=\"769\" \/>\n\t<meta property=\"og:image:type\" content=\"image\/jpeg\" \/>\n<meta name=\"author\" content=\"Tibor atya\" \/>\n<meta name=\"twitter:card\" content=\"summary_large_image\" \/>\n<meta name=\"twitter:label1\" content=\"Szerz\u0151:\" \/>\n\t<meta name=\"twitter:data1\" content=\"Tibor atya\" \/>\n\t<meta name=\"twitter:label2\" content=\"Becs\u00fclt olvas\u00e1si id\u0151\" \/>\n\t<meta name=\"twitter:data2\" content=\"2 perc\" \/>\n<script type=\"application\/ld+json\" class=\"yoast-schema-graph\">{\"@context\":\"https:\\\/\\\/schema.org\",\"@graph\":[{\"@type\":\"Article\",\"@id\":\"https:\\\/\\\/stuttgarti-katolikusok.de\\\/index.php\\\/2023-oktober-9-es-15-kozott\\\/#article\",\"isPartOf\":{\"@id\":\"https:\\\/\\\/stuttgarti-katolikusok.de\\\/index.php\\\/2023-oktober-9-es-15-kozott\\\/\"},\"author\":{\"name\":\"Tibor atya\",\"@id\":\"https:\\\/\\\/stuttgarti-katolikusok.de\\\/#\\\/schema\\\/person\\\/75908d6f8fdc03a57889d27209df7795\"},\"headline\":\"2023 OKT\u00d3BER 9 \u00c9S 15 K\u00d6Z\u00d6TT\",\"datePublished\":\"2023-10-09T21:05:25+00:00\",\"dateModified\":\"2023-10-09T21:10:30+00:00\",\"mainEntityOfPage\":{\"@id\":\"https:\\\/\\\/stuttgarti-katolikusok.de\\\/index.php\\\/2023-oktober-9-es-15-kozott\\\/\"},\"wordCount\":165,\"image\":{\"@id\":\"https:\\\/\\\/stuttgarti-katolikusok.de\\\/index.php\\\/2023-oktober-9-es-15-kozott\\\/#primaryimage\"},\"thumbnailUrl\":\"https:\\\/\\\/stuttgarti-katolikusok.de\\\/wp-content\\\/uploads\\\/2023\\\/10\\\/szabadsaghid.jpg\",\"articleSection\":[\"Progamel\u0151zetes\"],\"inLanguage\":\"hu\"},{\"@type\":\"WebPage\",\"@id\":\"https:\\\/\\\/stuttgarti-katolikusok.de\\\/index.php\\\/2023-oktober-9-es-15-kozott\\\/\",\"url\":\"https:\\\/\\\/stuttgarti-katolikusok.de\\\/index.php\\\/2023-oktober-9-es-15-kozott\\\/\",\"name\":\"2023 OKT\u00d3BER 9 \u00c9S 15 K\u00d6Z\u00d6TT - Stuttgarti Katolikusok\",\"isPartOf\":{\"@id\":\"https:\\\/\\\/stuttgarti-katolikusok.de\\\/#website\"},\"primaryImageOfPage\":{\"@id\":\"https:\\\/\\\/stuttgarti-katolikusok.de\\\/index.php\\\/2023-oktober-9-es-15-kozott\\\/#primaryimage\"},\"image\":{\"@id\":\"https:\\\/\\\/stuttgarti-katolikusok.de\\\/index.php\\\/2023-oktober-9-es-15-kozott\\\/#primaryimage\"},\"thumbnailUrl\":\"https:\\\/\\\/stuttgarti-katolikusok.de\\\/wp-content\\\/uploads\\\/2023\\\/10\\\/szabadsaghid.jpg\",\"datePublished\":\"2023-10-09T21:05:25+00:00\",\"dateModified\":\"2023-10-09T21:10:30+00:00\",\"author\":{\"@id\":\"https:\\\/\\\/stuttgarti-katolikusok.de\\\/#\\\/schema\\\/person\\\/75908d6f8fdc03a57889d27209df7795\"},\"breadcrumb\":{\"@id\":\"https:\\\/\\\/stuttgarti-katolikusok.de\\\/index.php\\\/2023-oktober-9-es-15-kozott\\\/#breadcrumb\"},\"inLanguage\":\"hu\",\"potentialAction\":[{\"@type\":\"ReadAction\",\"target\":[\"https:\\\/\\\/stuttgarti-katolikusok.de\\\/index.php\\\/2023-oktober-9-es-15-kozott\\\/\"]}]},{\"@type\":\"ImageObject\",\"inLanguage\":\"hu\",\"@id\":\"https:\\\/\\\/stuttgarti-katolikusok.de\\\/index.php\\\/2023-oktober-9-es-15-kozott\\\/#primaryimage\",\"url\":\"https:\\\/\\\/stuttgarti-katolikusok.de\\\/wp-content\\\/uploads\\\/2023\\\/10\\\/szabadsaghid.jpg\",\"contentUrl\":\"https:\\\/\\\/stuttgarti-katolikusok.de\\\/wp-content\\\/uploads\\\/2023\\\/10\\\/szabadsaghid.jpg\",\"width\":1080,\"height\":769},{\"@type\":\"BreadcrumbList\",\"@id\":\"https:\\\/\\\/stuttgarti-katolikusok.de\\\/index.php\\\/2023-oktober-9-es-15-kozott\\\/#breadcrumb\",\"itemListElement\":[{\"@type\":\"ListItem\",\"position\":1,\"name\":\"Kezd\u0151lap\",\"item\":\"https:\\\/\\\/stuttgarti-katolikusok.de\\\/\"},{\"@type\":\"ListItem\",\"position\":2,\"name\":\"2023 OKT\u00d3BER 9 \u00c9S 15 K\u00d6Z\u00d6TT\"}]},{\"@type\":\"WebSite\",\"@id\":\"https:\\\/\\\/stuttgarti-katolikusok.de\\\/#website\",\"url\":\"https:\\\/\\\/stuttgarti-katolikusok.de\\\/\",\"name\":\"Stuttgarti Katolikusok\",\"description\":\"\",\"potentialAction\":[{\"@type\":\"SearchAction\",\"target\":{\"@type\":\"EntryPoint\",\"urlTemplate\":\"https:\\\/\\\/stuttgarti-katolikusok.de\\\/?s={search_term_string}\"},\"query-input\":{\"@type\":\"PropertyValueSpecification\",\"valueRequired\":true,\"valueName\":\"search_term_string\"}}],\"inLanguage\":\"hu\"},{\"@type\":\"Person\",\"@id\":\"https:\\\/\\\/stuttgarti-katolikusok.de\\\/#\\\/schema\\\/person\\\/75908d6f8fdc03a57889d27209df7795\",\"name\":\"Tibor atya\",\"image\":{\"@type\":\"ImageObject\",\"inLanguage\":\"hu\",\"@id\":\"https:\\\/\\\/secure.gravatar.com\\\/avatar\\\/61d268e57d1f4525b111222e29d2d5a7f8c420fdbf231ba5566a8ceac74fa960?s=96&d=mm&r=g\",\"url\":\"https:\\\/\\\/secure.gravatar.com\\\/avatar\\\/61d268e57d1f4525b111222e29d2d5a7f8c420fdbf231ba5566a8ceac74fa960?s=96&d=mm&r=g\",\"contentUrl\":\"https:\\\/\\\/secure.gravatar.com\\\/avatar\\\/61d268e57d1f4525b111222e29d2d5a7f8c420fdbf231ba5566a8ceac74fa960?s=96&d=mm&r=g\",\"caption\":\"Tibor atya\"},\"url\":\"https:\\\/\\\/stuttgarti-katolikusok.de\\\/index.php\\\/author\\\/tibor-atya\\\/\"}]}<\/script>\n<!-- \/ Yoast SEO plugin. -->","yoast_head_json":{"title":"2023 OKT\u00d3BER 9 \u00c9S 15 K\u00d6Z\u00d6TT - Stuttgarti Katolikusok","robots":{"index":"index","follow":"follow","max-snippet":"max-snippet:-1","max-image-preview":"max-image-preview:large","max-video-preview":"max-video-preview:-1"},"canonical":"https:\/\/stuttgarti-katolikusok.de\/index.php\/2023-oktober-9-es-15-kozott\/","og_locale":"hu_HU","og_type":"article","og_title":"2023 OKT\u00d3BER 9 \u00c9S 15 K\u00d6Z\u00d6TT - Stuttgarti Katolikusok","og_description":"Programel\u0151zetes \u00a0* Okt\u00f3ber 13-\u00e1n,\u00a0p\u00e9nteken, Stuttgarti d\u00e9lut\u00e1n,\u00a0 17.30 \u00f3rakor okt\u00f3beri \u00e1jtatoss\u00e1g,\u00a0majd szentmise, 18.00 \u00f3rakor Bar\u00e1ts\u00e1gklub. \u00a0* * Okt\u00f3ber 14-\u00e9n, szombaton, Biberachban 16.45 \u00f3rakor szentmise, amelyet agap\u00e9 k\u00f6vet. *\u00a0 Okt\u00f3ber 15-\u00e9n, \u00c9vk\u00f6zi 28. vas\u00e1rnap, Stuttgartban Nemzeti \u00fcnnep. 15.00 \u00f3rakor \u00f6kumenikus istentisztelet. Ig\u00e9t hirdet Nt. G\u00e9mes P\u00e1l evang\u00e9likus lelk\u00e9sz. Ut\u00e1na \u00fcnnepi m\u0171sor. V\u00e9g\u00fcl \u00e1ll\u00f3 fogad\u00e1s a k\u00f6z\u00f6ss\u00e9gi teremben, Eislingenben 15.30 \u00f3rakor igeistentisztelet \u00e9s okt\u00f3beri \u00e1jtatoss\u00e1g, ut\u00e1na agap\u00e9. \u00a0 \u00a0 \u00a0* Minden helyen mindenkit szeretettel v\u00e1r a k\u00f6z\u00f6ss\u00e9g \u00e9s Tibor atya! * \u201eSzeretet n\u00e9lk\u00fcl magunk sz\u00e1m\u00e1ra is csak teher vagyunk. A szeretetben viszont egym\u00e1st is tudjuk hordozni.\u201d\u00a0(Szent \u00c1goston \u2013 egyh\u00e1zatya &#8211; 354 \u2013 430) Sz\u00e9p \u0151szi napokat, j\u00f3 munk\u00e1t, tartalmas besz\u00e9lget\u00e9seket \u00e9s \u00f6r\u00f6mteli tal\u00e1lkoz\u00e1sokat k\u00edv\u00e1nunk minden kedves H\u00edv\u00fcnknek! (K\u00e9pek forr\u00e1sa: Instagram)","og_url":"https:\/\/stuttgarti-katolikusok.de\/index.php\/2023-oktober-9-es-15-kozott\/","og_site_name":"Stuttgarti Katolikusok","article_published_time":"2023-10-09T21:05:25+00:00","article_modified_time":"2023-10-09T21:10:30+00:00","og_image":[{"width":1080,"height":769,"url":"https:\/\/stuttgarti-katolikusok.de\/wp-content\/uploads\/2023\/10\/szabadsaghid.jpg","type":"image\/jpeg"}],"author":"Tibor atya","twitter_card":"summary_large_image","twitter_misc":{"Szerz\u0151:":"Tibor atya","Becs\u00fclt olvas\u00e1si id\u0151":"2 perc"},"schema":{"@context":"https:\/\/schema.org","@graph":[{"@type":"Article","@id":"https:\/\/stuttgarti-katolikusok.de\/index.php\/2023-oktober-9-es-15-kozott\/#article","isPartOf":{"@id":"https:\/\/stuttgarti-katolikusok.de\/index.php\/2023-oktober-9-es-15-kozott\/"},"author":{"name":"Tibor atya","@id":"https:\/\/stuttgarti-katolikusok.de\/#\/schema\/person\/75908d6f8fdc03a57889d27209df7795"},"headline":"2023 OKT\u00d3BER 9 \u00c9S 15 K\u00d6Z\u00d6TT","datePublished":"2023-10-09T21:05:25+00:00","dateModified":"2023-10-09T21:10:30+00:00","mainEntityOfPage":{"@id":"https:\/\/stuttgarti-katolikusok.de\/index.php\/2023-oktober-9-es-15-kozott\/"},"wordCount":165,"image":{"@id":"https:\/\/stuttgarti-katolikusok.de\/index.php\/2023-oktober-9-es-15-kozott\/#primaryimage"},"thumbnailUrl":"https:\/\/stuttgarti-katolikusok.de\/wp-content\/uploads\/2023\/10\/szabadsaghid.jpg","articleSection":["Progamel\u0151zetes"],"inLanguage":"hu"},{"@type":"WebPage","@id":"https:\/\/stuttgarti-katolikusok.de\/index.php\/2023-oktober-9-es-15-kozott\/","url":"https:\/\/stuttgarti-katolikusok.de\/index.php\/2023-oktober-9-es-15-kozott\/","name":"2023 OKT\u00d3BER 9 \u00c9S 15 K\u00d6Z\u00d6TT - Stuttgarti Katolikusok","isPartOf":{"@id":"https:\/\/stuttgarti-katolikusok.de\/#website"},"primaryImageOfPage":{"@id":"https:\/\/stuttgarti-katolikusok.de\/index.php\/2023-oktober-9-es-15-kozott\/#primaryimage"},"image":{"@id":"https:\/\/stuttgarti-katolikusok.de\/index.php\/2023-oktober-9-es-15-kozott\/#primaryimage"},"thumbnailUrl":"https:\/\/stuttgarti-katolikusok.de\/wp-content\/uploads\/2023\/10\/szabadsaghid.jpg","datePublished":"2023-10-09T21:05:25+00:00","dateModified":"2023-10-09T21:10:30+00:00","author":{"@id":"https:\/\/stuttgarti-katolikusok.de\/#\/schema\/person\/75908d6f8fdc03a57889d27209df7795"},"breadcrumb":{"@id":"https:\/\/stuttgarti-katolikusok.de\/index.php\/2023-oktober-9-es-15-kozott\/#breadcrumb"},"inLanguage":"hu","potentialAction":[{"@type":"ReadAction","target":["https:\/\/stuttgarti-katolikusok.de\/index.php\/2023-oktober-9-es-15-kozott\/"]}]},{"@type":"ImageObject","inLanguage":"hu","@id":"https:\/\/stuttgarti-katolikusok.de\/index.php\/2023-oktober-9-es-15-kozott\/#primaryimage","url":"https:\/\/stuttgarti-katolikusok.de\/wp-content\/uploads\/2023\/10\/szabadsaghid.jpg","contentUrl":"https:\/\/stuttgarti-katolikusok.de\/wp-content\/uploads\/2023\/10\/szabadsaghid.jpg","width":1080,"height":769},{"@type":"BreadcrumbList","@id":"https:\/\/stuttgarti-katolikusok.de\/index.php\/2023-oktober-9-es-15-kozott\/#breadcrumb","itemListElement":[{"@type":"ListItem","position":1,"name":"Kezd\u0151lap","item":"https:\/\/stuttgarti-katolikusok.de\/"},{"@type":"ListItem","position":2,"name":"2023 OKT\u00d3BER 9 \u00c9S 15 K\u00d6Z\u00d6TT"}]},{"@type":"WebSite","@id":"https:\/\/stuttgarti-katolikusok.de\/#website","url":"https:\/\/stuttgarti-katolikusok.de\/","name":"Stuttgarti Katolikusok","description":"","potentialAction":[{"@type":"SearchAction","target":{"@type":"EntryPoint","urlTemplate":"https:\/\/stuttgarti-katolikusok.de\/?s={search_term_string}"},"query-input":{"@type":"PropertyValueSpecification","valueRequired":true,"valueName":"search_term_string"}}],"inLanguage":"hu"},{"@type":"Person","@id":"https:\/\/stuttgarti-katolikusok.de\/#\/schema\/person\/75908d6f8fdc03a57889d27209df7795","name":"Tibor atya","image":{"@type":"ImageObject","inLanguage":"hu","@id":"https:\/\/secure.gravatar.com\/avatar\/61d268e57d1f4525b111222e29d2d5a7f8c420fdbf231ba5566a8ceac74fa960?s=96&d=mm&r=g","url":"https:\/\/secure.gravatar.com\/avatar\/61d268e57d1f4525b111222e29d2d5a7f8c420fdbf231ba5566a8ceac74fa960?s=96&d=mm&r=g","contentUrl":"https:\/\/secure.gravatar.com\/avatar\/61d268e57d1f4525b111222e29d2d5a7f8c420fdbf231ba5566a8ceac74fa960?s=96&d=mm&r=g","caption":"Tibor atya"},"url":"https:\/\/stuttgarti-katolikusok.de\/index.php\/author\/tibor-atya\/"}]}},"_links":{"self":[{"href":"https:\/\/stuttgarti-katolikusok.de\/index.php\/wp-json\/wp\/v2\/posts\/27302","targetHints":{"allow":["GET"]}}],"collection":[{"href":"https:\/\/stuttgarti-katolikusok.de\/index.php\/wp-json\/wp\/v2\/posts"}],"about":[{"href":"https:\/\/stuttgarti-katolikusok.de\/index.php\/wp-json\/wp\/v2\/types\/post"}],"author":[{"embeddable":true,"href":"https:\/\/stuttgarti-katolikusok.de\/index.php\/wp-json\/wp\/v2\/users\/3"}],"replies":[{"embeddable":true,"href":"https:\/\/stuttgarti-katolikusok.de\/index.php\/wp-json\/wp\/v2\/comments?post=27302"}],"version-history":[{"count":1,"href":"https:\/\/stuttgarti-katolikusok.de\/index.php\/wp-json\/wp\/v2\/posts\/27302\/revisions"}],"predecessor-version":[{"id":27307,"href":"https:\/\/stuttgarti-katolikusok.de\/index.php\/wp-json\/wp\/v2\/posts\/27302\/revisions\/27307"}],"wp:featuredmedia":[{"embeddable":true,"href":"https:\/\/stuttgarti-katolikusok.de\/index.php\/wp-json\/wp\/v2\/media\/27308"}],"wp:attachment":[{"href":"https:\/\/stuttgarti-katolikusok.de\/index.php\/wp-json\/wp\/v2\/media?parent=27302"}],"wp:term":[{"taxonomy":"category","embeddable":true,"href":"https:\/\/stuttgarti-katolikusok.de\/index.php\/wp-json\/wp\/v2\/categories?post=27302"},{"taxonomy":"post_tag","embeddable":true,"href":"https:\/\/stuttgarti-katolikusok.de\/index.php\/wp-json\/wp\/v2\/tags?post=27302"}],"curies":[{"name":"wp","href":"https:\/\/api.w.org\/{rel}","templated":true}]}}