{"id":27292,"date":"2023-10-07T12:58:59","date_gmt":"2023-10-07T10:58:59","guid":{"rendered":"https:\/\/stuttgarti-katolikusok.de\/?p=27292"},"modified":"2023-10-07T12:58:59","modified_gmt":"2023-10-07T10:58:59","slug":"szuz-maria-magyarok-nagyasszonya-magyarorszag-fopatronaja","status":"publish","type":"post","link":"https:\/\/stuttgarti-katolikusok.de\/index.php\/szuz-maria-magyarok-nagyasszonya-magyarorszag-fopatronaja\/","title":{"rendered":"Sz\u0171z M\u00e1ria, Magyarok Nagyasszonya, Magyarorsz\u00e1g f\u0151p\u00e1tr\u00f3n\u00e1ja"},"content":{"rendered":"<p align=\"justify\"><span style=\"color: #ff9900;\">OLVASM\u00c1NY Sir\u00e1k fi\u00e1nak k\u00f6nyv\u00e9b\u0151l (Sir 24,23-31)<\/span><br \/>\n<em>M\u00e1ria rem\u00e9nys\u00e9g\u00fcnk az \u00e9letre \u00e9s minden er\u00e9nyre.<\/em><br \/>\nJ\u00f3 illatot fakasztok \u00e9n, mint a sz\u0151l\u0151t\u0151, \u00e9s vir\u00e1gaimb\u00f3l pomp\u00e1s, d\u00fas gy\u00fcm\u00f6lcs terem.<br \/>\nAnyja vagyok \u00e9n a sz\u00e9p szeretetnek, az istenf\u00e9lelemnek, a hitnek \u00e9s a szent rem\u00e9nynek.<br \/>\nN\u00e1lam van az \u00fat \u00e9s az igazs\u00e1g minden kegyelme, n\u00e1lam az \u00e9let \u00e9s er\u00e9ny minden rem\u00e9nye.<br \/>\nJertek hozz\u00e1m mind, akik megk\u00edv\u00e1ntok engem, \u00e9s teljetek el gy\u00fcm\u00f6lcseimmel.<br \/>\nMert lelkem \u00e9desebb a m\u00e9zn\u00e9l, \u00e9s birtokl\u00e1som a l\u00e9pes m\u00e9zn\u00e9l!<br \/>\nEml\u00e9kezetem \u00e9l minden id\u0151k nemzed\u00e9keiben.<br \/>\nAkik engem esznek, m\u00e9g ink\u00e1bb \u00e9heznek, akik engem isznak, m\u00e9g ink\u00e1bb szomjaznak.<br \/>\nAki re\u00e1m hallgat, meg nem sz\u00e9gyen\u00fcl, akik \u00e9rtem f\u00e1radnak, nem esnek b\u0171nbe.<br \/>\nAkik f\u00e9nyt der\u00edtenek r\u00e1m, \u00f6r\u00f6k \u00e9letet nyernek.<br \/>\nEz az Isten ig\u00e9je.<\/p>\n<p align=\"justify\"><span style=\"color: #ff9900;\">V\u00c1LASZOS ZSOLT\u00c1R (Jud 13,18-19)<\/span><br \/>\nV\u00e1lasz:\u00a0<strong>Szent Fiadat, Boldogasszony, k\u00e9rd e n\u00e9p\u00e9rt!<\/strong>\u00a0(SzVU! 287\/7. 1 D<sup><small>2<\/small><\/sup>\u00a0t\u00f3nus)<br \/>\nVagy:\u00a0<strong>Alleluja.<\/strong>\u00a01. sz\u00e1m.<br \/>\nEl\u0151\u00e9nekes: Az \u00dar, a f\u00f6ls\u00e9ges Isten, * a f\u00f6ld minden asszony\u00e1n\u00e1l jobban meg\u00e1ldott, le\u00e1nyom, t\u00e9ged.<br \/>\n\u00c1ldott legyen Isten, az \u00e9g \u00e9s f\u00f6ld alkot\u00f3ja, * aki ellens\u00e9geink sz\u00edne el\u0151tt dics\u0151s\u00e9gess\u00e9 tett ma t\u00e9ged!<br \/>\nH\u00edvek: Szent Fiadat, Boldogasszony, k\u00e9rd e n\u00e9p\u00e9rt!<br \/>\nVagy: Alleluja,<br \/>\nE: Mert nem sz\u0171nik meg dics\u00e9reted az emberek ajk\u00e1n, * akik megeml\u00e9keznek az \u00dar hatalm\u00e1r\u00f3l.<br \/>\nFord\u00edtsa ezt Isten \u00f6r\u00f6k dics\u0151s\u00e9gedre, \u00e9s \u00e1ldjon meg minden j\u00f3val mind\u00f6r\u00f6kk\u00e9, * mivel nem k\u00edm\u00e9lted \u00e9letedet, amikor megal\u00e1ztat\u00e1sban volt r\u00e9sz\u00fcnk.<br \/>\nH: Szent Fiadat, Boldogasszony, k\u00e9rd e n\u00e9p\u00e9rt!<br \/>\nVagy: Alleluja.<br \/>\nE: Megakad\u00e1lyoztad n\u00e9ped pusztul\u00e1s\u00e1t, * mikor Isten sz\u00edne el\u0151tt az igaz \u00faton j\u00e1rt\u00e1l.<br \/>\nH: Szent Fiadat, Boldogasszony, k\u00e9rd e n\u00e9p\u00e9rt!<br \/>\nVagy: Alleluja.<\/p>\n<p align=\"justify\"><span style=\"color: #ff9900;\">SZENTLECKE Szent P\u00e1l apostolnak a galat\u00e1khoz \u00edrt level\u00e9b\u0151l (Gal 4,4-7)<\/span><br \/>\n<em>Isten elk\u00fcldte Fi\u00e1t, aki asszonyt\u00f3l sz\u00fcletett.<\/em><br \/>\nTestv\u00e9reim!<br \/>\nAmikor el\u00e9rkezett az id\u0151k teljess\u00e9ge, Isten elk\u00fcldte Fi\u00e1t, aki asszonyt\u00f3l sz\u00fcletett, al\u00e1vetette mag\u00e1t a m\u00f3zesi t\u00f6rv\u00e9nynek, hogy felszabad\u00edtson minket a t\u00f6rv\u00e9ny szolgas\u00e1g\u00e1b\u00f3l, \u00e9s a fogadott fi\u00fas\u00e1got elnyerj\u00fck.<br \/>\nMivel pedig Isten fiai vagyunk, Isten sz\u00edv\u00fcnkbe elk\u00fcldte Fi\u00e1nak Lelk\u00e9t, aki ezt ki\u00e1ltja: \u201eAbba! Aty\u00e1m!\u201d<br \/>\nNem vagy teh\u00e1t t\u00f6bb\u00e9 szolga, hanem fi\u00fa, \u00e9s ha fi\u00fa, akkor Isten kegyelm\u00e9b\u0151l \u00f6r\u00f6k\u00f6s is.<br \/>\nEz az Isten ig\u00e9je.<\/p>\n<p align=\"justify\"><span style=\"color: #ff9900;\">ALLELUJA<\/span><br \/>\n\u00dcdv\u00f6z l\u00e9gy, M\u00e1ria, kegyelemmel teljes, az \u00dar van v\u00e9led, * \u00e1ldottabb vagy te minden asszonyn\u00e1l, Lk 1,28 \u2013 8 G. t\u00f3nus.<\/p>\n<p align=\"justify\"><span style=\"color: #ff9900;\">\u2020 EVANG\u00c9LIUM Szent Luk\u00e1cs k\u00f6nyv\u00e9b\u0151l (Lk 1,26-28)<\/span><\/p>\n<p align=\"justify\"><em>Isten felt\u00e1rta \u00f6r\u00f6k terv\u00e9t M\u00e1ria el\u0151tt, hogy \u0151t v\u00e1lasztotta a Megv\u00e1lt\u00f3 anyj\u00e1nak.<\/em><br \/>\nAbban az id\u0151ben:<br \/>\nIsten elk\u00fcldte G\u00e1bor angyalt Galilea N\u00e1z\u00e1ret nev\u0171 v\u00e1ros\u00e1ba egy sz\u0171zh\u00f6z, aki jegyese volt egy f\u00e9rfinak, a D\u00e1vid h\u00e1z\u00e1b\u00f3l val\u00f3 J\u00f3zsefnek. A sz\u0171z neve M\u00e1ria volt. Az angyal bel\u00e9pett hozz\u00e1 \u00e9s \u00edgy sz\u00f3lt: \u201e\u00dcdv\u00f6z l\u00e9gy, kegyelemmel teljes! Az \u00dar veled van! \u00c1ldottabb vagy te minden asszonyn\u00e1l!\u201d<br \/>\nEzek az evang\u00e9lium ig\u00e9i.<\/p>\n<p align=\"justify\"><span style=\"color: #ff9900;\">EGYETEMES K\u00d6NY\u00d6RG\u00c9SEK<\/span><\/p>\n<p>Testv\u00e9reim! Magyarok Nagyasszonya \u00fcnnep\u00e9n gyermeki bizalommal terjessz\u00fck k\u00e9r\u00e9seinket mennyei Aty\u00e1nk el\u00e9!<\/p>\n<p align=\"justify\">\n1. \u00c1ldd meg, Urunk, Szentaty\u00e1nkat, hogy vezet\u00e9s\u00e9vel Krisztusnak h\u0171s\u00e9ges tan\u00edtv\u00e1nyai \u00e9s Nagyasszonyunknak buzg\u00f3 gyermekei legy\u00fcnk!<\/p>\n<p align=\"justify\">2. Adj haz\u00e1nk f\u0151p\u00e1sztorainak, papjainak \u00e9s szerzeteseinek testi-lelki er\u0151t, hogy munk\u00e1juk nyom\u00e1n egyre gazdagabban viruljon a krisztusi \u00e9let M\u00e1ria orsz\u00e1g\u00e1ban!<\/p>\n<p align=\"justify\">3. Alak\u00edtsd \u00e1t sz\u00edv\u00fcnket, hogy Boldogasszonyunk p\u00e9ld\u00e1ja szerint mi is re\u00e1d figyel\u0151 \u00e9s akaratodat teljes\u00edt\u0151 kereszt\u00e9nyek legy\u00fcnk!<\/p>\n<p align=\"justify\">4. Seg\u00edtsd a magyar csal\u00e1dokat, hogy Szent Istv\u00e1nt, Boldog Gizell\u00e1t \u00e9s Szent Imr\u00e9t k\u00f6vetve v\u00e1llalj\u00e1k az \u00e1ldozatos csal\u00e1di \u00e9letet!<\/p>\n<p align=\"justify\">5. \u00c9breszd fel a magyar ifj\u00fas\u00e1gban a kereszt\u00e9ny hivat\u00e1studatot, hogy M\u00e1ria orsz\u00e1ga \u00fajra a szentek f\u00f6ldje legyen!<\/p>\n<p align=\"justify\">6. Vezesd elhunyt testv\u00e9reinket az \u00e9gi haz\u00e1ba, hogy ott egy\u00fctt \u00f6rvendjenek Nagyasszonyunkkal \u00e9s nemzet\u00fcnk szentjeivel!<\/p>\n<p align=\"justify\">Urunk \u00e9s Isten\u00fcnk! Els\u0151 szent kir\u00e1lyunk v\u00e9gakarat\u00e1b\u00f3l Fiad \u00e9desanyj\u00e1t Nagyasszonyunknak tisztelj\u00fck. Seg\u00edts, hogy p\u00e1rtfog\u00e1s\u00e1val csal\u00e1djainkban \u00e9s haz\u00e1nkban megval\u00f3s\u00edtsuk szent Fiad orsz\u00e1g\u00e1t. Aki \u00e9l \u00e9s uralkodik mind\u00f6r\u00f6kk\u00f6n \u00f6r\u00f6kk\u00e9.<br \/>\nH\u00edvek: \u00c1men.<\/p>\n<p align=\"justify\"><em>(K\u00e9p forr\u00e1sa: Magyar Kur\u00edr &#8211; Magyarok Nagyasszonya-k\u00e1polna R\u00f3ma)<\/em><\/p>\n","protected":false},"excerpt":{"rendered":"<p>OLVASM\u00c1NY Sir\u00e1k fi\u00e1nak k\u00f6nyv\u00e9b\u0151l (Sir 24,23-31) M\u00e1ria rem\u00e9nys\u00e9g\u00fcnk az \u00e9letre \u00e9s minden er\u00e9nyre. J\u00f3 illatot fakasztok \u00e9n, mint a sz\u0151l\u0151t\u0151, \u00e9s vir\u00e1gaimb\u00f3l pomp\u00e1s, d\u00fas gy\u00fcm\u00f6lcs terem. Anyja vagyok \u00e9n a sz\u00e9p szeretetnek, az istenf\u00e9lelemnek, a hitnek \u00e9s a szent rem\u00e9nynek. N\u00e1lam van az \u00fat \u00e9s az igazs\u00e1g minden kegyelme, n\u00e1lam az \u00e9let \u00e9s er\u00e9ny minden rem\u00e9nye. Jertek hozz\u00e1m mind, akik megk\u00edv\u00e1ntok engem, \u00e9s teljetek el gy\u00fcm\u00f6lcseimmel. Mert lelkem \u00e9desebb a m\u00e9zn\u00e9l, \u00e9s birtokl\u00e1som a l\u00e9pes m\u00e9zn\u00e9l! Eml\u00e9kezetem \u00e9l minden id\u0151k nemzed\u00e9keiben. Akik engem esznek, m\u00e9g ink\u00e1bb \u00e9heznek, akik engem isznak, m\u00e9g ink\u00e1bb szomjaznak. Aki re\u00e1m hallgat, meg nem sz\u00e9gyen\u00fcl, akik \u00e9rtem f\u00e1radnak, nem esnek b\u0171nbe. Akik f\u00e9nyt der\u00edtenek r\u00e1m, \u00f6r\u00f6k \u00e9letet nyernek. Ez az Isten ig\u00e9je. V\u00c1LASZOS ZSOLT\u00c1R (Jud 13,18-19) V\u00e1lasz:\u00a0Szent Fiadat, Boldogasszony, k\u00e9rd e n\u00e9p\u00e9rt!\u00a0(SzVU! 287\/7. 1 D2\u00a0t\u00f3nus) Vagy:\u00a0Alleluja.\u00a01. sz\u00e1m. El\u0151\u00e9nekes: Az \u00dar, a f\u00f6ls\u00e9ges Isten, * a f\u00f6ld minden asszony\u00e1n\u00e1l jobban meg\u00e1ldott, le\u00e1nyom, t\u00e9ged. \u00c1ldott legyen Isten, az \u00e9g \u00e9s f\u00f6ld alkot\u00f3ja, * aki ellens\u00e9geink sz\u00edne el\u0151tt dics\u0151s\u00e9gess\u00e9 tett ma t\u00e9ged! H\u00edvek: Szent Fiadat, Boldogasszony, k\u00e9rd e n\u00e9p\u00e9rt! Vagy: Alleluja, E: Mert nem sz\u0171nik meg dics\u00e9reted az emberek ajk\u00e1n, * akik megeml\u00e9keznek az \u00dar hatalm\u00e1r\u00f3l. Ford\u00edtsa ezt Isten \u00f6r\u00f6k dics\u0151s\u00e9gedre, \u00e9s \u00e1ldjon meg minden j\u00f3val mind\u00f6r\u00f6kk\u00e9, * mivel nem k\u00edm\u00e9lted \u00e9letedet, amikor megal\u00e1ztat\u00e1sban volt r\u00e9sz\u00fcnk. H: Szent Fiadat, Boldogasszony, k\u00e9rd e n\u00e9p\u00e9rt! Vagy: Alleluja. E: Megakad\u00e1lyoztad n\u00e9ped pusztul\u00e1s\u00e1t, * mikor Isten sz\u00edne el\u0151tt az igaz \u00faton j\u00e1rt\u00e1l. H: Szent Fiadat, Boldogasszony, k\u00e9rd e n\u00e9p\u00e9rt! Vagy: Alleluja. SZENTLECKE Szent P\u00e1l apostolnak a galat\u00e1khoz \u00edrt level\u00e9b\u0151l (Gal 4,4-7) Isten elk\u00fcldte Fi\u00e1t, aki asszonyt\u00f3l sz\u00fcletett. Testv\u00e9reim! Amikor el\u00e9rkezett az id\u0151k teljess\u00e9ge, Isten elk\u00fcldte Fi\u00e1t, aki asszonyt\u00f3l sz\u00fcletett, al\u00e1vetette mag\u00e1t a m\u00f3zesi t\u00f6rv\u00e9nynek, hogy felszabad\u00edtson minket a t\u00f6rv\u00e9ny szolgas\u00e1g\u00e1b\u00f3l, \u00e9s a fogadott fi\u00fas\u00e1got elnyerj\u00fck. Mivel pedig Isten fiai vagyunk, Isten sz\u00edv\u00fcnkbe elk\u00fcldte Fi\u00e1nak Lelk\u00e9t, aki ezt ki\u00e1ltja: \u201eAbba! Aty\u00e1m!\u201d Nem vagy teh\u00e1t&#8230; <\/p>\n<p><a class=\"readmore\" href=\"https:\/\/stuttgarti-katolikusok.de\/index.php\/szuz-maria-magyarok-nagyasszonya-magyarorszag-fopatronaja\/\">R\u00e9szletek<\/a><\/p>\n","protected":false},"author":3,"featured_media":27293,"comment_status":"closed","ping_status":"closed","sticky":false,"template":"","format":"standard","meta":{"footnotes":""},"categories":[85,63],"tags":[],"class_list":["post-27292","post","type-post","status-publish","format-standard","has-post-thumbnail","hentry","category-a-liturgia-olvasmanyai","category-vasarnapi-gondolatok"],"yoast_head":"<!-- This site is optimized with the Yoast SEO plugin v27.3 - https:\/\/yoast.com\/product\/yoast-seo-wordpress\/ -->\n<title>Sz\u0171z M\u00e1ria, Magyarok Nagyasszonya, Magyarorsz\u00e1g f\u0151p\u00e1tr\u00f3n\u00e1ja - Stuttgarti Katolikusok<\/title>\n<meta name=\"robots\" content=\"index, follow, max-snippet:-1, max-image-preview:large, max-video-preview:-1\" \/>\n<link rel=\"canonical\" href=\"https:\/\/stuttgarti-katolikusok.de\/index.php\/szuz-maria-magyarok-nagyasszonya-magyarorszag-fopatronaja\/\" \/>\n<meta property=\"og:locale\" content=\"hu_HU\" \/>\n<meta property=\"og:type\" content=\"article\" \/>\n<meta property=\"og:title\" content=\"Sz\u0171z M\u00e1ria, Magyarok Nagyasszonya, Magyarorsz\u00e1g f\u0151p\u00e1tr\u00f3n\u00e1ja - Stuttgarti Katolikusok\" \/>\n<meta property=\"og:description\" content=\"OLVASM\u00c1NY Sir\u00e1k fi\u00e1nak k\u00f6nyv\u00e9b\u0151l (Sir 24,23-31) M\u00e1ria rem\u00e9nys\u00e9g\u00fcnk az \u00e9letre \u00e9s minden er\u00e9nyre. J\u00f3 illatot fakasztok \u00e9n, mint a sz\u0151l\u0151t\u0151, \u00e9s vir\u00e1gaimb\u00f3l pomp\u00e1s, d\u00fas gy\u00fcm\u00f6lcs terem. Anyja vagyok \u00e9n a sz\u00e9p szeretetnek, az istenf\u00e9lelemnek, a hitnek \u00e9s a szent rem\u00e9nynek. N\u00e1lam van az \u00fat \u00e9s az igazs\u00e1g minden kegyelme, n\u00e1lam az \u00e9let \u00e9s er\u00e9ny minden rem\u00e9nye. Jertek hozz\u00e1m mind, akik megk\u00edv\u00e1ntok engem, \u00e9s teljetek el gy\u00fcm\u00f6lcseimmel. Mert lelkem \u00e9desebb a m\u00e9zn\u00e9l, \u00e9s birtokl\u00e1som a l\u00e9pes m\u00e9zn\u00e9l! Eml\u00e9kezetem \u00e9l minden id\u0151k nemzed\u00e9keiben. Akik engem esznek, m\u00e9g ink\u00e1bb \u00e9heznek, akik engem isznak, m\u00e9g ink\u00e1bb szomjaznak. Aki re\u00e1m hallgat, meg nem sz\u00e9gyen\u00fcl, akik \u00e9rtem f\u00e1radnak, nem esnek b\u0171nbe. Akik f\u00e9nyt der\u00edtenek r\u00e1m, \u00f6r\u00f6k \u00e9letet nyernek. Ez az Isten ig\u00e9je. V\u00c1LASZOS ZSOLT\u00c1R (Jud 13,18-19) V\u00e1lasz:\u00a0Szent Fiadat, Boldogasszony, k\u00e9rd e n\u00e9p\u00e9rt!\u00a0(SzVU! 287\/7. 1 D2\u00a0t\u00f3nus) Vagy:\u00a0Alleluja.\u00a01. sz\u00e1m. El\u0151\u00e9nekes: Az \u00dar, a f\u00f6ls\u00e9ges Isten, * a f\u00f6ld minden asszony\u00e1n\u00e1l jobban meg\u00e1ldott, le\u00e1nyom, t\u00e9ged. \u00c1ldott legyen Isten, az \u00e9g \u00e9s f\u00f6ld alkot\u00f3ja, * aki ellens\u00e9geink sz\u00edne el\u0151tt dics\u0151s\u00e9gess\u00e9 tett ma t\u00e9ged! H\u00edvek: Szent Fiadat, Boldogasszony, k\u00e9rd e n\u00e9p\u00e9rt! Vagy: Alleluja, E: Mert nem sz\u0171nik meg dics\u00e9reted az emberek ajk\u00e1n, * akik megeml\u00e9keznek az \u00dar hatalm\u00e1r\u00f3l. Ford\u00edtsa ezt Isten \u00f6r\u00f6k dics\u0151s\u00e9gedre, \u00e9s \u00e1ldjon meg minden j\u00f3val mind\u00f6r\u00f6kk\u00e9, * mivel nem k\u00edm\u00e9lted \u00e9letedet, amikor megal\u00e1ztat\u00e1sban volt r\u00e9sz\u00fcnk. H: Szent Fiadat, Boldogasszony, k\u00e9rd e n\u00e9p\u00e9rt! Vagy: Alleluja. E: Megakad\u00e1lyoztad n\u00e9ped pusztul\u00e1s\u00e1t, * mikor Isten sz\u00edne el\u0151tt az igaz \u00faton j\u00e1rt\u00e1l. H: Szent Fiadat, Boldogasszony, k\u00e9rd e n\u00e9p\u00e9rt! Vagy: Alleluja. SZENTLECKE Szent P\u00e1l apostolnak a galat\u00e1khoz \u00edrt level\u00e9b\u0151l (Gal 4,4-7) Isten elk\u00fcldte Fi\u00e1t, aki asszonyt\u00f3l sz\u00fcletett. Testv\u00e9reim! Amikor el\u00e9rkezett az id\u0151k teljess\u00e9ge, Isten elk\u00fcldte Fi\u00e1t, aki asszonyt\u00f3l sz\u00fcletett, al\u00e1vetette mag\u00e1t a m\u00f3zesi t\u00f6rv\u00e9nynek, hogy felszabad\u00edtson minket a t\u00f6rv\u00e9ny szolgas\u00e1g\u00e1b\u00f3l, \u00e9s a fogadott fi\u00fas\u00e1got elnyerj\u00fck. Mivel pedig Isten fiai vagyunk, Isten sz\u00edv\u00fcnkbe elk\u00fcldte Fi\u00e1nak Lelk\u00e9t, aki ezt ki\u00e1ltja: \u201eAbba! Aty\u00e1m!\u201d Nem vagy teh\u00e1t... R\u00e9szletek\" \/>\n<meta property=\"og:url\" content=\"https:\/\/stuttgarti-katolikusok.de\/index.php\/szuz-maria-magyarok-nagyasszonya-magyarorszag-fopatronaja\/\" \/>\n<meta property=\"og:site_name\" content=\"Stuttgarti Katolikusok\" \/>\n<meta property=\"article:published_time\" content=\"2023-10-07T10:58:59+00:00\" \/>\n<meta property=\"og:image\" content=\"https:\/\/stuttgarti-katolikusok.de\/wp-content\/uploads\/2023\/10\/kepernyofelvetel-240.png\" \/>\n\t<meta property=\"og:image:width\" content=\"1400\" \/>\n\t<meta property=\"og:image:height\" content=\"1053\" \/>\n\t<meta property=\"og:image:type\" content=\"image\/png\" \/>\n<meta name=\"author\" content=\"Tibor atya\" \/>\n<meta name=\"twitter:card\" content=\"summary_large_image\" \/>\n<meta name=\"twitter:label1\" content=\"Szerz\u0151:\" \/>\n\t<meta name=\"twitter:data1\" content=\"Tibor atya\" \/>\n\t<meta name=\"twitter:label2\" content=\"Becs\u00fclt olvas\u00e1si id\u0151\" \/>\n\t<meta name=\"twitter:data2\" content=\"4 perc\" \/>\n<script type=\"application\/ld+json\" class=\"yoast-schema-graph\">{\"@context\":\"https:\\\/\\\/schema.org\",\"@graph\":[{\"@type\":\"Article\",\"@id\":\"https:\\\/\\\/stuttgarti-katolikusok.de\\\/index.php\\\/szuz-maria-magyarok-nagyasszonya-magyarorszag-fopatronaja\\\/#article\",\"isPartOf\":{\"@id\":\"https:\\\/\\\/stuttgarti-katolikusok.de\\\/index.php\\\/szuz-maria-magyarok-nagyasszonya-magyarorszag-fopatronaja\\\/\"},\"author\":{\"name\":\"Tibor atya\",\"@id\":\"https:\\\/\\\/stuttgarti-katolikusok.de\\\/#\\\/schema\\\/person\\\/75908d6f8fdc03a57889d27209df7795\"},\"headline\":\"Sz\u0171z M\u00e1ria, Magyarok Nagyasszonya, Magyarorsz\u00e1g f\u0151p\u00e1tr\u00f3n\u00e1ja\",\"datePublished\":\"2023-10-07T10:58:59+00:00\",\"mainEntityOfPage\":{\"@id\":\"https:\\\/\\\/stuttgarti-katolikusok.de\\\/index.php\\\/szuz-maria-magyarok-nagyasszonya-magyarorszag-fopatronaja\\\/\"},\"wordCount\":847,\"image\":{\"@id\":\"https:\\\/\\\/stuttgarti-katolikusok.de\\\/index.php\\\/szuz-maria-magyarok-nagyasszonya-magyarorszag-fopatronaja\\\/#primaryimage\"},\"thumbnailUrl\":\"https:\\\/\\\/stuttgarti-katolikusok.de\\\/wp-content\\\/uploads\\\/2023\\\/10\\\/kepernyofelvetel-240.png\",\"articleSection\":[\"A liturgia olvasm\u00e1nyai\",\"Vas\u00e1rnapi gondolatok\"],\"inLanguage\":\"hu\"},{\"@type\":\"WebPage\",\"@id\":\"https:\\\/\\\/stuttgarti-katolikusok.de\\\/index.php\\\/szuz-maria-magyarok-nagyasszonya-magyarorszag-fopatronaja\\\/\",\"url\":\"https:\\\/\\\/stuttgarti-katolikusok.de\\\/index.php\\\/szuz-maria-magyarok-nagyasszonya-magyarorszag-fopatronaja\\\/\",\"name\":\"Sz\u0171z M\u00e1ria, Magyarok Nagyasszonya, Magyarorsz\u00e1g f\u0151p\u00e1tr\u00f3n\u00e1ja - Stuttgarti Katolikusok\",\"isPartOf\":{\"@id\":\"https:\\\/\\\/stuttgarti-katolikusok.de\\\/#website\"},\"primaryImageOfPage\":{\"@id\":\"https:\\\/\\\/stuttgarti-katolikusok.de\\\/index.php\\\/szuz-maria-magyarok-nagyasszonya-magyarorszag-fopatronaja\\\/#primaryimage\"},\"image\":{\"@id\":\"https:\\\/\\\/stuttgarti-katolikusok.de\\\/index.php\\\/szuz-maria-magyarok-nagyasszonya-magyarorszag-fopatronaja\\\/#primaryimage\"},\"thumbnailUrl\":\"https:\\\/\\\/stuttgarti-katolikusok.de\\\/wp-content\\\/uploads\\\/2023\\\/10\\\/kepernyofelvetel-240.png\",\"datePublished\":\"2023-10-07T10:58:59+00:00\",\"author\":{\"@id\":\"https:\\\/\\\/stuttgarti-katolikusok.de\\\/#\\\/schema\\\/person\\\/75908d6f8fdc03a57889d27209df7795\"},\"breadcrumb\":{\"@id\":\"https:\\\/\\\/stuttgarti-katolikusok.de\\\/index.php\\\/szuz-maria-magyarok-nagyasszonya-magyarorszag-fopatronaja\\\/#breadcrumb\"},\"inLanguage\":\"hu\",\"potentialAction\":[{\"@type\":\"ReadAction\",\"target\":[\"https:\\\/\\\/stuttgarti-katolikusok.de\\\/index.php\\\/szuz-maria-magyarok-nagyasszonya-magyarorszag-fopatronaja\\\/\"]}]},{\"@type\":\"ImageObject\",\"inLanguage\":\"hu\",\"@id\":\"https:\\\/\\\/stuttgarti-katolikusok.de\\\/index.php\\\/szuz-maria-magyarok-nagyasszonya-magyarorszag-fopatronaja\\\/#primaryimage\",\"url\":\"https:\\\/\\\/stuttgarti-katolikusok.de\\\/wp-content\\\/uploads\\\/2023\\\/10\\\/kepernyofelvetel-240.png\",\"contentUrl\":\"https:\\\/\\\/stuttgarti-katolikusok.de\\\/wp-content\\\/uploads\\\/2023\\\/10\\\/kepernyofelvetel-240.png\",\"width\":1400,\"height\":1053},{\"@type\":\"BreadcrumbList\",\"@id\":\"https:\\\/\\\/stuttgarti-katolikusok.de\\\/index.php\\\/szuz-maria-magyarok-nagyasszonya-magyarorszag-fopatronaja\\\/#breadcrumb\",\"itemListElement\":[{\"@type\":\"ListItem\",\"position\":1,\"name\":\"Kezd\u0151lap\",\"item\":\"https:\\\/\\\/stuttgarti-katolikusok.de\\\/\"},{\"@type\":\"ListItem\",\"position\":2,\"name\":\"Sz\u0171z M\u00e1ria, Magyarok Nagyasszonya, Magyarorsz\u00e1g f\u0151p\u00e1tr\u00f3n\u00e1ja\"}]},{\"@type\":\"WebSite\",\"@id\":\"https:\\\/\\\/stuttgarti-katolikusok.de\\\/#website\",\"url\":\"https:\\\/\\\/stuttgarti-katolikusok.de\\\/\",\"name\":\"Stuttgarti Katolikusok\",\"description\":\"\",\"potentialAction\":[{\"@type\":\"SearchAction\",\"target\":{\"@type\":\"EntryPoint\",\"urlTemplate\":\"https:\\\/\\\/stuttgarti-katolikusok.de\\\/?s={search_term_string}\"},\"query-input\":{\"@type\":\"PropertyValueSpecification\",\"valueRequired\":true,\"valueName\":\"search_term_string\"}}],\"inLanguage\":\"hu\"},{\"@type\":\"Person\",\"@id\":\"https:\\\/\\\/stuttgarti-katolikusok.de\\\/#\\\/schema\\\/person\\\/75908d6f8fdc03a57889d27209df7795\",\"name\":\"Tibor atya\",\"image\":{\"@type\":\"ImageObject\",\"inLanguage\":\"hu\",\"@id\":\"https:\\\/\\\/secure.gravatar.com\\\/avatar\\\/61d268e57d1f4525b111222e29d2d5a7f8c420fdbf231ba5566a8ceac74fa960?s=96&d=mm&r=g\",\"url\":\"https:\\\/\\\/secure.gravatar.com\\\/avatar\\\/61d268e57d1f4525b111222e29d2d5a7f8c420fdbf231ba5566a8ceac74fa960?s=96&d=mm&r=g\",\"contentUrl\":\"https:\\\/\\\/secure.gravatar.com\\\/avatar\\\/61d268e57d1f4525b111222e29d2d5a7f8c420fdbf231ba5566a8ceac74fa960?s=96&d=mm&r=g\",\"caption\":\"Tibor atya\"},\"url\":\"https:\\\/\\\/stuttgarti-katolikusok.de\\\/index.php\\\/author\\\/tibor-atya\\\/\"}]}<\/script>\n<!-- \/ Yoast SEO plugin. -->","yoast_head_json":{"title":"Sz\u0171z M\u00e1ria, Magyarok Nagyasszonya, Magyarorsz\u00e1g f\u0151p\u00e1tr\u00f3n\u00e1ja - Stuttgarti Katolikusok","robots":{"index":"index","follow":"follow","max-snippet":"max-snippet:-1","max-image-preview":"max-image-preview:large","max-video-preview":"max-video-preview:-1"},"canonical":"https:\/\/stuttgarti-katolikusok.de\/index.php\/szuz-maria-magyarok-nagyasszonya-magyarorszag-fopatronaja\/","og_locale":"hu_HU","og_type":"article","og_title":"Sz\u0171z M\u00e1ria, Magyarok Nagyasszonya, Magyarorsz\u00e1g f\u0151p\u00e1tr\u00f3n\u00e1ja - Stuttgarti Katolikusok","og_description":"OLVASM\u00c1NY Sir\u00e1k fi\u00e1nak k\u00f6nyv\u00e9b\u0151l (Sir 24,23-31) M\u00e1ria rem\u00e9nys\u00e9g\u00fcnk az \u00e9letre \u00e9s minden er\u00e9nyre. J\u00f3 illatot fakasztok \u00e9n, mint a sz\u0151l\u0151t\u0151, \u00e9s vir\u00e1gaimb\u00f3l pomp\u00e1s, d\u00fas gy\u00fcm\u00f6lcs terem. Anyja vagyok \u00e9n a sz\u00e9p szeretetnek, az istenf\u00e9lelemnek, a hitnek \u00e9s a szent rem\u00e9nynek. N\u00e1lam van az \u00fat \u00e9s az igazs\u00e1g minden kegyelme, n\u00e1lam az \u00e9let \u00e9s er\u00e9ny minden rem\u00e9nye. Jertek hozz\u00e1m mind, akik megk\u00edv\u00e1ntok engem, \u00e9s teljetek el gy\u00fcm\u00f6lcseimmel. Mert lelkem \u00e9desebb a m\u00e9zn\u00e9l, \u00e9s birtokl\u00e1som a l\u00e9pes m\u00e9zn\u00e9l! Eml\u00e9kezetem \u00e9l minden id\u0151k nemzed\u00e9keiben. Akik engem esznek, m\u00e9g ink\u00e1bb \u00e9heznek, akik engem isznak, m\u00e9g ink\u00e1bb szomjaznak. Aki re\u00e1m hallgat, meg nem sz\u00e9gyen\u00fcl, akik \u00e9rtem f\u00e1radnak, nem esnek b\u0171nbe. Akik f\u00e9nyt der\u00edtenek r\u00e1m, \u00f6r\u00f6k \u00e9letet nyernek. Ez az Isten ig\u00e9je. V\u00c1LASZOS ZSOLT\u00c1R (Jud 13,18-19) V\u00e1lasz:\u00a0Szent Fiadat, Boldogasszony, k\u00e9rd e n\u00e9p\u00e9rt!\u00a0(SzVU! 287\/7. 1 D2\u00a0t\u00f3nus) Vagy:\u00a0Alleluja.\u00a01. sz\u00e1m. El\u0151\u00e9nekes: Az \u00dar, a f\u00f6ls\u00e9ges Isten, * a f\u00f6ld minden asszony\u00e1n\u00e1l jobban meg\u00e1ldott, le\u00e1nyom, t\u00e9ged. \u00c1ldott legyen Isten, az \u00e9g \u00e9s f\u00f6ld alkot\u00f3ja, * aki ellens\u00e9geink sz\u00edne el\u0151tt dics\u0151s\u00e9gess\u00e9 tett ma t\u00e9ged! H\u00edvek: Szent Fiadat, Boldogasszony, k\u00e9rd e n\u00e9p\u00e9rt! Vagy: Alleluja, E: Mert nem sz\u0171nik meg dics\u00e9reted az emberek ajk\u00e1n, * akik megeml\u00e9keznek az \u00dar hatalm\u00e1r\u00f3l. Ford\u00edtsa ezt Isten \u00f6r\u00f6k dics\u0151s\u00e9gedre, \u00e9s \u00e1ldjon meg minden j\u00f3val mind\u00f6r\u00f6kk\u00e9, * mivel nem k\u00edm\u00e9lted \u00e9letedet, amikor megal\u00e1ztat\u00e1sban volt r\u00e9sz\u00fcnk. H: Szent Fiadat, Boldogasszony, k\u00e9rd e n\u00e9p\u00e9rt! Vagy: Alleluja. E: Megakad\u00e1lyoztad n\u00e9ped pusztul\u00e1s\u00e1t, * mikor Isten sz\u00edne el\u0151tt az igaz \u00faton j\u00e1rt\u00e1l. H: Szent Fiadat, Boldogasszony, k\u00e9rd e n\u00e9p\u00e9rt! Vagy: Alleluja. SZENTLECKE Szent P\u00e1l apostolnak a galat\u00e1khoz \u00edrt level\u00e9b\u0151l (Gal 4,4-7) Isten elk\u00fcldte Fi\u00e1t, aki asszonyt\u00f3l sz\u00fcletett. Testv\u00e9reim! Amikor el\u00e9rkezett az id\u0151k teljess\u00e9ge, Isten elk\u00fcldte Fi\u00e1t, aki asszonyt\u00f3l sz\u00fcletett, al\u00e1vetette mag\u00e1t a m\u00f3zesi t\u00f6rv\u00e9nynek, hogy felszabad\u00edtson minket a t\u00f6rv\u00e9ny szolgas\u00e1g\u00e1b\u00f3l, \u00e9s a fogadott fi\u00fas\u00e1got elnyerj\u00fck. Mivel pedig Isten fiai vagyunk, Isten sz\u00edv\u00fcnkbe elk\u00fcldte Fi\u00e1nak Lelk\u00e9t, aki ezt ki\u00e1ltja: \u201eAbba! Aty\u00e1m!\u201d Nem vagy teh\u00e1t... R\u00e9szletek","og_url":"https:\/\/stuttgarti-katolikusok.de\/index.php\/szuz-maria-magyarok-nagyasszonya-magyarorszag-fopatronaja\/","og_site_name":"Stuttgarti Katolikusok","article_published_time":"2023-10-07T10:58:59+00:00","og_image":[{"width":1400,"height":1053,"url":"https:\/\/stuttgarti-katolikusok.de\/wp-content\/uploads\/2023\/10\/kepernyofelvetel-240.png","type":"image\/png"}],"author":"Tibor atya","twitter_card":"summary_large_image","twitter_misc":{"Szerz\u0151:":"Tibor atya","Becs\u00fclt olvas\u00e1si id\u0151":"4 perc"},"schema":{"@context":"https:\/\/schema.org","@graph":[{"@type":"Article","@id":"https:\/\/stuttgarti-katolikusok.de\/index.php\/szuz-maria-magyarok-nagyasszonya-magyarorszag-fopatronaja\/#article","isPartOf":{"@id":"https:\/\/stuttgarti-katolikusok.de\/index.php\/szuz-maria-magyarok-nagyasszonya-magyarorszag-fopatronaja\/"},"author":{"name":"Tibor atya","@id":"https:\/\/stuttgarti-katolikusok.de\/#\/schema\/person\/75908d6f8fdc03a57889d27209df7795"},"headline":"Sz\u0171z M\u00e1ria, Magyarok Nagyasszonya, Magyarorsz\u00e1g f\u0151p\u00e1tr\u00f3n\u00e1ja","datePublished":"2023-10-07T10:58:59+00:00","mainEntityOfPage":{"@id":"https:\/\/stuttgarti-katolikusok.de\/index.php\/szuz-maria-magyarok-nagyasszonya-magyarorszag-fopatronaja\/"},"wordCount":847,"image":{"@id":"https:\/\/stuttgarti-katolikusok.de\/index.php\/szuz-maria-magyarok-nagyasszonya-magyarorszag-fopatronaja\/#primaryimage"},"thumbnailUrl":"https:\/\/stuttgarti-katolikusok.de\/wp-content\/uploads\/2023\/10\/kepernyofelvetel-240.png","articleSection":["A liturgia olvasm\u00e1nyai","Vas\u00e1rnapi gondolatok"],"inLanguage":"hu"},{"@type":"WebPage","@id":"https:\/\/stuttgarti-katolikusok.de\/index.php\/szuz-maria-magyarok-nagyasszonya-magyarorszag-fopatronaja\/","url":"https:\/\/stuttgarti-katolikusok.de\/index.php\/szuz-maria-magyarok-nagyasszonya-magyarorszag-fopatronaja\/","name":"Sz\u0171z M\u00e1ria, Magyarok Nagyasszonya, Magyarorsz\u00e1g f\u0151p\u00e1tr\u00f3n\u00e1ja - Stuttgarti Katolikusok","isPartOf":{"@id":"https:\/\/stuttgarti-katolikusok.de\/#website"},"primaryImageOfPage":{"@id":"https:\/\/stuttgarti-katolikusok.de\/index.php\/szuz-maria-magyarok-nagyasszonya-magyarorszag-fopatronaja\/#primaryimage"},"image":{"@id":"https:\/\/stuttgarti-katolikusok.de\/index.php\/szuz-maria-magyarok-nagyasszonya-magyarorszag-fopatronaja\/#primaryimage"},"thumbnailUrl":"https:\/\/stuttgarti-katolikusok.de\/wp-content\/uploads\/2023\/10\/kepernyofelvetel-240.png","datePublished":"2023-10-07T10:58:59+00:00","author":{"@id":"https:\/\/stuttgarti-katolikusok.de\/#\/schema\/person\/75908d6f8fdc03a57889d27209df7795"},"breadcrumb":{"@id":"https:\/\/stuttgarti-katolikusok.de\/index.php\/szuz-maria-magyarok-nagyasszonya-magyarorszag-fopatronaja\/#breadcrumb"},"inLanguage":"hu","potentialAction":[{"@type":"ReadAction","target":["https:\/\/stuttgarti-katolikusok.de\/index.php\/szuz-maria-magyarok-nagyasszonya-magyarorszag-fopatronaja\/"]}]},{"@type":"ImageObject","inLanguage":"hu","@id":"https:\/\/stuttgarti-katolikusok.de\/index.php\/szuz-maria-magyarok-nagyasszonya-magyarorszag-fopatronaja\/#primaryimage","url":"https:\/\/stuttgarti-katolikusok.de\/wp-content\/uploads\/2023\/10\/kepernyofelvetel-240.png","contentUrl":"https:\/\/stuttgarti-katolikusok.de\/wp-content\/uploads\/2023\/10\/kepernyofelvetel-240.png","width":1400,"height":1053},{"@type":"BreadcrumbList","@id":"https:\/\/stuttgarti-katolikusok.de\/index.php\/szuz-maria-magyarok-nagyasszonya-magyarorszag-fopatronaja\/#breadcrumb","itemListElement":[{"@type":"ListItem","position":1,"name":"Kezd\u0151lap","item":"https:\/\/stuttgarti-katolikusok.de\/"},{"@type":"ListItem","position":2,"name":"Sz\u0171z M\u00e1ria, Magyarok Nagyasszonya, Magyarorsz\u00e1g f\u0151p\u00e1tr\u00f3n\u00e1ja"}]},{"@type":"WebSite","@id":"https:\/\/stuttgarti-katolikusok.de\/#website","url":"https:\/\/stuttgarti-katolikusok.de\/","name":"Stuttgarti Katolikusok","description":"","potentialAction":[{"@type":"SearchAction","target":{"@type":"EntryPoint","urlTemplate":"https:\/\/stuttgarti-katolikusok.de\/?s={search_term_string}"},"query-input":{"@type":"PropertyValueSpecification","valueRequired":true,"valueName":"search_term_string"}}],"inLanguage":"hu"},{"@type":"Person","@id":"https:\/\/stuttgarti-katolikusok.de\/#\/schema\/person\/75908d6f8fdc03a57889d27209df7795","name":"Tibor atya","image":{"@type":"ImageObject","inLanguage":"hu","@id":"https:\/\/secure.gravatar.com\/avatar\/61d268e57d1f4525b111222e29d2d5a7f8c420fdbf231ba5566a8ceac74fa960?s=96&d=mm&r=g","url":"https:\/\/secure.gravatar.com\/avatar\/61d268e57d1f4525b111222e29d2d5a7f8c420fdbf231ba5566a8ceac74fa960?s=96&d=mm&r=g","contentUrl":"https:\/\/secure.gravatar.com\/avatar\/61d268e57d1f4525b111222e29d2d5a7f8c420fdbf231ba5566a8ceac74fa960?s=96&d=mm&r=g","caption":"Tibor atya"},"url":"https:\/\/stuttgarti-katolikusok.de\/index.php\/author\/tibor-atya\/"}]}},"_links":{"self":[{"href":"https:\/\/stuttgarti-katolikusok.de\/index.php\/wp-json\/wp\/v2\/posts\/27292","targetHints":{"allow":["GET"]}}],"collection":[{"href":"https:\/\/stuttgarti-katolikusok.de\/index.php\/wp-json\/wp\/v2\/posts"}],"about":[{"href":"https:\/\/stuttgarti-katolikusok.de\/index.php\/wp-json\/wp\/v2\/types\/post"}],"author":[{"embeddable":true,"href":"https:\/\/stuttgarti-katolikusok.de\/index.php\/wp-json\/wp\/v2\/users\/3"}],"replies":[{"embeddable":true,"href":"https:\/\/stuttgarti-katolikusok.de\/index.php\/wp-json\/wp\/v2\/comments?post=27292"}],"version-history":[{"count":1,"href":"https:\/\/stuttgarti-katolikusok.de\/index.php\/wp-json\/wp\/v2\/posts\/27292\/revisions"}],"predecessor-version":[{"id":27294,"href":"https:\/\/stuttgarti-katolikusok.de\/index.php\/wp-json\/wp\/v2\/posts\/27292\/revisions\/27294"}],"wp:featuredmedia":[{"embeddable":true,"href":"https:\/\/stuttgarti-katolikusok.de\/index.php\/wp-json\/wp\/v2\/media\/27293"}],"wp:attachment":[{"href":"https:\/\/stuttgarti-katolikusok.de\/index.php\/wp-json\/wp\/v2\/media?parent=27292"}],"wp:term":[{"taxonomy":"category","embeddable":true,"href":"https:\/\/stuttgarti-katolikusok.de\/index.php\/wp-json\/wp\/v2\/categories?post=27292"},{"taxonomy":"post_tag","embeddable":true,"href":"https:\/\/stuttgarti-katolikusok.de\/index.php\/wp-json\/wp\/v2\/tags?post=27292"}],"curies":[{"name":"wp","href":"https:\/\/api.w.org\/{rel}","templated":true}]}}