{"id":27273,"date":"2023-10-02T15:10:10","date_gmt":"2023-10-02T13:10:10","guid":{"rendered":"https:\/\/stuttgarti-katolikusok.de\/?p=27273"},"modified":"2023-10-02T15:11:12","modified_gmt":"2023-10-02T13:11:12","slug":"2023-oktober-2-es-8-kozott","status":"publish","type":"post","link":"https:\/\/stuttgarti-katolikusok.de\/index.php\/2023-oktober-2-es-8-kozott\/","title":{"rendered":"2023 OKT\u00d3BER 2 \u00c9S 8 K\u00d6Z\u00d6TT"},"content":{"rendered":"<p><span style=\"color: #339966;\"><strong>Programel\u0151zetes<\/strong><\/span><\/p>\n<p style=\"text-align: center;\"><strong><span style=\"color: #339966;\">*<\/span><\/strong><\/p>\n<p><strong>Okt\u00f3ber 5-\u00e9n<\/strong><strong>, <\/strong>cs\u00fct\u00f6rt\u00f6k\u00f6n,<strong> <em>Weingarteni d\u00e9lut\u00e1n<\/em><\/strong>, a <em>14 Nothelfer Kapelle<\/em>-ben 17.30 \u00f3rakor <em>okt\u00f3beri \u00e1jtatoss\u00e1g<\/em>, majd 18.00 \u00f3rakor <em>szentmise.<\/em><\/p>\n<p style=\"text-align: center;\"><span style=\"color: #339966;\"><strong>*<\/strong><\/span><\/p>\n<p><strong>Okt\u00f3ber 6-\u00e1n,<\/strong>\u00a0p\u00e9nteken, <strong><em>Stuttgarti d\u00e9lut\u00e1n<\/em><\/strong><strong>,<\/strong><strong>\u00a0<\/strong>18.00 \u00f3rakor <em>okt\u00f3beri \u00e1jtatoss\u00e1g<\/em>,<em>\u00a0<\/em>majd <em>szentmise<\/em><em>.<\/em><\/p>\n<p style=\"text-align: center;\"><span style=\"color: #339966;\"><strong><em>*<\/em><\/strong><\/span><\/p>\n<p><strong>Okt\u00f3ber 7-\u00e1n<\/strong>, szombaton, <strong>Balingenben<\/strong> 16.00 \u00f3rakor <em>szentmise<\/em>, majd ezt k\u00f6vet\u0151en <em>agap\u00e9.<\/em><\/p>\n<p style=\"text-align: center;\"><span style=\"color: #339966;\"><strong>*<\/strong><\/span><\/p>\n<p><strong>Okt\u00f3ber 8-\u00e1n<\/strong>, <em><span style=\"color: #339966;\"><strong>\u00c9<\/strong><strong><span style=\"color: #339966;\"><strong>v<\/strong><\/span>k\u00f6zi 27. vas\u00e1rnap<\/strong><\/span>,<\/em><\/p>\n<p><strong>Weingartenben <\/strong>9.00 \u00f3rakor<em> szentmise <\/em>a <em>14 Nothelfer Kapelle<\/em>-ben, ut\u00e1na <em>agap\u00e9<\/em> a<em> St. Martin k\u00f6z\u00f6ss\u00e9gi h\u00e1zban,<\/em><\/p>\n<p><strong>Ulmban <\/strong>15.00 \u00f3rakor<em> egyh\u00e1zk\u00f6zs\u00e9gi b\u00facs\u00fas szentmise, <\/em>melyben <em><strong>Magyarok Nagyasszony\u00e1t k\u00f6sz\u00f6ntj\u00fck<\/strong><\/em><em>, <\/em>ut\u00e1na <em>agap\u00e9.<\/em><em> \u00a0<\/em><\/p>\n<p><em> <a href=\"https:\/\/stuttgarti-katolikusok.de\/wp-content\/uploads\/2022\/10\/magyarok-nagyasszonya-w1.jpg\"><img loading=\"lazy\" decoding=\"async\" class=\"alignnone size-full wp-image-23720\" src=\"https:\/\/stuttgarti-katolikusok.de\/wp-content\/uploads\/2022\/10\/magyarok-nagyasszonya-w1.jpg\" alt=\"\" width=\"913\" height=\"1600\" srcset=\"https:\/\/stuttgarti-katolikusok.de\/wp-content\/uploads\/2022\/10\/magyarok-nagyasszonya-w1.jpg 913w, https:\/\/stuttgarti-katolikusok.de\/wp-content\/uploads\/2022\/10\/magyarok-nagyasszonya-w1-171x300.jpg 171w, https:\/\/stuttgarti-katolikusok.de\/wp-content\/uploads\/2022\/10\/magyarok-nagyasszonya-w1-584x1024.jpg 584w, https:\/\/stuttgarti-katolikusok.de\/wp-content\/uploads\/2022\/10\/magyarok-nagyasszonya-w1-876x1536.jpg 876w\" sizes=\"auto, (max-width: 913px) 100vw, 913px\" \/><\/a><\/em><\/p>\n<p style=\"text-align: center;\"><span style=\"color: #339966;\"><strong><em>\u00a0<\/em>*<\/strong><\/span><\/p>\n<p>Minden helyen mindenkit szeretettel v\u00e1r a k\u00f6z\u00f6ss\u00e9g \u00e9s Tibor atya!<\/p>\n<p style=\"text-align: center;\"><span style=\"color: #339966;\"><strong>*<\/strong><\/span><\/p>\n<p><span style=\"color: #339966;\"><em>\u201eAz ember f\u00f6ldi \u00e9let\u00e9t szabadon rendezheti be, de boldogul\u00e1sa teremtm\u00e9ny mivolt\u00e1b\u00f3l k\u00f6vetkez\u0151leg a Teremt\u0151 akarat\u00e1nak teljes\u00edt\u00e9s\u00e9hez van k\u00f6tve.\u201d<\/em><\/span><em><strong>\u00a0<\/strong><\/em><em>(M\u00e1rton \u00c1ron p\u00fcsp\u00f6k \u2013 1896 \u2013 1980)<\/em><\/p>\n<p style=\"text-align: center;\"><span style=\"color: #339966;\"><strong>*<\/strong><\/span><\/p>\n<p><span style=\"color: #339966;\"><strong><em>Bens\u0151s\u00e9ges \u0151szi napokat, j\u00f3 munk\u00e1t, tartalmas besz\u00e9lget\u00e9seket \u00e9s \u00f6r\u00f6mteli tal\u00e1lkoz\u00e1sokat k\u00edv\u00e1nunk minden Kedves H\u00edv\u00fcnknek!<\/em><\/strong><\/span><\/p>\n<p><em>(K\u00e9p forr\u00e1sa: Instagram)<\/em><\/p>\n","protected":false},"excerpt":{"rendered":"<p>Programel\u0151zetes * Okt\u00f3ber 5-\u00e9n, cs\u00fct\u00f6rt\u00f6k\u00f6n, Weingarteni d\u00e9lut\u00e1n, a 14 Nothelfer Kapelle-ben 17.30 \u00f3rakor okt\u00f3beri \u00e1jtatoss\u00e1g, majd 18.00 \u00f3rakor szentmise. * Okt\u00f3ber 6-\u00e1n,\u00a0p\u00e9nteken, Stuttgarti d\u00e9lut\u00e1n,\u00a018.00 \u00f3rakor okt\u00f3beri \u00e1jtatoss\u00e1g,\u00a0majd szentmise. * Okt\u00f3ber 7-\u00e1n, szombaton, Balingenben 16.00 \u00f3rakor szentmise, majd ezt k\u00f6vet\u0151en agap\u00e9. * Okt\u00f3ber 8-\u00e1n, \u00c9vk\u00f6zi 27. vas\u00e1rnap, Weingartenben 9.00 \u00f3rakor szentmise a 14 Nothelfer Kapelle-ben, ut\u00e1na agap\u00e9 a St. Martin k\u00f6z\u00f6ss\u00e9gi h\u00e1zban, Ulmban 15.00 \u00f3rakor egyh\u00e1zk\u00f6zs\u00e9gi b\u00facs\u00fas szentmise, melyben Magyarok Nagyasszony\u00e1t k\u00f6sz\u00f6ntj\u00fck, ut\u00e1na agap\u00e9. \u00a0 \u00a0* Minden helyen mindenkit szeretettel v\u00e1r a k\u00f6z\u00f6ss\u00e9g \u00e9s Tibor atya! * \u201eAz ember f\u00f6ldi \u00e9let\u00e9t szabadon rendezheti be, de boldogul\u00e1sa teremtm\u00e9ny mivolt\u00e1b\u00f3l k\u00f6vetkez\u0151leg a Teremt\u0151 akarat\u00e1nak teljes\u00edt\u00e9s\u00e9hez van k\u00f6tve.\u201d\u00a0(M\u00e1rton \u00c1ron p\u00fcsp\u00f6k \u2013 1896 \u2013 1980) * Bens\u0151s\u00e9ges \u0151szi napokat, j\u00f3 munk\u00e1t, tartalmas besz\u00e9lget\u00e9seket \u00e9s \u00f6r\u00f6mteli tal\u00e1lkoz\u00e1sokat k\u00edv\u00e1nunk minden Kedves H\u00edv\u00fcnknek! (K\u00e9p forr\u00e1sa: Instagram)<\/p>\n","protected":false},"author":3,"featured_media":27274,"comment_status":"closed","ping_status":"closed","sticky":false,"template":"","format":"standard","meta":{"footnotes":""},"categories":[37],"tags":[],"class_list":["post-27273","post","type-post","status-publish","format-standard","has-post-thumbnail","hentry","category-progamelozetes"],"yoast_head":"<!-- This site is optimized with the Yoast SEO plugin v27.3 - https:\/\/yoast.com\/product\/yoast-seo-wordpress\/ -->\n<title>2023 OKT\u00d3BER 2 \u00c9S 8 K\u00d6Z\u00d6TT - Stuttgarti Katolikusok<\/title>\n<meta name=\"robots\" content=\"index, follow, max-snippet:-1, max-image-preview:large, max-video-preview:-1\" \/>\n<link rel=\"canonical\" href=\"https:\/\/stuttgarti-katolikusok.de\/index.php\/2023-oktober-2-es-8-kozott\/\" \/>\n<meta property=\"og:locale\" content=\"hu_HU\" \/>\n<meta property=\"og:type\" content=\"article\" \/>\n<meta property=\"og:title\" content=\"2023 OKT\u00d3BER 2 \u00c9S 8 K\u00d6Z\u00d6TT - Stuttgarti Katolikusok\" \/>\n<meta property=\"og:description\" content=\"Programel\u0151zetes * Okt\u00f3ber 5-\u00e9n, cs\u00fct\u00f6rt\u00f6k\u00f6n, Weingarteni d\u00e9lut\u00e1n, a 14 Nothelfer Kapelle-ben 17.30 \u00f3rakor okt\u00f3beri \u00e1jtatoss\u00e1g, majd 18.00 \u00f3rakor szentmise. * Okt\u00f3ber 6-\u00e1n,\u00a0p\u00e9nteken, Stuttgarti d\u00e9lut\u00e1n,\u00a018.00 \u00f3rakor okt\u00f3beri \u00e1jtatoss\u00e1g,\u00a0majd szentmise. * Okt\u00f3ber 7-\u00e1n, szombaton, Balingenben 16.00 \u00f3rakor szentmise, majd ezt k\u00f6vet\u0151en agap\u00e9. * Okt\u00f3ber 8-\u00e1n, \u00c9vk\u00f6zi 27. vas\u00e1rnap, Weingartenben 9.00 \u00f3rakor szentmise a 14 Nothelfer Kapelle-ben, ut\u00e1na agap\u00e9 a St. Martin k\u00f6z\u00f6ss\u00e9gi h\u00e1zban, Ulmban 15.00 \u00f3rakor egyh\u00e1zk\u00f6zs\u00e9gi b\u00facs\u00fas szentmise, melyben Magyarok Nagyasszony\u00e1t k\u00f6sz\u00f6ntj\u00fck, ut\u00e1na agap\u00e9. \u00a0 \u00a0* Minden helyen mindenkit szeretettel v\u00e1r a k\u00f6z\u00f6ss\u00e9g \u00e9s Tibor atya! * \u201eAz ember f\u00f6ldi \u00e9let\u00e9t szabadon rendezheti be, de boldogul\u00e1sa teremtm\u00e9ny mivolt\u00e1b\u00f3l k\u00f6vetkez\u0151leg a Teremt\u0151 akarat\u00e1nak teljes\u00edt\u00e9s\u00e9hez van k\u00f6tve.\u201d\u00a0(M\u00e1rton \u00c1ron p\u00fcsp\u00f6k \u2013 1896 \u2013 1980) * Bens\u0151s\u00e9ges \u0151szi napokat, j\u00f3 munk\u00e1t, tartalmas besz\u00e9lget\u00e9seket \u00e9s \u00f6r\u00f6mteli tal\u00e1lkoz\u00e1sokat k\u00edv\u00e1nunk minden Kedves H\u00edv\u00fcnknek! (K\u00e9p forr\u00e1sa: Instagram)\" \/>\n<meta property=\"og:url\" content=\"https:\/\/stuttgarti-katolikusok.de\/index.php\/2023-oktober-2-es-8-kozott\/\" \/>\n<meta property=\"og:site_name\" content=\"Stuttgarti Katolikusok\" \/>\n<meta property=\"article:published_time\" content=\"2023-10-02T13:10:10+00:00\" \/>\n<meta property=\"article:modified_time\" content=\"2023-10-02T13:11:12+00:00\" \/>\n<meta property=\"og:image\" content=\"https:\/\/stuttgarti-katolikusok.de\/wp-content\/uploads\/2023\/10\/osz6.jpg\" \/>\n\t<meta property=\"og:image:width\" content=\"1080\" \/>\n\t<meta property=\"og:image:height\" content=\"1057\" \/>\n\t<meta property=\"og:image:type\" content=\"image\/jpeg\" \/>\n<meta name=\"author\" content=\"Tibor atya\" \/>\n<meta name=\"twitter:card\" content=\"summary_large_image\" \/>\n<meta name=\"twitter:label1\" content=\"Szerz\u0151:\" \/>\n\t<meta name=\"twitter:data1\" content=\"Tibor atya\" \/>\n\t<meta name=\"twitter:label2\" content=\"Becs\u00fclt olvas\u00e1si id\u0151\" \/>\n\t<meta name=\"twitter:data2\" content=\"1 perc\" \/>\n<script type=\"application\/ld+json\" class=\"yoast-schema-graph\">{\"@context\":\"https:\\\/\\\/schema.org\",\"@graph\":[{\"@type\":\"Article\",\"@id\":\"https:\\\/\\\/stuttgarti-katolikusok.de\\\/index.php\\\/2023-oktober-2-es-8-kozott\\\/#article\",\"isPartOf\":{\"@id\":\"https:\\\/\\\/stuttgarti-katolikusok.de\\\/index.php\\\/2023-oktober-2-es-8-kozott\\\/\"},\"author\":{\"name\":\"Tibor atya\",\"@id\":\"https:\\\/\\\/stuttgarti-katolikusok.de\\\/#\\\/schema\\\/person\\\/75908d6f8fdc03a57889d27209df7795\"},\"headline\":\"2023 OKT\u00d3BER 2 \u00c9S 8 K\u00d6Z\u00d6TT\",\"datePublished\":\"2023-10-02T13:10:10+00:00\",\"dateModified\":\"2023-10-02T13:11:12+00:00\",\"mainEntityOfPage\":{\"@id\":\"https:\\\/\\\/stuttgarti-katolikusok.de\\\/index.php\\\/2023-oktober-2-es-8-kozott\\\/\"},\"wordCount\":193,\"image\":{\"@id\":\"https:\\\/\\\/stuttgarti-katolikusok.de\\\/index.php\\\/2023-oktober-2-es-8-kozott\\\/#primaryimage\"},\"thumbnailUrl\":\"https:\\\/\\\/stuttgarti-katolikusok.de\\\/wp-content\\\/uploads\\\/2023\\\/10\\\/osz6.jpg\",\"articleSection\":[\"Progamel\u0151zetes\"],\"inLanguage\":\"hu\"},{\"@type\":\"WebPage\",\"@id\":\"https:\\\/\\\/stuttgarti-katolikusok.de\\\/index.php\\\/2023-oktober-2-es-8-kozott\\\/\",\"url\":\"https:\\\/\\\/stuttgarti-katolikusok.de\\\/index.php\\\/2023-oktober-2-es-8-kozott\\\/\",\"name\":\"2023 OKT\u00d3BER 2 \u00c9S 8 K\u00d6Z\u00d6TT - Stuttgarti Katolikusok\",\"isPartOf\":{\"@id\":\"https:\\\/\\\/stuttgarti-katolikusok.de\\\/#website\"},\"primaryImageOfPage\":{\"@id\":\"https:\\\/\\\/stuttgarti-katolikusok.de\\\/index.php\\\/2023-oktober-2-es-8-kozott\\\/#primaryimage\"},\"image\":{\"@id\":\"https:\\\/\\\/stuttgarti-katolikusok.de\\\/index.php\\\/2023-oktober-2-es-8-kozott\\\/#primaryimage\"},\"thumbnailUrl\":\"https:\\\/\\\/stuttgarti-katolikusok.de\\\/wp-content\\\/uploads\\\/2023\\\/10\\\/osz6.jpg\",\"datePublished\":\"2023-10-02T13:10:10+00:00\",\"dateModified\":\"2023-10-02T13:11:12+00:00\",\"author\":{\"@id\":\"https:\\\/\\\/stuttgarti-katolikusok.de\\\/#\\\/schema\\\/person\\\/75908d6f8fdc03a57889d27209df7795\"},\"breadcrumb\":{\"@id\":\"https:\\\/\\\/stuttgarti-katolikusok.de\\\/index.php\\\/2023-oktober-2-es-8-kozott\\\/#breadcrumb\"},\"inLanguage\":\"hu\",\"potentialAction\":[{\"@type\":\"ReadAction\",\"target\":[\"https:\\\/\\\/stuttgarti-katolikusok.de\\\/index.php\\\/2023-oktober-2-es-8-kozott\\\/\"]}]},{\"@type\":\"ImageObject\",\"inLanguage\":\"hu\",\"@id\":\"https:\\\/\\\/stuttgarti-katolikusok.de\\\/index.php\\\/2023-oktober-2-es-8-kozott\\\/#primaryimage\",\"url\":\"https:\\\/\\\/stuttgarti-katolikusok.de\\\/wp-content\\\/uploads\\\/2023\\\/10\\\/osz6.jpg\",\"contentUrl\":\"https:\\\/\\\/stuttgarti-katolikusok.de\\\/wp-content\\\/uploads\\\/2023\\\/10\\\/osz6.jpg\",\"width\":1080,\"height\":1057},{\"@type\":\"BreadcrumbList\",\"@id\":\"https:\\\/\\\/stuttgarti-katolikusok.de\\\/index.php\\\/2023-oktober-2-es-8-kozott\\\/#breadcrumb\",\"itemListElement\":[{\"@type\":\"ListItem\",\"position\":1,\"name\":\"Kezd\u0151lap\",\"item\":\"https:\\\/\\\/stuttgarti-katolikusok.de\\\/\"},{\"@type\":\"ListItem\",\"position\":2,\"name\":\"2023 OKT\u00d3BER 2 \u00c9S 8 K\u00d6Z\u00d6TT\"}]},{\"@type\":\"WebSite\",\"@id\":\"https:\\\/\\\/stuttgarti-katolikusok.de\\\/#website\",\"url\":\"https:\\\/\\\/stuttgarti-katolikusok.de\\\/\",\"name\":\"Stuttgarti Katolikusok\",\"description\":\"\",\"potentialAction\":[{\"@type\":\"SearchAction\",\"target\":{\"@type\":\"EntryPoint\",\"urlTemplate\":\"https:\\\/\\\/stuttgarti-katolikusok.de\\\/?s={search_term_string}\"},\"query-input\":{\"@type\":\"PropertyValueSpecification\",\"valueRequired\":true,\"valueName\":\"search_term_string\"}}],\"inLanguage\":\"hu\"},{\"@type\":\"Person\",\"@id\":\"https:\\\/\\\/stuttgarti-katolikusok.de\\\/#\\\/schema\\\/person\\\/75908d6f8fdc03a57889d27209df7795\",\"name\":\"Tibor atya\",\"image\":{\"@type\":\"ImageObject\",\"inLanguage\":\"hu\",\"@id\":\"https:\\\/\\\/secure.gravatar.com\\\/avatar\\\/61d268e57d1f4525b111222e29d2d5a7f8c420fdbf231ba5566a8ceac74fa960?s=96&d=mm&r=g\",\"url\":\"https:\\\/\\\/secure.gravatar.com\\\/avatar\\\/61d268e57d1f4525b111222e29d2d5a7f8c420fdbf231ba5566a8ceac74fa960?s=96&d=mm&r=g\",\"contentUrl\":\"https:\\\/\\\/secure.gravatar.com\\\/avatar\\\/61d268e57d1f4525b111222e29d2d5a7f8c420fdbf231ba5566a8ceac74fa960?s=96&d=mm&r=g\",\"caption\":\"Tibor atya\"},\"url\":\"https:\\\/\\\/stuttgarti-katolikusok.de\\\/index.php\\\/author\\\/tibor-atya\\\/\"}]}<\/script>\n<!-- \/ Yoast SEO plugin. -->","yoast_head_json":{"title":"2023 OKT\u00d3BER 2 \u00c9S 8 K\u00d6Z\u00d6TT - Stuttgarti Katolikusok","robots":{"index":"index","follow":"follow","max-snippet":"max-snippet:-1","max-image-preview":"max-image-preview:large","max-video-preview":"max-video-preview:-1"},"canonical":"https:\/\/stuttgarti-katolikusok.de\/index.php\/2023-oktober-2-es-8-kozott\/","og_locale":"hu_HU","og_type":"article","og_title":"2023 OKT\u00d3BER 2 \u00c9S 8 K\u00d6Z\u00d6TT - Stuttgarti Katolikusok","og_description":"Programel\u0151zetes * Okt\u00f3ber 5-\u00e9n, cs\u00fct\u00f6rt\u00f6k\u00f6n, Weingarteni d\u00e9lut\u00e1n, a 14 Nothelfer Kapelle-ben 17.30 \u00f3rakor okt\u00f3beri \u00e1jtatoss\u00e1g, majd 18.00 \u00f3rakor szentmise. * Okt\u00f3ber 6-\u00e1n,\u00a0p\u00e9nteken, Stuttgarti d\u00e9lut\u00e1n,\u00a018.00 \u00f3rakor okt\u00f3beri \u00e1jtatoss\u00e1g,\u00a0majd szentmise. * Okt\u00f3ber 7-\u00e1n, szombaton, Balingenben 16.00 \u00f3rakor szentmise, majd ezt k\u00f6vet\u0151en agap\u00e9. * Okt\u00f3ber 8-\u00e1n, \u00c9vk\u00f6zi 27. vas\u00e1rnap, Weingartenben 9.00 \u00f3rakor szentmise a 14 Nothelfer Kapelle-ben, ut\u00e1na agap\u00e9 a St. Martin k\u00f6z\u00f6ss\u00e9gi h\u00e1zban, Ulmban 15.00 \u00f3rakor egyh\u00e1zk\u00f6zs\u00e9gi b\u00facs\u00fas szentmise, melyben Magyarok Nagyasszony\u00e1t k\u00f6sz\u00f6ntj\u00fck, ut\u00e1na agap\u00e9. \u00a0 \u00a0* Minden helyen mindenkit szeretettel v\u00e1r a k\u00f6z\u00f6ss\u00e9g \u00e9s Tibor atya! * \u201eAz ember f\u00f6ldi \u00e9let\u00e9t szabadon rendezheti be, de boldogul\u00e1sa teremtm\u00e9ny mivolt\u00e1b\u00f3l k\u00f6vetkez\u0151leg a Teremt\u0151 akarat\u00e1nak teljes\u00edt\u00e9s\u00e9hez van k\u00f6tve.\u201d\u00a0(M\u00e1rton \u00c1ron p\u00fcsp\u00f6k \u2013 1896 \u2013 1980) * Bens\u0151s\u00e9ges \u0151szi napokat, j\u00f3 munk\u00e1t, tartalmas besz\u00e9lget\u00e9seket \u00e9s \u00f6r\u00f6mteli tal\u00e1lkoz\u00e1sokat k\u00edv\u00e1nunk minden Kedves H\u00edv\u00fcnknek! (K\u00e9p forr\u00e1sa: Instagram)","og_url":"https:\/\/stuttgarti-katolikusok.de\/index.php\/2023-oktober-2-es-8-kozott\/","og_site_name":"Stuttgarti Katolikusok","article_published_time":"2023-10-02T13:10:10+00:00","article_modified_time":"2023-10-02T13:11:12+00:00","og_image":[{"width":1080,"height":1057,"url":"https:\/\/stuttgarti-katolikusok.de\/wp-content\/uploads\/2023\/10\/osz6.jpg","type":"image\/jpeg"}],"author":"Tibor atya","twitter_card":"summary_large_image","twitter_misc":{"Szerz\u0151:":"Tibor atya","Becs\u00fclt olvas\u00e1si id\u0151":"1 perc"},"schema":{"@context":"https:\/\/schema.org","@graph":[{"@type":"Article","@id":"https:\/\/stuttgarti-katolikusok.de\/index.php\/2023-oktober-2-es-8-kozott\/#article","isPartOf":{"@id":"https:\/\/stuttgarti-katolikusok.de\/index.php\/2023-oktober-2-es-8-kozott\/"},"author":{"name":"Tibor atya","@id":"https:\/\/stuttgarti-katolikusok.de\/#\/schema\/person\/75908d6f8fdc03a57889d27209df7795"},"headline":"2023 OKT\u00d3BER 2 \u00c9S 8 K\u00d6Z\u00d6TT","datePublished":"2023-10-02T13:10:10+00:00","dateModified":"2023-10-02T13:11:12+00:00","mainEntityOfPage":{"@id":"https:\/\/stuttgarti-katolikusok.de\/index.php\/2023-oktober-2-es-8-kozott\/"},"wordCount":193,"image":{"@id":"https:\/\/stuttgarti-katolikusok.de\/index.php\/2023-oktober-2-es-8-kozott\/#primaryimage"},"thumbnailUrl":"https:\/\/stuttgarti-katolikusok.de\/wp-content\/uploads\/2023\/10\/osz6.jpg","articleSection":["Progamel\u0151zetes"],"inLanguage":"hu"},{"@type":"WebPage","@id":"https:\/\/stuttgarti-katolikusok.de\/index.php\/2023-oktober-2-es-8-kozott\/","url":"https:\/\/stuttgarti-katolikusok.de\/index.php\/2023-oktober-2-es-8-kozott\/","name":"2023 OKT\u00d3BER 2 \u00c9S 8 K\u00d6Z\u00d6TT - Stuttgarti Katolikusok","isPartOf":{"@id":"https:\/\/stuttgarti-katolikusok.de\/#website"},"primaryImageOfPage":{"@id":"https:\/\/stuttgarti-katolikusok.de\/index.php\/2023-oktober-2-es-8-kozott\/#primaryimage"},"image":{"@id":"https:\/\/stuttgarti-katolikusok.de\/index.php\/2023-oktober-2-es-8-kozott\/#primaryimage"},"thumbnailUrl":"https:\/\/stuttgarti-katolikusok.de\/wp-content\/uploads\/2023\/10\/osz6.jpg","datePublished":"2023-10-02T13:10:10+00:00","dateModified":"2023-10-02T13:11:12+00:00","author":{"@id":"https:\/\/stuttgarti-katolikusok.de\/#\/schema\/person\/75908d6f8fdc03a57889d27209df7795"},"breadcrumb":{"@id":"https:\/\/stuttgarti-katolikusok.de\/index.php\/2023-oktober-2-es-8-kozott\/#breadcrumb"},"inLanguage":"hu","potentialAction":[{"@type":"ReadAction","target":["https:\/\/stuttgarti-katolikusok.de\/index.php\/2023-oktober-2-es-8-kozott\/"]}]},{"@type":"ImageObject","inLanguage":"hu","@id":"https:\/\/stuttgarti-katolikusok.de\/index.php\/2023-oktober-2-es-8-kozott\/#primaryimage","url":"https:\/\/stuttgarti-katolikusok.de\/wp-content\/uploads\/2023\/10\/osz6.jpg","contentUrl":"https:\/\/stuttgarti-katolikusok.de\/wp-content\/uploads\/2023\/10\/osz6.jpg","width":1080,"height":1057},{"@type":"BreadcrumbList","@id":"https:\/\/stuttgarti-katolikusok.de\/index.php\/2023-oktober-2-es-8-kozott\/#breadcrumb","itemListElement":[{"@type":"ListItem","position":1,"name":"Kezd\u0151lap","item":"https:\/\/stuttgarti-katolikusok.de\/"},{"@type":"ListItem","position":2,"name":"2023 OKT\u00d3BER 2 \u00c9S 8 K\u00d6Z\u00d6TT"}]},{"@type":"WebSite","@id":"https:\/\/stuttgarti-katolikusok.de\/#website","url":"https:\/\/stuttgarti-katolikusok.de\/","name":"Stuttgarti Katolikusok","description":"","potentialAction":[{"@type":"SearchAction","target":{"@type":"EntryPoint","urlTemplate":"https:\/\/stuttgarti-katolikusok.de\/?s={search_term_string}"},"query-input":{"@type":"PropertyValueSpecification","valueRequired":true,"valueName":"search_term_string"}}],"inLanguage":"hu"},{"@type":"Person","@id":"https:\/\/stuttgarti-katolikusok.de\/#\/schema\/person\/75908d6f8fdc03a57889d27209df7795","name":"Tibor atya","image":{"@type":"ImageObject","inLanguage":"hu","@id":"https:\/\/secure.gravatar.com\/avatar\/61d268e57d1f4525b111222e29d2d5a7f8c420fdbf231ba5566a8ceac74fa960?s=96&d=mm&r=g","url":"https:\/\/secure.gravatar.com\/avatar\/61d268e57d1f4525b111222e29d2d5a7f8c420fdbf231ba5566a8ceac74fa960?s=96&d=mm&r=g","contentUrl":"https:\/\/secure.gravatar.com\/avatar\/61d268e57d1f4525b111222e29d2d5a7f8c420fdbf231ba5566a8ceac74fa960?s=96&d=mm&r=g","caption":"Tibor atya"},"url":"https:\/\/stuttgarti-katolikusok.de\/index.php\/author\/tibor-atya\/"}]}},"_links":{"self":[{"href":"https:\/\/stuttgarti-katolikusok.de\/index.php\/wp-json\/wp\/v2\/posts\/27273","targetHints":{"allow":["GET"]}}],"collection":[{"href":"https:\/\/stuttgarti-katolikusok.de\/index.php\/wp-json\/wp\/v2\/posts"}],"about":[{"href":"https:\/\/stuttgarti-katolikusok.de\/index.php\/wp-json\/wp\/v2\/types\/post"}],"author":[{"embeddable":true,"href":"https:\/\/stuttgarti-katolikusok.de\/index.php\/wp-json\/wp\/v2\/users\/3"}],"replies":[{"embeddable":true,"href":"https:\/\/stuttgarti-katolikusok.de\/index.php\/wp-json\/wp\/v2\/comments?post=27273"}],"version-history":[{"count":2,"href":"https:\/\/stuttgarti-katolikusok.de\/index.php\/wp-json\/wp\/v2\/posts\/27273\/revisions"}],"predecessor-version":[{"id":27276,"href":"https:\/\/stuttgarti-katolikusok.de\/index.php\/wp-json\/wp\/v2\/posts\/27273\/revisions\/27276"}],"wp:featuredmedia":[{"embeddable":true,"href":"https:\/\/stuttgarti-katolikusok.de\/index.php\/wp-json\/wp\/v2\/media\/27274"}],"wp:attachment":[{"href":"https:\/\/stuttgarti-katolikusok.de\/index.php\/wp-json\/wp\/v2\/media?parent=27273"}],"wp:term":[{"taxonomy":"category","embeddable":true,"href":"https:\/\/stuttgarti-katolikusok.de\/index.php\/wp-json\/wp\/v2\/categories?post=27273"},{"taxonomy":"post_tag","embeddable":true,"href":"https:\/\/stuttgarti-katolikusok.de\/index.php\/wp-json\/wp\/v2\/tags?post=27273"}],"curies":[{"name":"wp","href":"https:\/\/api.w.org\/{rel}","templated":true}]}}