{"id":27259,"date":"2023-09-30T14:22:32","date_gmt":"2023-09-30T12:22:32","guid":{"rendered":"https:\/\/stuttgarti-katolikusok.de\/?p=27259"},"modified":"2023-09-30T14:28:15","modified_gmt":"2023-09-30T12:28:15","slug":"podiumbeszelgetes-mohos-gabor-puspok-urral","status":"publish","type":"post","link":"https:\/\/stuttgarti-katolikusok.de\/index.php\/podiumbeszelgetes-mohos-gabor-puspok-urral\/","title":{"rendered":"P\u00f3diumbesz\u00e9lget\u00e9s Mohos G\u00e1bor p\u00fcsp\u00f6k \u00farral"},"content":{"rendered":"<p>2023. szeptember 17-\u00e9n az \u00fcnnepi b\u00facs\u00fas szentmis\u00e9t k\u00f6vet\u0151en, amelyben 9 ifj\u00fa a Szentl\u00e9lek kegyelmi kincseiben is r\u00e9szes\u00fclt a b\u00e9rm\u00e1l\u00e1s szents\u00e9g\u00e9n kereszt\u00fcl, p\u00f3diumbesz\u00e9lget\u00e9sre ker\u00fclt sor.<\/p>\n<p>Mohos G\u00e1bor p\u00fcsp\u00f6k atya a diaszp\u00f3r\u00e1ban \u00e9l\u0151 magyarok lelki gondoz\u00e1s\u00e1val megb\u00edzott p\u00fcsp\u00f6ke, egy\u00fctt F\u00e1bry Korn\u00e9l p\u00fcsp\u00f6k aty\u00e1val. A p\u00f3diumbesz\u00e9lget\u00e9s lehet\u0151s\u00e9get k\u00edn\u00e1lt, hogy szem\u00e9lyesebben is megismerhess\u00fck G\u00e1bor p\u00fcsp\u00f6k aty\u00e1t. \u00c9rdekl\u0151dve hallgattuk megl\u00e1t\u00e1sait \u00e9s v\u00e9lem\u00e9nyeit korunk megannyi kih\u00edv\u00e1s\u00e1val kapcsolatosan.<\/p>\n<p>A p\u00f3diumbesz\u00e9lget\u00e9s kezdet\u00e9n L\u00e9n\u00e1rt Linda orgonam\u0171v\u00e9szn\u0151 tolm\u00e1csol\u00e1s\u00e1ban elhangzik: Anonymus: g-moll concerto III. t\u00e9tel.<\/p>\n<div class=\"brlbs-cmpnt-container brlbs-cmpnt-content-blocker brlbs-cmpnt-with-individual-styles\" data-borlabs-cookie-content-blocker-id=\"youtube-content-blocker\" data-borlabs-cookie-content=\"PGlmcmFtZSB0aXRsZT0iUMOzZGl1bWJlc3rDqWxnZXTDqXMgTW9ob3MgR8OhYm9yIHDDvHNww7ZrIMO6cnJhbCAtIFN0dXR0Z2FydCAtIDIwMjMuIHN6ZXB0ZW1iZXIgMTcuIiB3aWR0aD0iOTQwIiBoZWlnaHQ9IjUyOSIgc3JjPSJodHRwczovL3d3dy55b3V0dWJlLW5vY29va2llLmNvbS9lbWJlZC9XUWd4N2RIWW5QOD9mZWF0dXJlPW9lbWJlZCIgZnJhbWVib3JkZXI9IjAiIGFsbG93PSJhY2NlbGVyb21ldGVyOyBhdXRvcGxheTsgY2xpcGJvYXJkLXdyaXRlOyBlbmNyeXB0ZWQtbWVkaWE7IGd5cm9zY29wZTsgcGljdHVyZS1pbi1waWN0dXJlOyB3ZWItc2hhcmUiIGFsbG93ZnVsbHNjcmVlbj48L2lmcmFtZT4=\">\n<div class=\"brlbs-cmpnt-cb-preset-c brlbs-cmpnt-cb-youtube\">\n<div class=\"brlbs-cmpnt-cb-thumbnail\" style=\"background-image: url('https:\/\/stuttgarti-katolikusok.de\/wp-content\/uploads\/borlabs-cookie\/1\/yt_WQgx7dHYnP8_hqdefault.jpg')\"><\/div>\n<div class=\"brlbs-cmpnt-cb-main\">\n<div class=\"brlbs-cmpnt-cb-play-button\"><\/div>\n<div class=\"brlbs-cmpnt-cb-content\">\n<p class=\"brlbs-cmpnt-cb-description\">You are currently viewing a placeholder content from <strong>YouTube<\/strong>. To access the actual content, click the button below. Please note that doing so will share data with third-party providers.<\/p>\n<p> <a class=\"brlbs-cmpnt-cb-provider-toggle\" href=\"#\" data-borlabs-cookie-show-provider-information role=\"button\">More Information<\/a> <\/div>\n<div class=\"brlbs-cmpnt-cb-buttons\"> <a class=\"brlbs-cmpnt-cb-btn\" href=\"#\" data-borlabs-cookie-unblock role=\"button\">Unblock content<\/a> <a class=\"brlbs-cmpnt-cb-btn\" href=\"#\" data-borlabs-cookie-accept-service role=\"button\" style=\"display: inherit\">Accept required service and unblock content<\/a> <\/div><\/div><\/div>\n<\/div>\n","protected":false},"excerpt":{"rendered":"<p>2023. szeptember 17-\u00e9n az \u00fcnnepi b\u00facs\u00fas szentmis\u00e9t k\u00f6vet\u0151en, amelyben 9 ifj\u00fa a Szentl\u00e9lek kegyelmi kincseiben is r\u00e9szes\u00fclt a b\u00e9rm\u00e1l\u00e1s szents\u00e9g\u00e9n kereszt\u00fcl, p\u00f3diumbesz\u00e9lget\u00e9sre ker\u00fclt sor. Mohos G\u00e1bor p\u00fcsp\u00f6k atya a diaszp\u00f3r\u00e1ban \u00e9l\u0151 magyarok lelki gondoz\u00e1s\u00e1val megb\u00edzott p\u00fcsp\u00f6ke, egy\u00fctt F\u00e1bry Korn\u00e9l p\u00fcsp\u00f6k aty\u00e1val. A p\u00f3diumbesz\u00e9lget\u00e9s lehet\u0151s\u00e9get k\u00edn\u00e1lt, hogy szem\u00e9lyesebben is megismerhess\u00fck G\u00e1bor p\u00fcsp\u00f6k aty\u00e1t. \u00c9rdekl\u0151dve hallgattuk megl\u00e1t\u00e1sait \u00e9s v\u00e9lem\u00e9nyeit korunk megannyi kih\u00edv\u00e1s\u00e1val kapcsolatosan. A p\u00f3diumbesz\u00e9lget\u00e9s kezdet\u00e9n L\u00e9n\u00e1rt Linda orgonam\u0171v\u00e9szn\u0151 tolm\u00e1csol\u00e1s\u00e1ban elhangzik: Anonymus: g-moll concerto III. t\u00e9tel. You are currently viewing a placeholder content from YouTube. To access the actual content, click the button below. Please note that doing so will share data with third-party providers. More Information Unblock content Accept required service and unblock content<\/p>\n","protected":false},"author":3,"featured_media":27260,"comment_status":"closed","ping_status":"closed","sticky":false,"template":"","format":"standard","meta":{"footnotes":""},"categories":[5],"tags":[],"class_list":["post-27259","post","type-post","status-publish","format-standard","has-post-thumbnail","hentry","category-hirek"],"yoast_head":"<!-- This site is optimized with the Yoast SEO plugin v27.3 - https:\/\/yoast.com\/product\/yoast-seo-wordpress\/ -->\n<title>P\u00f3diumbesz\u00e9lget\u00e9s Mohos G\u00e1bor p\u00fcsp\u00f6k \u00farral - Stuttgarti Katolikusok<\/title>\n<meta name=\"robots\" content=\"index, follow, max-snippet:-1, max-image-preview:large, max-video-preview:-1\" \/>\n<link rel=\"canonical\" href=\"https:\/\/stuttgarti-katolikusok.de\/index.php\/podiumbeszelgetes-mohos-gabor-puspok-urral\/\" \/>\n<meta property=\"og:locale\" content=\"hu_HU\" \/>\n<meta property=\"og:type\" content=\"article\" \/>\n<meta property=\"og:title\" content=\"P\u00f3diumbesz\u00e9lget\u00e9s Mohos G\u00e1bor p\u00fcsp\u00f6k \u00farral - Stuttgarti Katolikusok\" \/>\n<meta property=\"og:description\" content=\"2023. szeptember 17-\u00e9n az \u00fcnnepi b\u00facs\u00fas szentmis\u00e9t k\u00f6vet\u0151en, amelyben 9 ifj\u00fa a Szentl\u00e9lek kegyelmi kincseiben is r\u00e9szes\u00fclt a b\u00e9rm\u00e1l\u00e1s szents\u00e9g\u00e9n kereszt\u00fcl, p\u00f3diumbesz\u00e9lget\u00e9sre ker\u00fclt sor. Mohos G\u00e1bor p\u00fcsp\u00f6k atya a diaszp\u00f3r\u00e1ban \u00e9l\u0151 magyarok lelki gondoz\u00e1s\u00e1val megb\u00edzott p\u00fcsp\u00f6ke, egy\u00fctt F\u00e1bry Korn\u00e9l p\u00fcsp\u00f6k aty\u00e1val. A p\u00f3diumbesz\u00e9lget\u00e9s lehet\u0151s\u00e9get k\u00edn\u00e1lt, hogy szem\u00e9lyesebben is megismerhess\u00fck G\u00e1bor p\u00fcsp\u00f6k aty\u00e1t. \u00c9rdekl\u0151dve hallgattuk megl\u00e1t\u00e1sait \u00e9s v\u00e9lem\u00e9nyeit korunk megannyi kih\u00edv\u00e1s\u00e1val kapcsolatosan. A p\u00f3diumbesz\u00e9lget\u00e9s kezdet\u00e9n L\u00e9n\u00e1rt Linda orgonam\u0171v\u00e9szn\u0151 tolm\u00e1csol\u00e1s\u00e1ban elhangzik: Anonymus: g-moll concerto III. t\u00e9tel. You are currently viewing a placeholder content from YouTube. To access the actual content, click the button below. Please note that doing so will share data with third-party providers. More Information Unblock content Accept required service and unblock content\" \/>\n<meta property=\"og:url\" content=\"https:\/\/stuttgarti-katolikusok.de\/index.php\/podiumbeszelgetes-mohos-gabor-puspok-urral\/\" \/>\n<meta property=\"og:site_name\" content=\"Stuttgarti Katolikusok\" \/>\n<meta property=\"article:published_time\" content=\"2023-09-30T12:22:32+00:00\" \/>\n<meta property=\"article:modified_time\" content=\"2023-09-30T12:28:15+00:00\" \/>\n<meta property=\"og:image\" content=\"https:\/\/stuttgarti-katolikusok.de\/wp-content\/uploads\/2023\/09\/kepernyofelvetel-235.png\" \/>\n\t<meta property=\"og:image:width\" content=\"1128\" \/>\n\t<meta property=\"og:image:height\" content=\"849\" \/>\n\t<meta property=\"og:image:type\" content=\"image\/png\" \/>\n<meta name=\"author\" content=\"Tibor atya\" \/>\n<meta name=\"twitter:card\" content=\"summary_large_image\" \/>\n<meta name=\"twitter:label1\" content=\"Szerz\u0151:\" \/>\n\t<meta name=\"twitter:data1\" content=\"Tibor atya\" \/>\n\t<meta name=\"twitter:label2\" content=\"Becs\u00fclt olvas\u00e1si id\u0151\" \/>\n\t<meta name=\"twitter:data2\" content=\"1 perc\" \/>\n<script type=\"application\/ld+json\" class=\"yoast-schema-graph\">{\"@context\":\"https:\\\/\\\/schema.org\",\"@graph\":[{\"@type\":\"Article\",\"@id\":\"https:\\\/\\\/stuttgarti-katolikusok.de\\\/index.php\\\/podiumbeszelgetes-mohos-gabor-puspok-urral\\\/#article\",\"isPartOf\":{\"@id\":\"https:\\\/\\\/stuttgarti-katolikusok.de\\\/index.php\\\/podiumbeszelgetes-mohos-gabor-puspok-urral\\\/\"},\"author\":{\"name\":\"Tibor atya\",\"@id\":\"https:\\\/\\\/stuttgarti-katolikusok.de\\\/#\\\/schema\\\/person\\\/75908d6f8fdc03a57889d27209df7795\"},\"headline\":\"P\u00f3diumbesz\u00e9lget\u00e9s Mohos G\u00e1bor p\u00fcsp\u00f6k \u00farral\",\"datePublished\":\"2023-09-30T12:22:32+00:00\",\"dateModified\":\"2023-09-30T12:28:15+00:00\",\"mainEntityOfPage\":{\"@id\":\"https:\\\/\\\/stuttgarti-katolikusok.de\\\/index.php\\\/podiumbeszelgetes-mohos-gabor-puspok-urral\\\/\"},\"wordCount\":156,\"image\":{\"@id\":\"https:\\\/\\\/stuttgarti-katolikusok.de\\\/index.php\\\/podiumbeszelgetes-mohos-gabor-puspok-urral\\\/#primaryimage\"},\"thumbnailUrl\":\"https:\\\/\\\/stuttgarti-katolikusok.de\\\/wp-content\\\/uploads\\\/2023\\\/09\\\/kepernyofelvetel-235.png\",\"articleSection\":[\"H\u00edrek\"],\"inLanguage\":\"hu\"},{\"@type\":\"WebPage\",\"@id\":\"https:\\\/\\\/stuttgarti-katolikusok.de\\\/index.php\\\/podiumbeszelgetes-mohos-gabor-puspok-urral\\\/\",\"url\":\"https:\\\/\\\/stuttgarti-katolikusok.de\\\/index.php\\\/podiumbeszelgetes-mohos-gabor-puspok-urral\\\/\",\"name\":\"P\u00f3diumbesz\u00e9lget\u00e9s Mohos G\u00e1bor p\u00fcsp\u00f6k \u00farral - Stuttgarti Katolikusok\",\"isPartOf\":{\"@id\":\"https:\\\/\\\/stuttgarti-katolikusok.de\\\/#website\"},\"primaryImageOfPage\":{\"@id\":\"https:\\\/\\\/stuttgarti-katolikusok.de\\\/index.php\\\/podiumbeszelgetes-mohos-gabor-puspok-urral\\\/#primaryimage\"},\"image\":{\"@id\":\"https:\\\/\\\/stuttgarti-katolikusok.de\\\/index.php\\\/podiumbeszelgetes-mohos-gabor-puspok-urral\\\/#primaryimage\"},\"thumbnailUrl\":\"https:\\\/\\\/stuttgarti-katolikusok.de\\\/wp-content\\\/uploads\\\/2023\\\/09\\\/kepernyofelvetel-235.png\",\"datePublished\":\"2023-09-30T12:22:32+00:00\",\"dateModified\":\"2023-09-30T12:28:15+00:00\",\"author\":{\"@id\":\"https:\\\/\\\/stuttgarti-katolikusok.de\\\/#\\\/schema\\\/person\\\/75908d6f8fdc03a57889d27209df7795\"},\"breadcrumb\":{\"@id\":\"https:\\\/\\\/stuttgarti-katolikusok.de\\\/index.php\\\/podiumbeszelgetes-mohos-gabor-puspok-urral\\\/#breadcrumb\"},\"inLanguage\":\"hu\",\"potentialAction\":[{\"@type\":\"ReadAction\",\"target\":[\"https:\\\/\\\/stuttgarti-katolikusok.de\\\/index.php\\\/podiumbeszelgetes-mohos-gabor-puspok-urral\\\/\"]}]},{\"@type\":\"ImageObject\",\"inLanguage\":\"hu\",\"@id\":\"https:\\\/\\\/stuttgarti-katolikusok.de\\\/index.php\\\/podiumbeszelgetes-mohos-gabor-puspok-urral\\\/#primaryimage\",\"url\":\"https:\\\/\\\/stuttgarti-katolikusok.de\\\/wp-content\\\/uploads\\\/2023\\\/09\\\/kepernyofelvetel-235.png\",\"contentUrl\":\"https:\\\/\\\/stuttgarti-katolikusok.de\\\/wp-content\\\/uploads\\\/2023\\\/09\\\/kepernyofelvetel-235.png\",\"width\":1128,\"height\":849},{\"@type\":\"BreadcrumbList\",\"@id\":\"https:\\\/\\\/stuttgarti-katolikusok.de\\\/index.php\\\/podiumbeszelgetes-mohos-gabor-puspok-urral\\\/#breadcrumb\",\"itemListElement\":[{\"@type\":\"ListItem\",\"position\":1,\"name\":\"Kezd\u0151lap\",\"item\":\"https:\\\/\\\/stuttgarti-katolikusok.de\\\/\"},{\"@type\":\"ListItem\",\"position\":2,\"name\":\"P\u00f3diumbesz\u00e9lget\u00e9s Mohos G\u00e1bor p\u00fcsp\u00f6k \u00farral\"}]},{\"@type\":\"WebSite\",\"@id\":\"https:\\\/\\\/stuttgarti-katolikusok.de\\\/#website\",\"url\":\"https:\\\/\\\/stuttgarti-katolikusok.de\\\/\",\"name\":\"Stuttgarti Katolikusok\",\"description\":\"\",\"potentialAction\":[{\"@type\":\"SearchAction\",\"target\":{\"@type\":\"EntryPoint\",\"urlTemplate\":\"https:\\\/\\\/stuttgarti-katolikusok.de\\\/?s={search_term_string}\"},\"query-input\":{\"@type\":\"PropertyValueSpecification\",\"valueRequired\":true,\"valueName\":\"search_term_string\"}}],\"inLanguage\":\"hu\"},{\"@type\":\"Person\",\"@id\":\"https:\\\/\\\/stuttgarti-katolikusok.de\\\/#\\\/schema\\\/person\\\/75908d6f8fdc03a57889d27209df7795\",\"name\":\"Tibor atya\",\"image\":{\"@type\":\"ImageObject\",\"inLanguage\":\"hu\",\"@id\":\"https:\\\/\\\/secure.gravatar.com\\\/avatar\\\/61d268e57d1f4525b111222e29d2d5a7f8c420fdbf231ba5566a8ceac74fa960?s=96&d=mm&r=g\",\"url\":\"https:\\\/\\\/secure.gravatar.com\\\/avatar\\\/61d268e57d1f4525b111222e29d2d5a7f8c420fdbf231ba5566a8ceac74fa960?s=96&d=mm&r=g\",\"contentUrl\":\"https:\\\/\\\/secure.gravatar.com\\\/avatar\\\/61d268e57d1f4525b111222e29d2d5a7f8c420fdbf231ba5566a8ceac74fa960?s=96&d=mm&r=g\",\"caption\":\"Tibor atya\"},\"url\":\"https:\\\/\\\/stuttgarti-katolikusok.de\\\/index.php\\\/author\\\/tibor-atya\\\/\"}]}<\/script>\n<!-- \/ Yoast SEO plugin. -->","yoast_head_json":{"title":"P\u00f3diumbesz\u00e9lget\u00e9s Mohos G\u00e1bor p\u00fcsp\u00f6k \u00farral - Stuttgarti Katolikusok","robots":{"index":"index","follow":"follow","max-snippet":"max-snippet:-1","max-image-preview":"max-image-preview:large","max-video-preview":"max-video-preview:-1"},"canonical":"https:\/\/stuttgarti-katolikusok.de\/index.php\/podiumbeszelgetes-mohos-gabor-puspok-urral\/","og_locale":"hu_HU","og_type":"article","og_title":"P\u00f3diumbesz\u00e9lget\u00e9s Mohos G\u00e1bor p\u00fcsp\u00f6k \u00farral - Stuttgarti Katolikusok","og_description":"2023. szeptember 17-\u00e9n az \u00fcnnepi b\u00facs\u00fas szentmis\u00e9t k\u00f6vet\u0151en, amelyben 9 ifj\u00fa a Szentl\u00e9lek kegyelmi kincseiben is r\u00e9szes\u00fclt a b\u00e9rm\u00e1l\u00e1s szents\u00e9g\u00e9n kereszt\u00fcl, p\u00f3diumbesz\u00e9lget\u00e9sre ker\u00fclt sor. Mohos G\u00e1bor p\u00fcsp\u00f6k atya a diaszp\u00f3r\u00e1ban \u00e9l\u0151 magyarok lelki gondoz\u00e1s\u00e1val megb\u00edzott p\u00fcsp\u00f6ke, egy\u00fctt F\u00e1bry Korn\u00e9l p\u00fcsp\u00f6k aty\u00e1val. A p\u00f3diumbesz\u00e9lget\u00e9s lehet\u0151s\u00e9get k\u00edn\u00e1lt, hogy szem\u00e9lyesebben is megismerhess\u00fck G\u00e1bor p\u00fcsp\u00f6k aty\u00e1t. \u00c9rdekl\u0151dve hallgattuk megl\u00e1t\u00e1sait \u00e9s v\u00e9lem\u00e9nyeit korunk megannyi kih\u00edv\u00e1s\u00e1val kapcsolatosan. A p\u00f3diumbesz\u00e9lget\u00e9s kezdet\u00e9n L\u00e9n\u00e1rt Linda orgonam\u0171v\u00e9szn\u0151 tolm\u00e1csol\u00e1s\u00e1ban elhangzik: Anonymus: g-moll concerto III. t\u00e9tel. You are currently viewing a placeholder content from YouTube. To access the actual content, click the button below. Please note that doing so will share data with third-party providers. More Information Unblock content Accept required service and unblock content","og_url":"https:\/\/stuttgarti-katolikusok.de\/index.php\/podiumbeszelgetes-mohos-gabor-puspok-urral\/","og_site_name":"Stuttgarti Katolikusok","article_published_time":"2023-09-30T12:22:32+00:00","article_modified_time":"2023-09-30T12:28:15+00:00","og_image":[{"width":1128,"height":849,"url":"https:\/\/stuttgarti-katolikusok.de\/wp-content\/uploads\/2023\/09\/kepernyofelvetel-235.png","type":"image\/png"}],"author":"Tibor atya","twitter_card":"summary_large_image","twitter_misc":{"Szerz\u0151:":"Tibor atya","Becs\u00fclt olvas\u00e1si id\u0151":"1 perc"},"schema":{"@context":"https:\/\/schema.org","@graph":[{"@type":"Article","@id":"https:\/\/stuttgarti-katolikusok.de\/index.php\/podiumbeszelgetes-mohos-gabor-puspok-urral\/#article","isPartOf":{"@id":"https:\/\/stuttgarti-katolikusok.de\/index.php\/podiumbeszelgetes-mohos-gabor-puspok-urral\/"},"author":{"name":"Tibor atya","@id":"https:\/\/stuttgarti-katolikusok.de\/#\/schema\/person\/75908d6f8fdc03a57889d27209df7795"},"headline":"P\u00f3diumbesz\u00e9lget\u00e9s Mohos G\u00e1bor p\u00fcsp\u00f6k \u00farral","datePublished":"2023-09-30T12:22:32+00:00","dateModified":"2023-09-30T12:28:15+00:00","mainEntityOfPage":{"@id":"https:\/\/stuttgarti-katolikusok.de\/index.php\/podiumbeszelgetes-mohos-gabor-puspok-urral\/"},"wordCount":156,"image":{"@id":"https:\/\/stuttgarti-katolikusok.de\/index.php\/podiumbeszelgetes-mohos-gabor-puspok-urral\/#primaryimage"},"thumbnailUrl":"https:\/\/stuttgarti-katolikusok.de\/wp-content\/uploads\/2023\/09\/kepernyofelvetel-235.png","articleSection":["H\u00edrek"],"inLanguage":"hu"},{"@type":"WebPage","@id":"https:\/\/stuttgarti-katolikusok.de\/index.php\/podiumbeszelgetes-mohos-gabor-puspok-urral\/","url":"https:\/\/stuttgarti-katolikusok.de\/index.php\/podiumbeszelgetes-mohos-gabor-puspok-urral\/","name":"P\u00f3diumbesz\u00e9lget\u00e9s Mohos G\u00e1bor p\u00fcsp\u00f6k \u00farral - Stuttgarti Katolikusok","isPartOf":{"@id":"https:\/\/stuttgarti-katolikusok.de\/#website"},"primaryImageOfPage":{"@id":"https:\/\/stuttgarti-katolikusok.de\/index.php\/podiumbeszelgetes-mohos-gabor-puspok-urral\/#primaryimage"},"image":{"@id":"https:\/\/stuttgarti-katolikusok.de\/index.php\/podiumbeszelgetes-mohos-gabor-puspok-urral\/#primaryimage"},"thumbnailUrl":"https:\/\/stuttgarti-katolikusok.de\/wp-content\/uploads\/2023\/09\/kepernyofelvetel-235.png","datePublished":"2023-09-30T12:22:32+00:00","dateModified":"2023-09-30T12:28:15+00:00","author":{"@id":"https:\/\/stuttgarti-katolikusok.de\/#\/schema\/person\/75908d6f8fdc03a57889d27209df7795"},"breadcrumb":{"@id":"https:\/\/stuttgarti-katolikusok.de\/index.php\/podiumbeszelgetes-mohos-gabor-puspok-urral\/#breadcrumb"},"inLanguage":"hu","potentialAction":[{"@type":"ReadAction","target":["https:\/\/stuttgarti-katolikusok.de\/index.php\/podiumbeszelgetes-mohos-gabor-puspok-urral\/"]}]},{"@type":"ImageObject","inLanguage":"hu","@id":"https:\/\/stuttgarti-katolikusok.de\/index.php\/podiumbeszelgetes-mohos-gabor-puspok-urral\/#primaryimage","url":"https:\/\/stuttgarti-katolikusok.de\/wp-content\/uploads\/2023\/09\/kepernyofelvetel-235.png","contentUrl":"https:\/\/stuttgarti-katolikusok.de\/wp-content\/uploads\/2023\/09\/kepernyofelvetel-235.png","width":1128,"height":849},{"@type":"BreadcrumbList","@id":"https:\/\/stuttgarti-katolikusok.de\/index.php\/podiumbeszelgetes-mohos-gabor-puspok-urral\/#breadcrumb","itemListElement":[{"@type":"ListItem","position":1,"name":"Kezd\u0151lap","item":"https:\/\/stuttgarti-katolikusok.de\/"},{"@type":"ListItem","position":2,"name":"P\u00f3diumbesz\u00e9lget\u00e9s Mohos G\u00e1bor p\u00fcsp\u00f6k \u00farral"}]},{"@type":"WebSite","@id":"https:\/\/stuttgarti-katolikusok.de\/#website","url":"https:\/\/stuttgarti-katolikusok.de\/","name":"Stuttgarti Katolikusok","description":"","potentialAction":[{"@type":"SearchAction","target":{"@type":"EntryPoint","urlTemplate":"https:\/\/stuttgarti-katolikusok.de\/?s={search_term_string}"},"query-input":{"@type":"PropertyValueSpecification","valueRequired":true,"valueName":"search_term_string"}}],"inLanguage":"hu"},{"@type":"Person","@id":"https:\/\/stuttgarti-katolikusok.de\/#\/schema\/person\/75908d6f8fdc03a57889d27209df7795","name":"Tibor atya","image":{"@type":"ImageObject","inLanguage":"hu","@id":"https:\/\/secure.gravatar.com\/avatar\/61d268e57d1f4525b111222e29d2d5a7f8c420fdbf231ba5566a8ceac74fa960?s=96&d=mm&r=g","url":"https:\/\/secure.gravatar.com\/avatar\/61d268e57d1f4525b111222e29d2d5a7f8c420fdbf231ba5566a8ceac74fa960?s=96&d=mm&r=g","contentUrl":"https:\/\/secure.gravatar.com\/avatar\/61d268e57d1f4525b111222e29d2d5a7f8c420fdbf231ba5566a8ceac74fa960?s=96&d=mm&r=g","caption":"Tibor atya"},"url":"https:\/\/stuttgarti-katolikusok.de\/index.php\/author\/tibor-atya\/"}]}},"_links":{"self":[{"href":"https:\/\/stuttgarti-katolikusok.de\/index.php\/wp-json\/wp\/v2\/posts\/27259","targetHints":{"allow":["GET"]}}],"collection":[{"href":"https:\/\/stuttgarti-katolikusok.de\/index.php\/wp-json\/wp\/v2\/posts"}],"about":[{"href":"https:\/\/stuttgarti-katolikusok.de\/index.php\/wp-json\/wp\/v2\/types\/post"}],"author":[{"embeddable":true,"href":"https:\/\/stuttgarti-katolikusok.de\/index.php\/wp-json\/wp\/v2\/users\/3"}],"replies":[{"embeddable":true,"href":"https:\/\/stuttgarti-katolikusok.de\/index.php\/wp-json\/wp\/v2\/comments?post=27259"}],"version-history":[{"count":3,"href":"https:\/\/stuttgarti-katolikusok.de\/index.php\/wp-json\/wp\/v2\/posts\/27259\/revisions"}],"predecessor-version":[{"id":27263,"href":"https:\/\/stuttgarti-katolikusok.de\/index.php\/wp-json\/wp\/v2\/posts\/27259\/revisions\/27263"}],"wp:featuredmedia":[{"embeddable":true,"href":"https:\/\/stuttgarti-katolikusok.de\/index.php\/wp-json\/wp\/v2\/media\/27260"}],"wp:attachment":[{"href":"https:\/\/stuttgarti-katolikusok.de\/index.php\/wp-json\/wp\/v2\/media?parent=27259"}],"wp:term":[{"taxonomy":"category","embeddable":true,"href":"https:\/\/stuttgarti-katolikusok.de\/index.php\/wp-json\/wp\/v2\/categories?post=27259"},{"taxonomy":"post_tag","embeddable":true,"href":"https:\/\/stuttgarti-katolikusok.de\/index.php\/wp-json\/wp\/v2\/tags?post=27259"}],"curies":[{"name":"wp","href":"https:\/\/api.w.org\/{rel}","templated":true}]}}