{"id":27256,"date":"2023-09-30T13:57:20","date_gmt":"2023-09-30T11:57:20","guid":{"rendered":"https:\/\/stuttgarti-katolikusok.de\/?p=27256"},"modified":"2023-09-30T13:57:20","modified_gmt":"2023-09-30T11:57:20","slug":"evkozi-26-vasarnap","status":"publish","type":"post","link":"https:\/\/stuttgarti-katolikusok.de\/index.php\/evkozi-26-vasarnap\/","title":{"rendered":"\u00c9vk\u00f6zi 26. vas\u00e1rnap"},"content":{"rendered":"<p><span style=\"color: #339966;\">Kezd\u0151\u00e9nek:<\/span><br \/>\nMindent igaz \u00edt\u00e9lettel cselekedt\u00e9l, Urunk, amit tett\u00e9l vel\u00fcnk, mert v\u00e9tkezt\u00fcnk ellened \u00e9s parancsaidnak nem engedelmeskedt\u00fcnk; m\u00e9gis dics\u0151\u00edtsd meg nevedet, \u00e9s t\u00e9gy vel\u00fcnk nagy irgalmass\u00e1god szerint. (D\u00e1n 3,31.29.30.43.42)<\/p>\n<p><span style=\"color: #339966;\">K\u00f6ny\u00f6rg\u00e9s:<\/span><br \/>\nIsten\u00fcnk, te legink\u00e1bb azzal mutatod meg mindenhat\u00f3s\u00e1godat, hogy k\u00f6ny\u00f6r\u00fcletes \u00e9s irgalmas vagy hozz\u00e1nk. \u00c1raszd re\u00e1nk sz\u00fcntelen\u00fcl kegyelmedet, hogy teljes odaad\u00e1ssal t\u00f6rekedj\u00fcnk az \u00f6r\u00f6k boldogs\u00e1gra, amelyet meg\u00edg\u00e9rt\u00e9l. A mi Urunk, J\u00e9zus Krisztus, a te Fiad \u00e1ltal, aki veled \u00e9l \u00e9s uralkodik a Szentl\u00e9lekkel egys\u00e9gben, Isten mind\u00f6r\u00f6kk\u00f6n \u00f6r\u00f6kk\u00e9.<\/p>\n<p align=\"justify\"><span style=\"color: #339966;\">OLVASM\u00c1NY Ezekiel pr\u00f3f\u00e9ta k\u00f6nyv\u00e9b\u0151l (Ez 18,25-28)<\/span><br \/>\n<em>Amikor a b\u0171n\u00f6s elfordul a b\u0171nt\u0151l, amelyet elk\u00f6vetett, megmenti \u00e9let\u00e9t.<\/em><br \/>\n\u00cdgy sz\u00f3l az \u00dar: \u201eAzt mondj\u00e1tok: Nem igazs\u00e1gos az \u00dar \u00fatja. Hallj\u00e1tok h\u00e1t, Izrael h\u00e1za: Vajon az \u00e9n utam nem igazs\u00e1gos? Nem ink\u00e1bb a ti \u00fatjaitok hamisak? Amikor az igaz elfordul az igazs\u00e1gt\u00f3l \u00e9s gonoszs\u00e1got m\u0171vel, akkor emiatt hal meg, vagyis elk\u00f6vetett gonoszs\u00e1ga miatt hal meg.<br \/>\nAmikor a b\u0171n\u00f6s elfordul a b\u0171nt\u0151l, amelyet elk\u00f6vetett, s a t\u00f6rv\u00e9nyhez \u00e9s az igazs\u00e1ghoz igazodik, megmenti \u00e9let\u00e9t. Bel\u00e1tja b\u0171neit \u00e9s elfordul t\u0151l\u00fck, az\u00e9rt \u00e9letben marad \u00e9s nem hal meg.\u201d<br \/>\nEz az Isten ig\u00e9je.<\/p>\n<p align=\"justify\"><span style=\"color: #339966;\">V\u00c1LASZOS ZSOLT\u00c1R (Zsolt 24,4bc-5.6-7.8-9)<\/span><br \/>\nV\u00e1lasz:\u00a0<strong>Eml\u00e9kezz\u00e9l meg, Uram, * irgalmass\u00e1godr\u00f3l.<\/strong>\u00a04G. t\u00f3nus.<br \/>\nEl\u0151\u00e9nekes: Utaidat, Uram, mutasd meg nekem, * \u00f6sv\u00e9nyeidre tan\u00edts meg engem.<br \/>\nTan\u00edts \u00e9s vezess igazs\u00e1god szerint, \u2020 mert te vagy \u00fcdv\u00f6z\u00edt\u0151 Istenem, sz\u00fcntelen\u00fcl benned b\u00edzom.<br \/>\nH\u00edvek: Eml\u00e9kezz\u00e9l meg, Uram, * irgalmass\u00e1godr\u00f3l.<br \/>\nE: Irgalmass\u00e1godr\u00f3l eml\u00e9kezz\u00e9l meg, Uram, * \u00e9s k\u00f6ny\u00f6r\u00fcletess\u00e9gedr\u0151l, mely \u00f6r\u00f6kt\u0151l val\u00f3.<br \/>\nNe eml\u00e9kezz\u00e9l ifj\u00fas\u00e1gom b\u0171n\u00e9re \u00e9s v\u00e9tk\u00e9re, * j\u00f3s\u00e1godban, Uram, gondolj r\u00e1m irgalommal.<br \/>\nH: Eml\u00e9kezz\u00e9l meg, Uram, * irgalmass\u00e1godr\u00f3l.<br \/>\nE: Az \u00dar igazs\u00e1gos \u00e9s j\u00f3s\u00e1gos, * ez\u00e9rt a b\u0171n\u00f6s\u00f6knek is utat mutat.<br \/>\nAz al\u00e1zatost a j\u00f3ban vez\u00e9rli, * a szel\u00eddet \u00fatj\u00e1ra tan\u00edtja.<br \/>\nH: Eml\u00e9kezz\u00e9l meg, Uram, * irgalmass\u00e1godr\u00f3l.<\/p>\n<p align=\"justify\">\n<span style=\"color: #339966;\"><em>Hosszabb forma:<\/em><\/span><br \/>\n<span style=\"color: #339966;\">SZENTLECKE Szent P\u00e1l apostolnak a filippiekhez \u00edrt level\u00e9b\u0151l (Fil 2,1-11 r\u00f6videbb: Fil 2,1-5)<\/span><br \/>\n<em>Ugyanazt a lelk\u00fcletet \u00e1polj\u00e1tok magatokban, amely Krisztus J\u00e9zusban volt!<\/em><br \/>\nTestv\u00e9reim!<br \/>\nHa \u00e9r valamit a Krisztusban adott buzd\u00edt\u00e1s, a szeretetb\u0151l fakad\u00f3 intelem, a lelki k\u00f6z\u00f6ss\u00e9g, a bens\u0151s\u00e9g \u00e9s egy\u00fctt\u00e9rz\u00e9s, akkor tegy\u00e9tek \u00f6r\u00f6m\u00f6met teljess\u00e9 az\u00e1ltal, hogy egyet\u00e9rtetek, egy sz\u00edvvel szerettek, \u00e9s egy l\u00e9lekkel ugyanarra t\u00f6rekedtek. Vet\u00e9lked\u00e9sb\u0151l ne tegyetek semmit, sem hi\u00fa dics\u0151s\u00e9gv\u00e1gyb\u00f3l! Egyik a m\u00e1sikat tekintse ink\u00e1bb al\u00e1zatosan \u00f6nmag\u00e1n\u00e1l kiv\u00e1l\u00f3bbnak! Ne keresse senki csak a maga jav\u00e1t, hanem a m\u00e1s\u00e9t is!<br \/>\nUgyanazt a lelk\u00fcletet \u00e1polj\u00e1tok magatokban, amely Krisztus J\u00e9zusban volt. <span style=\"color: #339966;\">*<\/span><br \/>\n\u0150, mint Isten, az Istennel val\u00f3 egyenl\u0151s\u00e9get nem tartotta olyan dolognak, amelyhez felt\u00e9tlen\u00fcl ragaszkodnia kell, hanem szolgai alakot \u00f6lt\u00f6tt, ki\u00fcres\u00edtette \u00f6nmag\u00e1t, \u00e9s hasonl\u00f3 lett az emberekhez. Megal\u00e1zta mag\u00e1t, \u00e9s engedelmes lett a hal\u00e1lig, m\u00e9gpedig a kereszthal\u00e1lig.<br \/>\nEz\u00e9rt Isten felmagasztalta \u0151t, \u00e9s olyan nevet adott neki, amely felette \u00e1ll minden n\u00e9vnek, hogy J\u00e9zus nev\u00e9re hajoljon meg minden t\u00e9rd a mennyben, a f\u00f6ld\u00f6n \u00e9s az alvil\u00e1gban, s minden nyelv hirdesse az Atyaisten dics\u0151s\u00e9g\u00e9re, hogy J\u00e9zus Krisztus az \u00dar!<br \/>\nEz az Isten ig\u00e9je.<br \/>\n<span style=\"color: #339966;\"><em>Vagy r\u00f6videbb forma a *-ig<\/em><\/span><\/p>\n<p align=\"justify\">ALLELUJA<br \/>\nJ\u00e9zus mondja: \u2020 \u201ejuhaim hallgatnak szavamra, * ismerem \u0151ket \u00e9s a nyomomban j\u00e1rnak.\u201d Jn 10,27 \u2013 1 D<sup><small>2<\/small><\/sup>\u00a0t\u00f3nus.<\/p>\n<p align=\"justify\"><span style=\"color: #339966;\">\u2020 EVANG\u00c9LIUM Szent M\u00e1t\u00e9 k\u00f6nyv\u00e9b\u0151l (Mt 21,28-32)<\/span><br \/>\n<em>Ne szavakkal, hanem tettekkel szeress\u00fck az Istent.<\/em><br \/>\nAbban az id\u0151ben J\u00e9zus ezt mondta a f\u0151papoknak \u00e9s a n\u00e9p v\u00e9neinek: \u201eErr\u0151l mi a v\u00e9lem\u00e9nyetek? Egy embernek k\u00e9t fia volt. Odament az egyikhez, \u00e9s \u00edgy sz\u00f3lt hozz\u00e1: Fiam, menj ki ma, \u00e9s dolgozz a sz\u0151l\u0151ben! &#8211; A fi\u00fa azt v\u00e1laszolta: \u00bbNincs kedvem!\u00ab, de k\u00e9s\u0151bb megb\u00e1nta, \u00e9s m\u00e9gis kiment. Odament a m\u00e1sikhoz, \u00e9s annak is sz\u00f3lt. Az \u00edgy v\u00e1laszolt: Sz\u00edvesen, uram!\u00ab, menni azonban nem ment. Kett\u0151j\u00fck k\u00f6z\u00fcl melyik\u00fck teljes\u00edtette az apa akarat\u00e1t?\u201d<br \/>\nAzt felelt\u00e9k: \u201eAz els\u0151.\u201d<br \/>\nErre J\u00e9zus \u00edgy sz\u00f3lt hozz\u00e1juk: \u201eBizony mondom nektek: A v\u00e1mosok \u00e9s utcan\u0151k megel\u0151znek bennetek Isten orsz\u00e1g\u00e1ban. Mert elj\u00f6tt hozz\u00e1tok J\u00e1nos az igazs\u00e1goss\u00e1g \u00fatj\u00e1n j\u00e1rva, \u00e9s ti nem hittetek neki, a v\u00e1mosok \u00e9s utcan\u0151k viszont hittek neki. \u00c9s ti, akik mindezt l\u00e1tt\u00e1tok, m\u00e9g ut\u00f3lag sem t\u00e9rtek jobb bel\u00e1t\u00e1sra, hogy higgyetek neki!\u201d<br \/>\nEzek az evang\u00e9lium ig\u00e9i.<\/p>\n<p align=\"justify\">\n<span style=\"color: #339966;\">EGYETEMES K\u00d6NY\u00d6RG\u00c9SEK<\/span><br \/>\nPap: Im\u00e1dkozzunk, testv\u00e9reim, a mennyei Aty\u00e1hoz, aki \u00fagy szeretett minket, hogy egysz\u00fcl\u00f6tt Fi\u00e1t adta \u00e9rt\u00fcnk!<br \/>\nLektor: 1. Add, Urunk, hogy Szentaty\u00e1nkban, p\u00fcsp\u00f6keinkben \u00e9s papjainkban ugyanaz a lelk\u00fclet legyen, amely Krisztusban volt!<br \/>\nH\u00edvek: K\u00e9r\u00fcnk t\u00e9ged, hallgass meg minket!<br \/>\n2. Add, Urunk, hogy az eg\u00e9sz vil\u00e1g felismerje Krisztusban az emberis\u00e9g Megv\u00e1lt\u00f3j\u00e1t!<br \/>\nH\u00edvek: K\u00e9r\u00fcnk t\u00e9ged . . .<br \/>\n3. Add, Urunk, hogy a n\u00e9pek oktalan verseng\u00e9s helyett egyet\u00e9rt\u00e9sre t\u00f6rekedjenek Krisztus tan\u00edt\u00e1sa szerint!<br \/>\nH\u00edvek: K\u00e9r\u00fcnk t\u00e9ged . . .<br \/>\n4. Add, Urunk, hogy h\u00edveid ne csak a maguk jav\u00e1t keress\u00e9k, hanem mindig tekintettel legyenek m\u00e1sokra is!<br \/>\nH\u00edvek: K\u00e9r\u00fcnk t\u00e9ged . . .<br \/>\n5. Add, Urunk, hogy a csal\u00e1dtagok egym\u00e1st \u00f6nzetlen\u00fcl szeress\u00e9k, \u00e9s ez\u00e1ltal boldog legyen a csal\u00e1dok \u00e9lete!<br \/>\nH\u00edvek: K\u00e9r\u00fcnk t\u00e9ged . . .<br \/>\nPap: Mennyei Aty\u00e1nk! Szent Fiad megal\u00e1zta mag\u00e1t, \u00e9s mindenben hasonl\u00f3 lett hozz\u00e1nk, a b\u0171nt kiv\u00e9ve. Add meg nek\u00fcnk, hogy al\u00e1zatban \u00e9lve k\u00f6vess\u00fck Krisztust. Aki \u00e9l \u00e9s uralkodik mind\u00f6r\u00f6kk\u00f6n \u00f6r\u00f6kk\u00e9.<br \/>\nH\u00edvek: \u00c1men.<\/p>\n<p><span style=\"color: #339966;\">Felaj\u00e1nl\u00f3 k\u00f6ny\u00f6rg\u00e9s:<\/span><br \/>\nAdd meg nek\u00fcnk, j\u00f3s\u00e1gos Aty\u00e1nk, hogy ez az \u00e1ldozat kedves legyen el\u0151tted, \u00e9s fakadjon bel\u0151le sz\u00e1munkra minden \u00e1ld\u00e1s forr\u00e1sa. Krisztus, a mi Urunk \u00e1ltal.<\/p>\n<p><span style=\"color: #339966;\">\u00c1ldoz\u00e1si \u00e9nek:<\/span><br \/>\nGondolj, Uram, szolg\u00e1dnak mondott ig\u00e9dre, amellyel rem\u00e9nyt \u00f6nt\u00f6tt\u00e9l bel\u00e9m; gy\u00f6tr\u0151 megal\u00e1ztat\u00e1somban csak ez a vigaszom. (Zsolt 118,49-50)<br \/>\n<span style=\"color: #339966;\"><em>vagy<\/em><\/span><br \/>\nIsten szeretet\u00e9t arr\u00f3l ismerj\u00fck fel, hogy Krisztus az \u0151 \u00e9let\u00e9t adta \u00e9rt\u00fcnk. Nek\u00fcnk is k\u00f6teless\u00e9g\u00fcnk \u00e9let\u00fcnket adni testv\u00e9reink\u00e9rt. (1Jn 3,16)<\/p>\n<p><span style=\"color: #339966;\">\u00c1ldoz\u00e1s ut\u00e1ni k\u00f6ny\u00f6rg\u00e9s:<\/span><br \/>\nUrunk, Isten\u00fcnk, szolg\u00e1ljon ez a mennyei miszt\u00e9rium test\u00fcnk \u00e9s lelk\u00fcnk meg\u00fajul\u00e1s\u00e1ra, hogy az \u00f6r\u00f6k dics\u0151s\u00e9gben t\u00e1rs\u00f6r\u00f6k\u00f6sei legy\u00fcnk Fiadnak, akinek hal\u00e1l\u00e1t hirdetj\u00fck \u00e9s vele egy\u00fctt szenved\u00fcnk. Aki \u00e9l \u00e9s uralkodik mind\u00f6r\u00f6kk\u00f6n \u00f6r\u00f6kk\u00e9.<\/p>\n<p><em>(K\u00e9p forr\u00e1sa: Instagram)<\/em><\/p>\n","protected":false},"excerpt":{"rendered":"<p>Kezd\u0151\u00e9nek: Mindent igaz \u00edt\u00e9lettel cselekedt\u00e9l, Urunk, amit tett\u00e9l vel\u00fcnk, mert v\u00e9tkezt\u00fcnk ellened \u00e9s parancsaidnak nem engedelmeskedt\u00fcnk; m\u00e9gis dics\u0151\u00edtsd meg nevedet, \u00e9s t\u00e9gy vel\u00fcnk nagy irgalmass\u00e1god szerint. (D\u00e1n 3,31.29.30.43.42) K\u00f6ny\u00f6rg\u00e9s: Isten\u00fcnk, te legink\u00e1bb azzal mutatod meg mindenhat\u00f3s\u00e1godat, hogy k\u00f6ny\u00f6r\u00fcletes \u00e9s irgalmas vagy hozz\u00e1nk. \u00c1raszd re\u00e1nk sz\u00fcntelen\u00fcl kegyelmedet, hogy teljes odaad\u00e1ssal t\u00f6rekedj\u00fcnk az \u00f6r\u00f6k boldogs\u00e1gra, amelyet meg\u00edg\u00e9rt\u00e9l. A mi Urunk, J\u00e9zus Krisztus, a te Fiad \u00e1ltal, aki veled \u00e9l \u00e9s uralkodik a Szentl\u00e9lekkel egys\u00e9gben, Isten mind\u00f6r\u00f6kk\u00f6n \u00f6r\u00f6kk\u00e9. OLVASM\u00c1NY Ezekiel pr\u00f3f\u00e9ta k\u00f6nyv\u00e9b\u0151l (Ez 18,25-28) Amikor a b\u0171n\u00f6s elfordul a b\u0171nt\u0151l, amelyet elk\u00f6vetett, megmenti \u00e9let\u00e9t. \u00cdgy sz\u00f3l az \u00dar: \u201eAzt mondj\u00e1tok: Nem igazs\u00e1gos az \u00dar \u00fatja. Hallj\u00e1tok h\u00e1t, Izrael h\u00e1za: Vajon az \u00e9n utam nem igazs\u00e1gos? Nem ink\u00e1bb a ti \u00fatjaitok hamisak? Amikor az igaz elfordul az igazs\u00e1gt\u00f3l \u00e9s gonoszs\u00e1got m\u0171vel, akkor emiatt hal meg, vagyis elk\u00f6vetett gonoszs\u00e1ga miatt hal meg. Amikor a b\u0171n\u00f6s elfordul a b\u0171nt\u0151l, amelyet elk\u00f6vetett, s a t\u00f6rv\u00e9nyhez \u00e9s az igazs\u00e1ghoz igazodik, megmenti \u00e9let\u00e9t. Bel\u00e1tja b\u0171neit \u00e9s elfordul t\u0151l\u00fck, az\u00e9rt \u00e9letben marad \u00e9s nem hal meg.\u201d Ez az Isten ig\u00e9je. V\u00c1LASZOS ZSOLT\u00c1R (Zsolt 24,4bc-5.6-7.8-9) V\u00e1lasz:\u00a0Eml\u00e9kezz\u00e9l meg, Uram, * irgalmass\u00e1godr\u00f3l.\u00a04G. t\u00f3nus. El\u0151\u00e9nekes: Utaidat, Uram, mutasd meg nekem, * \u00f6sv\u00e9nyeidre tan\u00edts meg engem. Tan\u00edts \u00e9s vezess igazs\u00e1god szerint, \u2020 mert te vagy \u00fcdv\u00f6z\u00edt\u0151 Istenem, sz\u00fcntelen\u00fcl benned b\u00edzom. H\u00edvek: Eml\u00e9kezz\u00e9l meg, Uram, * irgalmass\u00e1godr\u00f3l. E: Irgalmass\u00e1godr\u00f3l eml\u00e9kezz\u00e9l meg, Uram, * \u00e9s k\u00f6ny\u00f6r\u00fcletess\u00e9gedr\u0151l, mely \u00f6r\u00f6kt\u0151l val\u00f3. Ne eml\u00e9kezz\u00e9l ifj\u00fas\u00e1gom b\u0171n\u00e9re \u00e9s v\u00e9tk\u00e9re, * j\u00f3s\u00e1godban, Uram, gondolj r\u00e1m irgalommal. H: Eml\u00e9kezz\u00e9l meg, Uram, * irgalmass\u00e1godr\u00f3l. E: Az \u00dar igazs\u00e1gos \u00e9s j\u00f3s\u00e1gos, * ez\u00e9rt a b\u0171n\u00f6s\u00f6knek is utat mutat. Az al\u00e1zatost a j\u00f3ban vez\u00e9rli, * a szel\u00eddet \u00fatj\u00e1ra tan\u00edtja. H: Eml\u00e9kezz\u00e9l meg, Uram, * irgalmass\u00e1godr\u00f3l. Hosszabb forma: SZENTLECKE Szent P\u00e1l apostolnak a filippiekhez \u00edrt level\u00e9b\u0151l (Fil 2,1-11 r\u00f6videbb: Fil 2,1-5) Ugyanazt a lelk\u00fcletet \u00e1polj\u00e1tok magatokban, amely Krisztus J\u00e9zusban volt! Testv\u00e9reim! Ha \u00e9r valamit a Krisztusban adott&#8230; <\/p>\n<p><a class=\"readmore\" href=\"https:\/\/stuttgarti-katolikusok.de\/index.php\/evkozi-26-vasarnap\/\">R\u00e9szletek<\/a><\/p>\n","protected":false},"author":3,"featured_media":27257,"comment_status":"closed","ping_status":"closed","sticky":false,"template":"","format":"standard","meta":{"footnotes":""},"categories":[85,63],"tags":[],"class_list":["post-27256","post","type-post","status-publish","format-standard","has-post-thumbnail","hentry","category-a-liturgia-olvasmanyai","category-vasarnapi-gondolatok"],"yoast_head":"<!-- This site is optimized with the Yoast SEO plugin v27.3 - https:\/\/yoast.com\/product\/yoast-seo-wordpress\/ -->\n<title>\u00c9vk\u00f6zi 26. vas\u00e1rnap - Stuttgarti Katolikusok<\/title>\n<meta name=\"robots\" content=\"index, follow, max-snippet:-1, max-image-preview:large, max-video-preview:-1\" \/>\n<link rel=\"canonical\" href=\"https:\/\/stuttgarti-katolikusok.de\/index.php\/evkozi-26-vasarnap\/\" \/>\n<meta property=\"og:locale\" content=\"hu_HU\" \/>\n<meta property=\"og:type\" content=\"article\" \/>\n<meta property=\"og:title\" content=\"\u00c9vk\u00f6zi 26. vas\u00e1rnap - Stuttgarti Katolikusok\" \/>\n<meta property=\"og:description\" content=\"Kezd\u0151\u00e9nek: Mindent igaz \u00edt\u00e9lettel cselekedt\u00e9l, Urunk, amit tett\u00e9l vel\u00fcnk, mert v\u00e9tkezt\u00fcnk ellened \u00e9s parancsaidnak nem engedelmeskedt\u00fcnk; m\u00e9gis dics\u0151\u00edtsd meg nevedet, \u00e9s t\u00e9gy vel\u00fcnk nagy irgalmass\u00e1god szerint. (D\u00e1n 3,31.29.30.43.42) K\u00f6ny\u00f6rg\u00e9s: Isten\u00fcnk, te legink\u00e1bb azzal mutatod meg mindenhat\u00f3s\u00e1godat, hogy k\u00f6ny\u00f6r\u00fcletes \u00e9s irgalmas vagy hozz\u00e1nk. \u00c1raszd re\u00e1nk sz\u00fcntelen\u00fcl kegyelmedet, hogy teljes odaad\u00e1ssal t\u00f6rekedj\u00fcnk az \u00f6r\u00f6k boldogs\u00e1gra, amelyet meg\u00edg\u00e9rt\u00e9l. A mi Urunk, J\u00e9zus Krisztus, a te Fiad \u00e1ltal, aki veled \u00e9l \u00e9s uralkodik a Szentl\u00e9lekkel egys\u00e9gben, Isten mind\u00f6r\u00f6kk\u00f6n \u00f6r\u00f6kk\u00e9. OLVASM\u00c1NY Ezekiel pr\u00f3f\u00e9ta k\u00f6nyv\u00e9b\u0151l (Ez 18,25-28) Amikor a b\u0171n\u00f6s elfordul a b\u0171nt\u0151l, amelyet elk\u00f6vetett, megmenti \u00e9let\u00e9t. \u00cdgy sz\u00f3l az \u00dar: \u201eAzt mondj\u00e1tok: Nem igazs\u00e1gos az \u00dar \u00fatja. Hallj\u00e1tok h\u00e1t, Izrael h\u00e1za: Vajon az \u00e9n utam nem igazs\u00e1gos? Nem ink\u00e1bb a ti \u00fatjaitok hamisak? Amikor az igaz elfordul az igazs\u00e1gt\u00f3l \u00e9s gonoszs\u00e1got m\u0171vel, akkor emiatt hal meg, vagyis elk\u00f6vetett gonoszs\u00e1ga miatt hal meg. Amikor a b\u0171n\u00f6s elfordul a b\u0171nt\u0151l, amelyet elk\u00f6vetett, s a t\u00f6rv\u00e9nyhez \u00e9s az igazs\u00e1ghoz igazodik, megmenti \u00e9let\u00e9t. Bel\u00e1tja b\u0171neit \u00e9s elfordul t\u0151l\u00fck, az\u00e9rt \u00e9letben marad \u00e9s nem hal meg.\u201d Ez az Isten ig\u00e9je. V\u00c1LASZOS ZSOLT\u00c1R (Zsolt 24,4bc-5.6-7.8-9) V\u00e1lasz:\u00a0Eml\u00e9kezz\u00e9l meg, Uram, * irgalmass\u00e1godr\u00f3l.\u00a04G. t\u00f3nus. El\u0151\u00e9nekes: Utaidat, Uram, mutasd meg nekem, * \u00f6sv\u00e9nyeidre tan\u00edts meg engem. Tan\u00edts \u00e9s vezess igazs\u00e1god szerint, \u2020 mert te vagy \u00fcdv\u00f6z\u00edt\u0151 Istenem, sz\u00fcntelen\u00fcl benned b\u00edzom. H\u00edvek: Eml\u00e9kezz\u00e9l meg, Uram, * irgalmass\u00e1godr\u00f3l. E: Irgalmass\u00e1godr\u00f3l eml\u00e9kezz\u00e9l meg, Uram, * \u00e9s k\u00f6ny\u00f6r\u00fcletess\u00e9gedr\u0151l, mely \u00f6r\u00f6kt\u0151l val\u00f3. Ne eml\u00e9kezz\u00e9l ifj\u00fas\u00e1gom b\u0171n\u00e9re \u00e9s v\u00e9tk\u00e9re, * j\u00f3s\u00e1godban, Uram, gondolj r\u00e1m irgalommal. H: Eml\u00e9kezz\u00e9l meg, Uram, * irgalmass\u00e1godr\u00f3l. E: Az \u00dar igazs\u00e1gos \u00e9s j\u00f3s\u00e1gos, * ez\u00e9rt a b\u0171n\u00f6s\u00f6knek is utat mutat. Az al\u00e1zatost a j\u00f3ban vez\u00e9rli, * a szel\u00eddet \u00fatj\u00e1ra tan\u00edtja. H: Eml\u00e9kezz\u00e9l meg, Uram, * irgalmass\u00e1godr\u00f3l. Hosszabb forma: SZENTLECKE Szent P\u00e1l apostolnak a filippiekhez \u00edrt level\u00e9b\u0151l (Fil 2,1-11 r\u00f6videbb: Fil 2,1-5) Ugyanazt a lelk\u00fcletet \u00e1polj\u00e1tok magatokban, amely Krisztus J\u00e9zusban volt! Testv\u00e9reim! Ha \u00e9r valamit a Krisztusban adott... R\u00e9szletek\" \/>\n<meta property=\"og:url\" content=\"https:\/\/stuttgarti-katolikusok.de\/index.php\/evkozi-26-vasarnap\/\" \/>\n<meta property=\"og:site_name\" content=\"Stuttgarti Katolikusok\" \/>\n<meta property=\"article:published_time\" content=\"2023-09-30T11:57:20+00:00\" \/>\n<meta property=\"og:image\" content=\"https:\/\/stuttgarti-katolikusok.de\/wp-content\/uploads\/2023\/09\/os37.jpg\" \/>\n\t<meta property=\"og:image:width\" content=\"1080\" \/>\n\t<meta property=\"og:image:height\" content=\"1050\" \/>\n\t<meta property=\"og:image:type\" content=\"image\/jpeg\" \/>\n<meta name=\"author\" content=\"Tibor atya\" \/>\n<meta name=\"twitter:card\" content=\"summary_large_image\" \/>\n<meta name=\"twitter:label1\" content=\"Szerz\u0151:\" \/>\n\t<meta name=\"twitter:data1\" content=\"Tibor atya\" \/>\n\t<meta name=\"twitter:label2\" content=\"Becs\u00fclt olvas\u00e1si id\u0151\" \/>\n\t<meta name=\"twitter:data2\" content=\"5 perc\" \/>\n<script type=\"application\/ld+json\" class=\"yoast-schema-graph\">{\"@context\":\"https:\\\/\\\/schema.org\",\"@graph\":[{\"@type\":\"Article\",\"@id\":\"https:\\\/\\\/stuttgarti-katolikusok.de\\\/index.php\\\/evkozi-26-vasarnap\\\/#article\",\"isPartOf\":{\"@id\":\"https:\\\/\\\/stuttgarti-katolikusok.de\\\/index.php\\\/evkozi-26-vasarnap\\\/\"},\"author\":{\"name\":\"Tibor atya\",\"@id\":\"https:\\\/\\\/stuttgarti-katolikusok.de\\\/#\\\/schema\\\/person\\\/75908d6f8fdc03a57889d27209df7795\"},\"headline\":\"\u00c9vk\u00f6zi 26. vas\u00e1rnap\",\"datePublished\":\"2023-09-30T11:57:20+00:00\",\"mainEntityOfPage\":{\"@id\":\"https:\\\/\\\/stuttgarti-katolikusok.de\\\/index.php\\\/evkozi-26-vasarnap\\\/\"},\"wordCount\":1265,\"image\":{\"@id\":\"https:\\\/\\\/stuttgarti-katolikusok.de\\\/index.php\\\/evkozi-26-vasarnap\\\/#primaryimage\"},\"thumbnailUrl\":\"https:\\\/\\\/stuttgarti-katolikusok.de\\\/wp-content\\\/uploads\\\/2023\\\/09\\\/os37.jpg\",\"articleSection\":[\"A liturgia olvasm\u00e1nyai\",\"Vas\u00e1rnapi gondolatok\"],\"inLanguage\":\"hu\"},{\"@type\":\"WebPage\",\"@id\":\"https:\\\/\\\/stuttgarti-katolikusok.de\\\/index.php\\\/evkozi-26-vasarnap\\\/\",\"url\":\"https:\\\/\\\/stuttgarti-katolikusok.de\\\/index.php\\\/evkozi-26-vasarnap\\\/\",\"name\":\"\u00c9vk\u00f6zi 26. vas\u00e1rnap - Stuttgarti Katolikusok\",\"isPartOf\":{\"@id\":\"https:\\\/\\\/stuttgarti-katolikusok.de\\\/#website\"},\"primaryImageOfPage\":{\"@id\":\"https:\\\/\\\/stuttgarti-katolikusok.de\\\/index.php\\\/evkozi-26-vasarnap\\\/#primaryimage\"},\"image\":{\"@id\":\"https:\\\/\\\/stuttgarti-katolikusok.de\\\/index.php\\\/evkozi-26-vasarnap\\\/#primaryimage\"},\"thumbnailUrl\":\"https:\\\/\\\/stuttgarti-katolikusok.de\\\/wp-content\\\/uploads\\\/2023\\\/09\\\/os37.jpg\",\"datePublished\":\"2023-09-30T11:57:20+00:00\",\"author\":{\"@id\":\"https:\\\/\\\/stuttgarti-katolikusok.de\\\/#\\\/schema\\\/person\\\/75908d6f8fdc03a57889d27209df7795\"},\"breadcrumb\":{\"@id\":\"https:\\\/\\\/stuttgarti-katolikusok.de\\\/index.php\\\/evkozi-26-vasarnap\\\/#breadcrumb\"},\"inLanguage\":\"hu\",\"potentialAction\":[{\"@type\":\"ReadAction\",\"target\":[\"https:\\\/\\\/stuttgarti-katolikusok.de\\\/index.php\\\/evkozi-26-vasarnap\\\/\"]}]},{\"@type\":\"ImageObject\",\"inLanguage\":\"hu\",\"@id\":\"https:\\\/\\\/stuttgarti-katolikusok.de\\\/index.php\\\/evkozi-26-vasarnap\\\/#primaryimage\",\"url\":\"https:\\\/\\\/stuttgarti-katolikusok.de\\\/wp-content\\\/uploads\\\/2023\\\/09\\\/os37.jpg\",\"contentUrl\":\"https:\\\/\\\/stuttgarti-katolikusok.de\\\/wp-content\\\/uploads\\\/2023\\\/09\\\/os37.jpg\",\"width\":1080,\"height\":1050},{\"@type\":\"BreadcrumbList\",\"@id\":\"https:\\\/\\\/stuttgarti-katolikusok.de\\\/index.php\\\/evkozi-26-vasarnap\\\/#breadcrumb\",\"itemListElement\":[{\"@type\":\"ListItem\",\"position\":1,\"name\":\"Kezd\u0151lap\",\"item\":\"https:\\\/\\\/stuttgarti-katolikusok.de\\\/\"},{\"@type\":\"ListItem\",\"position\":2,\"name\":\"\u00c9vk\u00f6zi 26. vas\u00e1rnap\"}]},{\"@type\":\"WebSite\",\"@id\":\"https:\\\/\\\/stuttgarti-katolikusok.de\\\/#website\",\"url\":\"https:\\\/\\\/stuttgarti-katolikusok.de\\\/\",\"name\":\"Stuttgarti Katolikusok\",\"description\":\"\",\"potentialAction\":[{\"@type\":\"SearchAction\",\"target\":{\"@type\":\"EntryPoint\",\"urlTemplate\":\"https:\\\/\\\/stuttgarti-katolikusok.de\\\/?s={search_term_string}\"},\"query-input\":{\"@type\":\"PropertyValueSpecification\",\"valueRequired\":true,\"valueName\":\"search_term_string\"}}],\"inLanguage\":\"hu\"},{\"@type\":\"Person\",\"@id\":\"https:\\\/\\\/stuttgarti-katolikusok.de\\\/#\\\/schema\\\/person\\\/75908d6f8fdc03a57889d27209df7795\",\"name\":\"Tibor atya\",\"image\":{\"@type\":\"ImageObject\",\"inLanguage\":\"hu\",\"@id\":\"https:\\\/\\\/secure.gravatar.com\\\/avatar\\\/61d268e57d1f4525b111222e29d2d5a7f8c420fdbf231ba5566a8ceac74fa960?s=96&d=mm&r=g\",\"url\":\"https:\\\/\\\/secure.gravatar.com\\\/avatar\\\/61d268e57d1f4525b111222e29d2d5a7f8c420fdbf231ba5566a8ceac74fa960?s=96&d=mm&r=g\",\"contentUrl\":\"https:\\\/\\\/secure.gravatar.com\\\/avatar\\\/61d268e57d1f4525b111222e29d2d5a7f8c420fdbf231ba5566a8ceac74fa960?s=96&d=mm&r=g\",\"caption\":\"Tibor atya\"},\"url\":\"https:\\\/\\\/stuttgarti-katolikusok.de\\\/index.php\\\/author\\\/tibor-atya\\\/\"}]}<\/script>\n<!-- \/ Yoast SEO plugin. -->","yoast_head_json":{"title":"\u00c9vk\u00f6zi 26. vas\u00e1rnap - Stuttgarti Katolikusok","robots":{"index":"index","follow":"follow","max-snippet":"max-snippet:-1","max-image-preview":"max-image-preview:large","max-video-preview":"max-video-preview:-1"},"canonical":"https:\/\/stuttgarti-katolikusok.de\/index.php\/evkozi-26-vasarnap\/","og_locale":"hu_HU","og_type":"article","og_title":"\u00c9vk\u00f6zi 26. vas\u00e1rnap - Stuttgarti Katolikusok","og_description":"Kezd\u0151\u00e9nek: Mindent igaz \u00edt\u00e9lettel cselekedt\u00e9l, Urunk, amit tett\u00e9l vel\u00fcnk, mert v\u00e9tkezt\u00fcnk ellened \u00e9s parancsaidnak nem engedelmeskedt\u00fcnk; m\u00e9gis dics\u0151\u00edtsd meg nevedet, \u00e9s t\u00e9gy vel\u00fcnk nagy irgalmass\u00e1god szerint. (D\u00e1n 3,31.29.30.43.42) K\u00f6ny\u00f6rg\u00e9s: Isten\u00fcnk, te legink\u00e1bb azzal mutatod meg mindenhat\u00f3s\u00e1godat, hogy k\u00f6ny\u00f6r\u00fcletes \u00e9s irgalmas vagy hozz\u00e1nk. \u00c1raszd re\u00e1nk sz\u00fcntelen\u00fcl kegyelmedet, hogy teljes odaad\u00e1ssal t\u00f6rekedj\u00fcnk az \u00f6r\u00f6k boldogs\u00e1gra, amelyet meg\u00edg\u00e9rt\u00e9l. A mi Urunk, J\u00e9zus Krisztus, a te Fiad \u00e1ltal, aki veled \u00e9l \u00e9s uralkodik a Szentl\u00e9lekkel egys\u00e9gben, Isten mind\u00f6r\u00f6kk\u00f6n \u00f6r\u00f6kk\u00e9. OLVASM\u00c1NY Ezekiel pr\u00f3f\u00e9ta k\u00f6nyv\u00e9b\u0151l (Ez 18,25-28) Amikor a b\u0171n\u00f6s elfordul a b\u0171nt\u0151l, amelyet elk\u00f6vetett, megmenti \u00e9let\u00e9t. \u00cdgy sz\u00f3l az \u00dar: \u201eAzt mondj\u00e1tok: Nem igazs\u00e1gos az \u00dar \u00fatja. Hallj\u00e1tok h\u00e1t, Izrael h\u00e1za: Vajon az \u00e9n utam nem igazs\u00e1gos? Nem ink\u00e1bb a ti \u00fatjaitok hamisak? Amikor az igaz elfordul az igazs\u00e1gt\u00f3l \u00e9s gonoszs\u00e1got m\u0171vel, akkor emiatt hal meg, vagyis elk\u00f6vetett gonoszs\u00e1ga miatt hal meg. Amikor a b\u0171n\u00f6s elfordul a b\u0171nt\u0151l, amelyet elk\u00f6vetett, s a t\u00f6rv\u00e9nyhez \u00e9s az igazs\u00e1ghoz igazodik, megmenti \u00e9let\u00e9t. Bel\u00e1tja b\u0171neit \u00e9s elfordul t\u0151l\u00fck, az\u00e9rt \u00e9letben marad \u00e9s nem hal meg.\u201d Ez az Isten ig\u00e9je. V\u00c1LASZOS ZSOLT\u00c1R (Zsolt 24,4bc-5.6-7.8-9) V\u00e1lasz:\u00a0Eml\u00e9kezz\u00e9l meg, Uram, * irgalmass\u00e1godr\u00f3l.\u00a04G. t\u00f3nus. El\u0151\u00e9nekes: Utaidat, Uram, mutasd meg nekem, * \u00f6sv\u00e9nyeidre tan\u00edts meg engem. Tan\u00edts \u00e9s vezess igazs\u00e1god szerint, \u2020 mert te vagy \u00fcdv\u00f6z\u00edt\u0151 Istenem, sz\u00fcntelen\u00fcl benned b\u00edzom. H\u00edvek: Eml\u00e9kezz\u00e9l meg, Uram, * irgalmass\u00e1godr\u00f3l. E: Irgalmass\u00e1godr\u00f3l eml\u00e9kezz\u00e9l meg, Uram, * \u00e9s k\u00f6ny\u00f6r\u00fcletess\u00e9gedr\u0151l, mely \u00f6r\u00f6kt\u0151l val\u00f3. Ne eml\u00e9kezz\u00e9l ifj\u00fas\u00e1gom b\u0171n\u00e9re \u00e9s v\u00e9tk\u00e9re, * j\u00f3s\u00e1godban, Uram, gondolj r\u00e1m irgalommal. H: Eml\u00e9kezz\u00e9l meg, Uram, * irgalmass\u00e1godr\u00f3l. E: Az \u00dar igazs\u00e1gos \u00e9s j\u00f3s\u00e1gos, * ez\u00e9rt a b\u0171n\u00f6s\u00f6knek is utat mutat. Az al\u00e1zatost a j\u00f3ban vez\u00e9rli, * a szel\u00eddet \u00fatj\u00e1ra tan\u00edtja. H: Eml\u00e9kezz\u00e9l meg, Uram, * irgalmass\u00e1godr\u00f3l. Hosszabb forma: SZENTLECKE Szent P\u00e1l apostolnak a filippiekhez \u00edrt level\u00e9b\u0151l (Fil 2,1-11 r\u00f6videbb: Fil 2,1-5) Ugyanazt a lelk\u00fcletet \u00e1polj\u00e1tok magatokban, amely Krisztus J\u00e9zusban volt! Testv\u00e9reim! Ha \u00e9r valamit a Krisztusban adott... R\u00e9szletek","og_url":"https:\/\/stuttgarti-katolikusok.de\/index.php\/evkozi-26-vasarnap\/","og_site_name":"Stuttgarti Katolikusok","article_published_time":"2023-09-30T11:57:20+00:00","og_image":[{"width":1080,"height":1050,"url":"https:\/\/stuttgarti-katolikusok.de\/wp-content\/uploads\/2023\/09\/os37.jpg","type":"image\/jpeg"}],"author":"Tibor atya","twitter_card":"summary_large_image","twitter_misc":{"Szerz\u0151:":"Tibor atya","Becs\u00fclt olvas\u00e1si id\u0151":"5 perc"},"schema":{"@context":"https:\/\/schema.org","@graph":[{"@type":"Article","@id":"https:\/\/stuttgarti-katolikusok.de\/index.php\/evkozi-26-vasarnap\/#article","isPartOf":{"@id":"https:\/\/stuttgarti-katolikusok.de\/index.php\/evkozi-26-vasarnap\/"},"author":{"name":"Tibor atya","@id":"https:\/\/stuttgarti-katolikusok.de\/#\/schema\/person\/75908d6f8fdc03a57889d27209df7795"},"headline":"\u00c9vk\u00f6zi 26. vas\u00e1rnap","datePublished":"2023-09-30T11:57:20+00:00","mainEntityOfPage":{"@id":"https:\/\/stuttgarti-katolikusok.de\/index.php\/evkozi-26-vasarnap\/"},"wordCount":1265,"image":{"@id":"https:\/\/stuttgarti-katolikusok.de\/index.php\/evkozi-26-vasarnap\/#primaryimage"},"thumbnailUrl":"https:\/\/stuttgarti-katolikusok.de\/wp-content\/uploads\/2023\/09\/os37.jpg","articleSection":["A liturgia olvasm\u00e1nyai","Vas\u00e1rnapi gondolatok"],"inLanguage":"hu"},{"@type":"WebPage","@id":"https:\/\/stuttgarti-katolikusok.de\/index.php\/evkozi-26-vasarnap\/","url":"https:\/\/stuttgarti-katolikusok.de\/index.php\/evkozi-26-vasarnap\/","name":"\u00c9vk\u00f6zi 26. vas\u00e1rnap - Stuttgarti Katolikusok","isPartOf":{"@id":"https:\/\/stuttgarti-katolikusok.de\/#website"},"primaryImageOfPage":{"@id":"https:\/\/stuttgarti-katolikusok.de\/index.php\/evkozi-26-vasarnap\/#primaryimage"},"image":{"@id":"https:\/\/stuttgarti-katolikusok.de\/index.php\/evkozi-26-vasarnap\/#primaryimage"},"thumbnailUrl":"https:\/\/stuttgarti-katolikusok.de\/wp-content\/uploads\/2023\/09\/os37.jpg","datePublished":"2023-09-30T11:57:20+00:00","author":{"@id":"https:\/\/stuttgarti-katolikusok.de\/#\/schema\/person\/75908d6f8fdc03a57889d27209df7795"},"breadcrumb":{"@id":"https:\/\/stuttgarti-katolikusok.de\/index.php\/evkozi-26-vasarnap\/#breadcrumb"},"inLanguage":"hu","potentialAction":[{"@type":"ReadAction","target":["https:\/\/stuttgarti-katolikusok.de\/index.php\/evkozi-26-vasarnap\/"]}]},{"@type":"ImageObject","inLanguage":"hu","@id":"https:\/\/stuttgarti-katolikusok.de\/index.php\/evkozi-26-vasarnap\/#primaryimage","url":"https:\/\/stuttgarti-katolikusok.de\/wp-content\/uploads\/2023\/09\/os37.jpg","contentUrl":"https:\/\/stuttgarti-katolikusok.de\/wp-content\/uploads\/2023\/09\/os37.jpg","width":1080,"height":1050},{"@type":"BreadcrumbList","@id":"https:\/\/stuttgarti-katolikusok.de\/index.php\/evkozi-26-vasarnap\/#breadcrumb","itemListElement":[{"@type":"ListItem","position":1,"name":"Kezd\u0151lap","item":"https:\/\/stuttgarti-katolikusok.de\/"},{"@type":"ListItem","position":2,"name":"\u00c9vk\u00f6zi 26. vas\u00e1rnap"}]},{"@type":"WebSite","@id":"https:\/\/stuttgarti-katolikusok.de\/#website","url":"https:\/\/stuttgarti-katolikusok.de\/","name":"Stuttgarti Katolikusok","description":"","potentialAction":[{"@type":"SearchAction","target":{"@type":"EntryPoint","urlTemplate":"https:\/\/stuttgarti-katolikusok.de\/?s={search_term_string}"},"query-input":{"@type":"PropertyValueSpecification","valueRequired":true,"valueName":"search_term_string"}}],"inLanguage":"hu"},{"@type":"Person","@id":"https:\/\/stuttgarti-katolikusok.de\/#\/schema\/person\/75908d6f8fdc03a57889d27209df7795","name":"Tibor atya","image":{"@type":"ImageObject","inLanguage":"hu","@id":"https:\/\/secure.gravatar.com\/avatar\/61d268e57d1f4525b111222e29d2d5a7f8c420fdbf231ba5566a8ceac74fa960?s=96&d=mm&r=g","url":"https:\/\/secure.gravatar.com\/avatar\/61d268e57d1f4525b111222e29d2d5a7f8c420fdbf231ba5566a8ceac74fa960?s=96&d=mm&r=g","contentUrl":"https:\/\/secure.gravatar.com\/avatar\/61d268e57d1f4525b111222e29d2d5a7f8c420fdbf231ba5566a8ceac74fa960?s=96&d=mm&r=g","caption":"Tibor atya"},"url":"https:\/\/stuttgarti-katolikusok.de\/index.php\/author\/tibor-atya\/"}]}},"_links":{"self":[{"href":"https:\/\/stuttgarti-katolikusok.de\/index.php\/wp-json\/wp\/v2\/posts\/27256","targetHints":{"allow":["GET"]}}],"collection":[{"href":"https:\/\/stuttgarti-katolikusok.de\/index.php\/wp-json\/wp\/v2\/posts"}],"about":[{"href":"https:\/\/stuttgarti-katolikusok.de\/index.php\/wp-json\/wp\/v2\/types\/post"}],"author":[{"embeddable":true,"href":"https:\/\/stuttgarti-katolikusok.de\/index.php\/wp-json\/wp\/v2\/users\/3"}],"replies":[{"embeddable":true,"href":"https:\/\/stuttgarti-katolikusok.de\/index.php\/wp-json\/wp\/v2\/comments?post=27256"}],"version-history":[{"count":1,"href":"https:\/\/stuttgarti-katolikusok.de\/index.php\/wp-json\/wp\/v2\/posts\/27256\/revisions"}],"predecessor-version":[{"id":27258,"href":"https:\/\/stuttgarti-katolikusok.de\/index.php\/wp-json\/wp\/v2\/posts\/27256\/revisions\/27258"}],"wp:featuredmedia":[{"embeddable":true,"href":"https:\/\/stuttgarti-katolikusok.de\/index.php\/wp-json\/wp\/v2\/media\/27257"}],"wp:attachment":[{"href":"https:\/\/stuttgarti-katolikusok.de\/index.php\/wp-json\/wp\/v2\/media?parent=27256"}],"wp:term":[{"taxonomy":"category","embeddable":true,"href":"https:\/\/stuttgarti-katolikusok.de\/index.php\/wp-json\/wp\/v2\/categories?post=27256"},{"taxonomy":"post_tag","embeddable":true,"href":"https:\/\/stuttgarti-katolikusok.de\/index.php\/wp-json\/wp\/v2\/tags?post=27256"}],"curies":[{"name":"wp","href":"https:\/\/api.w.org\/{rel}","templated":true}]}}