{"id":27226,"date":"2023-09-26T00:01:47","date_gmt":"2023-09-25T22:01:47","guid":{"rendered":"https:\/\/stuttgarti-katolikusok.de\/?p=27226"},"modified":"2023-09-26T00:34:39","modified_gmt":"2023-09-25T22:34:39","slug":"2023-szeptember-25-es-oktober-1-kozott","status":"publish","type":"post","link":"https:\/\/stuttgarti-katolikusok.de\/index.php\/2023-szeptember-25-es-oktober-1-kozott\/","title":{"rendered":"2023 SZEPTEMBER 25 \u00c9S OKT\u00d3BER 1 K\u00d6Z\u00d6TT"},"content":{"rendered":"<p><span style=\"color: #339966;\"><strong>Programel\u0151zetes<\/strong><\/span><\/p>\n<p style=\"text-align: center;\"><span style=\"color: #339966;\"><strong>*<\/strong><\/span><\/p>\n<p><strong>Szeptember 28-\u00e1n<\/strong>, cs\u00fct\u00f6rt\u00f6k\u00f6n, <em><strong>Weingarteni d\u00e9lut\u00e1n<\/strong><\/em>, a <em>14 Nothelfer Kapelle<\/em>-ben 18.00 \u00f3rakor <em>szentmise<\/em>, el\u0151tte <em>r\u00f3zsaf\u00fcz\u00e9rt im\u00e1dkozunk<\/em>. Szentmise keret\u00e9ben <em>katek\u00e9zis.<\/em><\/p>\n<p style=\"text-align: center;\"><span style=\"color: #339966;\"><strong>*<\/strong><\/span><\/p>\n<p><strong>Szeptember 29-\u00e9n<\/strong>, p\u00e9nteken<em>,\u00a0<strong>Stuttgarti d\u00e9lut\u00e1n<\/strong><\/em><em>,<\/em><\/p>\n<p>17.30 \u00f3rakor <em>szentmise,\u00a0<\/em><\/p>\n<p><em>18.00 \u00f3rakor <strong>Bar\u00e1ts\u00e1gklub.<\/strong><\/em><\/p>\n<p style=\"text-align: center;\"><a href=\"https:\/\/stuttgarti-katolikusok.de\/wp-content\/uploads\/2023\/09\/szentgyorgyimeghivo-2023-szeptember-29.jpg\"><img loading=\"lazy\" decoding=\"async\" class=\"alignnone  wp-image-27235\" src=\"https:\/\/stuttgarti-katolikusok.de\/wp-content\/uploads\/2023\/09\/szentgyorgyimeghivo-2023-szeptember-29.jpg\" alt=\"\" width=\"562\" height=\"794\" srcset=\"https:\/\/stuttgarti-katolikusok.de\/wp-content\/uploads\/2023\/09\/szentgyorgyimeghivo-2023-szeptember-29.jpg 1654w, https:\/\/stuttgarti-katolikusok.de\/wp-content\/uploads\/2023\/09\/szentgyorgyimeghivo-2023-szeptember-29-212x300.jpg 212w, https:\/\/stuttgarti-katolikusok.de\/wp-content\/uploads\/2023\/09\/szentgyorgyimeghivo-2023-szeptember-29-724x1024.jpg 724w, https:\/\/stuttgarti-katolikusok.de\/wp-content\/uploads\/2023\/09\/szentgyorgyimeghivo-2023-szeptember-29-1086x1536.jpg 1086w, https:\/\/stuttgarti-katolikusok.de\/wp-content\/uploads\/2023\/09\/szentgyorgyimeghivo-2023-szeptember-29-1448x2048.jpg 1448w\" sizes=\"auto, (max-width: 562px) 100vw, 562px\" \/><\/a><\/p>\n<p style=\"text-align: center;\"><span style=\"color: #339966;\"><em><strong>\u00a0*<\/strong><\/em><\/span><\/p>\n<p><strong>Okt\u00f3ber 1-j\u00e9n<\/strong>,<span style=\"color: #339966;\"><strong><em> \u00c9vk\u00f6zi 26. vas\u00e1rnap<\/em><\/strong><\/span><em>,<\/em><\/p>\n<p><strong>Schw\u00e4bisch-Gm\u00fcndben <\/strong>9.30 \u00f3rakor<em> szentmise, <\/em>ut\u00e1na\u00a0<em>agap\u00e9,<\/em><\/p>\n<p><strong>Stuttgartban <\/strong>15.00 \u00f3rakor<em> szentmise. <\/em>Els\u0151vas\u00e1rnap l\u00e9v\u00e9n, <em>gyermekmise<\/em>, v\u00e1rjuk szeretettel a gyermekeket a sz\u00fcl\u0151kkel egy\u00fctt, ut\u00e1na <em>agap\u00e9.<\/em><\/p>\n<p style=\"text-align: center;\"><em>\u00a0<\/em><span style=\"color: #339966;\"><strong>*<\/strong><\/span><\/p>\n<p>Minden helyen mindenkit szeretettel v\u00e1r a k\u00f6z\u00f6ss\u00e9g \u00e9s Tibor atya!<\/p>\n<p style=\"text-align: center;\"><span style=\"color: #339966;\"><strong>*<\/strong><\/span><\/p>\n<p><strong> <a href=\"https:\/\/stuttgarti-katolikusok.de\/wp-content\/uploads\/2023\/09\/osz25.jpg\"><img loading=\"lazy\" decoding=\"async\" class=\"wp-image-27227 aligncenter\" src=\"https:\/\/stuttgarti-katolikusok.de\/wp-content\/uploads\/2023\/09\/osz25.jpg\" alt=\"\" width=\"522\" height=\"592\" srcset=\"https:\/\/stuttgarti-katolikusok.de\/wp-content\/uploads\/2023\/09\/osz25.jpg 1074w, https:\/\/stuttgarti-katolikusok.de\/wp-content\/uploads\/2023\/09\/osz25-264x300.jpg 264w, https:\/\/stuttgarti-katolikusok.de\/wp-content\/uploads\/2023\/09\/osz25-902x1024.jpg 902w\" sizes=\"auto, (max-width: 522px) 100vw, 522px\" \/><\/a><\/strong><\/p>\n<p style=\"text-align: center;\"><span style=\"color: #339966;\"><strong>*<\/strong><\/span><\/p>\n<p><span style=\"color: #339966;\">\u201eAz igazi szeretet ott kezd\u0151dik, ahol m\u00e1r nem v\u00e1rsz \u00e9rte viszonz\u00e1st\u201d<\/span><\/p>\n<p><span style=\"color: #339966;\"><em>(Antonie de Saint-Exup\u00e9ry)<\/em><\/span><\/p>\n<p style=\"text-align: center;\"><span style=\"color: #339966;\"><strong>*<\/strong><\/span><\/p>\n<p><span style=\"color: #339966;\"><strong><em>Bens\u0151s\u00e9ges \u0151szi napokat, j\u00f3 munk\u00e1t, tartalmas besz\u00e9lget\u00e9seket \u00e9s \u00f6r\u00f6mteli tal\u00e1lkoz\u00e1sokat k\u00edv\u00e1nunk minden Kedves H\u00edv\u00fcnknek!<\/em><\/strong><\/span><\/p>\n<p><em>(K\u00e9pek forr\u00e1sai: Instagram)<\/em><\/p>\n","protected":false},"excerpt":{"rendered":"<p>Programel\u0151zetes * Szeptember 28-\u00e1n, cs\u00fct\u00f6rt\u00f6k\u00f6n, Weingarteni d\u00e9lut\u00e1n, a 14 Nothelfer Kapelle-ben 18.00 \u00f3rakor szentmise, el\u0151tte r\u00f3zsaf\u00fcz\u00e9rt im\u00e1dkozunk. Szentmise keret\u00e9ben katek\u00e9zis. * Szeptember 29-\u00e9n, p\u00e9nteken,\u00a0Stuttgarti d\u00e9lut\u00e1n, 17.30 \u00f3rakor szentmise,\u00a0 18.00 \u00f3rakor Bar\u00e1ts\u00e1gklub. \u00a0* Okt\u00f3ber 1-j\u00e9n, \u00c9vk\u00f6zi 26. vas\u00e1rnap, Schw\u00e4bisch-Gm\u00fcndben 9.30 \u00f3rakor szentmise, ut\u00e1na\u00a0agap\u00e9, Stuttgartban 15.00 \u00f3rakor szentmise. Els\u0151vas\u00e1rnap l\u00e9v\u00e9n, gyermekmise, v\u00e1rjuk szeretettel a gyermekeket a sz\u00fcl\u0151kkel egy\u00fctt, ut\u00e1na agap\u00e9. \u00a0* Minden helyen mindenkit szeretettel v\u00e1r a k\u00f6z\u00f6ss\u00e9g \u00e9s Tibor atya! * * \u201eAz igazi szeretet ott kezd\u0151dik, ahol m\u00e1r nem v\u00e1rsz \u00e9rte viszonz\u00e1st\u201d (Antonie de Saint-Exup\u00e9ry) * Bens\u0151s\u00e9ges \u0151szi napokat, j\u00f3 munk\u00e1t, tartalmas besz\u00e9lget\u00e9seket \u00e9s \u00f6r\u00f6mteli tal\u00e1lkoz\u00e1sokat k\u00edv\u00e1nunk minden Kedves H\u00edv\u00fcnknek! (K\u00e9pek forr\u00e1sai: Instagram)<\/p>\n","protected":false},"author":3,"featured_media":27228,"comment_status":"closed","ping_status":"closed","sticky":false,"template":"","format":"standard","meta":{"footnotes":""},"categories":[37],"tags":[],"class_list":["post-27226","post","type-post","status-publish","format-standard","has-post-thumbnail","hentry","category-progamelozetes"],"yoast_head":"<!-- This site is optimized with the Yoast SEO plugin v27.3 - https:\/\/yoast.com\/product\/yoast-seo-wordpress\/ -->\n<title>2023 SZEPTEMBER 25 \u00c9S OKT\u00d3BER 1 K\u00d6Z\u00d6TT - Stuttgarti Katolikusok<\/title>\n<meta name=\"robots\" content=\"index, follow, max-snippet:-1, max-image-preview:large, max-video-preview:-1\" \/>\n<link rel=\"canonical\" href=\"https:\/\/stuttgarti-katolikusok.de\/index.php\/2023-szeptember-25-es-oktober-1-kozott\/\" \/>\n<meta property=\"og:locale\" content=\"hu_HU\" \/>\n<meta property=\"og:type\" content=\"article\" \/>\n<meta property=\"og:title\" content=\"2023 SZEPTEMBER 25 \u00c9S OKT\u00d3BER 1 K\u00d6Z\u00d6TT - Stuttgarti Katolikusok\" \/>\n<meta property=\"og:description\" content=\"Programel\u0151zetes * Szeptember 28-\u00e1n, cs\u00fct\u00f6rt\u00f6k\u00f6n, Weingarteni d\u00e9lut\u00e1n, a 14 Nothelfer Kapelle-ben 18.00 \u00f3rakor szentmise, el\u0151tte r\u00f3zsaf\u00fcz\u00e9rt im\u00e1dkozunk. Szentmise keret\u00e9ben katek\u00e9zis. * Szeptember 29-\u00e9n, p\u00e9nteken,\u00a0Stuttgarti d\u00e9lut\u00e1n, 17.30 \u00f3rakor szentmise,\u00a0 18.00 \u00f3rakor Bar\u00e1ts\u00e1gklub. \u00a0* Okt\u00f3ber 1-j\u00e9n, \u00c9vk\u00f6zi 26. vas\u00e1rnap, Schw\u00e4bisch-Gm\u00fcndben 9.30 \u00f3rakor szentmise, ut\u00e1na\u00a0agap\u00e9, Stuttgartban 15.00 \u00f3rakor szentmise. Els\u0151vas\u00e1rnap l\u00e9v\u00e9n, gyermekmise, v\u00e1rjuk szeretettel a gyermekeket a sz\u00fcl\u0151kkel egy\u00fctt, ut\u00e1na agap\u00e9. \u00a0* Minden helyen mindenkit szeretettel v\u00e1r a k\u00f6z\u00f6ss\u00e9g \u00e9s Tibor atya! * * \u201eAz igazi szeretet ott kezd\u0151dik, ahol m\u00e1r nem v\u00e1rsz \u00e9rte viszonz\u00e1st\u201d (Antonie de Saint-Exup\u00e9ry) * Bens\u0151s\u00e9ges \u0151szi napokat, j\u00f3 munk\u00e1t, tartalmas besz\u00e9lget\u00e9seket \u00e9s \u00f6r\u00f6mteli tal\u00e1lkoz\u00e1sokat k\u00edv\u00e1nunk minden Kedves H\u00edv\u00fcnknek! (K\u00e9pek forr\u00e1sai: Instagram)\" \/>\n<meta property=\"og:url\" content=\"https:\/\/stuttgarti-katolikusok.de\/index.php\/2023-szeptember-25-es-oktober-1-kozott\/\" \/>\n<meta property=\"og:site_name\" content=\"Stuttgarti Katolikusok\" \/>\n<meta property=\"article:published_time\" content=\"2023-09-25T22:01:47+00:00\" \/>\n<meta property=\"article:modified_time\" content=\"2023-09-25T22:34:39+00:00\" \/>\n<meta property=\"og:image\" content=\"https:\/\/stuttgarti-katolikusok.de\/wp-content\/uploads\/2023\/09\/osz19.jpg\" \/>\n\t<meta property=\"og:image:width\" content=\"1080\" \/>\n\t<meta property=\"og:image:height\" content=\"1071\" \/>\n\t<meta property=\"og:image:type\" content=\"image\/jpeg\" \/>\n<meta name=\"author\" content=\"Tibor atya\" \/>\n<meta name=\"twitter:card\" content=\"summary_large_image\" \/>\n<meta name=\"twitter:label1\" content=\"Szerz\u0151:\" \/>\n\t<meta name=\"twitter:data1\" content=\"Tibor atya\" \/>\n\t<meta name=\"twitter:label2\" content=\"Becs\u00fclt olvas\u00e1si id\u0151\" \/>\n\t<meta name=\"twitter:data2\" content=\"1 perc\" \/>\n<script type=\"application\/ld+json\" class=\"yoast-schema-graph\">{\"@context\":\"https:\\\/\\\/schema.org\",\"@graph\":[{\"@type\":\"Article\",\"@id\":\"https:\\\/\\\/stuttgarti-katolikusok.de\\\/index.php\\\/2023-szeptember-25-es-oktober-1-kozott\\\/#article\",\"isPartOf\":{\"@id\":\"https:\\\/\\\/stuttgarti-katolikusok.de\\\/index.php\\\/2023-szeptember-25-es-oktober-1-kozott\\\/\"},\"author\":{\"name\":\"Tibor atya\",\"@id\":\"https:\\\/\\\/stuttgarti-katolikusok.de\\\/#\\\/schema\\\/person\\\/75908d6f8fdc03a57889d27209df7795\"},\"headline\":\"2023 SZEPTEMBER 25 \u00c9S OKT\u00d3BER 1 K\u00d6Z\u00d6TT\",\"datePublished\":\"2023-09-25T22:01:47+00:00\",\"dateModified\":\"2023-09-25T22:34:39+00:00\",\"mainEntityOfPage\":{\"@id\":\"https:\\\/\\\/stuttgarti-katolikusok.de\\\/index.php\\\/2023-szeptember-25-es-oktober-1-kozott\\\/\"},\"wordCount\":158,\"image\":{\"@id\":\"https:\\\/\\\/stuttgarti-katolikusok.de\\\/index.php\\\/2023-szeptember-25-es-oktober-1-kozott\\\/#primaryimage\"},\"thumbnailUrl\":\"https:\\\/\\\/stuttgarti-katolikusok.de\\\/wp-content\\\/uploads\\\/2023\\\/09\\\/osz19.jpg\",\"articleSection\":[\"Progamel\u0151zetes\"],\"inLanguage\":\"hu\"},{\"@type\":\"WebPage\",\"@id\":\"https:\\\/\\\/stuttgarti-katolikusok.de\\\/index.php\\\/2023-szeptember-25-es-oktober-1-kozott\\\/\",\"url\":\"https:\\\/\\\/stuttgarti-katolikusok.de\\\/index.php\\\/2023-szeptember-25-es-oktober-1-kozott\\\/\",\"name\":\"2023 SZEPTEMBER 25 \u00c9S OKT\u00d3BER 1 K\u00d6Z\u00d6TT - Stuttgarti Katolikusok\",\"isPartOf\":{\"@id\":\"https:\\\/\\\/stuttgarti-katolikusok.de\\\/#website\"},\"primaryImageOfPage\":{\"@id\":\"https:\\\/\\\/stuttgarti-katolikusok.de\\\/index.php\\\/2023-szeptember-25-es-oktober-1-kozott\\\/#primaryimage\"},\"image\":{\"@id\":\"https:\\\/\\\/stuttgarti-katolikusok.de\\\/index.php\\\/2023-szeptember-25-es-oktober-1-kozott\\\/#primaryimage\"},\"thumbnailUrl\":\"https:\\\/\\\/stuttgarti-katolikusok.de\\\/wp-content\\\/uploads\\\/2023\\\/09\\\/osz19.jpg\",\"datePublished\":\"2023-09-25T22:01:47+00:00\",\"dateModified\":\"2023-09-25T22:34:39+00:00\",\"author\":{\"@id\":\"https:\\\/\\\/stuttgarti-katolikusok.de\\\/#\\\/schema\\\/person\\\/75908d6f8fdc03a57889d27209df7795\"},\"breadcrumb\":{\"@id\":\"https:\\\/\\\/stuttgarti-katolikusok.de\\\/index.php\\\/2023-szeptember-25-es-oktober-1-kozott\\\/#breadcrumb\"},\"inLanguage\":\"hu\",\"potentialAction\":[{\"@type\":\"ReadAction\",\"target\":[\"https:\\\/\\\/stuttgarti-katolikusok.de\\\/index.php\\\/2023-szeptember-25-es-oktober-1-kozott\\\/\"]}]},{\"@type\":\"ImageObject\",\"inLanguage\":\"hu\",\"@id\":\"https:\\\/\\\/stuttgarti-katolikusok.de\\\/index.php\\\/2023-szeptember-25-es-oktober-1-kozott\\\/#primaryimage\",\"url\":\"https:\\\/\\\/stuttgarti-katolikusok.de\\\/wp-content\\\/uploads\\\/2023\\\/09\\\/osz19.jpg\",\"contentUrl\":\"https:\\\/\\\/stuttgarti-katolikusok.de\\\/wp-content\\\/uploads\\\/2023\\\/09\\\/osz19.jpg\",\"width\":1080,\"height\":1071},{\"@type\":\"BreadcrumbList\",\"@id\":\"https:\\\/\\\/stuttgarti-katolikusok.de\\\/index.php\\\/2023-szeptember-25-es-oktober-1-kozott\\\/#breadcrumb\",\"itemListElement\":[{\"@type\":\"ListItem\",\"position\":1,\"name\":\"Kezd\u0151lap\",\"item\":\"https:\\\/\\\/stuttgarti-katolikusok.de\\\/\"},{\"@type\":\"ListItem\",\"position\":2,\"name\":\"2023 SZEPTEMBER 25 \u00c9S OKT\u00d3BER 1 K\u00d6Z\u00d6TT\"}]},{\"@type\":\"WebSite\",\"@id\":\"https:\\\/\\\/stuttgarti-katolikusok.de\\\/#website\",\"url\":\"https:\\\/\\\/stuttgarti-katolikusok.de\\\/\",\"name\":\"Stuttgarti Katolikusok\",\"description\":\"\",\"potentialAction\":[{\"@type\":\"SearchAction\",\"target\":{\"@type\":\"EntryPoint\",\"urlTemplate\":\"https:\\\/\\\/stuttgarti-katolikusok.de\\\/?s={search_term_string}\"},\"query-input\":{\"@type\":\"PropertyValueSpecification\",\"valueRequired\":true,\"valueName\":\"search_term_string\"}}],\"inLanguage\":\"hu\"},{\"@type\":\"Person\",\"@id\":\"https:\\\/\\\/stuttgarti-katolikusok.de\\\/#\\\/schema\\\/person\\\/75908d6f8fdc03a57889d27209df7795\",\"name\":\"Tibor atya\",\"image\":{\"@type\":\"ImageObject\",\"inLanguage\":\"hu\",\"@id\":\"https:\\\/\\\/secure.gravatar.com\\\/avatar\\\/61d268e57d1f4525b111222e29d2d5a7f8c420fdbf231ba5566a8ceac74fa960?s=96&d=mm&r=g\",\"url\":\"https:\\\/\\\/secure.gravatar.com\\\/avatar\\\/61d268e57d1f4525b111222e29d2d5a7f8c420fdbf231ba5566a8ceac74fa960?s=96&d=mm&r=g\",\"contentUrl\":\"https:\\\/\\\/secure.gravatar.com\\\/avatar\\\/61d268e57d1f4525b111222e29d2d5a7f8c420fdbf231ba5566a8ceac74fa960?s=96&d=mm&r=g\",\"caption\":\"Tibor atya\"},\"url\":\"https:\\\/\\\/stuttgarti-katolikusok.de\\\/index.php\\\/author\\\/tibor-atya\\\/\"}]}<\/script>\n<!-- \/ Yoast SEO plugin. -->","yoast_head_json":{"title":"2023 SZEPTEMBER 25 \u00c9S OKT\u00d3BER 1 K\u00d6Z\u00d6TT - Stuttgarti Katolikusok","robots":{"index":"index","follow":"follow","max-snippet":"max-snippet:-1","max-image-preview":"max-image-preview:large","max-video-preview":"max-video-preview:-1"},"canonical":"https:\/\/stuttgarti-katolikusok.de\/index.php\/2023-szeptember-25-es-oktober-1-kozott\/","og_locale":"hu_HU","og_type":"article","og_title":"2023 SZEPTEMBER 25 \u00c9S OKT\u00d3BER 1 K\u00d6Z\u00d6TT - Stuttgarti Katolikusok","og_description":"Programel\u0151zetes * Szeptember 28-\u00e1n, cs\u00fct\u00f6rt\u00f6k\u00f6n, Weingarteni d\u00e9lut\u00e1n, a 14 Nothelfer Kapelle-ben 18.00 \u00f3rakor szentmise, el\u0151tte r\u00f3zsaf\u00fcz\u00e9rt im\u00e1dkozunk. Szentmise keret\u00e9ben katek\u00e9zis. * Szeptember 29-\u00e9n, p\u00e9nteken,\u00a0Stuttgarti d\u00e9lut\u00e1n, 17.30 \u00f3rakor szentmise,\u00a0 18.00 \u00f3rakor Bar\u00e1ts\u00e1gklub. \u00a0* Okt\u00f3ber 1-j\u00e9n, \u00c9vk\u00f6zi 26. vas\u00e1rnap, Schw\u00e4bisch-Gm\u00fcndben 9.30 \u00f3rakor szentmise, ut\u00e1na\u00a0agap\u00e9, Stuttgartban 15.00 \u00f3rakor szentmise. Els\u0151vas\u00e1rnap l\u00e9v\u00e9n, gyermekmise, v\u00e1rjuk szeretettel a gyermekeket a sz\u00fcl\u0151kkel egy\u00fctt, ut\u00e1na agap\u00e9. \u00a0* Minden helyen mindenkit szeretettel v\u00e1r a k\u00f6z\u00f6ss\u00e9g \u00e9s Tibor atya! * * \u201eAz igazi szeretet ott kezd\u0151dik, ahol m\u00e1r nem v\u00e1rsz \u00e9rte viszonz\u00e1st\u201d (Antonie de Saint-Exup\u00e9ry) * Bens\u0151s\u00e9ges \u0151szi napokat, j\u00f3 munk\u00e1t, tartalmas besz\u00e9lget\u00e9seket \u00e9s \u00f6r\u00f6mteli tal\u00e1lkoz\u00e1sokat k\u00edv\u00e1nunk minden Kedves H\u00edv\u00fcnknek! (K\u00e9pek forr\u00e1sai: Instagram)","og_url":"https:\/\/stuttgarti-katolikusok.de\/index.php\/2023-szeptember-25-es-oktober-1-kozott\/","og_site_name":"Stuttgarti Katolikusok","article_published_time":"2023-09-25T22:01:47+00:00","article_modified_time":"2023-09-25T22:34:39+00:00","og_image":[{"width":1080,"height":1071,"url":"https:\/\/stuttgarti-katolikusok.de\/wp-content\/uploads\/2023\/09\/osz19.jpg","type":"image\/jpeg"}],"author":"Tibor atya","twitter_card":"summary_large_image","twitter_misc":{"Szerz\u0151:":"Tibor atya","Becs\u00fclt olvas\u00e1si id\u0151":"1 perc"},"schema":{"@context":"https:\/\/schema.org","@graph":[{"@type":"Article","@id":"https:\/\/stuttgarti-katolikusok.de\/index.php\/2023-szeptember-25-es-oktober-1-kozott\/#article","isPartOf":{"@id":"https:\/\/stuttgarti-katolikusok.de\/index.php\/2023-szeptember-25-es-oktober-1-kozott\/"},"author":{"name":"Tibor atya","@id":"https:\/\/stuttgarti-katolikusok.de\/#\/schema\/person\/75908d6f8fdc03a57889d27209df7795"},"headline":"2023 SZEPTEMBER 25 \u00c9S OKT\u00d3BER 1 K\u00d6Z\u00d6TT","datePublished":"2023-09-25T22:01:47+00:00","dateModified":"2023-09-25T22:34:39+00:00","mainEntityOfPage":{"@id":"https:\/\/stuttgarti-katolikusok.de\/index.php\/2023-szeptember-25-es-oktober-1-kozott\/"},"wordCount":158,"image":{"@id":"https:\/\/stuttgarti-katolikusok.de\/index.php\/2023-szeptember-25-es-oktober-1-kozott\/#primaryimage"},"thumbnailUrl":"https:\/\/stuttgarti-katolikusok.de\/wp-content\/uploads\/2023\/09\/osz19.jpg","articleSection":["Progamel\u0151zetes"],"inLanguage":"hu"},{"@type":"WebPage","@id":"https:\/\/stuttgarti-katolikusok.de\/index.php\/2023-szeptember-25-es-oktober-1-kozott\/","url":"https:\/\/stuttgarti-katolikusok.de\/index.php\/2023-szeptember-25-es-oktober-1-kozott\/","name":"2023 SZEPTEMBER 25 \u00c9S OKT\u00d3BER 1 K\u00d6Z\u00d6TT - Stuttgarti Katolikusok","isPartOf":{"@id":"https:\/\/stuttgarti-katolikusok.de\/#website"},"primaryImageOfPage":{"@id":"https:\/\/stuttgarti-katolikusok.de\/index.php\/2023-szeptember-25-es-oktober-1-kozott\/#primaryimage"},"image":{"@id":"https:\/\/stuttgarti-katolikusok.de\/index.php\/2023-szeptember-25-es-oktober-1-kozott\/#primaryimage"},"thumbnailUrl":"https:\/\/stuttgarti-katolikusok.de\/wp-content\/uploads\/2023\/09\/osz19.jpg","datePublished":"2023-09-25T22:01:47+00:00","dateModified":"2023-09-25T22:34:39+00:00","author":{"@id":"https:\/\/stuttgarti-katolikusok.de\/#\/schema\/person\/75908d6f8fdc03a57889d27209df7795"},"breadcrumb":{"@id":"https:\/\/stuttgarti-katolikusok.de\/index.php\/2023-szeptember-25-es-oktober-1-kozott\/#breadcrumb"},"inLanguage":"hu","potentialAction":[{"@type":"ReadAction","target":["https:\/\/stuttgarti-katolikusok.de\/index.php\/2023-szeptember-25-es-oktober-1-kozott\/"]}]},{"@type":"ImageObject","inLanguage":"hu","@id":"https:\/\/stuttgarti-katolikusok.de\/index.php\/2023-szeptember-25-es-oktober-1-kozott\/#primaryimage","url":"https:\/\/stuttgarti-katolikusok.de\/wp-content\/uploads\/2023\/09\/osz19.jpg","contentUrl":"https:\/\/stuttgarti-katolikusok.de\/wp-content\/uploads\/2023\/09\/osz19.jpg","width":1080,"height":1071},{"@type":"BreadcrumbList","@id":"https:\/\/stuttgarti-katolikusok.de\/index.php\/2023-szeptember-25-es-oktober-1-kozott\/#breadcrumb","itemListElement":[{"@type":"ListItem","position":1,"name":"Kezd\u0151lap","item":"https:\/\/stuttgarti-katolikusok.de\/"},{"@type":"ListItem","position":2,"name":"2023 SZEPTEMBER 25 \u00c9S OKT\u00d3BER 1 K\u00d6Z\u00d6TT"}]},{"@type":"WebSite","@id":"https:\/\/stuttgarti-katolikusok.de\/#website","url":"https:\/\/stuttgarti-katolikusok.de\/","name":"Stuttgarti Katolikusok","description":"","potentialAction":[{"@type":"SearchAction","target":{"@type":"EntryPoint","urlTemplate":"https:\/\/stuttgarti-katolikusok.de\/?s={search_term_string}"},"query-input":{"@type":"PropertyValueSpecification","valueRequired":true,"valueName":"search_term_string"}}],"inLanguage":"hu"},{"@type":"Person","@id":"https:\/\/stuttgarti-katolikusok.de\/#\/schema\/person\/75908d6f8fdc03a57889d27209df7795","name":"Tibor atya","image":{"@type":"ImageObject","inLanguage":"hu","@id":"https:\/\/secure.gravatar.com\/avatar\/61d268e57d1f4525b111222e29d2d5a7f8c420fdbf231ba5566a8ceac74fa960?s=96&d=mm&r=g","url":"https:\/\/secure.gravatar.com\/avatar\/61d268e57d1f4525b111222e29d2d5a7f8c420fdbf231ba5566a8ceac74fa960?s=96&d=mm&r=g","contentUrl":"https:\/\/secure.gravatar.com\/avatar\/61d268e57d1f4525b111222e29d2d5a7f8c420fdbf231ba5566a8ceac74fa960?s=96&d=mm&r=g","caption":"Tibor atya"},"url":"https:\/\/stuttgarti-katolikusok.de\/index.php\/author\/tibor-atya\/"}]}},"_links":{"self":[{"href":"https:\/\/stuttgarti-katolikusok.de\/index.php\/wp-json\/wp\/v2\/posts\/27226","targetHints":{"allow":["GET"]}}],"collection":[{"href":"https:\/\/stuttgarti-katolikusok.de\/index.php\/wp-json\/wp\/v2\/posts"}],"about":[{"href":"https:\/\/stuttgarti-katolikusok.de\/index.php\/wp-json\/wp\/v2\/types\/post"}],"author":[{"embeddable":true,"href":"https:\/\/stuttgarti-katolikusok.de\/index.php\/wp-json\/wp\/v2\/users\/3"}],"replies":[{"embeddable":true,"href":"https:\/\/stuttgarti-katolikusok.de\/index.php\/wp-json\/wp\/v2\/comments?post=27226"}],"version-history":[{"count":4,"href":"https:\/\/stuttgarti-katolikusok.de\/index.php\/wp-json\/wp\/v2\/posts\/27226\/revisions"}],"predecessor-version":[{"id":27230,"href":"https:\/\/stuttgarti-katolikusok.de\/index.php\/wp-json\/wp\/v2\/posts\/27226\/revisions\/27230"}],"wp:featuredmedia":[{"embeddable":true,"href":"https:\/\/stuttgarti-katolikusok.de\/index.php\/wp-json\/wp\/v2\/media\/27228"}],"wp:attachment":[{"href":"https:\/\/stuttgarti-katolikusok.de\/index.php\/wp-json\/wp\/v2\/media?parent=27226"}],"wp:term":[{"taxonomy":"category","embeddable":true,"href":"https:\/\/stuttgarti-katolikusok.de\/index.php\/wp-json\/wp\/v2\/categories?post=27226"},{"taxonomy":"post_tag","embeddable":true,"href":"https:\/\/stuttgarti-katolikusok.de\/index.php\/wp-json\/wp\/v2\/tags?post=27226"}],"curies":[{"name":"wp","href":"https:\/\/api.w.org\/{rel}","templated":true}]}}