{"id":27220,"date":"2023-09-23T08:00:59","date_gmt":"2023-09-23T06:00:59","guid":{"rendered":"https:\/\/stuttgarti-katolikusok.de\/?p=27220"},"modified":"2023-09-22T14:19:59","modified_gmt":"2023-09-22T12:19:59","slug":"evkozi-25-vasarnap","status":"publish","type":"post","link":"https:\/\/stuttgarti-katolikusok.de\/index.php\/evkozi-25-vasarnap\/","title":{"rendered":"\u00c9vk\u00f6zi 25. vas\u00e1rnap"},"content":{"rendered":"<p><span style=\"color: #339966;\">Kezd\u0151\u00e9nek:<\/span><br \/>\nN\u00e9pem \u00fcdv\u00f6ss\u00e9ge \u00e9n vagyok &#8211; mondja az \u00dar. B\u00e1rmilyen nyomor\u00fas\u00e1gb\u00f3l ki\u00e1ltsanak is hozz\u00e1m, meghallgatom \u0151ket, \u00e9s Uruk leszek mind\u00f6r\u00f6kre.<\/p>\n<p><span style=\"color: #339966;\">K\u00f6ny\u00f6rg\u00e9s:<\/span><br \/>\nIsten\u00fcnk, te szent t\u00f6rv\u00e9nyedet az isten- \u00e9s emberszeretet parancs\u00e1ban foglaltad \u00f6ssze. Add, hogy parancsaidat megtartva eljussunk az \u00f6r\u00f6k \u00e9letre. A mi Urunk, J\u00e9zus Krisztus, a te Fiad \u00e1ltal, aki veled \u00e9l \u00e9s uralkodik a Szentl\u00e9tekkel egys\u00e9gben, Isten mind\u00f6r\u00f6kk\u00f6n \u00f6r\u00f6kk\u00e9.<\/p>\n<p align=\"justify\"><span style=\"color: #339966;\">OLVASM\u00c1NY Izaj\u00e1s pr\u00f3f\u00e9ta k\u00f6nyv\u00e9b\u0151l (Iz 55,6-9)<\/span><br \/>\n<em>Az \u00e9n gondolataim nem a ti gondolataitok.<\/em><br \/>\nKeress\u00e9tek az Urat, am\u00edg megtal\u00e1lj\u00e1tok, h\u00edvj\u00e1tok seg\u00edts\u00e9g\u00fcl, am\u00edg k\u00f6zel van!<br \/>\nHagyja el \u00fatj\u00e1t a gonosz, \u00e9s gondolatait a b\u0171n\u00f6s; t\u00e9rjen vissza az \u00darhoz, mert megk\u00f6ny\u00f6r\u00fcl rajta, Isten\u00fcnkh\u00f6z, mert b\u0151kez\u0171 a megbocs\u00e1t\u00e1sban.<br \/>\nHiszen az \u00e9n gondolataim nem a ti gondolataitok, \u00e9s az \u00e9n \u00fatjaim nem a ti \u00fatjaitok \u2013 mondja az \u00dar.<br \/>\nIgen, amennyivel magasabb az \u00e9g a f\u00f6ldn\u00e9l, annyival magasabbak az \u00e9n \u00fatjaim a ti \u00fatjaitokn\u00e1l, az \u00e9n gondolataim \u2013 a ti gondolataitokn\u00e1l.<br \/>\nEz az Isten ig\u00e9je.<\/p>\n<p align=\"justify\"><span style=\"color: #339966;\">V\u00c1LASZOS ZSOLT\u00c1R (Zsolt 144,2-3.8-9.17-18)<\/span><br \/>\nV\u00e1lasz:\u00a0<strong>K\u00f6zel az \u00dar\u00a0<u>a<\/u>zokhoz, * akik\u00a0<u>ol<\/u>talm\u00e1t k\u00e9rik.<\/strong>\u00a0(5. t\u00f3nus.)<br \/>\nEl\u0151\u00e9nekes: Mindennap \u00e1ldalak\u00a0<u>t\u00e9<\/u>ged, * \u00e9s dics\u0151\u00edtem nevedet\u00a0<u>\u00f6<\/u>r\u00f6kk\u00f6n \u00f6r\u00f6kk\u00e9.<br \/>\nNagy az \u00dar \u00e9s minden dics\u00e9retre\u00a0<u>m\u00e9l<\/u>t\u00f3, * nagys\u00e1g\u00e1t\u00a0<u>fel<\/u>fogni nem lehet.<br \/>\nH\u00edvek:\u00a0<strong>K\u00f6zel az \u00dar\u00a0<u>a<\/u>zokhoz, * akik\u00a0<u>ol<\/u>talm\u00e1t k\u00e9rik.<\/strong><br \/>\nE: Irgalmas az \u00dar \u00e9s\u00a0<u>ke<\/u>gyelmes, * nagy irgalm\u00fa \u00e9s\u00a0<u>hos<\/u>szan t\u0171r\u0151.<br \/>\nAz \u00dar mindenkihez\u00a0<u>j\u00f3<\/u>s\u00e1gos, * \u00e9s irgalmas\u00a0<u>min<\/u>den m\u0171v\u00e9hez.<br \/>\nH:\u00a0<strong>K\u00f6zel az \u00dar\u00a0<u>a<\/u>zokhoz, * akik\u00a0<u>ol<\/u>talm\u00e1t k\u00e9rik.<\/strong><br \/>\nE: Igazs\u00e1gos az \u00dar minden\u00a0<u>\u00fat<\/u>j\u00e1n, * \u00e9s szent\u00a0<u>min<\/u>den m\u0171v\u00e9ben.<br \/>\nK\u00f6zel az \u00dar azokhoz, akik \u0151t\u00a0<u>h\u00edv<\/u>j\u00e1k, * akik hozz\u00e1 ki\u00e1ltanak\u00a0<u>i<\/u>gaz sz\u00edvvel.<br \/>\nH:\u00a0<strong>K\u00f6zel az \u00dar\u00a0<u>a<\/u>zokhoz, * akik\u00a0<u>ol<\/u>talm\u00e1t k\u00e9rik.<\/strong><\/p>\n<p align=\"justify\"><span style=\"color: #339966;\">SZENTLECKE Szent P\u00e1l apostolnak a filippiekhez \u00edrt level\u00e9b\u0151l (Fil 1,20a-24.27a)<\/span><br \/>\n<em>Sz\u00e1momra az \u00e9let Krisztus.<\/em><br \/>\nTestv\u00e9reim!<br \/>\nNy\u00edltan megmondom, hogy Krisztus most is, mint mindig, megdics\u0151\u00fcl testemben, akkor is, ha \u00e9lek, akkor is, ha meghalok. Hiszen sz\u00e1momra az \u00e9let Krisztus, a hal\u00e1l pedig nyeres\u00e9g. Ha viszont tov\u00e1bb kell \u00e9lnem, az gy\u00fcm\u00f6lcs\u00f6z\u0151 munk\u00e1t jelent.<br \/>\nNem tudom teh\u00e1t, mit v\u00e1lasszak, mert mind a kett\u0151 vonz: Szeretn\u00e9k elk\u00f6lt\u00f6zni, hogy Krisztussal legyek, mert ez mindenn\u00e9l jobb volna. De hogy \u00e9rtetek \u00e9letben maradjak, arra nagyobb sz\u00fcks\u00e9g van. \u00c9ljetek h\u00e1t ti is Krisztus evang\u00e9lium\u00e1hoz m\u00e9lt\u00f3an!<br \/>\nEz az Isten ig\u00e9je.<\/p>\n<p align=\"justify\"><span style=\"color: #339966;\">ALLELUJA<\/span><br \/>\nUram, nyisd meg sz\u00edv\u00fcnket,* hogy meghallgassuk Fiad ig\u00e9it. V\u00f6. ApCsel 16,14b \u2013 5. t\u00f3nus.<\/p>\n<p align=\"justify\"><span style=\"color: #339966;\">\u2020 EVANG\u00c9LIUM Szent M\u00e1t\u00e9 k\u00f6nyv\u00e9b\u0151l (Mt 20,1-16a)<\/span><br \/>\n<em>Tal\u00e1n rossz szemmel n\u00e9zed, hogy \u00e9n j\u00f3 vagyok?<\/em><br \/>\nAbban az id\u0151ben J\u00e9zus ezt a p\u00e9ldabesz\u00e9det mondta tan\u00edtv\u00e1nyainak: A mennyek orsz\u00e1ga olyan, mint amikor egy gazda kora reggel kiment, hogy sz\u0151l\u0151j\u00e9be munk\u00e1sokat fogadjon. Miut\u00e1n napi egy d\u00e9n\u00e1rban megegyezett a munk\u00e1sokkal, elk\u00fcldte \u0151ket a sz\u0151l\u0151j\u00e9be. A harmadik \u00f3ra k\u00f6r\u00fcl megint kiment, s l\u00e1tta, hogy m\u00e1sok is \u00e1csorognak ott t\u00e9tlen\u00fcl a piact\u00e9ren. Ezt mondta nekik: \u201eMenjetek ti is a sz\u0151l\u0151mbe, \u00e9s ami j\u00e1r, megadom majd nektek.\u201d Azok el is mentek. Majd a hatodik \u00e9s a kilencedik \u00f3r\u00e1ban \u00fajra kiment \u00e9s ugyan\u00edgy cselekedett. Kiment v\u00e9g\u00fcl a tizenegyedik \u00f3ra k\u00f6r\u00fcl is, \u00e9s \u00fajabb \u00e1csorg\u00f3kat tal\u00e1lt. Megk\u00e9rdezte t\u0151l\u00fck: \u201eMi\u00e9rt \u00e1lldog\u00e1ltok itt eg\u00e9sz nap t\u00e9tlen\u00fcl?\u201d Azok ezt v\u00e1laszolt\u00e1k: \u201eMert senki sem fogadott fel minket.\u201d Erre azt mondta nekik: \u201eMenjetek ti is a sz\u0151l\u0151mbe!\u201d<br \/>\nAmikor beesteledett, a sz\u0151l\u0151sgazda \u00edgy sz\u00f3lt int\u00e9z\u0151j\u00e9hez: \u201eH\u00edvd \u00f6ssze a munk\u00e1sokat, \u00e9s add ki a b\u00e9r\u00fcket, az utols\u00f3kon kezdve az els\u0151kig!\u201d El\u0151sz\u00f6r azok j\u00f6ttek teh\u00e1t, akik a tizenegyedik \u00f3ra k\u00f6r\u00fcl kezdtek, \u00e9s egy-egy d\u00e9n\u00e1rt kaptak. Amikor az els\u0151k j\u00f6ttek, azt hitt\u00e9k, hogy nekik t\u00f6bbet fognak adni, de \u0151k is csak egy-egy d\u00e9n\u00e1rt kaptak. Amikor \u00e1tvett\u00e9k, z\u00fagol\u00f3dni kezdtek a gazda ellen: \u201eEzek az utols\u00f3k csak egy \u00f3r\u00e1t dolgoztak, \u00e9s ugyan\u00fagy b\u00e1nt\u00e1l vel\u00fck, mint vel\u00fcnk, akik a nap terh\u00e9t \u00e9s hev\u00e9t viselt\u00fck!\u201d \u0150 azonban ezt felelte az egyik\u00fcknek: \u201eBar\u00e1tom, nem vagyok igazs\u00e1gtalan veled. Nem egy d\u00e9n\u00e1rban egyezt\u00e9l meg velem? Ami a tied, fogd \u00e9s menj! Tal\u00e1n azzal, ami az eny\u00e9m, nem tehetem azt, amit akarok? Vagy rossz szemmel n\u00e9zed, hogy \u00e9n j\u00f3 vagyok?\u201d<br \/>\nEzek az evang\u00e9lium ig\u00e9i.<\/p>\n<p><span style=\"color: #339966;\">EGYETEMES K\u00d6NY\u00d6RG\u00c9SEK<\/span><br \/>\nPap: Testv\u00e9reim! Isten mindny\u00e1junkat megh\u00edvott sz\u0151l\u0151j\u00e9be. K\u00e9rj\u00fck t\u0151le: seg\u00edtsen, hogy h\u0171s\u00e9ges munk\u00e1sai legy\u00fcnk.<br \/>\nLektor: 1. Urunk, \u0151rizd \u00e9s gondozd sz\u0151l\u0151det, az Egyh\u00e1zat, amelyet szent Fiad dr\u00e1ga v\u00e9re \u00e1r\u00e1n szerzett!<br \/>\nH\u00edvek: K\u00e9r\u00fcnk t\u00e9ged, hallgass meg minket!<br \/>\n2. Seg\u00edtsd, Urunk, f\u0151p\u00e1sztorainkat, hogy tervszer\u0171en \u00e9s gondosan ir\u00e1ny\u00edts\u00e1k az apostoli munk\u00e1t!<br \/>\nH\u00edvek: K\u00e9r\u00fcnk t\u00e9ged . . .<br \/>\n3. Add, hogy a sz\u00fcl\u0151k kereszt\u00e9ny felel\u0151ss\u00e9ggel v\u00e1llalj\u00e1k gyermekeik vall\u00e1sos nevel\u00e9s\u00e9t!<br \/>\nH\u00edvek: K\u00e9r\u00fcnk t\u00e9ged . . .<br \/>\n4. H\u00edvd sz\u0151l\u0151dbe a fiatalokat, hogy az evang\u00e9lium szolg\u00e1lat\u00e1ban megtal\u00e1lj\u00e1k \u00e9let\u00fck \u00e9rtelm\u00e9t!<br \/>\nH\u00edvek: K\u00e9r\u00fcnk t\u00e9ged . . .<br \/>\n5. Adj, Urunk, b\u00e9k\u00e9s \u00f6regs\u00e9get azoknak, akik munk\u00e1juk jav\u00e1t m\u00e1r elv\u00e9gezt\u00e9k!<br \/>\nH\u00edvek: K\u00e9r\u00fcnk t\u00e9ged . . .<br \/>\nPap: Isten\u00fcnk! Te a kereszts\u00e9g \u00e9s a b\u00e9rm\u00e1l\u00e1s \u00e1ltal mindny\u00e1junkat megh\u00edvt\u00e1l munkat\u00e1rsaid k\u00f6z\u00e9. Add kegyelmedet, hogy h\u00edv\u00f3 szavadat k\u00f6vetve szolg\u00e1ljuk dics\u0151s\u00e9gedet! Krisztus, a mi Urunk \u00e1ltal.<br \/>\nH\u00edvek: \u00c1men.<\/p>\n<p><span style=\"color: #339966;\">Felaj\u00e1nl\u00f3 k\u00f6ny\u00f6rg\u00e9s:<\/span><br \/>\nIsten\u00fcnk, fogadd kegyesen n\u00e9ped adom\u00e1nyait, hogy az \u00fcdv\u00f6ss\u00e9get, amelyet buzg\u00f3 hittel vallunk, a szent \u00e1ldozat erej\u00e9b\u0151l elnyerj\u00fck. Krisztus, a mi Urunk \u00e1ltal.<\/p>\n<p><span style=\"color: #339966;\">\u00c1ldoz\u00e1si \u00e9nek:<\/span><br \/>\nTe azt rendelted, hogy gondosan megtartsuk parancsaidat. B\u00e1r arra ir\u00e1nyuln\u00e1nak \u00fatjaim, hogy megtartsam rendelkez\u00e9seidet. (Zsolt 118,4-5)<br \/>\n<span style=\"color: #339966;\"><em>Vagy<\/em><\/span><br \/>\n\u00c9n vagyok a j\u00f3 P\u00e1sztor &#8211; mondja az \u00dar -, ismerem eny\u00e9imet, \u00e9s eny\u00e9im is ismernek engem. (Jn 10,14)<\/p>\n<p><span style=\"color: #339966;\">\u00c1ldoz\u00e1s ut\u00e1ni k\u00f6ny\u00f6rg\u00e9s:<\/span><br \/>\nSzents\u00e9geiddel er\u0151s\u00edtesz minket, Urunk, Isten\u00fcnk. T\u00e1mogass j\u00f3s\u00e1gosan \u00e1lland\u00f3 seg\u00edts\u00e9geddel, hogy megv\u00e1lt\u00e1sunk kegyelm\u00e9t ezekben a miszt\u00e9riumokban, \u00e9s kereszt\u00e9ny \u00e9let\u00fcnkben is elnyerj\u00fck. Krisztus, a mi Urunk \u00e1ltal.<\/p>\n<p><em>(K\u00e9p forr\u00e1sa: Instagram)<\/em><\/p>\n","protected":false},"excerpt":{"rendered":"<p>Kezd\u0151\u00e9nek: N\u00e9pem \u00fcdv\u00f6ss\u00e9ge \u00e9n vagyok &#8211; mondja az \u00dar. B\u00e1rmilyen nyomor\u00fas\u00e1gb\u00f3l ki\u00e1ltsanak is hozz\u00e1m, meghallgatom \u0151ket, \u00e9s Uruk leszek mind\u00f6r\u00f6kre. K\u00f6ny\u00f6rg\u00e9s: Isten\u00fcnk, te szent t\u00f6rv\u00e9nyedet az isten- \u00e9s emberszeretet parancs\u00e1ban foglaltad \u00f6ssze. Add, hogy parancsaidat megtartva eljussunk az \u00f6r\u00f6k \u00e9letre. A mi Urunk, J\u00e9zus Krisztus, a te Fiad \u00e1ltal, aki veled \u00e9l \u00e9s uralkodik a Szentl\u00e9tekkel egys\u00e9gben, Isten mind\u00f6r\u00f6kk\u00f6n \u00f6r\u00f6kk\u00e9. OLVASM\u00c1NY Izaj\u00e1s pr\u00f3f\u00e9ta k\u00f6nyv\u00e9b\u0151l (Iz 55,6-9) Az \u00e9n gondolataim nem a ti gondolataitok. Keress\u00e9tek az Urat, am\u00edg megtal\u00e1lj\u00e1tok, h\u00edvj\u00e1tok seg\u00edts\u00e9g\u00fcl, am\u00edg k\u00f6zel van! Hagyja el \u00fatj\u00e1t a gonosz, \u00e9s gondolatait a b\u0171n\u00f6s; t\u00e9rjen vissza az \u00darhoz, mert megk\u00f6ny\u00f6r\u00fcl rajta, Isten\u00fcnkh\u00f6z, mert b\u0151kez\u0171 a megbocs\u00e1t\u00e1sban. Hiszen az \u00e9n gondolataim nem a ti gondolataitok, \u00e9s az \u00e9n \u00fatjaim nem a ti \u00fatjaitok \u2013 mondja az \u00dar. Igen, amennyivel magasabb az \u00e9g a f\u00f6ldn\u00e9l, annyival magasabbak az \u00e9n \u00fatjaim a ti \u00fatjaitokn\u00e1l, az \u00e9n gondolataim \u2013 a ti gondolataitokn\u00e1l. Ez az Isten ig\u00e9je. V\u00c1LASZOS ZSOLT\u00c1R (Zsolt 144,2-3.8-9.17-18) V\u00e1lasz:\u00a0K\u00f6zel az \u00dar\u00a0azokhoz, * akik\u00a0oltalm\u00e1t k\u00e9rik.\u00a0(5. t\u00f3nus.) El\u0151\u00e9nekes: Mindennap \u00e1ldalak\u00a0t\u00e9ged, * \u00e9s dics\u0151\u00edtem nevedet\u00a0\u00f6r\u00f6kk\u00f6n \u00f6r\u00f6kk\u00e9. Nagy az \u00dar \u00e9s minden dics\u00e9retre\u00a0m\u00e9lt\u00f3, * nagys\u00e1g\u00e1t\u00a0felfogni nem lehet. H\u00edvek:\u00a0K\u00f6zel az \u00dar\u00a0azokhoz, * akik\u00a0oltalm\u00e1t k\u00e9rik. E: Irgalmas az \u00dar \u00e9s\u00a0kegyelmes, * nagy irgalm\u00fa \u00e9s\u00a0hosszan t\u0171r\u0151. Az \u00dar mindenkihez\u00a0j\u00f3s\u00e1gos, * \u00e9s irgalmas\u00a0minden m\u0171v\u00e9hez. H:\u00a0K\u00f6zel az \u00dar\u00a0azokhoz, * akik\u00a0oltalm\u00e1t k\u00e9rik. E: Igazs\u00e1gos az \u00dar minden\u00a0\u00fatj\u00e1n, * \u00e9s szent\u00a0minden m\u0171v\u00e9ben. K\u00f6zel az \u00dar azokhoz, akik \u0151t\u00a0h\u00edvj\u00e1k, * akik hozz\u00e1 ki\u00e1ltanak\u00a0igaz sz\u00edvvel. H:\u00a0K\u00f6zel az \u00dar\u00a0azokhoz, * akik\u00a0oltalm\u00e1t k\u00e9rik. SZENTLECKE Szent P\u00e1l apostolnak a filippiekhez \u00edrt level\u00e9b\u0151l (Fil 1,20a-24.27a) Sz\u00e1momra az \u00e9let Krisztus. Testv\u00e9reim! Ny\u00edltan megmondom, hogy Krisztus most is, mint mindig, megdics\u0151\u00fcl testemben, akkor is, ha \u00e9lek, akkor is, ha meghalok. Hiszen sz\u00e1momra az \u00e9let Krisztus, a hal\u00e1l pedig nyeres\u00e9g. Ha viszont tov\u00e1bb kell \u00e9lnem, az gy\u00fcm\u00f6lcs\u00f6z\u0151 munk\u00e1t jelent. Nem tudom teh\u00e1t, mit v\u00e1lasszak, mert mind a kett\u0151 vonz: Szeretn\u00e9k elk\u00f6lt\u00f6zni, hogy Krisztussal legyek,&#8230; <\/p>\n<p><a class=\"readmore\" href=\"https:\/\/stuttgarti-katolikusok.de\/index.php\/evkozi-25-vasarnap\/\">R\u00e9szletek<\/a><\/p>\n","protected":false},"author":3,"featured_media":27221,"comment_status":"closed","ping_status":"closed","sticky":false,"template":"","format":"standard","meta":{"footnotes":""},"categories":[85,63],"tags":[],"class_list":["post-27220","post","type-post","status-publish","format-standard","has-post-thumbnail","hentry","category-a-liturgia-olvasmanyai","category-vasarnapi-gondolatok"],"yoast_head":"<!-- This site is optimized with the Yoast SEO plugin v27.3 - https:\/\/yoast.com\/product\/yoast-seo-wordpress\/ -->\n<title>\u00c9vk\u00f6zi 25. vas\u00e1rnap - Stuttgarti Katolikusok<\/title>\n<meta name=\"robots\" content=\"index, follow, max-snippet:-1, max-image-preview:large, max-video-preview:-1\" \/>\n<link rel=\"canonical\" href=\"https:\/\/stuttgarti-katolikusok.de\/index.php\/evkozi-25-vasarnap\/\" \/>\n<meta property=\"og:locale\" content=\"hu_HU\" \/>\n<meta property=\"og:type\" content=\"article\" \/>\n<meta property=\"og:title\" content=\"\u00c9vk\u00f6zi 25. vas\u00e1rnap - Stuttgarti Katolikusok\" \/>\n<meta property=\"og:description\" content=\"Kezd\u0151\u00e9nek: N\u00e9pem \u00fcdv\u00f6ss\u00e9ge \u00e9n vagyok &#8211; mondja az \u00dar. B\u00e1rmilyen nyomor\u00fas\u00e1gb\u00f3l ki\u00e1ltsanak is hozz\u00e1m, meghallgatom \u0151ket, \u00e9s Uruk leszek mind\u00f6r\u00f6kre. K\u00f6ny\u00f6rg\u00e9s: Isten\u00fcnk, te szent t\u00f6rv\u00e9nyedet az isten- \u00e9s emberszeretet parancs\u00e1ban foglaltad \u00f6ssze. Add, hogy parancsaidat megtartva eljussunk az \u00f6r\u00f6k \u00e9letre. A mi Urunk, J\u00e9zus Krisztus, a te Fiad \u00e1ltal, aki veled \u00e9l \u00e9s uralkodik a Szentl\u00e9tekkel egys\u00e9gben, Isten mind\u00f6r\u00f6kk\u00f6n \u00f6r\u00f6kk\u00e9. OLVASM\u00c1NY Izaj\u00e1s pr\u00f3f\u00e9ta k\u00f6nyv\u00e9b\u0151l (Iz 55,6-9) Az \u00e9n gondolataim nem a ti gondolataitok. Keress\u00e9tek az Urat, am\u00edg megtal\u00e1lj\u00e1tok, h\u00edvj\u00e1tok seg\u00edts\u00e9g\u00fcl, am\u00edg k\u00f6zel van! Hagyja el \u00fatj\u00e1t a gonosz, \u00e9s gondolatait a b\u0171n\u00f6s; t\u00e9rjen vissza az \u00darhoz, mert megk\u00f6ny\u00f6r\u00fcl rajta, Isten\u00fcnkh\u00f6z, mert b\u0151kez\u0171 a megbocs\u00e1t\u00e1sban. Hiszen az \u00e9n gondolataim nem a ti gondolataitok, \u00e9s az \u00e9n \u00fatjaim nem a ti \u00fatjaitok \u2013 mondja az \u00dar. Igen, amennyivel magasabb az \u00e9g a f\u00f6ldn\u00e9l, annyival magasabbak az \u00e9n \u00fatjaim a ti \u00fatjaitokn\u00e1l, az \u00e9n gondolataim \u2013 a ti gondolataitokn\u00e1l. Ez az Isten ig\u00e9je. V\u00c1LASZOS ZSOLT\u00c1R (Zsolt 144,2-3.8-9.17-18) V\u00e1lasz:\u00a0K\u00f6zel az \u00dar\u00a0azokhoz, * akik\u00a0oltalm\u00e1t k\u00e9rik.\u00a0(5. t\u00f3nus.) El\u0151\u00e9nekes: Mindennap \u00e1ldalak\u00a0t\u00e9ged, * \u00e9s dics\u0151\u00edtem nevedet\u00a0\u00f6r\u00f6kk\u00f6n \u00f6r\u00f6kk\u00e9. Nagy az \u00dar \u00e9s minden dics\u00e9retre\u00a0m\u00e9lt\u00f3, * nagys\u00e1g\u00e1t\u00a0felfogni nem lehet. H\u00edvek:\u00a0K\u00f6zel az \u00dar\u00a0azokhoz, * akik\u00a0oltalm\u00e1t k\u00e9rik. E: Irgalmas az \u00dar \u00e9s\u00a0kegyelmes, * nagy irgalm\u00fa \u00e9s\u00a0hosszan t\u0171r\u0151. Az \u00dar mindenkihez\u00a0j\u00f3s\u00e1gos, * \u00e9s irgalmas\u00a0minden m\u0171v\u00e9hez. H:\u00a0K\u00f6zel az \u00dar\u00a0azokhoz, * akik\u00a0oltalm\u00e1t k\u00e9rik. E: Igazs\u00e1gos az \u00dar minden\u00a0\u00fatj\u00e1n, * \u00e9s szent\u00a0minden m\u0171v\u00e9ben. K\u00f6zel az \u00dar azokhoz, akik \u0151t\u00a0h\u00edvj\u00e1k, * akik hozz\u00e1 ki\u00e1ltanak\u00a0igaz sz\u00edvvel. H:\u00a0K\u00f6zel az \u00dar\u00a0azokhoz, * akik\u00a0oltalm\u00e1t k\u00e9rik. SZENTLECKE Szent P\u00e1l apostolnak a filippiekhez \u00edrt level\u00e9b\u0151l (Fil 1,20a-24.27a) Sz\u00e1momra az \u00e9let Krisztus. Testv\u00e9reim! Ny\u00edltan megmondom, hogy Krisztus most is, mint mindig, megdics\u0151\u00fcl testemben, akkor is, ha \u00e9lek, akkor is, ha meghalok. Hiszen sz\u00e1momra az \u00e9let Krisztus, a hal\u00e1l pedig nyeres\u00e9g. Ha viszont tov\u00e1bb kell \u00e9lnem, az gy\u00fcm\u00f6lcs\u00f6z\u0151 munk\u00e1t jelent. Nem tudom teh\u00e1t, mit v\u00e1lasszak, mert mind a kett\u0151 vonz: Szeretn\u00e9k elk\u00f6lt\u00f6zni, hogy Krisztussal legyek,... R\u00e9szletek\" \/>\n<meta property=\"og:url\" content=\"https:\/\/stuttgarti-katolikusok.de\/index.php\/evkozi-25-vasarnap\/\" \/>\n<meta property=\"og:site_name\" content=\"Stuttgarti Katolikusok\" \/>\n<meta property=\"article:published_time\" content=\"2023-09-23T06:00:59+00:00\" \/>\n<meta property=\"og:image\" content=\"https:\/\/stuttgarti-katolikusok.de\/wp-content\/uploads\/2023\/09\/img-20230919-wa0022.jpg\" \/>\n\t<meta property=\"og:image:width\" content=\"1076\" \/>\n\t<meta property=\"og:image:height\" content=\"1345\" \/>\n\t<meta property=\"og:image:type\" content=\"image\/jpeg\" \/>\n<meta name=\"author\" content=\"Tibor atya\" \/>\n<meta name=\"twitter:card\" content=\"summary_large_image\" \/>\n<meta name=\"twitter:label1\" content=\"Szerz\u0151:\" \/>\n\t<meta name=\"twitter:data1\" content=\"Tibor atya\" \/>\n\t<meta name=\"twitter:label2\" content=\"Becs\u00fclt olvas\u00e1si id\u0151\" \/>\n\t<meta name=\"twitter:data2\" content=\"5 perc\" \/>\n<script type=\"application\/ld+json\" class=\"yoast-schema-graph\">{\"@context\":\"https:\\\/\\\/schema.org\",\"@graph\":[{\"@type\":\"Article\",\"@id\":\"https:\\\/\\\/stuttgarti-katolikusok.de\\\/index.php\\\/evkozi-25-vasarnap\\\/#article\",\"isPartOf\":{\"@id\":\"https:\\\/\\\/stuttgarti-katolikusok.de\\\/index.php\\\/evkozi-25-vasarnap\\\/\"},\"author\":{\"name\":\"Tibor atya\",\"@id\":\"https:\\\/\\\/stuttgarti-katolikusok.de\\\/#\\\/schema\\\/person\\\/75908d6f8fdc03a57889d27209df7795\"},\"headline\":\"\u00c9vk\u00f6zi 25. vas\u00e1rnap\",\"datePublished\":\"2023-09-23T06:00:59+00:00\",\"mainEntityOfPage\":{\"@id\":\"https:\\\/\\\/stuttgarti-katolikusok.de\\\/index.php\\\/evkozi-25-vasarnap\\\/\"},\"wordCount\":1204,\"image\":{\"@id\":\"https:\\\/\\\/stuttgarti-katolikusok.de\\\/index.php\\\/evkozi-25-vasarnap\\\/#primaryimage\"},\"thumbnailUrl\":\"https:\\\/\\\/stuttgarti-katolikusok.de\\\/wp-content\\\/uploads\\\/2023\\\/09\\\/img-20230919-wa0022.jpg\",\"articleSection\":[\"A liturgia olvasm\u00e1nyai\",\"Vas\u00e1rnapi gondolatok\"],\"inLanguage\":\"hu\"},{\"@type\":\"WebPage\",\"@id\":\"https:\\\/\\\/stuttgarti-katolikusok.de\\\/index.php\\\/evkozi-25-vasarnap\\\/\",\"url\":\"https:\\\/\\\/stuttgarti-katolikusok.de\\\/index.php\\\/evkozi-25-vasarnap\\\/\",\"name\":\"\u00c9vk\u00f6zi 25. vas\u00e1rnap - Stuttgarti Katolikusok\",\"isPartOf\":{\"@id\":\"https:\\\/\\\/stuttgarti-katolikusok.de\\\/#website\"},\"primaryImageOfPage\":{\"@id\":\"https:\\\/\\\/stuttgarti-katolikusok.de\\\/index.php\\\/evkozi-25-vasarnap\\\/#primaryimage\"},\"image\":{\"@id\":\"https:\\\/\\\/stuttgarti-katolikusok.de\\\/index.php\\\/evkozi-25-vasarnap\\\/#primaryimage\"},\"thumbnailUrl\":\"https:\\\/\\\/stuttgarti-katolikusok.de\\\/wp-content\\\/uploads\\\/2023\\\/09\\\/img-20230919-wa0022.jpg\",\"datePublished\":\"2023-09-23T06:00:59+00:00\",\"author\":{\"@id\":\"https:\\\/\\\/stuttgarti-katolikusok.de\\\/#\\\/schema\\\/person\\\/75908d6f8fdc03a57889d27209df7795\"},\"breadcrumb\":{\"@id\":\"https:\\\/\\\/stuttgarti-katolikusok.de\\\/index.php\\\/evkozi-25-vasarnap\\\/#breadcrumb\"},\"inLanguage\":\"hu\",\"potentialAction\":[{\"@type\":\"ReadAction\",\"target\":[\"https:\\\/\\\/stuttgarti-katolikusok.de\\\/index.php\\\/evkozi-25-vasarnap\\\/\"]}]},{\"@type\":\"ImageObject\",\"inLanguage\":\"hu\",\"@id\":\"https:\\\/\\\/stuttgarti-katolikusok.de\\\/index.php\\\/evkozi-25-vasarnap\\\/#primaryimage\",\"url\":\"https:\\\/\\\/stuttgarti-katolikusok.de\\\/wp-content\\\/uploads\\\/2023\\\/09\\\/img-20230919-wa0022.jpg\",\"contentUrl\":\"https:\\\/\\\/stuttgarti-katolikusok.de\\\/wp-content\\\/uploads\\\/2023\\\/09\\\/img-20230919-wa0022.jpg\",\"width\":1076,\"height\":1345},{\"@type\":\"BreadcrumbList\",\"@id\":\"https:\\\/\\\/stuttgarti-katolikusok.de\\\/index.php\\\/evkozi-25-vasarnap\\\/#breadcrumb\",\"itemListElement\":[{\"@type\":\"ListItem\",\"position\":1,\"name\":\"Kezd\u0151lap\",\"item\":\"https:\\\/\\\/stuttgarti-katolikusok.de\\\/\"},{\"@type\":\"ListItem\",\"position\":2,\"name\":\"\u00c9vk\u00f6zi 25. vas\u00e1rnap\"}]},{\"@type\":\"WebSite\",\"@id\":\"https:\\\/\\\/stuttgarti-katolikusok.de\\\/#website\",\"url\":\"https:\\\/\\\/stuttgarti-katolikusok.de\\\/\",\"name\":\"Stuttgarti Katolikusok\",\"description\":\"\",\"potentialAction\":[{\"@type\":\"SearchAction\",\"target\":{\"@type\":\"EntryPoint\",\"urlTemplate\":\"https:\\\/\\\/stuttgarti-katolikusok.de\\\/?s={search_term_string}\"},\"query-input\":{\"@type\":\"PropertyValueSpecification\",\"valueRequired\":true,\"valueName\":\"search_term_string\"}}],\"inLanguage\":\"hu\"},{\"@type\":\"Person\",\"@id\":\"https:\\\/\\\/stuttgarti-katolikusok.de\\\/#\\\/schema\\\/person\\\/75908d6f8fdc03a57889d27209df7795\",\"name\":\"Tibor atya\",\"image\":{\"@type\":\"ImageObject\",\"inLanguage\":\"hu\",\"@id\":\"https:\\\/\\\/secure.gravatar.com\\\/avatar\\\/61d268e57d1f4525b111222e29d2d5a7f8c420fdbf231ba5566a8ceac74fa960?s=96&d=mm&r=g\",\"url\":\"https:\\\/\\\/secure.gravatar.com\\\/avatar\\\/61d268e57d1f4525b111222e29d2d5a7f8c420fdbf231ba5566a8ceac74fa960?s=96&d=mm&r=g\",\"contentUrl\":\"https:\\\/\\\/secure.gravatar.com\\\/avatar\\\/61d268e57d1f4525b111222e29d2d5a7f8c420fdbf231ba5566a8ceac74fa960?s=96&d=mm&r=g\",\"caption\":\"Tibor atya\"},\"url\":\"https:\\\/\\\/stuttgarti-katolikusok.de\\\/index.php\\\/author\\\/tibor-atya\\\/\"}]}<\/script>\n<!-- \/ Yoast SEO plugin. -->","yoast_head_json":{"title":"\u00c9vk\u00f6zi 25. vas\u00e1rnap - Stuttgarti Katolikusok","robots":{"index":"index","follow":"follow","max-snippet":"max-snippet:-1","max-image-preview":"max-image-preview:large","max-video-preview":"max-video-preview:-1"},"canonical":"https:\/\/stuttgarti-katolikusok.de\/index.php\/evkozi-25-vasarnap\/","og_locale":"hu_HU","og_type":"article","og_title":"\u00c9vk\u00f6zi 25. vas\u00e1rnap - Stuttgarti Katolikusok","og_description":"Kezd\u0151\u00e9nek: N\u00e9pem \u00fcdv\u00f6ss\u00e9ge \u00e9n vagyok &#8211; mondja az \u00dar. B\u00e1rmilyen nyomor\u00fas\u00e1gb\u00f3l ki\u00e1ltsanak is hozz\u00e1m, meghallgatom \u0151ket, \u00e9s Uruk leszek mind\u00f6r\u00f6kre. K\u00f6ny\u00f6rg\u00e9s: Isten\u00fcnk, te szent t\u00f6rv\u00e9nyedet az isten- \u00e9s emberszeretet parancs\u00e1ban foglaltad \u00f6ssze. Add, hogy parancsaidat megtartva eljussunk az \u00f6r\u00f6k \u00e9letre. A mi Urunk, J\u00e9zus Krisztus, a te Fiad \u00e1ltal, aki veled \u00e9l \u00e9s uralkodik a Szentl\u00e9tekkel egys\u00e9gben, Isten mind\u00f6r\u00f6kk\u00f6n \u00f6r\u00f6kk\u00e9. OLVASM\u00c1NY Izaj\u00e1s pr\u00f3f\u00e9ta k\u00f6nyv\u00e9b\u0151l (Iz 55,6-9) Az \u00e9n gondolataim nem a ti gondolataitok. Keress\u00e9tek az Urat, am\u00edg megtal\u00e1lj\u00e1tok, h\u00edvj\u00e1tok seg\u00edts\u00e9g\u00fcl, am\u00edg k\u00f6zel van! Hagyja el \u00fatj\u00e1t a gonosz, \u00e9s gondolatait a b\u0171n\u00f6s; t\u00e9rjen vissza az \u00darhoz, mert megk\u00f6ny\u00f6r\u00fcl rajta, Isten\u00fcnkh\u00f6z, mert b\u0151kez\u0171 a megbocs\u00e1t\u00e1sban. Hiszen az \u00e9n gondolataim nem a ti gondolataitok, \u00e9s az \u00e9n \u00fatjaim nem a ti \u00fatjaitok \u2013 mondja az \u00dar. Igen, amennyivel magasabb az \u00e9g a f\u00f6ldn\u00e9l, annyival magasabbak az \u00e9n \u00fatjaim a ti \u00fatjaitokn\u00e1l, az \u00e9n gondolataim \u2013 a ti gondolataitokn\u00e1l. Ez az Isten ig\u00e9je. V\u00c1LASZOS ZSOLT\u00c1R (Zsolt 144,2-3.8-9.17-18) V\u00e1lasz:\u00a0K\u00f6zel az \u00dar\u00a0azokhoz, * akik\u00a0oltalm\u00e1t k\u00e9rik.\u00a0(5. t\u00f3nus.) El\u0151\u00e9nekes: Mindennap \u00e1ldalak\u00a0t\u00e9ged, * \u00e9s dics\u0151\u00edtem nevedet\u00a0\u00f6r\u00f6kk\u00f6n \u00f6r\u00f6kk\u00e9. Nagy az \u00dar \u00e9s minden dics\u00e9retre\u00a0m\u00e9lt\u00f3, * nagys\u00e1g\u00e1t\u00a0felfogni nem lehet. H\u00edvek:\u00a0K\u00f6zel az \u00dar\u00a0azokhoz, * akik\u00a0oltalm\u00e1t k\u00e9rik. E: Irgalmas az \u00dar \u00e9s\u00a0kegyelmes, * nagy irgalm\u00fa \u00e9s\u00a0hosszan t\u0171r\u0151. Az \u00dar mindenkihez\u00a0j\u00f3s\u00e1gos, * \u00e9s irgalmas\u00a0minden m\u0171v\u00e9hez. H:\u00a0K\u00f6zel az \u00dar\u00a0azokhoz, * akik\u00a0oltalm\u00e1t k\u00e9rik. E: Igazs\u00e1gos az \u00dar minden\u00a0\u00fatj\u00e1n, * \u00e9s szent\u00a0minden m\u0171v\u00e9ben. K\u00f6zel az \u00dar azokhoz, akik \u0151t\u00a0h\u00edvj\u00e1k, * akik hozz\u00e1 ki\u00e1ltanak\u00a0igaz sz\u00edvvel. H:\u00a0K\u00f6zel az \u00dar\u00a0azokhoz, * akik\u00a0oltalm\u00e1t k\u00e9rik. SZENTLECKE Szent P\u00e1l apostolnak a filippiekhez \u00edrt level\u00e9b\u0151l (Fil 1,20a-24.27a) Sz\u00e1momra az \u00e9let Krisztus. Testv\u00e9reim! Ny\u00edltan megmondom, hogy Krisztus most is, mint mindig, megdics\u0151\u00fcl testemben, akkor is, ha \u00e9lek, akkor is, ha meghalok. Hiszen sz\u00e1momra az \u00e9let Krisztus, a hal\u00e1l pedig nyeres\u00e9g. Ha viszont tov\u00e1bb kell \u00e9lnem, az gy\u00fcm\u00f6lcs\u00f6z\u0151 munk\u00e1t jelent. Nem tudom teh\u00e1t, mit v\u00e1lasszak, mert mind a kett\u0151 vonz: Szeretn\u00e9k elk\u00f6lt\u00f6zni, hogy Krisztussal legyek,... R\u00e9szletek","og_url":"https:\/\/stuttgarti-katolikusok.de\/index.php\/evkozi-25-vasarnap\/","og_site_name":"Stuttgarti Katolikusok","article_published_time":"2023-09-23T06:00:59+00:00","og_image":[{"width":1076,"height":1345,"url":"https:\/\/stuttgarti-katolikusok.de\/wp-content\/uploads\/2023\/09\/img-20230919-wa0022.jpg","type":"image\/jpeg"}],"author":"Tibor atya","twitter_card":"summary_large_image","twitter_misc":{"Szerz\u0151:":"Tibor atya","Becs\u00fclt olvas\u00e1si id\u0151":"5 perc"},"schema":{"@context":"https:\/\/schema.org","@graph":[{"@type":"Article","@id":"https:\/\/stuttgarti-katolikusok.de\/index.php\/evkozi-25-vasarnap\/#article","isPartOf":{"@id":"https:\/\/stuttgarti-katolikusok.de\/index.php\/evkozi-25-vasarnap\/"},"author":{"name":"Tibor atya","@id":"https:\/\/stuttgarti-katolikusok.de\/#\/schema\/person\/75908d6f8fdc03a57889d27209df7795"},"headline":"\u00c9vk\u00f6zi 25. vas\u00e1rnap","datePublished":"2023-09-23T06:00:59+00:00","mainEntityOfPage":{"@id":"https:\/\/stuttgarti-katolikusok.de\/index.php\/evkozi-25-vasarnap\/"},"wordCount":1204,"image":{"@id":"https:\/\/stuttgarti-katolikusok.de\/index.php\/evkozi-25-vasarnap\/#primaryimage"},"thumbnailUrl":"https:\/\/stuttgarti-katolikusok.de\/wp-content\/uploads\/2023\/09\/img-20230919-wa0022.jpg","articleSection":["A liturgia olvasm\u00e1nyai","Vas\u00e1rnapi gondolatok"],"inLanguage":"hu"},{"@type":"WebPage","@id":"https:\/\/stuttgarti-katolikusok.de\/index.php\/evkozi-25-vasarnap\/","url":"https:\/\/stuttgarti-katolikusok.de\/index.php\/evkozi-25-vasarnap\/","name":"\u00c9vk\u00f6zi 25. vas\u00e1rnap - Stuttgarti Katolikusok","isPartOf":{"@id":"https:\/\/stuttgarti-katolikusok.de\/#website"},"primaryImageOfPage":{"@id":"https:\/\/stuttgarti-katolikusok.de\/index.php\/evkozi-25-vasarnap\/#primaryimage"},"image":{"@id":"https:\/\/stuttgarti-katolikusok.de\/index.php\/evkozi-25-vasarnap\/#primaryimage"},"thumbnailUrl":"https:\/\/stuttgarti-katolikusok.de\/wp-content\/uploads\/2023\/09\/img-20230919-wa0022.jpg","datePublished":"2023-09-23T06:00:59+00:00","author":{"@id":"https:\/\/stuttgarti-katolikusok.de\/#\/schema\/person\/75908d6f8fdc03a57889d27209df7795"},"breadcrumb":{"@id":"https:\/\/stuttgarti-katolikusok.de\/index.php\/evkozi-25-vasarnap\/#breadcrumb"},"inLanguage":"hu","potentialAction":[{"@type":"ReadAction","target":["https:\/\/stuttgarti-katolikusok.de\/index.php\/evkozi-25-vasarnap\/"]}]},{"@type":"ImageObject","inLanguage":"hu","@id":"https:\/\/stuttgarti-katolikusok.de\/index.php\/evkozi-25-vasarnap\/#primaryimage","url":"https:\/\/stuttgarti-katolikusok.de\/wp-content\/uploads\/2023\/09\/img-20230919-wa0022.jpg","contentUrl":"https:\/\/stuttgarti-katolikusok.de\/wp-content\/uploads\/2023\/09\/img-20230919-wa0022.jpg","width":1076,"height":1345},{"@type":"BreadcrumbList","@id":"https:\/\/stuttgarti-katolikusok.de\/index.php\/evkozi-25-vasarnap\/#breadcrumb","itemListElement":[{"@type":"ListItem","position":1,"name":"Kezd\u0151lap","item":"https:\/\/stuttgarti-katolikusok.de\/"},{"@type":"ListItem","position":2,"name":"\u00c9vk\u00f6zi 25. vas\u00e1rnap"}]},{"@type":"WebSite","@id":"https:\/\/stuttgarti-katolikusok.de\/#website","url":"https:\/\/stuttgarti-katolikusok.de\/","name":"Stuttgarti Katolikusok","description":"","potentialAction":[{"@type":"SearchAction","target":{"@type":"EntryPoint","urlTemplate":"https:\/\/stuttgarti-katolikusok.de\/?s={search_term_string}"},"query-input":{"@type":"PropertyValueSpecification","valueRequired":true,"valueName":"search_term_string"}}],"inLanguage":"hu"},{"@type":"Person","@id":"https:\/\/stuttgarti-katolikusok.de\/#\/schema\/person\/75908d6f8fdc03a57889d27209df7795","name":"Tibor atya","image":{"@type":"ImageObject","inLanguage":"hu","@id":"https:\/\/secure.gravatar.com\/avatar\/61d268e57d1f4525b111222e29d2d5a7f8c420fdbf231ba5566a8ceac74fa960?s=96&d=mm&r=g","url":"https:\/\/secure.gravatar.com\/avatar\/61d268e57d1f4525b111222e29d2d5a7f8c420fdbf231ba5566a8ceac74fa960?s=96&d=mm&r=g","contentUrl":"https:\/\/secure.gravatar.com\/avatar\/61d268e57d1f4525b111222e29d2d5a7f8c420fdbf231ba5566a8ceac74fa960?s=96&d=mm&r=g","caption":"Tibor atya"},"url":"https:\/\/stuttgarti-katolikusok.de\/index.php\/author\/tibor-atya\/"}]}},"_links":{"self":[{"href":"https:\/\/stuttgarti-katolikusok.de\/index.php\/wp-json\/wp\/v2\/posts\/27220","targetHints":{"allow":["GET"]}}],"collection":[{"href":"https:\/\/stuttgarti-katolikusok.de\/index.php\/wp-json\/wp\/v2\/posts"}],"about":[{"href":"https:\/\/stuttgarti-katolikusok.de\/index.php\/wp-json\/wp\/v2\/types\/post"}],"author":[{"embeddable":true,"href":"https:\/\/stuttgarti-katolikusok.de\/index.php\/wp-json\/wp\/v2\/users\/3"}],"replies":[{"embeddable":true,"href":"https:\/\/stuttgarti-katolikusok.de\/index.php\/wp-json\/wp\/v2\/comments?post=27220"}],"version-history":[{"count":2,"href":"https:\/\/stuttgarti-katolikusok.de\/index.php\/wp-json\/wp\/v2\/posts\/27220\/revisions"}],"predecessor-version":[{"id":27223,"href":"https:\/\/stuttgarti-katolikusok.de\/index.php\/wp-json\/wp\/v2\/posts\/27220\/revisions\/27223"}],"wp:featuredmedia":[{"embeddable":true,"href":"https:\/\/stuttgarti-katolikusok.de\/index.php\/wp-json\/wp\/v2\/media\/27221"}],"wp:attachment":[{"href":"https:\/\/stuttgarti-katolikusok.de\/index.php\/wp-json\/wp\/v2\/media?parent=27220"}],"wp:term":[{"taxonomy":"category","embeddable":true,"href":"https:\/\/stuttgarti-katolikusok.de\/index.php\/wp-json\/wp\/v2\/categories?post=27220"},{"taxonomy":"post_tag","embeddable":true,"href":"https:\/\/stuttgarti-katolikusok.de\/index.php\/wp-json\/wp\/v2\/tags?post=27220"}],"curies":[{"name":"wp","href":"https:\/\/api.w.org\/{rel}","templated":true}]}}