{"id":27194,"date":"2023-09-19T21:41:42","date_gmt":"2023-09-19T19:41:42","guid":{"rendered":"https:\/\/stuttgarti-katolikusok.de\/?p=27194"},"modified":"2023-09-19T21:45:15","modified_gmt":"2023-09-19T19:45:15","slug":"2023-szeptember-18-es-24-kozott","status":"publish","type":"post","link":"https:\/\/stuttgarti-katolikusok.de\/index.php\/2023-szeptember-18-es-24-kozott\/","title":{"rendered":"2023 SZEPTEMBER 18 \u00c9S 24 K\u00d6Z\u00d6TT"},"content":{"rendered":"<p><span style=\"color: #339966;\"><strong>Programel\u0151zetes<\/strong><\/span><\/p>\n<p style=\"text-align: center;\"><span style=\"color: #339966;\"><strong>*<\/strong><\/span><\/p>\n<p><strong>Szeptember 23-\u00e1n<\/strong>, szombaton, <strong>Tuttlingenben <\/strong>16.00 \u00f3rakor <em>szentmise<\/em><em>, <\/em>ut\u00e1na <em>agap\u00e9.<\/em><\/p>\n<p style=\"text-align: center;\"><span style=\"color: #339966;\"><em><strong>*<\/strong><\/em><\/span><\/p>\n<p><strong>Szeptember 24-\u00e9n<\/strong>, <strong><em><span style=\"color: #339966;\">\u00c9vk\u00f6zi <\/span><span style=\"color: #339966;\">25.<\/span><\/em><\/strong><em><strong><span style=\"color: #339966;\"> vas\u00e1rnap<\/span><\/strong><\/em><em>,<\/em><\/p>\n<p><strong>B\u00f6blingenben <\/strong>9.30 \u00f3rakor <em>szentmise<\/em><em>,<\/em> ut\u00e1na <em>agap\u00e9,<\/em><\/p>\n<p><strong>Heilbronnban <\/strong>15.30 \u00f3rakor <em>szentmise<\/em><em>, <\/em>ut\u00e1na <em>agap\u00e9.<\/em><\/p>\n<p style=\"text-align: center;\"><span style=\"color: #339966;\"><strong>*<\/strong><\/span><\/p>\n<p>Minden helyen mindenkit szeretettel v\u00e1r a k\u00f6z\u00f6ss\u00e9g \u00e9s Tibor atya!<\/p>\n<p style=\"text-align: center;\"><span style=\"color: #339966;\"><strong>*<\/strong><\/span><\/p>\n<p><a href=\"https:\/\/stuttgarti-katolikusok.de\/wp-content\/uploads\/2023\/09\/os36.jpg\"><img loading=\"lazy\" decoding=\"async\" class=\"alignnone size-full wp-image-27195\" src=\"https:\/\/stuttgarti-katolikusok.de\/wp-content\/uploads\/2023\/09\/os36.jpg\" alt=\"\" width=\"1080\" height=\"1044\" srcset=\"https:\/\/stuttgarti-katolikusok.de\/wp-content\/uploads\/2023\/09\/os36.jpg 1080w, https:\/\/stuttgarti-katolikusok.de\/wp-content\/uploads\/2023\/09\/os36-300x290.jpg 300w, https:\/\/stuttgarti-katolikusok.de\/wp-content\/uploads\/2023\/09\/os36-1024x990.jpg 1024w\" sizes=\"auto, (max-width: 1080px) 100vw, 1080px\" \/><\/a><\/p>\n<p>\u201e\u2026egyszer\u0171en az, hogy l\u00e9tezel, mozd\u00edtja meg itt \u00e9s most a vil\u00e1got.\u201d<\/p>\n<p><em>(Pilinszky J\u00e1nos: Itt \u00e9s most)<\/em><\/p>\n<p style=\"text-align: center;\"><span style=\"color: #339966;\"><strong>*<\/strong><\/span><\/p>\n<p><span style=\"color: #339966;\"><strong><em>Bens\u0151s\u00e9ges \u0151szi napokat, j\u00f3 munk\u00e1t, tartalmas besz\u00e9lget\u00e9seket \u00e9s \u00f6r\u00f6mteli tal\u00e1lkoz\u00e1sokat k\u00edv\u00e1nunk minden Kedves H\u00edv\u00fcnknek!<\/em><\/strong><\/span><\/p>\n<p><em>(K\u00e9pek forr\u00e1sa: Instagram)<\/em><\/p>\n","protected":false},"excerpt":{"rendered":"<p>Programel\u0151zetes * Szeptember 23-\u00e1n, szombaton, Tuttlingenben 16.00 \u00f3rakor szentmise, ut\u00e1na agap\u00e9. * Szeptember 24-\u00e9n, \u00c9vk\u00f6zi 25. vas\u00e1rnap, B\u00f6blingenben 9.30 \u00f3rakor szentmise, ut\u00e1na agap\u00e9, Heilbronnban 15.30 \u00f3rakor szentmise, ut\u00e1na agap\u00e9. * Minden helyen mindenkit szeretettel v\u00e1r a k\u00f6z\u00f6ss\u00e9g \u00e9s Tibor atya! * \u201e\u2026egyszer\u0171en az, hogy l\u00e9tezel, mozd\u00edtja meg itt \u00e9s most a vil\u00e1got.\u201d (Pilinszky J\u00e1nos: Itt \u00e9s most) * Bens\u0151s\u00e9ges \u0151szi napokat, j\u00f3 munk\u00e1t, tartalmas besz\u00e9lget\u00e9seket \u00e9s \u00f6r\u00f6mteli tal\u00e1lkoz\u00e1sokat k\u00edv\u00e1nunk minden Kedves H\u00edv\u00fcnknek! (K\u00e9pek forr\u00e1sa: Instagram)<\/p>\n","protected":false},"author":3,"featured_media":27196,"comment_status":"closed","ping_status":"closed","sticky":false,"template":"","format":"standard","meta":{"footnotes":""},"categories":[37],"tags":[],"class_list":["post-27194","post","type-post","status-publish","format-standard","has-post-thumbnail","hentry","category-progamelozetes"],"yoast_head":"<!-- This site is optimized with the Yoast SEO plugin v27.3 - https:\/\/yoast.com\/product\/yoast-seo-wordpress\/ -->\n<title>2023 SZEPTEMBER 18 \u00c9S 24 K\u00d6Z\u00d6TT - Stuttgarti Katolikusok<\/title>\n<meta name=\"robots\" content=\"index, follow, max-snippet:-1, max-image-preview:large, max-video-preview:-1\" \/>\n<link rel=\"canonical\" href=\"https:\/\/stuttgarti-katolikusok.de\/index.php\/2023-szeptember-18-es-24-kozott\/\" \/>\n<meta property=\"og:locale\" content=\"hu_HU\" \/>\n<meta property=\"og:type\" content=\"article\" \/>\n<meta property=\"og:title\" content=\"2023 SZEPTEMBER 18 \u00c9S 24 K\u00d6Z\u00d6TT - Stuttgarti Katolikusok\" \/>\n<meta property=\"og:description\" content=\"Programel\u0151zetes * Szeptember 23-\u00e1n, szombaton, Tuttlingenben 16.00 \u00f3rakor szentmise, ut\u00e1na agap\u00e9. * Szeptember 24-\u00e9n, \u00c9vk\u00f6zi 25. vas\u00e1rnap, B\u00f6blingenben 9.30 \u00f3rakor szentmise, ut\u00e1na agap\u00e9, Heilbronnban 15.30 \u00f3rakor szentmise, ut\u00e1na agap\u00e9. * Minden helyen mindenkit szeretettel v\u00e1r a k\u00f6z\u00f6ss\u00e9g \u00e9s Tibor atya! * \u201e\u2026egyszer\u0171en az, hogy l\u00e9tezel, mozd\u00edtja meg itt \u00e9s most a vil\u00e1got.\u201d (Pilinszky J\u00e1nos: Itt \u00e9s most) * Bens\u0151s\u00e9ges \u0151szi napokat, j\u00f3 munk\u00e1t, tartalmas besz\u00e9lget\u00e9seket \u00e9s \u00f6r\u00f6mteli tal\u00e1lkoz\u00e1sokat k\u00edv\u00e1nunk minden Kedves H\u00edv\u00fcnknek! (K\u00e9pek forr\u00e1sa: Instagram)\" \/>\n<meta property=\"og:url\" content=\"https:\/\/stuttgarti-katolikusok.de\/index.php\/2023-szeptember-18-es-24-kozott\/\" \/>\n<meta property=\"og:site_name\" content=\"Stuttgarti Katolikusok\" \/>\n<meta property=\"article:published_time\" content=\"2023-09-19T19:41:42+00:00\" \/>\n<meta property=\"article:modified_time\" content=\"2023-09-19T19:45:15+00:00\" \/>\n<meta property=\"og:image\" content=\"https:\/\/stuttgarti-katolikusok.de\/wp-content\/uploads\/2023\/09\/os30.jpg\" \/>\n\t<meta property=\"og:image:width\" content=\"1078\" \/>\n\t<meta property=\"og:image:height\" content=\"939\" \/>\n\t<meta property=\"og:image:type\" content=\"image\/jpeg\" \/>\n<meta name=\"author\" content=\"Tibor atya\" \/>\n<meta name=\"twitter:card\" content=\"summary_large_image\" \/>\n<meta name=\"twitter:label1\" content=\"Szerz\u0151:\" \/>\n\t<meta name=\"twitter:data1\" content=\"Tibor atya\" \/>\n\t<meta name=\"twitter:label2\" content=\"Becs\u00fclt olvas\u00e1si id\u0151\" \/>\n\t<meta name=\"twitter:data2\" content=\"1 perc\" \/>\n<script type=\"application\/ld+json\" class=\"yoast-schema-graph\">{\"@context\":\"https:\\\/\\\/schema.org\",\"@graph\":[{\"@type\":\"Article\",\"@id\":\"https:\\\/\\\/stuttgarti-katolikusok.de\\\/index.php\\\/2023-szeptember-18-es-24-kozott\\\/#article\",\"isPartOf\":{\"@id\":\"https:\\\/\\\/stuttgarti-katolikusok.de\\\/index.php\\\/2023-szeptember-18-es-24-kozott\\\/\"},\"author\":{\"name\":\"Tibor atya\",\"@id\":\"https:\\\/\\\/stuttgarti-katolikusok.de\\\/#\\\/schema\\\/person\\\/75908d6f8fdc03a57889d27209df7795\"},\"headline\":\"2023 SZEPTEMBER 18 \u00c9S 24 K\u00d6Z\u00d6TT\",\"datePublished\":\"2023-09-19T19:41:42+00:00\",\"dateModified\":\"2023-09-19T19:45:15+00:00\",\"mainEntityOfPage\":{\"@id\":\"https:\\\/\\\/stuttgarti-katolikusok.de\\\/index.php\\\/2023-szeptember-18-es-24-kozott\\\/\"},\"wordCount\":103,\"image\":{\"@id\":\"https:\\\/\\\/stuttgarti-katolikusok.de\\\/index.php\\\/2023-szeptember-18-es-24-kozott\\\/#primaryimage\"},\"thumbnailUrl\":\"https:\\\/\\\/stuttgarti-katolikusok.de\\\/wp-content\\\/uploads\\\/2023\\\/09\\\/os30.jpg\",\"articleSection\":[\"Progamel\u0151zetes\"],\"inLanguage\":\"hu\"},{\"@type\":\"WebPage\",\"@id\":\"https:\\\/\\\/stuttgarti-katolikusok.de\\\/index.php\\\/2023-szeptember-18-es-24-kozott\\\/\",\"url\":\"https:\\\/\\\/stuttgarti-katolikusok.de\\\/index.php\\\/2023-szeptember-18-es-24-kozott\\\/\",\"name\":\"2023 SZEPTEMBER 18 \u00c9S 24 K\u00d6Z\u00d6TT - Stuttgarti Katolikusok\",\"isPartOf\":{\"@id\":\"https:\\\/\\\/stuttgarti-katolikusok.de\\\/#website\"},\"primaryImageOfPage\":{\"@id\":\"https:\\\/\\\/stuttgarti-katolikusok.de\\\/index.php\\\/2023-szeptember-18-es-24-kozott\\\/#primaryimage\"},\"image\":{\"@id\":\"https:\\\/\\\/stuttgarti-katolikusok.de\\\/index.php\\\/2023-szeptember-18-es-24-kozott\\\/#primaryimage\"},\"thumbnailUrl\":\"https:\\\/\\\/stuttgarti-katolikusok.de\\\/wp-content\\\/uploads\\\/2023\\\/09\\\/os30.jpg\",\"datePublished\":\"2023-09-19T19:41:42+00:00\",\"dateModified\":\"2023-09-19T19:45:15+00:00\",\"author\":{\"@id\":\"https:\\\/\\\/stuttgarti-katolikusok.de\\\/#\\\/schema\\\/person\\\/75908d6f8fdc03a57889d27209df7795\"},\"breadcrumb\":{\"@id\":\"https:\\\/\\\/stuttgarti-katolikusok.de\\\/index.php\\\/2023-szeptember-18-es-24-kozott\\\/#breadcrumb\"},\"inLanguage\":\"hu\",\"potentialAction\":[{\"@type\":\"ReadAction\",\"target\":[\"https:\\\/\\\/stuttgarti-katolikusok.de\\\/index.php\\\/2023-szeptember-18-es-24-kozott\\\/\"]}]},{\"@type\":\"ImageObject\",\"inLanguage\":\"hu\",\"@id\":\"https:\\\/\\\/stuttgarti-katolikusok.de\\\/index.php\\\/2023-szeptember-18-es-24-kozott\\\/#primaryimage\",\"url\":\"https:\\\/\\\/stuttgarti-katolikusok.de\\\/wp-content\\\/uploads\\\/2023\\\/09\\\/os30.jpg\",\"contentUrl\":\"https:\\\/\\\/stuttgarti-katolikusok.de\\\/wp-content\\\/uploads\\\/2023\\\/09\\\/os30.jpg\",\"width\":1078,\"height\":939},{\"@type\":\"BreadcrumbList\",\"@id\":\"https:\\\/\\\/stuttgarti-katolikusok.de\\\/index.php\\\/2023-szeptember-18-es-24-kozott\\\/#breadcrumb\",\"itemListElement\":[{\"@type\":\"ListItem\",\"position\":1,\"name\":\"Kezd\u0151lap\",\"item\":\"https:\\\/\\\/stuttgarti-katolikusok.de\\\/\"},{\"@type\":\"ListItem\",\"position\":2,\"name\":\"2023 SZEPTEMBER 18 \u00c9S 24 K\u00d6Z\u00d6TT\"}]},{\"@type\":\"WebSite\",\"@id\":\"https:\\\/\\\/stuttgarti-katolikusok.de\\\/#website\",\"url\":\"https:\\\/\\\/stuttgarti-katolikusok.de\\\/\",\"name\":\"Stuttgarti Katolikusok\",\"description\":\"\",\"potentialAction\":[{\"@type\":\"SearchAction\",\"target\":{\"@type\":\"EntryPoint\",\"urlTemplate\":\"https:\\\/\\\/stuttgarti-katolikusok.de\\\/?s={search_term_string}\"},\"query-input\":{\"@type\":\"PropertyValueSpecification\",\"valueRequired\":true,\"valueName\":\"search_term_string\"}}],\"inLanguage\":\"hu\"},{\"@type\":\"Person\",\"@id\":\"https:\\\/\\\/stuttgarti-katolikusok.de\\\/#\\\/schema\\\/person\\\/75908d6f8fdc03a57889d27209df7795\",\"name\":\"Tibor atya\",\"image\":{\"@type\":\"ImageObject\",\"inLanguage\":\"hu\",\"@id\":\"https:\\\/\\\/secure.gravatar.com\\\/avatar\\\/61d268e57d1f4525b111222e29d2d5a7f8c420fdbf231ba5566a8ceac74fa960?s=96&d=mm&r=g\",\"url\":\"https:\\\/\\\/secure.gravatar.com\\\/avatar\\\/61d268e57d1f4525b111222e29d2d5a7f8c420fdbf231ba5566a8ceac74fa960?s=96&d=mm&r=g\",\"contentUrl\":\"https:\\\/\\\/secure.gravatar.com\\\/avatar\\\/61d268e57d1f4525b111222e29d2d5a7f8c420fdbf231ba5566a8ceac74fa960?s=96&d=mm&r=g\",\"caption\":\"Tibor atya\"},\"url\":\"https:\\\/\\\/stuttgarti-katolikusok.de\\\/index.php\\\/author\\\/tibor-atya\\\/\"}]}<\/script>\n<!-- \/ Yoast SEO plugin. -->","yoast_head_json":{"title":"2023 SZEPTEMBER 18 \u00c9S 24 K\u00d6Z\u00d6TT - Stuttgarti Katolikusok","robots":{"index":"index","follow":"follow","max-snippet":"max-snippet:-1","max-image-preview":"max-image-preview:large","max-video-preview":"max-video-preview:-1"},"canonical":"https:\/\/stuttgarti-katolikusok.de\/index.php\/2023-szeptember-18-es-24-kozott\/","og_locale":"hu_HU","og_type":"article","og_title":"2023 SZEPTEMBER 18 \u00c9S 24 K\u00d6Z\u00d6TT - Stuttgarti Katolikusok","og_description":"Programel\u0151zetes * Szeptember 23-\u00e1n, szombaton, Tuttlingenben 16.00 \u00f3rakor szentmise, ut\u00e1na agap\u00e9. * Szeptember 24-\u00e9n, \u00c9vk\u00f6zi 25. vas\u00e1rnap, B\u00f6blingenben 9.30 \u00f3rakor szentmise, ut\u00e1na agap\u00e9, Heilbronnban 15.30 \u00f3rakor szentmise, ut\u00e1na agap\u00e9. * Minden helyen mindenkit szeretettel v\u00e1r a k\u00f6z\u00f6ss\u00e9g \u00e9s Tibor atya! * \u201e\u2026egyszer\u0171en az, hogy l\u00e9tezel, mozd\u00edtja meg itt \u00e9s most a vil\u00e1got.\u201d (Pilinszky J\u00e1nos: Itt \u00e9s most) * Bens\u0151s\u00e9ges \u0151szi napokat, j\u00f3 munk\u00e1t, tartalmas besz\u00e9lget\u00e9seket \u00e9s \u00f6r\u00f6mteli tal\u00e1lkoz\u00e1sokat k\u00edv\u00e1nunk minden Kedves H\u00edv\u00fcnknek! (K\u00e9pek forr\u00e1sa: Instagram)","og_url":"https:\/\/stuttgarti-katolikusok.de\/index.php\/2023-szeptember-18-es-24-kozott\/","og_site_name":"Stuttgarti Katolikusok","article_published_time":"2023-09-19T19:41:42+00:00","article_modified_time":"2023-09-19T19:45:15+00:00","og_image":[{"width":1078,"height":939,"url":"https:\/\/stuttgarti-katolikusok.de\/wp-content\/uploads\/2023\/09\/os30.jpg","type":"image\/jpeg"}],"author":"Tibor atya","twitter_card":"summary_large_image","twitter_misc":{"Szerz\u0151:":"Tibor atya","Becs\u00fclt olvas\u00e1si id\u0151":"1 perc"},"schema":{"@context":"https:\/\/schema.org","@graph":[{"@type":"Article","@id":"https:\/\/stuttgarti-katolikusok.de\/index.php\/2023-szeptember-18-es-24-kozott\/#article","isPartOf":{"@id":"https:\/\/stuttgarti-katolikusok.de\/index.php\/2023-szeptember-18-es-24-kozott\/"},"author":{"name":"Tibor atya","@id":"https:\/\/stuttgarti-katolikusok.de\/#\/schema\/person\/75908d6f8fdc03a57889d27209df7795"},"headline":"2023 SZEPTEMBER 18 \u00c9S 24 K\u00d6Z\u00d6TT","datePublished":"2023-09-19T19:41:42+00:00","dateModified":"2023-09-19T19:45:15+00:00","mainEntityOfPage":{"@id":"https:\/\/stuttgarti-katolikusok.de\/index.php\/2023-szeptember-18-es-24-kozott\/"},"wordCount":103,"image":{"@id":"https:\/\/stuttgarti-katolikusok.de\/index.php\/2023-szeptember-18-es-24-kozott\/#primaryimage"},"thumbnailUrl":"https:\/\/stuttgarti-katolikusok.de\/wp-content\/uploads\/2023\/09\/os30.jpg","articleSection":["Progamel\u0151zetes"],"inLanguage":"hu"},{"@type":"WebPage","@id":"https:\/\/stuttgarti-katolikusok.de\/index.php\/2023-szeptember-18-es-24-kozott\/","url":"https:\/\/stuttgarti-katolikusok.de\/index.php\/2023-szeptember-18-es-24-kozott\/","name":"2023 SZEPTEMBER 18 \u00c9S 24 K\u00d6Z\u00d6TT - Stuttgarti Katolikusok","isPartOf":{"@id":"https:\/\/stuttgarti-katolikusok.de\/#website"},"primaryImageOfPage":{"@id":"https:\/\/stuttgarti-katolikusok.de\/index.php\/2023-szeptember-18-es-24-kozott\/#primaryimage"},"image":{"@id":"https:\/\/stuttgarti-katolikusok.de\/index.php\/2023-szeptember-18-es-24-kozott\/#primaryimage"},"thumbnailUrl":"https:\/\/stuttgarti-katolikusok.de\/wp-content\/uploads\/2023\/09\/os30.jpg","datePublished":"2023-09-19T19:41:42+00:00","dateModified":"2023-09-19T19:45:15+00:00","author":{"@id":"https:\/\/stuttgarti-katolikusok.de\/#\/schema\/person\/75908d6f8fdc03a57889d27209df7795"},"breadcrumb":{"@id":"https:\/\/stuttgarti-katolikusok.de\/index.php\/2023-szeptember-18-es-24-kozott\/#breadcrumb"},"inLanguage":"hu","potentialAction":[{"@type":"ReadAction","target":["https:\/\/stuttgarti-katolikusok.de\/index.php\/2023-szeptember-18-es-24-kozott\/"]}]},{"@type":"ImageObject","inLanguage":"hu","@id":"https:\/\/stuttgarti-katolikusok.de\/index.php\/2023-szeptember-18-es-24-kozott\/#primaryimage","url":"https:\/\/stuttgarti-katolikusok.de\/wp-content\/uploads\/2023\/09\/os30.jpg","contentUrl":"https:\/\/stuttgarti-katolikusok.de\/wp-content\/uploads\/2023\/09\/os30.jpg","width":1078,"height":939},{"@type":"BreadcrumbList","@id":"https:\/\/stuttgarti-katolikusok.de\/index.php\/2023-szeptember-18-es-24-kozott\/#breadcrumb","itemListElement":[{"@type":"ListItem","position":1,"name":"Kezd\u0151lap","item":"https:\/\/stuttgarti-katolikusok.de\/"},{"@type":"ListItem","position":2,"name":"2023 SZEPTEMBER 18 \u00c9S 24 K\u00d6Z\u00d6TT"}]},{"@type":"WebSite","@id":"https:\/\/stuttgarti-katolikusok.de\/#website","url":"https:\/\/stuttgarti-katolikusok.de\/","name":"Stuttgarti Katolikusok","description":"","potentialAction":[{"@type":"SearchAction","target":{"@type":"EntryPoint","urlTemplate":"https:\/\/stuttgarti-katolikusok.de\/?s={search_term_string}"},"query-input":{"@type":"PropertyValueSpecification","valueRequired":true,"valueName":"search_term_string"}}],"inLanguage":"hu"},{"@type":"Person","@id":"https:\/\/stuttgarti-katolikusok.de\/#\/schema\/person\/75908d6f8fdc03a57889d27209df7795","name":"Tibor atya","image":{"@type":"ImageObject","inLanguage":"hu","@id":"https:\/\/secure.gravatar.com\/avatar\/61d268e57d1f4525b111222e29d2d5a7f8c420fdbf231ba5566a8ceac74fa960?s=96&d=mm&r=g","url":"https:\/\/secure.gravatar.com\/avatar\/61d268e57d1f4525b111222e29d2d5a7f8c420fdbf231ba5566a8ceac74fa960?s=96&d=mm&r=g","contentUrl":"https:\/\/secure.gravatar.com\/avatar\/61d268e57d1f4525b111222e29d2d5a7f8c420fdbf231ba5566a8ceac74fa960?s=96&d=mm&r=g","caption":"Tibor atya"},"url":"https:\/\/stuttgarti-katolikusok.de\/index.php\/author\/tibor-atya\/"}]}},"_links":{"self":[{"href":"https:\/\/stuttgarti-katolikusok.de\/index.php\/wp-json\/wp\/v2\/posts\/27194","targetHints":{"allow":["GET"]}}],"collection":[{"href":"https:\/\/stuttgarti-katolikusok.de\/index.php\/wp-json\/wp\/v2\/posts"}],"about":[{"href":"https:\/\/stuttgarti-katolikusok.de\/index.php\/wp-json\/wp\/v2\/types\/post"}],"author":[{"embeddable":true,"href":"https:\/\/stuttgarti-katolikusok.de\/index.php\/wp-json\/wp\/v2\/users\/3"}],"replies":[{"embeddable":true,"href":"https:\/\/stuttgarti-katolikusok.de\/index.php\/wp-json\/wp\/v2\/comments?post=27194"}],"version-history":[{"count":4,"href":"https:\/\/stuttgarti-katolikusok.de\/index.php\/wp-json\/wp\/v2\/posts\/27194\/revisions"}],"predecessor-version":[{"id":27200,"href":"https:\/\/stuttgarti-katolikusok.de\/index.php\/wp-json\/wp\/v2\/posts\/27194\/revisions\/27200"}],"wp:featuredmedia":[{"embeddable":true,"href":"https:\/\/stuttgarti-katolikusok.de\/index.php\/wp-json\/wp\/v2\/media\/27196"}],"wp:attachment":[{"href":"https:\/\/stuttgarti-katolikusok.de\/index.php\/wp-json\/wp\/v2\/media?parent=27194"}],"wp:term":[{"taxonomy":"category","embeddable":true,"href":"https:\/\/stuttgarti-katolikusok.de\/index.php\/wp-json\/wp\/v2\/categories?post=27194"},{"taxonomy":"post_tag","embeddable":true,"href":"https:\/\/stuttgarti-katolikusok.de\/index.php\/wp-json\/wp\/v2\/tags?post=27194"}],"curies":[{"name":"wp","href":"https:\/\/api.w.org\/{rel}","templated":true}]}}