{"id":27187,"date":"2023-09-16T12:05:07","date_gmt":"2023-09-16T10:05:07","guid":{"rendered":"https:\/\/stuttgarti-katolikusok.de\/?p=27187"},"modified":"2023-09-16T12:05:07","modified_gmt":"2023-09-16T10:05:07","slug":"evkozi-24-vasarnap-2","status":"publish","type":"post","link":"https:\/\/stuttgarti-katolikusok.de\/index.php\/evkozi-24-vasarnap-2\/","title":{"rendered":"\u00c9vk\u00f6zi 24. vas\u00e1rnap"},"content":{"rendered":"<p><span style=\"color: #339966;\">Kezd\u0151\u00e9nek:<\/span><br \/>\nAdj b\u00e9k\u00e9t, Urunk, nek\u00fcnk, akik benned bizakodunk, hogy pr\u00f3f\u00e9t\u00e1id igazmond\u00f3knak bizonyuljanak; hallgasd meg h\u0171s\u00e9ges n\u00e9ped k\u00f6ny\u00f6rg\u00e9seit. (V\u00f6. Sir 36,18)<\/p>\n<p><span style=\"color: #339966;\">K\u00f6ny\u00f6rg\u00e9s:<\/span><br \/>\nUrunk, mindens\u00e9g teremt\u0151 \u00e9s gondvisel\u0151 Istene, tekints re\u00e1nk \u00e9s engedd meg\u00e9rezn\u00fcnk irgalmas j\u00f3s\u00e1godat, hogy eg\u00e9sz sz\u00edvvel szolg\u00e1ljunk neked. A mi Urunk, J\u00e9zus Krisztus, a te Fiad \u00e1ltal, aki veled \u00e9l \u00e9s uralkodik a Szentl\u00e9lekkel egys\u00e9gben, Isten mind\u00f6r\u00f6kk\u00f6n \u00f6r\u00f6kk\u00e9.<\/p>\n<p align=\"justify\"><span style=\"color: #339966;\">OLVASM\u00c1NY Sir\u00e1k fia k\u00f6nyv\u00e9b\u0151l (Sir 27,30-28,7)<\/span><br \/>\n<em>Bocs\u00e1sd meg a m\u00e1sik embernek, ha v\u00e9tett, im\u00e1dkozz\u00e1l, \u00e9s neked is megbocs\u00e1tj\u00e1k v\u00e9tked.<\/em><br \/>\nA d\u00fch \u00e9s a harag egyar\u00e1nt ut\u00e1latos, csak az ragaszkodik hozz\u00e1, aki b\u0171n\u00f6s. Aki bossz\u00fat \u00e1ll, azon bossz\u00fat \u00e1ll az \u00dar is, kem\u00e9ny sz\u00e1mad\u00e1st tart vele b\u0171nei\u00e9rt. Bocs\u00e1ss meg a m\u00e1sik embernek, ha v\u00e9tett, im\u00e1dkozz\u00e1l, \u00e9s neked is megbocs\u00e1tj\u00e1k v\u00e9tked.<br \/>\nAki m\u00e1s emberre konokul haragszik, hogy keres Istenn\u00e9l gy\u00f3gyul\u00e1st mag\u00e1nak? Aki nem k\u00f6ny\u00f6r\u00fcl meg embert\u00e1rs\u00e1n, a saj\u00e1t b\u0171nei\u00e9rt hogyan im\u00e1dkozik? J\u00f3llehet \u0151 csak ember, kitart a haragban, \u00e9s ugyanakkor bocs\u00e1natot k\u00e9r Istent\u0151l?! \u2013 h\u00e1t az \u0151 b\u0171nei\u00e9rt ki ad el\u00e9gt\u00e9telt?<br \/>\nGondolj a v\u00e9gs\u0151 dolgokra, hagyd a gy\u0171l\u00f6lk\u00f6d\u00e9st, gondolj hal\u00e1lodra, s tartsd meg a parancsokat. Gondolj a t\u00f6rv\u00e9nyre, ne gy\u0171l\u00f6ld embert\u00e1rsadat, gondolj az Istennel k\u00f6t\u00f6tt sz\u00f6vets\u00e9gre, s n\u00e9zd el a s\u00e9rt\u00e9st.<br \/>\nEz az Isten ig\u00e9je.<\/p>\n<p align=\"justify\">\n<span style=\"color: #339966;\">V\u00c1LASZOS ZSOLT\u00c1R (Zsolt 102,1-2.3-4.9-10.11-12)<\/span><br \/>\nV\u00e1lasz:\u00a0<strong>Irgalmas a mi Urunk, Isten\u00fcnk: * k\u00f6ny\u00f6r\u00fcletre hajlik sz\u00edve.<\/strong>\u00a011. t\u00f3nus.<br \/>\nEl\u0151\u00e9nekes: \u00c1ldjad, lelkem, az Urat, * eg\u00e9sz bens\u0151m az \u0151 szent nev\u00e9t \u00e1ldja.<br \/>\n\u00c1ldjad, lelkem, az Urat, * \u00e9s ne feledd, hogy hozz\u00e1d milyen j\u00f3 volt.<br \/>\nH\u00edvek: Irgalmas a mi Urunk, Isten\u00fcnk: * k\u00f6ny\u00f6r\u00fcletre hajlik sz\u00edve.<br \/>\nE: Megbocs\u00e1tja minden v\u00e9tked, * meggy\u00f3gy\u00edtja minden gyenges\u00e9ged.<br \/>\nA pusztul\u00e1st\u00f3l megmenti \u00e9leted, * kegyelm\u00e9ben \u00e9s irgalm\u00e1ban meg is koron\u00e1zza.<br \/>\nH: Irgalmas a mi Urunk, Isten\u00fcnk: * k\u00f6ny\u00f6r\u00fcletre hajlik sz\u00edve.<br \/>\nE: Irgalmas \u00e9s kegyes a mi Isten\u00fcnk: * nagy irgalm\u00fa \u00e9s hosszan t\u0171r\u0151.<br \/>\nNem b\u0171neink szerint b\u00e1nik vel\u00fcnk, * \u00e9s nem gonoszs\u00e1gunk szerint fizet vissza nek\u00fcnk.<br \/>\nH: Irgalmas a mi Urunk, Isten\u00fcnk: * k\u00f6ny\u00f6r\u00fcletre hajlik sz\u00edve.<br \/>\nE: Amilyen messze van napkelett\u0151l a napnyugat, * b\u0171neinket olyan messze dobja t\u0151l\u00fcnk.<br \/>\nAhogyan az atya megk\u00f6ny\u00f6r\u00fcl fiain, * \u00fagy k\u00f6ny\u00f6r\u00fcl meg az \u00dar az istenf\u00e9l\u0151n.<br \/>\nH: Irgalmas a mi Urunk, Isten\u00fcnk: * k\u00f6ny\u00f6r\u00fcletre hajlik sz\u00edve.<\/p>\n<p align=\"justify\"><span style=\"color: #339966;\">SZENTLECKE Szent P\u00e1l apostolnak a r\u00f3maiakhoz \u00edrt Level\u00e9b\u0151l (R\u00f3m 14,7-9)<\/span><br \/>\n<em>Ak\u00e1r \u00e9l\u00fcnk, ak\u00e1r halunk, mindig az \u00dar\u00e9i vagyunk.<\/em><br \/>\nTestv\u00e9reim!<br \/>\nEgyik\u00fcnk sem \u00e9l csak \u00f6nmag\u00e1nak, \u00e9s egyik\u00fcnk sem hal meg csak \u00f6nmag\u00e1nak. Am\u00edg \u00e9l\u00fcnk, Istennek \u00e9l\u00fcnk, \u00e9s ha meghalunk, Istennek halunk meg. Teh\u00e1t ak\u00e1r \u00e9l\u00fcnk, ak\u00e1r meghalunk, mindig az \u00dar\u00e9i vagyunk. Krisztus ugyanis az\u00e9rt halt meg \u00e9s az\u00e9rt t\u00e1madt fel, hogy mind a holtaknak, mind az \u00e9l\u0151knek Ura legyen.<br \/>\nEz az Isten ig\u00e9je.<\/p>\n<p align=\"justify\">\n<span style=\"color: #339966;\">ALLELUJA<\/span><br \/>\nJ\u00e9zus mondja: \u2020 \u201e\u00daj parancsot adok nektek, * szeress\u00e9tek egym\u00e1st, amint \u00e9n szeretlek titeket.\u201d Jn 13,34 \u2013 4g. t\u00f3nus.<\/p>\n<p align=\"justify\"><span style=\"color: #339966;\">\u2020 EVANG\u00c9LIUM Szent M\u00e1t\u00e9 k\u00f6nyv\u00e9b\u0151l (Mt 18,21-35)<\/span><br \/>\n<em>Nem mondom, hogy h\u00e9tszer bocs\u00e1ss meg, hanem hetvenszer h\u00e9tszer.<\/em><br \/>\nAbban az id\u0151ben:<br \/>\nP\u00e9ter odament J\u00e9zushoz, \u00e9s megk\u00e9rdezte: \u201eUram, ha testv\u00e9rem v\u00e9tkezik ellenem, h\u00e1nyszor kell megbocs\u00e1tanom neki? Tal\u00e1n h\u00e9tszer?\u201d J\u00e9zus \u00edgy felelt: \u201eNem mondom, hogy h\u00e9tszer, hanem hetvenszer h\u00e9tszer!<br \/>\nA mennyek orsz\u00e1ga olyan, mint amikor egy kir\u00e1ly el akart sz\u00e1molni szolg\u00e1ival. Amikor elkezdte, odahozt\u00e1k egyik ad\u00f3s\u00e1t, aki t\u00edzezer talentummal tartozott. Mivel nem volt mib\u0151l megfizetnie, az \u00far megparancsolta, hogy adj\u00e1k el \u0151t, a feles\u00e9g\u00e9t, a gyermekeit, \u00e9s minden\u00e9t, amije csak van, \u00e9s \u00edgy t\u00f6rlessze ad\u00f3ss\u00e1g\u00e1t. De a szolga leborult el\u0151tte \u00e9s \u00fagy k\u00e9rlelte: L\u00e9gy t\u00fcrelmes ir\u00e1ntam, mindent megfizetek! Az \u00far sz\u00edve megesett a szolg\u00e1n: szabadon bocs\u00e1totta \u0151t, s\u0151t m\u00e9g az ad\u00f3ss\u00e1g\u00e1t is elengedte.<br \/>\nA szolga kiment, \u00e9s tal\u00e1lkozott egyik szolgat\u00e1rs\u00e1val, aki neki sz\u00e1z d\u00e9n\u00e1rral tartozott. Elkapta \u00e9s fojtogatni kezdte: \u00bbAdd meg, amivel tartozol!\u00ab Szolgat\u00e1rsa t\u00e9rdre hullott el\u0151tte \u00e9s k\u00e9rlelte: L\u00e9gy t\u00fcrelmes ir\u00e1ntam, mindent megfizetek!\u00ab De \u0151 nem engedett, hanem ment \u00e9s b\u00f6rt\u00f6nbe vetette, m\u00edg meg nem fizeti tartoz\u00e1s\u00e1t.<br \/>\nSzolgat\u00e1rsai l\u00e1tt\u00e1k a t\u00f6rt\u00e9nteket. Elmentek \u00e9s elbesz\u00e9lt\u00e9k uruknak. Az \u00far akkor mag\u00e1hoz h\u00edvatta \u0151t, \u00e9s \u00edgy sz\u00f3lt hozz\u00e1: \u00bbTe gonosz szolga! Amikor k\u00e9rlelt\u00e9l, \u00e9n minden tartoz\u00e1sodat elengedtem neked. Nem kellett volna neked is megk\u00f6ny\u00f6r\u00fcln\u00f6d szolgat\u00e1rsadon, mint ahogy \u00e9n megk\u00f6ny\u00f6r\u00fcltem rajtad?\u00ab \u00c9s az \u00far nagy haraggal \u00e1tadta \u0151t az \u0151r\u00f6knek, m\u00edg meg nem fizet mindent, amivel tartozik.<br \/>\nAz \u00e9n mennyei Aty\u00e1m is \u00edgy tesz veletek, ha tiszta sz\u00edvb\u0151l meg nem bocs\u00e1t mindegyiktek a testv\u00e9r\u00e9nek.\u201d<br \/>\nEzek az evang\u00e9lium ig\u00e9i.<\/p>\n<p><span style=\"color: #339966;\">EGYETEMES K\u00d6NY\u00d6RG\u00c9SEK<\/span><br \/>\nPap: Testv\u00e9reim! Isten szent Fia megbocs\u00e1t\u00e1st \u00e9s irgalmat hozott a f\u00f6ldre. K\u00e9rj\u00fck t\u0151le, hogy p\u00e9ld\u00e1j\u00e1ra mi is meg tudjunk bocs\u00e1tani.<br \/>\nLektor: 1. Hogy az Egyh\u00e1z p\u00e1sztorai mindenkor a megbocs\u00e1t\u00e1s \u00e9s irgalom \u00f6r\u00f6mh\u00edr\u00e9t hirdess\u00e9k a vil\u00e1gnak!<br \/>\nH\u00edvek: K\u00e9r\u00fcnk t\u00e9ged, hallgass meg minket!<br \/>\n2. Hogy az emberis\u00e9g nagy csal\u00e1dj\u00e1ban megsz\u0171nj\u00e9k a visz\u00e1lykod\u00e1s \u00e9s a bossz\u00fa\u00e1ll\u00e1s!<br \/>\nH\u00edvek: K\u00e9r\u00fcnk t\u00e9ged . . .<br \/>\n3. Hogy \u00f6nmagunkat legy\u0151zve sz\u00edvb\u0151l meg tudjunk bocs\u00e1tani az ellen\u00fcnk v\u00e9tkez\u0151knek!<br \/>\nH\u00edvek: K\u00e9r\u00fcnk t\u00e9ged . . .<br \/>\n4. Hogy ne verjen benn\u00fcnk gy\u00f6keret a s\u00e9rt\u0151d\u00f6tts\u00e9g, a harag \u00e9s a megtorl\u00e1s szelleme!<br \/>\nH\u00edvek: K\u00e9r\u00fcnk t\u00e9ged . . .<br \/>\n5. Hogy megbocs\u00e1t\u00f3 szeretet\u00fcnkkel mi is m\u00e9lt\u00f3k lehess\u00fcnk a te irgalmadra!<br \/>\nH\u00edvek: K\u00e9r\u00fcnk t\u00e9ged . . .<br \/>\nPap: Irgalmas Isten\u00fcnk! Seg\u00edts minket, hogy szeretetben \u00e9s b\u00e9kess\u00e9gben \u00e9lve a f\u00f6ld\u00f6n, hal\u00e1lunkban is a tieid maradjunk! Krisztus, a mi Urunk \u00e1ltal.<br \/>\nH\u00edvek: \u00c1men.<\/p>\n<p><span style=\"color: #339966;\">Felaj\u00e1nl\u00f3 k\u00f6ny\u00f6rg\u00e9s:<\/span><br \/>\nFogadd kegyesen k\u00f6ny\u00f6rg\u00e9seinket, Isten\u00fcnk, \u00e9s vedd sz\u00edvesen h\u00edveid \u00e1ldozati adom\u00e1nyait, hogy amit most neved dics\u0151s\u00e9g\u00e9re egyenk\u00e9nt felaj\u00e1nlottunk, mindny\u00e1junk \u00fcdv\u00f6ss\u00e9g\u00e9re v\u00e1lj\u00e9k. Krisztus, a mi Urunk \u00e1ltal.<\/p>\n<p><span style=\"color: #339966;\">\u00c1ldoz\u00e1si \u00e9nek:<\/span><br \/>\nIsten\u00fcnk, szereteted a mi nagy kincs\u00fcnk, sz\u00e1rnyad \u00e1rny\u00e9k\u00e1ban nyernek oltalmat az emberek. (Zsolt 35,8)<br \/>\n<span style=\"color: #339966;\"><em>vagy<\/em><\/span><br \/>\nAz \u00e1ld\u00e1s kelyhe, amelyet meg\u00e1ldunk, Krisztus v\u00e9r\u00e9ben r\u00e9szes\u00edt; a keny\u00e9r pedig, amelyet megt\u00f6r\u00fcnk, az \u00dar test\u00e9be kapcsol. (V\u00f6. 1Kor 10,16)<\/p>\n<p><span style=\"color: #339966;\">\u00c1ldoz\u00e1s ut\u00e1ni k\u00f6ny\u00f6rg\u00e9s:<\/span><br \/>\nMennyei aj\u00e1nd\u00e9kod \u00e9ltet\u0151 ereje j\u00e1rja \u00e1t lelk\u00fcnket \u00e9s test\u00fcnket, Isten\u00fcnk, hogy ne a mi \u00f6szt\u00f6n\u00f6s term\u00e9szet\u00fcnk uralkodj\u00e9k benn\u00fcnk, hanem e szents\u00e9g hat\u00e1sa ir\u00e1ny\u00edtson minket mindenkor. Krisztus, a mi Urunk \u00e1ltal.<\/p>\n","protected":false},"excerpt":{"rendered":"<p>Kezd\u0151\u00e9nek: Adj b\u00e9k\u00e9t, Urunk, nek\u00fcnk, akik benned bizakodunk, hogy pr\u00f3f\u00e9t\u00e1id igazmond\u00f3knak bizonyuljanak; hallgasd meg h\u0171s\u00e9ges n\u00e9ped k\u00f6ny\u00f6rg\u00e9seit. (V\u00f6. Sir 36,18) K\u00f6ny\u00f6rg\u00e9s: Urunk, mindens\u00e9g teremt\u0151 \u00e9s gondvisel\u0151 Istene, tekints re\u00e1nk \u00e9s engedd meg\u00e9rezn\u00fcnk irgalmas j\u00f3s\u00e1godat, hogy eg\u00e9sz sz\u00edvvel szolg\u00e1ljunk neked. A mi Urunk, J\u00e9zus Krisztus, a te Fiad \u00e1ltal, aki veled \u00e9l \u00e9s uralkodik a Szentl\u00e9lekkel egys\u00e9gben, Isten mind\u00f6r\u00f6kk\u00f6n \u00f6r\u00f6kk\u00e9. OLVASM\u00c1NY Sir\u00e1k fia k\u00f6nyv\u00e9b\u0151l (Sir 27,30-28,7) Bocs\u00e1sd meg a m\u00e1sik embernek, ha v\u00e9tett, im\u00e1dkozz\u00e1l, \u00e9s neked is megbocs\u00e1tj\u00e1k v\u00e9tked. A d\u00fch \u00e9s a harag egyar\u00e1nt ut\u00e1latos, csak az ragaszkodik hozz\u00e1, aki b\u0171n\u00f6s. Aki bossz\u00fat \u00e1ll, azon bossz\u00fat \u00e1ll az \u00dar is, kem\u00e9ny sz\u00e1mad\u00e1st tart vele b\u0171nei\u00e9rt. Bocs\u00e1ss meg a m\u00e1sik embernek, ha v\u00e9tett, im\u00e1dkozz\u00e1l, \u00e9s neked is megbocs\u00e1tj\u00e1k v\u00e9tked. Aki m\u00e1s emberre konokul haragszik, hogy keres Istenn\u00e9l gy\u00f3gyul\u00e1st mag\u00e1nak? Aki nem k\u00f6ny\u00f6r\u00fcl meg embert\u00e1rs\u00e1n, a saj\u00e1t b\u0171nei\u00e9rt hogyan im\u00e1dkozik? J\u00f3llehet \u0151 csak ember, kitart a haragban, \u00e9s ugyanakkor bocs\u00e1natot k\u00e9r Istent\u0151l?! \u2013 h\u00e1t az \u0151 b\u0171nei\u00e9rt ki ad el\u00e9gt\u00e9telt? Gondolj a v\u00e9gs\u0151 dolgokra, hagyd a gy\u0171l\u00f6lk\u00f6d\u00e9st, gondolj hal\u00e1lodra, s tartsd meg a parancsokat. Gondolj a t\u00f6rv\u00e9nyre, ne gy\u0171l\u00f6ld embert\u00e1rsadat, gondolj az Istennel k\u00f6t\u00f6tt sz\u00f6vets\u00e9gre, s n\u00e9zd el a s\u00e9rt\u00e9st. Ez az Isten ig\u00e9je. V\u00c1LASZOS ZSOLT\u00c1R (Zsolt 102,1-2.3-4.9-10.11-12) V\u00e1lasz:\u00a0Irgalmas a mi Urunk, Isten\u00fcnk: * k\u00f6ny\u00f6r\u00fcletre hajlik sz\u00edve.\u00a011. t\u00f3nus. El\u0151\u00e9nekes: \u00c1ldjad, lelkem, az Urat, * eg\u00e9sz bens\u0151m az \u0151 szent nev\u00e9t \u00e1ldja. \u00c1ldjad, lelkem, az Urat, * \u00e9s ne feledd, hogy hozz\u00e1d milyen j\u00f3 volt. H\u00edvek: Irgalmas a mi Urunk, Isten\u00fcnk: * k\u00f6ny\u00f6r\u00fcletre hajlik sz\u00edve. E: Megbocs\u00e1tja minden v\u00e9tked, * meggy\u00f3gy\u00edtja minden gyenges\u00e9ged. A pusztul\u00e1st\u00f3l megmenti \u00e9leted, * kegyelm\u00e9ben \u00e9s irgalm\u00e1ban meg is koron\u00e1zza. H: Irgalmas a mi Urunk, Isten\u00fcnk: * k\u00f6ny\u00f6r\u00fcletre hajlik sz\u00edve. E: Irgalmas \u00e9s kegyes a mi Isten\u00fcnk: * nagy irgalm\u00fa \u00e9s hosszan t\u0171r\u0151. Nem b\u0171neink szerint b\u00e1nik vel\u00fcnk, * \u00e9s nem gonoszs\u00e1gunk szerint fizet vissza nek\u00fcnk. H: Irgalmas a&#8230; <\/p>\n<p><a class=\"readmore\" href=\"https:\/\/stuttgarti-katolikusok.de\/index.php\/evkozi-24-vasarnap-2\/\">R\u00e9szletek<\/a><\/p>\n","protected":false},"author":3,"featured_media":27188,"comment_status":"closed","ping_status":"closed","sticky":false,"template":"","format":"standard","meta":{"footnotes":""},"categories":[85,63],"tags":[],"class_list":["post-27187","post","type-post","status-publish","format-standard","has-post-thumbnail","hentry","category-a-liturgia-olvasmanyai","category-vasarnapi-gondolatok"],"yoast_head":"<!-- This site is optimized with the Yoast SEO plugin v27.3 - https:\/\/yoast.com\/product\/yoast-seo-wordpress\/ -->\n<title>\u00c9vk\u00f6zi 24. vas\u00e1rnap - Stuttgarti Katolikusok<\/title>\n<meta name=\"robots\" content=\"index, follow, max-snippet:-1, max-image-preview:large, max-video-preview:-1\" \/>\n<link rel=\"canonical\" href=\"https:\/\/stuttgarti-katolikusok.de\/index.php\/evkozi-24-vasarnap-2\/\" \/>\n<meta property=\"og:locale\" content=\"hu_HU\" \/>\n<meta property=\"og:type\" content=\"article\" \/>\n<meta property=\"og:title\" content=\"\u00c9vk\u00f6zi 24. vas\u00e1rnap - Stuttgarti Katolikusok\" \/>\n<meta property=\"og:description\" content=\"Kezd\u0151\u00e9nek: Adj b\u00e9k\u00e9t, Urunk, nek\u00fcnk, akik benned bizakodunk, hogy pr\u00f3f\u00e9t\u00e1id igazmond\u00f3knak bizonyuljanak; hallgasd meg h\u0171s\u00e9ges n\u00e9ped k\u00f6ny\u00f6rg\u00e9seit. (V\u00f6. Sir 36,18) K\u00f6ny\u00f6rg\u00e9s: Urunk, mindens\u00e9g teremt\u0151 \u00e9s gondvisel\u0151 Istene, tekints re\u00e1nk \u00e9s engedd meg\u00e9rezn\u00fcnk irgalmas j\u00f3s\u00e1godat, hogy eg\u00e9sz sz\u00edvvel szolg\u00e1ljunk neked. A mi Urunk, J\u00e9zus Krisztus, a te Fiad \u00e1ltal, aki veled \u00e9l \u00e9s uralkodik a Szentl\u00e9lekkel egys\u00e9gben, Isten mind\u00f6r\u00f6kk\u00f6n \u00f6r\u00f6kk\u00e9. OLVASM\u00c1NY Sir\u00e1k fia k\u00f6nyv\u00e9b\u0151l (Sir 27,30-28,7) Bocs\u00e1sd meg a m\u00e1sik embernek, ha v\u00e9tett, im\u00e1dkozz\u00e1l, \u00e9s neked is megbocs\u00e1tj\u00e1k v\u00e9tked. A d\u00fch \u00e9s a harag egyar\u00e1nt ut\u00e1latos, csak az ragaszkodik hozz\u00e1, aki b\u0171n\u00f6s. Aki bossz\u00fat \u00e1ll, azon bossz\u00fat \u00e1ll az \u00dar is, kem\u00e9ny sz\u00e1mad\u00e1st tart vele b\u0171nei\u00e9rt. Bocs\u00e1ss meg a m\u00e1sik embernek, ha v\u00e9tett, im\u00e1dkozz\u00e1l, \u00e9s neked is megbocs\u00e1tj\u00e1k v\u00e9tked. Aki m\u00e1s emberre konokul haragszik, hogy keres Istenn\u00e9l gy\u00f3gyul\u00e1st mag\u00e1nak? Aki nem k\u00f6ny\u00f6r\u00fcl meg embert\u00e1rs\u00e1n, a saj\u00e1t b\u0171nei\u00e9rt hogyan im\u00e1dkozik? J\u00f3llehet \u0151 csak ember, kitart a haragban, \u00e9s ugyanakkor bocs\u00e1natot k\u00e9r Istent\u0151l?! \u2013 h\u00e1t az \u0151 b\u0171nei\u00e9rt ki ad el\u00e9gt\u00e9telt? Gondolj a v\u00e9gs\u0151 dolgokra, hagyd a gy\u0171l\u00f6lk\u00f6d\u00e9st, gondolj hal\u00e1lodra, s tartsd meg a parancsokat. Gondolj a t\u00f6rv\u00e9nyre, ne gy\u0171l\u00f6ld embert\u00e1rsadat, gondolj az Istennel k\u00f6t\u00f6tt sz\u00f6vets\u00e9gre, s n\u00e9zd el a s\u00e9rt\u00e9st. Ez az Isten ig\u00e9je. V\u00c1LASZOS ZSOLT\u00c1R (Zsolt 102,1-2.3-4.9-10.11-12) V\u00e1lasz:\u00a0Irgalmas a mi Urunk, Isten\u00fcnk: * k\u00f6ny\u00f6r\u00fcletre hajlik sz\u00edve.\u00a011. t\u00f3nus. El\u0151\u00e9nekes: \u00c1ldjad, lelkem, az Urat, * eg\u00e9sz bens\u0151m az \u0151 szent nev\u00e9t \u00e1ldja. \u00c1ldjad, lelkem, az Urat, * \u00e9s ne feledd, hogy hozz\u00e1d milyen j\u00f3 volt. H\u00edvek: Irgalmas a mi Urunk, Isten\u00fcnk: * k\u00f6ny\u00f6r\u00fcletre hajlik sz\u00edve. E: Megbocs\u00e1tja minden v\u00e9tked, * meggy\u00f3gy\u00edtja minden gyenges\u00e9ged. A pusztul\u00e1st\u00f3l megmenti \u00e9leted, * kegyelm\u00e9ben \u00e9s irgalm\u00e1ban meg is koron\u00e1zza. H: Irgalmas a mi Urunk, Isten\u00fcnk: * k\u00f6ny\u00f6r\u00fcletre hajlik sz\u00edve. E: Irgalmas \u00e9s kegyes a mi Isten\u00fcnk: * nagy irgalm\u00fa \u00e9s hosszan t\u0171r\u0151. Nem b\u0171neink szerint b\u00e1nik vel\u00fcnk, * \u00e9s nem gonoszs\u00e1gunk szerint fizet vissza nek\u00fcnk. H: Irgalmas a... R\u00e9szletek\" \/>\n<meta property=\"og:url\" content=\"https:\/\/stuttgarti-katolikusok.de\/index.php\/evkozi-24-vasarnap-2\/\" \/>\n<meta property=\"og:site_name\" content=\"Stuttgarti Katolikusok\" \/>\n<meta property=\"article:published_time\" content=\"2023-09-16T10:05:07+00:00\" \/>\n<meta property=\"og:image\" content=\"https:\/\/stuttgarti-katolikusok.de\/wp-content\/uploads\/2023\/09\/evkozi-25-vasarnap.png\" \/>\n\t<meta property=\"og:image:width\" content=\"830\" \/>\n\t<meta property=\"og:image:height\" content=\"568\" \/>\n\t<meta property=\"og:image:type\" content=\"image\/png\" \/>\n<meta name=\"author\" content=\"Tibor atya\" \/>\n<meta name=\"twitter:card\" content=\"summary_large_image\" \/>\n<meta name=\"twitter:label1\" content=\"Szerz\u0151:\" \/>\n\t<meta name=\"twitter:data1\" content=\"Tibor atya\" \/>\n\t<meta name=\"twitter:label2\" content=\"Becs\u00fclt olvas\u00e1si id\u0151\" \/>\n\t<meta name=\"twitter:data2\" content=\"5 perc\" \/>\n<script type=\"application\/ld+json\" class=\"yoast-schema-graph\">{\"@context\":\"https:\\\/\\\/schema.org\",\"@graph\":[{\"@type\":\"Article\",\"@id\":\"https:\\\/\\\/stuttgarti-katolikusok.de\\\/index.php\\\/evkozi-24-vasarnap-2\\\/#article\",\"isPartOf\":{\"@id\":\"https:\\\/\\\/stuttgarti-katolikusok.de\\\/index.php\\\/evkozi-24-vasarnap-2\\\/\"},\"author\":{\"name\":\"Tibor atya\",\"@id\":\"https:\\\/\\\/stuttgarti-katolikusok.de\\\/#\\\/schema\\\/person\\\/75908d6f8fdc03a57889d27209df7795\"},\"headline\":\"\u00c9vk\u00f6zi 24. vas\u00e1rnap\",\"datePublished\":\"2023-09-16T10:05:07+00:00\",\"mainEntityOfPage\":{\"@id\":\"https:\\\/\\\/stuttgarti-katolikusok.de\\\/index.php\\\/evkozi-24-vasarnap-2\\\/\"},\"wordCount\":1318,\"image\":{\"@id\":\"https:\\\/\\\/stuttgarti-katolikusok.de\\\/index.php\\\/evkozi-24-vasarnap-2\\\/#primaryimage\"},\"thumbnailUrl\":\"https:\\\/\\\/stuttgarti-katolikusok.de\\\/wp-content\\\/uploads\\\/2023\\\/09\\\/evkozi-25-vasarnap.png\",\"articleSection\":[\"A liturgia olvasm\u00e1nyai\",\"Vas\u00e1rnapi gondolatok\"],\"inLanguage\":\"hu\"},{\"@type\":\"WebPage\",\"@id\":\"https:\\\/\\\/stuttgarti-katolikusok.de\\\/index.php\\\/evkozi-24-vasarnap-2\\\/\",\"url\":\"https:\\\/\\\/stuttgarti-katolikusok.de\\\/index.php\\\/evkozi-24-vasarnap-2\\\/\",\"name\":\"\u00c9vk\u00f6zi 24. vas\u00e1rnap - Stuttgarti Katolikusok\",\"isPartOf\":{\"@id\":\"https:\\\/\\\/stuttgarti-katolikusok.de\\\/#website\"},\"primaryImageOfPage\":{\"@id\":\"https:\\\/\\\/stuttgarti-katolikusok.de\\\/index.php\\\/evkozi-24-vasarnap-2\\\/#primaryimage\"},\"image\":{\"@id\":\"https:\\\/\\\/stuttgarti-katolikusok.de\\\/index.php\\\/evkozi-24-vasarnap-2\\\/#primaryimage\"},\"thumbnailUrl\":\"https:\\\/\\\/stuttgarti-katolikusok.de\\\/wp-content\\\/uploads\\\/2023\\\/09\\\/evkozi-25-vasarnap.png\",\"datePublished\":\"2023-09-16T10:05:07+00:00\",\"author\":{\"@id\":\"https:\\\/\\\/stuttgarti-katolikusok.de\\\/#\\\/schema\\\/person\\\/75908d6f8fdc03a57889d27209df7795\"},\"breadcrumb\":{\"@id\":\"https:\\\/\\\/stuttgarti-katolikusok.de\\\/index.php\\\/evkozi-24-vasarnap-2\\\/#breadcrumb\"},\"inLanguage\":\"hu\",\"potentialAction\":[{\"@type\":\"ReadAction\",\"target\":[\"https:\\\/\\\/stuttgarti-katolikusok.de\\\/index.php\\\/evkozi-24-vasarnap-2\\\/\"]}]},{\"@type\":\"ImageObject\",\"inLanguage\":\"hu\",\"@id\":\"https:\\\/\\\/stuttgarti-katolikusok.de\\\/index.php\\\/evkozi-24-vasarnap-2\\\/#primaryimage\",\"url\":\"https:\\\/\\\/stuttgarti-katolikusok.de\\\/wp-content\\\/uploads\\\/2023\\\/09\\\/evkozi-25-vasarnap.png\",\"contentUrl\":\"https:\\\/\\\/stuttgarti-katolikusok.de\\\/wp-content\\\/uploads\\\/2023\\\/09\\\/evkozi-25-vasarnap.png\",\"width\":830,\"height\":568},{\"@type\":\"BreadcrumbList\",\"@id\":\"https:\\\/\\\/stuttgarti-katolikusok.de\\\/index.php\\\/evkozi-24-vasarnap-2\\\/#breadcrumb\",\"itemListElement\":[{\"@type\":\"ListItem\",\"position\":1,\"name\":\"Kezd\u0151lap\",\"item\":\"https:\\\/\\\/stuttgarti-katolikusok.de\\\/\"},{\"@type\":\"ListItem\",\"position\":2,\"name\":\"\u00c9vk\u00f6zi 24. vas\u00e1rnap\"}]},{\"@type\":\"WebSite\",\"@id\":\"https:\\\/\\\/stuttgarti-katolikusok.de\\\/#website\",\"url\":\"https:\\\/\\\/stuttgarti-katolikusok.de\\\/\",\"name\":\"Stuttgarti Katolikusok\",\"description\":\"\",\"potentialAction\":[{\"@type\":\"SearchAction\",\"target\":{\"@type\":\"EntryPoint\",\"urlTemplate\":\"https:\\\/\\\/stuttgarti-katolikusok.de\\\/?s={search_term_string}\"},\"query-input\":{\"@type\":\"PropertyValueSpecification\",\"valueRequired\":true,\"valueName\":\"search_term_string\"}}],\"inLanguage\":\"hu\"},{\"@type\":\"Person\",\"@id\":\"https:\\\/\\\/stuttgarti-katolikusok.de\\\/#\\\/schema\\\/person\\\/75908d6f8fdc03a57889d27209df7795\",\"name\":\"Tibor atya\",\"image\":{\"@type\":\"ImageObject\",\"inLanguage\":\"hu\",\"@id\":\"https:\\\/\\\/secure.gravatar.com\\\/avatar\\\/61d268e57d1f4525b111222e29d2d5a7f8c420fdbf231ba5566a8ceac74fa960?s=96&d=mm&r=g\",\"url\":\"https:\\\/\\\/secure.gravatar.com\\\/avatar\\\/61d268e57d1f4525b111222e29d2d5a7f8c420fdbf231ba5566a8ceac74fa960?s=96&d=mm&r=g\",\"contentUrl\":\"https:\\\/\\\/secure.gravatar.com\\\/avatar\\\/61d268e57d1f4525b111222e29d2d5a7f8c420fdbf231ba5566a8ceac74fa960?s=96&d=mm&r=g\",\"caption\":\"Tibor atya\"},\"url\":\"https:\\\/\\\/stuttgarti-katolikusok.de\\\/index.php\\\/author\\\/tibor-atya\\\/\"}]}<\/script>\n<!-- \/ Yoast SEO plugin. -->","yoast_head_json":{"title":"\u00c9vk\u00f6zi 24. vas\u00e1rnap - Stuttgarti Katolikusok","robots":{"index":"index","follow":"follow","max-snippet":"max-snippet:-1","max-image-preview":"max-image-preview:large","max-video-preview":"max-video-preview:-1"},"canonical":"https:\/\/stuttgarti-katolikusok.de\/index.php\/evkozi-24-vasarnap-2\/","og_locale":"hu_HU","og_type":"article","og_title":"\u00c9vk\u00f6zi 24. vas\u00e1rnap - Stuttgarti Katolikusok","og_description":"Kezd\u0151\u00e9nek: Adj b\u00e9k\u00e9t, Urunk, nek\u00fcnk, akik benned bizakodunk, hogy pr\u00f3f\u00e9t\u00e1id igazmond\u00f3knak bizonyuljanak; hallgasd meg h\u0171s\u00e9ges n\u00e9ped k\u00f6ny\u00f6rg\u00e9seit. (V\u00f6. Sir 36,18) K\u00f6ny\u00f6rg\u00e9s: Urunk, mindens\u00e9g teremt\u0151 \u00e9s gondvisel\u0151 Istene, tekints re\u00e1nk \u00e9s engedd meg\u00e9rezn\u00fcnk irgalmas j\u00f3s\u00e1godat, hogy eg\u00e9sz sz\u00edvvel szolg\u00e1ljunk neked. A mi Urunk, J\u00e9zus Krisztus, a te Fiad \u00e1ltal, aki veled \u00e9l \u00e9s uralkodik a Szentl\u00e9lekkel egys\u00e9gben, Isten mind\u00f6r\u00f6kk\u00f6n \u00f6r\u00f6kk\u00e9. OLVASM\u00c1NY Sir\u00e1k fia k\u00f6nyv\u00e9b\u0151l (Sir 27,30-28,7) Bocs\u00e1sd meg a m\u00e1sik embernek, ha v\u00e9tett, im\u00e1dkozz\u00e1l, \u00e9s neked is megbocs\u00e1tj\u00e1k v\u00e9tked. A d\u00fch \u00e9s a harag egyar\u00e1nt ut\u00e1latos, csak az ragaszkodik hozz\u00e1, aki b\u0171n\u00f6s. Aki bossz\u00fat \u00e1ll, azon bossz\u00fat \u00e1ll az \u00dar is, kem\u00e9ny sz\u00e1mad\u00e1st tart vele b\u0171nei\u00e9rt. Bocs\u00e1ss meg a m\u00e1sik embernek, ha v\u00e9tett, im\u00e1dkozz\u00e1l, \u00e9s neked is megbocs\u00e1tj\u00e1k v\u00e9tked. Aki m\u00e1s emberre konokul haragszik, hogy keres Istenn\u00e9l gy\u00f3gyul\u00e1st mag\u00e1nak? Aki nem k\u00f6ny\u00f6r\u00fcl meg embert\u00e1rs\u00e1n, a saj\u00e1t b\u0171nei\u00e9rt hogyan im\u00e1dkozik? J\u00f3llehet \u0151 csak ember, kitart a haragban, \u00e9s ugyanakkor bocs\u00e1natot k\u00e9r Istent\u0151l?! \u2013 h\u00e1t az \u0151 b\u0171nei\u00e9rt ki ad el\u00e9gt\u00e9telt? Gondolj a v\u00e9gs\u0151 dolgokra, hagyd a gy\u0171l\u00f6lk\u00f6d\u00e9st, gondolj hal\u00e1lodra, s tartsd meg a parancsokat. Gondolj a t\u00f6rv\u00e9nyre, ne gy\u0171l\u00f6ld embert\u00e1rsadat, gondolj az Istennel k\u00f6t\u00f6tt sz\u00f6vets\u00e9gre, s n\u00e9zd el a s\u00e9rt\u00e9st. Ez az Isten ig\u00e9je. V\u00c1LASZOS ZSOLT\u00c1R (Zsolt 102,1-2.3-4.9-10.11-12) V\u00e1lasz:\u00a0Irgalmas a mi Urunk, Isten\u00fcnk: * k\u00f6ny\u00f6r\u00fcletre hajlik sz\u00edve.\u00a011. t\u00f3nus. El\u0151\u00e9nekes: \u00c1ldjad, lelkem, az Urat, * eg\u00e9sz bens\u0151m az \u0151 szent nev\u00e9t \u00e1ldja. \u00c1ldjad, lelkem, az Urat, * \u00e9s ne feledd, hogy hozz\u00e1d milyen j\u00f3 volt. H\u00edvek: Irgalmas a mi Urunk, Isten\u00fcnk: * k\u00f6ny\u00f6r\u00fcletre hajlik sz\u00edve. E: Megbocs\u00e1tja minden v\u00e9tked, * meggy\u00f3gy\u00edtja minden gyenges\u00e9ged. A pusztul\u00e1st\u00f3l megmenti \u00e9leted, * kegyelm\u00e9ben \u00e9s irgalm\u00e1ban meg is koron\u00e1zza. H: Irgalmas a mi Urunk, Isten\u00fcnk: * k\u00f6ny\u00f6r\u00fcletre hajlik sz\u00edve. E: Irgalmas \u00e9s kegyes a mi Isten\u00fcnk: * nagy irgalm\u00fa \u00e9s hosszan t\u0171r\u0151. Nem b\u0171neink szerint b\u00e1nik vel\u00fcnk, * \u00e9s nem gonoszs\u00e1gunk szerint fizet vissza nek\u00fcnk. H: Irgalmas a... R\u00e9szletek","og_url":"https:\/\/stuttgarti-katolikusok.de\/index.php\/evkozi-24-vasarnap-2\/","og_site_name":"Stuttgarti Katolikusok","article_published_time":"2023-09-16T10:05:07+00:00","og_image":[{"width":830,"height":568,"url":"https:\/\/stuttgarti-katolikusok.de\/wp-content\/uploads\/2023\/09\/evkozi-25-vasarnap.png","type":"image\/png"}],"author":"Tibor atya","twitter_card":"summary_large_image","twitter_misc":{"Szerz\u0151:":"Tibor atya","Becs\u00fclt olvas\u00e1si id\u0151":"5 perc"},"schema":{"@context":"https:\/\/schema.org","@graph":[{"@type":"Article","@id":"https:\/\/stuttgarti-katolikusok.de\/index.php\/evkozi-24-vasarnap-2\/#article","isPartOf":{"@id":"https:\/\/stuttgarti-katolikusok.de\/index.php\/evkozi-24-vasarnap-2\/"},"author":{"name":"Tibor atya","@id":"https:\/\/stuttgarti-katolikusok.de\/#\/schema\/person\/75908d6f8fdc03a57889d27209df7795"},"headline":"\u00c9vk\u00f6zi 24. vas\u00e1rnap","datePublished":"2023-09-16T10:05:07+00:00","mainEntityOfPage":{"@id":"https:\/\/stuttgarti-katolikusok.de\/index.php\/evkozi-24-vasarnap-2\/"},"wordCount":1318,"image":{"@id":"https:\/\/stuttgarti-katolikusok.de\/index.php\/evkozi-24-vasarnap-2\/#primaryimage"},"thumbnailUrl":"https:\/\/stuttgarti-katolikusok.de\/wp-content\/uploads\/2023\/09\/evkozi-25-vasarnap.png","articleSection":["A liturgia olvasm\u00e1nyai","Vas\u00e1rnapi gondolatok"],"inLanguage":"hu"},{"@type":"WebPage","@id":"https:\/\/stuttgarti-katolikusok.de\/index.php\/evkozi-24-vasarnap-2\/","url":"https:\/\/stuttgarti-katolikusok.de\/index.php\/evkozi-24-vasarnap-2\/","name":"\u00c9vk\u00f6zi 24. vas\u00e1rnap - Stuttgarti Katolikusok","isPartOf":{"@id":"https:\/\/stuttgarti-katolikusok.de\/#website"},"primaryImageOfPage":{"@id":"https:\/\/stuttgarti-katolikusok.de\/index.php\/evkozi-24-vasarnap-2\/#primaryimage"},"image":{"@id":"https:\/\/stuttgarti-katolikusok.de\/index.php\/evkozi-24-vasarnap-2\/#primaryimage"},"thumbnailUrl":"https:\/\/stuttgarti-katolikusok.de\/wp-content\/uploads\/2023\/09\/evkozi-25-vasarnap.png","datePublished":"2023-09-16T10:05:07+00:00","author":{"@id":"https:\/\/stuttgarti-katolikusok.de\/#\/schema\/person\/75908d6f8fdc03a57889d27209df7795"},"breadcrumb":{"@id":"https:\/\/stuttgarti-katolikusok.de\/index.php\/evkozi-24-vasarnap-2\/#breadcrumb"},"inLanguage":"hu","potentialAction":[{"@type":"ReadAction","target":["https:\/\/stuttgarti-katolikusok.de\/index.php\/evkozi-24-vasarnap-2\/"]}]},{"@type":"ImageObject","inLanguage":"hu","@id":"https:\/\/stuttgarti-katolikusok.de\/index.php\/evkozi-24-vasarnap-2\/#primaryimage","url":"https:\/\/stuttgarti-katolikusok.de\/wp-content\/uploads\/2023\/09\/evkozi-25-vasarnap.png","contentUrl":"https:\/\/stuttgarti-katolikusok.de\/wp-content\/uploads\/2023\/09\/evkozi-25-vasarnap.png","width":830,"height":568},{"@type":"BreadcrumbList","@id":"https:\/\/stuttgarti-katolikusok.de\/index.php\/evkozi-24-vasarnap-2\/#breadcrumb","itemListElement":[{"@type":"ListItem","position":1,"name":"Kezd\u0151lap","item":"https:\/\/stuttgarti-katolikusok.de\/"},{"@type":"ListItem","position":2,"name":"\u00c9vk\u00f6zi 24. vas\u00e1rnap"}]},{"@type":"WebSite","@id":"https:\/\/stuttgarti-katolikusok.de\/#website","url":"https:\/\/stuttgarti-katolikusok.de\/","name":"Stuttgarti Katolikusok","description":"","potentialAction":[{"@type":"SearchAction","target":{"@type":"EntryPoint","urlTemplate":"https:\/\/stuttgarti-katolikusok.de\/?s={search_term_string}"},"query-input":{"@type":"PropertyValueSpecification","valueRequired":true,"valueName":"search_term_string"}}],"inLanguage":"hu"},{"@type":"Person","@id":"https:\/\/stuttgarti-katolikusok.de\/#\/schema\/person\/75908d6f8fdc03a57889d27209df7795","name":"Tibor atya","image":{"@type":"ImageObject","inLanguage":"hu","@id":"https:\/\/secure.gravatar.com\/avatar\/61d268e57d1f4525b111222e29d2d5a7f8c420fdbf231ba5566a8ceac74fa960?s=96&d=mm&r=g","url":"https:\/\/secure.gravatar.com\/avatar\/61d268e57d1f4525b111222e29d2d5a7f8c420fdbf231ba5566a8ceac74fa960?s=96&d=mm&r=g","contentUrl":"https:\/\/secure.gravatar.com\/avatar\/61d268e57d1f4525b111222e29d2d5a7f8c420fdbf231ba5566a8ceac74fa960?s=96&d=mm&r=g","caption":"Tibor atya"},"url":"https:\/\/stuttgarti-katolikusok.de\/index.php\/author\/tibor-atya\/"}]}},"_links":{"self":[{"href":"https:\/\/stuttgarti-katolikusok.de\/index.php\/wp-json\/wp\/v2\/posts\/27187","targetHints":{"allow":["GET"]}}],"collection":[{"href":"https:\/\/stuttgarti-katolikusok.de\/index.php\/wp-json\/wp\/v2\/posts"}],"about":[{"href":"https:\/\/stuttgarti-katolikusok.de\/index.php\/wp-json\/wp\/v2\/types\/post"}],"author":[{"embeddable":true,"href":"https:\/\/stuttgarti-katolikusok.de\/index.php\/wp-json\/wp\/v2\/users\/3"}],"replies":[{"embeddable":true,"href":"https:\/\/stuttgarti-katolikusok.de\/index.php\/wp-json\/wp\/v2\/comments?post=27187"}],"version-history":[{"count":1,"href":"https:\/\/stuttgarti-katolikusok.de\/index.php\/wp-json\/wp\/v2\/posts\/27187\/revisions"}],"predecessor-version":[{"id":27189,"href":"https:\/\/stuttgarti-katolikusok.de\/index.php\/wp-json\/wp\/v2\/posts\/27187\/revisions\/27189"}],"wp:featuredmedia":[{"embeddable":true,"href":"https:\/\/stuttgarti-katolikusok.de\/index.php\/wp-json\/wp\/v2\/media\/27188"}],"wp:attachment":[{"href":"https:\/\/stuttgarti-katolikusok.de\/index.php\/wp-json\/wp\/v2\/media?parent=27187"}],"wp:term":[{"taxonomy":"category","embeddable":true,"href":"https:\/\/stuttgarti-katolikusok.de\/index.php\/wp-json\/wp\/v2\/categories?post=27187"},{"taxonomy":"post_tag","embeddable":true,"href":"https:\/\/stuttgarti-katolikusok.de\/index.php\/wp-json\/wp\/v2\/tags?post=27187"}],"curies":[{"name":"wp","href":"https:\/\/api.w.org\/{rel}","templated":true}]}}