{"id":27150,"date":"2023-09-05T10:09:50","date_gmt":"2023-09-05T08:09:50","guid":{"rendered":"https:\/\/stuttgarti-katolikusok.de\/?p=27150"},"modified":"2023-09-05T10:33:18","modified_gmt":"2023-09-05T08:33:18","slug":"2023-szeptember-4-es-10-kozott","status":"publish","type":"post","link":"https:\/\/stuttgarti-katolikusok.de\/index.php\/2023-szeptember-4-es-10-kozott\/","title":{"rendered":"2023 SZEPTEMBER 4 \u00c9S 10 K\u00d6Z\u00d6TT"},"content":{"rendered":"<p><span style=\"color: #339966;\"><strong>Programel\u0151zetes<\/strong><\/span><\/p>\n<p style=\"text-align: center;\"><span style=\"color: #339966;\"><strong>*<\/strong><\/span><\/p>\n<p><strong>Szeptember 8-\u00e1n,<\/strong>\u00a0p\u00e9nteken, <em><strong>Stuttgarti d\u00e9lut\u00e1n<\/strong><\/em><strong>, <\/strong><span style=\"color: #ff6600;\"><em><strong><span style=\"color: #ff9900;\">Ki<\/span><span style=\"color: #ffcc00;\"><span style=\"color: #ff9900;\">sboldogasszony \u00fcnnepe<\/span><\/span><\/strong><\/em><\/span><em>,<\/em> 18.00 \u00f3rakor<em> szentmise,\u00a0<\/em>\u00a0el\u0151tte <em>r\u00f3zsaf\u00fcz\u00e9rt im\u00e1dkozunk.<\/em><\/p>\n<p style=\"text-align: center;\"><span style=\"color: #339966;\"><em><strong>*<\/strong><\/em><\/span><\/p>\n<p><strong>Szeptember 9-\u00e9n<\/strong>, szombaton, <strong>Biberachban <\/strong>16.45 \u00f3rakor <em>szentmise<\/em><em>. <\/em><em>Az <\/em><em>agap\u00e9<\/em><em> elmarad!!!<\/em><\/p>\n<p><a href=\"https:\/\/stuttgarti-katolikusok.de\/wp-content\/uploads\/2023\/09\/plakat.jpg\"><img loading=\"lazy\" decoding=\"async\" class=\"alignnone size-full wp-image-27151\" src=\"https:\/\/stuttgarti-katolikusok.de\/wp-content\/uploads\/2023\/09\/plakat.jpg\" alt=\"\" width=\"940\" height=\"1225\" srcset=\"https:\/\/stuttgarti-katolikusok.de\/wp-content\/uploads\/2023\/09\/plakat.jpg 940w, https:\/\/stuttgarti-katolikusok.de\/wp-content\/uploads\/2023\/09\/plakat-230x300.jpg 230w, https:\/\/stuttgarti-katolikusok.de\/wp-content\/uploads\/2023\/09\/plakat-786x1024.jpg 786w\" sizes=\"auto, (max-width: 940px) 100vw, 940px\" \/><\/a><\/p>\n<p><em>K\u00f6z\u00f6ss\u00e9g\u00fcnk szint\u00e9n k\u00e9pviselteti mag\u00e1t ezen a napon a <\/em><span style=\"color: #ff0000;\"><em><strong>\u201eLandesfesttage in Biberach 8 \u2013 10 September\u201d <\/strong><\/em><\/span><em>rendezv\u00e9nyen.<\/em><\/p>\n<p><em>Ennek keret\u00e9ben szombaton <strong>11.00 \u00e9s 18.00<\/strong> \u00f3ra k\u00f6z\u00f6tt az <\/em><span style=\"color: #ff0000;\"><em><strong>\u201e\u00d6kumenisches Kirchplatzfest\u201d<\/strong><\/em><\/span><em> ker\u00fcl megrendez\u00e9sre, ahol a mi k\u00f6z\u00f6ss\u00e9g\u00fcnk is egy standdal k\u00e9pviselteti mag\u00e1t. <\/em><\/p>\n<p><em>Ide \u00e9s term\u00e9szetesen a szentmis\u00e9re szretettel v\u00e1runk minden kedves Testv\u00e9rt nemcsak Biberachb\u00f3l, hanem a k\u00f6rny\u00e9kr\u0151l is. <\/em><\/p>\n<p style=\"text-align: center;\"><span style=\"color: #339966;\"><em><strong>*<\/strong><\/em><\/span><\/p>\n<p><strong>Szeptember 10-\u00e9n<\/strong>, <span style=\"color: #339966;\"><em><strong>\u00e9vk\u00f6zi 23. vas\u00e1rnap<\/strong><\/em><\/span>,<\/p>\n<p><strong>Weingartenben <\/strong>9.00 \u00f3rakor <em>szentmise<\/em> a <strong><em>14 Nothelfer Kapell<\/em>e<\/strong>-ben, ut\u00e1na <em>agap\u00e9,<\/em><\/p>\n<p><strong>Ulmban <\/strong>15.00 \u00f3rakor <em>szentmise<\/em><em>, <\/em>ut\u00e1na <em>agap\u00e9.<\/em><\/p>\n<p style=\"text-align: center;\"><span style=\"color: #339966;\"><strong>*<\/strong><\/span><\/p>\n<p>Minden helyen mindenkit szeretettel v\u00e1r a k\u00f6z\u00f6ss\u00e9g \u00e9s Tibor atya!<\/p>\n<p style=\"text-align: center;\"><span style=\"color: #339966;\"><strong>*<\/strong><\/span><\/p>\n<p style=\"text-align: left;\"><em>\u201eV\u00e1rosunkban vannak gazdagok, \u00e1tlagos j\u00f3l\u00e9tben \u00e9l\u0151k \u00e9s szeg\u00e9nyek. Az el\u0151bbiek, ha lenne benn\u00fck egy\u00fctt\u00e9rz\u00e9s \u00e9s seg\u00edt\u0151k\u00e9szs\u00e9g, felkarolhatn\u00e1k a szeg\u00e9nyebbeket. Ennek ellen\u00e9re nap mint nap halljuk a szeg\u00e9nyek panasz\u00e1t.<\/em><\/p>\n<p><em>Tartsunk ez\u00e9rt lelkiismeretvizsg\u00e1latot! Nincs-e benn\u00fcnk is r\u00e9szv\u00e9tlens\u00e9g \u00e9s kem\u00e9nysz\u00edv\u0171s\u00e9g m\u00e1sok ir\u00e1nt?\u201d (Aranysz\u00e1j\u00fa Szent J\u00e1nos nyom\u00e1n)<\/em><\/p>\n<p style=\"text-align: center;\"><span style=\"color: #339966;\"><strong>*<\/strong><\/span><\/p>\n<p><span style=\"color: #339966;\"><strong><em>Bens\u0151s\u00e9ges \u0151szi napokat, j\u00f3 munk\u00e1t, tartalmas besz\u00e9lget\u00e9seket \u00e9s \u00f6r\u00f6mteli tal\u00e1lkoz\u00e1sokat k\u00edv\u00e1nunk minden Kedves H\u00edv\u00fcnknek!<\/em><\/strong><\/span><\/p>\n","protected":false},"excerpt":{"rendered":"<p>Programel\u0151zetes * Szeptember 8-\u00e1n,\u00a0p\u00e9nteken, Stuttgarti d\u00e9lut\u00e1n, Kisboldogasszony \u00fcnnepe, 18.00 \u00f3rakor szentmise,\u00a0\u00a0el\u0151tte r\u00f3zsaf\u00fcz\u00e9rt im\u00e1dkozunk. * Szeptember 9-\u00e9n, szombaton, Biberachban 16.45 \u00f3rakor szentmise. Az agap\u00e9 elmarad!!! K\u00f6z\u00f6ss\u00e9g\u00fcnk szint\u00e9n k\u00e9pviselteti mag\u00e1t ezen a napon a \u201eLandesfesttage in Biberach 8 \u2013 10 September\u201d rendezv\u00e9nyen. Ennek keret\u00e9ben szombaton 11.00 \u00e9s 18.00 \u00f3ra k\u00f6z\u00f6tt az \u201e\u00d6kumenisches Kirchplatzfest\u201d ker\u00fcl megrendez\u00e9sre, ahol a mi k\u00f6z\u00f6ss\u00e9g\u00fcnk is egy standdal k\u00e9pviselteti mag\u00e1t. Ide \u00e9s term\u00e9szetesen a szentmis\u00e9re szretettel v\u00e1runk minden kedves Testv\u00e9rt nemcsak Biberachb\u00f3l, hanem a k\u00f6rny\u00e9kr\u0151l is. * Szeptember 10-\u00e9n, \u00e9vk\u00f6zi 23. vas\u00e1rnap, Weingartenben 9.00 \u00f3rakor szentmise a 14 Nothelfer Kapelle-ben, ut\u00e1na agap\u00e9, Ulmban 15.00 \u00f3rakor szentmise, ut\u00e1na agap\u00e9. * Minden helyen mindenkit szeretettel v\u00e1r a k\u00f6z\u00f6ss\u00e9g \u00e9s Tibor atya! * \u201eV\u00e1rosunkban vannak gazdagok, \u00e1tlagos j\u00f3l\u00e9tben \u00e9l\u0151k \u00e9s szeg\u00e9nyek. Az el\u0151bbiek, ha lenne benn\u00fck egy\u00fctt\u00e9rz\u00e9s \u00e9s seg\u00edt\u0151k\u00e9szs\u00e9g, felkarolhatn\u00e1k a szeg\u00e9nyebbeket. Ennek ellen\u00e9re nap mint nap halljuk a szeg\u00e9nyek panasz\u00e1t. Tartsunk ez\u00e9rt lelkiismeretvizsg\u00e1latot! Nincs-e benn\u00fcnk is r\u00e9szv\u00e9tlens\u00e9g \u00e9s kem\u00e9nysz\u00edv\u0171s\u00e9g m\u00e1sok ir\u00e1nt?\u201d (Aranysz\u00e1j\u00fa Szent J\u00e1nos nyom\u00e1n) * Bens\u0151s\u00e9ges \u0151szi napokat, j\u00f3 munk\u00e1t, tartalmas besz\u00e9lget\u00e9seket \u00e9s \u00f6r\u00f6mteli tal\u00e1lkoz\u00e1sokat k\u00edv\u00e1nunk minden Kedves H\u00edv\u00fcnknek!<\/p>\n","protected":false},"author":3,"featured_media":27152,"comment_status":"closed","ping_status":"closed","sticky":false,"template":"","format":"standard","meta":{"footnotes":""},"categories":[37],"tags":[],"class_list":["post-27150","post","type-post","status-publish","format-standard","has-post-thumbnail","hentry","category-progamelozetes"],"yoast_head":"<!-- This site is optimized with the Yoast SEO plugin v27.3 - https:\/\/yoast.com\/product\/yoast-seo-wordpress\/ -->\n<title>2023 SZEPTEMBER 4 \u00c9S 10 K\u00d6Z\u00d6TT - Stuttgarti Katolikusok<\/title>\n<meta name=\"robots\" content=\"index, follow, max-snippet:-1, max-image-preview:large, max-video-preview:-1\" \/>\n<link rel=\"canonical\" href=\"https:\/\/stuttgarti-katolikusok.de\/index.php\/2023-szeptember-4-es-10-kozott\/\" \/>\n<meta property=\"og:locale\" content=\"hu_HU\" \/>\n<meta property=\"og:type\" content=\"article\" \/>\n<meta property=\"og:title\" content=\"2023 SZEPTEMBER 4 \u00c9S 10 K\u00d6Z\u00d6TT - Stuttgarti Katolikusok\" \/>\n<meta property=\"og:description\" content=\"Programel\u0151zetes * Szeptember 8-\u00e1n,\u00a0p\u00e9nteken, Stuttgarti d\u00e9lut\u00e1n, Kisboldogasszony \u00fcnnepe, 18.00 \u00f3rakor szentmise,\u00a0\u00a0el\u0151tte r\u00f3zsaf\u00fcz\u00e9rt im\u00e1dkozunk. * Szeptember 9-\u00e9n, szombaton, Biberachban 16.45 \u00f3rakor szentmise. Az agap\u00e9 elmarad!!! K\u00f6z\u00f6ss\u00e9g\u00fcnk szint\u00e9n k\u00e9pviselteti mag\u00e1t ezen a napon a \u201eLandesfesttage in Biberach 8 \u2013 10 September\u201d rendezv\u00e9nyen. Ennek keret\u00e9ben szombaton 11.00 \u00e9s 18.00 \u00f3ra k\u00f6z\u00f6tt az \u201e\u00d6kumenisches Kirchplatzfest\u201d ker\u00fcl megrendez\u00e9sre, ahol a mi k\u00f6z\u00f6ss\u00e9g\u00fcnk is egy standdal k\u00e9pviselteti mag\u00e1t. Ide \u00e9s term\u00e9szetesen a szentmis\u00e9re szretettel v\u00e1runk minden kedves Testv\u00e9rt nemcsak Biberachb\u00f3l, hanem a k\u00f6rny\u00e9kr\u0151l is. * Szeptember 10-\u00e9n, \u00e9vk\u00f6zi 23. vas\u00e1rnap, Weingartenben 9.00 \u00f3rakor szentmise a 14 Nothelfer Kapelle-ben, ut\u00e1na agap\u00e9, Ulmban 15.00 \u00f3rakor szentmise, ut\u00e1na agap\u00e9. * Minden helyen mindenkit szeretettel v\u00e1r a k\u00f6z\u00f6ss\u00e9g \u00e9s Tibor atya! * \u201eV\u00e1rosunkban vannak gazdagok, \u00e1tlagos j\u00f3l\u00e9tben \u00e9l\u0151k \u00e9s szeg\u00e9nyek. Az el\u0151bbiek, ha lenne benn\u00fck egy\u00fctt\u00e9rz\u00e9s \u00e9s seg\u00edt\u0151k\u00e9szs\u00e9g, felkarolhatn\u00e1k a szeg\u00e9nyebbeket. Ennek ellen\u00e9re nap mint nap halljuk a szeg\u00e9nyek panasz\u00e1t. Tartsunk ez\u00e9rt lelkiismeretvizsg\u00e1latot! Nincs-e benn\u00fcnk is r\u00e9szv\u00e9tlens\u00e9g \u00e9s kem\u00e9nysz\u00edv\u0171s\u00e9g m\u00e1sok ir\u00e1nt?\u201d (Aranysz\u00e1j\u00fa Szent J\u00e1nos nyom\u00e1n) * Bens\u0151s\u00e9ges \u0151szi napokat, j\u00f3 munk\u00e1t, tartalmas besz\u00e9lget\u00e9seket \u00e9s \u00f6r\u00f6mteli tal\u00e1lkoz\u00e1sokat k\u00edv\u00e1nunk minden Kedves H\u00edv\u00fcnknek!\" \/>\n<meta property=\"og:url\" content=\"https:\/\/stuttgarti-katolikusok.de\/index.php\/2023-szeptember-4-es-10-kozott\/\" \/>\n<meta property=\"og:site_name\" content=\"Stuttgarti Katolikusok\" \/>\n<meta property=\"article:published_time\" content=\"2023-09-05T08:09:50+00:00\" \/>\n<meta property=\"article:modified_time\" content=\"2023-09-05T08:33:18+00:00\" \/>\n<meta property=\"og:image\" content=\"https:\/\/stuttgarti-katolikusok.de\/wp-content\/uploads\/2023\/09\/ng9.jpg\" \/>\n\t<meta property=\"og:image:width\" content=\"2048\" \/>\n\t<meta property=\"og:image:height\" content=\"1365\" \/>\n\t<meta property=\"og:image:type\" content=\"image\/jpeg\" \/>\n<meta name=\"author\" content=\"Tibor atya\" \/>\n<meta name=\"twitter:card\" content=\"summary_large_image\" \/>\n<meta name=\"twitter:label1\" content=\"Szerz\u0151:\" \/>\n\t<meta name=\"twitter:data1\" content=\"Tibor atya\" \/>\n\t<meta name=\"twitter:label2\" content=\"Becs\u00fclt olvas\u00e1si id\u0151\" \/>\n\t<meta name=\"twitter:data2\" content=\"2 perc\" \/>\n<script type=\"application\/ld+json\" class=\"yoast-schema-graph\">{\"@context\":\"https:\\\/\\\/schema.org\",\"@graph\":[{\"@type\":\"Article\",\"@id\":\"https:\\\/\\\/stuttgarti-katolikusok.de\\\/index.php\\\/2023-szeptember-4-es-10-kozott\\\/#article\",\"isPartOf\":{\"@id\":\"https:\\\/\\\/stuttgarti-katolikusok.de\\\/index.php\\\/2023-szeptember-4-es-10-kozott\\\/\"},\"author\":{\"name\":\"Tibor atya\",\"@id\":\"https:\\\/\\\/stuttgarti-katolikusok.de\\\/#\\\/schema\\\/person\\\/75908d6f8fdc03a57889d27209df7795\"},\"headline\":\"2023 SZEPTEMBER 4 \u00c9S 10 K\u00d6Z\u00d6TT\",\"datePublished\":\"2023-09-05T08:09:50+00:00\",\"dateModified\":\"2023-09-05T08:33:18+00:00\",\"mainEntityOfPage\":{\"@id\":\"https:\\\/\\\/stuttgarti-katolikusok.de\\\/index.php\\\/2023-szeptember-4-es-10-kozott\\\/\"},\"wordCount\":254,\"image\":{\"@id\":\"https:\\\/\\\/stuttgarti-katolikusok.de\\\/index.php\\\/2023-szeptember-4-es-10-kozott\\\/#primaryimage\"},\"thumbnailUrl\":\"https:\\\/\\\/stuttgarti-katolikusok.de\\\/wp-content\\\/uploads\\\/2023\\\/09\\\/ng9.jpg\",\"articleSection\":[\"Progamel\u0151zetes\"],\"inLanguage\":\"hu\"},{\"@type\":\"WebPage\",\"@id\":\"https:\\\/\\\/stuttgarti-katolikusok.de\\\/index.php\\\/2023-szeptember-4-es-10-kozott\\\/\",\"url\":\"https:\\\/\\\/stuttgarti-katolikusok.de\\\/index.php\\\/2023-szeptember-4-es-10-kozott\\\/\",\"name\":\"2023 SZEPTEMBER 4 \u00c9S 10 K\u00d6Z\u00d6TT - Stuttgarti Katolikusok\",\"isPartOf\":{\"@id\":\"https:\\\/\\\/stuttgarti-katolikusok.de\\\/#website\"},\"primaryImageOfPage\":{\"@id\":\"https:\\\/\\\/stuttgarti-katolikusok.de\\\/index.php\\\/2023-szeptember-4-es-10-kozott\\\/#primaryimage\"},\"image\":{\"@id\":\"https:\\\/\\\/stuttgarti-katolikusok.de\\\/index.php\\\/2023-szeptember-4-es-10-kozott\\\/#primaryimage\"},\"thumbnailUrl\":\"https:\\\/\\\/stuttgarti-katolikusok.de\\\/wp-content\\\/uploads\\\/2023\\\/09\\\/ng9.jpg\",\"datePublished\":\"2023-09-05T08:09:50+00:00\",\"dateModified\":\"2023-09-05T08:33:18+00:00\",\"author\":{\"@id\":\"https:\\\/\\\/stuttgarti-katolikusok.de\\\/#\\\/schema\\\/person\\\/75908d6f8fdc03a57889d27209df7795\"},\"breadcrumb\":{\"@id\":\"https:\\\/\\\/stuttgarti-katolikusok.de\\\/index.php\\\/2023-szeptember-4-es-10-kozott\\\/#breadcrumb\"},\"inLanguage\":\"hu\",\"potentialAction\":[{\"@type\":\"ReadAction\",\"target\":[\"https:\\\/\\\/stuttgarti-katolikusok.de\\\/index.php\\\/2023-szeptember-4-es-10-kozott\\\/\"]}]},{\"@type\":\"ImageObject\",\"inLanguage\":\"hu\",\"@id\":\"https:\\\/\\\/stuttgarti-katolikusok.de\\\/index.php\\\/2023-szeptember-4-es-10-kozott\\\/#primaryimage\",\"url\":\"https:\\\/\\\/stuttgarti-katolikusok.de\\\/wp-content\\\/uploads\\\/2023\\\/09\\\/ng9.jpg\",\"contentUrl\":\"https:\\\/\\\/stuttgarti-katolikusok.de\\\/wp-content\\\/uploads\\\/2023\\\/09\\\/ng9.jpg\",\"width\":2048,\"height\":1365},{\"@type\":\"BreadcrumbList\",\"@id\":\"https:\\\/\\\/stuttgarti-katolikusok.de\\\/index.php\\\/2023-szeptember-4-es-10-kozott\\\/#breadcrumb\",\"itemListElement\":[{\"@type\":\"ListItem\",\"position\":1,\"name\":\"Kezd\u0151lap\",\"item\":\"https:\\\/\\\/stuttgarti-katolikusok.de\\\/\"},{\"@type\":\"ListItem\",\"position\":2,\"name\":\"2023 SZEPTEMBER 4 \u00c9S 10 K\u00d6Z\u00d6TT\"}]},{\"@type\":\"WebSite\",\"@id\":\"https:\\\/\\\/stuttgarti-katolikusok.de\\\/#website\",\"url\":\"https:\\\/\\\/stuttgarti-katolikusok.de\\\/\",\"name\":\"Stuttgarti Katolikusok\",\"description\":\"\",\"potentialAction\":[{\"@type\":\"SearchAction\",\"target\":{\"@type\":\"EntryPoint\",\"urlTemplate\":\"https:\\\/\\\/stuttgarti-katolikusok.de\\\/?s={search_term_string}\"},\"query-input\":{\"@type\":\"PropertyValueSpecification\",\"valueRequired\":true,\"valueName\":\"search_term_string\"}}],\"inLanguage\":\"hu\"},{\"@type\":\"Person\",\"@id\":\"https:\\\/\\\/stuttgarti-katolikusok.de\\\/#\\\/schema\\\/person\\\/75908d6f8fdc03a57889d27209df7795\",\"name\":\"Tibor atya\",\"image\":{\"@type\":\"ImageObject\",\"inLanguage\":\"hu\",\"@id\":\"https:\\\/\\\/secure.gravatar.com\\\/avatar\\\/61d268e57d1f4525b111222e29d2d5a7f8c420fdbf231ba5566a8ceac74fa960?s=96&d=mm&r=g\",\"url\":\"https:\\\/\\\/secure.gravatar.com\\\/avatar\\\/61d268e57d1f4525b111222e29d2d5a7f8c420fdbf231ba5566a8ceac74fa960?s=96&d=mm&r=g\",\"contentUrl\":\"https:\\\/\\\/secure.gravatar.com\\\/avatar\\\/61d268e57d1f4525b111222e29d2d5a7f8c420fdbf231ba5566a8ceac74fa960?s=96&d=mm&r=g\",\"caption\":\"Tibor atya\"},\"url\":\"https:\\\/\\\/stuttgarti-katolikusok.de\\\/index.php\\\/author\\\/tibor-atya\\\/\"}]}<\/script>\n<!-- \/ Yoast SEO plugin. -->","yoast_head_json":{"title":"2023 SZEPTEMBER 4 \u00c9S 10 K\u00d6Z\u00d6TT - Stuttgarti Katolikusok","robots":{"index":"index","follow":"follow","max-snippet":"max-snippet:-1","max-image-preview":"max-image-preview:large","max-video-preview":"max-video-preview:-1"},"canonical":"https:\/\/stuttgarti-katolikusok.de\/index.php\/2023-szeptember-4-es-10-kozott\/","og_locale":"hu_HU","og_type":"article","og_title":"2023 SZEPTEMBER 4 \u00c9S 10 K\u00d6Z\u00d6TT - Stuttgarti Katolikusok","og_description":"Programel\u0151zetes * Szeptember 8-\u00e1n,\u00a0p\u00e9nteken, Stuttgarti d\u00e9lut\u00e1n, Kisboldogasszony \u00fcnnepe, 18.00 \u00f3rakor szentmise,\u00a0\u00a0el\u0151tte r\u00f3zsaf\u00fcz\u00e9rt im\u00e1dkozunk. * Szeptember 9-\u00e9n, szombaton, Biberachban 16.45 \u00f3rakor szentmise. Az agap\u00e9 elmarad!!! K\u00f6z\u00f6ss\u00e9g\u00fcnk szint\u00e9n k\u00e9pviselteti mag\u00e1t ezen a napon a \u201eLandesfesttage in Biberach 8 \u2013 10 September\u201d rendezv\u00e9nyen. Ennek keret\u00e9ben szombaton 11.00 \u00e9s 18.00 \u00f3ra k\u00f6z\u00f6tt az \u201e\u00d6kumenisches Kirchplatzfest\u201d ker\u00fcl megrendez\u00e9sre, ahol a mi k\u00f6z\u00f6ss\u00e9g\u00fcnk is egy standdal k\u00e9pviselteti mag\u00e1t. Ide \u00e9s term\u00e9szetesen a szentmis\u00e9re szretettel v\u00e1runk minden kedves Testv\u00e9rt nemcsak Biberachb\u00f3l, hanem a k\u00f6rny\u00e9kr\u0151l is. * Szeptember 10-\u00e9n, \u00e9vk\u00f6zi 23. vas\u00e1rnap, Weingartenben 9.00 \u00f3rakor szentmise a 14 Nothelfer Kapelle-ben, ut\u00e1na agap\u00e9, Ulmban 15.00 \u00f3rakor szentmise, ut\u00e1na agap\u00e9. * Minden helyen mindenkit szeretettel v\u00e1r a k\u00f6z\u00f6ss\u00e9g \u00e9s Tibor atya! * \u201eV\u00e1rosunkban vannak gazdagok, \u00e1tlagos j\u00f3l\u00e9tben \u00e9l\u0151k \u00e9s szeg\u00e9nyek. Az el\u0151bbiek, ha lenne benn\u00fck egy\u00fctt\u00e9rz\u00e9s \u00e9s seg\u00edt\u0151k\u00e9szs\u00e9g, felkarolhatn\u00e1k a szeg\u00e9nyebbeket. Ennek ellen\u00e9re nap mint nap halljuk a szeg\u00e9nyek panasz\u00e1t. Tartsunk ez\u00e9rt lelkiismeretvizsg\u00e1latot! Nincs-e benn\u00fcnk is r\u00e9szv\u00e9tlens\u00e9g \u00e9s kem\u00e9nysz\u00edv\u0171s\u00e9g m\u00e1sok ir\u00e1nt?\u201d (Aranysz\u00e1j\u00fa Szent J\u00e1nos nyom\u00e1n) * Bens\u0151s\u00e9ges \u0151szi napokat, j\u00f3 munk\u00e1t, tartalmas besz\u00e9lget\u00e9seket \u00e9s \u00f6r\u00f6mteli tal\u00e1lkoz\u00e1sokat k\u00edv\u00e1nunk minden Kedves H\u00edv\u00fcnknek!","og_url":"https:\/\/stuttgarti-katolikusok.de\/index.php\/2023-szeptember-4-es-10-kozott\/","og_site_name":"Stuttgarti Katolikusok","article_published_time":"2023-09-05T08:09:50+00:00","article_modified_time":"2023-09-05T08:33:18+00:00","og_image":[{"width":2048,"height":1365,"url":"https:\/\/stuttgarti-katolikusok.de\/wp-content\/uploads\/2023\/09\/ng9.jpg","type":"image\/jpeg"}],"author":"Tibor atya","twitter_card":"summary_large_image","twitter_misc":{"Szerz\u0151:":"Tibor atya","Becs\u00fclt olvas\u00e1si id\u0151":"2 perc"},"schema":{"@context":"https:\/\/schema.org","@graph":[{"@type":"Article","@id":"https:\/\/stuttgarti-katolikusok.de\/index.php\/2023-szeptember-4-es-10-kozott\/#article","isPartOf":{"@id":"https:\/\/stuttgarti-katolikusok.de\/index.php\/2023-szeptember-4-es-10-kozott\/"},"author":{"name":"Tibor atya","@id":"https:\/\/stuttgarti-katolikusok.de\/#\/schema\/person\/75908d6f8fdc03a57889d27209df7795"},"headline":"2023 SZEPTEMBER 4 \u00c9S 10 K\u00d6Z\u00d6TT","datePublished":"2023-09-05T08:09:50+00:00","dateModified":"2023-09-05T08:33:18+00:00","mainEntityOfPage":{"@id":"https:\/\/stuttgarti-katolikusok.de\/index.php\/2023-szeptember-4-es-10-kozott\/"},"wordCount":254,"image":{"@id":"https:\/\/stuttgarti-katolikusok.de\/index.php\/2023-szeptember-4-es-10-kozott\/#primaryimage"},"thumbnailUrl":"https:\/\/stuttgarti-katolikusok.de\/wp-content\/uploads\/2023\/09\/ng9.jpg","articleSection":["Progamel\u0151zetes"],"inLanguage":"hu"},{"@type":"WebPage","@id":"https:\/\/stuttgarti-katolikusok.de\/index.php\/2023-szeptember-4-es-10-kozott\/","url":"https:\/\/stuttgarti-katolikusok.de\/index.php\/2023-szeptember-4-es-10-kozott\/","name":"2023 SZEPTEMBER 4 \u00c9S 10 K\u00d6Z\u00d6TT - Stuttgarti Katolikusok","isPartOf":{"@id":"https:\/\/stuttgarti-katolikusok.de\/#website"},"primaryImageOfPage":{"@id":"https:\/\/stuttgarti-katolikusok.de\/index.php\/2023-szeptember-4-es-10-kozott\/#primaryimage"},"image":{"@id":"https:\/\/stuttgarti-katolikusok.de\/index.php\/2023-szeptember-4-es-10-kozott\/#primaryimage"},"thumbnailUrl":"https:\/\/stuttgarti-katolikusok.de\/wp-content\/uploads\/2023\/09\/ng9.jpg","datePublished":"2023-09-05T08:09:50+00:00","dateModified":"2023-09-05T08:33:18+00:00","author":{"@id":"https:\/\/stuttgarti-katolikusok.de\/#\/schema\/person\/75908d6f8fdc03a57889d27209df7795"},"breadcrumb":{"@id":"https:\/\/stuttgarti-katolikusok.de\/index.php\/2023-szeptember-4-es-10-kozott\/#breadcrumb"},"inLanguage":"hu","potentialAction":[{"@type":"ReadAction","target":["https:\/\/stuttgarti-katolikusok.de\/index.php\/2023-szeptember-4-es-10-kozott\/"]}]},{"@type":"ImageObject","inLanguage":"hu","@id":"https:\/\/stuttgarti-katolikusok.de\/index.php\/2023-szeptember-4-es-10-kozott\/#primaryimage","url":"https:\/\/stuttgarti-katolikusok.de\/wp-content\/uploads\/2023\/09\/ng9.jpg","contentUrl":"https:\/\/stuttgarti-katolikusok.de\/wp-content\/uploads\/2023\/09\/ng9.jpg","width":2048,"height":1365},{"@type":"BreadcrumbList","@id":"https:\/\/stuttgarti-katolikusok.de\/index.php\/2023-szeptember-4-es-10-kozott\/#breadcrumb","itemListElement":[{"@type":"ListItem","position":1,"name":"Kezd\u0151lap","item":"https:\/\/stuttgarti-katolikusok.de\/"},{"@type":"ListItem","position":2,"name":"2023 SZEPTEMBER 4 \u00c9S 10 K\u00d6Z\u00d6TT"}]},{"@type":"WebSite","@id":"https:\/\/stuttgarti-katolikusok.de\/#website","url":"https:\/\/stuttgarti-katolikusok.de\/","name":"Stuttgarti Katolikusok","description":"","potentialAction":[{"@type":"SearchAction","target":{"@type":"EntryPoint","urlTemplate":"https:\/\/stuttgarti-katolikusok.de\/?s={search_term_string}"},"query-input":{"@type":"PropertyValueSpecification","valueRequired":true,"valueName":"search_term_string"}}],"inLanguage":"hu"},{"@type":"Person","@id":"https:\/\/stuttgarti-katolikusok.de\/#\/schema\/person\/75908d6f8fdc03a57889d27209df7795","name":"Tibor atya","image":{"@type":"ImageObject","inLanguage":"hu","@id":"https:\/\/secure.gravatar.com\/avatar\/61d268e57d1f4525b111222e29d2d5a7f8c420fdbf231ba5566a8ceac74fa960?s=96&d=mm&r=g","url":"https:\/\/secure.gravatar.com\/avatar\/61d268e57d1f4525b111222e29d2d5a7f8c420fdbf231ba5566a8ceac74fa960?s=96&d=mm&r=g","contentUrl":"https:\/\/secure.gravatar.com\/avatar\/61d268e57d1f4525b111222e29d2d5a7f8c420fdbf231ba5566a8ceac74fa960?s=96&d=mm&r=g","caption":"Tibor atya"},"url":"https:\/\/stuttgarti-katolikusok.de\/index.php\/author\/tibor-atya\/"}]}},"_links":{"self":[{"href":"https:\/\/stuttgarti-katolikusok.de\/index.php\/wp-json\/wp\/v2\/posts\/27150","targetHints":{"allow":["GET"]}}],"collection":[{"href":"https:\/\/stuttgarti-katolikusok.de\/index.php\/wp-json\/wp\/v2\/posts"}],"about":[{"href":"https:\/\/stuttgarti-katolikusok.de\/index.php\/wp-json\/wp\/v2\/types\/post"}],"author":[{"embeddable":true,"href":"https:\/\/stuttgarti-katolikusok.de\/index.php\/wp-json\/wp\/v2\/users\/3"}],"replies":[{"embeddable":true,"href":"https:\/\/stuttgarti-katolikusok.de\/index.php\/wp-json\/wp\/v2\/comments?post=27150"}],"version-history":[{"count":5,"href":"https:\/\/stuttgarti-katolikusok.de\/index.php\/wp-json\/wp\/v2\/posts\/27150\/revisions"}],"predecessor-version":[{"id":27164,"href":"https:\/\/stuttgarti-katolikusok.de\/index.php\/wp-json\/wp\/v2\/posts\/27150\/revisions\/27164"}],"wp:featuredmedia":[{"embeddable":true,"href":"https:\/\/stuttgarti-katolikusok.de\/index.php\/wp-json\/wp\/v2\/media\/27152"}],"wp:attachment":[{"href":"https:\/\/stuttgarti-katolikusok.de\/index.php\/wp-json\/wp\/v2\/media?parent=27150"}],"wp:term":[{"taxonomy":"category","embeddable":true,"href":"https:\/\/stuttgarti-katolikusok.de\/index.php\/wp-json\/wp\/v2\/categories?post=27150"},{"taxonomy":"post_tag","embeddable":true,"href":"https:\/\/stuttgarti-katolikusok.de\/index.php\/wp-json\/wp\/v2\/tags?post=27150"}],"curies":[{"name":"wp","href":"https:\/\/api.w.org\/{rel}","templated":true}]}}