{"id":27123,"date":"2023-09-02T13:32:20","date_gmt":"2023-09-02T11:32:20","guid":{"rendered":"https:\/\/stuttgarti-katolikusok.de\/?p=27123"},"modified":"2023-09-02T13:32:20","modified_gmt":"2023-09-02T11:32:20","slug":"evkozi-22-vasarnap","status":"publish","type":"post","link":"https:\/\/stuttgarti-katolikusok.de\/index.php\/evkozi-22-vasarnap\/","title":{"rendered":"\u00c9vk\u00f6zi 22. vas\u00e1rnap"},"content":{"rendered":"<p><span style=\"color: #339966;\">Kezd\u0151\u00e9nek:<\/span><br \/>\nK\u00f6ny\u00f6r\u00fclj rajtam, Uram; l\u00e1tod: eg\u00e9sz nap hozz\u00e1d ki\u00e1ltok, mert te, Uram, j\u00f3s\u00e1gos vagy \u00e9s szel\u00edd, \u00e9s nagy irgalm\u00fa azokhoz, akik sz\u00f3l\u00edtanak. (Zsolt 85,3-5)<\/p>\n<p><span style=\"color: #339966;\">K\u00f6ny\u00f6rg\u00e9s:<\/span><br \/>\nUrunk, er\u0151ss\u00e9ges szent Isten\u00fcnk, te vagy a legf\u0151bb j\u00f3 \u00e9s minden j\u00f3nak forr\u00e1sa. \u00d6nts sz\u00edv\u00fcnkbe ir\u00e1ntad val\u00f3 szeretetet, \u00e9s n\u00f6veld benn\u00fcnk a vall\u00e1sos lelk\u00fcletet. K\u00e9r\u00fcnk, gyarap\u00edtsd \u00e9s atyai gondvisel\u00e9seddel \u0151rizd meg lelk\u00fcnkben kegyelmi aj\u00e1nd\u00e9kaidat. A mi Urunk, J\u00e9zus Krisztus, a te Fiad \u00e1ltal, aki veled \u00e9l \u00e9s uralkodik a Szentl\u00e9lekkel egys\u00e9gben, Isten mind\u00f6r\u00f6kk\u00f6n \u00f6r\u00f6kk\u00e9.<\/p>\n<p align=\"justify\"><span style=\"color: #339966;\">OLVASM\u00c1NY Jeremi\u00e1s pr\u00f3f\u00e9ta k\u00f6nyv\u00e9b\u0151l (Jer 20,7-9)<\/span><br \/>\n<em>Az \u00dar szava gyal\u00e1zatomra v\u00e1lt.<\/em><br \/>\nJeremi\u00e1s pr\u00f3f\u00e9ta \u00edgy panaszkodik a szenved\u00e9sek idej\u00e9n:<br \/>\n\u201eR\u00e1szedt\u00e9l, Uram! S \u00e9n hagytam, hogy r\u00e1szedj. Er\u0151sebb volt\u00e1l n\u00e1lam \u00e9s legy\u0151zt\u00e9l. Nevets\u00e9gess\u00e9 v\u00e1ltam napr\u00f3l napra: Aki csak l\u00e1t, mind kics\u00fafol. Ak\u00e1rh\u00e1nyszor csak besz\u00e9lek, azt kell ki\u00e1ltanom, azt kell hirdetnem: Er\u0151szak! Roml\u00e1s!<br \/>\nAz \u00dar szava \u00edgy mindennap gyal\u00e1zatomra v\u00e1lt \u00e9s cs\u00fafs\u00e1gomra. M\u00e1r azt gondoltam: Nem t\u00f6r\u0151d\u00f6m vele, \u00e9s nem besz\u00e9lek t\u00f6bb\u00e9 nev\u00e9ben. De ilyenkor mintha perzsel\u0151 t\u0171z gy\u00falt volna sz\u00edvemben, \u00e9s \u00e1tj\u00e1rta minden csontomat. S ha megfesz\u00edtettem er\u0151met, hogy ellen\u00e1lljak, belef\u00e1radtam \u00e9s nem tudtam elviselni.\u201d<br \/>\nEz az Isten ig\u00e9je.<\/p>\n<p align=\"justify\">\n<span style=\"color: #339966;\">V\u00c1LASZOS ZSOLT\u00c1R (Zsolt 62,2.3-4.5-6.8-9)<\/span><br \/>\nV\u00e1lasz:\u00a0<strong>Hozz\u00e1d v\u00e1gy\u00f3dik sz\u00edvem, * \u00e9n Uram, Istenem.<\/strong>\u00a07b. t\u00f3nus.<br \/>\nEl\u0151\u00e9nekes: Uram, Istenem, virrasztva kereslek, * az \u00e9n Istenem te vagy n\u00e9kem.<br \/>\nT\u00e9ged szomjaz lelkem, testem ut\u00e1nad eped, * mint a puszta tikkadt, kiaszott f\u00f6ldje.<br \/>\nH\u00edvek: Hozz\u00e1d v\u00e1gy\u00f3dik sz\u00edvem, * \u00e9n Uram, Istenem.<br \/>\nE: Szent\u00e9lyedben neked szolg\u00e1ltam, * hogy er\u0151det \u00e9s dics\u0151s\u00e9gedet megl\u00e1thassam.<br \/>\nMert irgalmad t\u00f6bbet \u00e9r, mint az \u00e9let, * ez\u00e9rt ajkam dics\u0151\u00edt t\u00e9ged.<br \/>\nH: Hozz\u00e1d v\u00e1gy\u00f3dik sz\u00edvem, * \u00e9n Uram, Istenem.<br \/>\nE: Neked mondok \u00e1ld\u00e1st, am\u00edg csak \u00e9lek, * a te nevedben t\u00e1rom im\u00e1ra kezemet.<br \/>\nMint d\u00fas lakom\u00e1val, telj\u00e9k be lelkem, * ajkam ujjong, sz\u00e1m dics\u0151\u00edt t\u00e9ged.<br \/>\nH: Hozz\u00e1d v\u00e1gy\u00f3dik sz\u00edvem, * \u00e9n Uram, Istenem.<br \/>\nE: Val\u00f3ban te lett\u00e9l v\u00e9delmez\u0151m, * sz\u00e1rnyaid oltalm\u00e1ban \u00f6rvendezem.<br \/>\nLelkem tehozz\u00e1d ragaszkodik, * jobbod szil\u00e1rdan tart fenn engem.<br \/>\nH: Hozz\u00e1d v\u00e1gy\u00f3dik sz\u00edvem, * \u00e9n Uram, Istenem.<\/p>\n<p align=\"justify\"><span style=\"color: #339966;\">SZENTLECKE Szent P\u00e1l apostolnak a r\u00f3maiakhoz \u00edrt level\u00e9b\u0151l (R\u00f3m 12,1-2)<\/span><br \/>\n<em>Adj\u00e1tok testeteket \u00e9l\u0151 \u00e1ldozatul!<\/em><br \/>\nTestv\u00e9reim!<br \/>\nIsten irgalm\u00e1ra k\u00e9rlek benneteket: Adj\u00e1tok testeteket \u00e9l\u0151, szent, Istennek tetsz\u0151 \u00e1ldozatul. Legyen ez a ti \u00e9rtelmetek h\u00f3dolata!<br \/>\nNe hasonuljatok a vil\u00e1ghoz, hanem gondolkod\u00e1stokban meg\u00fajulva alakuljatok \u00e1t, hogy felismerj\u00e9tek, mi az Isten akarata, mi a helyes, mi a kedves el\u0151tte. \u00e9s mi a t\u00f6k\u00e9letes!<br \/>\nEz az Isten ig\u00e9je.<\/p>\n<p align=\"justify\"><span style=\"color: #339966;\">ALLELUJA<\/span><br \/>\nUrunk, J\u00e9zus Krisztus Atyja, vil\u00e1gos\u00edtsa meg lelk\u00fcnket, * hogy meg\u00e9rts\u00fck, mily rem\u00e9nys\u00e9gre h\u00edvott meg minket. Ef 1,17-18 \u2013 8 G. t\u00f3nus.<\/p>\n<p align=\"justify\"><span style=\"color: #339966;\">\u2020 EVANG\u00c9LIUM Szent M\u00e1t\u00e9 k\u00f6nyv\u00e9b\u0151l (16,21-27)<\/span><br \/>\n<em>Aki ut\u00e1nam akar j\u00f6nni, tagadja meg \u00f6nmag\u00e1t!<\/em><br \/>\nAbban az id\u0151ben:<br \/>\nJ\u00e9zus t\u00f6bbsz\u00f6r felh\u00edvta tan\u00edtv\u00e1nyai figyelm\u00e9t arra, hogy neki Jeruzs\u00e1lembe kell mennie, sokat kell szenvednie a v\u00e9nekt\u0151l, f\u0151papokt\u00f3l \u00e9s az \u00edr\u00e1stud\u00f3kt\u00f3l, meg\u00f6lik, de a harmadik napon felt\u00e1mad a hal\u00e1lb\u00f3l. Erre P\u00e9ter f\u00e9lrevonta \u0151t, \u00e9s \u00f3va intette: \u201eIsten ments, Uram! Ez nem t\u00f6rt\u00e9nhet veled!\u201d Mire \u0151 P\u00e9terhez fordult: \u201eT\u00e1vozz t\u0151lem, s\u00e1t\u00e1n! Botr\u00e1nkoztatsz, mert nem az Isten \u00fcgy\u00e9re van gondod, hanem az emberek\u00e9re!\u201d<br \/>\nAzut\u00e1n \u00edgy sz\u00f3lt tan\u00edtv\u00e1nyaihoz: \u201eHa valaki k\u00f6vetni akar engem, tagadja meg mag\u00e1t, vegye f\u00f6l keresztj\u00e9t \u00e9s k\u00f6vessen. Mert mindaz, aki meg akarja menteni \u00e9let\u00e9t, elvesz\u00edti azt; \u00e9s aki \u00e9n\u00e9rtem elvesz\u00edti \u00e9let\u00e9t, megtal\u00e1lja azt. Mert mit haszn\u00e1l az embernek, ha az eg\u00e9sz vil\u00e1got megnyeri is, de a lelke k\u00e1rt szenved? Mit is adhatna az ember cser\u00e9be saj\u00e1t lelk\u00e9\u00e9rt?<br \/>\nAz Emberfia pedig el fog j\u00f6nni Atyj\u00e1nak dics\u0151s\u00e9g\u00e9ben, angyalai k\u00eds\u00e9ret\u00e9ben, \u00e9s megfizet mindenkinek tettei szerint.\u201d<br \/>\nEzek az evang\u00e9lium ig\u00e9i.<\/p>\n<p><span style=\"color: #339966;\">EGYETEMES K\u00d6NY\u00d6RG\u00c9SEK<\/span><br \/>\nPap: Testv\u00e9reim! Krisztus k\u00f6vet\u00e9se sokszor \u00e1ldozatot jelent. K\u00e9rj\u00fcnk \u00e1ldozatk\u00e9sz lelk\u00fcletet mennyei Aty\u00e1nkt\u00f3l!<br \/>\nLektor: 1. Add, Urunk, hogy N. p\u00e1pa, p\u00fcsp\u00f6keink, papjaink \u00e9s szerzetesein sz\u00edvesen v\u00e1llalj\u00e1k hivat\u00e1suk keresztjeit!<br \/>\nH\u00edvek: K\u00e9r\u00fcnk t\u00e9ged, hallgass meg minket!<br \/>\n2. Add, Urunk, hogy el ne mer\u00fclj\u00fcnk az evil\u00e1gi \u00e9lvezetekben, hanem tudjunk lemondani \u00e9s \u00e1ldozatot hozni!<br \/>\nH\u00edvek: K\u00e9r\u00fcnk t\u00e9ged . . .<br \/>\n3. Add, Urunk, hogy a j\u00f3l\u00e9tben \u00e9l\u0151k \u00e1ldozatosan seg\u00edts\u00e9k r\u00e1szorul\u00f3 embert\u00e1rsaikat!<br \/>\nH\u00edvek: K\u00e9r\u00fcnk t\u00e9ged . . .<br \/>\n4. Add, Urunk, hogy neked tetsz\u0151, keresztet is v\u00e1llal\u00f3 \u00e9lettel tegy\u00fcnk tan\u00fas\u00e1got \u00e9l\u0151 hit\u00fcnkr\u0151l!<br \/>\nH\u00edvek: K\u00e9r\u00fcnk t\u00e9ged . . .<br \/>\n5. Add, Urunk, hogy a betegek a te k\u00ednszenved\u00e9sedb\u0151l mer\u00edtsenek er\u0151t szenved\u00e9seikben!<br \/>\nH\u00edvek: K\u00e9r\u00fcnk t\u00e9ged . . .<br \/>\nPap: F\u00f6ls\u00e9ges Isten\u00fcnk! Ismertesd meg vel\u00fcnk szent akaratodat, \u00e9s add, hogy \u00f6nmegtagad\u00e1sok \u00e1r\u00e1n is megval\u00f3s\u00edtsuk, ami helyes \u00e9s kedves el\u0151tted! Krisztus, a mi Urunk \u00e1ltal.<br \/>\nH\u00edvek: \u00c1men.<\/p>\n<p><span style=\"color: #339966;\">Felaj\u00e1nl\u00f3 k\u00f6ny\u00f6rg\u00e9s:<\/span><br \/>\nIsten\u00fcnk, szerezzen nek\u00fcnk mindig \u00fcdv\u00f6ss\u00e9ges \u00e1ld\u00e1st ez az \u00e1ldozati adom\u00e1ny, hogy ami a keny\u00e9r \u00e9s a bor sz\u00edne alatt t\u00f6rt\u00e9nik, annak ereje \u00e9lett\u00e9 v\u00e1lj\u00e9k benn\u00fcnk. Krisztus, a mi Urunk \u00e1ltal.<\/p>\n<p><span style=\"color: #339966;\">\u00c1ldoz\u00e1si \u00e9nek:<\/span><br \/>\nMily nagy a te j\u00f3s\u00e1god, Uram, amelyet a t\u00e9ged f\u00e9l\u0151knek tartogatsz. (Zsolt 30,20)<br \/>\n<span style=\"color: #339966;\"><em>vagy<\/em><\/span><br \/>\nBoldogok a b\u00e9kess\u00e9gben \u00e9l\u0151k, mert Isten fiainak h\u00edvj\u00e1k majd \u0151ket. Boldogok, akik \u00fcld\u00f6z\u00e9st szenvednek az igazs\u00e1g\u00e9rt, mert \u00f6v\u00e9k a mennyek orsz\u00e1ga. (Mt 5,9-10)<\/p>\n<p><span style=\"color: #339966;\">\u00c1ldoz\u00e1s ut\u00e1ni k\u00f6ny\u00f6rg\u00e9s:<\/span><br \/>\nMennyei asztalod kenyer\u00e9vel t\u00e1pl\u00e1lt\u00e1l minket, Isten\u00fcnk. K\u00e9r\u00fcnk, a szeretetnek ez a t\u00e1pl\u00e1l\u00e9ka er\u0151s\u00edtse sz\u00edv\u00fcnket, hogy testv\u00e9reinkben neked szolg\u00e1ljunk. Krisztus, a mi Urunk \u00e1ltal.<\/p>\n<p><em>(K\u00e9p forr\u00e1sa: N\u00e9meti Gergely)<\/em><\/p>\n","protected":false},"excerpt":{"rendered":"<p>Kezd\u0151\u00e9nek: K\u00f6ny\u00f6r\u00fclj rajtam, Uram; l\u00e1tod: eg\u00e9sz nap hozz\u00e1d ki\u00e1ltok, mert te, Uram, j\u00f3s\u00e1gos vagy \u00e9s szel\u00edd, \u00e9s nagy irgalm\u00fa azokhoz, akik sz\u00f3l\u00edtanak. (Zsolt 85,3-5) K\u00f6ny\u00f6rg\u00e9s: Urunk, er\u0151ss\u00e9ges szent Isten\u00fcnk, te vagy a legf\u0151bb j\u00f3 \u00e9s minden j\u00f3nak forr\u00e1sa. \u00d6nts sz\u00edv\u00fcnkbe ir\u00e1ntad val\u00f3 szeretetet, \u00e9s n\u00f6veld benn\u00fcnk a vall\u00e1sos lelk\u00fcletet. K\u00e9r\u00fcnk, gyarap\u00edtsd \u00e9s atyai gondvisel\u00e9seddel \u0151rizd meg lelk\u00fcnkben kegyelmi aj\u00e1nd\u00e9kaidat. A mi Urunk, J\u00e9zus Krisztus, a te Fiad \u00e1ltal, aki veled \u00e9l \u00e9s uralkodik a Szentl\u00e9lekkel egys\u00e9gben, Isten mind\u00f6r\u00f6kk\u00f6n \u00f6r\u00f6kk\u00e9. OLVASM\u00c1NY Jeremi\u00e1s pr\u00f3f\u00e9ta k\u00f6nyv\u00e9b\u0151l (Jer 20,7-9) Az \u00dar szava gyal\u00e1zatomra v\u00e1lt. Jeremi\u00e1s pr\u00f3f\u00e9ta \u00edgy panaszkodik a szenved\u00e9sek idej\u00e9n: \u201eR\u00e1szedt\u00e9l, Uram! S \u00e9n hagytam, hogy r\u00e1szedj. Er\u0151sebb volt\u00e1l n\u00e1lam \u00e9s legy\u0151zt\u00e9l. Nevets\u00e9gess\u00e9 v\u00e1ltam napr\u00f3l napra: Aki csak l\u00e1t, mind kics\u00fafol. Ak\u00e1rh\u00e1nyszor csak besz\u00e9lek, azt kell ki\u00e1ltanom, azt kell hirdetnem: Er\u0151szak! Roml\u00e1s! Az \u00dar szava \u00edgy mindennap gyal\u00e1zatomra v\u00e1lt \u00e9s cs\u00fafs\u00e1gomra. M\u00e1r azt gondoltam: Nem t\u00f6r\u0151d\u00f6m vele, \u00e9s nem besz\u00e9lek t\u00f6bb\u00e9 nev\u00e9ben. De ilyenkor mintha perzsel\u0151 t\u0171z gy\u00falt volna sz\u00edvemben, \u00e9s \u00e1tj\u00e1rta minden csontomat. S ha megfesz\u00edtettem er\u0151met, hogy ellen\u00e1lljak, belef\u00e1radtam \u00e9s nem tudtam elviselni.\u201d Ez az Isten ig\u00e9je. V\u00c1LASZOS ZSOLT\u00c1R (Zsolt 62,2.3-4.5-6.8-9) V\u00e1lasz:\u00a0Hozz\u00e1d v\u00e1gy\u00f3dik sz\u00edvem, * \u00e9n Uram, Istenem.\u00a07b. t\u00f3nus. El\u0151\u00e9nekes: Uram, Istenem, virrasztva kereslek, * az \u00e9n Istenem te vagy n\u00e9kem. T\u00e9ged szomjaz lelkem, testem ut\u00e1nad eped, * mint a puszta tikkadt, kiaszott f\u00f6ldje. H\u00edvek: Hozz\u00e1d v\u00e1gy\u00f3dik sz\u00edvem, * \u00e9n Uram, Istenem. E: Szent\u00e9lyedben neked szolg\u00e1ltam, * hogy er\u0151det \u00e9s dics\u0151s\u00e9gedet megl\u00e1thassam. Mert irgalmad t\u00f6bbet \u00e9r, mint az \u00e9let, * ez\u00e9rt ajkam dics\u0151\u00edt t\u00e9ged. H: Hozz\u00e1d v\u00e1gy\u00f3dik sz\u00edvem, * \u00e9n Uram, Istenem. E: Neked mondok \u00e1ld\u00e1st, am\u00edg csak \u00e9lek, * a te nevedben t\u00e1rom im\u00e1ra kezemet. Mint d\u00fas lakom\u00e1val, telj\u00e9k be lelkem, * ajkam ujjong, sz\u00e1m dics\u0151\u00edt t\u00e9ged. H: Hozz\u00e1d v\u00e1gy\u00f3dik sz\u00edvem, * \u00e9n Uram, Istenem. E: Val\u00f3ban te lett\u00e9l v\u00e9delmez\u0151m, * sz\u00e1rnyaid oltalm\u00e1ban \u00f6rvendezem. Lelkem tehozz\u00e1d ragaszkodik, * jobbod szil\u00e1rdan&#8230; <\/p>\n<p><a class=\"readmore\" href=\"https:\/\/stuttgarti-katolikusok.de\/index.php\/evkozi-22-vasarnap\/\">R\u00e9szletek<\/a><\/p>\n","protected":false},"author":3,"featured_media":27124,"comment_status":"closed","ping_status":"closed","sticky":false,"template":"","format":"standard","meta":{"footnotes":""},"categories":[85,63],"tags":[],"class_list":["post-27123","post","type-post","status-publish","format-standard","has-post-thumbnail","hentry","category-a-liturgia-olvasmanyai","category-vasarnapi-gondolatok"],"yoast_head":"<!-- This site is optimized with the Yoast SEO plugin v27.3 - https:\/\/yoast.com\/product\/yoast-seo-wordpress\/ -->\n<title>\u00c9vk\u00f6zi 22. vas\u00e1rnap - Stuttgarti Katolikusok<\/title>\n<meta name=\"robots\" content=\"index, follow, max-snippet:-1, max-image-preview:large, max-video-preview:-1\" \/>\n<link rel=\"canonical\" href=\"https:\/\/stuttgarti-katolikusok.de\/index.php\/evkozi-22-vasarnap\/\" \/>\n<meta property=\"og:locale\" content=\"hu_HU\" \/>\n<meta property=\"og:type\" content=\"article\" \/>\n<meta property=\"og:title\" content=\"\u00c9vk\u00f6zi 22. vas\u00e1rnap - Stuttgarti Katolikusok\" \/>\n<meta property=\"og:description\" content=\"Kezd\u0151\u00e9nek: K\u00f6ny\u00f6r\u00fclj rajtam, Uram; l\u00e1tod: eg\u00e9sz nap hozz\u00e1d ki\u00e1ltok, mert te, Uram, j\u00f3s\u00e1gos vagy \u00e9s szel\u00edd, \u00e9s nagy irgalm\u00fa azokhoz, akik sz\u00f3l\u00edtanak. (Zsolt 85,3-5) K\u00f6ny\u00f6rg\u00e9s: Urunk, er\u0151ss\u00e9ges szent Isten\u00fcnk, te vagy a legf\u0151bb j\u00f3 \u00e9s minden j\u00f3nak forr\u00e1sa. \u00d6nts sz\u00edv\u00fcnkbe ir\u00e1ntad val\u00f3 szeretetet, \u00e9s n\u00f6veld benn\u00fcnk a vall\u00e1sos lelk\u00fcletet. K\u00e9r\u00fcnk, gyarap\u00edtsd \u00e9s atyai gondvisel\u00e9seddel \u0151rizd meg lelk\u00fcnkben kegyelmi aj\u00e1nd\u00e9kaidat. A mi Urunk, J\u00e9zus Krisztus, a te Fiad \u00e1ltal, aki veled \u00e9l \u00e9s uralkodik a Szentl\u00e9lekkel egys\u00e9gben, Isten mind\u00f6r\u00f6kk\u00f6n \u00f6r\u00f6kk\u00e9. OLVASM\u00c1NY Jeremi\u00e1s pr\u00f3f\u00e9ta k\u00f6nyv\u00e9b\u0151l (Jer 20,7-9) Az \u00dar szava gyal\u00e1zatomra v\u00e1lt. Jeremi\u00e1s pr\u00f3f\u00e9ta \u00edgy panaszkodik a szenved\u00e9sek idej\u00e9n: \u201eR\u00e1szedt\u00e9l, Uram! S \u00e9n hagytam, hogy r\u00e1szedj. Er\u0151sebb volt\u00e1l n\u00e1lam \u00e9s legy\u0151zt\u00e9l. Nevets\u00e9gess\u00e9 v\u00e1ltam napr\u00f3l napra: Aki csak l\u00e1t, mind kics\u00fafol. Ak\u00e1rh\u00e1nyszor csak besz\u00e9lek, azt kell ki\u00e1ltanom, azt kell hirdetnem: Er\u0151szak! Roml\u00e1s! Az \u00dar szava \u00edgy mindennap gyal\u00e1zatomra v\u00e1lt \u00e9s cs\u00fafs\u00e1gomra. M\u00e1r azt gondoltam: Nem t\u00f6r\u0151d\u00f6m vele, \u00e9s nem besz\u00e9lek t\u00f6bb\u00e9 nev\u00e9ben. De ilyenkor mintha perzsel\u0151 t\u0171z gy\u00falt volna sz\u00edvemben, \u00e9s \u00e1tj\u00e1rta minden csontomat. S ha megfesz\u00edtettem er\u0151met, hogy ellen\u00e1lljak, belef\u00e1radtam \u00e9s nem tudtam elviselni.\u201d Ez az Isten ig\u00e9je. V\u00c1LASZOS ZSOLT\u00c1R (Zsolt 62,2.3-4.5-6.8-9) V\u00e1lasz:\u00a0Hozz\u00e1d v\u00e1gy\u00f3dik sz\u00edvem, * \u00e9n Uram, Istenem.\u00a07b. t\u00f3nus. El\u0151\u00e9nekes: Uram, Istenem, virrasztva kereslek, * az \u00e9n Istenem te vagy n\u00e9kem. T\u00e9ged szomjaz lelkem, testem ut\u00e1nad eped, * mint a puszta tikkadt, kiaszott f\u00f6ldje. H\u00edvek: Hozz\u00e1d v\u00e1gy\u00f3dik sz\u00edvem, * \u00e9n Uram, Istenem. E: Szent\u00e9lyedben neked szolg\u00e1ltam, * hogy er\u0151det \u00e9s dics\u0151s\u00e9gedet megl\u00e1thassam. Mert irgalmad t\u00f6bbet \u00e9r, mint az \u00e9let, * ez\u00e9rt ajkam dics\u0151\u00edt t\u00e9ged. H: Hozz\u00e1d v\u00e1gy\u00f3dik sz\u00edvem, * \u00e9n Uram, Istenem. E: Neked mondok \u00e1ld\u00e1st, am\u00edg csak \u00e9lek, * a te nevedben t\u00e1rom im\u00e1ra kezemet. Mint d\u00fas lakom\u00e1val, telj\u00e9k be lelkem, * ajkam ujjong, sz\u00e1m dics\u0151\u00edt t\u00e9ged. H: Hozz\u00e1d v\u00e1gy\u00f3dik sz\u00edvem, * \u00e9n Uram, Istenem. E: Val\u00f3ban te lett\u00e9l v\u00e9delmez\u0151m, * sz\u00e1rnyaid oltalm\u00e1ban \u00f6rvendezem. Lelkem tehozz\u00e1d ragaszkodik, * jobbod szil\u00e1rdan... R\u00e9szletek\" \/>\n<meta property=\"og:url\" content=\"https:\/\/stuttgarti-katolikusok.de\/index.php\/evkozi-22-vasarnap\/\" \/>\n<meta property=\"og:site_name\" content=\"Stuttgarti Katolikusok\" \/>\n<meta property=\"article:published_time\" content=\"2023-09-02T11:32:20+00:00\" \/>\n<meta property=\"og:image\" content=\"https:\/\/stuttgarti-katolikusok.de\/wp-content\/uploads\/2023\/09\/ng6.jpg\" \/>\n\t<meta property=\"og:image:width\" content=\"2048\" \/>\n\t<meta property=\"og:image:height\" content=\"1365\" \/>\n\t<meta property=\"og:image:type\" content=\"image\/jpeg\" \/>\n<meta name=\"author\" content=\"Tibor atya\" \/>\n<meta name=\"twitter:card\" content=\"summary_large_image\" \/>\n<meta name=\"twitter:label1\" content=\"Szerz\u0151:\" \/>\n\t<meta name=\"twitter:data1\" content=\"Tibor atya\" \/>\n\t<meta name=\"twitter:label2\" content=\"Becs\u00fclt olvas\u00e1si id\u0151\" \/>\n\t<meta name=\"twitter:data2\" content=\"5 perc\" \/>\n<script type=\"application\/ld+json\" class=\"yoast-schema-graph\">{\"@context\":\"https:\\\/\\\/schema.org\",\"@graph\":[{\"@type\":\"Article\",\"@id\":\"https:\\\/\\\/stuttgarti-katolikusok.de\\\/index.php\\\/evkozi-22-vasarnap\\\/#article\",\"isPartOf\":{\"@id\":\"https:\\\/\\\/stuttgarti-katolikusok.de\\\/index.php\\\/evkozi-22-vasarnap\\\/\"},\"author\":{\"name\":\"Tibor atya\",\"@id\":\"https:\\\/\\\/stuttgarti-katolikusok.de\\\/#\\\/schema\\\/person\\\/75908d6f8fdc03a57889d27209df7795\"},\"headline\":\"\u00c9vk\u00f6zi 22. vas\u00e1rnap\",\"datePublished\":\"2023-09-02T11:32:20+00:00\",\"mainEntityOfPage\":{\"@id\":\"https:\\\/\\\/stuttgarti-katolikusok.de\\\/index.php\\\/evkozi-22-vasarnap\\\/\"},\"wordCount\":1143,\"image\":{\"@id\":\"https:\\\/\\\/stuttgarti-katolikusok.de\\\/index.php\\\/evkozi-22-vasarnap\\\/#primaryimage\"},\"thumbnailUrl\":\"https:\\\/\\\/stuttgarti-katolikusok.de\\\/wp-content\\\/uploads\\\/2023\\\/09\\\/ng6.jpg\",\"articleSection\":[\"A liturgia olvasm\u00e1nyai\",\"Vas\u00e1rnapi gondolatok\"],\"inLanguage\":\"hu\"},{\"@type\":\"WebPage\",\"@id\":\"https:\\\/\\\/stuttgarti-katolikusok.de\\\/index.php\\\/evkozi-22-vasarnap\\\/\",\"url\":\"https:\\\/\\\/stuttgarti-katolikusok.de\\\/index.php\\\/evkozi-22-vasarnap\\\/\",\"name\":\"\u00c9vk\u00f6zi 22. vas\u00e1rnap - Stuttgarti Katolikusok\",\"isPartOf\":{\"@id\":\"https:\\\/\\\/stuttgarti-katolikusok.de\\\/#website\"},\"primaryImageOfPage\":{\"@id\":\"https:\\\/\\\/stuttgarti-katolikusok.de\\\/index.php\\\/evkozi-22-vasarnap\\\/#primaryimage\"},\"image\":{\"@id\":\"https:\\\/\\\/stuttgarti-katolikusok.de\\\/index.php\\\/evkozi-22-vasarnap\\\/#primaryimage\"},\"thumbnailUrl\":\"https:\\\/\\\/stuttgarti-katolikusok.de\\\/wp-content\\\/uploads\\\/2023\\\/09\\\/ng6.jpg\",\"datePublished\":\"2023-09-02T11:32:20+00:00\",\"author\":{\"@id\":\"https:\\\/\\\/stuttgarti-katolikusok.de\\\/#\\\/schema\\\/person\\\/75908d6f8fdc03a57889d27209df7795\"},\"breadcrumb\":{\"@id\":\"https:\\\/\\\/stuttgarti-katolikusok.de\\\/index.php\\\/evkozi-22-vasarnap\\\/#breadcrumb\"},\"inLanguage\":\"hu\",\"potentialAction\":[{\"@type\":\"ReadAction\",\"target\":[\"https:\\\/\\\/stuttgarti-katolikusok.de\\\/index.php\\\/evkozi-22-vasarnap\\\/\"]}]},{\"@type\":\"ImageObject\",\"inLanguage\":\"hu\",\"@id\":\"https:\\\/\\\/stuttgarti-katolikusok.de\\\/index.php\\\/evkozi-22-vasarnap\\\/#primaryimage\",\"url\":\"https:\\\/\\\/stuttgarti-katolikusok.de\\\/wp-content\\\/uploads\\\/2023\\\/09\\\/ng6.jpg\",\"contentUrl\":\"https:\\\/\\\/stuttgarti-katolikusok.de\\\/wp-content\\\/uploads\\\/2023\\\/09\\\/ng6.jpg\",\"width\":2048,\"height\":1365},{\"@type\":\"BreadcrumbList\",\"@id\":\"https:\\\/\\\/stuttgarti-katolikusok.de\\\/index.php\\\/evkozi-22-vasarnap\\\/#breadcrumb\",\"itemListElement\":[{\"@type\":\"ListItem\",\"position\":1,\"name\":\"Kezd\u0151lap\",\"item\":\"https:\\\/\\\/stuttgarti-katolikusok.de\\\/\"},{\"@type\":\"ListItem\",\"position\":2,\"name\":\"\u00c9vk\u00f6zi 22. vas\u00e1rnap\"}]},{\"@type\":\"WebSite\",\"@id\":\"https:\\\/\\\/stuttgarti-katolikusok.de\\\/#website\",\"url\":\"https:\\\/\\\/stuttgarti-katolikusok.de\\\/\",\"name\":\"Stuttgarti Katolikusok\",\"description\":\"\",\"potentialAction\":[{\"@type\":\"SearchAction\",\"target\":{\"@type\":\"EntryPoint\",\"urlTemplate\":\"https:\\\/\\\/stuttgarti-katolikusok.de\\\/?s={search_term_string}\"},\"query-input\":{\"@type\":\"PropertyValueSpecification\",\"valueRequired\":true,\"valueName\":\"search_term_string\"}}],\"inLanguage\":\"hu\"},{\"@type\":\"Person\",\"@id\":\"https:\\\/\\\/stuttgarti-katolikusok.de\\\/#\\\/schema\\\/person\\\/75908d6f8fdc03a57889d27209df7795\",\"name\":\"Tibor atya\",\"image\":{\"@type\":\"ImageObject\",\"inLanguage\":\"hu\",\"@id\":\"https:\\\/\\\/secure.gravatar.com\\\/avatar\\\/61d268e57d1f4525b111222e29d2d5a7f8c420fdbf231ba5566a8ceac74fa960?s=96&d=mm&r=g\",\"url\":\"https:\\\/\\\/secure.gravatar.com\\\/avatar\\\/61d268e57d1f4525b111222e29d2d5a7f8c420fdbf231ba5566a8ceac74fa960?s=96&d=mm&r=g\",\"contentUrl\":\"https:\\\/\\\/secure.gravatar.com\\\/avatar\\\/61d268e57d1f4525b111222e29d2d5a7f8c420fdbf231ba5566a8ceac74fa960?s=96&d=mm&r=g\",\"caption\":\"Tibor atya\"},\"url\":\"https:\\\/\\\/stuttgarti-katolikusok.de\\\/index.php\\\/author\\\/tibor-atya\\\/\"}]}<\/script>\n<!-- \/ Yoast SEO plugin. -->","yoast_head_json":{"title":"\u00c9vk\u00f6zi 22. vas\u00e1rnap - Stuttgarti Katolikusok","robots":{"index":"index","follow":"follow","max-snippet":"max-snippet:-1","max-image-preview":"max-image-preview:large","max-video-preview":"max-video-preview:-1"},"canonical":"https:\/\/stuttgarti-katolikusok.de\/index.php\/evkozi-22-vasarnap\/","og_locale":"hu_HU","og_type":"article","og_title":"\u00c9vk\u00f6zi 22. vas\u00e1rnap - Stuttgarti Katolikusok","og_description":"Kezd\u0151\u00e9nek: K\u00f6ny\u00f6r\u00fclj rajtam, Uram; l\u00e1tod: eg\u00e9sz nap hozz\u00e1d ki\u00e1ltok, mert te, Uram, j\u00f3s\u00e1gos vagy \u00e9s szel\u00edd, \u00e9s nagy irgalm\u00fa azokhoz, akik sz\u00f3l\u00edtanak. (Zsolt 85,3-5) K\u00f6ny\u00f6rg\u00e9s: Urunk, er\u0151ss\u00e9ges szent Isten\u00fcnk, te vagy a legf\u0151bb j\u00f3 \u00e9s minden j\u00f3nak forr\u00e1sa. \u00d6nts sz\u00edv\u00fcnkbe ir\u00e1ntad val\u00f3 szeretetet, \u00e9s n\u00f6veld benn\u00fcnk a vall\u00e1sos lelk\u00fcletet. K\u00e9r\u00fcnk, gyarap\u00edtsd \u00e9s atyai gondvisel\u00e9seddel \u0151rizd meg lelk\u00fcnkben kegyelmi aj\u00e1nd\u00e9kaidat. A mi Urunk, J\u00e9zus Krisztus, a te Fiad \u00e1ltal, aki veled \u00e9l \u00e9s uralkodik a Szentl\u00e9lekkel egys\u00e9gben, Isten mind\u00f6r\u00f6kk\u00f6n \u00f6r\u00f6kk\u00e9. OLVASM\u00c1NY Jeremi\u00e1s pr\u00f3f\u00e9ta k\u00f6nyv\u00e9b\u0151l (Jer 20,7-9) Az \u00dar szava gyal\u00e1zatomra v\u00e1lt. Jeremi\u00e1s pr\u00f3f\u00e9ta \u00edgy panaszkodik a szenved\u00e9sek idej\u00e9n: \u201eR\u00e1szedt\u00e9l, Uram! S \u00e9n hagytam, hogy r\u00e1szedj. Er\u0151sebb volt\u00e1l n\u00e1lam \u00e9s legy\u0151zt\u00e9l. Nevets\u00e9gess\u00e9 v\u00e1ltam napr\u00f3l napra: Aki csak l\u00e1t, mind kics\u00fafol. Ak\u00e1rh\u00e1nyszor csak besz\u00e9lek, azt kell ki\u00e1ltanom, azt kell hirdetnem: Er\u0151szak! Roml\u00e1s! Az \u00dar szava \u00edgy mindennap gyal\u00e1zatomra v\u00e1lt \u00e9s cs\u00fafs\u00e1gomra. M\u00e1r azt gondoltam: Nem t\u00f6r\u0151d\u00f6m vele, \u00e9s nem besz\u00e9lek t\u00f6bb\u00e9 nev\u00e9ben. De ilyenkor mintha perzsel\u0151 t\u0171z gy\u00falt volna sz\u00edvemben, \u00e9s \u00e1tj\u00e1rta minden csontomat. S ha megfesz\u00edtettem er\u0151met, hogy ellen\u00e1lljak, belef\u00e1radtam \u00e9s nem tudtam elviselni.\u201d Ez az Isten ig\u00e9je. V\u00c1LASZOS ZSOLT\u00c1R (Zsolt 62,2.3-4.5-6.8-9) V\u00e1lasz:\u00a0Hozz\u00e1d v\u00e1gy\u00f3dik sz\u00edvem, * \u00e9n Uram, Istenem.\u00a07b. t\u00f3nus. El\u0151\u00e9nekes: Uram, Istenem, virrasztva kereslek, * az \u00e9n Istenem te vagy n\u00e9kem. T\u00e9ged szomjaz lelkem, testem ut\u00e1nad eped, * mint a puszta tikkadt, kiaszott f\u00f6ldje. H\u00edvek: Hozz\u00e1d v\u00e1gy\u00f3dik sz\u00edvem, * \u00e9n Uram, Istenem. E: Szent\u00e9lyedben neked szolg\u00e1ltam, * hogy er\u0151det \u00e9s dics\u0151s\u00e9gedet megl\u00e1thassam. Mert irgalmad t\u00f6bbet \u00e9r, mint az \u00e9let, * ez\u00e9rt ajkam dics\u0151\u00edt t\u00e9ged. H: Hozz\u00e1d v\u00e1gy\u00f3dik sz\u00edvem, * \u00e9n Uram, Istenem. E: Neked mondok \u00e1ld\u00e1st, am\u00edg csak \u00e9lek, * a te nevedben t\u00e1rom im\u00e1ra kezemet. Mint d\u00fas lakom\u00e1val, telj\u00e9k be lelkem, * ajkam ujjong, sz\u00e1m dics\u0151\u00edt t\u00e9ged. H: Hozz\u00e1d v\u00e1gy\u00f3dik sz\u00edvem, * \u00e9n Uram, Istenem. E: Val\u00f3ban te lett\u00e9l v\u00e9delmez\u0151m, * sz\u00e1rnyaid oltalm\u00e1ban \u00f6rvendezem. Lelkem tehozz\u00e1d ragaszkodik, * jobbod szil\u00e1rdan... R\u00e9szletek","og_url":"https:\/\/stuttgarti-katolikusok.de\/index.php\/evkozi-22-vasarnap\/","og_site_name":"Stuttgarti Katolikusok","article_published_time":"2023-09-02T11:32:20+00:00","og_image":[{"width":2048,"height":1365,"url":"https:\/\/stuttgarti-katolikusok.de\/wp-content\/uploads\/2023\/09\/ng6.jpg","type":"image\/jpeg"}],"author":"Tibor atya","twitter_card":"summary_large_image","twitter_misc":{"Szerz\u0151:":"Tibor atya","Becs\u00fclt olvas\u00e1si id\u0151":"5 perc"},"schema":{"@context":"https:\/\/schema.org","@graph":[{"@type":"Article","@id":"https:\/\/stuttgarti-katolikusok.de\/index.php\/evkozi-22-vasarnap\/#article","isPartOf":{"@id":"https:\/\/stuttgarti-katolikusok.de\/index.php\/evkozi-22-vasarnap\/"},"author":{"name":"Tibor atya","@id":"https:\/\/stuttgarti-katolikusok.de\/#\/schema\/person\/75908d6f8fdc03a57889d27209df7795"},"headline":"\u00c9vk\u00f6zi 22. vas\u00e1rnap","datePublished":"2023-09-02T11:32:20+00:00","mainEntityOfPage":{"@id":"https:\/\/stuttgarti-katolikusok.de\/index.php\/evkozi-22-vasarnap\/"},"wordCount":1143,"image":{"@id":"https:\/\/stuttgarti-katolikusok.de\/index.php\/evkozi-22-vasarnap\/#primaryimage"},"thumbnailUrl":"https:\/\/stuttgarti-katolikusok.de\/wp-content\/uploads\/2023\/09\/ng6.jpg","articleSection":["A liturgia olvasm\u00e1nyai","Vas\u00e1rnapi gondolatok"],"inLanguage":"hu"},{"@type":"WebPage","@id":"https:\/\/stuttgarti-katolikusok.de\/index.php\/evkozi-22-vasarnap\/","url":"https:\/\/stuttgarti-katolikusok.de\/index.php\/evkozi-22-vasarnap\/","name":"\u00c9vk\u00f6zi 22. vas\u00e1rnap - Stuttgarti Katolikusok","isPartOf":{"@id":"https:\/\/stuttgarti-katolikusok.de\/#website"},"primaryImageOfPage":{"@id":"https:\/\/stuttgarti-katolikusok.de\/index.php\/evkozi-22-vasarnap\/#primaryimage"},"image":{"@id":"https:\/\/stuttgarti-katolikusok.de\/index.php\/evkozi-22-vasarnap\/#primaryimage"},"thumbnailUrl":"https:\/\/stuttgarti-katolikusok.de\/wp-content\/uploads\/2023\/09\/ng6.jpg","datePublished":"2023-09-02T11:32:20+00:00","author":{"@id":"https:\/\/stuttgarti-katolikusok.de\/#\/schema\/person\/75908d6f8fdc03a57889d27209df7795"},"breadcrumb":{"@id":"https:\/\/stuttgarti-katolikusok.de\/index.php\/evkozi-22-vasarnap\/#breadcrumb"},"inLanguage":"hu","potentialAction":[{"@type":"ReadAction","target":["https:\/\/stuttgarti-katolikusok.de\/index.php\/evkozi-22-vasarnap\/"]}]},{"@type":"ImageObject","inLanguage":"hu","@id":"https:\/\/stuttgarti-katolikusok.de\/index.php\/evkozi-22-vasarnap\/#primaryimage","url":"https:\/\/stuttgarti-katolikusok.de\/wp-content\/uploads\/2023\/09\/ng6.jpg","contentUrl":"https:\/\/stuttgarti-katolikusok.de\/wp-content\/uploads\/2023\/09\/ng6.jpg","width":2048,"height":1365},{"@type":"BreadcrumbList","@id":"https:\/\/stuttgarti-katolikusok.de\/index.php\/evkozi-22-vasarnap\/#breadcrumb","itemListElement":[{"@type":"ListItem","position":1,"name":"Kezd\u0151lap","item":"https:\/\/stuttgarti-katolikusok.de\/"},{"@type":"ListItem","position":2,"name":"\u00c9vk\u00f6zi 22. vas\u00e1rnap"}]},{"@type":"WebSite","@id":"https:\/\/stuttgarti-katolikusok.de\/#website","url":"https:\/\/stuttgarti-katolikusok.de\/","name":"Stuttgarti Katolikusok","description":"","potentialAction":[{"@type":"SearchAction","target":{"@type":"EntryPoint","urlTemplate":"https:\/\/stuttgarti-katolikusok.de\/?s={search_term_string}"},"query-input":{"@type":"PropertyValueSpecification","valueRequired":true,"valueName":"search_term_string"}}],"inLanguage":"hu"},{"@type":"Person","@id":"https:\/\/stuttgarti-katolikusok.de\/#\/schema\/person\/75908d6f8fdc03a57889d27209df7795","name":"Tibor atya","image":{"@type":"ImageObject","inLanguage":"hu","@id":"https:\/\/secure.gravatar.com\/avatar\/61d268e57d1f4525b111222e29d2d5a7f8c420fdbf231ba5566a8ceac74fa960?s=96&d=mm&r=g","url":"https:\/\/secure.gravatar.com\/avatar\/61d268e57d1f4525b111222e29d2d5a7f8c420fdbf231ba5566a8ceac74fa960?s=96&d=mm&r=g","contentUrl":"https:\/\/secure.gravatar.com\/avatar\/61d268e57d1f4525b111222e29d2d5a7f8c420fdbf231ba5566a8ceac74fa960?s=96&d=mm&r=g","caption":"Tibor atya"},"url":"https:\/\/stuttgarti-katolikusok.de\/index.php\/author\/tibor-atya\/"}]}},"_links":{"self":[{"href":"https:\/\/stuttgarti-katolikusok.de\/index.php\/wp-json\/wp\/v2\/posts\/27123","targetHints":{"allow":["GET"]}}],"collection":[{"href":"https:\/\/stuttgarti-katolikusok.de\/index.php\/wp-json\/wp\/v2\/posts"}],"about":[{"href":"https:\/\/stuttgarti-katolikusok.de\/index.php\/wp-json\/wp\/v2\/types\/post"}],"author":[{"embeddable":true,"href":"https:\/\/stuttgarti-katolikusok.de\/index.php\/wp-json\/wp\/v2\/users\/3"}],"replies":[{"embeddable":true,"href":"https:\/\/stuttgarti-katolikusok.de\/index.php\/wp-json\/wp\/v2\/comments?post=27123"}],"version-history":[{"count":1,"href":"https:\/\/stuttgarti-katolikusok.de\/index.php\/wp-json\/wp\/v2\/posts\/27123\/revisions"}],"predecessor-version":[{"id":27125,"href":"https:\/\/stuttgarti-katolikusok.de\/index.php\/wp-json\/wp\/v2\/posts\/27123\/revisions\/27125"}],"wp:featuredmedia":[{"embeddable":true,"href":"https:\/\/stuttgarti-katolikusok.de\/index.php\/wp-json\/wp\/v2\/media\/27124"}],"wp:attachment":[{"href":"https:\/\/stuttgarti-katolikusok.de\/index.php\/wp-json\/wp\/v2\/media?parent=27123"}],"wp:term":[{"taxonomy":"category","embeddable":true,"href":"https:\/\/stuttgarti-katolikusok.de\/index.php\/wp-json\/wp\/v2\/categories?post=27123"},{"taxonomy":"post_tag","embeddable":true,"href":"https:\/\/stuttgarti-katolikusok.de\/index.php\/wp-json\/wp\/v2\/tags?post=27123"}],"curies":[{"name":"wp","href":"https:\/\/api.w.org\/{rel}","templated":true}]}}