{"id":27102,"date":"2023-08-05T13:13:45","date_gmt":"2023-08-05T11:13:45","guid":{"rendered":"https:\/\/stuttgarti-katolikusok.de\/?p=27102"},"modified":"2023-08-05T13:13:45","modified_gmt":"2023-08-05T11:13:45","slug":"evkozi-18-vasarnap","status":"publish","type":"post","link":"https:\/\/stuttgarti-katolikusok.de\/index.php\/evkozi-18-vasarnap\/","title":{"rendered":"\u00c9vk\u00f6zi 18. vas\u00e1rnap"},"content":{"rendered":"<p><span style=\"color: #339966;\"><strong>OLVASM\u00c1NY<\/strong>\u00a0Iz 55, 1-3<\/span><\/p>\n<p><em>\u00a0\u00a0\u00a0 A pr\u00f3f\u00e9ta felh\u00edv\u00e1sa hasonl\u00edt J\u00e9zusnak a lakom\u00e1r\u00f3l sz\u00f3l\u00f3 p\u00e9ldabesz\u00e9d\u00e9hez. Isten a kegyelm\u00e9t a mindennapi \u00e9telhez \u00e9s italhoz teszi hasonl\u00f3v\u00e1. A felh\u00edv\u00e1s a babiloni fogs\u00e1g idej\u00e9n hangzott el, s benne van az az igazs\u00e1g is, hogy csak az \u00e9l\u0151 Isten tudja a l\u00e9lek ig\u00e9nyeit kiel\u00e9g\u00edteni. A b\u00e1lv\u00e1nyokn\u00e1l \u00e9s a f\u00f6ld javaiban hi\u00e1ba keress\u00fck ezt a boldogs\u00e1got.<\/em><\/p>\n<p><span style=\"color: #339966;\"><strong>OLVASM\u00c1NY Izaj\u00e1s pr\u00f3f\u00e9ta k\u00f6nyv\u00e9b\u0151l<\/strong><\/span><\/p>\n<p><em>\u00a0\u00a0\u00a0 J\u00f6jjetek \u00e9s egyetek.<\/em><\/p>\n<p>\u00cdgy sz\u00f3l az \u00dar:<br \/>\nTi szomjaz\u00f3k, j\u00f6jjetek a vizekhez mind,<br \/>\n\u00e9s b\u00e1r nincs p\u00e9nzetek, siessetek ide!<br \/>\nVegyetek ingyen gabon\u00e1t \u00e9s egyetek,<br \/>\nvegyetek p\u00e9nz n\u00e9lk\u00fcl bort \u00e9s tejet.<br \/>\nMi\u00e9rt k\u00f6ltitek a p\u00e9nzt arra, ami nem keny\u00e9r,<br \/>\n\u00e9s a keresetet arra, amivel nem laktok j\u00f3l?<br \/>\nHallgassatok ide, figyeljetek r\u00e1m, akkor j\u00f3 \u00e9telt esztek,<br \/>\n\u00e9s k\u00f6v\u00e9r falatokban lesz r\u00e9szetek.<br \/>\nFord\u00edts\u00e1tok ide f\u00fcleteket \u00e9s gyertek ide hozz\u00e1m:<br \/>\nhallgassatok r\u00e1m, \u00e9s \u00e9lni fog lelketek.<br \/>\n\u00d6r\u00f6k sz\u00f6vets\u00e9get k\u00f6t\u00f6k veletek,<br \/>\nmert h\u0171s\u00e9ges vagyok a D\u00e1vidnak tett \u00edg\u00e9rethez.<\/p>\n<p>Ez az Isten ig\u00e9je.<\/p>\n<p><span style=\"color: #339966;\"><strong>V\u00c1LASZOS ZSOLT\u00c1R<\/strong>\u00a0144, 8-9. 15-16. 17-18\u00a0\u00a0\u00a0 5. t\u00f3nus.\u00a0\u00a0\u00a0<\/span><\/p>\n<p>V\u00e1lasz:\u00a0Megnyitod kezedet, Istenem, * \u00e9s t\u00e1pl\u00e1lsz minket.\u00a0V\u00f6. 16. vers.<\/p>\n<p>El\u0151\u00e9nekes:\u00a0Irgalmas az \u00dar \u00e9s kegyelmes, * nagy irgalm\u00fa \u00e9s hosszan t\u0171r\u0151.<br \/>\nAz \u00dar mindenkihez j\u00f3s\u00e1gos, * \u00e9s irgalmas minden m\u0171v\u00e9hez.<br \/>\nH\u00edvek:\u00a0Megnyitod kezedet, Istenem, * \u00e9s t\u00e1pl\u00e1lsz minket.<\/p>\n<p>E:\u00a0Mindenek szeme b\u00edz\u00f3n r\u00e1d tekint, * \u00e9s te enni adsz nekik kell\u0151 id\u0151ben.<br \/>\nMegnyitod kezedet, * \u00e9s javaiddal elt\u00f6ltesz minden \u00e9l\u0151t.<br \/>\nH:\u00a0Megnyitod kezedet, Istenem, * \u00e9s t\u00e1pl\u00e1lsz minket.<\/p>\n<p>E:\u00a0Igazs\u00e1gos az \u00dar minden \u00fatj\u00e1n, * \u00e9s szent minden m\u0171v\u00e9ben.<br \/>\nK\u00f6zel az \u00dar mindazokhoz, akik \u0151t h\u00edvj\u00e1k, * akik hozz\u00e1 ki\u00e1ltanak igaz sz\u00edvvel.<br \/>\nH:\u00a0Megnyitod kezedet, Istenem, * \u00e9s t\u00e1pl\u00e1lsz minket.<\/p>\n<p><span style=\"color: #339966;\"><strong>SZENTLECKE<\/strong>\u00a0R\u00f3m 8, 35. 37-39<\/span><\/p>\n<p><em>\u00a0\u00a0\u00a0 Krisztus a megv\u00e1lt\u00e1ssal nemcsak a lehet\u0151s\u00e9g\u00e9t adta meg annak, hogy mi keress\u00fck az \u00fcdv\u00f6ss\u00e9gei hanem belefoglalt benn\u00fcnket szeretet\u00e9be, s mind\u00f6r\u00f6kre meg akar tartani mag\u00e1nak. Az Isten Fia ez\u00e9rt v\u00e1lasztotta a ki\u00fcres\u00edt\u00e9si a ,f\u00f6ldi k\u00fczdelmet \u00e9s a kereszthal\u00e1li s nincs az a teremtett \u00e9rt\u00e9k vagy hatalom, ami\u00e9rt elhat\u00e1roz\u00e1s\u00e1t megv\u00e1ltoztatn\u00e1. Rem\u00e9ny\u00fcnk teh\u00e1t az \u0151 szem\u00e9lyes szeretet\u00e9n nyugszik, s kell hogy \u00e9let\u00fcnk v\u00e1lasz legyen az \u0151 szeretet\u00e9re.<\/em><\/p>\n<p><span style=\"color: #339966;\"><strong>SZENTLECKE Szent P\u00e1l apostolnak a r\u00f3maiakhoz \u00edrt level\u00e9b\u0151l<\/strong><\/span><\/p>\n<p><em>\u00a0\u00a0\u00a0 Semmif\u00e9le teremtm\u00e9ny el nem szak\u00edthat benn\u00fcnket Isten szeretet\u00e9t\u0151l.<\/em><\/p>\n<p>Testv\u00e9reim! Ki szak\u00edthat el benn\u00fcnket Krisztus szeretet\u00e9t\u0151l? Nyomor vagy sz\u00fcks\u00e9g? \u00dcld\u00f6ztet\u00e9s vagy \u00e9h\u00edns\u00e9g? Ruh\u00e1tlans\u00e1g, \u00e9letvesz\u00e9ly vagy kard? Mi mindezeken diadalmaskodunk az \u00e1ltal, aki szeret minket.<br \/>\nBiztos vagyok ugyanis abban, hogy sem hal\u00e1l, sem \u00e9let, sem angyalok, sem fejedelems\u00e9gek, sem jelenval\u00f3k, sem elj\u00f6vend\u0151k, sem hatalmass\u00e1gok, sem magass\u00e1g, sem m\u00e9lys\u00e9g, sem egy\u00e9b teremtm\u00e9ny el nem szak\u00edthat benn\u00fcnket Isten szeretet\u00e9t\u0151l, amely Krisztus J\u00e9zusban, a mi Urunkban van.<\/p>\n<p>Ez az Isten ig\u00e9je.<\/p>\n<p><span style=\"color: #339966;\"><strong>ALLELUJA<\/strong><\/span><\/p>\n<p>Alleluja.\u00a08. sz\u00e1m<br \/>\nNemcsak keny\u00e9rrel \u00e9l az ember, * hanem minden ig\u00e9vel is, mely Isten ajk\u00e1r\u00f3l val\u00f3. Mt 4, 4b\u00a0\u2013 8 G. t\u00f3nus.<br \/>\nAlleluja.<\/p>\n<p><span style=\"color: #339966;\"><strong>EVANG\u00c9LIUM<\/strong>\u00a0Mt 14, 13-21<\/span><\/p>\n<p><em>\u00a0\u00a0\u00a0 J\u00e9zusnak az emberek ir\u00e1nti viselked\u00e9se kifejezi az Atya magatart\u00e1s\u00e1t A keny\u00e9rszapor\u00edt\u00e1s csod\u00e1j\u00e1nak k\u00e9pe kett\u0151s tartalm\u00fa. Egyr\u00e9szt jelzi, hogy J\u00e9zus els\u0151sorban tan\u00edj hirdeti az Isten orsz\u00e1g\u00e1t, az \u00fcdv\u00f6ss\u00e9get, m\u00e1sr\u00e9szt r\u00e1mutat arra, hogy f\u00f6ldi bajainkat sem n\u00e9zi \u00e9rz\u00e9ketlen\u00fcl. \u00cdg\u00e9retet tett hogy aki keresi az Isten orsz\u00e1g\u00e1t annak megadja a sz\u00fcks\u00e9ges f\u00f6ldi felt\u00e9teleket is. Megvan a hatalma, hogy a f\u00f6ld javait megsokas\u00edtsa. A tan\u00edtv\u00e1nyoknak adott felsz\u00f3l\u00edt\u00e1s: ti adjatok nekik enni, szint\u00e9n azt c\u00e9lozza, hogy az Egyh\u00e1z legyen szeretetk\u00f6z\u00f6ss\u00e9g, ahol a lelki \u00e9s a testi javak ir\u00e1nt megvan a felel\u0151ss\u00e9g.<\/em><\/p>\n<p><span style=\"color: #339966;\"><strong>+ EVANG\u00c9LIUM Szent M\u00e1t\u00e9 k\u00f6nyv\u00e9b\u0151l<\/strong><\/span><\/p>\n<p><em>\u00a0\u00a0\u00a0 Mindannyian ettek \u00e9s j\u00f3l is laktak.<\/em><\/p>\n<p>Abban az id\u0151ben:<br \/>\nAmikor J\u00e9zus tudom\u00e1st szerzett Keresztel\u0151 J\u00e1nos hal\u00e1l\u00e1r\u00f3l, cs\u00f3nakba sz\u00e1llt \u00e9s elment onnan egy kietlen helyre, egyed\u00fcl. De az emberek megtudt\u00e1k, \u00e9s a v\u00e1rosokb\u00f3l gyalogszerrel ut\u00e1na indultak Mikor kisz\u00e1llt, m\u00e1r nagy t\u00f6meget l\u00e1tott ott. Megesett rajtuk a sz\u00edve \u00e9s meggy\u00f3gy\u00edtotta betegeiket.<br \/>\nAmint beesteledett, tan\u00edtv\u00e1nyai odamentek hozz\u00e1, \u00e9s figyelmeztett\u00e9k: ,,Siv\u00e1r ez a hely, \u00e9s k\u00e9s\u0151 m\u00e1r az \u00f3ra is. Bocs\u00e1sd el a t\u00f6meget, hadd menjenek a falvakba, hogy \u00e9lelmet szerezzenek maguknak!&#8221;<br \/>\nJ\u00e9zus azonban ezt mondta nekik: ,,Nem kell elmenni\u00fck, ti adjatok nekik enni!&#8221; \u0150k ezt felelt\u00e9k: ,,Nincs m\u00e1sunk itt, csak \u00f6t kenyer\u00fcnk \u00e9s k\u00e9t halunk.&#8221; Mire \u0151 ezt mondta: ,,Hozz\u00e1tok ide!&#8221;<br \/>\nMiut\u00e1n megparancsolta, hogy a t\u00f6meget telep\u00edts\u00e9k le a f\u0171re, fogta az \u00f6t kenyeret \u00e9s a k\u00e9t halat, szem\u00e9t az \u00e9gre emelve \u00e1ld\u00e1st mondott, azut\u00e1n megt\u00f6rte a kenyereket, \u00e9s odaadta a tan\u00edtv\u00e1nyoknak, a tan\u00edtv\u00e1nyok pedig az embereknek. Mindannyian ettek \u00e9s j\u00f3l is laktak. V\u00e9g\u00fcl tizenk\u00e9t kos\u00e1r lett tele a keny\u00e9rmarad\u00e9kokkal. Pedig mintegy \u00f6tezer f\u00e9rfi evett, nem sz\u00e1m\u00edtva a n\u0151ket \u00e9s a gyerekeket.<\/p>\n<p>Ezek az evang\u00e9lium ig\u00e9i.<\/p>\n<p><span style=\"color: #339966;\"><strong>Egyetemes k\u00f6ny\u00f6rg\u00e9sek\u00a0<\/strong><\/span><\/p>\n<p>Pap:\u00a0\u00a0\u00a0 Testv\u00e9reim! Isten megseg\u00edt, \u00e9s gondoskodik r\u00f3lunk. Forduljunk hozz\u00e1 bizalommal!<\/p>\n<p>Lektor:<br \/>\n1.\u00a0\u00a0\u00a0 Add, Urunk, hogy az Egyh\u00e1z b\u00e1tran hirdesse \u00e9s vallja meg az evang\u00e9liumot az eg\u00e9sz vil\u00e1g el\u0151tt!<br \/>\nH\u00edvek:\u00a0K\u00e9r\u00fcnk t\u00e9ged, hallgass meg minket!<\/p>\n<p>2.\u00a0\u00a0\u00a0 Add, Urunk, hogy a kegyelem t\u00fal\u00e1rad\u00e1sa megf\u00e9kezze a vil\u00e1gban a b\u0171n hatalm\u00e1t!<br \/>\nH\u00edvek:\u00a0K\u00e9r\u00fcnk t\u00e9ged . . .<\/p>\n<p>3.\u00a0\u00a0\u00a0 Add, Urunk, hogy a betegek \u00e9s a szenved\u0151k kegyelmedb\u0151l er\u0151t \u00e9s vigasztal\u00e1st mer\u00edtsenek!<br \/>\nH\u00edvek:\u00a0K\u00e9r\u00fcnk t\u00e9ged . . .<\/p>\n<p>4.\u00a0\u00a0\u00a0 Add, Urunk, hogy h\u00edveid szavukkal \u00e9s \u00e9let\u00fckkel tegyenek r\u00f3lad tan\u00fas\u00e1got az emberek el\u0151tt!<br \/>\nH\u00edvek:\u00a0K\u00e9r\u00fcnk t\u00e9ged . . .<\/p>\n<p>5.\u00a0\u00a0\u00a0 Add, Urunk, hogy elhunyt szeretteink min\u00e9l el\u0151bb eljussanak szent sz\u00edned boldog\u00edt\u00f3 l\u00e1t\u00e1s\u00e1ra!<br \/>\nH\u00edvek:\u00a0K\u00e9r\u00fcnk t\u00e9ged . . .<\/p>\n<p>Pap:\u00a0\u00a0\u00a0 Isten\u00fcnk! Vil\u00e1gos\u00edtsd meg kegyelmeddel h\u00edv\u0151 n\u00e9pedet, hogy mindenn\u00e9l t\u00f6bbre becs\u00fclj\u00fck a l\u00e9lek \u00f6r\u00f6k \u00e9rt\u00e9keit! Krisztus, a mi Urunk \u00e1ltal.<br \/>\nH\u00edvek:\u00a0\u00a0\u00a0 \u00c1men.<\/p>\n<p><em>(K\u00e9p forr\u00e1sa: N\u00e9meti Gergely)<\/em><\/p>\n","protected":false},"excerpt":{"rendered":"<p>OLVASM\u00c1NY\u00a0Iz 55, 1-3 \u00a0\u00a0\u00a0 A pr\u00f3f\u00e9ta felh\u00edv\u00e1sa hasonl\u00edt J\u00e9zusnak a lakom\u00e1r\u00f3l sz\u00f3l\u00f3 p\u00e9ldabesz\u00e9d\u00e9hez. Isten a kegyelm\u00e9t a mindennapi \u00e9telhez \u00e9s italhoz teszi hasonl\u00f3v\u00e1. A felh\u00edv\u00e1s a babiloni fogs\u00e1g idej\u00e9n hangzott el, s benne van az az igazs\u00e1g is, hogy csak az \u00e9l\u0151 Isten tudja a l\u00e9lek ig\u00e9nyeit kiel\u00e9g\u00edteni. A b\u00e1lv\u00e1nyokn\u00e1l \u00e9s a f\u00f6ld javaiban hi\u00e1ba keress\u00fck ezt a boldogs\u00e1got. OLVASM\u00c1NY Izaj\u00e1s pr\u00f3f\u00e9ta k\u00f6nyv\u00e9b\u0151l \u00a0\u00a0\u00a0 J\u00f6jjetek \u00e9s egyetek. \u00cdgy sz\u00f3l az \u00dar: Ti szomjaz\u00f3k, j\u00f6jjetek a vizekhez mind, \u00e9s b\u00e1r nincs p\u00e9nzetek, siessetek ide! Vegyetek ingyen gabon\u00e1t \u00e9s egyetek, vegyetek p\u00e9nz n\u00e9lk\u00fcl bort \u00e9s tejet. Mi\u00e9rt k\u00f6ltitek a p\u00e9nzt arra, ami nem keny\u00e9r, \u00e9s a keresetet arra, amivel nem laktok j\u00f3l? Hallgassatok ide, figyeljetek r\u00e1m, akkor j\u00f3 \u00e9telt esztek, \u00e9s k\u00f6v\u00e9r falatokban lesz r\u00e9szetek. Ford\u00edts\u00e1tok ide f\u00fcleteket \u00e9s gyertek ide hozz\u00e1m: hallgassatok r\u00e1m, \u00e9s \u00e9lni fog lelketek. \u00d6r\u00f6k sz\u00f6vets\u00e9get k\u00f6t\u00f6k veletek, mert h\u0171s\u00e9ges vagyok a D\u00e1vidnak tett \u00edg\u00e9rethez. Ez az Isten ig\u00e9je. V\u00c1LASZOS ZSOLT\u00c1R\u00a0144, 8-9. 15-16. 17-18\u00a0\u00a0\u00a0 5. t\u00f3nus.\u00a0\u00a0\u00a0 V\u00e1lasz:\u00a0Megnyitod kezedet, Istenem, * \u00e9s t\u00e1pl\u00e1lsz minket.\u00a0V\u00f6. 16. vers. El\u0151\u00e9nekes:\u00a0Irgalmas az \u00dar \u00e9s kegyelmes, * nagy irgalm\u00fa \u00e9s hosszan t\u0171r\u0151. Az \u00dar mindenkihez j\u00f3s\u00e1gos, * \u00e9s irgalmas minden m\u0171v\u00e9hez. H\u00edvek:\u00a0Megnyitod kezedet, Istenem, * \u00e9s t\u00e1pl\u00e1lsz minket. E:\u00a0Mindenek szeme b\u00edz\u00f3n r\u00e1d tekint, * \u00e9s te enni adsz nekik kell\u0151 id\u0151ben. Megnyitod kezedet, * \u00e9s javaiddal elt\u00f6ltesz minden \u00e9l\u0151t. H:\u00a0Megnyitod kezedet, Istenem, * \u00e9s t\u00e1pl\u00e1lsz minket. E:\u00a0Igazs\u00e1gos az \u00dar minden \u00fatj\u00e1n, * \u00e9s szent minden m\u0171v\u00e9ben. K\u00f6zel az \u00dar mindazokhoz, akik \u0151t h\u00edvj\u00e1k, * akik hozz\u00e1 ki\u00e1ltanak igaz sz\u00edvvel. H:\u00a0Megnyitod kezedet, Istenem, * \u00e9s t\u00e1pl\u00e1lsz minket. SZENTLECKE\u00a0R\u00f3m 8, 35. 37-39 \u00a0\u00a0\u00a0 Krisztus a megv\u00e1lt\u00e1ssal nemcsak a lehet\u0151s\u00e9g\u00e9t adta meg annak, hogy mi keress\u00fck az \u00fcdv\u00f6ss\u00e9gei hanem belefoglalt benn\u00fcnket szeretet\u00e9be, s mind\u00f6r\u00f6kre meg akar tartani mag\u00e1nak. Az Isten Fia ez\u00e9rt v\u00e1lasztotta a ki\u00fcres\u00edt\u00e9si a ,f\u00f6ldi k\u00fczdelmet \u00e9s a kereszthal\u00e1li s nincs az a teremtett \u00e9rt\u00e9k&#8230; <\/p>\n<p><a class=\"readmore\" href=\"https:\/\/stuttgarti-katolikusok.de\/index.php\/evkozi-18-vasarnap\/\">R\u00e9szletek<\/a><\/p>\n","protected":false},"author":3,"featured_media":27103,"comment_status":"closed","ping_status":"closed","sticky":false,"template":"","format":"standard","meta":{"footnotes":""},"categories":[85],"tags":[],"class_list":["post-27102","post","type-post","status-publish","format-standard","has-post-thumbnail","hentry","category-a-liturgia-olvasmanyai"],"yoast_head":"<!-- This site is optimized with the Yoast SEO plugin v27.3 - https:\/\/yoast.com\/product\/yoast-seo-wordpress\/ -->\n<title>\u00c9vk\u00f6zi 18. vas\u00e1rnap - Stuttgarti Katolikusok<\/title>\n<meta name=\"robots\" content=\"index, follow, max-snippet:-1, max-image-preview:large, max-video-preview:-1\" \/>\n<link rel=\"canonical\" href=\"https:\/\/stuttgarti-katolikusok.de\/index.php\/evkozi-18-vasarnap\/\" \/>\n<meta property=\"og:locale\" content=\"hu_HU\" \/>\n<meta property=\"og:type\" content=\"article\" \/>\n<meta property=\"og:title\" content=\"\u00c9vk\u00f6zi 18. vas\u00e1rnap - Stuttgarti Katolikusok\" \/>\n<meta property=\"og:description\" content=\"OLVASM\u00c1NY\u00a0Iz 55, 1-3 \u00a0\u00a0\u00a0 A pr\u00f3f\u00e9ta felh\u00edv\u00e1sa hasonl\u00edt J\u00e9zusnak a lakom\u00e1r\u00f3l sz\u00f3l\u00f3 p\u00e9ldabesz\u00e9d\u00e9hez. Isten a kegyelm\u00e9t a mindennapi \u00e9telhez \u00e9s italhoz teszi hasonl\u00f3v\u00e1. A felh\u00edv\u00e1s a babiloni fogs\u00e1g idej\u00e9n hangzott el, s benne van az az igazs\u00e1g is, hogy csak az \u00e9l\u0151 Isten tudja a l\u00e9lek ig\u00e9nyeit kiel\u00e9g\u00edteni. A b\u00e1lv\u00e1nyokn\u00e1l \u00e9s a f\u00f6ld javaiban hi\u00e1ba keress\u00fck ezt a boldogs\u00e1got. OLVASM\u00c1NY Izaj\u00e1s pr\u00f3f\u00e9ta k\u00f6nyv\u00e9b\u0151l \u00a0\u00a0\u00a0 J\u00f6jjetek \u00e9s egyetek. \u00cdgy sz\u00f3l az \u00dar: Ti szomjaz\u00f3k, j\u00f6jjetek a vizekhez mind, \u00e9s b\u00e1r nincs p\u00e9nzetek, siessetek ide! Vegyetek ingyen gabon\u00e1t \u00e9s egyetek, vegyetek p\u00e9nz n\u00e9lk\u00fcl bort \u00e9s tejet. Mi\u00e9rt k\u00f6ltitek a p\u00e9nzt arra, ami nem keny\u00e9r, \u00e9s a keresetet arra, amivel nem laktok j\u00f3l? Hallgassatok ide, figyeljetek r\u00e1m, akkor j\u00f3 \u00e9telt esztek, \u00e9s k\u00f6v\u00e9r falatokban lesz r\u00e9szetek. Ford\u00edts\u00e1tok ide f\u00fcleteket \u00e9s gyertek ide hozz\u00e1m: hallgassatok r\u00e1m, \u00e9s \u00e9lni fog lelketek. \u00d6r\u00f6k sz\u00f6vets\u00e9get k\u00f6t\u00f6k veletek, mert h\u0171s\u00e9ges vagyok a D\u00e1vidnak tett \u00edg\u00e9rethez. Ez az Isten ig\u00e9je. V\u00c1LASZOS ZSOLT\u00c1R\u00a0144, 8-9. 15-16. 17-18\u00a0\u00a0\u00a0 5. t\u00f3nus.\u00a0\u00a0\u00a0 V\u00e1lasz:\u00a0Megnyitod kezedet, Istenem, * \u00e9s t\u00e1pl\u00e1lsz minket.\u00a0V\u00f6. 16. vers. El\u0151\u00e9nekes:\u00a0Irgalmas az \u00dar \u00e9s kegyelmes, * nagy irgalm\u00fa \u00e9s hosszan t\u0171r\u0151. Az \u00dar mindenkihez j\u00f3s\u00e1gos, * \u00e9s irgalmas minden m\u0171v\u00e9hez. H\u00edvek:\u00a0Megnyitod kezedet, Istenem, * \u00e9s t\u00e1pl\u00e1lsz minket. E:\u00a0Mindenek szeme b\u00edz\u00f3n r\u00e1d tekint, * \u00e9s te enni adsz nekik kell\u0151 id\u0151ben. Megnyitod kezedet, * \u00e9s javaiddal elt\u00f6ltesz minden \u00e9l\u0151t. H:\u00a0Megnyitod kezedet, Istenem, * \u00e9s t\u00e1pl\u00e1lsz minket. E:\u00a0Igazs\u00e1gos az \u00dar minden \u00fatj\u00e1n, * \u00e9s szent minden m\u0171v\u00e9ben. K\u00f6zel az \u00dar mindazokhoz, akik \u0151t h\u00edvj\u00e1k, * akik hozz\u00e1 ki\u00e1ltanak igaz sz\u00edvvel. H:\u00a0Megnyitod kezedet, Istenem, * \u00e9s t\u00e1pl\u00e1lsz minket. SZENTLECKE\u00a0R\u00f3m 8, 35. 37-39 \u00a0\u00a0\u00a0 Krisztus a megv\u00e1lt\u00e1ssal nemcsak a lehet\u0151s\u00e9g\u00e9t adta meg annak, hogy mi keress\u00fck az \u00fcdv\u00f6ss\u00e9gei hanem belefoglalt benn\u00fcnket szeretet\u00e9be, s mind\u00f6r\u00f6kre meg akar tartani mag\u00e1nak. Az Isten Fia ez\u00e9rt v\u00e1lasztotta a ki\u00fcres\u00edt\u00e9si a ,f\u00f6ldi k\u00fczdelmet \u00e9s a kereszthal\u00e1li s nincs az a teremtett \u00e9rt\u00e9k... R\u00e9szletek\" \/>\n<meta property=\"og:url\" content=\"https:\/\/stuttgarti-katolikusok.de\/index.php\/evkozi-18-vasarnap\/\" \/>\n<meta property=\"og:site_name\" content=\"Stuttgarti Katolikusok\" \/>\n<meta property=\"article:published_time\" content=\"2023-08-05T11:13:45+00:00\" \/>\n<meta property=\"og:image\" content=\"https:\/\/stuttgarti-katolikusok.de\/wp-content\/uploads\/2023\/08\/ng3.jpg\" \/>\n\t<meta property=\"og:image:width\" content=\"2048\" \/>\n\t<meta property=\"og:image:height\" content=\"1365\" \/>\n\t<meta property=\"og:image:type\" content=\"image\/jpeg\" \/>\n<meta name=\"author\" content=\"Tibor atya\" \/>\n<meta name=\"twitter:card\" content=\"summary_large_image\" \/>\n<meta name=\"twitter:label1\" content=\"Szerz\u0151:\" \/>\n\t<meta name=\"twitter:data1\" content=\"Tibor atya\" \/>\n\t<meta name=\"twitter:label2\" content=\"Becs\u00fclt olvas\u00e1si id\u0151\" \/>\n\t<meta name=\"twitter:data2\" content=\"5 perc\" \/>\n<script type=\"application\/ld+json\" class=\"yoast-schema-graph\">{\"@context\":\"https:\\\/\\\/schema.org\",\"@graph\":[{\"@type\":\"Article\",\"@id\":\"https:\\\/\\\/stuttgarti-katolikusok.de\\\/index.php\\\/evkozi-18-vasarnap\\\/#article\",\"isPartOf\":{\"@id\":\"https:\\\/\\\/stuttgarti-katolikusok.de\\\/index.php\\\/evkozi-18-vasarnap\\\/\"},\"author\":{\"name\":\"Tibor atya\",\"@id\":\"https:\\\/\\\/stuttgarti-katolikusok.de\\\/#\\\/schema\\\/person\\\/75908d6f8fdc03a57889d27209df7795\"},\"headline\":\"\u00c9vk\u00f6zi 18. vas\u00e1rnap\",\"datePublished\":\"2023-08-05T11:13:45+00:00\",\"mainEntityOfPage\":{\"@id\":\"https:\\\/\\\/stuttgarti-katolikusok.de\\\/index.php\\\/evkozi-18-vasarnap\\\/\"},\"wordCount\":1194,\"image\":{\"@id\":\"https:\\\/\\\/stuttgarti-katolikusok.de\\\/index.php\\\/evkozi-18-vasarnap\\\/#primaryimage\"},\"thumbnailUrl\":\"https:\\\/\\\/stuttgarti-katolikusok.de\\\/wp-content\\\/uploads\\\/2023\\\/08\\\/ng3.jpg\",\"articleSection\":[\"A liturgia olvasm\u00e1nyai\"],\"inLanguage\":\"hu\"},{\"@type\":\"WebPage\",\"@id\":\"https:\\\/\\\/stuttgarti-katolikusok.de\\\/index.php\\\/evkozi-18-vasarnap\\\/\",\"url\":\"https:\\\/\\\/stuttgarti-katolikusok.de\\\/index.php\\\/evkozi-18-vasarnap\\\/\",\"name\":\"\u00c9vk\u00f6zi 18. vas\u00e1rnap - Stuttgarti Katolikusok\",\"isPartOf\":{\"@id\":\"https:\\\/\\\/stuttgarti-katolikusok.de\\\/#website\"},\"primaryImageOfPage\":{\"@id\":\"https:\\\/\\\/stuttgarti-katolikusok.de\\\/index.php\\\/evkozi-18-vasarnap\\\/#primaryimage\"},\"image\":{\"@id\":\"https:\\\/\\\/stuttgarti-katolikusok.de\\\/index.php\\\/evkozi-18-vasarnap\\\/#primaryimage\"},\"thumbnailUrl\":\"https:\\\/\\\/stuttgarti-katolikusok.de\\\/wp-content\\\/uploads\\\/2023\\\/08\\\/ng3.jpg\",\"datePublished\":\"2023-08-05T11:13:45+00:00\",\"author\":{\"@id\":\"https:\\\/\\\/stuttgarti-katolikusok.de\\\/#\\\/schema\\\/person\\\/75908d6f8fdc03a57889d27209df7795\"},\"breadcrumb\":{\"@id\":\"https:\\\/\\\/stuttgarti-katolikusok.de\\\/index.php\\\/evkozi-18-vasarnap\\\/#breadcrumb\"},\"inLanguage\":\"hu\",\"potentialAction\":[{\"@type\":\"ReadAction\",\"target\":[\"https:\\\/\\\/stuttgarti-katolikusok.de\\\/index.php\\\/evkozi-18-vasarnap\\\/\"]}]},{\"@type\":\"ImageObject\",\"inLanguage\":\"hu\",\"@id\":\"https:\\\/\\\/stuttgarti-katolikusok.de\\\/index.php\\\/evkozi-18-vasarnap\\\/#primaryimage\",\"url\":\"https:\\\/\\\/stuttgarti-katolikusok.de\\\/wp-content\\\/uploads\\\/2023\\\/08\\\/ng3.jpg\",\"contentUrl\":\"https:\\\/\\\/stuttgarti-katolikusok.de\\\/wp-content\\\/uploads\\\/2023\\\/08\\\/ng3.jpg\",\"width\":2048,\"height\":1365},{\"@type\":\"BreadcrumbList\",\"@id\":\"https:\\\/\\\/stuttgarti-katolikusok.de\\\/index.php\\\/evkozi-18-vasarnap\\\/#breadcrumb\",\"itemListElement\":[{\"@type\":\"ListItem\",\"position\":1,\"name\":\"Kezd\u0151lap\",\"item\":\"https:\\\/\\\/stuttgarti-katolikusok.de\\\/\"},{\"@type\":\"ListItem\",\"position\":2,\"name\":\"\u00c9vk\u00f6zi 18. vas\u00e1rnap\"}]},{\"@type\":\"WebSite\",\"@id\":\"https:\\\/\\\/stuttgarti-katolikusok.de\\\/#website\",\"url\":\"https:\\\/\\\/stuttgarti-katolikusok.de\\\/\",\"name\":\"Stuttgarti Katolikusok\",\"description\":\"\",\"potentialAction\":[{\"@type\":\"SearchAction\",\"target\":{\"@type\":\"EntryPoint\",\"urlTemplate\":\"https:\\\/\\\/stuttgarti-katolikusok.de\\\/?s={search_term_string}\"},\"query-input\":{\"@type\":\"PropertyValueSpecification\",\"valueRequired\":true,\"valueName\":\"search_term_string\"}}],\"inLanguage\":\"hu\"},{\"@type\":\"Person\",\"@id\":\"https:\\\/\\\/stuttgarti-katolikusok.de\\\/#\\\/schema\\\/person\\\/75908d6f8fdc03a57889d27209df7795\",\"name\":\"Tibor atya\",\"image\":{\"@type\":\"ImageObject\",\"inLanguage\":\"hu\",\"@id\":\"https:\\\/\\\/secure.gravatar.com\\\/avatar\\\/61d268e57d1f4525b111222e29d2d5a7f8c420fdbf231ba5566a8ceac74fa960?s=96&d=mm&r=g\",\"url\":\"https:\\\/\\\/secure.gravatar.com\\\/avatar\\\/61d268e57d1f4525b111222e29d2d5a7f8c420fdbf231ba5566a8ceac74fa960?s=96&d=mm&r=g\",\"contentUrl\":\"https:\\\/\\\/secure.gravatar.com\\\/avatar\\\/61d268e57d1f4525b111222e29d2d5a7f8c420fdbf231ba5566a8ceac74fa960?s=96&d=mm&r=g\",\"caption\":\"Tibor atya\"},\"url\":\"https:\\\/\\\/stuttgarti-katolikusok.de\\\/index.php\\\/author\\\/tibor-atya\\\/\"}]}<\/script>\n<!-- \/ Yoast SEO plugin. -->","yoast_head_json":{"title":"\u00c9vk\u00f6zi 18. vas\u00e1rnap - Stuttgarti Katolikusok","robots":{"index":"index","follow":"follow","max-snippet":"max-snippet:-1","max-image-preview":"max-image-preview:large","max-video-preview":"max-video-preview:-1"},"canonical":"https:\/\/stuttgarti-katolikusok.de\/index.php\/evkozi-18-vasarnap\/","og_locale":"hu_HU","og_type":"article","og_title":"\u00c9vk\u00f6zi 18. vas\u00e1rnap - Stuttgarti Katolikusok","og_description":"OLVASM\u00c1NY\u00a0Iz 55, 1-3 \u00a0\u00a0\u00a0 A pr\u00f3f\u00e9ta felh\u00edv\u00e1sa hasonl\u00edt J\u00e9zusnak a lakom\u00e1r\u00f3l sz\u00f3l\u00f3 p\u00e9ldabesz\u00e9d\u00e9hez. Isten a kegyelm\u00e9t a mindennapi \u00e9telhez \u00e9s italhoz teszi hasonl\u00f3v\u00e1. A felh\u00edv\u00e1s a babiloni fogs\u00e1g idej\u00e9n hangzott el, s benne van az az igazs\u00e1g is, hogy csak az \u00e9l\u0151 Isten tudja a l\u00e9lek ig\u00e9nyeit kiel\u00e9g\u00edteni. A b\u00e1lv\u00e1nyokn\u00e1l \u00e9s a f\u00f6ld javaiban hi\u00e1ba keress\u00fck ezt a boldogs\u00e1got. OLVASM\u00c1NY Izaj\u00e1s pr\u00f3f\u00e9ta k\u00f6nyv\u00e9b\u0151l \u00a0\u00a0\u00a0 J\u00f6jjetek \u00e9s egyetek. \u00cdgy sz\u00f3l az \u00dar: Ti szomjaz\u00f3k, j\u00f6jjetek a vizekhez mind, \u00e9s b\u00e1r nincs p\u00e9nzetek, siessetek ide! Vegyetek ingyen gabon\u00e1t \u00e9s egyetek, vegyetek p\u00e9nz n\u00e9lk\u00fcl bort \u00e9s tejet. Mi\u00e9rt k\u00f6ltitek a p\u00e9nzt arra, ami nem keny\u00e9r, \u00e9s a keresetet arra, amivel nem laktok j\u00f3l? Hallgassatok ide, figyeljetek r\u00e1m, akkor j\u00f3 \u00e9telt esztek, \u00e9s k\u00f6v\u00e9r falatokban lesz r\u00e9szetek. Ford\u00edts\u00e1tok ide f\u00fcleteket \u00e9s gyertek ide hozz\u00e1m: hallgassatok r\u00e1m, \u00e9s \u00e9lni fog lelketek. \u00d6r\u00f6k sz\u00f6vets\u00e9get k\u00f6t\u00f6k veletek, mert h\u0171s\u00e9ges vagyok a D\u00e1vidnak tett \u00edg\u00e9rethez. Ez az Isten ig\u00e9je. V\u00c1LASZOS ZSOLT\u00c1R\u00a0144, 8-9. 15-16. 17-18\u00a0\u00a0\u00a0 5. t\u00f3nus.\u00a0\u00a0\u00a0 V\u00e1lasz:\u00a0Megnyitod kezedet, Istenem, * \u00e9s t\u00e1pl\u00e1lsz minket.\u00a0V\u00f6. 16. vers. El\u0151\u00e9nekes:\u00a0Irgalmas az \u00dar \u00e9s kegyelmes, * nagy irgalm\u00fa \u00e9s hosszan t\u0171r\u0151. Az \u00dar mindenkihez j\u00f3s\u00e1gos, * \u00e9s irgalmas minden m\u0171v\u00e9hez. H\u00edvek:\u00a0Megnyitod kezedet, Istenem, * \u00e9s t\u00e1pl\u00e1lsz minket. E:\u00a0Mindenek szeme b\u00edz\u00f3n r\u00e1d tekint, * \u00e9s te enni adsz nekik kell\u0151 id\u0151ben. Megnyitod kezedet, * \u00e9s javaiddal elt\u00f6ltesz minden \u00e9l\u0151t. H:\u00a0Megnyitod kezedet, Istenem, * \u00e9s t\u00e1pl\u00e1lsz minket. E:\u00a0Igazs\u00e1gos az \u00dar minden \u00fatj\u00e1n, * \u00e9s szent minden m\u0171v\u00e9ben. K\u00f6zel az \u00dar mindazokhoz, akik \u0151t h\u00edvj\u00e1k, * akik hozz\u00e1 ki\u00e1ltanak igaz sz\u00edvvel. H:\u00a0Megnyitod kezedet, Istenem, * \u00e9s t\u00e1pl\u00e1lsz minket. SZENTLECKE\u00a0R\u00f3m 8, 35. 37-39 \u00a0\u00a0\u00a0 Krisztus a megv\u00e1lt\u00e1ssal nemcsak a lehet\u0151s\u00e9g\u00e9t adta meg annak, hogy mi keress\u00fck az \u00fcdv\u00f6ss\u00e9gei hanem belefoglalt benn\u00fcnket szeretet\u00e9be, s mind\u00f6r\u00f6kre meg akar tartani mag\u00e1nak. Az Isten Fia ez\u00e9rt v\u00e1lasztotta a ki\u00fcres\u00edt\u00e9si a ,f\u00f6ldi k\u00fczdelmet \u00e9s a kereszthal\u00e1li s nincs az a teremtett \u00e9rt\u00e9k... R\u00e9szletek","og_url":"https:\/\/stuttgarti-katolikusok.de\/index.php\/evkozi-18-vasarnap\/","og_site_name":"Stuttgarti Katolikusok","article_published_time":"2023-08-05T11:13:45+00:00","og_image":[{"width":2048,"height":1365,"url":"https:\/\/stuttgarti-katolikusok.de\/wp-content\/uploads\/2023\/08\/ng3.jpg","type":"image\/jpeg"}],"author":"Tibor atya","twitter_card":"summary_large_image","twitter_misc":{"Szerz\u0151:":"Tibor atya","Becs\u00fclt olvas\u00e1si id\u0151":"5 perc"},"schema":{"@context":"https:\/\/schema.org","@graph":[{"@type":"Article","@id":"https:\/\/stuttgarti-katolikusok.de\/index.php\/evkozi-18-vasarnap\/#article","isPartOf":{"@id":"https:\/\/stuttgarti-katolikusok.de\/index.php\/evkozi-18-vasarnap\/"},"author":{"name":"Tibor atya","@id":"https:\/\/stuttgarti-katolikusok.de\/#\/schema\/person\/75908d6f8fdc03a57889d27209df7795"},"headline":"\u00c9vk\u00f6zi 18. vas\u00e1rnap","datePublished":"2023-08-05T11:13:45+00:00","mainEntityOfPage":{"@id":"https:\/\/stuttgarti-katolikusok.de\/index.php\/evkozi-18-vasarnap\/"},"wordCount":1194,"image":{"@id":"https:\/\/stuttgarti-katolikusok.de\/index.php\/evkozi-18-vasarnap\/#primaryimage"},"thumbnailUrl":"https:\/\/stuttgarti-katolikusok.de\/wp-content\/uploads\/2023\/08\/ng3.jpg","articleSection":["A liturgia olvasm\u00e1nyai"],"inLanguage":"hu"},{"@type":"WebPage","@id":"https:\/\/stuttgarti-katolikusok.de\/index.php\/evkozi-18-vasarnap\/","url":"https:\/\/stuttgarti-katolikusok.de\/index.php\/evkozi-18-vasarnap\/","name":"\u00c9vk\u00f6zi 18. vas\u00e1rnap - Stuttgarti Katolikusok","isPartOf":{"@id":"https:\/\/stuttgarti-katolikusok.de\/#website"},"primaryImageOfPage":{"@id":"https:\/\/stuttgarti-katolikusok.de\/index.php\/evkozi-18-vasarnap\/#primaryimage"},"image":{"@id":"https:\/\/stuttgarti-katolikusok.de\/index.php\/evkozi-18-vasarnap\/#primaryimage"},"thumbnailUrl":"https:\/\/stuttgarti-katolikusok.de\/wp-content\/uploads\/2023\/08\/ng3.jpg","datePublished":"2023-08-05T11:13:45+00:00","author":{"@id":"https:\/\/stuttgarti-katolikusok.de\/#\/schema\/person\/75908d6f8fdc03a57889d27209df7795"},"breadcrumb":{"@id":"https:\/\/stuttgarti-katolikusok.de\/index.php\/evkozi-18-vasarnap\/#breadcrumb"},"inLanguage":"hu","potentialAction":[{"@type":"ReadAction","target":["https:\/\/stuttgarti-katolikusok.de\/index.php\/evkozi-18-vasarnap\/"]}]},{"@type":"ImageObject","inLanguage":"hu","@id":"https:\/\/stuttgarti-katolikusok.de\/index.php\/evkozi-18-vasarnap\/#primaryimage","url":"https:\/\/stuttgarti-katolikusok.de\/wp-content\/uploads\/2023\/08\/ng3.jpg","contentUrl":"https:\/\/stuttgarti-katolikusok.de\/wp-content\/uploads\/2023\/08\/ng3.jpg","width":2048,"height":1365},{"@type":"BreadcrumbList","@id":"https:\/\/stuttgarti-katolikusok.de\/index.php\/evkozi-18-vasarnap\/#breadcrumb","itemListElement":[{"@type":"ListItem","position":1,"name":"Kezd\u0151lap","item":"https:\/\/stuttgarti-katolikusok.de\/"},{"@type":"ListItem","position":2,"name":"\u00c9vk\u00f6zi 18. vas\u00e1rnap"}]},{"@type":"WebSite","@id":"https:\/\/stuttgarti-katolikusok.de\/#website","url":"https:\/\/stuttgarti-katolikusok.de\/","name":"Stuttgarti Katolikusok","description":"","potentialAction":[{"@type":"SearchAction","target":{"@type":"EntryPoint","urlTemplate":"https:\/\/stuttgarti-katolikusok.de\/?s={search_term_string}"},"query-input":{"@type":"PropertyValueSpecification","valueRequired":true,"valueName":"search_term_string"}}],"inLanguage":"hu"},{"@type":"Person","@id":"https:\/\/stuttgarti-katolikusok.de\/#\/schema\/person\/75908d6f8fdc03a57889d27209df7795","name":"Tibor atya","image":{"@type":"ImageObject","inLanguage":"hu","@id":"https:\/\/secure.gravatar.com\/avatar\/61d268e57d1f4525b111222e29d2d5a7f8c420fdbf231ba5566a8ceac74fa960?s=96&d=mm&r=g","url":"https:\/\/secure.gravatar.com\/avatar\/61d268e57d1f4525b111222e29d2d5a7f8c420fdbf231ba5566a8ceac74fa960?s=96&d=mm&r=g","contentUrl":"https:\/\/secure.gravatar.com\/avatar\/61d268e57d1f4525b111222e29d2d5a7f8c420fdbf231ba5566a8ceac74fa960?s=96&d=mm&r=g","caption":"Tibor atya"},"url":"https:\/\/stuttgarti-katolikusok.de\/index.php\/author\/tibor-atya\/"}]}},"_links":{"self":[{"href":"https:\/\/stuttgarti-katolikusok.de\/index.php\/wp-json\/wp\/v2\/posts\/27102","targetHints":{"allow":["GET"]}}],"collection":[{"href":"https:\/\/stuttgarti-katolikusok.de\/index.php\/wp-json\/wp\/v2\/posts"}],"about":[{"href":"https:\/\/stuttgarti-katolikusok.de\/index.php\/wp-json\/wp\/v2\/types\/post"}],"author":[{"embeddable":true,"href":"https:\/\/stuttgarti-katolikusok.de\/index.php\/wp-json\/wp\/v2\/users\/3"}],"replies":[{"embeddable":true,"href":"https:\/\/stuttgarti-katolikusok.de\/index.php\/wp-json\/wp\/v2\/comments?post=27102"}],"version-history":[{"count":1,"href":"https:\/\/stuttgarti-katolikusok.de\/index.php\/wp-json\/wp\/v2\/posts\/27102\/revisions"}],"predecessor-version":[{"id":27104,"href":"https:\/\/stuttgarti-katolikusok.de\/index.php\/wp-json\/wp\/v2\/posts\/27102\/revisions\/27104"}],"wp:featuredmedia":[{"embeddable":true,"href":"https:\/\/stuttgarti-katolikusok.de\/index.php\/wp-json\/wp\/v2\/media\/27103"}],"wp:attachment":[{"href":"https:\/\/stuttgarti-katolikusok.de\/index.php\/wp-json\/wp\/v2\/media?parent=27102"}],"wp:term":[{"taxonomy":"category","embeddable":true,"href":"https:\/\/stuttgarti-katolikusok.de\/index.php\/wp-json\/wp\/v2\/categories?post=27102"},{"taxonomy":"post_tag","embeddable":true,"href":"https:\/\/stuttgarti-katolikusok.de\/index.php\/wp-json\/wp\/v2\/tags?post=27102"}],"curies":[{"name":"wp","href":"https:\/\/api.w.org\/{rel}","templated":true}]}}