{"id":27098,"date":"2023-07-30T11:56:28","date_gmt":"2023-07-30T09:56:28","guid":{"rendered":"https:\/\/stuttgarti-katolikusok.de\/?p=27098"},"modified":"2023-07-30T11:56:28","modified_gmt":"2023-07-30T09:56:28","slug":"evkozi-17-vasarnap","status":"publish","type":"post","link":"https:\/\/stuttgarti-katolikusok.de\/index.php\/evkozi-17-vasarnap\/","title":{"rendered":"\u00c9vk\u00f6zi 17. vas\u00e1rnap"},"content":{"rendered":"<p><span style=\"color: #339966;\">Kezd\u0151\u00e9nek:<\/span><br \/>\nSzent hajl\u00e9k\u00e1ban lakik az Isten; az egyet\u00e9rt\u0151ket h\u00e1z\u00e1ba fogadja, \u0151 ad n\u00e9p\u00e9nek hatalmat \u00e9s er\u0151t. (Zsolt 67,6-7.36)<\/p>\n<p><span style=\"color: #339966;\">K\u00f6ny\u00f6rg\u00e9s:<\/span><br \/>\nIsten\u00fcnk, benned b\u00edz\u00f3k oltalmaz\u00f3ja, aki n\u00e9lk\u00fcl semmi sem szent, semmi sem \u00e1lland\u00f3: \u00e1raszd r\u00e1nk b\u0151s\u00e9ges irgalmadat, hogy ir\u00e1ny\u00edt\u00e1soddal \u00fagy haszn\u00e1ljuk a muland\u00f3 javakat, hogy sz\u00edv\u00fcnk m\u00e1r most a maradand\u00f3khoz ragaszkodj\u00e9k. A mi Urunk, J\u00e9zus Krisztus, a te Fiad \u00e1ltal, aki veled \u00e9l \u00e9s uralkodik a Szentl\u00e9lekkel egys\u00e9gben, Isten mind\u00f6r\u00f6kk\u00f6n \u00f6r\u00f6kk\u00e9.<\/p>\n<p align=\"justify\"><span style=\"color: #339966;\">OLVASM\u00c1NY a Kir\u00e1lyok els\u0151 k\u00f6nyv\u00e9b\u0151l (1Kir 3.5.7-12)<\/span><br \/>\n<em>Tr\u00f3nra l\u00e9ptekor Salamon b\u00f6lcsess\u00e9g\u00e9rt k\u00f6ny\u00f6r\u00f6g.<\/em><br \/>\nGibeonban megjelent az \u00dar Salamonnak, \u00e9jszaka, \u00e1lm\u00e1ban. \u00cdgy sz\u00f3lt Isten: \u201eB\u00e1rmit k\u00e9rsz, megadom neked!\u201d Salamon ezt mondta: \u201eUram \u00e9s Istenem, kir\u00e1lly\u00e1 tetted szolg\u00e1dat aty\u00e1m, D\u00e1vid helyett. Deh\u00e1t fiatal ember vagyok, nem tudom, mik\u00e9nt kell uralkodni. Szolg\u00e1d a te kiv\u00e1lasztott n\u00e9ped \u00e9l\u00e9n \u00e1ll, egy nagy n\u00e9p \u00e9l\u00e9n, amelynek se szeri, se sz\u00e1ma. Adj h\u00e1t szolg\u00e1dnak \u00e9ber sz\u00edvet, hogy meg tudja k\u00fcl\u00f6nb\u00f6ztetni a j\u00f3t meg a rosszat. Mert hisz ki tudn\u00e1 m\u00e1sk\u00e9pp korm\u00e1nyozni ezt a te nagysz\u00e1m\u00fa n\u00e9pedet?\u201d<br \/>\nTetszett az \u00darnak, hogy Salamon ilyen k\u00e9r\u00e9ssel fordult hozz\u00e1. Ez\u00e9rt Isten ezt mondta neki: \u201eMivel \u00e9pp ezzel a k\u00e9r\u00e9ssel fordult\u00e1l hozz\u00e1m, \u00e9s nem hossz\u00fa \u00e9letet vagy gazdags\u00e1got k\u00e9rt\u00e9l magadnak, nem is ellens\u00e9ged \u00e9let\u00e9t k\u00e9rted, hanem b\u00f6lcsess\u00e9g\u00e9rt k\u00f6ny\u00f6r\u00f6gt\u00e9l, hogy igazs\u00e1got szolg\u00e1ltathass, \u00edme, megadom neked, amit k\u00e9rt\u00e9l. Olyan b\u00f6lcs \u00e9s \u00e9rt\u0151 sz\u00edvet adok neked, amilyen nem volt el\u0151tted, s nem lesz ut\u00e1nad sem.\u201d<br \/>\nEz az Isten ig\u00e9je.<\/p>\n<p align=\"justify\"><span style=\"color: #339966;\">V\u00c1LASZOS ZSOLT\u00c1R (Zsolt 118,57.72.76-77.127-128.129-130)<\/span><br \/>\nV\u00e1lasz:\u00a0<strong>T\u00f6rv\u00e9nyedet sz\u00edvb\u0151l szeretem, * \u00e9n Uram, Istenem.<\/strong>\u00a04. t\u00f3nus.<br \/>\nEl\u0151\u00e9nekes: Hittel vallom: \u2020 Az az \u00e9n oszt\u00e1lyr\u00e9szem, Uram, * hogy ig\u00e9idet megtartsam.<br \/>\nDr\u00e1g\u00e1bb nekem ajkad t\u00f6rv\u00e9nye * sok ezer aranyn\u00e1l, ez\u00fcstn\u00e9l.<br \/>\nH\u00edvek: T\u00f6rv\u00e9nyedet sz\u00edvb\u0151l szeretem, * \u00e9n Uram, Istenem.<br \/>\nE: Vigasztal\u00e1somra legyen irgalmad, * amint szolg\u00e1dnak meg\u00edg\u00e9rted.<br \/>\nIrgalmass\u00e1god \u00e9ltessen engem, * mivel t\u00f6rv\u00e9nyed az \u00e9n gy\u00f6ny\u00f6r\u0171s\u00e9gem.<br \/>\nH: T\u00f6rv\u00e9nyedet sz\u00edvb\u0151l szeretem, * \u00e9n Uram, Istenem.<br \/>\nE: Parancsaidat t\u00f6bbre tartom az aranyn\u00e1l, * kedvesebb nekem, mint a sz\u00ednarany.<br \/>\nEz\u00e9rt parancsaidhoz tartom magamat, * gy\u0171l\u00f6l\u00f6m a hazugs\u00e1g minden \u00fatj\u00e1t.<br \/>\nH: T\u00f6rv\u00e9nyedet sz\u00edvb\u0151l szeretem, * \u00e9n Uram, Istenem.<br \/>\nE: Minden rendel\u00e9sed csod\u00e1latram\u00e9lt\u00f3, * lelkem ez\u00e9rt megtartja \u0151ket.<br \/>\nRagyogva vil\u00e1g\u00edt szavad f\u00e9nye, * okoss\u00e1 teszi a kicsinyeket.<br \/>\nH: T\u00f6rv\u00e9nyedet sz\u00edvb\u0151l szeretem, * \u00e9n Uram, Istenem.<\/p>\n<p align=\"justify\"><span style=\"color: #339966;\">SZENTLECKE Szent P\u00e1l apostolnak a r\u00f3maiakhoz \u00edrt level\u00e9b\u0151l (R\u00f3m 8,28-30)<\/span><br \/>\n<em>Isten eleve arra rendelt minket, hogy Fi\u00e1nak k\u00e9pm\u00e1s\u00e1t \u00f6lts\u00fck magunkra.<\/em><br \/>\nTestv\u00e9reim!<br \/>\nTudjuk, hogy az Istent szeret\u0151knek minden javukra v\u00e1lik, hiszen \u0151 saj\u00e1t elhat\u00e1roz\u00e1s\u00e1b\u00f3l v\u00e1lasztotta ki \u0151ket. Akiket ugyanis el\u0151re ismert, azokat eleve arra rendelte, hogy Fi\u00e1nak k\u00e9pm\u00e1s\u00e1t \u00f6lts\u00e9k magukra. \u00cdgy lesz \u0151 els\u0151sz\u00fcl\u00f6tt a sok testv\u00e9r k\u00f6z\u00f6tt. Akiket el\u0151re erre rendelt, azokat meg is h\u00edvta, akiket megh\u00edvott, azokat igazz\u00e1 tette, akiket pedig igazz\u00e1 tett, azokat meg is dics\u0151\u00edtette.<br \/>\nEz az Isten ig\u00e9je<\/p>\n<p align=\"justify\"><span style=\"color: #339966;\">ALLELUJA<\/span><br \/>\n\u00c1ldalak t\u00e9ged, Aty\u00e1m, mennynek \u00e9s f\u00f6ldnek Istene, * mert felt\u00e1rtad a kicsinyeknek orsz\u00e1god titkait. V\u00f6. Mt 11,25 \u2013 8 G. t\u00f3nus.<\/p>\n<p align=\"justify\"><span style=\"color: #339966;\">\u2020 EVANG\u00c9LIUM Szent M\u00e1t\u00e9 k\u00f6nyv\u00e9b\u0151l (Mt 13,44-52)<\/span><\/p>\n<p align=\"justify\"><em>Isten orsz\u00e1ga t\u00f6bbet \u00e9r minden f\u00f6ldi kincsn\u00e9l.<\/em><br \/>\nAbban az id\u0151ben ezt mondta J\u00e9zus a t\u00f6megnek: \u201eA mennyek orsz\u00e1ga olyan, mint a f\u00f6ldbe rejtett kincs, amelyet egy ember megtal\u00e1lt. Elrejtette \u00fajra, azut\u00e1n boldogan elment, eladta minden\u00e9t, amije csak volt, \u00e9s megvette azt a sz\u00e1nt\u00f3f\u00f6ldet. A mennyek orsz\u00e1ga olyan, mint amikor egy keresked\u0151 igazgy\u00f6ngy\u00f6t keresett. Tal\u00e1lt egy nagyon \u00e9rt\u00e9keset, erre elment, eladta minden\u00e9t, amije csak volt, \u00e9s megv\u00e1s\u00e1rolta azt.<br \/>\nV\u00e9g\u00fcl: a mennyek orsz\u00e1ga olyan, mint amikor a h\u00e1l\u00f3t a tengerbe vetik \u00e9s az mindenf\u00e9le halat \u00f6sszefog. Mihelyt megtelik, a partra vonj\u00e1k, \u00e9s neki\u00fclve kiv\u00e1logatj\u00e1k: a jav\u00e1t ed\u00e9nyekbe rakj\u00e1k, a hitv\u00e1ny\u00e1t pedig kidobj\u00e1k. \u00cdgy lesz a vil\u00e1g v\u00e9g\u00e9n is. Kivonulnak az angyalok, a gonoszokat elv\u00e1lasztj\u00e1k az igazakt\u00f3l \u00e9s t\u00fczes kemenc\u00e9be vetik, ott s\u00edr\u00e1s lesz \u00e9s fogcsikorgat\u00e1s.<br \/>\n\u00c9rtitek-e mindezt?\u201d \u201eIgen!\u201d \u2013 felelt\u00e9k. Erre \u00edgy folytatta: \u201eMinden \u00edr\u00e1stud\u00f3, aki j\u00e1rtas a mennyek orsz\u00e1g\u00e1r\u00f3l sz\u00f3l\u00f3 tan\u00edt\u00e1sban, olyan, mint egy csal\u00e1dapa, aki kincseib\u0151l r\u00e9git \u00e9s \u00fajat vesz el\u0151.\u201d<br \/>\nEzek az evang\u00e9lium ig\u00e9i.<\/p>\n<p><span style=\"color: #339966;\">EGYETEMES K\u00d6NY\u00d6RG\u00c9SEK<\/span><br \/>\nPap: Im\u00e1dkozzunk, testv\u00e9reim, mennyei Aty\u00e1nkhoz, \u00e9s Salamon kir\u00e1ly p\u00e9ld\u00e1ja szerint k\u00e9rj\u00fcnk t\u0151le igaz b\u00f6lcsess\u00e9get!<br \/>\nLektor: 1. Adj, Urunk, b\u00f6lcsess\u00e9get Szentaty\u00e1nknak, p\u00fcsp\u00f6keinknek \u00e9s papjainknak, hogy a helyes \u00faton vezess\u00e9k n\u00e9pedet az \u00f6r\u00f6k haza fel\u00e9!<br \/>\nH\u00edvek: K\u00e9r\u00fcnk T\u00e9ged, hallgass meg minket!<br \/>\n2. Adj, Urunk, b\u00f6lcsess\u00e9get a vil\u00e1g vezet\u0151inek, hogy k\u00f6lcs\u00f6n\u00f6s egyet\u00e9rt\u00e9sben szolg\u00e1lj\u00e1k n\u00e9peiket, \u00e9s az eg\u00e9sz emberis\u00e9g jav\u00e1t!<br \/>\nH\u00edvek: K\u00e9r\u00fcnk T\u00e9ged, hallgass meg minket!<br \/>\n3. Adj, Urunk, b\u00f6lcsess\u00e9get mindny\u00e1junknak, hogy az \u00f6r\u00f6k javak megszerz\u00e9s\u00e9\u00e9rt minden \u00e1ldozatra k\u00e9szek legy\u00fcnk!<br \/>\nH\u00edvek: K\u00e9r\u00fcnk T\u00e9ged, hallgass meg minket!<br \/>\n4. Adj, Urunk, b\u00f6lcsess\u00e9get a sz\u00fcl\u0151knek, hogy gyermekeiket az \u00f6r\u00f6k \u00e9rt\u00e9kek megbecs\u00fcl\u00e9s\u00e9re nevelj\u00e9k!<br \/>\nH\u00edvek: K\u00e9r\u00fcnk T\u00e9ged, hallgass meg minket!<br \/>\n5. Adj, Urunk, b\u00f6lcsess\u00e9get a betegeknek, hogy szenved\u00e9seikben felismerj\u00e9k az \u00e9rdemszerz\u00e9s \u00e9s engesztel\u00e9s lehet\u0151s\u00e9g\u00e9t!<br \/>\nH\u00edvek: K\u00e9r\u00fcnk T\u00e9ged, hallgass meg minket!<br \/>\nPap: J\u00f3s\u00e1gos Isten\u00fcnk! Add meg h\u00edveidnek a b\u00f6lcsess\u00e9g \u00e9s az er\u0151ss\u00e9g Lelk\u00e9t, hogy az igazi javakat ne csak felismerj\u00e9k, hanem \u2013 ak\u00e1r \u00e1ldozatok \u00e1r\u00e1n is \u2013 azok megszerz\u00e9s\u00e9re t\u00f6rekedjenek. Krisztus, a mi Urunk \u00e1ltal.<br \/>\nH\u00edvek: \u00c1men.<\/p>\n<p><span style=\"color: #339966;\">Felaj\u00e1nl\u00f3 k\u00f6ny\u00f6rg\u00e9s:<\/span><br \/>\nIsten\u00fcnk, fogadd el \u00e1ldozati adom\u00e1nyainkat, amelyeket b\u0151kez\u0171en adott aj\u00e1nd\u00e9kaidb\u00f3l hozunk el\u00e9d. Add, hogy ez a szent \u00e1ldozat kegyelmed erej\u00e9vel szentelje meg f\u00f6ldi \u00e9let\u00fcnket, \u00e9s vezessen el az \u00f6r\u00f6k boldogs\u00e1gra. Krisztus, a mi Urunk \u00e1ltal.<\/p>\n<p><span style=\"color: #339966;\">\u00c1ldoz\u00e1si \u00e9nek:<\/span><br \/>\n\u00c1ldjad, lelkem, az Urat, \u00e9s ne feledd el, hogy veled mennyi j\u00f3t tett! (Zsolt 102,2)<br \/>\n<span style=\"color: #339966;\"><em>vagy<\/em><\/span><br \/>\nBoldogok az irgalmasok, mert majd nekik is irgalmaznak. Boldogok a tiszta sz\u00edv\u0171ek, mert megl\u00e1tj\u00e1k az Istent. (Mt 5,7-8)<\/p>\n<p><span style=\"color: #339966;\">\u00c1ldoz\u00e1s ut\u00e1ni k\u00f6ny\u00f6rg\u00e9s:<\/span><br \/>\nIsten\u00fcnk, magunkhoz vett\u00fck ezt a mennyei szents\u00e9get, szent Fiad szenved\u00e9s\u00e9nek \u00f6r\u00f6k eml\u00e9k\u00e9t. Add, k\u00e9r\u00fcnk, hogy \u00fcdv\u00f6ss\u00e9g\u00fcnkre v\u00e1lj\u00e9k az az aj\u00e1nd\u00e9k, amelyet kimondhatatlan nagy szeretet\u00e9ben \u0151 maga adott nek\u00fcnk. Aki \u00e9l \u00e9s uralkodik mind\u00f6r\u00f6kk\u00f6n \u00f6r\u00f6kk\u00e9.<\/p>\n<p><em>(K\u00e9p forr\u00e1sa: N\u00e9meti Gergely)<\/em><\/p>\n","protected":false},"excerpt":{"rendered":"<p>Kezd\u0151\u00e9nek: Szent hajl\u00e9k\u00e1ban lakik az Isten; az egyet\u00e9rt\u0151ket h\u00e1z\u00e1ba fogadja, \u0151 ad n\u00e9p\u00e9nek hatalmat \u00e9s er\u0151t. (Zsolt 67,6-7.36) K\u00f6ny\u00f6rg\u00e9s: Isten\u00fcnk, benned b\u00edz\u00f3k oltalmaz\u00f3ja, aki n\u00e9lk\u00fcl semmi sem szent, semmi sem \u00e1lland\u00f3: \u00e1raszd r\u00e1nk b\u0151s\u00e9ges irgalmadat, hogy ir\u00e1ny\u00edt\u00e1soddal \u00fagy haszn\u00e1ljuk a muland\u00f3 javakat, hogy sz\u00edv\u00fcnk m\u00e1r most a maradand\u00f3khoz ragaszkodj\u00e9k. A mi Urunk, J\u00e9zus Krisztus, a te Fiad \u00e1ltal, aki veled \u00e9l \u00e9s uralkodik a Szentl\u00e9lekkel egys\u00e9gben, Isten mind\u00f6r\u00f6kk\u00f6n \u00f6r\u00f6kk\u00e9. OLVASM\u00c1NY a Kir\u00e1lyok els\u0151 k\u00f6nyv\u00e9b\u0151l (1Kir 3.5.7-12) Tr\u00f3nra l\u00e9ptekor Salamon b\u00f6lcsess\u00e9g\u00e9rt k\u00f6ny\u00f6r\u00f6g. Gibeonban megjelent az \u00dar Salamonnak, \u00e9jszaka, \u00e1lm\u00e1ban. \u00cdgy sz\u00f3lt Isten: \u201eB\u00e1rmit k\u00e9rsz, megadom neked!\u201d Salamon ezt mondta: \u201eUram \u00e9s Istenem, kir\u00e1lly\u00e1 tetted szolg\u00e1dat aty\u00e1m, D\u00e1vid helyett. Deh\u00e1t fiatal ember vagyok, nem tudom, mik\u00e9nt kell uralkodni. Szolg\u00e1d a te kiv\u00e1lasztott n\u00e9ped \u00e9l\u00e9n \u00e1ll, egy nagy n\u00e9p \u00e9l\u00e9n, amelynek se szeri, se sz\u00e1ma. Adj h\u00e1t szolg\u00e1dnak \u00e9ber sz\u00edvet, hogy meg tudja k\u00fcl\u00f6nb\u00f6ztetni a j\u00f3t meg a rosszat. Mert hisz ki tudn\u00e1 m\u00e1sk\u00e9pp korm\u00e1nyozni ezt a te nagysz\u00e1m\u00fa n\u00e9pedet?\u201d Tetszett az \u00darnak, hogy Salamon ilyen k\u00e9r\u00e9ssel fordult hozz\u00e1. Ez\u00e9rt Isten ezt mondta neki: \u201eMivel \u00e9pp ezzel a k\u00e9r\u00e9ssel fordult\u00e1l hozz\u00e1m, \u00e9s nem hossz\u00fa \u00e9letet vagy gazdags\u00e1got k\u00e9rt\u00e9l magadnak, nem is ellens\u00e9ged \u00e9let\u00e9t k\u00e9rted, hanem b\u00f6lcsess\u00e9g\u00e9rt k\u00f6ny\u00f6r\u00f6gt\u00e9l, hogy igazs\u00e1got szolg\u00e1ltathass, \u00edme, megadom neked, amit k\u00e9rt\u00e9l. Olyan b\u00f6lcs \u00e9s \u00e9rt\u0151 sz\u00edvet adok neked, amilyen nem volt el\u0151tted, s nem lesz ut\u00e1nad sem.\u201d Ez az Isten ig\u00e9je. V\u00c1LASZOS ZSOLT\u00c1R (Zsolt 118,57.72.76-77.127-128.129-130) V\u00e1lasz:\u00a0T\u00f6rv\u00e9nyedet sz\u00edvb\u0151l szeretem, * \u00e9n Uram, Istenem.\u00a04. t\u00f3nus. El\u0151\u00e9nekes: Hittel vallom: \u2020 Az az \u00e9n oszt\u00e1lyr\u00e9szem, Uram, * hogy ig\u00e9idet megtartsam. Dr\u00e1g\u00e1bb nekem ajkad t\u00f6rv\u00e9nye * sok ezer aranyn\u00e1l, ez\u00fcstn\u00e9l. H\u00edvek: T\u00f6rv\u00e9nyedet sz\u00edvb\u0151l szeretem, * \u00e9n Uram, Istenem. E: Vigasztal\u00e1somra legyen irgalmad, * amint szolg\u00e1dnak meg\u00edg\u00e9rted. Irgalmass\u00e1god \u00e9ltessen engem, * mivel t\u00f6rv\u00e9nyed az \u00e9n gy\u00f6ny\u00f6r\u0171s\u00e9gem. H: T\u00f6rv\u00e9nyedet sz\u00edvb\u0151l szeretem, * \u00e9n Uram, Istenem. E: Parancsaidat t\u00f6bbre tartom az aranyn\u00e1l, * kedvesebb nekem, mint a&#8230; <\/p>\n<p><a class=\"readmore\" href=\"https:\/\/stuttgarti-katolikusok.de\/index.php\/evkozi-17-vasarnap\/\">R\u00e9szletek<\/a><\/p>\n","protected":false},"author":3,"featured_media":27099,"comment_status":"closed","ping_status":"closed","sticky":false,"template":"","format":"standard","meta":{"footnotes":""},"categories":[85,63],"tags":[],"class_list":["post-27098","post","type-post","status-publish","format-standard","has-post-thumbnail","hentry","category-a-liturgia-olvasmanyai","category-vasarnapi-gondolatok"],"yoast_head":"<!-- This site is optimized with the Yoast SEO plugin v27.3 - https:\/\/yoast.com\/product\/yoast-seo-wordpress\/ -->\n<title>\u00c9vk\u00f6zi 17. vas\u00e1rnap - Stuttgarti Katolikusok<\/title>\n<meta name=\"robots\" content=\"index, follow, max-snippet:-1, max-image-preview:large, max-video-preview:-1\" \/>\n<link rel=\"canonical\" href=\"https:\/\/stuttgarti-katolikusok.de\/index.php\/evkozi-17-vasarnap\/\" \/>\n<meta property=\"og:locale\" content=\"hu_HU\" \/>\n<meta property=\"og:type\" content=\"article\" \/>\n<meta property=\"og:title\" content=\"\u00c9vk\u00f6zi 17. vas\u00e1rnap - Stuttgarti Katolikusok\" \/>\n<meta property=\"og:description\" content=\"Kezd\u0151\u00e9nek: Szent hajl\u00e9k\u00e1ban lakik az Isten; az egyet\u00e9rt\u0151ket h\u00e1z\u00e1ba fogadja, \u0151 ad n\u00e9p\u00e9nek hatalmat \u00e9s er\u0151t. (Zsolt 67,6-7.36) K\u00f6ny\u00f6rg\u00e9s: Isten\u00fcnk, benned b\u00edz\u00f3k oltalmaz\u00f3ja, aki n\u00e9lk\u00fcl semmi sem szent, semmi sem \u00e1lland\u00f3: \u00e1raszd r\u00e1nk b\u0151s\u00e9ges irgalmadat, hogy ir\u00e1ny\u00edt\u00e1soddal \u00fagy haszn\u00e1ljuk a muland\u00f3 javakat, hogy sz\u00edv\u00fcnk m\u00e1r most a maradand\u00f3khoz ragaszkodj\u00e9k. A mi Urunk, J\u00e9zus Krisztus, a te Fiad \u00e1ltal, aki veled \u00e9l \u00e9s uralkodik a Szentl\u00e9lekkel egys\u00e9gben, Isten mind\u00f6r\u00f6kk\u00f6n \u00f6r\u00f6kk\u00e9. OLVASM\u00c1NY a Kir\u00e1lyok els\u0151 k\u00f6nyv\u00e9b\u0151l (1Kir 3.5.7-12) Tr\u00f3nra l\u00e9ptekor Salamon b\u00f6lcsess\u00e9g\u00e9rt k\u00f6ny\u00f6r\u00f6g. Gibeonban megjelent az \u00dar Salamonnak, \u00e9jszaka, \u00e1lm\u00e1ban. \u00cdgy sz\u00f3lt Isten: \u201eB\u00e1rmit k\u00e9rsz, megadom neked!\u201d Salamon ezt mondta: \u201eUram \u00e9s Istenem, kir\u00e1lly\u00e1 tetted szolg\u00e1dat aty\u00e1m, D\u00e1vid helyett. Deh\u00e1t fiatal ember vagyok, nem tudom, mik\u00e9nt kell uralkodni. Szolg\u00e1d a te kiv\u00e1lasztott n\u00e9ped \u00e9l\u00e9n \u00e1ll, egy nagy n\u00e9p \u00e9l\u00e9n, amelynek se szeri, se sz\u00e1ma. Adj h\u00e1t szolg\u00e1dnak \u00e9ber sz\u00edvet, hogy meg tudja k\u00fcl\u00f6nb\u00f6ztetni a j\u00f3t meg a rosszat. Mert hisz ki tudn\u00e1 m\u00e1sk\u00e9pp korm\u00e1nyozni ezt a te nagysz\u00e1m\u00fa n\u00e9pedet?\u201d Tetszett az \u00darnak, hogy Salamon ilyen k\u00e9r\u00e9ssel fordult hozz\u00e1. Ez\u00e9rt Isten ezt mondta neki: \u201eMivel \u00e9pp ezzel a k\u00e9r\u00e9ssel fordult\u00e1l hozz\u00e1m, \u00e9s nem hossz\u00fa \u00e9letet vagy gazdags\u00e1got k\u00e9rt\u00e9l magadnak, nem is ellens\u00e9ged \u00e9let\u00e9t k\u00e9rted, hanem b\u00f6lcsess\u00e9g\u00e9rt k\u00f6ny\u00f6r\u00f6gt\u00e9l, hogy igazs\u00e1got szolg\u00e1ltathass, \u00edme, megadom neked, amit k\u00e9rt\u00e9l. Olyan b\u00f6lcs \u00e9s \u00e9rt\u0151 sz\u00edvet adok neked, amilyen nem volt el\u0151tted, s nem lesz ut\u00e1nad sem.\u201d Ez az Isten ig\u00e9je. V\u00c1LASZOS ZSOLT\u00c1R (Zsolt 118,57.72.76-77.127-128.129-130) V\u00e1lasz:\u00a0T\u00f6rv\u00e9nyedet sz\u00edvb\u0151l szeretem, * \u00e9n Uram, Istenem.\u00a04. t\u00f3nus. El\u0151\u00e9nekes: Hittel vallom: \u2020 Az az \u00e9n oszt\u00e1lyr\u00e9szem, Uram, * hogy ig\u00e9idet megtartsam. Dr\u00e1g\u00e1bb nekem ajkad t\u00f6rv\u00e9nye * sok ezer aranyn\u00e1l, ez\u00fcstn\u00e9l. H\u00edvek: T\u00f6rv\u00e9nyedet sz\u00edvb\u0151l szeretem, * \u00e9n Uram, Istenem. E: Vigasztal\u00e1somra legyen irgalmad, * amint szolg\u00e1dnak meg\u00edg\u00e9rted. Irgalmass\u00e1god \u00e9ltessen engem, * mivel t\u00f6rv\u00e9nyed az \u00e9n gy\u00f6ny\u00f6r\u0171s\u00e9gem. H: T\u00f6rv\u00e9nyedet sz\u00edvb\u0151l szeretem, * \u00e9n Uram, Istenem. E: Parancsaidat t\u00f6bbre tartom az aranyn\u00e1l, * kedvesebb nekem, mint a... R\u00e9szletek\" \/>\n<meta property=\"og:url\" content=\"https:\/\/stuttgarti-katolikusok.de\/index.php\/evkozi-17-vasarnap\/\" \/>\n<meta property=\"og:site_name\" content=\"Stuttgarti Katolikusok\" \/>\n<meta property=\"article:published_time\" content=\"2023-07-30T09:56:28+00:00\" \/>\n<meta property=\"og:image\" content=\"https:\/\/stuttgarti-katolikusok.de\/wp-content\/uploads\/2023\/07\/ng1.jpg\" \/>\n\t<meta property=\"og:image:width\" content=\"2048\" \/>\n\t<meta property=\"og:image:height\" content=\"1365\" \/>\n\t<meta property=\"og:image:type\" content=\"image\/jpeg\" \/>\n<meta name=\"author\" content=\"Tibor atya\" \/>\n<meta name=\"twitter:card\" content=\"summary_large_image\" \/>\n<meta name=\"twitter:label1\" content=\"Szerz\u0151:\" \/>\n\t<meta name=\"twitter:data1\" content=\"Tibor atya\" \/>\n\t<meta name=\"twitter:label2\" content=\"Becs\u00fclt olvas\u00e1si id\u0151\" \/>\n\t<meta name=\"twitter:data2\" content=\"5 perc\" \/>\n<script type=\"application\/ld+json\" class=\"yoast-schema-graph\">{\"@context\":\"https:\\\/\\\/schema.org\",\"@graph\":[{\"@type\":\"Article\",\"@id\":\"https:\\\/\\\/stuttgarti-katolikusok.de\\\/index.php\\\/evkozi-17-vasarnap\\\/#article\",\"isPartOf\":{\"@id\":\"https:\\\/\\\/stuttgarti-katolikusok.de\\\/index.php\\\/evkozi-17-vasarnap\\\/\"},\"author\":{\"name\":\"Tibor atya\",\"@id\":\"https:\\\/\\\/stuttgarti-katolikusok.de\\\/#\\\/schema\\\/person\\\/75908d6f8fdc03a57889d27209df7795\"},\"headline\":\"\u00c9vk\u00f6zi 17. vas\u00e1rnap\",\"datePublished\":\"2023-07-30T09:56:28+00:00\",\"mainEntityOfPage\":{\"@id\":\"https:\\\/\\\/stuttgarti-katolikusok.de\\\/index.php\\\/evkozi-17-vasarnap\\\/\"},\"wordCount\":1295,\"image\":{\"@id\":\"https:\\\/\\\/stuttgarti-katolikusok.de\\\/index.php\\\/evkozi-17-vasarnap\\\/#primaryimage\"},\"thumbnailUrl\":\"https:\\\/\\\/stuttgarti-katolikusok.de\\\/wp-content\\\/uploads\\\/2023\\\/07\\\/ng1.jpg\",\"articleSection\":[\"A liturgia olvasm\u00e1nyai\",\"Vas\u00e1rnapi gondolatok\"],\"inLanguage\":\"hu\"},{\"@type\":\"WebPage\",\"@id\":\"https:\\\/\\\/stuttgarti-katolikusok.de\\\/index.php\\\/evkozi-17-vasarnap\\\/\",\"url\":\"https:\\\/\\\/stuttgarti-katolikusok.de\\\/index.php\\\/evkozi-17-vasarnap\\\/\",\"name\":\"\u00c9vk\u00f6zi 17. vas\u00e1rnap - Stuttgarti Katolikusok\",\"isPartOf\":{\"@id\":\"https:\\\/\\\/stuttgarti-katolikusok.de\\\/#website\"},\"primaryImageOfPage\":{\"@id\":\"https:\\\/\\\/stuttgarti-katolikusok.de\\\/index.php\\\/evkozi-17-vasarnap\\\/#primaryimage\"},\"image\":{\"@id\":\"https:\\\/\\\/stuttgarti-katolikusok.de\\\/index.php\\\/evkozi-17-vasarnap\\\/#primaryimage\"},\"thumbnailUrl\":\"https:\\\/\\\/stuttgarti-katolikusok.de\\\/wp-content\\\/uploads\\\/2023\\\/07\\\/ng1.jpg\",\"datePublished\":\"2023-07-30T09:56:28+00:00\",\"author\":{\"@id\":\"https:\\\/\\\/stuttgarti-katolikusok.de\\\/#\\\/schema\\\/person\\\/75908d6f8fdc03a57889d27209df7795\"},\"breadcrumb\":{\"@id\":\"https:\\\/\\\/stuttgarti-katolikusok.de\\\/index.php\\\/evkozi-17-vasarnap\\\/#breadcrumb\"},\"inLanguage\":\"hu\",\"potentialAction\":[{\"@type\":\"ReadAction\",\"target\":[\"https:\\\/\\\/stuttgarti-katolikusok.de\\\/index.php\\\/evkozi-17-vasarnap\\\/\"]}]},{\"@type\":\"ImageObject\",\"inLanguage\":\"hu\",\"@id\":\"https:\\\/\\\/stuttgarti-katolikusok.de\\\/index.php\\\/evkozi-17-vasarnap\\\/#primaryimage\",\"url\":\"https:\\\/\\\/stuttgarti-katolikusok.de\\\/wp-content\\\/uploads\\\/2023\\\/07\\\/ng1.jpg\",\"contentUrl\":\"https:\\\/\\\/stuttgarti-katolikusok.de\\\/wp-content\\\/uploads\\\/2023\\\/07\\\/ng1.jpg\",\"width\":2048,\"height\":1365},{\"@type\":\"BreadcrumbList\",\"@id\":\"https:\\\/\\\/stuttgarti-katolikusok.de\\\/index.php\\\/evkozi-17-vasarnap\\\/#breadcrumb\",\"itemListElement\":[{\"@type\":\"ListItem\",\"position\":1,\"name\":\"Kezd\u0151lap\",\"item\":\"https:\\\/\\\/stuttgarti-katolikusok.de\\\/\"},{\"@type\":\"ListItem\",\"position\":2,\"name\":\"\u00c9vk\u00f6zi 17. vas\u00e1rnap\"}]},{\"@type\":\"WebSite\",\"@id\":\"https:\\\/\\\/stuttgarti-katolikusok.de\\\/#website\",\"url\":\"https:\\\/\\\/stuttgarti-katolikusok.de\\\/\",\"name\":\"Stuttgarti Katolikusok\",\"description\":\"\",\"potentialAction\":[{\"@type\":\"SearchAction\",\"target\":{\"@type\":\"EntryPoint\",\"urlTemplate\":\"https:\\\/\\\/stuttgarti-katolikusok.de\\\/?s={search_term_string}\"},\"query-input\":{\"@type\":\"PropertyValueSpecification\",\"valueRequired\":true,\"valueName\":\"search_term_string\"}}],\"inLanguage\":\"hu\"},{\"@type\":\"Person\",\"@id\":\"https:\\\/\\\/stuttgarti-katolikusok.de\\\/#\\\/schema\\\/person\\\/75908d6f8fdc03a57889d27209df7795\",\"name\":\"Tibor atya\",\"image\":{\"@type\":\"ImageObject\",\"inLanguage\":\"hu\",\"@id\":\"https:\\\/\\\/secure.gravatar.com\\\/avatar\\\/61d268e57d1f4525b111222e29d2d5a7f8c420fdbf231ba5566a8ceac74fa960?s=96&d=mm&r=g\",\"url\":\"https:\\\/\\\/secure.gravatar.com\\\/avatar\\\/61d268e57d1f4525b111222e29d2d5a7f8c420fdbf231ba5566a8ceac74fa960?s=96&d=mm&r=g\",\"contentUrl\":\"https:\\\/\\\/secure.gravatar.com\\\/avatar\\\/61d268e57d1f4525b111222e29d2d5a7f8c420fdbf231ba5566a8ceac74fa960?s=96&d=mm&r=g\",\"caption\":\"Tibor atya\"},\"url\":\"https:\\\/\\\/stuttgarti-katolikusok.de\\\/index.php\\\/author\\\/tibor-atya\\\/\"}]}<\/script>\n<!-- \/ Yoast SEO plugin. -->","yoast_head_json":{"title":"\u00c9vk\u00f6zi 17. vas\u00e1rnap - Stuttgarti Katolikusok","robots":{"index":"index","follow":"follow","max-snippet":"max-snippet:-1","max-image-preview":"max-image-preview:large","max-video-preview":"max-video-preview:-1"},"canonical":"https:\/\/stuttgarti-katolikusok.de\/index.php\/evkozi-17-vasarnap\/","og_locale":"hu_HU","og_type":"article","og_title":"\u00c9vk\u00f6zi 17. vas\u00e1rnap - Stuttgarti Katolikusok","og_description":"Kezd\u0151\u00e9nek: Szent hajl\u00e9k\u00e1ban lakik az Isten; az egyet\u00e9rt\u0151ket h\u00e1z\u00e1ba fogadja, \u0151 ad n\u00e9p\u00e9nek hatalmat \u00e9s er\u0151t. (Zsolt 67,6-7.36) K\u00f6ny\u00f6rg\u00e9s: Isten\u00fcnk, benned b\u00edz\u00f3k oltalmaz\u00f3ja, aki n\u00e9lk\u00fcl semmi sem szent, semmi sem \u00e1lland\u00f3: \u00e1raszd r\u00e1nk b\u0151s\u00e9ges irgalmadat, hogy ir\u00e1ny\u00edt\u00e1soddal \u00fagy haszn\u00e1ljuk a muland\u00f3 javakat, hogy sz\u00edv\u00fcnk m\u00e1r most a maradand\u00f3khoz ragaszkodj\u00e9k. A mi Urunk, J\u00e9zus Krisztus, a te Fiad \u00e1ltal, aki veled \u00e9l \u00e9s uralkodik a Szentl\u00e9lekkel egys\u00e9gben, Isten mind\u00f6r\u00f6kk\u00f6n \u00f6r\u00f6kk\u00e9. OLVASM\u00c1NY a Kir\u00e1lyok els\u0151 k\u00f6nyv\u00e9b\u0151l (1Kir 3.5.7-12) Tr\u00f3nra l\u00e9ptekor Salamon b\u00f6lcsess\u00e9g\u00e9rt k\u00f6ny\u00f6r\u00f6g. Gibeonban megjelent az \u00dar Salamonnak, \u00e9jszaka, \u00e1lm\u00e1ban. \u00cdgy sz\u00f3lt Isten: \u201eB\u00e1rmit k\u00e9rsz, megadom neked!\u201d Salamon ezt mondta: \u201eUram \u00e9s Istenem, kir\u00e1lly\u00e1 tetted szolg\u00e1dat aty\u00e1m, D\u00e1vid helyett. Deh\u00e1t fiatal ember vagyok, nem tudom, mik\u00e9nt kell uralkodni. Szolg\u00e1d a te kiv\u00e1lasztott n\u00e9ped \u00e9l\u00e9n \u00e1ll, egy nagy n\u00e9p \u00e9l\u00e9n, amelynek se szeri, se sz\u00e1ma. Adj h\u00e1t szolg\u00e1dnak \u00e9ber sz\u00edvet, hogy meg tudja k\u00fcl\u00f6nb\u00f6ztetni a j\u00f3t meg a rosszat. Mert hisz ki tudn\u00e1 m\u00e1sk\u00e9pp korm\u00e1nyozni ezt a te nagysz\u00e1m\u00fa n\u00e9pedet?\u201d Tetszett az \u00darnak, hogy Salamon ilyen k\u00e9r\u00e9ssel fordult hozz\u00e1. Ez\u00e9rt Isten ezt mondta neki: \u201eMivel \u00e9pp ezzel a k\u00e9r\u00e9ssel fordult\u00e1l hozz\u00e1m, \u00e9s nem hossz\u00fa \u00e9letet vagy gazdags\u00e1got k\u00e9rt\u00e9l magadnak, nem is ellens\u00e9ged \u00e9let\u00e9t k\u00e9rted, hanem b\u00f6lcsess\u00e9g\u00e9rt k\u00f6ny\u00f6r\u00f6gt\u00e9l, hogy igazs\u00e1got szolg\u00e1ltathass, \u00edme, megadom neked, amit k\u00e9rt\u00e9l. Olyan b\u00f6lcs \u00e9s \u00e9rt\u0151 sz\u00edvet adok neked, amilyen nem volt el\u0151tted, s nem lesz ut\u00e1nad sem.\u201d Ez az Isten ig\u00e9je. V\u00c1LASZOS ZSOLT\u00c1R (Zsolt 118,57.72.76-77.127-128.129-130) V\u00e1lasz:\u00a0T\u00f6rv\u00e9nyedet sz\u00edvb\u0151l szeretem, * \u00e9n Uram, Istenem.\u00a04. t\u00f3nus. El\u0151\u00e9nekes: Hittel vallom: \u2020 Az az \u00e9n oszt\u00e1lyr\u00e9szem, Uram, * hogy ig\u00e9idet megtartsam. Dr\u00e1g\u00e1bb nekem ajkad t\u00f6rv\u00e9nye * sok ezer aranyn\u00e1l, ez\u00fcstn\u00e9l. H\u00edvek: T\u00f6rv\u00e9nyedet sz\u00edvb\u0151l szeretem, * \u00e9n Uram, Istenem. E: Vigasztal\u00e1somra legyen irgalmad, * amint szolg\u00e1dnak meg\u00edg\u00e9rted. Irgalmass\u00e1god \u00e9ltessen engem, * mivel t\u00f6rv\u00e9nyed az \u00e9n gy\u00f6ny\u00f6r\u0171s\u00e9gem. H: T\u00f6rv\u00e9nyedet sz\u00edvb\u0151l szeretem, * \u00e9n Uram, Istenem. E: Parancsaidat t\u00f6bbre tartom az aranyn\u00e1l, * kedvesebb nekem, mint a... R\u00e9szletek","og_url":"https:\/\/stuttgarti-katolikusok.de\/index.php\/evkozi-17-vasarnap\/","og_site_name":"Stuttgarti Katolikusok","article_published_time":"2023-07-30T09:56:28+00:00","og_image":[{"width":2048,"height":1365,"url":"https:\/\/stuttgarti-katolikusok.de\/wp-content\/uploads\/2023\/07\/ng1.jpg","type":"image\/jpeg"}],"author":"Tibor atya","twitter_card":"summary_large_image","twitter_misc":{"Szerz\u0151:":"Tibor atya","Becs\u00fclt olvas\u00e1si id\u0151":"5 perc"},"schema":{"@context":"https:\/\/schema.org","@graph":[{"@type":"Article","@id":"https:\/\/stuttgarti-katolikusok.de\/index.php\/evkozi-17-vasarnap\/#article","isPartOf":{"@id":"https:\/\/stuttgarti-katolikusok.de\/index.php\/evkozi-17-vasarnap\/"},"author":{"name":"Tibor atya","@id":"https:\/\/stuttgarti-katolikusok.de\/#\/schema\/person\/75908d6f8fdc03a57889d27209df7795"},"headline":"\u00c9vk\u00f6zi 17. vas\u00e1rnap","datePublished":"2023-07-30T09:56:28+00:00","mainEntityOfPage":{"@id":"https:\/\/stuttgarti-katolikusok.de\/index.php\/evkozi-17-vasarnap\/"},"wordCount":1295,"image":{"@id":"https:\/\/stuttgarti-katolikusok.de\/index.php\/evkozi-17-vasarnap\/#primaryimage"},"thumbnailUrl":"https:\/\/stuttgarti-katolikusok.de\/wp-content\/uploads\/2023\/07\/ng1.jpg","articleSection":["A liturgia olvasm\u00e1nyai","Vas\u00e1rnapi gondolatok"],"inLanguage":"hu"},{"@type":"WebPage","@id":"https:\/\/stuttgarti-katolikusok.de\/index.php\/evkozi-17-vasarnap\/","url":"https:\/\/stuttgarti-katolikusok.de\/index.php\/evkozi-17-vasarnap\/","name":"\u00c9vk\u00f6zi 17. vas\u00e1rnap - Stuttgarti Katolikusok","isPartOf":{"@id":"https:\/\/stuttgarti-katolikusok.de\/#website"},"primaryImageOfPage":{"@id":"https:\/\/stuttgarti-katolikusok.de\/index.php\/evkozi-17-vasarnap\/#primaryimage"},"image":{"@id":"https:\/\/stuttgarti-katolikusok.de\/index.php\/evkozi-17-vasarnap\/#primaryimage"},"thumbnailUrl":"https:\/\/stuttgarti-katolikusok.de\/wp-content\/uploads\/2023\/07\/ng1.jpg","datePublished":"2023-07-30T09:56:28+00:00","author":{"@id":"https:\/\/stuttgarti-katolikusok.de\/#\/schema\/person\/75908d6f8fdc03a57889d27209df7795"},"breadcrumb":{"@id":"https:\/\/stuttgarti-katolikusok.de\/index.php\/evkozi-17-vasarnap\/#breadcrumb"},"inLanguage":"hu","potentialAction":[{"@type":"ReadAction","target":["https:\/\/stuttgarti-katolikusok.de\/index.php\/evkozi-17-vasarnap\/"]}]},{"@type":"ImageObject","inLanguage":"hu","@id":"https:\/\/stuttgarti-katolikusok.de\/index.php\/evkozi-17-vasarnap\/#primaryimage","url":"https:\/\/stuttgarti-katolikusok.de\/wp-content\/uploads\/2023\/07\/ng1.jpg","contentUrl":"https:\/\/stuttgarti-katolikusok.de\/wp-content\/uploads\/2023\/07\/ng1.jpg","width":2048,"height":1365},{"@type":"BreadcrumbList","@id":"https:\/\/stuttgarti-katolikusok.de\/index.php\/evkozi-17-vasarnap\/#breadcrumb","itemListElement":[{"@type":"ListItem","position":1,"name":"Kezd\u0151lap","item":"https:\/\/stuttgarti-katolikusok.de\/"},{"@type":"ListItem","position":2,"name":"\u00c9vk\u00f6zi 17. vas\u00e1rnap"}]},{"@type":"WebSite","@id":"https:\/\/stuttgarti-katolikusok.de\/#website","url":"https:\/\/stuttgarti-katolikusok.de\/","name":"Stuttgarti Katolikusok","description":"","potentialAction":[{"@type":"SearchAction","target":{"@type":"EntryPoint","urlTemplate":"https:\/\/stuttgarti-katolikusok.de\/?s={search_term_string}"},"query-input":{"@type":"PropertyValueSpecification","valueRequired":true,"valueName":"search_term_string"}}],"inLanguage":"hu"},{"@type":"Person","@id":"https:\/\/stuttgarti-katolikusok.de\/#\/schema\/person\/75908d6f8fdc03a57889d27209df7795","name":"Tibor atya","image":{"@type":"ImageObject","inLanguage":"hu","@id":"https:\/\/secure.gravatar.com\/avatar\/61d268e57d1f4525b111222e29d2d5a7f8c420fdbf231ba5566a8ceac74fa960?s=96&d=mm&r=g","url":"https:\/\/secure.gravatar.com\/avatar\/61d268e57d1f4525b111222e29d2d5a7f8c420fdbf231ba5566a8ceac74fa960?s=96&d=mm&r=g","contentUrl":"https:\/\/secure.gravatar.com\/avatar\/61d268e57d1f4525b111222e29d2d5a7f8c420fdbf231ba5566a8ceac74fa960?s=96&d=mm&r=g","caption":"Tibor atya"},"url":"https:\/\/stuttgarti-katolikusok.de\/index.php\/author\/tibor-atya\/"}]}},"_links":{"self":[{"href":"https:\/\/stuttgarti-katolikusok.de\/index.php\/wp-json\/wp\/v2\/posts\/27098","targetHints":{"allow":["GET"]}}],"collection":[{"href":"https:\/\/stuttgarti-katolikusok.de\/index.php\/wp-json\/wp\/v2\/posts"}],"about":[{"href":"https:\/\/stuttgarti-katolikusok.de\/index.php\/wp-json\/wp\/v2\/types\/post"}],"author":[{"embeddable":true,"href":"https:\/\/stuttgarti-katolikusok.de\/index.php\/wp-json\/wp\/v2\/users\/3"}],"replies":[{"embeddable":true,"href":"https:\/\/stuttgarti-katolikusok.de\/index.php\/wp-json\/wp\/v2\/comments?post=27098"}],"version-history":[{"count":1,"href":"https:\/\/stuttgarti-katolikusok.de\/index.php\/wp-json\/wp\/v2\/posts\/27098\/revisions"}],"predecessor-version":[{"id":27100,"href":"https:\/\/stuttgarti-katolikusok.de\/index.php\/wp-json\/wp\/v2\/posts\/27098\/revisions\/27100"}],"wp:featuredmedia":[{"embeddable":true,"href":"https:\/\/stuttgarti-katolikusok.de\/index.php\/wp-json\/wp\/v2\/media\/27099"}],"wp:attachment":[{"href":"https:\/\/stuttgarti-katolikusok.de\/index.php\/wp-json\/wp\/v2\/media?parent=27098"}],"wp:term":[{"taxonomy":"category","embeddable":true,"href":"https:\/\/stuttgarti-katolikusok.de\/index.php\/wp-json\/wp\/v2\/categories?post=27098"},{"taxonomy":"post_tag","embeddable":true,"href":"https:\/\/stuttgarti-katolikusok.de\/index.php\/wp-json\/wp\/v2\/tags?post=27098"}],"curies":[{"name":"wp","href":"https:\/\/api.w.org\/{rel}","templated":true}]}}