{"id":27095,"date":"2023-07-27T12:50:56","date_gmt":"2023-07-27T10:50:56","guid":{"rendered":"https:\/\/stuttgarti-katolikusok.de\/?p=27095"},"modified":"2023-07-27T12:50:56","modified_gmt":"2023-07-27T10:50:56","slug":"in-memoriam-dr-cserhati-ferenc-puspok","status":"publish","type":"post","link":"https:\/\/stuttgarti-katolikusok.de\/index.php\/in-memoriam-dr-cserhati-ferenc-puspok\/","title":{"rendered":"In memoriam Dr. Cserh\u00e1ti Ferenc p\u00fcsp\u00f6k"},"content":{"rendered":"<p>2022. m\u00e1jus 13 \u00e9s 15 k\u00f6z\u00f6tt a Szent Gell\u00e9rt Stuttgarti Magyar Katolikus Egyh\u00e1zk\u00f6zs\u00e9g\u00fcnk alap\u00edt\u00e1s\u00e1nak 75. \u00e9vfordul\u00f3j\u00e1t \u00fcnnepelte.<\/p>\n<p>Ez alkalomb\u00f3l Cserh\u00e1ti Ferenc p\u00fcsp\u00f6k atya l\u00e1togatott el hozz\u00e1nk. Vas\u00e1rnap, azaz m\u00e1jus 15-\u00e9n p\u00fcsp\u00f6k atya celebr\u00e1lta az \u00fcnnepi szentmis\u00e9t.<\/p>\n<p>Ez a r\u00f6vid \u00f6ssze\u00e1ll\u00edt\u00e1s a szentmise bevezet\u0151j\u00e9b\u0151l \u00e9s az elm\u00e9lked\u00e9sb\u0151l kiragadott n\u00e9h\u00e1ny pillanat.<\/p>\n<p>Legyen egyfajta h\u00e1la \u00e9s k\u00f6sz\u00f6net azon szolg\u00e1lat\u00e1\u00e9rt, amelyet a k\u00fclf\u00f6ld\u00f6n \u00e9l\u0151 magyar katolikus testv\u00e9rek\u00e9rt v\u00e9gzett \u00e9vtizedeken kereszt\u00fcl.<br \/>\n<em>Tibor atya<\/em><\/p>\n<div class=\"brlbs-cmpnt-container brlbs-cmpnt-content-blocker brlbs-cmpnt-with-individual-styles\" data-borlabs-cookie-content-blocker-id=\"youtube-content-blocker\" data-borlabs-cookie-content=\"PGlmcmFtZSB0aXRsZT0iSW4gbWVtb3JpYW0gRHIuIENzZXJow6F0aSBGZXJlbmMgcMO8c3DDtmsiIHdpZHRoPSI5NDAiIGhlaWdodD0iNTI5IiBzcmM9Imh0dHBzOi8vd3d3LnlvdXR1YmUtbm9jb29raWUuY29tL2VtYmVkL3ZKSXU4RHZycDZjP2ZlYXR1cmU9b2VtYmVkIiBmcmFtZWJvcmRlcj0iMCIgYWxsb3c9ImFjY2VsZXJvbWV0ZXI7IGF1dG9wbGF5OyBjbGlwYm9hcmQtd3JpdGU7IGVuY3J5cHRlZC1tZWRpYTsgZ3lyb3Njb3BlOyBwaWN0dXJlLWluLXBpY3R1cmU7IHdlYi1zaGFyZSIgYWxsb3dmdWxsc2NyZWVuPjwvaWZyYW1lPg==\">\n<div class=\"brlbs-cmpnt-cb-preset-c brlbs-cmpnt-cb-youtube\">\n<div class=\"brlbs-cmpnt-cb-thumbnail\" style=\"background-image: url('https:\/\/stuttgarti-katolikusok.de\/wp-content\/uploads\/borlabs-cookie\/1\/yt_vJIu8Dvrp6c_hqdefault.jpg')\"><\/div>\n<div class=\"brlbs-cmpnt-cb-main\">\n<div class=\"brlbs-cmpnt-cb-play-button\"><\/div>\n<div class=\"brlbs-cmpnt-cb-content\">\n<p class=\"brlbs-cmpnt-cb-description\">You are currently viewing a placeholder content from <strong>YouTube<\/strong>. To access the actual content, click the button below. Please note that doing so will share data with third-party providers.<\/p>\n<p> <a class=\"brlbs-cmpnt-cb-provider-toggle\" href=\"#\" data-borlabs-cookie-show-provider-information role=\"button\">More Information<\/a> <\/div>\n<div class=\"brlbs-cmpnt-cb-buttons\"> <a class=\"brlbs-cmpnt-cb-btn\" href=\"#\" data-borlabs-cookie-unblock role=\"button\">Unblock content<\/a> <a class=\"brlbs-cmpnt-cb-btn\" href=\"#\" data-borlabs-cookie-accept-service role=\"button\" style=\"display: inherit\">Accept required service and unblock content<\/a> <\/div><\/div><\/div>\n<\/div>\n","protected":false},"excerpt":{"rendered":"<p>2022. m\u00e1jus 13 \u00e9s 15 k\u00f6z\u00f6tt a Szent Gell\u00e9rt Stuttgarti Magyar Katolikus Egyh\u00e1zk\u00f6zs\u00e9g\u00fcnk alap\u00edt\u00e1s\u00e1nak 75. \u00e9vfordul\u00f3j\u00e1t \u00fcnnepelte. Ez alkalomb\u00f3l Cserh\u00e1ti Ferenc p\u00fcsp\u00f6k atya l\u00e1togatott el hozz\u00e1nk. Vas\u00e1rnap, azaz m\u00e1jus 15-\u00e9n p\u00fcsp\u00f6k atya celebr\u00e1lta az \u00fcnnepi szentmis\u00e9t. Ez a r\u00f6vid \u00f6ssze\u00e1ll\u00edt\u00e1s a szentmise bevezet\u0151j\u00e9b\u0151l \u00e9s az elm\u00e9lked\u00e9sb\u0151l kiragadott n\u00e9h\u00e1ny pillanat. Legyen egyfajta h\u00e1la \u00e9s k\u00f6sz\u00f6net azon szolg\u00e1lat\u00e1\u00e9rt, amelyet a k\u00fclf\u00f6ld\u00f6n \u00e9l\u0151 magyar katolikus testv\u00e9rek\u00e9rt v\u00e9gzett \u00e9vtizedeken kereszt\u00fcl. Tibor atya You are currently viewing a placeholder content from YouTube. To access the actual content, click the button below. Please note that doing so will share data with third-party providers. More Information Unblock content Accept required service and unblock content<\/p>\n","protected":false},"author":3,"featured_media":27096,"comment_status":"closed","ping_status":"closed","sticky":false,"template":"","format":"standard","meta":{"footnotes":""},"categories":[5],"tags":[],"class_list":["post-27095","post","type-post","status-publish","format-standard","has-post-thumbnail","hentry","category-hirek"],"yoast_head":"<!-- This site is optimized with the Yoast SEO plugin v27.3 - https:\/\/yoast.com\/product\/yoast-seo-wordpress\/ -->\n<title>In memoriam Dr. Cserh\u00e1ti Ferenc p\u00fcsp\u00f6k - Stuttgarti Katolikusok<\/title>\n<meta name=\"robots\" content=\"index, follow, max-snippet:-1, max-image-preview:large, max-video-preview:-1\" \/>\n<link rel=\"canonical\" href=\"https:\/\/stuttgarti-katolikusok.de\/index.php\/in-memoriam-dr-cserhati-ferenc-puspok\/\" \/>\n<meta property=\"og:locale\" content=\"hu_HU\" \/>\n<meta property=\"og:type\" content=\"article\" \/>\n<meta property=\"og:title\" content=\"In memoriam Dr. Cserh\u00e1ti Ferenc p\u00fcsp\u00f6k - Stuttgarti Katolikusok\" \/>\n<meta property=\"og:description\" content=\"2022. m\u00e1jus 13 \u00e9s 15 k\u00f6z\u00f6tt a Szent Gell\u00e9rt Stuttgarti Magyar Katolikus Egyh\u00e1zk\u00f6zs\u00e9g\u00fcnk alap\u00edt\u00e1s\u00e1nak 75. \u00e9vfordul\u00f3j\u00e1t \u00fcnnepelte. Ez alkalomb\u00f3l Cserh\u00e1ti Ferenc p\u00fcsp\u00f6k atya l\u00e1togatott el hozz\u00e1nk. Vas\u00e1rnap, azaz m\u00e1jus 15-\u00e9n p\u00fcsp\u00f6k atya celebr\u00e1lta az \u00fcnnepi szentmis\u00e9t. Ez a r\u00f6vid \u00f6ssze\u00e1ll\u00edt\u00e1s a szentmise bevezet\u0151j\u00e9b\u0151l \u00e9s az elm\u00e9lked\u00e9sb\u0151l kiragadott n\u00e9h\u00e1ny pillanat. Legyen egyfajta h\u00e1la \u00e9s k\u00f6sz\u00f6net azon szolg\u00e1lat\u00e1\u00e9rt, amelyet a k\u00fclf\u00f6ld\u00f6n \u00e9l\u0151 magyar katolikus testv\u00e9rek\u00e9rt v\u00e9gzett \u00e9vtizedeken kereszt\u00fcl. Tibor atya You are currently viewing a placeholder content from YouTube. To access the actual content, click the button below. Please note that doing so will share data with third-party providers. More Information Unblock content Accept required service and unblock content\" \/>\n<meta property=\"og:url\" content=\"https:\/\/stuttgarti-katolikusok.de\/index.php\/in-memoriam-dr-cserhati-ferenc-puspok\/\" \/>\n<meta property=\"og:site_name\" content=\"Stuttgarti Katolikusok\" \/>\n<meta property=\"article:published_time\" content=\"2023-07-27T10:50:56+00:00\" \/>\n<meta property=\"og:image\" content=\"https:\/\/stuttgarti-katolikusok.de\/wp-content\/uploads\/2023\/07\/cserhati-ferenc-psk.jpg\" \/>\n\t<meta property=\"og:image:width\" content=\"1600\" \/>\n\t<meta property=\"og:image:height\" content=\"900\" \/>\n\t<meta property=\"og:image:type\" content=\"image\/jpeg\" \/>\n<meta name=\"author\" content=\"Tibor atya\" \/>\n<meta name=\"twitter:card\" content=\"summary_large_image\" \/>\n<meta name=\"twitter:label1\" content=\"Szerz\u0151:\" \/>\n\t<meta name=\"twitter:data1\" content=\"Tibor atya\" \/>\n\t<meta name=\"twitter:label2\" content=\"Becs\u00fclt olvas\u00e1si id\u0151\" \/>\n\t<meta name=\"twitter:data2\" content=\"1 perc\" \/>\n<script type=\"application\/ld+json\" class=\"yoast-schema-graph\">{\"@context\":\"https:\\\/\\\/schema.org\",\"@graph\":[{\"@type\":\"Article\",\"@id\":\"https:\\\/\\\/stuttgarti-katolikusok.de\\\/index.php\\\/in-memoriam-dr-cserhati-ferenc-puspok\\\/#article\",\"isPartOf\":{\"@id\":\"https:\\\/\\\/stuttgarti-katolikusok.de\\\/index.php\\\/in-memoriam-dr-cserhati-ferenc-puspok\\\/\"},\"author\":{\"name\":\"Tibor atya\",\"@id\":\"https:\\\/\\\/stuttgarti-katolikusok.de\\\/#\\\/schema\\\/person\\\/75908d6f8fdc03a57889d27209df7795\"},\"headline\":\"In memoriam Dr. Cserh\u00e1ti Ferenc p\u00fcsp\u00f6k\",\"datePublished\":\"2023-07-27T10:50:56+00:00\",\"mainEntityOfPage\":{\"@id\":\"https:\\\/\\\/stuttgarti-katolikusok.de\\\/index.php\\\/in-memoriam-dr-cserhati-ferenc-puspok\\\/\"},\"wordCount\":129,\"image\":{\"@id\":\"https:\\\/\\\/stuttgarti-katolikusok.de\\\/index.php\\\/in-memoriam-dr-cserhati-ferenc-puspok\\\/#primaryimage\"},\"thumbnailUrl\":\"https:\\\/\\\/stuttgarti-katolikusok.de\\\/wp-content\\\/uploads\\\/2023\\\/07\\\/cserhati-ferenc-psk.jpg\",\"articleSection\":[\"H\u00edrek\"],\"inLanguage\":\"hu\"},{\"@type\":\"WebPage\",\"@id\":\"https:\\\/\\\/stuttgarti-katolikusok.de\\\/index.php\\\/in-memoriam-dr-cserhati-ferenc-puspok\\\/\",\"url\":\"https:\\\/\\\/stuttgarti-katolikusok.de\\\/index.php\\\/in-memoriam-dr-cserhati-ferenc-puspok\\\/\",\"name\":\"In memoriam Dr. Cserh\u00e1ti Ferenc p\u00fcsp\u00f6k - Stuttgarti Katolikusok\",\"isPartOf\":{\"@id\":\"https:\\\/\\\/stuttgarti-katolikusok.de\\\/#website\"},\"primaryImageOfPage\":{\"@id\":\"https:\\\/\\\/stuttgarti-katolikusok.de\\\/index.php\\\/in-memoriam-dr-cserhati-ferenc-puspok\\\/#primaryimage\"},\"image\":{\"@id\":\"https:\\\/\\\/stuttgarti-katolikusok.de\\\/index.php\\\/in-memoriam-dr-cserhati-ferenc-puspok\\\/#primaryimage\"},\"thumbnailUrl\":\"https:\\\/\\\/stuttgarti-katolikusok.de\\\/wp-content\\\/uploads\\\/2023\\\/07\\\/cserhati-ferenc-psk.jpg\",\"datePublished\":\"2023-07-27T10:50:56+00:00\",\"author\":{\"@id\":\"https:\\\/\\\/stuttgarti-katolikusok.de\\\/#\\\/schema\\\/person\\\/75908d6f8fdc03a57889d27209df7795\"},\"breadcrumb\":{\"@id\":\"https:\\\/\\\/stuttgarti-katolikusok.de\\\/index.php\\\/in-memoriam-dr-cserhati-ferenc-puspok\\\/#breadcrumb\"},\"inLanguage\":\"hu\",\"potentialAction\":[{\"@type\":\"ReadAction\",\"target\":[\"https:\\\/\\\/stuttgarti-katolikusok.de\\\/index.php\\\/in-memoriam-dr-cserhati-ferenc-puspok\\\/\"]}]},{\"@type\":\"ImageObject\",\"inLanguage\":\"hu\",\"@id\":\"https:\\\/\\\/stuttgarti-katolikusok.de\\\/index.php\\\/in-memoriam-dr-cserhati-ferenc-puspok\\\/#primaryimage\",\"url\":\"https:\\\/\\\/stuttgarti-katolikusok.de\\\/wp-content\\\/uploads\\\/2023\\\/07\\\/cserhati-ferenc-psk.jpg\",\"contentUrl\":\"https:\\\/\\\/stuttgarti-katolikusok.de\\\/wp-content\\\/uploads\\\/2023\\\/07\\\/cserhati-ferenc-psk.jpg\",\"width\":1600,\"height\":900},{\"@type\":\"BreadcrumbList\",\"@id\":\"https:\\\/\\\/stuttgarti-katolikusok.de\\\/index.php\\\/in-memoriam-dr-cserhati-ferenc-puspok\\\/#breadcrumb\",\"itemListElement\":[{\"@type\":\"ListItem\",\"position\":1,\"name\":\"Kezd\u0151lap\",\"item\":\"https:\\\/\\\/stuttgarti-katolikusok.de\\\/\"},{\"@type\":\"ListItem\",\"position\":2,\"name\":\"In memoriam Dr. Cserh\u00e1ti Ferenc p\u00fcsp\u00f6k\"}]},{\"@type\":\"WebSite\",\"@id\":\"https:\\\/\\\/stuttgarti-katolikusok.de\\\/#website\",\"url\":\"https:\\\/\\\/stuttgarti-katolikusok.de\\\/\",\"name\":\"Stuttgarti Katolikusok\",\"description\":\"\",\"potentialAction\":[{\"@type\":\"SearchAction\",\"target\":{\"@type\":\"EntryPoint\",\"urlTemplate\":\"https:\\\/\\\/stuttgarti-katolikusok.de\\\/?s={search_term_string}\"},\"query-input\":{\"@type\":\"PropertyValueSpecification\",\"valueRequired\":true,\"valueName\":\"search_term_string\"}}],\"inLanguage\":\"hu\"},{\"@type\":\"Person\",\"@id\":\"https:\\\/\\\/stuttgarti-katolikusok.de\\\/#\\\/schema\\\/person\\\/75908d6f8fdc03a57889d27209df7795\",\"name\":\"Tibor atya\",\"image\":{\"@type\":\"ImageObject\",\"inLanguage\":\"hu\",\"@id\":\"https:\\\/\\\/secure.gravatar.com\\\/avatar\\\/61d268e57d1f4525b111222e29d2d5a7f8c420fdbf231ba5566a8ceac74fa960?s=96&d=mm&r=g\",\"url\":\"https:\\\/\\\/secure.gravatar.com\\\/avatar\\\/61d268e57d1f4525b111222e29d2d5a7f8c420fdbf231ba5566a8ceac74fa960?s=96&d=mm&r=g\",\"contentUrl\":\"https:\\\/\\\/secure.gravatar.com\\\/avatar\\\/61d268e57d1f4525b111222e29d2d5a7f8c420fdbf231ba5566a8ceac74fa960?s=96&d=mm&r=g\",\"caption\":\"Tibor atya\"},\"url\":\"https:\\\/\\\/stuttgarti-katolikusok.de\\\/index.php\\\/author\\\/tibor-atya\\\/\"}]}<\/script>\n<!-- \/ Yoast SEO plugin. -->","yoast_head_json":{"title":"In memoriam Dr. Cserh\u00e1ti Ferenc p\u00fcsp\u00f6k - Stuttgarti Katolikusok","robots":{"index":"index","follow":"follow","max-snippet":"max-snippet:-1","max-image-preview":"max-image-preview:large","max-video-preview":"max-video-preview:-1"},"canonical":"https:\/\/stuttgarti-katolikusok.de\/index.php\/in-memoriam-dr-cserhati-ferenc-puspok\/","og_locale":"hu_HU","og_type":"article","og_title":"In memoriam Dr. Cserh\u00e1ti Ferenc p\u00fcsp\u00f6k - Stuttgarti Katolikusok","og_description":"2022. m\u00e1jus 13 \u00e9s 15 k\u00f6z\u00f6tt a Szent Gell\u00e9rt Stuttgarti Magyar Katolikus Egyh\u00e1zk\u00f6zs\u00e9g\u00fcnk alap\u00edt\u00e1s\u00e1nak 75. \u00e9vfordul\u00f3j\u00e1t \u00fcnnepelte. Ez alkalomb\u00f3l Cserh\u00e1ti Ferenc p\u00fcsp\u00f6k atya l\u00e1togatott el hozz\u00e1nk. Vas\u00e1rnap, azaz m\u00e1jus 15-\u00e9n p\u00fcsp\u00f6k atya celebr\u00e1lta az \u00fcnnepi szentmis\u00e9t. Ez a r\u00f6vid \u00f6ssze\u00e1ll\u00edt\u00e1s a szentmise bevezet\u0151j\u00e9b\u0151l \u00e9s az elm\u00e9lked\u00e9sb\u0151l kiragadott n\u00e9h\u00e1ny pillanat. Legyen egyfajta h\u00e1la \u00e9s k\u00f6sz\u00f6net azon szolg\u00e1lat\u00e1\u00e9rt, amelyet a k\u00fclf\u00f6ld\u00f6n \u00e9l\u0151 magyar katolikus testv\u00e9rek\u00e9rt v\u00e9gzett \u00e9vtizedeken kereszt\u00fcl. Tibor atya You are currently viewing a placeholder content from YouTube. To access the actual content, click the button below. Please note that doing so will share data with third-party providers. More Information Unblock content Accept required service and unblock content","og_url":"https:\/\/stuttgarti-katolikusok.de\/index.php\/in-memoriam-dr-cserhati-ferenc-puspok\/","og_site_name":"Stuttgarti Katolikusok","article_published_time":"2023-07-27T10:50:56+00:00","og_image":[{"width":1600,"height":900,"url":"https:\/\/stuttgarti-katolikusok.de\/wp-content\/uploads\/2023\/07\/cserhati-ferenc-psk.jpg","type":"image\/jpeg"}],"author":"Tibor atya","twitter_card":"summary_large_image","twitter_misc":{"Szerz\u0151:":"Tibor atya","Becs\u00fclt olvas\u00e1si id\u0151":"1 perc"},"schema":{"@context":"https:\/\/schema.org","@graph":[{"@type":"Article","@id":"https:\/\/stuttgarti-katolikusok.de\/index.php\/in-memoriam-dr-cserhati-ferenc-puspok\/#article","isPartOf":{"@id":"https:\/\/stuttgarti-katolikusok.de\/index.php\/in-memoriam-dr-cserhati-ferenc-puspok\/"},"author":{"name":"Tibor atya","@id":"https:\/\/stuttgarti-katolikusok.de\/#\/schema\/person\/75908d6f8fdc03a57889d27209df7795"},"headline":"In memoriam Dr. Cserh\u00e1ti Ferenc p\u00fcsp\u00f6k","datePublished":"2023-07-27T10:50:56+00:00","mainEntityOfPage":{"@id":"https:\/\/stuttgarti-katolikusok.de\/index.php\/in-memoriam-dr-cserhati-ferenc-puspok\/"},"wordCount":129,"image":{"@id":"https:\/\/stuttgarti-katolikusok.de\/index.php\/in-memoriam-dr-cserhati-ferenc-puspok\/#primaryimage"},"thumbnailUrl":"https:\/\/stuttgarti-katolikusok.de\/wp-content\/uploads\/2023\/07\/cserhati-ferenc-psk.jpg","articleSection":["H\u00edrek"],"inLanguage":"hu"},{"@type":"WebPage","@id":"https:\/\/stuttgarti-katolikusok.de\/index.php\/in-memoriam-dr-cserhati-ferenc-puspok\/","url":"https:\/\/stuttgarti-katolikusok.de\/index.php\/in-memoriam-dr-cserhati-ferenc-puspok\/","name":"In memoriam Dr. Cserh\u00e1ti Ferenc p\u00fcsp\u00f6k - Stuttgarti Katolikusok","isPartOf":{"@id":"https:\/\/stuttgarti-katolikusok.de\/#website"},"primaryImageOfPage":{"@id":"https:\/\/stuttgarti-katolikusok.de\/index.php\/in-memoriam-dr-cserhati-ferenc-puspok\/#primaryimage"},"image":{"@id":"https:\/\/stuttgarti-katolikusok.de\/index.php\/in-memoriam-dr-cserhati-ferenc-puspok\/#primaryimage"},"thumbnailUrl":"https:\/\/stuttgarti-katolikusok.de\/wp-content\/uploads\/2023\/07\/cserhati-ferenc-psk.jpg","datePublished":"2023-07-27T10:50:56+00:00","author":{"@id":"https:\/\/stuttgarti-katolikusok.de\/#\/schema\/person\/75908d6f8fdc03a57889d27209df7795"},"breadcrumb":{"@id":"https:\/\/stuttgarti-katolikusok.de\/index.php\/in-memoriam-dr-cserhati-ferenc-puspok\/#breadcrumb"},"inLanguage":"hu","potentialAction":[{"@type":"ReadAction","target":["https:\/\/stuttgarti-katolikusok.de\/index.php\/in-memoriam-dr-cserhati-ferenc-puspok\/"]}]},{"@type":"ImageObject","inLanguage":"hu","@id":"https:\/\/stuttgarti-katolikusok.de\/index.php\/in-memoriam-dr-cserhati-ferenc-puspok\/#primaryimage","url":"https:\/\/stuttgarti-katolikusok.de\/wp-content\/uploads\/2023\/07\/cserhati-ferenc-psk.jpg","contentUrl":"https:\/\/stuttgarti-katolikusok.de\/wp-content\/uploads\/2023\/07\/cserhati-ferenc-psk.jpg","width":1600,"height":900},{"@type":"BreadcrumbList","@id":"https:\/\/stuttgarti-katolikusok.de\/index.php\/in-memoriam-dr-cserhati-ferenc-puspok\/#breadcrumb","itemListElement":[{"@type":"ListItem","position":1,"name":"Kezd\u0151lap","item":"https:\/\/stuttgarti-katolikusok.de\/"},{"@type":"ListItem","position":2,"name":"In memoriam Dr. Cserh\u00e1ti Ferenc p\u00fcsp\u00f6k"}]},{"@type":"WebSite","@id":"https:\/\/stuttgarti-katolikusok.de\/#website","url":"https:\/\/stuttgarti-katolikusok.de\/","name":"Stuttgarti Katolikusok","description":"","potentialAction":[{"@type":"SearchAction","target":{"@type":"EntryPoint","urlTemplate":"https:\/\/stuttgarti-katolikusok.de\/?s={search_term_string}"},"query-input":{"@type":"PropertyValueSpecification","valueRequired":true,"valueName":"search_term_string"}}],"inLanguage":"hu"},{"@type":"Person","@id":"https:\/\/stuttgarti-katolikusok.de\/#\/schema\/person\/75908d6f8fdc03a57889d27209df7795","name":"Tibor atya","image":{"@type":"ImageObject","inLanguage":"hu","@id":"https:\/\/secure.gravatar.com\/avatar\/61d268e57d1f4525b111222e29d2d5a7f8c420fdbf231ba5566a8ceac74fa960?s=96&d=mm&r=g","url":"https:\/\/secure.gravatar.com\/avatar\/61d268e57d1f4525b111222e29d2d5a7f8c420fdbf231ba5566a8ceac74fa960?s=96&d=mm&r=g","contentUrl":"https:\/\/secure.gravatar.com\/avatar\/61d268e57d1f4525b111222e29d2d5a7f8c420fdbf231ba5566a8ceac74fa960?s=96&d=mm&r=g","caption":"Tibor atya"},"url":"https:\/\/stuttgarti-katolikusok.de\/index.php\/author\/tibor-atya\/"}]}},"_links":{"self":[{"href":"https:\/\/stuttgarti-katolikusok.de\/index.php\/wp-json\/wp\/v2\/posts\/27095","targetHints":{"allow":["GET"]}}],"collection":[{"href":"https:\/\/stuttgarti-katolikusok.de\/index.php\/wp-json\/wp\/v2\/posts"}],"about":[{"href":"https:\/\/stuttgarti-katolikusok.de\/index.php\/wp-json\/wp\/v2\/types\/post"}],"author":[{"embeddable":true,"href":"https:\/\/stuttgarti-katolikusok.de\/index.php\/wp-json\/wp\/v2\/users\/3"}],"replies":[{"embeddable":true,"href":"https:\/\/stuttgarti-katolikusok.de\/index.php\/wp-json\/wp\/v2\/comments?post=27095"}],"version-history":[{"count":1,"href":"https:\/\/stuttgarti-katolikusok.de\/index.php\/wp-json\/wp\/v2\/posts\/27095\/revisions"}],"predecessor-version":[{"id":27097,"href":"https:\/\/stuttgarti-katolikusok.de\/index.php\/wp-json\/wp\/v2\/posts\/27095\/revisions\/27097"}],"wp:featuredmedia":[{"embeddable":true,"href":"https:\/\/stuttgarti-katolikusok.de\/index.php\/wp-json\/wp\/v2\/media\/27096"}],"wp:attachment":[{"href":"https:\/\/stuttgarti-katolikusok.de\/index.php\/wp-json\/wp\/v2\/media?parent=27095"}],"wp:term":[{"taxonomy":"category","embeddable":true,"href":"https:\/\/stuttgarti-katolikusok.de\/index.php\/wp-json\/wp\/v2\/categories?post=27095"},{"taxonomy":"post_tag","embeddable":true,"href":"https:\/\/stuttgarti-katolikusok.de\/index.php\/wp-json\/wp\/v2\/tags?post=27095"}],"curies":[{"name":"wp","href":"https:\/\/api.w.org\/{rel}","templated":true}]}}