{"id":27081,"date":"2023-07-16T08:10:07","date_gmt":"2023-07-16T06:10:07","guid":{"rendered":"https:\/\/stuttgarti-katolikusok.de\/?p=27081"},"modified":"2023-07-16T08:10:07","modified_gmt":"2023-07-16T06:10:07","slug":"evkozi-15-vasarnap","status":"publish","type":"post","link":"https:\/\/stuttgarti-katolikusok.de\/index.php\/evkozi-15-vasarnap\/","title":{"rendered":"\u00c9vk\u00f6zi 15. vas\u00e1rnap"},"content":{"rendered":"<p><span style=\"color: #008000;\">Kezd\u0151\u00e9nek:<\/span><br \/>\nIgazs\u00e1gban l\u00e9pek sz\u00edned el\u00e9, amikor dics\u0151s\u00e9ged megnyilv\u00e1nul, \u00f6rvendezem. (Zsolt 16,15)<\/p>\n<p><span style=\"color: #008000;\">K\u00f6ny\u00f6rg\u00e9s:<\/span><br \/>\nIsten\u00fcnk, te megmutatod igazs\u00e1god f\u00e9ny\u00e9t a t\u00e9velyg\u0151knek, hogy visszatal\u00e1ljanak a helyes \u00fatra. Add meg h\u00edveidnek, hogy elutas\u00edtsunk mindent, ami a kereszt\u00e9ny n\u00e9vvel ellenkezik, \u00e9s v\u00e1llaljuk, ami m\u00e9lt\u00f3 hozz\u00e1. A mi Urunk, J\u00e9zus Krisztus, a te Fiad \u00e1ltal, aki veled \u00e9l \u00e9s uralkodik a Szentl\u00e9lekkel egys\u00e9gben, Isten mind\u00f6r\u00f6kk\u00f6n \u00f6r\u00f6kk\u00e9.<\/p>\n<p align=\"justify\"><span style=\"color: #008000;\">OLVASM\u00c1NY Izaj\u00e1s pr\u00f3f\u00e9ta k\u00f6nyv\u00e9b\u0151l (Iz 55,10-11)<\/span><br \/>\n<em>Az es\u0151 meg\u00f6nt\u00f6zi a f\u00f6ldet, \u00e9s term\u0151v\u00e9 teszi.<\/em><br \/>\n\u00cdgy sz\u00f3l az \u00dar:<br \/>\nAmint az es\u0151 \u00e9s a h\u00f3 lehull az \u00e9gb\u0151l \u00e9s nem t\u00e9r oda vissza, hanem meg\u00f6nt\u00f6zi a f\u00f6ldet, \u00e9s term\u0151v\u00e9, gy\u00fcm\u00f6lcs\u00f6z\u0151v\u00e9 teszi, hogy magot adjon a magvet\u0151nek \u00e9s kenyeret az \u00e9hez\u0151nek, \u00e9ppen \u00fagy lesz az \u00e9n szavammal is, amely ajkamr\u00f3l fakad: Nem t\u00e9r vissza hozz\u00e1m eredm\u00e9nytelen\u00fcl, hanem v\u00e9gbeviszi akaratomat, \u00e9s el\u00e9ri, ami\u00e9rt k\u00fcldtem.<br \/>\nEz az Isten ig\u00e9je.<\/p>\n<p align=\"justify\"><span style=\"color: #008000;\">V\u00c1LASZOS ZSOLT\u00c1R (Zsolt 64,10abcd.10e-11.12-13.14)<\/span><br \/>\n<strong>V\u00e1lasz:\u00a0J\u00f3 f\u00f6ldbe hullott a tan\u00edt\u00e1s magja, * \u00e9s term\u00e9st \u00e9rlelt.<\/strong>\u00a05. t\u00f3nus.<br \/>\nEl\u0151\u00e9nekes: Megl\u00e1togattad \u00e9s meg\u00f6nt\u00f6zted a f\u00f6ldet, * elhalmoztad b\u0151s\u00e9ges \u00e1ld\u00e1ssal.<br \/>\nAz egek csatorn\u00e1i megteltek v\u00edzzel; * gabon\u00e1t nevelsz az embernek.<br \/>\nH\u00edvek: J\u00f3 f\u00f6ldbe hullott a tan\u00edt\u00e1s magja, * \u00e9s term\u00e9st \u00e9rlelt.<br \/>\nE: El\u0151k\u00e9sz\u00edted a f\u00f6ldet: \u2020 bar\u00e1zd\u00e1it \u00f6nt\u00f6z\u00f6d, * g\u00f6r\u00f6ngyeit elsim\u00edtod.<br \/>\nFellaz\u00edtod \u00e1ztat\u00f3 es\u0151kkel, * \u00e9s meg\u00e1ldod sarjad\u00f3 vet\u00e9s\u00e9t.<br \/>\nH: J\u00f3 f\u00f6ldbe hullott a tan\u00edt\u00e1s magja, * \u00e9s term\u00e9st \u00e9rlelt.<br \/>\nE: J\u00f3s\u00e1goddal koron\u00e1zod az esztend\u0151t * j\u00f3l\u00e9t \u00e9s b\u0151s\u00e9g j\u00e1r l\u00e1bad nyom\u00e1ban.<br \/>\nEs\u0151 csepeg a puszt\u00e1k f\u00fcv\u00e9re, * a dombok v\u00edgs\u00e1gba \u00f6lt\u00f6znek.<br \/>\nH: J\u00f3 f\u00f6ldbe hullott a tan\u00edt\u00e1s magja, * \u00e9s term\u00e9st \u00e9rlelt.<br \/>\nE: Ny\u00e1jak lepik el a r\u00e9teket, \u2020 b\u0151ven n\u0151 a gabona a v\u00f6lgyekben, * \u00e9s minden ujjong \u00e9s himnuszt \u00e9nekel.<br \/>\nH: J\u00f3 f\u00f6ldbe hullott a tan\u00edt\u00e1s magja, * \u00e9s term\u00e9st \u00e9rlelt.<\/p>\n<p align=\"justify\"><span style=\"color: #008000;\">SZENTLECKE Szent P\u00e1l apostolnak a r\u00f3maiakhoz \u00edrt level\u00e9b\u0151l (R\u00f3m 8,18-23)<\/span><br \/>\n<em>A term\u00e9szet s\u00f3v\u00e1rogva v\u00e1rja Isten fiainak megnyilv\u00e1nul\u00e1s\u00e1t.<\/em><br \/>\nTestv\u00e9reim!<br \/>\n\u00dagy gondolom, hogy ennek az \u00e9letnek a szenved\u00e9sei nem m\u00e9rhet\u0151k az elj\u00f6vend\u0151 dics\u0151s\u00e9ghez, melynek r\u00e9szesei lesz\u00fcnk. Maga a term\u00e9szet is s\u00f3v\u00e1rogva v\u00e1rja Isten fiainak megnyilv\u00e1nul\u00e1s\u00e1t. A term\u00e9szet ugyanis muland\u00f3s\u00e1gnak van al\u00e1vetve, de nem \u00f6nk\u00e9nt, hanem Isten akarat\u00e1b\u00f3l; abban a rem\u00e9nyben, hogy a muland\u00f3s\u00e1g szolgai \u00e1llapot\u00e1b\u00f3l felszabadul az Isten fiainak dics\u0151s\u00e9ges szabads\u00e1g\u00e1ra. Tudjuk ugyanis, hogy addig az eg\u00e9sz term\u00e9szet s\u00f3v\u00e1rogva v\u00e1gyakozik. De nemcsak a term\u00e9szet, hanem mi magunk is, akik a L\u00e9lek cs\u00edr\u00e1it bens\u0151nkben hordozzuk. S\u00f3hajtozunk mi is, \u00e9s v\u00e1rjuk a fogadott fi\u00fas\u00e1g megval\u00f3sul\u00e1s\u00e1t, test\u00fcnk megv\u00e1lt\u00e1s\u00e1t.<br \/>\nEz az Isten ig\u00e9je.<\/p>\n<p align=\"justify\"><span style=\"color: #008000;\">ALLELUJA<\/span><br \/>\nA j\u00f3 mag az Isten ig\u00e9je, Krisztus a magvet\u0151, * aki re\u00e1tal\u00e1l \u00f6r\u00f6kk\u00e9 \u00e9lni fog. \u2013 8 G. t\u00f3nus.<\/p>\n<p align=\"justify\"><span style=\"color: #008000;\">\u2020 EVANG\u00c9LIUM Szent M\u00e1t\u00e9 k\u00f6nyv\u00e9b\u0151l (Mt 13,1-23)<\/span><br \/>\n<em>Kiment a magvet\u0151 vetni.<\/em><br \/>\nAbban az id\u0151ben:<br \/>\nJ\u00e9zus elment hazulr\u00f3l, \u00e9s le\u00fclt a t\u00f3 partj\u00e1n. Hatalmas t\u00f6meg gy\u0171lt \u00f6ssze, ez\u00e9rt be\u00fclt egy cs\u00f3nakba, a t\u00f6meg pedig ott \u00e1llt a parton. Ekkor p\u00e9ldabesz\u00e9dekben sok mindenre oktatta \u0151ket:<br \/>\n\u201e\u00cdme, kiment a magvet\u0151 vetni. Amint vetett, n\u00e9mely szem az \u00fatsz\u00e9lre esett. J\u00f6ttek az \u00e9g madarai, \u00e9s ezeket mind megett\u00e9k. N\u00e9mely szem k\u00f6vek k\u00f6z\u00e9 esett, ahol nem volt el\u00e9g term\u0151f\u00f6ld. Ezek hamar kikeltek, hisz nem volt m\u00e9ly a f\u00f6ld. Majd amikor a Nap f\u00f6lkelt \u00e9s forr\u00f3n t\u0171z\u00f6tt, ki\u00e9gtek, mert nem volt gy\u00f6ker\u00fck. Voltak szemek, amelyek t\u00f6visek k\u00f6z\u00e9 estek, \u00e9s amikor n\u0151ni kezdtek, a t\u00f6visek elfojtott\u00e1k \u0151ket. De a t\u00f6bbi szem j\u00f3 f\u00f6ldbe hullott, \u00e9s term\u00e9st hozott: az egyik sz\u00e1zszorosat, a m\u00e1sik hatvanszorosat, a harmadik harmincszorosat.<br \/>\nAkinek van f\u00fcle, hallja meg!\u201d *<br \/>\nEkkor odamentek hozz\u00e1 tan\u00edtv\u00e1nyai \u00e9s megk\u00e9rdezt\u00e9k: \u201eMi\u00e9rt besz\u00e9lsz hozz\u00e1juk p\u00e9ldabesz\u00e9dekben?\u201d \u0150 \u00edgy v\u00e1laszolt: \u201eNektek adatott meg, hogy megismerj\u00e9tek a mennyek orsz\u00e1ga titkait, nekik ez nem adatott meg. Mert akinek van, annak m\u00e9g adnak, hogy m\u00e9g t\u00f6bb legyen neki; de akinek nincs, att\u00f3l m\u00e9g azt is elveszik, amije van. Az\u00e9rt besz\u00e9lek hozz\u00e1juk p\u00e9ldabesz\u00e9dekben, hogy n\u00e9zzenek, de ne l\u00e1ssanak, hallgassanak, de ne halljanak, \u00e9s ne \u00e9rtsenek, \u00e9s \u00edgy beteljesedj\u00e9k rajtuk Izaj\u00e1s pr\u00f3f\u00e9ta j\u00f6vend\u00f6l\u00e9se:<br \/>\nHallv\u00e1n hallotok, \u00e9s m\u00e9gsem \u00e9rtetek,<br \/>\nn\u00e9zv\u00e9n n\u00e9ztek, de m\u00e9gsem l\u00e1ttok;<br \/>\nmegk\u00e9rgesedett ugyanis e n\u00e9pnek sz\u00edve:<br \/>\nF\u00fcl\u00fckkel rest\u00fcl hallanak,<br \/>\nszem\u00fcket behunyj\u00e1k,<br \/>\nhogy a szem\u00fckkel ne l\u00e1ssanak,<br \/>\nf\u00fcl\u00fckkel ne halljanak,<br \/>\n\u00e9s a sz\u00edv\u00fckkel ne \u00e9rtsenek,<br \/>\ns meg ne t\u00e9rjenek, hogy meggy\u00f3gy\u00edtsam \u0151ket.<br \/>\nDe boldog a ti szemetek, mert l\u00e1t, \u00e9s boldog a ti f\u00fcletek, mert hall! Bizony, mondom nektek, sok pr\u00f3f\u00e9ta \u00e9s igaz v\u00e1gyott l\u00e1tni, amit ti l\u00e1ttok, \u2013 \u00e9s nem l\u00e1tta; v\u00e1gyott hallani, amit ti hallotok, \u2013 \u00e9s nem hallotta.<br \/>\nHallgass\u00e1tok meg h\u00e1t a magvet\u0151r\u0151l sz\u00f3l\u00f3 p\u00e9ldabesz\u00e9det!<br \/>\nAkik hallgatj\u00e1k a mennyek orsz\u00e1g\u00e1r\u00f3l sz\u00f3l\u00f3 tan\u00edt\u00e1st, \u00e9s nem \u00e9rtik meg, azokhoz elj\u00f6n a gonosz, \u00e9s elragadja mindazt, amit a sz\u00edv\u00fckbe vetettek Ez az, ami az \u00fatsz\u00e9lre esett. A k\u00f6vek k\u00f6z\u00e9 hullott mag pedig az, aki meghallgatja ugyan a tan\u00edt\u00e1st, \u00e9s sz\u00edvesen be is fogadja, de az nem ver benne gy\u00f6keret, csak ideig-\u00f3r\u00e1ig \u00e9l. Amikor a tan\u00edt\u00e1s miatt szorongat\u00e1s, \u00fcld\u00f6z\u00e9s \u00e9ri, csakhamar elt\u00e1ntorodik. A t\u00f6visek k\u00f6z\u00e9 esett mag az, aki meghallgatja a tan\u00edt\u00e1st, de a vil\u00e1gi gondok s a csal\u00f3ka vagyon elfojtja azt benne, \u00e9s gy\u00fcm\u00f6lcs n\u00e9lk\u00fcl marad. V\u00e9g\u00fcl a j\u00f3 f\u00f6ldbe hullott mag az, aki meghallgatja, megsz\u00edvleli a tan\u00edt\u00e1st, \u00e9s j\u00f3 term\u00e9st is hoz: az egyik sz\u00e1zszorosat, a m\u00e1sik hatvanszorosat, a harmadik harmincszorosat.\u201d<br \/>\nEzek az evang\u00e9lium ig\u00e9i.<\/p>\n<p><span style=\"color: #008000;\">EGYETEMES K\u00d6NY\u00d6RG\u00c9SEK<\/span><br \/>\nPap: Testv\u00e9reim! Krisztus, az \u00f6r\u00f6k Ige, tan\u00edt\u00f3nk \u00e9s p\u00e9ldak\u00e9p\u00fcnk. K\u00e9rj\u00fck kegyelmeit!<br \/>\nLektor: 1. Hogy Isten ig\u00e9je term\u00e9keny talajba hulljon lelk\u00fcnkben, \u00e9s sz\u00e1zszoros term\u00e9st hozzon!<br \/>\nH\u00edvek: K\u00e9r\u00fcnk T\u00e9ged, hallgass meg minket!<br \/>\n2. Hogy a kinyilatkoztat\u00e1s szava minden emberhez eljusson!<br \/>\nH\u00edvek: K\u00e9r\u00fcnk T\u00e9ged, hallgass meg minket!<br \/>\n3. Hogy Isten ig\u00e9je egyes\u00edtsen minket elszakadt testv\u00e9reinkkel a szeretet egys\u00e9g\u00e9ben!<br \/>\nH\u00edvek: K\u00e9r\u00fcnk T\u00e9ged, hallgass meg minket!<br \/>\n4. Hogy Isten ig\u00e9j\u00e9t k\u00f6z\u00f6mb\u00f6ss\u00e9 v\u00e1lt embert\u00e1rsaink is meghallj\u00e1k!<br \/>\nH\u00edvek: K\u00e9r\u00fcnk T\u00e9ged, hallgass meg minket!<br \/>\n5. Hogy szent ig\u00e9d megvigasztalja a betegeket \u00e9s a szenved\u0151ket!<br \/>\nH\u00edvek: K\u00e9r\u00fcnk T\u00e9ged, hallgass meg minket!<br \/>\nPap: Urunk, J\u00e9zus Krisztus! Seg\u00edts minket, hogy tan\u00edt\u00e1sod sz\u00edv\u00fcnkben j\u00f3 talajra hulljon, \u00e9s gazdag term\u00e9st hozzon. Aki \u00e9lsz \u00e9s uralkodol mind\u00f6r\u00f6kk\u00f6n \u00f6r\u00f6kk\u00e9.<br \/>\nH\u00edvek: \u00c1men.<\/p>\n<p><span style=\"color: #008000;\">Felaj\u00e1nl\u00f3 k\u00f6ny\u00f6rg\u00e9s:<\/span><br \/>\nIsten\u00fcnk, fogadd sz\u00edvesen k\u00f6ny\u00f6rg\u0151 Egyh\u00e1zad \u00e1ldozati adom\u00e1nyait, \u00e9s add, hogy \u00e9let\u00fcnk megszentel\u00e9s\u00e9re r\u00e9szesedj\u00fcnk bel\u0151l\u00fck. Krisztus, a mi Urunk \u00e1ltal.<\/p>\n<p><span style=\"color: #008000;\">\u00c1ldoz\u00e1si \u00e9nek:<\/span><br \/>\nOtthont lel mag\u00e1nak a ver\u00e9b is \u00e9s f\u00e9szket a gerle, hogy kik\u00f6ltse fi\u00f3k\u00e1it: a te olt\u00e1rodn\u00e1l, Seregek Ura, Istenem \u00e9s Kir\u00e1lyom! Boldog, aki h\u00e1zadban \u00e9lhet, t\u00e9ged dics\u00e9rhet sz\u00fcntelen. (Zsolt 83,4-5)<br \/>\n<span style=\"color: #008000;\"><em>vagy<\/em><\/span><br \/>\nAki eszi az \u00e9n testemet \u00e9s issza az \u00e9n v\u00e9remet, az bennem marad, \u00e9n meg benne \u2013 mondja az \u00dar. (Jn 6,57)<\/p>\n<p><span style=\"color: #008000;\">\u00c1ldoz\u00e1s ut\u00e1ni k\u00f6ny\u00f6rg\u00e9s:<\/span><br \/>\nR\u00e9szes\u00fclt\u00fcnk aj\u00e1nd\u00e9kaidban, Isten\u00fcnk. K\u00e9rve k\u00e9r\u00fcnk, hogy valah\u00e1nyszor bemutatjuk ezt az \u00e1ldozatot, n\u00f6vekedj\u00e9k benn\u00fcnk \u00fcdv\u00f6ss\u00e9gszerz\u0151 kegyelmed. Krisztus, a mi Urunk \u00e1ltal.<\/p>\n<p><em>(K\u00e9p forr\u00e1sa: Pixabay.com)<\/em><\/p>\n","protected":false},"excerpt":{"rendered":"<p>Kezd\u0151\u00e9nek: Igazs\u00e1gban l\u00e9pek sz\u00edned el\u00e9, amikor dics\u0151s\u00e9ged megnyilv\u00e1nul, \u00f6rvendezem. (Zsolt 16,15) K\u00f6ny\u00f6rg\u00e9s: Isten\u00fcnk, te megmutatod igazs\u00e1god f\u00e9ny\u00e9t a t\u00e9velyg\u0151knek, hogy visszatal\u00e1ljanak a helyes \u00fatra. Add meg h\u00edveidnek, hogy elutas\u00edtsunk mindent, ami a kereszt\u00e9ny n\u00e9vvel ellenkezik, \u00e9s v\u00e1llaljuk, ami m\u00e9lt\u00f3 hozz\u00e1. A mi Urunk, J\u00e9zus Krisztus, a te Fiad \u00e1ltal, aki veled \u00e9l \u00e9s uralkodik a Szentl\u00e9lekkel egys\u00e9gben, Isten mind\u00f6r\u00f6kk\u00f6n \u00f6r\u00f6kk\u00e9. OLVASM\u00c1NY Izaj\u00e1s pr\u00f3f\u00e9ta k\u00f6nyv\u00e9b\u0151l (Iz 55,10-11) Az es\u0151 meg\u00f6nt\u00f6zi a f\u00f6ldet, \u00e9s term\u0151v\u00e9 teszi. \u00cdgy sz\u00f3l az \u00dar: Amint az es\u0151 \u00e9s a h\u00f3 lehull az \u00e9gb\u0151l \u00e9s nem t\u00e9r oda vissza, hanem meg\u00f6nt\u00f6zi a f\u00f6ldet, \u00e9s term\u0151v\u00e9, gy\u00fcm\u00f6lcs\u00f6z\u0151v\u00e9 teszi, hogy magot adjon a magvet\u0151nek \u00e9s kenyeret az \u00e9hez\u0151nek, \u00e9ppen \u00fagy lesz az \u00e9n szavammal is, amely ajkamr\u00f3l fakad: Nem t\u00e9r vissza hozz\u00e1m eredm\u00e9nytelen\u00fcl, hanem v\u00e9gbeviszi akaratomat, \u00e9s el\u00e9ri, ami\u00e9rt k\u00fcldtem. Ez az Isten ig\u00e9je. V\u00c1LASZOS ZSOLT\u00c1R (Zsolt 64,10abcd.10e-11.12-13.14) V\u00e1lasz:\u00a0J\u00f3 f\u00f6ldbe hullott a tan\u00edt\u00e1s magja, * \u00e9s term\u00e9st \u00e9rlelt.\u00a05. t\u00f3nus. El\u0151\u00e9nekes: Megl\u00e1togattad \u00e9s meg\u00f6nt\u00f6zted a f\u00f6ldet, * elhalmoztad b\u0151s\u00e9ges \u00e1ld\u00e1ssal. Az egek csatorn\u00e1i megteltek v\u00edzzel; * gabon\u00e1t nevelsz az embernek. H\u00edvek: J\u00f3 f\u00f6ldbe hullott a tan\u00edt\u00e1s magja, * \u00e9s term\u00e9st \u00e9rlelt. E: El\u0151k\u00e9sz\u00edted a f\u00f6ldet: \u2020 bar\u00e1zd\u00e1it \u00f6nt\u00f6z\u00f6d, * g\u00f6r\u00f6ngyeit elsim\u00edtod. Fellaz\u00edtod \u00e1ztat\u00f3 es\u0151kkel, * \u00e9s meg\u00e1ldod sarjad\u00f3 vet\u00e9s\u00e9t. H: J\u00f3 f\u00f6ldbe hullott a tan\u00edt\u00e1s magja, * \u00e9s term\u00e9st \u00e9rlelt. E: J\u00f3s\u00e1goddal koron\u00e1zod az esztend\u0151t * j\u00f3l\u00e9t \u00e9s b\u0151s\u00e9g j\u00e1r l\u00e1bad nyom\u00e1ban. Es\u0151 csepeg a puszt\u00e1k f\u00fcv\u00e9re, * a dombok v\u00edgs\u00e1gba \u00f6lt\u00f6znek. H: J\u00f3 f\u00f6ldbe hullott a tan\u00edt\u00e1s magja, * \u00e9s term\u00e9st \u00e9rlelt. E: Ny\u00e1jak lepik el a r\u00e9teket, \u2020 b\u0151ven n\u0151 a gabona a v\u00f6lgyekben, * \u00e9s minden ujjong \u00e9s himnuszt \u00e9nekel. H: J\u00f3 f\u00f6ldbe hullott a tan\u00edt\u00e1s magja, * \u00e9s term\u00e9st \u00e9rlelt. SZENTLECKE Szent P\u00e1l apostolnak a r\u00f3maiakhoz \u00edrt level\u00e9b\u0151l (R\u00f3m 8,18-23) A term\u00e9szet s\u00f3v\u00e1rogva v\u00e1rja Isten fiainak megnyilv\u00e1nul\u00e1s\u00e1t. Testv\u00e9reim! \u00dagy gondolom, hogy ennek az \u00e9letnek a szenved\u00e9sei&#8230; <\/p>\n<p><a class=\"readmore\" href=\"https:\/\/stuttgarti-katolikusok.de\/index.php\/evkozi-15-vasarnap\/\">R\u00e9szletek<\/a><\/p>\n","protected":false},"author":3,"featured_media":27082,"comment_status":"closed","ping_status":"closed","sticky":false,"template":"","format":"standard","meta":{"footnotes":""},"categories":[85,63],"tags":[],"class_list":["post-27081","post","type-post","status-publish","format-standard","has-post-thumbnail","hentry","category-a-liturgia-olvasmanyai","category-vasarnapi-gondolatok"],"yoast_head":"<!-- This site is optimized with the Yoast SEO plugin v27.3 - https:\/\/yoast.com\/product\/yoast-seo-wordpress\/ -->\n<title>\u00c9vk\u00f6zi 15. vas\u00e1rnap - Stuttgarti Katolikusok<\/title>\n<meta name=\"robots\" content=\"index, follow, max-snippet:-1, max-image-preview:large, max-video-preview:-1\" \/>\n<link rel=\"canonical\" href=\"https:\/\/stuttgarti-katolikusok.de\/index.php\/evkozi-15-vasarnap\/\" \/>\n<meta property=\"og:locale\" content=\"hu_HU\" \/>\n<meta property=\"og:type\" content=\"article\" \/>\n<meta property=\"og:title\" content=\"\u00c9vk\u00f6zi 15. vas\u00e1rnap - Stuttgarti Katolikusok\" \/>\n<meta property=\"og:description\" content=\"Kezd\u0151\u00e9nek: Igazs\u00e1gban l\u00e9pek sz\u00edned el\u00e9, amikor dics\u0151s\u00e9ged megnyilv\u00e1nul, \u00f6rvendezem. (Zsolt 16,15) K\u00f6ny\u00f6rg\u00e9s: Isten\u00fcnk, te megmutatod igazs\u00e1god f\u00e9ny\u00e9t a t\u00e9velyg\u0151knek, hogy visszatal\u00e1ljanak a helyes \u00fatra. Add meg h\u00edveidnek, hogy elutas\u00edtsunk mindent, ami a kereszt\u00e9ny n\u00e9vvel ellenkezik, \u00e9s v\u00e1llaljuk, ami m\u00e9lt\u00f3 hozz\u00e1. A mi Urunk, J\u00e9zus Krisztus, a te Fiad \u00e1ltal, aki veled \u00e9l \u00e9s uralkodik a Szentl\u00e9lekkel egys\u00e9gben, Isten mind\u00f6r\u00f6kk\u00f6n \u00f6r\u00f6kk\u00e9. OLVASM\u00c1NY Izaj\u00e1s pr\u00f3f\u00e9ta k\u00f6nyv\u00e9b\u0151l (Iz 55,10-11) Az es\u0151 meg\u00f6nt\u00f6zi a f\u00f6ldet, \u00e9s term\u0151v\u00e9 teszi. \u00cdgy sz\u00f3l az \u00dar: Amint az es\u0151 \u00e9s a h\u00f3 lehull az \u00e9gb\u0151l \u00e9s nem t\u00e9r oda vissza, hanem meg\u00f6nt\u00f6zi a f\u00f6ldet, \u00e9s term\u0151v\u00e9, gy\u00fcm\u00f6lcs\u00f6z\u0151v\u00e9 teszi, hogy magot adjon a magvet\u0151nek \u00e9s kenyeret az \u00e9hez\u0151nek, \u00e9ppen \u00fagy lesz az \u00e9n szavammal is, amely ajkamr\u00f3l fakad: Nem t\u00e9r vissza hozz\u00e1m eredm\u00e9nytelen\u00fcl, hanem v\u00e9gbeviszi akaratomat, \u00e9s el\u00e9ri, ami\u00e9rt k\u00fcldtem. Ez az Isten ig\u00e9je. V\u00c1LASZOS ZSOLT\u00c1R (Zsolt 64,10abcd.10e-11.12-13.14) V\u00e1lasz:\u00a0J\u00f3 f\u00f6ldbe hullott a tan\u00edt\u00e1s magja, * \u00e9s term\u00e9st \u00e9rlelt.\u00a05. t\u00f3nus. El\u0151\u00e9nekes: Megl\u00e1togattad \u00e9s meg\u00f6nt\u00f6zted a f\u00f6ldet, * elhalmoztad b\u0151s\u00e9ges \u00e1ld\u00e1ssal. Az egek csatorn\u00e1i megteltek v\u00edzzel; * gabon\u00e1t nevelsz az embernek. H\u00edvek: J\u00f3 f\u00f6ldbe hullott a tan\u00edt\u00e1s magja, * \u00e9s term\u00e9st \u00e9rlelt. E: El\u0151k\u00e9sz\u00edted a f\u00f6ldet: \u2020 bar\u00e1zd\u00e1it \u00f6nt\u00f6z\u00f6d, * g\u00f6r\u00f6ngyeit elsim\u00edtod. Fellaz\u00edtod \u00e1ztat\u00f3 es\u0151kkel, * \u00e9s meg\u00e1ldod sarjad\u00f3 vet\u00e9s\u00e9t. H: J\u00f3 f\u00f6ldbe hullott a tan\u00edt\u00e1s magja, * \u00e9s term\u00e9st \u00e9rlelt. E: J\u00f3s\u00e1goddal koron\u00e1zod az esztend\u0151t * j\u00f3l\u00e9t \u00e9s b\u0151s\u00e9g j\u00e1r l\u00e1bad nyom\u00e1ban. Es\u0151 csepeg a puszt\u00e1k f\u00fcv\u00e9re, * a dombok v\u00edgs\u00e1gba \u00f6lt\u00f6znek. H: J\u00f3 f\u00f6ldbe hullott a tan\u00edt\u00e1s magja, * \u00e9s term\u00e9st \u00e9rlelt. E: Ny\u00e1jak lepik el a r\u00e9teket, \u2020 b\u0151ven n\u0151 a gabona a v\u00f6lgyekben, * \u00e9s minden ujjong \u00e9s himnuszt \u00e9nekel. H: J\u00f3 f\u00f6ldbe hullott a tan\u00edt\u00e1s magja, * \u00e9s term\u00e9st \u00e9rlelt. SZENTLECKE Szent P\u00e1l apostolnak a r\u00f3maiakhoz \u00edrt level\u00e9b\u0151l (R\u00f3m 8,18-23) A term\u00e9szet s\u00f3v\u00e1rogva v\u00e1rja Isten fiainak megnyilv\u00e1nul\u00e1s\u00e1t. Testv\u00e9reim! \u00dagy gondolom, hogy ennek az \u00e9letnek a szenved\u00e9sei... R\u00e9szletek\" \/>\n<meta property=\"og:url\" content=\"https:\/\/stuttgarti-katolikusok.de\/index.php\/evkozi-15-vasarnap\/\" \/>\n<meta property=\"og:site_name\" content=\"Stuttgarti Katolikusok\" \/>\n<meta property=\"article:published_time\" content=\"2023-07-16T06:10:07+00:00\" \/>\n<meta property=\"og:image\" content=\"https:\/\/stuttgarti-katolikusok.de\/wp-content\/uploads\/2023\/07\/wheat-640960-1280.jpg\" \/>\n\t<meta property=\"og:image:width\" content=\"1280\" \/>\n\t<meta property=\"og:image:height\" content=\"960\" \/>\n\t<meta property=\"og:image:type\" content=\"image\/jpeg\" \/>\n<meta name=\"author\" content=\"Tibor atya\" \/>\n<meta name=\"twitter:card\" content=\"summary_large_image\" \/>\n<meta name=\"twitter:label1\" content=\"Szerz\u0151:\" \/>\n\t<meta name=\"twitter:data1\" content=\"Tibor atya\" \/>\n\t<meta name=\"twitter:label2\" content=\"Becs\u00fclt olvas\u00e1si id\u0151\" \/>\n\t<meta name=\"twitter:data2\" content=\"6 perc\" \/>\n<script type=\"application\/ld+json\" class=\"yoast-schema-graph\">{\"@context\":\"https:\\\/\\\/schema.org\",\"@graph\":[{\"@type\":\"Article\",\"@id\":\"https:\\\/\\\/stuttgarti-katolikusok.de\\\/index.php\\\/evkozi-15-vasarnap\\\/#article\",\"isPartOf\":{\"@id\":\"https:\\\/\\\/stuttgarti-katolikusok.de\\\/index.php\\\/evkozi-15-vasarnap\\\/\"},\"author\":{\"name\":\"Tibor atya\",\"@id\":\"https:\\\/\\\/stuttgarti-katolikusok.de\\\/#\\\/schema\\\/person\\\/75908d6f8fdc03a57889d27209df7795\"},\"headline\":\"\u00c9vk\u00f6zi 15. vas\u00e1rnap\",\"datePublished\":\"2023-07-16T06:10:07+00:00\",\"mainEntityOfPage\":{\"@id\":\"https:\\\/\\\/stuttgarti-katolikusok.de\\\/index.php\\\/evkozi-15-vasarnap\\\/\"},\"wordCount\":1500,\"image\":{\"@id\":\"https:\\\/\\\/stuttgarti-katolikusok.de\\\/index.php\\\/evkozi-15-vasarnap\\\/#primaryimage\"},\"thumbnailUrl\":\"https:\\\/\\\/stuttgarti-katolikusok.de\\\/wp-content\\\/uploads\\\/2023\\\/07\\\/wheat-640960-1280.jpg\",\"articleSection\":[\"A liturgia olvasm\u00e1nyai\",\"Vas\u00e1rnapi gondolatok\"],\"inLanguage\":\"hu\"},{\"@type\":\"WebPage\",\"@id\":\"https:\\\/\\\/stuttgarti-katolikusok.de\\\/index.php\\\/evkozi-15-vasarnap\\\/\",\"url\":\"https:\\\/\\\/stuttgarti-katolikusok.de\\\/index.php\\\/evkozi-15-vasarnap\\\/\",\"name\":\"\u00c9vk\u00f6zi 15. vas\u00e1rnap - Stuttgarti Katolikusok\",\"isPartOf\":{\"@id\":\"https:\\\/\\\/stuttgarti-katolikusok.de\\\/#website\"},\"primaryImageOfPage\":{\"@id\":\"https:\\\/\\\/stuttgarti-katolikusok.de\\\/index.php\\\/evkozi-15-vasarnap\\\/#primaryimage\"},\"image\":{\"@id\":\"https:\\\/\\\/stuttgarti-katolikusok.de\\\/index.php\\\/evkozi-15-vasarnap\\\/#primaryimage\"},\"thumbnailUrl\":\"https:\\\/\\\/stuttgarti-katolikusok.de\\\/wp-content\\\/uploads\\\/2023\\\/07\\\/wheat-640960-1280.jpg\",\"datePublished\":\"2023-07-16T06:10:07+00:00\",\"author\":{\"@id\":\"https:\\\/\\\/stuttgarti-katolikusok.de\\\/#\\\/schema\\\/person\\\/75908d6f8fdc03a57889d27209df7795\"},\"breadcrumb\":{\"@id\":\"https:\\\/\\\/stuttgarti-katolikusok.de\\\/index.php\\\/evkozi-15-vasarnap\\\/#breadcrumb\"},\"inLanguage\":\"hu\",\"potentialAction\":[{\"@type\":\"ReadAction\",\"target\":[\"https:\\\/\\\/stuttgarti-katolikusok.de\\\/index.php\\\/evkozi-15-vasarnap\\\/\"]}]},{\"@type\":\"ImageObject\",\"inLanguage\":\"hu\",\"@id\":\"https:\\\/\\\/stuttgarti-katolikusok.de\\\/index.php\\\/evkozi-15-vasarnap\\\/#primaryimage\",\"url\":\"https:\\\/\\\/stuttgarti-katolikusok.de\\\/wp-content\\\/uploads\\\/2023\\\/07\\\/wheat-640960-1280.jpg\",\"contentUrl\":\"https:\\\/\\\/stuttgarti-katolikusok.de\\\/wp-content\\\/uploads\\\/2023\\\/07\\\/wheat-640960-1280.jpg\",\"width\":1280,\"height\":960},{\"@type\":\"BreadcrumbList\",\"@id\":\"https:\\\/\\\/stuttgarti-katolikusok.de\\\/index.php\\\/evkozi-15-vasarnap\\\/#breadcrumb\",\"itemListElement\":[{\"@type\":\"ListItem\",\"position\":1,\"name\":\"Kezd\u0151lap\",\"item\":\"https:\\\/\\\/stuttgarti-katolikusok.de\\\/\"},{\"@type\":\"ListItem\",\"position\":2,\"name\":\"\u00c9vk\u00f6zi 15. vas\u00e1rnap\"}]},{\"@type\":\"WebSite\",\"@id\":\"https:\\\/\\\/stuttgarti-katolikusok.de\\\/#website\",\"url\":\"https:\\\/\\\/stuttgarti-katolikusok.de\\\/\",\"name\":\"Stuttgarti Katolikusok\",\"description\":\"\",\"potentialAction\":[{\"@type\":\"SearchAction\",\"target\":{\"@type\":\"EntryPoint\",\"urlTemplate\":\"https:\\\/\\\/stuttgarti-katolikusok.de\\\/?s={search_term_string}\"},\"query-input\":{\"@type\":\"PropertyValueSpecification\",\"valueRequired\":true,\"valueName\":\"search_term_string\"}}],\"inLanguage\":\"hu\"},{\"@type\":\"Person\",\"@id\":\"https:\\\/\\\/stuttgarti-katolikusok.de\\\/#\\\/schema\\\/person\\\/75908d6f8fdc03a57889d27209df7795\",\"name\":\"Tibor atya\",\"image\":{\"@type\":\"ImageObject\",\"inLanguage\":\"hu\",\"@id\":\"https:\\\/\\\/secure.gravatar.com\\\/avatar\\\/61d268e57d1f4525b111222e29d2d5a7f8c420fdbf231ba5566a8ceac74fa960?s=96&d=mm&r=g\",\"url\":\"https:\\\/\\\/secure.gravatar.com\\\/avatar\\\/61d268e57d1f4525b111222e29d2d5a7f8c420fdbf231ba5566a8ceac74fa960?s=96&d=mm&r=g\",\"contentUrl\":\"https:\\\/\\\/secure.gravatar.com\\\/avatar\\\/61d268e57d1f4525b111222e29d2d5a7f8c420fdbf231ba5566a8ceac74fa960?s=96&d=mm&r=g\",\"caption\":\"Tibor atya\"},\"url\":\"https:\\\/\\\/stuttgarti-katolikusok.de\\\/index.php\\\/author\\\/tibor-atya\\\/\"}]}<\/script>\n<!-- \/ Yoast SEO plugin. -->","yoast_head_json":{"title":"\u00c9vk\u00f6zi 15. vas\u00e1rnap - Stuttgarti Katolikusok","robots":{"index":"index","follow":"follow","max-snippet":"max-snippet:-1","max-image-preview":"max-image-preview:large","max-video-preview":"max-video-preview:-1"},"canonical":"https:\/\/stuttgarti-katolikusok.de\/index.php\/evkozi-15-vasarnap\/","og_locale":"hu_HU","og_type":"article","og_title":"\u00c9vk\u00f6zi 15. vas\u00e1rnap - Stuttgarti Katolikusok","og_description":"Kezd\u0151\u00e9nek: Igazs\u00e1gban l\u00e9pek sz\u00edned el\u00e9, amikor dics\u0151s\u00e9ged megnyilv\u00e1nul, \u00f6rvendezem. (Zsolt 16,15) K\u00f6ny\u00f6rg\u00e9s: Isten\u00fcnk, te megmutatod igazs\u00e1god f\u00e9ny\u00e9t a t\u00e9velyg\u0151knek, hogy visszatal\u00e1ljanak a helyes \u00fatra. Add meg h\u00edveidnek, hogy elutas\u00edtsunk mindent, ami a kereszt\u00e9ny n\u00e9vvel ellenkezik, \u00e9s v\u00e1llaljuk, ami m\u00e9lt\u00f3 hozz\u00e1. A mi Urunk, J\u00e9zus Krisztus, a te Fiad \u00e1ltal, aki veled \u00e9l \u00e9s uralkodik a Szentl\u00e9lekkel egys\u00e9gben, Isten mind\u00f6r\u00f6kk\u00f6n \u00f6r\u00f6kk\u00e9. OLVASM\u00c1NY Izaj\u00e1s pr\u00f3f\u00e9ta k\u00f6nyv\u00e9b\u0151l (Iz 55,10-11) Az es\u0151 meg\u00f6nt\u00f6zi a f\u00f6ldet, \u00e9s term\u0151v\u00e9 teszi. \u00cdgy sz\u00f3l az \u00dar: Amint az es\u0151 \u00e9s a h\u00f3 lehull az \u00e9gb\u0151l \u00e9s nem t\u00e9r oda vissza, hanem meg\u00f6nt\u00f6zi a f\u00f6ldet, \u00e9s term\u0151v\u00e9, gy\u00fcm\u00f6lcs\u00f6z\u0151v\u00e9 teszi, hogy magot adjon a magvet\u0151nek \u00e9s kenyeret az \u00e9hez\u0151nek, \u00e9ppen \u00fagy lesz az \u00e9n szavammal is, amely ajkamr\u00f3l fakad: Nem t\u00e9r vissza hozz\u00e1m eredm\u00e9nytelen\u00fcl, hanem v\u00e9gbeviszi akaratomat, \u00e9s el\u00e9ri, ami\u00e9rt k\u00fcldtem. Ez az Isten ig\u00e9je. V\u00c1LASZOS ZSOLT\u00c1R (Zsolt 64,10abcd.10e-11.12-13.14) V\u00e1lasz:\u00a0J\u00f3 f\u00f6ldbe hullott a tan\u00edt\u00e1s magja, * \u00e9s term\u00e9st \u00e9rlelt.\u00a05. t\u00f3nus. El\u0151\u00e9nekes: Megl\u00e1togattad \u00e9s meg\u00f6nt\u00f6zted a f\u00f6ldet, * elhalmoztad b\u0151s\u00e9ges \u00e1ld\u00e1ssal. Az egek csatorn\u00e1i megteltek v\u00edzzel; * gabon\u00e1t nevelsz az embernek. H\u00edvek: J\u00f3 f\u00f6ldbe hullott a tan\u00edt\u00e1s magja, * \u00e9s term\u00e9st \u00e9rlelt. E: El\u0151k\u00e9sz\u00edted a f\u00f6ldet: \u2020 bar\u00e1zd\u00e1it \u00f6nt\u00f6z\u00f6d, * g\u00f6r\u00f6ngyeit elsim\u00edtod. Fellaz\u00edtod \u00e1ztat\u00f3 es\u0151kkel, * \u00e9s meg\u00e1ldod sarjad\u00f3 vet\u00e9s\u00e9t. H: J\u00f3 f\u00f6ldbe hullott a tan\u00edt\u00e1s magja, * \u00e9s term\u00e9st \u00e9rlelt. E: J\u00f3s\u00e1goddal koron\u00e1zod az esztend\u0151t * j\u00f3l\u00e9t \u00e9s b\u0151s\u00e9g j\u00e1r l\u00e1bad nyom\u00e1ban. Es\u0151 csepeg a puszt\u00e1k f\u00fcv\u00e9re, * a dombok v\u00edgs\u00e1gba \u00f6lt\u00f6znek. H: J\u00f3 f\u00f6ldbe hullott a tan\u00edt\u00e1s magja, * \u00e9s term\u00e9st \u00e9rlelt. E: Ny\u00e1jak lepik el a r\u00e9teket, \u2020 b\u0151ven n\u0151 a gabona a v\u00f6lgyekben, * \u00e9s minden ujjong \u00e9s himnuszt \u00e9nekel. H: J\u00f3 f\u00f6ldbe hullott a tan\u00edt\u00e1s magja, * \u00e9s term\u00e9st \u00e9rlelt. SZENTLECKE Szent P\u00e1l apostolnak a r\u00f3maiakhoz \u00edrt level\u00e9b\u0151l (R\u00f3m 8,18-23) A term\u00e9szet s\u00f3v\u00e1rogva v\u00e1rja Isten fiainak megnyilv\u00e1nul\u00e1s\u00e1t. Testv\u00e9reim! \u00dagy gondolom, hogy ennek az \u00e9letnek a szenved\u00e9sei... R\u00e9szletek","og_url":"https:\/\/stuttgarti-katolikusok.de\/index.php\/evkozi-15-vasarnap\/","og_site_name":"Stuttgarti Katolikusok","article_published_time":"2023-07-16T06:10:07+00:00","og_image":[{"width":1280,"height":960,"url":"https:\/\/stuttgarti-katolikusok.de\/wp-content\/uploads\/2023\/07\/wheat-640960-1280.jpg","type":"image\/jpeg"}],"author":"Tibor atya","twitter_card":"summary_large_image","twitter_misc":{"Szerz\u0151:":"Tibor atya","Becs\u00fclt olvas\u00e1si id\u0151":"6 perc"},"schema":{"@context":"https:\/\/schema.org","@graph":[{"@type":"Article","@id":"https:\/\/stuttgarti-katolikusok.de\/index.php\/evkozi-15-vasarnap\/#article","isPartOf":{"@id":"https:\/\/stuttgarti-katolikusok.de\/index.php\/evkozi-15-vasarnap\/"},"author":{"name":"Tibor atya","@id":"https:\/\/stuttgarti-katolikusok.de\/#\/schema\/person\/75908d6f8fdc03a57889d27209df7795"},"headline":"\u00c9vk\u00f6zi 15. vas\u00e1rnap","datePublished":"2023-07-16T06:10:07+00:00","mainEntityOfPage":{"@id":"https:\/\/stuttgarti-katolikusok.de\/index.php\/evkozi-15-vasarnap\/"},"wordCount":1500,"image":{"@id":"https:\/\/stuttgarti-katolikusok.de\/index.php\/evkozi-15-vasarnap\/#primaryimage"},"thumbnailUrl":"https:\/\/stuttgarti-katolikusok.de\/wp-content\/uploads\/2023\/07\/wheat-640960-1280.jpg","articleSection":["A liturgia olvasm\u00e1nyai","Vas\u00e1rnapi gondolatok"],"inLanguage":"hu"},{"@type":"WebPage","@id":"https:\/\/stuttgarti-katolikusok.de\/index.php\/evkozi-15-vasarnap\/","url":"https:\/\/stuttgarti-katolikusok.de\/index.php\/evkozi-15-vasarnap\/","name":"\u00c9vk\u00f6zi 15. vas\u00e1rnap - Stuttgarti Katolikusok","isPartOf":{"@id":"https:\/\/stuttgarti-katolikusok.de\/#website"},"primaryImageOfPage":{"@id":"https:\/\/stuttgarti-katolikusok.de\/index.php\/evkozi-15-vasarnap\/#primaryimage"},"image":{"@id":"https:\/\/stuttgarti-katolikusok.de\/index.php\/evkozi-15-vasarnap\/#primaryimage"},"thumbnailUrl":"https:\/\/stuttgarti-katolikusok.de\/wp-content\/uploads\/2023\/07\/wheat-640960-1280.jpg","datePublished":"2023-07-16T06:10:07+00:00","author":{"@id":"https:\/\/stuttgarti-katolikusok.de\/#\/schema\/person\/75908d6f8fdc03a57889d27209df7795"},"breadcrumb":{"@id":"https:\/\/stuttgarti-katolikusok.de\/index.php\/evkozi-15-vasarnap\/#breadcrumb"},"inLanguage":"hu","potentialAction":[{"@type":"ReadAction","target":["https:\/\/stuttgarti-katolikusok.de\/index.php\/evkozi-15-vasarnap\/"]}]},{"@type":"ImageObject","inLanguage":"hu","@id":"https:\/\/stuttgarti-katolikusok.de\/index.php\/evkozi-15-vasarnap\/#primaryimage","url":"https:\/\/stuttgarti-katolikusok.de\/wp-content\/uploads\/2023\/07\/wheat-640960-1280.jpg","contentUrl":"https:\/\/stuttgarti-katolikusok.de\/wp-content\/uploads\/2023\/07\/wheat-640960-1280.jpg","width":1280,"height":960},{"@type":"BreadcrumbList","@id":"https:\/\/stuttgarti-katolikusok.de\/index.php\/evkozi-15-vasarnap\/#breadcrumb","itemListElement":[{"@type":"ListItem","position":1,"name":"Kezd\u0151lap","item":"https:\/\/stuttgarti-katolikusok.de\/"},{"@type":"ListItem","position":2,"name":"\u00c9vk\u00f6zi 15. vas\u00e1rnap"}]},{"@type":"WebSite","@id":"https:\/\/stuttgarti-katolikusok.de\/#website","url":"https:\/\/stuttgarti-katolikusok.de\/","name":"Stuttgarti Katolikusok","description":"","potentialAction":[{"@type":"SearchAction","target":{"@type":"EntryPoint","urlTemplate":"https:\/\/stuttgarti-katolikusok.de\/?s={search_term_string}"},"query-input":{"@type":"PropertyValueSpecification","valueRequired":true,"valueName":"search_term_string"}}],"inLanguage":"hu"},{"@type":"Person","@id":"https:\/\/stuttgarti-katolikusok.de\/#\/schema\/person\/75908d6f8fdc03a57889d27209df7795","name":"Tibor atya","image":{"@type":"ImageObject","inLanguage":"hu","@id":"https:\/\/secure.gravatar.com\/avatar\/61d268e57d1f4525b111222e29d2d5a7f8c420fdbf231ba5566a8ceac74fa960?s=96&d=mm&r=g","url":"https:\/\/secure.gravatar.com\/avatar\/61d268e57d1f4525b111222e29d2d5a7f8c420fdbf231ba5566a8ceac74fa960?s=96&d=mm&r=g","contentUrl":"https:\/\/secure.gravatar.com\/avatar\/61d268e57d1f4525b111222e29d2d5a7f8c420fdbf231ba5566a8ceac74fa960?s=96&d=mm&r=g","caption":"Tibor atya"},"url":"https:\/\/stuttgarti-katolikusok.de\/index.php\/author\/tibor-atya\/"}]}},"_links":{"self":[{"href":"https:\/\/stuttgarti-katolikusok.de\/index.php\/wp-json\/wp\/v2\/posts\/27081","targetHints":{"allow":["GET"]}}],"collection":[{"href":"https:\/\/stuttgarti-katolikusok.de\/index.php\/wp-json\/wp\/v2\/posts"}],"about":[{"href":"https:\/\/stuttgarti-katolikusok.de\/index.php\/wp-json\/wp\/v2\/types\/post"}],"author":[{"embeddable":true,"href":"https:\/\/stuttgarti-katolikusok.de\/index.php\/wp-json\/wp\/v2\/users\/3"}],"replies":[{"embeddable":true,"href":"https:\/\/stuttgarti-katolikusok.de\/index.php\/wp-json\/wp\/v2\/comments?post=27081"}],"version-history":[{"count":1,"href":"https:\/\/stuttgarti-katolikusok.de\/index.php\/wp-json\/wp\/v2\/posts\/27081\/revisions"}],"predecessor-version":[{"id":27083,"href":"https:\/\/stuttgarti-katolikusok.de\/index.php\/wp-json\/wp\/v2\/posts\/27081\/revisions\/27083"}],"wp:featuredmedia":[{"embeddable":true,"href":"https:\/\/stuttgarti-katolikusok.de\/index.php\/wp-json\/wp\/v2\/media\/27082"}],"wp:attachment":[{"href":"https:\/\/stuttgarti-katolikusok.de\/index.php\/wp-json\/wp\/v2\/media?parent=27081"}],"wp:term":[{"taxonomy":"category","embeddable":true,"href":"https:\/\/stuttgarti-katolikusok.de\/index.php\/wp-json\/wp\/v2\/categories?post=27081"},{"taxonomy":"post_tag","embeddable":true,"href":"https:\/\/stuttgarti-katolikusok.de\/index.php\/wp-json\/wp\/v2\/tags?post=27081"}],"curies":[{"name":"wp","href":"https:\/\/api.w.org\/{rel}","templated":true}]}}