{"id":27067,"date":"2023-07-12T00:46:04","date_gmt":"2023-07-11T22:46:04","guid":{"rendered":"https:\/\/stuttgarti-katolikusok.de\/?p=27067"},"modified":"2023-07-12T00:54:44","modified_gmt":"2023-07-11T22:54:44","slug":"kis-zarandoklat-bad-wimpfen-be","status":"publish","type":"post","link":"https:\/\/stuttgarti-katolikusok.de\/index.php\/kis-zarandoklat-bad-wimpfen-be\/","title":{"rendered":"Kis-zar\u00e1ndoklat Bad Wimpfenbe"},"content":{"rendered":"<p>Kedves H\u00edveink \u00e9s Bar\u00e1taink!<\/p>\n<p>Egyh\u00e1zk\u00f6zs\u00e9g\u00fcnk hagyom\u00e1nyos m\u00f3don minden \u00e9veben, j\u00faliusban, kis-zar\u00e1ndoklatot szervez Baden-W\u00fcrttemberg egyik nevezetes zar\u00e1ndokhely\u00e9re.<\/p>\n<p>Ez alkalommal Bad Wimpfen-be zar\u00e1ndokolunk el.<\/p>\n<p><strong><span style=\"color: #ff6600;\">Id\u0151pont:<\/span> <em><span style=\"color: #ff6600;\">2023. j\u00falius 23-a, vas\u00e1rnap.<\/span><\/em><\/strong><\/p>\n<p><strong><span style=\"color: #ff6600;\">Program:<\/span><\/strong><\/p>\n<p>10:00 \u00f3rakor <em>szentmise<\/em> a <em><strong><span style=\"color: #ff6600;\">St. Peter Ritterstiftskirche<\/span><\/strong><\/em>-ben<\/p>\n<p>11:00 \u00f3rakor <em>vezet\u00e9s a templomban \u00e9s a kolostorban<\/em><\/p>\n<p>12:00 \u00f3r\u00e1t\u00f3l <em>s\u00e9ta az \u00f3v\u00e1rosban \u00e9s eb\u00e9d, majd vissza\u00fat<\/em><\/p>\n<p>Amit \u00e9rdemes tudnunk zar\u00e1ndokhely\u00fcnkr\u0151l:<\/p>\n<p><em>Bad Wimpfen l\u00e9gvonalban 10 km t\u00e1vols\u00e1gra van Heilbronn-t\u00f3l Baden-W\u00fcrttemberg tartom\u00e1nyban. A Neckar partj\u00e1n fekv\u0151 v\u00e1rost el\u0151sz\u00f6r kelt\u00e1k lakt\u00e1k, majd 98 k\u00f6r\u00fcl Domitianus cs\u00e1sz\u00e1r elfoglalta a ter\u00fcletet. I. Ott\u00f3 n\u00e9met-r\u00f3mai cs\u00e1sz\u00e1r (936 &#8211; 962) \u00e9p\u00edtette ki a v\u00e1ros piacter\u00e9t. Barbarossa Frigyes (1147 1152) \u00e9p\u00edtette a cs\u00e1sz\u00e1ri palot\u00e1t (Staufer Platz Wimpfen), ami a legnagyobb cs\u00e1sz\u00e1ri palota az Alpokt\u00f3l \u00e9szakra. Az 58 m magas k\u00e9k torony a v\u00e1ros jelk\u00e9pe.<\/em><\/p>\n<p><em>A kereszt\u00e9ny vall\u00e1s Kr. u. 500-ban \u00e9rte el a Neckar v\u00f6lgy\u00e9t. A St. Peter ap\u00e1ts\u00e1gi templom a 600-as \u00e9vekben lett fel\u00e9p\u00edtve, majd XIII. sz\u00e1zadban Richard Deidesheim vezet\u00e9se \u00e1ltal helyre\u00e1ll\u00edtott\u00e1k az ap\u00e1ts\u00e1gi templomot, az akkori g\u00f3tikus st\u00edlusban. Ezzel egy id\u0151ben domonkos kolostort is alap\u00edtottak a v\u00e1rosban. Az ap\u00e1ts\u00e1gi templom a templom\u00e9p\u00edt\u00e9szet egyik mesterm\u0171ve.<\/em><\/p>\n<p>V\u00e1rjuk azok jelentkez\u00e9s\u00e9t irod\u00e1nkon , akik szeretn\u00e9nek r\u00e9szt venni e zar\u00e1ndoklaton. Erre az\u00e9rt van sz\u00fcks\u00e9g\u00fcnk, hogy tudjuk, h\u00e1nyan vesz\u00fcnk r\u00e9szt.<\/p>\n<p>Ezt k\u00f6vet\u0151en pedig igyeksz\u00fcnk megszervezni az utaz\u00e1st.<\/p>\n<p>Lehet\u0151s\u00e9gek:<\/p>\n<ul>\n<li>vonattal,<\/li>\n<li>szem\u00e9lyg\u00e9pkocsikkal, illetve kisbuszokkal a helyi k\u00f6z\u00f6ss\u00e9gek szervez\u00e9s\u00e9ben.<\/li>\n<\/ul>\n<p><span style=\"color: #ff6600;\"><strong>C\u00edm:<\/strong><\/span> <em><strong><span style=\"color: #ff6600;\">74206 Bad Wimpfen, Lindenplatz 8<\/span><\/strong><\/em><\/p>\n<p><span style=\"color: #ff00ff;\"><strong><a style=\"color: #ff00ff;\" href=\"https:\/\/www.google.com\/maps\/place\/Lindenpl.+8,+74206+Bad+Wimpfen\/@49.2317718,9.1759619,17z\/data=!3m1!4b1!4m6!3m5!1s0x479826d8f99b3d7b:0x8fb844c28573934a!8m2!3d49.2317718!4d9.1785368!16s%2Fg%2F11c32cctc6?authuser=0&amp;entry=ttu\" target=\"_blank\" rel=\"noopener\">St. Peter Ritterstiftskirche<\/a><\/strong><\/span><\/p>\n<p>A vas\u00fat\u00e1llom\u00e1son van parkol\u00e1si lehet\u0151s\u00e9g szem\u00e9lyg\u00e9pkocsiknak (Parkplatz Bahnhof, Parkplatz, Carl-Ulrich-Stra\u00dfe 1, 74206 Bad Wimpfen). Innen gyalog lehet megtenni a mintegy 1 km-es t\u00e1vols\u00e1got.<\/p>\n<p><span style=\"color: #ff00ff;\"><strong><a style=\"color: #ff00ff;\" href=\"https:\/\/www.google.com\/maps\/place\/Parkplatz+Bahnhof\/@49.2294534,9.1649935,17z\/data=!3m1!4b1!4m6!3m5!1s0x47982723ef1cd823:0x116887469131dd92!8m2!3d49.2294534!4d9.1675684!16s%2Fg%2F11g690p_k4?authuser=0&amp;entry=ttu\" target=\"_blank\" rel=\"noopener\">Parkplatz Bahhnhof<\/a><\/strong><\/span><\/p>\n<p>B\u00edzom kedves H\u00edveim \u00e9s Bar\u00e1taim lelem\u00e9nyess\u00e9g\u00e9ben, amely lehet\u0151s\u00e9get k\u00edn\u00e1l abban, hogy helyi szinten megsz\u00f3l\u00edtsuk egym\u00e1st \u00e9s eljussunk a zar\u00e1ndokhelyre.<\/p>\n<p>Mindez csak rajtunk m\u00falik!<\/p>\n<p>Bar\u00e1ts\u00e1ggal,<\/p>\n<p><em>Merl\u00e1s Tibor, pl\u00e9b\u00e1nos \u00e9s\u00a0<\/em><em>D\u00e1vid Melinda, titk\u00e1rn\u0151<\/em><\/p>\n<p><em>(K\u00e9p forr\u00e1sa: Wikip\u00e9dia)<\/em><\/p>\n","protected":false},"excerpt":{"rendered":"<p>Kedves H\u00edveink \u00e9s Bar\u00e1taink! Egyh\u00e1zk\u00f6zs\u00e9g\u00fcnk hagyom\u00e1nyos m\u00f3don minden \u00e9veben, j\u00faliusban, kis-zar\u00e1ndoklatot szervez Baden-W\u00fcrttemberg egyik nevezetes zar\u00e1ndokhely\u00e9re. Ez alkalommal Bad Wimpfen-be zar\u00e1ndokolunk el. Id\u0151pont: 2023. j\u00falius 23-a, vas\u00e1rnap. Program: 10:00 \u00f3rakor szentmise a St. Peter Ritterstiftskirche-ben 11:00 \u00f3rakor vezet\u00e9s a templomban \u00e9s a kolostorban 12:00 \u00f3r\u00e1t\u00f3l s\u00e9ta az \u00f3v\u00e1rosban \u00e9s eb\u00e9d, majd vissza\u00fat Amit \u00e9rdemes tudnunk zar\u00e1ndokhely\u00fcnkr\u0151l: Bad Wimpfen l\u00e9gvonalban 10 km t\u00e1vols\u00e1gra van Heilbronn-t\u00f3l Baden-W\u00fcrttemberg tartom\u00e1nyban. A Neckar partj\u00e1n fekv\u0151 v\u00e1rost el\u0151sz\u00f6r kelt\u00e1k lakt\u00e1k, majd 98 k\u00f6r\u00fcl Domitianus cs\u00e1sz\u00e1r elfoglalta a ter\u00fcletet. I. Ott\u00f3 n\u00e9met-r\u00f3mai cs\u00e1sz\u00e1r (936 &#8211; 962) \u00e9p\u00edtette ki a v\u00e1ros piacter\u00e9t. Barbarossa Frigyes (1147 1152) \u00e9p\u00edtette a cs\u00e1sz\u00e1ri palot\u00e1t (Staufer Platz Wimpfen), ami a legnagyobb cs\u00e1sz\u00e1ri palota az Alpokt\u00f3l \u00e9szakra. Az 58 m magas k\u00e9k torony a v\u00e1ros jelk\u00e9pe. A kereszt\u00e9ny vall\u00e1s Kr. u. 500-ban \u00e9rte el a Neckar v\u00f6lgy\u00e9t. A St. Peter ap\u00e1ts\u00e1gi templom a 600-as \u00e9vekben lett fel\u00e9p\u00edtve, majd XIII. sz\u00e1zadban Richard Deidesheim vezet\u00e9se \u00e1ltal helyre\u00e1ll\u00edtott\u00e1k az ap\u00e1ts\u00e1gi templomot, az akkori g\u00f3tikus st\u00edlusban. Ezzel egy id\u0151ben domonkos kolostort is alap\u00edtottak a v\u00e1rosban. Az ap\u00e1ts\u00e1gi templom a templom\u00e9p\u00edt\u00e9szet egyik mesterm\u0171ve. V\u00e1rjuk azok jelentkez\u00e9s\u00e9t irod\u00e1nkon , akik szeretn\u00e9nek r\u00e9szt venni e zar\u00e1ndoklaton. Erre az\u00e9rt van sz\u00fcks\u00e9g\u00fcnk, hogy tudjuk, h\u00e1nyan vesz\u00fcnk r\u00e9szt. Ezt k\u00f6vet\u0151en pedig igyeksz\u00fcnk megszervezni az utaz\u00e1st. Lehet\u0151s\u00e9gek: vonattal, szem\u00e9lyg\u00e9pkocsikkal, illetve kisbuszokkal a helyi k\u00f6z\u00f6ss\u00e9gek szervez\u00e9s\u00e9ben. C\u00edm: 74206 Bad Wimpfen, Lindenplatz 8 St. Peter Ritterstiftskirche A vas\u00fat\u00e1llom\u00e1son van parkol\u00e1si lehet\u0151s\u00e9g szem\u00e9lyg\u00e9pkocsiknak (Parkplatz Bahnhof, Parkplatz, Carl-Ulrich-Stra\u00dfe 1, 74206 Bad Wimpfen). Innen gyalog lehet megtenni a mintegy 1 km-es t\u00e1vols\u00e1got. Parkplatz Bahhnhof B\u00edzom kedves H\u00edveim \u00e9s Bar\u00e1taim lelem\u00e9nyess\u00e9g\u00e9ben, amely lehet\u0151s\u00e9get k\u00edn\u00e1l abban, hogy helyi szinten megsz\u00f3l\u00edtsuk egym\u00e1st \u00e9s eljussunk a zar\u00e1ndokhelyre. Mindez csak rajtunk m\u00falik! Bar\u00e1ts\u00e1ggal, Merl\u00e1s Tibor, pl\u00e9b\u00e1nos \u00e9s\u00a0D\u00e1vid Melinda, titk\u00e1rn\u0151 (K\u00e9p forr\u00e1sa: Wikip\u00e9dia)<\/p>\n","protected":false},"author":3,"featured_media":27068,"comment_status":"closed","ping_status":"closed","sticky":false,"template":"","format":"standard","meta":{"footnotes":""},"categories":[46],"tags":[],"class_list":["post-27067","post","type-post","status-publish","format-standard","has-post-thumbnail","hentry","category-zarandoklat"],"yoast_head":"<!-- This site is optimized with the Yoast SEO plugin v27.3 - https:\/\/yoast.com\/product\/yoast-seo-wordpress\/ -->\n<title>Kis-zar\u00e1ndoklat Bad Wimpfenbe - Stuttgarti Katolikusok<\/title>\n<meta name=\"robots\" content=\"index, follow, max-snippet:-1, max-image-preview:large, max-video-preview:-1\" \/>\n<link rel=\"canonical\" href=\"https:\/\/stuttgarti-katolikusok.de\/index.php\/kis-zarandoklat-bad-wimpfen-be\/\" \/>\n<meta property=\"og:locale\" content=\"hu_HU\" \/>\n<meta property=\"og:type\" content=\"article\" \/>\n<meta property=\"og:title\" content=\"Kis-zar\u00e1ndoklat Bad Wimpfenbe - Stuttgarti Katolikusok\" \/>\n<meta property=\"og:description\" content=\"Kedves H\u00edveink \u00e9s Bar\u00e1taink! Egyh\u00e1zk\u00f6zs\u00e9g\u00fcnk hagyom\u00e1nyos m\u00f3don minden \u00e9veben, j\u00faliusban, kis-zar\u00e1ndoklatot szervez Baden-W\u00fcrttemberg egyik nevezetes zar\u00e1ndokhely\u00e9re. Ez alkalommal Bad Wimpfen-be zar\u00e1ndokolunk el. Id\u0151pont: 2023. j\u00falius 23-a, vas\u00e1rnap. Program: 10:00 \u00f3rakor szentmise a St. Peter Ritterstiftskirche-ben 11:00 \u00f3rakor vezet\u00e9s a templomban \u00e9s a kolostorban 12:00 \u00f3r\u00e1t\u00f3l s\u00e9ta az \u00f3v\u00e1rosban \u00e9s eb\u00e9d, majd vissza\u00fat Amit \u00e9rdemes tudnunk zar\u00e1ndokhely\u00fcnkr\u0151l: Bad Wimpfen l\u00e9gvonalban 10 km t\u00e1vols\u00e1gra van Heilbronn-t\u00f3l Baden-W\u00fcrttemberg tartom\u00e1nyban. A Neckar partj\u00e1n fekv\u0151 v\u00e1rost el\u0151sz\u00f6r kelt\u00e1k lakt\u00e1k, majd 98 k\u00f6r\u00fcl Domitianus cs\u00e1sz\u00e1r elfoglalta a ter\u00fcletet. I. Ott\u00f3 n\u00e9met-r\u00f3mai cs\u00e1sz\u00e1r (936 &#8211; 962) \u00e9p\u00edtette ki a v\u00e1ros piacter\u00e9t. Barbarossa Frigyes (1147 1152) \u00e9p\u00edtette a cs\u00e1sz\u00e1ri palot\u00e1t (Staufer Platz Wimpfen), ami a legnagyobb cs\u00e1sz\u00e1ri palota az Alpokt\u00f3l \u00e9szakra. Az 58 m magas k\u00e9k torony a v\u00e1ros jelk\u00e9pe. A kereszt\u00e9ny vall\u00e1s Kr. u. 500-ban \u00e9rte el a Neckar v\u00f6lgy\u00e9t. A St. Peter ap\u00e1ts\u00e1gi templom a 600-as \u00e9vekben lett fel\u00e9p\u00edtve, majd XIII. sz\u00e1zadban Richard Deidesheim vezet\u00e9se \u00e1ltal helyre\u00e1ll\u00edtott\u00e1k az ap\u00e1ts\u00e1gi templomot, az akkori g\u00f3tikus st\u00edlusban. Ezzel egy id\u0151ben domonkos kolostort is alap\u00edtottak a v\u00e1rosban. Az ap\u00e1ts\u00e1gi templom a templom\u00e9p\u00edt\u00e9szet egyik mesterm\u0171ve. V\u00e1rjuk azok jelentkez\u00e9s\u00e9t irod\u00e1nkon , akik szeretn\u00e9nek r\u00e9szt venni e zar\u00e1ndoklaton. Erre az\u00e9rt van sz\u00fcks\u00e9g\u00fcnk, hogy tudjuk, h\u00e1nyan vesz\u00fcnk r\u00e9szt. Ezt k\u00f6vet\u0151en pedig igyeksz\u00fcnk megszervezni az utaz\u00e1st. Lehet\u0151s\u00e9gek: vonattal, szem\u00e9lyg\u00e9pkocsikkal, illetve kisbuszokkal a helyi k\u00f6z\u00f6ss\u00e9gek szervez\u00e9s\u00e9ben. C\u00edm: 74206 Bad Wimpfen, Lindenplatz 8 St. Peter Ritterstiftskirche A vas\u00fat\u00e1llom\u00e1son van parkol\u00e1si lehet\u0151s\u00e9g szem\u00e9lyg\u00e9pkocsiknak (Parkplatz Bahnhof, Parkplatz, Carl-Ulrich-Stra\u00dfe 1, 74206 Bad Wimpfen). Innen gyalog lehet megtenni a mintegy 1 km-es t\u00e1vols\u00e1got. Parkplatz Bahhnhof B\u00edzom kedves H\u00edveim \u00e9s Bar\u00e1taim lelem\u00e9nyess\u00e9g\u00e9ben, amely lehet\u0151s\u00e9get k\u00edn\u00e1l abban, hogy helyi szinten megsz\u00f3l\u00edtsuk egym\u00e1st \u00e9s eljussunk a zar\u00e1ndokhelyre. Mindez csak rajtunk m\u00falik! Bar\u00e1ts\u00e1ggal, Merl\u00e1s Tibor, pl\u00e9b\u00e1nos \u00e9s\u00a0D\u00e1vid Melinda, titk\u00e1rn\u0151 (K\u00e9p forr\u00e1sa: Wikip\u00e9dia)\" \/>\n<meta property=\"og:url\" content=\"https:\/\/stuttgarti-katolikusok.de\/index.php\/kis-zarandoklat-bad-wimpfen-be\/\" \/>\n<meta property=\"og:site_name\" content=\"Stuttgarti Katolikusok\" \/>\n<meta property=\"article:published_time\" content=\"2023-07-11T22:46:04+00:00\" \/>\n<meta property=\"article:modified_time\" content=\"2023-07-11T22:54:44+00:00\" \/>\n<meta property=\"og:image\" content=\"https:\/\/stuttgarti-katolikusok.de\/wp-content\/uploads\/2023\/07\/bad-wimpfen-st-peter.jpg\" \/>\n\t<meta property=\"og:image:width\" content=\"1000\" \/>\n\t<meta property=\"og:image:height\" content=\"741\" \/>\n\t<meta property=\"og:image:type\" content=\"image\/jpeg\" \/>\n<meta name=\"author\" content=\"Tibor atya\" \/>\n<meta name=\"twitter:card\" content=\"summary_large_image\" \/>\n<meta name=\"twitter:label1\" content=\"Szerz\u0151:\" \/>\n\t<meta name=\"twitter:data1\" content=\"Tibor atya\" \/>\n\t<meta name=\"twitter:label2\" content=\"Becs\u00fclt olvas\u00e1si id\u0151\" \/>\n\t<meta name=\"twitter:data2\" content=\"2 perc\" \/>\n<script type=\"application\/ld+json\" class=\"yoast-schema-graph\">{\"@context\":\"https:\\\/\\\/schema.org\",\"@graph\":[{\"@type\":\"Article\",\"@id\":\"https:\\\/\\\/stuttgarti-katolikusok.de\\\/index.php\\\/kis-zarandoklat-bad-wimpfen-be\\\/#article\",\"isPartOf\":{\"@id\":\"https:\\\/\\\/stuttgarti-katolikusok.de\\\/index.php\\\/kis-zarandoklat-bad-wimpfen-be\\\/\"},\"author\":{\"name\":\"Tibor atya\",\"@id\":\"https:\\\/\\\/stuttgarti-katolikusok.de\\\/#\\\/schema\\\/person\\\/75908d6f8fdc03a57889d27209df7795\"},\"headline\":\"Kis-zar\u00e1ndoklat Bad Wimpfenbe\",\"datePublished\":\"2023-07-11T22:46:04+00:00\",\"dateModified\":\"2023-07-11T22:54:44+00:00\",\"mainEntityOfPage\":{\"@id\":\"https:\\\/\\\/stuttgarti-katolikusok.de\\\/index.php\\\/kis-zarandoklat-bad-wimpfen-be\\\/\"},\"wordCount\":417,\"image\":{\"@id\":\"https:\\\/\\\/stuttgarti-katolikusok.de\\\/index.php\\\/kis-zarandoklat-bad-wimpfen-be\\\/#primaryimage\"},\"thumbnailUrl\":\"https:\\\/\\\/stuttgarti-katolikusok.de\\\/wp-content\\\/uploads\\\/2023\\\/07\\\/bad-wimpfen-st-peter.jpg\",\"articleSection\":[\"Zar\u00e1ndoklat\"],\"inLanguage\":\"hu\"},{\"@type\":\"WebPage\",\"@id\":\"https:\\\/\\\/stuttgarti-katolikusok.de\\\/index.php\\\/kis-zarandoklat-bad-wimpfen-be\\\/\",\"url\":\"https:\\\/\\\/stuttgarti-katolikusok.de\\\/index.php\\\/kis-zarandoklat-bad-wimpfen-be\\\/\",\"name\":\"Kis-zar\u00e1ndoklat Bad Wimpfenbe - Stuttgarti Katolikusok\",\"isPartOf\":{\"@id\":\"https:\\\/\\\/stuttgarti-katolikusok.de\\\/#website\"},\"primaryImageOfPage\":{\"@id\":\"https:\\\/\\\/stuttgarti-katolikusok.de\\\/index.php\\\/kis-zarandoklat-bad-wimpfen-be\\\/#primaryimage\"},\"image\":{\"@id\":\"https:\\\/\\\/stuttgarti-katolikusok.de\\\/index.php\\\/kis-zarandoklat-bad-wimpfen-be\\\/#primaryimage\"},\"thumbnailUrl\":\"https:\\\/\\\/stuttgarti-katolikusok.de\\\/wp-content\\\/uploads\\\/2023\\\/07\\\/bad-wimpfen-st-peter.jpg\",\"datePublished\":\"2023-07-11T22:46:04+00:00\",\"dateModified\":\"2023-07-11T22:54:44+00:00\",\"author\":{\"@id\":\"https:\\\/\\\/stuttgarti-katolikusok.de\\\/#\\\/schema\\\/person\\\/75908d6f8fdc03a57889d27209df7795\"},\"breadcrumb\":{\"@id\":\"https:\\\/\\\/stuttgarti-katolikusok.de\\\/index.php\\\/kis-zarandoklat-bad-wimpfen-be\\\/#breadcrumb\"},\"inLanguage\":\"hu\",\"potentialAction\":[{\"@type\":\"ReadAction\",\"target\":[\"https:\\\/\\\/stuttgarti-katolikusok.de\\\/index.php\\\/kis-zarandoklat-bad-wimpfen-be\\\/\"]}]},{\"@type\":\"ImageObject\",\"inLanguage\":\"hu\",\"@id\":\"https:\\\/\\\/stuttgarti-katolikusok.de\\\/index.php\\\/kis-zarandoklat-bad-wimpfen-be\\\/#primaryimage\",\"url\":\"https:\\\/\\\/stuttgarti-katolikusok.de\\\/wp-content\\\/uploads\\\/2023\\\/07\\\/bad-wimpfen-st-peter.jpg\",\"contentUrl\":\"https:\\\/\\\/stuttgarti-katolikusok.de\\\/wp-content\\\/uploads\\\/2023\\\/07\\\/bad-wimpfen-st-peter.jpg\",\"width\":1000,\"height\":741},{\"@type\":\"BreadcrumbList\",\"@id\":\"https:\\\/\\\/stuttgarti-katolikusok.de\\\/index.php\\\/kis-zarandoklat-bad-wimpfen-be\\\/#breadcrumb\",\"itemListElement\":[{\"@type\":\"ListItem\",\"position\":1,\"name\":\"Kezd\u0151lap\",\"item\":\"https:\\\/\\\/stuttgarti-katolikusok.de\\\/\"},{\"@type\":\"ListItem\",\"position\":2,\"name\":\"Kis-zar\u00e1ndoklat Bad Wimpfenbe\"}]},{\"@type\":\"WebSite\",\"@id\":\"https:\\\/\\\/stuttgarti-katolikusok.de\\\/#website\",\"url\":\"https:\\\/\\\/stuttgarti-katolikusok.de\\\/\",\"name\":\"Stuttgarti Katolikusok\",\"description\":\"\",\"potentialAction\":[{\"@type\":\"SearchAction\",\"target\":{\"@type\":\"EntryPoint\",\"urlTemplate\":\"https:\\\/\\\/stuttgarti-katolikusok.de\\\/?s={search_term_string}\"},\"query-input\":{\"@type\":\"PropertyValueSpecification\",\"valueRequired\":true,\"valueName\":\"search_term_string\"}}],\"inLanguage\":\"hu\"},{\"@type\":\"Person\",\"@id\":\"https:\\\/\\\/stuttgarti-katolikusok.de\\\/#\\\/schema\\\/person\\\/75908d6f8fdc03a57889d27209df7795\",\"name\":\"Tibor atya\",\"image\":{\"@type\":\"ImageObject\",\"inLanguage\":\"hu\",\"@id\":\"https:\\\/\\\/secure.gravatar.com\\\/avatar\\\/61d268e57d1f4525b111222e29d2d5a7f8c420fdbf231ba5566a8ceac74fa960?s=96&d=mm&r=g\",\"url\":\"https:\\\/\\\/secure.gravatar.com\\\/avatar\\\/61d268e57d1f4525b111222e29d2d5a7f8c420fdbf231ba5566a8ceac74fa960?s=96&d=mm&r=g\",\"contentUrl\":\"https:\\\/\\\/secure.gravatar.com\\\/avatar\\\/61d268e57d1f4525b111222e29d2d5a7f8c420fdbf231ba5566a8ceac74fa960?s=96&d=mm&r=g\",\"caption\":\"Tibor atya\"},\"url\":\"https:\\\/\\\/stuttgarti-katolikusok.de\\\/index.php\\\/author\\\/tibor-atya\\\/\"}]}<\/script>\n<!-- \/ Yoast SEO plugin. -->","yoast_head_json":{"title":"Kis-zar\u00e1ndoklat Bad Wimpfenbe - Stuttgarti Katolikusok","robots":{"index":"index","follow":"follow","max-snippet":"max-snippet:-1","max-image-preview":"max-image-preview:large","max-video-preview":"max-video-preview:-1"},"canonical":"https:\/\/stuttgarti-katolikusok.de\/index.php\/kis-zarandoklat-bad-wimpfen-be\/","og_locale":"hu_HU","og_type":"article","og_title":"Kis-zar\u00e1ndoklat Bad Wimpfenbe - Stuttgarti Katolikusok","og_description":"Kedves H\u00edveink \u00e9s Bar\u00e1taink! Egyh\u00e1zk\u00f6zs\u00e9g\u00fcnk hagyom\u00e1nyos m\u00f3don minden \u00e9veben, j\u00faliusban, kis-zar\u00e1ndoklatot szervez Baden-W\u00fcrttemberg egyik nevezetes zar\u00e1ndokhely\u00e9re. Ez alkalommal Bad Wimpfen-be zar\u00e1ndokolunk el. Id\u0151pont: 2023. j\u00falius 23-a, vas\u00e1rnap. Program: 10:00 \u00f3rakor szentmise a St. Peter Ritterstiftskirche-ben 11:00 \u00f3rakor vezet\u00e9s a templomban \u00e9s a kolostorban 12:00 \u00f3r\u00e1t\u00f3l s\u00e9ta az \u00f3v\u00e1rosban \u00e9s eb\u00e9d, majd vissza\u00fat Amit \u00e9rdemes tudnunk zar\u00e1ndokhely\u00fcnkr\u0151l: Bad Wimpfen l\u00e9gvonalban 10 km t\u00e1vols\u00e1gra van Heilbronn-t\u00f3l Baden-W\u00fcrttemberg tartom\u00e1nyban. A Neckar partj\u00e1n fekv\u0151 v\u00e1rost el\u0151sz\u00f6r kelt\u00e1k lakt\u00e1k, majd 98 k\u00f6r\u00fcl Domitianus cs\u00e1sz\u00e1r elfoglalta a ter\u00fcletet. I. Ott\u00f3 n\u00e9met-r\u00f3mai cs\u00e1sz\u00e1r (936 &#8211; 962) \u00e9p\u00edtette ki a v\u00e1ros piacter\u00e9t. Barbarossa Frigyes (1147 1152) \u00e9p\u00edtette a cs\u00e1sz\u00e1ri palot\u00e1t (Staufer Platz Wimpfen), ami a legnagyobb cs\u00e1sz\u00e1ri palota az Alpokt\u00f3l \u00e9szakra. Az 58 m magas k\u00e9k torony a v\u00e1ros jelk\u00e9pe. A kereszt\u00e9ny vall\u00e1s Kr. u. 500-ban \u00e9rte el a Neckar v\u00f6lgy\u00e9t. A St. Peter ap\u00e1ts\u00e1gi templom a 600-as \u00e9vekben lett fel\u00e9p\u00edtve, majd XIII. sz\u00e1zadban Richard Deidesheim vezet\u00e9se \u00e1ltal helyre\u00e1ll\u00edtott\u00e1k az ap\u00e1ts\u00e1gi templomot, az akkori g\u00f3tikus st\u00edlusban. Ezzel egy id\u0151ben domonkos kolostort is alap\u00edtottak a v\u00e1rosban. Az ap\u00e1ts\u00e1gi templom a templom\u00e9p\u00edt\u00e9szet egyik mesterm\u0171ve. V\u00e1rjuk azok jelentkez\u00e9s\u00e9t irod\u00e1nkon , akik szeretn\u00e9nek r\u00e9szt venni e zar\u00e1ndoklaton. Erre az\u00e9rt van sz\u00fcks\u00e9g\u00fcnk, hogy tudjuk, h\u00e1nyan vesz\u00fcnk r\u00e9szt. Ezt k\u00f6vet\u0151en pedig igyeksz\u00fcnk megszervezni az utaz\u00e1st. Lehet\u0151s\u00e9gek: vonattal, szem\u00e9lyg\u00e9pkocsikkal, illetve kisbuszokkal a helyi k\u00f6z\u00f6ss\u00e9gek szervez\u00e9s\u00e9ben. C\u00edm: 74206 Bad Wimpfen, Lindenplatz 8 St. Peter Ritterstiftskirche A vas\u00fat\u00e1llom\u00e1son van parkol\u00e1si lehet\u0151s\u00e9g szem\u00e9lyg\u00e9pkocsiknak (Parkplatz Bahnhof, Parkplatz, Carl-Ulrich-Stra\u00dfe 1, 74206 Bad Wimpfen). Innen gyalog lehet megtenni a mintegy 1 km-es t\u00e1vols\u00e1got. Parkplatz Bahhnhof B\u00edzom kedves H\u00edveim \u00e9s Bar\u00e1taim lelem\u00e9nyess\u00e9g\u00e9ben, amely lehet\u0151s\u00e9get k\u00edn\u00e1l abban, hogy helyi szinten megsz\u00f3l\u00edtsuk egym\u00e1st \u00e9s eljussunk a zar\u00e1ndokhelyre. Mindez csak rajtunk m\u00falik! Bar\u00e1ts\u00e1ggal, Merl\u00e1s Tibor, pl\u00e9b\u00e1nos \u00e9s\u00a0D\u00e1vid Melinda, titk\u00e1rn\u0151 (K\u00e9p forr\u00e1sa: Wikip\u00e9dia)","og_url":"https:\/\/stuttgarti-katolikusok.de\/index.php\/kis-zarandoklat-bad-wimpfen-be\/","og_site_name":"Stuttgarti Katolikusok","article_published_time":"2023-07-11T22:46:04+00:00","article_modified_time":"2023-07-11T22:54:44+00:00","og_image":[{"width":1000,"height":741,"url":"https:\/\/stuttgarti-katolikusok.de\/wp-content\/uploads\/2023\/07\/bad-wimpfen-st-peter.jpg","type":"image\/jpeg"}],"author":"Tibor atya","twitter_card":"summary_large_image","twitter_misc":{"Szerz\u0151:":"Tibor atya","Becs\u00fclt olvas\u00e1si id\u0151":"2 perc"},"schema":{"@context":"https:\/\/schema.org","@graph":[{"@type":"Article","@id":"https:\/\/stuttgarti-katolikusok.de\/index.php\/kis-zarandoklat-bad-wimpfen-be\/#article","isPartOf":{"@id":"https:\/\/stuttgarti-katolikusok.de\/index.php\/kis-zarandoklat-bad-wimpfen-be\/"},"author":{"name":"Tibor atya","@id":"https:\/\/stuttgarti-katolikusok.de\/#\/schema\/person\/75908d6f8fdc03a57889d27209df7795"},"headline":"Kis-zar\u00e1ndoklat Bad Wimpfenbe","datePublished":"2023-07-11T22:46:04+00:00","dateModified":"2023-07-11T22:54:44+00:00","mainEntityOfPage":{"@id":"https:\/\/stuttgarti-katolikusok.de\/index.php\/kis-zarandoklat-bad-wimpfen-be\/"},"wordCount":417,"image":{"@id":"https:\/\/stuttgarti-katolikusok.de\/index.php\/kis-zarandoklat-bad-wimpfen-be\/#primaryimage"},"thumbnailUrl":"https:\/\/stuttgarti-katolikusok.de\/wp-content\/uploads\/2023\/07\/bad-wimpfen-st-peter.jpg","articleSection":["Zar\u00e1ndoklat"],"inLanguage":"hu"},{"@type":"WebPage","@id":"https:\/\/stuttgarti-katolikusok.de\/index.php\/kis-zarandoklat-bad-wimpfen-be\/","url":"https:\/\/stuttgarti-katolikusok.de\/index.php\/kis-zarandoklat-bad-wimpfen-be\/","name":"Kis-zar\u00e1ndoklat Bad Wimpfenbe - Stuttgarti Katolikusok","isPartOf":{"@id":"https:\/\/stuttgarti-katolikusok.de\/#website"},"primaryImageOfPage":{"@id":"https:\/\/stuttgarti-katolikusok.de\/index.php\/kis-zarandoklat-bad-wimpfen-be\/#primaryimage"},"image":{"@id":"https:\/\/stuttgarti-katolikusok.de\/index.php\/kis-zarandoklat-bad-wimpfen-be\/#primaryimage"},"thumbnailUrl":"https:\/\/stuttgarti-katolikusok.de\/wp-content\/uploads\/2023\/07\/bad-wimpfen-st-peter.jpg","datePublished":"2023-07-11T22:46:04+00:00","dateModified":"2023-07-11T22:54:44+00:00","author":{"@id":"https:\/\/stuttgarti-katolikusok.de\/#\/schema\/person\/75908d6f8fdc03a57889d27209df7795"},"breadcrumb":{"@id":"https:\/\/stuttgarti-katolikusok.de\/index.php\/kis-zarandoklat-bad-wimpfen-be\/#breadcrumb"},"inLanguage":"hu","potentialAction":[{"@type":"ReadAction","target":["https:\/\/stuttgarti-katolikusok.de\/index.php\/kis-zarandoklat-bad-wimpfen-be\/"]}]},{"@type":"ImageObject","inLanguage":"hu","@id":"https:\/\/stuttgarti-katolikusok.de\/index.php\/kis-zarandoklat-bad-wimpfen-be\/#primaryimage","url":"https:\/\/stuttgarti-katolikusok.de\/wp-content\/uploads\/2023\/07\/bad-wimpfen-st-peter.jpg","contentUrl":"https:\/\/stuttgarti-katolikusok.de\/wp-content\/uploads\/2023\/07\/bad-wimpfen-st-peter.jpg","width":1000,"height":741},{"@type":"BreadcrumbList","@id":"https:\/\/stuttgarti-katolikusok.de\/index.php\/kis-zarandoklat-bad-wimpfen-be\/#breadcrumb","itemListElement":[{"@type":"ListItem","position":1,"name":"Kezd\u0151lap","item":"https:\/\/stuttgarti-katolikusok.de\/"},{"@type":"ListItem","position":2,"name":"Kis-zar\u00e1ndoklat Bad Wimpfenbe"}]},{"@type":"WebSite","@id":"https:\/\/stuttgarti-katolikusok.de\/#website","url":"https:\/\/stuttgarti-katolikusok.de\/","name":"Stuttgarti Katolikusok","description":"","potentialAction":[{"@type":"SearchAction","target":{"@type":"EntryPoint","urlTemplate":"https:\/\/stuttgarti-katolikusok.de\/?s={search_term_string}"},"query-input":{"@type":"PropertyValueSpecification","valueRequired":true,"valueName":"search_term_string"}}],"inLanguage":"hu"},{"@type":"Person","@id":"https:\/\/stuttgarti-katolikusok.de\/#\/schema\/person\/75908d6f8fdc03a57889d27209df7795","name":"Tibor atya","image":{"@type":"ImageObject","inLanguage":"hu","@id":"https:\/\/secure.gravatar.com\/avatar\/61d268e57d1f4525b111222e29d2d5a7f8c420fdbf231ba5566a8ceac74fa960?s=96&d=mm&r=g","url":"https:\/\/secure.gravatar.com\/avatar\/61d268e57d1f4525b111222e29d2d5a7f8c420fdbf231ba5566a8ceac74fa960?s=96&d=mm&r=g","contentUrl":"https:\/\/secure.gravatar.com\/avatar\/61d268e57d1f4525b111222e29d2d5a7f8c420fdbf231ba5566a8ceac74fa960?s=96&d=mm&r=g","caption":"Tibor atya"},"url":"https:\/\/stuttgarti-katolikusok.de\/index.php\/author\/tibor-atya\/"}]}},"_links":{"self":[{"href":"https:\/\/stuttgarti-katolikusok.de\/index.php\/wp-json\/wp\/v2\/posts\/27067","targetHints":{"allow":["GET"]}}],"collection":[{"href":"https:\/\/stuttgarti-katolikusok.de\/index.php\/wp-json\/wp\/v2\/posts"}],"about":[{"href":"https:\/\/stuttgarti-katolikusok.de\/index.php\/wp-json\/wp\/v2\/types\/post"}],"author":[{"embeddable":true,"href":"https:\/\/stuttgarti-katolikusok.de\/index.php\/wp-json\/wp\/v2\/users\/3"}],"replies":[{"embeddable":true,"href":"https:\/\/stuttgarti-katolikusok.de\/index.php\/wp-json\/wp\/v2\/comments?post=27067"}],"version-history":[{"count":12,"href":"https:\/\/stuttgarti-katolikusok.de\/index.php\/wp-json\/wp\/v2\/posts\/27067\/revisions"}],"predecessor-version":[{"id":27080,"href":"https:\/\/stuttgarti-katolikusok.de\/index.php\/wp-json\/wp\/v2\/posts\/27067\/revisions\/27080"}],"wp:featuredmedia":[{"embeddable":true,"href":"https:\/\/stuttgarti-katolikusok.de\/index.php\/wp-json\/wp\/v2\/media\/27068"}],"wp:attachment":[{"href":"https:\/\/stuttgarti-katolikusok.de\/index.php\/wp-json\/wp\/v2\/media?parent=27067"}],"wp:term":[{"taxonomy":"category","embeddable":true,"href":"https:\/\/stuttgarti-katolikusok.de\/index.php\/wp-json\/wp\/v2\/categories?post=27067"},{"taxonomy":"post_tag","embeddable":true,"href":"https:\/\/stuttgarti-katolikusok.de\/index.php\/wp-json\/wp\/v2\/tags?post=27067"}],"curies":[{"name":"wp","href":"https:\/\/api.w.org\/{rel}","templated":true}]}}